{"id":356819,"date":"2023-10-14T05:33:17","date_gmt":"2023-10-14T03:33:17","guid":{"rendered":"https:\/\/www.radiopiu.net\/wordpress\/?p=356819"},"modified":"2023-10-14T05:33:17","modified_gmt":"2023-10-14T03:33:17","slug":"gsp-ad-agordo-16-giorni-con-lacqua-inquinata-i-supermercati-ringraziano","status":"publish","type":"post","link":"https:\/\/www.radiopiu.net\/wordpress\/gsp-ad-agordo-16-giorni-con-lacqua-inquinata-i-supermercati-ringraziano\/","title":{"rendered":"GSP AD AGORDO: 16 GIORNI CON L&#8217;ACQUA INQUINATA, I SUPERMERCATI RINGRAZIANO"},"content":{"rendered":"<blockquote><p><em><strong><img loading=\"lazy\" decoding=\"async\" class=\"alignleft\" src=\"https:\/\/www.radiopiu.net\/wordpress\/wp-content\/uploads\/2021\/06\/th-12.jpg\" width=\"174\" height=\"116\" \/>\u00a0DOPO 16 GIORNI ACQUA DI NUOVO POTABILE IN ALCUNE FRAZIONI DI AGORDO, MA IN QUELLE ALTE L&#8217;INQUINAMENTO PERSISTE. I SUPERMERCATI AGORDINI RINGRAZIANO, MAI VENDUTA TANTA ACQUA COME DA QUANDO C&#8217;E&#8217; GSP. LA PAURA DEI &#8220;COLIBATTERI&#8221; SPINGE A RIEMPIRE IL CARELLO DI LITRI E LITRI DI ACQUA, NATURALE O FRIZZANTE.<\/strong> \u00a0<\/em><strong>I &#8220;sudditi&#8221; chiedono cortesemente alla grande e nota azienda bellunese se sono previsti i rimborsi per quel mezzo mese trascorso senza poter usufruire dell&#8217;acqua se non previa bollitura segnalando che anche il gas per scaldare l&#8217;acqua ha un costo. I &#8220;sudditi&#8221; sanno per\u00f2 che non otterranno risposta alcuna anche perch\u00e9 pare che le associazioni dei consumatori si siano prese un periodo &#8220;sabbatico&#8221;. Chi le ha pi\u00f9 sentite, come per la DolomItibus, tutto nella norma in attesa della Olimpiadi del 2026\u00a0<\/strong><\/p><\/blockquote>\n<p><img loading=\"lazy\" decoding=\"async\" class=\"alignleft\" src=\"https:\/\/www.radiopiu.net\/wordpress\/wp-content\/uploads\/2022\/05\/download-2.jpg\" width=\"74\" height=\"74\" \/>Gestione Servizi Pubblici informa che ad <strong>AGORDO<\/strong> nelle localit\u00e0 <span style=\"color: #000000;\">PIASENT, COLVIGNAS, CAMPON, LE FOCHE <\/span>l&#8217;acqua erogata dall&#8217;acquedotto non \u00e8 potabile e pu\u00f2 essere usata per scopi alimentari SOLO PREVIA bollitura.<\/p>\n<p>Ad AGORDO nelle localit\u00e0 VERAN, CROSTOLIN, PRA GRANDE, COL DI FOGLIA, CASE NAGOL, POLANE E VIA FAION e a FALCADE nelle localit\u00e0 FALCADE ALTO, VILLOTTA, LA FOCA E VIA MAS DE LE MOLE l&#8217;acqua erogata dall&#8217;acquedotto \u00e8 di nuovo potabile e pu\u00f2 essere usata, quindi, per scopi alimentari.<\/p>\n<p>Per lavori alla rete idrica comunale, mercoled\u00ec dalle 8:00 a FINE LAVORI, verr\u00e0 sospesa l\u2019erogazione dell\u2019acqua a SELVA DI CADORE nelle LOCALITA&#8217; PESCUL e S.FOSCA. Il personale addetto operer\u00e0 per limitare il pi\u00f9 possibile i disagi alla popolazione.<\/p>\n<p>&nbsp;<\/p>\n<p>&nbsp;<\/p>\n<hr \/>\n<p>&nbsp;<\/p>\n","protected":false},"excerpt":{"rendered":"<p>\u00a0DOPO 16 GIORNI ACQUA DI NUOVO POTABILE IN ALCUNE FRAZIONI DI AGORDO, MA IN QUELLE ALTE L&#8217;INQUINAMENTO PERSISTE. I SUPERMERCATI AGORDINI RINGRAZIANO, MAI VENDUTA TANTA ACQUA COME DA QUANDO C&#8217;E&#8217; GSP. LA PAURA DEI &#8220;COLIBATTERI&#8221; SPINGE A RIEMPIRE IL CARELLO DI LITRI E LITRI DI ACQUA, NATURALE O FRIZZANTE. \u00a0I &#8220;sudditi&#8221; chiedono cortesemente alla grande&hellip;<\/p>\n","protected":false},"author":4,"featured_media":216172,"comment_status":"closed","ping_status":"closed","sticky":false,"template":"","format":"standard","meta":{"_monsterinsights_skip_tracking":false,"_monsterinsights_sitenote_active":false,"_monsterinsights_sitenote_note":"","_monsterinsights_sitenote_category":0,"footnotes":""},"categories":[51,49],"tags":[],"class_list":["post-356819","post","type-post","status-publish","format-standard","has-post-thumbnail","hentry","category-evidenza-top","category-news-18","category-51","category-49","description-off"],"img_url":"https:\/\/www.radiopiu.net\/wordpress\/wp-content\/uploads\/2021\/06\/th-12.jpg","_links":{"self":[{"href":"https:\/\/www.radiopiu.net\/wordpress\/wp-json\/wp\/v2\/posts\/356819","targetHints":{"allow":["GET"]}}],"collection":[{"href":"https:\/\/www.radiopiu.net\/wordpress\/wp-json\/wp\/v2\/posts"}],"about":[{"href":"https:\/\/www.radiopiu.net\/wordpress\/wp-json\/wp\/v2\/types\/post"}],"author":[{"embeddable":true,"href":"https:\/\/www.radiopiu.net\/wordpress\/wp-json\/wp\/v2\/users\/4"}],"replies":[{"embeddable":true,"href":"https:\/\/www.radiopiu.net\/wordpress\/wp-json\/wp\/v2\/comments?post=356819"}],"version-history":[{"count":0,"href":"https:\/\/www.radiopiu.net\/wordpress\/wp-json\/wp\/v2\/posts\/356819\/revisions"}],"wp:featuredmedia":[{"embeddable":true,"href":"https:\/\/www.radiopiu.net\/wordpress\/wp-json\/wp\/v2\/media\/216172"}],"wp:attachment":[{"href":"https:\/\/www.radiopiu.net\/wordpress\/wp-json\/wp\/v2\/media?parent=356819"}],"wp:term":[{"taxonomy":"category","embeddable":true,"href":"https:\/\/www.radiopiu.net\/wordpress\/wp-json\/wp\/v2\/categories?post=356819"},{"taxonomy":"post_tag","embeddable":true,"href":"https:\/\/www.radiopiu.net\/wordpress\/wp-json\/wp\/v2\/tags?post=356819"}],"curies":[{"name":"wp","href":"https:\/\/api.w.org\/{rel}","templated":true}]}}