{"id":356831,"date":"2023-10-14T07:55:40","date_gmt":"2023-10-14T05:55:40","guid":{"rendered":"https:\/\/www.radiopiu.net\/wordpress\/?p=356831"},"modified":"2023-10-14T07:56:18","modified_gmt":"2023-10-14T05:56:18","slug":"loriginale-dal-1983-la-rassegna-della-stampa-locale-e-ogni-giorno-alle-sette-del-mattino-le-anticipazioni-per-noi-che-andiamo-di-fretta","status":"publish","type":"post","link":"https:\/\/www.radiopiu.net\/wordpress\/loriginale-dal-1983-la-rassegna-della-stampa-locale-e-ogni-giorno-alle-sette-del-mattino-le-anticipazioni-per-noi-che-andiamo-di-fretta\/","title":{"rendered":"L&#8217;ORIGINALE DAL 1983. LA RASSEGNA DELLA STAMPA LOCALE E OGNI GIORNO ALLE SETTE DEL MATTINO LE ANTICIPAZIONI PER NOI CHE ANDIAMO DI FRETTA"},"content":{"rendered":"<p>&nbsp;<\/p>\n<p><iframe loading=\"lazy\" title=\"RASSEGNA STAMPA LOCALE\" width=\"1200\" height=\"675\" src=\"https:\/\/www.youtube.com\/embed\/Vt0sobDjqGA?feature=oembed\" frameborder=\"0\" allow=\"accelerometer; autoplay; clipboard-write; encrypted-media; gyroscope; picture-in-picture; web-share\" allowfullscreen><\/iframe><\/p>\n<p>&nbsp;<\/p>\n<p>CORTINA Il sindaco Gianluca Lorenzi difende a spada tratta la pista da Bob da ormai oltre 140milioni di euro. Il primo cittadino insiste<em> &#8220;Non pu\u00f2 sorgere che a Cortina&#8221;.<\/em> Dichiarazione importante e di responsabilit\u00e0, un domani se finisse come Cesana a Torino gli ampezzani, i bellunesi, i veneti sapranno a chi chiedere conto.<br \/>\nDOLOMITIBUS Anche oggi sessanta&#8230;sei, non all&#8217;ora, ma corse tagliate tra il silenzio, ormai tutto questo \u00e8 nella norma, speriamo in un miglioramento prima del 2026 altrimenti la figuraccia non sar\u00e0 pi\u00f9 contenuta nei confini provinciali (pare che per la Provincia e la Regione sia tutto normale) ma sar\u00e0 una figuraccia mondiale.<br \/>\nGSP Dopo 16 giorni acqua di nuovo potabile ad Agordo, ma non nelle frazioni alte. A Quando i rimborsi? I supermercati ringraziano Gsp, in questi giorni si fanno affari nel reparto acqua NON inquinata.<\/p>\n<p>ROCCA PIETORE Dal 16 al 27 ottobre interdizione totale alla circolazione stradale, in entrambi i sensi di marcia per lavori di rifacimento del tombotto in localit\u00e0 Palue (sp 641 di Passo Fedaia) con deviazioni sulla viabilit\u00e0 comunale dalle 5.30 alle 23 per i mezzi fino a 3,5 tonnellate. Dalle 23 alle 5.30 garantito il passaggio di mezzi di soccorso o adibiti a particolari urgenze o criticit\u00e0.<br \/>\nIERI CON IL SOCCORSO ALPINO: SOCCORSA UNA RAGAZZA SUL NEVEGAL, RECUPERATI DUE ESCURSIONISTI<br \/>\nDIGA DEL VANOI SI PREANNUNCIANO GIORNI DI PROTESTA<br \/>\nOCCUPAZIONE. SALDO NEGATIVO A SETTEMBRE IN VENETO.<br \/>\nSCUOLA: FUSIONE TRA CALVI E DOLOMIEU, ACCORPAMENTI SCOLASTICI? LA CGIL NON VUOLE NEMMENO SENTIRNE PARLARE<br \/>\nVERTENZA SAFILO-THELIOS-INNOVATEK, LA CGIL NON FIRMA<br \/>\nGIRO D&#8217;ITALIA Tappe decisive come sempre nel Nord Est. Dall&#8217;Alpago la partenza dell&#8217;ultima tappa per Bassano scalando il Grappa.<br \/>\nBELLUNO Un anno di impegno e crescita per SiAmo Belluno: dall\u2019attualit\u00e0 a progetti futuri come il trasporto a chiamata per fare fronte ai disservizi giornalieri della grande azienda del trasporto pubblico bellunese.<\/p>\n<p>agordo INCONTRO MEDICO-FARMACISTICO CON IL PROF. STEFANO PRETOLANI PER APPROFONDIRE LE TEMATICHE GASTROENTEROLOGICHE PARTECIPAZIONE LIBERA, PRENOTAZIONE NON RICHIESTA.<br \/>\nOLTRE LE VETTE OGGI: ALLE 10.30 PALAZZO BEMBO \u201cLA SCRITTURA DELLE ROCCE\u201d, LA CRISI CLIMATICA CON IL GEOMORFOLOGO ALBERTO CANTON E I GEOLOGI PIERO GIANOLLA E FRANCO FIAMOI. 11.30 PIAZZA DEI MARTIRI \u201cUN\u2019ORA PER ACCLIMATARSI\u201d, Eredit\u00e0 del Vajont e nuovi invasi. 16.00 a Palazzo Bembo \u201cParole di carta e di montagna\u201d con la presentazione del libro \u201cEsplora la natura, 30 avventure per tutte le stagioni di Manuela Ruaben. Palazzo Bembo alle 18 presentazione del libro \u201cGli uccelli non muoiono mai\u201d di Riccardo Drigo. Alle 19 in piazza Martiri con Alto Rilievo e alle 21 al Teatro Comunale lo spettacolo di Paolo Cognetti. Domani la grande chiusura al parco di Mussoi e a Palazzo Bembo con tema lo sport.<br \/>\nFINE SETTIMANA DI GRANDI EVENTI NELLA CONCA AGORDINA, STAMANE LA FIERA DEL BESTIAM SUL BROI DI AGORDO, A RIVAMONTE E\u2019 IN CORSO RIVA-OKTOBERFEST CON LA PROLOCO. SEGUI GLI APPUNTAMENTI SU RADIO PIU\u2019\u2026 LA RADIO DEL TERRITORIO. ANCHE AL SABATO E ANCHE ALLA DOMENICA PERCHE\u2019 RADIO PIU\u2019 NON ABBANDONA MAI GLI ASCOLTATORI NEMMENO NEI GIORNI FESTIVI E PREFESTIVI. PER QUESTO RADIO PIU\u2019 HA SEMPRE QUALCHE COSA IN PIU\u2019 DELLE ALTRE . . .<br \/>\nC\u2019ERA UNA VOLTA IN ITALIA AL CENTRO PARROCCHIALE<br \/>\nAGORDO \u00abAvevamo una delle migliori sanit\u00e0 del mondo, ma con gli anni \u00e8 stata distrutta\u00bb. Cos\u00ec Federico Greco e Mirko Melchiorre hanno spiegato il titolo che hanno scelto (\u201cC\u2019era una volta in Italia\u201d) per il loro film-inchiesta sulla sanit\u00e0 italiana che verr\u00e0 proiettato anche al Centro parrocchiale di Agordo, oggi alle 20, per iniziativa del Comitato per la salvaguardia della salute Cadore-Agordino (ingresso libero e gratuito). Un film che mette in luce \u00able vere responsabilit\u00e0 locali e globali dell\u2019attacco alla salute Pubblica\u201d.<\/p>\n<p>GRANDI EVENTI LA 24 ORE DI SAN MARTINO CON MAURIZIO FONTANELLE DELLA PRO LOCO PIEVE CASTIONESE in podcast nel giornale radiopiu sul sito www.radiopiu.net<br \/>\nHOCKEY SU GHIACCIO AD ALLEGHE ARRIVANO GLI ICEBEARS DI DOBBIACO<br \/>\nCALCIO AGORDINA E PIAVE IN CAMPO PER LA TERZA CATEGORIA. GIOCANO ANCHE LE GIOVANILI DELL\u2019AGORDINA<br \/>\nATLETICA DA VIA\u2019 FA IL SUO ESORDIO IN AZZURRO<\/p>\n<p>&nbsp;<\/p>\n","protected":false},"excerpt":{"rendered":"<p>&nbsp; &nbsp; CORTINA Il sindaco Gianluca Lorenzi difende a spada tratta la pista da Bob da ormai oltre 140milioni di euro. Il primo cittadino insiste &#8220;Non pu\u00f2 sorgere che a Cortina&#8221;. Dichiarazione importante e di responsabilit\u00e0, un domani se finisse come Cesana a Torino gli ampezzani, i bellunesi, i veneti sapranno a chi chiedere conto.&hellip;<\/p>\n","protected":false},"author":4,"featured_media":356830,"comment_status":"closed","ping_status":"closed","sticky":false,"template":"","format":"standard","meta":{"_monsterinsights_skip_tracking":false,"_monsterinsights_sitenote_active":false,"_monsterinsights_sitenote_note":"","_monsterinsights_sitenote_category":0,"footnotes":""},"categories":[49],"tags":[],"class_list":["post-356831","post","type-post","status-publish","format-standard","has-post-thumbnail","hentry","category-news-18","category-49","description-off"],"img_url":"https:\/\/www.radiopiu.net\/wordpress\/wp-content\/uploads\/2023\/10\/Senza-nome-34.png","_links":{"self":[{"href":"https:\/\/www.radiopiu.net\/wordpress\/wp-json\/wp\/v2\/posts\/356831","targetHints":{"allow":["GET"]}}],"collection":[{"href":"https:\/\/www.radiopiu.net\/wordpress\/wp-json\/wp\/v2\/posts"}],"about":[{"href":"https:\/\/www.radiopiu.net\/wordpress\/wp-json\/wp\/v2\/types\/post"}],"author":[{"embeddable":true,"href":"https:\/\/www.radiopiu.net\/wordpress\/wp-json\/wp\/v2\/users\/4"}],"replies":[{"embeddable":true,"href":"https:\/\/www.radiopiu.net\/wordpress\/wp-json\/wp\/v2\/comments?post=356831"}],"version-history":[{"count":0,"href":"https:\/\/www.radiopiu.net\/wordpress\/wp-json\/wp\/v2\/posts\/356831\/revisions"}],"wp:featuredmedia":[{"embeddable":true,"href":"https:\/\/www.radiopiu.net\/wordpress\/wp-json\/wp\/v2\/media\/356830"}],"wp:attachment":[{"href":"https:\/\/www.radiopiu.net\/wordpress\/wp-json\/wp\/v2\/media?parent=356831"}],"wp:term":[{"taxonomy":"category","embeddable":true,"href":"https:\/\/www.radiopiu.net\/wordpress\/wp-json\/wp\/v2\/categories?post=356831"},{"taxonomy":"post_tag","embeddable":true,"href":"https:\/\/www.radiopiu.net\/wordpress\/wp-json\/wp\/v2\/tags?post=356831"}],"curies":[{"name":"wp","href":"https:\/\/api.w.org\/{rel}","templated":true}]}}