{"id":356842,"date":"2023-10-16T05:22:41","date_gmt":"2023-10-16T03:22:41","guid":{"rendered":"https:\/\/www.radiopiu.net\/wordpress\/?p=356842"},"modified":"2023-10-16T08:32:17","modified_gmt":"2023-10-16T06:32:17","slug":"giornale-radiopiu-16-ottobre-2023-direttore-mirko-mezzacasada-40-anni-25-giugno-1983-25-giugno-2023","status":"publish","type":"post","link":"https:\/\/www.radiopiu.net\/wordpress\/giornale-radiopiu-16-ottobre-2023-direttore-mirko-mezzacasada-40-anni-25-giugno-1983-25-giugno-2023\/","title":{"rendered":"GIORNALE RADIOPIU 16 OTTOBRE 2023 DIRETTORE MIRKO MEZZACASA\u2026DA 40 ANNI 25 GIUGNO 1983-25 GIUGNO 2023"},"content":{"rendered":"<h1 class=\"entry-title photoswipe-wrapper\">40esimo di RADIOPIU\u2026. LA VOCE DELL\u2019EMOZIONE<\/h1>\n<h2><span style=\"color: #ff0000;\">ISCRIVITI AL NOSTRO CANALE\u00a0\u00a0YOUTUBE PER SEGUIRE IN DIRETTA I PRINCIPALI PROGRAMMI DI RADIO PIU\u2019 E LE FUTURE DIRETTE IN ESTERNA. PER ISCRIVERTI\u00a0<a style=\"color: #ff0000;\" href=\"https:\/\/youtube.com\/@radiopiu1527\">CLICCA QUI\u00a0<\/a>E PREMI\u00a0 \u201cIscriviti\u201d\u00a0\u00a0<\/span><b>\u00a0<\/b><\/h2>\n<div class=\"x1e56ztr\" data-block=\"true\" data-editor=\"7ohrh\" data-offset-key=\"vvbf-0-0\">\n<div class=\"_1mf _1mj\" data-offset-key=\"vvbf-0-0\"><span data-offset-key=\"vvbf-0-0\"><a class=\"dt-pswp-item\" href=\"https:\/\/www.radiopiu.net\/wordpress\/wp-content\/uploads\/2023\/10\/97501991_4037516052955640_6275118498456797184_n.jpg\" data-dt-img-description=\"\" data-large_image_width=\"1382\" data-large_image_height=\"1388\"><img loading=\"lazy\" decoding=\"async\" class=\"wp-image-357043 alignleft\" src=\"https:\/\/www.radiopiu.net\/wordpress\/wp-content\/uploads\/2023\/10\/97501991_4037516052955640_6275118498456797184_n-300x300.jpg\" alt=\"\" width=\"157\" height=\"157\" srcset=\"https:\/\/www.radiopiu.net\/wordpress\/wp-content\/uploads\/2023\/10\/97501991_4037516052955640_6275118498456797184_n-300x300.jpg 300w, https:\/\/www.radiopiu.net\/wordpress\/wp-content\/uploads\/2023\/10\/97501991_4037516052955640_6275118498456797184_n-1020x1024.jpg 1020w, https:\/\/www.radiopiu.net\/wordpress\/wp-content\/uploads\/2023\/10\/97501991_4037516052955640_6275118498456797184_n-150x150.jpg 150w, https:\/\/www.radiopiu.net\/wordpress\/wp-content\/uploads\/2023\/10\/97501991_4037516052955640_6275118498456797184_n-768x771.jpg 768w, https:\/\/www.radiopiu.net\/wordpress\/wp-content\/uploads\/2023\/10\/97501991_4037516052955640_6275118498456797184_n.jpg 1382w\" sizes=\"auto, (max-width: 157px) 100vw, 157px\" \/><\/a>OGGI<\/span><span data-offset-key=\"vvbf-1-0\"> ALLA RADIO&#8230; OGGI ALLA RADIO PIU&#8217;. ALLE 7 LA RASSEGNA STAMPA FLASH, PER CHI VA DI FRETTA<\/span><\/div>\n<\/div>\n<div class=\"x1e56ztr\" data-block=\"true\" data-editor=\"7ohrh\" data-offset-key=\"3ov4i-0-0\">\n<div class=\"_1mf _1mj\" data-offset-key=\"3ov4i-0-0\"><span data-offset-key=\"3ov4i-0-0\">ALLE 7.10 <\/span><span class=\"x1h0vfkc xi81zsa\" spellcheck=\"false\" data-offset-key=\"3ov4i-1-0\"><span data-offset-key=\"3ov4i-1-0\">Dolomiti Garden<\/span><\/span> <span class=\"x1h0vfkc xi81zsa\" spellcheck=\"false\" data-offset-key=\"3ov4i-3-0\"><span data-offset-key=\"3ov4i-3-0\">Stefano de Paris<\/span><\/span><span data-offset-key=\"3ov4i-4-0\"> VERSO IL VILLAGGIO DI NATALE. <\/span><\/div>\n<\/div>\n<div class=\"x1e56ztr\" data-block=\"true\" data-editor=\"7ohrh\" data-offset-key=\"atkdf-0-0\">\n<div class=\"_1mf _1mj\" data-offset-key=\"atkdf-0-0\"><span data-offset-key=\"atkdf-0-0\">ALLE 8.05 LA RASSEGNA STAMPA LOCALE, L&#8217;ORIGINALE DAL 1983 DI <\/span><span class=\"xv78j7m\" spellcheck=\"false\" data-offset-key=\"atkdf-1-0\"><span data-offset-key=\"atkdf-1-0\">Mirko Mezzacasa<\/span><\/span><span data-offset-key=\"atkdf-2-0\"> ALLE 10.30 PERITI MINERI LE STORIE ALLA RADIO ALLE 12.30 IL GIORNALE RADIO EDIZIONE PRINCIPALE, DAL 1983 ALLE 13,05 @SALUTE E SOCIETA&#8217; CON IL DOTTOR @MARCO CARACCIOLO<\/span><\/div>\n<\/div>\n<div class=\"x1e56ztr\" data-block=\"true\" data-editor=\"7ohrh\" data-offset-key=\"buit7-0-0\">\n<div class=\"_1mf _1mj\" data-offset-key=\"buit7-0-0\"><span data-offset-key=\"buit7-0-0\">QUESTA SERA ALLE 20.30 DI <\/span><span class=\"xv78j7m\" spellcheck=\"false\" data-offset-key=\"buit7-1-0\"><span data-offset-key=\"buit7-1-0\">Gianpaolo Soratroi<\/span><\/span><span data-offset-key=\"buit7-2-0\"> L&#8217;INTERVISTA A <\/span><span class=\"x1h0vfkc xi81zsa\" spellcheck=\"false\" data-offset-key=\"buit7-3-0\"><span data-offset-key=\"buit7-3-0\">Maurizio Manolo Zanolla\u00a0<\/span><\/span><\/div>\n<div data-offset-key=\"buit7-0-0\"><\/div>\n<div data-offset-key=\"buit7-0-0\"><strong>IL RITORNO DI IN VIVO VERSO&#8230; DI SERA.<\/strong><\/div>\n<div data-offset-key=\"buit7-0-0\">Eccoci qui, \u00e8 arrivato l\u2019autunno ed \u00e8 l\u2019ora di dare spazio alla Poesia! La vostra, poesia\u2026 RadioPiu \u2018 proporr\u00e0 un programma serale in cui verranno letti i vostri versi, e metteremo in onda anche le vostre voci ! Sar\u00e0 bello intervistarvi, poeti, scoprire cosa vi ha portato a risplendere dentro a questa arte e donarvi a tutti quelli che col cuore acceso vi leggono . Riapriamo quindi questa pagina di In Vivo Verso . ..Mandaceci i vostri versi, e\u2026 a presto!<span class=\"x3nfvp2 x1j61x8r x1fcty0u xdj266r xhhsvwb xat24cr xgzva0m xxymvpz xlup9mm x1kky2od\"><img loading=\"lazy\" decoding=\"async\" src=\"https:\/\/static.xx.fbcdn.net\/images\/emoji.php\/v9\/t6c\/1\/16\/2764.png\" alt=\"&#x2764;&#xfe0f;\" width=\"16\" height=\"16\" \/> \u00a0<\/span>Love\u00a0<a class=\"x1i10hfl xjbqb8w x6umtig x1b1mbwd xaqea5y xav7gou x9f619 x1ypdohk xt0psk2 xe8uvvx xdj266r x11i5rnm xat24cr x1mh8g0r xexx8yu x4uap5 x18d9i69 xkhd6sd x16tdsg8 x1hl2dhg xggy1nq x1a2a7pz xt0b8zv xzsf02u x1s688f\" tabindex=\"0\" role=\"link\" href=\"https:\/\/www.facebook.com\/brunella.moro?__tn__=-]K*F\"><span class=\"xt0psk2\">Brunella<\/span><\/a><\/div>\n<div data-offset-key=\"buit7-0-0\">\n<hr \/>\n<hr \/>\n<hr \/>\n<hr \/>\n<hr \/>\n<hr \/>\n<hr \/>\n<hr \/>\n<hr \/>\n<hr \/>\n<hr \/>\n<hr \/>\n<hr \/>\n<hr \/>\n<hr \/>\n<hr \/>\n<hr \/>\n<hr \/>\n<hr \/>\n<hr \/>\n<hr \/>\n<hr \/>\n<hr \/>\n<hr \/>\n<hr \/>\n<hr \/>\n<hr \/>\n<hr \/>\n<\/div>\n<\/div>\n<div class=\"x1e56ztr\" data-block=\"true\" data-editor=\"7ohrh\" data-offset-key=\"cd5j1-0-0\"><\/div>\n<div data-block=\"true\" data-editor=\"7ohrh\" data-offset-key=\"cd5j1-0-0\">\n<p><a href=\"https:\/\/www.youtube.com\/watch?v=U1j41E3rTMA\">https:\/\/www.youtube.com\/watch?v=U1j41E3rTMA<\/a><\/p>\n<\/div>\n<div data-block=\"true\" data-editor=\"7ohrh\" data-offset-key=\"cd5j1-0-0\"><\/div>\n<div data-block=\"true\" data-editor=\"7ohrh\" data-offset-key=\"cd5j1-0-0\"><\/div>\n<hr \/>\n<p>&nbsp;<\/p>\n<blockquote>\n<h3><strong>STOP NOTTURNO A PALUE DI ROCCA PIETORE, DISAGI LIMITATI GRAZIE ALLA VIABILITA&#8217; COMUNALE\u00a0<\/strong><\/h3>\n<\/blockquote>\n<p><a class=\"dt-pswp-item\" href=\"https:\/\/www.radiopiu.net\/wordpress\/wp-content\/uploads\/2023\/10\/Senza-nome-31.png\" data-dt-img-description=\"\" data-large_image_width=\"736\" data-large_image_height=\"328\"><img loading=\"lazy\" decoding=\"async\" class=\"alignnone wp-image-356784 size-full\" src=\"https:\/\/www.radiopiu.net\/wordpress\/wp-content\/uploads\/2023\/10\/Senza-nome-31.png\" alt=\"\" width=\"736\" height=\"328\" srcset=\"https:\/\/www.radiopiu.net\/wordpress\/wp-content\/uploads\/2023\/10\/Senza-nome-31.png 736w, https:\/\/www.radiopiu.net\/wordpress\/wp-content\/uploads\/2023\/10\/Senza-nome-31-300x134.png 300w\" sizes=\"auto, (max-width: 736px) 100vw, 736px\" \/><\/a><\/p>\n<p><strong>ROCCA PIETORE<\/strong> Fino al al 27 ottobre interdizione totale alla circolazione stradale, in entrambi i sensi di marcia per lavori di rifacimento del tombotto in localit\u00e0 Palue<strong>\u00a0(sp 641 di Passo Fedaia)<\/strong>\u00a0con deviazioni sulla viabilit\u00e0 comunale dalle 5.30 alle 23 per i mezzi fino a 3,5 tonnellate. Dalle 23 alle 5.30 garantito il passaggio di mezzi di soccorso o adibiti a particolari urgenze o criticit\u00e0.<\/p>\n<p><a class=\"dt-pswp-item\" href=\"https:\/\/www.radiopiu.net\/wordpress\/wp-content\/uploads\/2023\/10\/07df0062-d828-4082-9870-afaea2ea4f13.jpg\" data-dt-img-description=\"\" data-large_image_width=\"2048\" data-large_image_height=\"2048\"><img loading=\"lazy\" decoding=\"async\" class=\"size-medium wp-image-356781 aligncenter\" src=\"https:\/\/www.radiopiu.net\/wordpress\/wp-content\/uploads\/2023\/10\/07df0062-d828-4082-9870-afaea2ea4f13-300x300.jpg\" alt=\"\" width=\"300\" height=\"300\" srcset=\"https:\/\/www.radiopiu.net\/wordpress\/wp-content\/uploads\/2023\/10\/07df0062-d828-4082-9870-afaea2ea4f13-300x300.jpg 300w, https:\/\/www.radiopiu.net\/wordpress\/wp-content\/uploads\/2023\/10\/07df0062-d828-4082-9870-afaea2ea4f13-1024x1024.jpg 1024w, https:\/\/www.radiopiu.net\/wordpress\/wp-content\/uploads\/2023\/10\/07df0062-d828-4082-9870-afaea2ea4f13-150x150.jpg 150w, https:\/\/www.radiopiu.net\/wordpress\/wp-content\/uploads\/2023\/10\/07df0062-d828-4082-9870-afaea2ea4f13-768x768.jpg 768w, https:\/\/www.radiopiu.net\/wordpress\/wp-content\/uploads\/2023\/10\/07df0062-d828-4082-9870-afaea2ea4f13-1536x1536.jpg 1536w, https:\/\/www.radiopiu.net\/wordpress\/wp-content\/uploads\/2023\/10\/07df0062-d828-4082-9870-afaea2ea4f13.jpg 2048w\" sizes=\"auto, (max-width: 300px) 100vw, 300px\" \/><\/a><\/p>\n<p>&nbsp;<\/p>\n<p>&nbsp;<\/p>\n<p>&nbsp;<\/p>\n<p>&nbsp;<\/p>\n<hr \/>\n<p>&nbsp;<\/p>\n<p><img loading=\"lazy\" decoding=\"async\" class=\"alignleft\" src=\"https:\/\/www.radiopiu.net\/wordpress\/wp-content\/uploads\/2022\/05\/download-2.jpg\" width=\"74\" height=\"74\" \/>Gestione Servizi Pubblici informa che ad <strong>AGORDO<\/strong> nelle localit\u00e0 <span style=\"color: #000000;\">PIASENT, COLVIGNAS, CAMPON, LE FOCHE <\/span>l&#8217;acqua erogata dall&#8217;acquedotto non \u00e8 potabile e pu\u00f2 essere usata per scopi alimentari SOLO PREVIA bollitura.<\/p>\n<p>Per lavori alla rete idrica comunale, mercoled\u00ec dalle 8:00 a FINE LAVORI, verr\u00e0 sospesa l\u2019erogazione dell\u2019acqua a SELVA DI CADORE nelle LOCALITA&#8217; PESCUL e S.FOSCA. Il personale addetto operer\u00e0 per limitare il pi\u00f9 possibile i disagi alla popolazione.<\/p>\n<p>&nbsp;<\/p>\n<p>&nbsp;<\/p>\n<hr \/>\n<p>&nbsp;<\/p>\n<blockquote>\n<h3>IL CORDOGLIO PER LA MORTE DI EDDI MANE<\/h3>\n<\/blockquote>\n<p><strong><a class=\"dt-pswp-item\" href=\"https:\/\/www.radiopiu.net\/wordpress\/wp-content\/uploads\/2023\/10\/Senza-nome-36.png\" data-dt-img-description=\"\" data-large_image_width=\"270\" data-large_image_height=\"247\"><img loading=\"lazy\" decoding=\"async\" class=\" wp-image-357005 alignleft\" src=\"https:\/\/www.radiopiu.net\/wordpress\/wp-content\/uploads\/2023\/10\/Senza-nome-36.png\" alt=\"\" width=\"136\" height=\"124\" \/><\/a>SEDICO<\/strong><\/p>\n<p>DI ROBERTO BONA<\/p>\n<audio class=\"wp-audio-shortcode\" id=\"audio-356842-1\" preload=\"none\" style=\"width: 100%;\" controls=\"controls\"><source type=\"audio\/mpeg\" src=\"https:\/\/www.radiopiu.net\/wordpress\/wp-content\/uploads\/2023\/10\/BONA-EDDI-MANE.mp3?_=1\" \/><a href=\"https:\/\/www.radiopiu.net\/wordpress\/wp-content\/uploads\/2023\/10\/BONA-EDDI-MANE.mp3\">https:\/\/www.radiopiu.net\/wordpress\/wp-content\/uploads\/2023\/10\/BONA-EDDI-MANE.mp3<\/a><\/audio>\n<p>&nbsp;<\/p>\n<p><strong>I funerali di Eddi Mane si svolgeranno marted\u00ec alle 14:30 a Mas di Sedico. Eddi lascia il pap\u00e0 Ugo, la sorella Raffaella con Mario, i nipoti Lorenzo e Thomas, zii, cugini.<\/strong><\/p>\n<p>&nbsp;<\/p>\n<hr \/>\n<p>&nbsp;<\/p>\n<p>&nbsp;<\/p>\n<blockquote>\n<h3>DOMANI L&#8217;ULTIMO SALUTO A RODOLFO FRONDA<\/h3>\n<\/blockquote>\n<p><strong><a class=\"dt-pswp-item\" href=\"https:\/\/www.radiopiu.net\/wordpress\/wp-content\/uploads\/2023\/10\/Senza-nome-37.png\" data-dt-img-description=\"\" data-large_image_width=\"260\" data-large_image_height=\"192\"><img loading=\"lazy\" decoding=\"async\" class=\" wp-image-357036 alignleft\" src=\"https:\/\/www.radiopiu.net\/wordpress\/wp-content\/uploads\/2023\/10\/Senza-nome-37.png\" alt=\"\" width=\"206\" height=\"152\" \/><\/a>VAL DI ZOLDO<\/strong> La Val di Zoldo piange la perdita di un illustre personaggio, Rodolfo Fronda, un uomo che ha lasciato un segno indelebile nella comunit\u00e0 locale. La malattia lo ha portato via\u00a0 all&#8217;et\u00e0 di 70 anni, nato nel giugno del 1953. Rodolfo Fronda era un uomo pieno di vitalit\u00e0, un vero e proprio trascinatore, noto per la sua profonda preparazione culturale. Nel campo professionale, Fronda era un interior designer, un mestiere che svolgeva in collaborazione con Fabio Monego. Gi\u00e0 fondatore del Gruppo Amicizia, che radunava circa sessanta ragazzi. Ogni sabato, al suo ritorno a Zoldo, organizzava eventi sociali, come gite, balli, spettacoli teatrali e molto altro.\u00a0 Ha contribuito in modo significativo all&#8217;amministrazione locale nell&#8217;ex Comune di Forno di Zoldo, ricoprendo il ruolo di vice sindaco in due diverse amministrazioni, prima con Luigino De Fanti e successivamente con Sandro Bottecchia. Ha anche ricoperto l&#8217;incarico di assessore al turismo. Lascia la moglie Pia, oltre ai suoi cari figli Cesare e Rebecca. I funerali in onore di Rodolfo Fronda si terranno domani presso la Chiesa di San Floriano a Pieve di Zoldo.<\/p>\n<p>&nbsp;<\/p>\n<hr \/>\n<p>&nbsp;<\/p>\n<blockquote>\n<h2>\u00a0QUANDO IL FATICOSO LAVORO DEGLI ALLEVATORI SI TRADUCE IN LAUTI PASTI PER IL LUPO<\/h2>\n<p><em> <a class=\"dt-pswp-item\" href=\"https:\/\/www.radiopiu.net\/wordpress\/wp-content\/uploads\/2023\/04\/CUCCIOLI-LUPO.jpeg\" data-dt-img-description=\"\" data-large_image_width=\"916\" data-large_image_height=\"714\"><img loading=\"lazy\" decoding=\"async\" class=\"wp-image-333449 alignleft\" src=\"https:\/\/www.radiopiu.net\/wordpress\/wp-content\/uploads\/2023\/04\/CUCCIOLI-LUPO-300x234.jpeg\" alt=\"\" width=\"215\" height=\"168\" srcset=\"https:\/\/www.radiopiu.net\/wordpress\/wp-content\/uploads\/2023\/04\/CUCCIOLI-LUPO-300x234.jpeg 300w, https:\/\/www.radiopiu.net\/wordpress\/wp-content\/uploads\/2023\/04\/CUCCIOLI-LUPO-768x599.jpeg 768w, https:\/\/www.radiopiu.net\/wordpress\/wp-content\/uploads\/2023\/04\/CUCCIOLI-LUPO.jpeg 916w\" sizes=\"auto, (max-width: 215px) 100vw, 215px\" \/><\/a>Diceva bene il sindaco Dal Borgo, ovvero cattuarare i lupi confinandoli entro i confini del Parco Nazionale delle Dolomiti Bellunesi. Dopo tanti danni sarebbe una soluzione ottimale. Dove sono le istituzioni regionali, statali, europee? Situazione che potrebbero spingere a soluzioni &#8220;fai da te&#8221;.\u00a0<\/em><\/p><\/blockquote>\n<div class=\"flex-1 overflow-hidden\">\n<div class=\"react-scroll-to-bottom--css-znuyz-79elbk h-full dark:bg-gray-800\">\n<div class=\"react-scroll-to-bottom--css-znuyz-1n7m0yu\">\n<div class=\"flex flex-col text-sm dark:bg-gray-800\">\n<div class=\"group final-completion w-full text-token-text-primary border-b border-black\/10 gizmo:border-0 dark:border-gray-900\/50 gizmo:dark:border-0 bg-gray-50 gizmo:bg-transparent dark:bg-[#444654] gizmo:dark:bg-transparent\" data-testid=\"conversation-turn-7\">\n<div class=\"p-4 justify-center text-base md:gap-6 md:py-6 m-auto\">\n<div class=\"flex flex-1 gap-4 text-base mx-auto md:gap-6 gizmo:gap-3 gizmo:md:px-5 gizmo:lg:px-1 gizmo:xl:px-5 md:max-w-2xl lg:max-w-[38rem] gizmo:md:max-w-3xl gizmo:lg:max-w-[40rem] gizmo:xl:max-w-[48rem] xl:max-w-3xl }\">\n<div class=\"relative flex w-[calc(100%-50px)] flex-col gizmo:w-full lg:w-[calc(100%-115px)] agent-turn\">\n<div class=\"flex-col gap-1 md:gap-3\">\n<div class=\"flex flex-grow flex-col gap-3 max-w-full\">\n<div class=\"min-h-[20px] flex flex-col items-start gap-3 whitespace-pre-wrap break-words overflow-x-auto\">\n<div class=\"markdown prose w-full break-words dark:prose-invert dark\">\n<p><strong>ALPAGO<\/strong> Un branco di lupi ha pregiudicaTo l&#8217;allevamento di 40 pecore alpagote a poche centinaia di metri dal centro del paese. L&#8217;allevatore Sebastiano Fullin aveva installato un recinto elettrificato con all&#8217;interno pecore, agnelli e un giovane cane da guardia, ma purtroppo un lupo ha superato la recinzione senza subire scosse e ha provocato il caos tra gli animali, con alcune pecore uccise sul colpo e altre ferite. Il giovane pastore Mattia \u00e8 stato impotente davanti a questa situazione. Sandro Fullin, il padre di Sebastiano, un allevatore di Tambre, si \u00e8 detto sconsolato e ha dichiarato che la pressione dovuta agli attacchi dei lupi \u00e8 diventata insostenibile.<\/p>\n<\/div>\n<\/div>\n<\/div>\n<\/div>\n<\/div>\n<\/div>\n<\/div>\n<\/div>\n<\/div>\n<div><\/div>\n<div><\/div>\n<div>\n<hr \/>\n<\/div>\n<div><\/div>\n<div>\n<blockquote>\n<h3>BELLUNO ALPINA CHIEDE DI TUTELARE LE ATTIVITA&#8217; E CHI CURA IL TERRITORIO CONTRO GLI ATTACCHI DEI LUPI<\/h3>\n<\/blockquote>\n<p><strong>BELLUNO<\/strong> Nuove predazioni da parte del lupo anche nel comprensorio Nevegal-Ronce-Valmorel, e l\u2019associazione Belluno Alpina chiede segnali concreti alla politica.<em> \u201cContinuiamo a sentir dire che bisogna salvare la montagna e sostenere i suoi abitanti e le sue imprese: si cominci aiutandoli ad affrontare il tema delle prefazioni da parte dei predatori, il lupo in particolar<\/em>e\u201d, denuncia il presidente Gimmy Dal Farra. Una decina di giorni fa, nell\u2019azienda agricola di Monia Scariot a Madeago il lupo ha attaccato e ucciso un asino, un animale amatissimo dai proprietari e dai loro bambini &#8220;<em>Nel nostro territorio, &#8211; continua Dal Farra- il lupo da tempo sta portando pi\u00f9 danni che benefici, ma non si \u00e8 mosso nulla. \u00c8 tempo, anzi \u00e8 gi\u00e0 passato, che si dia risposte concrete, con azioni tangibili e non palliativi, per fermare o almeno arginare il fenomeno\u201d.<\/em><\/p>\n\n\t\t\t<style type='text\/css'>\n\t\t\t\t#gallery-1 {\n\t\t\t\t\tmargin: auto;\n\t\t\t\t}\n\t\t\t\t#gallery-1 .gallery-item {\n\t\t\t\t\tfloat: left;\n\t\t\t\t\tmargin-top: 10px;\n\t\t\t\t\ttext-align: center;\n\t\t\t\t\twidth: 50%;\n\t\t\t\t}\n\t\t\t\t#gallery-1 img {\n\t\t\t\t\tborder: 2px solid #cfcfcf;\n\t\t\t\t}\n\t\t\t\t#gallery-1 .gallery-caption {\n\t\t\t\t\tmargin-left: 0;\n\t\t\t\t}\n\t\t\t\t\/* see gallery_shortcode() in wp-includes\/media.php *\/\n\t\t\t<\/style>\n\t\t<div id='gallery-1' class='dt-gallery-container gallery galleryid-356842 gallery-columns-2 gallery-size-thumbnail'><dl class='gallery-item'>\n\t\t\t\t<dt class='gallery-icon landscape'>\n\t\t\t\t\t<a class=\"rollover rollover-zoom dt-pswp-item\" title=\"SCR-20231014-qxgm\" data-dt-img-description=\"\" data-large_image_width=\"866\" data-large_image_height=\"792\"href='https:\/\/www.radiopiu.net\/wordpress\/wp-content\/uploads\/2023\/10\/SCR-20231014-qxgm.jpeg'><img loading=\"lazy\" decoding=\"async\" width=\"150\" height=\"150\" src=\"https:\/\/www.radiopiu.net\/wordpress\/wp-content\/uploads\/2023\/10\/SCR-20231014-qxgm-150x150.jpeg\" class=\"attachment-thumbnail size-thumbnail\" alt=\"\" \/><\/a>\n\t\t\t\t<\/dt><\/dl><dl class='gallery-item'>\n\t\t\t\t<dt class='gallery-icon landscape'>\n\t\t\t\t\t<a class=\"rollover rollover-zoom dt-pswp-item\" title=\"SCR-20231014-qxiz\" data-dt-img-description=\"\" data-large_image_width=\"1412\" data-large_image_height=\"1022\"href='https:\/\/www.radiopiu.net\/wordpress\/wp-content\/uploads\/2023\/10\/SCR-20231014-qxiz.jpeg'><img loading=\"lazy\" decoding=\"async\" width=\"150\" height=\"150\" src=\"https:\/\/www.radiopiu.net\/wordpress\/wp-content\/uploads\/2023\/10\/SCR-20231014-qxiz-150x150.jpeg\" class=\"attachment-thumbnail size-thumbnail\" alt=\"\" \/><\/a>\n\t\t\t\t<\/dt><\/dl><br style=\"clear: both\" \/>\n\t\t\t<\/div>\n\n<p>&nbsp;<\/p>\n<\/div>\n<\/div>\n<\/div>\n<\/div>\n<div class=\"flex-1 overflow-hidden\">\n<div class=\"react-scroll-to-bottom--css-znuyz-79elbk h-full dark:bg-gray-800\">\n<div class=\"react-scroll-to-bottom--css-znuyz-1n7m0yu\">\n<div class=\"flex flex-col text-sm dark:bg-gray-800\">\n<div class=\"group final-completion w-full text-token-text-primary border-b border-black\/10 gizmo:border-0 dark:border-gray-900\/50 gizmo:dark:border-0 bg-gray-50 gizmo:bg-transparent dark:bg-[#444654] gizmo:dark:bg-transparent\" data-testid=\"conversation-turn-5\">\n<div class=\"p-4 justify-center text-base md:gap-6 md:py-6 m-auto\">\n<div class=\"flex flex-1 gap-4 text-base mx-auto md:gap-6 gizmo:gap-3 gizmo:md:px-5 gizmo:lg:px-1 gizmo:xl:px-5 md:max-w-2xl lg:max-w-[38rem] gizmo:md:max-w-3xl gizmo:lg:max-w-[40rem] gizmo:xl:max-w-[48rem] xl:max-w-3xl }\">\n<div class=\"relative flex w-[calc(100%-50px)] flex-col gizmo:w-full lg:w-[calc(100%-115px)] agent-turn\">\n<div class=\"flex-col gap-1 md:gap-3\">\n<div class=\"flex justify-between empty:hidden gizmo:justify-start gizmo:gap-3 lg:block\">\n<div class=\"text-gray-400 flex self-end lg:self-center justify-center gizmo:lg:justify-start mt-2 gizmo:mt-0 visible lg:gap-1 lg:absolute lg:top-0 lg:translate-x-full lg:right-0 lg:mt-0 lg:pl-2 gap-2 md:gap-3\"><\/div>\n<\/div>\n<\/div>\n<\/div>\n<\/div>\n<\/div>\n<\/div>\n<\/div>\n<\/div>\n<\/div>\n<\/div>\n<hr \/>\n<p>&nbsp;<\/p>\n<blockquote>\n<h3>INCIDENTE TRA MAS DI SEDICO E BELLUNO<\/h3>\n<\/blockquote>\n<p><img loading=\"lazy\" decoding=\"async\" class=\"alignleft\" src=\"https:\/\/www.radiopiu.net\/wordpress\/wp-content\/uploads\/2023\/10\/Senza-nome-35.png\" width=\"206\" height=\"103\" \/><strong>BELLUNO<\/strong> Schianto sabato mattina in via Igino D\u2019Inc\u00e0 a Belluno, tra i Casoni e Mas di Sedico. Per cause in corso di accertamento da parte dei Carabinieri, sono entrate in collisione una Porsche con targa olandese e una Citroen C3 guidata da un bellunese. Nell\u2019impatto, entrambi i conducenti sono rimasti feriti. Il ragazzo straniero alla guida dell\u2019auto sportiva ha soltanto 20 anni e ha riportato traumi di media gravit\u00e0, esattamente come l\u2019altro. Sono intervenute le ambulanze del Suem 118 per il trasporto all\u2019ospedale San Martino di Belluno.<\/p>\n<p>&nbsp;<\/p>\n<p><strong>FOTO CORRIERE DELLE ALPI<\/strong><\/p>\n<p>&nbsp;<\/p>\n<p>&nbsp;<\/p>\n<hr \/>\n<p>&nbsp;<\/p>\n<p>&nbsp;<\/p>\n<p>&nbsp;<\/p>\n<blockquote>\n<h3>UNA SETTIMANA CRUCIALE PER IL TRASPORTO PUBBLICO LOCALE<\/h3>\n<\/blockquote>\n<p><strong><a class=\"dt-pswp-item\" href=\"https:\/\/www.radiopiu.net\/wordpress\/wp-content\/uploads\/2020\/06\/80c303ed-9a2e-49f0-8b20-3dd5e061bbf3.jpg\" data-dt-img-description=\"\" data-large_image_width=\"1280\" data-large_image_height=\"960\"><img loading=\"lazy\" decoding=\"async\" class=\" wp-image-145520 alignleft\" src=\"https:\/\/www.radiopiu.net\/wordpress\/wp-content\/uploads\/2020\/06\/80c303ed-9a2e-49f0-8b20-3dd5e061bbf3-300x225.jpg\" alt=\"\" width=\"167\" height=\"125\" srcset=\"https:\/\/www.radiopiu.net\/wordpress\/wp-content\/uploads\/2020\/06\/80c303ed-9a2e-49f0-8b20-3dd5e061bbf3-300x225.jpg 300w, https:\/\/www.radiopiu.net\/wordpress\/wp-content\/uploads\/2020\/06\/80c303ed-9a2e-49f0-8b20-3dd5e061bbf3-1024x768.jpg 1024w, https:\/\/www.radiopiu.net\/wordpress\/wp-content\/uploads\/2020\/06\/80c303ed-9a2e-49f0-8b20-3dd5e061bbf3-768x576.jpg 768w, https:\/\/www.radiopiu.net\/wordpress\/wp-content\/uploads\/2020\/06\/80c303ed-9a2e-49f0-8b20-3dd5e061bbf3.jpg 1280w\" sizes=\"auto, (max-width: 167px) 100vw, 167px\" \/><\/a>BELLUNO <\/strong>Questa settimana \u00e8 cruciale per il trasporto pubblico locale. Marted\u00ec, a Venezia, si terr\u00e0 un incontro tra Provincia, Regione e sindacati, che era stato rinviato a causa di un incidente del pullman a Mestre. Inoltre, gioved\u00ec, \u00e8 convocata un&#8217;assemblea dei sindaci in Provincia. Il presidente della Provincia, Roberto Padrin, ha spiegato che l&#8217;amministrazione provinciale ha seguito da tempo la situazione tramite incontri con Dolomitibus e analizzando quanto \u00e8 accaduto nelle prime settimane dall&#8217;entrata in vigore dell&#8217;orario invernale.<\/p>\n<p>I disservizi stanno avendo un impatto significativo sulla vita quotidiana dei pendolari e non sono pi\u00f9 sopportabili. Padrin ha anche sollevato la questione della carenza di autisti, un problema che riguarda l&#8217;intero settore dei trasporti pubblici. L&#8217;obiettivo dell&#8217;incontro in Regione \u00e8 individuare soluzioni per affrontare il problema e pianificare il futuro. Il presidente ha sottolineato l&#8217;importanza di un lavoro di squadra con i sindacati e i sindaci per affrontare l&#8217;emergenza e trovare soluzioni. Se il problema riguarda la mancanza di risorse o la necessit\u00e0 di sostenere una professione che perde lavoratori da anni, si cercheranno correzioni immediate e azioni a lungo termine per costruire il trasporto pubblico del futuro.<\/p>\n<p>&nbsp;<\/p>\n<p>&nbsp;<\/p>\n<hr \/>\n<p>&nbsp;<\/p>\n<p>&nbsp;<\/p>\n<blockquote>\n<h3>SABATO 21 OTTOBRE LA MANIFESTAZIONE PER IL TRASPORTO PUBBLICO LOCALE<\/h3>\n<\/blockquote>\n<p><strong><a class=\"dt-pswp-item\" href=\"https:\/\/www.radiopiu.net\/wordpress\/wp-content\/uploads\/2018\/08\/dolomitibus.jpeg\" data-dt-img-description=\"\" data-large_image_width=\"621\" data-large_image_height=\"414\"><img loading=\"lazy\" decoding=\"async\" class=\" wp-image-59158 alignleft\" src=\"https:\/\/www.radiopiu.net\/wordpress\/wp-content\/uploads\/2018\/08\/dolomitibus-300x200.jpeg\" alt=\"\" width=\"171\" height=\"114\" srcset=\"https:\/\/www.radiopiu.net\/wordpress\/wp-content\/uploads\/2018\/08\/dolomitibus-300x200.jpeg 300w, https:\/\/www.radiopiu.net\/wordpress\/wp-content\/uploads\/2018\/08\/dolomitibus.jpeg 621w\" sizes=\"auto, (max-width: 171px) 100vw, 171px\" \/><\/a>BELLUNO<\/strong><\/p>\n<p>DI ROBERTO BONA<\/p>\n<audio class=\"wp-audio-shortcode\" id=\"audio-356842-2\" preload=\"none\" style=\"width: 100%;\" controls=\"controls\"><source type=\"audio\/mpeg\" src=\"https:\/\/www.radiopiu.net\/wordpress\/wp-content\/uploads\/2023\/10\/ManifestazioneTPL.mp3?_=2\" \/><a href=\"https:\/\/www.radiopiu.net\/wordpress\/wp-content\/uploads\/2023\/10\/ManifestazioneTPL.mp3\">https:\/\/www.radiopiu.net\/wordpress\/wp-content\/uploads\/2023\/10\/ManifestazioneTPL.mp3<\/a><\/audio>\n<p>&nbsp;<\/p>\n<a href=\"https:\/\/www.radiopiu.net\/wordpress\/wp-content\/uploads\/2023\/10\/manifestazione-per-il-trasporto-pubblico-locale.pdf\" class=\"pdfemb-viewer\" style=\"\" data-width=\"max\" data-height=\"max\" data-toolbar=\"top\" data-toolbar-fixed=\"on\">manifestazione per il trasporto pubblico locale<\/a>\n<p>&nbsp;<\/p>\n<hr \/>\n<p>&nbsp;<\/p>\n<blockquote>\n<h3 class=\"entry-title\">CROLLO DEL TRASPORTO PUBBLICO LOCALE: LA MISURA E\u2019 COLMA, SABATO LA PROTESTA<\/h3>\n<h3><em>La\u00a0<strong>misura<\/strong>\u00a0indica una misurazione, quindi un\u00a0<strong>livello<\/strong>\u00a0, livello che \u00e8 stato evidentemente superato. Si tratta del livello di\u00a0<strong>sopportazione<\/strong>. Parliamo quindi della\u00a0<strong>pazienza<\/strong>. La nostra pazienza. In poche parole non ce la facciamo pi\u00f9 a sopportare.\u00a0<\/em><em>Il superamento del livello viene indicato dalla parola \u201c<strong>colma<\/strong>\u201c. La misura \u00e8 colma, vale a dire, \u201cil livello massimo della pazienza e stato superato\u201d, ora la pazienza \u00e8 finita.<\/em><\/h3>\n<\/blockquote>\n<p>&nbsp;<\/p>\n<p><img loading=\"lazy\" decoding=\"async\" class=\"alignleft\" src=\"https:\/\/www.radiopiu.net\/wordpress\/wp-content\/uploads\/2021\/10\/9396bbfc-2818-4225-b55d-9a56c39206f1.jpg\" width=\"384\" height=\"216\" \/><strong>REDAZIONE\u00a0<\/strong><b>\u00a0<\/b>Sabato 21, un corteo di cittadini e lavoratori dei trasporti invader\u00e0 le strade di Belluno in segno di protesta contro la drammatica situazione del trasporto pubblico locale. Le organizzazioni sindacali\u00a0<strong>Filt Cgil, Uiltrasporti e Faisa Cisal<\/strong>\u00a0hanno unito le forze per esprimere il proprio dissenso nei confronti di un servizio che, a loro dire, sta precipitando verso un punto di non ritorno. La manifestazione\u00a0 sar\u00e0 preceduta da un corteo che partir\u00e0 alle 9 dal piazzale della stazione ferroviaria per raggiungere\u00a0<strong>Palazzo Piloni<\/strong>, sede della Provincia di Belluno e anche socia di\u00a0<strong>Dolomitibus<\/strong>, l\u2019azienda di trasporto pubblico coinvolta nella protesta.\u00a0 In una nota congiunta, i sindacati affermano:\u00a0<em>\u201cI lavoratori dei trasporti si fanno capofila di una manifestazione che, auspicano, sia condivisa da tutta la popolazione bellunese, esausta per un trasporto pubblico che non si pu\u00f2 pi\u00f9 definire tale.\u201d<\/em>\u00a0Questo messaggio sottolinea quanto sia urgente affrontare il problema in modo sistemico.<\/p>\n<p>I motivi della protesta sono molteplici. I sindacati criticano il persistente ritardo nel prendere misure concrete e il fatto che i cittadini e i lavoratori abbiano gi\u00e0 pagato un prezzo troppo alto. Invece di soluzioni temporanee, gli organizzatori chiedono una progettazione a lungo termine, risposte concrete e risorse adeguate per garantire un servizio di trasporto pubblico adeguato in una regione montagnosa come Belluno. La protesta di sabato \u00e8 un grido di allarme per attirare l\u2019attenzione delle autorit\u00e0 e della popolazione sulla necessit\u00e0 di migliorare il trasporto pubblico, che \u00e8 essenziale per la qualit\u00e0 della vita e l\u2019accesso ai servizi nel territorio. Gli organizzatori invitano studenti, lavoratori e cittadini a unirsi alla protesta<em>\u00a0\u201cper capire che al territorio non serve n\u00e9 l\u2019elemosina n\u00e9 l\u2019ennesima soluzione tampone, ma servono progettazione, risposte e risorse reali per poter continuare a vivere in montagna.\u201d<\/em><\/p>\n<p>&nbsp;<\/p>\n<p>&nbsp;<\/p>\n<hr \/>\n<p>&nbsp;<\/p>\n<blockquote>\n<h3>OGGI LA SEDUTA DEL CONSIGLIO REGIONALE A LONGARONE PER RICORDARE LE VITTIME DEL VAJONT<\/h3>\n<\/blockquote>\n<p><strong><a class=\"dt-pswp-item\" href=\"https:\/\/www.radiopiu.net\/wordpress\/wp-content\/uploads\/2021\/10\/VAJONT-GIORNO-DOPO-FOTO-ZANFRON.png\" data-dt-img-description=\"\" data-large_image_width=\"1196\" data-large_image_height=\"804\"><img loading=\"lazy\" decoding=\"async\" class=\" wp-image-236216 alignleft\" src=\"https:\/\/www.radiopiu.net\/wordpress\/wp-content\/uploads\/2021\/10\/VAJONT-GIORNO-DOPO-FOTO-ZANFRON-300x202.png\" alt=\"\" width=\"154\" height=\"104\" srcset=\"https:\/\/www.radiopiu.net\/wordpress\/wp-content\/uploads\/2021\/10\/VAJONT-GIORNO-DOPO-FOTO-ZANFRON-300x202.png 300w, https:\/\/www.radiopiu.net\/wordpress\/wp-content\/uploads\/2021\/10\/VAJONT-GIORNO-DOPO-FOTO-ZANFRON-1024x688.png 1024w, https:\/\/www.radiopiu.net\/wordpress\/wp-content\/uploads\/2021\/10\/VAJONT-GIORNO-DOPO-FOTO-ZANFRON-768x516.png 768w, https:\/\/www.radiopiu.net\/wordpress\/wp-content\/uploads\/2021\/10\/VAJONT-GIORNO-DOPO-FOTO-ZANFRON.png 1196w\" sizes=\"auto, (max-width: 154px) 100vw, 154px\" \/><\/a>VENEZIA<\/strong> Oggi il Presidente del Veneto Luca Zaia parteciper\u00e0 a Longarone alle celebrazioni promosse dal Consiglio regionale del Veneto per ricordare la tragedia del Vajont e promuovere la conservazione della memoria collettiva. Alle 14 prender\u00e0 parte alla cerimonia al cimitero monumentale delle vittime del Vajont, in via Fortogna 193. A seguire, alle 15, parteciper\u00e0 alla seduta del Consiglio regionale straordinaria nella sede del Municipio di Longarone, in via Roma 60. Al termine della cerimonia, alle 17, \u00e8 in programma una visita guidata alla diga del Vajont. Le celebrazioni, originariamente in programma il 4 ottobre scorso, sono state rinviate a seguito dell\u2019incidente di Mestre del 3 ottobre.<\/p>\n<p>&nbsp;<\/p>\n<p>&nbsp;<\/p>\n<hr \/>\n<p>&nbsp;<\/p>\n<blockquote>\n<h3>CONFERITA LA CITTADINANZA ONORARIA DI LONGARONE ALLA CROCE ROSSA<\/h3>\n<\/blockquote>\n<p><strong><a class=\"dt-pswp-item\" href=\"https:\/\/www.radiopiu.net\/wordpress\/wp-content\/uploads\/2023\/10\/Cri-foto-di-gruppo.jpg\" data-dt-img-description=\"\" data-large_image_width=\"2016\" data-large_image_height=\"1512\"><img loading=\"lazy\" decoding=\"async\" class=\" wp-image-357018 alignleft\" src=\"https:\/\/www.radiopiu.net\/wordpress\/wp-content\/uploads\/2023\/10\/Cri-foto-di-gruppo-300x225.jpg\" alt=\"\" width=\"205\" height=\"154\" srcset=\"https:\/\/www.radiopiu.net\/wordpress\/wp-content\/uploads\/2023\/10\/Cri-foto-di-gruppo-300x225.jpg 300w, https:\/\/www.radiopiu.net\/wordpress\/wp-content\/uploads\/2023\/10\/Cri-foto-di-gruppo-1024x768.jpg 1024w, https:\/\/www.radiopiu.net\/wordpress\/wp-content\/uploads\/2023\/10\/Cri-foto-di-gruppo-768x576.jpg 768w, https:\/\/www.radiopiu.net\/wordpress\/wp-content\/uploads\/2023\/10\/Cri-foto-di-gruppo-1536x1152.jpg 1536w, https:\/\/www.radiopiu.net\/wordpress\/wp-content\/uploads\/2023\/10\/Cri-foto-di-gruppo.jpg 2016w\" sizes=\"auto, (max-width: 205px) 100vw, 205px\" \/><\/a>LONGARONE<\/strong> Abnegazione e coraggio, slancio umanitario, solidariet\u00e0. Ma anche organizzazione e coordinamento, quindi attivit\u00e0 sul campo. Sono queste le parole che spiccano nella motivazione con cui la citt\u00e0 di Longarone ha conferito la cittadinanza onoraria alla Croce Rossa Italiana. Un conferimento che \u00e8 stato celebrato questa mattina, in una solenne cerimonia in municipio, all\u2019interno del 60\u00b0 del Vajont, alla presenza del presidente nazionale della Croce Rossa Italiana Rosario Maria Gianluca Valastro, delle ispettrici del Corpo delle Infermiere Volontarie sorella Emilia Bruna Scarcella (nazionale) e sorella Maria Luisa Catani (regionale), e di una folta rappresentanza locale. Alla cerimonia hanno preso parte anche il questore di Belluno Francesco Zerilli, il comandante provinciale dei carabinieri Enrico Pigozzo, e l\u2019assessora alla Protezione Civile del Comune di Belluno, Lorenza De Kunovich.<\/p>\n<p>&nbsp;<\/p>\n<p>&nbsp;<\/p>\n<hr \/>\n<p>&nbsp;<\/p>\n<blockquote>\n<h3>MANOLO PROTAGONISTA DELLA FESTA A VILLA SAN GIUSEPPE DI LIVINALLOGO<\/h3>\n<\/blockquote>\n<p><strong><a class=\"dt-pswp-item\" href=\"https:\/\/www.radiopiu.net\/wordpress\/wp-content\/uploads\/2023\/10\/8b76585c-dbe8-4181-a9ad-11deed57f993.jpg\" data-dt-img-description=\"\" data-large_image_width=\"1024\" data-large_image_height=\"768\"><img loading=\"lazy\" decoding=\"async\" class=\" wp-image-356994 alignleft\" src=\"https:\/\/www.radiopiu.net\/wordpress\/wp-content\/uploads\/2023\/10\/8b76585c-dbe8-4181-a9ad-11deed57f993-300x225.jpg\" alt=\"\" width=\"181\" height=\"136\" srcset=\"https:\/\/www.radiopiu.net\/wordpress\/wp-content\/uploads\/2023\/10\/8b76585c-dbe8-4181-a9ad-11deed57f993-300x225.jpg 300w, https:\/\/www.radiopiu.net\/wordpress\/wp-content\/uploads\/2023\/10\/8b76585c-dbe8-4181-a9ad-11deed57f993-768x576.jpg 768w, https:\/\/www.radiopiu.net\/wordpress\/wp-content\/uploads\/2023\/10\/8b76585c-dbe8-4181-a9ad-11deed57f993.jpg 1024w\" sizes=\"auto, (max-width: 181px) 100vw, 181px\" \/><\/a>LIVINALLONGO<\/strong><\/p>\n<p>DI LORENZO SORATROI<\/p>\n<audio class=\"wp-audio-shortcode\" id=\"audio-356842-3\" preload=\"none\" style=\"width: 100%;\" controls=\"controls\"><source type=\"audio\/mpeg\" src=\"https:\/\/www.radiopiu.net\/wordpress\/wp-content\/uploads\/2023\/10\/SORATROI-MANOLO.mp3?_=3\" \/><a href=\"https:\/\/www.radiopiu.net\/wordpress\/wp-content\/uploads\/2023\/10\/SORATROI-MANOLO.mp3\">https:\/\/www.radiopiu.net\/wordpress\/wp-content\/uploads\/2023\/10\/SORATROI-MANOLO.mp3<\/a><\/audio>\n<p>&nbsp;<\/p>\n<p><strong>LA DIRETTA RADIO PIU&#8217;<\/strong><\/p>\n<p><iframe loading=\"lazy\" title=\"100 di questi giorni - Intervista a Manolo\" width=\"1200\" height=\"675\" src=\"https:\/\/www.youtube.com\/embed\/fyw61NvOhCM?feature=oembed\" frameborder=\"0\" allow=\"accelerometer; autoplay; clipboard-write; encrypted-media; gyroscope; picture-in-picture; web-share\" allowfullscreen><\/iframe><\/p>\n<p>&nbsp;<\/p>\n<hr \/>\n<p>&nbsp;<\/p>\n<blockquote>\n<h3>I LAVORI PER IL CAMPO SINTETICO DI AGORDO INIZIERANNO IN PRIMAVERA<\/h3>\n<\/blockquote>\n<p><strong><a class=\"dt-pswp-item\" href=\"https:\/\/www.radiopiu.net\/wordpress\/wp-content\/uploads\/2020\/11\/IVANO-DORIGO-AGORDO.jpg\" data-dt-img-description=\"\" data-large_image_width=\"1024\" data-large_image_height=\"768\"><img loading=\"lazy\" decoding=\"async\" class=\" wp-image-169847 alignleft\" src=\"https:\/\/www.radiopiu.net\/wordpress\/wp-content\/uploads\/2020\/11\/IVANO-DORIGO-AGORDO-300x225.jpg\" alt=\"\" width=\"155\" height=\"116\" srcset=\"https:\/\/www.radiopiu.net\/wordpress\/wp-content\/uploads\/2020\/11\/IVANO-DORIGO-AGORDO-300x225.jpg 300w, https:\/\/www.radiopiu.net\/wordpress\/wp-content\/uploads\/2020\/11\/IVANO-DORIGO-AGORDO-768x576.jpg 768w, https:\/\/www.radiopiu.net\/wordpress\/wp-content\/uploads\/2020\/11\/IVANO-DORIGO-AGORDO.jpg 1024w\" sizes=\"auto, (max-width: 155px) 100vw, 155px\" \/><\/a>AGORDO<\/strong><\/p>\n<p>DI GIANNI SANTOMASO<\/p>\n<audio class=\"wp-audio-shortcode\" id=\"audio-356842-4\" preload=\"none\" style=\"width: 100%;\" controls=\"controls\"><source type=\"audio\/mpeg\" src=\"https:\/\/www.radiopiu.net\/wordpress\/wp-content\/uploads\/2023\/10\/GIANNI-CAMPO-SINTETICO-DI-AGORDO.mp3?_=4\" \/><a href=\"https:\/\/www.radiopiu.net\/wordpress\/wp-content\/uploads\/2023\/10\/GIANNI-CAMPO-SINTETICO-DI-AGORDO.mp3\">https:\/\/www.radiopiu.net\/wordpress\/wp-content\/uploads\/2023\/10\/GIANNI-CAMPO-SINTETICO-DI-AGORDO.mp3<\/a><\/audio>\n<p>&nbsp;<\/p>\n<p>&nbsp;<\/p>\n<hr \/>\n<p>&nbsp;<\/p>\n<blockquote>\n<h3>LA DIMOSTRAZIONE PRATICA DELLA PROTEZIONE CIVILE A BELLUNO<\/h3>\n<\/blockquote>\n<p><strong>BELLUNO<\/strong> Si \u00e8 svolta sabato mattina una dimostrazione pratica di Protezione Civile al Parco di Lambioi, alla quale hanno preso parte i ragazzi delle classi quarte dell&#8217;IIS Segato.<\/p>\n\n\t\t\t<style type='text\/css'>\n\t\t\t\t#gallery-2 {\n\t\t\t\t\tmargin: auto;\n\t\t\t\t}\n\t\t\t\t#gallery-2 .gallery-item {\n\t\t\t\t\tfloat: left;\n\t\t\t\t\tmargin-top: 10px;\n\t\t\t\t\ttext-align: center;\n\t\t\t\t\twidth: 25%;\n\t\t\t\t}\n\t\t\t\t#gallery-2 img {\n\t\t\t\t\tborder: 2px solid #cfcfcf;\n\t\t\t\t}\n\t\t\t\t#gallery-2 .gallery-caption {\n\t\t\t\t\tmargin-left: 0;\n\t\t\t\t}\n\t\t\t\t\/* see gallery_shortcode() in wp-includes\/media.php *\/\n\t\t\t<\/style>\n\t\t<div id='gallery-2' class='dt-gallery-container gallery galleryid-356842 gallery-columns-4 gallery-size-medium'><dl class='gallery-item'>\n\t\t\t\t<dt class='gallery-icon landscape'>\n\t\t\t\t\t<a class=\"rollover rollover-zoom dt-pswp-item\" title=\"14.10.23_2\" data-dt-img-description=\"\" data-large_image_width=\"1600\" data-large_image_height=\"1200\"href='https:\/\/www.radiopiu.net\/wordpress\/wp-content\/uploads\/2023\/10\/14.10.23_2.jpeg'><img loading=\"lazy\" decoding=\"async\" width=\"300\" height=\"225\" src=\"https:\/\/www.radiopiu.net\/wordpress\/wp-content\/uploads\/2023\/10\/14.10.23_2-300x225.jpeg\" class=\"attachment-medium size-medium\" alt=\"\" srcset=\"https:\/\/www.radiopiu.net\/wordpress\/wp-content\/uploads\/2023\/10\/14.10.23_2-300x225.jpeg 300w, https:\/\/www.radiopiu.net\/wordpress\/wp-content\/uploads\/2023\/10\/14.10.23_2-1024x768.jpeg 1024w, https:\/\/www.radiopiu.net\/wordpress\/wp-content\/uploads\/2023\/10\/14.10.23_2-768x576.jpeg 768w, https:\/\/www.radiopiu.net\/wordpress\/wp-content\/uploads\/2023\/10\/14.10.23_2-1536x1152.jpeg 1536w, https:\/\/www.radiopiu.net\/wordpress\/wp-content\/uploads\/2023\/10\/14.10.23_2.jpeg 1600w\" sizes=\"auto, (max-width: 300px) 100vw, 300px\" \/><\/a>\n\t\t\t\t<\/dt><\/dl><dl class='gallery-item'>\n\t\t\t\t<dt class='gallery-icon landscape'>\n\t\t\t\t\t<a class=\"rollover rollover-zoom dt-pswp-item\" title=\"14.10.23_1\" data-dt-img-description=\"\" data-large_image_width=\"1024\" data-large_image_height=\"768\"href='https:\/\/www.radiopiu.net\/wordpress\/wp-content\/uploads\/2023\/10\/14.10.23_1.jpeg'><img loading=\"lazy\" decoding=\"async\" width=\"300\" height=\"225\" src=\"https:\/\/www.radiopiu.net\/wordpress\/wp-content\/uploads\/2023\/10\/14.10.23_1-300x225.jpeg\" class=\"attachment-medium size-medium\" alt=\"\" srcset=\"https:\/\/www.radiopiu.net\/wordpress\/wp-content\/uploads\/2023\/10\/14.10.23_1-300x225.jpeg 300w, https:\/\/www.radiopiu.net\/wordpress\/wp-content\/uploads\/2023\/10\/14.10.23_1-768x576.jpeg 768w, https:\/\/www.radiopiu.net\/wordpress\/wp-content\/uploads\/2023\/10\/14.10.23_1.jpeg 1024w\" sizes=\"auto, (max-width: 300px) 100vw, 300px\" \/><\/a>\n\t\t\t\t<\/dt><\/dl><dl class='gallery-item'>\n\t\t\t\t<dt class='gallery-icon landscape'>\n\t\t\t\t\t<a class=\"rollover rollover-zoom dt-pswp-item\" title=\"14.10.23\" data-dt-img-description=\"\" data-large_image_width=\"1024\" data-large_image_height=\"768\"href='https:\/\/www.radiopiu.net\/wordpress\/wp-content\/uploads\/2023\/10\/14.10.23.jpeg'><img loading=\"lazy\" decoding=\"async\" width=\"300\" height=\"225\" src=\"https:\/\/www.radiopiu.net\/wordpress\/wp-content\/uploads\/2023\/10\/14.10.23-300x225.jpeg\" class=\"attachment-medium size-medium\" alt=\"\" srcset=\"https:\/\/www.radiopiu.net\/wordpress\/wp-content\/uploads\/2023\/10\/14.10.23-300x225.jpeg 300w, https:\/\/www.radiopiu.net\/wordpress\/wp-content\/uploads\/2023\/10\/14.10.23-768x576.jpeg 768w, https:\/\/www.radiopiu.net\/wordpress\/wp-content\/uploads\/2023\/10\/14.10.23.jpeg 1024w\" sizes=\"auto, (max-width: 300px) 100vw, 300px\" \/><\/a>\n\t\t\t\t<\/dt><\/dl><dl class='gallery-item'>\n\t\t\t\t<dt class='gallery-icon landscape'>\n\t\t\t\t\t<a class=\"rollover rollover-zoom dt-pswp-item\" title=\"14.10.23_4\" data-dt-img-description=\"\" data-large_image_width=\"1600\" data-large_image_height=\"1200\"href='https:\/\/www.radiopiu.net\/wordpress\/wp-content\/uploads\/2023\/10\/14.10.23_4.jpeg'><img loading=\"lazy\" decoding=\"async\" width=\"300\" height=\"225\" src=\"https:\/\/www.radiopiu.net\/wordpress\/wp-content\/uploads\/2023\/10\/14.10.23_4-300x225.jpeg\" class=\"attachment-medium size-medium\" alt=\"\" srcset=\"https:\/\/www.radiopiu.net\/wordpress\/wp-content\/uploads\/2023\/10\/14.10.23_4-300x225.jpeg 300w, https:\/\/www.radiopiu.net\/wordpress\/wp-content\/uploads\/2023\/10\/14.10.23_4-1024x768.jpeg 1024w, https:\/\/www.radiopiu.net\/wordpress\/wp-content\/uploads\/2023\/10\/14.10.23_4-768x576.jpeg 768w, https:\/\/www.radiopiu.net\/wordpress\/wp-content\/uploads\/2023\/10\/14.10.23_4-1536x1152.jpeg 1536w, https:\/\/www.radiopiu.net\/wordpress\/wp-content\/uploads\/2023\/10\/14.10.23_4.jpeg 1600w\" sizes=\"auto, (max-width: 300px) 100vw, 300px\" \/><\/a>\n\t\t\t\t<\/dt><\/dl><br style=\"clear: both\" \/>\n\t\t\t<\/div>\n\n<p>&nbsp;<\/p>\n<hr \/>\n<p>&nbsp;<\/p>\n<blockquote>\n<h3>L&#8217;INCONTRO SULLA SANITA&#8217; PUBBLICA A FELTRE<\/h3>\n<\/blockquote>\n<p><strong><a class=\"dt-pswp-item\" href=\"https:\/\/www.radiopiu.net\/wordpress\/wp-content\/uploads\/2023\/10\/IMG-20231014-WA0043.jpg\" data-dt-img-description=\"\" data-large_image_width=\"640\" data-large_image_height=\"480\"><img loading=\"lazy\" decoding=\"async\" class=\" wp-image-356952 alignleft\" src=\"https:\/\/www.radiopiu.net\/wordpress\/wp-content\/uploads\/2023\/10\/IMG-20231014-WA0043-300x225.jpg\" alt=\"\" width=\"165\" height=\"124\" srcset=\"https:\/\/www.radiopiu.net\/wordpress\/wp-content\/uploads\/2023\/10\/IMG-20231014-WA0043-300x225.jpg 300w, https:\/\/www.radiopiu.net\/wordpress\/wp-content\/uploads\/2023\/10\/IMG-20231014-WA0043.jpg 640w\" sizes=\"auto, (max-width: 165px) 100vw, 165px\" \/><\/a>FELTRE <\/strong>Sabato a Feltre, largo Castaldi \u00e8 stato il luogo di un evento in cui diverse lettrici dei Caratteri Atipici hanno letto il racconto &#8220;Spacco il vetro&#8221;. Questo evento ha permesso al pubblico di affrontare il mondo socio-sanitario da una prospettiva interna, grazie a testimonianze di professionisti sanitari, di persone con disagi, e di chi deve affrontare la malattia e le sue sfide finanziarie. Le testimonianze sono state accolte con silenzi e applausi. Durante l&#8217;evento, due rappresentanti delle Associazioni Aurora e Ados hanno fornito testimonianze dal vivo. L&#8217;Associazione Aurora si concentra sull&#8217;auto-mutuo aiuto tra familiari di persone con problemi mentali, mentre Ados offre supporto alle donne e uomini che affrontano interventi al seno a seguito di una diagnosi di tumore. Entrambe le associazioni lavorano per fornire sostegno, combattere lo stigma e migliorare i servizi. L&#8217;evento ha anche affrontato il tema dell&#8217;ospedale di Feltre e della situazione del Servizio Socio Sanitario. L&#8217;onorevole Guido Trento ha parlato della storia dell&#8217;ospedale e della perdita di servizi nel tempo. \u00c8 emersa la necessit\u00e0 di unirsi come comunit\u00e0, al di l\u00e0 delle differenze politiche, per proteggere e migliorare il sistema sanitario. Inoltre, \u00e8 stato invitato il pubblico a partecipare a un evento a Belluno il 28 ottobre per continuare a sollevare queste questioni e lavorare insieme per il bene comune.<\/p>\n<p>&nbsp;<\/p>\n<p>&nbsp;<\/p>\n<hr \/>\n<p>&nbsp;<\/p>\n<blockquote>\n<h3>A BELLUNO UN INCONTRO SUI CONSULTORI FAMIGLIARI<\/h3>\n<\/blockquote>\n<p><strong><a class=\"dt-pswp-item\" href=\"https:\/\/www.radiopiu.net\/wordpress\/wp-content\/uploads\/2023\/10\/IMG-20231015-WA0013.jpg\" data-dt-img-description=\"\" data-large_image_width=\"640\" data-large_image_height=\"480\"><img loading=\"lazy\" decoding=\"async\" class=\" wp-image-356957 alignleft\" src=\"https:\/\/www.radiopiu.net\/wordpress\/wp-content\/uploads\/2023\/10\/IMG-20231015-WA0013-300x225.jpg\" alt=\"\" width=\"165\" height=\"124\" srcset=\"https:\/\/www.radiopiu.net\/wordpress\/wp-content\/uploads\/2023\/10\/IMG-20231015-WA0013-300x225.jpg 300w, https:\/\/www.radiopiu.net\/wordpress\/wp-content\/uploads\/2023\/10\/IMG-20231015-WA0013.jpg 640w\" sizes=\"auto, (max-width: 165px) 100vw, 165px\" \/><\/a>BELLUNO<\/strong> Il consultorio familiare rappresenta un modello ideale per il sistema sanitario, servendo come hub di cura multidimensionale, promuovendo la prevenzione e affrontando i disagi fisici e mentali. Operando in un&#8217;ottica di cura reciproca, offre servizi accessibili e team multidisciplinari, inclusi professionisti come psicologi, ginecologi, assistenti sociali, ostetriche e infermiere, preparati all&#8217;accoglienza. Il consultorio \u00e8 un luogo aperto e inclusivo, indipendentemente dall&#8217;et\u00e0 o dal genere. Si occupa della pianificazione familiare, dalla nascita alla contraccezione, rispettando le scelte delle persone. Affronta anche la violenza sulle donne e offre formazione sulla sessualit\u00e0 e il rispetto. Tuttavia, l&#8217;efficacia dei consultori pu\u00f2 variare da area a area. La comunit\u00e0 \u00e8 invitata a sostenere il riconoscimento e il finanziamento adeguato dei consultori familiari pubblici nella manifestazione in programma il 28 ottobre.<\/p>\n<p>&nbsp;<\/p>\n<p>&nbsp;<\/p>\n<hr \/>\n<p>&nbsp;<\/p>\n<blockquote>\n<h3>DUE DONAZIONI ALL&#8217;ULSS 1 DOLOMITI<\/h3>\n<\/blockquote>\n<p><strong>BELLUNO <\/strong>Il Commissario Giuseppe Dal Ben ha recentemente ringraziato l&#8217;Associazione Mano Amica, la signora Fiorenza Centeleghe e la signora Anna Sartori per le loro donazioni all&#8217;hospice &#8220;Le Vette&#8221; di Feltre. In particolare, la signora Centeleghe ha donato oltre 14.000 euro, che hanno contribuito a coprire il costo di 7 letti attrezzati e 7 tavolini servitori per un totale di 25.000 euro, con il saldo donato da Mano Amica. Le attrezzature sono state posizionate nelle stanze dell&#8217;hospice per migliorare l&#8217;ospitalit\u00e0. La signora Sartori ha donato zanzariere durante l&#8217;estate, e il rimanente costo dell&#8217;intervento, circa 19.000 euro, \u00e8 stato coperto da Mano Amica. Inoltre, l&#8217;Associazione &#8220;La Forza delle Tose&#8221; ha donato un otoscopio diagnostico del valore di circa 900 euro alla Pediatria di Belluno. Questo strumento sar\u00e0 utilizzato per le visite ai piccoli pazienti, e il Commissario Giuseppe Dal Ben ha ringraziato l&#8217;Associazione per la loro generosit\u00e0 e attenzione alla salute dei bambini ospiti della Pediatria.<\/p>\n\n\t\t\t<style type='text\/css'>\n\t\t\t\t#gallery-3 {\n\t\t\t\t\tmargin: auto;\n\t\t\t\t}\n\t\t\t\t#gallery-3 .gallery-item {\n\t\t\t\t\tfloat: left;\n\t\t\t\t\tmargin-top: 10px;\n\t\t\t\t\ttext-align: center;\n\t\t\t\t\twidth: 50%;\n\t\t\t\t}\n\t\t\t\t#gallery-3 img {\n\t\t\t\t\tborder: 2px solid #cfcfcf;\n\t\t\t\t}\n\t\t\t\t#gallery-3 .gallery-caption {\n\t\t\t\t\tmargin-left: 0;\n\t\t\t\t}\n\t\t\t\t\/* see gallery_shortcode() in wp-includes\/media.php *\/\n\t\t\t<\/style>\n\t\t<div id='gallery-3' class='dt-gallery-container gallery galleryid-356842 gallery-columns-2 gallery-size-medium'><dl class='gallery-item'>\n\t\t\t\t<dt class='gallery-icon landscape'>\n\t\t\t\t\t<a class=\"rollover rollover-zoom dt-pswp-item\" title=\"donazione pediatria\" data-dt-img-description=\"\" data-large_image_width=\"2040\" data-large_image_height=\"1530\"href='https:\/\/www.radiopiu.net\/wordpress\/wp-content\/uploads\/2023\/10\/donazione-pediatria.jpeg'><img loading=\"lazy\" decoding=\"async\" width=\"300\" height=\"225\" src=\"https:\/\/www.radiopiu.net\/wordpress\/wp-content\/uploads\/2023\/10\/donazione-pediatria-300x225.jpeg\" class=\"attachment-medium size-medium\" alt=\"\" aria-describedby=\"gallery-3-356910\" srcset=\"https:\/\/www.radiopiu.net\/wordpress\/wp-content\/uploads\/2023\/10\/donazione-pediatria-300x225.jpeg 300w, https:\/\/www.radiopiu.net\/wordpress\/wp-content\/uploads\/2023\/10\/donazione-pediatria-1024x768.jpeg 1024w, https:\/\/www.radiopiu.net\/wordpress\/wp-content\/uploads\/2023\/10\/donazione-pediatria-768x576.jpeg 768w, https:\/\/www.radiopiu.net\/wordpress\/wp-content\/uploads\/2023\/10\/donazione-pediatria-1536x1152.jpeg 1536w, https:\/\/www.radiopiu.net\/wordpress\/wp-content\/uploads\/2023\/10\/donazione-pediatria.jpeg 2040w\" sizes=\"auto, (max-width: 300px) 100vw, 300px\" \/><\/a>\n\t\t\t\t<\/dt>\n\t\t\t\t\t<dd class='wp-caption-text gallery-caption' id='gallery-3-356910'>\n\t\t\t\t\tDONAZIONE PEDIATRIA\n\t\t\t\t\t<\/dd><\/dl><dl class='gallery-item'>\n\t\t\t\t<dt class='gallery-icon landscape'>\n\t\t\t\t\t<a class=\"rollover rollover-zoom dt-pswp-item\" title=\"mano amica\" data-dt-img-description=\"\" data-large_image_width=\"2560\" data-large_image_height=\"1920\"href='https:\/\/www.radiopiu.net\/wordpress\/wp-content\/uploads\/2023\/10\/mano-amica-scaled.jpg'><img loading=\"lazy\" decoding=\"async\" width=\"300\" height=\"225\" src=\"https:\/\/www.radiopiu.net\/wordpress\/wp-content\/uploads\/2023\/10\/mano-amica-300x225.jpg\" class=\"attachment-medium size-medium\" alt=\"\" aria-describedby=\"gallery-3-356911\" srcset=\"https:\/\/www.radiopiu.net\/wordpress\/wp-content\/uploads\/2023\/10\/mano-amica-300x225.jpg 300w, https:\/\/www.radiopiu.net\/wordpress\/wp-content\/uploads\/2023\/10\/mano-amica-1024x768.jpg 1024w, https:\/\/www.radiopiu.net\/wordpress\/wp-content\/uploads\/2023\/10\/mano-amica-768x576.jpg 768w, https:\/\/www.radiopiu.net\/wordpress\/wp-content\/uploads\/2023\/10\/mano-amica-1536x1152.jpg 1536w, https:\/\/www.radiopiu.net\/wordpress\/wp-content\/uploads\/2023\/10\/mano-amica-2048x1536.jpg 2048w\" sizes=\"auto, (max-width: 300px) 100vw, 300px\" \/><\/a>\n\t\t\t\t<\/dt>\n\t\t\t\t\t<dd class='wp-caption-text gallery-caption' id='gallery-3-356911'>\n\t\t\t\t\tDONAZIONE MANO AMICA\n\t\t\t\t\t<\/dd><\/dl><br style=\"clear: both\" \/>\n\t\t\t<\/div>\n\n<p>&nbsp;<\/p>\n<hr \/>\n<p>&nbsp;<\/p>\n<blockquote>\n<h1>LA FOTO, \u00a0giornata nazionale io non rischio a Belluno<\/h1>\n<\/blockquote>\n<p><a class=\"dt-pswp-item\" href=\"https:\/\/www.radiopiu.net\/wordpress\/wp-content\/uploads\/2023\/10\/8c0e72cc-1e1a-439e-8fe0-df7f76a74085.jpg\" data-dt-img-description=\"\" data-large_image_width=\"1024\" data-large_image_height=\"576\"><img loading=\"lazy\" decoding=\"async\" class=\"alignnone wp-image-357038 size-full\" src=\"https:\/\/www.radiopiu.net\/wordpress\/wp-content\/uploads\/2023\/10\/8c0e72cc-1e1a-439e-8fe0-df7f76a74085.jpg\" alt=\"\" width=\"1024\" height=\"576\" srcset=\"https:\/\/www.radiopiu.net\/wordpress\/wp-content\/uploads\/2023\/10\/8c0e72cc-1e1a-439e-8fe0-df7f76a74085.jpg 1024w, https:\/\/www.radiopiu.net\/wordpress\/wp-content\/uploads\/2023\/10\/8c0e72cc-1e1a-439e-8fe0-df7f76a74085-300x169.jpg 300w, https:\/\/www.radiopiu.net\/wordpress\/wp-content\/uploads\/2023\/10\/8c0e72cc-1e1a-439e-8fe0-df7f76a74085-768x432.jpg 768w\" sizes=\"auto, (max-width: 1024px) 100vw, 1024px\" \/><\/a><\/p>\n<p>&nbsp;<\/p>\n<hr \/>\n<p>&nbsp;<\/p>\n<blockquote>\n<h3>TAVOLA ROTONDA SU OLIMPIADI E ACCESSIBILITA\u2019<\/h3>\n<\/blockquote>\n<p><strong><a class=\"dt-pswp-item\" href=\"https:\/\/www.radiopiu.net\/wordpress\/wp-content\/uploads\/2023\/10\/SCR-20231015-jmin.png\" data-dt-img-description=\"\" data-large_image_width=\"1342\" data-large_image_height=\"782\"><img loading=\"lazy\" decoding=\"async\" class=\" wp-image-356908 alignleft\" src=\"https:\/\/www.radiopiu.net\/wordpress\/wp-content\/uploads\/2023\/10\/SCR-20231015-jmin-300x175.png\" alt=\"\" width=\"187\" height=\"109\" srcset=\"https:\/\/www.radiopiu.net\/wordpress\/wp-content\/uploads\/2023\/10\/SCR-20231015-jmin-300x175.png 300w, https:\/\/www.radiopiu.net\/wordpress\/wp-content\/uploads\/2023\/10\/SCR-20231015-jmin-1024x597.png 1024w, https:\/\/www.radiopiu.net\/wordpress\/wp-content\/uploads\/2023\/10\/SCR-20231015-jmin-768x448.png 768w, https:\/\/www.radiopiu.net\/wordpress\/wp-content\/uploads\/2023\/10\/SCR-20231015-jmin.png 1342w\" sizes=\"auto, (max-width: 187px) 100vw, 187px\" \/><\/a>BELLUNO <\/strong>Dopo la mostra \u201cParalympic Emotions\u201d che sar\u00e0 inaugurata venerd\u00ec 20 ottobre alle 11 a Palazzo Bembo, un convegno. \u201cPer un territorio accessibile e inclusivo. Opportunit\u00e0 finanziarie e strategie regionali per rendere accessibile il territorio bellunese\u201d, \u00e8 questo il tema della tavola rotonda organizzata dalla Regione Veneto e dal Comune di Belluno per affrontare, con portatori di interesse privati e istituzioni il grande tema dell\u2019accessibilit\u00e0 in vista dell\u2019appuntamento olimpico. L\u2019appuntamento sar\u00e0 domani alle 14.30 nella Sala dell\u2019Affresco al primo piano di Palazzo Bembo.<\/p>\n<p>&nbsp;<\/p>\n<p>&nbsp;<\/p>\n<hr \/>\n<p>&nbsp;<\/p>\n<blockquote>\n<h3>AD ALANO DI PIAVE E A QUERO VAS SI RAFFORZA IL SERVIZIO DELLO SPI CGIL<\/h3>\n<\/blockquote>\n<p><strong><a class=\"dt-pswp-item\" href=\"https:\/\/www.radiopiu.net\/wordpress\/wp-content\/uploads\/2023\/02\/SPI-CGIL.png\" data-dt-img-description=\"\" data-large_image_width=\"278\" data-large_image_height=\"244\"><img loading=\"lazy\" decoding=\"async\" class=\" wp-image-322694 alignleft\" src=\"https:\/\/www.radiopiu.net\/wordpress\/wp-content\/uploads\/2023\/02\/SPI-CGIL.png\" alt=\"\" width=\"128\" height=\"112\" \/><\/a>BELLUNO<\/strong> Lo Spi Cgil sta rafforzando la sua presenza nelle Sedi di incontro territoriali per assistere le persone anziane con pratiche assistenziali, previdenziali e fiscali. Questo impegno \u00e8 mirato a essere vicini alle persone anziane nei territori remoti con una limitata presenza di trasporto pubblico e difficili orari di accesso. Gli orari di assistenza sono stati ampliati presso la sede Auser di Quero Vas in via Nazionale, con l&#8217;obiettivo di rispondere alle domande riguardanti pensioni, assegni familiari, Isee, Red, 730, invalidit\u00e0 civile, bonus e diritti inespressi.\u00a0Inoltre, l&#8217;attivit\u00e0 di consulenza e supporto si svolge ora anche presso il Municipio di Alano di Piave con orari specifici: Alano: luned\u00ec dalle 09:00 alle 10:30. Quero: luned\u00ec dalle 10:45 alle 12:00 e gioved\u00ec dalle 09:00 alle 11:00.<\/p>\n<p>&nbsp;<\/p>\n<p>&nbsp;<\/p>\n<hr \/>\n<p>&nbsp;<\/p>\n<blockquote>\n<h3>IL CONSIGLIO COMUNALE DI ALLEGHE<\/h3>\n<\/blockquote>\n<p><strong>ALLEGHE<\/strong> Il sindaco Danilo De Toni ha convocato il consiglio comunale per oggi alle 20:30 nella sala consigliare del municipio. Sono 7 i punti da discutere tra cui l&#8217;adeguamento del regolamento del Gruppo Comunale di Protezione Civile, due variazioni a bilancio, l&#8217;approvazione dello schema di convenzione con l&#8217;Unione Montana Agordina per il servizio di segreteria e l&#8217;acquisto di un terreno in localit\u00e0 Coldemies.<\/p>\n<p>&nbsp;<\/p>\n<p>&nbsp;<\/p>\n<hr \/>\n<p>&nbsp;<\/p>\n<blockquote>\n<h3>MERCOLEDI&#8217; IL CONSIGLIO COMUNALE DI AGORDO<\/h3>\n<\/blockquote>\n<p><strong>AGORDO<\/strong> Il sindaco di Agordo Roberto Chissal\u00e8 ha convocato il consiglio comunale per mercoled\u00ec alle 16. Due i punti da discutere: una variazione a bilancio e gli eventi meteo di agosto con un verbale di somma urgenza e perizia.<\/p>\n<p>&nbsp;<\/p>\n<p>&nbsp;<\/p>\n<hr \/>\n<p>&nbsp;<\/p>\n<blockquote>\n<h3>ANCHE A CENCENIGHE IL CONSIGLIO COMUNALE<\/h3>\n<\/blockquote>\n<p><strong>CENCENIGHE<\/strong> Il sindaco di Cencenighe Mauro Soppelsa ha convocato il consglio comunale per venerd\u00ec alle 20:30. Quattro punti all&#8217;ordine del giorno tra cui una variazione a bilancio e la fusione tra BIM GSP e BIM Infrastrutture<\/p>\n<p>&nbsp;<\/p>\n<p>&nbsp;<\/p>\n<hr \/>\n<p>&nbsp;<\/p>\n<blockquote>\n<h2><strong><a class=\"dt-pswp-item\" href=\"https:\/\/www.radiopiu.net\/wordpress\/wp-content\/uploads\/2018\/06\/logo_Ulss1-Belluno.jpg\" data-dt-img-description=\"\" data-large_image_width=\"190\" data-large_image_height=\"190\"><img loading=\"lazy\" decoding=\"async\" class=\"size-full wp-image-50742 aligncenter\" src=\"https:\/\/www.radiopiu.net\/wordpress\/wp-content\/uploads\/2018\/06\/logo_Ulss1-Belluno.jpg\" alt=\"\" width=\"190\" height=\"190\" srcset=\"https:\/\/www.radiopiu.net\/wordpress\/wp-content\/uploads\/2018\/06\/logo_Ulss1-Belluno.jpg 190w, https:\/\/www.radiopiu.net\/wordpress\/wp-content\/uploads\/2018\/06\/logo_Ulss1-Belluno-150x150.jpg 150w\" sizes=\"auto, (max-width: 190px) 100vw, 190px\" \/><\/a>\u00a0<\/strong><\/h2>\n<h2><strong>Salute mentale: i prossimi open day\u00a0<\/strong><\/h2>\n<\/blockquote>\n<p>Continua il ciclo di Open Day presso le sedi dei Centri di Salute Mentale del territorio, promossi dall\u2019Ulss Dolomiti con il Dipartimento di Salute Mentale. L\u2019Open Day rappresenta un punto di ascolto dedicato per trovare aiuto, avere informazioni su come approcciarsi a persone vicine in difficolt\u00e0 e trovare un supporto. Dopo il CSM di Agordo della scorsa settimana, i prossimi open day si terranno: 21 ottobre a Belluno<\/p>\n<blockquote>\n\t\t\t<style type='text\/css'>\n\t\t\t\t#gallery-4 {\n\t\t\t\t\tmargin: auto;\n\t\t\t\t}\n\t\t\t\t#gallery-4 .gallery-item {\n\t\t\t\t\tfloat: left;\n\t\t\t\t\tmargin-top: 10px;\n\t\t\t\t\ttext-align: center;\n\t\t\t\t\twidth: 100%;\n\t\t\t\t}\n\t\t\t\t#gallery-4 img {\n\t\t\t\t\tborder: 2px solid #cfcfcf;\n\t\t\t\t}\n\t\t\t\t#gallery-4 .gallery-caption {\n\t\t\t\t\tmargin-left: 0;\n\t\t\t\t}\n\t\t\t\t\/* see gallery_shortcode() in wp-includes\/media.php *\/\n\t\t\t<\/style>\n\t\t<div id='gallery-4' class='dt-gallery-container gallery galleryid-356842 gallery-columns-1 gallery-size-thumbnail'><dl class='gallery-item'>\n\t\t\t\t<dt class='gallery-icon landscape'>\n\t\t\t\t\t<a class=\"rollover rollover-zoom dt-pswp-item\" title=\"open day salute mentale_13.10\" data-dt-img-description=\"\" data-large_image_width=\"1080\" data-large_image_height=\"1080\"href='https:\/\/www.radiopiu.net\/wordpress\/wp-content\/uploads\/2023\/10\/open-day-salute-mentale_13.10.png'><img loading=\"lazy\" decoding=\"async\" width=\"150\" height=\"150\" src=\"https:\/\/www.radiopiu.net\/wordpress\/wp-content\/uploads\/2023\/10\/open-day-salute-mentale_13.10-150x150.png\" class=\"attachment-thumbnail size-thumbnail\" alt=\"\" srcset=\"https:\/\/www.radiopiu.net\/wordpress\/wp-content\/uploads\/2023\/10\/open-day-salute-mentale_13.10-150x150.png 150w, https:\/\/www.radiopiu.net\/wordpress\/wp-content\/uploads\/2023\/10\/open-day-salute-mentale_13.10-300x300.png 300w, https:\/\/www.radiopiu.net\/wordpress\/wp-content\/uploads\/2023\/10\/open-day-salute-mentale_13.10-1024x1024.png 1024w, https:\/\/www.radiopiu.net\/wordpress\/wp-content\/uploads\/2023\/10\/open-day-salute-mentale_13.10-768x768.png 768w, https:\/\/www.radiopiu.net\/wordpress\/wp-content\/uploads\/2023\/10\/open-day-salute-mentale_13.10.png 1080w\" sizes=\"auto, (max-width: 150px) 100vw, 150px\" \/><\/a>\n\t\t\t\t<\/dt><\/dl><br style=\"clear: both\" \/>\n\t\t\t<\/div>\n\n<h2><\/h2>\n<h2>Giornata mondiale della menopausa: le iniziative<\/h2>\n<\/blockquote>\n<p>In occasione della Giornata mondiale della menopausa, l\u2019Ulss Dolomiti promuove due incontri aperti alla cittadinanza dedicati a questo periodo delicato della donna. Marted\u00ec 17 ottobre dalle 20 nella Sala Convegni dell\u2019Ospedale di Feltre si terr\u00e0 l\u2019incontro dal titolo \u201cMeno pannoloni, pi\u00f9 soluzioni! Come possiamo gestire l\u2019incontinenza urinaria in menopausa\u201d, con Chiara De Zordo &#8211; Ginecologa e Astrid Lovatel \u2013 Ostetrica. \u00a0 Mercoled\u00ec 18 ottobre dalle 17.00 in Ostetricia e Ginecologia dell\u2019Ospedale di Belluno si terr\u00e0 l\u2019incontro \u201cMenopausa&#8230;non \u00e8 solo questione di ormoni!\u201d.<\/p>\n<p>&nbsp;<\/p>\n<p>&nbsp;<\/p>\n<hr \/>\n<p>&nbsp;<\/p>\n<blockquote>\n<h3>RIVALUTAZIONE DEL TFR: PER PMI VENETE COSTO IN PIU&#8217; FINO A 2.600 EURO A DIPENDENTE<\/h3>\n<\/blockquote>\n<p><strong><a class=\"dt-pswp-item\" href=\"https:\/\/www.radiopiu.net\/wordpress\/wp-content\/uploads\/2023\/10\/Schermata-2023-10-14-alle-09.50.16.png\" data-dt-img-description=\"\" data-large_image_width=\"1074\" data-large_image_height=\"500\"><img loading=\"lazy\" decoding=\"async\" class=\"size-medium wp-image-356861 alignleft\" src=\"https:\/\/www.radiopiu.net\/wordpress\/wp-content\/uploads\/2023\/10\/Schermata-2023-10-14-alle-09.50.16-300x140.png\" alt=\"\" width=\"300\" height=\"140\" srcset=\"https:\/\/www.radiopiu.net\/wordpress\/wp-content\/uploads\/2023\/10\/Schermata-2023-10-14-alle-09.50.16-300x140.png 300w, https:\/\/www.radiopiu.net\/wordpress\/wp-content\/uploads\/2023\/10\/Schermata-2023-10-14-alle-09.50.16-1024x477.png 1024w, https:\/\/www.radiopiu.net\/wordpress\/wp-content\/uploads\/2023\/10\/Schermata-2023-10-14-alle-09.50.16-768x358.png 768w, https:\/\/www.radiopiu.net\/wordpress\/wp-content\/uploads\/2023\/10\/Schermata-2023-10-14-alle-09.50.16.png 1074w\" sizes=\"auto, (max-width: 300px) 100vw, 300px\" \/><\/a>Una vera e propria stangata. Il boom dell\u2019inflazione ha causato una forte rivalutazione del Trattamento di Fine Rapporto (TFR) che anche alle piccole imprese venete potrebbe costare quest\u2019anno fino a quasi 2.600 euro in pi\u00f9 a dipendente.<\/strong><\/p>\n<p>I calcoli li ha fatti l\u2019Ufficio studi della CGIA, ricordando che i dipendenti delle piccole imprese con meno di 50 addetti hanno la possibilit\u00e0 di trasferire il proprio TFR in un fondo di previdenza complementare, oppure di lasciarlo in azienda. Ancorch\u00e8 non vi sia un riscontro statistico puntuale, una buona parte dei dipendenti che lavora in queste realt\u00e0 minori opta da sempre per la seconda ipotesi. Ogni anno, pertanto, l\u2019ammontare del TFR accantonato viene rivalutato, cos\u00ec come previsto dalla legge, dell\u20191,5 per cento a cui si aggiunge il 75 per cento della variazione dell\u2019inflazione conseguita a dicembre rispetto allo stesso mese dell\u2019anno precedente. Nell\u2019elaborazione si \u00e8 tenuto in considerazione che quanto accantonato per ciascun dipendente \u00e8 legato all\u2019anzianit\u00e0 di servizio e che a dicembre del 2022 l\u2019inflazione \u00e8 aumentata dell\u201911 per cento rispetto allo stesso mese del 2021.<\/p>\n<p><a class=\"dt-pswp-item\" href=\"https:\/\/www.radiopiu.net\/wordpress\/wp-content\/uploads\/2023\/10\/Schermata-2023-10-14-alle-09.50.31.png\" data-dt-img-description=\"\" data-large_image_width=\"1262\" data-large_image_height=\"756\"><img loading=\"lazy\" decoding=\"async\" class=\"size-medium wp-image-356862 alignleft\" src=\"https:\/\/www.radiopiu.net\/wordpress\/wp-content\/uploads\/2023\/10\/Schermata-2023-10-14-alle-09.50.31-300x180.png\" alt=\"\" width=\"300\" height=\"180\" srcset=\"https:\/\/www.radiopiu.net\/wordpress\/wp-content\/uploads\/2023\/10\/Schermata-2023-10-14-alle-09.50.31-300x180.png 300w, https:\/\/www.radiopiu.net\/wordpress\/wp-content\/uploads\/2023\/10\/Schermata-2023-10-14-alle-09.50.31-1024x613.png 1024w, https:\/\/www.radiopiu.net\/wordpress\/wp-content\/uploads\/2023\/10\/Schermata-2023-10-14-alle-09.50.31-768x460.png 768w, https:\/\/www.radiopiu.net\/wordpress\/wp-content\/uploads\/2023\/10\/Schermata-2023-10-14-alle-09.50.31.png 1262w\" sizes=\"auto, (max-width: 300px) 100vw, 300px\" \/><\/a>Pertanto, l\u2019Ufficio studi della CGIA ha ipotizzato che un lavoratore che timbra il cartellino da 5 anni presso la stessa azienda con meno di 50 addetti, la rivalutazione del suo TFR provocher\u00e0 nel bilancio 2023 un incremento dei costi pari a 593 euro rispetto a quanto \u00e8 stato riconosciuto al proprio dipendente sempre con questa operazione nel periodo che va dalla sua assunzione fino al 2020. Se, invece, l\u2019anzianit\u00e0 lavorativa \u00e8 di 10 anni, l\u2019aggravio \u00e8 stato di 1.375 euro, con 15 anni di servizio, invece, l\u2019incremento \u00e8 di 2.003 euro. Se, infine, \u00e8 da 20 anni che il dipendente varca ogni giorno le porte dell\u2019azienda, l\u2019extracosto per quest\u2019ultima ha toccato i 2.594 euro (vedi Tab. 1).<\/p>\n<p>Va segnalato che, tendenzialmente, i lavoratori dipendenti delle piccole imprese hanno un\u2019anzianit\u00e0 di servizio pi\u00f9 contenuta dei colleghi occupati nelle realt\u00e0 pi\u00f9 grandi. Imprese, queste ultime, che in virt\u00f9 della corresponsione di retribuzioni pi\u00f9 \u201cpesanti\u201d presentano, tendenzialmente, un turn-over meno \u201caccentuato\u201d delle aziende con dimensioni minori.<\/p>\n<p><strong>Mantenerlo in azienda \u00e8 un vantaggio per gli imprenditori<\/strong><br \/>\nE\u2019 comunque utile precisare che il TFR \u00e8 una forma di salario differito; se il dipendente decide di \u201clasciarlo\u201d in azienda, le conseguenze finanziare possono essere anche negative, cos\u00ec come \u00e8 successo quest\u2019anno. Tuttavia, \u00e8 comunque auspicabile per l\u2019impresa che il dipendente mantenga questa decisione. Infatti, per fronteggiare la mancanza di liquidit\u00e0 che da sempre contraddistingue la quotidianit\u00e0 di queste realt\u00e0 avere a disposizione delle risorse aggiuntive, sebbene non siano \u201cproprie\u201d, \u00e8 importante. Soldi che, comunque, l\u2019imprenditore ha in \u201cprestito\u201d e deve almeno in parte corrispondere al proprio dipendente quando quest\u2019ultimo durante il periodo lavorativo lo richiede o interamente al termine del rapporto di lavoro.<\/p>\n<p><strong>Al Sud la situazione pi\u00f9 critica. In Veneto a rischio Rovigo<\/strong><br \/>\nNon avendo a disposizione i dati riferiti al numero di lavoratori dipendenti occupati nelle imprese con meno di 50 addetti che hanno deciso di trasferire il proprio TFR nei fondi pensione, a livello territoriale possiamo ipotizzare che le realt\u00e0 imprenditoriali finanziariamente pi\u00f9 \u201ccolpite\u201d dalla rivalutazione delle liquidazioni dei propri dipendenti siano state quelle ubicate nei territori dove il peso delle piccole aziende in termini di addetti \u00e8 maggiore. Pertanto, la situazione pi\u00f9 critica dovrebbe aver interessato il Mezzogiorno e in particolar modo Vibo Valentia, dove il 91 per cento delle imprese con dipendenti presenti in provincia ha meno di 50 addetti. Seguono Trapani (89,3 per cento), Agrigento (88,7 per cento), Nuoro (88,3 per cento) e Campobasso (86,1 per cento). Il Veneto si colloca nella parte bassa della classifica nazionale. Tra le 107 province esaminate, Rovigo \u00e8 al 50\u00b0 posto, con 31.818 addetti che lavorano nelle piccole realt\u00e0 con meno di 50 addetti. Questa platea ha un peso sul totale addetti del 72 per cento. Seguono Treviso con 58,9, Padova con 56,6, Venezia con 55,2 per cento e di seguito tutte le altre. Insomma, se le nostre piccole imprese con meno di 50 addetti hanno performance economiche tra le pi\u00f9 elevate del Paese, in termini numerici, il loro peso sul totale \u00e8 pi\u00f9 contenuto di altre regioni.<\/p>\n<p>&nbsp;<\/p>\n<p class=\"p1\"><em><b>ALCUNE NOTE TECNICHE SUL TFR<\/b><\/em><\/p>\n<p class=\"p2\"><em>Alla cessazione del rapporto di lavoro dipendente, il lavoratore ha diritto ad un trattamento di fine rapporto. Tale trattamento corrisponde alla somma di accantonamenti annui parametrati sulla sua retribuzione lorda. In particolare la quota di TFR annuo \u00e8 pari al 6,91% della sua retribuzione lorda annua (retribuzione lorda divisa per 13,5 al netto della contribuzione aggiuntiva pari allo 0,5% della retribuzione stessa).<\/em><\/p>\n<p class=\"p2\"><em>II lavoratore dipendente pu\u00f2 decidere di lasciare il TFR in azienda, oppure di dare disposizione al proprio datore di lavoro affinch\u00e8 provveda a trasferirlo ad un fondo di previdenza complementare. Il TFR lasciato in azienda viene accantonato in un apposito Fondo dalle imprese con meno di 50 dipendenti e versato nel Fondo di tesoreria INPS dalle imprese con oltre 50 dipendenti.<\/em><\/p>\n<p class=\"p2\"><em>Il TFR non destinato alla previdenza complementare, sia che rimanga in azienda sia che confluisca presso il Fondo tesoreria dell\u2019INPS, viene annualmente rivalutato al fine di preservarne il valore dall\u2019inflazione.Nel caso di aziende con almeno 50 dipendenti, l\u2019onere della rivalutazione rimane a carico del Fondo tesoreria INPS, mentre per quelle al di sotto il peso della rivalutazione \u00e8 in capo ai titolari.<\/em><\/p>\n<p class=\"p2\"><em>La rivalutazione annua del TFR si effettua applicando a quanto accantonato (con esclusione della quota maturata nell\u2019anno), un tasso costituito dall\u2019 1,5% in misura fissa e dal 75% dell\u2019aumento dell\u2019inflazione rispetto al mese di dicembre dell\u2019anno precedente.<\/em><\/p>\n<p class=\"p2\"><em>Per l\u2019anno 2022 il tasso di rivalutazione \u00e8 stato particolarmente alto, pari a 9,974576%, risultando dalla somma del tasso fisso 1,5% e dal 75% della variazione dell\u2019inflazione pari all\u201911%. Di conseguenza, nel 2022 le imprese con meno di 50 dipendenti hanno visto aumentare in maniera considerevole il peso della rivalutazione del TFR che i dipendenti hanno scelto di non destinare ai fondi pensione.<\/em><\/p>\n<p>&nbsp;<\/p>\n<p>&nbsp;<\/p>\n<hr \/>\n<p>&nbsp;<\/p>\n<blockquote>\n<h3>JOLANDA DE NARDIN PREMIATA DA 50&amp;PIU&#8217;<\/h3>\n<\/blockquote>\n<p><strong>LONGARONE<\/strong> Si \u00e8 tenuta a Longarone Fiere la premiazione dell&#8217;associazione \u201c50&amp;Pi\u00f9 Belluno\u201d aderente a Confcommercio. Premiati i \u201cMaestri del Commercio\u201d che hanno esercitato l\u2019attivit\u00e0 commerciale, turistica o dei servizi per pi\u00f9 di 25, 40 e 50 anni. Tra loro anche Jolanda De Nardin che da una vita gestisce il Bar Della Stazione ad Agordo.<br \/>\nFoto Jolanda con il vice presidente nazionale di 50&amp;PIU&#8217;\u00a0 Franco Bonini<\/p>\n\n\t\t\t<style type='text\/css'>\n\t\t\t\t#gallery-5 {\n\t\t\t\t\tmargin: auto;\n\t\t\t\t}\n\t\t\t\t#gallery-5 .gallery-item {\n\t\t\t\t\tfloat: left;\n\t\t\t\t\tmargin-top: 10px;\n\t\t\t\t\ttext-align: center;\n\t\t\t\t\twidth: 33%;\n\t\t\t\t}\n\t\t\t\t#gallery-5 img {\n\t\t\t\t\tborder: 2px solid #cfcfcf;\n\t\t\t\t}\n\t\t\t\t#gallery-5 .gallery-caption {\n\t\t\t\t\tmargin-left: 0;\n\t\t\t\t}\n\t\t\t\t\/* see gallery_shortcode() in wp-includes\/media.php *\/\n\t\t\t<\/style>\n\t\t<div id='gallery-5' class='dt-gallery-container gallery galleryid-356842 gallery-columns-3 gallery-size-thumbnail'><dl class='gallery-item'>\n\t\t\t\t<dt class='gallery-icon landscape'>\n\t\t\t\t\t<a class=\"rollover rollover-zoom dt-pswp-item\" title=\"570d5952-f057-4f96-b169-563774c2a09c\" data-dt-img-description=\"\" data-large_image_width=\"1600\" data-large_image_height=\"1141\"href='https:\/\/www.radiopiu.net\/wordpress\/wp-content\/uploads\/2023\/10\/570d5952-f057-4f96-b169-563774c2a09c-1.jpg'><img loading=\"lazy\" decoding=\"async\" width=\"150\" height=\"150\" src=\"https:\/\/www.radiopiu.net\/wordpress\/wp-content\/uploads\/2023\/10\/570d5952-f057-4f96-b169-563774c2a09c-1-150x150.jpg\" class=\"attachment-thumbnail size-thumbnail\" alt=\"\" \/><\/a>\n\t\t\t\t<\/dt><\/dl><dl class='gallery-item'>\n\t\t\t\t<dt class='gallery-icon portrait'>\n\t\t\t\t\t<a class=\"rollover rollover-zoom dt-pswp-item\" title=\"b86d19a6-7c45-4255-88e9-7fd8dab5d618\" data-dt-img-description=\"\" data-large_image_width=\"1530\" data-large_image_height=\"2040\"href='https:\/\/www.radiopiu.net\/wordpress\/wp-content\/uploads\/2023\/10\/b86d19a6-7c45-4255-88e9-7fd8dab5d618.jpg'><img loading=\"lazy\" decoding=\"async\" width=\"150\" height=\"150\" src=\"https:\/\/www.radiopiu.net\/wordpress\/wp-content\/uploads\/2023\/10\/b86d19a6-7c45-4255-88e9-7fd8dab5d618-150x150.jpg\" class=\"attachment-thumbnail size-thumbnail\" alt=\"\" \/><\/a>\n\t\t\t\t<\/dt><\/dl><dl class='gallery-item'>\n\t\t\t\t<dt class='gallery-icon portrait'>\n\t\t\t\t\t<a class=\"rollover rollover-zoom dt-pswp-item\" title=\"128ae53d-4e57-458d-a02b-fff4c11a984a\" data-dt-img-description=\"\" data-large_image_width=\"1530\" data-large_image_height=\"2040\"href='https:\/\/www.radiopiu.net\/wordpress\/wp-content\/uploads\/2023\/10\/128ae53d-4e57-458d-a02b-fff4c11a984a.jpg'><img loading=\"lazy\" decoding=\"async\" width=\"150\" height=\"150\" src=\"https:\/\/www.radiopiu.net\/wordpress\/wp-content\/uploads\/2023\/10\/128ae53d-4e57-458d-a02b-fff4c11a984a-150x150.jpg\" class=\"attachment-thumbnail size-thumbnail\" alt=\"\" \/><\/a>\n\t\t\t\t<\/dt><\/dl><br style=\"clear: both\" \/>\n\t\t\t<\/div>\n\n<p>&nbsp;<\/p>\n<div style=\"width: 848px;\" class=\"wp-video\"><video class=\"wp-video-shortcode\" id=\"video-356842-1\" width=\"848\" height=\"480\" preload=\"metadata\" controls=\"controls\"><source type=\"video\/mp4\" src=\"https:\/\/www.radiopiu.net\/wordpress\/wp-content\/uploads\/2023\/10\/WhatsApp-Video-2023-10-15-at-12.50.45.mp4?_=1\" \/><a href=\"https:\/\/www.radiopiu.net\/wordpress\/wp-content\/uploads\/2023\/10\/WhatsApp-Video-2023-10-15-at-12.50.45.mp4\">https:\/\/www.radiopiu.net\/wordpress\/wp-content\/uploads\/2023\/10\/WhatsApp-Video-2023-10-15-at-12.50.45.mp4<\/a><\/video><\/div>\n<p>&nbsp;<\/p>\n<p>&nbsp;<\/p>\n<blockquote>\n<h2>I 50 DI AMALIA AL TABIA&#8217; DI FEDER<\/h2>\n<\/blockquote>\n<p><strong>LONGARONE<\/strong> Si \u00e8 tenuta a Longarone Fiere la premiazione dell&#8217;associazione \u201c50&amp;Pi\u00f9 Belluno\u201d aderente a Confcommercio. Premiati i \u201cMaestri del Commercio\u201d che hanno esercitato l\u2019attivit\u00e0 commerciale, turistica o dei servizi per pi\u00f9 di 25, 40 e 50 anni. Tra loro anche Amalia Pescosta, da 50 anni al Tabi\u00e0 di Feder<\/p>\n\n\t\t\t<style type='text\/css'>\n\t\t\t\t#gallery-6 {\n\t\t\t\t\tmargin: auto;\n\t\t\t\t}\n\t\t\t\t#gallery-6 .gallery-item {\n\t\t\t\t\tfloat: left;\n\t\t\t\t\tmargin-top: 10px;\n\t\t\t\t\ttext-align: center;\n\t\t\t\t\twidth: 50%;\n\t\t\t\t}\n\t\t\t\t#gallery-6 img {\n\t\t\t\t\tborder: 2px solid #cfcfcf;\n\t\t\t\t}\n\t\t\t\t#gallery-6 .gallery-caption {\n\t\t\t\t\tmargin-left: 0;\n\t\t\t\t}\n\t\t\t\t\/* see gallery_shortcode() in wp-includes\/media.php *\/\n\t\t\t<\/style>\n\t\t<div id='gallery-6' class='dt-gallery-container gallery galleryid-356842 gallery-columns-2 gallery-size-medium'><dl class='gallery-item'>\n\t\t\t\t<dt class='gallery-icon landscape'>\n\t\t\t\t\t<a class=\"rollover rollover-zoom dt-pswp-item\" title=\"a4ee1082-c572-4ad8-82fa-096bf4c94f6c\" data-dt-img-description=\"\" data-large_image_width=\"1599\" data-large_image_height=\"899\"href='https:\/\/www.radiopiu.net\/wordpress\/wp-content\/uploads\/2023\/10\/a4ee1082-c572-4ad8-82fa-096bf4c94f6c.jpg'><img loading=\"lazy\" decoding=\"async\" width=\"300\" height=\"169\" src=\"https:\/\/www.radiopiu.net\/wordpress\/wp-content\/uploads\/2023\/10\/a4ee1082-c572-4ad8-82fa-096bf4c94f6c-300x169.jpg\" class=\"attachment-medium size-medium\" alt=\"\" srcset=\"https:\/\/www.radiopiu.net\/wordpress\/wp-content\/uploads\/2023\/10\/a4ee1082-c572-4ad8-82fa-096bf4c94f6c-300x169.jpg 300w, https:\/\/www.radiopiu.net\/wordpress\/wp-content\/uploads\/2023\/10\/a4ee1082-c572-4ad8-82fa-096bf4c94f6c-1024x576.jpg 1024w, https:\/\/www.radiopiu.net\/wordpress\/wp-content\/uploads\/2023\/10\/a4ee1082-c572-4ad8-82fa-096bf4c94f6c-768x432.jpg 768w, https:\/\/www.radiopiu.net\/wordpress\/wp-content\/uploads\/2023\/10\/a4ee1082-c572-4ad8-82fa-096bf4c94f6c-1536x864.jpg 1536w, https:\/\/www.radiopiu.net\/wordpress\/wp-content\/uploads\/2023\/10\/a4ee1082-c572-4ad8-82fa-096bf4c94f6c.jpg 1599w\" sizes=\"auto, (max-width: 300px) 100vw, 300px\" \/><\/a>\n\t\t\t\t<\/dt><\/dl><dl class='gallery-item'>\n\t\t\t\t<dt class='gallery-icon landscape'>\n\t\t\t\t\t<a class=\"rollover rollover-zoom dt-pswp-item\" title=\"81b376eb-bb66-495b-b311-b54152c84b10\" data-dt-img-description=\"\" data-large_image_width=\"1600\" data-large_image_height=\"1200\"href='https:\/\/www.radiopiu.net\/wordpress\/wp-content\/uploads\/2023\/10\/81b376eb-bb66-495b-b311-b54152c84b10.jpg'><img loading=\"lazy\" decoding=\"async\" width=\"300\" height=\"225\" src=\"https:\/\/www.radiopiu.net\/wordpress\/wp-content\/uploads\/2023\/10\/81b376eb-bb66-495b-b311-b54152c84b10-300x225.jpg\" class=\"attachment-medium size-medium\" alt=\"\" srcset=\"https:\/\/www.radiopiu.net\/wordpress\/wp-content\/uploads\/2023\/10\/81b376eb-bb66-495b-b311-b54152c84b10-300x225.jpg 300w, https:\/\/www.radiopiu.net\/wordpress\/wp-content\/uploads\/2023\/10\/81b376eb-bb66-495b-b311-b54152c84b10-1024x768.jpg 1024w, https:\/\/www.radiopiu.net\/wordpress\/wp-content\/uploads\/2023\/10\/81b376eb-bb66-495b-b311-b54152c84b10-768x576.jpg 768w, https:\/\/www.radiopiu.net\/wordpress\/wp-content\/uploads\/2023\/10\/81b376eb-bb66-495b-b311-b54152c84b10-1536x1152.jpg 1536w, https:\/\/www.radiopiu.net\/wordpress\/wp-content\/uploads\/2023\/10\/81b376eb-bb66-495b-b311-b54152c84b10.jpg 1600w\" sizes=\"auto, (max-width: 300px) 100vw, 300px\" \/><\/a>\n\t\t\t\t<\/dt><\/dl><br style=\"clear: both\" \/>\n\t\t\t<\/div>\n\n<p>&nbsp;<\/p>\n<blockquote>\n<h1>TUTTI I PREMIATI A LONGARONE<\/h1>\n<\/blockquote>\n<p>&nbsp;<\/p>\n<table border=\"0\" frame=\"VOID\" rules=\"NONE\" cellspacing=\"0\">\n<colgroup>\n<col width=\"313\" \/>\n<col width=\"95\" \/>\n<col width=\"229\" \/><\/colgroup>\n<tbody>\n<tr>\n<td align=\"LEFT\" width=\"313\" height=\"19\"><span style=\"color: #000000;\">RAGAZZI CELSO<\/span><\/td>\n<td align=\"LEFT\" width=\"95\"><span style=\"color: #000000;\">ORO<\/span><\/td>\n<td align=\"LEFT\" width=\"229\"><span style=\"color: #000000;\">BELLUNO<\/span><\/td>\n<\/tr>\n<tr>\n<td align=\"LEFT\" height=\"19\"><span style=\"color: #000000;\">ZAMPIERI RENATA<\/span><\/td>\n<td align=\"LEFT\"><span style=\"color: #000000;\">DIAMANTE<\/span><\/td>\n<td align=\"LEFT\"><span style=\"color: #000000;\">BELLUNO<\/span><\/td>\n<\/tr>\n<tr>\n<td align=\"LEFT\" height=\"19\"><span style=\"color: #000000;\">LAVANDA SANDRO<\/span><\/td>\n<td align=\"LEFT\"><span style=\"color: #000000;\">DIAMANTE<\/span><\/td>\n<td align=\"LEFT\"><span style=\"color: #000000;\">TRICHIANA BORGO VALBELLUNA<\/span><\/td>\n<\/tr>\n<tr>\n<td align=\"LEFT\" height=\"19\"><span style=\"color: #000000;\">TORMEN CARLA<\/span><\/td>\n<td align=\"LEFT\"><span style=\"color: #000000;\">DIAMANTE<\/span><\/td>\n<td align=\"LEFT\"><span style=\"color: #000000;\">TRICHIANA BORGO VALBELLUNA<\/span><\/td>\n<\/tr>\n<tr>\n<td align=\"LEFT\" height=\"19\"><span style=\"color: #000000;\">COSTA VALENTINO<\/span><\/td>\n<td align=\"LEFT\"><span style=\"color: #000000;\">DIAMANTE<\/span><\/td>\n<td align=\"LEFT\"><span style=\"color: #000000;\">TAMBRE<\/span><\/td>\n<\/tr>\n<tr>\n<td align=\"LEFT\" height=\"19\"><span style=\"color: #000000;\">DE FINA IVA<\/span><\/td>\n<td align=\"LEFT\"><span style=\"color: #000000;\">DIAMANTE<\/span><\/td>\n<td align=\"LEFT\"><span style=\"color: #000000;\">TAMBRE<\/span><\/td>\n<\/tr>\n<tr>\n<td align=\"LEFT\" height=\"19\"><span style=\"color: #000000;\">CENTELEGHE ELENA<\/span><\/td>\n<td align=\"LEFT\"><span style=\"color: #000000;\">DIAMANTE<\/span><\/td>\n<td align=\"LEFT\"><span style=\"color: #000000;\">FELTRE<\/span><\/td>\n<\/tr>\n<tr>\n<td align=\"LEFT\" height=\"19\"><span style=\"color: #000000;\">DE COL LUIGINO<\/span><\/td>\n<td align=\"LEFT\"><span style=\"color: #000000;\">DIAMANTE<\/span><\/td>\n<td align=\"LEFT\"><span style=\"color: #000000;\">SANTA GIUSTINA<\/span><\/td>\n<\/tr>\n<tr>\n<td align=\"LEFT\" height=\"19\"><span style=\"color: #000000;\">NART GIOCONDO<\/span><\/td>\n<td align=\"LEFT\"><span style=\"color: #000000;\">DIAMANTE<\/span><\/td>\n<td align=\"LEFT\"><span style=\"color: #000000;\">LIMANA<\/span><\/td>\n<\/tr>\n<tr>\n<td align=\"LEFT\" height=\"19\"><span style=\"color: #000000;\">PESCOSTA AMALIA<\/span><\/td>\n<td align=\"LEFT\"><span style=\"color: #000000;\">DIAMANTE<\/span><\/td>\n<td align=\"LEFT\"><span style=\"color: #000000;\">CANALE D&#8217;AGORDO<\/span><\/td>\n<\/tr>\n<tr>\n<td align=\"LEFT\" height=\"19\"><span style=\"color: #000000;\">VASCELLARI LIDIA<\/span><\/td>\n<td align=\"LEFT\"><span style=\"color: #000000;\">DIAMANTE<\/span><\/td>\n<td align=\"LEFT\"><span style=\"color: #000000;\">CALALZO DI CADORE<\/span><\/td>\n<\/tr>\n<tr>\n<td align=\"LEFT\" height=\"19\"><span style=\"color: #000000;\">DE CASSAN ELENA<\/span><\/td>\n<td align=\"LEFT\"><span style=\"color: #000000;\">ARGENTO<\/span><\/td>\n<td align=\"LEFT\"><span style=\"color: #000000;\">ROCCA PIETORE<\/span><\/td>\n<\/tr>\n<tr>\n<td align=\"LEFT\" height=\"19\"><span style=\"color: #000000;\">DE CASSAN MARIELLA<\/span><\/td>\n<td align=\"LEFT\"><span style=\"color: #000000;\">ARGENTO<\/span><\/td>\n<td align=\"LEFT\"><span style=\"color: #000000;\">ROCCA PIETORE<\/span><\/td>\n<\/tr>\n<tr>\n<td align=\"LEFT\" height=\"19\"><span style=\"color: #000000;\">FRANCHI ILEANA<\/span><\/td>\n<td align=\"LEFT\"><span style=\"color: #000000;\">ORO<\/span><\/td>\n<td align=\"LEFT\"><span style=\"color: #000000;\">VAL DI ZOLDO<\/span><\/td>\n<\/tr>\n<tr>\n<td align=\"LEFT\" height=\"19\"><span style=\"color: #000000;\">TREMONTI MARINO<\/span><\/td>\n<td align=\"LEFT\"><span style=\"color: #000000;\">ARGENTO<\/span><\/td>\n<td align=\"LEFT\"><span style=\"color: #000000;\">LORENZAGO DI CADORE<\/span><\/td>\n<\/tr>\n<tr>\n<td align=\"LEFT\" height=\"19\"><span style=\"color: #000000;\">ZATTA MARTA<\/span><\/td>\n<td align=\"LEFT\"><span style=\"color: #000000;\">ORO<\/span><\/td>\n<td align=\"LEFT\"><span style=\"color: #000000;\">BELLUNO<\/span><\/td>\n<\/tr>\n<tr>\n<td align=\"LEFT\" height=\"19\"><span style=\"color: #000000;\">ZANDONELLA FRACHIEL MIRCO<\/span><\/td>\n<td align=\"LEFT\"><span style=\"color: #000000;\">DIAMANTE<\/span><\/td>\n<td align=\"LEFT\"><span style=\"color: #000000;\">PIEVE DI CADORE<\/span><\/td>\n<\/tr>\n<tr>\n<td align=\"LEFT\" height=\"19\"><span style=\"color: #000000;\">DA ROLD NADIA<\/span><\/td>\n<td align=\"LEFT\"><span style=\"color: #000000;\">DIAMANTE<\/span><\/td>\n<td align=\"LEFT\"><span style=\"color: #000000;\">SEDICO<\/span><\/td>\n<\/tr>\n<tr>\n<td align=\"LEFT\" height=\"19\"><span style=\"color: #000000;\">BORTOLAZZO ROBERTO<\/span><\/td>\n<td align=\"LEFT\"><span style=\"color: #000000;\">DIAMANTE<\/span><\/td>\n<td align=\"LEFT\"><span style=\"color: #000000;\">SEDICO<\/span><\/td>\n<\/tr>\n<tr>\n<td align=\"LEFT\" height=\"19\"><span style=\"color: #000000;\">VICENTINI FRANCO<\/span><\/td>\n<td align=\"LEFT\"><span style=\"color: #000000;\">ORO<\/span><\/td>\n<td align=\"LEFT\"><span style=\"color: #000000;\">LIMANA<\/span><\/td>\n<\/tr>\n<tr>\n<td align=\"LEFT\" height=\"19\"><span style=\"color: #000000;\">DAL FARRA RENZO<\/span><\/td>\n<td align=\"LEFT\"><span style=\"color: #000000;\">DIAMANTE<\/span><\/td>\n<td align=\"LEFT\"><span style=\"color: #000000;\">ALPAGO<\/span><\/td>\n<\/tr>\n<tr>\n<td align=\"LEFT\" height=\"19\"><span style=\"color: #000000;\">DAL FARRA SANDRA<\/span><\/td>\n<td align=\"LEFT\"><span style=\"color: #000000;\">ORO<\/span><\/td>\n<td align=\"LEFT\"><span style=\"color: #000000;\">ALPAGO<\/span><\/td>\n<\/tr>\n<tr>\n<td align=\"LEFT\" height=\"19\"><span style=\"color: #000000;\">BORTOLINI ROMANO<\/span><\/td>\n<td align=\"LEFT\"><span style=\"color: #000000;\">DIAMANTE<\/span><\/td>\n<td align=\"LEFT\"><span style=\"color: #000000;\">AGORDO<\/span><\/td>\n<\/tr>\n<tr>\n<td align=\"LEFT\" height=\"19\"><span style=\"color: #000000;\">FELICETTI CARLO<\/span><\/td>\n<td align=\"LEFT\"><span style=\"color: #000000;\">DIAMANTE<\/span><\/td>\n<td align=\"LEFT\"><span style=\"color: #000000;\">LIMANA<\/span><\/td>\n<\/tr>\n<tr>\n<td align=\"LEFT\" height=\"19\"><span style=\"color: #000000;\">DAL PONT FRANCESCA<\/span><\/td>\n<td align=\"LEFT\"><span style=\"color: #000000;\">ARGENTO<\/span><\/td>\n<td align=\"LEFT\"><span style=\"color: #000000;\">PONTE NELLE ALPI<\/span><\/td>\n<\/tr>\n<tr>\n<td align=\"LEFT\" height=\"19\"><span style=\"color: #000000;\">POMPANIN GUIDO<\/span><\/td>\n<td align=\"LEFT\"><span style=\"color: #000000;\">ORO<\/span><\/td>\n<td align=\"LEFT\"><span style=\"color: #000000;\">CORTINA D&#8217;AMPEZZO<\/span><\/td>\n<\/tr>\n<tr>\n<td align=\"LEFT\" height=\"19\"><span style=\"color: #000000;\">DE SANTIS GIORGIO<\/span><\/td>\n<td align=\"LEFT\"><span style=\"color: #000000;\">ARGENTO<\/span><\/td>\n<td align=\"LEFT\"><span style=\"color: #000000;\">VODO DI CADORE<\/span><\/td>\n<\/tr>\n<tr>\n<td align=\"LEFT\" height=\"19\"><span style=\"color: #000000;\">FELTRIN ALESSANDRO<\/span><\/td>\n<td align=\"LEFT\"><span style=\"color: #000000;\">DIAMANTE<\/span><\/td>\n<td align=\"LEFT\"><span style=\"color: #000000;\">BELLUNO<\/span><\/td>\n<\/tr>\n<tr>\n<td align=\"LEFT\" height=\"19\"><span style=\"color: #000000;\">CONTE BRUNO<\/span><\/td>\n<td align=\"LEFT\"><span style=\"color: #000000;\">DIAMANTE<\/span><\/td>\n<td align=\"LEFT\"><span style=\"color: #000000;\">LONGARONE<\/span><\/td>\n<\/tr>\n<tr>\n<td align=\"LEFT\" height=\"19\"><span style=\"color: #000000;\">TONDA LUISA<\/span><\/td>\n<td align=\"LEFT\"><span style=\"color: #000000;\">ODO<\/span><\/td>\n<td align=\"LEFT\"><span style=\"color: #000000;\">LONGARONE<\/span><\/td>\n<\/tr>\n<tr>\n<td align=\"LEFT\" height=\"19\"><span style=\"color: #000000;\">PAULETTI RAFFAELLA<\/span><\/td>\n<td align=\"LEFT\"><span style=\"color: #000000;\">ORO<\/span><\/td>\n<td align=\"LEFT\"><span style=\"color: #000000;\">FELTRE<\/span><\/td>\n<\/tr>\n<tr>\n<td align=\"LEFT\" height=\"19\"><span style=\"color: #000000;\">BARP ANTONIO<\/span><\/td>\n<td align=\"LEFT\"><span style=\"color: #000000;\">ARGENTO<\/span><\/td>\n<td align=\"LEFT\"><span style=\"color: #000000;\">FELTRE<\/span><\/td>\n<\/tr>\n<tr>\n<td align=\"LEFT\" height=\"19\"><span style=\"color: #000000;\">DA PRA GIANANGELO<\/span><\/td>\n<td align=\"LEFT\"><span style=\"color: #000000;\">ORO<\/span><\/td>\n<td align=\"LEFT\"><span style=\"color: #000000;\">DANTA DI CADORE<\/span><\/td>\n<\/tr>\n<tr>\n<td align=\"LEFT\" height=\"19\"><span style=\"color: #000000;\">ZAMPIERI FRANCESCO<\/span><\/td>\n<td align=\"LEFT\"><span style=\"color: #000000;\">ARGENTO<\/span><\/td>\n<td align=\"LEFT\"><span style=\"color: #000000;\">PONTE NELLE ALPI<\/span><\/td>\n<\/tr>\n<tr>\n<td align=\"LEFT\" height=\"19\"><span style=\"color: #000000;\">DE PODESTA MARIO<\/span><\/td>\n<td align=\"LEFT\"><span style=\"color: #000000;\">ORO<\/span><\/td>\n<td align=\"LEFT\"><span style=\"color: #000000;\">VIGO DI CADORE<\/span><\/td>\n<\/tr>\n<tr>\n<td align=\"LEFT\" height=\"19\"><span style=\"color: #000000;\">DE PODESTA ROBERTO<\/span><\/td>\n<td align=\"LEFT\"><span style=\"color: #000000;\">ORO<\/span><\/td>\n<td align=\"LEFT\"><span style=\"color: #000000;\">VIGO DI CADORE<\/span><\/td>\n<\/tr>\n<tr>\n<td align=\"LEFT\" height=\"19\"><span style=\"color: #000000;\">OLIVOTTO MARILINA<\/span><\/td>\n<td align=\"LEFT\"><span style=\"color: #000000;\">ORO<\/span><\/td>\n<td align=\"LEFT\"><span style=\"color: #000000;\">VIGO DI CADORE<\/span><\/td>\n<\/tr>\n<tr>\n<td align=\"LEFT\" height=\"19\"><span style=\"color: #000000;\">DE MARTIN EUGENIO<\/span><\/td>\n<td align=\"LEFT\"><span style=\"color: #000000;\">ARGENTO<\/span><\/td>\n<td align=\"LEFT\"><span style=\"color: #000000;\">VIGO DI CADORE<\/span><\/td>\n<\/tr>\n<tr>\n<td align=\"LEFT\" height=\"19\"><span style=\"color: #000000;\">PORDON PAOLA<\/span><\/td>\n<td align=\"LEFT\"><span style=\"color: #000000;\">ORO<\/span><\/td>\n<td align=\"LEFT\"><span style=\"color: #000000;\">SAN VITO DI CADORE<\/span><\/td>\n<\/tr>\n<tr>\n<td align=\"LEFT\" height=\"19\"><span style=\"color: #000000;\">PORDON IMELDA<\/span><\/td>\n<td align=\"LEFT\"><span style=\"color: #000000;\">ORO<\/span><\/td>\n<td align=\"LEFT\"><span style=\"color: #000000;\">SAN VITO DI CADORE<\/span><\/td>\n<\/tr>\n<tr>\n<td align=\"LEFT\" height=\"19\"><span style=\"color: #000000;\">PESSOTTO ELENA<\/span><\/td>\n<td align=\"LEFT\"><span style=\"color: #000000;\">DIAMANTE<\/span><\/td>\n<td align=\"LEFT\"><span style=\"color: #000000;\">SAPPADA<\/span><\/td>\n<\/tr>\n<tr>\n<td align=\"LEFT\" height=\"19\"><span style=\"color: #000000;\">COLLARINI FERNANDO<\/span><\/td>\n<td align=\"LEFT\"><span style=\"color: #000000;\">DIAMANTE<\/span><\/td>\n<td align=\"LEFT\"><span style=\"color: #000000;\">ALPAGO<\/span><\/td>\n<\/tr>\n<tr>\n<td align=\"LEFT\" height=\"19\"><span style=\"color: #000000;\">DE CANDIDO STEFANO<\/span><\/td>\n<td align=\"LEFT\"><span style=\"color: #000000;\">ORO<\/span><\/td>\n<td align=\"LEFT\"><span style=\"color: #000000;\">SANTO STEFANO DI CADORE<\/span><\/td>\n<\/tr>\n<tr>\n<td align=\"LEFT\" height=\"19\"><span style=\"color: #000000;\">DE CANDIDO DONATELLA<\/span><\/td>\n<td align=\"LEFT\"><span style=\"color: #000000;\">ARGENTO<\/span><\/td>\n<td align=\"LEFT\"><span style=\"color: #000000;\">SANTO STEFANO DI CADORE<\/span><\/td>\n<\/tr>\n<tr>\n<td align=\"LEFT\" height=\"19\"><span style=\"color: #000000;\">CASANOVA LUZIO VALENTINO<\/span><\/td>\n<td align=\"LEFT\"><span style=\"color: #000000;\">DIAMANTE<\/span><\/td>\n<td align=\"LEFT\"><span style=\"color: #000000;\">SAN PIETRO DI CADORE<\/span><\/td>\n<\/tr>\n<tr>\n<td align=\"LEFT\" height=\"19\"><span style=\"color: #000000;\">CASANOVA BORCA MARIA FILOMENA<\/span><\/td>\n<td align=\"LEFT\"><span style=\"color: #000000;\">ORO<\/span><\/td>\n<td align=\"LEFT\"><span style=\"color: #000000;\">SAN PIETRO DI CADORE<\/span><\/td>\n<\/tr>\n<tr>\n<td align=\"LEFT\" height=\"19\"><span style=\"color: #000000;\">PAOLI OSVALDO<\/span><\/td>\n<td align=\"LEFT\"><span style=\"color: #000000;\">DIAMANTE<\/span><\/td>\n<td align=\"LEFT\"><span style=\"color: #000000;\">DOMEGGE DI CADORE<\/span><\/td>\n<\/tr>\n<tr>\n<td align=\"LEFT\" height=\"19\"><span style=\"color: #000000;\">DA RIN PISTER SERGIO<\/span><\/td>\n<td align=\"LEFT\"><span style=\"color: #000000;\">DIAMANTE<\/span><\/td>\n<td align=\"LEFT\"><span style=\"color: #000000;\">TARZO<\/span><\/td>\n<\/tr>\n<tr>\n<td align=\"LEFT\" height=\"19\"><span style=\"color: #000000;\">PAIS TARSILIA GIOVANNA<\/span><\/td>\n<td align=\"LEFT\"><span style=\"color: #000000;\">DIAMANTE<\/span><\/td>\n<td align=\"LEFT\"><span style=\"color: #000000;\">TARZO<\/span><\/td>\n<\/tr>\n<tr>\n<td align=\"LEFT\" height=\"19\"><span style=\"color: #000000;\">MASAREI ALMA<\/span><\/td>\n<td align=\"LEFT\"><span style=\"color: #000000;\">ORO<\/span><\/td>\n<td align=\"LEFT\"><span style=\"color: #000000;\">ROCCA PIETORE<\/span><\/td>\n<\/tr>\n<tr>\n<td align=\"LEFT\" height=\"19\"><span style=\"color: #000000;\">DE TOFFOL FRANCESCO<\/span><\/td>\n<td align=\"LEFT\"><span style=\"color: #000000;\">DIAMANTE<\/span><\/td>\n<td align=\"LEFT\"><span style=\"color: #000000;\">BELLUNO<\/span><\/td>\n<\/tr>\n<tr>\n<td align=\"LEFT\" bgcolor=\"#FFFFFF\" height=\"19\"><span style=\"color: #000000;\">BRONZATO PIERGIORGIO<\/span><\/td>\n<td align=\"LEFT\"><span style=\"color: #000000;\">ORO<\/span><\/td>\n<td align=\"LEFT\"><span style=\"color: #000000;\">BELLUNO<\/span><\/td>\n<\/tr>\n<tr>\n<td align=\"LEFT\" bgcolor=\"#FFFFFF\" height=\"19\"><span style=\"color: #000000;\">VILLANI GIUSEPPE<\/span><\/td>\n<td align=\"LEFT\"><span style=\"color: #000000;\">DIAMANTE<\/span><\/td>\n<td align=\"LEFT\"><span style=\"color: #000000;\">BELLUNO<\/span><\/td>\n<\/tr>\n<tr>\n<td align=\"LEFT\" height=\"19\"><span style=\"color: #000000;\">PUSIOL EGIDIO<\/span><\/td>\n<td align=\"LEFT\"><span style=\"color: #000000;\">ORO<\/span><\/td>\n<td align=\"LEFT\"><span style=\"color: #000000;\">PONTE NELLE ALPI<\/span><\/td>\n<\/tr>\n<tr>\n<td align=\"LEFT\" height=\"19\"><span style=\"color: #000000;\">DAVID PAOLA<\/span><\/td>\n<td align=\"LEFT\"><span style=\"color: #000000;\">ORO<\/span><\/td>\n<td align=\"LEFT\"><span style=\"color: #000000;\">PONTE NELLE ALPI<\/span><\/td>\n<\/tr>\n<tr>\n<td align=\"LEFT\" height=\"19\"><span style=\"color: #000000;\">DE NARDIN IOLANDA<\/span><\/td>\n<td align=\"LEFT\"><span style=\"color: #000000;\">DIAMANTE<\/span><\/td>\n<td align=\"LEFT\"><span style=\"color: #000000;\">AGORDO<\/span><\/td>\n<\/tr>\n<tr>\n<td align=\"LEFT\" height=\"19\"><span style=\"color: #000000;\">DOGLIONI PAOLO<\/span><\/td>\n<td align=\"LEFT\"><span style=\"color: #000000;\">DIAMANTE<\/span><\/td>\n<td align=\"LEFT\"><span style=\"color: #000000;\">BELLUNO<\/span><\/td>\n<\/tr>\n<\/tbody>\n<\/table>\n<p>&nbsp;<\/p>\n<hr \/>\n<p>&nbsp;<\/p>\n<blockquote>\n<h3>IL MILLEFIORI DI MIRCO TANCON, IL MIGLIORE IN PROVINCIA<\/h3>\n<\/blockquote>\n<h3><span style=\"color: #ff0000;\"><strong><a class=\"dt-pswp-item\" href=\"https:\/\/www.radiopiu.net\/wordpress\/wp-content\/uploads\/2023\/10\/380370121_318337577380081_2351580785973653159_n-300x300-1.jpg\" data-dt-img-description=\"\" data-large_image_width=\"300\" data-large_image_height=\"300\"><img loading=\"lazy\" decoding=\"async\" class=\" wp-image-356949 alignleft\" src=\"https:\/\/www.radiopiu.net\/wordpress\/wp-content\/uploads\/2023\/10\/380370121_318337577380081_2351580785973653159_n-300x300-1.jpg\" alt=\"\" width=\"158\" height=\"158\" srcset=\"https:\/\/www.radiopiu.net\/wordpress\/wp-content\/uploads\/2023\/10\/380370121_318337577380081_2351580785973653159_n-300x300-1.jpg 300w, https:\/\/www.radiopiu.net\/wordpress\/wp-content\/uploads\/2023\/10\/380370121_318337577380081_2351580785973653159_n-300x300-1-150x150.jpg 150w\" sizes=\"auto, (max-width: 158px) 100vw, 158px\" \/><\/a>MIGLIOR MIELE 2023 PRODOTTO E CONFEZIONATO IN PROVINCIA DI BELLUNO<\/strong>MILLEFIORI prodotto a quota superiore ad 800m slm di Mirco Tancon, Apicoltura Dolomiele \u2013 Canale d\u2019Agordo, Val di Gares<\/span><\/h3>\n<p>Ecco le classifiche dei vincitori tra i 38 mieli che sono stati presentati all&#8217;ottava edizione di Limana Paese del Miele<\/p>\n<p><strong>Categoria: MIELE MILEFFIORI prodotto a quota superiore ad 800m slm<\/strong><br \/>\n3 Stelle Alpine: Mirco Tancon, Apicoltura Dolomiele \u2013 Canale d\u2019Agordo, Val di Gares<br \/>\n2 Stelle Alpine: Conedera Armando \u2013 Agordo, loc. Farenzena<br \/>\n1 Stella Alpina: Claudio De Ghetto \u2013 Borca di Cadore<br \/>\n1 Stella Alpina: Alberto Zambelli Mariani \u2013 Comelico Superiore<\/p>\n<p><strong>Categoria: MIELE MILLEFIORI prodotto a quota inferiore ad 800m slm<\/strong><br \/>\n3 Stelle Alpine: Ennio Soccal \u2013 Alpago<br \/>\n2 Stelle Alpine: Giuliano Viel \u2013 Sedico, loc. Mas-Casoni<br \/>\n1 Stella Alpina: Elisa Tormen \u2013 Borgo Valbelluna, loc. S. Antonio di Tortal<\/p>\n<p><strong>Categoria: MIELE DI TIGLIO<\/strong><br \/>\n3 Stelle Alpine: Sacha Della Lucia, El Vas\u00e9l Apicoltura Della Lucia \u2013 Taibon Agordino, loc. Brugnach<br \/>\n2 Stelle Alpine: Monica De Barba, Az. Agr. Quattordici Maggio \u2013 Limana, loc. Giaon<br \/>\n1 Stella Alpina: Valerio Bolzan \u2013 San Gregorio nelle Alpi<\/p>\n<p><strong>Categoria: MELATA<\/strong><br \/>\n3 Stelle Alpine: Katia Pozzuoli, Apicoltura Tre Cime \u2013 Auronzo di Cadore<br \/>\n2 Stelle Alpine: Alberto Zambelli Mariani \u2013 San Nicol\u00f2 di Comelico<\/p>\n<p><strong>Menzioni speciali:<\/strong><br \/>\nRododendro: Alberto Zambelli Mariani \u2013 Comelico Superiore, loc. Silvella<br \/>\nCastagno: Eugenio Arnoffi \u2013 Alano di Piave<\/p>\n<p>&nbsp;<\/p>\n<hr \/>\n<p>&nbsp;<\/p>\n<blockquote>\n<h3>IERI SERA A BELLUNO<br \/>\nfoto Carmela.<\/h3>\n<\/blockquote>\n\n\t\t\t<style type='text\/css'>\n\t\t\t\t#gallery-7 {\n\t\t\t\t\tmargin: auto;\n\t\t\t\t}\n\t\t\t\t#gallery-7 .gallery-item {\n\t\t\t\t\tfloat: left;\n\t\t\t\t\tmargin-top: 10px;\n\t\t\t\t\ttext-align: center;\n\t\t\t\t\twidth: 33%;\n\t\t\t\t}\n\t\t\t\t#gallery-7 img {\n\t\t\t\t\tborder: 2px solid #cfcfcf;\n\t\t\t\t}\n\t\t\t\t#gallery-7 .gallery-caption {\n\t\t\t\t\tmargin-left: 0;\n\t\t\t\t}\n\t\t\t\t\/* see gallery_shortcode() in wp-includes\/media.php *\/\n\t\t\t<\/style>\n\t\t<div id='gallery-7' class='dt-gallery-container gallery galleryid-356842 gallery-columns-3 gallery-size-thumbnail'><dl class='gallery-item'>\n\t\t\t\t<dt class='gallery-icon portrait'>\n\t\t\t\t\t<a class=\"rollover rollover-zoom dt-pswp-item\" title=\"6f0e14af-d61d-4439-b096-413b7e82f7ef\" data-dt-img-description=\"\" data-large_image_width=\"1356\" data-large_image_height=\"2048\"href='https:\/\/www.radiopiu.net\/wordpress\/wp-content\/uploads\/2023\/10\/6f0e14af-d61d-4439-b096-413b7e82f7ef.jpg'><img loading=\"lazy\" decoding=\"async\" width=\"150\" height=\"150\" src=\"https:\/\/www.radiopiu.net\/wordpress\/wp-content\/uploads\/2023\/10\/6f0e14af-d61d-4439-b096-413b7e82f7ef-150x150.jpg\" class=\"attachment-thumbnail size-thumbnail\" alt=\"\" \/><\/a>\n\t\t\t\t<\/dt><\/dl><dl class='gallery-item'>\n\t\t\t\t<dt class='gallery-icon landscape'>\n\t\t\t\t\t<a class=\"rollover rollover-zoom dt-pswp-item\" title=\"828f30c6-ba62-4655-8c0a-121d0e8ba4c8\" data-dt-img-description=\"\" data-large_image_width=\"1600\" data-large_image_height=\"1200\"href='https:\/\/www.radiopiu.net\/wordpress\/wp-content\/uploads\/2023\/10\/828f30c6-ba62-4655-8c0a-121d0e8ba4c8.jpg'><img loading=\"lazy\" decoding=\"async\" width=\"150\" height=\"150\" src=\"https:\/\/www.radiopiu.net\/wordpress\/wp-content\/uploads\/2023\/10\/828f30c6-ba62-4655-8c0a-121d0e8ba4c8-150x150.jpg\" class=\"attachment-thumbnail size-thumbnail\" alt=\"\" \/><\/a>\n\t\t\t\t<\/dt><\/dl><dl class='gallery-item'>\n\t\t\t\t<dt class='gallery-icon portrait'>\n\t\t\t\t\t<a class=\"rollover rollover-zoom dt-pswp-item\" title=\"fd10149a-3d76-42cd-b459-f624e62c5433\" data-dt-img-description=\"\" data-large_image_width=\"1200\" data-large_image_height=\"1600\"href='https:\/\/www.radiopiu.net\/wordpress\/wp-content\/uploads\/2023\/10\/fd10149a-3d76-42cd-b459-f624e62c5433.jpg'><img loading=\"lazy\" decoding=\"async\" width=\"150\" height=\"150\" src=\"https:\/\/www.radiopiu.net\/wordpress\/wp-content\/uploads\/2023\/10\/fd10149a-3d76-42cd-b459-f624e62c5433-150x150.jpg\" class=\"attachment-thumbnail size-thumbnail\" alt=\"\" \/><\/a>\n\t\t\t\t<\/dt><\/dl><br style=\"clear: both\" \/>\n\t\t\t<\/div>\n\n<p>&nbsp;<\/p>\n<hr \/>\n<p>&nbsp;<\/p>\n<p>&nbsp;<\/p>\n<blockquote>\n<h3>PRESENTATA LA STAGIONE AGONISTICA 2023\/24 DELLO SKI COLLEGE VENETO FALCADE<\/h3>\n<\/blockquote>\n<p><strong>FALCADE<\/strong> \u00c8 stata presentata la stagione ufficiale 2023\/24 dello Ski College Veneto Falcade.<\/p>\n<p><strong>L&#8217;INTERVISTA DI ILARIO TANCON A LUCA MARCHETTO, PRESIDENTE DELLO SKI COLLEGE VENETO FALCADE<\/strong><\/p>\n<audio class=\"wp-audio-shortcode\" id=\"audio-356842-5\" preload=\"none\" style=\"width: 100%;\" controls=\"controls\"><source type=\"audio\/mpeg\" src=\"https:\/\/www.radiopiu.net\/wordpress\/wp-content\/uploads\/2023\/10\/ILARIO-TANCON-INTERVISTA-LUCA-MARCHETTO.mp3?_=5\" \/><a href=\"https:\/\/www.radiopiu.net\/wordpress\/wp-content\/uploads\/2023\/10\/ILARIO-TANCON-INTERVISTA-LUCA-MARCHETTO.mp3\">https:\/\/www.radiopiu.net\/wordpress\/wp-content\/uploads\/2023\/10\/ILARIO-TANCON-INTERVISTA-LUCA-MARCHETTO.mp3<\/a><\/audio>\n<p>&nbsp;<\/p>\n\n\t\t\t<style type='text\/css'>\n\t\t\t\t#gallery-8 {\n\t\t\t\t\tmargin: auto;\n\t\t\t\t}\n\t\t\t\t#gallery-8 .gallery-item {\n\t\t\t\t\tfloat: left;\n\t\t\t\t\tmargin-top: 10px;\n\t\t\t\t\ttext-align: center;\n\t\t\t\t\twidth: 25%;\n\t\t\t\t}\n\t\t\t\t#gallery-8 img {\n\t\t\t\t\tborder: 2px solid #cfcfcf;\n\t\t\t\t}\n\t\t\t\t#gallery-8 .gallery-caption {\n\t\t\t\t\tmargin-left: 0;\n\t\t\t\t}\n\t\t\t\t\/* see gallery_shortcode() in wp-includes\/media.php *\/\n\t\t\t<\/style>\n\t\t<div id='gallery-8' class='dt-gallery-container gallery galleryid-356842 gallery-columns-4 gallery-size-medium'><dl class='gallery-item'>\n\t\t\t\t<dt class='gallery-icon landscape'>\n\t\t\t\t\t<a class=\"rollover rollover-zoom dt-pswp-item\" title=\"fece01cd-c73b-4183-a033-63634d0e5483\" data-dt-img-description=\"\" data-large_image_width=\"1600\" data-large_image_height=\"1066\"href='https:\/\/www.radiopiu.net\/wordpress\/wp-content\/uploads\/2023\/10\/fece01cd-c73b-4183-a033-63634d0e5483.jpg'><img loading=\"lazy\" decoding=\"async\" width=\"300\" height=\"200\" src=\"https:\/\/www.radiopiu.net\/wordpress\/wp-content\/uploads\/2023\/10\/fece01cd-c73b-4183-a033-63634d0e5483-300x200.jpg\" class=\"attachment-medium size-medium\" alt=\"\" srcset=\"https:\/\/www.radiopiu.net\/wordpress\/wp-content\/uploads\/2023\/10\/fece01cd-c73b-4183-a033-63634d0e5483-300x200.jpg 300w, https:\/\/www.radiopiu.net\/wordpress\/wp-content\/uploads\/2023\/10\/fece01cd-c73b-4183-a033-63634d0e5483-1024x682.jpg 1024w, https:\/\/www.radiopiu.net\/wordpress\/wp-content\/uploads\/2023\/10\/fece01cd-c73b-4183-a033-63634d0e5483-768x512.jpg 768w, https:\/\/www.radiopiu.net\/wordpress\/wp-content\/uploads\/2023\/10\/fece01cd-c73b-4183-a033-63634d0e5483-1536x1023.jpg 1536w, https:\/\/www.radiopiu.net\/wordpress\/wp-content\/uploads\/2023\/10\/fece01cd-c73b-4183-a033-63634d0e5483.jpg 1600w\" sizes=\"auto, (max-width: 300px) 100vw, 300px\" \/><\/a>\n\t\t\t\t<\/dt><\/dl><dl class='gallery-item'>\n\t\t\t\t<dt class='gallery-icon landscape'>\n\t\t\t\t\t<a class=\"rollover rollover-zoom dt-pswp-item\" title=\"ad2478e4-37b6-4027-8d64-96f49a6a5e7a\" data-dt-img-description=\"\" data-large_image_width=\"1600\" data-large_image_height=\"1066\"href='https:\/\/www.radiopiu.net\/wordpress\/wp-content\/uploads\/2023\/10\/ad2478e4-37b6-4027-8d64-96f49a6a5e7a.jpg'><img loading=\"lazy\" decoding=\"async\" width=\"300\" height=\"200\" src=\"https:\/\/www.radiopiu.net\/wordpress\/wp-content\/uploads\/2023\/10\/ad2478e4-37b6-4027-8d64-96f49a6a5e7a-300x200.jpg\" class=\"attachment-medium size-medium\" alt=\"\" srcset=\"https:\/\/www.radiopiu.net\/wordpress\/wp-content\/uploads\/2023\/10\/ad2478e4-37b6-4027-8d64-96f49a6a5e7a-300x200.jpg 300w, https:\/\/www.radiopiu.net\/wordpress\/wp-content\/uploads\/2023\/10\/ad2478e4-37b6-4027-8d64-96f49a6a5e7a-1024x682.jpg 1024w, https:\/\/www.radiopiu.net\/wordpress\/wp-content\/uploads\/2023\/10\/ad2478e4-37b6-4027-8d64-96f49a6a5e7a-768x512.jpg 768w, https:\/\/www.radiopiu.net\/wordpress\/wp-content\/uploads\/2023\/10\/ad2478e4-37b6-4027-8d64-96f49a6a5e7a-1536x1023.jpg 1536w, https:\/\/www.radiopiu.net\/wordpress\/wp-content\/uploads\/2023\/10\/ad2478e4-37b6-4027-8d64-96f49a6a5e7a.jpg 1600w\" sizes=\"auto, (max-width: 300px) 100vw, 300px\" \/><\/a>\n\t\t\t\t<\/dt><\/dl><dl class='gallery-item'>\n\t\t\t\t<dt class='gallery-icon landscape'>\n\t\t\t\t\t<a class=\"rollover rollover-zoom dt-pswp-item\" title=\"d71cf5d6-ec66-47df-a480-941d745afc4f\" data-dt-img-description=\"\" data-large_image_width=\"1600\" data-large_image_height=\"1066\"href='https:\/\/www.radiopiu.net\/wordpress\/wp-content\/uploads\/2023\/10\/d71cf5d6-ec66-47df-a480-941d745afc4f.jpg'><img loading=\"lazy\" decoding=\"async\" width=\"300\" height=\"200\" src=\"https:\/\/www.radiopiu.net\/wordpress\/wp-content\/uploads\/2023\/10\/d71cf5d6-ec66-47df-a480-941d745afc4f-300x200.jpg\" class=\"attachment-medium size-medium\" alt=\"\" srcset=\"https:\/\/www.radiopiu.net\/wordpress\/wp-content\/uploads\/2023\/10\/d71cf5d6-ec66-47df-a480-941d745afc4f-300x200.jpg 300w, https:\/\/www.radiopiu.net\/wordpress\/wp-content\/uploads\/2023\/10\/d71cf5d6-ec66-47df-a480-941d745afc4f-1024x682.jpg 1024w, https:\/\/www.radiopiu.net\/wordpress\/wp-content\/uploads\/2023\/10\/d71cf5d6-ec66-47df-a480-941d745afc4f-768x512.jpg 768w, https:\/\/www.radiopiu.net\/wordpress\/wp-content\/uploads\/2023\/10\/d71cf5d6-ec66-47df-a480-941d745afc4f-1536x1023.jpg 1536w, https:\/\/www.radiopiu.net\/wordpress\/wp-content\/uploads\/2023\/10\/d71cf5d6-ec66-47df-a480-941d745afc4f.jpg 1600w\" sizes=\"auto, (max-width: 300px) 100vw, 300px\" \/><\/a>\n\t\t\t\t<\/dt><\/dl><dl class='gallery-item'>\n\t\t\t\t<dt class='gallery-icon landscape'>\n\t\t\t\t\t<a class=\"rollover rollover-zoom dt-pswp-item\" title=\"8c8555c7-2a04-4498-b0db-a60b52bd2c1f\" data-dt-img-description=\"\" data-large_image_width=\"1600\" data-large_image_height=\"841\"href='https:\/\/www.radiopiu.net\/wordpress\/wp-content\/uploads\/2023\/10\/8c8555c7-2a04-4498-b0db-a60b52bd2c1f.jpg'><img loading=\"lazy\" decoding=\"async\" width=\"300\" height=\"158\" src=\"https:\/\/www.radiopiu.net\/wordpress\/wp-content\/uploads\/2023\/10\/8c8555c7-2a04-4498-b0db-a60b52bd2c1f-300x158.jpg\" class=\"attachment-medium size-medium\" alt=\"\" srcset=\"https:\/\/www.radiopiu.net\/wordpress\/wp-content\/uploads\/2023\/10\/8c8555c7-2a04-4498-b0db-a60b52bd2c1f-300x158.jpg 300w, https:\/\/www.radiopiu.net\/wordpress\/wp-content\/uploads\/2023\/10\/8c8555c7-2a04-4498-b0db-a60b52bd2c1f-1024x538.jpg 1024w, https:\/\/www.radiopiu.net\/wordpress\/wp-content\/uploads\/2023\/10\/8c8555c7-2a04-4498-b0db-a60b52bd2c1f-768x404.jpg 768w, https:\/\/www.radiopiu.net\/wordpress\/wp-content\/uploads\/2023\/10\/8c8555c7-2a04-4498-b0db-a60b52bd2c1f-1536x807.jpg 1536w, https:\/\/www.radiopiu.net\/wordpress\/wp-content\/uploads\/2023\/10\/8c8555c7-2a04-4498-b0db-a60b52bd2c1f.jpg 1600w\" sizes=\"auto, (max-width: 300px) 100vw, 300px\" \/><\/a>\n\t\t\t\t<\/dt><\/dl><br style=\"clear: both\" \/>\n\t\t\t<\/div>\n\n<p>&nbsp;<\/p>\n<p>&nbsp;<\/p>\n<p>&nbsp;<\/p>\n<hr \/>\n<p>&nbsp;<\/p>\n<blockquote>\n<h3>DALLA FIERA DEL BESTIAM DI AGORDO<\/h3>\n<\/blockquote>\n<p><strong>AGORDO<\/strong> Sabato il grande giorno della Fiera del Bestiam e Formai e Vin ad Agordo. Una giornata di festa attorno al Broi ma non solo.<\/p>\n<p><strong>LA DIRETTA RADIO PIU&#8217;<\/strong><\/p>\n<p><iframe loading=\"lazy\" title=\"FIERA DEL BESTIAM 2023\" width=\"1200\" height=\"675\" src=\"https:\/\/www.youtube.com\/embed\/_ArIKVH0jgI?feature=oembed\" frameborder=\"0\" allow=\"accelerometer; autoplay; clipboard-write; encrypted-media; gyroscope; picture-in-picture; web-share\" allowfullscreen><\/iframe><\/p>\n<p>&nbsp;<\/p>\n<p>Intanto a La Valle gli animali fanno ritorno dalle malghe. In questo caso la smonticazione lavallese di Edi Crose<\/p>\n<div style=\"width: 848px;\" class=\"wp-video\"><video class=\"wp-video-shortcode\" id=\"video-356842-2\" width=\"848\" height=\"480\" preload=\"metadata\" controls=\"controls\"><source type=\"video\/mp4\" src=\"https:\/\/www.radiopiu.net\/wordpress\/wp-content\/uploads\/2023\/10\/WhatsApp-Video-2023-10-14-at-09.44.14.mp4?_=2\" \/><a href=\"https:\/\/www.radiopiu.net\/wordpress\/wp-content\/uploads\/2023\/10\/WhatsApp-Video-2023-10-14-at-09.44.14.mp4\">https:\/\/www.radiopiu.net\/wordpress\/wp-content\/uploads\/2023\/10\/WhatsApp-Video-2023-10-14-at-09.44.14.mp4<\/a><\/video><\/div>\n<p>&nbsp;<\/p>\n<hr \/>\n<p>&nbsp;<\/p>\n<p>&nbsp;<\/p>\n<blockquote>\n<blockquote>\n<h3>QUANDO &#8220;TUTTO HOCKEY&#8221; PARLAVA DI MARCO SCAPINELLO<\/h3>\n<\/blockquote>\n<p><strong>REDAZIONE<\/strong> Riceviamo e volentieri pubblichiamo due foto che ci sono arrivate da Annalisa Dal Mas, grande appassionata di hockey ma non solo. Nel cassetto dei ricordi di Annalisa saltano all&#8217;occhio alcuni numeri di &#8220;Tutto Hockey&#8221;, una rivista nata a met\u00e0 degli anni 80 per gli appassionati dell&#8217;hockey su ghiaccio. Tra gli articoli all&#8217;interno di uno dei numeri in possesso di Annalisa si parla di Marco Scapinello, allora giocatore del Cortina ed oggi allenatore dell&#8217;Alleghe Hockey in IHL.<\/p>\n\n\t\t\t<style type='text\/css'>\n\t\t\t\t#gallery-9 {\n\t\t\t\t\tmargin: auto;\n\t\t\t\t}\n\t\t\t\t#gallery-9 .gallery-item {\n\t\t\t\t\tfloat: left;\n\t\t\t\t\tmargin-top: 10px;\n\t\t\t\t\ttext-align: center;\n\t\t\t\t\twidth: 50%;\n\t\t\t\t}\n\t\t\t\t#gallery-9 img {\n\t\t\t\t\tborder: 2px solid #cfcfcf;\n\t\t\t\t}\n\t\t\t\t#gallery-9 .gallery-caption {\n\t\t\t\t\tmargin-left: 0;\n\t\t\t\t}\n\t\t\t\t\/* see gallery_shortcode() in wp-includes\/media.php *\/\n\t\t\t<\/style>\n\t\t<div id='gallery-9' class='dt-gallery-container gallery galleryid-356842 gallery-columns-2 gallery-size-medium'><dl class='gallery-item'>\n\t\t\t\t<dt class='gallery-icon landscape'>\n\t\t\t\t\t<a class=\"rollover rollover-zoom dt-pswp-item\" title=\"509fb33d-4042-43fb-a526-1542516de4be\" data-dt-img-description=\"\" data-large_image_width=\"2048\" data-large_image_height=\"1536\"href='https:\/\/www.radiopiu.net\/wordpress\/wp-content\/uploads\/2023\/10\/509fb33d-4042-43fb-a526-1542516de4be.jpg'><img loading=\"lazy\" decoding=\"async\" width=\"300\" height=\"225\" src=\"https:\/\/www.radiopiu.net\/wordpress\/wp-content\/uploads\/2023\/10\/509fb33d-4042-43fb-a526-1542516de4be-300x225.jpg\" class=\"attachment-medium size-medium\" alt=\"\" srcset=\"https:\/\/www.radiopiu.net\/wordpress\/wp-content\/uploads\/2023\/10\/509fb33d-4042-43fb-a526-1542516de4be-300x225.jpg 300w, https:\/\/www.radiopiu.net\/wordpress\/wp-content\/uploads\/2023\/10\/509fb33d-4042-43fb-a526-1542516de4be-1024x768.jpg 1024w, https:\/\/www.radiopiu.net\/wordpress\/wp-content\/uploads\/2023\/10\/509fb33d-4042-43fb-a526-1542516de4be-768x576.jpg 768w, https:\/\/www.radiopiu.net\/wordpress\/wp-content\/uploads\/2023\/10\/509fb33d-4042-43fb-a526-1542516de4be-1536x1152.jpg 1536w, https:\/\/www.radiopiu.net\/wordpress\/wp-content\/uploads\/2023\/10\/509fb33d-4042-43fb-a526-1542516de4be.jpg 2048w\" sizes=\"auto, (max-width: 300px) 100vw, 300px\" \/><\/a>\n\t\t\t\t<\/dt><\/dl><dl class='gallery-item'>\n\t\t\t\t<dt class='gallery-icon portrait'>\n\t\t\t\t\t<a class=\"rollover rollover-zoom dt-pswp-item\" title=\"02a58c07-5c95-4d3a-8e6e-ab497bff7749\" data-dt-img-description=\"\" data-large_image_width=\"1434\" data-large_image_height=\"2048\"href='https:\/\/www.radiopiu.net\/wordpress\/wp-content\/uploads\/2023\/10\/02a58c07-5c95-4d3a-8e6e-ab497bff7749.jpg'><img loading=\"lazy\" decoding=\"async\" width=\"210\" height=\"300\" src=\"https:\/\/www.radiopiu.net\/wordpress\/wp-content\/uploads\/2023\/10\/02a58c07-5c95-4d3a-8e6e-ab497bff7749-210x300.jpg\" class=\"attachment-medium size-medium\" alt=\"\" srcset=\"https:\/\/www.radiopiu.net\/wordpress\/wp-content\/uploads\/2023\/10\/02a58c07-5c95-4d3a-8e6e-ab497bff7749-210x300.jpg 210w, https:\/\/www.radiopiu.net\/wordpress\/wp-content\/uploads\/2023\/10\/02a58c07-5c95-4d3a-8e6e-ab497bff7749-717x1024.jpg 717w, https:\/\/www.radiopiu.net\/wordpress\/wp-content\/uploads\/2023\/10\/02a58c07-5c95-4d3a-8e6e-ab497bff7749-768x1097.jpg 768w, https:\/\/www.radiopiu.net\/wordpress\/wp-content\/uploads\/2023\/10\/02a58c07-5c95-4d3a-8e6e-ab497bff7749-1076x1536.jpg 1076w, https:\/\/www.radiopiu.net\/wordpress\/wp-content\/uploads\/2023\/10\/02a58c07-5c95-4d3a-8e6e-ab497bff7749.jpg 1434w\" sizes=\"auto, (max-width: 210px) 100vw, 210px\" \/><\/a>\n\t\t\t\t<\/dt><\/dl><br style=\"clear: both\" \/>\n\t\t\t<\/div>\n\n<p>&nbsp;<\/p><\/blockquote>\n<hr \/>\n<p>&nbsp;<\/p>\n<blockquote>\n<h3>LA MONGOLFIERA DI GIORGIA ONLUS \u00c8 PRONTA PER IL PROSSIMO VIAGGIO<\/h3>\n<\/blockquote>\n<p><strong>REDAZIONE <\/strong>\u00a0 nuovo bando, sono disponibili ulteriori 10.000 euro per finanziare iniziative dedicate a giovani residenti in Veneto o seguiti da strutture pubbliche sanitarie della regione. Informazioni sul sito <a href=\"http:\/\/www.lamongolfieradigiorgia.it\/\" target=\"_new\" rel=\"noopener\">www.lamongolfieradigiorgia.it<\/a>,<\/p>\n<p>&nbsp;<\/p>\n<p>&nbsp;<\/p>\n<hr \/>\n<p>&nbsp;<\/p>\n<blockquote>\n<h3>ASCA CERCA UN FISIOTERAPISTA<\/h3>\n<\/blockquote>\n<p><strong>AGORDO <\/strong>ASCA ha pubblicato un <span style=\"font-family: Arial;\">bando per la formazione di una graduatoria per l\u2019assunzione di FISIOTERAPISTA. <\/span><span style=\"font-family: Arial;\">Il bando \u00e8 pubblicato nel sito <a href=\"http:\/\/www.servizisocialiasca.it\/\" target=\"_blank\" rel=\"noopener\">www.servizisocialiasca.it <\/a>e la scadenza di presentazione delle domande \u00e8 entro le ore 12:00 di oggi.\u00a0<\/span><\/p>\n<p>&nbsp;<\/p>\n<p>&nbsp;<\/p>\n<hr \/>\n<p>&nbsp;<\/p>\n<h2><span style=\"color: #ff6600;\">ALLA RADIO<\/span><\/h2>\n<h2><strong><a class=\"dt-pswp-item\" href=\"https:\/\/www.radiopiu.net\/wordpress\/wp-content\/uploads\/2020\/12\/SISTO.jpg\" data-dt-img-description=\"\" data-large_image_width=\"620\" data-large_image_height=\"340\"><img loading=\"lazy\" decoding=\"async\" class=\" wp-image-181222 alignleft\" src=\"https:\/\/www.radiopiu.net\/wordpress\/wp-content\/uploads\/2020\/12\/SISTO-300x165.jpg\" alt=\"\" width=\"195\" height=\"107\" srcset=\"https:\/\/www.radiopiu.net\/wordpress\/wp-content\/uploads\/2020\/12\/SISTO-300x165.jpg 300w, https:\/\/www.radiopiu.net\/wordpress\/wp-content\/uploads\/2020\/12\/SISTO.jpg 620w\" sizes=\"auto, (max-width: 195px) 100vw, 195px\" \/><\/a><\/strong><span style=\"color: #33cccc;\">LA RASSEGNA STAMPA DA L&#8217;AMICO DEL POPOLO<\/span><\/h2>\n<p><strong>DI GIANNI SANTOMASO<\/strong><\/p>\n<p>OSPITE: Sisto Da Roit<\/p>\n<audio class=\"wp-audio-shortcode\" id=\"audio-356842-6\" preload=\"none\" style=\"width: 100%;\" controls=\"controls\"><source type=\"audio\/mpeg\" src=\"https:\/\/www.radiopiu.net\/wordpress\/wp-content\/uploads\/2023\/10\/RASSEGNA-GIANNI-1.mp3?_=6\" \/><a href=\"https:\/\/www.radiopiu.net\/wordpress\/wp-content\/uploads\/2023\/10\/RASSEGNA-GIANNI-1.mp3\">https:\/\/www.radiopiu.net\/wordpress\/wp-content\/uploads\/2023\/10\/RASSEGNA-GIANNI-1.mp3<\/a><\/audio>\n<p>&nbsp;<\/p>\n<h2><strong><a class=\"dt-pswp-item\" href=\"https:\/\/www.radiopiu.net\/wordpress\/wp-content\/uploads\/2020\/12\/DON-GIORGIO-LISE.jpg\" data-dt-img-description=\"\" data-large_image_width=\"1600\" data-large_image_height=\"901\"><img loading=\"lazy\" decoding=\"async\" class=\" wp-image-177420 alignleft\" src=\"https:\/\/www.radiopiu.net\/wordpress\/wp-content\/uploads\/2020\/12\/DON-GIORGIO-LISE-300x169.jpg\" alt=\"\" width=\"195\" height=\"110\" srcset=\"https:\/\/www.radiopiu.net\/wordpress\/wp-content\/uploads\/2020\/12\/DON-GIORGIO-LISE-300x169.jpg 300w, https:\/\/www.radiopiu.net\/wordpress\/wp-content\/uploads\/2020\/12\/DON-GIORGIO-LISE-1024x577.jpg 1024w, https:\/\/www.radiopiu.net\/wordpress\/wp-content\/uploads\/2020\/12\/DON-GIORGIO-LISE-768x432.jpg 768w, https:\/\/www.radiopiu.net\/wordpress\/wp-content\/uploads\/2020\/12\/DON-GIORGIO-LISE-1536x865.jpg 1536w, https:\/\/www.radiopiu.net\/wordpress\/wp-content\/uploads\/2020\/12\/DON-GIORGIO-LISE.jpg 1600w\" sizes=\"auto, (max-width: 195px) 100vw, 195px\" \/><\/a><\/strong><span style=\"color: #008080;\">DUE MINUTI PER TE<\/span><\/h2>\n<p><strong>APPUNTAMENTO DELLA DOMENICA CON IL PENSIERO DI DON GIORGIO LISE<\/strong><\/p>\n<audio class=\"wp-audio-shortcode\" id=\"audio-356842-7\" preload=\"none\" style=\"width: 100%;\" controls=\"controls\"><source type=\"audio\/mpeg\" src=\"https:\/\/www.radiopiu.net\/wordpress\/wp-content\/uploads\/2023\/10\/DON-GIORGIO-1.mp3?_=7\" \/><a href=\"https:\/\/www.radiopiu.net\/wordpress\/wp-content\/uploads\/2023\/10\/DON-GIORGIO-1.mp3\">https:\/\/www.radiopiu.net\/wordpress\/wp-content\/uploads\/2023\/10\/DON-GIORGIO-1.mp3<\/a><\/audio>\n<p>&nbsp;<\/p>\n<hr \/>\n<p>&nbsp;<\/p>\n<h2><span style=\"color: #ff0000;\">GLI APPUNTAMENTI DELLA SETTIMANA<\/span><\/h2>\n<blockquote>\n<h3>La Rassegna dei Cori Agordini<\/h3>\n<\/blockquote>\n<p><strong><a class=\"dt-pswp-item\" href=\"https:\/\/www.radiopiu.net\/wordpress\/wp-content\/uploads\/2023\/10\/th-11.jpg\" data-dt-img-description=\"\" data-large_image_width=\"334\" data-large_image_height=\"180\"><img loading=\"lazy\" decoding=\"async\" class=\"size-medium wp-image-356532 alignleft\" src=\"https:\/\/www.radiopiu.net\/wordpress\/wp-content\/uploads\/2023\/10\/th-11-300x162.jpg\" alt=\"\" width=\"300\" height=\"162\" srcset=\"https:\/\/www.radiopiu.net\/wordpress\/wp-content\/uploads\/2023\/10\/th-11-300x162.jpg 300w, https:\/\/www.radiopiu.net\/wordpress\/wp-content\/uploads\/2023\/10\/th-11.jpg 334w\" sizes=\"auto, (max-width: 300px) 100vw, 300px\" \/><\/a>FALCADE<\/strong> Domenica 22 ottobre alle 17 alla sala Dolomiti di Falcade 46a edizione della Rassegna dei cori Agordini. Un coro femminile, uno misto e tre maschili. Al Palafalcade si esibiranno il Coro Femminile Col di Lana, il Coro Alpino Monte Civetta, il Coro Agordo, Il Coro Fodom e il Coro Val Biois (FOTO) che curer\u00e0 l\u2019organizzazione della rassegna itinerante nelle localit\u00e0 dell\u2019Agordino sedi dei cori partecipanti. Quest\u2019anno dunque a Falcade. Con il ritorno del Coro Agordo dopo alcuni anni di assenza. I cori presenteranno il meglio del repertorio anche con brani inediti. La rassegna gode del patrocinio del Comune di Falcade e dell\u2019Unione Montana Agordina.<\/p>\n<p>&nbsp;<\/p>\n<blockquote>\n<h3>SERE D&#8217;AUTUNNO<\/h3>\n<p><em><strong><a class=\"dt-pswp-item\" href=\"https:\/\/www.radiopiu.net\/wordpress\/wp-content\/uploads\/2023\/09\/Senza-nome-75.png\" data-dt-img-description=\"\" data-large_image_width=\"478\" data-large_image_height=\"179\"><img loading=\"lazy\" decoding=\"async\" class=\"size-medium wp-image-354485 alignleft\" src=\"https:\/\/www.radiopiu.net\/wordpress\/wp-content\/uploads\/2023\/09\/Senza-nome-75-300x112.png\" alt=\"\" width=\"300\" height=\"112\" srcset=\"https:\/\/www.radiopiu.net\/wordpress\/wp-content\/uploads\/2023\/09\/Senza-nome-75-300x112.png 300w, https:\/\/www.radiopiu.net\/wordpress\/wp-content\/uploads\/2023\/09\/Senza-nome-75.png 478w\" sizes=\"auto, (max-width: 300px) 100vw, 300px\" \/><\/a>SERE D&#8217;AUTUNNO, SERATE DI INCONTRI, DIBATTITI, IMMAGINI FILMATI E MULTIVISIONI. AD AGORDO TUTTI I VENERDI DI OTTOBRE, IN SALA DON TAMIS ALLE 20.45, INGRESSO LIBERO. PRESENTA GIANPAOLO SORATROI.\u00a0<\/strong><\/em><\/p>\n<p>Interessante serie di incontri, dibattiti, proiezioni inerenti al mondo della montagna &#8211; ma non solo &#8211; che si svolgono tutti i venerd\u00ec di ottobre nella prestigiosa e capiente Sala don F. Tamis messaci a disposizione per l\u2019occasione dall\u2019Unione Montana Agordina. Nato nel 2007, quest\u2019anno, raggiunge la 15\u00b0 edizione; i temi trattati durante le serate sono diversi tra loro per offrire una visione della montagna a 360\u00b0. Questa edizione \u00e8 dedicata interamente alle donne con quattro ospiti femminili.<\/p><\/blockquote>\n<p><strong>VENERDI 20 OTTOBRE MARIKA FAVE&#8217; &#8211; SPORT E MONTAGNA, SCELTA DI VITA Marika, maestra di sci e guida alpina\u00a0<\/strong><\/p>\n<p><em>&#8220;Ho iniziato ad andare veramente in montagna quando ho smesso di fare gare di sci, dopo 20 anni entusiasmanti e fondamentali che mi hanno formato il carattere. Chiuso il capitolo \u201cSci\u201d \u00e8 iniziato per me il capitolo \u201cMontagna\u201d fino a farne una professione e diventare, dopo maestra di sci, anche guida alpina&#8221;.<\/em><\/p>\n<p>&nbsp;<\/p>\n<p>VENERDI 27 OTTOBRE ANGELIKA RAINER, SOGNI VERTICALI. arrampicando su fantasie divenute realt\u00e0<\/p>\n<p><strong>\u00a0IERI SERA<\/strong><\/p>\n\n\t\t\t<style type='text\/css'>\n\t\t\t\t#gallery-10 {\n\t\t\t\t\tmargin: auto;\n\t\t\t\t}\n\t\t\t\t#gallery-10 .gallery-item {\n\t\t\t\t\tfloat: left;\n\t\t\t\t\tmargin-top: 10px;\n\t\t\t\t\ttext-align: center;\n\t\t\t\t\twidth: 25%;\n\t\t\t\t}\n\t\t\t\t#gallery-10 img {\n\t\t\t\t\tborder: 2px solid #cfcfcf;\n\t\t\t\t}\n\t\t\t\t#gallery-10 .gallery-caption {\n\t\t\t\t\tmargin-left: 0;\n\t\t\t\t}\n\t\t\t\t\/* see gallery_shortcode() in wp-includes\/media.php *\/\n\t\t\t<\/style>\n\t\t<div id='gallery-10' class='dt-gallery-container gallery galleryid-356842 gallery-columns-4 gallery-size-thumbnail'><dl class='gallery-item'>\n\t\t\t\t<dt class='gallery-icon landscape'>\n\t\t\t\t\t<a class=\"rollover rollover-zoom dt-pswp-item\" title=\"a0ebae4a-1ff5-49c1-97c5-41308fb17fa2\" data-dt-img-description=\"\" data-large_image_width=\"1600\" data-large_image_height=\"900\"href='https:\/\/www.radiopiu.net\/wordpress\/wp-content\/uploads\/2023\/10\/a0ebae4a-1ff5-49c1-97c5-41308fb17fa2.jpg'><img loading=\"lazy\" decoding=\"async\" width=\"150\" height=\"150\" src=\"https:\/\/www.radiopiu.net\/wordpress\/wp-content\/uploads\/2023\/10\/a0ebae4a-1ff5-49c1-97c5-41308fb17fa2-150x150.jpg\" class=\"attachment-thumbnail size-thumbnail\" alt=\"\" \/><\/a>\n\t\t\t\t<\/dt><\/dl><dl class='gallery-item'>\n\t\t\t\t<dt class='gallery-icon landscape'>\n\t\t\t\t\t<a class=\"rollover rollover-zoom dt-pswp-item\" title=\"7db63321-bfa8-4ff7-84d0-2b19d427304d\" data-dt-img-description=\"\" data-large_image_width=\"1600\" data-large_image_height=\"900\"href='https:\/\/www.radiopiu.net\/wordpress\/wp-content\/uploads\/2023\/10\/7db63321-bfa8-4ff7-84d0-2b19d427304d.jpg'><img loading=\"lazy\" decoding=\"async\" width=\"150\" height=\"150\" src=\"https:\/\/www.radiopiu.net\/wordpress\/wp-content\/uploads\/2023\/10\/7db63321-bfa8-4ff7-84d0-2b19d427304d-150x150.jpg\" class=\"attachment-thumbnail size-thumbnail\" alt=\"\" \/><\/a>\n\t\t\t\t<\/dt><\/dl><dl class='gallery-item'>\n\t\t\t\t<dt class='gallery-icon landscape'>\n\t\t\t\t\t<a class=\"rollover rollover-zoom dt-pswp-item\" title=\"cdf89a7a-e6f6-4211-941f-d514b7ebb02f\" data-dt-img-description=\"\" data-large_image_width=\"1600\" data-large_image_height=\"900\"href='https:\/\/www.radiopiu.net\/wordpress\/wp-content\/uploads\/2023\/10\/cdf89a7a-e6f6-4211-941f-d514b7ebb02f.jpg'><img loading=\"lazy\" decoding=\"async\" width=\"150\" height=\"150\" src=\"https:\/\/www.radiopiu.net\/wordpress\/wp-content\/uploads\/2023\/10\/cdf89a7a-e6f6-4211-941f-d514b7ebb02f-150x150.jpg\" class=\"attachment-thumbnail size-thumbnail\" alt=\"\" \/><\/a>\n\t\t\t\t<\/dt><\/dl><dl class='gallery-item'>\n\t\t\t\t<dt class='gallery-icon landscape'>\n\t\t\t\t\t<a class=\"rollover rollover-zoom dt-pswp-item\" title=\"Senza nome\" data-dt-img-description=\"\" data-large_image_width=\"522\" data-large_image_height=\"261\"href='https:\/\/www.radiopiu.net\/wordpress\/wp-content\/uploads\/2023\/10\/Senza-nome-32.png'><img loading=\"lazy\" decoding=\"async\" width=\"150\" height=\"150\" src=\"https:\/\/www.radiopiu.net\/wordpress\/wp-content\/uploads\/2023\/10\/Senza-nome-32-150x150.png\" class=\"attachment-thumbnail size-thumbnail\" alt=\"\" \/><\/a>\n\t\t\t\t<\/dt><\/dl><br style=\"clear: both\" \/>\n\t\t\t<\/div>\n\n<p>&nbsp;<\/p>\n<p>&nbsp;<\/p>\n<blockquote>\n<h3>LA MOSTRA ALLE SCUOLE GABELLI<\/h3>\n<\/blockquote>\n<p><strong>BELLUNO<\/strong> Il Comitato &#8220;Belluno, comunit\u00e0 che educa&#8221; presenta una mostra itinerante intitolata &#8220;Gianni e Pierino. La Scuola di lettera ad una professoressa&#8221; nelle Scuole Gabelli a Belluno dal 16 al 28 ottobre 2023. Questa mostra commemora il centenario della nascita di don Lorenzo Milani, il Maestro del secolo scorso, esplorando le voci e le immagini degli studenti della scuola di Barbiana. La mostra offre visite guidate e laboratori didattici al mattino, con orari di apertura al pubblico dal luned\u00ec al sabato dalle 15:00 alle 18:00.<\/p>\n<h3><\/h3>\n<blockquote>\n<h3>GLI APPUNTAMENTI CON LA PRO LOCO CASTIONESE<\/h3>\n<\/blockquote>\n<p><strong><a class=\"dt-pswp-item\" href=\"https:\/\/www.radiopiu.net\/wordpress\/wp-content\/uploads\/2023\/10\/th-1-1.jpg\" data-dt-img-description=\"\" data-large_image_width=\"220\" data-large_image_height=\"165\"><img loading=\"lazy\" decoding=\"async\" class=\" wp-image-355483 alignleft\" src=\"https:\/\/www.radiopiu.net\/wordpress\/wp-content\/uploads\/2023\/10\/th-1-1.jpg\" alt=\"\" width=\"156\" height=\"117\" \/><\/a><\/strong><strong>SABATO 21 OTTOBRE 2023\u00a0 &#8211; BELLUNO A FERRO E FUOCO <\/strong>Terza edizione per la rassegna &#8220;Veneto\u00a0 Spettacoli di Mistero&#8221; promossa dall&#8217;Unpli e sostenuta dalla Regione Veneto, denominata quest&#8217;anno &#8220;Belluno a ferro e fuoco&#8221;. Si parler\u00e0 di ferro, di fuoco, di spade, di santi protettori&#8230; tutto all&#8217;interno della magica cornice del centro storico di Belluno, Citt\u00e0 Splendente. Una passeggiata negli angoli pi\u00f9 suggestivi di Belluno, dove si potranno incontrare mangiafuoco, santi, fabbricanti di spade, dolci fanciulle, commercianti di spade&#8230;.Sette tappe, con partenza dalla meravigliosa Piazza Duomo e ritorno nella suggestiva Piazza delle Erbe dove insieme si potr\u00e0 degustare uno squisito banchetto. Ci saranno cinque gruppi che partiranno in orari diversi: 17.30, 17.50, 18.10, 18.30, 18.50. Durante il tragitto si potr\u00e0 sostare per degustare una prelibata bevanda&#8230; e molte altre sorprese.<\/p>\n<p><strong>DAL 28 OTTOBRE PER 5 APPUNTAMENTI &#8211; RASSEGNA TEATRALE CINQUE VIE\u00a0 &#8211; XIV EDIZIONE<\/strong><strong>, <\/strong><strong>TEATRO SAN GAETANO <\/strong>Cinque spettacoli, cinque percorsi emotivi, cinque vie diverse da attraversare e ad ogni via sentirsi pi\u00f9 \u201cricchi\u201d di prima. Alla XIV edizione &#8220;manteniamo la rotta&#8221; in direzione del teatro &#8220;scomodo&#8221;, per generare emozioni, confronti e riflessioni. 5 Vie tra i sogni di un grande alpinista, tra i pensieri nascosti e troppo spesso malati dei giovani, tra l&#8217;incantevole grazia di un mondo al femminile, tra la visione del male agli occhi di un&#8217;anima candida e tra le seducenti ma terribili azioni di una intramontabile Lady Macbeth.<\/p>\n<p>&nbsp;<\/p>\n<p>GALA&#8217; BOLLICINA, QUARTA EDIZIONE. DOMENICA 22 OTTOBRE DALLE 11 ALLE 17 AL NOF FILO&#8217; DI CENCENIGHE. OSPITE D&#8217;ONORE IL SOMMELIER PLURIPREMIATO, LUCA GARDINI, MIGLIOR SOMMELIER AL MONDO 2020 E OGGI AMBASCIATORE DEL METODO CLASSICO. UN EVENTO &#8220;OH PER BACCO, VINI E SAPORI DELLE DOLOMITI.<br \/>\nGALA&#8217; BOLLICINA, DOMENICA 22 OTTOBRE DALLE 11 ALLE 17 AL NOF FILO&#8217; DI CENCENIGHE: 80 BOLLICINE IN DEGUSTAZIONE, 60 AZIENDE PRESENTI, CICCHETTERIA OH PER BACCO, FINGER FOOD E CUCINA &#8220;COSTA&#8221; (o chiusa, come costicina). diretta su radio piu&#8217; E DALLE 17 ALL&#8217;OH PER BACCO AFTER PARTY CON MORGAN DJ info 348 2779135<\/p>\n<p>&nbsp;<\/p>\n<p><a class=\"dt-pswp-item\" href=\"https:\/\/www.radiopiu.net\/wordpress\/wp-content\/uploads\/2023\/09\/880aa720-47e8-48f2-a5b8-7382d84557b2.jpg\" data-dt-img-description=\"\" data-large_image_width=\"1080\" data-large_image_height=\"1533\"><img loading=\"lazy\" decoding=\"async\" class=\"size-medium wp-image-353010 aligncenter\" src=\"https:\/\/www.radiopiu.net\/wordpress\/wp-content\/uploads\/2023\/09\/880aa720-47e8-48f2-a5b8-7382d84557b2-211x300.jpg\" alt=\"\" width=\"211\" height=\"300\" srcset=\"https:\/\/www.radiopiu.net\/wordpress\/wp-content\/uploads\/2023\/09\/880aa720-47e8-48f2-a5b8-7382d84557b2-211x300.jpg 211w, https:\/\/www.radiopiu.net\/wordpress\/wp-content\/uploads\/2023\/09\/880aa720-47e8-48f2-a5b8-7382d84557b2-721x1024.jpg 721w, https:\/\/www.radiopiu.net\/wordpress\/wp-content\/uploads\/2023\/09\/880aa720-47e8-48f2-a5b8-7382d84557b2-768x1090.jpg 768w, https:\/\/www.radiopiu.net\/wordpress\/wp-content\/uploads\/2023\/09\/880aa720-47e8-48f2-a5b8-7382d84557b2.jpg 1080w\" sizes=\"auto, (max-width: 211px) 100vw, 211px\" \/><\/a><\/p>\n<p>&nbsp;<\/p>\n<p>&nbsp;<\/p>\n<hr \/>\n<p>&nbsp;<\/p>\n<blockquote class=\"wp-embedded-content\" data-secret=\"XUf1u6yaMt\"><p><a href=\"https:\/\/www.radiopiu.net\/wordpress\/dal-poliambulatorio-di-agordo-con-il-dottor-botto\/\">DAL POLIAMBULATORIO DI AGORDO CON IL DOTTOR BOTTO<\/a><\/p><\/blockquote>\n<p><iframe loading=\"lazy\" class=\"wp-embedded-content\" sandbox=\"allow-scripts\" security=\"restricted\" style=\"position: absolute; clip: rect(1px, 1px, 1px, 1px);\" title=\"&#8220;DAL POLIAMBULATORIO DI AGORDO CON IL DOTTOR BOTTO&#8221; &#8212; Radio Pi\u00f9\" src=\"https:\/\/www.radiopiu.net\/wordpress\/dal-poliambulatorio-di-agordo-con-il-dottor-botto\/embed\/#?secret=kxj4wxjXbD#?secret=XUf1u6yaMt\" data-secret=\"XUf1u6yaMt\" width=\"600\" height=\"338\" frameborder=\"0\" marginwidth=\"0\" marginheight=\"0\" scrolling=\"no\"><\/iframe><\/p>\n<p>&nbsp;<\/p>\n<p>&nbsp;<\/p>\n<hr \/>\n<p>&nbsp;<\/p>\n<div class=\"message spoilers-container\" dir=\"auto\">\n<div class=\"column\">\n<div class=\"message spoilers-container\" dir=\"auto\">\n<div class=\"column\">\n<p><img loading=\"lazy\" decoding=\"async\" class=\"aligncenter wp-image-61954 size-full\" src=\"https:\/\/www.radiopiu.net\/wordpress\/wp-content\/uploads\/2018\/09\/viabilita.jpeg\" sizes=\"auto, (max-width: 800px) 100vw, 800px\" srcset=\"https:\/\/www.radiopiu.net\/wordpress\/wp-content\/uploads\/2018\/09\/viabilita.jpeg 800w, https:\/\/www.radiopiu.net\/wordpress\/wp-content\/uploads\/2018\/09\/viabilita-300x38.jpeg 300w, https:\/\/www.radiopiu.net\/wordpress\/wp-content\/uploads\/2018\/09\/viabilita-768x96.jpeg 768w\" alt=\"\" width=\"800\" height=\"100\" \/><\/p>\n<\/div>\n<\/div>\n<div class=\"message spoilers-container\" dir=\"auto\">\n<div class=\"column\">\n<p>&nbsp;<\/p>\n<\/div>\n<\/div>\n<\/div>\n<\/div>\n<blockquote class=\"wp-embedded-content\" data-secret=\"k1Po6wwp1P\"><p><a href=\"https:\/\/www.radiopiu.net\/wordpress\/viabilita\/\">viabilita<\/a><\/p><\/blockquote>\n<p><iframe loading=\"lazy\" class=\"wp-embedded-content\" sandbox=\"allow-scripts\" security=\"restricted\" style=\"position: absolute; clip: rect(1px, 1px, 1px, 1px);\" title=\"&#8220;viabilita&#8221; &#8212; Radio Pi\u00f9\" src=\"https:\/\/www.radiopiu.net\/wordpress\/viabilita\/embed\/#?secret=um99wL2xmC#?secret=k1Po6wwp1P\" data-secret=\"k1Po6wwp1P\" width=\"600\" height=\"338\" frameborder=\"0\" marginwidth=\"0\" marginheight=\"0\" scrolling=\"no\"><\/iframe><\/p>\n<div class=\"message spoilers-container\" dir=\"auto\">\n<div class=\"column\">\n<div class=\"message spoilers-container\" dir=\"auto\">\n<div class=\"column\">\n<div>\n<div dir=\"ltr\">\n<div class=\"gmail_quote\">\n<div dir=\"ltr\">\n<div><\/div>\n<div><\/div>\n<div><\/div>\n<\/div>\n<\/div>\n<\/div>\n<\/div>\n<hr \/>\n<p>&nbsp;<\/p>\n<p><a class=\"dt-pswp-item\" href=\"https:\/\/www.radiopiu.net\/wordpress\/wp-content\/uploads\/2018\/09\/WhatsApp-Image-2018-09-20-at-16.04.06.jpeg\" data-dt-img-description=\"\" data-large_image_width=\"800\" data-large_image_height=\"100\"><img loading=\"lazy\" decoding=\"async\" class=\"wp-image-61378 size-full aligncenter\" src=\"https:\/\/www.radiopiu.net\/wordpress\/wp-content\/uploads\/2018\/09\/WhatsApp-Image-2018-09-20-at-16.04.06.jpeg\" alt=\"\" width=\"800\" height=\"100\" srcset=\"https:\/\/www.radiopiu.net\/wordpress\/wp-content\/uploads\/2018\/09\/WhatsApp-Image-2018-09-20-at-16.04.06.jpeg 800w, https:\/\/www.radiopiu.net\/wordpress\/wp-content\/uploads\/2018\/09\/WhatsApp-Image-2018-09-20-at-16.04.06-300x38.jpeg 300w, https:\/\/www.radiopiu.net\/wordpress\/wp-content\/uploads\/2018\/09\/WhatsApp-Image-2018-09-20-at-16.04.06-768x96.jpeg 768w\" sizes=\"auto, (max-width: 800px) 100vw, 800px\" \/><\/a><\/p>\n<\/div>\n<\/div>\n<p>&nbsp;<\/p>\n<\/div>\n<\/div>\n<div id=\"dolomitimeteo_div_testi\"><center><b>OGGI<\/b><\/center>Sole e cielo parzialmente velato al mattino, assieme a qualche nebbia o qualche banco di nubi basse mattutine su alcuni settori prealpini, in rapido dissolvimento dopo il sorgere del sole. Al pomeriggio intensificazione della nuvolosit\u00e0 medio-alta fino a cielo coperto, ma senza fenomeni.<br \/>\n<b>Precipitazioni: <\/b>Assenti (0%).<br \/>\n<b>Temperature: <\/b>In generale ulteriore calo a tutte le quote, specie le minime; in caso di notte serena e di irraggiamento potranno essere osservate brinate notturne<\/p>\n<hr \/>\n<p><center><b>DOMANI<\/b><\/center><b>Tempo atteso: <\/b>Tempo da soleggiato a parzialmente soleggiato per la presenza di nubi alte in grado di velare il cielo sia al mattino che al pomeriggio. In alcuni momenti le velature potranno essere estese, ma senza mascherare del tutto il sole.<br \/>\n<b>Precipitazioni: <\/b>Assente (0%)<br \/>\n<b>Temperature: <\/b>Generale ripresa delle temperature, specie le minime; l&#8217;aumento sar\u00e0 pi\u00f9 marcato in quota che non nelle valli.<\/p>\n<hr \/>\n<p><center><b>MERCOLEDI<\/b><\/center>Cielo inizialmente velato, poi da nuvoloso a coperto da nubi alte e medio-alte perlopi\u00f9 senza fenomeni, salvo qualche pioggia serale sulle fascia prealpina e pedemontana occidentale. Netto rialzo delle temperature minime, anche delle massime nonostante la copertura nuvolosa.<\/p>\n<hr \/>\n<p><center><b>GIOVEDI<\/b><\/center>Peggioramento del tempo con cielo coperto e prime deboli precipitazioni, gi\u00e0 al primo mattino sulle Prealpi occidentali, in estensione al resto dei monti veneti al pomeriggio. I fenomeni diventeranno moderati sulle Prealpi e saranno deboli sulle Dolomiti. Temperature in lieve flessione, salvo aumento delle minime nelle valli.<\/p>\n<\/div>\n<p>&nbsp;<\/p>\n<div class=\"message spoilers-container\" dir=\"auto\">\n<hr \/>\n<p>&nbsp;<\/p>\n<p><img loading=\"lazy\" decoding=\"async\" class=\"wp-image-60761 size-full aligncenter\" src=\"https:\/\/www.radiopiu.net\/wordpress\/wp-content\/uploads\/2018\/09\/sport.jpg\" alt=\"\" width=\"800\" height=\"100\" srcset=\"https:\/\/www.radiopiu.net\/wordpress\/wp-content\/uploads\/2018\/09\/sport.jpg 800w, https:\/\/www.radiopiu.net\/wordpress\/wp-content\/uploads\/2018\/09\/sport-300x38.jpg 300w, https:\/\/www.radiopiu.net\/wordpress\/wp-content\/uploads\/2018\/09\/sport-768x96.jpg 768w\" sizes=\"auto, (max-width: 800px) 100vw, 800px\" \/><\/p>\n<p>&nbsp;<\/p>\n<p><span style=\"color: #0000ff;\"><strong>CALCIO<\/strong><\/span><\/p>\n<blockquote>\n<h3>AGORDINA E PIAVE PERDONO. UN BUON FINE SETTIMANA PER IL SETTORE GIOVANILE DELL&#8217;AGORDINA<\/h3>\n<\/blockquote>\n<p><strong><a class=\"dt-pswp-item\" href=\"https:\/\/www.radiopiu.net\/wordpress\/wp-content\/uploads\/2021\/11\/CALCIO-2021.jpg\" data-dt-img-description=\"\" data-large_image_width=\"2560\" data-large_image_height=\"1707\"><img loading=\"lazy\" decoding=\"async\" class=\" wp-image-242798 alignleft\" src=\"https:\/\/www.radiopiu.net\/wordpress\/wp-content\/uploads\/2021\/11\/CALCIO-2021-300x200.jpg\" alt=\"\" width=\"171\" height=\"114\" srcset=\"https:\/\/www.radiopiu.net\/wordpress\/wp-content\/uploads\/2021\/11\/CALCIO-2021-300x200.jpg 300w, https:\/\/www.radiopiu.net\/wordpress\/wp-content\/uploads\/2021\/11\/CALCIO-2021-1024x683.jpg 1024w, https:\/\/www.radiopiu.net\/wordpress\/wp-content\/uploads\/2021\/11\/CALCIO-2021-768x512.jpg 768w, https:\/\/www.radiopiu.net\/wordpress\/wp-content\/uploads\/2021\/11\/CALCIO-2021-1536x1024.jpg 1536w, https:\/\/www.radiopiu.net\/wordpress\/wp-content\/uploads\/2021\/11\/CALCIO-2021-2048x1366.jpg 2048w\" sizes=\"auto, (max-width: 171px) 100vw, 171px\" \/><\/a>di Marco Gaz<\/strong><\/p>\n<p><span style=\"color: #ff0000;\"><strong>TERZA CATEGORIA<\/strong><\/span><\/p>\n<p><strong>AGORDINA \u2013 SAN VITTORE 0-2<\/strong><\/p>\n<p>Prima sconfitta stagionale per l\u2019Agordina di Elvio Chiea che si piega di fronte al San Vittore. All\u2019Ivano Dorigo di Agordo i feltrini la spuntano mettendo a segno un gol per tempo. Una partita in cui la squadra di Agordo non ha giocato bene per 50\u2019, un match monotono con poche occasioni da entrambi i lati. Poco o niente da raccontare dei primi 20\u2019 di gara, fino a quando gli ospiti si portano in vantaggio. Punizione dalla tre quarti, difesa dell\u2019Agordina che si addormenta e pallone che arriva all\u2019attaccante che insacca indisturbato. A rendersi pericolosi sono ancora i feltrini poco dopo. Nella ripresa la compagine di Agordo si sveglia Dal Don ma il portiere nega la gioia del gol. Lo stesso Dal Don ci riprova poco dopo ma il pallone non entra. Provano a reagire i feltrini ma Palla salva il risultato. All\u201986\u2019 il definitivo 2 a 0 del San Vittore.<\/p>\n<p><strong>DYNAMO VELLLAI \u2013 PIAVE 1-0<\/strong><\/p>\n<p><strong><em>IL SERVIZIO DI ANDREA BALDASSI, PORTAVOCE DEL PIAVE CALCIO<\/em><\/strong><\/p>\n<audio class=\"wp-audio-shortcode\" id=\"audio-356842-8\" preload=\"none\" style=\"width: 100%;\" controls=\"controls\"><source type=\"audio\/mpeg\" src=\"https:\/\/www.radiopiu.net\/wordpress\/wp-content\/uploads\/2023\/10\/BALDA-PIAVE.mp3?_=8\" \/><a href=\"https:\/\/www.radiopiu.net\/wordpress\/wp-content\/uploads\/2023\/10\/BALDA-PIAVE.mp3\">https:\/\/www.radiopiu.net\/wordpress\/wp-content\/uploads\/2023\/10\/BALDA-PIAVE.mp3<\/a><\/audio>\n<p>&nbsp;<\/p>\n<p><span style=\"color: #008000;\"><strong>GIOVANILI AGORDINA<\/strong><\/span><\/p>\n<p><span style=\"color: #ff0000;\"><strong>JUNIORES<\/strong><\/span><\/p>\n<p><strong>AGORDINA \u2013 SANTA LUCIA 2-0<\/strong><\/p>\n<p>GOL AGORDINA: V. Marcon, Ferrara<\/p>\n<p>Inarrestabile la marcia della Juniores dell\u2019Agordina che nel campionato delle provincie di Belluno e Treviso si trova in testa alla classifica. Ottima prova dei giovani di De Zaiacomo anche sabato pomeriggio quando all\u2019Ivano Dorigo di Agordo hanno superato il Santa Lucia per 2 a 0. Vantaggio degli agordini con Valentino Marcon che coglie un assist d\u2019oro per battere il portiere. Nella ripresa ci pensa Ferrara a chiudere la sfida.<\/p>\n<p><span style=\"color: #ff0000;\"><strong>ALLIEVI <\/strong><\/span><\/p>\n<p><strong>DYNAMO VELLAI \u2013 AGORDINA 0-4<\/strong><\/p>\n<p>GOL AGORDINA: Chenet, 2 Ganz, Mezzacasa<\/p>\n<p>Bella vittoria per la squadra allenata da Orzetti che torna dalla trasferta in terra feltrina con 3 punti in saccoccia calando il poker alla Dynamo Vellai. Gli agordini gestiscono la meglio la sfida passando in vantaggio con Chenet. Ganz trova la doppietta personale. A chiudere la sfida ci pensa Mezzacasa<\/p>\n<p><span style=\"color: #ff0000;\"><strong>GIOVANISSIMI<\/strong><\/span><\/p>\n<p><strong>AGORDINA sq. A \u2013 LG VALBELLUNA 4-0 <\/strong><\/p>\n<p>GOL AGORDINA: Minotto, Rudatis, Tibolla, De Bernardin<\/p>\n<p>Ancora un\u2019ottima prova per la squadra A dell\u2019Agordina nel campionato Giovanissmi. La partita si mette subito bene grazie ad Axel Minotto che trova un preciso sinistro all&#8217;incrocio dei pali alla destra del portiere. Nella ripresa gli agordini raddoppiano subito grazie a Giacomo Rudatis il cui tiro inganna il portiere grazie anche ad una lieve deviazione di un difensore. L&#8217;Agordina ritrova fiducia e gioco e di conseguenza altre due marcature, prima con Riccardo Tibolla e poi con Federico De Bernardin.<\/p>\n<p><strong>LIMANA \u2013 AGORDINA sq. B 9-0<\/strong><\/p>\n<p>Sconfitta sonante per i ragazzi della squadra B dell\u2019Agordina che tornano dalla trasferta di Limana con 9 gol in saccoccia. Un Limana nettamente superiore che non ha lasciato scampo ai giovani agordini, e il risultato dice tutto.<\/p>\n<p>&nbsp;<\/p>\n<blockquote>\n<h3>TORNA A VINCERE IL LE VILLE CHE VA IN TESTA AL CAMPIONATO OPEN CSI<\/h3>\n<\/blockquote>\n<p><strong><a class=\"dt-pswp-item\" href=\"https:\/\/www.radiopiu.net\/wordpress\/wp-content\/uploads\/2020\/09\/US-LE-VILLE.jpg\" data-dt-img-description=\"\" data-large_image_width=\"585\" data-large_image_height=\"576\"><img loading=\"lazy\" decoding=\"async\" class=\" wp-image-163077 alignleft\" src=\"https:\/\/www.radiopiu.net\/wordpress\/wp-content\/uploads\/2020\/09\/US-LE-VILLE-300x295.jpg\" alt=\"\" width=\"125\" height=\"123\" srcset=\"https:\/\/www.radiopiu.net\/wordpress\/wp-content\/uploads\/2020\/09\/US-LE-VILLE-300x295.jpg 300w, https:\/\/www.radiopiu.net\/wordpress\/wp-content\/uploads\/2020\/09\/US-LE-VILLE-80x80.jpg 80w, https:\/\/www.radiopiu.net\/wordpress\/wp-content\/uploads\/2020\/09\/US-LE-VILLE-488x480.jpg 488w, https:\/\/www.radiopiu.net\/wordpress\/wp-content\/uploads\/2020\/09\/US-LE-VILLE.jpg 585w\" sizes=\"auto, (max-width: 125px) 100vw, 125px\" \/><\/a>di Marco Gaz<\/strong><\/p>\n<p><span style=\"color: #ff0000;\"><strong>CAMPIONATO OPEN CSI<\/strong><\/span><\/p>\n<p><strong>SAN VITTORE &#8211; LE VILLE 0-3<\/strong><\/p>\n<p>GOL LE VILLE: Monferone, Soppelsa, Farenzena<\/p>\n<p>Dopo il pareggio con il Soccher della scorsa settimana, il Le Ville torna a vincere e conquista la testa della classifica dopo aver rifilato tre gol al San Vittore. Ottima prova degli uomini allenati da Farenzena che si candidano a squadra da battere del torneo provinciale CSI. Ad aprire le marcature ci pensa la squadra di Agordo. Torre di Francesco Case su punizione di Farenzena, pallone che arriva a Monferone che non deve far altro che spingere la sfera in fondo al sacco. Il raddoppio del Le Ville con un tiro a giro di Stefano Soppelsa. Il match si chiude con la terza marcatura agordina a firma di Daniel Farenzena su calcio di rigore. Primo posto in classifica assieme ad altre tre formazioni per i ragazzi del Le Ville che si stanno comportando bene in questa stagione.<\/p>\n<p>&nbsp;<\/p>\n<p><span style=\"color: #0000ff;\"><strong>HOCKEY SU GHIACCIO<\/strong><\/span><\/p>\n<blockquote>\n<h3>L&#8217;ALLEGHE ATTERRA IL DOBBIACO. SECONDA VITTORIA CONSECUTIVA PER LE CIVETTE<\/h3>\n<\/blockquote>\n<p><strong>di Marco Gaz<\/strong><\/p>\n<p><span style=\"color: #ff0000;\"><strong>IHL &#8211; 6A GIORNATA<\/strong><\/span><\/p>\n<p><strong>ALLEGHE \u2013 DOBBIACO 7-3<\/strong><\/p>\n<p>PARZIALI: 2-1, 4-2, 1-0<\/p>\n<p>GOL: pt. 2\u201954\u201d Makela, 8\u201906\u201d Bormanis, 15\u201914\u201d Testori. St. 7\u201913\u201d G. Vinatzer, 7\u201936\u201d Testori, 8\u201927\u201d Purdeller, 10\u201921\u201d e 13\u201933\u201d A. Vinatzer, 13\u201945\u201d Majul. Tt. 3\u201931\u201d Makela<\/p>\n<p>Secondo risultato utile consecutivo per l\u2019Alleghe che incamera tre punti con il Dobbiaco. Sagra del gol all\u2019Alvise De Toni di Alleghe con le squadre ballerine che hanno dato spettacolo. Ad avere la meglio gli agordini capaci di una prova superlativa. Ancora una volta Makela protagonista dei biancorossi con ben due reti messe a segno oltre ad essere stato un ottimo assistman per tutta la sfida. Ora una lunga pausa per il turno di riposo con le civette che torneranno in campo il 26 ottobre per il derby bellunese contro il Feltre. Bastano 3\u2019 e l\u2019Alleghe si porta subito avanti. A sbloccare la partita ci pensa Makela che coglie l\u2019assist di Zherdev per battere il portiere dopo essersi sbarazzato di un difensore. Al primo powerplay il Dobbiaco pareggia i conti. La difesa alleghese commette un errore e Bormanis trova il varco per infilare il golie agordino. La partita \u00e8 piacevole e le squadre non se le mandano a dire. Le civette non ci stanno e si riportano in vantaggio. De Val si scarta due avversari, prova la conclusione, ribattuta del portiere e colpo vincente di Testori. Gli altoatesini si avvicinano al gol nel finale di gara in superiorit\u00e0 numerica. Bravo De Nardin a salvare il risultato. Nel secondo drittel il Dobbiaco sembra essere entrato in campo pi\u00f9 convinto. Ad avere la meglio sono i biancorossi che in superiorit\u00e0 numerica vanno di nuovo a segno. Tiro dalla linea blu, ribattuta e colpo vincente di Gabriel Vinatzer. Gli alleghesi ci prendono gusto e calano il pocker dopo pochi secondi con Testori. Altoatesini che rispondono con Purdeller poco dopo riaprendo la partita. Agordini che ristabiliscono subito le 3 reti di vantaggio con una conclusione vincente di Andreas Vinatzer. Lo stesso Vinatzer mette la firma alla doppietta personale pochi minuti dopo. Un calo di concentrazione consente al Dobbiaco di accorciare subito le distanze. Nella terza frazione l\u2019Alleghe tiene in mano la partita avvicinandosi pi\u00f9 volte al gol. Rete che arriva con Makela che mette la firma alla doppietta personale.<\/p>\n<p><strong>FELTRE GIORNATA DI RIPOSO<\/strong><\/p>\n<p>(foto: Matteo Floridia)<\/p>\n\n\t\t\t<style type='text\/css'>\n\t\t\t\t#gallery-11 {\n\t\t\t\t\tmargin: auto;\n\t\t\t\t}\n\t\t\t\t#gallery-11 .gallery-item {\n\t\t\t\t\tfloat: left;\n\t\t\t\t\tmargin-top: 10px;\n\t\t\t\t\ttext-align: center;\n\t\t\t\t\twidth: 33%;\n\t\t\t\t}\n\t\t\t\t#gallery-11 img {\n\t\t\t\t\tborder: 2px solid #cfcfcf;\n\t\t\t\t}\n\t\t\t\t#gallery-11 .gallery-caption {\n\t\t\t\t\tmargin-left: 0;\n\t\t\t\t}\n\t\t\t\t\/* see gallery_shortcode() in wp-includes\/media.php *\/\n\t\t\t<\/style>\n\t\t<div id='gallery-11' class='dt-gallery-container gallery galleryid-356842 gallery-columns-3 gallery-size-medium'><dl class='gallery-item'>\n\t\t\t\t<dt class='gallery-icon landscape'>\n\t\t\t\t\t<a class=\"rollover rollover-zoom dt-pswp-item\" title=\"08bbdf0d-a3cb-4426-b16f-57a561a3962c\" data-dt-img-description=\"\" data-large_image_width=\"1024\" data-large_image_height=\"710\"href='https:\/\/www.radiopiu.net\/wordpress\/wp-content\/uploads\/2023\/10\/08bbdf0d-a3cb-4426-b16f-57a561a3962c.jpg'><img loading=\"lazy\" decoding=\"async\" width=\"300\" height=\"208\" src=\"https:\/\/www.radiopiu.net\/wordpress\/wp-content\/uploads\/2023\/10\/08bbdf0d-a3cb-4426-b16f-57a561a3962c-300x208.jpg\" class=\"attachment-medium size-medium\" alt=\"\" srcset=\"https:\/\/www.radiopiu.net\/wordpress\/wp-content\/uploads\/2023\/10\/08bbdf0d-a3cb-4426-b16f-57a561a3962c-300x208.jpg 300w, https:\/\/www.radiopiu.net\/wordpress\/wp-content\/uploads\/2023\/10\/08bbdf0d-a3cb-4426-b16f-57a561a3962c-768x533.jpg 768w, https:\/\/www.radiopiu.net\/wordpress\/wp-content\/uploads\/2023\/10\/08bbdf0d-a3cb-4426-b16f-57a561a3962c.jpg 1024w\" sizes=\"auto, (max-width: 300px) 100vw, 300px\" \/><\/a>\n\t\t\t\t<\/dt><\/dl><dl class='gallery-item'>\n\t\t\t\t<dt class='gallery-icon landscape'>\n\t\t\t\t\t<a class=\"rollover rollover-zoom dt-pswp-item\" title=\"1d778d5f-f8e9-4b2c-9ac4-6f6190ae4ed5\" data-dt-img-description=\"\" data-large_image_width=\"1024\" data-large_image_height=\"672\"href='https:\/\/www.radiopiu.net\/wordpress\/wp-content\/uploads\/2023\/10\/1d778d5f-f8e9-4b2c-9ac4-6f6190ae4ed5.jpg'><img loading=\"lazy\" decoding=\"async\" width=\"300\" height=\"197\" src=\"https:\/\/www.radiopiu.net\/wordpress\/wp-content\/uploads\/2023\/10\/1d778d5f-f8e9-4b2c-9ac4-6f6190ae4ed5-300x197.jpg\" class=\"attachment-medium size-medium\" alt=\"\" srcset=\"https:\/\/www.radiopiu.net\/wordpress\/wp-content\/uploads\/2023\/10\/1d778d5f-f8e9-4b2c-9ac4-6f6190ae4ed5-300x197.jpg 300w, https:\/\/www.radiopiu.net\/wordpress\/wp-content\/uploads\/2023\/10\/1d778d5f-f8e9-4b2c-9ac4-6f6190ae4ed5-768x504.jpg 768w, https:\/\/www.radiopiu.net\/wordpress\/wp-content\/uploads\/2023\/10\/1d778d5f-f8e9-4b2c-9ac4-6f6190ae4ed5.jpg 1024w\" sizes=\"auto, (max-width: 300px) 100vw, 300px\" \/><\/a>\n\t\t\t\t<\/dt><\/dl><dl class='gallery-item'>\n\t\t\t\t<dt class='gallery-icon landscape'>\n\t\t\t\t\t<a class=\"rollover rollover-zoom dt-pswp-item\" title=\"730c49f2-3442-4a03-888a-7c2aa443d525\" data-dt-img-description=\"\" data-large_image_width=\"1024\" data-large_image_height=\"647\"href='https:\/\/www.radiopiu.net\/wordpress\/wp-content\/uploads\/2023\/10\/730c49f2-3442-4a03-888a-7c2aa443d525.jpg'><img loading=\"lazy\" decoding=\"async\" width=\"300\" height=\"190\" src=\"https:\/\/www.radiopiu.net\/wordpress\/wp-content\/uploads\/2023\/10\/730c49f2-3442-4a03-888a-7c2aa443d525-300x190.jpg\" class=\"attachment-medium size-medium\" alt=\"\" srcset=\"https:\/\/www.radiopiu.net\/wordpress\/wp-content\/uploads\/2023\/10\/730c49f2-3442-4a03-888a-7c2aa443d525-300x190.jpg 300w, https:\/\/www.radiopiu.net\/wordpress\/wp-content\/uploads\/2023\/10\/730c49f2-3442-4a03-888a-7c2aa443d525-768x485.jpg 768w, https:\/\/www.radiopiu.net\/wordpress\/wp-content\/uploads\/2023\/10\/730c49f2-3442-4a03-888a-7c2aa443d525.jpg 1024w\" sizes=\"auto, (max-width: 300px) 100vw, 300px\" \/><\/a>\n\t\t\t\t<\/dt><\/dl><br style=\"clear: both\" \/>\n\t\t\t<\/div>\n\n<p>Al termine della gara Alleghe-Dobbiaco sono stati premiati come MVP (migliori giocatori della gara) per l\u2019Alleghe l&#8217;attaccante alleghese Davide Testori, autore di due reti e per il Dobbiaco l&#8217;attaccante messicano Hector Majul, protagonista di un gol ed un assist.<\/p>\n\n\t\t\t<style type='text\/css'>\n\t\t\t\t#gallery-12 {\n\t\t\t\t\tmargin: auto;\n\t\t\t\t}\n\t\t\t\t#gallery-12 .gallery-item {\n\t\t\t\t\tfloat: left;\n\t\t\t\t\tmargin-top: 10px;\n\t\t\t\t\ttext-align: center;\n\t\t\t\t\twidth: 100%;\n\t\t\t\t}\n\t\t\t\t#gallery-12 img {\n\t\t\t\t\tborder: 2px solid #cfcfcf;\n\t\t\t\t}\n\t\t\t\t#gallery-12 .gallery-caption {\n\t\t\t\t\tmargin-left: 0;\n\t\t\t\t}\n\t\t\t\t\/* see gallery_shortcode() in wp-includes\/media.php *\/\n\t\t\t<\/style>\n\t\t<div id='gallery-12' class='dt-gallery-container gallery galleryid-356842 gallery-columns-1 gallery-size-medium'><dl class='gallery-item'>\n\t\t\t\t<dt class='gallery-icon landscape'>\n\t\t\t\t\t<a class=\"rollover rollover-zoom dt-pswp-item\" title=\"7c502f88-7518-4109-ac6d-4605d2a37d88\" data-dt-img-description=\"\" data-large_image_width=\"1024\" data-large_image_height=\"782\"href='https:\/\/www.radiopiu.net\/wordpress\/wp-content\/uploads\/2023\/10\/7c502f88-7518-4109-ac6d-4605d2a37d88.jpg'><img loading=\"lazy\" decoding=\"async\" width=\"300\" height=\"229\" src=\"https:\/\/www.radiopiu.net\/wordpress\/wp-content\/uploads\/2023\/10\/7c502f88-7518-4109-ac6d-4605d2a37d88-300x229.jpg\" class=\"attachment-medium size-medium\" alt=\"\" srcset=\"https:\/\/www.radiopiu.net\/wordpress\/wp-content\/uploads\/2023\/10\/7c502f88-7518-4109-ac6d-4605d2a37d88-300x229.jpg 300w, https:\/\/www.radiopiu.net\/wordpress\/wp-content\/uploads\/2023\/10\/7c502f88-7518-4109-ac6d-4605d2a37d88-768x587.jpg 768w, https:\/\/www.radiopiu.net\/wordpress\/wp-content\/uploads\/2023\/10\/7c502f88-7518-4109-ac6d-4605d2a37d88.jpg 1024w\" sizes=\"auto, (max-width: 300px) 100vw, 300px\" \/><\/a>\n\t\t\t\t<\/dt><\/dl><br style=\"clear: both\" \/>\n\t\t\t<\/div>\n\n<p>&nbsp;<\/p>\n<blockquote>\n<h3>UN FINE SETTIMANA DI ALTI E BASSI PER LE GIOVANILI DELL&#8217;ALLEGHE HOCKEY<\/h3>\n<\/blockquote>\n<p><strong><a class=\"dt-pswp-item\" href=\"https:\/\/www.radiopiu.net\/wordpress\/wp-content\/uploads\/2023\/01\/hockey.jpg\" data-dt-img-description=\"\" data-large_image_width=\"1920\" data-large_image_height=\"1280\"><img loading=\"lazy\" decoding=\"async\" class=\" wp-image-315616 alignleft\" src=\"https:\/\/www.radiopiu.net\/wordpress\/wp-content\/uploads\/2023\/01\/hockey-300x200.jpg\" alt=\"\" width=\"197\" height=\"131\" srcset=\"https:\/\/www.radiopiu.net\/wordpress\/wp-content\/uploads\/2023\/01\/hockey-300x200.jpg 300w, https:\/\/www.radiopiu.net\/wordpress\/wp-content\/uploads\/2023\/01\/hockey-1024x683.jpg 1024w, https:\/\/www.radiopiu.net\/wordpress\/wp-content\/uploads\/2023\/01\/hockey-768x512.jpg 768w, https:\/\/www.radiopiu.net\/wordpress\/wp-content\/uploads\/2023\/01\/hockey-1536x1024.jpg 1536w, https:\/\/www.radiopiu.net\/wordpress\/wp-content\/uploads\/2023\/01\/hockey.jpg 1920w\" sizes=\"auto, (max-width: 197px) 100vw, 197px\" \/><\/a>di Marco Gaz<\/strong><\/p>\n<p><span style=\"color: #ff0000;\"><strong>UNDER 19<\/strong><\/span><\/p>\n<p><strong>CORTINA\/ALLEGHE \u2013 APPIANO 4-5<\/strong><\/p>\n<p>GOL CORTINA\/ALLEGHE: 2 De Luca, Esposito, Sudiro<\/p>\n<p>Primo passo falso del Cortina\/Alleghe nel campionato Under 19. Una sconfitta immeritata per i ragazzi bellunesi che sbagliano tanto sotto porta nonostante i tiri verso la gabbia siano stati molti di pi\u00f9 dell\u2019Appiano. Cortina\/Alleghe in vantaggio con De Luca, altoatesini che pareggiano i conti subito dopo. Nel secondo tempo Esposito riporta in vantaggio i bellunesi ma 5\u2019 di deconcentrazione costano caro ai ragazzi di Marchetti e l\u2019Appiano prende il largo siglando 3 gol in rapida successione. Sudiro e De Luca pareggiano i conti ma nel finale gli ospiti trovano la rete che vale 3 punti.<\/p>\n<p><span style=\"color: #ff0000;\"><strong>UNDER 16<\/strong><\/span><\/p>\n<p><strong>CORTINA\/ALLEGHE \u2013 MERANO 11-1<\/strong><\/p>\n<p>GOL CORTINA\/ALLEGHE: 3 Fontanive, Alver\u00e0, Evangelisti, Venturi, Talamini, Constantini, De Luca, Schiavon, Larese<\/p>\n<p>Quattro su quattro per la squadra mista giovanile del Cortina\/Alleghe che allo Stadio Olimpico di Cortina asfalta il Merano dopo una sfida a senso unico. Slpendida prestazione dei giovani bellunesi Under 16 che non lasciano spazi agli altoatesini e portano a casa il bottino pieno. Sono 9 i giocatori del Cortina\/Alleghe andati a segno, da segnalare la tripletta di No\u00e8 Fontanive.<\/p>\n<p><span style=\"color: #ff0000;\"><strong>UNDER 14 <\/strong><\/span><\/p>\n<p><strong>PADOVA \u2013 ALLEGHE\/CORTINA 0-7<\/strong><\/p>\n<p>Terza vittoria su altrettante partite giocate per i giovani under 14 dell\u2019Alleghe\/Cortina che si piazzano in testa al girone Est del campionato assieme al Fiemme. Una prova superlativa per le giovani civette che sul campo di Padova mettono il punto esclamativo ad una partita mai decollata per i padovani che non hanno saputo tenere il ritmo dei bellunesi.<\/p>\n<p>&nbsp;<\/p>\n<p><span style=\"color: #0000ff;\"><strong>PALLAVOLO<\/strong><\/span><\/p>\n<blockquote>\n<h3>IL BELLUNO VOLLEY PARTE CON IL PIEDE GIUSTO<\/h3>\n<\/blockquote>\n<p><b><a class=\"dt-pswp-item\" href=\"https:\/\/www.radiopiu.net\/wordpress\/wp-content\/uploads\/2023\/10\/La_grinta_di_Antonaci.jpg\" data-dt-img-description=\"\" data-large_image_width=\"1280\" data-large_image_height=\"855\"><img loading=\"lazy\" decoding=\"async\" class=\" wp-image-357016 alignleft\" src=\"https:\/\/www.radiopiu.net\/wordpress\/wp-content\/uploads\/2023\/10\/La_grinta_di_Antonaci-300x200.jpg\" alt=\"\" width=\"197\" height=\"131\" srcset=\"https:\/\/www.radiopiu.net\/wordpress\/wp-content\/uploads\/2023\/10\/La_grinta_di_Antonaci-300x200.jpg 300w, https:\/\/www.radiopiu.net\/wordpress\/wp-content\/uploads\/2023\/10\/La_grinta_di_Antonaci-1024x684.jpg 1024w, https:\/\/www.radiopiu.net\/wordpress\/wp-content\/uploads\/2023\/10\/La_grinta_di_Antonaci-768x513.jpg 768w, https:\/\/www.radiopiu.net\/wordpress\/wp-content\/uploads\/2023\/10\/La_grinta_di_Antonaci.jpg 1280w\" sizes=\"auto, (max-width: 197px) 100vw, 197px\" \/><\/a>BELLUNO VOLLEY-CUS CAGLIARI 3-0 (<\/b><strong>25-20, 25-21, 25-19)<\/strong><\/p>\n<p>Buona la prima. Il Belluno Volley supera in tre set i neopromossi del Cus Cagliari e fa festa con i 500 della Spes Arena: la risposta del pubblico \u00e8 davvero da rimarcare, se si considera l\u2019inedito orario pomeridiano (il confronto \u00e8 iniziato alle 15). E a nobilitare ulteriormente il pomeriggio nell\u2019impianto di Lambioi ha pensato il numero uno del volley italiano: il presidente di Lega Pallavolo Serie A, Massimo Righi, arrivato fra le Dolomiti per toccare con mano la passione di una piazza che ha voglia di volley. E la professionalit\u00e0 di una societ\u00e0 attenta al presente e orientata al futuro. Sul campo, invece, i rinoceronti non hanno tradito le attese: grazie a un ottimo Mozzato (in doppia cifra e artefice di 2 muri), a un efficacissimo Bucko in attacco (11 punti col 67 per cento) e a un capitan Bisi in versione top scorer (13 senza errori sotto rete), i bellunesi sono scattati nel migliore dei modi dai blocchi di partenza.<span class=\"gmail-Apple-converted-space\">\u00a0<\/span><\/p>\n<p>&nbsp;<\/p>\n<blockquote>\n<h3>LA PALLAVOLO BELLUNO FEMMINILE DI SERIE D SALUTA LA COPPA<\/h3>\n<\/blockquote>\n<p><b><a class=\"dt-pswp-item\" href=\"https:\/\/www.radiopiu.net\/wordpress\/wp-content\/uploads\/2023\/10\/Silvia_Costa_si_confronta_con_coach_Pezzei.jpg\" data-dt-img-description=\"\" data-large_image_width=\"1280\" data-large_image_height=\"564\"><img loading=\"lazy\" decoding=\"async\" class=\" wp-image-356916 alignleft\" src=\"https:\/\/www.radiopiu.net\/wordpress\/wp-content\/uploads\/2023\/10\/Silvia_Costa_si_confronta_con_coach_Pezzei-300x132.jpg\" alt=\"\" width=\"195\" height=\"86\" srcset=\"https:\/\/www.radiopiu.net\/wordpress\/wp-content\/uploads\/2023\/10\/Silvia_Costa_si_confronta_con_coach_Pezzei-300x132.jpg 300w, https:\/\/www.radiopiu.net\/wordpress\/wp-content\/uploads\/2023\/10\/Silvia_Costa_si_confronta_con_coach_Pezzei-1024x451.jpg 1024w, https:\/\/www.radiopiu.net\/wordpress\/wp-content\/uploads\/2023\/10\/Silvia_Costa_si_confronta_con_coach_Pezzei-768x338.jpg 768w, https:\/\/www.radiopiu.net\/wordpress\/wp-content\/uploads\/2023\/10\/Silvia_Costa_si_confronta_con_coach_Pezzei.jpg 1280w\" sizes=\"auto, (max-width: 195px) 100vw, 195px\" \/><\/a>FELTRE-HOMECLICK SB VOLLEY 3-0 (<\/b><strong>25-21, 26-24, 25-22)<\/strong><\/p>\n<p>Superiore era la categoria. E pure le motivazioni. Perch\u00e9, in caso di successo, la Pallavolo Feltre avrebbe staccato il pass per il turno successivo di Coppa Veneto. E cos\u00ec \u00e8 stato. Ma il risultato non tragga in inganno: le ragazze di serie D, legate alla Homeclick SB Volley, salutano a testa altissima una competizione da cui possono trarre una serie di indicazioni estremamente utili per crescere e migliorare in vista del campionato. A proposito, sabato 21 si comincia. E il debutto in D sar\u00e0 di fronte al pubblico amico di Mur di Cadola contro il Palazzolo.<span class=\"gmail-Apple-converted-space\">\u00a0<\/span><\/p>\n<p>&nbsp;<\/p>\n<blockquote>\n<h3>TRASFERTA AMARA PER LA SQUADRA GIOVANILE DEL VOLLEY CLUB AGORDINO<\/h3>\n<\/blockquote>\n<p><strong><a class=\"dt-pswp-item\" href=\"https:\/\/www.radiopiu.net\/wordpress\/wp-content\/uploads\/2021\/04\/volley.jpg\" data-dt-img-description=\"\" data-large_image_width=\"1920\" data-large_image_height=\"1280\"><img loading=\"lazy\" decoding=\"async\" class=\" wp-image-202603 alignleft\" src=\"https:\/\/www.radiopiu.net\/wordpress\/wp-content\/uploads\/2021\/04\/volley-300x200.jpg\" alt=\"\" width=\"179\" height=\"119\" srcset=\"https:\/\/www.radiopiu.net\/wordpress\/wp-content\/uploads\/2021\/04\/volley-300x200.jpg 300w, https:\/\/www.radiopiu.net\/wordpress\/wp-content\/uploads\/2021\/04\/volley-1024x683.jpg 1024w, https:\/\/www.radiopiu.net\/wordpress\/wp-content\/uploads\/2021\/04\/volley-768x512.jpg 768w, https:\/\/www.radiopiu.net\/wordpress\/wp-content\/uploads\/2021\/04\/volley-1536x1024.jpg 1536w, https:\/\/www.radiopiu.net\/wordpress\/wp-content\/uploads\/2021\/04\/volley.jpg 1920w\" sizes=\"auto, (max-width: 179px) 100vw, 179px\" \/><\/a>di Marco Gaz<\/strong><\/p>\n<p><span style=\"color: #ff0000;\"><strong>UNDER 16 <\/strong><\/span><\/p>\n<p><strong>VI.VA VOLLEY \u2013 VOLLEY CLUB AGORDINO 3-1 (25-22, 14-25, 25-23, 25-18)<\/strong><\/p>\n<p>Seconda sconfitta consecutiva per la squadra giovanile del Volley Club Agordino. Trasferta a Valdobbiadene amara per le ragazze dell\u2019Under 16 che nonostante una bella prestazione non riescono a racimolare punti. Dopo un primo set giocato alla pari ma vinto dal Vi.Va Volley, la squadra di Agordo ingrana la marcia giusta nel secondo parziale rifilando 11 punti alle trevigiane. Terzo e Quarto set dove le agordine hanno lottato punto a punto ma ad avere la meglio sono state le padrone di casa.<\/p>\n<p>&nbsp;<\/p>\n<p><span style=\"color: #0000ff;\"><strong>ATLETICA<\/strong><\/span><\/p>\n<blockquote>\n<h3>LA 24 ORE DI SAN MARTINO<\/h3>\n<p>La 24 ore di San Martino 2023 ha visto il successo del Quantin,\u00a0 il tris dopo aver vinto le scorse due edizioni. Gli atleti della squadra pontalpina, oltre alla vittoria collettiva, hanno anche monopolizzato il podio della classifica individuale al maschile con Luca Magri, Rodgers Maiyo e Fredrick Kiptoo.<\/p>\n<p>CLASSIFICA A SQUADRE 1. QUANTIN, 2. RUN LIKE AMAURI, 3.SEZIONE ALPINI BELLUNO<\/p>\n<p>FEMMINILE: 1. Nahimana Cavaline, 2. Kerage Kernubo Nancy, 3. Manuela Bulf<br \/>\nMASCHILE: 1. Luca Magri, 2. Maiyo Rodfers, 3. Kiptoo Fredrick<br \/>\nSEI ORE:\u00a0 \u00a01. Marco Bucciol (Asd Atletica Biotekna) 66.080; 2. Marco Brigo (Assindustria Sport) 63.189; 3. Stefano Burlon (Atletica Aviano) 61.537; FEMMINILE \u00a01. Giada Secco (Atletica Fiori Barp) 51.212.\u00a0\u2014<\/p><\/blockquote>\n<p><strong>LA DIRETTA RADIO PIU&#8217;<\/strong><\/p>\n<p><iframe loading=\"lazy\" title=\"24 ore san martino belluno\" width=\"1200\" height=\"675\" src=\"https:\/\/www.youtube.com\/embed\/lCfGYiShN7c?feature=oembed\" frameborder=\"0\" allow=\"accelerometer; autoplay; clipboard-write; encrypted-media; gyroscope; picture-in-picture; web-share\" allowfullscreen><\/iframe><\/p>\n<p>&nbsp;<\/p>\n<hr \/>\n<p>&nbsp;<\/p>\n<p>&nbsp;<\/p>\n<blockquote>\n<h2>PR RANCH, UNA GRAN STAGIONE E UNO STUPENDO ARGENTO DI AURORA<\/h2>\n<blockquote><p><em><a class=\"dt-pswp-item\" href=\"https:\/\/www.radiopiu.net\/wordpress\/wp-content\/uploads\/2023\/10\/Senza-nome-38.png\" data-dt-img-description=\"\" data-large_image_width=\"681\" data-large_image_height=\"533\"><img loading=\"lazy\" decoding=\"async\" class=\"size-medium wp-image-357052 alignleft\" src=\"https:\/\/www.radiopiu.net\/wordpress\/wp-content\/uploads\/2023\/10\/Senza-nome-38-300x235.png\" alt=\"\" width=\"300\" height=\"235\" srcset=\"https:\/\/www.radiopiu.net\/wordpress\/wp-content\/uploads\/2023\/10\/Senza-nome-38-300x235.png 300w, https:\/\/www.radiopiu.net\/wordpress\/wp-content\/uploads\/2023\/10\/Senza-nome-38.png 681w\" sizes=\"auto, (max-width: 300px) 100vw, 300px\" \/><\/a>Con la tre giorni di Villasanta al centro ippico Monzese si \u00e8 concluso il Campionato Italiano di Volteggio delle categorie agonistiche.<\/em><\/p><\/blockquote>\n<div class=\"flex-1 overflow-hidden\">\n<div class=\"react-scroll-to-bottom--css-znuyz-79elbk h-full dark:bg-gray-800\">\n<div class=\"react-scroll-to-bottom--css-znuyz-1n7m0yu\">\n<div class=\"flex flex-col text-sm dark:bg-gray-800\">\n<div class=\"group final-completion w-full text-token-text-primary border-b border-black\/10 gizmo:border-0 dark:border-gray-900\/50 gizmo:dark:border-0 bg-gray-50 gizmo:bg-transparent dark:bg-[#444654] gizmo:dark:bg-transparent\" data-testid=\"conversation-turn-3\">\n<div class=\"p-4 justify-center text-base md:gap-6 md:py-6 m-auto\">\n<div class=\"flex flex-1 gap-4 text-base mx-auto md:gap-6 gizmo:gap-3 gizmo:md:px-5 gizmo:lg:px-1 gizmo:xl:px-5 md:max-w-2xl lg:max-w-[38rem] gizmo:md:max-w-3xl gizmo:lg:max-w-[40rem] gizmo:xl:max-w-[48rem] xl:max-w-3xl }\">\n<div class=\"relative flex w-[calc(100%-50px)] flex-col gizmo:w-full lg:w-[calc(100%-115px)] agent-turn\">\n<div class=\"flex-col gap-1 md:gap-3\">\n<div class=\"flex flex-grow flex-col gap-3 max-w-full\">\n<div class=\"min-h-[20px] flex flex-col items-start gap-3 whitespace-pre-wrap break-words overflow-x-auto\">\n<div class=\"markdown prose w-full break-words dark:prose-invert dark\">\n<p>Il PR Ranch di La Valle Agordina pu\u00f2 sicuramente andare fiero dei suoi eccezionali risultati ottenuti nel mondo del volteggio. Le giovani atlete, Aurora Zuanel e Iris Costa, hanno dimostrato un impegno e una dedizione straordinari durante il campionato italiano assoluto FISE, portando a casa una medaglia d&#8217;argento e una serie di piazzamenti di alto livello.<\/p>\n<p>Aurora Zuanel e Iris Costa hanno partecipato in coppia nella specialit\u00e0 PDD e hanno dimostrato il loro talento con l&#8217;aiuto di un magnifico cavallo, Vezzer, gentilmente messo a disposizione da Giulia Bardelli, e con Elettra Lambardi come allenatrice.<\/p>\n<p>Le due ragazze sono partite con una buona prestazione nella prima manche del venerd\u00ec, posizionandosi al quarto posto assoluto come miglior coppia PDD d&#8217;Italia. Nel sabato mattina hanno continuato a migliorare il loro punteggio, confermandosi come una delle squadre pi\u00f9 forti nella competizione.<\/p>\n<p>Nel pomeriggio del sabato, Aurora Zuanel e Iris Costa hanno affrontato anche la gara individuale. Qui, Iris Costa si \u00e8 classificata all&#8217;undicesimo posto, mentre Aurora Zuanel ha ottenuto un sorprendente terzo posto con Bambola alla longia di Elettra Lambardi.<\/p>\n<p>La domenica \u00e8 stata una giornata intensa e emozionante, con Iris che ha concluso il suo primo esordio in COPPA ITALIA al tredicesimo posto assoluto. L&#8217;atleta chiave di questa storia, Aurora Zuanel, ha chiuso in bellezza il campionato, migliorando la sua performance e portando il PR Ranch di La Valle Agordina al secondo gradino del podio, guadagnando una meritata medaglia d&#8217;argento.<\/p>\n<p>Donatella, dal PR Ranch di La Valle, ha dichiarato che quando hanno iniziato questa avventura un anno fa, non avevano grandi aspettative di vincere medaglie. Tuttavia, il loro impegno e la dedizione dei loro atleti hanno superato ogni previsione, dimostrando che il talento e la passione possono portare a risultati eccezionali. Sono giustamente orgogliosi dei successi ottenuti nella stagione agonistica e di aver portato a casa una medaglia d&#8217;argento da un importante evento nazionale come i campionati italiani assoluti FISE.<\/p>\n<\/div>\n<\/div>\n<\/div>\n<div class=\"flex justify-between empty:hidden gizmo:justify-start gizmo:gap-3 lg:block\">\n<div class=\"text-gray-400 flex self-end lg:self-center justify-center gizmo:lg:justify-start mt-2 gizmo:mt-0 visible lg:gap-1 lg:absolute lg:top-0 lg:translate-x-full lg:right-0 lg:mt-0 lg:pl-2 gap-2 md:gap-3\">\n<p>&nbsp;<\/p>\n<div class=\"flex gap-1 gizmo:gap-3\">\n\n\t\t\t<style type='text\/css'>\n\t\t\t\t#gallery-13 {\n\t\t\t\t\tmargin: auto;\n\t\t\t\t}\n\t\t\t\t#gallery-13 .gallery-item {\n\t\t\t\t\tfloat: left;\n\t\t\t\t\tmargin-top: 10px;\n\t\t\t\t\ttext-align: center;\n\t\t\t\t\twidth: 25%;\n\t\t\t\t}\n\t\t\t\t#gallery-13 img {\n\t\t\t\t\tborder: 2px solid #cfcfcf;\n\t\t\t\t}\n\t\t\t\t#gallery-13 .gallery-caption {\n\t\t\t\t\tmargin-left: 0;\n\t\t\t\t}\n\t\t\t\t\/* see gallery_shortcode() in wp-includes\/media.php *\/\n\t\t\t<\/style>\n\t\t<div id='gallery-13' class='dt-gallery-container gallery galleryid-356842 gallery-columns-4 gallery-size-thumbnail'><dl class='gallery-item'>\n\t\t\t\t<dt class='gallery-icon portrait'>\n\t\t\t\t\t<a class=\"rollover rollover-zoom dt-pswp-item\" title=\"9bc8b282-f1a9-45b9-b5b4-a914af0d80e1\" data-dt-img-description=\"\" data-large_image_width=\"777\" data-large_image_height=\"1600\"href='https:\/\/www.radiopiu.net\/wordpress\/wp-content\/uploads\/2023\/10\/9bc8b282-f1a9-45b9-b5b4-a914af0d80e1.jpg'><img loading=\"lazy\" decoding=\"async\" width=\"150\" height=\"150\" src=\"https:\/\/www.radiopiu.net\/wordpress\/wp-content\/uploads\/2023\/10\/9bc8b282-f1a9-45b9-b5b4-a914af0d80e1-150x150.jpg\" class=\"attachment-thumbnail size-thumbnail\" alt=\"\" \/><\/a>\n\t\t\t\t<\/dt><\/dl><dl class='gallery-item'>\n\t\t\t\t<dt class='gallery-icon portrait'>\n\t\t\t\t\t<a class=\"rollover rollover-zoom dt-pswp-item\" title=\"15297395-a6d0-40b0-ad35-62c3f9ec7367\" data-dt-img-description=\"\" data-large_image_width=\"1200\" data-large_image_height=\"1600\"href='https:\/\/www.radiopiu.net\/wordpress\/wp-content\/uploads\/2023\/10\/15297395-a6d0-40b0-ad35-62c3f9ec7367.jpg'><img loading=\"lazy\" decoding=\"async\" width=\"150\" height=\"150\" src=\"https:\/\/www.radiopiu.net\/wordpress\/wp-content\/uploads\/2023\/10\/15297395-a6d0-40b0-ad35-62c3f9ec7367-150x150.jpg\" class=\"attachment-thumbnail size-thumbnail\" alt=\"\" \/><\/a>\n\t\t\t\t<\/dt><\/dl><dl class='gallery-item'>\n\t\t\t\t<dt class='gallery-icon landscape'>\n\t\t\t\t\t<a class=\"rollover rollover-zoom dt-pswp-item\" title=\"c679f7d0-0afd-4eee-b0ae-accadba434c2\" data-dt-img-description=\"\" data-large_image_width=\"1600\" data-large_image_height=\"1200\"href='https:\/\/www.radiopiu.net\/wordpress\/wp-content\/uploads\/2023\/10\/c679f7d0-0afd-4eee-b0ae-accadba434c2.jpg'><img loading=\"lazy\" decoding=\"async\" width=\"150\" height=\"150\" src=\"https:\/\/www.radiopiu.net\/wordpress\/wp-content\/uploads\/2023\/10\/c679f7d0-0afd-4eee-b0ae-accadba434c2-150x150.jpg\" class=\"attachment-thumbnail size-thumbnail\" alt=\"\" \/><\/a>\n\t\t\t\t<\/dt><\/dl><dl class='gallery-item'>\n\t\t\t\t<dt class='gallery-icon landscape'>\n\t\t\t\t\t<a class=\"rollover rollover-zoom dt-pswp-item\" title=\"979b3a28-c6eb-4749-8e79-39dc270deb03\" data-dt-img-description=\"\" data-large_image_width=\"1600\" data-large_image_height=\"1200\"href='https:\/\/www.radiopiu.net\/wordpress\/wp-content\/uploads\/2023\/10\/979b3a28-c6eb-4749-8e79-39dc270deb03.jpg'><img loading=\"lazy\" decoding=\"async\" width=\"150\" height=\"150\" src=\"https:\/\/www.radiopiu.net\/wordpress\/wp-content\/uploads\/2023\/10\/979b3a28-c6eb-4749-8e79-39dc270deb03-150x150.jpg\" class=\"attachment-thumbnail size-thumbnail\" alt=\"\" \/><\/a>\n\t\t\t\t<\/dt><\/dl><br style=\"clear: both\" \/>\n\t\t\t<\/div>\n\n<\/div>\n<\/div>\n<\/div>\n<\/div>\n<\/div>\n<\/div>\n<\/div>\n<\/div>\n<div class=\"h-32 md:h-48 flex-shrink-0\"><\/div>\n<\/div>\n<\/div>\n<\/div>\n<\/div>\n<\/blockquote>\n<p>&nbsp;<\/p>\n<\/div>\n","protected":false},"excerpt":{"rendered":"<p>40esimo di RADIOPIU\u2026. LA VOCE DELL\u2019EMOZIONE ISCRIVITI AL NOSTRO CANALE\u00a0\u00a0YOUTUBE PER SEGUIRE IN DIRETTA I PRINCIPALI PROGRAMMI DI RADIO PIU\u2019 E LE FUTURE DIRETTE IN ESTERNA. PER ISCRIVERTI\u00a0CLICCA QUI\u00a0E PREMI\u00a0 \u201cIscriviti\u201d\u00a0\u00a0\u00a0 OGGI ALLA RADIO&#8230; OGGI ALLA RADIO PIU&#8217;. ALLE 7 LA RASSEGNA STAMPA FLASH, PER CHI VA DI FRETTA ALLE 7.10 Dolomiti Garden Stefano de&hellip;<\/p>\n","protected":false},"author":4,"featured_media":357018,"comment_status":"closed","ping_status":"closed","sticky":false,"template":"","format":"standard","meta":{"_monsterinsights_skip_tracking":false,"_monsterinsights_sitenote_active":false,"_monsterinsights_sitenote_note":"","_monsterinsights_sitenote_category":0,"footnotes":""},"categories":[51,86,49],"tags":[],"class_list":["post-356842","post","type-post","status-publish","format-standard","has-post-thumbnail","hentry","category-evidenza-top","category-gr","category-news-18","category-51","category-86","category-49","description-off"],"img_url":"https:\/\/www.radiopiu.net\/wordpress\/wp-content\/uploads\/2023\/10\/Cri-foto-di-gruppo.jpg","_links":{"self":[{"href":"https:\/\/www.radiopiu.net\/wordpress\/wp-json\/wp\/v2\/posts\/356842","targetHints":{"allow":["GET"]}}],"collection":[{"href":"https:\/\/www.radiopiu.net\/wordpress\/wp-json\/wp\/v2\/posts"}],"about":[{"href":"https:\/\/www.radiopiu.net\/wordpress\/wp-json\/wp\/v2\/types\/post"}],"author":[{"embeddable":true,"href":"https:\/\/www.radiopiu.net\/wordpress\/wp-json\/wp\/v2\/users\/4"}],"replies":[{"embeddable":true,"href":"https:\/\/www.radiopiu.net\/wordpress\/wp-json\/wp\/v2\/comments?post=356842"}],"version-history":[{"count":0,"href":"https:\/\/www.radiopiu.net\/wordpress\/wp-json\/wp\/v2\/posts\/356842\/revisions"}],"wp:featuredmedia":[{"embeddable":true,"href":"https:\/\/www.radiopiu.net\/wordpress\/wp-json\/wp\/v2\/media\/357018"}],"wp:attachment":[{"href":"https:\/\/www.radiopiu.net\/wordpress\/wp-json\/wp\/v2\/media?parent=356842"}],"wp:term":[{"taxonomy":"category","embeddable":true,"href":"https:\/\/www.radiopiu.net\/wordpress\/wp-json\/wp\/v2\/categories?post=356842"},{"taxonomy":"post_tag","embeddable":true,"href":"https:\/\/www.radiopiu.net\/wordpress\/wp-json\/wp\/v2\/tags?post=356842"}],"curies":[{"name":"wp","href":"https:\/\/api.w.org\/{rel}","templated":true}]}}