{"id":357090,"date":"2023-10-17T05:23:56","date_gmt":"2023-10-17T03:23:56","guid":{"rendered":"https:\/\/www.radiopiu.net\/wordpress\/?p=357090"},"modified":"2023-10-17T05:31:14","modified_gmt":"2023-10-17T03:31:14","slug":"le-considerazioni-di-emilio-bez-uiltec-agordo-sul-trasporto-pubblico-locale-e-i-parcheggi-in-valcozzena","status":"publish","type":"post","link":"https:\/\/www.radiopiu.net\/wordpress\/le-considerazioni-di-emilio-bez-uiltec-agordo-sul-trasporto-pubblico-locale-e-i-parcheggi-in-valcozzena\/","title":{"rendered":"LE CONSIDERAZIONI DI EMILIO BEZ (UILTEC &#8211; AGORDO) SUL TRASPORTO PUBBLICO LOCALE E I PARCHEGGI IN VALCOZZENA"},"content":{"rendered":"<p><strong><a class=\"dt-pswp-item\" href=\"https:\/\/www.radiopiu.net\/wordpress\/wp-content\/uploads\/2023\/01\/f5c58041-2f77-4ccf-b15d-82d7064a18a9.jpg\" data-dt-img-description=\"\" data-large_image_width=\"2048\" data-large_image_height=\"1536\"><img loading=\"lazy\" decoding=\"async\" class=\" wp-image-319449 alignleft\" src=\"https:\/\/www.radiopiu.net\/wordpress\/wp-content\/uploads\/2023\/01\/f5c58041-2f77-4ccf-b15d-82d7064a18a9-300x225.jpg\" alt=\"\" width=\"152\" height=\"114\" srcset=\"https:\/\/www.radiopiu.net\/wordpress\/wp-content\/uploads\/2023\/01\/f5c58041-2f77-4ccf-b15d-82d7064a18a9-300x225.jpg 300w, https:\/\/www.radiopiu.net\/wordpress\/wp-content\/uploads\/2023\/01\/f5c58041-2f77-4ccf-b15d-82d7064a18a9-1024x768.jpg 1024w, https:\/\/www.radiopiu.net\/wordpress\/wp-content\/uploads\/2023\/01\/f5c58041-2f77-4ccf-b15d-82d7064a18a9-768x576.jpg 768w, https:\/\/www.radiopiu.net\/wordpress\/wp-content\/uploads\/2023\/01\/f5c58041-2f77-4ccf-b15d-82d7064a18a9-1536x1152.jpg 1536w, https:\/\/www.radiopiu.net\/wordpress\/wp-content\/uploads\/2023\/01\/f5c58041-2f77-4ccf-b15d-82d7064a18a9.jpg 2048w\" sizes=\"auto, (max-width: 152px) 100vw, 152px\" \/><\/a>AGORDO<\/strong> Emilio Bez della commissione trasporti dello stabilimento EssilorLuxottica di Agordo fa il punto sul trasporto pubblico locale in vista della manifestazione in programma sabato prossimo a Belluno. Restano ancora problemi di parcheggi in zona Valcozzena dopo che i bus navetta sono stati cancellati.<\/p>\n<blockquote><p><em>Dopo oltre un mese dall&#8217;inizio dell&#8217;anno scolastico, 13 settembre 2023, quando sono cominciati i tagli quotidiani al servizio di trasporto per mancanza di autisti, dopo innumerevoli proteste di utenti appiedati e l&#8217;annuncio da parte dei sindacati di categoria di una manifestazione pubblica per questo sabato, finalmente qualcosa si muove a livello di istituzioni? Sarebbe ora passata, visto che si tratta di un servizio di trasporto PUBBLICO, che l&#8217;ente Provincia detiene oltre il 40% delle quote dell&#8217;azienda di trasporto, che la Regione eroga denaro pubblico per coprire una consistente quota dei costi del servizio, che i sindaci vedono i loro paesani in difficolt\u00e0&#8230; Finalmente qualcosa si muove? Vedremo. Mentre per quanto riguarda il servizio trasporto lavoratori per Valcozzena, al momento la situazione resta in pratica quella descritta un paio di settimane fa: il problema principale resta la mancanza del servizio navetta da Agordo e la conseguente saturazione dei parcheggi in zona gi\u00e0 nel corso della mattinata. Situazione quindi molto difficile ed esasperante per chi \u00e8 costretto arrivare al lavoro in auto (spesso per necessit\u00e0 personali o familiari) e non aiutano affatto a calmare gli animi i numerosi passaggi effettuati dalla polizia locale nei giorni scorsi con pioggia di sanzioni ai veicoli fuori regola. Se non verr\u00e0 ripristinato il servizio navetta, la situazione \u00e8 destinata a peggiorare a breve, portando al limite la pazienza fin qui dimostrata dai lavoratori. Infatti il meteo ha finora aiutato parecchio, regalando un clima tardo estivo che ha consentito a numerosi colleghi di recarsi al lavoro a piedi (chi abita in Agordo) oppure con le due ruote (sfruttando in pieno la nuova area di sosta dedicata) e liberando molti posti auto preziosi ma, stando alle previsioni, pioggia e freddo purtroppo non tarderanno ad arrivare.<\/em><\/p>\n<p><em>Emilio Bez &#8211; Coordinatore Uiltec-Uil Luxottica Agordo<\/em><\/p><\/blockquote>\n<p>&nbsp;<\/p>\n<p>&nbsp;<\/p>\n<p>********<\/p>\n","protected":false},"excerpt":{"rendered":"<p>AGORDO Emilio Bez della commissione trasporti dello stabilimento EssilorLuxottica di Agordo fa il punto sul trasporto pubblico locale in vista della manifestazione in programma sabato prossimo a Belluno. Restano ancora problemi di parcheggi in zona Valcozzena dopo che i bus navetta sono stati cancellati. Dopo oltre un mese dall&#8217;inizio dell&#8217;anno scolastico, 13 settembre 2023, quando&hellip;<\/p>\n","protected":false},"author":4,"featured_media":319449,"comment_status":"closed","ping_status":"closed","sticky":false,"template":"","format":"standard","meta":{"_monsterinsights_skip_tracking":false,"_monsterinsights_sitenote_active":false,"_monsterinsights_sitenote_note":"","_monsterinsights_sitenote_category":0,"footnotes":""},"categories":[104,49],"tags":[],"class_list":["post-357090","post","type-post","status-publish","format-standard","has-post-thumbnail","hentry","category-evidenza_3","category-news-18","category-104","category-49","description-off"],"img_url":"https:\/\/www.radiopiu.net\/wordpress\/wp-content\/uploads\/2023\/01\/f5c58041-2f77-4ccf-b15d-82d7064a18a9.jpg","_links":{"self":[{"href":"https:\/\/www.radiopiu.net\/wordpress\/wp-json\/wp\/v2\/posts\/357090","targetHints":{"allow":["GET"]}}],"collection":[{"href":"https:\/\/www.radiopiu.net\/wordpress\/wp-json\/wp\/v2\/posts"}],"about":[{"href":"https:\/\/www.radiopiu.net\/wordpress\/wp-json\/wp\/v2\/types\/post"}],"author":[{"embeddable":true,"href":"https:\/\/www.radiopiu.net\/wordpress\/wp-json\/wp\/v2\/users\/4"}],"replies":[{"embeddable":true,"href":"https:\/\/www.radiopiu.net\/wordpress\/wp-json\/wp\/v2\/comments?post=357090"}],"version-history":[{"count":0,"href":"https:\/\/www.radiopiu.net\/wordpress\/wp-json\/wp\/v2\/posts\/357090\/revisions"}],"wp:featuredmedia":[{"embeddable":true,"href":"https:\/\/www.radiopiu.net\/wordpress\/wp-json\/wp\/v2\/media\/319449"}],"wp:attachment":[{"href":"https:\/\/www.radiopiu.net\/wordpress\/wp-json\/wp\/v2\/media?parent=357090"}],"wp:term":[{"taxonomy":"category","embeddable":true,"href":"https:\/\/www.radiopiu.net\/wordpress\/wp-json\/wp\/v2\/categories?post=357090"},{"taxonomy":"post_tag","embeddable":true,"href":"https:\/\/www.radiopiu.net\/wordpress\/wp-json\/wp\/v2\/tags?post=357090"}],"curies":[{"name":"wp","href":"https:\/\/api.w.org\/{rel}","templated":true}]}}