{"id":357099,"date":"2023-10-17T05:21:51","date_gmt":"2023-10-17T03:21:51","guid":{"rendered":"https:\/\/www.radiopiu.net\/wordpress\/?p=357099"},"modified":"2023-10-17T05:31:46","modified_gmt":"2023-10-17T03:31:46","slug":"i-ladini-una-macchia-indelebile","status":"publish","type":"post","link":"https:\/\/www.radiopiu.net\/wordpress\/i-ladini-una-macchia-indelebile\/","title":{"rendered":"I LADINI UNA MACCHIA INDELEBILE"},"content":{"rendered":"<p><strong>\u00a0di\u00a0 Damiano De Mattia (Fodom)\u00a0<\/strong><\/p>\n<p>Il convegno tenutosi a Cortina d\u2019Ampezzo il 6\/7 ottobre 2023 mi \u00e8 sembrato un\u2019assemblea importante,\u00a0 organizzata,\u00a0 presentata, gestita bene, focalizzata su tematiche interessanti. Questo \u00e8 stato un convegno che ha trattato questioni direi vitali per i ladini storici tirolesi, convegno seguito dalle tv del Trentino Alto Adige e assolutamente dimenticato dalla stampa, radio, tv e giornali della provincia di Belluno. Il convegno ha visto la partecipazione di oratori qualificati italiani, ladini e anche di altri paesi europei, i quali hanno espresso il loro parere su tematiche riguardanti la minoranza linguistica ladina. Tematiche che\u00a0 per i nostri amministratori provinciali e evidentemente anche per la stampa non sono certo una priorit\u00e0 e non sono tenute in considerazione minimamente dimenticando la nostra realt\u00e0. Sicuramente i comuni di Fodom e Colle santa Lucia non sono dimenticati solo nel campo della cultura e tradizione, ma anche nella scuola, per proseguire con i trasporti pubblici e assolutamente assenti negli aiuti concreti a chi vuole veramente rimanere e vivere in montagna. Aiutare i residenti non vuol dire esporre belle parole in qualche occasione ma significa prima di tutto rispettare la realt\u00e0 storico culturale, aiutare concretamente a farsi una casa, aiutare a formare delle aziende agricole e artigianali, a tutelare il territorio. Tutelare il territorio non \u00e8 fare centinaia di paravalanghe sulla strada principale, tanti di questi inutili secondo me, e poi ignorare\u00a0 le frazioni che avrebbero pi\u00f9 bisogno di quelle strutture (vedi Ornella). Ma tornando al convegno di Cortina: mi sono meravigliato della quasi assenza della politica, voglio dire politica che abbia il coraggio di prendere una posizione chiara e forte\u00a0 a favore o contro quello che era l\u2019argomento del convegno, e mi riferisco a sindaci e rappresentanti della provincia. La diocesi di Belluno-Feltre era presente con il Vescovo Marangoni il quale ha portato il suo saluto. Nel convegno \u00e8 stato dato spazio giustamente a un esperto sociologo ben conosciuto in provincia di Belluno, il quale ha elencato vari numeri, statistiche e tabelle interessanti riguardanti anche le provincie limitrofe. Ma nel suo intervento ha nominato il comune di Colle santa Lucia \u201cCoi\u201d che non esiste, lo stesso nelle slide presentate. Niente da dire sui numeri e grafici presentati. Sulla stampa locale e sui mezzi di informazione ad una settimana dall&#8217;evento non ho visto alcun servizio sulla due giorni di Cortina.\u00a0 Comunque il convegno \u00e8 stato interessante, non so se ci saranno dei risultati concreti, per\u00f2 \u00e8 importante parlarne.<\/p>\n\n\t\t\t<style type='text\/css'>\n\t\t\t\t#gallery-1 {\n\t\t\t\t\tmargin: auto;\n\t\t\t\t}\n\t\t\t\t#gallery-1 .gallery-item {\n\t\t\t\t\tfloat: left;\n\t\t\t\t\tmargin-top: 10px;\n\t\t\t\t\ttext-align: center;\n\t\t\t\t\twidth: 33%;\n\t\t\t\t}\n\t\t\t\t#gallery-1 img {\n\t\t\t\t\tborder: 2px solid #cfcfcf;\n\t\t\t\t}\n\t\t\t\t#gallery-1 .gallery-caption {\n\t\t\t\t\tmargin-left: 0;\n\t\t\t\t}\n\t\t\t\t\/* see gallery_shortcode() in wp-includes\/media.php *\/\n\t\t\t<\/style>\n\t\t<div id='gallery-1' class='dt-gallery-container gallery galleryid-357099 gallery-columns-3 gallery-size-medium'><dl class='gallery-item'>\n\t\t\t\t<dt class='gallery-icon landscape'>\n\t\t\t\t\t<a class=\"rollover rollover-zoom dt-pswp-item\" title=\"PHOTO-2023-10-13-14-54-32\" data-dt-img-description=\"\" data-large_image_width=\"1600\" data-large_image_height=\"1066\"href='https:\/\/www.radiopiu.net\/wordpress\/wp-content\/uploads\/2023\/10\/PHOTO-2023-10-13-14-54-32.jpg'><img loading=\"lazy\" decoding=\"async\" width=\"300\" height=\"200\" src=\"https:\/\/www.radiopiu.net\/wordpress\/wp-content\/uploads\/2023\/10\/PHOTO-2023-10-13-14-54-32-300x200.jpg\" class=\"attachment-medium size-medium\" alt=\"\" srcset=\"https:\/\/www.radiopiu.net\/wordpress\/wp-content\/uploads\/2023\/10\/PHOTO-2023-10-13-14-54-32-300x200.jpg 300w, https:\/\/www.radiopiu.net\/wordpress\/wp-content\/uploads\/2023\/10\/PHOTO-2023-10-13-14-54-32-1024x682.jpg 1024w, https:\/\/www.radiopiu.net\/wordpress\/wp-content\/uploads\/2023\/10\/PHOTO-2023-10-13-14-54-32-768x512.jpg 768w, https:\/\/www.radiopiu.net\/wordpress\/wp-content\/uploads\/2023\/10\/PHOTO-2023-10-13-14-54-32-1536x1023.jpg 1536w, https:\/\/www.radiopiu.net\/wordpress\/wp-content\/uploads\/2023\/10\/PHOTO-2023-10-13-14-54-32.jpg 1600w\" sizes=\"auto, (max-width: 300px) 100vw, 300px\" \/><\/a>\n\t\t\t\t<\/dt><\/dl><dl class='gallery-item'>\n\t\t\t\t<dt class='gallery-icon landscape'>\n\t\t\t\t\t<a class=\"rollover rollover-zoom dt-pswp-item\" title=\"PHOTO-2023-10-13-14-48-02\" data-dt-img-description=\"\" data-large_image_width=\"1600\" data-large_image_height=\"1066\"href='https:\/\/www.radiopiu.net\/wordpress\/wp-content\/uploads\/2023\/10\/PHOTO-2023-10-13-14-48-02.jpg'><img loading=\"lazy\" decoding=\"async\" width=\"300\" height=\"200\" src=\"https:\/\/www.radiopiu.net\/wordpress\/wp-content\/uploads\/2023\/10\/PHOTO-2023-10-13-14-48-02-300x200.jpg\" class=\"attachment-medium size-medium\" alt=\"\" srcset=\"https:\/\/www.radiopiu.net\/wordpress\/wp-content\/uploads\/2023\/10\/PHOTO-2023-10-13-14-48-02-300x200.jpg 300w, https:\/\/www.radiopiu.net\/wordpress\/wp-content\/uploads\/2023\/10\/PHOTO-2023-10-13-14-48-02-1024x682.jpg 1024w, https:\/\/www.radiopiu.net\/wordpress\/wp-content\/uploads\/2023\/10\/PHOTO-2023-10-13-14-48-02-768x512.jpg 768w, https:\/\/www.radiopiu.net\/wordpress\/wp-content\/uploads\/2023\/10\/PHOTO-2023-10-13-14-48-02-1536x1023.jpg 1536w, https:\/\/www.radiopiu.net\/wordpress\/wp-content\/uploads\/2023\/10\/PHOTO-2023-10-13-14-48-02.jpg 1600w\" sizes=\"auto, (max-width: 300px) 100vw, 300px\" \/><\/a>\n\t\t\t\t<\/dt><\/dl><dl class='gallery-item'>\n\t\t\t\t<dt class='gallery-icon landscape'>\n\t\t\t\t\t<a class=\"rollover rollover-zoom dt-pswp-item\" title=\"PHOTO-2023-10-13-14-49-08\" data-dt-img-description=\"\" data-large_image_width=\"1600\" data-large_image_height=\"1066\"href='https:\/\/www.radiopiu.net\/wordpress\/wp-content\/uploads\/2023\/10\/PHOTO-2023-10-13-14-49-08.jpg'><img loading=\"lazy\" decoding=\"async\" width=\"300\" height=\"200\" src=\"https:\/\/www.radiopiu.net\/wordpress\/wp-content\/uploads\/2023\/10\/PHOTO-2023-10-13-14-49-08-300x200.jpg\" class=\"attachment-medium size-medium\" alt=\"\" srcset=\"https:\/\/www.radiopiu.net\/wordpress\/wp-content\/uploads\/2023\/10\/PHOTO-2023-10-13-14-49-08-300x200.jpg 300w, https:\/\/www.radiopiu.net\/wordpress\/wp-content\/uploads\/2023\/10\/PHOTO-2023-10-13-14-49-08-1024x682.jpg 1024w, https:\/\/www.radiopiu.net\/wordpress\/wp-content\/uploads\/2023\/10\/PHOTO-2023-10-13-14-49-08-768x512.jpg 768w, https:\/\/www.radiopiu.net\/wordpress\/wp-content\/uploads\/2023\/10\/PHOTO-2023-10-13-14-49-08-1536x1023.jpg 1536w, https:\/\/www.radiopiu.net\/wordpress\/wp-content\/uploads\/2023\/10\/PHOTO-2023-10-13-14-49-08.jpg 1600w\" sizes=\"auto, (max-width: 300px) 100vw, 300px\" \/><\/a>\n\t\t\t\t<\/dt><\/dl><br style=\"clear: both\" \/>\n\t\t\t<\/div>\n\n<p>&nbsp;<\/p>\n<p>&nbsp;<\/p>\n<p>*******<\/p>\n","protected":false},"excerpt":{"rendered":"<p>\u00a0di\u00a0 Damiano De Mattia (Fodom)\u00a0 Il convegno tenutosi a Cortina d\u2019Ampezzo il 6\/7 ottobre 2023 mi \u00e8 sembrato un\u2019assemblea importante,\u00a0 organizzata,\u00a0 presentata, gestita bene, focalizzata su tematiche interessanti. Questo \u00e8 stato un convegno che ha trattato questioni direi vitali per i ladini storici tirolesi, convegno seguito dalle tv del Trentino Alto Adige e assolutamente dimenticato&hellip;<\/p>\n","protected":false},"author":4,"featured_media":357103,"comment_status":"closed","ping_status":"closed","sticky":false,"template":"","format":"standard","meta":{"_monsterinsights_skip_tracking":false,"_monsterinsights_sitenote_active":false,"_monsterinsights_sitenote_note":"","_monsterinsights_sitenote_category":0,"footnotes":""},"categories":[104,49],"tags":[],"class_list":["post-357099","post","type-post","status-publish","format-standard","has-post-thumbnail","hentry","category-evidenza_3","category-news-18","category-104","category-49","description-off"],"img_url":"https:\/\/www.radiopiu.net\/wordpress\/wp-content\/uploads\/2023\/10\/PHOTO-2023-10-13-14-49-08.jpg","_links":{"self":[{"href":"https:\/\/www.radiopiu.net\/wordpress\/wp-json\/wp\/v2\/posts\/357099","targetHints":{"allow":["GET"]}}],"collection":[{"href":"https:\/\/www.radiopiu.net\/wordpress\/wp-json\/wp\/v2\/posts"}],"about":[{"href":"https:\/\/www.radiopiu.net\/wordpress\/wp-json\/wp\/v2\/types\/post"}],"author":[{"embeddable":true,"href":"https:\/\/www.radiopiu.net\/wordpress\/wp-json\/wp\/v2\/users\/4"}],"replies":[{"embeddable":true,"href":"https:\/\/www.radiopiu.net\/wordpress\/wp-json\/wp\/v2\/comments?post=357099"}],"version-history":[{"count":0,"href":"https:\/\/www.radiopiu.net\/wordpress\/wp-json\/wp\/v2\/posts\/357099\/revisions"}],"wp:featuredmedia":[{"embeddable":true,"href":"https:\/\/www.radiopiu.net\/wordpress\/wp-json\/wp\/v2\/media\/357103"}],"wp:attachment":[{"href":"https:\/\/www.radiopiu.net\/wordpress\/wp-json\/wp\/v2\/media?parent=357099"}],"wp:term":[{"taxonomy":"category","embeddable":true,"href":"https:\/\/www.radiopiu.net\/wordpress\/wp-json\/wp\/v2\/categories?post=357099"},{"taxonomy":"post_tag","embeddable":true,"href":"https:\/\/www.radiopiu.net\/wordpress\/wp-json\/wp\/v2\/tags?post=357099"}],"curies":[{"name":"wp","href":"https:\/\/api.w.org\/{rel}","templated":true}]}}