{"id":357153,"date":"2023-10-18T06:22:47","date_gmt":"2023-10-18T04:22:47","guid":{"rendered":"https:\/\/www.radiopiu.net\/wordpress\/?p=357153"},"modified":"2023-10-18T08:44:26","modified_gmt":"2023-10-18T06:44:26","slug":"giornale-radiopiu-18-ottobre-2023-direttore-mirko-mezzacasada-40-anni-25-giugno-1983-25-giugno-2023","status":"publish","type":"post","link":"https:\/\/www.radiopiu.net\/wordpress\/giornale-radiopiu-18-ottobre-2023-direttore-mirko-mezzacasada-40-anni-25-giugno-1983-25-giugno-2023\/","title":{"rendered":"GIORNALE RADIOPIU 18 OTTOBRE 2023 DIRETTORE MIRKO MEZZACASA\u2026DA 40 ANNI 25 GIUGNO 1983-25 GIUGNO 2023"},"content":{"rendered":"<h1 class=\"entry-title photoswipe-wrapper\">40esimo di RADIOPIU\u2026. LA VOCE DELL\u2019EMOZIONE<\/h1>\n<h2><span style=\"color: #ff0000;\">ISCRIVITI AL NOSTRO CANALE\u00a0\u00a0YOUTUBE PER SEGUIRE IN DIRETTA I PRINCIPALI PROGRAMMI DI RADIO PIU\u2019 E LE FUTURE DIRETTE IN ESTERNA. PER ISCRIVERTI\u00a0<a style=\"color: #ff0000;\" href=\"https:\/\/youtube.com\/@radiopiu1527\">CLICCA QUI\u00a0<\/a>E PREMI\u00a0 \u201cIscriviti\u201d\u00a0\u00a0<\/span><b>\u00a0<\/b><\/h2>\n<p>&nbsp;<\/p>\n<p>&nbsp;<\/p>\n<p><strong>LA FOTO DEL GIORNO, IERI AD AGORDO&#8230; DI Alain Dotta<\/strong><\/p>\n\n\t\t\t<style type='text\/css'>\n\t\t\t\t#gallery-1 {\n\t\t\t\t\tmargin: auto;\n\t\t\t\t}\n\t\t\t\t#gallery-1 .gallery-item {\n\t\t\t\t\tfloat: left;\n\t\t\t\t\tmargin-top: 10px;\n\t\t\t\t\ttext-align: center;\n\t\t\t\t\twidth: 100%;\n\t\t\t\t}\n\t\t\t\t#gallery-1 img {\n\t\t\t\t\tborder: 2px solid #cfcfcf;\n\t\t\t\t}\n\t\t\t\t#gallery-1 .gallery-caption {\n\t\t\t\t\tmargin-left: 0;\n\t\t\t\t}\n\t\t\t\t\/* see gallery_shortcode() in wp-includes\/media.php *\/\n\t\t\t<\/style>\n\t\t<div id='gallery-1' class='dt-gallery-container gallery galleryid-357153 gallery-columns-1 gallery-size-medium'><dl class='gallery-item'>\n\t\t\t\t<dt class='gallery-icon landscape'>\n\t\t\t\t\t<a class=\"rollover rollover-zoom dt-pswp-item\" title=\"391641748_10231108825360661_5696848733929680790_n\" data-dt-img-description=\"\" data-large_image_width=\"792\" data-large_image_height=\"540\"href='https:\/\/www.radiopiu.net\/wordpress\/wp-content\/uploads\/2023\/10\/391641748_10231108825360661_5696848733929680790_n.jpg'><img loading=\"lazy\" decoding=\"async\" width=\"300\" height=\"205\" src=\"https:\/\/www.radiopiu.net\/wordpress\/wp-content\/uploads\/2023\/10\/391641748_10231108825360661_5696848733929680790_n-300x205.jpg\" class=\"attachment-medium size-medium\" alt=\"\" srcset=\"https:\/\/www.radiopiu.net\/wordpress\/wp-content\/uploads\/2023\/10\/391641748_10231108825360661_5696848733929680790_n-300x205.jpg 300w, https:\/\/www.radiopiu.net\/wordpress\/wp-content\/uploads\/2023\/10\/391641748_10231108825360661_5696848733929680790_n-768x524.jpg 768w, https:\/\/www.radiopiu.net\/wordpress\/wp-content\/uploads\/2023\/10\/391641748_10231108825360661_5696848733929680790_n.jpg 792w\" sizes=\"auto, (max-width: 300px) 100vw, 300px\" \/><\/a>\n\t\t\t\t<\/dt><\/dl><br style=\"clear: both\" \/>\n\t\t\t<\/div>\n\n<blockquote>\n<h2><span style=\"color: #ff0000;\"><span style=\"color: #000000;\">dalla maestra Leila Zax Friz:<\/span> oggi 18 ottobre \u00e8 San Luca&#8230; il proverbio dei nosi veci: <em>&#8221; Poreta kela zuca ke l e fora da San Luca&#8221;<\/em>\u00a0<\/span><\/h2>\n<p>&nbsp;<\/p><\/blockquote>\n<hr \/>\n<p>&nbsp;<\/p>\n<h1><span style=\"color: #0000ff;\">FUORI I RESPONSABILI! <em>sabato lo chiederanno anche coloro che scenderanno a Belluno per la manifestazione di protesta contro l&#8217;azienda ma anche contro la Provincia socia di una societ\u00e0 che era il fiore all&#8217;occhiello del bellunese e che oggi ha in cassaforte un utile interessante, cio\u00e8 non ha problemi economici, i problemi sono degli utenti vessati dagli aumenti e lasciati a piedi senza alcun rimborso\u00a0<\/em><\/span><\/h1>\n<p>&nbsp;<\/p>\n<div class=\"page-title-head hgroup\">\n<blockquote>\n<h3 class=\"entry-title\">DOLOMITIBUS. MACCAGNAN, \u201cDIMISSIONI E RIMBORSO DEI BIGLIETTI, AL POSTO DI COMANDO SI METTANO PERSONE CHE CAPISCONO DI TRASPORTI\u201d<\/h3>\n<\/blockquote>\n<\/div>\n<blockquote>\n<h3><a class=\"dt-pswp-item\" href=\"https:\/\/www.radiopiu.net\/wordpress\/wp-content\/uploads\/2023\/10\/loris-maccagnan-1998.jpg\" data-dt-img-description=\"\" data-large_image_width=\"100\" data-large_image_height=\"100\"><img loading=\"lazy\" decoding=\"async\" class=\"size-full wp-image-357248 alignleft\" src=\"https:\/\/www.radiopiu.net\/wordpress\/wp-content\/uploads\/2023\/10\/loris-maccagnan-1998.jpg\" alt=\"\" width=\"100\" height=\"100\" \/><\/a><\/h3>\n<h3>19 SINDACI\u00a0 ALLA PROVINCIA: &#8220;STOP AI TAGLI&#8221; IL SINDACO DI LAMON E&#8217; ANCORA PIU&#8217; CHIARO: RIVEDERE I VERTICI DELLA SOCIETA&#8217;, IN ALTRE PAROLE IL PRIMO CITTADINO LAMONESE SPINGE PER LE DIMISSIONI DI CHI E&#8217; AL TIMONE DI UNA SOCIETA&#8217; CHE NON HA PROBLEMI ECONOMICI. INOLTRE MACCAGNAN RIBADISCE: &#8220;FUORI I SOLDI, VOGLIAMO IL RIMBORSO DEI BIGLIETTI&#8221;.<\/h3>\n<\/blockquote>\n<p><strong>DOLOMITBUS<\/strong>\u00a0 L&#8217;onda lunga parte dall&#8217;Agordino, una zona come il Comelico &#8220;bastonata&#8221; dai tagli. Un disservizio dietro l&#8217;altro, non uno al giorno, pi\u00f9 di uno ogni 24 ore. I primi cittadini si rivolgono alla Provincia per sapere che cosa intenda fare. Ma i sindaci chiedono anche di conoscere se chi ha competenza ha agito a dovere salvaguardando l&#8217;immagine della societ\u00e0. Sono alcune delle richieste contenute in un ordine del giorno presentato a palazzo Piloni e sottoscritto da 19 sindaci della vallata agordina.<\/p>\n<blockquote><p><em>Loris Maccagnan, sindaco di Lamon al Corriere delle Alpi ha dichiarato: \u00a0&#8220;Dolomitibus\u00a0 un pozzo dove la voce della protesta torna indietro, Provincia perch\u00e9 la carenza di autisti, comune a tutta Italia, in altre province, come Treviso, non crea tutti questi disagi? Forse si dovevano trattenere con compensi pi\u00f9 alti gli autisti prima che se ne andassero.\u00a0 \u00a0Maccagnan chiede che siano rivisti i vertici della societ\u00e0. Al posto di comando servono persone che si intendano di trasporto. A Trento gli studenti pagano 40 euro l&#8217;anno di abbonamento per girare su tutti i mezzi, mentre qui per andare da Lamon a Feltre se ne spendono 500 e non c&#8217;\u00e8 neanche il servizio. Chiediamo il rimborso dei biglietti\u00bb.<\/em><\/p><\/blockquote>\n<p>&nbsp;<\/p>\n<p>&nbsp;<\/p>\n<blockquote>\n<h1>SABATO LA PROTESTA: <strong>A tutti \u00e8 rivolto l\u2019appello di Filt Cgil, Uiltrasporti e Faisa Cisal a partecipare alla manifestazione indetta per sabato 21 ottobre.<\/strong>\u00a0Partenza dalle 9 dal piazzale della stazione, da cui si snoder\u00e0 il corteo per raggiungere Palazzo Piloni, sede della Provincia.<\/h1>\n<\/blockquote>\n<p>&nbsp;<\/p>\n<blockquote>\n<h3>I SINDACI AGORDINI ALZANO LA VOCE CON PROVINCIA E DOLOMITIBUS<\/h3>\n<\/blockquote>\n<p><strong><a class=\"dt-pswp-item\" href=\"https:\/\/www.radiopiu.net\/wordpress\/wp-content\/uploads\/2018\/07\/UNIONE-MONTANA.jpg\" data-dt-img-description=\"\" data-large_image_width=\"464\" data-large_image_height=\"660\"><img loading=\"lazy\" decoding=\"async\" class=\" wp-image-53717 alignleft\" src=\"https:\/\/www.radiopiu.net\/wordpress\/wp-content\/uploads\/2018\/07\/UNIONE-MONTANA-211x300.jpg\" alt=\"\" width=\"129\" height=\"183\" srcset=\"https:\/\/www.radiopiu.net\/wordpress\/wp-content\/uploads\/2018\/07\/UNIONE-MONTANA-211x300.jpg 211w, https:\/\/www.radiopiu.net\/wordpress\/wp-content\/uploads\/2018\/07\/UNIONE-MONTANA.jpg 464w\" sizes=\"auto, (max-width: 129px) 100vw, 129px\" \/><\/a>AGORDO<\/strong> L&#8217;Unione Montana Agordina ha inviato un ordine del giorno alla Provincia di Belluno riguardo alla situazione della Dolomitibus. Questo documento, sottoscritto da tutti i 16 sindaci della valle, chiede alla Provincia di verificare se la Dolomitibus stia adottando misure adeguate per aumentare l&#8217;offerta dei servizi in conformit\u00e0 con gli standard regionali e i programmi di esercizio. Inoltre, si richiede di valutare se siano state prese misure per tutelare l&#8217;immagine dell&#8217;azienda, garantire condizioni di lavoro dignitose agli autisti e rispettare le corse previste dal piano provinciale dei trasporti. Il documento sottolinea l&#8217;importanza di un sistema di trasporto pubblico efficiente in un territorio geograficamente articolato come l&#8217;Agordino, essenziale per garantire servizi essenziali ai cittadini, in particolare agli studenti e ai lavoratori. Si evidenzia anche che, con l&#8217;introduzione dell&#8217;orario invernale, la Dolomitibus ha cancellato molte corse, causando notevoli disagi agli utenti, senza che fossero state comunicate le difficolt\u00e0 dovute alla carenza di autisti. L&#8217;Unione Montana Agordina esprime forte preoccupazione per il possibile deterioramento del servizio di trasporto pubblico e il rischio di perdere un servizio essenziale.<\/p>\n<p>&nbsp;<\/p>\n<p>&nbsp;<\/p>\n<blockquote>\n<h3>INCONTRO IN REGIONE PER IL TRASPORTO PUBBLICO LOCALE. RISORSE E SOLUZIONI IN VISTA<\/h3>\n<\/blockquote>\n<p><strong><a class=\"dt-pswp-item\" href=\"https:\/\/www.radiopiu.net\/wordpress\/wp-content\/uploads\/2020\/06\/9ecd9b94-d553-435b-93a2-c268918bc743.jpg\" data-dt-img-description=\"\" data-large_image_width=\"1280\" data-large_image_height=\"960\"><img loading=\"lazy\" decoding=\"async\" class=\" wp-image-145518 alignleft\" src=\"https:\/\/www.radiopiu.net\/wordpress\/wp-content\/uploads\/2020\/06\/9ecd9b94-d553-435b-93a2-c268918bc743-300x225.jpg\" alt=\"\" width=\"164\" height=\"123\" srcset=\"https:\/\/www.radiopiu.net\/wordpress\/wp-content\/uploads\/2020\/06\/9ecd9b94-d553-435b-93a2-c268918bc743-300x225.jpg 300w, https:\/\/www.radiopiu.net\/wordpress\/wp-content\/uploads\/2020\/06\/9ecd9b94-d553-435b-93a2-c268918bc743-1024x768.jpg 1024w, https:\/\/www.radiopiu.net\/wordpress\/wp-content\/uploads\/2020\/06\/9ecd9b94-d553-435b-93a2-c268918bc743-768x576.jpg 768w, https:\/\/www.radiopiu.net\/wordpress\/wp-content\/uploads\/2020\/06\/9ecd9b94-d553-435b-93a2-c268918bc743.jpg 1280w\" sizes=\"auto, (max-width: 164px) 100vw, 164px\" \/><\/a>BELLUNO <\/strong>Durante l&#8217;incontro di ieri in Regione, \u00e8 stata discussa l&#8217;attuale emergenza del trasporto pubblico locale a Belluno, evidenziando diverse criticit\u00e0, tra cui la difficolt\u00e0 nel reclutare autisti dovuta a salari bassi e problemi nel bilanciare il lavoro con la vita familiare. La Regione si \u00e8 impegnata a fornire risorse aggiuntive su tutta la Regione, pari a 14,7 milioni di euro (non ancora quantificata la cifra per Belluno), che si sommano al 5% del fondo nazionale trasporti con riferimento alla flessibilit\u00e0 del tpl. Si prevede che nell&#8217;anno successivo ci saranno ulteriori fondi per il sistema del Veneto, per un totale di circa 30 milioni, che verranno distribuiti a Belluno in base ai criteri di ripartizione. Dolomitibus si \u00e8 impegnata a convocare le parti sociali e le organizzazioni sindacali nei prossimi giorni per cercare di affrontare queste emergenze. Si rimane fiduciosi che, con l&#8217;interessamento della Regione e delle autorit\u00e0 locali, si possa trovare una soluzione all&#8217;emergenza. Tuttavia, si sottolinea che esiste un problema pi\u00f9 ampio di collasso del trasporto pubblico locale a livello nazionale, che richiede una riforma legislativa completa e un aggiornamento del contratto nazionale di lavoro per rendere pi\u00f9 attrattivo il lavoro di autista e aumentare la forza lavoro disponibile, anche attraverso politiche di inclusione e formazione per i lavoratori stranieri. La prossima riunione \u00e8 fissata per il 19 in azienda.<\/p>\n<p>&nbsp;<\/p>\n<p>&nbsp;<\/p>\n<p>&nbsp;<\/p>\n<p>&nbsp;<\/p>\n<hr \/>\n<p>&nbsp;<\/p>\n<blockquote>\n<h3><strong>STOP NOTTURNO A PALUE DI ROCCA PIETORE, DISAGI LIMITATI GRAZIE ALLA VIABILITA&#8217; COMUNALE\u00a0<\/strong><\/h3>\n<\/blockquote>\n<p><a class=\"dt-pswp-item\" href=\"https:\/\/www.radiopiu.net\/wordpress\/wp-content\/uploads\/2023\/10\/Senza-nome-31.png\" data-dt-img-description=\"\" data-large_image_width=\"736\" data-large_image_height=\"328\"><img loading=\"lazy\" decoding=\"async\" class=\"alignnone wp-image-356784 size-full\" src=\"https:\/\/www.radiopiu.net\/wordpress\/wp-content\/uploads\/2023\/10\/Senza-nome-31.png\" alt=\"\" width=\"736\" height=\"328\" srcset=\"https:\/\/www.radiopiu.net\/wordpress\/wp-content\/uploads\/2023\/10\/Senza-nome-31.png 736w, https:\/\/www.radiopiu.net\/wordpress\/wp-content\/uploads\/2023\/10\/Senza-nome-31-300x134.png 300w\" sizes=\"auto, (max-width: 736px) 100vw, 736px\" \/><\/a><\/p>\n<p><strong>ROCCA PIETORE<\/strong> Fino al al 27 ottobre interdizione totale alla circolazione stradale, in entrambi i sensi di marcia per lavori di rifacimento del tombotto in localit\u00e0 Palue<strong>\u00a0(sp 641 di Passo Fedaia)<\/strong>\u00a0con deviazioni sulla viabilit\u00e0 comunale dalle 5.30 alle 23 per i mezzi fino a 3,5 tonnellate. Dalle 23 alle 5.30 garantito il passaggio di mezzi di soccorso o adibiti a particolari urgenze o criticit\u00e0.<\/p>\n<p><a class=\"dt-pswp-item\" href=\"https:\/\/www.radiopiu.net\/wordpress\/wp-content\/uploads\/2023\/10\/07df0062-d828-4082-9870-afaea2ea4f13.jpg\" data-dt-img-description=\"\" data-large_image_width=\"2048\" data-large_image_height=\"2048\"><img loading=\"lazy\" decoding=\"async\" class=\"size-medium wp-image-356781 aligncenter\" src=\"https:\/\/www.radiopiu.net\/wordpress\/wp-content\/uploads\/2023\/10\/07df0062-d828-4082-9870-afaea2ea4f13-300x300.jpg\" alt=\"\" width=\"300\" height=\"300\" srcset=\"https:\/\/www.radiopiu.net\/wordpress\/wp-content\/uploads\/2023\/10\/07df0062-d828-4082-9870-afaea2ea4f13-300x300.jpg 300w, https:\/\/www.radiopiu.net\/wordpress\/wp-content\/uploads\/2023\/10\/07df0062-d828-4082-9870-afaea2ea4f13-1024x1024.jpg 1024w, https:\/\/www.radiopiu.net\/wordpress\/wp-content\/uploads\/2023\/10\/07df0062-d828-4082-9870-afaea2ea4f13-150x150.jpg 150w, https:\/\/www.radiopiu.net\/wordpress\/wp-content\/uploads\/2023\/10\/07df0062-d828-4082-9870-afaea2ea4f13-768x768.jpg 768w, https:\/\/www.radiopiu.net\/wordpress\/wp-content\/uploads\/2023\/10\/07df0062-d828-4082-9870-afaea2ea4f13-1536x1536.jpg 1536w, https:\/\/www.radiopiu.net\/wordpress\/wp-content\/uploads\/2023\/10\/07df0062-d828-4082-9870-afaea2ea4f13.jpg 2048w\" sizes=\"auto, (max-width: 300px) 100vw, 300px\" \/><\/a><\/p>\n<p>&nbsp;<\/p>\n<hr \/>\n<p>&nbsp;<\/p>\n<blockquote>\n<h2>AD ARABBA IL PANE NON SI PRODUCE PIU&#8217;, DALLE 2 PISTORIE ALLA RIVENDITA<\/h2>\n<p>&nbsp;<\/p><\/blockquote>\n<p><strong><img loading=\"lazy\" decoding=\"async\" class=\"alignleft\" src=\"https:\/\/www.radiopiu.net\/wordpress\/wp-content\/uploads\/2023\/05\/zona-nuovo-centro-wellness-Arabba.jpg\" width=\"214\" height=\"147\" \/>La segnalazione, di Manuel Roncat\u00a0<\/strong><\/p>\n<p>&nbsp;<\/p>\n<blockquote>\n<h3>Da oggi, 18 ottobre 2023 non verr\u00e0 pi\u00f9 prodotto pane fresco ad Arabba e Livinallongo, chiude la produzione di pane ad Arabba. Livinallongo perde un pezzo importante, fino agli anni 90 avevamo 2 forni, oggi rimane certo la rivendita del pane, maggiori info a Elena, che gestisce il panificio di Arabba, fino ad oggi produzione e rivendita, da oggi in poi solo rivendita..<\/h3>\n<\/blockquote>\n<p><a class=\"dt-pswp-item\" href=\"https:\/\/www.radiopiu.net\/wordpress\/wp-content\/uploads\/2023\/10\/Senza-nome-44.png\" data-dt-img-description=\"\" data-large_image_width=\"529\" data-large_image_height=\"510\"><img loading=\"lazy\" decoding=\"async\" class=\"size-medium wp-image-357274 aligncenter\" src=\"https:\/\/www.radiopiu.net\/wordpress\/wp-content\/uploads\/2023\/10\/Senza-nome-44-300x289.png\" alt=\"\" width=\"300\" height=\"289\" srcset=\"https:\/\/www.radiopiu.net\/wordpress\/wp-content\/uploads\/2023\/10\/Senza-nome-44-300x289.png 300w, https:\/\/www.radiopiu.net\/wordpress\/wp-content\/uploads\/2023\/10\/Senza-nome-44.png 529w\" sizes=\"auto, (max-width: 300px) 100vw, 300px\" \/><\/a><\/p>\n<p>&nbsp;<\/p>\n<hr \/>\n<p>&nbsp;<\/p>\n<p><img loading=\"lazy\" decoding=\"async\" class=\"alignleft\" src=\"https:\/\/www.radiopiu.net\/wordpress\/wp-content\/uploads\/2022\/05\/download-2.jpg\" width=\"74\" height=\"74\" \/>Gestione Servizi Pubblici informa che ad <strong>AGORDO<\/strong> nelle localit\u00e0 <span style=\"color: #000000;\">PIASENT, COLVIGNAS, CAMPON, LE FOCHE <\/span>l&#8217;acqua erogata dall&#8217;acquedotto non \u00e8 potabile e pu\u00f2 essere usata per scopi alimentari SOLO PREVIA bollitura.<\/p>\n<p>Per lavori alla rete idrica comunale, oggi dalle 8:00 a FINE LAVORI, verr\u00e0 sospesa l\u2019erogazione dell\u2019acqua a SELVA DI CADORE nelle LOCALITA&#8217; PESCUL e S.FOSCA. Il personale addetto operer\u00e0 per limitare il pi\u00f9 possibile i disagi alla popolazione.<\/p>\n<p>&nbsp;<\/p>\n<p>&nbsp;<\/p>\n<hr \/>\n<p>&nbsp;<\/p>\n<p>&nbsp;<\/p>\n<blockquote>\n<h3>\u00a0MORIRE IN MARMOLADA<\/h3>\n<\/blockquote>\n<p><strong>CANAZEI<\/strong> Un&#8217;altra tragedia sul versante trentino della Marmolada.\u00a0 Un alpinista ceco di 40 anni \u00e8 morto ieri pomeriggio dopo essere scivolato per circa 300 metri. La chiamata d&#8217;emergenza \u00e8 arrivata poco dopo le 17 da altri escursionisti.<\/p>\n<p>&nbsp;<\/p>\n<p>&nbsp;<\/p>\n<hr \/>\n<blockquote>\n<h3><\/h3>\n<h3>TAMPONANDOSI&#8230;<\/h3>\n<\/blockquote>\n<p><strong>BELLUNO<\/strong> Danni alle auto e una 29enne in ospedale per accertamenti. Sono le conseguenze del tamponamento di ieri pomeriggio in via Col Cavalier, una citroen \u00e8 finita contro una Subaru sulla discesa per la rotatoria che porta al ponte bailey.<\/p>\n<p>&nbsp;<\/p>\n<blockquote>\n<h3>SCONTRI VIOLENTI<\/h3>\n<\/blockquote>\n<p><strong>\u00a0ALANO DI PIAVE<\/strong> Contatto violento ieri lungo la regionale 348, nell&#8217;incidente coinvolti un furgone e una vettura, alle 16 sul posto Carabinieri e 118, forti rallentamenti al traffico.<br \/>\n(foto copertina, Corriere Alpi).<\/p>\n<p>&nbsp;<\/p>\n<p>&nbsp;<\/p>\n<p>&nbsp;<\/p>\n<hr \/>\n<p>&nbsp;<\/p>\n<p>&nbsp;<\/p>\n<blockquote>\n<h3><a class=\"dt-pswp-item\" href=\"https:\/\/www.radiopiu.net\/wordpress\/wp-content\/uploads\/2023\/10\/391750394_1414729315745267_8941556068893164200_n.jpg\" data-dt-img-description=\"\" data-large_image_width=\"526\" data-large_image_height=\"701\"><img loading=\"lazy\" decoding=\"async\" class=\"wp-image-357252 alignleft\" src=\"https:\/\/www.radiopiu.net\/wordpress\/wp-content\/uploads\/2023\/10\/391750394_1414729315745267_8941556068893164200_n-225x300.jpg\" alt=\"\" width=\"128\" height=\"171\" srcset=\"https:\/\/www.radiopiu.net\/wordpress\/wp-content\/uploads\/2023\/10\/391750394_1414729315745267_8941556068893164200_n-225x300.jpg 225w, https:\/\/www.radiopiu.net\/wordpress\/wp-content\/uploads\/2023\/10\/391750394_1414729315745267_8941556068893164200_n.jpg 526w\" sizes=\"auto, (max-width: 128px) 100vw, 128px\" \/><\/a>LA MAMMA DEGLI IMBECILLI&#8230;<\/h3>\n<\/blockquote>\n<p><strong>SOSPIROLO<\/strong> Atto vandalico alla casetta del Club de la Botza a Masiere, vicino all&#8217;affresco di Vico Calabr\u00f2 sulla leggenda dell&#8217;antica citt\u00e0 di Cornia. La segnalazionE sul egruppo Facebook &#8220;Sei di Sospirolo se&#8230;&#8221;, il vandalo di turno armato di bomboletta ha scritto a caratteri rossi frasi che inneggiano a Putin.<\/p>\n<div>\n<div class=\"x1cy8zhl x78zum5 x1q0g3np xod5an3 x1pi30zi x1swvt13 xz9dl7a\">\n<div class=\"x1iyjqo2\">\n<div class=\"x78zum5 xdt5ytf xz62fqu x16ldp7u\">\n<div class=\"xu06os2 x1ok221b\">\n<h3 id=\":r189:\" class=\"x1heor9g x1qlqyl8 x1pd3egz x1a2a7pz x1gslohp x1yc453h\"><span class=\"\"><span class=\"xt0psk2\"><a class=\"x1i10hfl xjbqb8w x6umtig x1b1mbwd xaqea5y xav7gou x9f619 x1ypdohk xt0psk2 xe8uvvx xdj266r x11i5rnm xat24cr x1mh8g0r xexx8yu x4uap5 x18d9i69 xkhd6sd x16tdsg8 x1hl2dhg xggy1nq x1a2a7pz xt0b8zv xzsf02u x1s688f\" tabindex=\"0\" role=\"link\" href=\"https:\/\/www.facebook.com\/groups\/281172542037180\/user\/100016246364337\/?__cft__[0]=AZXmvbyBIWomNSbJ_jfZr34be7BEJF8k6xcGO45GHrmggYHqIMaMGuOgHTeI_pgK78UZKLLm92TAHY6J9xjim737dX-SRnUmmG6yjD2Gt4vrRgBheolnOJUGAGIlZ0_5EZS_Njc1u29ot4pshkc79vxh_3eMbEr-fGxAaJF0H9-GSqgDJbGdzONhP10iAiR61xE&amp;__tn__=-UC%2CP-R\"><strong>Michela Dorigo<\/strong><\/a> <\/span><\/span>Devo dire che di gente maleducata, incivile e che non sa come far passare il tempo in giro c&#8217;\u00e8 ne sarebbe bello prenderli e fargli pulire la scritta con la lingua<\/h3>\n<p>&nbsp;<\/p>\n<p>&nbsp;<\/p>\n<p>&nbsp;<\/p>\n<hr \/>\n<p>&nbsp;<\/p>\n<p>&nbsp;<\/p>\n<blockquote>\n<h3>LA INTERNICOLA HA DECISO DI NON PAGARE, IL COMUNE VERSO IL PIGNORAMENTO<\/h3>\n<\/blockquote>\n<div class=\"articlePlainText\"><strong>ROCCA PIETORE<\/strong> &#8220;Lazzaroni&#8221; soltanto uno dei tanti epiteti contro i rocchesani, gli agordini, uscito dalla tastiera della turista bresciana Laura Internicola. Dopo aver diffamato su Facebook la donna era stata condannata in sede civile a un risarcimento di 11 mila euro. Internicola ha fatto sapere di non essere in grado di pagare. Il Comune ha quindi attivato\u00a0 la procedura esecutiva mobiliare per il recupero della totalit\u00e0 delle somme indicate in sentenza. Non pu\u00f2 pagare e allora ci sar\u00e0 il pignoramento.<\/div>\n<div><\/div>\n<p>&nbsp;<\/p>\n<hr \/>\n<p>&nbsp;<\/p>\n<p>&nbsp;<\/p>\n<blockquote><p><span style=\"color: #ff0000;\"><strong>OGGI ALLE 16 CONSIGLIO COMUNALE AD AGORDO, ALL&#8217;ORDINE DEL GIORNO ANCHE I DANNI DEL MALTEMPO DELLO SCORSO AGOSTO. RICONOSCIMENTO DEBITI FUORI BILANCIO. DIRETTA SUI CANALI FACEBOOK, TELEGRAM E SITO INTERNET DI RADIOPIU<\/strong><\/span><\/p><\/blockquote>\n<p>&nbsp;<\/p>\n<\/div>\n<\/div>\n<\/div>\n<\/div>\n<\/div>\n<p>&nbsp;<\/p>\n<hr \/>\n<p>&nbsp;<\/p>\n<p>&nbsp;<\/p>\n<blockquote>\n<h3><a class=\"dt-pswp-item\" href=\"https:\/\/www.radiopiu.net\/wordpress\/wp-content\/uploads\/2023\/05\/SCALE-LAMBIOI.jpg\" data-dt-img-description=\"\" data-large_image_width=\"1280\" data-large_image_height=\"720\"><img loading=\"lazy\" decoding=\"async\" class=\" wp-image-334195 alignleft\" src=\"https:\/\/www.radiopiu.net\/wordpress\/wp-content\/uploads\/2023\/05\/SCALE-LAMBIOI-300x169.jpg\" alt=\"\" width=\"183\" height=\"103\" srcset=\"https:\/\/www.radiopiu.net\/wordpress\/wp-content\/uploads\/2023\/05\/SCALE-LAMBIOI-300x169.jpg 300w, https:\/\/www.radiopiu.net\/wordpress\/wp-content\/uploads\/2023\/05\/SCALE-LAMBIOI-1024x576.jpg 1024w, https:\/\/www.radiopiu.net\/wordpress\/wp-content\/uploads\/2023\/05\/SCALE-LAMBIOI-768x432.jpg 768w, https:\/\/www.radiopiu.net\/wordpress\/wp-content\/uploads\/2023\/05\/SCALE-LAMBIOI.jpg 1280w\" sizes=\"auto, (max-width: 183px) 100vw, 183px\" \/><\/a>SU I PREZZI PER I PARCHEGGI A LAMBIOI, NEL 2017 IL SINDACO MASSARO AVEVA INVECE RIDOTTO I COSTI A VANTAGGIO DELLE FAMIGLIE.<\/h3>\n<\/blockquote>\n<p><strong>BELLUNO<\/strong> Dal prossimo anno parcheggi pi\u00f9 cari in citt\u00e0. L&#8217;abbonamento aumenta del 19% da 21 a 25 euro, 4 in pi\u00f9. Una decisione quella della Giunta De Pellegrin decisamente contro corrente rispetto a quando deciso nel 2017 dal sindaco Jacopo Massaro che aveva abbassato l&#8217;abbonamento da 35 a 21 euro, ovvero di 14 euro. La tariffa oraria diurna nei giorni feriali aumenta da 0,80 euro a 1 euro all&#8217;ora con un +25% e per un massimo di 10 euro\/giorno. Domenica e giorni festivi 0,80euro fino un massimo di 2.<\/p>\n<p>&nbsp;<\/p>\n<p>&nbsp;<\/p>\n<p>&nbsp;<\/p>\n<p>&nbsp;<\/p>\n<hr \/>\n<p>&nbsp;<\/p>\n<blockquote>\n<h3>MILANO CORTINA 2026. IL PRESIDENTE ZAIA SCRIVE A MALAGO\u2019 E A VARNIER<\/h3>\n<\/blockquote>\n<p><strong>VENEZIA<\/strong> Con una lettera indirizzata al Presidente e all\u2019Amministratore Delegato della Fondazione Milano Cortina 2026, il Presidente della Regione del Veneto, Luca Zaia, affronta la scelta annunciata da Malag\u00f2 ai vertici del CIO e chiede di valutare una rideterminazione delle discipline olimpiche ai fini di un\u2019equa distribuzione tra le venue di gara del dossier Olimpico.<\/p>\n<p><strong>IL PRESIDENTE DEL VENETO LUCA ZAIA<\/strong><\/p>\n<div style=\"width: 1200px;\" class=\"wp-video\"><video class=\"wp-video-shortcode\" id=\"video-357153-1\" width=\"1200\" height=\"675\" preload=\"metadata\" controls=\"controls\"><source type=\"video\/mp4\" src=\"https:\/\/www.radiopiu.net\/wordpress\/wp-content\/uploads\/2023\/10\/ZAIA-SU-PISTA-DA-BOB-DI-CORTINA.mp4?_=1\" \/><a href=\"https:\/\/www.radiopiu.net\/wordpress\/wp-content\/uploads\/2023\/10\/ZAIA-SU-PISTA-DA-BOB-DI-CORTINA.mp4\">https:\/\/www.radiopiu.net\/wordpress\/wp-content\/uploads\/2023\/10\/ZAIA-SU-PISTA-DA-BOB-DI-CORTINA.mp4<\/a><\/video><\/div>\n<p>&nbsp;<\/p>\n<p>&nbsp;<\/p>\n<hr \/>\n<p>&nbsp;<\/p>\n<blockquote>\n<h3>STEFANO LONGO PRESIDENTE DELLA FONDAZIONE CORTINA PARLA DELLA MANCATA REALIZZAZIONE DELLA PISTA DA BOB<\/h3>\n<\/blockquote>\n<p><strong><a class=\"dt-pswp-item\" href=\"https:\/\/www.radiopiu.net\/wordpress\/wp-content\/uploads\/2023\/10\/2e7eca7e-fcc4-4122-af50-341d1382f978.jpg\" data-dt-img-description=\"\" data-large_image_width=\"1600\" data-large_image_height=\"1066\"><img loading=\"lazy\" decoding=\"async\" class=\" wp-image-357216 alignleft\" src=\"https:\/\/www.radiopiu.net\/wordpress\/wp-content\/uploads\/2023\/10\/2e7eca7e-fcc4-4122-af50-341d1382f978-300x200.jpg\" alt=\"\" width=\"192\" height=\"128\" srcset=\"https:\/\/www.radiopiu.net\/wordpress\/wp-content\/uploads\/2023\/10\/2e7eca7e-fcc4-4122-af50-341d1382f978-300x200.jpg 300w, https:\/\/www.radiopiu.net\/wordpress\/wp-content\/uploads\/2023\/10\/2e7eca7e-fcc4-4122-af50-341d1382f978-1024x682.jpg 1024w, https:\/\/www.radiopiu.net\/wordpress\/wp-content\/uploads\/2023\/10\/2e7eca7e-fcc4-4122-af50-341d1382f978-768x512.jpg 768w, https:\/\/www.radiopiu.net\/wordpress\/wp-content\/uploads\/2023\/10\/2e7eca7e-fcc4-4122-af50-341d1382f978-1536x1023.jpg 1536w, https:\/\/www.radiopiu.net\/wordpress\/wp-content\/uploads\/2023\/10\/2e7eca7e-fcc4-4122-af50-341d1382f978.jpg 1600w\" sizes=\"auto, (max-width: 192px) 100vw, 192px\" \/><\/a>CORTINA<\/strong><\/p>\n<p>DI ROBERTO BONA<\/p>\n<audio class=\"wp-audio-shortcode\" id=\"audio-357153-1\" preload=\"none\" style=\"width: 100%;\" controls=\"controls\"><source type=\"audio\/mpeg\" src=\"https:\/\/www.radiopiu.net\/wordpress\/wp-content\/uploads\/2023\/10\/gr-18-la-fondazione-cortina-bona.mp3?_=1\" \/><a href=\"https:\/\/www.radiopiu.net\/wordpress\/wp-content\/uploads\/2023\/10\/gr-18-la-fondazione-cortina-bona.mp3\">https:\/\/www.radiopiu.net\/wordpress\/wp-content\/uploads\/2023\/10\/gr-18-la-fondazione-cortina-bona.mp3<\/a><\/audio>\n<p>&nbsp;<\/p>\n<p>&nbsp;<\/p>\n<blockquote>\n<h3>PISTA DA BOB DI CORTINA &#8211; LE DICHIARAZIONI<\/h3>\n<\/blockquote>\n<p><strong>DI BARBARA PAOLAZZI, RADIO CLUB 103<\/strong><\/p>\n<audio class=\"wp-audio-shortcode\" id=\"audio-357153-2\" preload=\"none\" style=\"width: 100%;\" controls=\"controls\"><source type=\"audio\/mpeg\" src=\"https:\/\/www.radiopiu.net\/wordpress\/wp-content\/uploads\/2023\/10\/PAOLAZZI-PISTA-BOB-CORTINA-DICHIARAZIONI.mp3?_=2\" \/><a href=\"https:\/\/www.radiopiu.net\/wordpress\/wp-content\/uploads\/2023\/10\/PAOLAZZI-PISTA-BOB-CORTINA-DICHIARAZIONI.mp3\">https:\/\/www.radiopiu.net\/wordpress\/wp-content\/uploads\/2023\/10\/PAOLAZZI-PISTA-BOB-CORTINA-DICHIARAZIONI.mp3<\/a><\/audio>\n<p>&nbsp;<\/p>\n<p>&nbsp;<\/p>\n<hr \/>\n<p>&nbsp;<\/p>\n<blockquote>\n<h3>CONSEGNATI I LAVORI PER IL PIAZZALE DEL NEVEGAL<\/h3>\n<\/blockquote>\n<p><strong><a class=\"dt-pswp-item\" href=\"https:\/\/www.radiopiu.net\/wordpress\/wp-content\/uploads\/2023\/10\/Nevegal.jpg\" data-dt-img-description=\"\" data-large_image_width=\"768\" data-large_image_height=\"421\"><img loading=\"lazy\" decoding=\"async\" class=\" wp-image-357196 alignleft\" src=\"https:\/\/www.radiopiu.net\/wordpress\/wp-content\/uploads\/2023\/10\/Nevegal-300x164.jpg\" alt=\"\" width=\"161\" height=\"88\" srcset=\"https:\/\/www.radiopiu.net\/wordpress\/wp-content\/uploads\/2023\/10\/Nevegal-300x164.jpg 300w, https:\/\/www.radiopiu.net\/wordpress\/wp-content\/uploads\/2023\/10\/Nevegal.jpg 768w\" sizes=\"auto, (max-width: 161px) 100vw, 161px\" \/><\/a>BELLUNO<\/strong> I lavori di riqualificazione del piazzale del Neveg\u00e0l sono stati ufficialmente avviati con la consegna dell&#8217;appalto alla ditta Olivotto srl, vincitrice del progetto finanziato con fondi Pnrr. Questa iniziativa, denominata &#8220;Rigenerazione urbana \u2013 Intervento di valorizzazione dell\u2019Alpe del Neveg\u00e0l: miglioramento e potenziamento della sentieristica e del sistema di sosta,&#8221; prevede un investimento di 960 mila euro. Il sindaco e l&#8217;assessore al Neveg\u00e0l erano presenti all&#8217;avvio dei lavori, sottolineando l&#8217;importanza di questo progetto per la comunit\u00e0 locale. Gli interventi iniziali si concentreranno su una serie di miglioramenti al piazzale, inclusi un muretto controterra, aree di sosta per bus turistici e altre opere per migliorare l&#8217;accessibilit\u00e0 e l&#8217;estetica del sito.<\/p>\n<p>&nbsp;<\/p>\n<p>&nbsp;<\/p>\n<hr \/>\n<p>&nbsp;<\/p>\n<blockquote>\n<h3>IL COMITATO OLIMPICO DICE SI ALLA STAZIONE DI PONTE NELLE ALPI<\/h3>\n<\/blockquote>\n<p><strong><a class=\"dt-pswp-item\" href=\"https:\/\/www.radiopiu.net\/wordpress\/wp-content\/uploads\/2023\/10\/STAZIONE-POLPET-WIKI.jpg\" data-dt-img-description=\"\" data-large_image_width=\"250\" data-large_image_height=\"187\"><img loading=\"lazy\" decoding=\"async\" class=\" wp-image-357198 alignleft\" src=\"https:\/\/www.radiopiu.net\/wordpress\/wp-content\/uploads\/2023\/10\/STAZIONE-POLPET-WIKI.jpg\" alt=\"\" width=\"140\" height=\"105\" \/><\/a>PONTE NELLE ALPI<\/strong> Un sopralluogo \u00e8 stato effettuato presso la stazione ferroviaria di Ponte nelle Alpi da Rfi, Trenitalia, il Cio (Comitato Olimpico Internazionale) e il Comune, al fine di verificare lo stato delle opere di miglioramento in vista delle Olimpiadi Milano Cortina 2026. La stazione di Ponte nelle Alpi \u00e8 un importante snodo di mobilit\u00e0 regionale, e quindi sta subendo una serie di interventi per renderla pi\u00f9 efficiente ed accogliente. Le opere comprendono la realizzazione di nuovi ascensori, la riqualificazione del sottopasso, lavori sulla viabilit\u00e0 esterna, e l&#8217;ampliamento del piazzale dei bus per facilitare l&#8217;interscambio tra mezzi su gomma e treni. Questi lavori fanno parte di una prima fase di rinnovamento della stazione, con una seconda fase che coinvolger\u00e0 l&#8217;edificio centrale, l&#8217;area del sottopasso verso la piazza di Polpet e l&#8217;arredo urbano esterno. L&#8217;obiettivo \u00e8 rendere la stazione una vera &#8220;Porta delle Dolomiti&#8221; in vista delle Olimpiadi 2026. (FOTO: Wikipedia)<\/p>\n<p>&nbsp;<\/p>\n<p>&nbsp;<\/p>\n<hr \/>\n<p>&nbsp;<\/p>\n<blockquote>\n<h3>VIA LIBERA AL MAXI PROGETTO DI VALORIZZAZIONE TURISTICA DELLA VALLE DI SAN LUCANO E VAL CORPASSA<\/h3>\n<\/blockquote>\n<p><strong><a class=\"dt-pswp-item\" href=\"https:\/\/www.radiopiu.net\/wordpress\/wp-content\/uploads\/2021\/06\/taibon-2-1.jpg\" data-dt-img-description=\"\" data-large_image_width=\"1024\" data-large_image_height=\"768\"><img loading=\"lazy\" decoding=\"async\" class=\" wp-image-214787 alignleft\" src=\"https:\/\/www.radiopiu.net\/wordpress\/wp-content\/uploads\/2021\/06\/taibon-2-1-300x225.jpg\" alt=\"\" width=\"165\" height=\"124\" srcset=\"https:\/\/www.radiopiu.net\/wordpress\/wp-content\/uploads\/2021\/06\/taibon-2-1-300x225.jpg 300w, https:\/\/www.radiopiu.net\/wordpress\/wp-content\/uploads\/2021\/06\/taibon-2-1-768x576.jpg 768w, https:\/\/www.radiopiu.net\/wordpress\/wp-content\/uploads\/2021\/06\/taibon-2-1.jpg 1024w\" sizes=\"auto, (max-width: 165px) 100vw, 165px\" \/><\/a>TAIBON<\/strong><\/p>\n<p>DI GIANNI SANTOMASO<\/p>\n<audio class=\"wp-audio-shortcode\" id=\"audio-357153-3\" preload=\"none\" style=\"width: 100%;\" controls=\"controls\"><source type=\"audio\/mpeg\" src=\"https:\/\/www.radiopiu.net\/wordpress\/wp-content\/uploads\/2023\/10\/GIANNI-VIA-LIBERA-AL-MAXI-PROGETTO-DI-VALORIZZAZIONE-TURISTICA-DELLA-VALLE-DI-SAN-LUCANO-E-VAL-CORPASSA.mp3?_=3\" \/><a href=\"https:\/\/www.radiopiu.net\/wordpress\/wp-content\/uploads\/2023\/10\/GIANNI-VIA-LIBERA-AL-MAXI-PROGETTO-DI-VALORIZZAZIONE-TURISTICA-DELLA-VALLE-DI-SAN-LUCANO-E-VAL-CORPASSA.mp3\">https:\/\/www.radiopiu.net\/wordpress\/wp-content\/uploads\/2023\/10\/GIANNI-VIA-LIBERA-AL-MAXI-PROGETTO-DI-VALORIZZAZIONE-TURISTICA-DELLA-VALLE-DI-SAN-LUCANO-E-VAL-CORPASSA.mp3<\/a><\/audio>\n<p>&nbsp;<\/p>\n<hr \/>\n<p>&nbsp;<\/p>\n<blockquote>\n<h3>AL VIA LA DISTRIBUZIONE DEL CARRELLO DELLA SPESA PER LE MAESTRANZE DI ESSILORLUXOTTICA<\/h3>\n<\/blockquote>\n<p><strong><a class=\"dt-pswp-item\" href=\"https:\/\/www.radiopiu.net\/wordpress\/wp-content\/uploads\/2021\/12\/LUXOTTICA-FRAMONT.jpg\" data-dt-img-description=\"\" data-large_image_width=\"2048\" data-large_image_height=\"1536\"><img loading=\"lazy\" decoding=\"async\" class=\" wp-image-246066 alignleft\" src=\"https:\/\/www.radiopiu.net\/wordpress\/wp-content\/uploads\/2021\/12\/LUXOTTICA-FRAMONT-300x225.jpg\" alt=\"\" width=\"156\" height=\"117\" srcset=\"https:\/\/www.radiopiu.net\/wordpress\/wp-content\/uploads\/2021\/12\/LUXOTTICA-FRAMONT-300x225.jpg 300w, https:\/\/www.radiopiu.net\/wordpress\/wp-content\/uploads\/2021\/12\/LUXOTTICA-FRAMONT-1024x768.jpg 1024w, https:\/\/www.radiopiu.net\/wordpress\/wp-content\/uploads\/2021\/12\/LUXOTTICA-FRAMONT-768x576.jpg 768w, https:\/\/www.radiopiu.net\/wordpress\/wp-content\/uploads\/2021\/12\/LUXOTTICA-FRAMONT-1536x1152.jpg 1536w, https:\/\/www.radiopiu.net\/wordpress\/wp-content\/uploads\/2021\/12\/LUXOTTICA-FRAMONT.jpg 2048w\" sizes=\"auto, (max-width: 156px) 100vw, 156px\" \/><\/a>AGORDO<\/strong> A partire da oggi tutte le maestranze del gruppo EssilorLuxottica potranno prenotare il ritiro del Carrello Della Spesa presso i supermercati convenzionati. La prenotazione si potr\u00e0 effettuare online e il ritiro del pacco spesa inizier\u00e0 dal 23 ottobre. L&#8217;interessato potr\u00e0 scegliere giorno ed orario del ritiro della spesa in base alla disponibilit\u00e0 presente sul portale aziendale. Intanto la RSU nelle ultime ore ha avuto un incontro con l&#8217;azienda per definire il calendario ferie per il periodo natalizio e nei prossimi giorni sar\u00e0 compito delle sigle sindacali comunicarlo alle maestranze.<\/p>\n<p>&nbsp;<\/p>\n<p>&nbsp;<\/p>\n<hr \/>\n<p>&nbsp;<\/p>\n<blockquote>\n<h3>IL COMUNE DI LA VALLE CHIEDE ALL&#8217;UNIONE MONTANA AGORDINA LA COLLABORAZIONE PER DEI LAVORI A FADES<\/h3>\n<\/blockquote>\n<p><strong><a class=\"dt-pswp-item\" href=\"https:\/\/www.radiopiu.net\/wordpress\/wp-content\/uploads\/2022\/12\/LA-VALLE.jpg\" data-dt-img-description=\"\" data-large_image_width=\"259\" data-large_image_height=\"194\"><img loading=\"lazy\" decoding=\"async\" class=\" wp-image-311121 alignleft\" src=\"https:\/\/www.radiopiu.net\/wordpress\/wp-content\/uploads\/2022\/12\/LA-VALLE.jpg\" alt=\"\" width=\"154\" height=\"115\" \/><\/a>LA VALLE<\/strong><\/p>\n<p>DI GIANNI SANTOMASO<\/p>\n<audio class=\"wp-audio-shortcode\" id=\"audio-357153-4\" preload=\"none\" style=\"width: 100%;\" controls=\"controls\"><source type=\"audio\/mpeg\" src=\"https:\/\/www.radiopiu.net\/wordpress\/wp-content\/uploads\/2023\/10\/GIANNI-IL-COMUNE-DI-LA-VALLE-CHIEDE-ALLUNIONE-MONTANA-AGORDINA-LA-COLLABORAZIONE-PER-DEI-LAVORI-A-FADES.mp3?_=4\" \/><a href=\"https:\/\/www.radiopiu.net\/wordpress\/wp-content\/uploads\/2023\/10\/GIANNI-IL-COMUNE-DI-LA-VALLE-CHIEDE-ALLUNIONE-MONTANA-AGORDINA-LA-COLLABORAZIONE-PER-DEI-LAVORI-A-FADES.mp3\">https:\/\/www.radiopiu.net\/wordpress\/wp-content\/uploads\/2023\/10\/GIANNI-IL-COMUNE-DI-LA-VALLE-CHIEDE-ALLUNIONE-MONTANA-AGORDINA-LA-COLLABORAZIONE-PER-DEI-LAVORI-A-FADES.mp3<\/a><\/audio>\n<p>&nbsp;<\/p>\n<hr \/>\n<p>&nbsp;<\/p>\n<blockquote>\n<h3>LA LEGA TORNA IN PIAZZA PER L&#8217;AUTONOMIA REGIONALE<\/h3>\n<\/blockquote>\n<p><strong><a class=\"dt-pswp-item\" href=\"https:\/\/www.radiopiu.net\/wordpress\/wp-content\/uploads\/2023\/10\/BANDIERA-SAN-MARCO.jpg\" data-dt-img-description=\"\" data-large_image_width=\"239\" data-large_image_height=\"239\"><img loading=\"lazy\" decoding=\"async\" class=\" wp-image-357204 alignleft\" src=\"https:\/\/www.radiopiu.net\/wordpress\/wp-content\/uploads\/2023\/10\/BANDIERA-SAN-MARCO.jpg\" alt=\"\" width=\"135\" height=\"135\" srcset=\"https:\/\/www.radiopiu.net\/wordpress\/wp-content\/uploads\/2023\/10\/BANDIERA-SAN-MARCO.jpg 239w, https:\/\/www.radiopiu.net\/wordpress\/wp-content\/uploads\/2023\/10\/BANDIERA-SAN-MARCO-150x150.jpg 150w\" sizes=\"auto, (max-width: 135px) 100vw, 135px\" \/><\/a>BELLUNO<\/strong> La Lega torna nelle piazze per fare il punto sul percorso dell&#8217;autonomia regionale. \u201cMai cos\u00ec avanti, ma serve ancora prudenza\u201d, assicurano i leghisti bellunesi.<\/p>\n<p><strong>di Daniele Dalvit<\/strong><\/p>\n<audio class=\"wp-audio-shortcode\" id=\"audio-357153-5\" preload=\"none\" style=\"width: 100%;\" controls=\"controls\"><source type=\"audio\/mpeg\" src=\"https:\/\/www.radiopiu.net\/wordpress\/wp-content\/uploads\/2023\/10\/Radio-Piu-Servizio-Lega-autonomia-piazze.mp3?_=5\" \/><a href=\"https:\/\/www.radiopiu.net\/wordpress\/wp-content\/uploads\/2023\/10\/Radio-Piu-Servizio-Lega-autonomia-piazze.mp3\">https:\/\/www.radiopiu.net\/wordpress\/wp-content\/uploads\/2023\/10\/Radio-Piu-Servizio-Lega-autonomia-piazze.mp3<\/a><\/audio>\n<p>&nbsp;<\/p>\n<hr \/>\n<p>&nbsp;<\/p>\n<blockquote>\n<h3>IL PREMIO SAN MARTINO A GIORGIO FORNASIER<\/h3>\n<\/blockquote>\n<p><strong><a class=\"dt-pswp-item\" href=\"https:\/\/www.radiopiu.net\/wordpress\/wp-content\/uploads\/2022\/12\/GIORGIO-FORNASIER.png\" data-dt-img-description=\"\" data-large_image_width=\"1280\" data-large_image_height=\"992\"><img loading=\"lazy\" decoding=\"async\" class=\" wp-image-312788 alignleft\" src=\"https:\/\/www.radiopiu.net\/wordpress\/wp-content\/uploads\/2022\/12\/GIORGIO-FORNASIER-300x233.png\" alt=\"\" width=\"135\" height=\"105\" srcset=\"https:\/\/www.radiopiu.net\/wordpress\/wp-content\/uploads\/2022\/12\/GIORGIO-FORNASIER-300x233.png 300w, https:\/\/www.radiopiu.net\/wordpress\/wp-content\/uploads\/2022\/12\/GIORGIO-FORNASIER-1024x794.png 1024w, https:\/\/www.radiopiu.net\/wordpress\/wp-content\/uploads\/2022\/12\/GIORGIO-FORNASIER-768x595.png 768w, https:\/\/www.radiopiu.net\/wordpress\/wp-content\/uploads\/2022\/12\/GIORGIO-FORNASIER.png 1280w\" sizes=\"auto, (max-width: 135px) 100vw, 135px\" \/><\/a>BELLUNO <\/strong>Il Premio San Martino 2023 si terr\u00e0 il 11 novembre. Quest&#8217;anno, il premio sar\u00e0 assegnato a Giorgio Fornasier, un professionista e cantautore noto per il suo contributo alla crescita umana e culturale attraverso la musica. Fornasier \u00e8 stato riconosciuto per il suo impegno nel preservare e promuovere la cultura popolare del territorio, con particolare attenzione alla catalogazione dei canti religiosi popolari. Ha creato collaborazioni significative e contribuito a immortalare la cultura locale attraverso la sua musica. La cerimonia di premiazione si svolger\u00e0 presso il Teatro Comunale sabato 11 novembre, in occasione della festivit\u00e0 di San Martino, patrono locale. In questa edizione, non ci sar\u00e0 un vincitore nella categoria giovani.<\/p>\n<p>&nbsp;<\/p>\n<p>&nbsp;<\/p>\n<hr \/>\n<p>&nbsp;<\/p>\n<blockquote>\n<h3>GIORNATA INTERNAZIONALE CONTRO IL CANCRO AL SENO<\/h3>\n<\/blockquote>\n<p><strong><a class=\"dt-pswp-item\" href=\"https:\/\/www.radiopiu.net\/wordpress\/wp-content\/uploads\/2023\/10\/ottobre-rosa.jpg\" data-dt-img-description=\"\" data-large_image_width=\"768\" data-large_image_height=\"393\"><img loading=\"lazy\" decoding=\"async\" class=\" wp-image-357191 alignleft\" src=\"https:\/\/www.radiopiu.net\/wordpress\/wp-content\/uploads\/2023\/10\/ottobre-rosa-300x154.jpg\" alt=\"\" width=\"168\" height=\"86\" srcset=\"https:\/\/www.radiopiu.net\/wordpress\/wp-content\/uploads\/2023\/10\/ottobre-rosa-300x154.jpg 300w, https:\/\/www.radiopiu.net\/wordpress\/wp-content\/uploads\/2023\/10\/ottobre-rosa.jpg 768w\" sizes=\"auto, (max-width: 168px) 100vw, 168px\" \/><\/a>VENEZIA<\/strong> Il 19 ottobre \u00e8 la Giornata internazionale contro il cancro al seno, istituita dall&#8217;OMS per sensibilizzare sulla malattia e promuovere la diagnosi precoce. La Regione Veneto \u00e8 un precursore nella prevenzione del cancro al seno grazie al Piano regionale della prevenzione 2020-2025. Questo programma offre screening mammografici gratuiti per le donne dai 45 ai 74 anni, andando oltre i limiti stabiliti a livello nazionale (50-69 anni). Inoltre, la Regione ha istituito le Breast Unit, strutture specializzate nella diagnosi e trattamento del cancro al seno. L&#8217;obiettivo \u00e8 ridurre la mortalit\u00e0 dalla malattia attraverso diagnosi precoce e interventi conservativi. La dotazione tecnologica della Regione comprende numerosi mammografi moderni, contribuendo a migliorare la salute delle pazienti.<\/p>\n<p>&nbsp;<\/p>\n<p>&nbsp;<\/p>\n<blockquote>\n<h3>GLI APPUNTAMENTI DI OTTOBRE ROSA CON L&#8217;ULSS 1 DOLOMITI<\/h3>\n<\/blockquote>\n<p><strong>BELLUNO <\/strong>Nel mese dedicato alla sensibilizzazione sui tumori al seno, l&#8217;Ulss Dolomiti offre una serie di meeting online in collaborazione con le Associazioni ADOS di Belluno e Feltre. Gli incontri coprono vari temi legati al cancro al seno e coinvolgono esperti medici. Ecco il calendario degli appuntamenti: <strong>L&#8217;evoluzione delle cure: le terapie innovative:<\/strong> 19 ottobre, ore 18:00-19:00, con oncologi e radioterapisti. <strong>Tumore della mammella: come prevenire le recidive:<\/strong> 20 ottobre, ore 18:00-19:00, con un chirurgo. <strong>Percorso per la prevenzione delle recidive attraverso il miglioramento degli stili di vita:<\/strong> 24 ottobre, ore 18:00-19:00, con esperti del Dipartimento di Prevenzione. <strong>La prevenzione secondaria: la mammografia:<\/strong> 26 ottobre, ore 18:00-19:00, con radiologhe. <strong>Prima e dopo l&#8217;intervento: bellezza e benessere:<\/strong> 30 ottobre, ore 18:00-19:00, con chirurghi. <strong>Oltre la malattia con le Associazioni:<\/strong> 31 ottobre, ore 18:00-19:00, con ADOS Belluno e ADOS Feltre. Per partecipare agli incontri \u00e8 possibile collegarsi al link <a href=\"https:\/\/meet.google.com\/nng-hbxi-ija\">https:\/\/meet.google.com\/nng-hbxi-ija<\/a><\/p>\n<p>&nbsp;<\/p>\n<p>&nbsp;<\/p>\n<hr \/>\n<p>&nbsp;<\/p>\n<blockquote>\n<h3>OGGI IL CONSIGLIO COMUNALE DI AGORDO<\/h3>\n<\/blockquote>\n<p><strong>AGORDO<\/strong> Il sindaco di Agordo Roberto Chissal\u00e8 ha convocato il consiglio comunale per oggi alle 16. Due i punti da discutere: una variazione a bilancio e gli eventi meteo di agosto con un verbale di somma urgenza e perizia.<\/p>\n<p><strong>DI GIANNI SANTOMASO<\/strong><\/p>\n<audio class=\"wp-audio-shortcode\" id=\"audio-357153-6\" preload=\"none\" style=\"width: 100%;\" controls=\"controls\"><source type=\"audio\/mpeg\" src=\"https:\/\/www.radiopiu.net\/wordpress\/wp-content\/uploads\/2023\/10\/GIANNI-CONSIGLIO-AGORDO.mp3?_=6\" \/><a href=\"https:\/\/www.radiopiu.net\/wordpress\/wp-content\/uploads\/2023\/10\/GIANNI-CONSIGLIO-AGORDO.mp3\">https:\/\/www.radiopiu.net\/wordpress\/wp-content\/uploads\/2023\/10\/GIANNI-CONSIGLIO-AGORDO.mp3<\/a><\/audio>\n<p>&nbsp;<\/p>\n<hr \/>\n<p>&nbsp;<\/p>\n<blockquote>\n<h3>ANCHE A CENCENIGHE IL CONSIGLIO COMUNALE<\/h3>\n<\/blockquote>\n<p><strong>CENCENIGHE<\/strong> Il sindaco di Cencenighe Mauro Soppelsa ha convocato il consglio comunale per venerd\u00ec alle 20:30. Quattro punti all&#8217;ordine del giorno tra cui una variazione a bilancio e la fusione tra BIM GSP e BIM Infrastrutture<\/p>\n<p>&nbsp;<\/p>\n<p>&nbsp;<\/p>\n<hr \/>\n<p>&nbsp;<\/p>\n<blockquote>\n<h2><strong><a class=\"dt-pswp-item\" href=\"https:\/\/www.radiopiu.net\/wordpress\/wp-content\/uploads\/2018\/06\/logo_Ulss1-Belluno.jpg\" data-dt-img-description=\"\" data-large_image_width=\"190\" data-large_image_height=\"190\"><img loading=\"lazy\" decoding=\"async\" class=\"size-full wp-image-50742 aligncenter\" src=\"https:\/\/www.radiopiu.net\/wordpress\/wp-content\/uploads\/2018\/06\/logo_Ulss1-Belluno.jpg\" alt=\"\" width=\"190\" height=\"190\" srcset=\"https:\/\/www.radiopiu.net\/wordpress\/wp-content\/uploads\/2018\/06\/logo_Ulss1-Belluno.jpg 190w, https:\/\/www.radiopiu.net\/wordpress\/wp-content\/uploads\/2018\/06\/logo_Ulss1-Belluno-150x150.jpg 150w\" sizes=\"auto, (max-width: 190px) 100vw, 190px\" \/><\/a>\u00a0<\/strong><\/h2>\n<h2><strong>Salute mentale: i prossimi open day\u00a0<\/strong><\/h2>\n<\/blockquote>\n<p>Continua il ciclo di Open Day presso le sedi dei Centri di Salute Mentale del territorio, promossi dall\u2019Ulss Dolomiti con il Dipartimento di Salute Mentale. L\u2019Open Day rappresenta un punto di ascolto dedicato per trovare aiuto, avere informazioni su come approcciarsi a persone vicine in difficolt\u00e0 e trovare un supporto. Dopo il CSM di Agordo della scorsa settimana, i prossimi open day si terranno: 21 ottobre a Belluno<\/p>\n<blockquote>\n\t\t\t<style type='text\/css'>\n\t\t\t\t#gallery-2 {\n\t\t\t\t\tmargin: auto;\n\t\t\t\t}\n\t\t\t\t#gallery-2 .gallery-item {\n\t\t\t\t\tfloat: left;\n\t\t\t\t\tmargin-top: 10px;\n\t\t\t\t\ttext-align: center;\n\t\t\t\t\twidth: 100%;\n\t\t\t\t}\n\t\t\t\t#gallery-2 img {\n\t\t\t\t\tborder: 2px solid #cfcfcf;\n\t\t\t\t}\n\t\t\t\t#gallery-2 .gallery-caption {\n\t\t\t\t\tmargin-left: 0;\n\t\t\t\t}\n\t\t\t\t\/* see gallery_shortcode() in wp-includes\/media.php *\/\n\t\t\t<\/style>\n\t\t<div id='gallery-2' class='dt-gallery-container gallery galleryid-357153 gallery-columns-1 gallery-size-thumbnail'><dl class='gallery-item'>\n\t\t\t\t<dt class='gallery-icon landscape'>\n\t\t\t\t\t<a class=\"rollover rollover-zoom dt-pswp-item\" title=\"open day salute mentale_13.10\" data-dt-img-description=\"\" data-large_image_width=\"1080\" data-large_image_height=\"1080\"href='https:\/\/www.radiopiu.net\/wordpress\/wp-content\/uploads\/2023\/10\/open-day-salute-mentale_13.10.png'><img loading=\"lazy\" decoding=\"async\" width=\"150\" height=\"150\" src=\"https:\/\/www.radiopiu.net\/wordpress\/wp-content\/uploads\/2023\/10\/open-day-salute-mentale_13.10-150x150.png\" class=\"attachment-thumbnail size-thumbnail\" alt=\"\" srcset=\"https:\/\/www.radiopiu.net\/wordpress\/wp-content\/uploads\/2023\/10\/open-day-salute-mentale_13.10-150x150.png 150w, https:\/\/www.radiopiu.net\/wordpress\/wp-content\/uploads\/2023\/10\/open-day-salute-mentale_13.10-300x300.png 300w, https:\/\/www.radiopiu.net\/wordpress\/wp-content\/uploads\/2023\/10\/open-day-salute-mentale_13.10-1024x1024.png 1024w, https:\/\/www.radiopiu.net\/wordpress\/wp-content\/uploads\/2023\/10\/open-day-salute-mentale_13.10-768x768.png 768w, https:\/\/www.radiopiu.net\/wordpress\/wp-content\/uploads\/2023\/10\/open-day-salute-mentale_13.10.png 1080w\" sizes=\"auto, (max-width: 150px) 100vw, 150px\" \/><\/a>\n\t\t\t\t<\/dt><\/dl><br style=\"clear: both\" \/>\n\t\t\t<\/div>\n\n<h2><\/h2>\n<h2>Giornata mondiale della menopausa: le iniziative<\/h2>\n<\/blockquote>\n<p>In occasione della Giornata mondiale della menopausa, l\u2019Ulss Dolomiti promuove un incontro aperto alla cittadinanza dedicati a questo periodo delicato della donna. Oggi dalle 17.00 in Ostetricia e Ginecologia dell\u2019Ospedale di Belluno si terr\u00e0 l\u2019incontro \u201cMenopausa&#8230;non \u00e8 solo questione di ormoni!\u201d.<\/p>\n<p>&nbsp;<\/p>\n<blockquote>\n<h3>UN INCONTRO SUL GIOCO D&#8217;AZZARDO<\/h3>\n<\/blockquote>\n<p><strong>BELLUNO <\/strong>L\u2019Ulss Dolomiti, con il Dipartimento delle Dipendenze, in collaborazione con lo Sportello amministrazione di sostegno della provincia di Belluno in capo al Comitato d\u2019Intesa, organizza un corso di formazione dal titolo \u201cL\u2019azzardo: diagnosi e consapevolezza finanziaria\u201d. Il percorso, rivolto principalmente agli amministratori di sostegno, si terr\u00e0 venerd\u00ec 20 ottobre dalle 14.30 alle 18.30 nella Sala Luciani del Centro Giovanni XXIII, in Piazza Piloni a Belluno.<\/p>\n<p>&nbsp;<\/p>\n<p>&nbsp;<\/p>\n<hr \/>\n<p>&nbsp;<\/p>\n<blockquote>\n<h3 class=\"_title post-title entry-title\">BELLUNO | WELFARE DOLOMITI, SCATTA RACCOLTA DONAZIONI FRA I 50 MILA LAVORATORI BELLUNESI<\/h3>\n<p>DAL TG BELLUNESE\u00a0 DI ANTENNA 3 (CANALE 10 DIGITALE TERRESTRE ORE 19.30) E OGNI SERA ALLE 19 LE ANTICIPAZIONI ALLA RADIO PIU&#8217; DI TIZIANA BOLOGNANI<\/p>\n<p>Intervistati FRANCESCA DE BIASI (PRESIDENTE FONDAZIONE WELFARE DOLOMITI), MAURO DE CARLI (VICE PRESIDENTE FONDAZIONE WELFARE DOLOMITI) (Servizio di\u00a0<a href=\"https:\/\/antennatre.medianordest.it\/redazione\/Tiziana-Bolognani\/\">Tiziana Bolognani<\/a>)<\/p><\/blockquote>\n<p><iframe loading=\"lazy\" title=\"WELFARE DOLOMITI, SCATTA RACCOLTA DONAZIONI FRA I 50 MILA LAVORATORI BELLUNESI  | 17\/10\/2023\" width=\"1200\" height=\"675\" src=\"https:\/\/www.youtube.com\/embed\/Aoa3K9Gu8n0?start=1&#038;feature=oembed\" frameborder=\"0\" allow=\"accelerometer; autoplay; clipboard-write; encrypted-media; gyroscope; picture-in-picture; web-share\" allowfullscreen><\/iframe><\/p>\n<p>&nbsp;<\/p>\n<p>&nbsp;<\/p>\n<hr \/>\n<p>&nbsp;<\/p>\n<blockquote>\n<h2>LE CODOLE! MEZZO SECOLO DI ATTIVITA&#8217;, DOMENICA 29 OTTOBRE LA FESTA.<\/h2>\n<\/blockquote>\n<p><strong>CANALE D&#8217;AGORDO<\/strong> Tanti auguri Diego, Oscar, Livia, auguri a tutto lo staff, il ristorante Le Codole celebra il cinquantesimo, era il 1973 quando quattro sorelle: Alma, Gemma, Nella e Olga della famiglia &#8220;Codoi&#8221; decisero di aprire e investire sulla loro vita a Canale d&#8217;Agordo. Dal 1989 sono subentrati i figli di Olga: Diego, Livia e Oscar Tibolla. Per celebrare l&#8217;importante traguardo dei 50 anni di attivit\u00e0, domenica 29 ottobre, dalle 12 alle 17, ci sar\u00e0 un pranzo a buffet. I piatti saranno realizzati dagli chef Oscar, Marcelo, Moreno e Franco, e serviti da Livia, Valerio e Vanessa. I piatti saranno abbinati ad una selezione di vini scelti dal sommelier Oscar. <strong>Prenotazione \u00e8 obbligatoria, informazioni al numero 0437 590396.\u00a0\u2014<\/strong><\/p>\n<p>&nbsp;<\/p>\n<p>archivio 5 ottobre 2023<\/p>\n<blockquote>\n<h3>IL RISTORANTE &#8220;ALLE CODOLE&#8221; TRA I QUATTRO MIGLIORI RISTORANTI DEL BELLUNESE<\/h3>\n<\/blockquote>\n<p><strong><a class=\"dt-pswp-item\" href=\"https:\/\/www.radiopiu.net\/wordpress\/wp-content\/uploads\/2021\/11\/ALLE-CODOLE.jpg\" data-dt-img-description=\"\" data-large_image_width=\"550\" data-large_image_height=\"412\"><img loading=\"lazy\" decoding=\"async\" class=\" wp-image-244701 alignleft\" src=\"https:\/\/www.radiopiu.net\/wordpress\/wp-content\/uploads\/2021\/11\/ALLE-CODOLE-300x225.jpg\" alt=\"\" width=\"172\" height=\"129\" srcset=\"https:\/\/www.radiopiu.net\/wordpress\/wp-content\/uploads\/2021\/11\/ALLE-CODOLE-300x225.jpg 300w, https:\/\/www.radiopiu.net\/wordpress\/wp-content\/uploads\/2021\/11\/ALLE-CODOLE.jpg 550w\" sizes=\"auto, (max-width: 172px) 100vw, 172px\" \/><\/a>DI MARCO GAZ<\/strong><\/p>\n<p>Ospite: Diego Tibolla<\/p>\n<audio class=\"wp-audio-shortcode\" id=\"audio-357153-7\" preload=\"none\" style=\"width: 100%;\" controls=\"controls\"><source type=\"audio\/mpeg\" src=\"https:\/\/www.radiopiu.net\/wordpress\/wp-content\/uploads\/2023\/10\/DIEGO-LE-CODOLE-PREMIO-HORECA.mp3?_=7\" \/><a href=\"https:\/\/www.radiopiu.net\/wordpress\/wp-content\/uploads\/2023\/10\/DIEGO-LE-CODOLE-PREMIO-HORECA.mp3\">https:\/\/www.radiopiu.net\/wordpress\/wp-content\/uploads\/2023\/10\/DIEGO-LE-CODOLE-PREMIO-HORECA.mp3<\/a><\/audio>\n<p>&nbsp;<\/p>\n<p>&nbsp;<\/p>\n<p>&nbsp;<\/p>\n<p>&nbsp;<\/p>\n<hr \/>\n<p>&nbsp;<\/p>\n<p>&nbsp;<\/p>\n<blockquote>\n<h1>VOCI RIBELLI: CONVERSAZIONI SENZA FILTRI PER RAGAZZI AUDACI<\/h1>\n<\/blockquote>\n<p>&nbsp;<\/p>\n<p><a class=\"dt-pswp-item\" href=\"https:\/\/www.radiopiu.net\/wordpress\/wp-content\/uploads\/2023\/09\/ass.-dafne.png\" data-dt-img-description=\"\" data-large_image_width=\"225\" data-large_image_height=\"225\"><img loading=\"lazy\" decoding=\"async\" class=\" wp-image-352143 alignleft\" src=\"https:\/\/www.radiopiu.net\/wordpress\/wp-content\/uploads\/2023\/09\/ass.-dafne.png\" alt=\"\" width=\"137\" height=\"137\" srcset=\"https:\/\/www.radiopiu.net\/wordpress\/wp-content\/uploads\/2023\/09\/ass.-dafne.png 225w, https:\/\/www.radiopiu.net\/wordpress\/wp-content\/uploads\/2023\/09\/ass.-dafne-150x150.png 150w\" sizes=\"auto, (max-width: 137px) 100vw, 137px\" \/><\/a>Benvenuti a &#8220;VOCI RIBELLI: CONVERSAZIONI SENZA FILTRI PER RAGAZZI AUDACI,&#8221; il podcast che sfida gli stereotipi e apre la porta a conversazioni senza paura per i giovani coraggiosi. Questo podcast, prodotto dall&#8217;Associazione Dafne con la regia di Lorenzo Cassol, \u00e8 il luogo dove la voce dell&#8217;audacia incontra la sincerit\u00e0 pi\u00f9 profonda.<\/p>\n<p>&nbsp;<\/p>\n<p>&nbsp;<\/p>\n<p>&nbsp;<\/p>\n<p>SESTA PUNTATA<\/p>\n<audio class=\"wp-audio-shortcode\" id=\"audio-357153-8\" preload=\"none\" style=\"width: 100%;\" controls=\"controls\"><source type=\"audio\/mpeg\" src=\"https:\/\/www.radiopiu.net\/wordpress\/wp-content\/uploads\/2023\/09\/VR-2.mp3?_=8\" \/><a href=\"https:\/\/www.radiopiu.net\/wordpress\/wp-content\/uploads\/2023\/09\/VR-2.mp3\">https:\/\/www.radiopiu.net\/wordpress\/wp-content\/uploads\/2023\/09\/VR-2.mp3<\/a><\/audio>\n<p>&nbsp;<\/p>\n<p>LA RACCOLTA COMPLETA <span style=\"color: #0000ff;\"><strong><a style=\"color: #0000ff;\" href=\"https:\/\/www.radiopiu.net\/wordpress\/voci-ribelli-conversazioni-senza-filtri-per-ragazzi-audaci\/\">CLICCA QUI<\/a><\/strong><\/span><\/p>\n<p>&nbsp;<\/p>\n<hr \/>\n<p>&nbsp;<\/p>\n<p>&nbsp;<\/p>\n<blockquote>\n<h3>GLI APPUNTAMENTI CON LA PRO LOCO CASTIONESE<\/h3>\n<\/blockquote>\n<p><strong><a class=\"dt-pswp-item\" href=\"https:\/\/www.radiopiu.net\/wordpress\/wp-content\/uploads\/2023\/10\/346701070_1887980698246191_3053449750565893623_n.jpg\" data-dt-img-description=\"\" data-large_image_width=\"640\" data-large_image_height=\"640\"><img loading=\"lazy\" decoding=\"async\" class=\"wp-image-357159 alignleft\" src=\"https:\/\/www.radiopiu.net\/wordpress\/wp-content\/uploads\/2023\/10\/346701070_1887980698246191_3053449750565893623_n-300x300.jpg\" alt=\"\" width=\"175\" height=\"175\" srcset=\"https:\/\/www.radiopiu.net\/wordpress\/wp-content\/uploads\/2023\/10\/346701070_1887980698246191_3053449750565893623_n-300x300.jpg 300w, https:\/\/www.radiopiu.net\/wordpress\/wp-content\/uploads\/2023\/10\/346701070_1887980698246191_3053449750565893623_n-150x150.jpg 150w, https:\/\/www.radiopiu.net\/wordpress\/wp-content\/uploads\/2023\/10\/346701070_1887980698246191_3053449750565893623_n.jpg 640w\" sizes=\"auto, (max-width: 175px) 100vw, 175px\" \/><\/a>SABATO 21 OTTOBRE 2023\u00a0 &#8211; BELLUNO A FERRO E FUOCO <\/strong>Terza edizione per la rassegna &#8220;Veneto\u00a0 Spettacoli di Mistero&#8221; promossa dall&#8217;Unpli e sostenuta dalla Regione Veneto, denominata quest&#8217;anno &#8220;Belluno a ferro e fuoco&#8221;. Si parler\u00e0 di ferro, di fuoco, di spade, di santi protettori&#8230; tutto all&#8217;interno della magica cornice del centro storico di Belluno, Citt\u00e0 Splendente. Una passeggiata negli angoli pi\u00f9 suggestivi di Belluno, dove si potranno incontrare mangiafuoco, santi, fabbricanti di spade, dolci fanciulle, commercianti di spade&#8230;.Sette tappe, con partenza dalla meravigliosa Piazza Duomo e ritorno nella suggestiva Piazza delle Erbe dove insieme si potr\u00e0 degustare uno squisito banchetto. Ci saranno cinque gruppi che partiranno in orari diversi: 17.30, 17.50, 18.10, 18.30, 18.50. Durante il tragitto si potr\u00e0 sostare per degustare una prelibata bevanda&#8230; e molte altre sorpre se.<\/p>\n<p><strong>\u00a0AI MICROFONI DI RADIOPIU, IL PRESIDENTE DELLA PROLOCO PIEVE CASTIONESE MAURIZIO FONTANELLE<\/strong><\/p>\n<audio class=\"wp-audio-shortcode\" id=\"audio-357153-9\" preload=\"none\" style=\"width: 100%;\" controls=\"controls\"><source type=\"audio\/mpeg\" src=\"https:\/\/www.radiopiu.net\/wordpress\/wp-content\/uploads\/2023\/10\/MAURIZIO-FONTANELLE-NOTIZIARIO-ENTRO-IL-21-OTTOBRE.mp3?_=9\" \/><a href=\"https:\/\/www.radiopiu.net\/wordpress\/wp-content\/uploads\/2023\/10\/MAURIZIO-FONTANELLE-NOTIZIARIO-ENTRO-IL-21-OTTOBRE.mp3\">https:\/\/www.radiopiu.net\/wordpress\/wp-content\/uploads\/2023\/10\/MAURIZIO-FONTANELLE-NOTIZIARIO-ENTRO-IL-21-OTTOBRE.mp3<\/a><\/audio>\n<p><strong>\u00a0\u00a0<\/strong><\/p>\n<p>&nbsp;<\/p>\n<hr \/>\n<p>&nbsp;<\/p>\n<p>&nbsp;<\/p>\n<p><a class=\"dt-pswp-item\" href=\"https:\/\/www.radiopiu.net\/wordpress\/wp-content\/uploads\/2023\/10\/309000774_10222572118595513_7956305457803922499_n.jpg\" data-dt-img-description=\"\" data-large_image_width=\"206\" data-large_image_height=\"206\"><img loading=\"lazy\" decoding=\"async\" class=\"size-full wp-image-357183 alignleft\" src=\"https:\/\/www.radiopiu.net\/wordpress\/wp-content\/uploads\/2023\/10\/309000774_10222572118595513_7956305457803922499_n.jpg\" alt=\"\" width=\"206\" height=\"206\" srcset=\"https:\/\/www.radiopiu.net\/wordpress\/wp-content\/uploads\/2023\/10\/309000774_10222572118595513_7956305457803922499_n.jpg 206w, https:\/\/www.radiopiu.net\/wordpress\/wp-content\/uploads\/2023\/10\/309000774_10222572118595513_7956305457803922499_n-150x150.jpg 150w\" sizes=\"auto, (max-width: 206px) 100vw, 206px\" \/><\/a><\/p>\n<p><strong>\u00a0<\/strong><\/p>\n<p><strong>\u00a0<\/strong><\/p>\n<h1><strong>IERI OGGI E DOMANI, CON SILVIA BALDO\u00a0<\/strong><\/h1>\n<audio class=\"wp-audio-shortcode\" id=\"audio-357153-10\" preload=\"none\" style=\"width: 100%;\" controls=\"controls\"><source type=\"audio\/mpeg\" src=\"https:\/\/www.radiopiu.net\/wordpress\/wp-content\/uploads\/2023\/09\/SIBI-5.mp3?_=10\" \/><a href=\"https:\/\/www.radiopiu.net\/wordpress\/wp-content\/uploads\/2023\/09\/SIBI-5.mp3\">https:\/\/www.radiopiu.net\/wordpress\/wp-content\/uploads\/2023\/09\/SIBI-5.mp3<\/a><\/audio>\n<p>&nbsp;<\/p>\n<p>RACCOLTA COMPLETA <span style=\"color: #0000ff;\"><strong><a style=\"color: #0000ff;\" href=\"https:\/\/www.radiopiu.net\/wordpress\/alle-nove-oggi-come-ieri-di-e-con-silvia-baldo\/\">CLICCA QUI<\/a><\/strong><\/span><\/p>\n<p>&nbsp;<\/p>\n<hr \/>\n<p>&nbsp;<\/p>\n<h2><\/h2>\n<h2><span style=\"color: #008080;\">\u00a0&#8220;DINTORN E FORA VIA&#8221;\u00a0<\/span><span style=\"color: #008080;\"> IL PROGRAMMA\u00a0 <\/span><span style=\"color: #008080;\">A CURA DEL MUSLA\u00a0\u00a0<\/span><strong><span style=\"color: #ff0000;\">\u00a0\u00a0<\/span><\/strong><\/h2>\n<h1 style=\"text-align: center;\"><span style=\"color: #ff0000;\">SECONDO ANNO\u00a0<\/span><\/h1>\n<p><strong><a class=\"dt-pswp-item\" href=\"https:\/\/www.radiopiu.net\/wordpress\/wp-content\/uploads\/2023\/10\/WhatsApp-Image-2023-10-16-at-14.41.45.jpeg\" data-dt-img-description=\"\" data-large_image_width=\"957\" data-large_image_height=\"670\"><img loading=\"lazy\" decoding=\"async\" class=\"wp-image-357162 alignleft\" src=\"https:\/\/www.radiopiu.net\/wordpress\/wp-content\/uploads\/2023\/10\/WhatsApp-Image-2023-10-16-at-14.41.45-300x210.jpeg\" alt=\"\" width=\"174\" height=\"122\" srcset=\"https:\/\/www.radiopiu.net\/wordpress\/wp-content\/uploads\/2023\/10\/WhatsApp-Image-2023-10-16-at-14.41.45-300x210.jpeg 300w, https:\/\/www.radiopiu.net\/wordpress\/wp-content\/uploads\/2023\/10\/WhatsApp-Image-2023-10-16-at-14.41.45-768x538.jpeg 768w, https:\/\/www.radiopiu.net\/wordpress\/wp-content\/uploads\/2023\/10\/WhatsApp-Image-2023-10-16-at-14.41.45.jpeg 957w\" sizes=\"auto, (max-width: 174px) 100vw, 174px\" \/><\/a>PUNTATA 17 OTTOBRE NICOLA CASSISI\u00a0<\/strong><\/p>\n<audio class=\"wp-audio-shortcode\" id=\"audio-357153-11\" preload=\"none\" style=\"width: 100%;\" controls=\"controls\"><source type=\"audio\/mpeg\" src=\"https:\/\/www.radiopiu.net\/wordpress\/wp-content\/uploads\/2023\/10\/MUSLA-3.mp3?_=11\" \/><a href=\"https:\/\/www.radiopiu.net\/wordpress\/wp-content\/uploads\/2023\/10\/MUSLA-3.mp3\">https:\/\/www.radiopiu.net\/wordpress\/wp-content\/uploads\/2023\/10\/MUSLA-3.mp3<\/a><\/audio>\n<p>&nbsp;<\/p>\n<p>LA RACCOLTA COMPLETA<a href=\"https:\/\/www.radiopiu.net\/wordpress\/musla\/\"><span style=\"color: #0000ff;\"><strong> CLICCA QUI<\/strong><\/span><\/a><\/p>\n<p>&nbsp;<\/p>\n<hr \/>\n<p>&nbsp;<\/p>\n<h2><span style=\"color: #ff00ff;\">INTANTO ME LA CANTO<\/span><\/h2>\n<p><strong>REDAZIONE <\/strong>Quarto\u00a0appuntamento serale in compagnia di Marina Don\u00e0 e Luisa Alchini. Musica e tante chiacchiere dallo Studio 1 di Radio Pi\u00f9.<\/p>\n<p><strong>LA DIRETTA RADIO PIU&#8217;<\/strong><\/p>\n<p><iframe loading=\"lazy\" title=\"INTANTO ME LA CANTO, CON  LUISA ALCHINI E MARTINA DONA&#039;\" width=\"1200\" height=\"675\" src=\"https:\/\/www.youtube.com\/embed\/6rFjWx133RI?feature=oembed\" frameborder=\"0\" allow=\"accelerometer; autoplay; clipboard-write; encrypted-media; gyroscope; picture-in-picture; web-share\" allowfullscreen><\/iframe><\/p>\n<p>&nbsp;<\/p>\n<hr \/>\n<p>&nbsp;<\/p>\n<h2><span style=\"color: #ff0000;\">GLI APPUNTAMENTI DELLA SETTIMANA<\/span><\/h2>\n<blockquote>\n<h3>La Rassegna dei Cori Agordini<\/h3>\n<\/blockquote>\n<p><strong><a class=\"dt-pswp-item\" href=\"https:\/\/www.radiopiu.net\/wordpress\/wp-content\/uploads\/2023\/10\/th-11.jpg\" data-dt-img-description=\"\" data-large_image_width=\"334\" data-large_image_height=\"180\"><img loading=\"lazy\" decoding=\"async\" class=\"size-medium wp-image-356532 alignleft\" src=\"https:\/\/www.radiopiu.net\/wordpress\/wp-content\/uploads\/2023\/10\/th-11-300x162.jpg\" alt=\"\" width=\"300\" height=\"162\" srcset=\"https:\/\/www.radiopiu.net\/wordpress\/wp-content\/uploads\/2023\/10\/th-11-300x162.jpg 300w, https:\/\/www.radiopiu.net\/wordpress\/wp-content\/uploads\/2023\/10\/th-11.jpg 334w\" sizes=\"auto, (max-width: 300px) 100vw, 300px\" \/><\/a>FALCADE<\/strong> Domenica 22 ottobre alle 17 alla sala Dolomiti di Falcade 46a edizione della Rassegna dei cori Agordini. Un coro femminile, uno misto e tre maschili. Al Palafalcade si esibiranno il Coro Femminile Col di Lana, il Coro Alpino Monte Civetta, il Coro Agordo, Il Coro Fodom e il Coro Val Biois (FOTO) che curer\u00e0 l\u2019organizzazione della rassegna itinerante nelle localit\u00e0 dell\u2019Agordino sedi dei cori partecipanti. Quest\u2019anno dunque a Falcade. Con il ritorno del Coro Agordo dopo alcuni anni di assenza. I cori presenteranno il meglio del repertorio anche con brani inediti. La rassegna gode del patrocinio del Comune di Falcade e dell\u2019Unione Montana Agordina.<\/p>\n<p>&nbsp;<\/p>\n<p>&nbsp;<\/p>\n<p>&nbsp;<\/p>\n<blockquote>\n<h3>SERE D&#8217;AUTUNNO<\/h3>\n<p><em><strong><a class=\"dt-pswp-item\" href=\"https:\/\/www.radiopiu.net\/wordpress\/wp-content\/uploads\/2023\/09\/Senza-nome-75.png\" data-dt-img-description=\"\" data-large_image_width=\"478\" data-large_image_height=\"179\"><img loading=\"lazy\" decoding=\"async\" class=\"size-medium wp-image-354485 alignleft\" src=\"https:\/\/www.radiopiu.net\/wordpress\/wp-content\/uploads\/2023\/09\/Senza-nome-75-300x112.png\" alt=\"\" width=\"300\" height=\"112\" srcset=\"https:\/\/www.radiopiu.net\/wordpress\/wp-content\/uploads\/2023\/09\/Senza-nome-75-300x112.png 300w, https:\/\/www.radiopiu.net\/wordpress\/wp-content\/uploads\/2023\/09\/Senza-nome-75.png 478w\" sizes=\"auto, (max-width: 300px) 100vw, 300px\" \/><\/a>SERE D&#8217;AUTUNNO, SERATE DI INCONTRI, DIBATTITI, IMMAGINI FILMATI E MULTIVISIONI. AD AGORDO TUTTI I VENERDI DI OTTOBRE, IN SALA DON TAMIS ALLE 20.45, INGRESSO LIBERO. PRESENTA GIANPAOLO SORATROI.\u00a0<\/strong><\/em><\/p>\n<p>Interessante serie di incontri, dibattiti, proiezioni inerenti al mondo della montagna &#8211; ma non solo &#8211; che si svolgono tutti i venerd\u00ec di ottobre nella prestigiosa e capiente Sala don F. Tamis messaci a disposizione per l\u2019occasione dall\u2019Unione Montana Agordina. Nato nel 2007, quest\u2019anno, raggiunge la 15\u00b0 edizione; i temi trattati durante le serate sono diversi tra loro per offrire una visione della montagna a 360\u00b0. Questa edizione \u00e8 dedicata interamente alle donne con quattro ospiti femminili.<\/p><\/blockquote>\n<p><strong>VENERDI 20 OTTOBRE MARIKA FAE&#8217; &#8211; SPORT E MONTAGNA, SCELTA DI VITA Marika, maestra di sci e guida alpina<\/strong><\/p>\n<p>VENERDI 27 OTTOBRE ANGELIKA RAINER, SOGNI VERTICALI. arrampicando su fantasie divenute realt\u00e0<\/p>\n<p>&nbsp;<\/p>\n\n\t\t\t<style type='text\/css'>\n\t\t\t\t#gallery-3 {\n\t\t\t\t\tmargin: auto;\n\t\t\t\t}\n\t\t\t\t#gallery-3 .gallery-item {\n\t\t\t\t\tfloat: left;\n\t\t\t\t\tmargin-top: 10px;\n\t\t\t\t\ttext-align: center;\n\t\t\t\t\twidth: 25%;\n\t\t\t\t}\n\t\t\t\t#gallery-3 img {\n\t\t\t\t\tborder: 2px solid #cfcfcf;\n\t\t\t\t}\n\t\t\t\t#gallery-3 .gallery-caption {\n\t\t\t\t\tmargin-left: 0;\n\t\t\t\t}\n\t\t\t\t\/* see gallery_shortcode() in wp-includes\/media.php *\/\n\t\t\t<\/style>\n\t\t<div id='gallery-3' class='dt-gallery-container gallery galleryid-357153 gallery-columns-4 gallery-size-thumbnail'><dl class='gallery-item'>\n\t\t\t\t<dt class='gallery-icon landscape'>\n\t\t\t\t\t<a class=\"rollover rollover-zoom dt-pswp-item\" title=\"a0ebae4a-1ff5-49c1-97c5-41308fb17fa2\" data-dt-img-description=\"\" data-large_image_width=\"1600\" data-large_image_height=\"900\"href='https:\/\/www.radiopiu.net\/wordpress\/wp-content\/uploads\/2023\/10\/a0ebae4a-1ff5-49c1-97c5-41308fb17fa2.jpg'><img loading=\"lazy\" decoding=\"async\" width=\"150\" height=\"150\" src=\"https:\/\/www.radiopiu.net\/wordpress\/wp-content\/uploads\/2023\/10\/a0ebae4a-1ff5-49c1-97c5-41308fb17fa2-150x150.jpg\" class=\"attachment-thumbnail size-thumbnail\" alt=\"\" \/><\/a>\n\t\t\t\t<\/dt><\/dl><dl class='gallery-item'>\n\t\t\t\t<dt class='gallery-icon landscape'>\n\t\t\t\t\t<a class=\"rollover rollover-zoom dt-pswp-item\" title=\"7db63321-bfa8-4ff7-84d0-2b19d427304d\" data-dt-img-description=\"\" data-large_image_width=\"1600\" data-large_image_height=\"900\"href='https:\/\/www.radiopiu.net\/wordpress\/wp-content\/uploads\/2023\/10\/7db63321-bfa8-4ff7-84d0-2b19d427304d.jpg'><img loading=\"lazy\" decoding=\"async\" width=\"150\" height=\"150\" src=\"https:\/\/www.radiopiu.net\/wordpress\/wp-content\/uploads\/2023\/10\/7db63321-bfa8-4ff7-84d0-2b19d427304d-150x150.jpg\" class=\"attachment-thumbnail size-thumbnail\" alt=\"\" \/><\/a>\n\t\t\t\t<\/dt><\/dl><dl class='gallery-item'>\n\t\t\t\t<dt class='gallery-icon landscape'>\n\t\t\t\t\t<a class=\"rollover rollover-zoom dt-pswp-item\" title=\"cdf89a7a-e6f6-4211-941f-d514b7ebb02f\" data-dt-img-description=\"\" data-large_image_width=\"1600\" data-large_image_height=\"900\"href='https:\/\/www.radiopiu.net\/wordpress\/wp-content\/uploads\/2023\/10\/cdf89a7a-e6f6-4211-941f-d514b7ebb02f.jpg'><img loading=\"lazy\" decoding=\"async\" width=\"150\" height=\"150\" src=\"https:\/\/www.radiopiu.net\/wordpress\/wp-content\/uploads\/2023\/10\/cdf89a7a-e6f6-4211-941f-d514b7ebb02f-150x150.jpg\" class=\"attachment-thumbnail size-thumbnail\" alt=\"\" \/><\/a>\n\t\t\t\t<\/dt><\/dl><dl class='gallery-item'>\n\t\t\t\t<dt class='gallery-icon landscape'>\n\t\t\t\t\t<a class=\"rollover rollover-zoom dt-pswp-item\" title=\"Senza nome\" data-dt-img-description=\"\" data-large_image_width=\"522\" data-large_image_height=\"261\"href='https:\/\/www.radiopiu.net\/wordpress\/wp-content\/uploads\/2023\/10\/Senza-nome-32.png'><img loading=\"lazy\" decoding=\"async\" width=\"150\" height=\"150\" src=\"https:\/\/www.radiopiu.net\/wordpress\/wp-content\/uploads\/2023\/10\/Senza-nome-32-150x150.png\" class=\"attachment-thumbnail size-thumbnail\" alt=\"\" \/><\/a>\n\t\t\t\t<\/dt><\/dl><br style=\"clear: both\" \/>\n\t\t\t<\/div>\n\n<p>&nbsp;<\/p>\n<p>&nbsp;<\/p>\n<blockquote>\n<h3>LA MOSTRA ALLE SCUOLE GABELLI<\/h3>\n<\/blockquote>\n<p><strong>BELLUNO<\/strong> Il Comitato &#8220;Belluno, comunit\u00e0 che educa&#8221; presenta una mostra itinerante intitolata &#8220;Gianni e Pierino. La Scuola di lettera ad una professoressa&#8221; nelle Scuole Gabelli a Belluno dal 16 al 28 ottobre 2023. Questa mostra commemora il centenario della nascita di don Lorenzo Milani, il Maestro del secolo scorso, esplorando le voci e le immagini degli studenti della scuola di Barbiana. La mostra offre visite guidate e laboratori didattici al mattino, con orari di apertura al pubblico dal luned\u00ec al sabato dalle 15:00 alle 18:00.<\/p>\n<h3><\/h3>\n<blockquote>\n<h3>GLI APPUNTAMENTI CON LA PRO LOCO CASTIONESE<\/h3>\n<\/blockquote>\n<p><strong>DAL 28 OTTOBRE PER 5 APPUNTAMENTI &#8211; RASSEGNA TEATRALE CINQUE VIE\u00a0 &#8211; XIV EDIZIONE<\/strong><strong>, <\/strong><strong>TEATRO SAN GAETANO <\/strong>Cinque spettacoli, cinque percorsi emotivi, cinque vie diverse da attraversare e ad ogni via sentirsi pi\u00f9 \u201cricchi\u201d di prima. Alla XIV edizione &#8220;manteniamo la rotta&#8221; in direzione del teatro &#8220;scomodo&#8221;, per generare emozioni, confronti e riflessioni. 5 Vie tra i sogni di un grande alpinista, tra i pensieri nascosti e troppo spesso malati dei giovani, tra l&#8217;incantevole grazia di un mondo al femminile, tra la visione del male agli occhi di un&#8217;anima candida e tra le seducenti ma terribili azioni di una intramontabile Lady Macbeth.<\/p>\n<p>&nbsp;<\/p>\n<blockquote>\n<h3>GIORNATA DEI SOCI DELLA FAMIGLIA EX EMIGRANTI DELL&#8217;AGORDINO<\/h3>\n<\/blockquote>\n<p><strong>CENCENIGHE<\/strong> Domenica si celebra la giornata dei soci della Famiglia Ex Emigranti dell&#8217;Agordino. Alle 10 l&#8217;omaggio al monumento degli emigranti in piazza del Nof Fil\u00f2, alle 10:30 la santa messa e alle 11:30 nella sala consigliare di cencenighe la presentazione del libro di Flora Costa per poi trasferirsi all&#8217;Antica Trattoria Ristorante Pizzeria Pal\u00f9 per il pranzo. Prenotazioni al 339 2114469<\/p>\n<p>&nbsp;<\/p>\n<blockquote>\n<h3>IL GALA&#8217; BOLLICINA AL NOF FILO&#8217; DI CENCENIGHE<\/h3>\n<\/blockquote>\n<p>GALA&#8217; BOLLICINA, QUARTA EDIZIONE. DOMENICA 22 OTTOBRE DALLE 11 ALLE 17 AL NOF FILO&#8217; DI CENCENIGHE. OSPITE D&#8217;ONORE IL SOMMELIER PLURIPREMIATO, LUCA GARDINI, MIGLIOR SOMMELIER AL MONDO 2020 E OGGI AMBASCIATORE DEL METODO CLASSICO. UN EVENTO &#8220;OH PER BACCO, VINI E SAPORI DELLE DOLOMITI.<br \/>\nGALA&#8217; BOLLICINA, DOMENICA 22 OTTOBRE DALLE 11 ALLE 17 AL NOF FILO&#8217; DI CENCENIGHE: 80 BOLLICINE IN DEGUSTAZIONE, 60 AZIENDE PRESENTI, CICCHETTERIA OH PER BACCO, FINGER FOOD E CUCINA &#8220;COSTA&#8221; (o chiusa, come costicina). diretta su radio piu&#8217; E DALLE 17 ALL&#8217;OH PER BACCO AFTER PARTY CON MORGAN DJ info 348 2779135<\/p>\n<p>&nbsp;<\/p>\n<p><a class=\"dt-pswp-item\" href=\"https:\/\/www.radiopiu.net\/wordpress\/wp-content\/uploads\/2023\/09\/880aa720-47e8-48f2-a5b8-7382d84557b2.jpg\" data-dt-img-description=\"\" data-large_image_width=\"1080\" data-large_image_height=\"1533\"><img loading=\"lazy\" decoding=\"async\" class=\"size-medium wp-image-353010 aligncenter\" src=\"https:\/\/www.radiopiu.net\/wordpress\/wp-content\/uploads\/2023\/09\/880aa720-47e8-48f2-a5b8-7382d84557b2-211x300.jpg\" alt=\"\" width=\"211\" height=\"300\" srcset=\"https:\/\/www.radiopiu.net\/wordpress\/wp-content\/uploads\/2023\/09\/880aa720-47e8-48f2-a5b8-7382d84557b2-211x300.jpg 211w, https:\/\/www.radiopiu.net\/wordpress\/wp-content\/uploads\/2023\/09\/880aa720-47e8-48f2-a5b8-7382d84557b2-721x1024.jpg 721w, https:\/\/www.radiopiu.net\/wordpress\/wp-content\/uploads\/2023\/09\/880aa720-47e8-48f2-a5b8-7382d84557b2-768x1090.jpg 768w, https:\/\/www.radiopiu.net\/wordpress\/wp-content\/uploads\/2023\/09\/880aa720-47e8-48f2-a5b8-7382d84557b2.jpg 1080w\" sizes=\"auto, (max-width: 211px) 100vw, 211px\" \/><\/a><\/p>\n<p>&nbsp;<\/p>\n<h2><span style=\"color: #ff0000;\">PROSSIMAMENTE<\/span><\/h2>\n<blockquote>\n<h3>LA CENA DELLA CLASSE 1968<\/h3>\n<\/blockquote>\n<p><strong>FALCADE<\/strong> La Classe 1968 Agordino organizza per sabato 4 novembre alle 20 all&#8217;Hotel Cristal di Falcade la mitica cena!!! Tutti i Coscritti dell&#8217;Agordino sono invitati!!! Musica con DJ e dalle ore 24 aperto a tutti!!! Per info e prenotazioni chiama l&#8217;Hotel Cristal allo 0437 507356 entro luned\u00ec 30 ottobre. \u2026.1968&#8230;. UN&#8217;ANNATA SPECIALE!!!!<\/p>\n<p>&nbsp;<\/p>\n<p>&nbsp;<\/p>\n<hr \/>\n<p>&nbsp;<\/p>\n<p>&nbsp;<\/p>\n<blockquote>\n<h3>BRINDISI E RIVOLUZIONE VINICOLA, parola di gianluca<\/h3>\n<\/blockquote>\n<p><a class=\"dt-pswp-item\" href=\"https:\/\/www.radiopiu.net\/wordpress\/wp-content\/uploads\/2023\/10\/316996290_6308504679212784_7959882496804978513_n.jpg\" data-dt-img-description=\"\" data-large_image_width=\"398\" data-large_image_height=\"398\"><img loading=\"lazy\" decoding=\"async\" class=\"wp-image-355194 alignleft\" src=\"https:\/\/www.radiopiu.net\/wordpress\/wp-content\/uploads\/2023\/10\/316996290_6308504679212784_7959882496804978513_n-300x300.jpg\" alt=\"\" width=\"164\" height=\"164\" srcset=\"https:\/\/www.radiopiu.net\/wordpress\/wp-content\/uploads\/2023\/10\/316996290_6308504679212784_7959882496804978513_n-300x300.jpg 300w, https:\/\/www.radiopiu.net\/wordpress\/wp-content\/uploads\/2023\/10\/316996290_6308504679212784_7959882496804978513_n-150x150.jpg 150w, https:\/\/www.radiopiu.net\/wordpress\/wp-content\/uploads\/2023\/10\/316996290_6308504679212784_7959882496804978513_n.jpg 398w\" sizes=\"auto, (max-width: 164px) 100vw, 164px\" \/><\/a>REDAZIONE Le ultime novit\u00e0 da Dolomiti Wine e Beer o pi\u00f9 semplicemente &#8230; da napi a Taibon Agordino. Il punto vendita anche con banco salumi e ogni giorno pane fresco. Birre e vini delle migliori marche&#8230;.<\/p>\n<p><strong>PAROLA DI GIANLUCA&#8230; AUDIO<\/strong><\/p>\n<p>&nbsp;<\/p>\n<p>&nbsp;<\/p>\n<p>&nbsp;<\/p>\n<audio class=\"wp-audio-shortcode\" id=\"audio-357153-12\" preload=\"none\" style=\"width: 100%;\" controls=\"controls\"><source type=\"audio\/mpeg\" src=\"https:\/\/www.radiopiu.net\/wordpress\/wp-content\/uploads\/2023\/10\/GIANLUCA-MARTEDI.mp3?_=12\" \/><a href=\"https:\/\/www.radiopiu.net\/wordpress\/wp-content\/uploads\/2023\/10\/GIANLUCA-MARTEDI.mp3\">https:\/\/www.radiopiu.net\/wordpress\/wp-content\/uploads\/2023\/10\/GIANLUCA-MARTEDI.mp3<\/a><\/audio>\n<p>&nbsp;<\/p>\n<p>&nbsp;<\/p>\n<hr \/>\n<p>&nbsp;<\/p>\n<blockquote>\n<h3>IERI SERA ALLA RADIO&#8230; DI SERA COME TANTO TEMPO FA&#8230;<\/h3>\n<\/blockquote>\n<p><iframe loading=\"lazy\" title=\"INTANTO ME LA CANTO, CON  LUISA ALCHINI E MARTINA DONA&#039;\" width=\"1200\" height=\"675\" src=\"https:\/\/www.youtube.com\/embed\/6rFjWx133RI?start=8267&#038;feature=oembed\" frameborder=\"0\" allow=\"accelerometer; autoplay; clipboard-write; encrypted-media; gyroscope; picture-in-picture; web-share\" allowfullscreen><\/iframe><\/p>\n<p>&nbsp;<\/p>\n<hr \/>\n<p>&nbsp;<\/p>\n<blockquote>\n<h3>GIESSE PER LO SPORT&#8230; CON LA CANOTTIERI BELLUNO CALCIO A 5<\/h3>\n<\/blockquote>\n<p>&nbsp;<\/p>\n<div class=\"xdj266r x11i5rnm xat24cr x1mh8g0r x1vvkbs x126k92a\">\n<div dir=\"auto\">&#8230;. STA PER INIZIARE&#8230;. SULLE TRE RADIO RADIO CLUB 103 &#8211; <a class=\"x1i10hfl xjbqb8w x6umtig x1b1mbwd xaqea5y xav7gou x9f619 x1ypdohk xt0psk2 xe8uvvx xdj266r x11i5rnm xat24cr x1mh8g0r xexx8yu x4uap5 x18d9i69 xkhd6sd x16tdsg8 x1hl2dhg xggy1nq x1a2a7pz xt0b8zv x1qq9wsj xo1l8bm\" tabindex=\"0\" role=\"link\" href=\"https:\/\/www.facebook.com\/groups\/radiopiu\/?__cft__[0]=AZVtB3sskZBwGsu89zeRk9eNMGUFohz53TdYmXZyePAKPt8cBeKCqA03znGJk9wPaqHDXQ5yMBG_hrsUX03xH8fdmlMazTirW3KRFEY3Kr2cyBd_5Es2MvKnqyd6ZcahL6_M_zOo19o5N5tV8NHsHcfP&amp;__tn__=-UK-R\"><span class=\"xt0psk2\">RADIO PIU&#8217; EMITTENTE AGORDINA (Taibon_32027)<\/span><\/a> &#8211; RADIO <a class=\"x1i10hfl xjbqb8w x6umtig x1b1mbwd xaqea5y xav7gou x9f619 x1ypdohk xt0psk2 xe8uvvx xdj266r x11i5rnm xat24cr x1mh8g0r xexx8yu x4uap5 x18d9i69 xkhd6sd x16tdsg8 x1hl2dhg xggy1nq x1a2a7pz xt0b8zv x1qq9wsj xo1l8bm\" tabindex=\"0\" role=\"link\" href=\"https:\/\/www.facebook.com\/Primiero-314476745344299\/?__cft__[0]=AZVtB3sskZBwGsu89zeRk9eNMGUFohz53TdYmXZyePAKPt8cBeKCqA03znGJk9wPaqHDXQ5yMBG_hrsUX03xH8fdmlMazTirW3KRFEY3Kr2cyBd_5Es2MvKnqyd6ZcahL6_M_zOo19o5N5tV8NHsHcfP&amp;__tn__=kK-R\"><span class=\"xt0psk2\">Primiero<\/span><\/a> &#8230;. DA LUNEDI! SULLE TRE RADIO&#8230; UN&#8217;UNICA VOCE NELLE DOLOMITI DA CORTINA A TRENTO.<\/div>\n<\/div>\n<div class=\"x11i5rnm xat24cr x1mh8g0r x1vvkbs xtlvy1s x126k92a\">\n<div dir=\"auto\"><\/div>\n<div dir=\"auto\">GIESSE PER LO SPORT&#8221; &#8230; con la Canottieri Belluno, calcio a 5. Tutto sul campionato di serie A2, girone A. Il programma alla RADIO che da ascolto ai talenti del calcio a 5 bellunese. IN COLLABORAZIONE CON GIESSE RISARCIMENTO DANNI A BELLUNO<\/div>\n<\/div>\n<div class=\"x11i5rnm xat24cr x1mh8g0r x1vvkbs xtlvy1s x126k92a\">\n<div dir=\"auto\"><\/div>\n<div dir=\"auto\"><a class=\"x1i10hfl xjbqb8w x6umtig x1b1mbwd xaqea5y xav7gou x9f619 x1ypdohk xt0psk2 xe8uvvx xdj266r x11i5rnm xat24cr x1mh8g0r xexx8yu x4uap5 x18d9i69 xkhd6sd x16tdsg8 x1hl2dhg xggy1nq x1a2a7pz xt0b8zv x1qq9wsj xo1l8bm\" tabindex=\"0\" role=\"link\" href=\"https:\/\/www.facebook.com\/groups\/radiopiu\/?__cft__[0]=AZVtB3sskZBwGsu89zeRk9eNMGUFohz53TdYmXZyePAKPt8cBeKCqA03znGJk9wPaqHDXQ5yMBG_hrsUX03xH8fdmlMazTirW3KRFEY3Kr2cyBd_5Es2MvKnqyd6ZcahL6_M_zOo19o5N5tV8NHsHcfP&amp;__tn__=-UK-R\"><span class=\"xt0psk2\">RADIO PIU&#8217; EMITTENTE AGORDINA (Taibon_32027)<\/span><\/a>: IL LUNEDI ALLE 16.30, IL MARTEDI ALLE 13.05<\/div>\n<div dir=\"auto\">RADIO CLUB 103 IL LUNEDI ALLE 16.20 E MARTEDI ALLE 13.40<\/div>\n<div dir=\"auto\"><a class=\"x1i10hfl xjbqb8w x6umtig x1b1mbwd xaqea5y xav7gou x9f619 x1ypdohk xt0psk2 xe8uvvx xdj266r x11i5rnm xat24cr x1mh8g0r xexx8yu x4uap5 x18d9i69 xkhd6sd x16tdsg8 x1hl2dhg xggy1nq x1a2a7pz xt0b8zv x1qq9wsj xo1l8bm\" tabindex=\"0\" role=\"link\" href=\"https:\/\/www.facebook.com\/groups\/61488111720\/user\/100063652837062\/?__cft__[0]=AZVtB3sskZBwGsu89zeRk9eNMGUFohz53TdYmXZyePAKPt8cBeKCqA03znGJk9wPaqHDXQ5yMBG_hrsUX03xH8fdmlMazTirW3KRFEY3Kr2cyBd_5Es2MvKnqyd6ZcahL6_M_zOo19o5N5tV8NHsHcfP&amp;__tn__=-]K-R\"><span class=\"xt0psk2\">Radio Primiero<\/span><\/a> IL LUNEDI ALLE 10.30 E MARTEDI ALLE 12.30<\/div>\n<div dir=\"auto\">\n\n\t\t\t<style type='text\/css'>\n\t\t\t\t#gallery-4 {\n\t\t\t\t\tmargin: auto;\n\t\t\t\t}\n\t\t\t\t#gallery-4 .gallery-item {\n\t\t\t\t\tfloat: left;\n\t\t\t\t\tmargin-top: 10px;\n\t\t\t\t\ttext-align: center;\n\t\t\t\t\twidth: 33%;\n\t\t\t\t}\n\t\t\t\t#gallery-4 img {\n\t\t\t\t\tborder: 2px solid #cfcfcf;\n\t\t\t\t}\n\t\t\t\t#gallery-4 .gallery-caption {\n\t\t\t\t\tmargin-left: 0;\n\t\t\t\t}\n\t\t\t\t\/* see gallery_shortcode() in wp-includes\/media.php *\/\n\t\t\t<\/style>\n\t\t<div id='gallery-4' class='dt-gallery-container gallery galleryid-357153 gallery-columns-3 gallery-size-medium'><dl class='gallery-item'>\n\t\t\t\t<dt class='gallery-icon landscape'>\n\t\t\t\t\t<a class=\"rollover rollover-zoom dt-pswp-item\" title=\"th\" data-dt-img-description=\"\" data-large_image_width=\"270\" data-large_image_height=\"180\"href='https:\/\/www.radiopiu.net\/wordpress\/wp-content\/uploads\/2023\/10\/th-17.jpg'><img loading=\"lazy\" decoding=\"async\" width=\"270\" height=\"180\" src=\"https:\/\/www.radiopiu.net\/wordpress\/wp-content\/uploads\/2023\/10\/th-17.jpg\" class=\"attachment-medium size-medium\" alt=\"\" \/><\/a>\n\t\t\t\t<\/dt><\/dl><dl class='gallery-item'>\n\t\t\t\t<dt class='gallery-icon portrait'>\n\t\t\t\t\t<a class=\"rollover rollover-zoom dt-pswp-item\" title=\"Sensza nome\" data-dt-img-description=\"\" data-large_image_width=\"524\" data-large_image_height=\"697\"href='https:\/\/www.radiopiu.net\/wordpress\/wp-content\/uploads\/2023\/10\/Sensza-nome.png'><img loading=\"lazy\" decoding=\"async\" width=\"226\" height=\"300\" src=\"https:\/\/www.radiopiu.net\/wordpress\/wp-content\/uploads\/2023\/10\/Sensza-nome-226x300.png\" class=\"attachment-medium size-medium\" alt=\"\" srcset=\"https:\/\/www.radiopiu.net\/wordpress\/wp-content\/uploads\/2023\/10\/Sensza-nome-226x300.png 226w, https:\/\/www.radiopiu.net\/wordpress\/wp-content\/uploads\/2023\/10\/Sensza-nome.png 524w\" sizes=\"auto, (max-width: 226px) 100vw, 226px\" \/><\/a>\n\t\t\t\t<\/dt><\/dl><dl class='gallery-item'>\n\t\t\t\t<dt class='gallery-icon portrait'>\n\t\t\t\t\t<a class=\"rollover rollover-zoom dt-pswp-item\" title=\"Senza nome\" data-dt-img-description=\"\" data-large_image_width=\"522\" data-large_image_height=\"750\"href='https:\/\/www.radiopiu.net\/wordpress\/wp-content\/uploads\/2023\/10\/Senza-nome-41.png'><img loading=\"lazy\" decoding=\"async\" width=\"209\" height=\"300\" src=\"https:\/\/www.radiopiu.net\/wordpress\/wp-content\/uploads\/2023\/10\/Senza-nome-41-209x300.png\" class=\"attachment-medium size-medium\" alt=\"\" srcset=\"https:\/\/www.radiopiu.net\/wordpress\/wp-content\/uploads\/2023\/10\/Senza-nome-41-209x300.png 209w, https:\/\/www.radiopiu.net\/wordpress\/wp-content\/uploads\/2023\/10\/Senza-nome-41.png 522w\" sizes=\"auto, (max-width: 209px) 100vw, 209px\" \/><\/a>\n\t\t\t\t<\/dt><\/dl><br style=\"clear: both\" \/>\n\t\t\t<\/div>\n\n<hr \/>\n<hr \/>\n<\/div>\n<\/div>\n<hr \/>\n<hr \/>\n<hr \/>\n<hr \/>\n<hr \/>\n<p>&nbsp;<\/p>\n<div class=\"message spoilers-container\" dir=\"auto\">\n<div class=\"column\">\n<div class=\"message spoilers-container\" dir=\"auto\">\n<div class=\"column\">\n<p><img loading=\"lazy\" decoding=\"async\" class=\"aligncenter wp-image-61954 size-full\" src=\"https:\/\/www.radiopiu.net\/wordpress\/wp-content\/uploads\/2018\/09\/viabilita.jpeg\" sizes=\"auto, (max-width: 800px) 100vw, 800px\" srcset=\"https:\/\/www.radiopiu.net\/wordpress\/wp-content\/uploads\/2018\/09\/viabilita.jpeg 800w, https:\/\/www.radiopiu.net\/wordpress\/wp-content\/uploads\/2018\/09\/viabilita-300x38.jpeg 300w, https:\/\/www.radiopiu.net\/wordpress\/wp-content\/uploads\/2018\/09\/viabilita-768x96.jpeg 768w\" alt=\"\" width=\"800\" height=\"100\" \/><\/p>\n<\/div>\n<\/div>\n<div class=\"message spoilers-container\" dir=\"auto\">\n<div class=\"column\">\n<p>&nbsp;<\/p>\n<\/div>\n<\/div>\n<\/div>\n<\/div>\n<blockquote class=\"wp-embedded-content\" data-secret=\"MoGtsbeOyz\"><p><a href=\"https:\/\/www.radiopiu.net\/wordpress\/viabilita\/\">viabilita<\/a><\/p><\/blockquote>\n<p><iframe loading=\"lazy\" class=\"wp-embedded-content\" sandbox=\"allow-scripts\" security=\"restricted\" style=\"position: absolute; clip: rect(1px, 1px, 1px, 1px);\" title=\"&#8220;viabilita&#8221; &#8212; Radio Pi\u00f9\" src=\"https:\/\/www.radiopiu.net\/wordpress\/viabilita\/embed\/#?secret=9vRoGSGYOf#?secret=MoGtsbeOyz\" data-secret=\"MoGtsbeOyz\" width=\"600\" height=\"338\" frameborder=\"0\" marginwidth=\"0\" marginheight=\"0\" scrolling=\"no\"><\/iframe><\/p>\n<div class=\"message spoilers-container\" dir=\"auto\">\n<div class=\"column\">\n<div class=\"message spoilers-container\" dir=\"auto\">\n<div class=\"column\">\n<div>\n<div dir=\"ltr\">\n<div class=\"gmail_quote\">\n<div dir=\"ltr\">\n<div><\/div>\n<div><\/div>\n<div><\/div>\n<\/div>\n<\/div>\n<\/div>\n<\/div>\n<hr \/>\n<p>&nbsp;<\/p>\n<p><a class=\"dt-pswp-item\" href=\"https:\/\/www.radiopiu.net\/wordpress\/wp-content\/uploads\/2018\/09\/WhatsApp-Image-2018-09-20-at-16.04.06.jpeg\" data-dt-img-description=\"\" data-large_image_width=\"800\" data-large_image_height=\"100\"><img loading=\"lazy\" decoding=\"async\" class=\"wp-image-61378 size-full aligncenter\" src=\"https:\/\/www.radiopiu.net\/wordpress\/wp-content\/uploads\/2018\/09\/WhatsApp-Image-2018-09-20-at-16.04.06.jpeg\" alt=\"\" width=\"800\" height=\"100\" srcset=\"https:\/\/www.radiopiu.net\/wordpress\/wp-content\/uploads\/2018\/09\/WhatsApp-Image-2018-09-20-at-16.04.06.jpeg 800w, https:\/\/www.radiopiu.net\/wordpress\/wp-content\/uploads\/2018\/09\/WhatsApp-Image-2018-09-20-at-16.04.06-300x38.jpeg 300w, https:\/\/www.radiopiu.net\/wordpress\/wp-content\/uploads\/2018\/09\/WhatsApp-Image-2018-09-20-at-16.04.06-768x96.jpeg 768w\" sizes=\"auto, (max-width: 800px) 100vw, 800px\" \/><\/a><\/p>\n<\/div>\n<\/div>\n<p>&nbsp;<\/p>\n<\/div>\n<\/div>\n<div id=\"dolomitimeteo_div_testi\">\n<p style=\"text-align: center;\"><strong>OGGI<\/strong><\/p>\n<p>A inizio giornata sole e cielo velati da sottili nubi alte, poi infittirsi della nuvolosit\u00e0 alta e medio-alta stratiforme fino a cielo molto nuvoloso\/coperto, ma senza fenomeni.<br \/>\n<strong>Precipitazioni.<\/strong> Assenti, salvo qualche sporadico pioviggina pomeridiana su alcuni settori prealpini al pomeriggio<br \/>\n<strong>Temperature.<\/strong> Minime in lieve o contenuto aumento, massime senza variazioni di rilievo nelle valli e in lieve ripresa sulle cime pi\u00f9 alte, su valori prossimi alla norma.<\/p>\n<p style=\"text-align: center;\"><strong>DOMANI<\/strong><\/p>\n<p>Maggiore nuvolosit\u00e0 rispetto a mercoled\u00ec, la quale tender\u00e0 ad intensificarsi gradualmente nel corso della giornata, risultando compatta e intensa ovunque, anche per nubi basse. In questo contesto molto uggioso, il tempo tender\u00e0 a peggiorare, dapprima sulle Prealpi occidentale, gi\u00e0 in mattinata, poi si estender\u00e0 lentamente verso nord fino a interessare le Dolomiti, in maniera marginale i settori pi\u00f9 settentrionali.<br \/>\n<strong>Precipitazioni.<\/strong> Incremento della probabilit\u00e0 da medio-bassa sulla fascia prealpina al mattino a alta al pomeriggio, lo stesso avverr\u00e0 sulle Dolomiti, ma con un certo ritardo rispetto alle Prealpi.<br \/>\n<strong>Temperature.<\/strong> Senza notevoli variazioni, salvo locali lievi flessioni per maggiore deficit di sole.<\/p>\n<p style=\"text-align: center;\"><b>VENERDI <\/b><\/p>\n<p>Moderato maltempo, a tratti spiccato, con cielo molto nuvoloso o coperto associato a precipitazioni diffuse di moderata intensit\u00e0. Non escluso fenomeni a carattere di rovescio, anche temporalesco. Temperature in leggera flessione per la situazione di tempo perturbata, salvo aumento delle minime nelle valli.<\/p>\n<p style=\"text-align: center;\"><strong>SABATO<\/strong><\/p>\n<p>Maltempo nottetempo, mentre le stesse condizioni si attenueranno dal primo mattino in poi, lasciando spazio a una certa variabilit\u00e0 con molte nubi e qualche rovescio intermittente. Lieve calo termico, ma con valori ancora superiori alla media del periodo, specie le minime.<\/p>\n<\/div>\n<p>&nbsp;<\/p>\n<div class=\"message spoilers-container\" dir=\"auto\">\n<hr \/>\n<p>&nbsp;<\/p>\n<p><img loading=\"lazy\" decoding=\"async\" class=\"wp-image-60761 size-full aligncenter\" src=\"https:\/\/www.radiopiu.net\/wordpress\/wp-content\/uploads\/2018\/09\/sport.jpg\" alt=\"\" width=\"800\" height=\"100\" srcset=\"https:\/\/www.radiopiu.net\/wordpress\/wp-content\/uploads\/2018\/09\/sport.jpg 800w, https:\/\/www.radiopiu.net\/wordpress\/wp-content\/uploads\/2018\/09\/sport-300x38.jpg 300w, https:\/\/www.radiopiu.net\/wordpress\/wp-content\/uploads\/2018\/09\/sport-768x96.jpg 768w\" sizes=\"auto, (max-width: 800px) 100vw, 800px\" \/><\/p>\n<p>&nbsp;<\/p>\n<p><span style=\"color: #0000ff;\"><strong>CALCIO<\/strong><\/span><\/p>\n<blockquote>\n<h3>IL PUNTO SUL FINE SETTIMANA DELL&#8217;AGORDINA CALCIO<\/h3>\n<\/blockquote>\n<p><strong><a class=\"dt-pswp-item\" href=\"https:\/\/www.radiopiu.net\/wordpress\/wp-content\/uploads\/2019\/09\/AGORDINA-CALCIO.jpeg\" data-dt-img-description=\"\" data-large_image_width=\"225\" data-large_image_height=\"225\"><img loading=\"lazy\" decoding=\"async\" class=\" wp-image-97575 alignleft\" src=\"https:\/\/www.radiopiu.net\/wordpress\/wp-content\/uploads\/2019\/09\/AGORDINA-CALCIO.jpeg\" alt=\"\" width=\"151\" height=\"151\" srcset=\"https:\/\/www.radiopiu.net\/wordpress\/wp-content\/uploads\/2019\/09\/AGORDINA-CALCIO.jpeg 225w, https:\/\/www.radiopiu.net\/wordpress\/wp-content\/uploads\/2019\/09\/AGORDINA-CALCIO-150x150.jpeg 150w\" sizes=\"auto, (max-width: 151px) 100vw, 151px\" \/><\/a>di Marco Gaz<\/strong><\/p>\n<p><strong>REDAZIONE<\/strong> Un fine settimana di alti e bassi per l&#8217;Agordina Calcio. La compagine di Agordo chiude il weekend con due sconfitte e tre vittorie. Partendo dalle note dolenti, \u00e8 arrivato il primo passo falso per la prima squadra allenata da Elvio Chiea che all&#8217;Ivano Dorigo di Agordo non \u00e8 riuscita ad incamerare punti con il San Vittore. I feltrini, con il minimo sforzo, hanno strappato i tre punti dopo una partita che ha visto gli agordini scendere in campo con la testa giusta solo nel secondo tempo. Sconfitta anche per la squadra B della categoria giovanissimi che ha fatto ritorno da Limana con una sconfitta pesante per 9 a 0. Passando alle note positive da segnalare l&#8217;ottimo inizio di stagione della Juniores che ha messo a referto l&#8217;ennesima vittoria nel campionato delle provincie di Belluno e Treviso. Prima posizione per i giovani allenati da De Zaiacomo che fino ad ora hanno sempre vinto. Buona anche la prestazione degli Allievi di Orzetti che tornano dalla trasferta in terra feltrina con il bottino pieno e quattro gol rifilati alla Dynamo Vellai. Poker anche della squadra A nel campionato Giovanissimi che sul campo di Cencenighe ha atterrato la LG Valbelluna.<\/p>\n<p>&nbsp;<\/p>\n<\/div>\n","protected":false},"excerpt":{"rendered":"<p>40esimo di RADIOPIU\u2026. LA VOCE DELL\u2019EMOZIONE ISCRIVITI AL NOSTRO CANALE\u00a0\u00a0YOUTUBE PER SEGUIRE IN DIRETTA I PRINCIPALI PROGRAMMI DI RADIO PIU\u2019 E LE FUTURE DIRETTE IN ESTERNA. PER ISCRIVERTI\u00a0CLICCA QUI\u00a0E PREMI\u00a0 \u201cIscriviti\u201d\u00a0\u00a0\u00a0 &nbsp; &nbsp; LA FOTO DEL GIORNO, IERI AD AGORDO&#8230; DI Alain Dotta dalla maestra Leila Zax Friz: oggi 18 ottobre \u00e8 San Luca&#8230; il&hellip;<\/p>\n","protected":false},"author":4,"featured_media":357259,"comment_status":"closed","ping_status":"closed","sticky":false,"template":"","format":"standard","meta":{"_monsterinsights_skip_tracking":false,"_monsterinsights_sitenote_active":false,"_monsterinsights_sitenote_note":"","_monsterinsights_sitenote_category":0,"footnotes":""},"categories":[51,86,49],"tags":[],"class_list":["post-357153","post","type-post","status-publish","format-standard","has-post-thumbnail","hentry","category-evidenza-top","category-gr","category-news-18","category-51","category-86","category-49","description-off"],"img_url":"https:\/\/www.radiopiu.net\/wordpress\/wp-content\/uploads\/2023\/10\/Senza-nome-43.png","_links":{"self":[{"href":"https:\/\/www.radiopiu.net\/wordpress\/wp-json\/wp\/v2\/posts\/357153","targetHints":{"allow":["GET"]}}],"collection":[{"href":"https:\/\/www.radiopiu.net\/wordpress\/wp-json\/wp\/v2\/posts"}],"about":[{"href":"https:\/\/www.radiopiu.net\/wordpress\/wp-json\/wp\/v2\/types\/post"}],"author":[{"embeddable":true,"href":"https:\/\/www.radiopiu.net\/wordpress\/wp-json\/wp\/v2\/users\/4"}],"replies":[{"embeddable":true,"href":"https:\/\/www.radiopiu.net\/wordpress\/wp-json\/wp\/v2\/comments?post=357153"}],"version-history":[{"count":0,"href":"https:\/\/www.radiopiu.net\/wordpress\/wp-json\/wp\/v2\/posts\/357153\/revisions"}],"wp:featuredmedia":[{"embeddable":true,"href":"https:\/\/www.radiopiu.net\/wordpress\/wp-json\/wp\/v2\/media\/357259"}],"wp:attachment":[{"href":"https:\/\/www.radiopiu.net\/wordpress\/wp-json\/wp\/v2\/media?parent=357153"}],"wp:term":[{"taxonomy":"category","embeddable":true,"href":"https:\/\/www.radiopiu.net\/wordpress\/wp-json\/wp\/v2\/categories?post=357153"},{"taxonomy":"post_tag","embeddable":true,"href":"https:\/\/www.radiopiu.net\/wordpress\/wp-json\/wp\/v2\/tags?post=357153"}],"curies":[{"name":"wp","href":"https:\/\/api.w.org\/{rel}","templated":true}]}}