{"id":357189,"date":"2023-10-18T06:16:35","date_gmt":"2023-10-18T04:16:35","guid":{"rendered":"https:\/\/www.radiopiu.net\/wordpress\/?p=357189"},"modified":"2023-10-18T06:27:01","modified_gmt":"2023-10-18T04:27:01","slug":"al-via-la-distribuzione-del-carrello-della-spesa-per-le-maestranze-di-essilorluxottica","status":"publish","type":"post","link":"https:\/\/www.radiopiu.net\/wordpress\/al-via-la-distribuzione-del-carrello-della-spesa-per-le-maestranze-di-essilorluxottica\/","title":{"rendered":"AL VIA LA DISTRIBUZIONE DEL CARRELLO DELLA SPESA PER LE MAESTRANZE DI ESSILORLUXOTTICA"},"content":{"rendered":"<p><strong><a class=\"dt-pswp-item\" href=\"https:\/\/www.radiopiu.net\/wordpress\/wp-content\/uploads\/2021\/12\/LUXOTTICA-FRAMONT.jpg\" data-dt-img-description=\"\" data-large_image_width=\"2048\" data-large_image_height=\"1536\"><img loading=\"lazy\" decoding=\"async\" class=\" wp-image-246066 alignleft\" src=\"https:\/\/www.radiopiu.net\/wordpress\/wp-content\/uploads\/2021\/12\/LUXOTTICA-FRAMONT-300x225.jpg\" alt=\"\" width=\"156\" height=\"117\" srcset=\"https:\/\/www.radiopiu.net\/wordpress\/wp-content\/uploads\/2021\/12\/LUXOTTICA-FRAMONT-300x225.jpg 300w, https:\/\/www.radiopiu.net\/wordpress\/wp-content\/uploads\/2021\/12\/LUXOTTICA-FRAMONT-1024x768.jpg 1024w, https:\/\/www.radiopiu.net\/wordpress\/wp-content\/uploads\/2021\/12\/LUXOTTICA-FRAMONT-768x576.jpg 768w, https:\/\/www.radiopiu.net\/wordpress\/wp-content\/uploads\/2021\/12\/LUXOTTICA-FRAMONT-1536x1152.jpg 1536w, https:\/\/www.radiopiu.net\/wordpress\/wp-content\/uploads\/2021\/12\/LUXOTTICA-FRAMONT.jpg 2048w\" sizes=\"auto, (max-width: 156px) 100vw, 156px\" \/><\/a>AGORDO<\/strong> A partire da domani tutte le maestranze del gruppo EssilorLuxottica potranno prenotare il ritiro del Carrello Della Spesa presso i supermercati convenzionati. La prenotazione si potr\u00e0 effettuare online e il ritiro del pacco spesa inizier\u00e0 dal 23 ottobre. L&#8217;interessato potr\u00e0 scegliere giorno ed orario del ritiro della spesa in base alla disponibilit\u00e0 presente sul portale aziendale. Intanto la RSU nelle ultime ore ha avuto un incontro con l&#8217;azienda per definire il calendario ferie per il periodo natalizio e nei prossimi giorni sar\u00e0 compito delle sigle sindacali comunicarlo alle maestranze.<\/p>\n<p>&nbsp;<\/p>\n<p>&nbsp;<\/p>\n<p>*********<\/p>\n","protected":false},"excerpt":{"rendered":"<p>AGORDO A partire da domani tutte le maestranze del gruppo EssilorLuxottica potranno prenotare il ritiro del Carrello Della Spesa presso i supermercati convenzionati. La prenotazione si potr\u00e0 effettuare online e il ritiro del pacco spesa inizier\u00e0 dal 23 ottobre. L&#8217;interessato potr\u00e0 scegliere giorno ed orario del ritiro della spesa in base alla disponibilit\u00e0 presente sul&hellip;<\/p>\n","protected":false},"author":4,"featured_media":246066,"comment_status":"closed","ping_status":"closed","sticky":false,"template":"","format":"standard","meta":{"_monsterinsights_skip_tracking":false,"_monsterinsights_sitenote_active":false,"_monsterinsights_sitenote_note":"","_monsterinsights_sitenote_category":0,"footnotes":""},"categories":[51,49],"tags":[],"class_list":["post-357189","post","type-post","status-publish","format-standard","has-post-thumbnail","hentry","category-evidenza-top","category-news-18","category-51","category-49","description-off"],"img_url":"https:\/\/www.radiopiu.net\/wordpress\/wp-content\/uploads\/2021\/12\/LUXOTTICA-FRAMONT.jpg","_links":{"self":[{"href":"https:\/\/www.radiopiu.net\/wordpress\/wp-json\/wp\/v2\/posts\/357189","targetHints":{"allow":["GET"]}}],"collection":[{"href":"https:\/\/www.radiopiu.net\/wordpress\/wp-json\/wp\/v2\/posts"}],"about":[{"href":"https:\/\/www.radiopiu.net\/wordpress\/wp-json\/wp\/v2\/types\/post"}],"author":[{"embeddable":true,"href":"https:\/\/www.radiopiu.net\/wordpress\/wp-json\/wp\/v2\/users\/4"}],"replies":[{"embeddable":true,"href":"https:\/\/www.radiopiu.net\/wordpress\/wp-json\/wp\/v2\/comments?post=357189"}],"version-history":[{"count":0,"href":"https:\/\/www.radiopiu.net\/wordpress\/wp-json\/wp\/v2\/posts\/357189\/revisions"}],"wp:featuredmedia":[{"embeddable":true,"href":"https:\/\/www.radiopiu.net\/wordpress\/wp-json\/wp\/v2\/media\/246066"}],"wp:attachment":[{"href":"https:\/\/www.radiopiu.net\/wordpress\/wp-json\/wp\/v2\/media?parent=357189"}],"wp:term":[{"taxonomy":"category","embeddable":true,"href":"https:\/\/www.radiopiu.net\/wordpress\/wp-json\/wp\/v2\/categories?post=357189"},{"taxonomy":"post_tag","embeddable":true,"href":"https:\/\/www.radiopiu.net\/wordpress\/wp-json\/wp\/v2\/tags?post=357189"}],"curies":[{"name":"wp","href":"https:\/\/api.w.org\/{rel}","templated":true}]}}