{"id":357210,"date":"2023-10-18T06:19:17","date_gmt":"2023-10-18T04:19:17","guid":{"rendered":"https:\/\/www.radiopiu.net\/wordpress\/?p=357210"},"modified":"2023-10-18T08:40:51","modified_gmt":"2023-10-18T06:40:51","slug":"incontro-in-regione-per-il-trasporto-pubblico-locale-risorse-e-soluzioni-in-vista","status":"publish","type":"post","link":"https:\/\/www.radiopiu.net\/wordpress\/incontro-in-regione-per-il-trasporto-pubblico-locale-risorse-e-soluzioni-in-vista\/","title":{"rendered":"INCONTRO IN REGIONE PER IL TRASPORTO PUBBLICO LOCALE. RISORSE E SOLUZIONI IN VISTA"},"content":{"rendered":"<p><strong><a class=\"dt-pswp-item\" href=\"https:\/\/www.radiopiu.net\/wordpress\/wp-content\/uploads\/2020\/06\/9ecd9b94-d553-435b-93a2-c268918bc743.jpg\" data-dt-img-description=\"\" data-large_image_width=\"1280\" data-large_image_height=\"960\"><img loading=\"lazy\" decoding=\"async\" class=\" wp-image-145518 alignleft\" src=\"https:\/\/www.radiopiu.net\/wordpress\/wp-content\/uploads\/2020\/06\/9ecd9b94-d553-435b-93a2-c268918bc743-300x225.jpg\" alt=\"\" width=\"164\" height=\"123\" srcset=\"https:\/\/www.radiopiu.net\/wordpress\/wp-content\/uploads\/2020\/06\/9ecd9b94-d553-435b-93a2-c268918bc743-300x225.jpg 300w, https:\/\/www.radiopiu.net\/wordpress\/wp-content\/uploads\/2020\/06\/9ecd9b94-d553-435b-93a2-c268918bc743-1024x768.jpg 1024w, https:\/\/www.radiopiu.net\/wordpress\/wp-content\/uploads\/2020\/06\/9ecd9b94-d553-435b-93a2-c268918bc743-768x576.jpg 768w, https:\/\/www.radiopiu.net\/wordpress\/wp-content\/uploads\/2020\/06\/9ecd9b94-d553-435b-93a2-c268918bc743.jpg 1280w\" sizes=\"auto, (max-width: 164px) 100vw, 164px\" \/><\/a>BELLUNO <\/strong>Durante l&#8217;incontro di ieri in Regione, \u00e8 stata discussa l&#8217;attuale emergenza del trasporto pubblico locale a Belluno, evidenziando diverse criticit\u00e0, tra cui la difficolt\u00e0 nel reclutare autisti dovuta a salari bassi e problemi nel bilanciare il lavoro con la vita familiare. La Regione si \u00e8 impegnata a fornire risorse aggiuntive su tutta la Regione, pari a 14,7 milioni di euro (non ancora quantificata la cifra per Belluno), che si sommano al 5% del fondo nazionale trasporti con riferimento alla flessibilit\u00e0 del tpl. Si prevede che nell&#8217;anno successivo ci saranno ulteriori fondi per il sistema del Veneto, per un totale di circa 30 milioni, che verranno distribuiti a Belluno in base ai criteri di ripartizione. Dolomitibus si \u00e8 impegnata a convocare le parti sociali e le organizzazioni sindacali nei prossimi giorni per cercare di affrontare queste emergenze. Si rimane fiduciosi che, con l&#8217;interessamento della Regione e delle autorit\u00e0 locali, si possa trovare una soluzione all&#8217;emergenza. Tuttavia, si sottolinea che esiste un problema pi\u00f9 ampio di collasso del trasporto pubblico locale a livello nazionale, che richiede una riforma legislativa completa e un aggiornamento del contratto nazionale di lavoro per rendere pi\u00f9 attrattivo il lavoro di autista e aumentare la forza lavoro disponibile, anche attraverso politiche di inclusione e formazione per i lavoratori stranieri. La prossima riunione \u00e8 fissata per il 19 in azienda.<\/p>\n<p>&nbsp;<\/p>\n<p>********<\/p>\n","protected":false},"excerpt":{"rendered":"<p>BELLUNO Durante l&#8217;incontro di ieri in Regione, \u00e8 stata discussa l&#8217;attuale emergenza del trasporto pubblico locale a Belluno, evidenziando diverse criticit\u00e0, tra cui la difficolt\u00e0 nel reclutare autisti dovuta a salari bassi e problemi nel bilanciare il lavoro con la vita familiare. La Regione si \u00e8 impegnata a fornire risorse aggiuntive su tutta la Regione,&hellip;<\/p>\n","protected":false},"author":4,"featured_media":145518,"comment_status":"closed","ping_status":"closed","sticky":false,"template":"","format":"standard","meta":{"_monsterinsights_skip_tracking":false,"_monsterinsights_sitenote_active":false,"_monsterinsights_sitenote_note":"","_monsterinsights_sitenote_category":0,"footnotes":""},"categories":[51,49],"tags":[],"class_list":["post-357210","post","type-post","status-publish","format-standard","has-post-thumbnail","hentry","category-evidenza-top","category-news-18","category-51","category-49","description-off"],"img_url":"https:\/\/www.radiopiu.net\/wordpress\/wp-content\/uploads\/2020\/06\/9ecd9b94-d553-435b-93a2-c268918bc743.jpg","_links":{"self":[{"href":"https:\/\/www.radiopiu.net\/wordpress\/wp-json\/wp\/v2\/posts\/357210","targetHints":{"allow":["GET"]}}],"collection":[{"href":"https:\/\/www.radiopiu.net\/wordpress\/wp-json\/wp\/v2\/posts"}],"about":[{"href":"https:\/\/www.radiopiu.net\/wordpress\/wp-json\/wp\/v2\/types\/post"}],"author":[{"embeddable":true,"href":"https:\/\/www.radiopiu.net\/wordpress\/wp-json\/wp\/v2\/users\/4"}],"replies":[{"embeddable":true,"href":"https:\/\/www.radiopiu.net\/wordpress\/wp-json\/wp\/v2\/comments?post=357210"}],"version-history":[{"count":0,"href":"https:\/\/www.radiopiu.net\/wordpress\/wp-json\/wp\/v2\/posts\/357210\/revisions"}],"wp:featuredmedia":[{"embeddable":true,"href":"https:\/\/www.radiopiu.net\/wordpress\/wp-json\/wp\/v2\/media\/145518"}],"wp:attachment":[{"href":"https:\/\/www.radiopiu.net\/wordpress\/wp-json\/wp\/v2\/media?parent=357210"}],"wp:term":[{"taxonomy":"category","embeddable":true,"href":"https:\/\/www.radiopiu.net\/wordpress\/wp-json\/wp\/v2\/categories?post=357210"},{"taxonomy":"post_tag","embeddable":true,"href":"https:\/\/www.radiopiu.net\/wordpress\/wp-json\/wp\/v2\/tags?post=357210"}],"curies":[{"name":"wp","href":"https:\/\/api.w.org\/{rel}","templated":true}]}}