{"id":357246,"date":"2023-10-19T05:44:40","date_gmt":"2023-10-19T03:44:40","guid":{"rendered":"https:\/\/www.radiopiu.net\/wordpress\/?p=357246"},"modified":"2023-10-19T11:49:49","modified_gmt":"2023-10-19T09:49:49","slug":"giornale-radiopiu-19-ottobre-2023-direttore-mirko-mezzacasada-40-anni-25-giugno-1983-25-giugno-2023","status":"publish","type":"post","link":"https:\/\/www.radiopiu.net\/wordpress\/giornale-radiopiu-19-ottobre-2023-direttore-mirko-mezzacasada-40-anni-25-giugno-1983-25-giugno-2023\/","title":{"rendered":"GIORNALE RADIOPIU 19 OTTOBRE 2023 DIRETTORE MIRKO MEZZACASA\u2026DA 40 ANNI 25 GIUGNO 1983-25 GIUGNO 2023"},"content":{"rendered":"<h1 class=\"entry-title photoswipe-wrapper\">40esimo di RADIOPIU\u2026. LA VOCE DELL\u2019EMOZIONE<\/h1>\n<h2><span style=\"color: #ff0000;\">ISCRIVITI AL NOSTRO CANALE\u00a0\u00a0YOUTUBE PER SEGUIRE IN DIRETTA I PRINCIPALI PROGRAMMI DI RADIO PIU\u2019 E LE FUTURE DIRETTE IN ESTERNA. PER ISCRIVERTI\u00a0<a style=\"color: #ff0000;\" href=\"https:\/\/youtube.com\/@radiopiu1527\">CLICCA QUI\u00a0<\/a>E PREMI\u00a0 \u201cIscriviti\u201d\u00a0\u00a0<\/span><b>\u00a0<\/b><\/h2>\n<p>&nbsp;<\/p>\n<p>&nbsp;<\/p>\n<h2><a class=\"dt-pswp-item\" href=\"https:\/\/www.radiopiu.net\/wordpress\/wp-content\/uploads\/2023\/10\/th-18.jpg\" data-dt-img-description=\"\" data-large_image_width=\"267\" data-large_image_height=\"180\"><img loading=\"lazy\" decoding=\"async\" class=\"wp-image-357392 alignleft\" src=\"https:\/\/www.radiopiu.net\/wordpress\/wp-content\/uploads\/2023\/10\/th-18.jpg\" alt=\"\" width=\"144\" height=\"97\" \/><\/a>AUTUNNO, CI SIAMO<\/h2>\n<p><span style=\"color: #0000ff;\"><strong> SEGNALAZIONE METEO<span style=\"color: #000000;\"> OGGI<\/span> <\/strong><\/span>\u00a0tempo a tratti perturbato con precipitazioni sparse e intermittenti anche a carattere di rovescio con quantitativi localmente consistenti. Venerd\u00ec 20 in prevalenza perturbato con precipitazioni diffuse pi\u00f9 persistenti ed abbondanti su zone montane e pedemontane anche con rovesci e temporali nel pomeriggio tra Prealpi e pianura. Rinforzo dei venti dai quadranti meridionali fino a molto forti in alta quota e tesi\/forti sulla costa<\/p>\n<p>&nbsp;<\/p>\n<p>&nbsp;<\/p>\n<hr \/>\n<p>&nbsp;<\/p>\n<blockquote>\n<h3><strong>STOP NOTTURNO A PALUE DI ROCCA PIETORE, DISAGI LIMITATI GRAZIE ALLA VIABILITA&#8217; COMUNALE\u00a0<\/strong><\/h3>\n<\/blockquote>\n<p><strong>ROCCA PIETORE<\/strong> Fino al al 27 ottobre interdizione totale alla circolazione stradale, in entrambi i sensi di marcia per lavori di rifacimento del tombotto in localit\u00e0 Palue<strong>\u00a0(sp 641 di Passo Fedaia)<\/strong>\u00a0con deviazioni sulla viabilit\u00e0 comunale dalle 5.30 alle 23 per i mezzi fino a 3,5 tonnellate. Dalle 23 alle 5.30 garantito il passaggio di mezzi di soccorso o adibiti a particolari urgenze o criticit\u00e0.<\/p>\n<p>&nbsp;<\/p>\n<p>&nbsp;<\/p>\n<hr \/>\n<p>&nbsp;<\/p>\n<p><img loading=\"lazy\" decoding=\"async\" class=\"alignleft\" src=\"https:\/\/www.radiopiu.net\/wordpress\/wp-content\/uploads\/2022\/05\/download-2.jpg\" width=\"84\" height=\"84\" \/><\/p>\n<p>&nbsp;<\/p>\n<p>Gestione Servizi Pubblici informa che ad <strong>AGORDO<\/strong> nelle localit\u00e0 <span style=\"color: #000000;\">PIASENT, COLVIGNAS, CAMPON, LE FOCHE <\/span>l&#8217;acqua erogata dall&#8217;acquedotto non \u00e8 potabile e pu\u00f2 essere usata per scopi alimentari SOLO PREVIA bollitura.<\/p>\n<p>&nbsp;<\/p>\n<p>&nbsp;<\/p>\n<hr \/>\n<p>&nbsp;<\/p>\n<p><a class=\"dt-pswp-item\" href=\"https:\/\/www.radiopiu.net\/wordpress\/wp-content\/uploads\/2023\/10\/34f4cfc6-e863-46e9-9695-8df44be63421.jpg\" data-dt-img-description=\"\" data-large_image_width=\"1200\" data-large_image_height=\"1200\"><img loading=\"lazy\" decoding=\"async\" class=\"wp-image-357393 alignleft\" src=\"https:\/\/www.radiopiu.net\/wordpress\/wp-content\/uploads\/2023\/10\/34f4cfc6-e863-46e9-9695-8df44be63421-300x300.jpg\" alt=\"\" width=\"81\" height=\"81\" srcset=\"https:\/\/www.radiopiu.net\/wordpress\/wp-content\/uploads\/2023\/10\/34f4cfc6-e863-46e9-9695-8df44be63421-300x300.jpg 300w, https:\/\/www.radiopiu.net\/wordpress\/wp-content\/uploads\/2023\/10\/34f4cfc6-e863-46e9-9695-8df44be63421-1024x1024.jpg 1024w, https:\/\/www.radiopiu.net\/wordpress\/wp-content\/uploads\/2023\/10\/34f4cfc6-e863-46e9-9695-8df44be63421-150x150.jpg 150w, https:\/\/www.radiopiu.net\/wordpress\/wp-content\/uploads\/2023\/10\/34f4cfc6-e863-46e9-9695-8df44be63421-768x768.jpg 768w, https:\/\/www.radiopiu.net\/wordpress\/wp-content\/uploads\/2023\/10\/34f4cfc6-e863-46e9-9695-8df44be63421.jpg 1200w\" sizes=\"auto, (max-width: 81px) 100vw, 81px\" \/><\/a>OGGI ALLA RADIO: <strong>ALLE 7<\/strong> LA RASSEGNA STAMPA LOCALE FLASH, PER CHI COME NOI ALLE SETTE DEL MATTINO VA DI FRETTA, TANTE NOTIZIE IN POCHE CHIACCHIERE. <strong>ALLE OTTO<\/strong> L&#8217;APPROFONDIMENTO NELLA STORICA RASSEGNA STAMPA LOCALE.<br \/>\n<strong>ALLE 10.30 E 1900<\/strong> MARIA RITA GENTILIN, SPI CGIL APPUNTAMENTO QUINDICINALE, <strong>ALLE 13.10<\/strong> SPECIALE PROLOCO DELL&#8217;AGORDINO, IN STUDIO ANDREA DA ROIT &#8220;CERE&#8221; PROLOCO LA VALLE AGORDINA,<strong> ALLE 16.30<\/strong> SPECIALE RASSEGNA DEI CORI DI MONTAGNA A FALCADE CON IL DIRETTORE DEL CORO VAL BIOIS, ATTILIO COSTA. ALLE 18.30 SALUTE E SOCIETA&#8217; CON IL DOTOR MARCO\u00a0 CARACCIOLO<\/p>\n<p>&nbsp;<\/p>\n<p>&nbsp;<\/p>\n<hr \/>\n<p>&nbsp;<\/p>\n<blockquote>\n<h1>Incidente Mortale sulla SP 1 a Quero Vas: Camion si Rovescia Dopo Aver Investito un Cervo<\/h1>\n<\/blockquote>\n<p>&nbsp;<\/p>\n<p><a class=\"dt-pswp-item\" href=\"https:\/\/www.radiopiu.net\/wordpress\/wp-content\/uploads\/2023\/10\/Senza-nome-48.png\" data-dt-img-description=\"\" data-large_image_width=\"315\" data-large_image_height=\"311\"><img loading=\"lazy\" decoding=\"async\" class=\"wp-image-357394 alignleft\" src=\"https:\/\/www.radiopiu.net\/wordpress\/wp-content\/uploads\/2023\/10\/Senza-nome-48-300x296.png\" alt=\"\" width=\"189\" height=\"186\" srcset=\"https:\/\/www.radiopiu.net\/wordpress\/wp-content\/uploads\/2023\/10\/Senza-nome-48-300x296.png 300w, https:\/\/www.radiopiu.net\/wordpress\/wp-content\/uploads\/2023\/10\/Senza-nome-48.png 315w\" sizes=\"auto, (max-width: 189px) 100vw, 189px\" \/><\/a><\/p>\n<div class=\"flex-1 overflow-hidden\">\n<div class=\"react-scroll-to-bottom--css-dcail-79elbk h-full dark:bg-gray-800\">\n<div class=\"react-scroll-to-bottom--css-dcail-1n7m0yu\">\n<div class=\"flex flex-col text-sm dark:bg-gray-800\">\n<div class=\"group final-completion w-full text-token-text-primary border-b border-black\/10 gizmo:border-0 dark:border-gray-900\/50 gizmo:dark:border-0 bg-gray-50 gizmo:bg-transparent dark:bg-[#444654] gizmo:dark:bg-transparent\" data-testid=\"conversation-turn-3\">\n<div class=\"p-4 justify-center text-base md:gap-6 md:py-6 m-auto\">\n<div class=\"flex flex-1 gap-4 text-base mx-auto md:gap-6 gizmo:gap-3 gizmo:md:px-5 gizmo:lg:px-1 gizmo:xl:px-5 md:max-w-2xl lg:max-w-[38rem] gizmo:md:max-w-3xl gizmo:lg:max-w-[40rem] gizmo:xl:max-w-[48rem] xl:max-w-3xl }\">\n<div class=\"relative flex w-[calc(100%-50px)] flex-col gizmo:w-full lg:w-[calc(100%-115px)] agent-turn\">\n<div class=\"flex-col gap-1 md:gap-3\">\n<div class=\"flex flex-grow flex-col gap-3 max-w-full\">\n<div class=\"min-h-[20px] flex flex-col items-start gap-3 whitespace-pre-wrap break-words overflow-x-auto\">\n<div class=\"markdown prose w-full break-words dark:prose-invert dark\">\n<p><strong><em>Quero Vas<\/em>,<\/strong> mercoled\u00ec &#8211; Un tragico incidente si \u00e8 verificato questa mattina intorno alle 7:10 lungo la SP 1, nel comune di Quero Vas, quando un camion \u00e8 finito rovesciato fuoristrada dopo aver investito un cervo. L&#8217;incidente ha purtroppo causato la morte dell&#8217;autista del camion, Manuel Favaro, 35 anni nato a Treviso e residente a Salzano di Venezia,\u00a0 mentre l&#8217;autista dell&#8217;auto coinvolta \u00e8 rimasto illeso.<\/p>\n<p>Il sinistro ha avuto luogo nella localit\u00e0 Marziai, precisamente al chilometro 3+800 della SP 1. I vigili del fuoco sono stati prontamente allertati e hanno rapidamente raggiunto il luogo dell&#8217;incidente, provenienti dalle stazioni di Feltre e Belluno con l&#8217;ausilio di un&#8217;autogr\u00f9. La loro prima priorit\u00e0 \u00e8 stata quella di mettere in sicurezza il mezzo ribaltato e di evitare ulteriori pericoli.<\/p>\n<p>Nonostante i tempestivi soccorsi, purtroppo, i sanitari del Suem (Servizio Urgenza Emergenza Medica) intervenuti con un&#8217;ambulanza e l&#8217;elisoccorso hanno solo potuto constatare il decesso dell&#8217;autista del camion. La perdita di una vita umana in questo incidente \u00e8 motivo di profondo dolore. Sul luogo dell&#8217;incidente sono giunti anche i carabinieri, i quali hanno avviato le operazioni di rilievo per ricostruire la dinamica dell&#8217;accaduto. Questa procedura \u00e8 fondamentale per stabilire le eventuali responsabilit\u00e0 e circostanze che hanno portato all&#8217;incidente.<\/p>\n\n\t\t\t<style type='text\/css'>\n\t\t\t\t#gallery-1 {\n\t\t\t\t\tmargin: auto;\n\t\t\t\t}\n\t\t\t\t#gallery-1 .gallery-item {\n\t\t\t\t\tfloat: left;\n\t\t\t\t\tmargin-top: 10px;\n\t\t\t\t\ttext-align: center;\n\t\t\t\t\twidth: 50%;\n\t\t\t\t}\n\t\t\t\t#gallery-1 img {\n\t\t\t\t\tborder: 2px solid #cfcfcf;\n\t\t\t\t}\n\t\t\t\t#gallery-1 .gallery-caption {\n\t\t\t\t\tmargin-left: 0;\n\t\t\t\t}\n\t\t\t\t\/* see gallery_shortcode() in wp-includes\/media.php *\/\n\t\t\t<\/style>\n\t\t<div id='gallery-1' class='dt-gallery-container gallery galleryid-357246 gallery-columns-2 gallery-size-medium'><dl class='gallery-item'>\n\t\t\t\t<dt class='gallery-icon landscape'>\n\t\t\t\t\t<a class=\"rollover rollover-zoom dt-pswp-item\" title=\"d2a43eeb-e047-4e76-beb9-cb414bf9d703\" data-dt-img-description=\"\" data-large_image_width=\"1280\" data-large_image_height=\"873\"href='https:\/\/www.radiopiu.net\/wordpress\/wp-content\/uploads\/2023\/10\/d2a43eeb-e047-4e76-beb9-cb414bf9d703-1.jpg'><img loading=\"lazy\" decoding=\"async\" width=\"300\" height=\"205\" src=\"https:\/\/www.radiopiu.net\/wordpress\/wp-content\/uploads\/2023\/10\/d2a43eeb-e047-4e76-beb9-cb414bf9d703-1-300x205.jpg\" class=\"attachment-medium size-medium\" alt=\"\" srcset=\"https:\/\/www.radiopiu.net\/wordpress\/wp-content\/uploads\/2023\/10\/d2a43eeb-e047-4e76-beb9-cb414bf9d703-1-300x205.jpg 300w, https:\/\/www.radiopiu.net\/wordpress\/wp-content\/uploads\/2023\/10\/d2a43eeb-e047-4e76-beb9-cb414bf9d703-1-1024x698.jpg 1024w, https:\/\/www.radiopiu.net\/wordpress\/wp-content\/uploads\/2023\/10\/d2a43eeb-e047-4e76-beb9-cb414bf9d703-1-768x524.jpg 768w, https:\/\/www.radiopiu.net\/wordpress\/wp-content\/uploads\/2023\/10\/d2a43eeb-e047-4e76-beb9-cb414bf9d703-1.jpg 1280w\" sizes=\"auto, (max-width: 300px) 100vw, 300px\" \/><\/a>\n\t\t\t\t<\/dt><\/dl><dl class='gallery-item'>\n\t\t\t\t<dt class='gallery-icon landscape'>\n\t\t\t\t\t<a class=\"rollover rollover-zoom dt-pswp-item\" title=\"9aa5f990-6125-4584-b95c-daaaaa3f0172\" data-dt-img-description=\"\" data-large_image_width=\"1226\" data-large_image_height=\"774\"href='https:\/\/www.radiopiu.net\/wordpress\/wp-content\/uploads\/2023\/10\/9aa5f990-6125-4584-b95c-daaaaa3f0172.jpg'><img loading=\"lazy\" decoding=\"async\" width=\"300\" height=\"189\" src=\"https:\/\/www.radiopiu.net\/wordpress\/wp-content\/uploads\/2023\/10\/9aa5f990-6125-4584-b95c-daaaaa3f0172-300x189.jpg\" class=\"attachment-medium size-medium\" alt=\"\" srcset=\"https:\/\/www.radiopiu.net\/wordpress\/wp-content\/uploads\/2023\/10\/9aa5f990-6125-4584-b95c-daaaaa3f0172-300x189.jpg 300w, https:\/\/www.radiopiu.net\/wordpress\/wp-content\/uploads\/2023\/10\/9aa5f990-6125-4584-b95c-daaaaa3f0172-1024x646.jpg 1024w, https:\/\/www.radiopiu.net\/wordpress\/wp-content\/uploads\/2023\/10\/9aa5f990-6125-4584-b95c-daaaaa3f0172-768x485.jpg 768w, https:\/\/www.radiopiu.net\/wordpress\/wp-content\/uploads\/2023\/10\/9aa5f990-6125-4584-b95c-daaaaa3f0172.jpg 1226w\" sizes=\"auto, (max-width: 300px) 100vw, 300px\" \/><\/a>\n\t\t\t\t<\/dt><\/dl><br style=\"clear: both\" \/>\n\t\t\t<\/div>\n\n<blockquote>\n<h3 class=\"articlePlainText\"><\/h3>\n<h3 class=\"articlePlainText\">Fai buon viaggio tra le stelle Manuel Favaro. ..te ne sei andato troppo presto e a noi lasci un grande vuoto&#8230;ma ci rivedremo, stanne sicuro\u00bb, l&#8217;amica Emilia.<\/h3>\n<\/blockquote>\n<div class=\"articlePlainText\">Manuel\u00a0 era un camionista esperto, \u00e8 scomparso un ragazzo ben voluto da tutti e uno dei pi\u00f9 preparati dell&#8217;azienda.\u00a0 A Salzano\u00a0 risiedeva in via Marco Polo con la compagna Tiziana Stivanello e la figlia di un anno. Il 35 enne era anche un grande appassionato di nuoto. Sui social network commosso l&#8217;addio di conoscenti amici e colleghi di lavoro che hanno lasciato tanti messaggi.\u00a0 Il sindaco di Salzano Luciano Betteto. \u00ab<em>Tutta la comunit\u00e0 di Salzano si stringe intorno alla famiglia di Manuel Favaro per la morte del giovane padre di famiglia,\u00a0 saremo presenti alla cerimonia funebre e a disposizione della famiglia\u00bb.<\/em><\/div>\n<div class=\"articlePlainText\"><\/div>\n<div><\/div>\n<div><\/div>\n<div>\n<blockquote>\n<h2>LA RICOSTRUZIONE DI ANTENNA 3, CANALE 10 DIGITALE TERRESTRE DAL TG BELLUNESE DELLE 19.30 (OGNI SERA ALLE 19 LE ANTICIPAZIONI ALLA RADIO PIU&#8217;)<\/h2>\n<\/blockquote>\n<p><strong>DI TIZIANA BOLOGNANI<\/strong><\/p>\n<\/div>\n<div>\n<p><iframe loading=\"lazy\" title=\"CAMION FUORI STRADA DOPO L&#039;IMPATTO CON UN CERVO, MORTO L&#039;AUTISTA | 18\/10\/2023\" width=\"1200\" height=\"675\" src=\"https:\/\/www.youtube.com\/embed\/etYvxjuhp14?start=1&#038;feature=oembed\" frameborder=\"0\" allow=\"accelerometer; autoplay; clipboard-write; encrypted-media; gyroscope; picture-in-picture; web-share\" allowfullscreen><\/iframe><\/p>\n<\/div>\n<div><\/div>\n<hr \/>\n<p>&nbsp;<\/p>\n<p>&nbsp;<\/p>\n<blockquote>\n<h1>Incidente in Via Montegrappa: Anziano Investito da un&#8217;Auto Pirata<\/h1>\n<\/blockquote>\n<p><strong>FELTRE\u00a0<\/strong> Un anziano in carrozzina \u00e8 stato investito da un&#8217;auto e il conducente si \u00e8 dato alla fuga. L&#8217;incidente, avvenuto intorno alle 13:20, ha portato l&#8217;anziano 82enne al pronto soccorso, ma fortunatamente le sue ferite non sono gravi. L&#8217;anziano, accompagnato da una badante, stava attraversando sulle strisce pedonali, una vettura di colore scuro, forse una Volkswagen Polo ha urtato la carrozzina, facendola ribaltare e causando l&#8217;infortunio dell&#8217;anziano.\u00a0 Il comportamento del conducente dell&#8217;auto ha proseguito la marcia senza fermarsi per prestare soccorso. L&#8217;automobilista \u00e8 ora indagato per omissione di soccorso, un reato grave. La polizia locale di Feltre invita chiunque abbia informazioni sull&#8217;incidente o sull&#8217;auto coinvolta a collaborare con le indagini. Inoltre, se il conducente si presentasse spontaneamente alle autorit\u00e0, potrebbe migliorare la sua posizione legale rispetto all&#8217;ipotesi di essere individuato dalle forze dell&#8217;ordine. <button class=\"flex ml-auto gizmo:ml-0 gap-2 items-center rounded-md p-1 text-xs gizmo:gap-1.5 gizmo:pl-0 dark:text-gray-400 dark:hover:bg-gray-700 dark:hover:text-gray-200 disabled:dark:hover:text-gray-400 hover:bg-gray-100 hover:text-gray-700\"><\/button><\/p>\n<p>&nbsp;<\/p>\n<p>&nbsp;<\/p>\n<hr \/>\n<p>&nbsp;<\/p>\n<blockquote>\n<h1><strong><a class=\"dt-pswp-item\" href=\"https:\/\/www.radiopiu.net\/wordpress\/wp-content\/uploads\/2021\/07\/th-11.jpg\" data-dt-img-description=\"\" data-large_image_width=\"316\" data-large_image_height=\"178\"><img loading=\"lazy\" decoding=\"async\" class=\"wp-image-221793 alignleft\" src=\"https:\/\/www.radiopiu.net\/wordpress\/wp-content\/uploads\/2021\/07\/th-11-300x169.jpg\" alt=\"\" width=\"158\" height=\"89\" srcset=\"https:\/\/www.radiopiu.net\/wordpress\/wp-content\/uploads\/2021\/07\/th-11-300x169.jpg 300w, https:\/\/www.radiopiu.net\/wordpress\/wp-content\/uploads\/2021\/07\/th-11.jpg 316w\" sizes=\"auto, (max-width: 158px) 100vw, 158px\" \/><\/a>Incidente a Sedico: Donna Ferita in uno Scontro tra Auto e Autotreno<\/strong><\/h1>\n<\/blockquote>\n<div class=\"articlePlainSubHead\"><strong>SEDICO<\/strong> Una donna di 63 anni, residente nella zona, \u00e8 rimasta ferita in seguito a uno scontro tra un&#8217;auto e un autotreno. L&#8217;incidente \u00e8 avvenuto all&#8217;incrocio tra via Belluno e via Fermi. Fortunatamente, nonostante l&#8217;impatto, la donna ha riportato ferite non gravi ed \u00e8 stata prontamente soccorsa. Gli operatori sanitari l&#8217;hanno trasportata in ambulanza all&#8217;ospedale San Martino per una valutazione pi\u00f9 approfondita e le cure necessarie. Le cause dell&#8217;incidente e le circostanze esatte che hanno portato allo scontro tra i due veicoli sono ancora oggetto di indagine da parte delle autorit\u00e0 competenti.<\/div>\n<p>&nbsp;<\/p>\n<p>&nbsp;<\/p>\n<hr \/>\n<p>&nbsp;<\/p>\n<blockquote>\n<h3><\/h3>\n<h3><a class=\"dt-pswp-item\" href=\"https:\/\/www.radiopiu.net\/wordpress\/wp-content\/uploads\/2023\/10\/th-19.jpg\" data-dt-img-description=\"\" data-large_image_width=\"222\" data-large_image_height=\"180\"><img loading=\"lazy\" decoding=\"async\" class=\"wp-image-357403 alignleft\" src=\"https:\/\/www.radiopiu.net\/wordpress\/wp-content\/uploads\/2023\/10\/th-19.jpg\" alt=\"\" width=\"141\" height=\"114\" \/><\/a><\/h3>\n<h3>INCIDENTE SUL LAVORO, MACELLAIO AL PRONTO SOCCORSO<\/h3>\n<\/blockquote>\n<p><strong>SANTA GIUSTINA\u00a0<\/strong> Un 38enne di Sedico si \u00e8 ferito con un coltello mentre stava lavorando alla macelleria del Centro ingrosso Dama. Incidente sul lavoro, fortunatamente non grave. L&#8217;azienda ha prontamente telefonato al 118 attivando i soccorsi, contestualmente si sono messi all&#8217;opera i tecnici dello Spisal<\/p>\n<p>&nbsp;<\/p>\n<p>&nbsp;<\/p>\n<hr \/>\n<p>&nbsp;<\/p>\n<p>&nbsp;<\/p>\n<blockquote>\n<h3><img loading=\"lazy\" decoding=\"async\" class=\"alignleft\" src=\"https:\/\/www.radiopiu.net\/wordpress\/wp-content\/uploads\/2019\/02\/lutto-fiore.jpg\" width=\"125\" height=\"83\" \/>IL MESSAGGIO DI CORDOGLIO DELL\u2019ALLEGHE HOCKEY PER LA SCOMPARSA DELLA MAMMA DI FABIO COMINATO<\/h3>\n<\/blockquote>\n<div><b>REDAZIONE <\/b>La societ\u00e0 Alleghe Hockey si stringe attorno alla famiglia del suo collaboratore Fabio Cominato per la scomparsa della mamma Rina Taffurelli. La societ\u00e0 gli \u00e8 vicino in questo momento difficile e porge sentite condoglianze<\/div>\n<div><\/div>\n<p>&nbsp;<\/p>\n<hr \/>\n<p>&nbsp;<\/p>\n<blockquote>\n<h3>TRE INTERVENTI DEL SUEM 118 TRA SEDICO, FELTRE E MEANO<\/h3>\n<\/blockquote>\n<p><strong>REDAZIONE<\/strong> Sono tre gli interventi del SUEM 118 nella giornata di ieri. Poco prima delle 9 l&#8217;ambulanza di Belluno \u00e8 stata inviata a Sedico dove a causa di un incidente stradale un uomo di Belluno di 63 aani \u00e8 stato soccorso e trasportato al San Martino. Alle 13:20 \u00e8 stato investito un uomo di 82 anni a Feltre, in questo caso \u00e8 intervenuta l&#8217;ambulanza per portare al Santa Maria Del Prato l&#8217;anziano. Incidente sul lavoro poco prima delle 14 a Meano. L&#8217;infortunato, un uomo di 38 di Feltre, \u00e8 stato preso in cura dall&#8217;ambulanza che lo ha trasportato all&#8217;ospedale di Belluno.<\/p>\n<p>&nbsp;<\/p>\n<p>&nbsp;<\/p>\n<hr \/>\n<p>&nbsp;<\/p>\n<blockquote>\n<h2><strong><a class=\"dt-pswp-item\" href=\"https:\/\/www.radiopiu.net\/wordpress\/wp-content\/uploads\/2020\/05\/VIGILI-DEL-FUOCO-LOGO.png\" data-dt-img-description=\"\" data-large_image_width=\"1200\" data-large_image_height=\"1200\"><img loading=\"lazy\" decoding=\"async\" class=\"wp-image-138743 alignleft\" src=\"https:\/\/www.radiopiu.net\/wordpress\/wp-content\/uploads\/2020\/05\/VIGILI-DEL-FUOCO-LOGO-300x300.png\" alt=\"\" width=\"85\" height=\"85\" srcset=\"https:\/\/www.radiopiu.net\/wordpress\/wp-content\/uploads\/2020\/05\/VIGILI-DEL-FUOCO-LOGO-300x300.png 300w, https:\/\/www.radiopiu.net\/wordpress\/wp-content\/uploads\/2020\/05\/VIGILI-DEL-FUOCO-LOGO-1024x1024.png 1024w, https:\/\/www.radiopiu.net\/wordpress\/wp-content\/uploads\/2020\/05\/VIGILI-DEL-FUOCO-LOGO-150x150.png 150w, https:\/\/www.radiopiu.net\/wordpress\/wp-content\/uploads\/2020\/05\/VIGILI-DEL-FUOCO-LOGO-768x768.png 768w, https:\/\/www.radiopiu.net\/wordpress\/wp-content\/uploads\/2020\/05\/VIGILI-DEL-FUOCO-LOGO.png 1200w\" sizes=\"auto, (max-width: 85px) 100vw, 85px\" \/><\/a>Avviso Importante: Truffe Telefoniche a Nome dei Vigili del Fuoco<\/strong><\/h2>\n<\/blockquote>\n<p><strong>BELLUNO <\/strong>La Direzione Interregionale dei Vigili del Fuoco del Veneto e Trentino Alto Adige avverte delle truffe telefoniche in cui individui si fanno passare per Vigili del Fuoco, chiedendo denaro per abbonamenti a riviste. I Vigili del Fuoco non richiedono denaro per questo scopo; segnalate le richieste sospette alle autorit\u00e0. I servizi web e le informazioni legittime sulla prevenzione degli incendi sono gratuiti su <a href=\"http:\/\/www.vigilfuoco.it\/\" target=\"_new\" rel=\"noopener\">www.vigilfuoco.it<\/a>; evitate truffe e frodi usando questo sito ufficiale.<\/p>\n<\/div>\n<\/div>\n<\/div>\n<\/div>\n<\/div>\n<\/div>\n<\/div>\n<\/div>\n<\/div>\n<\/div>\n<\/div>\n<\/div>\n<p>&nbsp;<\/p>\n<p>&nbsp;<\/p>\n<h1><\/h1>\n<hr \/>\n<p>&nbsp;<\/p>\n<blockquote>\n<h3>ASSEGNATI I LAVORI PER IL RIFACIMENTO DEL PONTE CHE PORTA A MARCATE DELLA FRAZIONE DI REN A GOSALDO<\/h3>\n<\/blockquote>\n<p><strong><a class=\"dt-pswp-item\" href=\"https:\/\/www.radiopiu.net\/wordpress\/wp-content\/uploads\/2023\/10\/284f3830-8c50-415a-9cb9-84314eeb80fc.jpg\" data-dt-img-description=\"\" data-large_image_width=\"1024\" data-large_image_height=\"768\"><img loading=\"lazy\" decoding=\"async\" class=\"wp-image-357389 alignleft\" src=\"https:\/\/www.radiopiu.net\/wordpress\/wp-content\/uploads\/2023\/10\/284f3830-8c50-415a-9cb9-84314eeb80fc-300x225.jpg\" alt=\"\" width=\"175\" height=\"131\" srcset=\"https:\/\/www.radiopiu.net\/wordpress\/wp-content\/uploads\/2023\/10\/284f3830-8c50-415a-9cb9-84314eeb80fc-300x225.jpg 300w, https:\/\/www.radiopiu.net\/wordpress\/wp-content\/uploads\/2023\/10\/284f3830-8c50-415a-9cb9-84314eeb80fc-768x576.jpg 768w, https:\/\/www.radiopiu.net\/wordpress\/wp-content\/uploads\/2023\/10\/284f3830-8c50-415a-9cb9-84314eeb80fc.jpg 1024w\" sizes=\"auto, (max-width: 175px) 100vw, 175px\" \/><\/a>GOSALDO<\/strong><\/p>\n<p>DI GIANNI SANTOMASO<\/p>\n<audio class=\"wp-audio-shortcode\" id=\"audio-357246-1\" preload=\"none\" style=\"width: 100%;\" controls=\"controls\"><source type=\"audio\/mpeg\" src=\"https:\/\/www.radiopiu.net\/wordpress\/wp-content\/uploads\/2023\/10\/GIANNI-ASSEGNATI-I-LAVORI-PER-IL-RIFACIMENTO-DEL-PONTE-CHE-PORTA-A-MARCATE-DELLA-FRAZIONE-DI-REN-A-GOSALDO.mp3?_=1\" \/><a href=\"https:\/\/www.radiopiu.net\/wordpress\/wp-content\/uploads\/2023\/10\/GIANNI-ASSEGNATI-I-LAVORI-PER-IL-RIFACIMENTO-DEL-PONTE-CHE-PORTA-A-MARCATE-DELLA-FRAZIONE-DI-REN-A-GOSALDO.mp3\">https:\/\/www.radiopiu.net\/wordpress\/wp-content\/uploads\/2023\/10\/GIANNI-ASSEGNATI-I-LAVORI-PER-IL-RIFACIMENTO-DEL-PONTE-CHE-PORTA-A-MARCATE-DELLA-FRAZIONE-DI-REN-A-GOSALDO.mp3<\/a><\/audio>\n<p>&nbsp;<\/p>\n<hr \/>\n<p>&nbsp;<\/p>\n<blockquote>\n<h1>IERI AD AGORDO, IL CONSIGLIO COMUNALE, LA DIRETTA DI RADIOPIU&#8217; CANALI FACEBOOK_TELEGRAM_SITO RADIOPIU.NET<\/h1>\n<h3><strong>VARIAZIONI AL BILANCIO E DANNI DAL MALTEMPO DELL&#8217;ESTATE SCORSA\u00a0<\/strong><\/h3>\n<p>&nbsp;<\/p><\/blockquote>\n<p><strong>DI GIANNI SANTOMASO<\/strong><\/p>\n<audio class=\"wp-audio-shortcode\" id=\"audio-357246-2\" preload=\"none\" style=\"width: 100%;\" controls=\"controls\"><source type=\"audio\/mpeg\" src=\"https:\/\/www.radiopiu.net\/wordpress\/wp-content\/uploads\/2023\/10\/GIANNI-CONSIGLIO-COMUNALE-DI-AGORDO-.mp3?_=2\" \/><a href=\"https:\/\/www.radiopiu.net\/wordpress\/wp-content\/uploads\/2023\/10\/GIANNI-CONSIGLIO-COMUNALE-DI-AGORDO-.mp3\">https:\/\/www.radiopiu.net\/wordpress\/wp-content\/uploads\/2023\/10\/GIANNI-CONSIGLIO-COMUNALE-DI-AGORDO-.mp3<\/a><\/audio>\n<blockquote><p>&nbsp;<\/p><\/blockquote>\n<p><iframe loading=\"lazy\" title=\"CONSIGLIO COMUNALE DI AGORDO - 18 OTTOBRE 2023\" width=\"1200\" height=\"675\" src=\"https:\/\/www.youtube.com\/embed\/tbvFWNULsvE?feature=oembed\" frameborder=\"0\" allow=\"accelerometer; autoplay; clipboard-write; encrypted-media; gyroscope; picture-in-picture; web-share\" allowfullscreen><\/iframe><\/p>\n<p>&nbsp;<\/p>\n<hr \/>\n<p>&nbsp;<\/p>\n<blockquote>\n<h2>PUNTO STAMPA, IL PRESIDENTE LUCA ZAIA SULLE OLIMPIADI MILANO CORTINA 2026<\/h2>\n<\/blockquote>\n<div style=\"width: 1200px;\" class=\"wp-video\"><video class=\"wp-video-shortcode\" id=\"video-357246-1\" width=\"1200\" height=\"675\" preload=\"metadata\" controls=\"controls\"><source type=\"video\/mp4\" src=\"https:\/\/www.radiopiu.net\/wordpress\/wp-content\/uploads\/2023\/10\/ZAIA-SU-OLIMPIADI-MILANO-CORTINA-2026-1.mp4?_=1\" \/><a href=\"https:\/\/www.radiopiu.net\/wordpress\/wp-content\/uploads\/2023\/10\/ZAIA-SU-OLIMPIADI-MILANO-CORTINA-2026-1.mp4\">https:\/\/www.radiopiu.net\/wordpress\/wp-content\/uploads\/2023\/10\/ZAIA-SU-OLIMPIADI-MILANO-CORTINA-2026-1.mp4<\/a><\/video><\/div>\n<p>&nbsp;<\/p>\n<p>&nbsp;<\/p>\n<hr \/>\n<p>&nbsp;<\/p>\n<blockquote>\n<h2>Approvata Importante Riforma del Trasporto Pubblico Locale in Veneto, ora all&#8217;esame del Consiglio<\/h2>\n<\/blockquote>\n<p><strong><img loading=\"lazy\" decoding=\"async\" class=\"alignleft\" src=\"https:\/\/www.radiopiu.net\/wordpress\/wp-content\/uploads\/2023\/08\/pullman.jpg\" width=\"213\" height=\"142\" \/>VENEZIA<\/strong> Il 17 ottobre, la Giunta regionale ha approvato un disegno di legge che modifica la normativa sul trasporto pubblico locale nella regione. Questo disegno di legge \u00e8 finalizzato a semplificare e migliorare l&#8217;efficienza del sistema dei trasporti pubblici, che attualmente \u00e8 frammentato, con l&#8217;obiettivo di integrare il trasporto su gomma e acqua con il trasporto ferroviario in un unico bacino regionale. Questa riforma \u00e8 importante sia dal punto di vista economico, con un impatto finanziario significativo, sia per gli utenti, che effettuano circa 450 milioni di spostamenti all&#8217;anno. Ora il provvedimento sar\u00e0 esaminato dal Consiglio regionale del Veneto con l&#8217;obiettivo di ottenere un&#8217;ampia condivisione per una gestione pi\u00f9 efficiente delle risorse e una pianificazione efficace dei servizi di trasporto. <em>\u00abConsiderata la strategicit\u00e0 del provvedimento, che mira ad una gestione sempre pi\u00f9 efficiente delle risorse e ad una pianificazione efficace dei servizi, l\u2019auspicio \u00e8 di lavorare insieme con il Consiglio Regionale in modo da arrivare, in tempi rapidi, alla definizione di una legge il pi\u00f9 condivisa possibile\u00bb<\/em> afferma l&#8217;assessore Elisa De Berti.<\/p>\n<p>&nbsp;<\/p>\n<p>&nbsp;<\/p>\n<hr \/>\n<p>&nbsp;<\/p>\n<p>&nbsp;<\/p>\n<blockquote>\n<h1>DOLOMITIBUS, DOPO UN MESE DI DISAGI, DOPO SETTIMANE DI PROTESTE ECCO LE ASSOCIAZIONI DEI CONSUMATORI PRONTE A SALTARE SUL PEZZO,\u00a0 meglio tardi che mai.<\/h1>\n<p><em><a class=\"dt-pswp-item\" href=\"https:\/\/www.radiopiu.net\/wordpress\/wp-content\/uploads\/2021\/10\/9d1e264f-0772-472e-94d9-473a8e2a9cd1.jpg\" data-dt-img-description=\"\" data-large_image_width=\"1599\" data-large_image_height=\"899\"><img loading=\"lazy\" decoding=\"async\" class=\"size-medium wp-image-237484 alignleft\" src=\"https:\/\/www.radiopiu.net\/wordpress\/wp-content\/uploads\/2021\/10\/9d1e264f-0772-472e-94d9-473a8e2a9cd1-300x169.jpg\" alt=\"\" width=\"300\" height=\"169\" srcset=\"https:\/\/www.radiopiu.net\/wordpress\/wp-content\/uploads\/2021\/10\/9d1e264f-0772-472e-94d9-473a8e2a9cd1-300x169.jpg 300w, https:\/\/www.radiopiu.net\/wordpress\/wp-content\/uploads\/2021\/10\/9d1e264f-0772-472e-94d9-473a8e2a9cd1-1024x576.jpg 1024w, https:\/\/www.radiopiu.net\/wordpress\/wp-content\/uploads\/2021\/10\/9d1e264f-0772-472e-94d9-473a8e2a9cd1-768x432.jpg 768w, https:\/\/www.radiopiu.net\/wordpress\/wp-content\/uploads\/2021\/10\/9d1e264f-0772-472e-94d9-473a8e2a9cd1-1536x864.jpg 1536w, https:\/\/www.radiopiu.net\/wordpress\/wp-content\/uploads\/2021\/10\/9d1e264f-0772-472e-94d9-473a8e2a9cd1.jpg 1599w\" sizes=\"auto, (max-width: 300px) 100vw, 300px\" \/><\/a>Dall&#8217;inizio della scuola sono state tagliate 2000 corse almeno, chi destina i contributi a Dolomitibus abbia ora il coraggio di rifare i calcoli e farsi ridare i soldi per i chilometri non percorsi da ridistribuire alle famiglie che da settimane conoscono solo disagi e nessun tipo di scusa.\u00a0<\/em><\/p><\/blockquote>\n<div>\n<p><strong>BELLUNO<\/strong> Finalmente Sindacati e Associazioni hanno deciso di stare dalla parte dell&#8217;utente, quello abituato a vivere in una societ\u00e0 civile fatta non di promesse, ma di servizi soprattutto nel momento in cui s&#8217;apre il portafoglio, questo vale anche per Dolomtibus e i suoi dirigenti, a loro ora viene chiesto IL RIMBORSO e in fretta, al pari di quella velocit\u00e0 estiva che ha portata la grande azienda del trasporto bellunese ad aumentare i prezzi degli abbonamenti senza tanti se o ma tra il silenzio di tutti. La \u00a0segretaria provinciale della Cgil. I consumatori stanno predisponendo un modulo per la richiesta di rimborso da presentare alla societ\u00e0.\u00a0 Sabato manifestazione di protesta che si svolger\u00e0 sul piazzale della stazione di Belluno a partire dalle 9.<\/p>\n<p>Hanno detto, (Corriere alpi)<\/p>\n<\/div>\n<div><em>\u00abDobbiamo ribellarci\u00bb<\/em>, ha detto Guido Mattera di Federconsumatori.\u00a0 <em>\u00abGli utenti si sentono abbandonati dalle istituzioni\u00bb,<\/em> Luca Frescura di Giovani&amp;Futuro.\u00a0<em> &#8220;appello\u00a0 \u00a0ai sindaci&#8221;<\/em> perch\u00e9 prendano posizione sulla vicenda.\u00a0<em>\u00abfallimento della societ\u00e0 ma anche dell&#8217;ente di governo\u00bb,\u00a0 <\/em>Alessandra Fontana Cgil Belluno. \u00a0Autisti che<em> \u00abnon possono neanche pi\u00f9 fare ferie o chiedere un giorno per andare dal medico per non aggravare ancora di pi\u00f9 la situazione\u00bb,<\/em> denuncia Fabio Scopel della Faisa Cisal.<\/div>\n<p>&nbsp;<\/p>\n<p>&nbsp;<\/p>\n<blockquote><p><span style=\"color: #ff0000;\"><strong>L&#8217;ESEMPIO DALL&#8217;AGORDINO,\u00a0 16 SINDACI FIRMANO IL DOCUMENTO INVIATO ALLA PROVINCIA, LA FIRMA ANCHE DEI CONSIGLIERE CON DELEGA PROVINCIALE DANILO DE TONI E FABIO LUCHETTA<\/strong><\/span><\/p><\/blockquote>\n<p>&nbsp;<\/p>\n<blockquote>\n<h2>TRASPORTO PUBBLICO LOCALE, IL DOCUMENTO DEI SINDACI INVIATO ALLA PROVINCIA<\/h2>\n<\/blockquote>\n<a href=\"https:\/\/www.radiopiu.net\/wordpress\/wp-content\/uploads\/2023\/10\/Ordine-del-giorno_Dolomitibus_firmato.pdf\" class=\"pdfemb-viewer\" style=\"\" data-width=\"max\" data-height=\"max\" data-toolbar=\"top\" data-toolbar-fixed=\"on\">Ordine del giorno_Dolomitibus_firmato<\/a>\n<p>&nbsp;<\/p>\n<p>&nbsp;<\/p>\n<hr \/>\n<p>&nbsp;<\/p>\n<blockquote>\n<h1>STORIE DI RABBIA E DISPERAZIONE<\/h1>\n<\/blockquote>\n<blockquote>\n<h2>ANTENNA 3, CANALE 10 DIGITALE TERRESTRE DAL TG BELLUNESE DELLE 19.30 (OGNI SERA ALLE 19 LE ANTICIPAZIONI ALLA RADIO PIU&#8217;)<\/h2>\n<\/blockquote>\n<p><strong>DI TIZIANA BOLOGNANI<\/strong><\/p>\n<p>Intervistati VINCENZO GIARRIZZO (AUTISTA DOLOMITI BUS), GUIDO MATTERA (RAPPRESENTANTE ASSOCIAZIONI CONSUMATORI BELLUNO) (Servizio di\u00a0<a href=\"https:\/\/antennatre.medianordest.it\/redazione\/Tiziana-Bolognani\/\">Tiziana Bolognani<\/a>)<\/p>\n<p><iframe loading=\"lazy\" title=\"SABATO DI MOBILITAZIONE PER IL TRASPORTO PUBBLICO LOCALE | 18\/10\/2023\" width=\"1200\" height=\"675\" src=\"https:\/\/www.youtube.com\/embed\/MVZwOzu1-L0?start=10&#038;feature=oembed\" frameborder=\"0\" allow=\"accelerometer; autoplay; clipboard-write; encrypted-media; gyroscope; picture-in-picture; web-share\" allowfullscreen><\/iframe><\/p>\n<p>&nbsp;<\/p>\n<hr \/>\n<p>&nbsp;<\/p>\n<p>&nbsp;<\/p>\n<p>&nbsp;<\/p>\n<p><a class=\"dt-pswp-item\" href=\"https:\/\/www.radiopiu.net\/wordpress\/wp-content\/uploads\/2023\/10\/391620610_10228052452089280_6336108106766137901_n.jpg\" data-dt-img-description=\"\" data-large_image_width=\"519\" data-large_image_height=\"720\"><img loading=\"lazy\" decoding=\"async\" class=\"aligncenter wp-image-357430 size-full\" src=\"https:\/\/www.radiopiu.net\/wordpress\/wp-content\/uploads\/2023\/10\/391620610_10228052452089280_6336108106766137901_n.jpg\" alt=\"\" width=\"519\" height=\"720\" srcset=\"https:\/\/www.radiopiu.net\/wordpress\/wp-content\/uploads\/2023\/10\/391620610_10228052452089280_6336108106766137901_n.jpg 519w, https:\/\/www.radiopiu.net\/wordpress\/wp-content\/uploads\/2023\/10\/391620610_10228052452089280_6336108106766137901_n-216x300.jpg 216w\" sizes=\"auto, (max-width: 519px) 100vw, 519px\" \/><\/a><\/p>\n<p>&nbsp;<\/p>\n<p>&nbsp;<\/p>\n<hr \/>\n<p>&nbsp;<\/p>\n<blockquote>\n<h3>DOMANI IL CONSIGLIO COMUNALE DI BELLUNO. INTERROGAZIONI DEL GRUPPO DI MINORANZA VALORE COMUNE SU ASILI E PONTE BAILEY<\/h3>\n<\/blockquote>\n<p><strong><a class=\"dt-pswp-item\" href=\"https:\/\/www.radiopiu.net\/wordpress\/wp-content\/uploads\/2023\/10\/b7de1694-1055-41cd-84a1-468243de6ce6.jpg\" data-dt-img-description=\"\" data-large_image_width=\"1600\" data-large_image_height=\"1200\"><img loading=\"lazy\" decoding=\"async\" class=\" wp-image-357359 alignleft\" src=\"https:\/\/www.radiopiu.net\/wordpress\/wp-content\/uploads\/2023\/10\/b7de1694-1055-41cd-84a1-468243de6ce6-300x225.jpg\" alt=\"\" width=\"161\" height=\"121\" srcset=\"https:\/\/www.radiopiu.net\/wordpress\/wp-content\/uploads\/2023\/10\/b7de1694-1055-41cd-84a1-468243de6ce6-300x225.jpg 300w, https:\/\/www.radiopiu.net\/wordpress\/wp-content\/uploads\/2023\/10\/b7de1694-1055-41cd-84a1-468243de6ce6-1024x768.jpg 1024w, https:\/\/www.radiopiu.net\/wordpress\/wp-content\/uploads\/2023\/10\/b7de1694-1055-41cd-84a1-468243de6ce6-768x576.jpg 768w, https:\/\/www.radiopiu.net\/wordpress\/wp-content\/uploads\/2023\/10\/b7de1694-1055-41cd-84a1-468243de6ce6-1536x1152.jpg 1536w, https:\/\/www.radiopiu.net\/wordpress\/wp-content\/uploads\/2023\/10\/b7de1694-1055-41cd-84a1-468243de6ce6.jpg 1600w\" sizes=\"auto, (max-width: 161px) 100vw, 161px\" \/><\/a>BELLUNO<\/strong> Si svolger\u00e0 venerd\u00ec pomeriggio il consiglio comunale a Belluno, e il gruppo consiliare di opposizione Valore Comune presenta le sue interrogazioni, tra il caso asili nido e il futuro del ponte bailey.<\/p>\n<p><strong>DI DANIELE DALVIT<\/strong><\/p>\n<audio class=\"wp-audio-shortcode\" id=\"audio-357246-3\" preload=\"none\" style=\"width: 100%;\" controls=\"controls\"><source type=\"audio\/mpeg\" src=\"https:\/\/www.radiopiu.net\/wordpress\/wp-content\/uploads\/2023\/10\/Radio-Piu-Servizio-Valore-Comune-asili-e-bailey.mp3?_=3\" \/><a href=\"https:\/\/www.radiopiu.net\/wordpress\/wp-content\/uploads\/2023\/10\/Radio-Piu-Servizio-Valore-Comune-asili-e-bailey.mp3\">https:\/\/www.radiopiu.net\/wordpress\/wp-content\/uploads\/2023\/10\/Radio-Piu-Servizio-Valore-Comune-asili-e-bailey.mp3<\/a><\/audio>\n<p>&nbsp;<\/p>\n<hr \/>\n<p>&nbsp;<\/p>\n<blockquote>\n<h3>L&#8217;AIUTO DEI LIONS E DELLA CROCE ROSSA NEL DOPO VAJONT<\/h3>\n<\/blockquote>\n<p><strong><a class=\"dt-pswp-item\" href=\"https:\/\/www.radiopiu.net\/wordpress\/wp-content\/uploads\/2023\/10\/JGHGH.png\" data-dt-img-description=\"\" data-large_image_width=\"541\" data-large_image_height=\"309\"><img loading=\"lazy\" decoding=\"async\" class=\" wp-image-357372 alignleft\" src=\"https:\/\/www.radiopiu.net\/wordpress\/wp-content\/uploads\/2023\/10\/JGHGH-300x171.png\" alt=\"\" width=\"189\" height=\"108\" srcset=\"https:\/\/www.radiopiu.net\/wordpress\/wp-content\/uploads\/2023\/10\/JGHGH-300x171.png 300w, https:\/\/www.radiopiu.net\/wordpress\/wp-content\/uploads\/2023\/10\/JGHGH.png 541w\" sizes=\"auto, (max-width: 189px) 100vw, 189px\" \/><\/a>BELLUNO <\/strong>Il Lions Club Belluno e il Comitato di Belluno della Croce Rossa hanno organizzato una conferenza il 17 ottobre nella sala Muccin, volta a rievocare ricordi, emozioni e ideali condivisi. Questo incontro ha rinsaldato il legame di amicizia tra le due organizzazioni di volontariato, che operano a livello internazionale e locale per aiutare coloro in difficolt\u00e0. La presidente del Lions Club Belluno, Mariateresa Busatta, ha sottolineato come l&#8217;idea iniziale di creare una Casa per anziani per assistere chi era rimasto solo o aveva bisogno di aiuto dopo il disastro del Vajont sia stata portata a compimento nel novembre del 1970 grazie agli sforzi congiunti di vari club Lions, della Croce Rossa, e del quotidiano &#8220;L&#8217;Arena di Verona&#8221;. Il generale Angelo Baraldo, membro del Lions Club e soccorritore nel disastro del Vajont, \u00e8 stato ricordato con affetto per il suo impegno nella documentazione storica di quegli eventi. L&#8217;assessore ai servizi sociali di Belluno, Marco Dal Pont, ha espresso gratitudine alle associazioni per il loro aiuto alla comunit\u00e0 bellunese. Il sindaco di Longarone, Roberto Padrin, ha condiviso racconti e aneddoti toccanti relativi ai soccorritori e alle vittime del disastro del Vajont, riconoscendo il contributo significativo della Croce Rossa e del Lions Club Belluno nella sua comunit\u00e0. Inoltre, ha menzionato il conferimento della cittadinanza onoraria del Comune di Longarone alla Croce Rossa in riconoscimento dell&#8217;importante assistenza fornita dopo il disastro.<\/p>\n<p>&nbsp;<\/p>\n<p>&nbsp;<\/p>\n<hr \/>\n<p>&nbsp;<\/p>\n<blockquote>\n<h3>A CENCENIGHE IL CONSIGLIO COMUNALE<\/h3>\n<\/blockquote>\n<p><strong>CENCENIGHE<\/strong> Il sindaco di Cencenighe Mauro Soppelsa ha convocato il consiglio comunale per domani alle 20:30. Quattro punti all&#8217;ordine del giorno tra cui una variazione a bilancio e la fusione tra BIM GSP e BIM Infrastrutture<\/p>\n<p>&nbsp;<\/p>\n<p>&nbsp;<\/p>\n<hr \/>\n<p>&nbsp;<\/p>\n<blockquote>\n<h2><strong>Salute mentale: i prossimi open day\u00a0<\/strong><\/h2>\n<\/blockquote>\n<p><strong>BELLUNO <\/strong>Continua il ciclo di Open Day presso le sedi dei Centri di Salute Mentale del territorio, promossi dall\u2019Ulss Dolomiti con il Dipartimento di Salute Mentale. L\u2019Open Day rappresenta un punto di ascolto dedicato per trovare aiuto, avere informazioni su come approcciarsi a persone vicine in difficolt\u00e0 e trovare un supporto. Dopo il CSM di Agordo della scorsa settimana, i prossimi open day si terranno: 21 ottobre a Belluno<\/p>\n<p>&nbsp;<\/p>\n<blockquote>\n<h3>UN INCONTRO SUL GIOCO D&#8217;AZZARDO<\/h3>\n<\/blockquote>\n<p><strong>BELLUNO <\/strong>L\u2019Ulss Dolomiti, con il Dipartimento delle Dipendenze, in collaborazione con lo Sportello amministrazione di sostegno della provincia di Belluno in capo al Comitato d\u2019Intesa, organizza un corso di formazione dal titolo \u201cL\u2019azzardo: diagnosi e consapevolezza finanziaria\u201d. Il percorso, rivolto principalmente agli amministratori di sostegno, si terr\u00e0 domani dalle 14.30 alle 18.30 nella Sala Luciani del Centro Giovanni XXIII, in Piazza Piloni a Belluno.<\/p>\n<p>&nbsp;<\/p>\n<div class=\"page-title-head hgroup\">\n<blockquote>\n<h2>Una serata al cinema per l\u2019affido familiare<\/h2>\n<\/blockquote>\n<\/div>\n<p><strong>BELLUNO<\/strong> I Centri per l\u2019Affido e la Solidariet\u00e0 Familiare dell\u2019Ulss Dolomiti, organizzano una serata al cinema per promuovere l\u2019affido e la solidariet\u00e0 familiare.\u00a0 Mercoled\u00ec 25 ottobre 2023 alle 20.30 al Officinema di Feltre.\u00a0 Sar\u00e0 proiettato il film \u201cNata per te\u201d. Un racconto attuale sul valore dell\u2019accoglienza, che accanto ad una storia e un gesto d\u2019amore, permette di riflettere sul confine tra affido familiare e adozione, in vista dell\u2019avvio del corso informativo sull\u2019affido familiare. La proiezione sar\u00e0 introdotta e seguita da alcuni interventi degli operatori del centro per l\u2019affido e la solidariet\u00e0 familiare dell\u2019Ulss Dolomit, partecipazione\u00a0 gratuita e aperta a tutti.<\/p>\n<p>&nbsp;<\/p>\n<p>&nbsp;<\/p>\n<hr \/>\n<p>&nbsp;<\/p>\n<blockquote>\n<h2><strong>Lorenzo Citterio: Un Eccellente Allievo del Liceo Tiziano di Belluno \u00e8 Alfiere del Lavoro<\/strong><\/h2>\n<p><a class=\"dt-pswp-item\" href=\"https:\/\/www.radiopiu.net\/wordpress\/wp-content\/uploads\/2023\/10\/Senza-nome-47.png\" data-dt-img-description=\"\" data-large_image_width=\"531\" data-large_image_height=\"274\"><img loading=\"lazy\" decoding=\"async\" class=\"size-medium wp-image-357353 alignleft\" src=\"https:\/\/www.radiopiu.net\/wordpress\/wp-content\/uploads\/2023\/10\/Senza-nome-47-300x155.png\" alt=\"\" width=\"300\" height=\"155\" srcset=\"https:\/\/www.radiopiu.net\/wordpress\/wp-content\/uploads\/2023\/10\/Senza-nome-47-300x155.png 300w, https:\/\/www.radiopiu.net\/wordpress\/wp-content\/uploads\/2023\/10\/Senza-nome-47.png 531w\" sizes=\"auto, (max-width: 300px) 100vw, 300px\" \/><\/a><strong>ROMA<\/strong> Ieri, al Quirinale, il Presidente della Repubblica Italiana ha insignito Lorenzo Citterio, un ex allievo del Liceo Classico Tiziano di Belluno, del prestigioso titolo di Alfiere del Lavoro. Questo onore \u00e8 stato conferito a Lorenzo insieme ad altri 24 giovani talenti provenienti da diverse regioni d&#8217;Italia. Lorenzo Citterio si \u00e8 diplomato con lode al Liceo Classico Tiziano solo pochi mesi fa, ma il suo percorso scolastico \u00e8 stato eccezionale sin dall&#8217;inizio. Con una media del 10 nella classe quinta, ha dimostrato una dedizione straordinaria agli studi. Oltre alla sua eccellenza accademica, Lorenzo si \u00e8 fatto notare in numerose competizioni nazionali ed europee, coprendo una vasta gamma di discipline, sia scientifiche che umanistiche.<\/p><\/blockquote>\n<div class=\"flex-1 overflow-hidden\">\n<div class=\"react-scroll-to-bottom--css-gkmub-79elbk h-full dark:bg-gray-800\">\n<div class=\"react-scroll-to-bottom--css-gkmub-1n7m0yu\">\n<div class=\"flex flex-col text-sm dark:bg-gray-800\">\n<div class=\"group final-completion w-full text-token-text-primary border-b border-black\/10 gizmo:border-0 dark:border-gray-900\/50 gizmo:dark:border-0 bg-gray-50 gizmo:bg-transparent dark:bg-[#444654] gizmo:dark:bg-transparent\" data-testid=\"conversation-turn-3\">\n<div class=\"p-4 justify-center text-base md:gap-6 md:py-6 m-auto\">\n<div class=\"flex flex-1 gap-4 text-base mx-auto md:gap-6 gizmo:gap-3 gizmo:md:px-5 gizmo:lg:px-1 gizmo:xl:px-5 md:max-w-2xl lg:max-w-[38rem] gizmo:md:max-w-3xl gizmo:lg:max-w-[40rem] gizmo:xl:max-w-[48rem] xl:max-w-3xl }\">\n<div class=\"relative flex w-[calc(100%-50px)] flex-col gizmo:w-full lg:w-[calc(100%-115px)] agent-turn\">\n<div class=\"flex-col gap-1 md:gap-3\">\n<div class=\"flex justify-between empty:hidden gizmo:justify-start gizmo:gap-3 lg:block\">\n<div class=\"text-gray-400 flex self-end lg:self-center justify-center gizmo:lg:justify-start mt-2 gizmo:mt-0 visible lg:gap-1 lg:absolute lg:top-0 lg:translate-x-full lg:right-0 lg:mt-0 lg:pl-2 gap-2 md:gap-3\"><\/div>\n<\/div>\n<\/div>\n<\/div>\n<\/div>\n<\/div>\n<\/div>\n<\/div>\n<\/div>\n<\/div>\n<\/div>\n<hr \/>\n<p>&nbsp;<\/p>\n<p>&nbsp;<\/p>\n<div class=\"page-title-head hgroup\">\n<blockquote>\n<h3 class=\"entry-title\">DOMENICA A CENCENIGHE LA GIORNATA DEGLI EMIGRANTI<\/h3>\n<\/blockquote>\n<p><strong>DI GIANNI SANTOMASO<\/strong><\/p>\n<audio class=\"wp-audio-shortcode\" id=\"audio-357246-4\" preload=\"none\" style=\"width: 100%;\" controls=\"controls\"><source type=\"audio\/mpeg\" src=\"https:\/\/www.radiopiu.net\/wordpress\/wp-content\/uploads\/2023\/10\/GIANNI-A-CENCENIGHE-EX-AMIGRANTI-AGORDINO.mp3?_=4\" \/><a href=\"https:\/\/www.radiopiu.net\/wordpress\/wp-content\/uploads\/2023\/10\/GIANNI-A-CENCENIGHE-EX-AMIGRANTI-AGORDINO.mp3\">https:\/\/www.radiopiu.net\/wordpress\/wp-content\/uploads\/2023\/10\/GIANNI-A-CENCENIGHE-EX-AMIGRANTI-AGORDINO.mp3<\/a><\/audio>\n<p>&nbsp;<\/p>\n<\/div>\n<p><strong>CENCENIGHE <\/strong>Domenica 22 ottobre, a Cencenighe Agordino, si celebrer\u00e0 la Giornata degli Emigranti dell&#8217;Agordino, un evento organizzato dalla Famiglia ex emigranti dell&#8217;associazione Bellunesi nel mondo. Dopo una pausa dovuta al COVID, l&#8217;evento ritorna per riunire coloro che sono emigrati in Italia o all&#8217;estero, iniziando con una cerimonia al monumento agli emigranti, seguita da una messa officiata da Don Luigi Canal. Saranno anche presentati i libri della scrittrice Flora Costa con letture dei suoi brani. Il pranzo avr\u00e0 luogo presso l&#8217;Antica trattoria Pal\u00f9, e le prenotazioni possono essere effettuate al numero 339 2114469.<\/p>\n<p>&nbsp;<\/p>\n\n\t\t\t<style type='text\/css'>\n\t\t\t\t#gallery-2 {\n\t\t\t\t\tmargin: auto;\n\t\t\t\t}\n\t\t\t\t#gallery-2 .gallery-item {\n\t\t\t\t\tfloat: left;\n\t\t\t\t\tmargin-top: 10px;\n\t\t\t\t\ttext-align: center;\n\t\t\t\t\twidth: 50%;\n\t\t\t\t}\n\t\t\t\t#gallery-2 img {\n\t\t\t\t\tborder: 2px solid #cfcfcf;\n\t\t\t\t}\n\t\t\t\t#gallery-2 .gallery-caption {\n\t\t\t\t\tmargin-left: 0;\n\t\t\t\t}\n\t\t\t\t\/* see gallery_shortcode() in wp-includes\/media.php *\/\n\t\t\t<\/style>\n\t\t<div id='gallery-2' class='dt-gallery-container gallery galleryid-357246 gallery-columns-2 gallery-size-medium'><dl class='gallery-item'>\n\t\t\t\t<dt class='gallery-icon portrait'>\n\t\t\t\t\t<a class=\"rollover rollover-zoom dt-pswp-item\" title=\"presentazione libri Flora Costa\" data-dt-img-description=\"\" data-large_image_width=\"1754\" data-large_image_height=\"2480\"href='https:\/\/www.radiopiu.net\/wordpress\/wp-content\/uploads\/2023\/10\/presentazione-libri-Flora-Costa.jpg'><img loading=\"lazy\" decoding=\"async\" width=\"212\" height=\"300\" src=\"https:\/\/www.radiopiu.net\/wordpress\/wp-content\/uploads\/2023\/10\/presentazione-libri-Flora-Costa-212x300.jpg\" class=\"attachment-medium size-medium\" alt=\"\" srcset=\"https:\/\/www.radiopiu.net\/wordpress\/wp-content\/uploads\/2023\/10\/presentazione-libri-Flora-Costa-212x300.jpg 212w, https:\/\/www.radiopiu.net\/wordpress\/wp-content\/uploads\/2023\/10\/presentazione-libri-Flora-Costa-724x1024.jpg 724w, https:\/\/www.radiopiu.net\/wordpress\/wp-content\/uploads\/2023\/10\/presentazione-libri-Flora-Costa-768x1086.jpg 768w, https:\/\/www.radiopiu.net\/wordpress\/wp-content\/uploads\/2023\/10\/presentazione-libri-Flora-Costa-1086x1536.jpg 1086w, https:\/\/www.radiopiu.net\/wordpress\/wp-content\/uploads\/2023\/10\/presentazione-libri-Flora-Costa-1448x2048.jpg 1448w, https:\/\/www.radiopiu.net\/wordpress\/wp-content\/uploads\/2023\/10\/presentazione-libri-Flora-Costa.jpg 1754w\" sizes=\"auto, (max-width: 212px) 100vw, 212px\" \/><\/a>\n\t\t\t\t<\/dt><\/dl><dl class='gallery-item'>\n\t\t\t\t<dt class='gallery-icon portrait'>\n\t\t\t\t\t<a class=\"rollover rollover-zoom dt-pswp-item\" title=\"invito pranzo famiglia ex emigranti Agordino\" data-dt-img-description=\"\" data-large_image_width=\"1240\" data-large_image_height=\"1754\"href='https:\/\/www.radiopiu.net\/wordpress\/wp-content\/uploads\/2023\/10\/invito-pranzo-famiglia-ex-emigranti-Agordino.jpg'><img loading=\"lazy\" decoding=\"async\" width=\"212\" height=\"300\" src=\"https:\/\/www.radiopiu.net\/wordpress\/wp-content\/uploads\/2023\/10\/invito-pranzo-famiglia-ex-emigranti-Agordino-212x300.jpg\" class=\"attachment-medium size-medium\" alt=\"\" srcset=\"https:\/\/www.radiopiu.net\/wordpress\/wp-content\/uploads\/2023\/10\/invito-pranzo-famiglia-ex-emigranti-Agordino-212x300.jpg 212w, https:\/\/www.radiopiu.net\/wordpress\/wp-content\/uploads\/2023\/10\/invito-pranzo-famiglia-ex-emigranti-Agordino-724x1024.jpg 724w, https:\/\/www.radiopiu.net\/wordpress\/wp-content\/uploads\/2023\/10\/invito-pranzo-famiglia-ex-emigranti-Agordino-768x1086.jpg 768w, https:\/\/www.radiopiu.net\/wordpress\/wp-content\/uploads\/2023\/10\/invito-pranzo-famiglia-ex-emigranti-Agordino-1086x1536.jpg 1086w, https:\/\/www.radiopiu.net\/wordpress\/wp-content\/uploads\/2023\/10\/invito-pranzo-famiglia-ex-emigranti-Agordino.jpg 1240w\" sizes=\"auto, (max-width: 212px) 100vw, 212px\" \/><\/a>\n\t\t\t\t<\/dt><\/dl><br style=\"clear: both\" \/>\n\t\t\t<\/div>\n\n<p>&nbsp;<\/p>\n<hr \/>\n<p>&nbsp;<\/p>\n<blockquote>\n<h3>AL VIA OGGI TRACCE DI FOLIAGE<\/h3>\n<\/blockquote>\n<p><strong>BELLUNO<\/strong> La rassegna &#8220;Tracce di foliage. I colori di Belluno&#8221; inizia\u00a0 questa sera, alle 18 presso il Salone nobile di Palazzo Fulcis a Belluno. Questo evento \u00e8 stato ideato dall&#8217;assessorato al Turismo del Comune di Belluno e si terr\u00e0 fino al 29 ottobre. La serata di apertura sar\u00e0 dedicata al &#8220;Foliage nel mondo&#8221; e vedr\u00e0 la partecipazione di Marco Migliardi e Elisa Calcamuggi, che condivideranno emozioni legate ai cambiamenti di colore delle foglie in autunno in diverse parti del mondo. L&#8217;ingresso \u00e8 gratuito, ma \u00e8 necessaria una prenotazione.<\/p>\n<p>&nbsp;<\/p>\n<p>&nbsp;<\/p>\n<hr \/>\n<p>&nbsp;<\/p>\n<blockquote>\n<h3>IL BANDO DOTE SPORT, PROSSIMA SCADENZA 6 NOVEMBRE<\/h3>\n<\/blockquote>\n<p><strong>BELLUNO <\/strong>\u00c8 stato pubblicato nel sito del Comune di Belluno l\u2019avviso relativo al progetto \u201cDote Sport\u201d 2023, per l\u2019assegnazione di un contributo alle famiglie per favorire la partecipazione di bambini e ragazzi tra i 5 e i 16 anni alla pratica sportiva svolta da societ\u00e0 o associazioni sportive dilettantistiche, attraverso un sostegno economico. Per informazioni, \u00e8 possibile rivolgersi all\u2019Ufficio Sport: sport@comune.belluno.it, 0437 914141<\/p>\n<p>&nbsp;<\/p>\n<hr \/>\n<p>&nbsp;<\/p>\n<blockquote>\n<h3>E&#8217; TOMASO ZAMPIERI IL NUOVO DIRETTORE DI SOCIETA&#8217; NUOVA<\/h3>\n<\/blockquote>\n<p><strong>BELLUNO <\/strong>Tomaso Zampieri \u00e8 il nuovo direttore di Societ\u00e0 Nuova, cooperativa sociale. Societ\u00e0 Nuova \u00e8 una realt\u00e0 variegata, fatta di tante persone che ogni giorno lavorano con impegno a favore di altre persone in un settore, quello del sociale, che \u00e8 fondamentale e che ricopre sempre maggiore importanza. Zampieri ha davanti a s\u00e9 la gestione di una Cooperativa che conta tra Agordo e Belluno cinque centri diurni e due comunit\u00e0 alloggio per persone con disabilit\u00e0<\/p>\n<p>&nbsp;<\/p>\n<p>&nbsp;<\/p>\n<hr \/>\n<p>&nbsp;<\/p>\n<blockquote>\n<h3>CITTA&#8217; ALPINE DELL&#8217;ANNO, BELLUNO TORNA NEL DIRETTIVO<\/h3>\n<\/blockquote>\n<p><strong>BELLUNO<\/strong>\u00a0 \u00a0L\u2019assessore al turismo Paolo Luciani \u00e8 stato eletto nel direttivo accanto a colleghi assessori di altri Comuni associati. Un ritorno importante che riunisce e mette in dialogo citt\u00e0 alpine simili a Belluno, con gli stessi problemi e le stesse esigenze. \u00abPer noi sar\u00e0 lo stimolo a partecipare ancora pi\u00f9 attivamente alla vita associativa, a portare le nostre buone pratiche all\u2019attenzione dei soci e a condividere con essi progetti e bandi, come abbiamo gi\u00e0 fatto con ottimi risultati quest\u2019anno\u00bb ha detto l&#8217;assessore Paolo Luciani.<\/p>\n<p>&nbsp;<\/p>\n<hr \/>\n<p>&nbsp;<\/p>\n<blockquote>\n<h3>UNA TARGA IN RICORDO DI DAMIANA<\/h3>\n<\/blockquote>\n<p><strong>BELLUNO<\/strong> Alla\u00a0scuola dell\u2019infanzia San Gaetano di Castion, \u00e8 stata inaugurata la targa commemorativa in ricordo di Damiana Lucchetta, stimata professionista in ambito sociale, sempre a sostegno delle famiglie del territorio, soprattutto quelle in condizione di fragilit\u00e0.\u00a0 Dopo la prematura scomparsa del giovane figlio Luigi ha accettato l\u2019invito dell\u2019allora direttrice Emilietta De Bona di donare la sua professionalit\u00e0 al servizio dei bambini e dei loro bisogni.\u2018\u2018Sala Damiana\u2019\u2019 \u00e8 un\u00a0 segno di riconoscenza ad una donna, moglie e madre che ha lasciato un segno importante nella\u00a0 comunit\u00e0.<\/p>\n<p>&nbsp;<\/p>\n<p>&nbsp;<\/p>\n<p>&nbsp;<\/p>\n<hr \/>\n<p>&nbsp;<\/p>\n<blockquote>\n<h3>CISL LA VOCE PER I LAVORATORI, LA PUNTATA DI IERI CON ALESSIO PICCOLI<\/h3>\n<\/blockquote>\n<p>di mirko mezzacasa<\/p>\n<p><a class=\"dt-pswp-item\" href=\"https:\/\/www.radiopiu.net\/wordpress\/wp-content\/uploads\/2023\/10\/Senza-nome-7.png\" data-dt-img-description=\"\" data-large_image_width=\"235\" data-large_image_height=\"378\"><img loading=\"lazy\" decoding=\"async\" class=\"wp-image-355326 alignleft\" src=\"https:\/\/www.radiopiu.net\/wordpress\/wp-content\/uploads\/2023\/10\/Senza-nome-7-187x300.png\" alt=\"\" width=\"92\" height=\"148\" srcset=\"https:\/\/www.radiopiu.net\/wordpress\/wp-content\/uploads\/2023\/10\/Senza-nome-7-187x300.png 187w, https:\/\/www.radiopiu.net\/wordpress\/wp-content\/uploads\/2023\/10\/Senza-nome-7.png 235w\" sizes=\"auto, (max-width: 92px) 100vw, 92px\" \/><\/a>18 OTTOBRE 2023<\/p>\n<blockquote>\n<h3>PUNTATA 46, ALESSIO PICCOLI<\/h3>\n<\/blockquote>\n<p>&nbsp;<\/p>\n<p>&nbsp;<\/p>\n<audio class=\"wp-audio-shortcode\" id=\"audio-357246-5\" preload=\"none\" style=\"width: 100%;\" controls=\"controls\"><source type=\"audio\/mpeg\" src=\"https:\/\/www.radiopiu.net\/wordpress\/wp-content\/uploads\/2023\/10\/FEMCA-CISL-2.mp3?_=5\" \/><a href=\"https:\/\/www.radiopiu.net\/wordpress\/wp-content\/uploads\/2023\/10\/FEMCA-CISL-2.mp3\">https:\/\/www.radiopiu.net\/wordpress\/wp-content\/uploads\/2023\/10\/FEMCA-CISL-2.mp3<\/a><\/audio>\n<p>LA RACCOLTA COMPLETA <a href=\"https:\/\/www.radiopiu.net\/wordpress\/cisl-e-femca-cisl-la-vocef\/\"><span style=\"color: #0000ff;\"><strong>CLICCA QUI<\/strong><\/span><\/a><\/p>\n<p>&nbsp;<\/p>\n<hr \/>\n<p>&nbsp;<\/p>\n<p>&nbsp;<\/p>\n<blockquote>\n<h3><a class=\"dt-pswp-item\" href=\"https:\/\/www.radiopiu.net\/wordpress\/wp-content\/uploads\/2021\/11\/scuola-zaino.jpg\" data-dt-img-description=\"\" data-large_image_width=\"626\" data-large_image_height=\"417\"><img loading=\"lazy\" decoding=\"async\" class=\"wp-image-241814 alignleft\" src=\"https:\/\/www.radiopiu.net\/wordpress\/wp-content\/uploads\/2021\/11\/scuola-zaino-300x200.jpg\" alt=\"\" width=\"131\" height=\"87\" srcset=\"https:\/\/www.radiopiu.net\/wordpress\/wp-content\/uploads\/2021\/11\/scuola-zaino-300x200.jpg 300w, https:\/\/www.radiopiu.net\/wordpress\/wp-content\/uploads\/2021\/11\/scuola-zaino.jpg 626w\" sizes=\"auto, (max-width: 131px) 100vw, 131px\" \/><\/a>SE NON LA SMETTI TI MANDO DAL PRESIDE, SESTA PUNTATA CON LA PROF. MARIA ROSA SALMAZO<\/h3>\n<\/blockquote>\n<p><strong>di mirko mezzacasa<\/strong><\/p>\n<audio class=\"wp-audio-shortcode\" id=\"audio-357246-6\" preload=\"none\" style=\"width: 100%;\" controls=\"controls\"><source type=\"audio\/mpeg\" src=\"https:\/\/www.radiopiu.net\/wordpress\/wp-content\/uploads\/2023\/10\/se-non-la-smetti-6-2023.mp3?_=6\" \/><a href=\"https:\/\/www.radiopiu.net\/wordpress\/wp-content\/uploads\/2023\/10\/se-non-la-smetti-6-2023.mp3\">https:\/\/www.radiopiu.net\/wordpress\/wp-content\/uploads\/2023\/10\/se-non-la-smetti-6-2023.mp3<\/a><\/audio>\n<p>&nbsp;<\/p>\n<p>&nbsp;<\/p>\n<p>&nbsp;<\/p>\n<hr \/>\n<p>&nbsp;<\/p>\n<div class=\"page-title-head hgroup\">\n<blockquote>\n<h3 class=\"entry-title\">NEL BOSCO INCANTATO DEL GARDEN DOLOMITI PICCHIO E FARAONA<\/h3>\n<\/blockquote>\n<\/div>\n<div class=\"page-title-breadcrumbs\">\n<hr \/>\n<hr \/>\n<hr \/>\n<hr \/>\n<p>MAGICA ESPOSIZIONE,\u00a0 ADDOBBI E COLORI, IL BOSCO INCANTATO, UN MONDO DI LUCI, PRESEPE A MODO TUO,\u00a0 LE MERAVIGLIOSE IDEE REGALO. UN PERCORSO CHE\u00a0 AFFASCINA\u00a0 PER CURA E CREATIVITA&#8217;. A BELLUNO VIA DEL BOSCON\u00a0\u00a0\u00a0 <a class=\"moz-txt-link-abbreviated\" href=\"http:\/\/www.dolomitigarden.it\">www.dolomitigarden.it<\/a> WORK IN PROGRESS AL DOLOMITI GARDEN &#8230; SEGUI SU RADIO PIU&#8217; LE ULTIME NOVITA&#8217;&#8230;. DA BELLUNO&#8230; STEFANO DE PARIS.<\/p>\n<p>&nbsp;<\/p>\n<p><strong>PUNTATA 05&#8230; CON LA MOTOSEGA &#8220;MA CHE C**o STAI FACENDO?&#8221;<\/strong><br \/>\n<strong>DI MIRKO MEZZACASA<\/strong><\/p>\n<audio class=\"wp-audio-shortcode\" id=\"audio-357246-7\" preload=\"none\" style=\"width: 100%;\" controls=\"controls\"><source type=\"audio\/mpeg\" src=\"https:\/\/www.radiopiu.net\/wordpress\/wp-content\/uploads\/2023\/10\/de-paris-5.mp3?_=7\" \/><a href=\"https:\/\/www.radiopiu.net\/wordpress\/wp-content\/uploads\/2023\/10\/de-paris-5.mp3\">https:\/\/www.radiopiu.net\/wordpress\/wp-content\/uploads\/2023\/10\/de-paris-5.mp3<\/a><\/audio>\n<p>&nbsp;<\/p>\n\n\t\t\t<style type='text\/css'>\n\t\t\t\t#gallery-3 {\n\t\t\t\t\tmargin: auto;\n\t\t\t\t}\n\t\t\t\t#gallery-3 .gallery-item {\n\t\t\t\t\tfloat: left;\n\t\t\t\t\tmargin-top: 10px;\n\t\t\t\t\ttext-align: center;\n\t\t\t\t\twidth: 25%;\n\t\t\t\t}\n\t\t\t\t#gallery-3 img {\n\t\t\t\t\tborder: 2px solid #cfcfcf;\n\t\t\t\t}\n\t\t\t\t#gallery-3 .gallery-caption {\n\t\t\t\t\tmargin-left: 0;\n\t\t\t\t}\n\t\t\t\t\/* see gallery_shortcode() in wp-includes\/media.php *\/\n\t\t\t<\/style>\n\t\t<div id='gallery-3' class='dt-gallery-container gallery galleryid-357246 gallery-columns-4 gallery-size-thumbnail'><dl class='gallery-item'>\n\t\t\t\t<dt class='gallery-icon portrait'>\n\t\t\t\t\t<a class=\"rollover rollover-zoom dt-pswp-item\" title=\"4f6c8f1e-a076-4754-a043-441734c7b390\" data-dt-img-description=\"\" data-large_image_width=\"1200\" data-large_image_height=\"1600\"href='https:\/\/www.radiopiu.net\/wordpress\/wp-content\/uploads\/2023\/10\/4f6c8f1e-a076-4754-a043-441734c7b390.jpg'><img loading=\"lazy\" decoding=\"async\" width=\"150\" height=\"150\" src=\"https:\/\/www.radiopiu.net\/wordpress\/wp-content\/uploads\/2023\/10\/4f6c8f1e-a076-4754-a043-441734c7b390-150x150.jpg\" class=\"attachment-thumbnail size-thumbnail\" alt=\"\" \/><\/a>\n\t\t\t\t<\/dt><\/dl><dl class='gallery-item'>\n\t\t\t\t<dt class='gallery-icon portrait'>\n\t\t\t\t\t<a class=\"rollover rollover-zoom dt-pswp-item\" title=\"a3922c90-cb55-415d-9844-c19173bf95e2\" data-dt-img-description=\"\" data-large_image_width=\"1200\" data-large_image_height=\"1600\"href='https:\/\/www.radiopiu.net\/wordpress\/wp-content\/uploads\/2023\/10\/a3922c90-cb55-415d-9844-c19173bf95e2.jpg'><img loading=\"lazy\" decoding=\"async\" width=\"150\" height=\"150\" src=\"https:\/\/www.radiopiu.net\/wordpress\/wp-content\/uploads\/2023\/10\/a3922c90-cb55-415d-9844-c19173bf95e2-150x150.jpg\" class=\"attachment-thumbnail size-thumbnail\" alt=\"\" \/><\/a>\n\t\t\t\t<\/dt><\/dl><dl class='gallery-item'>\n\t\t\t\t<dt class='gallery-icon portrait'>\n\t\t\t\t\t<a class=\"rollover rollover-zoom dt-pswp-item\" title=\"c3dfcc76-2ca2-4fbf-8a75-49c5a8efc114\" data-dt-img-description=\"\" data-large_image_width=\"1200\" data-large_image_height=\"1600\"href='https:\/\/www.radiopiu.net\/wordpress\/wp-content\/uploads\/2023\/10\/c3dfcc76-2ca2-4fbf-8a75-49c5a8efc114.jpg'><img loading=\"lazy\" decoding=\"async\" width=\"150\" height=\"150\" src=\"https:\/\/www.radiopiu.net\/wordpress\/wp-content\/uploads\/2023\/10\/c3dfcc76-2ca2-4fbf-8a75-49c5a8efc114-150x150.jpg\" class=\"attachment-thumbnail size-thumbnail\" alt=\"\" \/><\/a>\n\t\t\t\t<\/dt><\/dl><dl class='gallery-item'>\n\t\t\t\t<dt class='gallery-icon portrait'>\n\t\t\t\t\t<a class=\"rollover rollover-zoom dt-pswp-item\" title=\"0a2ddef8-7e39-4615-bb5f-02e4dc3591c3\" data-dt-img-description=\"\" data-large_image_width=\"1200\" data-large_image_height=\"1600\"href='https:\/\/www.radiopiu.net\/wordpress\/wp-content\/uploads\/2023\/10\/0a2ddef8-7e39-4615-bb5f-02e4dc3591c3.jpg'><img loading=\"lazy\" decoding=\"async\" width=\"150\" height=\"150\" src=\"https:\/\/www.radiopiu.net\/wordpress\/wp-content\/uploads\/2023\/10\/0a2ddef8-7e39-4615-bb5f-02e4dc3591c3-150x150.jpg\" class=\"attachment-thumbnail size-thumbnail\" alt=\"\" \/><\/a>\n\t\t\t\t<\/dt><\/dl><br style=\"clear: both\" \/>\n\t\t\t<\/div>\n\n<p>&nbsp;<\/p>\n<p>&nbsp;<\/p>\n<\/div>\n<p>&nbsp;<\/p>\n<hr \/>\n<p>&nbsp;<\/p>\n<blockquote class=\"wp-embedded-content\" data-secret=\"eFbAH7ZtOf\"><p><a href=\"https:\/\/www.radiopiu.net\/wordpress\/rimasti-piu-avanti-p16\/\">&#8220;RIMASTI PIU&#8217; AVANTI&#8221;, ALLA SCOPERTA DELLA MUSICA BELLUNESE CON MARCO V. DAL FARRA<\/a><\/p><\/blockquote>\n<p><iframe loading=\"lazy\" class=\"wp-embedded-content\" sandbox=\"allow-scripts\" security=\"restricted\" style=\"position: absolute; clip: rect(1px, 1px, 1px, 1px);\" title=\"&#8220;&#8220;RIMASTI PIU&#8217; AVANTI&#8221;, ALLA SCOPERTA DELLA MUSICA BELLUNESE CON MARCO V. DAL FARRA&#8221; &#8212; Radio Pi\u00f9\" src=\"https:\/\/www.radiopiu.net\/wordpress\/rimasti-piu-avanti-p16\/embed\/#?secret=oxe7AwZekl#?secret=eFbAH7ZtOf\" data-secret=\"eFbAH7ZtOf\" width=\"600\" height=\"338\" frameborder=\"0\" marginwidth=\"0\" marginheight=\"0\" scrolling=\"no\"><\/iframe><\/p>\n<p>&nbsp;<\/p>\n<hr \/>\n<p>&nbsp;<\/p>\n<h2><span style=\"color: #ff0000;\">GLI APPUNTAMENTI DELLA SETTIMANA\u00a0<\/span><\/h2>\n<p>&nbsp;<\/p>\n<blockquote>\n<h3>LA GRANDE MUSICA A FELTRE<\/h3>\n<\/blockquote>\n<p>Danilo Rea, tra i pianisti jazz pi\u00f9 amati al mondo, aprir\u00e0 sabato 21 ottobre la stagione di \u201cJazz Time\u201d la storica rassegna dell\u2019Unisono club di Palazzo Guarnieri, in piazza Maggiore a Feltre.<\/p>\n<p>&nbsp;<\/p>\n<blockquote>\n<h3>VOCE MEA, ISCRIZIONI APERTE<\/h3>\n<\/blockquote>\n<p>Aperte le iscrizioni al quindicesimo Corso di formazione personale in Funzionalit\u00e0 vocale e strumentale promosso dall\u2019associazione Voce Mea di S. Giustina, per la direzione artistica di Maria Silvia Roveri. \u00a0Le domande di ammissione chiudono il 15 novembre. Per maggiori informazioni contattare Voce Mea: 0437 859296, info@vocemea.it, www.vocemea.it<\/p>\n<p>&nbsp;<\/p>\n<blockquote>\n<h3>La Rassegna dei Cori Agordini<\/h3>\n<\/blockquote>\n<p><strong><a class=\"dt-pswp-item\" href=\"https:\/\/www.radiopiu.net\/wordpress\/wp-content\/uploads\/2023\/10\/th-11.jpg\" data-dt-img-description=\"\" data-large_image_width=\"334\" data-large_image_height=\"180\"><img loading=\"lazy\" decoding=\"async\" class=\"size-medium wp-image-356532 alignleft\" src=\"https:\/\/www.radiopiu.net\/wordpress\/wp-content\/uploads\/2023\/10\/th-11-300x162.jpg\" alt=\"\" width=\"300\" height=\"162\" srcset=\"https:\/\/www.radiopiu.net\/wordpress\/wp-content\/uploads\/2023\/10\/th-11-300x162.jpg 300w, https:\/\/www.radiopiu.net\/wordpress\/wp-content\/uploads\/2023\/10\/th-11.jpg 334w\" sizes=\"auto, (max-width: 300px) 100vw, 300px\" \/><\/a>FALCADE<\/strong> Domenica 22 ottobre alle 17 alla sala Dolomiti di Falcade 46a edizione della Rassegna dei cori Agordini. Un coro femminile, uno misto e tre maschili. Al Palafalcade si esibiranno il Coro Femminile Col di Lana, il Coro Alpino Monte Civetta, il Coro Agordo, Il Coro Fodom e il Coro Val Biois (FOTO) che curer\u00e0 l\u2019organizzazione della rassegna itinerante nelle localit\u00e0 dell\u2019Agordino sedi dei cori partecipanti. Quest\u2019anno dunque a Falcade. Con il ritorno del Coro Agordo dopo alcuni anni di assenza. I cori presenteranno il meglio del repertorio anche con brani inediti. La rassegna gode del patrocinio del Comune di Falcade e dell\u2019Unione Montana Agordina.<\/p>\n<p>&nbsp;<\/p>\n<p>&nbsp;<\/p>\n<p>&nbsp;<\/p>\n<blockquote>\n<h3>SERE D&#8217;AUTUNNO<\/h3>\n<p><em><strong><a class=\"dt-pswp-item\" href=\"https:\/\/www.radiopiu.net\/wordpress\/wp-content\/uploads\/2023\/09\/Senza-nome-75.png\" data-dt-img-description=\"\" data-large_image_width=\"478\" data-large_image_height=\"179\"><img loading=\"lazy\" decoding=\"async\" class=\"size-medium wp-image-354485 alignleft\" src=\"https:\/\/www.radiopiu.net\/wordpress\/wp-content\/uploads\/2023\/09\/Senza-nome-75-300x112.png\" alt=\"\" width=\"300\" height=\"112\" srcset=\"https:\/\/www.radiopiu.net\/wordpress\/wp-content\/uploads\/2023\/09\/Senza-nome-75-300x112.png 300w, https:\/\/www.radiopiu.net\/wordpress\/wp-content\/uploads\/2023\/09\/Senza-nome-75.png 478w\" sizes=\"auto, (max-width: 300px) 100vw, 300px\" \/><\/a>SERE D&#8217;AUTUNNO, SERATE DI INCONTRI, DIBATTITI, IMMAGINI FILMATI E MULTIVISIONI. AD AGORDO TUTTI I VENERDI DI OTTOBRE, IN SALA DON TAMIS ALLE 20.45, INGRESSO LIBERO. PRESENTA GIANPAOLO SORATROI.\u00a0<\/strong><\/em><\/p>\n<p>Interessante serie di incontri, dibattiti, proiezioni inerenti al mondo della montagna &#8211; ma non solo &#8211; che si svolgono tutti i venerd\u00ec di ottobre nella prestigiosa e capiente Sala don F. Tamis messaci a disposizione per l\u2019occasione dall\u2019Unione Montana Agordina. Nato nel 2007, quest\u2019anno, raggiunge la 15\u00b0 edizione; i temi trattati durante le serate sono diversi tra loro per offrire una visione della montagna a 360\u00b0. Questa edizione \u00e8 dedicata interamente alle donne con quattro ospiti femminili.<\/p><\/blockquote>\n<p><strong>DOMANI MARIKA FAVE&#8217; &#8211; SPORT E MONTAGNA, SCELTA DI VITA Marika, maestra di sci e guida alpina<\/strong><\/p>\n<p>VENERDI 27 OTTOBRE ANGELIKA RAINER, SOGNI VERTICALI. arrampicando su fantasie divenute realt\u00e0<\/p>\n<p>&nbsp;<\/p>\n\n\t\t\t<style type='text\/css'>\n\t\t\t\t#gallery-4 {\n\t\t\t\t\tmargin: auto;\n\t\t\t\t}\n\t\t\t\t#gallery-4 .gallery-item {\n\t\t\t\t\tfloat: left;\n\t\t\t\t\tmargin-top: 10px;\n\t\t\t\t\ttext-align: center;\n\t\t\t\t\twidth: 25%;\n\t\t\t\t}\n\t\t\t\t#gallery-4 img {\n\t\t\t\t\tborder: 2px solid #cfcfcf;\n\t\t\t\t}\n\t\t\t\t#gallery-4 .gallery-caption {\n\t\t\t\t\tmargin-left: 0;\n\t\t\t\t}\n\t\t\t\t\/* see gallery_shortcode() in wp-includes\/media.php *\/\n\t\t\t<\/style>\n\t\t<div id='gallery-4' class='dt-gallery-container gallery galleryid-357246 gallery-columns-4 gallery-size-thumbnail'><dl class='gallery-item'>\n\t\t\t\t<dt class='gallery-icon landscape'>\n\t\t\t\t\t<a class=\"rollover rollover-zoom dt-pswp-item\" title=\"a0ebae4a-1ff5-49c1-97c5-41308fb17fa2\" data-dt-img-description=\"\" data-large_image_width=\"1600\" data-large_image_height=\"900\"href='https:\/\/www.radiopiu.net\/wordpress\/wp-content\/uploads\/2023\/10\/a0ebae4a-1ff5-49c1-97c5-41308fb17fa2.jpg'><img loading=\"lazy\" decoding=\"async\" width=\"150\" height=\"150\" src=\"https:\/\/www.radiopiu.net\/wordpress\/wp-content\/uploads\/2023\/10\/a0ebae4a-1ff5-49c1-97c5-41308fb17fa2-150x150.jpg\" class=\"attachment-thumbnail size-thumbnail\" alt=\"\" \/><\/a>\n\t\t\t\t<\/dt><\/dl><dl class='gallery-item'>\n\t\t\t\t<dt class='gallery-icon landscape'>\n\t\t\t\t\t<a class=\"rollover rollover-zoom dt-pswp-item\" title=\"7db63321-bfa8-4ff7-84d0-2b19d427304d\" data-dt-img-description=\"\" data-large_image_width=\"1600\" data-large_image_height=\"900\"href='https:\/\/www.radiopiu.net\/wordpress\/wp-content\/uploads\/2023\/10\/7db63321-bfa8-4ff7-84d0-2b19d427304d.jpg'><img loading=\"lazy\" decoding=\"async\" width=\"150\" height=\"150\" src=\"https:\/\/www.radiopiu.net\/wordpress\/wp-content\/uploads\/2023\/10\/7db63321-bfa8-4ff7-84d0-2b19d427304d-150x150.jpg\" class=\"attachment-thumbnail size-thumbnail\" alt=\"\" \/><\/a>\n\t\t\t\t<\/dt><\/dl><dl class='gallery-item'>\n\t\t\t\t<dt class='gallery-icon landscape'>\n\t\t\t\t\t<a class=\"rollover rollover-zoom dt-pswp-item\" title=\"cdf89a7a-e6f6-4211-941f-d514b7ebb02f\" data-dt-img-description=\"\" data-large_image_width=\"1600\" data-large_image_height=\"900\"href='https:\/\/www.radiopiu.net\/wordpress\/wp-content\/uploads\/2023\/10\/cdf89a7a-e6f6-4211-941f-d514b7ebb02f.jpg'><img loading=\"lazy\" decoding=\"async\" width=\"150\" height=\"150\" src=\"https:\/\/www.radiopiu.net\/wordpress\/wp-content\/uploads\/2023\/10\/cdf89a7a-e6f6-4211-941f-d514b7ebb02f-150x150.jpg\" class=\"attachment-thumbnail size-thumbnail\" alt=\"\" \/><\/a>\n\t\t\t\t<\/dt><\/dl><dl class='gallery-item'>\n\t\t\t\t<dt class='gallery-icon landscape'>\n\t\t\t\t\t<a class=\"rollover rollover-zoom dt-pswp-item\" title=\"Senza nome\" data-dt-img-description=\"\" data-large_image_width=\"522\" data-large_image_height=\"261\"href='https:\/\/www.radiopiu.net\/wordpress\/wp-content\/uploads\/2023\/10\/Senza-nome-32.png'><img loading=\"lazy\" decoding=\"async\" width=\"150\" height=\"150\" src=\"https:\/\/www.radiopiu.net\/wordpress\/wp-content\/uploads\/2023\/10\/Senza-nome-32-150x150.png\" class=\"attachment-thumbnail size-thumbnail\" alt=\"\" \/><\/a>\n\t\t\t\t<\/dt><\/dl><br style=\"clear: both\" \/>\n\t\t\t<\/div>\n\n<h3><\/h3>\n<blockquote>\n<h3>GLI APPUNTAMENTI CON LA PRO LOCO CASTIONESE<\/h3>\n<\/blockquote>\n<p><strong>DAL 28 OTTOBRE PER 5 APPUNTAMENTI &#8211; RASSEGNA TEATRALE CINQUE VIE\u00a0 &#8211; XIV EDIZIONE<\/strong><strong>, <\/strong><strong>TEATRO SAN GAETANO <\/strong>Cinque spettacoli, cinque percorsi emotivi, cinque vie diverse da attraversare e ad ogni via sentirsi pi\u00f9 \u201cricchi\u201d di prima. Alla XIV edizione &#8220;manteniamo la rotta&#8221; in direzione del teatro &#8220;scomodo&#8221;, per generare emozioni, confronti e riflessioni. 5 Vie tra i sogni di un grande alpinista, tra i pensieri nascosti e troppo spesso malati dei giovani, tra l&#8217;incantevole grazia di un mondo al femminile, tra la visione del male agli occhi di un&#8217;anima candida e tra le seducenti ma terribili azioni di una intramontabile Lady Macbeth.<\/p>\n<p>&nbsp;<\/p>\n<blockquote>\n<h3>GIORNATA DEI SOCI DELLA FAMIGLIA EX EMIGRANTI DELL&#8217;AGORDINO<\/h3>\n<\/blockquote>\n<p><strong>CENCENIGHE<\/strong> Domenica si celebra la giornata dei soci della Famiglia Ex Emigranti dell&#8217;Agordino. Alle 10 l&#8217;omaggio al monumento degli emigranti in piazza del Nof Fil\u00f2, alle 10:30 la santa messa e alle 11:30 nella sala consigliare di cencenighe la presentazione del libro di Flora Costa per poi trasferirsi all&#8217;Antica Trattoria Ristorante Pizzeria Pal\u00f9 per il pranzo. Prenotazioni al 339 2114469<\/p>\n<p>&nbsp;<\/p>\n<blockquote>\n<h3>IL GALA&#8217; BOLLICINA AL NOF FILO&#8217; DI CENCENIGHE<\/h3>\n<\/blockquote>\n<p>GALA&#8217; BOLLICINA, QUARTA EDIZIONE. DOMENICA 22 OTTOBRE DALLE 11 ALLE 17 AL NOF FILO&#8217; DI CENCENIGHE. OSPITE D&#8217;ONORE IL SOMMELIER PLURIPREMIATO, LUCA GARDINI, MIGLIOR SOMMELIER AL MONDO 2020 E OGGI AMBASCIATORE DEL METODO CLASSICO. UN EVENTO &#8220;OH PER BACCO, VINI E SAPORI DELLE DOLOMITI.<br \/>\nGALA&#8217; BOLLICINA, DOMENICA 22 OTTOBRE DALLE 11 ALLE 17 AL NOF FILO&#8217; DI CENCENIGHE: 80 BOLLICINE IN DEGUSTAZIONE, 60 AZIENDE PRESENTI, CICCHETTERIA OH PER BACCO, FINGER FOOD E CUCINA &#8220;COSTA&#8221; (o chiusa, come costicina). diretta su radio piu&#8217; E DALLE 17 ALL&#8217;OH PER BACCO AFTER PARTY CON MORGAN DJ info 348 2779135<\/p>\n<p>&nbsp;<\/p>\n<p><a class=\"dt-pswp-item\" href=\"https:\/\/www.radiopiu.net\/wordpress\/wp-content\/uploads\/2023\/09\/880aa720-47e8-48f2-a5b8-7382d84557b2.jpg\" data-dt-img-description=\"\" data-large_image_width=\"1080\" data-large_image_height=\"1533\"><img loading=\"lazy\" decoding=\"async\" class=\"size-medium wp-image-353010 aligncenter\" src=\"https:\/\/www.radiopiu.net\/wordpress\/wp-content\/uploads\/2023\/09\/880aa720-47e8-48f2-a5b8-7382d84557b2-211x300.jpg\" alt=\"\" width=\"211\" height=\"300\" srcset=\"https:\/\/www.radiopiu.net\/wordpress\/wp-content\/uploads\/2023\/09\/880aa720-47e8-48f2-a5b8-7382d84557b2-211x300.jpg 211w, https:\/\/www.radiopiu.net\/wordpress\/wp-content\/uploads\/2023\/09\/880aa720-47e8-48f2-a5b8-7382d84557b2-721x1024.jpg 721w, https:\/\/www.radiopiu.net\/wordpress\/wp-content\/uploads\/2023\/09\/880aa720-47e8-48f2-a5b8-7382d84557b2-768x1090.jpg 768w, https:\/\/www.radiopiu.net\/wordpress\/wp-content\/uploads\/2023\/09\/880aa720-47e8-48f2-a5b8-7382d84557b2.jpg 1080w\" sizes=\"auto, (max-width: 211px) 100vw, 211px\" \/><\/a><\/p>\n<p>&nbsp;<\/p>\n<h2><span style=\"color: #ff0000;\">PROSSIMAMENTE<\/span><\/h2>\n<blockquote>\n<h3>LA CENA DELLA CLASSE 1968<\/h3>\n<\/blockquote>\n<p><strong>FALCADE<\/strong> La Classe 1968 Agordino organizza per sabato 4 novembre alle 20 all&#8217;Hotel Cristal di Falcade la mitica cena!!! Tutti i Coscritti dell&#8217;Agordino sono invitati!!! Musica con DJ e dalle ore 24 aperto a tutti!!! Per info e prenotazioni chiama l&#8217;Hotel Cristal allo 0437 507356 entro luned\u00ec 30 ottobre. \u2026.1968&#8230;. UN&#8217;ANNATA SPECIALE!!!!<\/p>\n<p>&nbsp;<\/p>\n<p>&nbsp;<\/p>\n<hr \/>\n<p>&nbsp;<\/p>\n<div class=\"message spoilers-container\" dir=\"auto\">\n<div class=\"column\">\n<div class=\"message spoilers-container\" dir=\"auto\">\n<div class=\"column\">\n<p><img loading=\"lazy\" decoding=\"async\" class=\"aligncenter wp-image-61954 size-full\" src=\"https:\/\/www.radiopiu.net\/wordpress\/wp-content\/uploads\/2018\/09\/viabilita.jpeg\" sizes=\"auto, (max-width: 800px) 100vw, 800px\" srcset=\"https:\/\/www.radiopiu.net\/wordpress\/wp-content\/uploads\/2018\/09\/viabilita.jpeg 800w, https:\/\/www.radiopiu.net\/wordpress\/wp-content\/uploads\/2018\/09\/viabilita-300x38.jpeg 300w, https:\/\/www.radiopiu.net\/wordpress\/wp-content\/uploads\/2018\/09\/viabilita-768x96.jpeg 768w\" alt=\"\" width=\"800\" height=\"100\" \/><\/p>\n<\/div>\n<\/div>\n<div class=\"message spoilers-container\" dir=\"auto\">\n<div class=\"column\">\n<p>&nbsp;<\/p>\n<\/div>\n<\/div>\n<\/div>\n<\/div>\n<blockquote class=\"wp-embedded-content\" data-secret=\"XuC8mgwMi7\"><p><a href=\"https:\/\/www.radiopiu.net\/wordpress\/viabilita\/\">viabilita<\/a><\/p><\/blockquote>\n<p><iframe loading=\"lazy\" class=\"wp-embedded-content\" sandbox=\"allow-scripts\" security=\"restricted\" style=\"position: absolute; clip: rect(1px, 1px, 1px, 1px);\" title=\"&#8220;viabilita&#8221; &#8212; Radio Pi\u00f9\" src=\"https:\/\/www.radiopiu.net\/wordpress\/viabilita\/embed\/#?secret=GFkLbGRFhs#?secret=XuC8mgwMi7\" data-secret=\"XuC8mgwMi7\" width=\"600\" height=\"338\" frameborder=\"0\" marginwidth=\"0\" marginheight=\"0\" scrolling=\"no\"><\/iframe><\/p>\n<div class=\"message spoilers-container\" dir=\"auto\">\n<div class=\"column\">\n<div class=\"message spoilers-container\" dir=\"auto\">\n<div class=\"column\">\n<div>\n<div dir=\"ltr\">\n<div class=\"gmail_quote\">\n<div dir=\"ltr\">\n<div><\/div>\n<div><\/div>\n<div><\/div>\n<\/div>\n<\/div>\n<\/div>\n<\/div>\n<hr \/>\n<p>&nbsp;<\/p>\n<p><a class=\"dt-pswp-item\" href=\"https:\/\/www.radiopiu.net\/wordpress\/wp-content\/uploads\/2018\/09\/WhatsApp-Image-2018-09-20-at-16.04.06.jpeg\" data-dt-img-description=\"\" data-large_image_width=\"800\" data-large_image_height=\"100\"><img loading=\"lazy\" decoding=\"async\" class=\"wp-image-61378 size-full aligncenter\" src=\"https:\/\/www.radiopiu.net\/wordpress\/wp-content\/uploads\/2018\/09\/WhatsApp-Image-2018-09-20-at-16.04.06.jpeg\" alt=\"\" width=\"800\" height=\"100\" srcset=\"https:\/\/www.radiopiu.net\/wordpress\/wp-content\/uploads\/2018\/09\/WhatsApp-Image-2018-09-20-at-16.04.06.jpeg 800w, https:\/\/www.radiopiu.net\/wordpress\/wp-content\/uploads\/2018\/09\/WhatsApp-Image-2018-09-20-at-16.04.06-300x38.jpeg 300w, https:\/\/www.radiopiu.net\/wordpress\/wp-content\/uploads\/2018\/09\/WhatsApp-Image-2018-09-20-at-16.04.06-768x96.jpeg 768w\" sizes=\"auto, (max-width: 800px) 100vw, 800px\" \/><\/a><\/p>\n<\/div>\n<\/div>\n<p>&nbsp;<\/p>\n<p><strong>OGGI\u00a0<\/strong> Maggiore nuvolosit\u00e0 rispetto a mercoled\u00ec, in ulteriore e graduale intensificazione nel corso della giornata; contesto molto umido con peggioramento del tempo dapprima sulle Prealpi occidentali, gi\u00e0 in mattinata, poi si estender\u00e0 lentamente verso nord fino a interessare le Dolomiti nel pomeriggio, in maniera marginale i settori pi\u00f9 settentrionali. Precipitazioni. Aumento della probabilit\u00e0; i fenomeni saranno perlopi\u00f9 modesti, anche se non mancheranno dei locali rovesci o qualche temporale, specie sulle Prealpi.<\/p>\n<p><strong>DOMANI<\/strong>\u00a0 Cielo molto nuvoloso o coperto con tempo moderatamente perturbato, a tratti spiccato, associato a fenoneni diffusi, Alta probabilit\u00e0 di precipitazioni (80-100%), a carattere diffuso di moderata intensit\u00e0, a tratti anche forti. Non esclusi fenomeni a carattere di rovescio, anche temporalesco. Tra gioved\u00ec e sabato mattina sono previsti quantitativi generalmente abbondanti, tra i 70 e i 100 mm, localmente anche un po&#8217; pi\u00f9 alti specie sulle Zone Prealpine.<\/p>\n<p><strong>SABATO <\/strong>Maltempo nottetempo parte del mattino; in seguito graduale attenuazione dei fenomeni, lasciando spazio a una certa variabilit\u00e0 specie nel pomeriggio con molte nubi e qualche residuo rovescio intermittente. Lieve calo termico specie delle minime, ma con valori ancora superiori alla media del periodo, specie le minime.<\/p>\n<p><strong>\u00a0DOMENICA<\/strong> Tempo variabile con cielo generalmente poco o parzialmente al mattino, nuvoloso o molto nuvoloso nelle ore pomeridiane con qualche modesto fenomeno locale o sparso. Temperature minime in ulteriore lieve calo, massime senza notevoli variazioni.<\/p>\n<\/div>\n<\/div>\n<div id=\"dolomitimeteo_div_testi\">\n<p>&nbsp;<\/p>\n<\/div>\n<p>&nbsp;<\/p>\n<div class=\"message spoilers-container\" dir=\"auto\">\n<hr \/>\n<p>&nbsp;<\/p>\n<p><img loading=\"lazy\" decoding=\"async\" class=\"wp-image-60761 size-full aligncenter\" src=\"https:\/\/www.radiopiu.net\/wordpress\/wp-content\/uploads\/2018\/09\/sport.jpg\" alt=\"\" width=\"800\" height=\"100\" srcset=\"https:\/\/www.radiopiu.net\/wordpress\/wp-content\/uploads\/2018\/09\/sport.jpg 800w, https:\/\/www.radiopiu.net\/wordpress\/wp-content\/uploads\/2018\/09\/sport-300x38.jpg 300w, https:\/\/www.radiopiu.net\/wordpress\/wp-content\/uploads\/2018\/09\/sport-768x96.jpg 768w\" sizes=\"auto, (max-width: 800px) 100vw, 800px\" \/><\/p>\n<p>&nbsp;<\/p>\n<blockquote>\n<h1><\/h1>\n<h1>STELLE NAZIONALI AD AGORDO, DOMENICA 29 CON I CAMPIONATI DEL CSI. ALLA RADIO<\/h1>\n<h1><a class=\"dt-pswp-item\" href=\"https:\/\/www.radiopiu.net\/wordpress\/wp-content\/uploads\/2023\/10\/Agordo_Partenza-gara-maschile-300x142-1.jpg\" data-dt-img-description=\"\" data-large_image_width=\"300\" data-large_image_height=\"142\"><img loading=\"lazy\" decoding=\"async\" class=\"size-medium wp-image-357336 alignleft\" src=\"https:\/\/www.radiopiu.net\/wordpress\/wp-content\/uploads\/2023\/10\/Agordo_Partenza-gara-maschile-300x142-1.jpg\" alt=\"\" width=\"300\" height=\"142\" \/><\/a>con: Fernando Soccol, Ivano Marcon, Gabriele Toffoli<\/h1>\n<h1>l&#8217;intervista.<\/h1>\n<p>di mirko mezzacasa<\/p><\/blockquote>\n<p>&nbsp;<\/p>\n<p>&nbsp;<\/p>\n<audio class=\"wp-audio-shortcode\" id=\"audio-357246-8\" preload=\"none\" style=\"width: 100%;\" controls=\"controls\"><source type=\"audio\/mpeg\" src=\"https:\/\/www.radiopiu.net\/wordpress\/wp-content\/uploads\/2023\/10\/ottobre-29-care-nazionali-csi-agordo.mp3?_=8\" \/><a href=\"https:\/\/www.radiopiu.net\/wordpress\/wp-content\/uploads\/2023\/10\/ottobre-29-care-nazionali-csi-agordo.mp3\">https:\/\/www.radiopiu.net\/wordpress\/wp-content\/uploads\/2023\/10\/ottobre-29-care-nazionali-csi-agordo.mp3<\/a><\/audio>\n<p>&nbsp;<\/p>\n<p><span style=\"color: #0000ff;\"><strong>\u00a0<\/strong><\/span><\/p>\n<p><span style=\"color: #0000ff;\"><strong>\u00a0<\/strong><\/span><\/p>\n<p><span style=\"color: #0000ff;\"><strong>\u00a0<\/strong><\/span><\/p>\n<p><span style=\"color: #0000ff;\"><strong>HOCKEY SU GHIACCIO<\/strong><\/span><\/p>\n<blockquote>\n<h3>UN INIZIO STAGIONE DA NON SOTTOVALUTARE PER L&#8217;ALLEGHE HOCKEY IN IHL<\/h3>\n<\/blockquote>\n<p><strong><a class=\"dt-pswp-item\" href=\"https:\/\/www.radiopiu.net\/wordpress\/wp-content\/uploads\/2023\/01\/hockey.jpg\" data-dt-img-description=\"\" data-large_image_width=\"1920\" data-large_image_height=\"1280\"><img loading=\"lazy\" decoding=\"async\" class=\" wp-image-315616 alignleft\" src=\"https:\/\/www.radiopiu.net\/wordpress\/wp-content\/uploads\/2023\/01\/hockey-300x200.jpg\" alt=\"\" width=\"173\" height=\"115\" srcset=\"https:\/\/www.radiopiu.net\/wordpress\/wp-content\/uploads\/2023\/01\/hockey-300x200.jpg 300w, https:\/\/www.radiopiu.net\/wordpress\/wp-content\/uploads\/2023\/01\/hockey-1024x683.jpg 1024w, https:\/\/www.radiopiu.net\/wordpress\/wp-content\/uploads\/2023\/01\/hockey-768x512.jpg 768w, https:\/\/www.radiopiu.net\/wordpress\/wp-content\/uploads\/2023\/01\/hockey-1536x1024.jpg 1536w, https:\/\/www.radiopiu.net\/wordpress\/wp-content\/uploads\/2023\/01\/hockey.jpg 1920w\" sizes=\"auto, (max-width: 173px) 100vw, 173px\" \/><\/a>di Marco Gaz<\/strong><\/p>\n<p><strong>REDAZIONE <\/strong>Lo si pu\u00f2 definire un inizio di stagione positivo quello dell&#8217;Alleghe Hockey nella IHL. Le civette chiudono la prima parte della stagione con tre sconfitte, di cui una all&#8217;overtime, e tre vittorie. La squadra di Scapinello ha esordito alla grande con i campioni in carica del Varese portando la partita all&#8217;overtime ma senza conquistare il punto aggiuntivo. Poi una sconfitta di misura nella trasferta contro il Pergine dopo una partita giocata bene dalla compagine agordina. La prima vera vittoria \u00e8 arrivata tra le mura di casa con il fanalino di coda Como. Nella prima trasferta in terra altoatesina \u00e8 arrivata una debacle per gli alleghesi che non sono riusciti a tenere il passo del Caladaro. Poi l&#8217;arriva di Makela, il finlandese che nelle ultime due gare ha portato a braccetto la squadra con assist e gol. Contro il fiemme le civette hanno calato il poker mentre sabato scorso la squadra di Scapinello ha rifilato sette gol al Dobbiaco in casa. Ora una lunga pausa per la giornata di riposo che cade sabato prossimo. Poi gli agordini torneranno in campo gioved\u00ec 26 ottobre quando gli alleghesi scenderanno a Feltre per giocare il primo derby bellunese della stagione.<\/p>\n<p>&nbsp;<\/p>\n<p>&nbsp;<\/p>\n<p>&nbsp;<\/p>\n<\/div>\n","protected":false},"excerpt":{"rendered":"<p>40esimo di RADIOPIU\u2026. LA VOCE DELL\u2019EMOZIONE ISCRIVITI AL NOSTRO CANALE\u00a0\u00a0YOUTUBE PER SEGUIRE IN DIRETTA I PRINCIPALI PROGRAMMI DI RADIO PIU\u2019 E LE FUTURE DIRETTE IN ESTERNA. PER ISCRIVERTI\u00a0CLICCA QUI\u00a0E PREMI\u00a0 \u201cIscriviti\u201d\u00a0\u00a0\u00a0 &nbsp; &nbsp; AUTUNNO, CI SIAMO SEGNALAZIONE METEO OGGI \u00a0tempo a tratti perturbato con precipitazioni sparse e intermittenti anche a carattere di rovescio con quantitativi&hellip;<\/p>\n","protected":false},"author":4,"featured_media":357394,"comment_status":"closed","ping_status":"closed","sticky":false,"template":"","format":"standard","meta":{"_monsterinsights_skip_tracking":false,"_monsterinsights_sitenote_active":false,"_monsterinsights_sitenote_note":"","_monsterinsights_sitenote_category":0,"footnotes":""},"categories":[51,86,49],"tags":[],"class_list":["post-357246","post","type-post","status-publish","format-standard","has-post-thumbnail","hentry","category-evidenza-top","category-gr","category-news-18","category-51","category-86","category-49","description-off"],"img_url":"https:\/\/www.radiopiu.net\/wordpress\/wp-content\/uploads\/2023\/10\/Senza-nome-48.png","_links":{"self":[{"href":"https:\/\/www.radiopiu.net\/wordpress\/wp-json\/wp\/v2\/posts\/357246","targetHints":{"allow":["GET"]}}],"collection":[{"href":"https:\/\/www.radiopiu.net\/wordpress\/wp-json\/wp\/v2\/posts"}],"about":[{"href":"https:\/\/www.radiopiu.net\/wordpress\/wp-json\/wp\/v2\/types\/post"}],"author":[{"embeddable":true,"href":"https:\/\/www.radiopiu.net\/wordpress\/wp-json\/wp\/v2\/users\/4"}],"replies":[{"embeddable":true,"href":"https:\/\/www.radiopiu.net\/wordpress\/wp-json\/wp\/v2\/comments?post=357246"}],"version-history":[{"count":0,"href":"https:\/\/www.radiopiu.net\/wordpress\/wp-json\/wp\/v2\/posts\/357246\/revisions"}],"wp:featuredmedia":[{"embeddable":true,"href":"https:\/\/www.radiopiu.net\/wordpress\/wp-json\/wp\/v2\/media\/357394"}],"wp:attachment":[{"href":"https:\/\/www.radiopiu.net\/wordpress\/wp-json\/wp\/v2\/media?parent=357246"}],"wp:term":[{"taxonomy":"category","embeddable":true,"href":"https:\/\/www.radiopiu.net\/wordpress\/wp-json\/wp\/v2\/categories?post=357246"},{"taxonomy":"post_tag","embeddable":true,"href":"https:\/\/www.radiopiu.net\/wordpress\/wp-json\/wp\/v2\/tags?post=357246"}],"curies":[{"name":"wp","href":"https:\/\/api.w.org\/{rel}","templated":true}]}}