{"id":357298,"date":"2023-10-18T09:21:57","date_gmt":"2023-10-18T07:21:57","guid":{"rendered":"https:\/\/www.radiopiu.net\/wordpress\/?p=357298"},"modified":"2023-10-19T05:33:51","modified_gmt":"2023-10-19T03:33:51","slug":"incidente-mortale-sulla-sp-1-a-quero-vas-camion-si-rovescia-dopo-aver-investito-un-cervo","status":"publish","type":"post","link":"https:\/\/www.radiopiu.net\/wordpress\/incidente-mortale-sulla-sp-1-a-quero-vas-camion-si-rovescia-dopo-aver-investito-un-cervo\/","title":{"rendered":"Incidente Mortale sulla SP 1 a Quero Vas: Camion si Rovescia Dopo Aver Investito un Cervo"},"content":{"rendered":"<p><a class=\"dt-pswp-item\" href=\"https:\/\/www.radiopiu.net\/wordpress\/wp-content\/uploads\/2023\/10\/Senza-nome-48.png\" data-dt-img-description=\"\" data-large_image_width=\"315\" data-large_image_height=\"311\"><img loading=\"lazy\" decoding=\"async\" class=\"wp-image-357394 alignleft\" src=\"https:\/\/www.radiopiu.net\/wordpress\/wp-content\/uploads\/2023\/10\/Senza-nome-48-300x296.png\" alt=\"\" width=\"189\" height=\"186\" srcset=\"https:\/\/www.radiopiu.net\/wordpress\/wp-content\/uploads\/2023\/10\/Senza-nome-48-300x296.png 300w, https:\/\/www.radiopiu.net\/wordpress\/wp-content\/uploads\/2023\/10\/Senza-nome-48.png 315w\" sizes=\"auto, (max-width: 189px) 100vw, 189px\" \/><\/a><\/p>\n<div class=\"flex-1 overflow-hidden\">\n<div class=\"react-scroll-to-bottom--css-dcail-79elbk h-full dark:bg-gray-800\">\n<div class=\"react-scroll-to-bottom--css-dcail-1n7m0yu\">\n<div class=\"flex flex-col text-sm dark:bg-gray-800\">\n<div class=\"group final-completion w-full text-token-text-primary border-b border-black\/10 gizmo:border-0 dark:border-gray-900\/50 gizmo:dark:border-0 bg-gray-50 gizmo:bg-transparent dark:bg-[#444654] gizmo:dark:bg-transparent\" data-testid=\"conversation-turn-3\">\n<div class=\"p-4 justify-center text-base md:gap-6 md:py-6 m-auto\">\n<div class=\"flex flex-1 gap-4 text-base mx-auto md:gap-6 gizmo:gap-3 gizmo:md:px-5 gizmo:lg:px-1 gizmo:xl:px-5 md:max-w-2xl lg:max-w-[38rem] gizmo:md:max-w-3xl gizmo:lg:max-w-[40rem] gizmo:xl:max-w-[48rem] xl:max-w-3xl }\">\n<div class=\"relative flex w-[calc(100%-50px)] flex-col gizmo:w-full lg:w-[calc(100%-115px)] agent-turn\">\n<div class=\"flex-col gap-1 md:gap-3\">\n<div class=\"flex flex-grow flex-col gap-3 max-w-full\">\n<div class=\"min-h-[20px] flex flex-col items-start gap-3 whitespace-pre-wrap break-words overflow-x-auto\">\n<div class=\"markdown prose w-full break-words dark:prose-invert dark\">\n<p><strong><em>Quero Vas<\/em>,<\/strong> mercoled\u00ec &#8211; Un tragico incidente si \u00e8 verificato questa mattina intorno alle 7:10 lungo la SP 1, nel comune di Quero Vas, quando un camion \u00e8 finito rovesciato fuoristrada dopo aver investito un cervo. L&#8217;incidente ha purtroppo causato la morte dell&#8217;autista del camion, Manuel Favaro, 35 anni nato a Treviso e residente a Salzano di Venezia,\u00a0 mentre l&#8217;autista dell&#8217;auto coinvolta \u00e8 rimasto illeso.<\/p>\n<p>Il sinistro ha avuto luogo nella localit\u00e0 Marziai, precisamente al chilometro 3+800 della SP 1. I vigili del fuoco sono stati prontamente allertati e hanno rapidamente raggiunto il luogo dell&#8217;incidente, provenienti dalle stazioni di Feltre e Belluno con l&#8217;ausilio di un&#8217;autogr\u00f9. La loro prima priorit\u00e0 \u00e8 stata quella di mettere in sicurezza il mezzo ribaltato e di evitare ulteriori pericoli.<\/p>\n<p>Nonostante i tempestivi soccorsi, purtroppo, i sanitari del Suem (Servizio Urgenza Emergenza Medica) intervenuti con un&#8217;ambulanza e l&#8217;elisoccorso hanno solo potuto constatare il decesso dell&#8217;autista del camion. La perdita di una vita umana in questo incidente \u00e8 motivo di profondo dolore. Sul luogo dell&#8217;incidente sono giunti anche i carabinieri, i quali hanno avviato le operazioni di rilievo per ricostruire la dinamica dell&#8217;accaduto. Questa procedura \u00e8 fondamentale per stabilire le eventuali responsabilit\u00e0 e circostanze che hanno portato all&#8217;incidente.<\/p>\n\n\t\t\t<style type='text\/css'>\n\t\t\t\t#gallery-1 {\n\t\t\t\t\tmargin: auto;\n\t\t\t\t}\n\t\t\t\t#gallery-1 .gallery-item {\n\t\t\t\t\tfloat: left;\n\t\t\t\t\tmargin-top: 10px;\n\t\t\t\t\ttext-align: center;\n\t\t\t\t\twidth: 50%;\n\t\t\t\t}\n\t\t\t\t#gallery-1 img {\n\t\t\t\t\tborder: 2px solid #cfcfcf;\n\t\t\t\t}\n\t\t\t\t#gallery-1 .gallery-caption {\n\t\t\t\t\tmargin-left: 0;\n\t\t\t\t}\n\t\t\t\t\/* see gallery_shortcode() in wp-includes\/media.php *\/\n\t\t\t<\/style>\n\t\t<div id='gallery-1' class='dt-gallery-container gallery galleryid-357298 gallery-columns-2 gallery-size-medium'><dl class='gallery-item'>\n\t\t\t\t<dt class='gallery-icon landscape'>\n\t\t\t\t\t<a class=\"rollover rollover-zoom dt-pswp-item\" title=\"d2a43eeb-e047-4e76-beb9-cb414bf9d703\" data-dt-img-description=\"\" data-large_image_width=\"1280\" data-large_image_height=\"873\"href='https:\/\/www.radiopiu.net\/wordpress\/wp-content\/uploads\/2023\/10\/d2a43eeb-e047-4e76-beb9-cb414bf9d703-1.jpg'><img loading=\"lazy\" decoding=\"async\" width=\"300\" height=\"205\" src=\"https:\/\/www.radiopiu.net\/wordpress\/wp-content\/uploads\/2023\/10\/d2a43eeb-e047-4e76-beb9-cb414bf9d703-1-300x205.jpg\" class=\"attachment-medium size-medium\" alt=\"\" srcset=\"https:\/\/www.radiopiu.net\/wordpress\/wp-content\/uploads\/2023\/10\/d2a43eeb-e047-4e76-beb9-cb414bf9d703-1-300x205.jpg 300w, https:\/\/www.radiopiu.net\/wordpress\/wp-content\/uploads\/2023\/10\/d2a43eeb-e047-4e76-beb9-cb414bf9d703-1-1024x698.jpg 1024w, https:\/\/www.radiopiu.net\/wordpress\/wp-content\/uploads\/2023\/10\/d2a43eeb-e047-4e76-beb9-cb414bf9d703-1-768x524.jpg 768w, https:\/\/www.radiopiu.net\/wordpress\/wp-content\/uploads\/2023\/10\/d2a43eeb-e047-4e76-beb9-cb414bf9d703-1.jpg 1280w\" sizes=\"auto, (max-width: 300px) 100vw, 300px\" \/><\/a>\n\t\t\t\t<\/dt><\/dl><dl class='gallery-item'>\n\t\t\t\t<dt class='gallery-icon landscape'>\n\t\t\t\t\t<a class=\"rollover rollover-zoom dt-pswp-item\" title=\"9aa5f990-6125-4584-b95c-daaaaa3f0172\" data-dt-img-description=\"\" data-large_image_width=\"1226\" data-large_image_height=\"774\"href='https:\/\/www.radiopiu.net\/wordpress\/wp-content\/uploads\/2023\/10\/9aa5f990-6125-4584-b95c-daaaaa3f0172.jpg'><img loading=\"lazy\" decoding=\"async\" width=\"300\" height=\"189\" src=\"https:\/\/www.radiopiu.net\/wordpress\/wp-content\/uploads\/2023\/10\/9aa5f990-6125-4584-b95c-daaaaa3f0172-300x189.jpg\" class=\"attachment-medium size-medium\" alt=\"\" srcset=\"https:\/\/www.radiopiu.net\/wordpress\/wp-content\/uploads\/2023\/10\/9aa5f990-6125-4584-b95c-daaaaa3f0172-300x189.jpg 300w, https:\/\/www.radiopiu.net\/wordpress\/wp-content\/uploads\/2023\/10\/9aa5f990-6125-4584-b95c-daaaaa3f0172-1024x646.jpg 1024w, https:\/\/www.radiopiu.net\/wordpress\/wp-content\/uploads\/2023\/10\/9aa5f990-6125-4584-b95c-daaaaa3f0172-768x485.jpg 768w, https:\/\/www.radiopiu.net\/wordpress\/wp-content\/uploads\/2023\/10\/9aa5f990-6125-4584-b95c-daaaaa3f0172.jpg 1226w\" sizes=\"auto, (max-width: 300px) 100vw, 300px\" \/><\/a>\n\t\t\t\t<\/dt><\/dl><br style=\"clear: both\" \/>\n\t\t\t<\/div>\n\n<blockquote>\n<h3 class=\"articlePlainText\"><\/h3>\n<h3 class=\"articlePlainText\">Fai buon viaggio tra le stelle Manuel Favaro. ..te ne sei andato troppo presto e a noi lasci un grande vuoto&#8230;ma ci rivedremo, stanne sicuro\u00bb, l&#8217;amica Emilia.<\/h3>\n<\/blockquote>\n<div class=\"articlePlainText\">Manuel\u00a0 era un camionista esperto, \u00e8 scomparso un ragazzo ben voluto da tutti e uno dei pi\u00f9 preparati dell&#8217;azienda.\u00a0 A Salzano\u00a0 risiedeva in via Marco Polo con la compagna Tiziana Stivanello e la figlia di un anno. Il 35 enne era anche un grande appassionato di nuoto. Sui social network commosso l&#8217;addio di conoscenti amici e colleghi di lavoro che hanno lasciato tanti messaggi.\u00a0 Il sindaco di Salzano Luciano Betteto. \u00ab<em>Tutta la comunit\u00e0 di Salzano si stringe intorno alla famiglia di Manuel Favaro per la morte del giovane padre di famiglia,\u00a0 saremo presenti alla cerimonia funebre e a disposizione della famiglia\u00bb.<\/em><\/div>\n<div class=\"articlePlainText\"><\/div>\n<\/div>\n<\/div>\n<\/div>\n<\/div>\n<\/div>\n<\/div>\n<\/div>\n<\/div>\n<\/div>\n<\/div>\n<\/div>\n<\/div>\n<p>&nbsp;<\/p>\n<p>&nbsp;<\/p>\n","protected":false},"excerpt":{"rendered":"<p>Quero Vas, mercoled\u00ec &#8211; Un tragico incidente si \u00e8 verificato questa mattina intorno alle 7:10 lungo la SP 1, nel comune di Quero Vas, quando un camion \u00e8 finito rovesciato fuoristrada dopo aver investito un cervo. L&#8217;incidente ha purtroppo causato la morte dell&#8217;autista del camion, Manuel Favaro, 35 anni nato a Treviso e residente a&hellip;<\/p>\n","protected":false},"author":4,"featured_media":357300,"comment_status":"closed","ping_status":"closed","sticky":false,"template":"","format":"standard","meta":{"_monsterinsights_skip_tracking":false,"_monsterinsights_sitenote_active":false,"_monsterinsights_sitenote_note":"","_monsterinsights_sitenote_category":0,"footnotes":""},"categories":[51,49],"tags":[],"class_list":["post-357298","post","type-post","status-publish","format-standard","has-post-thumbnail","hentry","category-evidenza-top","category-news-18","category-51","category-49","description-off"],"img_url":"https:\/\/www.radiopiu.net\/wordpress\/wp-content\/uploads\/2023\/10\/951367cd-fd8e-46fd-a114-80b47a30ddbf.jpg","_links":{"self":[{"href":"https:\/\/www.radiopiu.net\/wordpress\/wp-json\/wp\/v2\/posts\/357298","targetHints":{"allow":["GET"]}}],"collection":[{"href":"https:\/\/www.radiopiu.net\/wordpress\/wp-json\/wp\/v2\/posts"}],"about":[{"href":"https:\/\/www.radiopiu.net\/wordpress\/wp-json\/wp\/v2\/types\/post"}],"author":[{"embeddable":true,"href":"https:\/\/www.radiopiu.net\/wordpress\/wp-json\/wp\/v2\/users\/4"}],"replies":[{"embeddable":true,"href":"https:\/\/www.radiopiu.net\/wordpress\/wp-json\/wp\/v2\/comments?post=357298"}],"version-history":[{"count":0,"href":"https:\/\/www.radiopiu.net\/wordpress\/wp-json\/wp\/v2\/posts\/357298\/revisions"}],"wp:featuredmedia":[{"embeddable":true,"href":"https:\/\/www.radiopiu.net\/wordpress\/wp-json\/wp\/v2\/media\/357300"}],"wp:attachment":[{"href":"https:\/\/www.radiopiu.net\/wordpress\/wp-json\/wp\/v2\/media?parent=357298"}],"wp:term":[{"taxonomy":"category","embeddable":true,"href":"https:\/\/www.radiopiu.net\/wordpress\/wp-json\/wp\/v2\/categories?post=357298"},{"taxonomy":"post_tag","embeddable":true,"href":"https:\/\/www.radiopiu.net\/wordpress\/wp-json\/wp\/v2\/tags?post=357298"}],"curies":[{"name":"wp","href":"https:\/\/api.w.org\/{rel}","templated":true}]}}