{"id":357377,"date":"2023-10-19T05:42:43","date_gmt":"2023-10-19T03:42:43","guid":{"rendered":"https:\/\/www.radiopiu.net\/wordpress\/?p=357377"},"modified":"2023-10-19T05:49:20","modified_gmt":"2023-10-19T03:49:20","slug":"tre-interventi-del-suem-118-tra-sedico-feltre-e-meano","status":"publish","type":"post","link":"https:\/\/www.radiopiu.net\/wordpress\/tre-interventi-del-suem-118-tra-sedico-feltre-e-meano\/","title":{"rendered":"TRE INTERVENTI DEL SUEM 118 TRA SEDICO, FELTRE E MEANO"},"content":{"rendered":"<p><strong>REDAZIONE<\/strong> Sono tre gli interventi del SUEM 118 nella giornata odierna. Poco prima delle 9 l&#8217;ambulanza di Belluno \u00e8 stata inviata a Sedico dove a causa di un incidente stradale un uomo di Belluno di 63 anni \u00e8 stato soccorso e trasportato al San Martino. Alle 13:20 \u00e8 stato investito un uomo di 82 anni a Feltre, in questo caso \u00e8 intervenuta l&#8217;ambulanza per portare al Santa Maria Del Prato l&#8217;anziano. Incidente sul lavoro poco prima delle 14 a Meano. L&#8217;infortunato, un uomo di 38 di Feltre, \u00e8 stato preso in cura dall&#8217;ambulanza che lo ha trasportato all&#8217;ospedale di Belluno.<\/p>\n<p>&nbsp;<\/p>\n<p>&nbsp;<\/p>\n<p>******<\/p>\n","protected":false},"excerpt":{"rendered":"<p>REDAZIONE Sono tre gli interventi del SUEM 118 nella giornata odierna. Poco prima delle 9 l&#8217;ambulanza di Belluno \u00e8 stata inviata a Sedico dove a causa di un incidente stradale un uomo di Belluno di 63 anni \u00e8 stato soccorso e trasportato al San Martino. Alle 13:20 \u00e8 stato investito un uomo di 82 anni&hellip;<\/p>\n","protected":false},"author":4,"featured_media":250918,"comment_status":"closed","ping_status":"closed","sticky":false,"template":"","format":"standard","meta":{"_monsterinsights_skip_tracking":false,"_monsterinsights_sitenote_active":false,"_monsterinsights_sitenote_note":"","_monsterinsights_sitenote_category":0,"footnotes":""},"categories":[51,49],"tags":[],"class_list":["post-357377","post","type-post","status-publish","format-standard","has-post-thumbnail","hentry","category-evidenza-top","category-news-18","category-51","category-49","description-off"],"img_url":"https:\/\/www.radiopiu.net\/wordpress\/wp-content\/uploads\/2021\/12\/ambulanze-3.jpeg","_links":{"self":[{"href":"https:\/\/www.radiopiu.net\/wordpress\/wp-json\/wp\/v2\/posts\/357377","targetHints":{"allow":["GET"]}}],"collection":[{"href":"https:\/\/www.radiopiu.net\/wordpress\/wp-json\/wp\/v2\/posts"}],"about":[{"href":"https:\/\/www.radiopiu.net\/wordpress\/wp-json\/wp\/v2\/types\/post"}],"author":[{"embeddable":true,"href":"https:\/\/www.radiopiu.net\/wordpress\/wp-json\/wp\/v2\/users\/4"}],"replies":[{"embeddable":true,"href":"https:\/\/www.radiopiu.net\/wordpress\/wp-json\/wp\/v2\/comments?post=357377"}],"version-history":[{"count":0,"href":"https:\/\/www.radiopiu.net\/wordpress\/wp-json\/wp\/v2\/posts\/357377\/revisions"}],"wp:featuredmedia":[{"embeddable":true,"href":"https:\/\/www.radiopiu.net\/wordpress\/wp-json\/wp\/v2\/media\/250918"}],"wp:attachment":[{"href":"https:\/\/www.radiopiu.net\/wordpress\/wp-json\/wp\/v2\/media?parent=357377"}],"wp:term":[{"taxonomy":"category","embeddable":true,"href":"https:\/\/www.radiopiu.net\/wordpress\/wp-json\/wp\/v2\/categories?post=357377"},{"taxonomy":"post_tag","embeddable":true,"href":"https:\/\/www.radiopiu.net\/wordpress\/wp-json\/wp\/v2\/tags?post=357377"}],"curies":[{"name":"wp","href":"https:\/\/api.w.org\/{rel}","templated":true}]}}