{"id":357409,"date":"2023-10-19T07:15:34","date_gmt":"2023-10-19T05:15:34","guid":{"rendered":"https:\/\/www.radiopiu.net\/wordpress\/?p=357409"},"modified":"2023-10-19T10:07:26","modified_gmt":"2023-10-19T08:07:26","slug":"il-22-dicembre-il-palaluxottica-riapre-alla-festa-delle-maestranze","status":"publish","type":"post","link":"https:\/\/www.radiopiu.net\/wordpress\/il-22-dicembre-il-palaluxottica-riapre-alla-festa-delle-maestranze\/","title":{"rendered":"IL 22 DICEMBRE IL PALALUXOTTICA RIAPRE ALLA FESTA DELLE MAESTRANZE?"},"content":{"rendered":"<p><img loading=\"lazy\" decoding=\"async\" class=\"alignleft\" src=\"https:\/\/www.radiopiu.net\/wordpress\/wp-content\/uploads\/2023\/10\/Palaluxottica.jpg\" width=\"247\" height=\"154\" \/><strong>REDAZIONE<\/strong> Chi non molla gli occhi dal computer durante una giornata lavorativa avr\u00e0 notato ieri l&#8217;improvvisa comparsa di un annuncio in rete:\u00a0 CERCASI HOSTESS per un grande evento di una nota azienda di produzione Eyewear di Agordo con tanto di compenso e note tecniche rigorosamente in lingua inglese, per molti \u00e8 stato necessario ricorrere al traduttore.<\/p>\n<p><strong> IPOTESI<\/strong>: la nota azienda sar\u00e0 forse Luxottica? La festa sar\u00e0 per caso quella di Natale che manca da prima della pandemia covid?<br \/>\nIl messaggio \u00e8 rimasto in rete pochi minuti, poi \u00e8 scomparso, ma non dai motori di ricerca google dove cancellare le tracce non \u00e8 cosa facile.<br \/>\nQuindi, 22 la cena il giorno d&#8217;inizio delle ferie natalizie.\u00a0 Ed ora via al toto ospite&#8230;<\/p>\n<p>&nbsp;<\/p>\n<p><strong>RICORDANDO LEONARDO<\/strong><\/p>\n<p><em>&#8220;Sono contento che ritorni la festa &#8211; ci dice un dipendente Luxottica &#8211; e quanto comparso ieri in rete sembrerebbe la conferma. Sar\u00e0 un momento di ricordo, e senza quell&#8217;entrata trionfale sul palco del &#8220;nonno&#8221; Leonardo Del Vecchio,\u00a0 tra gli applausi, l&#8217;emozione e le lacrime,\u00a0 non sar\u00e0 pi\u00f9 la stessa cosa&#8221;\u00a0<\/em><\/p>\n<p>&nbsp;<\/p>\n<p>LA DRITTA DA PEDEROBBA <span class=\"xt0psk2\"><a class=\"x1i10hfl xjbqb8w x6umtig x1b1mbwd xaqea5y xav7gou x9f619 x1ypdohk xt0psk2 xe8uvvx xdj266r x11i5rnm xat24cr x1mh8g0r xexx8yu x4uap5 x18d9i69 xkhd6sd x16tdsg8 x1hl2dhg xggy1nq x1a2a7pz x1heor9g xt0b8zv\" tabindex=\"0\" role=\"link\" href=\"https:\/\/www.facebook.com\/giuseppe.cataldi.5?comment_id=Y29tbWVudDo3MjEyMjE0ODMzNTYzMzRfMjQ1Mjk4OTYwMTU0NjA4Mg%3D%3D&amp;__cft__[0]=AZUD3Y_FQlApjlVJ8LGWD9lnT4nWRKnO_IOPYsLonkPXmYTRj2eQ5lhDKu4Ki3NGml5KZYY5QSNVsqWxyd06QUSZmVVgRKZtL18c86N4Nknfi8Jc1TBkFM73FWY4kyJh6VaQtL3kgfZDu0b6JAiR-3QM&amp;__tn__=R]-R\" aria-hidden=\"false\"><span class=\"x3nfvp2\"><span class=\"x193iq5w xeuugli x13faqbe x1vvkbs x1xmvt09 x1lliihq x1s928wv xhkezso x1gmr53x x1cpjm7i x1fgarty x1943h6x x4zkp8e x676frb x1nxh6w3 x1sibtaa x1s688f xzsf02u\" dir=\"auto\">Giuseppe Cataldi<\/span><\/span><\/a>\u00a0 \u00a0FERIE DI NATALE: <\/span>da mercoledi 20 dicembre 2023 a domenica 7 gennaio 2024, si torna al lavoro l&#8217;8 gennaio lunedi. + INOLTRE PONTE DI NOVEMBRE 1,2,3, novembre ,e 7 dicembre&#8230; almeno a Pederobba<\/p>\n<p>&nbsp;<\/p>\n<p><strong>DALLA RETE INTERNET 18 OTTOBRE 2022<\/strong><\/p>\n\n\t\t\t<style type='text\/css'>\n\t\t\t\t#gallery-1 {\n\t\t\t\t\tmargin: auto;\n\t\t\t\t}\n\t\t\t\t#gallery-1 .gallery-item {\n\t\t\t\t\tfloat: left;\n\t\t\t\t\tmargin-top: 10px;\n\t\t\t\t\ttext-align: center;\n\t\t\t\t\twidth: 100%;\n\t\t\t\t}\n\t\t\t\t#gallery-1 img {\n\t\t\t\t\tborder: 2px solid #cfcfcf;\n\t\t\t\t}\n\t\t\t\t#gallery-1 .gallery-caption {\n\t\t\t\t\tmargin-left: 0;\n\t\t\t\t}\n\t\t\t\t\/* see gallery_shortcode() in wp-includes\/media.php *\/\n\t\t\t<\/style>\n\t\t<div id='gallery-1' class='dt-gallery-container gallery galleryid-357409 gallery-columns-1 gallery-size-thumbnail'><dl class='gallery-item'>\n\t\t\t\t<dt class='gallery-icon portrait'>\n\t\t\t\t\t<a class=\"rollover rollover-zoom dt-pswp-item\" title=\"135f5d6e-0c8f-4a3f-93c0-dfb2f5723a57\" data-dt-img-description=\"\" data-large_image_width=\"720\" data-large_image_height=\"1146\"href='https:\/\/www.radiopiu.net\/wordpress\/wp-content\/uploads\/2023\/10\/135f5d6e-0c8f-4a3f-93c0-dfb2f5723a57.jpg'><img loading=\"lazy\" decoding=\"async\" width=\"150\" height=\"150\" src=\"https:\/\/www.radiopiu.net\/wordpress\/wp-content\/uploads\/2023\/10\/135f5d6e-0c8f-4a3f-93c0-dfb2f5723a57-150x150.jpg\" class=\"attachment-thumbnail size-thumbnail\" alt=\"\" \/><\/a>\n\t\t\t\t<\/dt><\/dl><br style=\"clear: both\" \/>\n\t\t\t<\/div>\n\n<p>&nbsp;<\/p>\n<p>&nbsp;<\/p>\n<hr \/>\n<p>&nbsp;<\/p>\n","protected":false},"excerpt":{"rendered":"<p>REDAZIONE Chi non molla gli occhi dal computer durante una giornata lavorativa avr\u00e0 notato ieri l&#8217;improvvisa comparsa di un annuncio in rete:\u00a0 CERCASI HOSTESS per un grande evento di una nota azienda di produzione Eyewear di Agordo con tanto di compenso e note tecniche rigorosamente in lingua inglese, per molti \u00e8 stato necessario ricorrere al&hellip;<\/p>\n","protected":false},"author":4,"featured_media":355863,"comment_status":"closed","ping_status":"closed","sticky":false,"template":"","format":"standard","meta":{"_monsterinsights_skip_tracking":false,"_monsterinsights_sitenote_active":false,"_monsterinsights_sitenote_note":"","_monsterinsights_sitenote_category":0,"footnotes":""},"categories":[104,49],"tags":[],"class_list":["post-357409","post","type-post","status-publish","format-standard","has-post-thumbnail","hentry","category-evidenza_3","category-news-18","category-104","category-49","description-off"],"img_url":"https:\/\/www.radiopiu.net\/wordpress\/wp-content\/uploads\/2023\/10\/Palaluxottica.jpg","_links":{"self":[{"href":"https:\/\/www.radiopiu.net\/wordpress\/wp-json\/wp\/v2\/posts\/357409","targetHints":{"allow":["GET"]}}],"collection":[{"href":"https:\/\/www.radiopiu.net\/wordpress\/wp-json\/wp\/v2\/posts"}],"about":[{"href":"https:\/\/www.radiopiu.net\/wordpress\/wp-json\/wp\/v2\/types\/post"}],"author":[{"embeddable":true,"href":"https:\/\/www.radiopiu.net\/wordpress\/wp-json\/wp\/v2\/users\/4"}],"replies":[{"embeddable":true,"href":"https:\/\/www.radiopiu.net\/wordpress\/wp-json\/wp\/v2\/comments?post=357409"}],"version-history":[{"count":0,"href":"https:\/\/www.radiopiu.net\/wordpress\/wp-json\/wp\/v2\/posts\/357409\/revisions"}],"wp:featuredmedia":[{"embeddable":true,"href":"https:\/\/www.radiopiu.net\/wordpress\/wp-json\/wp\/v2\/media\/355863"}],"wp:attachment":[{"href":"https:\/\/www.radiopiu.net\/wordpress\/wp-json\/wp\/v2\/media?parent=357409"}],"wp:term":[{"taxonomy":"category","embeddable":true,"href":"https:\/\/www.radiopiu.net\/wordpress\/wp-json\/wp\/v2\/categories?post=357409"},{"taxonomy":"post_tag","embeddable":true,"href":"https:\/\/www.radiopiu.net\/wordpress\/wp-json\/wp\/v2\/tags?post=357409"}],"curies":[{"name":"wp","href":"https:\/\/api.w.org\/{rel}","templated":true}]}}