{"id":357414,"date":"2023-10-19T06:00:58","date_gmt":"2023-10-19T04:00:58","guid":{"rendered":"https:\/\/www.radiopiu.net\/wordpress\/?p=357414"},"modified":"2023-10-19T08:02:31","modified_gmt":"2023-10-19T06:02:31","slug":"dal-1983-la-rassegna-stampa-locale-e-alle-sette-ogni-mattina-la-rassegna-flash-per-chi-va-di-fretta","status":"publish","type":"post","link":"https:\/\/www.radiopiu.net\/wordpress\/dal-1983-la-rassegna-stampa-locale-e-alle-sette-ogni-mattina-la-rassegna-flash-per-chi-va-di-fretta\/","title":{"rendered":"DAL 1983 LA RASSEGNA STAMPA LOCALE E ALLE SETTE OGNI MATTINA LA RASSEGNA FLASH PER CHI VA DI FRETTA"},"content":{"rendered":"<p>&nbsp;<\/p>\n<p><iframe loading=\"lazy\" title=\"DAL 1983 LA RASSEGNA STAMPA LOCALE E ALLE SETTE OGNI MATTINA LA RASSEGNA FLASH PER CHI VA DI FRETTA\" width=\"1200\" height=\"675\" src=\"https:\/\/www.youtube.com\/embed\/zkiPd-DdlOo?feature=oembed\" frameborder=\"0\" allow=\"accelerometer; autoplay; clipboard-write; encrypted-media; gyroscope; picture-in-picture; web-share\" allowfullscreen><\/iframe><\/p>\n<p>&nbsp;<\/p>\n<p>&nbsp;<\/p>\n<p>SEGNALAZIONE METEO OGGI tempo a tratti perturbato con precipitazioni sparse e intermittenti anche a carattere di rovescio con quantitativi localmente consistenti<br \/>\nSTOP NOTTURNO A PALUE DI ROCCA PIETORE, DISAGI LIMITATI GRAZIE ALLA VIABILITA\u2019 COMUNALE deviazioni sulla viabilit\u00e0 comunale dalle 5.30 alle 23 per i mezzi fino a 3,5 tonnellate<br \/>\nGestione Servizi Pubblici informa che ad AGORDO nelle localit\u00e0 PIASENT, COLVIGNAS, CAMPON, LE FOCHE l\u2019acqua erogata dall\u2019acquedotto non \u00e8 potabile e pu\u00f2 essere usata per scopi alimentari SOLO PREVIA bollitura.<\/p>\n<p>Quero Vas, mercoled\u00ec \u2013 Un tragico incidente si \u00e8 verificato questa mattina intorno alle 7:10 lungo la SP 1, nel comune di Quero Vas, quando un camion \u00e8 finito rovesciato fuoristrada dopo aver investito un cervo. L\u2019incidente ha purtroppo causato la morte dell\u2019autista del camion, Manuel Favaro, 35 anni nato a Treviso e residente a Salzano di Venezia, mentre l\u2019autista dell\u2019auto coinvolta \u00e8 rimasto illeso.<br \/>\nFELTRE Un anziano in carrozzina \u00e8 stato investito da un\u2019auto e il conducente si \u00e8 dato alla fuga. L\u2019incidente, avvenuto intorno alle 13:20, ha portato l\u2019anziano 82enne al pronto soccorso, ma fortunatamente le sue ferite non sono gravi.<br \/>\nSEDICO Una donna di 63 anni, residente nella zona, \u00e8 rimasta ferita in seguito a uno scontro tra un\u2019auto e un autotreno. L\u2019incidente \u00e8 avvenuto all\u2019incrocio tra via Belluno e via Fermi. Fortunatamente, nonostante l\u2019impatto, la donna ha riportato ferite non gravi ed \u00e8 stata prontamente soccorsa<br \/>\nSANTA GIUSTINA Un 38enne di Sedico si \u00e8 ferito con un coltello mentre stava lavorando alla macelleria del Centro ingrosso Dama. Incidente sul lavoro, fortunatamente non grave. L\u2019azienda ha prontamente telefonato al 118 attivando i soccorsi, contestualmente si sono messi all\u2019opera i tecnici dello Spisal<br \/>\nREDAZIONE La societ\u00e0 Alleghe Hockey si stringe attorno alla famiglia del suo collaboratore Fabio Cominato per la scomparsa della mamma Rina Taffurelli. La societ\u00e0 gli \u00e8 vicino in questo momento difficile e porge sentite condoglianze<br \/>\nBELLUNO La Direzione Interregionale dei Vigili del Fuoco del Veneto e Trentino Alto Adige avverte delle truffe telefoniche in cui individui si fanno passare per Vigili del Fuoco, chiedendo denaro per abbonamenti a riviste. I Vigili del Fuoco non richiedono denaro per questo scopo<br \/>\ngosaldo ASSEGNATI I LAVORI PER IL RIFACIMENTO DEL PONTE CHE PORTA A MARCATE DELLA FRAZIONE DI REN A GOSALDO<br \/>\nIERI AD AGORDO, IL CONSIGLIO COMUNALE, LA DIRETTA DI RADIOPIU\u2019 CANALI FACEBOOK_TELEGRAM_SITO RADIOPIU.NET. VARIAZIONI AL BILANCIO E DANNI DAL MALTEMPO DELL\u2019ESTATE SCORSA<br \/>\nDOLOMITIBUS, DOPO UN MESE DI DISAGI, DOPO SETTIMANE DI PROTESTE ECCO LE ASSOCIAZIONI DEI CONSUMATORI PRONTE A SALTARE SUL PEZZO, meglio tardi che mai. Dall\u2019inizio della scuola sono state tagliate 2000 corse almeno, chi destina i contributi a Dolomitibus abbia ora il coraggio di rifare i calcoli e farsi ridare i soldi per i chilometri non percorsi da ridistribuire alle famiglie che da settimane conoscono solo disagi e nessun tipo di scusa.<br \/>\nBELLUNO Tomaso Zampieri \u00e8 il nuovo direttore di Societ\u00e0 Nuova, cooperativa sociale. Societ\u00e0 Nuova \u00e8 una realt\u00e0 variegata, fatta di tante persone che ogni giorno lavorano con impegno a favore di altre persone in un settore, quello del sociale<br \/>\nBELLUNO Lorenzo Citterio: Un Eccellente Allievo del Liceo Tiziano di Belluno \u00e8 Alfiere del Lavoro<br \/>\nBELLUNO Alla scuola dell\u2019infanzia San Gaetano di Castion, \u00e8 stata inaugurata la targa commemorativa in ricordo di Damiana Lucchetta, stimata professionista in ambito sociale, sempre a sostegno delle famiglie del territorio, soprattutto quelle in condizione di fragilit\u00e0<br \/>\nCENCENIGHE Domenica 22 ottobre, a Cencenighe Agordino, si celebrer\u00e0 la Giornata degli Emigranti dell\u2019Agordino, un evento organizzato dalla Famiglia ex emigranti dell\u2019associazione Bellunesi nel mondo.<\/p>\n<p>&nbsp;<\/p>\n<p>&nbsp;<\/p>\n<p>&nbsp;<\/p>\n<p>&nbsp;<\/p>\n<p>&nbsp;<\/p>\n<p>&nbsp;<\/p>\n<p>&nbsp;<\/p>\n<p>&nbsp;<\/p>\n","protected":false},"excerpt":{"rendered":"<p>&nbsp; &nbsp; &nbsp; SEGNALAZIONE METEO OGGI tempo a tratti perturbato con precipitazioni sparse e intermittenti anche a carattere di rovescio con quantitativi localmente consistenti STOP NOTTURNO A PALUE DI ROCCA PIETORE, DISAGI LIMITATI GRAZIE ALLA VIABILITA\u2019 COMUNALE deviazioni sulla viabilit\u00e0 comunale dalle 5.30 alle 23 per i mezzi fino a 3,5 tonnellate Gestione Servizi Pubblici&hellip;<\/p>\n","protected":false},"author":4,"featured_media":357415,"comment_status":"closed","ping_status":"closed","sticky":false,"template":"","format":"standard","meta":{"_monsterinsights_skip_tracking":false,"_monsterinsights_sitenote_active":false,"_monsterinsights_sitenote_note":"","_monsterinsights_sitenote_category":0,"footnotes":""},"categories":[104,49,142],"tags":[],"class_list":["post-357414","post","type-post","status-publish","format-standard","has-post-thumbnail","hentry","category-evidenza_3","category-news-18","category-rassegna-stampa","category-104","category-49","category-142","description-off"],"img_url":"https:\/\/www.radiopiu.net\/wordpress\/wp-content\/uploads\/2023\/10\/Senza-nome-50.png","_links":{"self":[{"href":"https:\/\/www.radiopiu.net\/wordpress\/wp-json\/wp\/v2\/posts\/357414","targetHints":{"allow":["GET"]}}],"collection":[{"href":"https:\/\/www.radiopiu.net\/wordpress\/wp-json\/wp\/v2\/posts"}],"about":[{"href":"https:\/\/www.radiopiu.net\/wordpress\/wp-json\/wp\/v2\/types\/post"}],"author":[{"embeddable":true,"href":"https:\/\/www.radiopiu.net\/wordpress\/wp-json\/wp\/v2\/users\/4"}],"replies":[{"embeddable":true,"href":"https:\/\/www.radiopiu.net\/wordpress\/wp-json\/wp\/v2\/comments?post=357414"}],"version-history":[{"count":0,"href":"https:\/\/www.radiopiu.net\/wordpress\/wp-json\/wp\/v2\/posts\/357414\/revisions"}],"wp:featuredmedia":[{"embeddable":true,"href":"https:\/\/www.radiopiu.net\/wordpress\/wp-json\/wp\/v2\/media\/357415"}],"wp:attachment":[{"href":"https:\/\/www.radiopiu.net\/wordpress\/wp-json\/wp\/v2\/media?parent=357414"}],"wp:term":[{"taxonomy":"category","embeddable":true,"href":"https:\/\/www.radiopiu.net\/wordpress\/wp-json\/wp\/v2\/categories?post=357414"},{"taxonomy":"post_tag","embeddable":true,"href":"https:\/\/www.radiopiu.net\/wordpress\/wp-json\/wp\/v2\/tags?post=357414"}],"curies":[{"name":"wp","href":"https:\/\/api.w.org\/{rel}","templated":true}]}}