{"id":357440,"date":"2023-10-19T10:11:44","date_gmt":"2023-10-19T08:11:44","guid":{"rendered":"https:\/\/www.radiopiu.net\/wordpress\/?p=357440"},"modified":"2023-10-19T10:11:44","modified_gmt":"2023-10-19T08:11:44","slug":"giovane-cacciatore-soccorso-dopo-incidente-in-val-comelico","status":"publish","type":"post","link":"https:\/\/www.radiopiu.net\/wordpress\/giovane-cacciatore-soccorso-dopo-incidente-in-val-comelico\/","title":{"rendered":"Giovane cacciatore soccorso dopo incidente in Val Comelico&#8221;"},"content":{"rendered":"<blockquote><p><em><a class=\"dt-pswp-item\" href=\"https:\/\/www.radiopiu.net\/wordpress\/wp-content\/uploads\/2023\/10\/Watermark_20231019_093027_424.jpg\" data-dt-img-description=\"\" data-large_image_width=\"1832\" data-large_image_height=\"2290\"><img loading=\"lazy\" decoding=\"async\" class=\" wp-image-357441 alignleft\" src=\"https:\/\/www.radiopiu.net\/wordpress\/wp-content\/uploads\/2023\/10\/Watermark_20231019_093027_424-240x300.jpg\" alt=\"\" width=\"190\" height=\"238\" srcset=\"https:\/\/www.radiopiu.net\/wordpress\/wp-content\/uploads\/2023\/10\/Watermark_20231019_093027_424-240x300.jpg 240w, https:\/\/www.radiopiu.net\/wordpress\/wp-content\/uploads\/2023\/10\/Watermark_20231019_093027_424-819x1024.jpg 819w, https:\/\/www.radiopiu.net\/wordpress\/wp-content\/uploads\/2023\/10\/Watermark_20231019_093027_424-768x960.jpg 768w, https:\/\/www.radiopiu.net\/wordpress\/wp-content\/uploads\/2023\/10\/Watermark_20231019_093027_424-1229x1536.jpg 1229w, https:\/\/www.radiopiu.net\/wordpress\/wp-content\/uploads\/2023\/10\/Watermark_20231019_093027_424-1638x2048.jpg 1638w, https:\/\/www.radiopiu.net\/wordpress\/wp-content\/uploads\/2023\/10\/Watermark_20231019_093027_424.jpg 1832w\" sizes=\"auto, (max-width: 190px) 100vw, 190px\" \/><\/a>\u00a0&#8220;Il Soccorso Alpino interviene con l&#8217;aiuto delle unit\u00e0 cinofile della Guardia di Finanza e della Polizia&#8221;<\/em><\/p><\/blockquote>\n<div class=\"flex-1 overflow-hidden\">\n<div class=\"react-scroll-to-bottom--css-ohcgb-79elbk h-full dark:bg-gray-800\">\n<div class=\"react-scroll-to-bottom--css-ohcgb-1n7m0yu\">\n<div class=\"flex flex-col text-sm dark:bg-gray-800\">\n<div class=\"group final-completion w-full text-token-text-primary border-b border-black\/10 gizmo:border-0 dark:border-gray-900\/50 gizmo:dark:border-0 bg-gray-50 gizmo:bg-transparent dark:bg-[#444654] gizmo:dark:bg-transparent\" data-testid=\"conversation-turn-3\">\n<div class=\"p-4 justify-center text-base md:gap-6 md:py-6 m-auto\">\n<div class=\"flex flex-1 gap-4 text-base mx-auto md:gap-6 gizmo:gap-3 gizmo:md:px-5 gizmo:lg:px-1 gizmo:xl:px-5 md:max-w-2xl lg:max-w-[38rem] gizmo:md:max-w-3xl gizmo:lg:max-w-[40rem] gizmo:xl:max-w-[48rem] xl:max-w-3xl }\">\n<div class=\"relative flex w-[calc(100%-50px)] flex-col gizmo:w-full lg:w-[calc(100%-115px)] agent-turn\">\n<div class=\"flex-col gap-1 md:gap-3\">\n<div class=\"flex flex-grow flex-col gap-3 max-w-full\">\n<div class=\"min-h-[20px] flex flex-col items-start gap-3 whitespace-pre-wrap break-words overflow-x-auto\">\n<div class=\"markdown prose w-full break-words dark:prose-invert dark\">\n<p>Ieri, attorno alle 19.40, il Soccorso Alpino della Val Comelico \u00e8 stato chiamato in azione dalla Centrale del 118 per un intervento di salvataggio emozionante in montagna. Un giovane di diciassette anni, originario di San Pietro di Cadore, aveva subito un infortunio alla gamba mentre scendeva un pendio erboso con suo nonno cacciatore. Una squadra del Soccorso Alpino si \u00e8 immediatamente mobilitata e ha raggiunto la zona di Malga Chivion, dove era gi\u00e0 presente un&#8217;ambulanza. Dopo aver caricato a bordo un&#8217;infermiera, la squadra si \u00e8 spostata a Malga Antola, dove ha lasciato la jeep e ha proseguito a piedi verso il luogo dell&#8217;incidente. L&#8217;operazione di salvataggio\u00a0 con il\u00a0 supporto delle unit\u00e0 cinofile della Guardia di Finanza e della Polizia, che stavano svolgendo addestramenti nelle vicinanze. Guidati da altri cacciatori locali, i soccorritori sono riusciti a raggiungere il giovane cacciatore, che aveva riportato un sospetto trauma al ginocchio. Dopo averlo stabilizzato e imbarellato con cura, il ragazzo \u00e8 stato sollevato per contrappeso e trasportato per circa 200 metri lungo un sentiero accidentato fino ai mezzi di soccorso. Da l\u00ec, il giovane \u00e8 stato trasferito all&#8217;ambulanza, che si \u00e8 immediatamente diretta verso l&#8217;ospedale di Pieve di Cadore. L&#8217;intervento di soccorso si \u00e8 concluso con successo verso le 23, quando il giovane \u00e8 stato consegnato nelle mani dei professionisti medici per ulteriori cure.<\/p>\n<p><a class=\"dt-pswp-item\" href=\"https:\/\/www.radiopiu.net\/wordpress\/wp-content\/uploads\/2023\/10\/Watermark_20231019_092836_533.jpg\" data-dt-img-description=\"\" data-large_image_width=\"1832\" data-large_image_height=\"2290\"><img loading=\"lazy\" decoding=\"async\" class=\"alignnone size-medium wp-image-357442\" src=\"https:\/\/www.radiopiu.net\/wordpress\/wp-content\/uploads\/2023\/10\/Watermark_20231019_092836_533-240x300.jpg\" alt=\"\" width=\"240\" height=\"300\" srcset=\"https:\/\/www.radiopiu.net\/wordpress\/wp-content\/uploads\/2023\/10\/Watermark_20231019_092836_533-240x300.jpg 240w, https:\/\/www.radiopiu.net\/wordpress\/wp-content\/uploads\/2023\/10\/Watermark_20231019_092836_533-819x1024.jpg 819w, https:\/\/www.radiopiu.net\/wordpress\/wp-content\/uploads\/2023\/10\/Watermark_20231019_092836_533-768x960.jpg 768w, https:\/\/www.radiopiu.net\/wordpress\/wp-content\/uploads\/2023\/10\/Watermark_20231019_092836_533-1229x1536.jpg 1229w, https:\/\/www.radiopiu.net\/wordpress\/wp-content\/uploads\/2023\/10\/Watermark_20231019_092836_533-1638x2048.jpg 1638w, https:\/\/www.radiopiu.net\/wordpress\/wp-content\/uploads\/2023\/10\/Watermark_20231019_092836_533.jpg 1832w\" sizes=\"auto, (max-width: 240px) 100vw, 240px\" \/><\/a><\/p>\n<\/div>\n<\/div>\n<\/div>\n<\/div>\n<\/div>\n<\/div>\n<\/div>\n<\/div>\n<\/div>\n<\/div>\n<\/div>\n<\/div>\n","protected":false},"excerpt":{"rendered":"<p>\u00a0&#8220;Il Soccorso Alpino interviene con l&#8217;aiuto delle unit\u00e0 cinofile della Guardia di Finanza e della Polizia&#8221; Ieri, attorno alle 19.40, il Soccorso Alpino della Val Comelico \u00e8 stato chiamato in azione dalla Centrale del 118 per un intervento di salvataggio emozionante in montagna. Un giovane di diciassette anni, originario di San Pietro di Cadore, aveva&hellip;<\/p>\n","protected":false},"author":4,"featured_media":357441,"comment_status":"closed","ping_status":"closed","sticky":false,"template":"","format":"standard","meta":{"_monsterinsights_skip_tracking":false,"_monsterinsights_sitenote_active":false,"_monsterinsights_sitenote_note":"","_monsterinsights_sitenote_category":0,"footnotes":""},"categories":[51,49],"tags":[],"class_list":["post-357440","post","type-post","status-publish","format-standard","has-post-thumbnail","hentry","category-evidenza-top","category-news-18","category-51","category-49","description-off"],"img_url":"https:\/\/www.radiopiu.net\/wordpress\/wp-content\/uploads\/2023\/10\/Watermark_20231019_093027_424.jpg","_links":{"self":[{"href":"https:\/\/www.radiopiu.net\/wordpress\/wp-json\/wp\/v2\/posts\/357440","targetHints":{"allow":["GET"]}}],"collection":[{"href":"https:\/\/www.radiopiu.net\/wordpress\/wp-json\/wp\/v2\/posts"}],"about":[{"href":"https:\/\/www.radiopiu.net\/wordpress\/wp-json\/wp\/v2\/types\/post"}],"author":[{"embeddable":true,"href":"https:\/\/www.radiopiu.net\/wordpress\/wp-json\/wp\/v2\/users\/4"}],"replies":[{"embeddable":true,"href":"https:\/\/www.radiopiu.net\/wordpress\/wp-json\/wp\/v2\/comments?post=357440"}],"version-history":[{"count":0,"href":"https:\/\/www.radiopiu.net\/wordpress\/wp-json\/wp\/v2\/posts\/357440\/revisions"}],"wp:featuredmedia":[{"embeddable":true,"href":"https:\/\/www.radiopiu.net\/wordpress\/wp-json\/wp\/v2\/media\/357441"}],"wp:attachment":[{"href":"https:\/\/www.radiopiu.net\/wordpress\/wp-json\/wp\/v2\/media?parent=357440"}],"wp:term":[{"taxonomy":"category","embeddable":true,"href":"https:\/\/www.radiopiu.net\/wordpress\/wp-json\/wp\/v2\/categories?post=357440"},{"taxonomy":"post_tag","embeddable":true,"href":"https:\/\/www.radiopiu.net\/wordpress\/wp-json\/wp\/v2\/tags?post=357440"}],"curies":[{"name":"wp","href":"https:\/\/api.w.org\/{rel}","templated":true}]}}