{"id":357444,"date":"2023-10-19T10:31:33","date_gmt":"2023-10-19T08:31:33","guid":{"rendered":"https:\/\/www.radiopiu.net\/wordpress\/?p=357444"},"modified":"2023-10-19T10:37:13","modified_gmt":"2023-10-19T08:37:13","slug":"stage-di-ginnastica-ritmica-al-palarova-con-alessia-marchetto","status":"publish","type":"post","link":"https:\/\/www.radiopiu.net\/wordpress\/stage-di-ginnastica-ritmica-al-palarova-con-alessia-marchetto\/","title":{"rendered":"Stage di Ginnastica Ritmica al PalaRova con Alessia Marchetto"},"content":{"rendered":"<p><strong><a class=\"dt-pswp-item\" href=\"https:\/\/www.radiopiu.net\/wordpress\/wp-content\/uploads\/2023\/10\/bb961fbb-9c11-4761-8386-33f754cb4ccb.jpg\" data-dt-img-description=\"\" data-large_image_width=\"940\" data-large_image_height=\"788\"><img loading=\"lazy\" decoding=\"async\" class=\"size-medium wp-image-357445 alignleft\" src=\"https:\/\/www.radiopiu.net\/wordpress\/wp-content\/uploads\/2023\/10\/bb961fbb-9c11-4761-8386-33f754cb4ccb-300x251.jpg\" alt=\"\" width=\"300\" height=\"251\" srcset=\"https:\/\/www.radiopiu.net\/wordpress\/wp-content\/uploads\/2023\/10\/bb961fbb-9c11-4761-8386-33f754cb4ccb-300x251.jpg 300w, https:\/\/www.radiopiu.net\/wordpress\/wp-content\/uploads\/2023\/10\/bb961fbb-9c11-4761-8386-33f754cb4ccb-768x644.jpg 768w, https:\/\/www.radiopiu.net\/wordpress\/wp-content\/uploads\/2023\/10\/bb961fbb-9c11-4761-8386-33f754cb4ccb.jpg 940w\" sizes=\"auto, (max-width: 300px) 100vw, 300px\" \/><\/a>AGORDO<\/strong><b> O<\/b>pportunit\u00e0 per tutti gli appassionati di ginnastica ritmica, il 5 novembre\u00a0 al PalaRova, avr\u00e0 luogo uno stage di alto livello con la partecipazione speciale di Alessia Marchetto, ex ginnasta della nazionale italiana di ginnastica ritmica. Organizzato dal settore nazionale di GR MSP Italia, questo evento promette di essere un momento straordinario per gli amanti di questo sport.\u00a0 Questa iniziativa \u00e8 il risultato di una collaborazione preziosa tra il settore nazionale di GR MSP Italia, il Comitato regionale Veneto e i comitati provinciali MSP di Treviso, Verona, Venezia e Belluno.<b> <\/b>Lo stage offrir\u00e0 ai partecipanti l&#8217;opportunit\u00e0 di apprendere dalle migliori risorse della ginnastica ritmica italiana. Alessia Marchetto condivider\u00e0 la sua vasta esperienza e conoscenza con i partecipanti, offrendo consigli preziosi e guidando gli atleti attraverso esercizi e tecniche avanzate. Questo evento formativo si rivolge sia a ginnaste principianti che a quelle pi\u00f9 esperte, offrendo una prospettiva diversificata sulla disciplina.<b>. <\/b>Per partecipare\u00a0 \u00e8 necessario iscriversi entro il 27 ottobre\u00a0 a\u00a0 <a href=\"mailto:mspitalia.ritmica@gmail.com\" target=\"_new\" rel=\"noopener\">mspitalia.ritmica@gmail.com<\/a>\u00a0 per informazioni\u00a0 Giulia Franchetti Pardo responsabile regionale Veneto al\u00a0 3401169135.<\/p>\n<p>&nbsp;<\/p>\n<p>&nbsp;<\/p>\n<p>&nbsp;<\/p>\n<p>&nbsp;<\/p>\n<hr \/>\n<div class=\"flex-1 overflow-hidden\">\n<div class=\"react-scroll-to-bottom--css-vjcnb-79elbk h-full dark:bg-gray-800\">\n<div class=\"react-scroll-to-bottom--css-vjcnb-1n7m0yu\">\n<div class=\"flex flex-col text-sm dark:bg-gray-800\">\n<div class=\"group final-completion w-full text-token-text-primary border-b border-black\/10 gizmo:border-0 dark:border-gray-900\/50 gizmo:dark:border-0 bg-gray-50 gizmo:bg-transparent dark:bg-[#444654] gizmo:dark:bg-transparent\" data-testid=\"conversation-turn-3\">\n<div class=\"p-4 justify-center text-base md:gap-6 md:py-6 m-auto\">\n<div class=\"flex flex-1 gap-4 text-base mx-auto md:gap-6 gizmo:gap-3 gizmo:md:px-5 gizmo:lg:px-1 gizmo:xl:px-5 md:max-w-2xl lg:max-w-[38rem] gizmo:md:max-w-3xl gizmo:lg:max-w-[40rem] gizmo:xl:max-w-[48rem] xl:max-w-3xl }\">\n<div class=\"relative flex w-[calc(100%-50px)] flex-col gizmo:w-full lg:w-[calc(100%-115px)] agent-turn\">\n<div class=\"flex-col gap-1 md:gap-3\">\n<div class=\"flex justify-between empty:hidden gizmo:justify-start gizmo:gap-3 lg:block\">\n<div class=\"text-gray-400 flex self-end lg:self-center justify-center gizmo:lg:justify-start mt-2 gizmo:mt-0 visible lg:gap-1 lg:absolute lg:top-0 lg:translate-x-full lg:right-0 lg:mt-0 lg:pl-2 gap-2 md:gap-3\">\n<div class=\"flex gap-1 gizmo:gap-3\"><\/div>\n<div>_<\/div>\n<\/div>\n<\/div>\n<\/div>\n<\/div>\n<\/div>\n<\/div>\n<div><\/div>\n<\/div>\n<div class=\"h-32 md:h-48 flex-shrink-0\"><\/div>\n<p>&nbsp;<\/p>\n<\/div>\n<\/div>\n<\/div>\n<\/div>\n<div class=\"w-full pt-2 border-t md:border-t-0 dark:border-white\/20 md:border-transparent md:dark:border-transparent md:pl-2 md:w-[calc(100%-.5rem)] absolute bottom-0 left-0 md:bg-vert-light-gradient bg-white dark:bg-gray-800 md:!bg-transparent dark:md:bg-vert-dark-gradient\">\n<form class=\"stretch mx-2 flex flex-row gap-3 last:mb-2 md:mx-4 md:last:mb-6 lg:mx-auto lg:max-w-2xl xl:max-w-3xl\">\n<div class=\"relative flex h-full flex-1 items-stretch md:flex-col\">\n<div>\n<div class=\"h-full flex ml-1 md:w-full md:m-auto md:mb-4 gap-0 md:gap-2 justify-center\"><\/div>\n<\/div>\n<\/div>\n<\/form>\n<\/div>\n","protected":false},"excerpt":{"rendered":"<p>AGORDO Opportunit\u00e0 per tutti gli appassionati di ginnastica ritmica, il 5 novembre\u00a0 al PalaRova, avr\u00e0 luogo uno stage di alto livello con la partecipazione speciale di Alessia Marchetto, ex ginnasta della nazionale italiana di ginnastica ritmica. Organizzato dal settore nazionale di GR MSP Italia, questo evento promette di essere un momento straordinario per gli amanti&hellip;<\/p>\n","protected":false},"author":4,"featured_media":357445,"comment_status":"closed","ping_status":"closed","sticky":false,"template":"","format":"standard","meta":{"_monsterinsights_skip_tracking":false,"_monsterinsights_sitenote_active":false,"_monsterinsights_sitenote_note":"","_monsterinsights_sitenote_category":0,"footnotes":""},"categories":[49],"tags":[],"class_list":["post-357444","post","type-post","status-publish","format-standard","has-post-thumbnail","hentry","category-news-18","category-49","description-off"],"img_url":"https:\/\/www.radiopiu.net\/wordpress\/wp-content\/uploads\/2023\/10\/bb961fbb-9c11-4761-8386-33f754cb4ccb.jpg","_links":{"self":[{"href":"https:\/\/www.radiopiu.net\/wordpress\/wp-json\/wp\/v2\/posts\/357444","targetHints":{"allow":["GET"]}}],"collection":[{"href":"https:\/\/www.radiopiu.net\/wordpress\/wp-json\/wp\/v2\/posts"}],"about":[{"href":"https:\/\/www.radiopiu.net\/wordpress\/wp-json\/wp\/v2\/types\/post"}],"author":[{"embeddable":true,"href":"https:\/\/www.radiopiu.net\/wordpress\/wp-json\/wp\/v2\/users\/4"}],"replies":[{"embeddable":true,"href":"https:\/\/www.radiopiu.net\/wordpress\/wp-json\/wp\/v2\/comments?post=357444"}],"version-history":[{"count":0,"href":"https:\/\/www.radiopiu.net\/wordpress\/wp-json\/wp\/v2\/posts\/357444\/revisions"}],"wp:featuredmedia":[{"embeddable":true,"href":"https:\/\/www.radiopiu.net\/wordpress\/wp-json\/wp\/v2\/media\/357445"}],"wp:attachment":[{"href":"https:\/\/www.radiopiu.net\/wordpress\/wp-json\/wp\/v2\/media?parent=357444"}],"wp:term":[{"taxonomy":"category","embeddable":true,"href":"https:\/\/www.radiopiu.net\/wordpress\/wp-json\/wp\/v2\/categories?post=357444"},{"taxonomy":"post_tag","embeddable":true,"href":"https:\/\/www.radiopiu.net\/wordpress\/wp-json\/wp\/v2\/tags?post=357444"}],"curies":[{"name":"wp","href":"https:\/\/api.w.org\/{rel}","templated":true}]}}