{"id":357476,"date":"2023-10-19T15:37:11","date_gmt":"2023-10-19T13:37:11","guid":{"rendered":"https:\/\/www.radiopiu.net\/wordpress\/?p=357476"},"modified":"2023-10-20T06:17:05","modified_gmt":"2023-10-20T04:17:05","slug":"ai-blocchi-di-partenza-il-campionato-csi-di-corsa-campestre-che-compie-25-anni","status":"publish","type":"post","link":"https:\/\/www.radiopiu.net\/wordpress\/ai-blocchi-di-partenza-il-campionato-csi-di-corsa-campestre-che-compie-25-anni\/","title":{"rendered":"AI BLOCCHI DI PARTENZA IL CAMPIONATO CSI DI CORSA CAMPESTRE CHE COMPIE 25 ANNI"},"content":{"rendered":"<p><strong><a class=\"dt-pswp-item\" href=\"https:\/\/www.radiopiu.net\/wordpress\/wp-content\/uploads\/2023\/10\/f046d96a-7f75-4201-9ca9-01ee64bf5bdb.jpg\" data-dt-img-description=\"\" data-large_image_width=\"1600\" data-large_image_height=\"1066\"><img loading=\"lazy\" decoding=\"async\" class=\" wp-image-357478 alignleft\" src=\"https:\/\/www.radiopiu.net\/wordpress\/wp-content\/uploads\/2023\/10\/f046d96a-7f75-4201-9ca9-01ee64bf5bdb-300x200.jpg\" alt=\"\" width=\"167\" height=\"111\" srcset=\"https:\/\/www.radiopiu.net\/wordpress\/wp-content\/uploads\/2023\/10\/f046d96a-7f75-4201-9ca9-01ee64bf5bdb-300x200.jpg 300w, https:\/\/www.radiopiu.net\/wordpress\/wp-content\/uploads\/2023\/10\/f046d96a-7f75-4201-9ca9-01ee64bf5bdb-1024x682.jpg 1024w, https:\/\/www.radiopiu.net\/wordpress\/wp-content\/uploads\/2023\/10\/f046d96a-7f75-4201-9ca9-01ee64bf5bdb-768x512.jpg 768w, https:\/\/www.radiopiu.net\/wordpress\/wp-content\/uploads\/2023\/10\/f046d96a-7f75-4201-9ca9-01ee64bf5bdb-1536x1023.jpg 1536w, https:\/\/www.radiopiu.net\/wordpress\/wp-content\/uploads\/2023\/10\/f046d96a-7f75-4201-9ca9-01ee64bf5bdb.jpg 1600w\" sizes=\"auto, (max-width: 167px) 100vw, 167px\" \/><\/a>BELLUNO <\/strong>Prender\u00e0 il via domenica 22 ottobre il Campionato provinciale di corsa campestre del Centro sportivo italiano, evento proposto dal nostro comitato in sinergia con quello di Feltre. L\u2019evento, giunto alla 25. ma edizione, si articoler\u00e0 su cinque prove e sar\u00e0 valido per l\u2019assegnazione del Memorial Serafino Barp (classifica a squadre dedicata alle categorie giovanili) e per l\u2019assegnazione del Trofeo Passport (classifica a squadre complessiva). La prima prova \u00e8 prevista a Pelos di Vigo di Cadore per la mattinata di domenica 22 ottobre, con inizio alle 10. I primi a partire saranno i giovanissimi atleti delle categorie Cuccioli, a seguire tutte le altre. L\u2019organizzazione della gara d\u2019esordio \u00e8 affidata all\u2019Unione sportiva Aquilotti di Pelos di Cadore. Dopo la pausa del 29 ottobre, in concomitanza con la disputa del Campionato nazionale di corsa su strada, in programma ad Agordo, il secondo appuntamento del Provinciale \u00e8 previsto per domenica 5 novembre a Ronchena di Lentiai (Borgo Valbelluna, organizzazione a cura del Gs La Piave 2000) mentre il 12 novembre si garegger\u00e0 a Nemeggio di Feltre, in una giornata proposta dalla Virtus Nemeggio. Il 19 novembre si salir\u00e0 a Lamon per la quarta prova (organizzazione Atletica Lamon) mentre la tappa conclusiva, curata ancora dal Gs La Piave 2000, \u00e8 in calendario per domenica 26 novembre: teatro di gara il parco di Bribano di Sedico. La manifestazione \u00e8 aperta anche ai tesserati Fidal che per\u00f2 non entreranno nella classifica generale finale. \u00abAnche quest\u2019anno proponiamo cinque appuntamenti, a conferma della vivacit\u00e0 del movimento\u00bb sottolinea Dante Passuello, responsabile della commissione atletica di Csi Belluno. \u00abCi sono vicine diverse aziende, in particolare Passsport, che a ogni partecipante offrir\u00e0 una serie di scontistiche per il reparto running su acquisti fino al 31 dicembre, e Lattebusche, cos\u00ec come l\u2019Associazione Feltrina Donatori Volontari del Sangue: una bella occasione per promuovere la donazione del sangue e l\u2019attenzione verso chi ha bisogno\u00bb. L\u2019Associazione Feltrina Donatori Volontari del Sangue sar\u00e0 presente nelle tappe di Ronchena, Lamon e Nemeggio con un proprio stand informativo. Inoltre, in queste tre prove, tra gli atleti donatori che si presenteranno con il tesserino dell\u2019Afdvs, verr\u00e0 estratto due premi (maschile e femminile). La prova di Nemeggio, infine, assegner\u00e0 il trofeo Fernando Dall\u2019O\u2019, gi\u00e0 capo sezione Afdvs di Zermen-Nemeggio ed ex atleta del calcio della Virtus Nemeggio.<\/p>\n<p>&nbsp;<\/p>\n<p>&nbsp;<\/p>\n<p>*******<\/p>\n","protected":false},"excerpt":{"rendered":"<p>BELLUNO Prender\u00e0 il via domenica 22 ottobre il Campionato provinciale di corsa campestre del Centro sportivo italiano, evento proposto dal nostro comitato in sinergia con quello di Feltre. L\u2019evento, giunto alla 25. ma edizione, si articoler\u00e0 su cinque prove e sar\u00e0 valido per l\u2019assegnazione del Memorial Serafino Barp (classifica a squadre dedicata alle categorie giovanili)&hellip;<\/p>\n","protected":false},"author":4,"featured_media":357478,"comment_status":"closed","ping_status":"closed","sticky":false,"template":"","format":"standard","meta":{"_monsterinsights_skip_tracking":false,"_monsterinsights_sitenote_active":false,"_monsterinsights_sitenote_note":"","_monsterinsights_sitenote_category":0,"footnotes":""},"categories":[104,49],"tags":[],"class_list":["post-357476","post","type-post","status-publish","format-standard","has-post-thumbnail","hentry","category-evidenza_3","category-news-18","category-104","category-49","description-off"],"img_url":"https:\/\/www.radiopiu.net\/wordpress\/wp-content\/uploads\/2023\/10\/f046d96a-7f75-4201-9ca9-01ee64bf5bdb.jpg","_links":{"self":[{"href":"https:\/\/www.radiopiu.net\/wordpress\/wp-json\/wp\/v2\/posts\/357476","targetHints":{"allow":["GET"]}}],"collection":[{"href":"https:\/\/www.radiopiu.net\/wordpress\/wp-json\/wp\/v2\/posts"}],"about":[{"href":"https:\/\/www.radiopiu.net\/wordpress\/wp-json\/wp\/v2\/types\/post"}],"author":[{"embeddable":true,"href":"https:\/\/www.radiopiu.net\/wordpress\/wp-json\/wp\/v2\/users\/4"}],"replies":[{"embeddable":true,"href":"https:\/\/www.radiopiu.net\/wordpress\/wp-json\/wp\/v2\/comments?post=357476"}],"version-history":[{"count":0,"href":"https:\/\/www.radiopiu.net\/wordpress\/wp-json\/wp\/v2\/posts\/357476\/revisions"}],"wp:featuredmedia":[{"embeddable":true,"href":"https:\/\/www.radiopiu.net\/wordpress\/wp-json\/wp\/v2\/media\/357478"}],"wp:attachment":[{"href":"https:\/\/www.radiopiu.net\/wordpress\/wp-json\/wp\/v2\/media?parent=357476"}],"wp:term":[{"taxonomy":"category","embeddable":true,"href":"https:\/\/www.radiopiu.net\/wordpress\/wp-json\/wp\/v2\/categories?post=357476"},{"taxonomy":"post_tag","embeddable":true,"href":"https:\/\/www.radiopiu.net\/wordpress\/wp-json\/wp\/v2\/tags?post=357476"}],"curies":[{"name":"wp","href":"https:\/\/api.w.org\/{rel}","templated":true}]}}