{"id":357626,"date":"2023-10-21T05:19:11","date_gmt":"2023-10-21T03:19:11","guid":{"rendered":"https:\/\/www.radiopiu.net\/wordpress\/?p=357626"},"modified":"2023-10-21T05:52:13","modified_gmt":"2023-10-21T03:52:13","slug":"aumento-della-retribuzione-per-i-dipendenti-dolomitibus-la-cigl-e-la-uil-fanno-chiarezza","status":"publish","type":"post","link":"https:\/\/www.radiopiu.net\/wordpress\/aumento-della-retribuzione-per-i-dipendenti-dolomitibus-la-cigl-e-la-uil-fanno-chiarezza\/","title":{"rendered":"AUMENTO DELLA RETRIBUZIONE PER I DIPENDENTI DOLOMITIBUS. LA CIGL E LA UIL FANNO CHIAREZZA"},"content":{"rendered":"<p><strong><a class=\"dt-pswp-item\" href=\"https:\/\/www.radiopiu.net\/wordpress\/wp-content\/uploads\/2020\/06\/f662441c-c6a1-40df-8978-3ff5202173f9.jpg\" data-dt-img-description=\"\" data-large_image_width=\"1280\" data-large_image_height=\"960\"><img loading=\"lazy\" decoding=\"async\" class=\" wp-image-145519 alignleft\" src=\"https:\/\/www.radiopiu.net\/wordpress\/wp-content\/uploads\/2020\/06\/f662441c-c6a1-40df-8978-3ff5202173f9-300x225.jpg\" alt=\"\" width=\"173\" height=\"130\" srcset=\"https:\/\/www.radiopiu.net\/wordpress\/wp-content\/uploads\/2020\/06\/f662441c-c6a1-40df-8978-3ff5202173f9-300x225.jpg 300w, https:\/\/www.radiopiu.net\/wordpress\/wp-content\/uploads\/2020\/06\/f662441c-c6a1-40df-8978-3ff5202173f9-1024x768.jpg 1024w, https:\/\/www.radiopiu.net\/wordpress\/wp-content\/uploads\/2020\/06\/f662441c-c6a1-40df-8978-3ff5202173f9-768x576.jpg 768w, https:\/\/www.radiopiu.net\/wordpress\/wp-content\/uploads\/2020\/06\/f662441c-c6a1-40df-8978-3ff5202173f9.jpg 1280w\" sizes=\"auto, (max-width: 173px) 100vw, 173px\" \/><\/a>REDAZIONE<\/strong> Con un comunicato stampa la Fit CGIL e la UILtrasporti vogliono fare chiarezza su quanto deciso con la dirigenza di Dolomitibus in merito all&#8217;aumento della retribuzione per gli autisti delle corriere.<\/p>\n<p><strong>IL COMUNICATO CONGIUNTO<\/strong><\/p>\n<p>Le entusiastiche uscite sugli organi di stampa rispetto all\u2019aumento dello stipendio per i dipendenti di Dolomiti Bus ci lasciano quanto mai allibiti e ci costringono a puntualizzazioni, di merito e di metodo. Lo dobbiamo ai cittadini e studenti che anche oggi subiscono il taglio delle corse e delle linee, ai lavoratori che non hanno risposta alcuna sulla sorte del loro abbonamento, agli anziani considerati \u201cnon remunerativi\u201d per il trasporto. Lo dobbiamo ai lavoratori di dolomiti bus a cui spiegheremo, in assemblea, la proposta aziendale, con cui ci confronteremo e faremo le valutazioni necessarie; fiduciosi che, una riapertura della trattativa, possa quantomeno rendere pi\u00f9 strutturale la proposta economica presentata dall\u2019azienda. Nel metodo. Da anni chiediamo di rivedere i turni e di alzare in maniera stabile gli stipendi, senza alcuna risposta. Qualcosa si \u00e8 mosso, in grande urgenza (la convocazione aziendale ci \u00e8 arrivata sabato mattina) ma solo perch\u00e9 era gi\u00e0 stata proclamata un\u2019azione di sciopero unitariamente e perch\u00e8 tutta la cittadinanza bellunese si \u00e8 schierata dalla parte degli autisti e del servizio, decidendo di scendere in piazza sabato 21. La differenza l\u2019ha fatta il coro di protesta che si \u00e8 alzato arrivando fino alla Regione Veneto. Ci spiace che non tutte le organizzazioni sindacali abbiano colto il valore e l\u2019importanza della protesta trasversale e realmente rappresentativa della Provincia di Belluno. Nel merito. Si tratta di una proposta aziendale che certo, rappresenta un passo avanti nella discussione ma che da sola \u00e8 assolutamente insufficiente. Voi curereste un malato grave con un\u2019aspirina? Noi no. E allora costruire un incentivo economico limitato nel tempo (il rinnovo del contratto nazionale o, comunque, il 2025.. che non si sa mai!!!) legandolo alla presenza effettiva in servizio (non spetta durante le ferie, la malattia, non entra nella 13esima, nel tfr, nel conteggio straordinario) \u00e8 solo un palliativo. Parliamo delle cifre: 6 \u20ac lordi al giorno, netti diventano un caff\u00e8 e brioche. Saranno attrattivi per convincere gli autisti a rimanere?? Porteranno autisti in pi\u00f9, per una colazione al giorno?? Con una colazione, a scadenza, torneranno le linee e i servizi tagliati? Provincia? Non pervenuta, e non c\u2019\u00e8 pi\u00f9 una gestione territoriale. Nessuna risposta agli utenti: domani le corse continueranno a saltare, gli abbonamenti verranno utilizzati per fare cassa, gli studenti rinunceranno a sport, attivit\u00e0 e gli anziani saranno sempre pi\u00f9 isolati. Forse gli autisti avranno un caff\u00e8. Per questi motivi domani saremo in piazza, assieme alla popolazione. No a palliativi, no al caff\u00e8 e brioche: vogliamo soluzioni serie per il bene degli utenti della provincia di Belluno.<\/p>\n<p><strong>Denise Casanova Crepuz Segretaria gen. Cgil Belluno &#8211; Sonia Bridda Segreteria Uil Belluno &#8211; Antonio Ventura Segretario gen. Filt Cgil Belluno &#8211; Federico Cuzzolin Segretario gen. Uil trasporti Belluno &#8211; Alessandra Fontana Segretaria Filt Cgil Veneto<\/strong><\/p>\n<p>&nbsp;<\/p>\n<p><strong>MASSIMILIANO PAGLINI, SEGRETARIO GENERALE DELLA CISL BELLUNO TREVISO, RISPONDE<\/strong><\/p>\n<audio class=\"wp-audio-shortcode\" id=\"audio-357626-1\" preload=\"none\" style=\"width: 100%;\" controls=\"controls\"><source type=\"audio\/mpeg\" src=\"https:\/\/www.radiopiu.net\/wordpress\/wp-content\/uploads\/2023\/10\/PAGLINI-CISL-DOLOMITIBUS-RISPONDE.mp3?_=1\" \/><a href=\"https:\/\/www.radiopiu.net\/wordpress\/wp-content\/uploads\/2023\/10\/PAGLINI-CISL-DOLOMITIBUS-RISPONDE.mp3\">https:\/\/www.radiopiu.net\/wordpress\/wp-content\/uploads\/2023\/10\/PAGLINI-CISL-DOLOMITIBUS-RISPONDE.mp3<\/a><\/audio>\n<p>&nbsp;<\/p>\n<p>**********<\/p>\n","protected":false},"excerpt":{"rendered":"<p>REDAZIONE Con un comunicato stampa la Fit CGIL e la UILtrasporti vogliono fare chiarezza su quanto deciso con la dirigenza di Dolomitibus in merito all&#8217;aumento della retribuzione per gli autisti delle corriere. IL COMUNICATO CONGIUNTO Le entusiastiche uscite sugli organi di stampa rispetto all\u2019aumento dello stipendio per i dipendenti di Dolomiti Bus ci lasciano quanto&hellip;<\/p>\n","protected":false},"author":4,"featured_media":145519,"comment_status":"closed","ping_status":"closed","sticky":false,"template":"","format":"standard","meta":{"_monsterinsights_skip_tracking":false,"_monsterinsights_sitenote_active":false,"_monsterinsights_sitenote_note":"","_monsterinsights_sitenote_category":0,"footnotes":""},"categories":[51,49],"tags":[],"class_list":["post-357626","post","type-post","status-publish","format-standard","has-post-thumbnail","hentry","category-evidenza-top","category-news-18","category-51","category-49","description-off"],"img_url":"https:\/\/www.radiopiu.net\/wordpress\/wp-content\/uploads\/2020\/06\/f662441c-c6a1-40df-8978-3ff5202173f9.jpg","_links":{"self":[{"href":"https:\/\/www.radiopiu.net\/wordpress\/wp-json\/wp\/v2\/posts\/357626","targetHints":{"allow":["GET"]}}],"collection":[{"href":"https:\/\/www.radiopiu.net\/wordpress\/wp-json\/wp\/v2\/posts"}],"about":[{"href":"https:\/\/www.radiopiu.net\/wordpress\/wp-json\/wp\/v2\/types\/post"}],"author":[{"embeddable":true,"href":"https:\/\/www.radiopiu.net\/wordpress\/wp-json\/wp\/v2\/users\/4"}],"replies":[{"embeddable":true,"href":"https:\/\/www.radiopiu.net\/wordpress\/wp-json\/wp\/v2\/comments?post=357626"}],"version-history":[{"count":0,"href":"https:\/\/www.radiopiu.net\/wordpress\/wp-json\/wp\/v2\/posts\/357626\/revisions"}],"wp:featuredmedia":[{"embeddable":true,"href":"https:\/\/www.radiopiu.net\/wordpress\/wp-json\/wp\/v2\/media\/145519"}],"wp:attachment":[{"href":"https:\/\/www.radiopiu.net\/wordpress\/wp-json\/wp\/v2\/media?parent=357626"}],"wp:term":[{"taxonomy":"category","embeddable":true,"href":"https:\/\/www.radiopiu.net\/wordpress\/wp-json\/wp\/v2\/categories?post=357626"},{"taxonomy":"post_tag","embeddable":true,"href":"https:\/\/www.radiopiu.net\/wordpress\/wp-json\/wp\/v2\/tags?post=357626"}],"curies":[{"name":"wp","href":"https:\/\/api.w.org\/{rel}","templated":true}]}}