{"id":357663,"date":"2023-10-21T05:29:18","date_gmt":"2023-10-21T03:29:18","guid":{"rendered":"https:\/\/www.radiopiu.net\/wordpress\/?p=357663"},"modified":"2023-10-21T06:39:52","modified_gmt":"2023-10-21T04:39:52","slug":"il-nuovo-ingresso-alla-rsa-di-agordo","status":"publish","type":"post","link":"https:\/\/www.radiopiu.net\/wordpress\/il-nuovo-ingresso-alla-rsa-di-agordo\/","title":{"rendered":"IL NUOVO INGRESSO ALLA RSA DI AGORDO"},"content":{"rendered":"<p><strong><a class=\"dt-pswp-item\" href=\"https:\/\/www.radiopiu.net\/wordpress\/wp-content\/uploads\/2023\/10\/d8dfaf85-758a-448d-a238-fe1d47f68672.jpg\" data-dt-img-description=\"\" data-large_image_width=\"1024\" data-large_image_height=\"768\"><img loading=\"lazy\" decoding=\"async\" class=\"size-medium wp-image-357664 alignleft\" src=\"https:\/\/www.radiopiu.net\/wordpress\/wp-content\/uploads\/2023\/10\/d8dfaf85-758a-448d-a238-fe1d47f68672-300x225.jpg\" alt=\"\" width=\"300\" height=\"225\" srcset=\"https:\/\/www.radiopiu.net\/wordpress\/wp-content\/uploads\/2023\/10\/d8dfaf85-758a-448d-a238-fe1d47f68672-300x225.jpg 300w, https:\/\/www.radiopiu.net\/wordpress\/wp-content\/uploads\/2023\/10\/d8dfaf85-758a-448d-a238-fe1d47f68672-768x576.jpg 768w, https:\/\/www.radiopiu.net\/wordpress\/wp-content\/uploads\/2023\/10\/d8dfaf85-758a-448d-a238-fe1d47f68672.jpg 1024w\" sizes=\"auto, (max-width: 300px) 100vw, 300px\" \/><\/a>AGORDO<\/strong> In\u00a0 un clima molto sereno e positivo inaugurato il nuovo ingresso della RSA, luogo d\u2019incontro per familiari volontari e operatori, presenti all\u2019evento insieme ai sindaci dell\u2019Agordino, al direttore dei servizi socio sanitari dell\u2019Azienda ULSS , al direttore di Asca e all\u2019amministratore unico dell\u2019Azienda che gestisce i servizi agli anziani residenziali e territoriali, la porta d\u2019accesso, il segretariato sociale, un asilo nido, i quattro centri sollievo e tutta l\u2019area sociale di competenza dei comuni. Luogo, completamente ristrutturato con i fondi di confine per rendere la struttura pi\u00f9 consona ai bisogni degli anziani. L\u2019 Amministratore Unico di ASCA Mariachiara Santin ha sottolineato la necessit\u00e0 di completare il panorama dell\u2019offerta con l\u2019avvio del nuovo servizio (Diurno), la ricollocazione dei posti per non autosufficienti all\u2019interno del perimetro agordino e la necessit\u00e0 di ripensare la distribuzione di residenze per persone pi\u00f9 autonome che vivono sole e necessitano di protezione e di comunit\u00e0. Il direttore Paolo Santesso ha rivolto un particolare ringraziamento ai suoi collaboratori e ai volontari, mentre Giampaolo Pecere, che ha portato anche i saluti del commissario Dal Ben, ha espresso il suo plauso ai sindaci agordini che si muovono sempre in sintonia. La soddisfazione per i risultati raggiunti dal progetto Asca \u00e8 stata espressa da Silvia Tormen che \u00e8 anche presidente dell\u2019assemblea dei sindaci dell\u2019Azienda e ha sottolineato lo sviluppo dell\u2019azienda che eroga servizi omogenei in tutti i comuni. Citate\u00a0 le convenzioni con Agordo Servizi e con l\u2019Azienda Fodom Servizi e il tema delle collaborazioni fra tutte le realt\u00e0 del territorio \u00e8 stato ripreso da Paolo Frena, nella veste di presidente dell\u2019Unione Montana, che ha sottolineato proprio la necessit\u00e0 di concretizzare ulteriori nuove collaborazione dettate dall\u2019urgenza di dare risposte appropriate ai bisogni della popolazione Agordina.<\/p>\n<p>__<\/p>\n","protected":false},"excerpt":{"rendered":"<p>AGORDO In\u00a0 un clima molto sereno e positivo inaugurato il nuovo ingresso della RSA, luogo d\u2019incontro per familiari volontari e operatori, presenti all\u2019evento insieme ai sindaci dell\u2019Agordino, al direttore dei servizi socio sanitari dell\u2019Azienda ULSS , al direttore di Asca e all\u2019amministratore unico dell\u2019Azienda che gestisce i servizi agli anziani residenziali e territoriali, la porta&hellip;<\/p>\n","protected":false},"author":4,"featured_media":357664,"comment_status":"closed","ping_status":"closed","sticky":false,"template":"","format":"standard","meta":{"_monsterinsights_skip_tracking":false,"_monsterinsights_sitenote_active":false,"_monsterinsights_sitenote_note":"","_monsterinsights_sitenote_category":0,"footnotes":""},"categories":[51,49],"tags":[],"class_list":["post-357663","post","type-post","status-publish","format-standard","has-post-thumbnail","hentry","category-evidenza-top","category-news-18","category-51","category-49","description-off"],"img_url":"https:\/\/www.radiopiu.net\/wordpress\/wp-content\/uploads\/2023\/10\/d8dfaf85-758a-448d-a238-fe1d47f68672.jpg","_links":{"self":[{"href":"https:\/\/www.radiopiu.net\/wordpress\/wp-json\/wp\/v2\/posts\/357663","targetHints":{"allow":["GET"]}}],"collection":[{"href":"https:\/\/www.radiopiu.net\/wordpress\/wp-json\/wp\/v2\/posts"}],"about":[{"href":"https:\/\/www.radiopiu.net\/wordpress\/wp-json\/wp\/v2\/types\/post"}],"author":[{"embeddable":true,"href":"https:\/\/www.radiopiu.net\/wordpress\/wp-json\/wp\/v2\/users\/4"}],"replies":[{"embeddable":true,"href":"https:\/\/www.radiopiu.net\/wordpress\/wp-json\/wp\/v2\/comments?post=357663"}],"version-history":[{"count":0,"href":"https:\/\/www.radiopiu.net\/wordpress\/wp-json\/wp\/v2\/posts\/357663\/revisions"}],"wp:featuredmedia":[{"embeddable":true,"href":"https:\/\/www.radiopiu.net\/wordpress\/wp-json\/wp\/v2\/media\/357664"}],"wp:attachment":[{"href":"https:\/\/www.radiopiu.net\/wordpress\/wp-json\/wp\/v2\/media?parent=357663"}],"wp:term":[{"taxonomy":"category","embeddable":true,"href":"https:\/\/www.radiopiu.net\/wordpress\/wp-json\/wp\/v2\/categories?post=357663"},{"taxonomy":"post_tag","embeddable":true,"href":"https:\/\/www.radiopiu.net\/wordpress\/wp-json\/wp\/v2\/tags?post=357663"}],"curies":[{"name":"wp","href":"https:\/\/api.w.org\/{rel}","templated":true}]}}