{"id":357765,"date":"2023-10-22T06:00:14","date_gmt":"2023-10-22T04:00:14","guid":{"rendered":"https:\/\/www.radiopiu.net\/wordpress\/?p=357765"},"modified":"2023-10-22T06:17:16","modified_gmt":"2023-10-22T04:17:16","slug":"dillo-a-radio-piu-la-caccia-non-e-piu-quella-di-una-volta","status":"publish","type":"post","link":"https:\/\/www.radiopiu.net\/wordpress\/dillo-a-radio-piu-la-caccia-non-e-piu-quella-di-una-volta\/","title":{"rendered":"DILLO A RADIO PIU&#8217;&#8230;LA CACCIA NON E&#8217; PIU&#8217; QUELLA DI UNA VOLTA"},"content":{"rendered":"<p><strong><a class=\"dt-pswp-item\" href=\"https:\/\/www.radiopiu.net\/wordpress\/wp-content\/uploads\/2023\/10\/f2a1c2b4-6f3f-4372-ac8e-02edf84a1bea.jpg\" data-dt-img-description=\"\" data-large_image_width=\"1576\" data-large_image_height=\"1600\"><img loading=\"lazy\" decoding=\"async\" class=\" wp-image-357635 alignleft\" src=\"https:\/\/www.radiopiu.net\/wordpress\/wp-content\/uploads\/2023\/10\/f2a1c2b4-6f3f-4372-ac8e-02edf84a1bea-296x300.jpg\" alt=\"\" width=\"163\" height=\"165\" srcset=\"https:\/\/www.radiopiu.net\/wordpress\/wp-content\/uploads\/2023\/10\/f2a1c2b4-6f3f-4372-ac8e-02edf84a1bea-296x300.jpg 296w, https:\/\/www.radiopiu.net\/wordpress\/wp-content\/uploads\/2023\/10\/f2a1c2b4-6f3f-4372-ac8e-02edf84a1bea-1009x1024.jpg 1009w, https:\/\/www.radiopiu.net\/wordpress\/wp-content\/uploads\/2023\/10\/f2a1c2b4-6f3f-4372-ac8e-02edf84a1bea-768x780.jpg 768w, https:\/\/www.radiopiu.net\/wordpress\/wp-content\/uploads\/2023\/10\/f2a1c2b4-6f3f-4372-ac8e-02edf84a1bea-1513x1536.jpg 1513w, https:\/\/www.radiopiu.net\/wordpress\/wp-content\/uploads\/2023\/10\/f2a1c2b4-6f3f-4372-ac8e-02edf84a1bea.jpg 1576w\" sizes=\"auto, (max-width: 163px) 100vw, 163px\" \/><\/a>Riceviamo e pubblichiamo<\/strong><\/p>\n<p>A proposito di cervi\u00a0 e leggendo l\u2019articolo di oggi a riguardo degli stessi, pur non essendo contro la caccia ma come si caccia espongo il mio pensiero deducendo che: ormai\u00a0 taluni, sottolineo taluni, non sono da considerarsi cacciatori ma bens\u00ec persone propense al tiro al bersaglio con il solo\u00a0 gusto di uccidere. Parole forse crude o inopportune? Una volta\u00a0 era un valido motivo per\u00a0 trovarsi in compagnia, andare in montagna e creare una sfida con il selvatico. Si tornava a casa a mani vuote, non importa, una bicchierata insieme e..alla prossima uscita. Ai tempi, ricordo mio suocero che senza la selvaggina\u00a0 cacciata la carne era un\u00a0 tab\u00f9. Comunque\u00a0 non esiste\u00a0 pi\u00f9 etica, comparazione con l\u2019animale, basta vedere l\u2019esagerata tecnologia di comodo applicata a questa attivit\u00e0. Di esemplari \u00e8 vero che ce ne sono tanti, e una corretta selezione \u00e8 opportuna ma \u00e8 colpa loro o dell\u2019uomo che non ha saputo gestirne la riproduzione?\u00a0 Ma chi sgarra come nei casi odierni, rimane impunito? Peccato che questi animali non possono\u00a0 avvalersi di un legale di parte, altrimenti\u2026<\/p>\n<p>Guido Porini<\/p>\n<p>&nbsp;<\/p>\n<p>&nbsp;<\/p>\n<p>********<\/p>\n","protected":false},"excerpt":{"rendered":"<p>Riceviamo e pubblichiamo A proposito di cervi\u00a0 e leggendo l\u2019articolo di oggi a riguardo degli stessi, pur non essendo contro la caccia ma come si caccia espongo il mio pensiero deducendo che: ormai\u00a0 taluni, sottolineo taluni, non sono da considerarsi cacciatori ma bens\u00ec persone propense al tiro al bersaglio con il solo\u00a0 gusto di uccidere.&hellip;<\/p>\n","protected":false},"author":4,"featured_media":357635,"comment_status":"closed","ping_status":"closed","sticky":false,"template":"","format":"standard","meta":{"_monsterinsights_skip_tracking":false,"_monsterinsights_sitenote_active":false,"_monsterinsights_sitenote_note":"","_monsterinsights_sitenote_category":0,"footnotes":""},"categories":[51,49],"tags":[],"class_list":["post-357765","post","type-post","status-publish","format-standard","has-post-thumbnail","hentry","category-evidenza-top","category-news-18","category-51","category-49","description-off"],"img_url":"https:\/\/www.radiopiu.net\/wordpress\/wp-content\/uploads\/2023\/10\/f2a1c2b4-6f3f-4372-ac8e-02edf84a1bea.jpg","_links":{"self":[{"href":"https:\/\/www.radiopiu.net\/wordpress\/wp-json\/wp\/v2\/posts\/357765","targetHints":{"allow":["GET"]}}],"collection":[{"href":"https:\/\/www.radiopiu.net\/wordpress\/wp-json\/wp\/v2\/posts"}],"about":[{"href":"https:\/\/www.radiopiu.net\/wordpress\/wp-json\/wp\/v2\/types\/post"}],"author":[{"embeddable":true,"href":"https:\/\/www.radiopiu.net\/wordpress\/wp-json\/wp\/v2\/users\/4"}],"replies":[{"embeddable":true,"href":"https:\/\/www.radiopiu.net\/wordpress\/wp-json\/wp\/v2\/comments?post=357765"}],"version-history":[{"count":0,"href":"https:\/\/www.radiopiu.net\/wordpress\/wp-json\/wp\/v2\/posts\/357765\/revisions"}],"wp:featuredmedia":[{"embeddable":true,"href":"https:\/\/www.radiopiu.net\/wordpress\/wp-json\/wp\/v2\/media\/357635"}],"wp:attachment":[{"href":"https:\/\/www.radiopiu.net\/wordpress\/wp-json\/wp\/v2\/media?parent=357765"}],"wp:term":[{"taxonomy":"category","embeddable":true,"href":"https:\/\/www.radiopiu.net\/wordpress\/wp-json\/wp\/v2\/categories?post=357765"},{"taxonomy":"post_tag","embeddable":true,"href":"https:\/\/www.radiopiu.net\/wordpress\/wp-json\/wp\/v2\/tags?post=357765"}],"curies":[{"name":"wp","href":"https:\/\/api.w.org\/{rel}","templated":true}]}}