{"id":357776,"date":"2023-10-21T11:30:25","date_gmt":"2023-10-21T09:30:25","guid":{"rendered":"https:\/\/www.radiopiu.net\/wordpress\/?p=357776"},"modified":"2023-10-21T11:30:25","modified_gmt":"2023-10-21T09:30:25","slug":"pa-veneta-al-top-ma-in-ritardo-rispetto-alle-principali-regioni-dellue","status":"publish","type":"post","link":"https:\/\/www.radiopiu.net\/wordpress\/pa-veneta-al-top-ma-in-ritardo-rispetto-alle-principali-regioni-dellue\/","title":{"rendered":"PA VENETA AL TOP, MA IN RITARDO RISPETTO ALLE PRINCIPALI REGIONI DELL\u2019UE"},"content":{"rendered":"<p><a class=\"dt-pswp-item\" href=\"https:\/\/www.radiopiu.net\/wordpress\/wp-content\/uploads\/2023\/10\/Schermata-2023-10-21-alle-11.28.43.png\" data-dt-img-description=\"\" data-large_image_width=\"1182\" data-large_image_height=\"1494\"><img loading=\"lazy\" decoding=\"async\" class=\"size-medium wp-image-357778 alignleft\" src=\"https:\/\/www.radiopiu.net\/wordpress\/wp-content\/uploads\/2023\/10\/Schermata-2023-10-21-alle-11.28.43-237x300.png\" alt=\"\" width=\"237\" height=\"300\" srcset=\"https:\/\/www.radiopiu.net\/wordpress\/wp-content\/uploads\/2023\/10\/Schermata-2023-10-21-alle-11.28.43-237x300.png 237w, https:\/\/www.radiopiu.net\/wordpress\/wp-content\/uploads\/2023\/10\/Schermata-2023-10-21-alle-11.28.43-810x1024.png 810w, https:\/\/www.radiopiu.net\/wordpress\/wp-content\/uploads\/2023\/10\/Schermata-2023-10-21-alle-11.28.43-768x971.png 768w, https:\/\/www.radiopiu.net\/wordpress\/wp-content\/uploads\/2023\/10\/Schermata-2023-10-21-alle-11.28.43.png 1182w\" sizes=\"auto, (max-width: 237px) 100vw, 237px\" \/><\/a>Su 208 regioni europee monitorate nel 2021 dall\u2019Universit\u00e0 di G\u00f6teborg, il Veneto si colloca al 109\u00b0 posto. Se la prima realt\u00e0 italiana la scorgiamo al 100\u00b0 posto, vale a dire la Provincia Autonoma di Trento, seguono al 104\u00b0 le strutture pubbliche presenti nel Friuli Venezia Giulia, al 109\u00b0, come dicevamo, quelle ubicate in Veneto e al 117\u00b0 quelle insediate nella Provincia di Bolzano. Stiamo parlando dell\u2019indice europeo sulla qualit\u00e0 istituzionale che tiene conto della percezione, da parte dei cittadini, della qualit\u00e0, dell\u2019imparzialit\u00e0 e della corruzione della PA presente in un determinata area regionale. Insomma, nel nostro Paese il Veneto e in generale il Nordest svettano per efficienza, anche se nel confronto con le regioni pi\u00f9 avanzate d\u2019Europa scontiamo ancora un grave ritardo. Sconsolante \u00e8 la situazione che emerge dai dati riferiti alle nostre regioni del Sud. Delle ultime 20 posizioni di questa graduatoria europea, ben 5 sono occupate da realt\u00e0 geografiche del Mezzogiorno (vedi Tab 1). Nelle prime cinque posizioni della graduatoria europea, invece, scorgiamo le regioni di \u00c5land (Finlandia), Midtjylland (Danimarca), Friesland (Paesi Bassi), Nordjylland (Danimarca) e Sm\u00e5land med \u00f6arna (Svezia). Chiudono la classifica, invece, Severoiztochen (Bulgaria), Sud-Est (Romania), Nord-Est (Romania), Yugozapaden (Bulgaria), Campania e Calabria. Maglia nera d\u2019Europa, infine, \u00e8 la regione di Bucaresti-Ilfov (Romania).<\/p>\n<p><strong>In UE, per\u00f2, solo Madrid e la Catalogna peggio di noi<\/strong><br \/>\nTra le principali aree economiche presenti in UE, solo la Comunidad di Madrid (116\u00b0 posto) e la Catalogna (145\u00b0) occupano delle posizioni pi\u00f9 arretrate rispetto al Veneto. Tutte le altre, invece, ci precedono nettamente. Stoccolma, ad esempio, \u00e8 al 13\u00b0 posto, Zuid-Holland al 26\u00b0, la Baviera al 32\u00b0, i Paesi Baschi al 48\u00b0, il Baden-W\u00fcrttemberg al 53\u00b0, i Pays de La Loire al 58\u00b0, il Rhone Alpes al 73\u00b0 e l\u2019\u00cele de France al<br \/>\n96\u00b0.<\/p>\n<p><strong>Gli sprechi della PA nazionale sono pari al Pil del Veneto<\/strong><br \/>\nSecondo le stime redatte dall\u2019Ufficio studi della CGIA, le princi<a class=\"dt-pswp-item\" href=\"https:\/\/www.radiopiu.net\/wordpress\/wp-content\/uploads\/2023\/10\/Schermata-2023-10-21-alle-11.29.11.png\" data-dt-img-description=\"\" data-large_image_width=\"1274\" data-large_image_height=\"1252\"><img loading=\"lazy\" decoding=\"async\" class=\"size-medium wp-image-357777 alignleft\" src=\"https:\/\/www.radiopiu.net\/wordpress\/wp-content\/uploads\/2023\/10\/Schermata-2023-10-21-alle-11.29.11-300x295.png\" alt=\"\" width=\"300\" height=\"295\" srcset=\"https:\/\/www.radiopiu.net\/wordpress\/wp-content\/uploads\/2023\/10\/Schermata-2023-10-21-alle-11.29.11-300x295.png 300w, https:\/\/www.radiopiu.net\/wordpress\/wp-content\/uploads\/2023\/10\/Schermata-2023-10-21-alle-11.29.11-1024x1006.png 1024w, https:\/\/www.radiopiu.net\/wordpress\/wp-content\/uploads\/2023\/10\/Schermata-2023-10-21-alle-11.29.11-768x755.png 768w, https:\/\/www.radiopiu.net\/wordpress\/wp-content\/uploads\/2023\/10\/Schermata-2023-10-21-alle-11.29.11.png 1274w\" sizes=\"auto, (max-width: 300px) 100vw, 300px\" \/><\/a>pali inefficienze della Pubblica Amministrazione (PA) italiana costano al sistema Paese almeno 184 miliardi di euro all\u2019anno. Ancorch\u00e8 questo dato debba essere utilizzato con grande cautela, costituisce un importo praticamente pari al Pil prodotto nel 2022 dal Veneto (circa 180 miliardi di euro). Tra burocrazia, debiti commerciali della PA, lentezza della giustizia, sprechi nella sanit\u00e0 e nel trasporto pubblico locale relegano la nostra macchina statale tra le meno efficienti d\u2019Europa.<\/p>\n<p><strong>Le criticit\u00e0 della PA italiana<\/strong><br \/>\nCome si \u00e8 giunti alla stima delle inefficienze pari a 184 miliardi di euro ? L\u2019Ufficio studi della CGIA ha ripreso ed allineato i risultati di una serie di analisi delle principali criticit\u00e0 che caratterizzano la PA a livello nazionale. Criticit\u00e0 che, ovviamente, si abbattono anche sulle imprese venete che hanno una presenza nei mercati nazionali e stranieri tra le pi\u00f9 importanti d\u2019Italia. In sintesi essi sono:<br \/>\nil costo annuo sostenuto dalle imprese per la gestione dei rapporti con la PA (burocrazia) \u00e8 pari a 57,2 miliardi di euro (Fonte: The European House Ambrosetti);<\/p>\n<p>i debiti commerciali della PA nei confronti dei propri fornitori ammontano a 49,6 miliardi di euro (Fonte: Eurostat);<\/p>\n<p>la lentezza della giustizia costa al sistema Paese 2 punti di Pil all\u2019anno che equivalgono a 40 miliardi di euro (Fonte: ministro della Giustizia, Carlo Nordio);<\/p>\n<p>le inefficienze e gli sprechi presenti nella sanit\u00e0 sono quantificabili in 24,7 miliardi di euro ogni anno (Fonte: GIMBE);<\/p>\n<p>gli sprechi e le inefficienze presenti nel settore del trasporto pubblico locale ammontano a 12,5 miliardi di euro all\u2019anno (Fonte: The European House Ambrosetti-Ferrovie dello Stato) (vedi Tab.2).<br \/>\nVa sottolineato che gli effetti economici di questi malfunzionamenti, tratti da fonti diverse, non si possono sommare, anche perch\u00e9 in molti casi le aree di influenza di queste analisi si accavallano. Tuttavia, queste avvertenze non pregiudicano la correttezza del ragionamento. Il cattivo funzionamento della nostra PA nazionale \u00e8 un dato di fatto.<\/p>\n","protected":false},"excerpt":{"rendered":"<p>Su 208 regioni europee monitorate nel 2021 dall\u2019Universit\u00e0 di G\u00f6teborg, il Veneto si colloca al 109\u00b0 posto. Se la prima realt\u00e0 italiana la scorgiamo al 100\u00b0 posto, vale a dire la Provincia Autonoma di Trento, seguono al 104\u00b0 le strutture pubbliche presenti nel Friuli Venezia Giulia, al 109\u00b0, come dicevamo, quelle ubicate in Veneto e&hellip;<\/p>\n","protected":false},"author":2,"featured_media":199630,"comment_status":"closed","ping_status":"closed","sticky":false,"template":"","format":"standard","meta":{"_monsterinsights_skip_tracking":false,"_monsterinsights_sitenote_active":false,"_monsterinsights_sitenote_note":"","_monsterinsights_sitenote_category":0,"footnotes":""},"categories":[49],"tags":[],"class_list":["post-357776","post","type-post","status-publish","format-standard","has-post-thumbnail","hentry","category-news-18","category-49","description-off"],"img_url":"https:\/\/www.radiopiu.net\/wordpress\/wp-content\/uploads\/2021\/03\/soldi.jpeg","_links":{"self":[{"href":"https:\/\/www.radiopiu.net\/wordpress\/wp-json\/wp\/v2\/posts\/357776","targetHints":{"allow":["GET"]}}],"collection":[{"href":"https:\/\/www.radiopiu.net\/wordpress\/wp-json\/wp\/v2\/posts"}],"about":[{"href":"https:\/\/www.radiopiu.net\/wordpress\/wp-json\/wp\/v2\/types\/post"}],"author":[{"embeddable":true,"href":"https:\/\/www.radiopiu.net\/wordpress\/wp-json\/wp\/v2\/users\/2"}],"replies":[{"embeddable":true,"href":"https:\/\/www.radiopiu.net\/wordpress\/wp-json\/wp\/v2\/comments?post=357776"}],"version-history":[{"count":0,"href":"https:\/\/www.radiopiu.net\/wordpress\/wp-json\/wp\/v2\/posts\/357776\/revisions"}],"wp:featuredmedia":[{"embeddable":true,"href":"https:\/\/www.radiopiu.net\/wordpress\/wp-json\/wp\/v2\/media\/199630"}],"wp:attachment":[{"href":"https:\/\/www.radiopiu.net\/wordpress\/wp-json\/wp\/v2\/media?parent=357776"}],"wp:term":[{"taxonomy":"category","embeddable":true,"href":"https:\/\/www.radiopiu.net\/wordpress\/wp-json\/wp\/v2\/categories?post=357776"},{"taxonomy":"post_tag","embeddable":true,"href":"https:\/\/www.radiopiu.net\/wordpress\/wp-json\/wp\/v2\/tags?post=357776"}],"curies":[{"name":"wp","href":"https:\/\/api.w.org\/{rel}","templated":true}]}}