{"id":357801,"date":"2023-10-21T05:56:45","date_gmt":"2023-10-21T03:56:45","guid":{"rendered":"https:\/\/www.radiopiu.net\/wordpress\/?p=357801"},"modified":"2023-10-22T06:18:56","modified_gmt":"2023-10-22T04:18:56","slug":"distacco-di-materiale-dal-muro-di-via-panoramica-a-feltre","status":"publish","type":"post","link":"https:\/\/www.radiopiu.net\/wordpress\/distacco-di-materiale-dal-muro-di-via-panoramica-a-feltre\/","title":{"rendered":"DISTACCO DI MATERIALE DAL MURO DI VIA PANORAMICA A FELTRE"},"content":{"rendered":"<p><strong>FELTRE <\/strong>L&#8217;assessore Bona \u00e8 stato questa mattina in sopralluogo sulla zona del distacco murario lungo via Panoramica: &#8220;Da una prima analisi sommaria, il problema sembra localizzato al tratto oggetto del distacco, dove potrebbe esserci stata anche una carenza di materiale aggregante interno. Nei prossimi giorni saranno eseguite delle verifiche pi\u00f9 approfondite. Il fatto che il colle soprastante la Panoramica dreni quantitativi d&#8217;acqua, anche rilevanti, in occasione di precipitazioni importanti \u00e8 noto; lo \u00e8 forse meno &#8211; e sar\u00e0 oggetto di una nostra iniziativa gi\u00e0 nei prossimi giorni &#8211; che questa strada statale, costruita negli anni Cinquanta, sia divenuta nel tempo un&#8217;arteria di grande scorrimento viario, soggetta a enormi sollecitazioni, anche a causa di un traffico pesante sempre pi\u00f9 imponente. Lo si pu\u00f2 notare anche dalle deformazioni subite dall&#8217;asfalto posto sulla carreggiata. Per questo, d&#8217;intesa con il sindaco Viviana Fusaro che ho gi\u00e0 sentito al riguardo, la prossima settimana scriveremo alla Regione del Veneto e al Governo per avviare un confronto celere sulle soluzioni da individuare. Va discusso un piano viabilistico nuovo e moderno, che tenga conto dei profondi mutamenti degli ultimi decenni e che richiede interventi strutturali con risorse economiche adeguate, non solo e non tanto a beneficio della citt\u00e0 di Feltre, che in questo caso \u00e8 area di attraversamento di un traffico provinciale ed extra provinciale&#8221;.<\/p>\n\n\t\t\t<style type='text\/css'>\n\t\t\t\t#gallery-1 {\n\t\t\t\t\tmargin: auto;\n\t\t\t\t}\n\t\t\t\t#gallery-1 .gallery-item {\n\t\t\t\t\tfloat: left;\n\t\t\t\t\tmargin-top: 10px;\n\t\t\t\t\ttext-align: center;\n\t\t\t\t\twidth: 50%;\n\t\t\t\t}\n\t\t\t\t#gallery-1 img {\n\t\t\t\t\tborder: 2px solid #cfcfcf;\n\t\t\t\t}\n\t\t\t\t#gallery-1 .gallery-caption {\n\t\t\t\t\tmargin-left: 0;\n\t\t\t\t}\n\t\t\t\t\/* see gallery_shortcode() in wp-includes\/media.php *\/\n\t\t\t<\/style>\n\t\t<div id='gallery-1' class='dt-gallery-container gallery galleryid-357801 gallery-columns-2 gallery-size-medium'><dl class='gallery-item'>\n\t\t\t\t<dt class='gallery-icon landscape'>\n\t\t\t\t\t<a class=\"rollover rollover-zoom dt-pswp-item\" title=\"Via Panoramica 1\" data-dt-img-description=\"\" data-large_image_width=\"1920\" data-large_image_height=\"1080\"href='https:\/\/www.radiopiu.net\/wordpress\/wp-content\/uploads\/2023\/10\/Via-Panoramica-1.jpg'><img loading=\"lazy\" decoding=\"async\" width=\"300\" height=\"169\" src=\"https:\/\/www.radiopiu.net\/wordpress\/wp-content\/uploads\/2023\/10\/Via-Panoramica-1-300x169.jpg\" class=\"attachment-medium size-medium\" alt=\"\" srcset=\"https:\/\/www.radiopiu.net\/wordpress\/wp-content\/uploads\/2023\/10\/Via-Panoramica-1-300x169.jpg 300w, https:\/\/www.radiopiu.net\/wordpress\/wp-content\/uploads\/2023\/10\/Via-Panoramica-1-1024x576.jpg 1024w, https:\/\/www.radiopiu.net\/wordpress\/wp-content\/uploads\/2023\/10\/Via-Panoramica-1-768x432.jpg 768w, https:\/\/www.radiopiu.net\/wordpress\/wp-content\/uploads\/2023\/10\/Via-Panoramica-1-1536x864.jpg 1536w, https:\/\/www.radiopiu.net\/wordpress\/wp-content\/uploads\/2023\/10\/Via-Panoramica-1.jpg 1920w\" sizes=\"auto, (max-width: 300px) 100vw, 300px\" \/><\/a>\n\t\t\t\t<\/dt><\/dl><dl class='gallery-item'>\n\t\t\t\t<dt class='gallery-icon landscape'>\n\t\t\t\t\t<a class=\"rollover rollover-zoom dt-pswp-item\" title=\"Via Panoramica 2\" data-dt-img-description=\"\" data-large_image_width=\"1920\" data-large_image_height=\"1080\"href='https:\/\/www.radiopiu.net\/wordpress\/wp-content\/uploads\/2023\/10\/Via-Panoramica-2.jpg'><img loading=\"lazy\" decoding=\"async\" width=\"300\" height=\"169\" src=\"https:\/\/www.radiopiu.net\/wordpress\/wp-content\/uploads\/2023\/10\/Via-Panoramica-2-300x169.jpg\" class=\"attachment-medium size-medium\" alt=\"\" srcset=\"https:\/\/www.radiopiu.net\/wordpress\/wp-content\/uploads\/2023\/10\/Via-Panoramica-2-300x169.jpg 300w, https:\/\/www.radiopiu.net\/wordpress\/wp-content\/uploads\/2023\/10\/Via-Panoramica-2-1024x576.jpg 1024w, https:\/\/www.radiopiu.net\/wordpress\/wp-content\/uploads\/2023\/10\/Via-Panoramica-2-768x432.jpg 768w, https:\/\/www.radiopiu.net\/wordpress\/wp-content\/uploads\/2023\/10\/Via-Panoramica-2-1536x864.jpg 1536w, https:\/\/www.radiopiu.net\/wordpress\/wp-content\/uploads\/2023\/10\/Via-Panoramica-2.jpg 1920w\" sizes=\"auto, (max-width: 300px) 100vw, 300px\" \/><\/a>\n\t\t\t\t<\/dt><\/dl><br style=\"clear: both\" \/>\n\t\t\t<\/div>\n\n<p>&nbsp;<\/p>\n<p>&nbsp;<\/p>\n<p>*******<\/p>\n","protected":false},"excerpt":{"rendered":"<p>FELTRE L&#8217;assessore Bona \u00e8 stato questa mattina in sopralluogo sulla zona del distacco murario lungo via Panoramica: &#8220;Da una prima analisi sommaria, il problema sembra localizzato al tratto oggetto del distacco, dove potrebbe esserci stata anche una carenza di materiale aggregante interno. Nei prossimi giorni saranno eseguite delle verifiche pi\u00f9 approfondite. Il fatto che il&hellip;<\/p>\n","protected":false},"author":4,"featured_media":357803,"comment_status":"closed","ping_status":"closed","sticky":false,"template":"","format":"standard","meta":{"_monsterinsights_skip_tracking":false,"_monsterinsights_sitenote_active":false,"_monsterinsights_sitenote_note":"","_monsterinsights_sitenote_category":0,"footnotes":""},"categories":[51,49],"tags":[],"class_list":["post-357801","post","type-post","status-publish","format-standard","has-post-thumbnail","hentry","category-evidenza-top","category-news-18","category-51","category-49","description-off"],"img_url":"https:\/\/www.radiopiu.net\/wordpress\/wp-content\/uploads\/2023\/10\/Via-Panoramica-2.jpg","_links":{"self":[{"href":"https:\/\/www.radiopiu.net\/wordpress\/wp-json\/wp\/v2\/posts\/357801","targetHints":{"allow":["GET"]}}],"collection":[{"href":"https:\/\/www.radiopiu.net\/wordpress\/wp-json\/wp\/v2\/posts"}],"about":[{"href":"https:\/\/www.radiopiu.net\/wordpress\/wp-json\/wp\/v2\/types\/post"}],"author":[{"embeddable":true,"href":"https:\/\/www.radiopiu.net\/wordpress\/wp-json\/wp\/v2\/users\/4"}],"replies":[{"embeddable":true,"href":"https:\/\/www.radiopiu.net\/wordpress\/wp-json\/wp\/v2\/comments?post=357801"}],"version-history":[{"count":0,"href":"https:\/\/www.radiopiu.net\/wordpress\/wp-json\/wp\/v2\/posts\/357801\/revisions"}],"wp:featuredmedia":[{"embeddable":true,"href":"https:\/\/www.radiopiu.net\/wordpress\/wp-json\/wp\/v2\/media\/357803"}],"wp:attachment":[{"href":"https:\/\/www.radiopiu.net\/wordpress\/wp-json\/wp\/v2\/media?parent=357801"}],"wp:term":[{"taxonomy":"category","embeddable":true,"href":"https:\/\/www.radiopiu.net\/wordpress\/wp-json\/wp\/v2\/categories?post=357801"},{"taxonomy":"post_tag","embeddable":true,"href":"https:\/\/www.radiopiu.net\/wordpress\/wp-json\/wp\/v2\/tags?post=357801"}],"curies":[{"name":"wp","href":"https:\/\/api.w.org\/{rel}","templated":true}]}}