{"id":357822,"date":"2023-10-21T17:28:29","date_gmt":"2023-10-21T15:28:29","guid":{"rendered":"https:\/\/www.radiopiu.net\/wordpress\/?p=357822"},"modified":"2023-10-21T17:45:10","modified_gmt":"2023-10-21T15:45:10","slug":"dillo-a-radio-piu-la-questione-armi-nei-boschi","status":"publish","type":"post","link":"https:\/\/www.radiopiu.net\/wordpress\/dillo-a-radio-piu-la-questione-armi-nei-boschi\/","title":{"rendered":"DILLO A RADIO PIU&#8217;&#8230;LA QUESTIONE ARMI NEI BOSCHI"},"content":{"rendered":"<p><strong><a class=\"dt-pswp-item\" href=\"https:\/\/www.radiopiu.net\/wordpress\/wp-content\/uploads\/2023\/10\/1a294b24-fd9b-44bf-b3d1-79677ce460e8.jpg\" data-dt-img-description=\"\" data-large_image_width=\"1600\" data-large_image_height=\"1064\"><img loading=\"lazy\" decoding=\"async\" class=\" wp-image-357823 alignleft\" src=\"https:\/\/www.radiopiu.net\/wordpress\/wp-content\/uploads\/2023\/10\/1a294b24-fd9b-44bf-b3d1-79677ce460e8-300x200.jpg\" alt=\"\" width=\"173\" height=\"115\" srcset=\"https:\/\/www.radiopiu.net\/wordpress\/wp-content\/uploads\/2023\/10\/1a294b24-fd9b-44bf-b3d1-79677ce460e8-300x200.jpg 300w, https:\/\/www.radiopiu.net\/wordpress\/wp-content\/uploads\/2023\/10\/1a294b24-fd9b-44bf-b3d1-79677ce460e8-1024x681.jpg 1024w, https:\/\/www.radiopiu.net\/wordpress\/wp-content\/uploads\/2023\/10\/1a294b24-fd9b-44bf-b3d1-79677ce460e8-768x511.jpg 768w, https:\/\/www.radiopiu.net\/wordpress\/wp-content\/uploads\/2023\/10\/1a294b24-fd9b-44bf-b3d1-79677ce460e8-1536x1021.jpg 1536w, https:\/\/www.radiopiu.net\/wordpress\/wp-content\/uploads\/2023\/10\/1a294b24-fd9b-44bf-b3d1-79677ce460e8.jpg 1600w\" sizes=\"auto, (max-width: 173px) 100vw, 173px\" \/><\/a>Riceviamo e pubblichiamo<\/strong><\/p>\n<p>Il periodo della caccia \u00e8 una condanna non solo per gli animali abbattuti, ma per tutti i frequentatori della montagna che si vedono limitati nelle loro attivit\u00e0 vista la pericolosit\u00e0 delle armi e gli incidenti che avvengono ogni anno anche tra gli stessi esperti cacciatori. Non bastava\u2026oggi nelle zone dell\u2019agordino dobbiamo preoccuparci del \u201cpericolo arco\u201d? Questo tipo di caccia \u00e8 consentita in Veneto ma mi pare di ricordare sia vietata nella zona faunistica delle Alpi &#8211; e spero di ricordare bene. Certo \u00e8 che il caso del giovane cervo con il dardo nel collo ci dice che qualcuno si aggira per i nostri boschi\u00a0 giocando con un\u2019arma pericolosissima, che sia un arco o peggio una balestra (quest\u2019ultima proprio vietata per la caccia). Come difendersi? Mentre caccia con armi pu\u00f2 essere avvertita per cui si pu\u00f2 gridare e segnalare la propria presenza o allontanarsi dagli spari, quella con arco \u00e8 silenziosa, pu\u00f2 succedere di trovarsi anche a pochi metri dalla traiettoria di tiro senza rendersene conto, per cui persone a passeggio, gente che va in bici, fungaioli, cani, tutti sono a rischio. C\u2019\u00e8 solo da augurarsi che le indagini di chi di competenza abbiano successo immediato. Sapere che in giro per boschi troviamo gente armata di balestra che gioca al tiro al bersaglio su animali e chiunque capiti a tiro, francamente fa spavento, e spero che Radio Pi\u00f9 ci terr\u00e0 informati sull\u2019esito delle indagini.<\/p>\n<p>Iliana Comina<\/p>\n<p>&nbsp;<\/p>\n<p>&nbsp;<\/p>\n<p>********<\/p>\n","protected":false},"excerpt":{"rendered":"<p>Riceviamo e pubblichiamo Il periodo della caccia \u00e8 una condanna non solo per gli animali abbattuti, ma per tutti i frequentatori della montagna che si vedono limitati nelle loro attivit\u00e0 vista la pericolosit\u00e0 delle armi e gli incidenti che avvengono ogni anno anche tra gli stessi esperti cacciatori. Non bastava\u2026oggi nelle zone dell\u2019agordino dobbiamo preoccuparci&hellip;<\/p>\n","protected":false},"author":4,"featured_media":357823,"comment_status":"closed","ping_status":"closed","sticky":false,"template":"","format":"standard","meta":{"_monsterinsights_skip_tracking":false,"_monsterinsights_sitenote_active":false,"_monsterinsights_sitenote_note":"","_monsterinsights_sitenote_category":0,"footnotes":""},"categories":[49],"tags":[],"class_list":["post-357822","post","type-post","status-publish","format-standard","has-post-thumbnail","hentry","category-news-18","category-49","description-off"],"img_url":"https:\/\/www.radiopiu.net\/wordpress\/wp-content\/uploads\/2023\/10\/1a294b24-fd9b-44bf-b3d1-79677ce460e8.jpg","_links":{"self":[{"href":"https:\/\/www.radiopiu.net\/wordpress\/wp-json\/wp\/v2\/posts\/357822","targetHints":{"allow":["GET"]}}],"collection":[{"href":"https:\/\/www.radiopiu.net\/wordpress\/wp-json\/wp\/v2\/posts"}],"about":[{"href":"https:\/\/www.radiopiu.net\/wordpress\/wp-json\/wp\/v2\/types\/post"}],"author":[{"embeddable":true,"href":"https:\/\/www.radiopiu.net\/wordpress\/wp-json\/wp\/v2\/users\/4"}],"replies":[{"embeddable":true,"href":"https:\/\/www.radiopiu.net\/wordpress\/wp-json\/wp\/v2\/comments?post=357822"}],"version-history":[{"count":0,"href":"https:\/\/www.radiopiu.net\/wordpress\/wp-json\/wp\/v2\/posts\/357822\/revisions"}],"wp:featuredmedia":[{"embeddable":true,"href":"https:\/\/www.radiopiu.net\/wordpress\/wp-json\/wp\/v2\/media\/357823"}],"wp:attachment":[{"href":"https:\/\/www.radiopiu.net\/wordpress\/wp-json\/wp\/v2\/media?parent=357822"}],"wp:term":[{"taxonomy":"category","embeddable":true,"href":"https:\/\/www.radiopiu.net\/wordpress\/wp-json\/wp\/v2\/categories?post=357822"},{"taxonomy":"post_tag","embeddable":true,"href":"https:\/\/www.radiopiu.net\/wordpress\/wp-json\/wp\/v2\/tags?post=357822"}],"curies":[{"name":"wp","href":"https:\/\/api.w.org\/{rel}","templated":true}]}}