{"id":357899,"date":"2023-10-22T10:03:54","date_gmt":"2023-10-22T08:03:54","guid":{"rendered":"https:\/\/www.radiopiu.net\/wordpress\/?p=357899"},"modified":"2023-10-22T10:03:54","modified_gmt":"2023-10-22T08:03:54","slug":"dillo-a-radio-piu-la-mancanza-di-bambotto","status":"publish","type":"post","link":"https:\/\/www.radiopiu.net\/wordpress\/dillo-a-radio-piu-la-mancanza-di-bambotto\/","title":{"rendered":"DILLO A RADIO PIU&#8217;&#8230;LA MANCANZA DI BAMBOTTO"},"content":{"rendered":"<p><strong><a class=\"dt-pswp-item\" href=\"https:\/\/www.radiopiu.net\/wordpress\/wp-content\/uploads\/2023\/10\/ede70163-2768-4bef-be6a-21efac4eb37b.jpg\" data-dt-img-description=\"\" data-large_image_width=\"1280\" data-large_image_height=\"1600\"><img loading=\"lazy\" decoding=\"async\" class=\" wp-image-357633 alignleft\" src=\"https:\/\/www.radiopiu.net\/wordpress\/wp-content\/uploads\/2023\/10\/ede70163-2768-4bef-be6a-21efac4eb37b-240x300.jpg\" alt=\"\" width=\"139\" height=\"174\" srcset=\"https:\/\/www.radiopiu.net\/wordpress\/wp-content\/uploads\/2023\/10\/ede70163-2768-4bef-be6a-21efac4eb37b-240x300.jpg 240w, https:\/\/www.radiopiu.net\/wordpress\/wp-content\/uploads\/2023\/10\/ede70163-2768-4bef-be6a-21efac4eb37b-819x1024.jpg 819w, https:\/\/www.radiopiu.net\/wordpress\/wp-content\/uploads\/2023\/10\/ede70163-2768-4bef-be6a-21efac4eb37b-768x960.jpg 768w, https:\/\/www.radiopiu.net\/wordpress\/wp-content\/uploads\/2023\/10\/ede70163-2768-4bef-be6a-21efac4eb37b-1229x1536.jpg 1229w, https:\/\/www.radiopiu.net\/wordpress\/wp-content\/uploads\/2023\/10\/ede70163-2768-4bef-be6a-21efac4eb37b.jpg 1280w\" sizes=\"auto, (max-width: 139px) 100vw, 139px\" \/><\/a>Riceviamo e pubblichiamo<\/strong><\/p>\n<p>Stavo pensando e piangendo che un&#8217;entit\u00e0 oscura ci ha privato di un&#8217;anima bella che \u00e8 Bambotto. L&#8217;entit\u00e0 oscura ci ha tolto la gioia in tutta la comunit\u00e0 del paese che Bambotto portava allietava i cuori rallegrava le giornate alzava le frequenze dell&#8217;amore incondizionato. Bambotto \u00e8 un anima incarnata in missione per insegnarci che cos&#8217;\u00e8 l&#8217;amore e ha lasciato un insegnamento molto importante che negli anni sar\u00e0 compreso molto di pi\u00f9. Sono anime di luce non importa se umani o animali loro arrivano qui per darci aiuto e insegnarci a vivere nell&#8217;armonia, sono messaggeri di Dio che&#8217; portano messaggi e guariscono le anime e mantengono in salute le persone che&#8217; vogliono essergli vicine (pet terapy). Ma dietro ogni angolo c&#8217;\u00e8 ii male assoluto in sottoforma antropomorfa simile ad un uomo che uomo non \u00e8! Perch\u00e9 questa entit\u00e0 ha deciso che doveva privare a tutti la gioia della compagnia di Bambotto, anima di luce, e gettare tutta la comunit\u00e0 nello sconforto piu totale. Ora Bambotto ha finito la sua missione \u00e8 ritornato nei prati pi\u00f9 belli in quella dimensione che vanno tutte le anime belle di luce. Ora \u00e8 lass\u00f9 pronto per altre missioni d&#8217;amore.<\/p>\n<p>(FOTO: Mario De Marco)<\/p>\n<p>&nbsp;<\/p>\n<p>&nbsp;<\/p>\n<p>*******<\/p>\n","protected":false},"excerpt":{"rendered":"<p>Riceviamo e pubblichiamo Stavo pensando e piangendo che un&#8217;entit\u00e0 oscura ci ha privato di un&#8217;anima bella che \u00e8 Bambotto. L&#8217;entit\u00e0 oscura ci ha tolto la gioia in tutta la comunit\u00e0 del paese che Bambotto portava allietava i cuori rallegrava le giornate alzava le frequenze dell&#8217;amore incondizionato. Bambotto \u00e8 un anima incarnata in missione per insegnarci&hellip;<\/p>\n","protected":false},"author":4,"featured_media":357633,"comment_status":"closed","ping_status":"closed","sticky":false,"template":"","format":"standard","meta":{"_monsterinsights_skip_tracking":false,"_monsterinsights_sitenote_active":false,"_monsterinsights_sitenote_note":"","_monsterinsights_sitenote_category":0,"footnotes":""},"categories":[49],"tags":[],"class_list":["post-357899","post","type-post","status-publish","format-standard","has-post-thumbnail","hentry","category-news-18","category-49","description-off"],"img_url":"https:\/\/www.radiopiu.net\/wordpress\/wp-content\/uploads\/2023\/10\/ede70163-2768-4bef-be6a-21efac4eb37b.jpg","_links":{"self":[{"href":"https:\/\/www.radiopiu.net\/wordpress\/wp-json\/wp\/v2\/posts\/357899","targetHints":{"allow":["GET"]}}],"collection":[{"href":"https:\/\/www.radiopiu.net\/wordpress\/wp-json\/wp\/v2\/posts"}],"about":[{"href":"https:\/\/www.radiopiu.net\/wordpress\/wp-json\/wp\/v2\/types\/post"}],"author":[{"embeddable":true,"href":"https:\/\/www.radiopiu.net\/wordpress\/wp-json\/wp\/v2\/users\/4"}],"replies":[{"embeddable":true,"href":"https:\/\/www.radiopiu.net\/wordpress\/wp-json\/wp\/v2\/comments?post=357899"}],"version-history":[{"count":0,"href":"https:\/\/www.radiopiu.net\/wordpress\/wp-json\/wp\/v2\/posts\/357899\/revisions"}],"wp:featuredmedia":[{"embeddable":true,"href":"https:\/\/www.radiopiu.net\/wordpress\/wp-json\/wp\/v2\/media\/357633"}],"wp:attachment":[{"href":"https:\/\/www.radiopiu.net\/wordpress\/wp-json\/wp\/v2\/media?parent=357899"}],"wp:term":[{"taxonomy":"category","embeddable":true,"href":"https:\/\/www.radiopiu.net\/wordpress\/wp-json\/wp\/v2\/categories?post=357899"},{"taxonomy":"post_tag","embeddable":true,"href":"https:\/\/www.radiopiu.net\/wordpress\/wp-json\/wp\/v2\/tags?post=357899"}],"curies":[{"name":"wp","href":"https:\/\/api.w.org\/{rel}","templated":true}]}}