{"id":357907,"date":"2023-10-23T13:30:28","date_gmt":"2023-10-23T11:30:28","guid":{"rendered":"https:\/\/www.radiopiu.net\/wordpress\/?p=357907"},"modified":"2023-10-22T10:11:05","modified_gmt":"2023-10-22T08:11:05","slug":"i-racconti-di-paolo-soppelsa-puntata-199","status":"publish","type":"post","link":"https:\/\/www.radiopiu.net\/wordpress\/i-racconti-di-paolo-soppelsa-puntata-199\/","title":{"rendered":"I RACCONTI DI PAOLO SOPPELSA &#8211; PUNTATA 199"},"content":{"rendered":"<p><strong>QUASI NOVEMBRE<\/strong><\/p>\n<p><strong>AUDIO<\/strong><\/p>\n<audio class=\"wp-audio-shortcode\" id=\"audio-357907-1\" preload=\"none\" style=\"width: 100%;\" controls=\"controls\"><source type=\"audio\/mpeg\" src=\"https:\/\/www.radiopiu.net\/wordpress\/wp-content\/uploads\/2023\/10\/PAOLOS.mp3?_=1\" \/><a href=\"https:\/\/www.radiopiu.net\/wordpress\/wp-content\/uploads\/2023\/10\/PAOLOS.mp3\">https:\/\/www.radiopiu.net\/wordpress\/wp-content\/uploads\/2023\/10\/PAOLOS.mp3<\/a><\/audio>\n<p>&nbsp;<\/p>\n<p><a class=\"dt-pswp-item\" href=\"https:\/\/www.radiopiu.net\/wordpress\/wp-content\/uploads\/2023\/10\/3e571b60-39dc-456a-b396-74b591b80160.jpg\" data-dt-img-description=\"\" data-large_image_width=\"1600\" data-large_image_height=\"1200\"><img loading=\"lazy\" decoding=\"async\" class=\" wp-image-357912 alignleft\" src=\"https:\/\/www.radiopiu.net\/wordpress\/wp-content\/uploads\/2023\/10\/3e571b60-39dc-456a-b396-74b591b80160-300x225.jpg\" alt=\"\" width=\"164\" height=\"123\" srcset=\"https:\/\/www.radiopiu.net\/wordpress\/wp-content\/uploads\/2023\/10\/3e571b60-39dc-456a-b396-74b591b80160-300x225.jpg 300w, https:\/\/www.radiopiu.net\/wordpress\/wp-content\/uploads\/2023\/10\/3e571b60-39dc-456a-b396-74b591b80160-1024x768.jpg 1024w, https:\/\/www.radiopiu.net\/wordpress\/wp-content\/uploads\/2023\/10\/3e571b60-39dc-456a-b396-74b591b80160-768x576.jpg 768w, https:\/\/www.radiopiu.net\/wordpress\/wp-content\/uploads\/2023\/10\/3e571b60-39dc-456a-b396-74b591b80160-1536x1152.jpg 1536w, https:\/\/www.radiopiu.net\/wordpress\/wp-content\/uploads\/2023\/10\/3e571b60-39dc-456a-b396-74b591b80160.jpg 1600w\" sizes=\"auto, (max-width: 164px) 100vw, 164px\" \/><\/a>Soppelsa, Manfroi, Chenet, Groppa, De Biasio e Fontanive, questi sono i cognomi delle donne e degli uomini di Cencenighe che riposano per sempre dove nasce il Pelsa. Ascoltano il canto perenne del Cordevole e ammirano il Bosc dal Forn che dopo la met\u00e0 di ottobre inizia a sfoggiare il suo abito pi\u00f9 elegante. Non ci sono lapidi antiche con impresse quelle frasi auliche e struggenti scritte in quell&#8217;italiano che purtroppo \u00e8 andato perduto; qui, nel cimitero lambito dall&#8217;acqua, vige la severa e triste data del 4 novembre 1966. Non ci sono sepolture antecedenti a quell&#8217;anno che segn\u00f2 in modo drammatico la vita della gente agordina; prima dell&#8217;alluvione, i corpi dei ritornati alla Casa del Padre venivano tumulati nel vecchio cimitero che sorgeva nei pressi dell&#8217;odierno Nof Fil\u00f2. Poi, durante quel triste 4 novembre di cinquantasette anni fa, le feroci acque del Biois sventrarono senza piet\u00e0 il camposanto. Molti di quei defunti da quel giorno riposano nelle ghiaie del Cordevole, solo qualche salma sfuggita alla furia di quell&#8217;acqua marrone trov\u00f2 riposo nel nuovo cimitero delle Vallesine. A volte passo a salutare queste Anime che riposano accanto al torrente, varco il cancello e salgo i gradoni ritrovando nomi e visi di persone che vedevo da bambino e ricordando il loro modo di camminare e di parlare. Saluto qualcuno andato avanti troppo presto e mi si stringe un po&#8217; il cuore quando vedo quelle piccole tombe sulle quali coincidono le date di nascita e morte. Al termine del mese dei colori, le tombe tirate a lucido nei giorni dei Santi e dei Morti si ricopriranno di una candida brina e saranno accarezzate dal vento teso che lambisce il fianco del Pelsa; chiss\u00e0 se in quei giorni far\u00e0 freddo come accadde tanti anni, circa alla met\u00e0 degli anni &#8217;80. In corridoio c&#8217;erano mazzi di crisantemi avvolti nella plastica trasparente e un pacco di lumini e pap\u00e0, prima di recarci aldil\u00e0 del Cordevole, mise un pezzo di carbone nella cucina economica. Faceva freddo e c&#8217;erano gi\u00e0 quattro dita di neve ad imbiancare i marmi delle lapidi. Un tempo mesto come i visi delle persone intente ad accendere quelle candele che faticavano ad ardere e a sistemare quei fiori che ondeggiavano nei vasi. Vento, nuvole e cielo da neve, scricchiolare di ghiaino gelato, sussurri in dialetto e freddo che entrava nelle ossa dei vivi e dei defunti. Oppure chiss\u00e0, forse in quei giorni ci sar\u00e0 un tempo pi\u00f9 gentile che andr\u00e0 a mitigare quella inevitabile e dolce malinconia propria dei primi giorni di novembre. Forse ci sar\u00e0 il sole del pomeriggio ad illuminare il camposanto che guarda il paese e ci sar\u00e0 un po&#8217; meno tristezza durante quel silenzioso salutare gli affetti pi\u00f9 cari. Poi, a candele consumate, il mese triste inizier\u00e0 a svelare la sua anima grigia, intrisa di sere sempre pi\u00f9 precoci e di larici sfiorenti. E poi chiss\u00e0, forse arriver\u00e0 la neve come allora, ad offrire a queste Anime che riposano ai piedi del Pelsa, la fredda quiete di un nuovo e lungo inverno di montagna.<\/p>\n<p>&nbsp;<\/p>\n<p>&nbsp;<\/p>\n<p>********<\/p>\n","protected":false},"excerpt":{"rendered":"<p>QUASI NOVEMBRE AUDIO &nbsp; Soppelsa, Manfroi, Chenet, Groppa, De Biasio e Fontanive, questi sono i cognomi delle donne e degli uomini di Cencenighe che riposano per sempre dove nasce il Pelsa. Ascoltano il canto perenne del Cordevole e ammirano il Bosc dal Forn che dopo la met\u00e0 di ottobre inizia a sfoggiare il suo abito&hellip;<\/p>\n","protected":false},"author":4,"featured_media":357912,"comment_status":"closed","ping_status":"closed","sticky":false,"template":"","format":"standard","meta":{"_monsterinsights_skip_tracking":false,"_monsterinsights_sitenote_active":false,"_monsterinsights_sitenote_note":"","_monsterinsights_sitenote_category":0,"footnotes":""},"categories":[49,112],"tags":[],"class_list":["post-357907","post","type-post","status-publish","format-standard","has-post-thumbnail","hentry","category-news-18","category-racconti-soppelsa","category-49","category-112","description-off"],"img_url":"https:\/\/www.radiopiu.net\/wordpress\/wp-content\/uploads\/2023\/10\/3e571b60-39dc-456a-b396-74b591b80160.jpg","_links":{"self":[{"href":"https:\/\/www.radiopiu.net\/wordpress\/wp-json\/wp\/v2\/posts\/357907","targetHints":{"allow":["GET"]}}],"collection":[{"href":"https:\/\/www.radiopiu.net\/wordpress\/wp-json\/wp\/v2\/posts"}],"about":[{"href":"https:\/\/www.radiopiu.net\/wordpress\/wp-json\/wp\/v2\/types\/post"}],"author":[{"embeddable":true,"href":"https:\/\/www.radiopiu.net\/wordpress\/wp-json\/wp\/v2\/users\/4"}],"replies":[{"embeddable":true,"href":"https:\/\/www.radiopiu.net\/wordpress\/wp-json\/wp\/v2\/comments?post=357907"}],"version-history":[{"count":0,"href":"https:\/\/www.radiopiu.net\/wordpress\/wp-json\/wp\/v2\/posts\/357907\/revisions"}],"wp:featuredmedia":[{"embeddable":true,"href":"https:\/\/www.radiopiu.net\/wordpress\/wp-json\/wp\/v2\/media\/357912"}],"wp:attachment":[{"href":"https:\/\/www.radiopiu.net\/wordpress\/wp-json\/wp\/v2\/media?parent=357907"}],"wp:term":[{"taxonomy":"category","embeddable":true,"href":"https:\/\/www.radiopiu.net\/wordpress\/wp-json\/wp\/v2\/categories?post=357907"},{"taxonomy":"post_tag","embeddable":true,"href":"https:\/\/www.radiopiu.net\/wordpress\/wp-json\/wp\/v2\/tags?post=357907"}],"curies":[{"name":"wp","href":"https:\/\/api.w.org\/{rel}","templated":true}]}}