{"id":358008,"date":"2023-10-23T04:56:41","date_gmt":"2023-10-23T02:56:41","guid":{"rendered":"https:\/\/www.radiopiu.net\/wordpress\/?p=358008"},"modified":"2023-10-23T04:56:41","modified_gmt":"2023-10-23T02:56:41","slug":"topi-dappartamento-mettono-a-segno-due-raid-in-serata-a-foen-e-pedavena","status":"publish","type":"post","link":"https:\/\/www.radiopiu.net\/wordpress\/topi-dappartamento-mettono-a-segno-due-raid-in-serata-a-foen-e-pedavena\/","title":{"rendered":"Topi d&#8217;appartamento mettono a segno due raid in serata a Foen e Pedavena"},"content":{"rendered":"<p><img decoding=\"async\" class=\"alignleft\" src=\"https:\/\/www.radiopiu.net\/wordpress\/wp-content\/uploads\/2021\/02\/Ladri-e-vandali-a-Borca-1.jpg\" \/><strong>FELTRE<\/strong> Sabato sera, durante l&#8217;orario in cui molte famiglie solitamente si godono un aperitivo o una cena fuori, una banda di ladri ha seminato il terrore a Foen e Pedavena. Hanno compiuto tre colpi con successo e almeno un tentativo fallito, causando danni a finestre e cassetti. Nel frattempo, la notizia si \u00e8 diffusa rapidamente sui social media, mentre i carabinieri della compagnia di Feltre sono intervenuti in zona. La situazione pi\u00f9 grave \u00e8 avvenuta in via Tina Merlin a Pedavena, una strada secondaria di via Giovanni Luciani. Questa zona era gi\u00e0 stata oggetto di un raid una settimana prima, il 14 ottobre, negli stessi orari. Durante quella occasione, i ladri avevano svaligiato due appartamenti al piano terra e uno al primo piano, forzando finestre e balconi. Avevano rubato denaro contante e gioielli. Sabato sera, i malviventi sono tornati nell&#8217;appartamento al piano terra di una giovane coppia, questa volta entrando dalla parte anteriore dell&#8217;edificio, rivolta verso una piazzetta e altre abitazioni. Mentre la famiglia era fuori, hanno rotto il vetro della porta-finestra per entrare e hanno portato via tutto ci\u00f2 che non avevano preso la prima volta.\u00a0 Nel primo furto, erano stati rubati oggetti d&#8217;oro, mentre questa volta i ladri hanno portato via oggetti come la PlayStation, orologi, occhiali da sole, borse, braccialetti di bigiotteria e persino berretti della Fila.\u00a0 I ladri hanno tentato anche di entrare in un&#8217;altra abitazione a poche decine di metri di distanza, in via Luciani, ma non hanno trovato nulla di valore da portare via. L&#8217;effrazione \u00e8 stata scoperta solo al ritorno dei proprietari.<\/p>\n<p>&nbsp;<\/p>\n<p>&nbsp;<\/p>\n<p>___<\/p>\n","protected":false},"excerpt":{"rendered":"<p>FELTRE Sabato sera, durante l&#8217;orario in cui molte famiglie solitamente si godono un aperitivo o una cena fuori, una banda di ladri ha seminato il terrore a Foen e Pedavena. Hanno compiuto tre colpi con successo e almeno un tentativo fallito, causando danni a finestre e cassetti. Nel frattempo, la notizia si \u00e8 diffusa rapidamente&hellip;<\/p>\n","protected":false},"author":4,"featured_media":188365,"comment_status":"closed","ping_status":"closed","sticky":false,"template":"","format":"standard","meta":{"_monsterinsights_skip_tracking":false,"_monsterinsights_sitenote_active":false,"_monsterinsights_sitenote_note":"","_monsterinsights_sitenote_category":0,"footnotes":""},"categories":[51,49],"tags":[],"class_list":["post-358008","post","type-post","status-publish","format-standard","has-post-thumbnail","hentry","category-evidenza-top","category-news-18","category-51","category-49","description-off"],"img_url":"https:\/\/www.radiopiu.net\/wordpress\/wp-content\/uploads\/2021\/02\/Ladri-e-vandali-a-Borca-1.jpg","_links":{"self":[{"href":"https:\/\/www.radiopiu.net\/wordpress\/wp-json\/wp\/v2\/posts\/358008","targetHints":{"allow":["GET"]}}],"collection":[{"href":"https:\/\/www.radiopiu.net\/wordpress\/wp-json\/wp\/v2\/posts"}],"about":[{"href":"https:\/\/www.radiopiu.net\/wordpress\/wp-json\/wp\/v2\/types\/post"}],"author":[{"embeddable":true,"href":"https:\/\/www.radiopiu.net\/wordpress\/wp-json\/wp\/v2\/users\/4"}],"replies":[{"embeddable":true,"href":"https:\/\/www.radiopiu.net\/wordpress\/wp-json\/wp\/v2\/comments?post=358008"}],"version-history":[{"count":0,"href":"https:\/\/www.radiopiu.net\/wordpress\/wp-json\/wp\/v2\/posts\/358008\/revisions"}],"wp:featuredmedia":[{"embeddable":true,"href":"https:\/\/www.radiopiu.net\/wordpress\/wp-json\/wp\/v2\/media\/188365"}],"wp:attachment":[{"href":"https:\/\/www.radiopiu.net\/wordpress\/wp-json\/wp\/v2\/media?parent=358008"}],"wp:term":[{"taxonomy":"category","embeddable":true,"href":"https:\/\/www.radiopiu.net\/wordpress\/wp-json\/wp\/v2\/categories?post=358008"},{"taxonomy":"post_tag","embeddable":true,"href":"https:\/\/www.radiopiu.net\/wordpress\/wp-json\/wp\/v2\/tags?post=358008"}],"curies":[{"name":"wp","href":"https:\/\/api.w.org\/{rel}","templated":true}]}}