{"id":358038,"date":"2023-10-24T05:33:08","date_gmt":"2023-10-24T03:33:08","guid":{"rendered":"https:\/\/www.radiopiu.net\/wordpress\/?p=358038"},"modified":"2023-10-24T09:03:13","modified_gmt":"2023-10-24T07:03:13","slug":"giornale-radiopiu-24-ottobre-2023-direttore-mirko-mezzacasada-40-anni-25-giugno-1983-25-giugno-2023","status":"publish","type":"post","link":"https:\/\/www.radiopiu.net\/wordpress\/giornale-radiopiu-24-ottobre-2023-direttore-mirko-mezzacasada-40-anni-25-giugno-1983-25-giugno-2023\/","title":{"rendered":"GIORNALE RADIOPIU 24 OTTOBRE 2023 DIRETTORE MIRKO MEZZACASA\u2026DA 40 ANNI 25 GIUGNO 1983-25 GIUGNO 2023"},"content":{"rendered":"<h1><\/h1>\n<h1 class=\"entry-title photoswipe-wrapper\">40esimo di RADIOPIU\u2026. LA VOCE DELL\u2019EMOZIONE<\/h1>\n<h2><span style=\"color: #ff0000;\">\u00a0\u00a0<\/span><\/h2>\n<div class=\"xdj266r x11i5rnm xat24cr x1mh8g0r x1vvkbs x126k92a\">\n<div dir=\"auto\">OGGI ALLA RADIO&#8230;.l&#8217;informazione locale dal 1983, tutti i giorni&#8230;pi\u00f9 volte al giorno&#8230;<\/div>\n<\/div>\n<div class=\"x11i5rnm xat24cr x1mh8g0r x1vvkbs xtlvy1s x126k92a\">\n<div dir=\"auto\">7.05 RASSEGNA STAMPA FLASH, PER CHI VA IN FRETTA<\/div>\n<div dir=\"auto\">7.10 <a class=\"x1i10hfl xjbqb8w x6umtig x1b1mbwd xaqea5y xav7gou x9f619 x1ypdohk xt0psk2 xe8uvvx xdj266r x11i5rnm xat24cr x1mh8g0r xexx8yu x4uap5 x18d9i69 xkhd6sd x16tdsg8 x1hl2dhg xggy1nq x1a2a7pz xt0b8zv x1qq9wsj xo1l8bm\" tabindex=\"0\" role=\"link\" href=\"https:\/\/www.facebook.com\/gianluca.rossi.9256?__cft__[0]=AZXWdObxYltw3bRdBuec2oleNo54yNiMPnW71D6grS17znsXVQCjDUqJ-mGaHfHWrfs9pFV3YOIgHfACpmdQrNBoj_Fev9PlN8TPdg1t-AiafUFbiCpA3gMbdtfup6mjP3T9RA989WP4DDajQjHQtXY1B2cK0AxUwhYu3EerkTA1bA&amp;__tn__=-]K-R\"><span class=\"xt0psk2\">Gianluca Rossi<\/span><\/a> <a class=\"x1i10hfl xjbqb8w x6umtig x1b1mbwd xaqea5y xav7gou x9f619 x1ypdohk xt0psk2 xe8uvvx xdj266r x11i5rnm xat24cr x1mh8g0r xexx8yu x4uap5 x18d9i69 xkhd6sd x16tdsg8 x1hl2dhg xggy1nq x1a2a7pz xt0b8zv x1qq9wsj xo1l8bm\" tabindex=\"0\" role=\"link\" href=\"https:\/\/www.facebook.com\/DolomitiBeerWineDaNapi?__cft__[0]=AZXWdObxYltw3bRdBuec2oleNo54yNiMPnW71D6grS17znsXVQCjDUqJ-mGaHfHWrfs9pFV3YOIgHfACpmdQrNBoj_Fev9PlN8TPdg1t-AiafUFbiCpA3gMbdtfup6mjP3T9RA989WP4DDajQjHQtXY1B2cK0AxUwhYu3EerkTA1bA&amp;__tn__=-]K-R\"><span class=\"xt0psk2\">Dolomiti Beer&amp;Wine Da Napi<\/span><\/a> PAROLA DI GIANLUCA<\/div>\n<div dir=\"auto\">8.05 LA RASSEGNA STAMPA, L&#8217;ORIGINALE DAL 1983<\/div>\n<div dir=\"auto\">1010 <a class=\"x1i10hfl xjbqb8w x6umtig x1b1mbwd xaqea5y xav7gou x9f619 x1ypdohk xt0psk2 xe8uvvx xdj266r x11i5rnm xat24cr x1mh8g0r xexx8yu x4uap5 x18d9i69 xkhd6sd x16tdsg8 x1hl2dhg xggy1nq x1a2a7pz xt0b8zv x1qq9wsj xo1l8bm\" tabindex=\"0\" role=\"link\" href=\"https:\/\/www.facebook.com\/groups\/395316224475304\/?__cft__[0]=AZXWdObxYltw3bRdBuec2oleNo54yNiMPnW71D6grS17znsXVQCjDUqJ-mGaHfHWrfs9pFV3YOIgHfACpmdQrNBoj_Fev9PlN8TPdg1t-AiafUFbiCpA3gMbdtfup6mjP3T9RA989WP4DDajQjHQtXY1B2cK0AxUwhYu3EerkTA1bA&amp;__tn__=-UK-R\"><span class=\"xt0psk2\">MUSLA &#8211; Moviment de Union e Sensibilisazion LinguisticA del Agordin<\/span><\/a> LE NOVE IN LADIN&#8230; NORMAN<\/div>\n<div dir=\"auto\">10.30 VOCI RIBELLI Dafne Belluno <a class=\"x1i10hfl xjbqb8w x6umtig x1b1mbwd xaqea5y xav7gou x9f619 x1ypdohk xt0psk2 xe8uvvx xdj266r x11i5rnm xat24cr x1mh8g0r xexx8yu x4uap5 x18d9i69 xkhd6sd x16tdsg8 x1hl2dhg xggy1nq x1a2a7pz xt0b8zv x1qq9wsj xo1l8bm\" tabindex=\"0\" role=\"link\" href=\"https:\/\/www.facebook.com\/alessiadallo95?__cft__[0]=AZXWdObxYltw3bRdBuec2oleNo54yNiMPnW71D6grS17znsXVQCjDUqJ-mGaHfHWrfs9pFV3YOIgHfACpmdQrNBoj_Fev9PlN8TPdg1t-AiafUFbiCpA3gMbdtfup6mjP3T9RA989WP4DDajQjHQtXY1B2cK0AxUwhYu3EerkTA1bA&amp;__tn__=-]K-R\"><span class=\"xt0psk2\">Alessia Dall \u00d2<\/span><\/a><\/div>\n<div dir=\"auto\">12.30 GIORNALE RADIO PRINCIPALE<\/div>\n<div dir=\"auto\">13.10 <a class=\"x1i10hfl xjbqb8w x6umtig x1b1mbwd xaqea5y xav7gou x9f619 x1ypdohk xt0psk2 xe8uvvx xdj266r x11i5rnm xat24cr x1mh8g0r xexx8yu x4uap5 x18d9i69 xkhd6sd x16tdsg8 x1hl2dhg xggy1nq x1a2a7pz xt0b8zv x1qq9wsj xo1l8bm\" tabindex=\"0\" role=\"link\" href=\"https:\/\/www.facebook.com\/giesse.info?__cft__[0]=AZXWdObxYltw3bRdBuec2oleNo54yNiMPnW71D6grS17znsXVQCjDUqJ-mGaHfHWrfs9pFV3YOIgHfACpmdQrNBoj_Fev9PlN8TPdg1t-AiafUFbiCpA3gMbdtfup6mjP3T9RA989WP4DDajQjHQtXY1B2cK0AxUwhYu3EerkTA1bA&amp;__tn__=-]K-R\"><span class=\"xt0psk2\">Giesse Risarcimento Danni<\/span><\/a> CON LA <a class=\"x1i10hfl xjbqb8w x6umtig x1b1mbwd xaqea5y xav7gou x9f619 x1ypdohk xt0psk2 xe8uvvx xdj266r x11i5rnm xat24cr x1mh8g0r xexx8yu x4uap5 x18d9i69 xkhd6sd x16tdsg8 x1hl2dhg xggy1nq x1a2a7pz xt0b8zv x1qq9wsj xo1l8bm\" tabindex=\"0\" role=\"link\" href=\"https:\/\/www.facebook.com\/canottieribelluno?__cft__[0]=AZXWdObxYltw3bRdBuec2oleNo54yNiMPnW71D6grS17znsXVQCjDUqJ-mGaHfHWrfs9pFV3YOIgHfACpmdQrNBoj_Fev9PlN8TPdg1t-AiafUFbiCpA3gMbdtfup6mjP3T9RA989WP4DDajQjHQtXY1B2cK0AxUwhYu3EerkTA1bA&amp;__tn__=-]K-R\"><span class=\"xt0psk2\">Canottieri Belluno<\/span><\/a> CALCIO A 5, PRIMA PUNTATA <a class=\"x1i10hfl xjbqb8w x6umtig x1b1mbwd xaqea5y xav7gou x9f619 x1ypdohk xt0psk2 xe8uvvx xdj266r x11i5rnm xat24cr x1mh8g0r xexx8yu x4uap5 x18d9i69 xkhd6sd x16tdsg8 x1hl2dhg xggy1nq x1a2a7pz xt0b8zv x1qq9wsj xo1l8bm\" tabindex=\"0\" role=\"link\" href=\"https:\/\/www.facebook.com\/marcobaghy?__cft__[0]=AZXWdObxYltw3bRdBuec2oleNo54yNiMPnW71D6grS17znsXVQCjDUqJ-mGaHfHWrfs9pFV3YOIgHfACpmdQrNBoj_Fev9PlN8TPdg1t-AiafUFbiCpA3gMbdtfup6mjP3T9RA989WP4DDajQjHQtXY1B2cK0AxUwhYu3EerkTA1bA&amp;__tn__=-]K-R\"><span class=\"xt0psk2\">Marco Gaz<\/span><\/a> SULLE TRE RADIO, PIU&#8217; CLUB E PRIMIERO.<\/div>\n<div dir=\"auto\">16.30 SPECIALE CALCIO <a class=\"x1i10hfl xjbqb8w x6umtig x1b1mbwd xaqea5y xav7gou x9f619 x1ypdohk xt0psk2 xe8uvvx xdj266r x11i5rnm xat24cr x1mh8g0r xexx8yu x4uap5 x18d9i69 xkhd6sd x16tdsg8 x1hl2dhg xggy1nq x1a2a7pz xt0b8zv x1qq9wsj xo1l8bm\" tabindex=\"0\" role=\"link\" href=\"https:\/\/www.facebook.com\/marcobaghy?__cft__[0]=AZXWdObxYltw3bRdBuec2oleNo54yNiMPnW71D6grS17znsXVQCjDUqJ-mGaHfHWrfs9pFV3YOIgHfACpmdQrNBoj_Fev9PlN8TPdg1t-AiafUFbiCpA3gMbdtfup6mjP3T9RA989WP4DDajQjHQtXY1B2cK0AxUwhYu3EerkTA1bA&amp;__tn__=-]K-R\"><span class=\"xt0psk2\">Marco Gaz<\/span><\/a><\/div>\n<div dir=\"auto\">E QUESTA SERA&#8230; IN VIVO VERSO NIGHT&#8230; PRIMA PUNTATA CON <a class=\"x1i10hfl xjbqb8w x6umtig x1b1mbwd xaqea5y xav7gou x9f619 x1ypdohk xt0psk2 xe8uvvx xdj266r x11i5rnm xat24cr x1mh8g0r xexx8yu x4uap5 x18d9i69 xkhd6sd x16tdsg8 x1hl2dhg xggy1nq x1a2a7pz xt0b8zv x1qq9wsj xo1l8bm\" tabindex=\"0\" role=\"link\" href=\"https:\/\/www.facebook.com\/brunella.moro?__cft__[0]=AZXWdObxYltw3bRdBuec2oleNo54yNiMPnW71D6grS17znsXVQCjDUqJ-mGaHfHWrfs9pFV3YOIgHfACpmdQrNBoj_Fev9PlN8TPdg1t-AiafUFbiCpA3gMbdtfup6mjP3T9RA989WP4DDajQjHQtXY1B2cK0AxUwhYu3EerkTA1bA&amp;__tn__=-]K-R\"><span class=\"xt0psk2\">Brunella Moro<\/span><\/a><\/div>\n<\/div>\n<h2><span style=\"color: #ff0000;\">\u00a0\u00a0<\/span><\/h2>\n<h2><span style=\"color: #ff0000;\">ISCRIVITI AL NOSTRO CANALE\u00a0\u00a0YOUTUBE PER SEGUIRE IN DIRETTA I PRINCIPALI PROGRAMMI DI RADIO PIU\u2019 E LE FUTURE DIRETTE IN ESTERNA. PER ISCRIVERTI <a style=\"color: #ff0000;\" href=\"https:\/\/youtube.com\/@radiopiu1527\">CLICCA QUI\u00a0<\/a>E PREMI\u00a0 \u201cIscriviti\u201d\u00a0\u00a0<\/span><b>\u00a0<\/b><\/h2>\n<p>&nbsp;<\/p>\n<blockquote>\n<h1>INIZIATIVE ULSS1 DOLOMITI-BELLUNO<\/h1>\n\n\t\t\t<style type='text\/css'>\n\t\t\t\t#gallery-1 {\n\t\t\t\t\tmargin: auto;\n\t\t\t\t}\n\t\t\t\t#gallery-1 .gallery-item {\n\t\t\t\t\tfloat: left;\n\t\t\t\t\tmargin-top: 10px;\n\t\t\t\t\ttext-align: center;\n\t\t\t\t\twidth: 50%;\n\t\t\t\t}\n\t\t\t\t#gallery-1 img {\n\t\t\t\t\tborder: 2px solid #cfcfcf;\n\t\t\t\t}\n\t\t\t\t#gallery-1 .gallery-caption {\n\t\t\t\t\tmargin-left: 0;\n\t\t\t\t}\n\t\t\t\t\/* see gallery_shortcode() in wp-includes\/media.php *\/\n\t\t\t<\/style>\n\t\t<div id='gallery-1' class='dt-gallery-container gallery galleryid-358038 gallery-columns-2 gallery-size-medium'><dl class='gallery-item'>\n\t\t\t\t<dt class='gallery-icon portrait'>\n\t\t\t\t\t<a class=\"rollover rollover-zoom dt-pswp-item\" title=\"392878514_822842989540507_2672116902826523400_n\" data-dt-img-description=\"\" data-large_image_width=\"509\" data-large_image_height=\"720\"href='https:\/\/www.radiopiu.net\/wordpress\/wp-content\/uploads\/2023\/10\/392878514_822842989540507_2672116902826523400_n.jpg'><img loading=\"lazy\" decoding=\"async\" width=\"212\" height=\"300\" src=\"https:\/\/www.radiopiu.net\/wordpress\/wp-content\/uploads\/2023\/10\/392878514_822842989540507_2672116902826523400_n-212x300.jpg\" class=\"attachment-medium size-medium\" alt=\"\" srcset=\"https:\/\/www.radiopiu.net\/wordpress\/wp-content\/uploads\/2023\/10\/392878514_822842989540507_2672116902826523400_n-212x300.jpg 212w, https:\/\/www.radiopiu.net\/wordpress\/wp-content\/uploads\/2023\/10\/392878514_822842989540507_2672116902826523400_n.jpg 509w\" sizes=\"auto, (max-width: 212px) 100vw, 212px\" \/><\/a>\n\t\t\t\t<\/dt><\/dl><dl class='gallery-item'>\n\t\t\t\t<dt class='gallery-icon portrait'>\n\t\t\t\t\t<a class=\"rollover rollover-zoom dt-pswp-item\" title=\"392791123_823481889476617_215948379669211063_n\" data-dt-img-description=\"\" data-large_image_width=\"509\" data-large_image_height=\"720\"href='https:\/\/www.radiopiu.net\/wordpress\/wp-content\/uploads\/2023\/10\/392791123_823481889476617_215948379669211063_n.jpg'><img loading=\"lazy\" decoding=\"async\" width=\"212\" height=\"300\" src=\"https:\/\/www.radiopiu.net\/wordpress\/wp-content\/uploads\/2023\/10\/392791123_823481889476617_215948379669211063_n-212x300.jpg\" class=\"attachment-medium size-medium\" alt=\"\" srcset=\"https:\/\/www.radiopiu.net\/wordpress\/wp-content\/uploads\/2023\/10\/392791123_823481889476617_215948379669211063_n-212x300.jpg 212w, https:\/\/www.radiopiu.net\/wordpress\/wp-content\/uploads\/2023\/10\/392791123_823481889476617_215948379669211063_n.jpg 509w\" sizes=\"auto, (max-width: 212px) 100vw, 212px\" \/><\/a>\n\t\t\t\t<\/dt><\/dl><br style=\"clear: both\" \/>\n\t\t\t<\/div>\n<\/blockquote>\n<p>&nbsp;<\/p>\n<p>&nbsp;<\/p>\n<hr \/>\n<p>&nbsp;<\/p>\n<p><img loading=\"lazy\" decoding=\"async\" class=\"alignleft\" src=\"https:\/\/www.radiopiu.net\/wordpress\/wp-content\/uploads\/2022\/05\/download-2.jpg\" width=\"84\" height=\"84\" \/><\/p>\n<p style=\"text-align: center;\"><strong>SERVIZIO IDRICO, ACQUA SEMPRE INQUINATA NELLE FRAZIONI ALTE DI AGORDO<\/strong><\/p>\n<p>Gestione Servizi Pubblici informa che ad <strong>AGORDO<\/strong> nelle localit\u00e0 <span style=\"color: #000000;\">PIASENT, COLVIGNAS, CAMPON, LE FOCHE <\/span>l&#8217;acqua erogata dall&#8217;acquedotto non \u00e8 potabile e pu\u00f2 essere usata per scopi alimentari SOLO PREVIA bollitura.<\/p>\n<p><strong>TAIBON<\/strong> Domani dalle 9 alle 12 potrebbe mancare l&#8217;acqua\u00a0 nelle localit\u00e0 CAPOLUOGO e CAMPAGNA e nelle vie CROTTA, CARAVAGGIO, FUSINE, BRUSTOLON, STRAPONT, CHIESA, NOGAROLA, FOCH, COL DI LANA E LATERALI.<\/p>\n<p>&nbsp;<\/p>\n<p style=\"margin: 0px; text-align: center;\" align=\"center\"><b><span style=\"font-size: 14.0pt; font-family: 'Arial',sans-serif; color: black;\">Valpe Ambiente: temporanea sospensione di alcuni servizi<\/span><\/b><\/p>\n<p style=\"margin: 0px;\"><span style=\"font-family: 'Arial',sans-serif;\"><strong>AGORDO<\/strong> A causa di una manutenzione ai sistemi informatici aziendali, oggi dalle\u00a0 7.30 alle 13.30 sar\u00e0 temporaneamente sospeso l\u2019accesso a: Sportello Online, distributore automatico dei sacchetti di Agordo e Isole Ecologiche di Alleghe, Canale d\u2019Agordo, la Valle Agordina e Selva di Cadore. <\/span><span style=\"font-family: Arial, sans-serif;\">Gi\u00e0 dal primo pomeriggio tutti i servizi saranno nuovamente disponibili.<\/span><\/p>\n<p>&nbsp;<\/p>\n<p><strong>SP 347 DURAN-CEREDA<\/strong> localit\u00e0 Mota Bianca,<span style=\"color: #ff0000;\"> dal 30 ottobre al 30 novembre<\/span> &#8211; sabato e domenica esclusi &#8211; senso unico alternato regolato da movieri con interruzioni fino a 30 minuti per lavori di taglio piante affette da bostrico.<\/p>\n<p>&nbsp;<\/p>\n<hr \/>\n<p>&nbsp;<\/p>\n<p><a class=\"dt-pswp-item\" href=\"https:\/\/www.radiopiu.net\/wordpress\/wp-content\/uploads\/2023\/10\/34f4cfc6-e863-46e9-9695-8df44be63421.jpg\" data-dt-img-description=\"\" data-large_image_width=\"1200\" data-large_image_height=\"1200\"><img loading=\"lazy\" decoding=\"async\" class=\"wp-image-357393 alignleft\" src=\"https:\/\/www.radiopiu.net\/wordpress\/wp-content\/uploads\/2023\/10\/34f4cfc6-e863-46e9-9695-8df44be63421-300x300.jpg\" alt=\"\" width=\"81\" height=\"81\" srcset=\"https:\/\/www.radiopiu.net\/wordpress\/wp-content\/uploads\/2023\/10\/34f4cfc6-e863-46e9-9695-8df44be63421-300x300.jpg 300w, https:\/\/www.radiopiu.net\/wordpress\/wp-content\/uploads\/2023\/10\/34f4cfc6-e863-46e9-9695-8df44be63421-1024x1024.jpg 1024w, https:\/\/www.radiopiu.net\/wordpress\/wp-content\/uploads\/2023\/10\/34f4cfc6-e863-46e9-9695-8df44be63421-150x150.jpg 150w, https:\/\/www.radiopiu.net\/wordpress\/wp-content\/uploads\/2023\/10\/34f4cfc6-e863-46e9-9695-8df44be63421-768x768.jpg 768w, https:\/\/www.radiopiu.net\/wordpress\/wp-content\/uploads\/2023\/10\/34f4cfc6-e863-46e9-9695-8df44be63421.jpg 1200w\" sizes=\"auto, (max-width: 81px) 100vw, 81px\" \/><\/a>OGGI ALLA RADIO: <strong>ALLE 7<\/strong> LA RASSEGNA STAMPA LOCALE FLASH, PER CHI COME NOI ALLE SETTE DEL MATTINO VA DI FRETTA, TANTE NOTIZIE IN POCHE CHIACCHIERE. <strong>ALLE OTTO<\/strong> L&#8217;APPROFONDIMENTO NELLA STORICA RASSEGNA STAMPA LOCALE<\/p>\n<p>&nbsp;<\/p>\n<hr \/>\n<p>&nbsp;<\/p>\n<p>&nbsp;<\/p>\n<blockquote>\n<h3><img loading=\"lazy\" decoding=\"async\" class=\"alignleft\" src=\"https:\/\/www.radiopiu.net\/wordpress\/wp-content\/uploads\/2022\/12\/emanuele-aloia-meteo-300x300.jpg\" width=\"127\" height=\"127\" \/>METEO.\u00a0 PREVISTE PRECIPITAZIONI DIFFUSE SUL VENETO<\/h3>\n<\/blockquote>\n<p><strong>\u00a0DICHIARATA LA FASE DI ATTENZIONE PER CRITICITA\u2019 IDROFEOLOGICA IN QUATTRO BACINI DELLA REGIONE<\/strong><\/p>\n<p><strong><i>VENEZIA\u00a0<\/i><\/strong>Il Meteo regionale segnala che il Veneto \u00e8 interessato da una perturbazione associata al transito di una saccatura. Il tempo sar\u00e0 in prevalenza perturbato con precipitazioni diffuse, localmente anche abbondanti specie su zone montane e pedemontane. Saranno possibili rovesci o locali temporali tra Prealpi e pianura: non si escludono fenomeni localmente intensi, \u00e8 stata dichiarata la fase operativa di \u201cAttenzione\u201d (Gialla) fino alla mezzanotte<\/p>\n<p>&nbsp;<\/p>\n<p>&nbsp;<\/p>\n<hr \/>\n<p>&nbsp;<\/p>\n<blockquote>\n<h3>ANAS: PROGRAMMATO IL VARO DELLE NUOVE TRAVI DELLA GALLERIA PARAMASSI \u201cLASTE\u201d SULLA SS 52<\/h3>\n<\/blockquote>\n<p><img loading=\"lazy\" decoding=\"async\" class=\"alignleft\" src=\"https:\/\/www.radiopiu.net\/wordpress\/wp-content\/uploads\/2021\/06\/anas.png\" width=\"184\" height=\"104\" \/>Anas nell\u2019ambito dei lavori di ripristino delle travi della galleria paramassi \u2018Laste\u2019, danneggiate a seguito di urto di veicoli fuori sagoma, ha programmato le operazioni di varo delle nuove travi metalliche. Le operazioni, al fine di creare il minor disagio possibile alla circolazione stradale, sono state programmate esclusivamente in orario notturno, dal luned\u00ec al venerd\u00ec cos\u00ec da preservare i flussi di traffico del week-end. La chiusura sar\u00e0 attivata dalle\u00a0 21:15 alle 5:45 del mattino successivo<\/p>\n<p>&nbsp;<\/p>\n<hr \/>\n<p>&nbsp;<\/p>\n<blockquote>\n<h3><a class=\"dt-pswp-item\" href=\"https:\/\/www.radiopiu.net\/wordpress\/wp-content\/uploads\/2020\/06\/80c303ed-9a2e-49f0-8b20-3dd5e061bbf3.jpg\" data-dt-img-description=\"\" data-large_image_width=\"1280\" data-large_image_height=\"960\"><img loading=\"lazy\" decoding=\"async\" class=\"wp-image-145520 alignleft\" src=\"https:\/\/www.radiopiu.net\/wordpress\/wp-content\/uploads\/2020\/06\/80c303ed-9a2e-49f0-8b20-3dd5e061bbf3-300x225.jpg\" alt=\"\" width=\"169\" height=\"127\" srcset=\"https:\/\/www.radiopiu.net\/wordpress\/wp-content\/uploads\/2020\/06\/80c303ed-9a2e-49f0-8b20-3dd5e061bbf3-300x225.jpg 300w, https:\/\/www.radiopiu.net\/wordpress\/wp-content\/uploads\/2020\/06\/80c303ed-9a2e-49f0-8b20-3dd5e061bbf3-1024x768.jpg 1024w, https:\/\/www.radiopiu.net\/wordpress\/wp-content\/uploads\/2020\/06\/80c303ed-9a2e-49f0-8b20-3dd5e061bbf3-768x576.jpg 768w, https:\/\/www.radiopiu.net\/wordpress\/wp-content\/uploads\/2020\/06\/80c303ed-9a2e-49f0-8b20-3dd5e061bbf3.jpg 1280w\" sizes=\"auto, (max-width: 169px) 100vw, 169px\" \/><\/a>DOLOMITIBUS? anche no grazie!<\/h3>\n<\/blockquote>\n<div class=\"articlePlainSubHead\"><strong>BELLUNO<\/strong> Dici Dolomtiibus e il bellunese diventa rosso di rabbia. Dici Dolomitibus e il bellunese pensa ad un&#8217;alternativa, ormai i tagli sono quotidiani, spesso improvvisi,\u00a0 e l&#8217;utente si rende conto che quotidianamente rischia la presa in giro, nonostante abbia regolarmente pagato, aumenti compresi.<\/div>\n<div class=\"articlePlainSubHead\">IL RISULTATO: Gli autobus percorrono meno chilometri e crollano i passeggeri, sette posizioni in meno\u00a0 nella classifica Ecosistema urbano, l&#8217;indagine di Legambiente e Ambiente Italia. Belluno \u00e8 scivolata in decima posizione. Gli utenti tra l&#8217;altro continuano a chiedere i giusti rimborsi tra la sordit\u00e0\u00a0 e il silenzio dei portatori di interesse.<\/div>\n<div><\/div>\n<div><\/div>\n<div><\/div>\n<div>\n<hr \/>\n<\/div>\n<div><\/div>\n<div><\/div>\n<blockquote>\n<h3><a class=\"dt-pswp-item\" href=\"https:\/\/www.radiopiu.net\/wordpress\/wp-content\/uploads\/2023\/10\/gianni_da_deppo.jpg\" data-dt-img-description=\"\" data-large_image_width=\"694\" data-large_image_height=\"593\"><img loading=\"lazy\" decoding=\"async\" class=\"wp-image-358170 alignleft\" src=\"https:\/\/www.radiopiu.net\/wordpress\/wp-content\/uploads\/2023\/10\/gianni_da_deppo-300x256.jpg\" alt=\"\" width=\"168\" height=\"143\" srcset=\"https:\/\/www.radiopiu.net\/wordpress\/wp-content\/uploads\/2023\/10\/gianni_da_deppo-300x256.jpg 300w, https:\/\/www.radiopiu.net\/wordpress\/wp-content\/uploads\/2023\/10\/gianni_da_deppo.jpg 694w\" sizes=\"auto, (max-width: 168px) 100vw, 168px\" \/><\/a>E&#8217; MORTO DA DEPPO, UOMO DI MATTMARK<\/h3>\n<\/blockquote>\n<div><\/div>\n<div>E&#8217; morto a 90 anni, dopo breve malattia, Gianni Da Deppo, noto per la tragedia di Mattmark in cui, il 30 agosto del 1965, morirono\u00a0 88 persone, 17 bellunesi.\u00a0 \u00a0Da Deppo si salv\u00f2 per una questione di minuti. Poi fu tra i tanti che nelle ore, nei giorni e nei mesi successivi si impegnarono nelle operazioni di recupero.<\/div>\n<div><\/div>\n<div><\/div>\n<div><\/div>\n<div><\/div>\n<div>\n<hr \/>\n<\/div>\n<div><\/div>\n<blockquote>\n<h2>Tragedia sul posto di lavoro: Operaio muore a causa di un attacco cardiaco<\/h2>\n<\/blockquote>\n<div><strong><img loading=\"lazy\" decoding=\"async\" class=\"alignleft\" src=\"https:\/\/www.radiopiu.net\/wordpress\/wp-content\/uploads\/2023\/08\/ambulanza-ulss-1.jpg\" width=\"268\" height=\"173\" \/>LIMANA\u00a0<\/strong> Valentino D&#8217;Inc\u00e0, un operaio di 55 anni di Borgo Valbelluna, \u00e8 stato vittima di un tragico attacco cardiaco mentre si trovava al lavoro presso la Epta Costan di Limana. L&#8217;incidente \u00e8 avvenuto poco dopo l&#8217;inizio del suo turno di lavoro presso il reparto di Montaggio, al primo posto della linea Rn2. Nonostante i tentativi di soccorso da parte dei colleghi di lavoro e delle squadre mediche del Pronto Soccorso, purtroppo D&#8217;Inc\u00e0 non \u00e8 riuscito a sopravvivere. La notizia della sua morte ha scosso profondamente la comunit\u00e0 dei lavoratori presso la Epta Costan e la sua citt\u00e0 natale di Morgan di Trichiana, dove era conosciuto e apprezzato. I colleghi hanno immediatamente allertato il servizio di emergenza 118 quando D&#8217;Inc\u00e0 \u00e8 collassato a causa dell&#8217;attacco cardiaco. Un&#8217;ambulanza del Pronto Soccorso del San Martino \u00e8 giunta in fretta sul luogo, ma nonostante gli sforzi dei soccorritori nel praticare le manovre di rianimazione, il cuore di D&#8217;Inc\u00e0 non \u00e8 ripartito. Valentino D&#8217;Inc\u00e0\u00a0 viveva a Morgan con un fratello. Lascia anche delle sorelle che risiedono altrove. Al momento, i dettagli relativi al suo funerale non sono stati annunciati, poich\u00e9 \u00e8 in corso la procedura per la donazione delle cornee.<\/div>\n<div><\/div>\n<div><\/div>\n<div><\/div>\n<div><\/div>\n<div>\n<hr \/>\n<\/div>\n<blockquote>\n<h3><\/h3>\n<h3>LA CURIOSITA&#8217;, IL GIUDICE DI PACE DA TORTO ALL&#8217;AGENZIA DELLE ENTRATE<\/h3>\n<\/blockquote>\n<div><strong>BELLUNO<\/strong>\u00a0 Impugna la sanzione di 100 euro\u00a0 (per non aver fatto il vaccino covid) e il giudice di pace le d\u00e0 ragione. Annullato il provvedimento dell&#8217;Agenzia delle Entrate, che non aveva questo genere di competenza.\u00a0 La ricorrente ha avuto soddisfazione dal giudice di pace Fabrizio Schioppa. Prima dell&#8217;avviso dell&#8217;addebito, la donna avrebbe dovuto ricevere la notifica di un atto di formale accertamento del presunto inadempimento all&#8217;obbligo vaccinale. L&#8217;Agenzia delle Entrate non ha la legittimazione per accertare questo tipo di violazione.<\/div>\n<div><\/div>\n<hr \/>\n<p>&nbsp;<\/p>\n<p>&nbsp;<\/p>\n<blockquote>\n<h3>IERI L&#8217;ATTACCO HACKER ALLA ULSS DI VERONA<\/h3>\n<\/blockquote>\n<p><strong><img loading=\"lazy\" decoding=\"async\" class=\"alignleft\" src=\"https:\/\/www.radiopiu.net\/wordpress\/wp-content\/uploads\/2020\/11\/hacker-2020.jpg\" width=\"224\" height=\"172\" \/>VENEZIA<\/strong> L\u2019Azienda Ospedaliera di Verona ha subito un attacco hacker. \u00a0La Direzione medica\u00a0 \u00a0informa che\u00a0 l\u2019attivit\u00e0 dei reparti, delle sale operatorie, degli ambulatori \u00e8 proceduta regolarmente. Tutti gli interventi programmati\u00a0 si sono conclusi, grazie alle procedure del Piano di emergenza, scattate a seguito del riscontro di accessi anomali al sistema informatico.<\/p>\n<p><strong>PRESTATE ATTENZIONE<\/strong><\/p>\n<p><strong><span style=\"color: #ff0000;\">Non rispondere alle mail provenienti da mittenti non certi; non eseguire le operazioni indicate; non aprire file allegati; non cliccare i link\u00a0<span style=\"color: #000000;\"> Attenzione alle<\/span> <\/span><\/strong><strong>\u00a0ondate di messaggi di posta elettronica simulanti comunicazioni autentiche, istituzionali o commerciali con mittenti veri, testi ripresi da mail autentiche con fornitori etc., in cui sono presenti link o allegati in grado di innescare processi dannosi per i sistemi informatici. Nel corpo del messaggio sono presenti frasi di uso comune &#8220;vi inviamo fattura in allegato&#8221; &#8220;scansione in allegato&#8221; &#8220;in allegato il documento&#8221;. Le mail vanno ignorate NON SCARICATE ALCUN ALLEGATO E NON ATTIVATE LINK DEL MESSAGGIO<\/strong><\/p>\n<p>&nbsp;<\/p>\n<p>&nbsp;<\/p>\n<hr \/>\n<p>&nbsp;<\/p>\n<p>&nbsp;<\/p>\n<blockquote>\n<h3>SCUOLA AGEVOLAZIONI PER DOCENTI CHE PRESTANO SERVIZIO IN AREE DI MONTAGNA<\/h3>\n<\/blockquote>\n<p><span class=\"xxxxcontentpasted0\"><strong><img decoding=\"async\" class=\"alignleft\" src=\"https:\/\/www.radiopiu.net\/wordpress\/wp-content\/uploads\/2023\/10\/Senza-nome-58.png\" \/>ROMA<\/strong> Via libera dal Consiglio dei Ministri al disegno di legge di promozione delle zone montane che disciplina, tra l&#8217;altro, una serie di agevolazioni per i docenti che prestano servizio presso le scuole di montagna. Si prevede infatti l\u2019assegnazione di un punteggio aggiuntivo ai fini delle graduatorie provinciali di supplenza per gli insegnanti \u201cche abbiano prestato servizio nelle scuole di montagna, ricadenti in territori montani che presentino una situazione di particolare disagio socio &#8211; economico\u201d.\u00a0 \u00a0<\/span><span class=\"xxxxcontentpasted0\">Al personale scolastico che presta servizio nelle scuole di montagna sar\u00e0 inoltre concesso un credito d\u2019imposta per la locazione di immobili, cos\u00ec da ristorare una parte delle spese d\u2019affitto sostenute.\u00a0<\/span><\/p>\n<p>&nbsp;<\/p>\n<p>&nbsp;<\/p>\n<p>&nbsp;<\/p>\n<hr \/>\n<p>&nbsp;<\/p>\n<blockquote>\n<h3>MALAGO&#8217; A SEDICO E BOB A CORTINA &#8220;UN&#8217;IDEA IN TESTA CE L&#8217;HO, VEDIAMO COSA NE USCIRA'&#8221;<\/h3>\n<\/blockquote>\n<blockquote>\n<h3><a class=\"dt-pswp-item\" href=\"https:\/\/www.radiopiu.net\/wordpress\/wp-content\/uploads\/2023\/10\/malago.png\" data-dt-img-description=\"\" data-large_image_width=\"366\" data-large_image_height=\"264\"><img loading=\"lazy\" decoding=\"async\" class=\" wp-image-358145 alignleft\" src=\"https:\/\/www.radiopiu.net\/wordpress\/wp-content\/uploads\/2023\/10\/malago-300x216.png\" alt=\"\" width=\"215\" height=\"155\" srcset=\"https:\/\/www.radiopiu.net\/wordpress\/wp-content\/uploads\/2023\/10\/malago-300x216.png 300w, https:\/\/www.radiopiu.net\/wordpress\/wp-content\/uploads\/2023\/10\/malago.png 366w\" sizes=\"auto, (max-width: 215px) 100vw, 215px\" \/><\/a>Il presidente del CONI Giovanni Malag\u00f2 ieri\u00a0 in provincia di Belluno; l&#8217;occasione per parlare del futuro della pista da bob e della richiesta di rimodulazione delle gare olimpiche.<\/h3>\n<p>&nbsp;<\/p><\/blockquote>\n<p>&nbsp;<\/p>\n<p><strong>INTERVISTA DI DANIELE DALVIT<\/strong><\/p>\n<audio class=\"wp-audio-shortcode\" id=\"audio-358038-1\" preload=\"none\" style=\"width: 100%;\" controls=\"controls\"><source type=\"audio\/mpeg\" src=\"https:\/\/www.radiopiu.net\/wordpress\/wp-content\/uploads\/2023\/10\/Radio-Piu-Servizio-Malago-futuro-Olimpiadi.mp3?_=1\" \/><a href=\"https:\/\/www.radiopiu.net\/wordpress\/wp-content\/uploads\/2023\/10\/Radio-Piu-Servizio-Malago-futuro-Olimpiadi.mp3\">https:\/\/www.radiopiu.net\/wordpress\/wp-content\/uploads\/2023\/10\/Radio-Piu-Servizio-Malago-futuro-Olimpiadi.mp3<\/a><\/audio>\n<p>&nbsp;<\/p>\n<p>&nbsp;<\/p>\n<blockquote>\n<h3>E DA NOVENTA&#8230; ZAIA NON SI DA PER VINTO, CREDE ANCORA NELLA POSSIBILITA&#8217; DI UNA RIDISTRIBUZIONE DELLE GARE, &#8220;A CORTINA, OLIMPIADI SOLO SULLA CARTA, NON PUO&#8217; ESSERE TRATTATA COSI'&#8221;<\/h3>\n<\/blockquote>\n<div style=\"width: 1200px;\" class=\"wp-video\"><video class=\"wp-video-shortcode\" id=\"video-358038-1\" width=\"1200\" height=\"675\" preload=\"metadata\" controls=\"controls\"><source type=\"video\/mp4\" src=\"https:\/\/www.radiopiu.net\/wordpress\/wp-content\/uploads\/2023\/10\/ZAIA-NOVENTA-1.mp4?_=1\" \/><a href=\"https:\/\/www.radiopiu.net\/wordpress\/wp-content\/uploads\/2023\/10\/ZAIA-NOVENTA-1.mp4\">https:\/\/www.radiopiu.net\/wordpress\/wp-content\/uploads\/2023\/10\/ZAIA-NOVENTA-1.mp4<\/a><\/video><\/div>\n<p>&nbsp;<\/p>\n<hr \/>\n<p>&nbsp;<\/p>\n<p>&nbsp;<\/p>\n<blockquote>\n<h2>A SEDICO LA COVERCIANO DELLE DOLOMITI<\/h2>\n<\/blockquote>\n<p><a class=\"dt-pswp-item\" href=\"https:\/\/www.radiopiu.net\/wordpress\/wp-content\/uploads\/2023\/10\/Senza-nome-60.png\" data-dt-img-description=\"\" data-large_image_width=\"1143\" data-large_image_height=\"636\"><img loading=\"lazy\" decoding=\"async\" class=\"size-medium wp-image-358147 alignleft\" src=\"https:\/\/www.radiopiu.net\/wordpress\/wp-content\/uploads\/2023\/10\/Senza-nome-60-300x167.png\" alt=\"\" width=\"300\" height=\"167\" srcset=\"https:\/\/www.radiopiu.net\/wordpress\/wp-content\/uploads\/2023\/10\/Senza-nome-60-300x167.png 300w, https:\/\/www.radiopiu.net\/wordpress\/wp-content\/uploads\/2023\/10\/Senza-nome-60-1024x570.png 1024w, https:\/\/www.radiopiu.net\/wordpress\/wp-content\/uploads\/2023\/10\/Senza-nome-60-768x427.png 768w, https:\/\/www.radiopiu.net\/wordpress\/wp-content\/uploads\/2023\/10\/Senza-nome-60.png 1143w\" sizes=\"auto, (max-width: 300px) 100vw, 300px\" \/><\/a>SEDICO<\/p>\n<p>DI DANIELE DALVIT<\/p>\n<audio class=\"wp-audio-shortcode\" id=\"audio-358038-2\" preload=\"none\" style=\"width: 100%;\" controls=\"controls\"><source type=\"audio\/mpeg\" src=\"https:\/\/www.radiopiu.net\/wordpress\/wp-content\/uploads\/2023\/10\/Radio-Piu-Servizio-Campi-sintetico-Sedico.mp3?_=2\" \/><a href=\"https:\/\/www.radiopiu.net\/wordpress\/wp-content\/uploads\/2023\/10\/Radio-Piu-Servizio-Campi-sintetico-Sedico.mp3\">https:\/\/www.radiopiu.net\/wordpress\/wp-content\/uploads\/2023\/10\/Radio-Piu-Servizio-Campi-sintetico-Sedico.mp3<\/a><\/audio>\n<p>&nbsp;<\/p>\n<hr \/>\n<p>&nbsp;<\/p>\n<blockquote>\n<h3>UNA FIABA INIZIATA SETTE ANNI FA SULL&#8217;USCIO DI CASA<\/h3>\n<\/blockquote>\n<p><img loading=\"lazy\" decoding=\"async\" class=\"alignleft\" src=\"https:\/\/www.radiopiu.net\/wordpress\/wp-content\/uploads\/2023\/10\/9e43c127-4692-40d4-8f18-ee10c6224ca8-300x300.jpg\" width=\"182\" height=\"182\" \/><strong>SAN TOMASO<\/strong><\/p>\n<p><strong>DI LUISA MANFROI<\/strong><\/p>\n<audio class=\"wp-audio-shortcode\" id=\"audio-358038-3\" preload=\"none\" style=\"width: 100%;\" controls=\"controls\"><source type=\"audio\/mpeg\" src=\"https:\/\/www.radiopiu.net\/wordpress\/wp-content\/uploads\/2023\/10\/LUIS-MANFROI.mp3?_=3\" \/><a href=\"https:\/\/www.radiopiu.net\/wordpress\/wp-content\/uploads\/2023\/10\/LUIS-MANFROI.mp3\">https:\/\/www.radiopiu.net\/wordpress\/wp-content\/uploads\/2023\/10\/LUIS-MANFROI.mp3<\/a><\/audio>\n<p>&nbsp;<\/p>\n<p>&nbsp;<\/p>\n<hr \/>\n<p>&nbsp;<\/p>\n<blockquote>\n<h3>UN BENVENUTO AI BERSAGLIERI NELLA PROTEZIONE CIVILE<\/h3>\n<\/blockquote>\n<p><strong><a class=\"dt-pswp-item\" href=\"https:\/\/www.radiopiu.net\/wordpress\/wp-content\/uploads\/2023\/10\/fanfara-1.jpg\" data-dt-img-description=\"\" data-large_image_width=\"1800\" data-large_image_height=\"1350\"><img loading=\"lazy\" decoding=\"async\" class=\" wp-image-357968 alignleft\" src=\"https:\/\/www.radiopiu.net\/wordpress\/wp-content\/uploads\/2023\/10\/fanfara-1-300x225.jpg\" alt=\"\" width=\"143\" height=\"107\" srcset=\"https:\/\/www.radiopiu.net\/wordpress\/wp-content\/uploads\/2023\/10\/fanfara-1-300x225.jpg 300w, https:\/\/www.radiopiu.net\/wordpress\/wp-content\/uploads\/2023\/10\/fanfara-1-1024x768.jpg 1024w, https:\/\/www.radiopiu.net\/wordpress\/wp-content\/uploads\/2023\/10\/fanfara-1-768x576.jpg 768w, https:\/\/www.radiopiu.net\/wordpress\/wp-content\/uploads\/2023\/10\/fanfara-1-1536x1152.jpg 1536w, https:\/\/www.radiopiu.net\/wordpress\/wp-content\/uploads\/2023\/10\/fanfara-1.jpg 1800w\" sizes=\"auto, (max-width: 143px) 100vw, 143px\" \/><\/a>VENEZIA<\/strong> Il Presidente della regione del Veneto, Luca Zaia, ha accolto con entusiasmo l&#8217;annuncio dell&#8217;Associazione Nazionale Bersaglieri riguardante la creazione di una colonna mobile nell&#8217;ambito della Protezione Civile. Questo annuncio \u00e8 stato fatto nel corso del raduno interregionale a Longarone in occasione del sessantesimo anniversario della tragedia del Vajont. Zaia ha sottolineato l&#8217;importanza di questa iniziativa e ha ricordato il contributo dei Bersaglieri e di altre istituzioni nel soccorso durante la tragedia del Vajont nel 1963.<\/p>\n<p>&nbsp;<\/p>\n<p>&nbsp;<\/p>\n<hr \/>\n<p>&nbsp;<\/p>\n<p>&nbsp;<\/p>\n<blockquote>\n<h3>PALAZZO ROSSO, CRITICHE E RICHIESTE DEL PARTITO DEMOCRATICO<\/h3>\n<\/blockquote>\n<p><strong><img loading=\"lazy\" decoding=\"async\" class=\"alignleft\" src=\"https:\/\/www.radiopiu.net\/wordpress\/wp-content\/uploads\/2022\/02\/Palazzo-rosso-illuminato-1-scaled.jpg\" width=\"201\" height=\"134\" \/>BELLUNO<\/strong><\/p>\n<p><strong>DI DANIELE DALVIT<\/strong><\/p>\n<audio class=\"wp-audio-shortcode\" id=\"audio-358038-4\" preload=\"none\" style=\"width: 100%;\" controls=\"controls\"><source type=\"audio\/mpeg\" src=\"https:\/\/www.radiopiu.net\/wordpress\/wp-content\/uploads\/2023\/10\/Radio-Piu-Servizio-PD-critiche-Palazzo-Rosso.mp3?_=4\" \/><a href=\"https:\/\/www.radiopiu.net\/wordpress\/wp-content\/uploads\/2023\/10\/Radio-Piu-Servizio-PD-critiche-Palazzo-Rosso.mp3\">https:\/\/www.radiopiu.net\/wordpress\/wp-content\/uploads\/2023\/10\/Radio-Piu-Servizio-PD-critiche-Palazzo-Rosso.mp3<\/a><\/audio>\n<p>&nbsp;<\/p>\n<p>&nbsp;<\/p>\n<hr \/>\n<p>&nbsp;<\/p>\n<blockquote>\n<h3>UNA NUOVA SALA POLIFUNZIONALE AL CSA &#8220;TESTOLINI&#8221; DI LIMANA<\/h3>\n<\/blockquote>\n<p><strong><a class=\"dt-pswp-item\" href=\"https:\/\/www.radiopiu.net\/wordpress\/wp-content\/uploads\/2022\/11\/limana.png\" data-dt-img-description=\"\" data-large_image_width=\"462\" data-large_image_height=\"322\"><img loading=\"lazy\" decoding=\"async\" class=\" wp-image-304583 alignleft\" src=\"https:\/\/www.radiopiu.net\/wordpress\/wp-content\/uploads\/2022\/11\/limana-300x209.png\" alt=\"\" width=\"169\" height=\"118\" srcset=\"https:\/\/www.radiopiu.net\/wordpress\/wp-content\/uploads\/2022\/11\/limana-300x209.png 300w, https:\/\/www.radiopiu.net\/wordpress\/wp-content\/uploads\/2022\/11\/limana.png 462w\" sizes=\"auto, (max-width: 169px) 100vw, 169px\" \/><\/a>LIMANA<\/strong> La Giunta Comunale di Limana ha approvato il progetto esecutivo per l&#8217;ampliamento del Centro per i Servizi all&#8217;Anziano &#8220;Ing. C. Testolini.&#8221; Questo progetto prevede la costruzione di un nuovo ambiente di soggiorno lungo il corridoio a lato del refettorio del piano terra della struttura. Il costo totale dell&#8217;opera ammonta a 233.000\u20ac.\u00a0 La costruzione della nuova veranda dovrebbe concludersi nell&#8217;estate del 2024.<\/p>\n<p>&nbsp;<\/p>\n<p>&nbsp;<\/p>\n<p>&nbsp;<\/p>\n<hr \/>\n<p>&nbsp;<\/p>\n<blockquote>\n<h3>INAUGURATO IL NUOVO PONTE DELLE CORDE<\/h3>\n<\/blockquote>\n<p><strong>FELTRE<\/strong> Taglio del nastro\u00a0 al nuovo Ponte delle Corde, il ponte collega a sud la frazione di Villaga ed \u00e8 il rifacimento e consolidamento del vecchio ponte.<\/p>\n<h3>&#8211; Andrea Bona, Ass. ai Lavori Pubblici;<\/h3>\n<audio class=\"wp-audio-shortcode\" id=\"audio-358038-5\" preload=\"none\" style=\"width: 100%;\" controls=\"controls\"><source type=\"audio\/mpeg\" src=\"https:\/\/www.radiopiu.net\/wordpress\/wp-content\/uploads\/2023\/10\/bona-feltre.mp3?_=5\" \/><a href=\"https:\/\/www.radiopiu.net\/wordpress\/wp-content\/uploads\/2023\/10\/bona-feltre.mp3\">https:\/\/www.radiopiu.net\/wordpress\/wp-content\/uploads\/2023\/10\/bona-feltre.mp3<\/a><\/audio>\n<p>&nbsp;<\/p>\n\n\t\t\t<style type='text\/css'>\n\t\t\t\t#gallery-2 {\n\t\t\t\t\tmargin: auto;\n\t\t\t\t}\n\t\t\t\t#gallery-2 .gallery-item {\n\t\t\t\t\tfloat: left;\n\t\t\t\t\tmargin-top: 10px;\n\t\t\t\t\ttext-align: center;\n\t\t\t\t\twidth: 33%;\n\t\t\t\t}\n\t\t\t\t#gallery-2 img {\n\t\t\t\t\tborder: 2px solid #cfcfcf;\n\t\t\t\t}\n\t\t\t\t#gallery-2 .gallery-caption {\n\t\t\t\t\tmargin-left: 0;\n\t\t\t\t}\n\t\t\t\t\/* see gallery_shortcode() in wp-includes\/media.php *\/\n\t\t\t<\/style>\n\t\t<div id='gallery-2' class='dt-gallery-container gallery galleryid-358038 gallery-columns-3 gallery-size-thumbnail'><dl class='gallery-item'>\n\t\t\t\t<dt class='gallery-icon landscape'>\n\t\t\t\t\t<a class=\"rollover rollover-zoom dt-pswp-item\" title=\"62c76b37-f0df-45b3-bb71-f80e045cf378\" data-dt-img-description=\"\" data-large_image_width=\"1920\" data-large_image_height=\"1080\"href='https:\/\/www.radiopiu.net\/wordpress\/wp-content\/uploads\/2023\/10\/62c76b37-f0df-45b3-bb71-f80e045cf378.jpg'><img loading=\"lazy\" decoding=\"async\" width=\"150\" height=\"150\" src=\"https:\/\/www.radiopiu.net\/wordpress\/wp-content\/uploads\/2023\/10\/62c76b37-f0df-45b3-bb71-f80e045cf378-150x150.jpg\" class=\"attachment-thumbnail size-thumbnail\" alt=\"\" \/><\/a>\n\t\t\t\t<\/dt><\/dl><dl class='gallery-item'>\n\t\t\t\t<dt class='gallery-icon landscape'>\n\t\t\t\t\t<a class=\"rollover rollover-zoom dt-pswp-item\" title=\"931325a7-386c-41b9-8982-159fb01aaaf9\" data-dt-img-description=\"\" data-large_image_width=\"1920\" data-large_image_height=\"1080\"href='https:\/\/www.radiopiu.net\/wordpress\/wp-content\/uploads\/2023\/10\/931325a7-386c-41b9-8982-159fb01aaaf9.jpg'><img loading=\"lazy\" decoding=\"async\" width=\"150\" height=\"150\" src=\"https:\/\/www.radiopiu.net\/wordpress\/wp-content\/uploads\/2023\/10\/931325a7-386c-41b9-8982-159fb01aaaf9-150x150.jpg\" class=\"attachment-thumbnail size-thumbnail\" alt=\"\" \/><\/a>\n\t\t\t\t<\/dt><\/dl><dl class='gallery-item'>\n\t\t\t\t<dt class='gallery-icon landscape'>\n\t\t\t\t\t<a class=\"rollover rollover-zoom dt-pswp-item\" title=\"3680ccee-ec6d-4e02-8e21-2197ea155372\" data-dt-img-description=\"\" data-large_image_width=\"1920\" data-large_image_height=\"1080\"href='https:\/\/www.radiopiu.net\/wordpress\/wp-content\/uploads\/2023\/10\/3680ccee-ec6d-4e02-8e21-2197ea155372.jpg'><img loading=\"lazy\" decoding=\"async\" width=\"150\" height=\"150\" src=\"https:\/\/www.radiopiu.net\/wordpress\/wp-content\/uploads\/2023\/10\/3680ccee-ec6d-4e02-8e21-2197ea155372-150x150.jpg\" class=\"attachment-thumbnail size-thumbnail\" alt=\"\" \/><\/a>\n\t\t\t\t<\/dt><\/dl><br style=\"clear: both\" \/>\n\t\t\t<\/div>\n\n<p>&nbsp;<\/p>\n<h3>&#8211; Davide Da Rold, Responsabile Serv. Viabilit\u00e0 e strade del Comune di Feltre<\/h3>\n<audio class=\"wp-audio-shortcode\" id=\"audio-358038-6\" preload=\"none\" style=\"width: 100%;\" controls=\"controls\"><source type=\"audio\/mpeg\" src=\"https:\/\/www.radiopiu.net\/wordpress\/wp-content\/uploads\/2023\/10\/da-rold.mp3?_=6\" \/><a href=\"https:\/\/www.radiopiu.net\/wordpress\/wp-content\/uploads\/2023\/10\/da-rold.mp3\">https:\/\/www.radiopiu.net\/wordpress\/wp-content\/uploads\/2023\/10\/da-rold.mp3<\/a><\/audio>\n<p>&nbsp;<\/p>\n<p>&nbsp;<\/p>\n<hr \/>\n<p>&nbsp;<\/p>\n<blockquote>\n<h3>IL GRAZIE DEL SINDACO<\/h3>\n<\/blockquote>\n<p><strong>DALLA RASSEGNA STAMPA DELLE OTTO<\/strong><\/p>\n<p><strong>AUDIO<\/strong><\/p>\n<p><strong>INTERVENTO DI MAURO SOPPELSA, SINDACO DI CENCENIGHE<\/strong><\/p>\n<audio class=\"wp-audio-shortcode\" id=\"audio-358038-7\" preload=\"none\" style=\"width: 100%;\" controls=\"controls\"><source type=\"audio\/mpeg\" src=\"https:\/\/www.radiopiu.net\/wordpress\/wp-content\/uploads\/2023\/10\/mauro-soppelsa.mp3?_=7\" \/><a href=\"https:\/\/www.radiopiu.net\/wordpress\/wp-content\/uploads\/2023\/10\/mauro-soppelsa.mp3\">https:\/\/www.radiopiu.net\/wordpress\/wp-content\/uploads\/2023\/10\/mauro-soppelsa.mp3<\/a><\/audio>\n\n\t\t\t<style type='text\/css'>\n\t\t\t\t#gallery-3 {\n\t\t\t\t\tmargin: auto;\n\t\t\t\t}\n\t\t\t\t#gallery-3 .gallery-item {\n\t\t\t\t\tfloat: left;\n\t\t\t\t\tmargin-top: 10px;\n\t\t\t\t\ttext-align: center;\n\t\t\t\t\twidth: 20%;\n\t\t\t\t}\n\t\t\t\t#gallery-3 img {\n\t\t\t\t\tborder: 2px solid #cfcfcf;\n\t\t\t\t}\n\t\t\t\t#gallery-3 .gallery-caption {\n\t\t\t\t\tmargin-left: 0;\n\t\t\t\t}\n\t\t\t\t\/* see gallery_shortcode() in wp-includes\/media.php *\/\n\t\t\t<\/style>\n\t\t<div id='gallery-3' class='dt-gallery-container gallery galleryid-358038 gallery-columns-5 gallery-size-thumbnail'><dl class='gallery-item'>\n\t\t\t\t<dt class='gallery-icon landscape'>\n\t\t\t\t\t<a class=\"rollover\" href='https:\/\/www.radiopiu.net\/wordpress\/elezioni-comunali-ununica-lista-a-cencenighe-con-mauro-soppelsa-candidato-sindaco\/mauro-soppelsa-2\/'><img loading=\"lazy\" decoding=\"async\" width=\"150\" height=\"150\" src=\"https:\/\/www.radiopiu.net\/wordpress\/wp-content\/uploads\/2023\/04\/mauro-soppelsa-150x150.jpeg\" class=\"attachment-thumbnail size-thumbnail\" alt=\"\" \/><\/a>\n\t\t\t\t<\/dt><\/dl><dl class='gallery-item'>\n\t\t\t\t<dt class='gallery-icon landscape'>\n\t\t\t\t\t<a class=\"rollover\" href='https:\/\/www.radiopiu.net\/wordpress\/giornale-radiopiu-23-ottobre-2023-direttore-mirko-mezzacasada-40-anni-25-giugno-1983-25-giugno-2023\/392939240_291266150497901_522885941929082017_n\/'><img loading=\"lazy\" decoding=\"async\" width=\"150\" height=\"150\" src=\"https:\/\/www.radiopiu.net\/wordpress\/wp-content\/uploads\/2023\/10\/392939240_291266150497901_522885941929082017_n-150x150.jpg\" class=\"attachment-thumbnail size-thumbnail\" alt=\"\" \/><\/a>\n\t\t\t\t<\/dt><\/dl><dl class='gallery-item'>\n\t\t\t\t<dt class='gallery-icon landscape'>\n\t\t\t\t\t<a class=\"rollover\" href='https:\/\/www.radiopiu.net\/wordpress\/sopra-cencenighe-volontari-al-lavoro-saccende-la-stella\/85fb42b7-a45b-48d7-92b6-320597f50e27\/'><img loading=\"lazy\" decoding=\"async\" width=\"150\" height=\"150\" src=\"https:\/\/www.radiopiu.net\/wordpress\/wp-content\/uploads\/2023\/10\/85fb42b7-a45b-48d7-92b6-320597f50e27-150x150.jpg\" class=\"attachment-thumbnail size-thumbnail\" alt=\"\" \/><\/a>\n\t\t\t\t<\/dt><\/dl><dl class='gallery-item'>\n\t\t\t\t<dt class='gallery-icon landscape'>\n\t\t\t\t\t<a class=\"rollover\" href='https:\/\/www.radiopiu.net\/wordpress\/sopra-cencenighe-volontari-al-lavoro-saccende-la-stella\/d4eb1893-2b49-4c5a-ab17-a57817f74a7e\/'><img loading=\"lazy\" decoding=\"async\" width=\"150\" height=\"150\" src=\"https:\/\/www.radiopiu.net\/wordpress\/wp-content\/uploads\/2023\/10\/d4eb1893-2b49-4c5a-ab17-a57817f74a7e-150x150.jpg\" class=\"attachment-thumbnail size-thumbnail\" alt=\"\" \/><\/a>\n\t\t\t\t<\/dt><\/dl><dl class='gallery-item'>\n\t\t\t\t<dt class='gallery-icon portrait'>\n\t\t\t\t\t<a class=\"rollover\" href='https:\/\/www.radiopiu.net\/wordpress\/giornale-radiopiu-23-ottobre-2023-direttore-mirko-mezzacasada-40-anni-25-giugno-1983-25-giugno-2023\/38eeea15-ac5b-4378-a532-796231fef546\/'><img loading=\"lazy\" decoding=\"async\" width=\"150\" height=\"150\" src=\"https:\/\/www.radiopiu.net\/wordpress\/wp-content\/uploads\/2023\/10\/38eeea15-ac5b-4378-a532-796231fef546-150x150.jpg\" class=\"attachment-thumbnail size-thumbnail\" alt=\"\" \/><\/a>\n\t\t\t\t<\/dt><\/dl><br style=\"clear: both\" \/>\n\t\t\t<\/div>\n\n<p>&nbsp;<\/p>\n<p>&nbsp;<\/p>\n<hr \/>\n<p>&nbsp;<\/p>\n<p>&nbsp;<\/p>\n<blockquote>\n<h3><a class=\"dt-pswp-item\" href=\"https:\/\/www.radiopiu.net\/wordpress\/wp-content\/uploads\/2023\/10\/Senza-nome-56.png\" data-dt-img-description=\"\" data-large_image_width=\"435\" data-large_image_height=\"311\"><img loading=\"lazy\" decoding=\"async\" class=\"size-medium wp-image-358102 alignleft\" src=\"https:\/\/www.radiopiu.net\/wordpress\/wp-content\/uploads\/2023\/10\/Senza-nome-56-300x214.png\" alt=\"\" width=\"300\" height=\"214\" srcset=\"https:\/\/www.radiopiu.net\/wordpress\/wp-content\/uploads\/2023\/10\/Senza-nome-56-300x214.png 300w, https:\/\/www.radiopiu.net\/wordpress\/wp-content\/uploads\/2023\/10\/Senza-nome-56.png 435w\" sizes=\"auto, (max-width: 300px) 100vw, 300px\" \/><\/a>AD AGORDO, IL CONVEGNO &#8220;\u201cValorizzazione e fruizione del patrimonio geologico, naturale e storico-culturale del territorio montano\u201d<\/h3>\n<\/blockquote>\n<p><strong>AGORDO\u00a0<\/strong> L\u2019Associazione Italiana di Geologia e Turismo, in collaborazione con l\u2019Ordine dei geologi della regione del Veneto, ha festeggiato i suoi 20 anni di attivit\u00e0 organizzando un convegno ad Agordo.\u00a0 Il convegno\u00a0 ha voluto costituire il punto di partenza per un confronto sulle problematiche legate alla fruizione dell\u2019ambiente montano, ma anche un punto di incontro relativamente ai differenti approcci di valorizzazione del Patrimonio UNESCO, nonch\u00e9 la proposta di utilizzare gli elementi legati alla vocazione mineraria di un territorio come chiave di lettura per scoprire ed interpretare il territorio attraverso geodiversit\u00e0, biodiversit\u00e0, cultura, tradizioni, profumi e sapori. E\u2019 prevista la pubblicazione dei contributi scientifici su un numero speciale di rivista dedicato all\u2019evento<\/p>\n<p>&nbsp;<\/p>\n<hr \/>\n<p>&nbsp;<\/p>\n<div class=\"page-title-head hgroup\">\n<blockquote>\n<h3 class=\"entry-title\">VENETO \u2013 SS 51 \u201cALEMAGNA\u201d VARO CAVALCAFERROVIA LONGARONE VIDEO<\/h3>\n<\/blockquote>\n<\/div>\n<div class=\"page-title-breadcrumbs\">\n<p>Ecco le operazioni di varo, effettuate in orario notturno, del nuovo cavalcaferrovia della strada statale 51 \u201cAlemagna\u201d a Longarone. La fase dei lavori rientra nell\u2019ambito degli interventi di realizzazione della nuova pista ciclabile e di allargamento della sede stradale nei pressi di Castellavazzo: piano che innalzer\u00e0 il livello di sicurezza della statale, favorendo i flussi di traffico ed innalzando il confort di guida e la mobilit\u00e0 sostenibile. Durante i lavori, a luglio dello scorso anno, sono state portate in luce\u00a0sepolture\u00a0romane,\u00a0 riferibili ad un ambito di necropoli\u00a0gi\u00e0 testimoniato\u00a0da ritrovamenti effettuati in passato oggetto di indagini archeologica da parte degli esperti e con la direzione della Soprintendenza\u00a0Archeologia, Belle Arti e Paesaggio per l\u2019area metropolitana di Venezia e le province di Belluno,\u00a0Padova\u00a0e Treviso.<\/p>\n<p>&nbsp;<\/p>\n<p><iframe loading=\"lazy\" title=\"VID 20231020 WA0010\" width=\"1200\" height=\"675\" src=\"https:\/\/www.youtube.com\/embed\/BLZngv2P6jw?feature=oembed\" frameborder=\"0\" allow=\"accelerometer; autoplay; clipboard-write; encrypted-media; gyroscope; picture-in-picture; web-share\" allowfullscreen><\/iframe><\/p>\n<p>&nbsp;<\/p>\n<hr \/>\n<p>&nbsp;<\/p>\n<p>&nbsp;<\/p>\n<blockquote>\n<h3>LA MOSTRA \u201cEVOLUTION. STORIE DI CAMBIAMENTO\u201d CHIUDE TOTALIZZANDO OLTRE 10MILA VISITATORI<\/h3>\n<h3><strong style=\"font-size: 14px;\">SELVA DI CADORE\u00a0<\/strong><\/h3>\n<\/blockquote>\n<p><strong>DI GIANNI SANTOMASO\u00a0<\/strong><\/p>\n<audio class=\"wp-audio-shortcode\" id=\"audio-358038-8\" preload=\"none\" style=\"width: 100%;\" controls=\"controls\"><source type=\"audio\/mpeg\" src=\"https:\/\/www.radiopiu.net\/wordpress\/wp-content\/uploads\/2023\/10\/MUSEO-CAZZETTA-GIANNI.mp3?_=8\" \/><a href=\"https:\/\/www.radiopiu.net\/wordpress\/wp-content\/uploads\/2023\/10\/MUSEO-CAZZETTA-GIANNI.mp3\">https:\/\/www.radiopiu.net\/wordpress\/wp-content\/uploads\/2023\/10\/MUSEO-CAZZETTA-GIANNI.mp3<\/a><\/audio>\n<p>&nbsp;<\/p>\n\n\t\t\t<style type='text\/css'>\n\t\t\t\t#gallery-4 {\n\t\t\t\t\tmargin: auto;\n\t\t\t\t}\n\t\t\t\t#gallery-4 .gallery-item {\n\t\t\t\t\tfloat: left;\n\t\t\t\t\tmargin-top: 10px;\n\t\t\t\t\ttext-align: center;\n\t\t\t\t\twidth: 50%;\n\t\t\t\t}\n\t\t\t\t#gallery-4 img {\n\t\t\t\t\tborder: 2px solid #cfcfcf;\n\t\t\t\t}\n\t\t\t\t#gallery-4 .gallery-caption {\n\t\t\t\t\tmargin-left: 0;\n\t\t\t\t}\n\t\t\t\t\/* see gallery_shortcode() in wp-includes\/media.php *\/\n\t\t\t<\/style>\n\t\t<div id='gallery-4' class='dt-gallery-container gallery galleryid-358038 gallery-columns-2 gallery-size-medium'><dl class='gallery-item'>\n\t\t\t\t<dt class='gallery-icon landscape'>\n\t\t\t\t\t<a class=\"rollover rollover-zoom dt-pswp-item\" title=\"IMG-20230707-WA0003\" data-dt-img-description=\"\" data-large_image_width=\"1600\" data-large_image_height=\"1071\"href='https:\/\/www.radiopiu.net\/wordpress\/wp-content\/uploads\/2023\/10\/IMG-20230707-WA0003.jpg'><img loading=\"lazy\" decoding=\"async\" width=\"300\" height=\"201\" src=\"https:\/\/www.radiopiu.net\/wordpress\/wp-content\/uploads\/2023\/10\/IMG-20230707-WA0003-300x201.jpg\" class=\"attachment-medium size-medium\" alt=\"\" srcset=\"https:\/\/www.radiopiu.net\/wordpress\/wp-content\/uploads\/2023\/10\/IMG-20230707-WA0003-300x201.jpg 300w, https:\/\/www.radiopiu.net\/wordpress\/wp-content\/uploads\/2023\/10\/IMG-20230707-WA0003-1024x685.jpg 1024w, https:\/\/www.radiopiu.net\/wordpress\/wp-content\/uploads\/2023\/10\/IMG-20230707-WA0003-768x514.jpg 768w, https:\/\/www.radiopiu.net\/wordpress\/wp-content\/uploads\/2023\/10\/IMG-20230707-WA0003-1536x1028.jpg 1536w, https:\/\/www.radiopiu.net\/wordpress\/wp-content\/uploads\/2023\/10\/IMG-20230707-WA0003.jpg 1600w\" sizes=\"auto, (max-width: 300px) 100vw, 300px\" \/><\/a>\n\t\t\t\t<\/dt><\/dl><dl class='gallery-item'>\n\t\t\t\t<dt class='gallery-icon landscape'>\n\t\t\t\t\t<a class=\"rollover rollover-zoom dt-pswp-item\" title=\"IMG-20230707-WA0004\" data-dt-img-description=\"\" data-large_image_width=\"1600\" data-large_image_height=\"1197\"href='https:\/\/www.radiopiu.net\/wordpress\/wp-content\/uploads\/2023\/10\/IMG-20230707-WA0004.jpg'><img loading=\"lazy\" decoding=\"async\" width=\"300\" height=\"224\" src=\"https:\/\/www.radiopiu.net\/wordpress\/wp-content\/uploads\/2023\/10\/IMG-20230707-WA0004-300x224.jpg\" class=\"attachment-medium size-medium\" alt=\"\" srcset=\"https:\/\/www.radiopiu.net\/wordpress\/wp-content\/uploads\/2023\/10\/IMG-20230707-WA0004-300x224.jpg 300w, https:\/\/www.radiopiu.net\/wordpress\/wp-content\/uploads\/2023\/10\/IMG-20230707-WA0004-1024x766.jpg 1024w, https:\/\/www.radiopiu.net\/wordpress\/wp-content\/uploads\/2023\/10\/IMG-20230707-WA0004-768x575.jpg 768w, https:\/\/www.radiopiu.net\/wordpress\/wp-content\/uploads\/2023\/10\/IMG-20230707-WA0004-1536x1149.jpg 1536w, https:\/\/www.radiopiu.net\/wordpress\/wp-content\/uploads\/2023\/10\/IMG-20230707-WA0004.jpg 1600w\" sizes=\"auto, (max-width: 300px) 100vw, 300px\" \/><\/a>\n\t\t\t\t<\/dt><\/dl><br style=\"clear: both\" \/>\n\t\t\t<\/div>\n\n<p>&nbsp;<\/p>\n<p>&nbsp;<\/p>\n<p>&nbsp;<\/p>\n<hr \/>\n<p>&nbsp;<\/p>\n<p>&nbsp;<\/p>\n<blockquote>\n<h3><a class=\"dt-pswp-item\" href=\"https:\/\/www.radiopiu.net\/wordpress\/wp-content\/uploads\/2023\/10\/Senza-nome-61.png\" data-dt-img-description=\"\" data-large_image_width=\"578\" data-large_image_height=\"321\"><img loading=\"lazy\" decoding=\"async\" class=\" wp-image-358173 alignleft\" src=\"https:\/\/www.radiopiu.net\/wordpress\/wp-content\/uploads\/2023\/10\/Senza-nome-61-300x167.png\" alt=\"\" width=\"262\" height=\"146\" srcset=\"https:\/\/www.radiopiu.net\/wordpress\/wp-content\/uploads\/2023\/10\/Senza-nome-61-300x167.png 300w, https:\/\/www.radiopiu.net\/wordpress\/wp-content\/uploads\/2023\/10\/Senza-nome-61.png 578w\" sizes=\"auto, (max-width: 262px) 100vw, 262px\" \/><\/a>TAIBON RICORDA GERARDI CONEDERA, IL PRETE DEI POVERI<\/h3>\n<\/blockquote>\n<p>TAIBON<\/p>\n<p><strong>DI GIANNI SANTOMASO\u00a0<\/strong><\/p>\n<audio class=\"wp-audio-shortcode\" id=\"audio-358038-9\" preload=\"none\" style=\"width: 100%;\" controls=\"controls\"><source type=\"audio\/mpeg\" src=\"https:\/\/www.radiopiu.net\/wordpress\/wp-content\/uploads\/2023\/10\/GHERARDI-CONEDERA-GIANNI.mp3?_=9\" \/><a href=\"https:\/\/www.radiopiu.net\/wordpress\/wp-content\/uploads\/2023\/10\/GHERARDI-CONEDERA-GIANNI.mp3\">https:\/\/www.radiopiu.net\/wordpress\/wp-content\/uploads\/2023\/10\/GHERARDI-CONEDERA-GIANNI.mp3<\/a><\/audio>\n<p>&nbsp;<\/p>\n<\/div>\n<p>&nbsp;<\/p>\n<hr \/>\n<p>&nbsp;<\/p>\n<blockquote>\n<h3>TORNA PROTAGONISTA L&#8217;ACQUA IN ALPAGO CON CHIES E LE SUE MONTAGNE<\/h3>\n<\/blockquote>\n<p><strong>ALPAGO<\/strong> Il 27 ottobre a Chies e le sue montagne si terr\u00e0 una tavola rotonda dal titolo &#8220;L&#8217;acqua \u00e8 una risorsa per tutti o delle Comunit\u00e0 locali?&#8221; con la partecipazione dell&#8217;avvocato Elisa Tomasella, il presidente delle ASUC trentine Robert Brugger e l&#8217;ingegnere Giuseppe Romanello, direttore del Consiglio del bacini idrico &#8220;Dolomiti&#8221;. Durante la giornata ci saranno diverse iniziative, tra cui una visita alla diga del Vajont,\u00a0 alla galleria drenante del Monte Teverone, e uno spettacolo musicale e poetico intitolato &#8220;Acqua Fonte di Vita.&#8221; Recentemente, la rassegna itinerante di Chies e le sue montagne ha organizzato una messa in vetta sulla Forcella Valgrande per celebrare un gemellaggio storico e una serata sulla montagna come habitat privilegiato nel contesto dei cambiamenti climatici, con la partecipazione del noto climatologo Luca Mercalli.<\/p>\n\n\t\t\t<style type='text\/css'>\n\t\t\t\t#gallery-5 {\n\t\t\t\t\tmargin: auto;\n\t\t\t\t}\n\t\t\t\t#gallery-5 .gallery-item {\n\t\t\t\t\tfloat: left;\n\t\t\t\t\tmargin-top: 10px;\n\t\t\t\t\ttext-align: center;\n\t\t\t\t\twidth: 16%;\n\t\t\t\t}\n\t\t\t\t#gallery-5 img {\n\t\t\t\t\tborder: 2px solid #cfcfcf;\n\t\t\t\t}\n\t\t\t\t#gallery-5 .gallery-caption {\n\t\t\t\t\tmargin-left: 0;\n\t\t\t\t}\n\t\t\t\t\/* see gallery_shortcode() in wp-includes\/media.php *\/\n\t\t\t<\/style>\n\t\t<div id='gallery-5' class='dt-gallery-container gallery galleryid-358038 gallery-columns-6 gallery-size-thumbnail'><dl class='gallery-item'>\n\t\t\t\t<dt class='gallery-icon landscape'>\n\t\t\t\t\t<a class=\"rollover rollover-zoom dt-pswp-item\" title=\"IMG-20231023-WA0006\" data-dt-img-description=\"\" data-large_image_width=\"1024\" data-large_image_height=\"768\"href='https:\/\/www.radiopiu.net\/wordpress\/wp-content\/uploads\/2023\/10\/IMG-20231023-WA0006.jpg'><img loading=\"lazy\" decoding=\"async\" width=\"150\" height=\"150\" src=\"https:\/\/www.radiopiu.net\/wordpress\/wp-content\/uploads\/2023\/10\/IMG-20231023-WA0006-150x150.jpg\" class=\"attachment-thumbnail size-thumbnail\" alt=\"\" \/><\/a>\n\t\t\t\t<\/dt><\/dl><dl class='gallery-item'>\n\t\t\t\t<dt class='gallery-icon landscape'>\n\t\t\t\t\t<a class=\"rollover rollover-zoom dt-pswp-item\" title=\"IMG-20231023-WA0005\" data-dt-img-description=\"\" data-large_image_width=\"1024\" data-large_image_height=\"768\"href='https:\/\/www.radiopiu.net\/wordpress\/wp-content\/uploads\/2023\/10\/IMG-20231023-WA0005.jpg'><img loading=\"lazy\" decoding=\"async\" width=\"150\" height=\"150\" src=\"https:\/\/www.radiopiu.net\/wordpress\/wp-content\/uploads\/2023\/10\/IMG-20231023-WA0005-150x150.jpg\" class=\"attachment-thumbnail size-thumbnail\" alt=\"\" \/><\/a>\n\t\t\t\t<\/dt><\/dl><dl class='gallery-item'>\n\t\t\t\t<dt class='gallery-icon landscape'>\n\t\t\t\t\t<a class=\"rollover rollover-zoom dt-pswp-item\" title=\"Visita galleria drenante Monte Teverone\" data-dt-img-description=\"\" data-large_image_width=\"2560\" data-large_image_height=\"1812\"href='https:\/\/www.radiopiu.net\/wordpress\/wp-content\/uploads\/2023\/10\/Visita-galleria-drenante-Monte-Teverone-scaled.jpg'><img loading=\"lazy\" decoding=\"async\" width=\"150\" height=\"150\" src=\"https:\/\/www.radiopiu.net\/wordpress\/wp-content\/uploads\/2023\/10\/Visita-galleria-drenante-Monte-Teverone-150x150.jpg\" class=\"attachment-thumbnail size-thumbnail\" alt=\"\" \/><\/a>\n\t\t\t\t<\/dt><\/dl><dl class='gallery-item'>\n\t\t\t\t<dt class='gallery-icon landscape'>\n\t\t\t\t\t<a class=\"rollover rollover-zoom dt-pswp-item\" title=\"Visita galleria drenante Monte Teverone esterno\" data-dt-img-description=\"\" data-large_image_width=\"2560\" data-large_image_height=\"1567\"href='https:\/\/www.radiopiu.net\/wordpress\/wp-content\/uploads\/2023\/10\/Visita-galleria-drenante-Monte-Teverone-esterno-scaled.jpg'><img loading=\"lazy\" decoding=\"async\" width=\"150\" height=\"150\" src=\"https:\/\/www.radiopiu.net\/wordpress\/wp-content\/uploads\/2023\/10\/Visita-galleria-drenante-Monte-Teverone-esterno-150x150.jpg\" class=\"attachment-thumbnail size-thumbnail\" alt=\"\" \/><\/a>\n\t\t\t\t<\/dt><\/dl><dl class='gallery-item'>\n\t\t\t\t<dt class='gallery-icon portrait'>\n\t\t\t\t\t<a class=\"rollover rollover-zoom dt-pswp-item\" title=\"Visita diga Vajont\" data-dt-img-description=\"\" data-large_image_width=\"2274\" data-large_image_height=\"2560\"href='https:\/\/www.radiopiu.net\/wordpress\/wp-content\/uploads\/2023\/10\/Visita-diga-Vajont-scaled.jpg'><img loading=\"lazy\" decoding=\"async\" width=\"150\" height=\"150\" src=\"https:\/\/www.radiopiu.net\/wordpress\/wp-content\/uploads\/2023\/10\/Visita-diga-Vajont-150x150.jpg\" class=\"attachment-thumbnail size-thumbnail\" alt=\"\" \/><\/a>\n\t\t\t\t<\/dt><\/dl><dl class='gallery-item'>\n\t\t\t\t<dt class='gallery-icon landscape'>\n\t\t\t\t\t<a class=\"rollover rollover-zoom dt-pswp-item\" title=\"arrivo\" data-dt-img-description=\"\" data-large_image_width=\"2134\" data-large_image_height=\"1507\"href='https:\/\/www.radiopiu.net\/wordpress\/wp-content\/uploads\/2023\/10\/arrivo.jpg'><img loading=\"lazy\" decoding=\"async\" width=\"150\" height=\"150\" src=\"https:\/\/www.radiopiu.net\/wordpress\/wp-content\/uploads\/2023\/10\/arrivo-150x150.jpg\" class=\"attachment-thumbnail size-thumbnail\" alt=\"\" \/><\/a>\n\t\t\t\t<\/dt><\/dl><br style=\"clear: both\" \/>\n\t\t\t<\/div>\n\n<p>&nbsp;<\/p>\n<hr \/>\n<p>&nbsp;<\/p>\n<blockquote>\n<h3>UNA DELEGAZIONE GUIDATA DAL PRESIDENTE ABM IN VISITA IN SUD AMERICA<\/h3>\n<\/blockquote>\n<p><strong><a class=\"dt-pswp-item\" href=\"https:\/\/www.radiopiu.net\/wordpress\/wp-content\/uploads\/2023\/10\/messico_abm1.jpg\" data-dt-img-description=\"\" data-large_image_width=\"1440\" data-large_image_height=\"810\"><img loading=\"lazy\" decoding=\"async\" class=\" wp-image-358085 alignleft\" src=\"https:\/\/www.radiopiu.net\/wordpress\/wp-content\/uploads\/2023\/10\/messico_abm1-300x169.jpg\" alt=\"\" width=\"225\" height=\"127\" srcset=\"https:\/\/www.radiopiu.net\/wordpress\/wp-content\/uploads\/2023\/10\/messico_abm1-300x169.jpg 300w, https:\/\/www.radiopiu.net\/wordpress\/wp-content\/uploads\/2023\/10\/messico_abm1-1024x576.jpg 1024w, https:\/\/www.radiopiu.net\/wordpress\/wp-content\/uploads\/2023\/10\/messico_abm1-768x432.jpg 768w, https:\/\/www.radiopiu.net\/wordpress\/wp-content\/uploads\/2023\/10\/messico_abm1.jpg 1440w\" sizes=\"auto, (max-width: 225px) 100vw, 225px\" \/><\/a>BELLUNO<\/strong> Da luned\u00ec 16 ottobre a luned\u00ec 30 ottobre, una delegazione italiana, con particolare attenzione alla presenza bellunese, ha intrapreso un emozionante viaggio attraverso tre nazioni dell&#8217;America Latina: il Messico, il Per\u00f9 e il Brasile. Questa straordinaria avventura \u00e8 pensata per rafforzare i legami tra le comunit\u00e0 italiane all&#8217;estero e per riscoprire le radici culturali e storiche che collegano queste terre all&#8217;Italia. A guidare la comitiva Oscar De Bona, presidente dell&#8217;Unione Nazionale Associazioni Immigrati ed Emigrati.<\/p>\n<p>&nbsp;<\/p>\n<p>&nbsp;<\/p>\n<p>&nbsp;<\/p>\n<hr \/>\n<p><strong>\u00a0<\/strong><\/p>\n<p><strong>\u00a0<\/strong><\/p>\n<blockquote>\n<h1><strong><a class=\"dt-pswp-item\" href=\"https:\/\/www.radiopiu.net\/wordpress\/wp-content\/uploads\/2023\/10\/WhatsApp-Image-2023-10-23-at-18.43.15.jpeg\" data-dt-img-description=\"\" data-large_image_width=\"2048\" data-large_image_height=\"1943\"><img loading=\"lazy\" decoding=\"async\" class=\" wp-image-358153 alignleft\" src=\"https:\/\/www.radiopiu.net\/wordpress\/wp-content\/uploads\/2023\/10\/WhatsApp-Image-2023-10-23-at-18.43.15-300x285.jpeg\" alt=\"\" width=\"233\" height=\"221\" srcset=\"https:\/\/www.radiopiu.net\/wordpress\/wp-content\/uploads\/2023\/10\/WhatsApp-Image-2023-10-23-at-18.43.15-300x285.jpeg 300w, https:\/\/www.radiopiu.net\/wordpress\/wp-content\/uploads\/2023\/10\/WhatsApp-Image-2023-10-23-at-18.43.15-1024x972.jpeg 1024w, https:\/\/www.radiopiu.net\/wordpress\/wp-content\/uploads\/2023\/10\/WhatsApp-Image-2023-10-23-at-18.43.15-768x729.jpeg 768w, https:\/\/www.radiopiu.net\/wordpress\/wp-content\/uploads\/2023\/10\/WhatsApp-Image-2023-10-23-at-18.43.15-1536x1457.jpeg 1536w, https:\/\/www.radiopiu.net\/wordpress\/wp-content\/uploads\/2023\/10\/WhatsApp-Image-2023-10-23-at-18.43.15.jpeg 2048w\" sizes=\"auto, (max-width: 233px) 100vw, 233px\" \/><\/a>Un nuovo microscopio per l\u2019Anatomia Patologica di Belluno<\/strong><\/h1>\n<\/blockquote>\n<p><strong>BELLUNO\u00a0<\/strong> L\u2019Associazione AIL &#8211; Sezione di Belluno ha donato un microscopio motorizzato a fluorescenza all\u2019Unit\u00e0 Operativa di Anatomia Patologica dell\u2019Ospedale di Belluno. Lo strumento \u00e8 stato ufficialmente inaugurato alla presenza del Commissario dell\u2019Ulss Dolomiti Giuseppe Dal Ben che ha ringraziato la Presidente AIL Carmen Mione e il Vice Presidente AIL Mauro Montico per questo gesto di generosit\u00e0 e di attenzione a servizio delle cure per i pazienti. Il microscopio vale oltre 84 mila euro. La donazione \u00e8 il frutto della campagna di raccolta fondi delle stelle di Natale e delle Uova, a cui hanno contribuito migliaia di cittadini. Da parte sua la presidente Mione ha ricordato il sostegno all\u2019Azienda da parte di AIL a favore di svariati progetti.<\/p>\n<p>&nbsp;<\/p>\n<hr \/>\n<p align=\"CENTER\"><span style=\"font-family: Arial, serif;\"><span style=\"font-size: x-large;\"><b>\u00a0<\/b><\/span><\/span><\/p>\n<p align=\"CENTER\"><span style=\"font-family: Arial, serif;\"><span style=\"font-size: x-large;\"><b>\u00a0<\/b><\/span><\/span><\/p>\n<p align=\"CENTER\"><span style=\"font-family: Arial, serif;\"><span style=\"font-size: x-large;\"><b>Cambio medico nel feltrino<\/b><\/span><\/span><\/p>\n<p align=\"JUSTIFY\"><span style=\"font-family: Calibri, serif;\"><span style=\"font-size: medium;\"><strong>FELTRE<\/strong> Il <\/span><\/span><span style=\"font-family: Calibri, serif;\"><span style=\"font-size: medium;\">31 Ottobre 2023<\/span><\/span><span style=\"font-family: Calibri, serif;\"><span style=\"font-size: medium;\"> la <\/span><\/span><span style=\"font-family: Calibri, serif;\"><span style=\"font-size: medium;\">dr.ssa Francesca Cassol <\/span><\/span><span style=\"font-family: Calibri, serif;\"><span style=\"font-size: medium;\">terminer\u00e0 il proprio incarico provvisorio di medico di assistenza primaria nell\u2019ambito territoriale dei Comuni di Alano di Piave, Feltre, Pedavena, Quero Vas e Seren del Grappa. <\/span><\/span><span style=\"color: #222222;\"><span style=\"font-family: Calibri, serif;\"><span style=\"font-size: medium;\">Gli assistiti della <\/span><\/span><\/span><span style=\"color: #222222;\"><span style=\"font-family: Calibri, serif;\"><span style=\"font-size: medium;\">dottoressa<\/span><\/span><\/span><span style=\"color: #222222;\"><span style=\"font-family: Calibri, serif;\"><span style=\"font-size: medium;\"> Cassol, per continuare a fruire dell\u2019assistenza medica in forma diretta e gratuita a carico del Servizio Sanitario Nazionale, <\/span><\/span><\/span><span style=\"color: #222222;\"><span style=\"font-family: Calibri, serif;\"><span style=\"font-size: medium;\">dovranno effettuare una nuova scelta<\/span><\/span><\/span> <span style=\"color: #222222;\"><span style=\"font-family: Calibri, serif;\"><span style=\"font-size: medium;\">tra uno dei medici di assistenza primaria con disponibilit\u00e0 di posti <\/span><\/span><\/span><span style=\"color: #222222;\"><span style=\"font-family: Calibri, serif;\"><span style=\"font-size: medium;\">nell\u2019ambito territoriale di residenza.<\/span><\/span><\/span><\/p>\n<p>&nbsp;<\/p>\n<p>&nbsp;<\/p>\n<hr \/>\n<p>&nbsp;<\/p>\n<blockquote>\n<h3>ANNUNCIO BANDO PER L\u2019ASSEGNAZIONE DI BORSE DI STUDIO COMUNALI<\/h3>\n<\/blockquote>\n<p><strong>ALLEGHE<\/strong>\u00a0 Il Comune di Alleghe\u00a0ha \u00a0pubblicato il bando per l\u2019assegnazione di borse di studio comunali agli studenti, residenti, frequentanti le scuole superiori, che hanno conseguito il diploma di maturit\u00e0 nel 2023 o laureatesi entro il mese di ottobre 2023. Il modulo di domanda si pu\u00f2 reperire all\u2019albo pretorio online, nel sito del Comune di Alleghe o richiedere direttamente all\u2019Ufficio Servizi Demografici entro il 20 dicembre<br \/>\nal 20 dicembre 2023.<\/p>\n<p>&nbsp;<\/p>\n<hr \/>\n<p>&nbsp;<\/p>\n<blockquote>\n<h3>L&#8217;ASSEMBLEA DEL GRUPPO ALPINI DI ALLEGHE<\/h3>\n<\/blockquote>\n<p><strong>ALLEGHE<\/strong> Domenica 5 novembre il Gruppo Alpini &#8220;Monte Civetta&#8221; di Alleghe si riunir\u00e0 in assemblea nella sede di Masar\u00e8. Si illustrer\u00e0 la relazione morale, l&#8217;approvazione del bilancio, il tesseramento, la previsione dei prossimi eventi e ci saranno le elezioni del consiglio direttivo. Prima dell&#8217;assemblea la Santa Messa.<\/p>\n<p>&nbsp;<\/p>\n<p>&nbsp;<\/p>\n<hr \/>\n<p>&nbsp;<\/p>\n<div class=\"page-title-head hgroup\">\n<blockquote>\n<h2>Una serata al cinema per l\u2019affido familiare<\/h2>\n<\/blockquote>\n<\/div>\n<p><strong>BELLUNO<\/strong> I Centri per l\u2019Affido e la Solidariet\u00e0 Familiare dell\u2019Ulss Dolomiti, organizzano una serata al cinema per promuovere l\u2019affido e la solidariet\u00e0 familiare.\u00a0 Mercoled\u00ec 25 ottobre 2023 alle 20.30 al Officinema di Feltre.\u00a0 Sar\u00e0 proiettato il film \u201cNata per te\u201d. Un racconto attuale sul valore dell\u2019accoglienza. La proiezione sar\u00e0 introdotta e seguita da alcuni interventi degli operatori del centro per l\u2019affido e la solidariet\u00e0 familiare dell\u2019Ulss Dolomit, partecipazione\u00a0 gratuita e aperta a tutti.<\/p>\n<p>&nbsp;<\/p>\n<p>&nbsp;<\/p>\n<hr \/>\n<p>&nbsp;<\/p>\n<blockquote>\n<h3>CONCORSO LETTERARIO &#8220;RACCONTARE L&#8217;EMIGRAZIONE VENETA&#8221;<\/h3>\n<\/blockquote>\n<p><strong>BELLUNO<\/strong> Venerd\u00ec 3 novembre \u00e8 la data ultima per partecipare alla seconda edizione del concorso letterario \u201cRaccontare l\u2019emigrazione veneta\u201d, promosso dall\u2019Associazione Bellunesi nel Mondo. Il concorso \u00e8 dedicato a racconti inediti e originali, reali o di fantasia, in lingua italiana, aventi a tema l&#8217;emigrazione veneta, storica e attuale. La partecipazione, gratuita, \u00e8 aperta a chiunque abbia almeno 16 anni. Ogni autore potr\u00e0 partecipare con un solo racconto, che dovr\u00e0 avere minimo 10 mila e massimo 25 mila battute, spazi compresi. Gli elaborati dovranno essere spediti via email a\u00a0<a class=\"moz-txt-link-abbreviated\" href=\"mailto:concorsoemigrazione@bellunesinelmondo.it\">concorsoemigrazione@bellunesinelmondo.it<\/a>.<\/p>\n<p>&nbsp;<\/p>\n<p>&nbsp;<\/p>\n<hr \/>\n<p>&nbsp;<\/p>\n<blockquote>\n<h3>UNA SERATA CON IL PARCO DOLOMITI BELLUNESI<\/h3>\n<\/blockquote>\n<p><strong><a class=\"dt-pswp-item\" href=\"https:\/\/www.radiopiu.net\/wordpress\/wp-content\/uploads\/2023\/10\/SCR-20231023-ljzl.jpeg\" data-dt-img-description=\"\" data-large_image_width=\"1118\" data-large_image_height=\"874\"><img loading=\"lazy\" decoding=\"async\" class=\" wp-image-358087 alignleft\" src=\"https:\/\/www.radiopiu.net\/wordpress\/wp-content\/uploads\/2023\/10\/SCR-20231023-ljzl-300x235.jpeg\" alt=\"\" width=\"148\" height=\"116\" srcset=\"https:\/\/www.radiopiu.net\/wordpress\/wp-content\/uploads\/2023\/10\/SCR-20231023-ljzl-300x235.jpeg 300w, https:\/\/www.radiopiu.net\/wordpress\/wp-content\/uploads\/2023\/10\/SCR-20231023-ljzl-1024x801.jpeg 1024w, https:\/\/www.radiopiu.net\/wordpress\/wp-content\/uploads\/2023\/10\/SCR-20231023-ljzl-768x600.jpeg 768w, https:\/\/www.radiopiu.net\/wordpress\/wp-content\/uploads\/2023\/10\/SCR-20231023-ljzl.jpeg 1118w\" sizes=\"auto, (max-width: 148px) 100vw, 148px\" \/><\/a>BELLUNO<\/strong> Il Parco Nazionale delle Dolomiti Bellunesi ha festeggiato il suo trentesimo compleanno con vari eventi, tra cui una serata divulgativa sulle esplorazioni speleologiche all&#8217;interno del parco. Nel corso degli ultimi tre decenni, gruppi speleologici provenienti da tutto il Veneto hanno esplorato numerose cavit\u00e0 carsiche all&#8217;interno del parco, compreso il complesso dei Piani Eterni, la pi\u00f9 estesa e profonda grotta del Veneto con oltre 40 chilometri di gallerie esplorate e una profondit\u00e0 di 1.052 metri. Queste esplorazioni, in collaborazione con universit\u00e0 italiane e straniere, hanno anche contribuito a ricostruire il clima dell&#8217;area negli ultimi 400.000 anni attraverso l&#8217;analisi di stalagmiti raccolte nelle grotte del parco. Una serata divulgativa su queste esplorazioni \u00e8 stata organizzata in collaborazione con Oltre le Vette presso Palazzo Fulcis, sede dei Musei civici di Belluno, il 28 ottobre alle 17:30.<\/p>\n<p>&nbsp;<\/p>\n<p>&nbsp;<\/p>\n<hr \/>\n<h2><\/h2>\n<div class=\"x11i5rnm xat24cr x1mh8g0r x1vvkbs xtlvy1s x126k92a\">\n<p>&nbsp;<\/p>\n<\/div>\n<h2><span style=\"color: #808000;\">PERITI MINERARI DALL\u2019AGORDINO AL MONDO<\/span><\/h2>\n<p><strong>REDAZIONE<\/strong> Continua la serie di racconti con i periti minerari agordini. Ieri la seconda puntata di una lunga intervista suddivisa in tre parti a Ivan Gaz. I racconti dei periti minerari agordini che hanno lavorato nel mondo, ogni luned\u00ec alle 10:30 e alle 19 su Radio Pi\u00f9.<\/p>\n<p><iframe loading=\"lazy\" title=\"IVAN GAZ\" width=\"1200\" height=\"675\" src=\"https:\/\/www.youtube.com\/embed\/8ZGNWmLjne0?feature=oembed\" frameborder=\"0\" allow=\"accelerometer; autoplay; clipboard-write; encrypted-media; gyroscope; picture-in-picture; web-share\" allowfullscreen><\/iframe><\/p>\n<p>&nbsp;<\/p>\n<p><strong>LA RACCOLTA COMPLETA <a href=\"https:\/\/www.radiopiu.net\/wordpress\/periti-minerari-dallagordino-al-mondo\/\">CLICCA QUI<\/a><\/strong><\/p>\n<p>&nbsp;<\/p>\n<h2><span style=\"color: #008000;\">EP CENTER CON FRANCESCO ZILLIO, LA TECNOLOGIA ALLA RADIO<\/span><\/h2>\n<p>LA DICHIARAZIONE DI RISPONDENZA, ATTUALIZZAZIONE DEI DOCUMENTI A CORREDO DELL&#8217;IMPIANTO<\/p>\n<p><iframe loading=\"lazy\" title=\"EP CENTER CON FRANCESCO ZILLIO, LA TECNOLOGIA ALLA RADIO\" width=\"1200\" height=\"675\" src=\"https:\/\/www.youtube.com\/embed\/SA6XkWrvK8g?feature=oembed\" frameborder=\"0\" allow=\"accelerometer; autoplay; clipboard-write; encrypted-media; gyroscope; picture-in-picture; web-share\" allowfullscreen><\/iframe><\/p>\n<p>&nbsp;<\/p>\n<h2><span style=\"color: #3366ff;\">SALUTE E SOCIETA&#8217;<\/span><\/h2>\n<p><a class=\"dt-pswp-item\" href=\"https:\/\/www.radiopiu.net\/wordpress\/wp-content\/uploads\/2023\/10\/2c0b4ec2-132d-6d8d-47cd-7b361259775f.jpg\" data-dt-img-description=\"Eye Doctor examinating a young patient\" data-large_image_width=\"800\" data-large_image_height=\"445\"><img loading=\"lazy\" decoding=\"async\" class=\"alignleft wp-image-358042 \" src=\"https:\/\/www.radiopiu.net\/wordpress\/wp-content\/uploads\/2023\/10\/2c0b4ec2-132d-6d8d-47cd-7b361259775f-300x167.jpg\" alt=\"\" width=\"137\" height=\"76\" srcset=\"https:\/\/www.radiopiu.net\/wordpress\/wp-content\/uploads\/2023\/10\/2c0b4ec2-132d-6d8d-47cd-7b361259775f-300x167.jpg 300w, https:\/\/www.radiopiu.net\/wordpress\/wp-content\/uploads\/2023\/10\/2c0b4ec2-132d-6d8d-47cd-7b361259775f-768x427.jpg 768w, https:\/\/www.radiopiu.net\/wordpress\/wp-content\/uploads\/2023\/10\/2c0b4ec2-132d-6d8d-47cd-7b361259775f.jpg 800w\" sizes=\"auto, (max-width: 137px) 100vw, 137px\" \/><\/a><strong>Malattie oculari <\/strong>Gli italiani mostrano scarsa attenzione verso la prevenzione delle malattie oculari. Lo dice un\u2019indagine dell\u2019Intergruppo Parlamentare per la Prevenzione e la Cura delle Malattie degli Occhi. <strong>Bandi per la ricerca <\/strong>Dai Bandi Gilead 1.6 milioni di euro assegnati a ricercatrici, ricercatori e Associazioni di pazienti di tutta Italia nell\u2019area delle malattie infettive, oncologiche e oncoematologiche.<\/p>\n<p><strong>LA PUNATAT DEL 23 OTTOBRE 2023<\/strong><\/p>\n<audio class=\"wp-audio-shortcode\" id=\"audio-358038-10\" preload=\"none\" style=\"width: 100%;\" controls=\"controls\"><source type=\"audio\/mpeg\" src=\"https:\/\/www.radiopiu.net\/wordpress\/wp-content\/uploads\/2023\/10\/SALUTE-3.mp3?_=10\" \/><a href=\"https:\/\/www.radiopiu.net\/wordpress\/wp-content\/uploads\/2023\/10\/SALUTE-3.mp3\">https:\/\/www.radiopiu.net\/wordpress\/wp-content\/uploads\/2023\/10\/SALUTE-3.mp3<\/a><\/audio>\n<p>&nbsp;<\/p>\n<p>&nbsp;<\/p>\n<h2><span style=\"color: #ff00ff;\">ALLE NOVE&#8230; lunedi OGGI COME IERI di e con SILVIA BALDO<\/span><\/h2>\n<p><img decoding=\"async\" class=\"aligncenter\" src=\"https:\/\/www.radiopiu.net\/wordpress\/wp-content\/uploads\/2023\/09\/309000774_10222572118595513_7956305457803922499_n.jpg\" \/><\/p>\n<p>&nbsp;<\/p>\n<p><strong>PUNTATA 9 23 OTTOBRE 2023<\/strong><\/p>\n<audio class=\"wp-audio-shortcode\" id=\"audio-358038-11\" preload=\"none\" style=\"width: 100%;\" controls=\"controls\"><source type=\"audio\/mpeg\" src=\"https:\/\/www.radiopiu.net\/wordpress\/wp-content\/uploads\/2023\/10\/SIBI-1.mp3?_=11\" \/><a href=\"https:\/\/www.radiopiu.net\/wordpress\/wp-content\/uploads\/2023\/10\/SIBI-1.mp3\">https:\/\/www.radiopiu.net\/wordpress\/wp-content\/uploads\/2023\/10\/SIBI-1.mp3<\/a><\/audio>\n<p>&nbsp;<\/p>\n<p><strong>LA RACCOLTA COMPLETA <a href=\"https:\/\/www.radiopiu.net\/wordpress\/alle-nove-oggi-come-ieri-di-e-con-silvia-baldo\/\">CLICCA QUI<\/a><\/strong><\/p>\n<p>&nbsp;<\/p>\n<h2><span style=\"color: #ff6600;\">I RACCONTI DI PAOLO SOPPELSA<\/span><\/h2>\n<p><strong>QUASI NOVEMBRE<\/strong><\/p>\n<p><strong>AUDIO<\/strong><\/p>\n<audio class=\"wp-audio-shortcode\" id=\"audio-358038-12\" preload=\"none\" style=\"width: 100%;\" controls=\"controls\"><source type=\"audio\/mpeg\" src=\"https:\/\/www.radiopiu.net\/wordpress\/wp-content\/uploads\/2023\/10\/PAOLOS.mp3?_=12\" \/><a href=\"https:\/\/www.radiopiu.net\/wordpress\/wp-content\/uploads\/2023\/10\/PAOLOS.mp3\">https:\/\/www.radiopiu.net\/wordpress\/wp-content\/uploads\/2023\/10\/PAOLOS.mp3<\/a><\/audio>\n<p>&nbsp;<\/p>\n<p><a class=\"dt-pswp-item\" href=\"https:\/\/www.radiopiu.net\/wordpress\/wp-content\/uploads\/2023\/10\/3e571b60-39dc-456a-b396-74b591b80160.jpg\" data-dt-img-description=\"\" data-large_image_width=\"1600\" data-large_image_height=\"1200\"><img loading=\"lazy\" decoding=\"async\" class=\" wp-image-357912 alignleft\" src=\"https:\/\/www.radiopiu.net\/wordpress\/wp-content\/uploads\/2023\/10\/3e571b60-39dc-456a-b396-74b591b80160-300x225.jpg\" alt=\"\" width=\"164\" height=\"123\" srcset=\"https:\/\/www.radiopiu.net\/wordpress\/wp-content\/uploads\/2023\/10\/3e571b60-39dc-456a-b396-74b591b80160-300x225.jpg 300w, https:\/\/www.radiopiu.net\/wordpress\/wp-content\/uploads\/2023\/10\/3e571b60-39dc-456a-b396-74b591b80160-1024x768.jpg 1024w, https:\/\/www.radiopiu.net\/wordpress\/wp-content\/uploads\/2023\/10\/3e571b60-39dc-456a-b396-74b591b80160-768x576.jpg 768w, https:\/\/www.radiopiu.net\/wordpress\/wp-content\/uploads\/2023\/10\/3e571b60-39dc-456a-b396-74b591b80160-1536x1152.jpg 1536w, https:\/\/www.radiopiu.net\/wordpress\/wp-content\/uploads\/2023\/10\/3e571b60-39dc-456a-b396-74b591b80160.jpg 1600w\" sizes=\"auto, (max-width: 164px) 100vw, 164px\" \/><\/a>Soppelsa, Manfroi, Chenet, Groppa, De Biasio e Fontanive, questi sono i cognomi delle donne e degli uomini di Cencenighe che riposano per sempre dove nasce il Pelsa. Ascoltano il canto perenne del Cordevole e ammirano il Bosc dal Forn che dopo la met\u00e0 di ottobre inizia a sfoggiare il suo abito pi\u00f9 elegante. Non ci sono lapidi antiche con impresse quelle frasi auliche e struggenti scritte in quell&#8217;italiano che purtroppo \u00e8 andato perduto; qui, nel cimitero lambito dall&#8217;acqua, vige la severa e triste data del 4 novembre 1966. Non ci sono sepolture antecedenti a quell&#8217;anno che segn\u00f2 in modo drammatico la vita della gente agordina; prima dell&#8217;alluvione, i corpi dei ritornati alla Casa del Padre venivano tumulati nel vecchio cimitero che sorgeva nei pressi dell&#8217;odierno Nof Fil\u00f2. Poi, durante quel triste 4 novembre di cinquantasette anni fa, le feroci acque del Biois sventrarono senza piet\u00e0 il camposanto. Molti di quei defunti da quel giorno riposano nelle ghiaie del Cordevole, solo qualche salma sfuggita alla furia di quell&#8217;acqua marrone trov\u00f2 riposo nel nuovo cimitero delle Vallesine. A volte passo a salutare queste Anime che riposano accanto al torrente, varco il cancello e salgo i gradoni ritrovando nomi e visi di persone che vedevo da bambino e ricordando il loro modo di camminare e di parlare. Saluto qualcuno andato avanti troppo presto e mi si stringe un po&#8217; il cuore quando vedo quelle piccole tombe sulle quali coincidono le date di nascita e morte. Al termine del mese dei colori, le tombe tirate a lucido nei giorni dei Santi e dei Morti si ricopriranno di una candida brina e saranno accarezzate dal vento teso che lambisce il fianco del Pelsa; chiss\u00e0 se in quei giorni far\u00e0 freddo come accadde tanti anni, circa alla met\u00e0 degli anni &#8217;80. In corridoio c&#8217;erano mazzi di crisantemi avvolti nella plastica trasparente e un pacco di lumini e pap\u00e0, prima di recarci aldil\u00e0 del Cordevole, mise un pezzo di carbone nella cucina economica. Faceva freddo e c&#8217;erano gi\u00e0 quattro dita di neve ad imbiancare i marmi delle lapidi. Un tempo mesto come i visi delle persone intente ad accendere quelle candele che faticavano ad ardere e a sistemare quei fiori che ondeggiavano nei vasi. Vento, nuvole e cielo da neve, scricchiolare di ghiaino gelato, sussurri in dialetto e freddo che entrava nelle ossa dei vivi e dei defunti. Oppure chiss\u00e0, forse in quei giorni ci sar\u00e0 un tempo pi\u00f9 gentile che andr\u00e0 a mitigare quella inevitabile e dolce malinconia propria dei primi giorni di novembre. Forse ci sar\u00e0 il sole del pomeriggio ad illuminare il camposanto che guarda il paese e ci sar\u00e0 un po&#8217; meno tristezza durante quel silenzioso salutare gli affetti pi\u00f9 cari. Poi, a candele consumate, il mese triste inizier\u00e0 a svelare la sua anima grigia, intrisa di sere sempre pi\u00f9 precoci e di larici sfiorenti. E poi chiss\u00e0, forse arriver\u00e0 la neve come allora, ad offrire a queste Anime che riposano ai piedi del Pelsa, la fredda quiete di un nuovo e lungo inverno di montagna.<\/p>\n<p>RACCOLTA COMPLETA\u00a0 <span style=\"color: #0000ff;\"><strong><a style=\"color: #0000ff;\" href=\"https:\/\/www.radiopiu.net\/wordpress\/i-racconti-di-paolo-soppelsa\/\">CLICCA QUI<\/a><\/strong><\/span><\/p>\n<p>&nbsp;<\/p>\n<hr \/>\n<p>&nbsp;<\/p>\n<blockquote>\n<h3>DOMENICA LA SANTA MESSA PER I CADUTI DELLA MONTAGNA<\/h3>\n<\/blockquote>\n<p>DI GIANNI SANTOMASO<\/p>\n<audio class=\"wp-audio-shortcode\" id=\"audio-358038-13\" preload=\"none\" style=\"width: 100%;\" controls=\"controls\"><source type=\"audio\/mpeg\" src=\"https:\/\/www.radiopiu.net\/wordpress\/wp-content\/uploads\/2023\/10\/MESSA-CADUTI-GIANNI.mp3?_=13\" \/><a href=\"https:\/\/www.radiopiu.net\/wordpress\/wp-content\/uploads\/2023\/10\/MESSA-CADUTI-GIANNI.mp3\">https:\/\/www.radiopiu.net\/wordpress\/wp-content\/uploads\/2023\/10\/MESSA-CADUTI-GIANNI.mp3<\/a><\/audio>\n<p>&nbsp;<\/p>\n<p><strong>AGORDO<\/strong> Domenica alle 18 nella Chiesa Arcidiaconale di Agordo torna l&#8217;appuntamento con la Santa Messa per i Caduti della Montagna. Il Coro Agordo ricorder\u00e0 quanti, a noi vicini, ora cantano assieme alle schiere celesti, sopra quelle cime, quelle valli, quei boschi che tanto hanno amato. Sar\u00e0 un momento di preghiera e di contemplazione che ci unir\u00e0, a loro, nel silenzio dell&#8217;anima e del cuore. Radio Pi\u00f9 trasmetter\u00e0 in diretta la Santa Messa. Tramite i canali social e il sito internet di Radio Pi\u00f9 la celebrazione sar\u00e0 trasmessa anche in diretta video.<\/p>\n\n\t\t\t<style type='text\/css'>\n\t\t\t\t#gallery-6 {\n\t\t\t\t\tmargin: auto;\n\t\t\t\t}\n\t\t\t\t#gallery-6 .gallery-item {\n\t\t\t\t\tfloat: left;\n\t\t\t\t\tmargin-top: 10px;\n\t\t\t\t\ttext-align: center;\n\t\t\t\t\twidth: 33%;\n\t\t\t\t}\n\t\t\t\t#gallery-6 img {\n\t\t\t\t\tborder: 2px solid #cfcfcf;\n\t\t\t\t}\n\t\t\t\t#gallery-6 .gallery-caption {\n\t\t\t\t\tmargin-left: 0;\n\t\t\t\t}\n\t\t\t\t\/* see gallery_shortcode() in wp-includes\/media.php *\/\n\t\t\t<\/style>\n\t\t<div id='gallery-6' class='dt-gallery-container gallery galleryid-358038 gallery-columns-3 gallery-size-thumbnail'><dl class='gallery-item'>\n\t\t\t\t<dt class='gallery-icon portrait'>\n\t\t\t\t\t<a class=\"rollover rollover-zoom dt-pswp-item\" title=\"MessaCadutiMontagna2023\" data-dt-img-description=\"\" data-large_image_width=\"1783\" data-large_image_height=\"2487\"href='https:\/\/www.radiopiu.net\/wordpress\/wp-content\/uploads\/2023\/10\/MessaCadutiMontagna2023.jpg'><img loading=\"lazy\" decoding=\"async\" width=\"150\" height=\"150\" src=\"https:\/\/www.radiopiu.net\/wordpress\/wp-content\/uploads\/2023\/10\/MessaCadutiMontagna2023-150x150.jpg\" class=\"attachment-thumbnail size-thumbnail\" alt=\"\" \/><\/a>\n\t\t\t\t<\/dt><\/dl><dl class='gallery-item'>\n\t\t\t\t<dt class='gallery-icon landscape'>\n\t\t\t\t\t<a class=\"rollover rollover-zoom dt-pswp-item\" title=\"CoroAgordo2\" data-dt-img-description=\"\" data-large_image_width=\"2048\" data-large_image_height=\"1152\"href='https:\/\/www.radiopiu.net\/wordpress\/wp-content\/uploads\/2023\/10\/CoroAgordo2.jpg'><img loading=\"lazy\" decoding=\"async\" width=\"150\" height=\"150\" src=\"https:\/\/www.radiopiu.net\/wordpress\/wp-content\/uploads\/2023\/10\/CoroAgordo2-150x150.jpg\" class=\"attachment-thumbnail size-thumbnail\" alt=\"\" \/><\/a>\n\t\t\t\t<\/dt><\/dl><dl class='gallery-item'>\n\t\t\t\t<dt class='gallery-icon landscape'>\n\t\t\t\t\t<a class=\"rollover rollover-zoom dt-pswp-item\" title=\"CoroAgordo1\" data-dt-img-description=\"\" data-large_image_width=\"2044\" data-large_image_height=\"1218\"href='https:\/\/www.radiopiu.net\/wordpress\/wp-content\/uploads\/2023\/10\/CoroAgordo1.jpg'><img loading=\"lazy\" decoding=\"async\" width=\"150\" height=\"150\" src=\"https:\/\/www.radiopiu.net\/wordpress\/wp-content\/uploads\/2023\/10\/CoroAgordo1-150x150.jpg\" class=\"attachment-thumbnail size-thumbnail\" alt=\"\" \/><\/a>\n\t\t\t\t<\/dt><\/dl><br style=\"clear: both\" \/>\n\t\t\t<\/div>\n\n<p>&nbsp;<\/p>\n<p>&nbsp;<\/p>\n<p>&nbsp;<\/p>\n<p>&nbsp;<\/p>\n<hr \/>\n<p>&nbsp;<\/p>\n<blockquote>\n<h3>APERTURA STRAORDINARIA DELLA CHIESA DI SAN SIMON E LA SCHOLA DEI BATTUTI<\/h3>\n<\/blockquote>\n<p><strong>VALLADA <\/strong>Apertura straordinaria della Chiesa monumentale di San Simon e della <i>Schola<\/i>\u00a0dei Battuti in occasione della festivit\u00e0 di San Simone Apostolo patrono di Vallada Agordina,\u00a0sabato 28 ottobre 2023. Gli orari di apertura saranno i seguenti: Mattina\u00a0 \u00a0 9.30 &#8211; 12.30, Pomeriggio\u00a0 15.30 &#8211; 18.30<\/p>\n<p>&nbsp;<\/p>\n<p>&nbsp;<\/p>\n<hr \/>\n<p>&nbsp;<\/p>\n<h2><span style=\"color: #ff0000;\">GLI APPUNTAMENTI DELLA SETTIMANA\u00a0\u00a0<\/span><\/h2>\n<blockquote>\n<h3>UN INCONTRO CON RAFFAELE CROCCO<\/h3>\n<\/blockquote>\n<p><strong>BELLUNO <\/strong>Oggi alle 18:00 in Sala Bianchi \u201cEliseo Dal Pont\u201d di Belluno Raffele Crocco condurra\u0300 l\u2019incontro \u201cUna riflessione aggiornata sulla geopolitica globale: guerre dimenticate, ONU, cooperazione\u201d. Un\u2019occasione per riflettere su temi oggi piu\u0300 che mai attuali come le guerre con i loro orrori, da quelle dimenticate a quelle vicine, alle quali non possiamo rimanere indifferenti, e sulla urgente necessita\u0300 di una ONU riformata, capace di promuovere il superamento di nazionalismi e imperialismi, in una logica di cooperazione e multilateralismo tra Stati e Popoli.<\/p>\n<p>&nbsp;<\/p>\n<blockquote>\n<h3>SERE D&#8217;AUTUNNO<\/h3>\n<p><em><strong><a class=\"dt-pswp-item\" href=\"https:\/\/www.radiopiu.net\/wordpress\/wp-content\/uploads\/2023\/09\/Senza-nome-75.png\" data-dt-img-description=\"\" data-large_image_width=\"478\" data-large_image_height=\"179\"><img loading=\"lazy\" decoding=\"async\" class=\"size-medium wp-image-354485 alignleft\" src=\"https:\/\/www.radiopiu.net\/wordpress\/wp-content\/uploads\/2023\/09\/Senza-nome-75-300x112.png\" alt=\"\" width=\"300\" height=\"112\" srcset=\"https:\/\/www.radiopiu.net\/wordpress\/wp-content\/uploads\/2023\/09\/Senza-nome-75-300x112.png 300w, https:\/\/www.radiopiu.net\/wordpress\/wp-content\/uploads\/2023\/09\/Senza-nome-75.png 478w\" sizes=\"auto, (max-width: 300px) 100vw, 300px\" \/><\/a>SERE D&#8217;AUTUNNO, SERATE DI INCONTRI, DIBATTITI, IMMAGINI FILMATI E MULTIVISIONI. AD AGORDO TUTTI I VENERDI DI OTTOBRE, IN SALA DON TAMIS ALLE 20.45, INGRESSO LIBERO. PRESENTA GIANPAOLO SORATROI.\u00a0<\/strong><\/em><\/p>\n<p>Interessante serie di incontri, dibattiti, proiezioni inerenti al mondo della montagna &#8211; ma non solo &#8211; che si svolgono tutti i venerd\u00ec di ottobre nella prestigiosa e capiente Sala don F. Tamis messaci a disposizione per l\u2019occasione dall\u2019Unione Montana Agordina. Nato nel 2007, quest\u2019anno, raggiunge la 15\u00b0 edizione; i temi trattati durante le serate sono diversi tra loro per offrire una visione della montagna a 360\u00b0. Questa edizione \u00e8 dedicata interamente alle donne con quattro ospiti femminili.<\/p><\/blockquote>\n<p><strong>VENERDI 27 OTTOBRE ANGELIKA RAINER, SOGNI VERTICALI. arrampicando su fantasie divenute realt\u00e0<\/strong><\/p>\n<p>&nbsp;<\/p>\n\n\t\t\t<style type='text\/css'>\n\t\t\t\t#gallery-7 {\n\t\t\t\t\tmargin: auto;\n\t\t\t\t}\n\t\t\t\t#gallery-7 .gallery-item {\n\t\t\t\t\tfloat: left;\n\t\t\t\t\tmargin-top: 10px;\n\t\t\t\t\ttext-align: center;\n\t\t\t\t\twidth: 25%;\n\t\t\t\t}\n\t\t\t\t#gallery-7 img {\n\t\t\t\t\tborder: 2px solid #cfcfcf;\n\t\t\t\t}\n\t\t\t\t#gallery-7 .gallery-caption {\n\t\t\t\t\tmargin-left: 0;\n\t\t\t\t}\n\t\t\t\t\/* see gallery_shortcode() in wp-includes\/media.php *\/\n\t\t\t<\/style>\n\t\t<div id='gallery-7' class='dt-gallery-container gallery galleryid-358038 gallery-columns-4 gallery-size-thumbnail'><dl class='gallery-item'>\n\t\t\t\t<dt class='gallery-icon landscape'>\n\t\t\t\t\t<a class=\"rollover rollover-zoom dt-pswp-item\" title=\"a0ebae4a-1ff5-49c1-97c5-41308fb17fa2\" data-dt-img-description=\"\" data-large_image_width=\"1600\" data-large_image_height=\"900\"href='https:\/\/www.radiopiu.net\/wordpress\/wp-content\/uploads\/2023\/10\/a0ebae4a-1ff5-49c1-97c5-41308fb17fa2.jpg'><img loading=\"lazy\" decoding=\"async\" width=\"150\" height=\"150\" src=\"https:\/\/www.radiopiu.net\/wordpress\/wp-content\/uploads\/2023\/10\/a0ebae4a-1ff5-49c1-97c5-41308fb17fa2-150x150.jpg\" class=\"attachment-thumbnail size-thumbnail\" alt=\"\" \/><\/a>\n\t\t\t\t<\/dt><\/dl><dl class='gallery-item'>\n\t\t\t\t<dt class='gallery-icon landscape'>\n\t\t\t\t\t<a class=\"rollover rollover-zoom dt-pswp-item\" title=\"7db63321-bfa8-4ff7-84d0-2b19d427304d\" data-dt-img-description=\"\" data-large_image_width=\"1600\" data-large_image_height=\"900\"href='https:\/\/www.radiopiu.net\/wordpress\/wp-content\/uploads\/2023\/10\/7db63321-bfa8-4ff7-84d0-2b19d427304d.jpg'><img loading=\"lazy\" decoding=\"async\" width=\"150\" height=\"150\" src=\"https:\/\/www.radiopiu.net\/wordpress\/wp-content\/uploads\/2023\/10\/7db63321-bfa8-4ff7-84d0-2b19d427304d-150x150.jpg\" class=\"attachment-thumbnail size-thumbnail\" alt=\"\" \/><\/a>\n\t\t\t\t<\/dt><\/dl><dl class='gallery-item'>\n\t\t\t\t<dt class='gallery-icon landscape'>\n\t\t\t\t\t<a class=\"rollover rollover-zoom dt-pswp-item\" title=\"cdf89a7a-e6f6-4211-941f-d514b7ebb02f\" data-dt-img-description=\"\" data-large_image_width=\"1600\" data-large_image_height=\"900\"href='https:\/\/www.radiopiu.net\/wordpress\/wp-content\/uploads\/2023\/10\/cdf89a7a-e6f6-4211-941f-d514b7ebb02f.jpg'><img loading=\"lazy\" decoding=\"async\" width=\"150\" height=\"150\" src=\"https:\/\/www.radiopiu.net\/wordpress\/wp-content\/uploads\/2023\/10\/cdf89a7a-e6f6-4211-941f-d514b7ebb02f-150x150.jpg\" class=\"attachment-thumbnail size-thumbnail\" alt=\"\" \/><\/a>\n\t\t\t\t<\/dt><\/dl><dl class='gallery-item'>\n\t\t\t\t<dt class='gallery-icon landscape'>\n\t\t\t\t\t<a class=\"rollover rollover-zoom dt-pswp-item\" title=\"Senza nome\" data-dt-img-description=\"\" data-large_image_width=\"522\" data-large_image_height=\"261\"href='https:\/\/www.radiopiu.net\/wordpress\/wp-content\/uploads\/2023\/10\/Senza-nome-32.png'><img loading=\"lazy\" decoding=\"async\" width=\"150\" height=\"150\" src=\"https:\/\/www.radiopiu.net\/wordpress\/wp-content\/uploads\/2023\/10\/Senza-nome-32-150x150.png\" class=\"attachment-thumbnail size-thumbnail\" alt=\"\" \/><\/a>\n\t\t\t\t<\/dt><\/dl><br style=\"clear: both\" \/>\n\t\t\t<\/div>\n\n<p>&nbsp;<\/p>\n<blockquote>\n<h3>GLI APPUNTAMENTI CON LA PRO LOCO CASTIONESE<\/h3>\n<\/blockquote>\n<p><strong>DAL 28 OTTOBRE PER 5 APPUNTAMENTI &#8211; RASSEGNA TEATRALE CINQUE VIE\u00a0 &#8211; XIV EDIZIONE<\/strong><strong>, <\/strong><strong>TEATRO SAN GAETANO <\/strong>Cinque spettacoli, cinque percorsi emotivi, cinque vie diverse da attraversare e ad ogni via sentirsi pi\u00f9 \u201cricchi\u201d di prima. Alla XIV edizione &#8220;manteniamo la rotta&#8221; in direzione del teatro &#8220;scomodo&#8221;, per generare emozioni, confronti e riflessioni. 5 Vie tra i sogni di un grande alpinista, tra i pensieri nascosti e troppo spesso malati dei giovani, tra l&#8217;incantevole grazia di un mondo al femminile, tra la visione del male agli occhi di un&#8217;anima candida e tra le seducenti ma terribili azioni di una intramontabile Lady Macbeth.<\/p>\n<p>&nbsp;<\/p>\n<blockquote>\n<h3>A CESIOMAGGIORE SI PARLA DI PIANTE, ANIMALI E UOMINI<\/h3>\n<\/blockquote>\n<p><strong>CESIOMAGGIORE<\/strong> La Biblioteca comunale di Cesiomaggiore organizza per venerd\u00ec 27 ottobre alle 20.30, presso la sala conferenze del Museo Etnografico Dolomiti, un incontro dal titolo \u201cPiante, animali e uomini: intelligenze a confronto\u201d. Saranno presenti Daniele Zovi e Jessica Peruzzo.\u00a0 Entrambi vicentini\u00a0 e accomunati dall\u2019amore nei confronti della natura.<\/p>\n<p>&nbsp;<\/p>\n<p>&nbsp;<\/p>\n<blockquote>\n<h3><a class=\"dt-pswp-item\" href=\"https:\/\/www.radiopiu.net\/wordpress\/wp-content\/uploads\/2023\/10\/locandina.jpg\" data-dt-img-description=\"\" data-large_image_width=\"1131\" data-large_image_height=\"1600\"><img loading=\"lazy\" decoding=\"async\" class=\"size-medium wp-image-358103 alignleft\" src=\"https:\/\/www.radiopiu.net\/wordpress\/wp-content\/uploads\/2023\/10\/locandina-212x300.jpg\" alt=\"\" width=\"212\" height=\"300\" srcset=\"https:\/\/www.radiopiu.net\/wordpress\/wp-content\/uploads\/2023\/10\/locandina-212x300.jpg 212w, https:\/\/www.radiopiu.net\/wordpress\/wp-content\/uploads\/2023\/10\/locandina-724x1024.jpg 724w, https:\/\/www.radiopiu.net\/wordpress\/wp-content\/uploads\/2023\/10\/locandina-768x1086.jpg 768w, https:\/\/www.radiopiu.net\/wordpress\/wp-content\/uploads\/2023\/10\/locandina-1086x1536.jpg 1086w, https:\/\/www.radiopiu.net\/wordpress\/wp-content\/uploads\/2023\/10\/locandina.jpg 1131w\" sizes=\"auto, (max-width: 212px) 100vw, 212px\" \/><\/a>CONCERTO 40\u00b0 DI FONDAZIONE<\/h3>\n<\/blockquote>\n<p>sabato\u00a0 alle 9:30 nella palestra delle scuole\u00a0 l\u2019Istituto Comprensivo di Mel ospita il giovane coro ungherese Cantemus Boys Choir. Chiuderanno la mattinata il coro dell\u2019Istituto Comprensivo e la classe seconda della secondaria di primo grado di Lentiai con lo spettacolo teatrale in lingua inglese \u201cSnow White and the Seven dwarfs\u201d. La sera, presso la Chiesa Arcipretale di Trichiana alle 20:30 il Coro Polifonico di Trichiana festegger\u00e0 con tutta la popolazione il quarantennale della sua fondazione con ospiti non solo il coro ungherese\u00a0 e i Giovani Archi Bellunesi della Scuola Miari di Belluno diretti da Svetlana Pletneva.<\/p>\n<p>&nbsp;<\/p>\n<p>&nbsp;<\/p>\n<p>&nbsp;<\/p>\n<p>&nbsp;<\/p>\n<hr \/>\n<p>&nbsp;<\/p>\n<h2><span style=\"color: #ff0000;\">PROSSIMAMENTE&#8230;<\/span><\/h2>\n<blockquote>\n<h3>AD AGORDO UN INCONTRO PER PARLARE DELLA RIFORMA DELLO SPORT<\/h3>\n<\/blockquote>\n<p><strong>AGORDO<\/strong> L&#8217;AICS di Belluno in collaborazione con l&#8217;Unione Montana Agordina organizza un incontro in Sala Don Tamis per parlare della riforma dello sport. La serata si svolger\u00e0 venerd\u00ec 3 novembre alle 20:30. &#8220;Lavoratori Volontari Nello Sport&#8221; il titolo della serata a cura di Bianca Maria Stivanello, Avvocato cassazionista che si occupa di diritto e fiscalit\u00e0 dello sport e del terzo settore.<\/p>\n<a href=\"https:\/\/www.radiopiu.net\/wordpress\/wp-content\/uploads\/2023\/10\/manifesto-agordo.pdf\" class=\"pdfemb-viewer\" style=\"\" data-width=\"max\" data-height=\"max\" data-toolbar=\"top\" data-toolbar-fixed=\"on\">manifesto agordo<\/a>\n<p>&nbsp;<\/p>\n<blockquote>\n<h3>LA CENA DELLA CLASSE 1968<\/h3>\n<\/blockquote>\n<p><strong>FALCADE<\/strong> La Classe 1968 Agordino organizza per sabato 4 novembre alle 20 all&#8217;Hotel Cristal di Falcade la mitica cena!!! Tutti i Coscritti dell&#8217;Agordino sono invitati!!! Musica con DJ e dalle ore 24 aperto a tutti!!! Per info e prenotazioni chiama l&#8217;Hotel Cristal allo 0437 507356 entro luned\u00ec 30 ottobre. \u2026.1968&#8230;. UN&#8217;ANNATA SPECIALE!!!!<\/p>\n<p>&nbsp;<\/p>\n<p>&nbsp;<\/p>\n<hr \/>\n<p>&nbsp;<\/p>\n<div class=\"message spoilers-container\" dir=\"auto\">\n<div class=\"column\">\n<div class=\"message spoilers-container\" dir=\"auto\">\n<div class=\"column\">\n<p><img loading=\"lazy\" decoding=\"async\" class=\"aligncenter wp-image-61954 size-full\" src=\"https:\/\/www.radiopiu.net\/wordpress\/wp-content\/uploads\/2018\/09\/viabilita.jpeg\" sizes=\"auto, (max-width: 800px) 100vw, 800px\" srcset=\"https:\/\/www.radiopiu.net\/wordpress\/wp-content\/uploads\/2018\/09\/viabilita.jpeg 800w, https:\/\/www.radiopiu.net\/wordpress\/wp-content\/uploads\/2018\/09\/viabilita-300x38.jpeg 300w, https:\/\/www.radiopiu.net\/wordpress\/wp-content\/uploads\/2018\/09\/viabilita-768x96.jpeg 768w\" alt=\"\" width=\"800\" height=\"100\" \/><\/p>\n<\/div>\n<\/div>\n<div class=\"message spoilers-container\" dir=\"auto\">\n<div class=\"column\">\n<p>&nbsp;<\/p>\n<\/div>\n<\/div>\n<\/div>\n<\/div>\n<blockquote class=\"wp-embedded-content\" data-secret=\"wa8XAWMAf2\"><p><a href=\"https:\/\/www.radiopiu.net\/wordpress\/viabilita\/\">viabilita<\/a><\/p><\/blockquote>\n<p><iframe loading=\"lazy\" class=\"wp-embedded-content\" sandbox=\"allow-scripts\" security=\"restricted\" style=\"position: absolute; clip: rect(1px, 1px, 1px, 1px);\" title=\"&#8220;viabilita&#8221; &#8212; Radio Pi\u00f9\" src=\"https:\/\/www.radiopiu.net\/wordpress\/viabilita\/embed\/#?secret=5M52wzEriI#?secret=wa8XAWMAf2\" data-secret=\"wa8XAWMAf2\" width=\"600\" height=\"338\" frameborder=\"0\" marginwidth=\"0\" marginheight=\"0\" scrolling=\"no\"><\/iframe><\/p>\n<div class=\"message spoilers-container\" dir=\"auto\">\n<div class=\"column\">\n<div class=\"message spoilers-container\" dir=\"auto\">\n<div class=\"column\">\n<div>\n<div dir=\"ltr\">\n<div class=\"gmail_quote\">\n<div dir=\"ltr\">\n<div><\/div>\n<div><\/div>\n<\/div>\n<\/div>\n<\/div>\n<\/div>\n<hr \/>\n<p>&nbsp;<\/p>\n<p><a class=\"dt-pswp-item\" href=\"https:\/\/www.radiopiu.net\/wordpress\/wp-content\/uploads\/2018\/09\/WhatsApp-Image-2018-09-20-at-16.04.06.jpeg\" data-dt-img-description=\"\" data-large_image_width=\"800\" data-large_image_height=\"100\"><img loading=\"lazy\" decoding=\"async\" class=\"wp-image-61378 size-full aligncenter\" src=\"https:\/\/www.radiopiu.net\/wordpress\/wp-content\/uploads\/2018\/09\/WhatsApp-Image-2018-09-20-at-16.04.06.jpeg\" alt=\"\" width=\"800\" height=\"100\" srcset=\"https:\/\/www.radiopiu.net\/wordpress\/wp-content\/uploads\/2018\/09\/WhatsApp-Image-2018-09-20-at-16.04.06.jpeg 800w, https:\/\/www.radiopiu.net\/wordpress\/wp-content\/uploads\/2018\/09\/WhatsApp-Image-2018-09-20-at-16.04.06-300x38.jpeg 300w, https:\/\/www.radiopiu.net\/wordpress\/wp-content\/uploads\/2018\/09\/WhatsApp-Image-2018-09-20-at-16.04.06-768x96.jpeg 768w\" sizes=\"auto, (max-width: 800px) 100vw, 800px\" \/><\/a><\/p>\n<\/div>\n<\/div>\n<p>&nbsp;<\/p>\n<p><center><\/center><center><b>OGGI<\/b><\/center>Cielo molto nuvoloso o coperto con fenomeni diffusi.<br \/>\n<b>Precipitazioni: <\/b>Alta probabilit\u00e0 (80-100%) di precipitazioni diffuse e persistenti su tutte le Alpi gi\u00e0 nelle prime ore, anche a carattere di rovescio o di locale temporale, con l&#8217;apice del maltempo verso le ore centrali; graduale e parziale attenuazione dei fenomeni nel corso del tardo pomeriggio\/sera<br \/>\n<b>Temperature: <\/b>Minime in aumento, massime in diminuzione; modesta escursione termica giornaliera.<\/p>\n<hr \/>\n<p><center><b>DOMANI<\/b><\/center>Cielo ancora molto nuvoloso o coperto con parziali schiarite diurne e fenomeni sparsi nel corso della giornata. Possibili formazioni di nubi basse nelle ore fredde in molte valli con temporanei banchi di nebbia e qualche foschia. Clima ancora molto umido e mite per il periodo.<br \/>\n<b>Precipitazioni: <\/b>Possibili precipitazioni sparse anche a carattere di rovescio con locali temporali. Sono previsti quantitativi inferiori rispetto a quelli di marted\u00ec.<br \/>\n<b>Temperature: <\/b>Minime in lieve calo, massime stazionarie o in lieve aumento, specie nelle valli<\/p>\n<hr \/>\n<p><center><b>Giovedi 26<\/b><\/center>Ancora tempo variabile, con passaggi nuvolosi alternati a parziali schiarite. Nel corso del pomeriggio probabile intensificazione della nuvolosit\u00e0 con delle precipitazioni a partire dalle Prealpi occidentali. Temperature minime in lieve o contenuto calo, massime senza notevoli variazioni.<\/p>\n<hr \/>\n<p><center><b>Venerdi 27<\/b><\/center>Tempo ancora variabile e molto umido con alternanza di annuvolamenti e di parziali schiarite. Residue precipitazioni nelle prime ore e possibili brevi piogge locali nel corso della giornata. Temperature senza variazioni di rilievo salvo un lieve calo delle minime e un lieve aumento delle massime.<\/p>\n<\/div>\n<\/div>\n<p>&nbsp;<\/p>\n<div class=\"message spoilers-container\" dir=\"auto\">\n<hr \/>\n<p>&nbsp;<\/p>\n<p><img loading=\"lazy\" decoding=\"async\" class=\"wp-image-60761 size-full aligncenter\" src=\"https:\/\/www.radiopiu.net\/wordpress\/wp-content\/uploads\/2018\/09\/sport.jpg\" alt=\"\" width=\"800\" height=\"100\" srcset=\"https:\/\/www.radiopiu.net\/wordpress\/wp-content\/uploads\/2018\/09\/sport.jpg 800w, https:\/\/www.radiopiu.net\/wordpress\/wp-content\/uploads\/2018\/09\/sport-300x38.jpg 300w, https:\/\/www.radiopiu.net\/wordpress\/wp-content\/uploads\/2018\/09\/sport-768x96.jpg 768w\" sizes=\"auto, (max-width: 800px) 100vw, 800px\" \/><\/p>\n<p>&nbsp;<\/p>\n<p><span style=\"color: #0000ff;\"><strong>CALCIO 5<\/strong><\/span><\/p>\n<p>&nbsp;<\/p>\n<h2><span style=\"color: #0000ff;\">GIESSE PER LO SPORT&#8230;CON LA CANOTTIERI BELLUNO CALCIO A 5<\/span><\/h2>\n<div class=\"x11i5rnm xat24cr x1mh8g0r x1vvkbs xtlvy1s x126k92a\">\n<h4 dir=\"auto\">GIESSE PER LO SPORT&#8221; &#8230; con la Canottieri Belluno, calcio a 5. Tutto sul campionato di serie A2, girone A. Il programma alla RADIO che da ascolto ai talenti del calcio a 5 bellunese. IN COLLABORAZIONE CON GIESSE RISARCIMENTO DANNI A BELLUNO<\/h4>\n<\/div>\n<div class=\"x11i5rnm xat24cr x1mh8g0r x1vvkbs xtlvy1s x126k92a\">\n<h4 dir=\"auto\"><a class=\"x1i10hfl xjbqb8w x6umtig x1b1mbwd xaqea5y xav7gou x9f619 x1ypdohk xt0psk2 xe8uvvx xdj266r x11i5rnm xat24cr x1mh8g0r xexx8yu x4uap5 x18d9i69 xkhd6sd x16tdsg8 x1hl2dhg xggy1nq x1a2a7pz xt0b8zv x1qq9wsj xo1l8bm\" tabindex=\"0\" role=\"link\" href=\"https:\/\/www.facebook.com\/groups\/radiopiu\/?__cft__[0]=AZVtB3sskZBwGsu89zeRk9eNMGUFohz53TdYmXZyePAKPt8cBeKCqA03znGJk9wPaqHDXQ5yMBG_hrsUX03xH8fdmlMazTirW3KRFEY3Kr2cyBd_5Es2MvKnqyd6ZcahL6_M_zOo19o5N5tV8NHsHcfP&amp;__tn__=-UK-R\"><span class=\"xt0psk2\">RADIO PIU&#8217; EMITTENTE AGORDINA (Taibon_32027)<\/span><\/a>: IL LUNEDI ALLE 16.30, IL MARTEDI ALLE 13.05<\/h4>\n<h4 dir=\"auto\">RADIO CLUB 103 IL LUNEDI ALLE 16.20 E MARTEDI ALLE 13.40<\/h4>\n<h4 dir=\"auto\"><a class=\"x1i10hfl xjbqb8w x6umtig x1b1mbwd xaqea5y xav7gou x9f619 x1ypdohk xt0psk2 xe8uvvx xdj266r x11i5rnm xat24cr x1mh8g0r xexx8yu x4uap5 x18d9i69 xkhd6sd x16tdsg8 x1hl2dhg xggy1nq x1a2a7pz xt0b8zv x1qq9wsj xo1l8bm\" tabindex=\"0\" role=\"link\" href=\"https:\/\/www.facebook.com\/groups\/61488111720\/user\/100063652837062\/?__cft__[0]=AZVtB3sskZBwGsu89zeRk9eNMGUFohz53TdYmXZyePAKPt8cBeKCqA03znGJk9wPaqHDXQ5yMBG_hrsUX03xH8fdmlMazTirW3KRFEY3Kr2cyBd_5Es2MvKnqyd6ZcahL6_M_zOo19o5N5tV8NHsHcfP&amp;__tn__=-]K-R\"><span class=\"xt0psk2\">Radio Primiero<\/span><\/a> IL LUNEDI ALLE 10.30 E MARTEDI ALLE 12.30<\/h4>\n<p>&nbsp;<\/p>\n<p><strong><a class=\"dt-pswp-item\" href=\"https:\/\/www.radiopiu.net\/wordpress\/wp-content\/uploads\/2023\/10\/393730860_805983871533443_1356448193470963440_n.jpg\" data-dt-img-description=\"\" data-large_image_width=\"2048\" data-large_image_height=\"1366\"><img loading=\"lazy\" decoding=\"async\" class=\" wp-image-358052 alignleft\" src=\"https:\/\/www.radiopiu.net\/wordpress\/wp-content\/uploads\/2023\/10\/393730860_805983871533443_1356448193470963440_n-300x200.jpg\" alt=\"\" width=\"164\" height=\"109\" srcset=\"https:\/\/www.radiopiu.net\/wordpress\/wp-content\/uploads\/2023\/10\/393730860_805983871533443_1356448193470963440_n-300x200.jpg 300w, https:\/\/www.radiopiu.net\/wordpress\/wp-content\/uploads\/2023\/10\/393730860_805983871533443_1356448193470963440_n-1024x683.jpg 1024w, https:\/\/www.radiopiu.net\/wordpress\/wp-content\/uploads\/2023\/10\/393730860_805983871533443_1356448193470963440_n-768x512.jpg 768w, https:\/\/www.radiopiu.net\/wordpress\/wp-content\/uploads\/2023\/10\/393730860_805983871533443_1356448193470963440_n-1536x1025.jpg 1536w, https:\/\/www.radiopiu.net\/wordpress\/wp-content\/uploads\/2023\/10\/393730860_805983871533443_1356448193470963440_n.jpg 2048w\" sizes=\"auto, (max-width: 164px) 100vw, 164px\" \/><\/a>PUNTATA 01 &#8211; 23 OTTOBRE 2023<\/strong><\/p>\n<p><span style=\"color: #0000ff;\"><strong>SECONDA GIORNATA SERIE A2 &#8211; GIRONE A<\/strong><\/span><\/p>\n<p><strong>MACCAN PRATA &#8211; CANOTTIERI BELLUNO 4-2<\/strong><\/p>\n<p>Reti: PT 7.07 Lari, 7.18 Reolon, 12.39 Imamovic, 12.54 Dos Santos, 17.17 Lari; ST 3.00 Genovese<\/p>\n<p><strong>AUDIO<\/strong><\/p>\n<p>DI MARCO GAZ<\/p>\n<audio class=\"wp-audio-shortcode\" id=\"audio-358038-14\" preload=\"none\" style=\"width: 100%;\" controls=\"controls\"><source type=\"audio\/mpeg\" src=\"https:\/\/www.radiopiu.net\/wordpress\/wp-content\/uploads\/2023\/10\/GIESSECALCIO.mp3?_=14\" \/><a href=\"https:\/\/www.radiopiu.net\/wordpress\/wp-content\/uploads\/2023\/10\/GIESSECALCIO.mp3\">https:\/\/www.radiopiu.net\/wordpress\/wp-content\/uploads\/2023\/10\/GIESSECALCIO.mp3<\/a><\/audio>\n<p>&nbsp;<\/p>\n<p><span style=\"color: #0000ff;\"><strong>VELA<\/strong><\/span><\/p>\n<blockquote>\n<h2><strong><a class=\"dt-pswp-item\" href=\"https:\/\/www.radiopiu.net\/wordpress\/wp-content\/uploads\/2023\/10\/395190351_2358020391072412_1468553769311039830_n-1.jpg\" data-dt-img-description=\"\" data-large_image_width=\"585\" data-large_image_height=\"395\"><img loading=\"lazy\" decoding=\"async\" class=\"size-medium wp-image-358118 alignleft\" src=\"https:\/\/www.radiopiu.net\/wordpress\/wp-content\/uploads\/2023\/10\/395190351_2358020391072412_1468553769311039830_n-1-300x203.jpg\" alt=\"\" width=\"300\" height=\"203\" srcset=\"https:\/\/www.radiopiu.net\/wordpress\/wp-content\/uploads\/2023\/10\/395190351_2358020391072412_1468553769311039830_n-1-300x203.jpg 300w, https:\/\/www.radiopiu.net\/wordpress\/wp-content\/uploads\/2023\/10\/395190351_2358020391072412_1468553769311039830_n-1.jpg 585w\" sizes=\"auto, (max-width: 300px) 100vw, 300px\" \/><\/a>Alpago Sailing Team trionfa anche a <em>La Cinquanta<\/em><\/strong><\/h2>\n<\/blockquote>\n<p>Fine stagione pieno di emozioni e risultati per i velisti dell\u2019Alpago Sailing team! Dopo uno splendido secondo posto di categoria alla regata <em>\u201cLa Veleziana<\/em>\u201d della scorsa settimana, il team velico della conca trionfa come primo assoluto Xtutti a <em>\u201cLa Cinquanta\u201d,<\/em> ultima regata d\u2019altura, organizzata del Circolo Nautico Porto Santa Margherita.<em> \u201cUn fine stagione emozionante\u201d<\/em> afferma Marco Bachmann, velista di montagna che da tre anni fa parte del Team. <em>\u201cQuest\u2019ultima vittoria premia il gruppo per tutti gli sforzi di quest\u2019annata. Una doppia soddisfazione perch\u00e9 con questo trionfo abbiamo conquistato anche il TROFEO CAORLE che premia la migliore barca nelle 4 regate organizzate dal Circolo Santa Margherita. (La Ottanta, La Duecento &#8211; vinta dall\u2019Alpago Sailing Team, La Cinquecento e appunto La Cinquanta). Questa doppia vittoria ci toglie un po\u2019 l\u2019amaro in bocca per non essere riusciti a vincere il Campionato Italiano Offshore, ma ci siamo andati vicini e il prossimo anno ci riproveremo\u201d.\u00a0<\/em><\/p>\n<p>_<\/p>\n<p>&nbsp;<\/p>\n<p>&nbsp;<\/p>\n<p>&nbsp;<\/p>\n<\/div>\n<\/div>\n","protected":false},"excerpt":{"rendered":"<p>40esimo di RADIOPIU\u2026. LA VOCE DELL\u2019EMOZIONE \u00a0\u00a0 OGGI ALLA RADIO&#8230;.l&#8217;informazione locale dal 1983, tutti i giorni&#8230;pi\u00f9 volte al giorno&#8230; 7.05 RASSEGNA STAMPA FLASH, PER CHI VA IN FRETTA 7.10 Gianluca Rossi Dolomiti Beer&amp;Wine Da Napi PAROLA DI GIANLUCA 8.05 LA RASSEGNA STAMPA, L&#8217;ORIGINALE DAL 1983 1010 MUSLA &#8211; Moviment de Union e Sensibilisazion LinguisticA del&hellip;<\/p>\n","protected":false},"author":4,"featured_media":358060,"comment_status":"closed","ping_status":"closed","sticky":false,"template":"","format":"standard","meta":{"_monsterinsights_skip_tracking":false,"_monsterinsights_sitenote_active":false,"_monsterinsights_sitenote_note":"","_monsterinsights_sitenote_category":0,"footnotes":""},"categories":[51,86,49],"tags":[],"class_list":["post-358038","post","type-post","status-publish","format-standard","has-post-thumbnail","hentry","category-evidenza-top","category-gr","category-news-18","category-51","category-86","category-49","description-off"],"img_url":"https:\/\/www.radiopiu.net\/wordpress\/wp-content\/uploads\/2023\/10\/IMG-20231023-WA0006.jpg","_links":{"self":[{"href":"https:\/\/www.radiopiu.net\/wordpress\/wp-json\/wp\/v2\/posts\/358038","targetHints":{"allow":["GET"]}}],"collection":[{"href":"https:\/\/www.radiopiu.net\/wordpress\/wp-json\/wp\/v2\/posts"}],"about":[{"href":"https:\/\/www.radiopiu.net\/wordpress\/wp-json\/wp\/v2\/types\/post"}],"author":[{"embeddable":true,"href":"https:\/\/www.radiopiu.net\/wordpress\/wp-json\/wp\/v2\/users\/4"}],"replies":[{"embeddable":true,"href":"https:\/\/www.radiopiu.net\/wordpress\/wp-json\/wp\/v2\/comments?post=358038"}],"version-history":[{"count":0,"href":"https:\/\/www.radiopiu.net\/wordpress\/wp-json\/wp\/v2\/posts\/358038\/revisions"}],"wp:featuredmedia":[{"embeddable":true,"href":"https:\/\/www.radiopiu.net\/wordpress\/wp-json\/wp\/v2\/media\/358060"}],"wp:attachment":[{"href":"https:\/\/www.radiopiu.net\/wordpress\/wp-json\/wp\/v2\/media?parent=358038"}],"wp:term":[{"taxonomy":"category","embeddable":true,"href":"https:\/\/www.radiopiu.net\/wordpress\/wp-json\/wp\/v2\/categories?post=358038"},{"taxonomy":"post_tag","embeddable":true,"href":"https:\/\/www.radiopiu.net\/wordpress\/wp-json\/wp\/v2\/tags?post=358038"}],"curies":[{"name":"wp","href":"https:\/\/api.w.org\/{rel}","templated":true}]}}