{"id":358129,"date":"2023-10-24T05:24:27","date_gmt":"2023-10-24T03:24:27","guid":{"rendered":"https:\/\/www.radiopiu.net\/wordpress\/?p=358129"},"modified":"2023-10-24T05:47:22","modified_gmt":"2023-10-24T03:47:22","slug":"anas-programmato-il-varo-delle-nuove-travi-della-galleria-paramassi-laste-sulla-ss-52","status":"publish","type":"post","link":"https:\/\/www.radiopiu.net\/wordpress\/anas-programmato-il-varo-delle-nuove-travi-della-galleria-paramassi-laste-sulla-ss-52\/","title":{"rendered":"ANAS: PROGRAMMATO IL VARO DELLE NUOVE TRAVI DELLA GALLERIA PARAMASSI \u201cLASTE\u201d SULLA SS 52"},"content":{"rendered":"<p><img decoding=\"async\" class=\"alignleft\" src=\"https:\/\/www.radiopiu.net\/wordpress\/wp-content\/uploads\/2021\/06\/anas.png\" \/>Anas nell\u2019ambito dei lavori di ripristino delle travi della galleria paramassi \u2018Laste\u2019, danneggiate a seguito di urto di veicoli fuori sagoma, ha programmato le operazioni di varo delle nuove travi metalliche. Le operazioni, al fine di creare il minor disagio possibile alla circolazione stradale, sono state programmate esclusivamente in orario notturno, dal luned\u00ec al venerd\u00ec cos\u00ec da preservare i flussi di traffico del week-end.<\/p>\n<p>A partire dalla serata di luned\u00ec 2 ottobre e fino alla prima mattina di sabato 21 ottobre, le attivit\u00e0 interesseranno la strada statale 52 \u201cCarnica\u201d dal km 86,200 al km 86,600. Nelle serate dal luned\u00ec al venerd\u00ec la chiusura sar\u00e0 attivata dalle ore 21:15 alle 5:45 del mattino successivo mentre la sera di domenica 8 ottobre e 15 ottobre l\u2019interdizione al traffico sar\u00e0 posticipata dalle ore 22:30 sempre fino alle 5:45 del giorno successivo. Il transito sar\u00e0 sempre consentito ai mezzi di soccorso e di emergenza. Durante la chiusura il traffico sar\u00e0 deviato sulla viabilit\u00e0 secondaria, come di seguito specificato. <u>Percorso alternativo per tutti i mezzi ad eccezione di autotreni ed autoarticolati <\/u>Per chi viaggia in direzione Santo Candido, Sappada o Comelico: al km 80,700 della SS52 proseguire lungo la SR48 in direzione Auronzo per poi svoltare sulla SP532 \u201cdel Passo di Sant\u2019Antonio\u201d e reimmettersi sulla statale 52 al km 99,900 in localit\u00e0 Padola<\/p>\n<p>&nbsp;<\/p>\n<p>&nbsp;<\/p>\n<p>___<\/p>\n","protected":false},"excerpt":{"rendered":"<p>Anas nell\u2019ambito dei lavori di ripristino delle travi della galleria paramassi \u2018Laste\u2019, danneggiate a seguito di urto di veicoli fuori sagoma, ha programmato le operazioni di varo delle nuove travi metalliche. Le operazioni, al fine di creare il minor disagio possibile alla circolazione stradale, sono state programmate esclusivamente in orario notturno, dal luned\u00ec al venerd\u00ec&hellip;<\/p>\n","protected":false},"author":4,"featured_media":213422,"comment_status":"closed","ping_status":"closed","sticky":false,"template":"","format":"standard","meta":{"_monsterinsights_skip_tracking":false,"_monsterinsights_sitenote_active":false,"_monsterinsights_sitenote_note":"","_monsterinsights_sitenote_category":0,"footnotes":""},"categories":[51,49],"tags":[],"class_list":["post-358129","post","type-post","status-publish","format-standard","has-post-thumbnail","hentry","category-evidenza-top","category-news-18","category-51","category-49","description-off"],"img_url":"https:\/\/www.radiopiu.net\/wordpress\/wp-content\/uploads\/2021\/06\/anas.png","_links":{"self":[{"href":"https:\/\/www.radiopiu.net\/wordpress\/wp-json\/wp\/v2\/posts\/358129","targetHints":{"allow":["GET"]}}],"collection":[{"href":"https:\/\/www.radiopiu.net\/wordpress\/wp-json\/wp\/v2\/posts"}],"about":[{"href":"https:\/\/www.radiopiu.net\/wordpress\/wp-json\/wp\/v2\/types\/post"}],"author":[{"embeddable":true,"href":"https:\/\/www.radiopiu.net\/wordpress\/wp-json\/wp\/v2\/users\/4"}],"replies":[{"embeddable":true,"href":"https:\/\/www.radiopiu.net\/wordpress\/wp-json\/wp\/v2\/comments?post=358129"}],"version-history":[{"count":0,"href":"https:\/\/www.radiopiu.net\/wordpress\/wp-json\/wp\/v2\/posts\/358129\/revisions"}],"wp:featuredmedia":[{"embeddable":true,"href":"https:\/\/www.radiopiu.net\/wordpress\/wp-json\/wp\/v2\/media\/213422"}],"wp:attachment":[{"href":"https:\/\/www.radiopiu.net\/wordpress\/wp-json\/wp\/v2\/media?parent=358129"}],"wp:term":[{"taxonomy":"category","embeddable":true,"href":"https:\/\/www.radiopiu.net\/wordpress\/wp-json\/wp\/v2\/categories?post=358129"},{"taxonomy":"post_tag","embeddable":true,"href":"https:\/\/www.radiopiu.net\/wordpress\/wp-json\/wp\/v2\/tags?post=358129"}],"curies":[{"name":"wp","href":"https:\/\/api.w.org\/{rel}","templated":true}]}}