{"id":358167,"date":"2023-10-24T05:32:58","date_gmt":"2023-10-24T03:32:58","guid":{"rendered":"https:\/\/www.radiopiu.net\/wordpress\/?p=358167"},"modified":"2023-10-24T05:41:54","modified_gmt":"2023-10-24T03:41:54","slug":"tragedia-sul-posto-di-lavoro-operaio-muore-a-causa-di-un-attacco-cardiaco","status":"publish","type":"post","link":"https:\/\/www.radiopiu.net\/wordpress\/tragedia-sul-posto-di-lavoro-operaio-muore-a-causa-di-un-attacco-cardiaco\/","title":{"rendered":"Tragedia sul posto di lavoro: Operaio muore a causa di un attacco cardiaco"},"content":{"rendered":"<p><strong><img loading=\"lazy\" decoding=\"async\" class=\"alignleft\" src=\"https:\/\/www.radiopiu.net\/wordpress\/wp-content\/uploads\/2023\/08\/ambulanza-ulss-1.jpg\" width=\"268\" height=\"173\" \/>LIMANA\u00a0<\/strong> Valentino D&#8217;Inc\u00e0, un operaio di 55 anni di Borgo Valbelluna, \u00e8 stato vittima di un tragico attacco cardiaco mentre si trovava al lavoro presso la Epta Costan di Limana. L&#8217;incidente \u00e8 avvenuto poco dopo l&#8217;inizio del suo turno di lavoro presso il reparto di Montaggio, al primo posto della linea Rn2. Nonostante i tentativi di soccorso da parte dei colleghi di lavoro e delle squadre mediche del Pronto Soccorso, purtroppo D&#8217;Inc\u00e0 non \u00e8 riuscito a sopravvivere. La notizia della sua morte ha scosso profondamente la comunit\u00e0 dei lavoratori presso la Epta Costan e la sua citt\u00e0 natale di Morgan di Trichiana, dove era conosciuto e apprezzato. I colleghi hanno immediatamente allertato il servizio di emergenza 118 quando D&#8217;Inc\u00e0 \u00e8 collassato a causa dell&#8217;attacco cardiaco. Un&#8217;ambulanza del Pronto Soccorso del San Martino \u00e8 giunta in fretta sul luogo, ma nonostante gli sforzi dei soccorritori nel praticare le manovre di rianimazione, il cuore di D&#8217;Inc\u00e0 non \u00e8 ripartito. Valentino D&#8217;Inc\u00e0\u00a0 viveva a Morgan con un fratello. Lascia anche delle sorelle che risiedono altrove. Al momento, i dettagli relativi al suo funerale non sono stati annunciati, poich\u00e9 \u00e8 in corso la procedura per la donazione delle cornee.<\/p>\n<div class=\"flex-1 overflow-hidden\">\n<div class=\"react-scroll-to-bottom--css-uvvrm-79elbk h-full dark:bg-gray-800\">\n<div class=\"react-scroll-to-bottom--css-uvvrm-1n7m0yu\">\n<div class=\"flex flex-col text-sm gizmo:pb-9 dark:bg-gray-800\">\n<div class=\"group final-completion w-full text-token-text-primary border-b border-black\/10 gizmo:border-0 dark:border-gray-900\/50 gizmo:dark:border-0 bg-gray-50 gizmo:bg-transparent dark:bg-[#444654] gizmo:dark:bg-transparent\" data-testid=\"conversation-turn-5\">\n<div class=\"p-4 gizmo:py-2 justify-center text-base md:gap-6 md:py-6 m-auto\">\n<div class=\"flex flex-1 gap-4 text-base mx-auto md:gap-6 gizmo:gap-3 gizmo:md:px-5 gizmo:lg:px-1 gizmo:xl:px-5 md:max-w-2xl lg:max-w-[38rem] gizmo:md:max-w-3xl gizmo:lg:max-w-[40rem] gizmo:xl:max-w-[48rem] xl:max-w-3xl }\">\n<div class=\"relative flex w-[calc(100%-50px)] flex-col gizmo:w-full lg:w-[calc(100%-115px)] agent-turn\">\n<div class=\"flex-col gap-1 md:gap-3\">\n<div class=\"flex flex-grow flex-col gap-3 max-w-full\">\n<div class=\"min-h-[20px] flex flex-col items-start gap-3 whitespace-pre-wrap break-words overflow-x-auto\">\n<div class=\"markdown prose w-full break-words dark:prose-invert dark\"><\/div>\n<\/div>\n<\/div>\n<\/div>\n<\/div>\n<\/div>\n<\/div>\n<\/div>\n<\/div>\n<\/div>\n<\/div>\n<\/div>\n<div class=\"w-full pt-2 md:pt-0 border-t md:border-t-0 dark:border-white\/20 md:border-transparent md:dark:border-transparent md:pl-2 gizmo:pl-0 gizmo:md:pl-0 md:w-[calc(100%-.5rem)] absolute bottom-0 left-0 md:bg-vert-light-gradient bg-white dark:bg-gray-800 md:!bg-transparent dark:md:bg-vert-dark-gradient\">\n<form class=\"stretch mx-2 flex flex-row gap-3 last:mb-2 md:mx-4 md:last:mb-6 lg:mx-auto lg:max-w-2xl xl:max-w-3xl\">\n<div class=\"relative flex h-full flex-1 items-stretch md:flex-col\">\n<div>\n<div class=\"h-full flex ml-1 md:w-full md:m-auto md:mb-4 gap-0 md:gap-2 justify-center\">\n<p>_<\/p><\/div>\n<\/div>\n<\/div>\n<\/form>\n<\/div>\n","protected":false},"excerpt":{"rendered":"<p>LIMANA\u00a0 Valentino D&#8217;Inc\u00e0, un operaio di 55 anni di Borgo Valbelluna, \u00e8 stato vittima di un tragico attacco cardiaco mentre si trovava al lavoro presso la Epta Costan di Limana. L&#8217;incidente \u00e8 avvenuto poco dopo l&#8217;inizio del suo turno di lavoro presso il reparto di Montaggio, al primo posto della linea Rn2. Nonostante i tentativi&hellip;<\/p>\n","protected":false},"author":4,"featured_media":348787,"comment_status":"closed","ping_status":"closed","sticky":false,"template":"","format":"standard","meta":{"_monsterinsights_skip_tracking":false,"_monsterinsights_sitenote_active":false,"_monsterinsights_sitenote_note":"","_monsterinsights_sitenote_category":0,"footnotes":""},"categories":[51,49],"tags":[],"class_list":["post-358167","post","type-post","status-publish","format-standard","has-post-thumbnail","hentry","category-evidenza-top","category-news-18","category-51","category-49","description-off"],"img_url":"https:\/\/www.radiopiu.net\/wordpress\/wp-content\/uploads\/2023\/08\/ambulanza-ulss-1.jpg","_links":{"self":[{"href":"https:\/\/www.radiopiu.net\/wordpress\/wp-json\/wp\/v2\/posts\/358167","targetHints":{"allow":["GET"]}}],"collection":[{"href":"https:\/\/www.radiopiu.net\/wordpress\/wp-json\/wp\/v2\/posts"}],"about":[{"href":"https:\/\/www.radiopiu.net\/wordpress\/wp-json\/wp\/v2\/types\/post"}],"author":[{"embeddable":true,"href":"https:\/\/www.radiopiu.net\/wordpress\/wp-json\/wp\/v2\/users\/4"}],"replies":[{"embeddable":true,"href":"https:\/\/www.radiopiu.net\/wordpress\/wp-json\/wp\/v2\/comments?post=358167"}],"version-history":[{"count":0,"href":"https:\/\/www.radiopiu.net\/wordpress\/wp-json\/wp\/v2\/posts\/358167\/revisions"}],"wp:featuredmedia":[{"embeddable":true,"href":"https:\/\/www.radiopiu.net\/wordpress\/wp-json\/wp\/v2\/media\/348787"}],"wp:attachment":[{"href":"https:\/\/www.radiopiu.net\/wordpress\/wp-json\/wp\/v2\/media?parent=358167"}],"wp:term":[{"taxonomy":"category","embeddable":true,"href":"https:\/\/www.radiopiu.net\/wordpress\/wp-json\/wp\/v2\/categories?post=358167"},{"taxonomy":"post_tag","embeddable":true,"href":"https:\/\/www.radiopiu.net\/wordpress\/wp-json\/wp\/v2\/tags?post=358167"}],"curies":[{"name":"wp","href":"https:\/\/api.w.org\/{rel}","templated":true}]}}