{"id":358194,"date":"2023-10-24T07:55:59","date_gmt":"2023-10-24T05:55:59","guid":{"rendered":"https:\/\/www.radiopiu.net\/wordpress\/?p=358194"},"modified":"2023-10-24T08:01:39","modified_gmt":"2023-10-24T06:01:39","slug":"la-rassegna-stampa-locale-dal-1983-e-ogni-giorno-alle-7-la-rassegna-in-breve","status":"publish","type":"post","link":"https:\/\/www.radiopiu.net\/wordpress\/la-rassegna-stampa-locale-dal-1983-e-ogni-giorno-alle-7-la-rassegna-in-breve\/","title":{"rendered":"LA RASSEGNA STAMPA LOCALE DAL 1983,  e ogni giorno alle 7 LA RASSEGNA IN BREVE"},"content":{"rendered":"<p><iframe loading=\"lazy\" title=\"LA RASSEGNA STAMPA LOCALE DAL 1983, L&#039;ORIGINALE. e ogni giorno alle 7 LA RASSEGNA IN BREVE per chi v\" width=\"1200\" height=\"675\" src=\"https:\/\/www.youtube.com\/embed\/WcSq4ZCygeY?feature=oembed\" frameborder=\"0\" allow=\"accelerometer; autoplay; clipboard-write; encrypted-media; gyroscope; picture-in-picture; web-share\" allowfullscreen><\/iframe><\/p>\n<p>&nbsp;<\/p>\n<p>VENEZIA Il Meteo regionale segnala che il Veneto \u00e8 interessato da una perturbazione associata al transito di una saccatura. Il tempo sar\u00e0 in prevalenza perturbato con precipitazioni diffuse, localmente anche abbondanti specie su zone montane e pedemontane.<br \/>\nANAS nell\u2019ambito dei lavori di ripristino delle travi della galleria paramassi \u2018Laste\u2019, danneggiate a seguito di urto di veicoli fuori sagoma, ha programmato le operazioni di varo delle nuove travi metalliche. La chiusura sar\u00e0 attivata dalle 21:15 alle 5:45 del mattino successivo mentre la sera di domenica 8 ottobre e 15 ottobre l\u2019interdizione al traffico sar\u00e0 posticipata dalle ore 22:30 sempre fino alle 5:45 del giorno successivo.<br \/>\nE&#8217; MORTO DA DEPPO, UOMO DI MATTMARK Ganni Da Deppa aveva 90 anni, \u00e8 mancato dopo breve malattia, noto per la tragedia di Mattmark in cui, il 30 agosto del 1965, morirono\u00a0 88 persone, 17 bellunesi.<br \/>\nLIMANA\u00a0 Valentino D&#8217;Inc\u00e0, un operaio di 55 anni di Borgo Valbelluna, \u00e8 stato vittima di un tragico attacco cardiaco mentre si trovava al lavoro presso la Epta Costan di Limana. L&#8217;incidente \u00e8 avvenuto poco dopo l&#8217;inizio del suo turno di lavoro presso il reparto di Montaggio, al primo posto della linea Rn2<br \/>\nLA CURIOSITA&#8217;, IL GIUDICE DI PACE DA TORTO ALL&#8217;AGENZIA DELLE ENTRATE<br \/>\nBELLUNO\u00a0 Impugna la sanzione di 100 euro\u00a0 (per non aver fatto il vaccino covid) e il giudice di pace le d\u00e0 ragione.<br \/>\nROMA Via libera dal Consiglio dei Ministri al disegno di legge di promozione delle zone montane che disciplina, tra l&#8217;altro, una serie di agevolazioni per i docenti che prestano servizio presso le scuole di montagna.<br \/>\nMALAGO&#8217; A SEDICO E BOB A CORTINA &#8220;UN&#8217;IDEA IN TESTA CE L&#8217;HO, VEDIAMO COSA NE USCIRA'&#8221; Il presidente del CONI Giovanni Malag\u00f2 oggi in provincia di Belluno; l&#8217;occasione per parlare del futuro della pista da bob e della richiesta di rimodulazione delle gare olimpiche.<br \/>\nE DA NOVENTA&#8230; ZAIA NON SI DA PER VINTO, CREDE ANCORA NELLA POSSIBILITA&#8217; DI UNA RIDISTRIBUZIONE DELLE GARE, &#8220;A CORTINA, OLIMPIADI SOLO SULLA CARTA, NON PUO&#8217; ESSERE TRATTATA COSI'&#8221;<br \/>\nUNA NUOVA SALA POLIFUNZIONALE AL CSA &#8220;TESTOLINI&#8221; DI LIMANA<br \/>\nINAUGURATO IL NUOVO PONTE DELLE CORDE FELTRE Taglio del nastro\u00a0 al nuovo Ponte delle Corde, il ponte collega a sud la frazione di Villaga ed \u00e8 il rifacimento e consolidamento del vecchio ponte.<br \/>\nselva di cadore LA MOSTRA \u201cEVOLUTION. STORIE DI CAMBIAMENTO\u201d CHIUDE TOTALIZZANDO OLTRE 10MILA VISITATORI<br \/>\nTAIBON RICORDA GERARDI CONEDERA, IL PRETE DEI POVERI<br \/>\nTORNA PROTAGONISTA L&#8217;ACQUA IN ALPAGO CON CHIES E LE SUE MONTAGNE ALPAGO Il 27 ottobre a Chies e le sue montagne si terr\u00e0 una tavola rotonda dal titolo &#8220;L&#8217;acqua \u00e8 una risorsa per tutti o delle Comunit\u00e0 locali?<br \/>\nBELLUNO\u00a0 L\u2019Associazione AIL &#8211; Sezione di Belluno ha donato un microscopio motorizzato a fluorescenza all\u2019Unit\u00e0 Operativa di Anatomia Patologica dell\u2019Ospedale di Belluno.<br \/>\nDAL 28 OTTOBRE PER 5 APPUNTAMENTI &#8211; RASSEGNA TEATRALE CINQUE VIE\u00a0 &#8211; XIV EDIZIONE, TEATRO SAN GAETANO Cinque spettacoli, cinque percorsi emotivi, cinque vie diverse da attraversare e ad ogni via sentirsi pi\u00f9 \u201cricchi\u201d di prima. Alla XIV edizione &#8220;manteniamo la rotta&#8221; in direzione del teatro &#8220;scomodo&#8221;, per generare emozioni, confronti e riflessioni. 5 Vie tra i sogni di un grande alpinista, tra i pensieri nascosti e troppo spesso malati dei giovani, tra l&#8217;incantevole grazia di un mondo al femminile, tra la visione del male agli occhi di un&#8217;anima candida e tra le seducenti ma terribili azioni di una intramontabile Lady Macbeth.<br \/>\nAGORDO L&#8217;AICS di Belluno in collaborazione con l&#8217;Unione Montana Agordina organizza un incontro in Sala Don Tamis per parlare della riforma dello sport. La serata si svolger\u00e0 venerd\u00ec 3 novembre alle 20:30. &#8220;Lavoratori Volontari Nello Sport&#8221; il titolo della serata a cura di Bianca Maria Stivanello, Avvocato cassazionista che si occupa di diritto e fiscalit\u00e0 dello sport e del terzo settore.<\/p>\n<p>GIESSE PER LO SPORT&#8221; &#8230; con la Canottieri Belluno, calcio a 5. Tutto sul campionato di serie A2, girone A. Il programma alla RADIO che da ascolto ai talenti del calcio a 5 bellunese. IN COLLABORAZIONE CON GIESSE RISARCIMENTO DANNI A BELLUNO RADIO PIU&#8217; EMITTENTE AGORDINA (Taibon_32027): IL LUNEDI ALLE 16.30, IL MARTEDI ALLE 13.05<\/p>\n<p>VELA Alpago Sailing Team trionfa anche a La Cinquanta<\/p>\n<p>&nbsp;<\/p>\n<p>&nbsp;<\/p>\n<p>&nbsp;<\/p>\n<p>&nbsp;<\/p>\n","protected":false},"excerpt":{"rendered":"<p>&nbsp; VENEZIA Il Meteo regionale segnala che il Veneto \u00e8 interessato da una perturbazione associata al transito di una saccatura. Il tempo sar\u00e0 in prevalenza perturbato con precipitazioni diffuse, localmente anche abbondanti specie su zone montane e pedemontane. ANAS nell\u2019ambito dei lavori di ripristino delle travi della galleria paramassi \u2018Laste\u2019, danneggiate a seguito di urto&hellip;<\/p>\n","protected":false},"author":4,"featured_media":358195,"comment_status":"closed","ping_status":"closed","sticky":false,"template":"","format":"standard","meta":{"_monsterinsights_skip_tracking":false,"_monsterinsights_sitenote_active":false,"_monsterinsights_sitenote_note":"","_monsterinsights_sitenote_category":0,"footnotes":""},"categories":[49,142],"tags":[],"class_list":["post-358194","post","type-post","status-publish","format-standard","has-post-thumbnail","hentry","category-news-18","category-rassegna-stampa","category-49","category-142","description-off"],"img_url":"https:\/\/www.radiopiu.net\/wordpress\/wp-content\/uploads\/2023\/10\/Senza-nome-62.png","_links":{"self":[{"href":"https:\/\/www.radiopiu.net\/wordpress\/wp-json\/wp\/v2\/posts\/358194","targetHints":{"allow":["GET"]}}],"collection":[{"href":"https:\/\/www.radiopiu.net\/wordpress\/wp-json\/wp\/v2\/posts"}],"about":[{"href":"https:\/\/www.radiopiu.net\/wordpress\/wp-json\/wp\/v2\/types\/post"}],"author":[{"embeddable":true,"href":"https:\/\/www.radiopiu.net\/wordpress\/wp-json\/wp\/v2\/users\/4"}],"replies":[{"embeddable":true,"href":"https:\/\/www.radiopiu.net\/wordpress\/wp-json\/wp\/v2\/comments?post=358194"}],"version-history":[{"count":0,"href":"https:\/\/www.radiopiu.net\/wordpress\/wp-json\/wp\/v2\/posts\/358194\/revisions"}],"wp:featuredmedia":[{"embeddable":true,"href":"https:\/\/www.radiopiu.net\/wordpress\/wp-json\/wp\/v2\/media\/358195"}],"wp:attachment":[{"href":"https:\/\/www.radiopiu.net\/wordpress\/wp-json\/wp\/v2\/media?parent=358194"}],"wp:term":[{"taxonomy":"category","embeddable":true,"href":"https:\/\/www.radiopiu.net\/wordpress\/wp-json\/wp\/v2\/categories?post=358194"},{"taxonomy":"post_tag","embeddable":true,"href":"https:\/\/www.radiopiu.net\/wordpress\/wp-json\/wp\/v2\/tags?post=358194"}],"curies":[{"name":"wp","href":"https:\/\/api.w.org\/{rel}","templated":true}]}}