{"id":358203,"date":"2023-10-25T05:50:06","date_gmt":"2023-10-25T03:50:06","guid":{"rendered":"https:\/\/www.radiopiu.net\/wordpress\/?p=358203"},"modified":"2023-10-25T06:21:24","modified_gmt":"2023-10-25T04:21:24","slug":"giornale-radiopiu-25-ottobre-2023-direttore-mirko-mezzacasada-40-anni-25-giugno-1983-25-giugno-2023","status":"publish","type":"post","link":"https:\/\/www.radiopiu.net\/wordpress\/giornale-radiopiu-25-ottobre-2023-direttore-mirko-mezzacasada-40-anni-25-giugno-1983-25-giugno-2023\/","title":{"rendered":"GIORNALE RADIOPIU 25 OTTOBRE 2023 DIRETTORE MIRKO MEZZACASA\u2026DA 40 ANNI 25 GIUGNO 1983-25 GIUGNO 2023"},"content":{"rendered":"<h1 class=\"entry-title photoswipe-wrapper\">40esimo di RADIOPIU\u2026. LA VOCE DELL\u2019EMOZIONE<\/h1>\n<h2><span style=\"color: #ff0000;\">ISCRIVITI AL NOSTRO CANALE\u00a0\u00a0YOUTUBE PER SEGUIRE IN DIRETTA I PRINCIPALI PROGRAMMI DI RADIO PIU\u2019 E LE FUTURE DIRETTE IN ESTERNA. PER ISCRIVERTI <a style=\"color: #ff0000;\" href=\"https:\/\/youtube.com\/@radiopiu1527\">CLICCA QUI\u00a0<\/a>E PREMI\u00a0 \u201cIscriviti\u201d\u00a0\u00a0<\/span><b>\u00a0<\/b><\/h2>\n<p>&nbsp;<\/p>\n<blockquote>\n<h1>INIZIATIVE ULSS1 DOLOMITI-BELLUNO<\/h1>\n\n\t\t\t<style type='text\/css'>\n\t\t\t\t#gallery-1 {\n\t\t\t\t\tmargin: auto;\n\t\t\t\t}\n\t\t\t\t#gallery-1 .gallery-item {\n\t\t\t\t\tfloat: left;\n\t\t\t\t\tmargin-top: 10px;\n\t\t\t\t\ttext-align: center;\n\t\t\t\t\twidth: 50%;\n\t\t\t\t}\n\t\t\t\t#gallery-1 img {\n\t\t\t\t\tborder: 2px solid #cfcfcf;\n\t\t\t\t}\n\t\t\t\t#gallery-1 .gallery-caption {\n\t\t\t\t\tmargin-left: 0;\n\t\t\t\t}\n\t\t\t\t\/* see gallery_shortcode() in wp-includes\/media.php *\/\n\t\t\t<\/style>\n\t\t<div id='gallery-1' class='dt-gallery-container gallery galleryid-358203 gallery-columns-2 gallery-size-medium'><dl class='gallery-item'>\n\t\t\t\t<dt class='gallery-icon portrait'>\n\t\t\t\t\t<a class=\"rollover rollover-zoom dt-pswp-item\" title=\"392878514_822842989540507_2672116902826523400_n\" data-dt-img-description=\"\" data-large_image_width=\"509\" data-large_image_height=\"720\"href='https:\/\/www.radiopiu.net\/wordpress\/wp-content\/uploads\/2023\/10\/392878514_822842989540507_2672116902826523400_n.jpg'><img loading=\"lazy\" decoding=\"async\" width=\"212\" height=\"300\" src=\"https:\/\/www.radiopiu.net\/wordpress\/wp-content\/uploads\/2023\/10\/392878514_822842989540507_2672116902826523400_n-212x300.jpg\" class=\"attachment-medium size-medium\" alt=\"\" srcset=\"https:\/\/www.radiopiu.net\/wordpress\/wp-content\/uploads\/2023\/10\/392878514_822842989540507_2672116902826523400_n-212x300.jpg 212w, https:\/\/www.radiopiu.net\/wordpress\/wp-content\/uploads\/2023\/10\/392878514_822842989540507_2672116902826523400_n.jpg 509w\" sizes=\"auto, (max-width: 212px) 100vw, 212px\" \/><\/a>\n\t\t\t\t<\/dt><\/dl><dl class='gallery-item'>\n\t\t\t\t<dt class='gallery-icon portrait'>\n\t\t\t\t\t<a class=\"rollover rollover-zoom dt-pswp-item\" title=\"392791123_823481889476617_215948379669211063_n\" data-dt-img-description=\"\" data-large_image_width=\"509\" data-large_image_height=\"720\"href='https:\/\/www.radiopiu.net\/wordpress\/wp-content\/uploads\/2023\/10\/392791123_823481889476617_215948379669211063_n.jpg'><img loading=\"lazy\" decoding=\"async\" width=\"212\" height=\"300\" src=\"https:\/\/www.radiopiu.net\/wordpress\/wp-content\/uploads\/2023\/10\/392791123_823481889476617_215948379669211063_n-212x300.jpg\" class=\"attachment-medium size-medium\" alt=\"\" srcset=\"https:\/\/www.radiopiu.net\/wordpress\/wp-content\/uploads\/2023\/10\/392791123_823481889476617_215948379669211063_n-212x300.jpg 212w, https:\/\/www.radiopiu.net\/wordpress\/wp-content\/uploads\/2023\/10\/392791123_823481889476617_215948379669211063_n.jpg 509w\" sizes=\"auto, (max-width: 212px) 100vw, 212px\" \/><\/a>\n\t\t\t\t<\/dt><\/dl><br style=\"clear: both\" \/>\n\t\t\t<\/div>\n<\/blockquote>\n<p>&nbsp;<\/p>\n<p>&nbsp;<\/p>\n<hr \/>\n<p>&nbsp;<\/p>\n<p><img loading=\"lazy\" decoding=\"async\" class=\"alignleft\" src=\"https:\/\/www.radiopiu.net\/wordpress\/wp-content\/uploads\/2022\/05\/download-2.jpg\" width=\"84\" height=\"84\" \/><\/p>\n<p style=\"text-align: center;\"><strong>SERVIZIO IDRICO, ACQUA SEMPRE INQUINATA NELLE FRAZIONI ALTE DI AGORDO<\/strong><\/p>\n<p>Gestione Servizi Pubblici informa che ad <strong>AGORDO<\/strong> nelle localit\u00e0 <span style=\"color: #000000;\">PIASENT, COLVIGNAS, CAMPON, LE FOCHE <\/span>l&#8217;acqua erogata dall&#8217;acquedotto non \u00e8 potabile e pu\u00f2 essere usata per scopi alimentari SOLO PREVIA bollitura.<\/p>\n<p><strong>TAIBON<\/strong> Oggi dalle 9 alle 12 potrebbe mancare l&#8217;acqua\u00a0 nelle localit\u00e0 CAPOLUOGO e CAMPAGNA e nelle vie CROTTA, CARAVAGGIO, FUSINE, BRUSTOLON, STRAPONT, CHIESA, NOGAROLA, FOCH, COL DI LANA E LATERALI.<\/p>\n<p>&nbsp;<\/p>\n<p><strong>SP 347 DURAN-CEREDA<\/strong> localit\u00e0 Mota Bianca,<span style=\"color: #ff0000;\"> dal 30 ottobre al 30 novembre<\/span> &#8211; sabato e domenica esclusi &#8211; senso unico alternato regolato da movieri con interruzioni fino a 30 minuti per lavori di taglio piante affette da bostrico.<\/p>\n<p>&nbsp;<\/p>\n<hr \/>\n<p>&nbsp;<\/p>\n<p><a class=\"dt-pswp-item\" href=\"https:\/\/www.radiopiu.net\/wordpress\/wp-content\/uploads\/2023\/10\/34f4cfc6-e863-46e9-9695-8df44be63421.jpg\" data-dt-img-description=\"\" data-large_image_width=\"1200\" data-large_image_height=\"1200\"><img loading=\"lazy\" decoding=\"async\" class=\"wp-image-357393 alignleft\" src=\"https:\/\/www.radiopiu.net\/wordpress\/wp-content\/uploads\/2023\/10\/34f4cfc6-e863-46e9-9695-8df44be63421-300x300.jpg\" alt=\"\" width=\"81\" height=\"81\" srcset=\"https:\/\/www.radiopiu.net\/wordpress\/wp-content\/uploads\/2023\/10\/34f4cfc6-e863-46e9-9695-8df44be63421-300x300.jpg 300w, https:\/\/www.radiopiu.net\/wordpress\/wp-content\/uploads\/2023\/10\/34f4cfc6-e863-46e9-9695-8df44be63421-1024x1024.jpg 1024w, https:\/\/www.radiopiu.net\/wordpress\/wp-content\/uploads\/2023\/10\/34f4cfc6-e863-46e9-9695-8df44be63421-150x150.jpg 150w, https:\/\/www.radiopiu.net\/wordpress\/wp-content\/uploads\/2023\/10\/34f4cfc6-e863-46e9-9695-8df44be63421-768x768.jpg 768w, https:\/\/www.radiopiu.net\/wordpress\/wp-content\/uploads\/2023\/10\/34f4cfc6-e863-46e9-9695-8df44be63421.jpg 1200w\" sizes=\"auto, (max-width: 81px) 100vw, 81px\" \/><\/a>OGGI ALLA RADIO: <strong>ALLE 7<\/strong> LA RASSEGNA STAMPA LOCALE FLASH, PER CHI COME NOI ALLE SETTE DEL MATTINO VA DI FRETTA, TANTE NOTIZIE IN POCHE CHIACCHIERE. <strong>ALLE OTTO<\/strong> L&#8217;APPROFONDIMENTO NELLA STORICA RASSEGNA STAMPA LOCALE<\/p>\n<p>oggi alla radio piu&#8217;&#8230;..<br \/>\n9 e 20.30 LIBER con <span class=\"xv78j7m\" spellcheck=\"false\">Liana Cavallet<\/span><br \/>\n10.10 e 18.30 <span class=\"xv78j7m\" spellcheck=\"false\">Alessio Piccoli<\/span> <span class=\"xv78j7m\" spellcheck=\"false\">Cisl Belluno Treviso<\/span> CISL LA VOCE PER I LAVORATORI appuntamento settimanale<br \/>\n10.30 e 1900 SE NON LA SMETTI TI MANDO DAL PRESIDE CON LA PROF. @MARIA ROSA SALMAZO IN COLLABORAZIONE CON SUPER W&#8230; I SUPERAMERCATI DELLA PROVINCIA DI BELLUNO appuntamento settimanale<br \/>\n12.30 GIORNALE RADIO EDIZIONE PRINCIPALE<br \/>\n13.10 <span class=\"xv78j7m\" spellcheck=\"false\">Appia CNA<\/span> AD <span class=\"xv78j7m\" spellcheck=\"false\">Arredamont &#8211; Mostra Nazionale dell&#8217;Arredare in Montagna<\/span><br \/>\n14.00-23 <span class=\"xv78j7m\" spellcheck=\"false\">Marco V. Dal Farra<\/span> RIMASTI PIU&#8217; AVANTI&#8230; LA MUSICA A BELLUNO E I PROTAGONISTI DELLA MUSICA BELLUNESE. appuntamento settimanale<\/p>\n<p>radiopiu&#8230;. immagina non ci fosse.<\/p>\n<p>&nbsp;<\/p>\n<p>&nbsp;<\/p>\n<p>&nbsp;<\/p>\n<hr \/>\n<p>&nbsp;<\/p>\n<blockquote>\n<h2>La\u00a0 frana ostruisce la strada al Rifugio Citt\u00e0 di Fiume<\/h2>\n<\/blockquote>\n<p><strong><a class=\"dt-pswp-item\" href=\"https:\/\/www.radiopiu.net\/wordpress\/wp-content\/uploads\/2023\/10\/372011162_18382471084059968_202643675468416060_n.jpg\" data-dt-img-description=\"\" data-large_image_width=\"960\" data-large_image_height=\"960\"><img loading=\"lazy\" decoding=\"async\" class=\"wp-image-358354 alignleft\" src=\"https:\/\/www.radiopiu.net\/wordpress\/wp-content\/uploads\/2023\/10\/372011162_18382471084059968_202643675468416060_n-300x300.jpg\" alt=\"\" width=\"113\" height=\"113\" srcset=\"https:\/\/www.radiopiu.net\/wordpress\/wp-content\/uploads\/2023\/10\/372011162_18382471084059968_202643675468416060_n-300x300.jpg 300w, https:\/\/www.radiopiu.net\/wordpress\/wp-content\/uploads\/2023\/10\/372011162_18382471084059968_202643675468416060_n-150x150.jpg 150w, https:\/\/www.radiopiu.net\/wordpress\/wp-content\/uploads\/2023\/10\/372011162_18382471084059968_202643675468416060_n-768x768.jpg 768w, https:\/\/www.radiopiu.net\/wordpress\/wp-content\/uploads\/2023\/10\/372011162_18382471084059968_202643675468416060_n.jpg 960w\" sizes=\"auto, (max-width: 113px) 100vw, 113px\" \/><\/a>BORCA DI CADORE<\/strong> Una massiccia frana sulla strada silvo-pastorale (segnavia 467) che collega il Passo Staulanza al Rifugio Citt\u00e0 di Fiume,\u00a0 situazione critica.\u00a0 La colata di detriti ha avuto origine tra le montagne Pelmo e Pelmetto,\u00a0 innescata dalle forti piogge di venerd\u00ec scorso. Fortunatamente, l&#8217;accaduto \u00e8 avvenuto durante la notte, in un periodo non turistico e con il rifugio gi\u00e0 chiuso per lavori di manutenzione. Tuttavia, le conseguenze sono state gravi, poich\u00e9 la frana ha ostruito la strada utilizzata sia dai lavoratori sia dalla ditta incaricata dei lavori al rifugio. Questo ha reso difficile qualsiasi movimento in zona. Il Comune di Borca,\u00a0 ha emesso un&#8217;ordinanza di chiusura.\u00a0 Nello stesso punto era stato coinvolto in un evento simile nel lontano 1994. Tuttavia, questa volta la situazione \u00e8 peggiorata, con la frana che ha raggiunto un punto molto vicino a una zona frequentemente attraversata da persone e veicoli durante l&#8217;estate.<\/p>\n<p>&nbsp;<\/p>\n<hr \/>\n<p>&nbsp;<\/p>\n<p>&nbsp;<\/p>\n<h3>SABATO IN PIAZZA A DIFESA DELLA SANITA&#8217;, NON UN COSTO MA IL MIGLIOR INVESTIMENTO PER IL FUTURO<\/h3>\n<blockquote><p><em>La denuncia di Covesap: poco interesse della politica e degli amministratori locali<\/em><\/p><\/blockquote>\n<h3><a class=\"dt-pswp-item\" href=\"https:\/\/www.radiopiu.net\/wordpress\/wp-content\/uploads\/2023\/10\/1c604af5-26f3-498d-b23c-7be0eb1dc623.jpg\" data-dt-img-description=\"\" data-large_image_width=\"1600\" data-large_image_height=\"900\"><img loading=\"lazy\" decoding=\"async\" class=\"size-medium wp-image-358301 alignleft\" src=\"https:\/\/www.radiopiu.net\/wordpress\/wp-content\/uploads\/2023\/10\/1c604af5-26f3-498d-b23c-7be0eb1dc623-300x169.jpg\" alt=\"\" width=\"300\" height=\"169\" srcset=\"https:\/\/www.radiopiu.net\/wordpress\/wp-content\/uploads\/2023\/10\/1c604af5-26f3-498d-b23c-7be0eb1dc623-300x169.jpg 300w, https:\/\/www.radiopiu.net\/wordpress\/wp-content\/uploads\/2023\/10\/1c604af5-26f3-498d-b23c-7be0eb1dc623-1024x576.jpg 1024w, https:\/\/www.radiopiu.net\/wordpress\/wp-content\/uploads\/2023\/10\/1c604af5-26f3-498d-b23c-7be0eb1dc623-768x432.jpg 768w, https:\/\/www.radiopiu.net\/wordpress\/wp-content\/uploads\/2023\/10\/1c604af5-26f3-498d-b23c-7be0eb1dc623-1536x864.jpg 1536w, https:\/\/www.radiopiu.net\/wordpress\/wp-content\/uploads\/2023\/10\/1c604af5-26f3-498d-b23c-7be0eb1dc623.jpg 1600w\" sizes=\"auto, (max-width: 300px) 100vw, 300px\" \/><\/a><\/h3>\n<p><strong>BELLUNO<\/strong> Di nuovo in piazza a difesa della sanit\u00e0. Sabato alle 14.30 dal piazzale della stazione, dopo un percorso di circa 2 chilometri ritrovo in piazza Duomo per gli interventi. Si tratta della terza manifestazione regionale promossa dal Coordinamento Veneto dei comitati di cittadini per la difesa e il rilancio della sanit\u00e0 pubblica. I temi della manifestazione: \u2022 Il definanziamento del Servizio Pubblico a favore del privato; \u2022 Le mancate assunzioni di personale dipendente, con il tetti di spesa fermi da 20 anni;\u2022 La situazione deficitaria di ospedali e servizi territoriali, che si evidenzia con lo sproporzionato aumento delle liste di attesa; \u2022 Una gestione della sanit\u00e0 accentrata in regione, che non tiene conto dei bisogni dei territori;\u2022 La mancanza di percorsi di reale presa in carico delle persone fragili o non autosufficienti.<\/p>\n<p>&nbsp;<\/p>\n<blockquote>\n<h3><strong>IERI SERA, TG DI ANTENNA 3 (19.30 CANALE 10 DIGITALE TERRESTRE) E ALLE 19.05 LE ANTICIPAZIONI ALLA RADIO<br \/>\n<\/strong><\/h3>\n<p>DI STEFANO BOZZI<\/p>\n<p>Intervistato SALVATORE LIHARD (COORDINAMENTO COVESAP)<\/p><\/blockquote>\n<p><iframe loading=\"lazy\" title=\"SABATO 28 OTTOBRE A BELLUNO IL CORTEO PER SALVARE LA SANITA&#039; PUBBLICA | 24\/10\/2023\" width=\"1200\" height=\"675\" src=\"https:\/\/www.youtube.com\/embed\/x3iugT5vv6s?start=1&#038;feature=oembed\" frameborder=\"0\" allow=\"accelerometer; autoplay; clipboard-write; encrypted-media; gyroscope; picture-in-picture; web-share\" allowfullscreen><\/iframe><\/p>\n<p>&nbsp;<\/p>\n<hr \/>\n<p>&nbsp;<\/p>\n<blockquote>\n<h3>SANTA GIUSTINA, INCIDENTE LUNGO LA SS 50: TRE FERITI e statale in tilt per tre ore<\/h3>\n<\/blockquote>\n<div class=\"flex-1 overflow-hidden\">\n<div class=\"react-scroll-to-bottom--css-ctqbv-79elbk h-full dark:bg-gray-800\">\n<div class=\"react-scroll-to-bottom--css-ctqbv-1n7m0yu\">\n<div class=\"flex flex-col text-sm gizmo:pb-9 dark:bg-gray-800\">\n<div class=\"group final-completion w-full text-token-text-primary border-b border-black\/10 gizmo:border-0 dark:border-gray-900\/50 gizmo:dark:border-0 bg-gray-50 gizmo:bg-transparent dark:bg-[#444654] gizmo:dark:bg-transparent\" data-testid=\"conversation-turn-3\">\n<div class=\"p-4 gizmo:py-2 justify-center text-base md:gap-6 md:py-6 m-auto\">\n<div class=\"flex flex-1 gap-4 text-base mx-auto md:gap-6 gizmo:gap-3 gizmo:md:px-5 gizmo:lg:px-1 gizmo:xl:px-5 md:max-w-2xl lg:max-w-[38rem] gizmo:md:max-w-3xl gizmo:lg:max-w-[40rem] gizmo:xl:max-w-[48rem] xl:max-w-3xl }\">\n<div class=\"relative flex w-[calc(100%-50px)] flex-col gizmo:w-full lg:w-[calc(100%-115px)] agent-turn\">\n<div class=\"flex-col gap-1 md:gap-3\">\n<div class=\"flex flex-grow flex-col gap-3 max-w-full\">\n<div class=\"min-h-[20px] flex flex-col items-start gap-3 whitespace-pre-wrap break-words overflow-x-auto\">\n<div class=\"markdown prose w-full break-words dark:prose-invert dark\">\n<p><strong>SANTA GIUSTINA<\/strong> Tre feriti, uno pi\u00f9 grave rimasto incastrato nell&#8217;abitacolo, nell&#8217;incidente di ieri mattina a Volpere. Coinvolti due veicoli, uno dei quali \u00e8 finito capovolto.\u00a0 I feriti sono stati assistiti dal personale del Suem e successivamente trasferiti in ospedale a Feltre e Belluno. Il conducente dell&#8217;auto capovolta, un uomo di 49 anni residente nella provincia di Treviso, ha riportato ferite gravi ed \u00e8 stato trasportato al Santa Maria del Prato. Pi\u00f9 lievi le ferite per un uomo di 59 anni originario di Belluno e una donna di 42 anni proveniente da Treviso. \u00a0Coinvolte nel frontale due auto: una Volkswagen Passat su cui viaggiava la coppia trevigiana di San Zenone degli Ezzelini e un Fiat Qubo dell&#8217;associazione di volontariato Anteas La Cometa di Seren del Grappa, che rientrava da un servizio di accompagnamento a Sedico di un utente. Il volontario serenese del servizio di trasporto anziani e invalidi dell&#8217;Anteas ha riportato le conseguenze meno gravi ma il mezzo solidale \u00e8 andato distrutto. Le conseguenze sono state pesanti sulla viabilit\u00e0, con la statale 50 bloccata per quasi tre ore, lunghe code e il traffico poi deviato per la zona industriale.<\/p>\n<p><a class=\"dt-pswp-item\" href=\"https:\/\/www.radiopiu.net\/wordpress\/wp-content\/uploads\/2023\/10\/Senza-nome-63.png\" data-dt-img-description=\"\" data-large_image_width=\"702\" data-large_image_height=\"282\"><img loading=\"lazy\" decoding=\"async\" class=\"wp-image-358255 size-full aligncenter\" src=\"https:\/\/www.radiopiu.net\/wordpress\/wp-content\/uploads\/2023\/10\/Senza-nome-63.png\" alt=\"\" width=\"702\" height=\"282\" srcset=\"https:\/\/www.radiopiu.net\/wordpress\/wp-content\/uploads\/2023\/10\/Senza-nome-63.png 702w, https:\/\/www.radiopiu.net\/wordpress\/wp-content\/uploads\/2023\/10\/Senza-nome-63-300x121.png 300w\" sizes=\"auto, (max-width: 702px) 100vw, 702px\" \/><\/a><\/p>\n<\/div>\n<\/div>\n<\/div>\n<\/div>\n<\/div>\n<\/div>\n<\/div>\n<\/div>\n<\/div>\n<\/div>\n<\/div>\n<\/div>\n<div class=\"w-full pt-2 md:pt-0 border-t md:border-t-0 dark:border-white\/20 md:border-transparent md:dark:border-transparent md:pl-2 gizmo:pl-0 gizmo:md:pl-0 md:w-[calc(100%-.5rem)] absolute bottom-0 left-0 md:bg-vert-light-gradient bg-white dark:bg-gray-800 md:!bg-transparent dark:md:bg-vert-dark-gradient\">\n<form class=\"stretch mx-2 flex flex-row gap-3 last:mb-2 md:mx-4 md:last:mb-6 lg:mx-auto lg:max-w-2xl xl:max-w-3xl\">\n<div class=\"relative flex h-full flex-1 items-stretch md:flex-col\">\n<div class=\"flex w-full items-center\"><\/div>\n<\/div>\n<\/form>\n<\/div>\n<p><strong>AGORDO<\/strong> In un altro incidente, avvenuto ad Agordo, un giovane di 29 anni ha riportato ferite leggere ed \u00e8 stato trasportato all&#8217;ospedale locale. La dinamica esatta dell&#8217;incidente e le cause sono ancora oggetto di indagine da parte delle autorit\u00e0 competenti.<\/p>\n<p>&nbsp;<\/p>\n<hr \/>\n<p>&nbsp;<\/p>\n<blockquote>\n<h3>SEDICO, INCIDENTE TRA 4 AUTO: UNA PERSONA FERITA, in molti per la strada del Mis<\/h3>\n<\/blockquote>\n<p><strong>SEDICO<\/strong> Due incidenti nel giro di altrettanti minuti, a Sedico lungo la regionale 203 agordina con 4 veicoli coinvolti, ferita una donna 44enne portata in ospedale al San Martino.\u00a0 L&#8217;altro sinistro a Visome, leggermente ferito un 30enne bellunese.\u00a0 Alle 18:30\u00a0 i vigili del fuoco sono intervenuti\u00a0 al km 11+200. I pompieri arrivati da Belluno, hanno messo in sicurezza i mezzi, mentre la persona ferita \u00e8 stata assistita dal personale sanitario del Suem e trasferita in ospedale. I carabinieri, dopo che la strada \u00e8 rimasta chiusa per pi\u00f9 di due ore hanno deviato il traffico ed eseguito i rilievi del sinistro. Le operazioni di soccorso dei vigili del fuoco sono terminate alle 21:30.<\/p>\n\n\t\t\t<style type='text\/css'>\n\t\t\t\t#gallery-2 {\n\t\t\t\t\tmargin: auto;\n\t\t\t\t}\n\t\t\t\t#gallery-2 .gallery-item {\n\t\t\t\t\tfloat: left;\n\t\t\t\t\tmargin-top: 10px;\n\t\t\t\t\ttext-align: center;\n\t\t\t\t\twidth: 33%;\n\t\t\t\t}\n\t\t\t\t#gallery-2 img {\n\t\t\t\t\tborder: 2px solid #cfcfcf;\n\t\t\t\t}\n\t\t\t\t#gallery-2 .gallery-caption {\n\t\t\t\t\tmargin-left: 0;\n\t\t\t\t}\n\t\t\t\t\/* see gallery_shortcode() in wp-includes\/media.php *\/\n\t\t\t<\/style>\n\t\t<div id='gallery-2' class='dt-gallery-container gallery galleryid-358203 gallery-columns-3 gallery-size-thumbnail'><dl class='gallery-item'>\n\t\t\t\t<dt class='gallery-icon landscape'>\n\t\t\t\t\t<a class=\"rollover rollover-zoom dt-pswp-item\" title=\"e38cfcb3-73f5-42d3-9487-1ca8b1e837bc\" data-dt-img-description=\"\" data-large_image_width=\"1280\" data-large_image_height=\"960\"href='https:\/\/www.radiopiu.net\/wordpress\/wp-content\/uploads\/2023\/10\/e38cfcb3-73f5-42d3-9487-1ca8b1e837bc-1.jpg'><img loading=\"lazy\" decoding=\"async\" width=\"150\" height=\"150\" src=\"https:\/\/www.radiopiu.net\/wordpress\/wp-content\/uploads\/2023\/10\/e38cfcb3-73f5-42d3-9487-1ca8b1e837bc-1-150x150.jpg\" class=\"attachment-thumbnail size-thumbnail\" alt=\"\" \/><\/a>\n\t\t\t\t<\/dt><\/dl><dl class='gallery-item'>\n\t\t\t\t<dt class='gallery-icon landscape'>\n\t\t\t\t\t<a class=\"rollover rollover-zoom dt-pswp-item\" title=\"7fe1c82d-bc20-4bf1-9c1f-2f00a3bb967c\" data-dt-img-description=\"\" data-large_image_width=\"1280\" data-large_image_height=\"960\"href='https:\/\/www.radiopiu.net\/wordpress\/wp-content\/uploads\/2023\/10\/7fe1c82d-bc20-4bf1-9c1f-2f00a3bb967c-1.jpg'><img loading=\"lazy\" decoding=\"async\" width=\"150\" height=\"150\" src=\"https:\/\/www.radiopiu.net\/wordpress\/wp-content\/uploads\/2023\/10\/7fe1c82d-bc20-4bf1-9c1f-2f00a3bb967c-1-150x150.jpg\" class=\"attachment-thumbnail size-thumbnail\" alt=\"\" \/><\/a>\n\t\t\t\t<\/dt><\/dl><dl class='gallery-item'>\n\t\t\t\t<dt class='gallery-icon landscape'>\n\t\t\t\t\t<a class=\"rollover rollover-zoom dt-pswp-item\" title=\"0b748a46-0b10-47e0-88c4-d7a1d312f0a2\" data-dt-img-description=\"\" data-large_image_width=\"1280\" data-large_image_height=\"960\"href='https:\/\/www.radiopiu.net\/wordpress\/wp-content\/uploads\/2023\/10\/0b748a46-0b10-47e0-88c4-d7a1d312f0a2-1.jpg'><img loading=\"lazy\" decoding=\"async\" width=\"150\" height=\"150\" src=\"https:\/\/www.radiopiu.net\/wordpress\/wp-content\/uploads\/2023\/10\/0b748a46-0b10-47e0-88c4-d7a1d312f0a2-1-150x150.jpg\" class=\"attachment-thumbnail size-thumbnail\" alt=\"\" \/><\/a>\n\t\t\t\t<\/dt><\/dl><br style=\"clear: both\" \/><dl class='gallery-item'>\n\t\t\t\t<dt class='gallery-icon landscape'>\n\t\t\t\t\t<a class=\"rollover rollover-zoom dt-pswp-item\" title=\"9f99e1d9-630c-46c1-b767-fa1f242dd866\" data-dt-img-description=\"\" data-large_image_width=\"932\" data-large_image_height=\"534\"href='https:\/\/www.radiopiu.net\/wordpress\/wp-content\/uploads\/2023\/10\/9f99e1d9-630c-46c1-b767-fa1f242dd866-1.jpg'><img loading=\"lazy\" decoding=\"async\" width=\"150\" height=\"150\" src=\"https:\/\/www.radiopiu.net\/wordpress\/wp-content\/uploads\/2023\/10\/9f99e1d9-630c-46c1-b767-fa1f242dd866-1-150x150.jpg\" class=\"attachment-thumbnail size-thumbnail\" alt=\"\" \/><\/a>\n\t\t\t\t<\/dt><\/dl><dl class='gallery-item'>\n\t\t\t\t<dt class='gallery-icon landscape'>\n\t\t\t\t\t<a class=\"rollover rollover-zoom dt-pswp-item\" title=\"8d488960-34d5-4ec9-af88-0f2f9ccca801\" data-dt-img-description=\"\" data-large_image_width=\"1024\" data-large_image_height=\"768\"href='https:\/\/www.radiopiu.net\/wordpress\/wp-content\/uploads\/2023\/10\/8d488960-34d5-4ec9-af88-0f2f9ccca801-1.jpg'><img loading=\"lazy\" decoding=\"async\" width=\"150\" height=\"150\" src=\"https:\/\/www.radiopiu.net\/wordpress\/wp-content\/uploads\/2023\/10\/8d488960-34d5-4ec9-af88-0f2f9ccca801-1-150x150.jpg\" class=\"attachment-thumbnail size-thumbnail\" alt=\"\" \/><\/a>\n\t\t\t\t<\/dt><\/dl><dl class='gallery-item'>\n\t\t\t\t<dt class='gallery-icon landscape'>\n\t\t\t\t\t<a class=\"rollover rollover-zoom dt-pswp-item\" title=\"FOTO1\" data-dt-img-description=\"\" data-large_image_width=\"1106\" data-large_image_height=\"688\"href='https:\/\/www.radiopiu.net\/wordpress\/wp-content\/uploads\/2023\/10\/FOTO1.png'><img loading=\"lazy\" decoding=\"async\" width=\"150\" height=\"150\" src=\"https:\/\/www.radiopiu.net\/wordpress\/wp-content\/uploads\/2023\/10\/FOTO1-150x150.png\" class=\"attachment-thumbnail size-thumbnail\" alt=\"\" \/><\/a>\n\t\t\t\t<\/dt><\/dl><br style=\"clear: both\" \/>\n\t\t\t<\/div>\n\n<p><strong>BELLUNO<\/strong> Alle 18 l&#8217;ambulanza del San Martino \u00e8 stata chiamata a Belluno per un altro incidente, leggermente ferita una donna di\u00a0 69\u00a0 anni.<\/p>\n<p>&nbsp;<\/p>\n<p>&nbsp;<\/p>\n<hr \/>\n<p>&nbsp;<\/p>\n<blockquote>\n<h2>BELLUNO, FURGONE DANNEGGIA IL SOTTOPORTICO<\/h2>\n<div class=\"articlePlainText\"><em>Doveva consegnare un pacco e ha finito per rompere il sottoportico della chiesa di Santa Maria delle Grazie. Snobbato il divieto (2,60 metri di altezza \u00e8 passato ugualmente, non si sa a che velocit\u00e0.<\/em><\/div>\n<\/blockquote>\n<p><strong>BELLUNO <\/strong>Poco dopo le 13:30, un incidente ha scosso via Sanfor. Un conducente di un furgone ha calcolato male l&#8217;altezza del suo veicolo, con risultati disastrosi. La Chiesetta di Santa Maria delle Grazie \u00e8 stata danneggiata quando la parte superiore del furgone ha urtato violentemente una trave di supporto del sottoportico. Fortunatamente, nessuna persona \u00e8 rimasta ferita nell&#8217;incidente. Le conseguenze, tuttavia, sono state significative. La collisione ha causato la divelta della trave, danneggiando l&#8217;intera struttura e facendo cadere le tegole. I vigili del fuoco sono prontamente intervenuti da Belluno con due mezzi, inclusa l&#8217;autoscala, per rimuovere tutte le parti pericolanti e per liberare la trave rimasta incastrata nel furgone gravemente danneggiato. Attualmente, le operazioni di sicurezza sono ancora in corso per ripristinare la normalit\u00e0 nella zona.<\/p>\n<p>&nbsp;<\/p>\n\n\t\t\t<style type='text\/css'>\n\t\t\t\t#gallery-3 {\n\t\t\t\t\tmargin: auto;\n\t\t\t\t}\n\t\t\t\t#gallery-3 .gallery-item {\n\t\t\t\t\tfloat: left;\n\t\t\t\t\tmargin-top: 10px;\n\t\t\t\t\ttext-align: center;\n\t\t\t\t\twidth: 33%;\n\t\t\t\t}\n\t\t\t\t#gallery-3 img {\n\t\t\t\t\tborder: 2px solid #cfcfcf;\n\t\t\t\t}\n\t\t\t\t#gallery-3 .gallery-caption {\n\t\t\t\t\tmargin-left: 0;\n\t\t\t\t}\n\t\t\t\t\/* see gallery_shortcode() in wp-includes\/media.php *\/\n\t\t\t<\/style>\n\t\t<div id='gallery-3' class='dt-gallery-container gallery galleryid-358203 gallery-columns-3 gallery-size-thumbnail'><dl class='gallery-item'>\n\t\t\t\t<dt class='gallery-icon landscape'>\n\t\t\t\t\t<a class=\"rollover rollover-zoom dt-pswp-item\" title=\"55c8bcc4-c4f9-4a37-9fe2-fee67dd31c24\" data-dt-img-description=\"\" data-large_image_width=\"1600\" data-large_image_height=\"1004\"href='https:\/\/www.radiopiu.net\/wordpress\/wp-content\/uploads\/2023\/10\/55c8bcc4-c4f9-4a37-9fe2-fee67dd31c24.jpg'><img loading=\"lazy\" decoding=\"async\" width=\"150\" height=\"150\" src=\"https:\/\/www.radiopiu.net\/wordpress\/wp-content\/uploads\/2023\/10\/55c8bcc4-c4f9-4a37-9fe2-fee67dd31c24-150x150.jpg\" class=\"attachment-thumbnail size-thumbnail\" alt=\"\" \/><\/a>\n\t\t\t\t<\/dt><\/dl><dl class='gallery-item'>\n\t\t\t\t<dt class='gallery-icon landscape'>\n\t\t\t\t\t<a class=\"rollover rollover-zoom dt-pswp-item\" title=\"fc48357c-3c1e-444b-b24b-f23322cc793f\" data-dt-img-description=\"\" data-large_image_width=\"1600\" data-large_image_height=\"1062\"href='https:\/\/www.radiopiu.net\/wordpress\/wp-content\/uploads\/2023\/10\/fc48357c-3c1e-444b-b24b-f23322cc793f.jpg'><img loading=\"lazy\" decoding=\"async\" width=\"150\" height=\"150\" src=\"https:\/\/www.radiopiu.net\/wordpress\/wp-content\/uploads\/2023\/10\/fc48357c-3c1e-444b-b24b-f23322cc793f-150x150.jpg\" class=\"attachment-thumbnail size-thumbnail\" alt=\"\" \/><\/a>\n\t\t\t\t<\/dt><\/dl><dl class='gallery-item'>\n\t\t\t\t<dt class='gallery-icon landscape'>\n\t\t\t\t\t<a class=\"rollover rollover-zoom dt-pswp-item\" title=\"8d257582-645a-418b-87c9-fd90b1e7374f\" data-dt-img-description=\"\" data-large_image_width=\"1600\" data-large_image_height=\"900\"href='https:\/\/www.radiopiu.net\/wordpress\/wp-content\/uploads\/2023\/10\/8d257582-645a-418b-87c9-fd90b1e7374f.jpg'><img loading=\"lazy\" decoding=\"async\" width=\"150\" height=\"150\" src=\"https:\/\/www.radiopiu.net\/wordpress\/wp-content\/uploads\/2023\/10\/8d257582-645a-418b-87c9-fd90b1e7374f-150x150.jpg\" class=\"attachment-thumbnail size-thumbnail\" alt=\"\" \/><\/a>\n\t\t\t\t<\/dt><\/dl><br style=\"clear: both\" \/>\n\t\t\t<\/div>\n\n<p>&nbsp;<\/p>\n<hr \/>\n<p>&nbsp;<\/p>\n<blockquote>\n<h3>E&#8217; MORTO RINO REMOR, GELATIERE IN GERMANIA <a class=\"dt-pswp-item\" href=\"https:\/\/www.radiopiu.net\/wordpress\/wp-content\/uploads\/2023\/10\/Senza-nome-66.png\" data-dt-img-description=\"\" data-large_image_width=\"548\" data-large_image_height=\"390\"><img loading=\"lazy\" decoding=\"async\" class=\" wp-image-358350 alignleft\" src=\"https:\/\/www.radiopiu.net\/wordpress\/wp-content\/uploads\/2023\/10\/Senza-nome-66-300x214.png\" alt=\"\" width=\"186\" height=\"133\" srcset=\"https:\/\/www.radiopiu.net\/wordpress\/wp-content\/uploads\/2023\/10\/Senza-nome-66-300x214.png 300w, https:\/\/www.radiopiu.net\/wordpress\/wp-content\/uploads\/2023\/10\/Senza-nome-66.png 548w\" sizes=\"auto, (max-width: 186px) 100vw, 186px\" \/><\/a><\/h3>\n<\/blockquote>\n<p><strong>LONGARONE\u00a0<\/strong> \u00a0Rino Remor,\u00a0 longaronese di Pirago, \u00e8 morto luned\u00ec in Germania, dove era titolare di una gelateria insieme al fratello Massimo. Aveva 55 anni e da qualche mese soffriva di una forma molto aggressiva di leucemia, che negli ultimi tempi l&#8217;aveva costretto al ricovero in ospedale.\u00a0 In Italia, si erano occupati soprattutto del bar Bivio di Ponte nelle Alpi e\u00a0 dell&#8217;Antica Scuderia, in via XXX Aprile, a Belluno. Non c&#8217;\u00e8 ancora una data precisa per la celebrazione dei funerali, perch\u00e9 prima la salma dovr\u00e0 rientrare in Italia<\/p>\n<p>&nbsp;<\/p>\n<p>&nbsp;<\/p>\n<hr \/>\n<blockquote>\n<h2><\/h2>\n<h2>Addio a Luigi Zanchettin, noto come &#8220;Gigi Rock&#8221;: un&#8217;icona musicale nella provincia di Belluno<\/h2>\n<\/blockquote>\n<p><strong><a class=\"dt-pswp-item\" href=\"https:\/\/www.radiopiu.net\/wordpress\/wp-content\/uploads\/2023\/10\/Senza-nome-64.png\" data-dt-img-description=\"\" data-large_image_width=\"270\" data-large_image_height=\"186\"><img loading=\"lazy\" decoding=\"async\" class=\" wp-image-358347 alignleft\" src=\"https:\/\/www.radiopiu.net\/wordpress\/wp-content\/uploads\/2023\/10\/Senza-nome-64.png\" alt=\"\" width=\"213\" height=\"147\" \/><\/a>BELLUNO<\/strong> E&#8217; morto Luigi Zanchettin, meglio conosciuto come &#8220;Gigi Rock&#8221;,\u00a0 carismatico artista, con un look inconfondibile e un sound che faceva ballare il pubblico, aveva 82 anni, il suo pseudonimo era ben noto in tutta la provincia. Da posatore di pavimenti alla veneziana a cantante affermato, Gigi Rock aveva incantato il pubblico in numerose sagre, feste ed eventi pubblici nel corso degli anni. Il suo repertorio musicale era vario, comprendendo brani originali e cover delle canzoni pi\u00f9 celebri dei &#8220;complessi&#8221; italiani e stranieri. Con sette album prodotti autonomamente, tra cui il famoso &#8220;Maledetto telefonin&#8221;, Gigi Rock aveva fatto della musica la sua passione.<\/p>\n<p>&nbsp;<\/p>\n<p>&nbsp;<\/p>\n<hr \/>\n<p>&nbsp;<\/p>\n<blockquote>\n<h3>DOMANI L&#8217;ULTIMO SALUTO ALL&#8217;OPERAIO DELLA COSTAN<\/h3>\n<\/blockquote>\n<div class=\"addthis_sharing_toolbox\" data-url=\"http:\/\/sfoglio.corrierealpi.gelocal.it\/share_article.php?article_id=13247513\" data-title=\"Tre feriti nel frontale alle Volpere conducente incastrato sottosopraDomani l'ultimo saluto a Valen...\"><strong><a class=\"dt-pswp-item\" href=\"https:\/\/www.radiopiu.net\/wordpress\/wp-content\/uploads\/2023\/10\/Senza-nome-65.png\" data-dt-img-description=\"\" data-large_image_width=\"250\" data-large_image_height=\"289\"><img loading=\"lazy\" decoding=\"async\" class=\"wp-image-358349 alignleft\" src=\"https:\/\/www.radiopiu.net\/wordpress\/wp-content\/uploads\/2023\/10\/Senza-nome-65.png\" alt=\"\" width=\"128\" height=\"148\" \/><\/a>TRICHIANA<\/strong>\u00a0 Domani pomeriggio, alle 14.30, nella chiesa parrocchiale di Trichiana i funerali di Valentino D&#8217;Inc\u00e0, l&#8217;operaio della Epta Costan di Limana, che ha peso la vita luned\u00ec mattina, nel reparto Montaggio. L&#8217;uomo aveva 55 anni, si \u00e8 improvvisamente accasciato e i primi ad accorrere sono stati i colleghi d lavoro, che hanno cercato di aiutarlo e, allo stesso tempo, hanno chiamato il Suem 118.\u00a0 Valentino D&#8217;Inc\u00e0 lascia fratello, sorelle e i nipoti Alice, Niccol\u00f2 e Francesca.<\/div>\n<div data-url=\"http:\/\/sfoglio.corrierealpi.gelocal.it\/share_article.php?article_id=13247513\" data-title=\"Tre feriti nel frontale alle Volpere conducente incastrato sottosopraDomani l'ultimo saluto a Valen...\"><\/div>\n<p>&nbsp;<\/p>\n<p>&nbsp;<\/p>\n<hr \/>\n<p>&nbsp;<\/p>\n<blockquote>\n<h3>LA DEMOLIZIONE DEL CAVALCAFERROVIA DI SANTA GIUSTINA, LUNGO LA SS 50 \u201cDEL GRAPPA E DEL PASSO ROLLE\u201d<\/h3>\n<\/blockquote>\n<p><strong><a class=\"dt-pswp-item\" href=\"https:\/\/www.radiopiu.net\/wordpress\/wp-content\/uploads\/2021\/06\/anas.png\" data-dt-img-description=\"\" data-large_image_width=\"299\" data-large_image_height=\"169\"><img loading=\"lazy\" decoding=\"async\" class=\" wp-image-213422 alignleft\" src=\"https:\/\/www.radiopiu.net\/wordpress\/wp-content\/uploads\/2021\/06\/anas.png\" alt=\"\" width=\"193\" height=\"109\" \/><\/a>VENEZIA <\/strong>Continuano i\u00a0 lavori di manutenzione del cavalcaferrovia di Santa Giustina, lungo la\u00a0 strada statale 50 \u201cdel Grappa e del Passo Rolle\u201d, percorribile la deviazione del traffico su Via Nazionale. Da domenica 29 ottobre il transito sar\u00e0 presidiato da movieri e verr\u00e0 implementata la segnaletica. ,I mezzi pesanti ed il traffico di attraversamento saranno indirizzati e deviati sulla viabilit\u00e0 secondaria, lo stesso percorso \u00e8 consigliato anche ai mezzi leggeri che non sono diretti a Santa Giustina.<\/p>\n<p>&nbsp;<\/p>\n<p>&nbsp;<\/p>\n<hr \/>\n<p>&nbsp;<\/p>\n<blockquote>\n<h3><a class=\"dt-pswp-item\" href=\"https:\/\/www.radiopiu.net\/wordpress\/wp-content\/uploads\/2021\/07\/Pieve-di-Livinallongo_Arabba-Fodom-Turismo.jpg\" data-dt-img-description=\"\" data-large_image_width=\"2016\" data-large_image_height=\"1512\"><img loading=\"lazy\" decoding=\"async\" class=\" wp-image-222884 alignleft\" src=\"https:\/\/www.radiopiu.net\/wordpress\/wp-content\/uploads\/2021\/07\/Pieve-di-Livinallongo_Arabba-Fodom-Turismo-300x225.jpg\" alt=\"\" width=\"251\" height=\"188\" srcset=\"https:\/\/www.radiopiu.net\/wordpress\/wp-content\/uploads\/2021\/07\/Pieve-di-Livinallongo_Arabba-Fodom-Turismo-300x225.jpg 300w, https:\/\/www.radiopiu.net\/wordpress\/wp-content\/uploads\/2021\/07\/Pieve-di-Livinallongo_Arabba-Fodom-Turismo-1024x768.jpg 1024w, https:\/\/www.radiopiu.net\/wordpress\/wp-content\/uploads\/2021\/07\/Pieve-di-Livinallongo_Arabba-Fodom-Turismo-768x576.jpg 768w, https:\/\/www.radiopiu.net\/wordpress\/wp-content\/uploads\/2021\/07\/Pieve-di-Livinallongo_Arabba-Fodom-Turismo-1536x1152.jpg 1536w, https:\/\/www.radiopiu.net\/wordpress\/wp-content\/uploads\/2021\/07\/Pieve-di-Livinallongo_Arabba-Fodom-Turismo.jpg 2016w\" sizes=\"auto, (max-width: 251px) 100vw, 251px\" \/><\/a>DDL MONTAGNA, PADRIN &#8220;AVANTI TUTTA PER LE COMUNITA&#8217; DELLE TERRE ALTE&#8221;<\/h3>\n<p><em><span style=\"font-size: large;\">L\u2019obiettivo del Ministro degli Affari Regionali Roberto Calderoli:\u00a0 riconoscere e promuovere le peculiarit\u00e0 delle zone realmente montane, assicurando la tutela dei diritti civili-sociali e garantendo un reale godimento dei servizi pubblici essenziali ai cittadini come scuola e sanit\u00e0\u201d.<\/span><\/em><\/p><\/blockquote>\n<p><strong>BELLUNO<\/strong>\u00a0 Il presidente della Provincia di Belluno, Roberto Padrin, sostiene che il Ddl Montagna mira a garantire servizi essenziali alle comunit\u00e0 delle terre alte, promuovendo lo sviluppo economico e il ripopolamento per valorizzare la montagna come ecosistema funzionale. L&#8217;obiettivo \u00e8 assicurare diritti civili e sociali nelle zone montane, considerandole parte integrante delle aree metropolitane e di pianura.\u00a0 \u00abIl punto &#8211; dice il Presidente della Provincia Roberto Padrin &#8211; garantire servizi anche alle aree a fallimento di mercato, dove lo spopolamento degli ultimi decenni ha ridotto la platea dei potenziali utenti e di conseguenza ha fatto arretrare diversi presidi&#8221;.<\/p>\n<p>&nbsp;<\/p>\n<p>&nbsp;<\/p>\n<hr \/>\n<p>&nbsp;<\/p>\n<p>&nbsp;<\/p>\n<blockquote>\n<h3><a class=\"dt-pswp-item\" href=\"https:\/\/www.radiopiu.net\/wordpress\/wp-content\/uploads\/2023\/10\/394482156_902372474577816_5390956848530792103_n.jpg\" data-dt-img-description=\"\" data-large_image_width=\"2048\" data-large_image_height=\"1366\"><img loading=\"lazy\" decoding=\"async\" class=\" wp-image-358351 alignleft\" src=\"https:\/\/www.radiopiu.net\/wordpress\/wp-content\/uploads\/2023\/10\/394482156_902372474577816_5390956848530792103_n-300x200.jpg\" alt=\"\" width=\"167\" height=\"111\" srcset=\"https:\/\/www.radiopiu.net\/wordpress\/wp-content\/uploads\/2023\/10\/394482156_902372474577816_5390956848530792103_n-300x200.jpg 300w, https:\/\/www.radiopiu.net\/wordpress\/wp-content\/uploads\/2023\/10\/394482156_902372474577816_5390956848530792103_n-1024x683.jpg 1024w, https:\/\/www.radiopiu.net\/wordpress\/wp-content\/uploads\/2023\/10\/394482156_902372474577816_5390956848530792103_n-768x512.jpg 768w, https:\/\/www.radiopiu.net\/wordpress\/wp-content\/uploads\/2023\/10\/394482156_902372474577816_5390956848530792103_n-1536x1025.jpg 1536w, https:\/\/www.radiopiu.net\/wordpress\/wp-content\/uploads\/2023\/10\/394482156_902372474577816_5390956848530792103_n.jpg 2048w\" sizes=\"auto, (max-width: 167px) 100vw, 167px\" \/><\/a>ZAIA ARRABBIATO E DELUSO PER I &#8220;CONTENTINI&#8221; DI MALAGO&#8217;<\/h3>\n<div class=\"articlePlainTitle\"><em>Abodi conferma il no a Cortina e apre il confronto col Piemonte<\/em><\/div>\n<div class=\"articlePlainText\"><\/div>\n<\/blockquote>\n<p><strong>OLIMPIADI<\/strong> Luca Zaia si aspettava che Malag\u00f2 dopo la sparata &#8220;ho un&#8217;idea in testa&#8221; tirasse fuori dal cilindro un coniglio, ma dal cappello \u00e8 uscito un criceto.\u00a0 \u00a0A Giovanni Malag\u00f2 gliel&#8217;ha detto in faccia Luca Zaia.\u00a0 Sull&#8217;organizzazione delle gare di bob, skeleton e slittino e la possibile ridistribuzione delle discipline olimpiche si \u00e8 sostanzialmente perso un altro giorno. LA PROPOSTA DI MALAGO&#8217; che ha provato a rassicurare il Veneto e Cortina\u00a0 sul fatto che, rinunciando alla pista, e dunque alle gare di bob, skeleton e slittino, avrebbero ricevuto in compensazione un buon pacchetto di gare delle Olimpiadi giovanili del 2028. Magari anche con una micro pista di bob.<\/p>\n<p>&nbsp;<\/p>\n<p>&nbsp;<\/p>\n<hr \/>\n<blockquote>\n<h3><\/h3>\n<h3>OLIMPIADI: PISTA DA BOB DUE OPZIONI DOMESTICHE<\/h3>\n<\/blockquote>\n<p><img loading=\"lazy\" decoding=\"async\" class=\"alignleft\" src=\"https:\/\/www.radiopiu.net\/wordpress\/wp-content\/uploads\/2018\/07\/920-2018-Zaia.jpg\" width=\"212\" height=\"159\" \/><\/p>\n<p><strong>DI ROBERTO BONA\u00a0<\/strong><\/p>\n<audio class=\"wp-audio-shortcode\" id=\"audio-358203-1\" preload=\"none\" style=\"width: 100%;\" controls=\"controls\"><source type=\"audio\/mpeg\" src=\"https:\/\/www.radiopiu.net\/wordpress\/wp-content\/uploads\/2023\/10\/SlidingCenterOlimpico.mp3?_=1\" \/><a href=\"https:\/\/www.radiopiu.net\/wordpress\/wp-content\/uploads\/2023\/10\/SlidingCenterOlimpico.mp3\">https:\/\/www.radiopiu.net\/wordpress\/wp-content\/uploads\/2023\/10\/SlidingCenterOlimpico.mp3<\/a><\/audio>\n<p>&nbsp;<\/p>\n<p>&nbsp;<\/p>\n<hr \/>\n<blockquote>\n<h3><\/h3>\n<h3>PISTA DA BOB= AURORA FLORIDIA (AVS): DOPO APERTURA FASCICOLO CORTE DEI CONTI VENETO ABODI VENGA A RIFERIRE IN AULA<\/h3>\n<\/blockquote>\n<p><strong>VENEZIA<\/strong> La Corte dei Conti del Veneto ha aperto un fascicolo per sapere quanti soldi pubblici sono stati spesi e sul perch\u00e9 si sia impiegato tanto tempo per capire\u00a0 come procedere con il\u00a0 progetto. <em>&#8220;Siamo contrari al ridimensionamento del progetto, come all\u2019aumento del budget. Al Ministro dello Sport Andrea Abodi\u00a0 chiediamo di venire a riferire in Aula&#8221; <\/em>ha detto la \u00a0senatrice di Alleanza Verdi e Sinistra Aurora Floridia.<\/p>\n<p>&nbsp;<\/p>\n<p>&nbsp;<\/p>\n<hr \/>\n<p>&nbsp;<\/p>\n<blockquote>\n<h3>DOLOMITIBUS, DALLA SEZIONE PROVINCIALE DELLA LEGA PIOGGIA DI CRITICHE<\/h3>\n<\/blockquote>\n<p><strong><a class=\"dt-pswp-item\" href=\"https:\/\/www.radiopiu.net\/wordpress\/wp-content\/uploads\/2023\/04\/ANDREA-DB.png\" data-dt-img-description=\"\" data-large_image_width=\"439\" data-large_image_height=\"319\"><img loading=\"lazy\" decoding=\"async\" class=\"wp-image-331912 alignleft\" src=\"https:\/\/www.radiopiu.net\/wordpress\/wp-content\/uploads\/2023\/04\/ANDREA-DB-300x218.png\" alt=\"\" width=\"173\" height=\"126\" srcset=\"https:\/\/www.radiopiu.net\/wordpress\/wp-content\/uploads\/2023\/04\/ANDREA-DB-300x218.png 300w, https:\/\/www.radiopiu.net\/wordpress\/wp-content\/uploads\/2023\/04\/ANDREA-DB.png 439w\" sizes=\"auto, (max-width: 173px) 100vw, 173px\" \/><\/a>BELLUNO<\/strong> Un sindaco contro&#8230; i sindaci. Perch\u00e9 la Provincia \u00e8 fatta di sindaci, compresi i due delegati della vallata, Fabio Luchetta (Vallada) e Danilo De Toni (Alleghe). Ma il collega De Bernardin, che \u00e8 anche Segretario Provinciale della Lega Nord, si smarca dai colleghi e lamenta lo scarso coinvolgimento dei primi cittadini con una mancata condivisione del problema <em>&#8220;Da alleati i sindaci possono diventare ostili<\/em>&#8221; \u00e8 la minaccia di De Bernardin che ringrazia il Presidente Roberto Padrin per aver coinvolto i sindaci <em>&#8220;ma questo tavolo andava convocato mesi fa. Sono mesi che la questione \u00e8 sul tavolo: se ne parla sui media e la gente sta protestando sempre di pi\u00f9 perch\u00e9 i disservizi sono importanti&#8221;.\u00a0<\/em><\/p>\n<p>&nbsp;<\/p>\n<p>&nbsp;<\/p>\n<p>&nbsp;<\/p>\n<hr \/>\n<p>&nbsp;<\/p>\n<blockquote>\n<h3><a class=\"dt-pswp-item\" href=\"https:\/\/www.radiopiu.net\/wordpress\/wp-content\/uploads\/2022\/10\/VAIA-BOTTACIN-3-1.jpeg\" data-dt-img-description=\"\" data-large_image_width=\"1080\" data-large_image_height=\"810\"><img loading=\"lazy\" decoding=\"async\" class=\"wp-image-303527 alignleft\" src=\"https:\/\/www.radiopiu.net\/wordpress\/wp-content\/uploads\/2022\/10\/VAIA-BOTTACIN-3-1-300x225.jpeg\" alt=\"\" width=\"195\" height=\"146\" srcset=\"https:\/\/www.radiopiu.net\/wordpress\/wp-content\/uploads\/2022\/10\/VAIA-BOTTACIN-3-1-300x225.jpeg 300w, https:\/\/www.radiopiu.net\/wordpress\/wp-content\/uploads\/2022\/10\/VAIA-BOTTACIN-3-1-1024x768.jpeg 1024w, https:\/\/www.radiopiu.net\/wordpress\/wp-content\/uploads\/2022\/10\/VAIA-BOTTACIN-3-1-768x576.jpeg 768w, https:\/\/www.radiopiu.net\/wordpress\/wp-content\/uploads\/2022\/10\/VAIA-BOTTACIN-3-1.jpeg 1080w\" sizes=\"auto, (max-width: 195px) 100vw, 195px\" \/><\/a>SABATO A BELLUNO SEMINARIO A 5 ANNI DA VAIA.<\/h3>\n<\/blockquote>\n<p><strong>VENEZIA\u00a0<\/strong> S\u00ec svolger\u00e0 sabato dalle 9 presso la Sala Bianchi a Belluno un seminario dal titolo &#8220;Gestione di un&#8217;emergenza. 5 anni dopo: approfondimenti e confronti&#8221; organizzato dall&#8217;Assessorato regionale alla Protezione Civile, in collaborazione con gli Ordini professionali degli Ingegneri di Belluno e dei Geologi del Veneto. <em>&#8220;Con questo seminario, che cade nei giorni del quinto anniversario di Vaia &#8211; spiega l&#8217;assessore Gianpaolo Bottacin &#8211; abbiamo voluto trovare lo spazio per un momento di approfondimento sulla gestione di quell&#8217;evento calamitoso. Un confronto che si soffermer\u00e0 anche sulle azioni preventive oltre che su quelle che sono state perseguite nel corso\u00a0 e successivamente a tale emergenza&#8221;.<\/em><\/p>\n<p>&nbsp;<\/p>\n<hr \/>\n<p>&nbsp;<\/p>\n<blockquote>\n<h3>ACCOGLIENZA TURISTICA A LONGARONE FIERE<\/h3>\n<\/blockquote>\n<p><a class=\"dt-pswp-item\" href=\"https:\/\/www.radiopiu.net\/wordpress\/wp-content\/uploads\/2023\/03\/Corona-e-Caner-degustando-Apfelstrudel-Gelato-a-Longarone-Fiere.jpg\" data-dt-img-description=\"\" data-large_image_width=\"2000\" data-large_image_height=\"1500\"><img loading=\"lazy\" decoding=\"async\" class=\"wp-image-328521 alignleft\" src=\"https:\/\/www.radiopiu.net\/wordpress\/wp-content\/uploads\/2023\/03\/Corona-e-Caner-degustando-Apfelstrudel-Gelato-a-Longarone-Fiere-300x225.jpg\" alt=\"\" width=\"167\" height=\"125\" srcset=\"https:\/\/www.radiopiu.net\/wordpress\/wp-content\/uploads\/2023\/03\/Corona-e-Caner-degustando-Apfelstrudel-Gelato-a-Longarone-Fiere-300x225.jpg 300w, https:\/\/www.radiopiu.net\/wordpress\/wp-content\/uploads\/2023\/03\/Corona-e-Caner-degustando-Apfelstrudel-Gelato-a-Longarone-Fiere-1024x768.jpg 1024w, https:\/\/www.radiopiu.net\/wordpress\/wp-content\/uploads\/2023\/03\/Corona-e-Caner-degustando-Apfelstrudel-Gelato-a-Longarone-Fiere-768x576.jpg 768w, https:\/\/www.radiopiu.net\/wordpress\/wp-content\/uploads\/2023\/03\/Corona-e-Caner-degustando-Apfelstrudel-Gelato-a-Longarone-Fiere-1536x1152.jpg 1536w, https:\/\/www.radiopiu.net\/wordpress\/wp-content\/uploads\/2023\/03\/Corona-e-Caner-degustando-Apfelstrudel-Gelato-a-Longarone-Fiere.jpg 2000w\" sizes=\"auto, (max-width: 167px) 100vw, 167px\" \/><\/a><br \/>\n<strong>LONGARONE<\/strong>\u00a0 Luned\u00ec 30 ottobre alle 14:30 al Centro Congressi di Longarone Fiere, in concomitanza con Arredamont<br \/>\n2023, si terr\u00e0 un articolato evento che avr\u00e0 come oggetto la sostenibilit\u00e0 e l\u2019accessibilit\u00e0 nel turismo, argomento<br \/>\ncentrale anche (ma non solo) in vista delle prossime olimpiadi invernali Milano Cortina 2026. Obiettivo dichiarato dell\u2019evento \u00e8 proporre soluzioni e ispirazioni per i progetti imprenditoriali degli operatori della ricettivit\u00e0 e della ristorazione. Partecipa Federico Caner, assessore regionale al Turismo. (archivio Caner alla Mig)<\/p>\n<p>&nbsp;<\/p>\n<hr \/>\n<p>&nbsp;<\/p>\n<p>&nbsp;<\/p>\n<blockquote>\n<h3><a class=\"dt-pswp-item\" href=\"https:\/\/www.radiopiu.net\/wordpress\/wp-content\/uploads\/2023\/10\/c6b21510-7191-4769-8f73-039ed63862c8.jpg\" data-dt-img-description=\"\" data-large_image_width=\"2048\" data-large_image_height=\"1536\"><img loading=\"lazy\" decoding=\"async\" class=\"size-medium wp-image-358276 alignleft\" src=\"https:\/\/www.radiopiu.net\/wordpress\/wp-content\/uploads\/2023\/10\/c6b21510-7191-4769-8f73-039ed63862c8-300x225.jpg\" alt=\"\" width=\"300\" height=\"225\" srcset=\"https:\/\/www.radiopiu.net\/wordpress\/wp-content\/uploads\/2023\/10\/c6b21510-7191-4769-8f73-039ed63862c8-300x225.jpg 300w, https:\/\/www.radiopiu.net\/wordpress\/wp-content\/uploads\/2023\/10\/c6b21510-7191-4769-8f73-039ed63862c8-1024x768.jpg 1024w, https:\/\/www.radiopiu.net\/wordpress\/wp-content\/uploads\/2023\/10\/c6b21510-7191-4769-8f73-039ed63862c8-768x576.jpg 768w, https:\/\/www.radiopiu.net\/wordpress\/wp-content\/uploads\/2023\/10\/c6b21510-7191-4769-8f73-039ed63862c8-1536x1152.jpg 1536w, https:\/\/www.radiopiu.net\/wordpress\/wp-content\/uploads\/2023\/10\/c6b21510-7191-4769-8f73-039ed63862c8.jpg 2048w\" sizes=\"auto, (max-width: 300px) 100vw, 300px\" \/><\/a>RECUPERO DEGLI EDIFICI NELL&#8217;OTTICA DELLA SOSTENIBILITA&#8217;<\/h3>\n<p><em>L\u2019obiettivo \u00e8 non solo sensibilizzare a livello locale, ma anche fornire una cassetta degli attrezzi che sia utile alle aziende, agli artigiani e al territorio\u00a0<\/em><\/p><\/blockquote>\n<p><strong>BELLUNO<\/strong> Ha preso il via nella sede di Confartigianato Imprese Belluno, Susmat, un progetto Interreg Italia-Austria che ha l\u2019obiettivo di promuovere il recupero degli edifici in maniera sostenibile.\u00a0 Confartigianato Imprese Belluno avr\u00e0 il compito di accompagnare le imprese nella formazione specifica per il recupero degli edifici.<\/p>\n<p><strong>DI DANIELE DALVIT\u00a0<\/strong><\/p>\n<audio class=\"wp-audio-shortcode\" id=\"audio-358203-2\" preload=\"none\" style=\"width: 100%;\" controls=\"controls\"><source type=\"audio\/mpeg\" src=\"https:\/\/www.radiopiu.net\/wordpress\/wp-content\/uploads\/2023\/10\/Radio-Piu-Servizio-Confartigianato-Interreg-sostenibilita.mp3?_=2\" \/><a href=\"https:\/\/www.radiopiu.net\/wordpress\/wp-content\/uploads\/2023\/10\/Radio-Piu-Servizio-Confartigianato-Interreg-sostenibilita.mp3\">https:\/\/www.radiopiu.net\/wordpress\/wp-content\/uploads\/2023\/10\/Radio-Piu-Servizio-Confartigianato-Interreg-sostenibilita.mp3<\/a><\/audio>\n<p>&nbsp;<\/p>\n<p>&nbsp;<\/p>\n<hr \/>\n<p>&nbsp;<\/p>\n<blockquote>\n<h2>Donati un materassino riscaldante e tre forni a microonde all\u2019Ospedale di Belluno<\/h2>\n<\/blockquote>\n<p><strong><img loading=\"lazy\" decoding=\"async\" class=\"alignleft\" src=\"https:\/\/www.radiopiu.net\/wordpress\/wp-content\/uploads\/2023\/10\/WhatsApp-Image-2023-10-24-at-17.28.24-1.jpeg\" width=\"296\" height=\"222\" \/>BELLUNO<\/strong> L\u2019associazione \u201cDamiano de\u2019 Manzoni\u201d ha donato un materassino riscaldante e tre forni a microonde a favore dell\u2019Ospedale di Belluno, del valore di oltre 3.000 euro, che verr\u00e0 utilizzato per i piccoli ospiti della Pediatria. I forni a microonde, del valore totale di circa 300 euro, saranno invece destinati ad alcune unit\u00e0 operative dell\u2019ospedale, tra le quali l\u2019Oncologia e la Ginecologia. Ieri la consegna ufficiale alla presenza del Commissario Giuseppe Dal Ben che ha incontrato il Presidente dell\u2019Associazione Mauro Bronzato e alcuni rappresentanti dell\u2019Associazione<\/p>\n<p>&nbsp;<\/p>\n<p>&nbsp;<\/p>\n<hr \/>\n<p>&nbsp;<\/p>\n<blockquote>\n<h2 class=\"articlePlainTitle\">Avvocati gi\u00e0 al lavoro per ridare lo stipendio alla centralinista cieca<\/h2>\n<\/blockquote>\n<div class=\"addthis_sharing_toolbox\" data-url=\"http:\/\/sfoglio.corrierealpi.gelocal.it\/share_article.php?article_id=13247330\" data-title=\"Le critiche della Lega al cda di Dolomitibus \u00abSindaci all'oscuro\u00bbAvvocati gi\u00e0 al lavoro per ridare ...\"><a class=\"dt-pswp-item\" href=\"https:\/\/www.radiopiu.net\/wordpress\/wp-content\/uploads\/2023\/10\/Senza-nome-67.png\" data-dt-img-description=\"\" data-large_image_width=\"264\" data-large_image_height=\"221\"><img loading=\"lazy\" decoding=\"async\" class=\"wp-image-358361 alignleft\" src=\"https:\/\/www.radiopiu.net\/wordpress\/wp-content\/uploads\/2023\/10\/Senza-nome-67.png\" alt=\"\" width=\"143\" height=\"120\" \/><\/a><strong>DAL CORRIERE DELLE ALPI, GIGI SOSSO\u00a0<\/strong><\/div>\n<div data-url=\"http:\/\/sfoglio.corrierealpi.gelocal.it\/share_article.php?article_id=13247330\" data-title=\"Le critiche della Lega al cda di Dolomitibus \u00abSindaci all'oscuro\u00bbAvvocati gi\u00e0 al lavoro per ridare ...\">\n<p><strong>BELLUNO<\/strong> Sbloccare la paga alla donna cieca. Si sta gi\u00e0 facendo il possibile per trovare una soluzione al caso di Debora Migotto, la bellunese che lavora da tempo come centralinista all&#8217;ospedale San Martino e non riceve pi\u00f9 lo stipendio con regolarit\u00e0, su provvedimento del giudice tutelare Umberto Giacomelli,\u00a0 perch\u00e9 il padre Graziano ha un debito con lei di 20mila euro. L&#8217;avvocato Enrico Rech,\u00a0 ieri ha incontrato pap\u00e0 Graziano e la sua attuale compagna Marinella, per fare un primo punto della situazione: \u00abCercheremo la soluzione migliore, nell&#8217;interesse di Debora, una ragazza che ha delle difficolt\u00e0 oggettive legate alla mancanza della vista. Anche per questo, merita il massimo rispetto da parte di tutti. Ci sono delle regole da rispettare, tuttavia ci vuole anche l&#8217;indispensabile buon senso\u00bb.<\/p>\n<div class=\"articlePlainText\"><\/div>\n<\/div>\n<p>&nbsp;<\/p>\n<hr \/>\n<p>&nbsp;<\/p>\n<blockquote>\n<h3>TUTTI INSIEME CONTRO LO SPRECO ALIMENTARE<\/h3>\n<\/blockquote>\n<p><strong><a class=\"dt-pswp-item\" href=\"https:\/\/www.radiopiu.net\/wordpress\/wp-content\/uploads\/2023\/10\/Unknown.png\" data-dt-img-description=\"\" data-large_image_width=\"1254\" data-large_image_height=\"886\"><img loading=\"lazy\" decoding=\"async\" class=\" wp-image-358237 alignleft\" src=\"https:\/\/www.radiopiu.net\/wordpress\/wp-content\/uploads\/2023\/10\/Unknown-300x212.png\" alt=\"\" width=\"173\" height=\"122\" srcset=\"https:\/\/www.radiopiu.net\/wordpress\/wp-content\/uploads\/2023\/10\/Unknown-300x212.png 300w, https:\/\/www.radiopiu.net\/wordpress\/wp-content\/uploads\/2023\/10\/Unknown-1024x723.png 1024w, https:\/\/www.radiopiu.net\/wordpress\/wp-content\/uploads\/2023\/10\/Unknown-768x543.png 768w, https:\/\/www.radiopiu.net\/wordpress\/wp-content\/uploads\/2023\/10\/Unknown.png 1254w\" sizes=\"auto, (max-width: 173px) 100vw, 173px\" \/><\/a>BELLUNO <\/strong>Il progetto &#8220;Together against food waste,&#8221;\u00a0 coinvolge quattro giovani volontari: Iria e Martin dalla Spagna, Emna dalla Tunisia e Malfred dall&#8217;Albania. Questi volontari rimarranno a Belluno per un anno con l&#8217;obiettivo di sensibilizzare la comunit\u00e0 locale sullo spreco alimentare. Le attivit\u00e0 includono laboratori, raccolta di cibo e un programma radiofonico.\u00a0 Gli incontri si terranno mensilmente presso la Casa del Volontariato.<\/p>\n<p>&nbsp;<\/p>\n<p>&nbsp;<\/p>\n<p>&nbsp;<\/p>\n<hr \/>\n<p>&nbsp;<\/p>\n<blockquote>\n<h3>UN PROGETTO PER SESIBILIZZARE I GIOVANI SULLA SOSTENIBILITA&#8217;<\/h3>\n<\/blockquote>\n<p><strong><a class=\"dt-pswp-item\" href=\"https:\/\/www.radiopiu.net\/wordpress\/wp-content\/uploads\/2023\/10\/Foto-di-gruppo.jpeg\" data-dt-img-description=\"\" data-large_image_width=\"2048\" data-large_image_height=\"1366\"><img loading=\"lazy\" decoding=\"async\" class=\" wp-image-358235 alignleft\" src=\"https:\/\/www.radiopiu.net\/wordpress\/wp-content\/uploads\/2023\/10\/Foto-di-gruppo-300x200.jpeg\" alt=\"\" width=\"192\" height=\"128\" srcset=\"https:\/\/www.radiopiu.net\/wordpress\/wp-content\/uploads\/2023\/10\/Foto-di-gruppo-300x200.jpeg 300w, https:\/\/www.radiopiu.net\/wordpress\/wp-content\/uploads\/2023\/10\/Foto-di-gruppo-1024x683.jpeg 1024w, https:\/\/www.radiopiu.net\/wordpress\/wp-content\/uploads\/2023\/10\/Foto-di-gruppo-768x512.jpeg 768w, https:\/\/www.radiopiu.net\/wordpress\/wp-content\/uploads\/2023\/10\/Foto-di-gruppo-1536x1025.jpeg 1536w, https:\/\/www.radiopiu.net\/wordpress\/wp-content\/uploads\/2023\/10\/Foto-di-gruppo.jpeg 2048w\" sizes=\"auto, (max-width: 192px) 100vw, 192px\" \/><\/a>FELTRE <\/strong>Dal 12 al 23 ottobre 2023, a Feltre, si \u00e8 tenuto un progetto finanziato dall&#8217;Agenzia Nazionale per i Giovani nell&#8217;ambito del programma Erasmus+. Coinvolgeva giovani provenienti da Feltre e dalla Polonia, con l&#8217;obiettivo di sensibilizzare e mobilitare i partecipanti sulla sostenibilit\u00e0 e promuovere un cambiamento culturale verso gli Obiettivi di Sviluppo Sostenibile dell&#8217;Agenda 2030 delle Nazioni Unite. Il progetto ha incluso visite a luoghi storici e paesaggistici locali.<\/p>\n<p>&nbsp;<\/p>\n<p>&nbsp;<\/p>\n<hr \/>\n<p>&nbsp;<\/p>\n<blockquote>\n<h3>A SELVA DI CADORE IL CONSIGLIO COMUNALE<\/h3>\n<\/blockquote>\n<p><strong>SELVA DI CADORE <\/strong>Il sindaco di Selva di Cadore ha convocato il consiglio comunale per venerd\u00ec alle 20:30. Saranno 6 i punti da discutere. Si parler\u00e0 di due variazioni a bilancio, del regolamento per la concessione di benefici economici alle famiglie con figli che frequentano la scuola secondaria, della convenzione con l&#8217;Unione Montana Agordina per il servizio associato di supporto nella stesura di negozi giuridici e dell&#8217;assemblea ordinaria della societ\u00e0 Val Fiorentina<\/p>\n<p>&nbsp;<\/p>\n<p>&nbsp;<\/p>\n<hr \/>\n<p>&nbsp;<\/p>\n<blockquote>\n<h3>ANNUNCIO BANDO PER L\u2019ASSEGNAZIONE DI BORSE DI STUDIO COMUNALI<\/h3>\n<\/blockquote>\n<p><strong>ALLEGHE<\/strong>\u00a0 Il Comune di Alleghe ha \u00a0pubblicato il bando per l\u2019assegnazione di borse di studio comunali agli studenti, residenti, frequentanti le scuole superiori, che hanno conseguito il diploma di maturit\u00e0 nel 2023 o laureatesi entro il mese di ottobre 2023. Il modulo di domanda si pu\u00f2 reperire all\u2019albo pretorio online, nel sito del Comune di Alleghe o richiedere direttamente all\u2019Ufficio Servizi Demografici entro il 20 dicembre 2023<\/p>\n<p>&nbsp;<\/p>\n<hr \/>\n<p>&nbsp;<\/p>\n<blockquote>\n<h3>L&#8217;ASSEMBLEA DEL GRUPPO ALPINI DI ALLEGHE<\/h3>\n<\/blockquote>\n<p><strong>ALLEGHE<\/strong> Domenica 5 novembre il Gruppo Alpini &#8220;Monte Civetta&#8221; di Alleghe si riunir\u00e0 in assemblea nella sede di Masar\u00e8. Si illustrer\u00e0 la relazione morale, l&#8217;approvazione del bilancio, il tesseramento, la previsione dei prossimi eventi e ci saranno le elezioni del consiglio direttivo. Prima dell&#8217;assemblea la Santa Messa.<\/p>\n<p>&nbsp;<\/p>\n<p>&nbsp;<\/p>\n<hr \/>\n<p>&nbsp;<\/p>\n<div class=\"page-title-head hgroup\">\n<blockquote>\n<h2>Una serata al cinema per l\u2019affido familiare<\/h2>\n<\/blockquote>\n<\/div>\n<p><strong>BELLUNO<\/strong> I Centri per l\u2019Affido e la Solidariet\u00e0 Familiare dell\u2019Ulss Dolomiti, organizzano una serata al cinema per promuovere l\u2019affido e la solidariet\u00e0 familiare. Oggi alle 20.30 al Officinema di Feltre.\u00a0 Sar\u00e0 proiettato il film \u201cNata per te\u201d. Un racconto attuale sul valore dell\u2019accoglienza. La proiezione sar\u00e0 introdotta e seguita da alcuni interventi degli operatori del centro per l\u2019affido e la solidariet\u00e0 familiare dell\u2019Ulss Dolomit, partecipazione\u00a0 gratuita e aperta a tutti.<\/p>\n<p>&nbsp;<\/p>\n<hr \/>\n<p>&nbsp;<\/p>\n<blockquote>\n<h3>CANTIERE NATALE IN CORSO<\/h3>\n<\/blockquote>\n<p><strong>BELLUNO<\/strong>\u00a0 Per Natale\u00a0 nuovo presepe, realizzato in legno di cirmolo dallo scultore bellunese Luciano De Barba. Tre sculture a tutto tondo a cui l\u2019artista sta lavorando con scalpello e lima da settimane e che verranno posizionate ai primi di dicembre nella cornice suggestive delle rovine di piazza Castello. Due sculture sono gi\u00e0 ultimate, quella di Gesu bambino nella culla e quella di Giuseppe. In queste settimane De Barba sta lavorando alla figura di Maria.<\/p>\n<p>&nbsp;<\/p>\n<p>&nbsp;<\/p>\n<hr \/>\n<p>&nbsp;<\/p>\n<h2><span style=\"color: #ff6600;\">IERI ALLA RADIO<\/span><\/h2>\n<h2><span style=\"color: #008080;\">\u00a0&#8220;DINTORN E FORA VIA&#8221;\u00a0<\/span><span style=\"color: #008080;\"> IL PROGRAMMA\u00a0 <\/span><span style=\"color: #008080;\">A CURA DEL MUSLA\u00a0\u00a0<\/span><strong><span style=\"color: #ff0000;\">\u00a0\u00a0<\/span><\/strong><\/h2>\n<p><strong><a class=\"dt-pswp-item\" href=\"https:\/\/www.radiopiu.net\/wordpress\/wp-content\/uploads\/2023\/10\/234813a4-a905-4617-b61b-04bb50306335.jpg\" data-dt-img-description=\"\" data-large_image_width=\"1024\" data-large_image_height=\"1024\"><img loading=\"lazy\" decoding=\"async\" class=\" wp-image-358211 alignleft\" src=\"https:\/\/www.radiopiu.net\/wordpress\/wp-content\/uploads\/2023\/10\/234813a4-a905-4617-b61b-04bb50306335-300x300.jpg\" alt=\"\" width=\"123\" height=\"123\" srcset=\"https:\/\/www.radiopiu.net\/wordpress\/wp-content\/uploads\/2023\/10\/234813a4-a905-4617-b61b-04bb50306335-300x300.jpg 300w, https:\/\/www.radiopiu.net\/wordpress\/wp-content\/uploads\/2023\/10\/234813a4-a905-4617-b61b-04bb50306335-150x150.jpg 150w, https:\/\/www.radiopiu.net\/wordpress\/wp-content\/uploads\/2023\/10\/234813a4-a905-4617-b61b-04bb50306335-768x768.jpg 768w, https:\/\/www.radiopiu.net\/wordpress\/wp-content\/uploads\/2023\/10\/234813a4-a905-4617-b61b-04bb50306335.jpg 1024w\" sizes=\"auto, (max-width: 123px) 100vw, 123px\" \/><\/a>PUNTATA 24 OTTOBRE<\/strong> <strong>NORMAN CREPAZ<\/strong><\/p>\n<audio class=\"wp-audio-shortcode\" id=\"audio-358203-3\" preload=\"none\" style=\"width: 100%;\" controls=\"controls\"><source type=\"audio\/mpeg\" src=\"https:\/\/www.radiopiu.net\/wordpress\/wp-content\/uploads\/2023\/10\/MUSLA-5.mp3?_=3\" \/><a href=\"https:\/\/www.radiopiu.net\/wordpress\/wp-content\/uploads\/2023\/10\/MUSLA-5.mp3\">https:\/\/www.radiopiu.net\/wordpress\/wp-content\/uploads\/2023\/10\/MUSLA-5.mp3<\/a><\/audio>\n<p>&nbsp;<\/p>\n<p><strong>LA RACCOLTA COMPLETA <a href=\"https:\/\/www.radiopiu.net\/wordpress\/musla\/\">CLICCA QUI<\/a><\/strong><\/p>\n<p>&nbsp;<\/p>\n<p><a class=\"dt-pswp-item\" href=\"https:\/\/www.radiopiu.net\/wordpress\/wp-content\/uploads\/2023\/09\/ass.-dafne.png\" data-dt-img-description=\"\" data-large_image_width=\"225\" data-large_image_height=\"225\"><img loading=\"lazy\" decoding=\"async\" class=\" wp-image-352143 alignleft\" src=\"https:\/\/www.radiopiu.net\/wordpress\/wp-content\/uploads\/2023\/09\/ass.-dafne.png\" alt=\"\" width=\"137\" height=\"137\" srcset=\"https:\/\/www.radiopiu.net\/wordpress\/wp-content\/uploads\/2023\/09\/ass.-dafne.png 225w, https:\/\/www.radiopiu.net\/wordpress\/wp-content\/uploads\/2023\/09\/ass.-dafne-150x150.png 150w\" sizes=\"auto, (max-width: 137px) 100vw, 137px\" \/><\/a><\/p>\n<h2><span style=\"color: #99cc00;\">VOCI RIBELLI: CONVERSAZIONI SENZA FILTRI PER RAGAZZI AUDACI<\/span><\/h2>\n<p>Benvenuti a &#8220;VOCI RIBELLI: CONVERSAZIONI SENZA FILTRI PER RAGAZZI AUDACI,&#8221; il podcast che sfida gli stereotipi e apre la porta a conversazioni senza paura per i giovani coraggiosi. Questo podcast, prodotto dall&#8217;Associazione Dafne con la regia di Lorenzo Cassol, \u00e8 il luogo dove la voce dell&#8217;audacia incontra la sincerit\u00e0 pi\u00f9 profonda.<\/p>\n<p><strong>PUNTATA 07 &#8211; 24 OTTOBRE 2023<\/strong><\/p>\n<audio class=\"wp-audio-shortcode\" id=\"audio-358203-4\" preload=\"none\" style=\"width: 100%;\" controls=\"controls\"><source type=\"audio\/mpeg\" src=\"https:\/\/www.radiopiu.net\/wordpress\/wp-content\/uploads\/2023\/10\/VR-1.mp3?_=4\" \/><a href=\"https:\/\/www.radiopiu.net\/wordpress\/wp-content\/uploads\/2023\/10\/VR-1.mp3\">https:\/\/www.radiopiu.net\/wordpress\/wp-content\/uploads\/2023\/10\/VR-1.mp3<\/a><\/audio>\n<p><strong>LA RACCOLTA COMPLETA <a href=\"https:\/\/www.radiopiu.net\/wordpress\/voci-ribelli-conversazioni-senza-filtri-per-ragazzi-audaci-la-raccolta\/\">CLICCA QUI<\/a><\/strong><\/p>\n<p>&nbsp;<\/p>\n<hr \/>\n<p>&nbsp;<\/p>\n<p>&nbsp;<\/p>\n<h2><a class=\"dt-pswp-item\" href=\"https:\/\/www.radiopiu.net\/wordpress\/wp-content\/uploads\/2023\/10\/GIALUCA-ROSSI.jpg\" data-dt-img-description=\"\" data-large_image_width=\"398\" data-large_image_height=\"398\"><img loading=\"lazy\" decoding=\"async\" class=\" wp-image-358207 alignleft\" src=\"https:\/\/www.radiopiu.net\/wordpress\/wp-content\/uploads\/2023\/10\/GIALUCA-ROSSI-300x300.jpg\" alt=\"\" width=\"123\" height=\"123\" srcset=\"https:\/\/www.radiopiu.net\/wordpress\/wp-content\/uploads\/2023\/10\/GIALUCA-ROSSI-300x300.jpg 300w, https:\/\/www.radiopiu.net\/wordpress\/wp-content\/uploads\/2023\/10\/GIALUCA-ROSSI-150x150.jpg 150w, https:\/\/www.radiopiu.net\/wordpress\/wp-content\/uploads\/2023\/10\/GIALUCA-ROSSI.jpg 398w\" sizes=\"auto, (max-width: 123px) 100vw, 123px\" \/><\/a><span style=\"color: #800080;\">I VINI DELLA BORGOGNA CON GIALUCA DI DOLOMITI BEER &amp; WINE SHOP DA NAPI<\/span><\/h2>\n<p><strong>GIANLUCA ROSSI DI DOLOMITI BEER &amp; WINE SHOP DA NAPI<\/strong><\/p>\n<audio class=\"wp-audio-shortcode\" id=\"audio-358203-5\" preload=\"none\" style=\"width: 100%;\" controls=\"controls\"><source type=\"audio\/mpeg\" src=\"https:\/\/www.radiopiu.net\/wordpress\/wp-content\/uploads\/2023\/10\/gainluca-24-ottobre.mp3?_=5\" \/><a href=\"https:\/\/www.radiopiu.net\/wordpress\/wp-content\/uploads\/2023\/10\/gainluca-24-ottobre.mp3\">https:\/\/www.radiopiu.net\/wordpress\/wp-content\/uploads\/2023\/10\/gainluca-24-ottobre.mp3<\/a><\/audio>\n<p>&nbsp;<\/p>\n<hr \/>\n<p>&nbsp;<\/p>\n<p>&nbsp;<\/p>\n<blockquote>\n<h3>GLI APPUNTAMENTI CON LA PRO LOCO CASTIONESE<\/h3>\n<\/blockquote>\n<p><strong><a class=\"dt-pswp-item\" href=\"https:\/\/www.radiopiu.net\/wordpress\/wp-content\/uploads\/2023\/10\/284074231_5113358608747672_1785300036858467121_n.jpg\" data-dt-img-description=\"\" data-large_image_width=\"960\" data-large_image_height=\"540\"><img loading=\"lazy\" decoding=\"async\" class=\" wp-image-358264 alignleft\" src=\"https:\/\/www.radiopiu.net\/wordpress\/wp-content\/uploads\/2023\/10\/284074231_5113358608747672_1785300036858467121_n-300x169.jpg\" alt=\"\" width=\"240\" height=\"135\" srcset=\"https:\/\/www.radiopiu.net\/wordpress\/wp-content\/uploads\/2023\/10\/284074231_5113358608747672_1785300036858467121_n-300x169.jpg 300w, https:\/\/www.radiopiu.net\/wordpress\/wp-content\/uploads\/2023\/10\/284074231_5113358608747672_1785300036858467121_n-768x432.jpg 768w, https:\/\/www.radiopiu.net\/wordpress\/wp-content\/uploads\/2023\/10\/284074231_5113358608747672_1785300036858467121_n.jpg 960w\" sizes=\"auto, (max-width: 240px) 100vw, 240px\" \/><\/a>DAL 28 OTTOBRE PER 5 APPUNTAMENTI &#8211; RASSEGNA TEATRALE CINQUE VIE\u00a0 &#8211; XIV EDIZIONE<\/strong><strong>, <\/strong><strong>TEATRO SAN GAETANO <\/strong>Cinque spettacoli, cinque percorsi emotivi, cinque vie diverse da attraversare e ad ogni via sentirsi pi\u00f9 \u201cricchi\u201d di prima. Alla XIV edizione &#8220;manteniamo la rotta&#8221; in direzione del teatro &#8220;scomodo&#8221;, per generare emozioni, confronti e riflessioni. 5 Vie tra i sogni di un grande alpinista, tra i pensieri nascosti e troppo spesso malati dei giovani, tra l&#8217;incantevole grazia di un mondo al femminile, tra la visione del male agli occhi di un&#8217;anima candida e tra le seducenti ma terribili azioni di una intramontabile Lady Macbeth.<\/p>\n<p><strong>AI MICROFONI DI RADIOPIU MAURIZIO FONTANELLE PRESIDENTE PROLOCO PIEVE CASTIONESE\u00a0<\/strong><\/p>\n<audio class=\"wp-audio-shortcode\" id=\"audio-358203-6\" preload=\"none\" style=\"width: 100%;\" controls=\"controls\"><source type=\"audio\/mpeg\" src=\"https:\/\/www.radiopiu.net\/wordpress\/wp-content\/uploads\/2023\/10\/MAURIIO-FONTANANELLA-NOTIZIARIO-ENTRO-IL-28-OTTOBRE.mp3?_=6\" \/><a href=\"https:\/\/www.radiopiu.net\/wordpress\/wp-content\/uploads\/2023\/10\/MAURIIO-FONTANANELLA-NOTIZIARIO-ENTRO-IL-28-OTTOBRE.mp3\">https:\/\/www.radiopiu.net\/wordpress\/wp-content\/uploads\/2023\/10\/MAURIIO-FONTANANELLA-NOTIZIARIO-ENTRO-IL-28-OTTOBRE.mp3<\/a><\/audio>\n<p>&nbsp;<\/p>\n<hr \/>\n<p>&nbsp;<\/p>\n<blockquote>\n<h2><strong>VILLA PILONI A CASTELDARDO \u2013 la villa, la storia e gli ameni dintorni<\/strong><\/h2>\n<\/blockquote>\n<p><strong>BELLUNO<\/strong> Sabato\u00a0 rara occasione per visitare Villa Piloni (esterni) e gli scenografici accessi (\u201ccarpenade\u201d). L\u2019edificio \u00e8 il pi\u00f9 esteso tra quelli posseduti dalla nobile famiglia Piloni, che \u00e8 stata centrale nella storia di Belluno. Questa uscita fa parte di Cammi<strong>NATURA<\/strong>lmente, un programma molto partecipato della Biblioteca civica di Belluno, condotto da Anacleto Boranga, esperto divulgatore naturalistico ed ambientale. Ritrovo alle ore 8,00 davanti alla chiesa di Trichiana. Per le iscrizioni rivolgersi alla Biblioteca di Belluno \u00a0tel 0437 948093 o inviare una mail a <a href=\"mailto:biblioteca@comune.belluno.it\">biblioteca@comune.belluno.it<\/a> indicando nominativo e cellulare.<\/p>\n\n\t\t\t<style type='text\/css'>\n\t\t\t\t#gallery-4 {\n\t\t\t\t\tmargin: auto;\n\t\t\t\t}\n\t\t\t\t#gallery-4 .gallery-item {\n\t\t\t\t\tfloat: left;\n\t\t\t\t\tmargin-top: 10px;\n\t\t\t\t\ttext-align: center;\n\t\t\t\t\twidth: 25%;\n\t\t\t\t}\n\t\t\t\t#gallery-4 img {\n\t\t\t\t\tborder: 2px solid #cfcfcf;\n\t\t\t\t}\n\t\t\t\t#gallery-4 .gallery-caption {\n\t\t\t\t\tmargin-left: 0;\n\t\t\t\t}\n\t\t\t\t\/* see gallery_shortcode() in wp-includes\/media.php *\/\n\t\t\t<\/style>\n\t\t<div id='gallery-4' class='dt-gallery-container gallery galleryid-358203 gallery-columns-4 gallery-size-thumbnail'><dl class='gallery-item'>\n\t\t\t\t<dt class='gallery-icon landscape'>\n\t\t\t\t\t<a class=\"rollover rollover-zoom dt-pswp-item\" title=\"Villa Piloni\" data-dt-img-description=\"\" data-large_image_width=\"948\" data-large_image_height=\"711\"href='https:\/\/www.radiopiu.net\/wordpress\/wp-content\/uploads\/2023\/10\/P1240325.jpg'><img loading=\"lazy\" decoding=\"async\" width=\"150\" height=\"150\" src=\"https:\/\/www.radiopiu.net\/wordpress\/wp-content\/uploads\/2023\/10\/P1240325-150x150.jpg\" class=\"attachment-thumbnail size-thumbnail\" alt=\"\" \/><\/a>\n\t\t\t\t<\/dt><\/dl><dl class='gallery-item'>\n\t\t\t\t<dt class='gallery-icon landscape'>\n\t\t\t\t\t<a class=\"rollover rollover-zoom dt-pswp-item\" title=\"Villa Piloni\" data-dt-img-description=\"\" data-large_image_width=\"948\" data-large_image_height=\"711\"href='https:\/\/www.radiopiu.net\/wordpress\/wp-content\/uploads\/2023\/10\/P1240309.jpg'><img loading=\"lazy\" decoding=\"async\" width=\"150\" height=\"150\" src=\"https:\/\/www.radiopiu.net\/wordpress\/wp-content\/uploads\/2023\/10\/P1240309-150x150.jpg\" class=\"attachment-thumbnail size-thumbnail\" alt=\"\" \/><\/a>\n\t\t\t\t<\/dt><\/dl><dl class='gallery-item'>\n\t\t\t\t<dt class='gallery-icon landscape'>\n\t\t\t\t\t<a class=\"rollover rollover-zoom dt-pswp-item\" title=\"Villa Piloni\" data-dt-img-description=\"\" data-large_image_width=\"815\" data-large_image_height=\"611\"href='https:\/\/www.radiopiu.net\/wordpress\/wp-content\/uploads\/2023\/10\/P1200601.jpg'><img loading=\"lazy\" decoding=\"async\" width=\"150\" height=\"150\" src=\"https:\/\/www.radiopiu.net\/wordpress\/wp-content\/uploads\/2023\/10\/P1200601-150x150.jpg\" class=\"attachment-thumbnail size-thumbnail\" alt=\"\" \/><\/a>\n\t\t\t\t<\/dt><\/dl><dl class='gallery-item'>\n\t\t\t\t<dt class='gallery-icon landscape'>\n\t\t\t\t\t<a class=\"rollover rollover-zoom dt-pswp-item\" title=\"Villa Piloni\" data-dt-img-description=\"\" data-large_image_width=\"948\" data-large_image_height=\"711\"href='https:\/\/www.radiopiu.net\/wordpress\/wp-content\/uploads\/2023\/10\/P1200699.jpg'><img loading=\"lazy\" decoding=\"async\" width=\"150\" height=\"150\" src=\"https:\/\/www.radiopiu.net\/wordpress\/wp-content\/uploads\/2023\/10\/P1200699-150x150.jpg\" class=\"attachment-thumbnail size-thumbnail\" alt=\"\" \/><\/a>\n\t\t\t\t<\/dt><\/dl><br style=\"clear: both\" \/>\n\t\t\t<\/div>\n\n<p>&nbsp;<\/p>\n<p>&nbsp;<\/p>\n<hr \/>\n<p>&nbsp;<\/p>\n<blockquote>\n<h3>UN CORSO DI CHITARRA CLASSICA A BORGO VALBELLUNA<\/h3>\n<\/blockquote>\n<p><strong>BORGO VALBELLUNA<\/strong> L&#8217;associazione culturale Arte Nuova diretta da Celeste Levis e la Casa della Musica Zumellese diretta da Manolo Da Rold, con il Patrocinio del Comune di Borgo Valbelluna con lo scopo di divulgare la cultura musicale, propongono un mini corso di chitarra classica che si svolger\u00e0 presso le sede di Borgo Pra Belluno e Zottier di Borgo Valbelluna. Il mini corso \u00e8 tenuto dalla Chitarrista Erica Da Val<\/p>\n\n\t\t\t<style type='text\/css'>\n\t\t\t\t#gallery-5 {\n\t\t\t\t\tmargin: auto;\n\t\t\t\t}\n\t\t\t\t#gallery-5 .gallery-item {\n\t\t\t\t\tfloat: left;\n\t\t\t\t\tmargin-top: 10px;\n\t\t\t\t\ttext-align: center;\n\t\t\t\t\twidth: 33%;\n\t\t\t\t}\n\t\t\t\t#gallery-5 img {\n\t\t\t\t\tborder: 2px solid #cfcfcf;\n\t\t\t\t}\n\t\t\t\t#gallery-5 .gallery-caption {\n\t\t\t\t\tmargin-left: 0;\n\t\t\t\t}\n\t\t\t\t\/* see gallery_shortcode() in wp-includes\/media.php *\/\n\t\t\t<\/style>\n\t\t<div id='gallery-5' class='dt-gallery-container gallery galleryid-358203 gallery-columns-3 gallery-size-thumbnail'><dl class='gallery-item'>\n\t\t\t\t<dt class='gallery-icon portrait'>\n\t\t\t\t\t<a class=\"rollover rollover-zoom dt-pswp-item\" title=\"LA CHITARRA CLASSICA\" data-dt-img-description=\"\" data-large_image_width=\"1587\" data-large_image_height=\"2245\"href='https:\/\/www.radiopiu.net\/wordpress\/wp-content\/uploads\/2023\/10\/LA-CHITARRA-CLASSICA.png'><img loading=\"lazy\" decoding=\"async\" width=\"150\" height=\"150\" src=\"https:\/\/www.radiopiu.net\/wordpress\/wp-content\/uploads\/2023\/10\/LA-CHITARRA-CLASSICA-150x150.png\" class=\"attachment-thumbnail size-thumbnail\" alt=\"\" \/><\/a>\n\t\t\t\t<\/dt><\/dl><dl class='gallery-item'>\n\t\t\t\t<dt class='gallery-icon landscape'>\n\t\t\t\t\t<a class=\"rollover rollover-zoom dt-pswp-item\" title=\"erica da val insta (1)\" data-dt-img-description=\"\" data-large_image_width=\"2560\" data-large_image_height=\"2560\"href='https:\/\/www.radiopiu.net\/wordpress\/wp-content\/uploads\/2023\/10\/erica-da-val-insta-1-scaled.jpg'><img loading=\"lazy\" decoding=\"async\" width=\"150\" height=\"150\" src=\"https:\/\/www.radiopiu.net\/wordpress\/wp-content\/uploads\/2023\/10\/erica-da-val-insta-1-150x150.jpg\" class=\"attachment-thumbnail size-thumbnail\" alt=\"\" srcset=\"https:\/\/www.radiopiu.net\/wordpress\/wp-content\/uploads\/2023\/10\/erica-da-val-insta-1-150x150.jpg 150w, https:\/\/www.radiopiu.net\/wordpress\/wp-content\/uploads\/2023\/10\/erica-da-val-insta-1-300x300.jpg 300w, https:\/\/www.radiopiu.net\/wordpress\/wp-content\/uploads\/2023\/10\/erica-da-val-insta-1-1024x1024.jpg 1024w, https:\/\/www.radiopiu.net\/wordpress\/wp-content\/uploads\/2023\/10\/erica-da-val-insta-1-768x768.jpg 768w, https:\/\/www.radiopiu.net\/wordpress\/wp-content\/uploads\/2023\/10\/erica-da-val-insta-1-1536x1536.jpg 1536w, https:\/\/www.radiopiu.net\/wordpress\/wp-content\/uploads\/2023\/10\/erica-da-val-insta-1-2048x2048.jpg 2048w\" sizes=\"auto, (max-width: 150px) 100vw, 150px\" \/><\/a>\n\t\t\t\t<\/dt><\/dl><dl class='gallery-item'>\n\t\t\t\t<dt class='gallery-icon landscape'>\n\t\t\t\t\t<a class=\"rollover rollover-zoom dt-pswp-item\" title=\"erica da val insta (2)\" data-dt-img-description=\"\" data-large_image_width=\"2560\" data-large_image_height=\"2560\"href='https:\/\/www.radiopiu.net\/wordpress\/wp-content\/uploads\/2023\/10\/erica-da-val-insta-2-scaled.jpg'><img loading=\"lazy\" decoding=\"async\" width=\"150\" height=\"150\" src=\"https:\/\/www.radiopiu.net\/wordpress\/wp-content\/uploads\/2023\/10\/erica-da-val-insta-2-150x150.jpg\" class=\"attachment-thumbnail size-thumbnail\" alt=\"\" srcset=\"https:\/\/www.radiopiu.net\/wordpress\/wp-content\/uploads\/2023\/10\/erica-da-val-insta-2-150x150.jpg 150w, https:\/\/www.radiopiu.net\/wordpress\/wp-content\/uploads\/2023\/10\/erica-da-val-insta-2-300x300.jpg 300w, https:\/\/www.radiopiu.net\/wordpress\/wp-content\/uploads\/2023\/10\/erica-da-val-insta-2-1024x1024.jpg 1024w, https:\/\/www.radiopiu.net\/wordpress\/wp-content\/uploads\/2023\/10\/erica-da-val-insta-2-768x768.jpg 768w, https:\/\/www.radiopiu.net\/wordpress\/wp-content\/uploads\/2023\/10\/erica-da-val-insta-2-1536x1536.jpg 1536w, https:\/\/www.radiopiu.net\/wordpress\/wp-content\/uploads\/2023\/10\/erica-da-val-insta-2-2048x2048.jpg 2048w\" sizes=\"auto, (max-width: 150px) 100vw, 150px\" \/><\/a>\n\t\t\t\t<\/dt><\/dl><br style=\"clear: both\" \/>\n\t\t\t<\/div>\n\n<p>&nbsp;<\/p>\n<p>&nbsp;<\/p>\n<hr \/>\n<p>&nbsp;<\/p>\n<blockquote>\n<h3>DOMENICA LA SANTA MESSA PER I CADUTI DELLA MONTAGNA<\/h3>\n<\/blockquote>\n<p>DI GIANNI SANTOMASO<\/p>\n<audio class=\"wp-audio-shortcode\" id=\"audio-358203-7\" preload=\"none\" style=\"width: 100%;\" controls=\"controls\"><source type=\"audio\/mpeg\" src=\"https:\/\/www.radiopiu.net\/wordpress\/wp-content\/uploads\/2023\/10\/MESSA-CADUTI-GIANNI.mp3?_=7\" \/><a href=\"https:\/\/www.radiopiu.net\/wordpress\/wp-content\/uploads\/2023\/10\/MESSA-CADUTI-GIANNI.mp3\">https:\/\/www.radiopiu.net\/wordpress\/wp-content\/uploads\/2023\/10\/MESSA-CADUTI-GIANNI.mp3<\/a><\/audio>\n<p>&nbsp;<\/p>\n<p><strong>AGORDO<\/strong> Domenica alle 18 nella Chiesa Arcidiaconale di Agordo torna l&#8217;appuntamento con la Santa Messa per i Caduti della Montagna. Il Coro Agordo ricorder\u00e0 quanti, a noi vicini, ora cantano assieme alle schiere celesti, sopra quelle cime, quelle valli, quei boschi che tanto hanno amato. Sar\u00e0 un momento di preghiera e di contemplazione che ci unir\u00e0, a loro, nel silenzio dell&#8217;anima e del cuore. Radio Pi\u00f9 trasmetter\u00e0 in diretta la Santa Messa. Tramite i canali social e il sito internet di Radio Pi\u00f9 la celebrazione sar\u00e0 trasmessa anche in diretta video.<\/p>\n\n\t\t\t<style type='text\/css'>\n\t\t\t\t#gallery-6 {\n\t\t\t\t\tmargin: auto;\n\t\t\t\t}\n\t\t\t\t#gallery-6 .gallery-item {\n\t\t\t\t\tfloat: left;\n\t\t\t\t\tmargin-top: 10px;\n\t\t\t\t\ttext-align: center;\n\t\t\t\t\twidth: 33%;\n\t\t\t\t}\n\t\t\t\t#gallery-6 img {\n\t\t\t\t\tborder: 2px solid #cfcfcf;\n\t\t\t\t}\n\t\t\t\t#gallery-6 .gallery-caption {\n\t\t\t\t\tmargin-left: 0;\n\t\t\t\t}\n\t\t\t\t\/* see gallery_shortcode() in wp-includes\/media.php *\/\n\t\t\t<\/style>\n\t\t<div id='gallery-6' class='dt-gallery-container gallery galleryid-358203 gallery-columns-3 gallery-size-thumbnail'><dl class='gallery-item'>\n\t\t\t\t<dt class='gallery-icon portrait'>\n\t\t\t\t\t<a class=\"rollover rollover-zoom dt-pswp-item\" title=\"MessaCadutiMontagna2023\" data-dt-img-description=\"\" data-large_image_width=\"1783\" data-large_image_height=\"2487\"href='https:\/\/www.radiopiu.net\/wordpress\/wp-content\/uploads\/2023\/10\/MessaCadutiMontagna2023.jpg'><img loading=\"lazy\" decoding=\"async\" width=\"150\" height=\"150\" src=\"https:\/\/www.radiopiu.net\/wordpress\/wp-content\/uploads\/2023\/10\/MessaCadutiMontagna2023-150x150.jpg\" class=\"attachment-thumbnail size-thumbnail\" alt=\"\" \/><\/a>\n\t\t\t\t<\/dt><\/dl><dl class='gallery-item'>\n\t\t\t\t<dt class='gallery-icon landscape'>\n\t\t\t\t\t<a class=\"rollover rollover-zoom dt-pswp-item\" title=\"CoroAgordo2\" data-dt-img-description=\"\" data-large_image_width=\"2048\" data-large_image_height=\"1152\"href='https:\/\/www.radiopiu.net\/wordpress\/wp-content\/uploads\/2023\/10\/CoroAgordo2.jpg'><img loading=\"lazy\" decoding=\"async\" width=\"150\" height=\"150\" src=\"https:\/\/www.radiopiu.net\/wordpress\/wp-content\/uploads\/2023\/10\/CoroAgordo2-150x150.jpg\" class=\"attachment-thumbnail size-thumbnail\" alt=\"\" \/><\/a>\n\t\t\t\t<\/dt><\/dl><dl class='gallery-item'>\n\t\t\t\t<dt class='gallery-icon landscape'>\n\t\t\t\t\t<a class=\"rollover rollover-zoom dt-pswp-item\" title=\"CoroAgordo1\" data-dt-img-description=\"\" data-large_image_width=\"2044\" data-large_image_height=\"1218\"href='https:\/\/www.radiopiu.net\/wordpress\/wp-content\/uploads\/2023\/10\/CoroAgordo1.jpg'><img loading=\"lazy\" decoding=\"async\" width=\"150\" height=\"150\" src=\"https:\/\/www.radiopiu.net\/wordpress\/wp-content\/uploads\/2023\/10\/CoroAgordo1-150x150.jpg\" class=\"attachment-thumbnail size-thumbnail\" alt=\"\" \/><\/a>\n\t\t\t\t<\/dt><\/dl><br style=\"clear: both\" \/>\n\t\t\t<\/div>\n\n<p>&nbsp;<\/p>\n<hr \/>\n<p>&nbsp;<\/p>\n<p><iframe loading=\"lazy\" title=\"EP CENTER CON FRANCESCO ZILLIO, LA TECNOLOGIA ALLA RADIO\" width=\"1200\" height=\"675\" src=\"https:\/\/www.youtube.com\/embed\/SA6XkWrvK8g?start=2&#038;feature=oembed\" frameborder=\"0\" allow=\"accelerometer; autoplay; clipboard-write; encrypted-media; gyroscope; picture-in-picture; web-share\" allowfullscreen><\/iframe><\/p>\n<p>&nbsp;<\/p>\n<p>&nbsp;<\/p>\n<hr \/>\n<p>&nbsp;<\/p>\n<blockquote>\n<h3>APERTURA STRAORDINARIA DELLA CHIESA DI SAN SIMON E LA SCHOLA DEI BATTUTI<\/h3>\n<\/blockquote>\n<p><strong>VALLADA <\/strong>Apertura straordinaria della Chiesa monumentale di San Simon e della <i>Schola<\/i>\u00a0dei Battuti in occasione della festivit\u00e0 di San Simone Apostolo patrono di Vallada Agordina,\u00a0sabato 28 ottobre 2023. Gli orari di apertura saranno i seguenti: Mattina\u00a0 \u00a0 9.30 &#8211; 12.30, Pomeriggio\u00a0 15.30 &#8211; 18.30<\/p>\n<p>&nbsp;<\/p>\n<p>&nbsp;<\/p>\n<hr \/>\n<p>&nbsp;<\/p>\n<h2><span style=\"color: #ff0000;\">GLI APPUNTAMENTI DELLA SETTIMANA\u00a0\u00a0<\/span><\/h2>\n<blockquote>\n<h3>SERE D&#8217;AUTUNNO<\/h3>\n<p><em><strong><a class=\"dt-pswp-item\" href=\"https:\/\/www.radiopiu.net\/wordpress\/wp-content\/uploads\/2023\/09\/Senza-nome-75.png\" data-dt-img-description=\"\" data-large_image_width=\"478\" data-large_image_height=\"179\"><img loading=\"lazy\" decoding=\"async\" class=\"size-medium wp-image-354485 alignleft\" src=\"https:\/\/www.radiopiu.net\/wordpress\/wp-content\/uploads\/2023\/09\/Senza-nome-75-300x112.png\" alt=\"\" width=\"300\" height=\"112\" srcset=\"https:\/\/www.radiopiu.net\/wordpress\/wp-content\/uploads\/2023\/09\/Senza-nome-75-300x112.png 300w, https:\/\/www.radiopiu.net\/wordpress\/wp-content\/uploads\/2023\/09\/Senza-nome-75.png 478w\" sizes=\"auto, (max-width: 300px) 100vw, 300px\" \/><\/a>SERE D&#8217;AUTUNNO, SERATE DI INCONTRI, DIBATTITI, IMMAGINI FILMATI E MULTIVISIONI. AD AGORDO TUTTI I VENERDI DI OTTOBRE, IN SALA DON TAMIS ALLE 20.45, INGRESSO LIBERO. PRESENTA GIANPAOLO SORATROI.\u00a0<\/strong><\/em><\/p>\n<p>Interessante serie di incontri, dibattiti, proiezioni inerenti al mondo della montagna &#8211; ma non solo &#8211; che si svolgono tutti i venerd\u00ec di ottobre nella prestigiosa e capiente Sala don F. Tamis messaci a disposizione per l\u2019occasione dall\u2019Unione Montana Agordina. Nato nel 2007, quest\u2019anno, raggiunge la 15\u00b0 edizione; i temi trattati durante le serate sono diversi tra loro per offrire una visione della montagna a 360\u00b0. Questa edizione \u00e8 dedicata interamente alle donne con quattro ospiti femminili.<\/p><\/blockquote>\n<p><strong>VENERDI 27 OTTOBRE ANGELIKA RAINER, SOGNI VERTICALI. arrampicando su fantasie divenute realt\u00e0<\/strong><\/p>\n<p>&nbsp;<\/p>\n\n\t\t\t<style type='text\/css'>\n\t\t\t\t#gallery-7 {\n\t\t\t\t\tmargin: auto;\n\t\t\t\t}\n\t\t\t\t#gallery-7 .gallery-item {\n\t\t\t\t\tfloat: left;\n\t\t\t\t\tmargin-top: 10px;\n\t\t\t\t\ttext-align: center;\n\t\t\t\t\twidth: 25%;\n\t\t\t\t}\n\t\t\t\t#gallery-7 img {\n\t\t\t\t\tborder: 2px solid #cfcfcf;\n\t\t\t\t}\n\t\t\t\t#gallery-7 .gallery-caption {\n\t\t\t\t\tmargin-left: 0;\n\t\t\t\t}\n\t\t\t\t\/* see gallery_shortcode() in wp-includes\/media.php *\/\n\t\t\t<\/style>\n\t\t<div id='gallery-7' class='dt-gallery-container gallery galleryid-358203 gallery-columns-4 gallery-size-thumbnail'><dl class='gallery-item'>\n\t\t\t\t<dt class='gallery-icon landscape'>\n\t\t\t\t\t<a class=\"rollover rollover-zoom dt-pswp-item\" title=\"a0ebae4a-1ff5-49c1-97c5-41308fb17fa2\" data-dt-img-description=\"\" data-large_image_width=\"1600\" data-large_image_height=\"900\"href='https:\/\/www.radiopiu.net\/wordpress\/wp-content\/uploads\/2023\/10\/a0ebae4a-1ff5-49c1-97c5-41308fb17fa2.jpg'><img loading=\"lazy\" decoding=\"async\" width=\"150\" height=\"150\" src=\"https:\/\/www.radiopiu.net\/wordpress\/wp-content\/uploads\/2023\/10\/a0ebae4a-1ff5-49c1-97c5-41308fb17fa2-150x150.jpg\" class=\"attachment-thumbnail size-thumbnail\" alt=\"\" \/><\/a>\n\t\t\t\t<\/dt><\/dl><dl class='gallery-item'>\n\t\t\t\t<dt class='gallery-icon landscape'>\n\t\t\t\t\t<a class=\"rollover rollover-zoom dt-pswp-item\" title=\"7db63321-bfa8-4ff7-84d0-2b19d427304d\" data-dt-img-description=\"\" data-large_image_width=\"1600\" data-large_image_height=\"900\"href='https:\/\/www.radiopiu.net\/wordpress\/wp-content\/uploads\/2023\/10\/7db63321-bfa8-4ff7-84d0-2b19d427304d.jpg'><img loading=\"lazy\" decoding=\"async\" width=\"150\" height=\"150\" src=\"https:\/\/www.radiopiu.net\/wordpress\/wp-content\/uploads\/2023\/10\/7db63321-bfa8-4ff7-84d0-2b19d427304d-150x150.jpg\" class=\"attachment-thumbnail size-thumbnail\" alt=\"\" \/><\/a>\n\t\t\t\t<\/dt><\/dl><dl class='gallery-item'>\n\t\t\t\t<dt class='gallery-icon landscape'>\n\t\t\t\t\t<a class=\"rollover rollover-zoom dt-pswp-item\" title=\"cdf89a7a-e6f6-4211-941f-d514b7ebb02f\" data-dt-img-description=\"\" data-large_image_width=\"1600\" data-large_image_height=\"900\"href='https:\/\/www.radiopiu.net\/wordpress\/wp-content\/uploads\/2023\/10\/cdf89a7a-e6f6-4211-941f-d514b7ebb02f.jpg'><img loading=\"lazy\" decoding=\"async\" width=\"150\" height=\"150\" src=\"https:\/\/www.radiopiu.net\/wordpress\/wp-content\/uploads\/2023\/10\/cdf89a7a-e6f6-4211-941f-d514b7ebb02f-150x150.jpg\" class=\"attachment-thumbnail size-thumbnail\" alt=\"\" \/><\/a>\n\t\t\t\t<\/dt><\/dl><dl class='gallery-item'>\n\t\t\t\t<dt class='gallery-icon landscape'>\n\t\t\t\t\t<a class=\"rollover rollover-zoom dt-pswp-item\" title=\"Senza nome\" data-dt-img-description=\"\" data-large_image_width=\"522\" data-large_image_height=\"261\"href='https:\/\/www.radiopiu.net\/wordpress\/wp-content\/uploads\/2023\/10\/Senza-nome-32.png'><img loading=\"lazy\" decoding=\"async\" width=\"150\" height=\"150\" src=\"https:\/\/www.radiopiu.net\/wordpress\/wp-content\/uploads\/2023\/10\/Senza-nome-32-150x150.png\" class=\"attachment-thumbnail size-thumbnail\" alt=\"\" \/><\/a>\n\t\t\t\t<\/dt><\/dl><br style=\"clear: both\" \/>\n\t\t\t<\/div>\n\n<p>&nbsp;<\/p>\n<blockquote>\n<h3>UN INCONTRO PER PARLARE DELLA BICILETTA<\/h3>\n<\/blockquote>\n<p><strong>BELLUNO<\/strong> All&#8217;UrbanHub di Belluno venerd\u00ec alle 16 ci sar\u00e0 un incontro incentrato sulla bicicletta. Una conferenza per parlare del mezzo a due ruote come veicolo di sostenibilit\u00e0.<\/p>\n<p>&nbsp;<\/p>\n<blockquote>\n<h3>A CESIOMAGGIORE SI PARLA DI PIANTE, ANIMALI E UOMINI<\/h3>\n<\/blockquote>\n<p><strong>CESIOMAGGIORE<\/strong> La Biblioteca comunale di Cesiomaggiore organizza per venerd\u00ec 27 ottobre alle 20.30, presso la sala conferenze del Museo Etnografico Dolomiti, un incontro dal titolo \u201cPiante, animali e uomini: intelligenze a confronto\u201d. Saranno presenti Daniele Zovi e Jessica Peruzzo.\u00a0 Entrambi vicentini\u00a0 e accomunati dall\u2019amore nei confronti della natura.<\/p>\n<p>&nbsp;<\/p>\n<p>&nbsp;<\/p>\n<blockquote>\n<h3><a class=\"dt-pswp-item\" href=\"https:\/\/www.radiopiu.net\/wordpress\/wp-content\/uploads\/2023\/10\/locandina.jpg\" data-dt-img-description=\"\" data-large_image_width=\"1131\" data-large_image_height=\"1600\"><img loading=\"lazy\" decoding=\"async\" class=\"size-medium wp-image-358103 alignleft\" src=\"https:\/\/www.radiopiu.net\/wordpress\/wp-content\/uploads\/2023\/10\/locandina-212x300.jpg\" alt=\"\" width=\"212\" height=\"300\" srcset=\"https:\/\/www.radiopiu.net\/wordpress\/wp-content\/uploads\/2023\/10\/locandina-212x300.jpg 212w, https:\/\/www.radiopiu.net\/wordpress\/wp-content\/uploads\/2023\/10\/locandina-724x1024.jpg 724w, https:\/\/www.radiopiu.net\/wordpress\/wp-content\/uploads\/2023\/10\/locandina-768x1086.jpg 768w, https:\/\/www.radiopiu.net\/wordpress\/wp-content\/uploads\/2023\/10\/locandina-1086x1536.jpg 1086w, https:\/\/www.radiopiu.net\/wordpress\/wp-content\/uploads\/2023\/10\/locandina.jpg 1131w\" sizes=\"auto, (max-width: 212px) 100vw, 212px\" \/><\/a>CONCERTO 40\u00b0 DI FONDAZIONE<\/h3>\n<\/blockquote>\n<p>sabato\u00a0 alle 9:30 nella palestra delle scuole\u00a0 l\u2019Istituto Comprensivo di Mel ospita il giovane coro ungherese Cantemus Boys Choir. Chiuderanno la mattinata il coro dell\u2019Istituto Comprensivo e la classe seconda della secondaria di primo grado di Lentiai con lo spettacolo teatrale in lingua inglese \u201cSnow White and the Seven dwarfs\u201d. La sera, presso la Chiesa Arcipretale di Trichiana alle 20:30 il Coro Polifonico di Trichiana festegger\u00e0 con tutta la popolazione il quarantennale della sua fondazione con ospiti non solo il coro ungherese\u00a0 e i Giovani Archi Bellunesi della Scuola Miari di Belluno diretti da Svetlana Pletneva.<\/p>\n<p>&nbsp;<\/p>\n<p>&nbsp;<\/p>\n<p>&nbsp;<\/p>\n<p>&nbsp;<\/p>\n<hr \/>\n<p>&nbsp;<\/p>\n<h2><span style=\"color: #ff0000;\">PROSSIMAMENTE&#8230;<\/span><\/h2>\n<blockquote>\n<h3>AD AGORDO UN INCONTRO PER PARLARE DELLA RIFORMA DELLO SPORT<\/h3>\n<\/blockquote>\n<p><strong>AGORDO<\/strong> L&#8217;AICS di Belluno in collaborazione con l&#8217;Unione Montana Agordina organizza un incontro in Sala Don Tamis per parlare della riforma dello sport. La serata si svolger\u00e0 venerd\u00ec 3 novembre alle 20:30. &#8220;Lavoratori Volontari Nello Sport&#8221; il titolo della serata a cura di Bianca Maria Stivanello, Avvocato cassazionista che si occupa di diritto e fiscalit\u00e0 dello sport e del terzo settore.<\/p>\n<a href=\"https:\/\/www.radiopiu.net\/wordpress\/wp-content\/uploads\/2023\/10\/manifesto-agordo.pdf\" class=\"pdfemb-viewer\" style=\"\" data-width=\"max\" data-height=\"max\" data-toolbar=\"top\" data-toolbar-fixed=\"on\">manifesto agordo<\/a>\n<p>&nbsp;<\/p>\n<p>&nbsp;<\/p>\n<hr \/>\n<p>&nbsp;<\/p>\n<p>&nbsp;<\/p>\n<blockquote>\n<h3>LA CENA DELLA CLASSE 1968<\/h3>\n<\/blockquote>\n<p><strong>FALCADE<\/strong> La Classe 1968 Agordino organizza per sabato 4 novembre alle 20 all&#8217;Hotel Cristal di Falcade la mitica cena!!! Tutti i Coscritti dell&#8217;Agordino sono invitati!!! Musica con DJ e dalle ore 24 aperto a tutti!!! Per info e prenotazioni chiama l&#8217;Hotel Cristal allo 0437 507356 entro luned\u00ec 30 ottobre. \u2026.1968&#8230;. UN&#8217;ANNATA SPECIALE!!!!<\/p>\n<p>&nbsp;<\/p>\n<p>&nbsp;<\/p>\n<hr \/>\n<p>&nbsp;<\/p>\n<div class=\"message spoilers-container\" dir=\"auto\">\n<div class=\"column\">\n<div class=\"message spoilers-container\" dir=\"auto\">\n<div class=\"column\">\n<p><img loading=\"lazy\" decoding=\"async\" class=\"aligncenter wp-image-61954 size-full\" src=\"https:\/\/www.radiopiu.net\/wordpress\/wp-content\/uploads\/2018\/09\/viabilita.jpeg\" sizes=\"auto, (max-width: 800px) 100vw, 800px\" srcset=\"https:\/\/www.radiopiu.net\/wordpress\/wp-content\/uploads\/2018\/09\/viabilita.jpeg 800w, https:\/\/www.radiopiu.net\/wordpress\/wp-content\/uploads\/2018\/09\/viabilita-300x38.jpeg 300w, https:\/\/www.radiopiu.net\/wordpress\/wp-content\/uploads\/2018\/09\/viabilita-768x96.jpeg 768w\" alt=\"\" width=\"800\" height=\"100\" \/><\/p>\n<\/div>\n<\/div>\n<div class=\"message spoilers-container\" dir=\"auto\">\n<div class=\"column\">\n<p>&nbsp;<\/p>\n<\/div>\n<\/div>\n<\/div>\n<\/div>\n<blockquote class=\"wp-embedded-content\" data-secret=\"MSy9Q6acjv\"><p><a href=\"https:\/\/www.radiopiu.net\/wordpress\/viabilita\/\">viabilita<\/a><\/p><\/blockquote>\n<p><iframe loading=\"lazy\" class=\"wp-embedded-content\" sandbox=\"allow-scripts\" security=\"restricted\" style=\"position: absolute; clip: rect(1px, 1px, 1px, 1px);\" title=\"&#8220;viabilita&#8221; &#8212; Radio Pi\u00f9\" src=\"https:\/\/www.radiopiu.net\/wordpress\/viabilita\/embed\/#?secret=nbadYf0wMG#?secret=MSy9Q6acjv\" data-secret=\"MSy9Q6acjv\" width=\"600\" height=\"338\" frameborder=\"0\" marginwidth=\"0\" marginheight=\"0\" scrolling=\"no\"><\/iframe><\/p>\n<div class=\"message spoilers-container\" dir=\"auto\">\n<div class=\"column\">\n<div class=\"message spoilers-container\" dir=\"auto\">\n<div class=\"column\">\n<div>\n<div dir=\"ltr\">\n<div class=\"gmail_quote\">\n<div dir=\"ltr\">\n<div><\/div>\n<div><\/div>\n<\/div>\n<\/div>\n<\/div>\n<\/div>\n<hr \/>\n<p>&nbsp;<\/p>\n<p><a class=\"dt-pswp-item\" href=\"https:\/\/www.radiopiu.net\/wordpress\/wp-content\/uploads\/2018\/09\/WhatsApp-Image-2018-09-20-at-16.04.06.jpeg\" data-dt-img-description=\"\" data-large_image_width=\"800\" data-large_image_height=\"100\"><img loading=\"lazy\" decoding=\"async\" class=\"wp-image-61378 size-full aligncenter\" src=\"https:\/\/www.radiopiu.net\/wordpress\/wp-content\/uploads\/2018\/09\/WhatsApp-Image-2018-09-20-at-16.04.06.jpeg\" alt=\"\" width=\"800\" height=\"100\" srcset=\"https:\/\/www.radiopiu.net\/wordpress\/wp-content\/uploads\/2018\/09\/WhatsApp-Image-2018-09-20-at-16.04.06.jpeg 800w, https:\/\/www.radiopiu.net\/wordpress\/wp-content\/uploads\/2018\/09\/WhatsApp-Image-2018-09-20-at-16.04.06-300x38.jpeg 300w, https:\/\/www.radiopiu.net\/wordpress\/wp-content\/uploads\/2018\/09\/WhatsApp-Image-2018-09-20-at-16.04.06-768x96.jpeg 768w\" sizes=\"auto, (max-width: 800px) 100vw, 800px\" \/><\/a><\/p>\n<\/div>\n<\/div>\n<p>&nbsp;<\/p>\n<p><center><\/center><center><b>OGGI<\/b><\/center><b>Tempo atteso: <\/b>Residuo maltempo nelle ore notturne. Al mattino molte nubi basse, pi\u00f9 presenti sulla fascia prealpina, ma anche sulle Dolomiti, dove le chance di rasserenamenti saranno pi\u00f9 probabili. Con il passare delle ore nuova intensificazione della nuvolosit\u00e0 con locale insidia di qualche piovasco. Alla sera schiarite e nubi basse.<br \/>\n<b>Precipitazioni: <\/b>Residue piogge a inizio notte sul Bellunese (60-80%). Al mattino precipitazioni assenti (0%), mentre potranno verificarsi locali piovaschi pomeridiani, specie sulle Dolomiti (40-50%), meno probabili sulle Prealpi (20-30%).<br \/>\n<b>Temperature: <\/b>Minime in generale calo, massime in leggera flessione in quota e in lieve aumento nelle valli<\/p>\n<hr \/>\n<p><center><b>DOMANI<\/b><\/center>Al mattino nubi basse, pi\u00f9 presenti sulla fascia prealpina, ma anche in qualche valle Dolomitica. In alta quota tratti soleggiati e nubi alte. Al pomeriggio aumento e intensificazione della nuvolosit\u00e0 stratiforme. Alla sera peggioramento del tempo.<br \/>\n<b>Precipitazioni: <\/b>In giornata assenti (0-10%), in serata crescente probabilit\u00e0 fino a medio-alta (60-80%) per piogge in estensione a tutta la montagna veneta.<br \/>\n<b>Temperature: <\/b>Minime in lieve calo, specie nei settori interessati dall&#8217;irraggiamento notturno. Massime in leggero aumento per nuova avvezione di aria mite<\/p>\n<hr \/>\n<p><center><b>VENERDI<\/b><\/center>Nottetempo fase perturbata con cielo coperto e precipitazioni diffuse. Al mattino miglioramento del tempo con sole e cielo sereno o poco nuvoloso, prima che la nuvolosit\u00e0 torni a predominare al pomeriggio, magari con qualche isolato piovasco, specie sulle Dolomiti.\u00a0 Temperature in generale calo con minime alla sera.<\/p>\n<hr \/>\n<p><center><b>SABATO<\/b><\/center>Sole e cielo sereno o poco nuvoloso al mattino, eccetto nubi basse in alcune conche o fondovalle prealpini. Al pomeriggio tratti soleggiati e annuvolamenti irregolari per stratocumuli a ridosso dei rilievi. Temperature in ulteriore generale calo.<\/p>\n<\/div>\n<\/div>\n<p>&nbsp;<\/p>\n<div class=\"message spoilers-container\" dir=\"auto\">\n<hr \/>\n<p>&nbsp;<\/p>\n<p><img loading=\"lazy\" decoding=\"async\" class=\"wp-image-60761 size-full aligncenter\" src=\"https:\/\/www.radiopiu.net\/wordpress\/wp-content\/uploads\/2018\/09\/sport.jpg\" alt=\"\" width=\"800\" height=\"100\" srcset=\"https:\/\/www.radiopiu.net\/wordpress\/wp-content\/uploads\/2018\/09\/sport.jpg 800w, https:\/\/www.radiopiu.net\/wordpress\/wp-content\/uploads\/2018\/09\/sport-300x38.jpg 300w, https:\/\/www.radiopiu.net\/wordpress\/wp-content\/uploads\/2018\/09\/sport-768x96.jpg 768w\" sizes=\"auto, (max-width: 800px) 100vw, 800px\" \/><\/p>\n<p>&nbsp;<\/p>\n<p><span style=\"color: #0000ff;\"><strong>L&#8217;EVENTO<\/strong><\/span><\/p>\n<blockquote>\n<h3><a class=\"dt-pswp-item\" href=\"https:\/\/www.radiopiu.net\/wordpress\/wp-content\/uploads\/2020\/07\/download-2.png\" data-dt-img-description=\"\" data-large_image_width=\"212\" data-large_image_height=\"238\"><img loading=\"lazy\" decoding=\"async\" class=\"wp-image-149386 alignleft\" src=\"https:\/\/www.radiopiu.net\/wordpress\/wp-content\/uploads\/2020\/07\/download-2.png\" alt=\"\" width=\"79\" height=\"89\" \/><\/a>DOMANI LA PRESENTAZIONE DEL CAMPIONATO NAZIONALE DI CORSA SU STRADA DI AGORDO, in diretta sui canali di RADIOPIU&#8217;<\/h3>\n<\/blockquote>\n<p><strong>AGORDO<\/strong> Domani verr\u00e0 presentata l\u201911.ma edizione del Campionato nazionale di corsa su strada del Centro Sportivo Italiano che si svolger\u00e0 domenica 29 ottobre ad Agordo, a cura dell\u2019Atletica Agordina. La presentazione si svolger\u00e0 con inizio alle 18 nella sala consiliare del municipio di Agordo, in piazzale Guglielmo Marconi 1.<\/p>\n<p>&nbsp;<\/p>\n<p>&nbsp;<\/p>\n<p><span style=\"color: #0000ff;\"><strong>CALCIO<\/strong><\/span><\/p>\n<blockquote>\n<h3>UN INIZIO DI STAGIONE CON L&#8217;AGORDINA PROTAGONISTA NEI CAMPIONATI LND PROVINCIALI<\/h3>\n<\/blockquote>\n<p><strong><a class=\"dt-pswp-item\" href=\"https:\/\/www.radiopiu.net\/wordpress\/wp-content\/uploads\/2023\/10\/395232845_828829169032154_3051605050662070792_n.jpg\" data-dt-img-description=\"\" data-large_image_width=\"1600\" data-large_image_height=\"1204\"><img loading=\"lazy\" decoding=\"async\" class=\" wp-image-358224 alignleft\" src=\"https:\/\/www.radiopiu.net\/wordpress\/wp-content\/uploads\/2023\/10\/395232845_828829169032154_3051605050662070792_n-300x226.jpg\" alt=\"\" width=\"170\" height=\"128\" srcset=\"https:\/\/www.radiopiu.net\/wordpress\/wp-content\/uploads\/2023\/10\/395232845_828829169032154_3051605050662070792_n-300x226.jpg 300w, https:\/\/www.radiopiu.net\/wordpress\/wp-content\/uploads\/2023\/10\/395232845_828829169032154_3051605050662070792_n-1024x771.jpg 1024w, https:\/\/www.radiopiu.net\/wordpress\/wp-content\/uploads\/2023\/10\/395232845_828829169032154_3051605050662070792_n-768x578.jpg 768w, https:\/\/www.radiopiu.net\/wordpress\/wp-content\/uploads\/2023\/10\/395232845_828829169032154_3051605050662070792_n-1536x1156.jpg 1536w, https:\/\/www.radiopiu.net\/wordpress\/wp-content\/uploads\/2023\/10\/395232845_828829169032154_3051605050662070792_n.jpg 1600w\" sizes=\"auto, (max-width: 170px) 100vw, 170px\" \/><\/a>di Marco Gaz<\/strong><\/p>\n<p><strong>REDAZIONE<\/strong> Non \u00e8 stata una partita facile quella di domenica scorsa per l&#8217;Agordina Calcio di Terza Categoria. Sul campo di Salce la squadra di Elvio Chiea ha incamerato tre punti sudando le famose sette camice. Infatti gli agordini si sono trovati in 10 per gran parte della partita per l&#8217;espulsione di Sibillon per proteste. La reazione della compagine di Agordo nella ripresa quando compie una vera e propria rimonta rifilando al Piave 3 gol dopo averne subiti 2 nel primo tempo. Una vittoria importante per la classifica e il morale. Intanto anche il settore giovanile dell&#8217;Agordina si \u00e8 comportato bene. La Juniores di De Zaiacomo ha pareggiato con la Cisonese dopo una partita giocata a viso aperto. Gli allievi di Orzetti hanno superato la Juventina Mugnai e nella categoria Giovanissimi la squadra A ha rifilato una manita al Piave. Giornata di riposo per la squadra B. Un inizio di stagione pi\u00f9 che buono per le formazioni di Agordo che sono protagoniste nei vari campionati LND provinciali.<\/p>\n<p>(FOTO: Facebook USD Agordina)<\/p>\n<p>&nbsp;<\/p>\n<\/div>\n","protected":false},"excerpt":{"rendered":"<p>40esimo di RADIOPIU\u2026. LA VOCE DELL\u2019EMOZIONE ISCRIVITI AL NOSTRO CANALE\u00a0\u00a0YOUTUBE PER SEGUIRE IN DIRETTA I PRINCIPALI PROGRAMMI DI RADIO PIU\u2019 E LE FUTURE DIRETTE IN ESTERNA. PER ISCRIVERTI CLICCA QUI\u00a0E PREMI\u00a0 \u201cIscriviti\u201d\u00a0\u00a0\u00a0 &nbsp; INIZIATIVE ULSS1 DOLOMITI-BELLUNO &nbsp; &nbsp; &nbsp; SERVIZIO IDRICO, ACQUA SEMPRE INQUINATA NELLE FRAZIONI ALTE DI AGORDO Gestione Servizi Pubblici informa che ad&hellip;<\/p>\n","protected":false},"author":4,"featured_media":358328,"comment_status":"closed","ping_status":"closed","sticky":false,"template":"","format":"standard","meta":{"_monsterinsights_skip_tracking":false,"_monsterinsights_sitenote_active":false,"_monsterinsights_sitenote_note":"","_monsterinsights_sitenote_category":0,"footnotes":""},"categories":[51,86,49],"tags":[],"class_list":["post-358203","post","type-post","status-publish","format-standard","has-post-thumbnail","hentry","category-evidenza-top","category-gr","category-news-18","category-51","category-86","category-49","description-off"],"img_url":"https:\/\/www.radiopiu.net\/wordpress\/wp-content\/uploads\/2023\/10\/FOTO1.png","_links":{"self":[{"href":"https:\/\/www.radiopiu.net\/wordpress\/wp-json\/wp\/v2\/posts\/358203","targetHints":{"allow":["GET"]}}],"collection":[{"href":"https:\/\/www.radiopiu.net\/wordpress\/wp-json\/wp\/v2\/posts"}],"about":[{"href":"https:\/\/www.radiopiu.net\/wordpress\/wp-json\/wp\/v2\/types\/post"}],"author":[{"embeddable":true,"href":"https:\/\/www.radiopiu.net\/wordpress\/wp-json\/wp\/v2\/users\/4"}],"replies":[{"embeddable":true,"href":"https:\/\/www.radiopiu.net\/wordpress\/wp-json\/wp\/v2\/comments?post=358203"}],"version-history":[{"count":0,"href":"https:\/\/www.radiopiu.net\/wordpress\/wp-json\/wp\/v2\/posts\/358203\/revisions"}],"wp:featuredmedia":[{"embeddable":true,"href":"https:\/\/www.radiopiu.net\/wordpress\/wp-json\/wp\/v2\/media\/358328"}],"wp:attachment":[{"href":"https:\/\/www.radiopiu.net\/wordpress\/wp-json\/wp\/v2\/media?parent=358203"}],"wp:term":[{"taxonomy":"category","embeddable":true,"href":"https:\/\/www.radiopiu.net\/wordpress\/wp-json\/wp\/v2\/categories?post=358203"},{"taxonomy":"post_tag","embeddable":true,"href":"https:\/\/www.radiopiu.net\/wordpress\/wp-json\/wp\/v2\/tags?post=358203"}],"curies":[{"name":"wp","href":"https:\/\/api.w.org\/{rel}","templated":true}]}}