{"id":358452,"date":"2023-10-25T15:33:56","date_gmt":"2023-10-25T13:33:56","guid":{"rendered":"https:\/\/www.radiopiu.net\/wordpress\/?p=358452"},"modified":"2023-10-25T15:46:57","modified_gmt":"2023-10-25T13:46:57","slug":"lautunno-di-libera-agordino","status":"publish","type":"post","link":"https:\/\/www.radiopiu.net\/wordpress\/lautunno-di-libera-agordino\/","title":{"rendered":"L&#8217;AUTUNNO DI LIBERA AGORDINO\u00a0"},"content":{"rendered":"<blockquote>\n<h3><a class=\"dt-pswp-item\" href=\"https:\/\/www.radiopiu.net\/wordpress\/wp-content\/uploads\/2023\/10\/Senza-nome-69.png\" data-dt-img-description=\"\" data-large_image_width=\"218\" data-large_image_height=\"275\"><img loading=\"lazy\" decoding=\"async\" class=\"size-full wp-image-358450 alignleft\" src=\"https:\/\/www.radiopiu.net\/wordpress\/wp-content\/uploads\/2023\/10\/Senza-nome-69.png\" alt=\"\" width=\"218\" height=\"275\" \/><\/a><\/h3>\n<\/blockquote>\n<p><strong>TAIBON<\/strong>\u00a0 Domani sera alle 18 nella sala San Rocco (ex Municipio di Taibon) &#8220;Ripartiamo dai diritti umani&#8221;, con il presidio\u00a0 Libera Agordino &#8220;L. Precenzano e S. Aversa&#8221;. Presentazione del libro &#8220;Juan Gerardi. Nunca m\u00e0s&#8221; del professor Anselmo Palini. Nunca m\u00e0s, mai pi\u00f9: sequestri, assassinii, violenze, massacri, torture e persone scomparse. La storia di Juan Gerardi Conedera, il vescovo dei Diritti Umani la cui famiglia era originaria di Taibon. Venerdi mattina il professor Palini dialogher\u00e0 con i ragazzi dell&#8217;Istituto Follador De Rossi.<\/p>\n<p><strong>Sabato a<\/strong>lle 14.30 Libera Agordino partecipa alla manifestazione regionale per la sanit\u00e0 pubblica.<br \/>\n<strong>Sabato 18 novembre<\/strong> alle 20 alla Casa della Giovent\u00f9 di Rivamonte, la compagnia TTM mette in scena il musical &#8220;Piccole Donne&#8221; in collaborazione con Belluno Donna<\/p>\n<p>&nbsp;<\/p>\n<p>&nbsp;<\/p>\n<p>&nbsp;<\/p>\n<hr \/>\n<p>&nbsp;<\/p>\n","protected":false},"excerpt":{"rendered":"<p>TAIBON\u00a0 Domani sera alle 18 nella sala San Rocco (ex Municipio di Taibon) &#8220;Ripartiamo dai diritti umani&#8221;, con il presidio\u00a0 Libera Agordino &#8220;L. Precenzano e S. Aversa&#8221;. Presentazione del libro &#8220;Juan Gerardi. Nunca m\u00e0s&#8221; del professor Anselmo Palini. Nunca m\u00e0s, mai pi\u00f9: sequestri, assassinii, violenze, massacri, torture e persone scomparse. La storia di Juan Gerardi&hellip;<\/p>\n","protected":false},"author":4,"featured_media":358457,"comment_status":"closed","ping_status":"closed","sticky":false,"template":"","format":"standard","meta":{"_monsterinsights_skip_tracking":false,"_monsterinsights_sitenote_active":false,"_monsterinsights_sitenote_note":"","_monsterinsights_sitenote_category":0,"footnotes":""},"categories":[104,49],"tags":[],"class_list":["post-358452","post","type-post","status-publish","format-standard","has-post-thumbnail","hentry","category-evidenza_3","category-news-18","category-104","category-49","description-off"],"img_url":"https:\/\/www.radiopiu.net\/wordpress\/wp-content\/uploads\/2023\/10\/Senza-nome-70.png","_links":{"self":[{"href":"https:\/\/www.radiopiu.net\/wordpress\/wp-json\/wp\/v2\/posts\/358452","targetHints":{"allow":["GET"]}}],"collection":[{"href":"https:\/\/www.radiopiu.net\/wordpress\/wp-json\/wp\/v2\/posts"}],"about":[{"href":"https:\/\/www.radiopiu.net\/wordpress\/wp-json\/wp\/v2\/types\/post"}],"author":[{"embeddable":true,"href":"https:\/\/www.radiopiu.net\/wordpress\/wp-json\/wp\/v2\/users\/4"}],"replies":[{"embeddable":true,"href":"https:\/\/www.radiopiu.net\/wordpress\/wp-json\/wp\/v2\/comments?post=358452"}],"version-history":[{"count":0,"href":"https:\/\/www.radiopiu.net\/wordpress\/wp-json\/wp\/v2\/posts\/358452\/revisions"}],"wp:featuredmedia":[{"embeddable":true,"href":"https:\/\/www.radiopiu.net\/wordpress\/wp-json\/wp\/v2\/media\/358457"}],"wp:attachment":[{"href":"https:\/\/www.radiopiu.net\/wordpress\/wp-json\/wp\/v2\/media?parent=358452"}],"wp:term":[{"taxonomy":"category","embeddable":true,"href":"https:\/\/www.radiopiu.net\/wordpress\/wp-json\/wp\/v2\/categories?post=358452"},{"taxonomy":"post_tag","embeddable":true,"href":"https:\/\/www.radiopiu.net\/wordpress\/wp-json\/wp\/v2\/tags?post=358452"}],"curies":[{"name":"wp","href":"https:\/\/api.w.org\/{rel}","templated":true}]}}