{"id":358475,"date":"2023-10-25T16:17:52","date_gmt":"2023-10-25T14:17:52","guid":{"rendered":"https:\/\/www.radiopiu.net\/wordpress\/?p=358475"},"modified":"2023-10-26T06:00:34","modified_gmt":"2023-10-26T04:00:34","slug":"agordo-registra-la-scossa-di-rovigo","status":"publish","type":"post","link":"https:\/\/www.radiopiu.net\/wordpress\/agordo-registra-la-scossa-di-rovigo\/","title":{"rendered":"AGORDO REGISTRA LA SCOSSA DI ROVIGO"},"content":{"rendered":"<p><img decoding=\"async\" src=\"https:\/\/www.radiopiu.net\/wordpress\/wp-content\/uploads\/2023\/10\/Senza-nome-76.png\" \/><\/p>\n<p>&nbsp;<\/p>\n<p><strong>Terremoto alle 15.45 in provincia di Rovigo, 4,3 della scala Richeter a una profondit\u00e0 di 20 chilometri. &#8220;Non si segnalano danni al momento&#8221;, la prima rassicurazione dell&#8217;assessore veneto Gianpaolo Bottacin dalla sede della Protezione Civile. La scossa \u00e8 stata registrata dal sismografo di Agordo. (grafico)<\/strong><\/p>\n<p>TERREMOTO 4.2 A CENESELLI (RO), NESSUNA RICHIESTA DI SOCCORSO<\/p>\n<p>In riferimento alla scossa di terremoto delle 15:45 di magnitudo 4.2 localizzata a Ceneselli (RO), al momento attuale la sala operativa dei vigili del fuoco di Rovigo non ha ricevuto nessuna richiesta di soccorso. Qualche telefonata solo di persone che hanno comunicato di aver sentito la scossa. La sala operativa \u00e8 presieduta dal comandante dei vigili del fuoco di Rovigo Claudio Fortucci, che al momento esclude criticit\u00e0. Coordinate geografiche (lat, lon) 45.0150, 11.3830 ad una profondit\u00e0 di 8 km.<\/p>\n<p><a class=\"dt-pswp-item\" href=\"https:\/\/www.radiopiu.net\/wordpress\/wp-content\/uploads\/2023\/10\/74efc53a-96c9-4fca-87dc-262ac8d373f9.jpg\" data-dt-img-description=\"\" data-large_image_width=\"1080\" data-large_image_height=\"1536\"><img loading=\"lazy\" decoding=\"async\" class=\"wp-image-358477 aligncenter\" src=\"https:\/\/www.radiopiu.net\/wordpress\/wp-content\/uploads\/2023\/10\/74efc53a-96c9-4fca-87dc-262ac8d373f9-720x1024.jpg\" alt=\"\" width=\"417\" height=\"593\" srcset=\"https:\/\/www.radiopiu.net\/wordpress\/wp-content\/uploads\/2023\/10\/74efc53a-96c9-4fca-87dc-262ac8d373f9-720x1024.jpg 720w, https:\/\/www.radiopiu.net\/wordpress\/wp-content\/uploads\/2023\/10\/74efc53a-96c9-4fca-87dc-262ac8d373f9-211x300.jpg 211w, https:\/\/www.radiopiu.net\/wordpress\/wp-content\/uploads\/2023\/10\/74efc53a-96c9-4fca-87dc-262ac8d373f9-768x1092.jpg 768w, https:\/\/www.radiopiu.net\/wordpress\/wp-content\/uploads\/2023\/10\/74efc53a-96c9-4fca-87dc-262ac8d373f9.jpg 1080w\" sizes=\"auto, (max-width: 417px) 100vw, 417px\" \/><\/a><\/p>\n","protected":false},"excerpt":{"rendered":"<p>&nbsp; Terremoto alle 15.45 in provincia di Rovigo, 4,3 della scala Richeter a una profondit\u00e0 di 20 chilometri. &#8220;Non si segnalano danni al momento&#8221;, la prima rassicurazione dell&#8217;assessore veneto Gianpaolo Bottacin dalla sede della Protezione Civile. La scossa \u00e8 stata registrata dal sismografo di Agordo. (grafico) TERREMOTO 4.2 A CENESELLI (RO), NESSUNA RICHIESTA DI SOCCORSO&hellip;<\/p>\n","protected":false},"author":4,"featured_media":358476,"comment_status":"closed","ping_status":"closed","sticky":false,"template":"","format":"standard","meta":{"_monsterinsights_skip_tracking":false,"_monsterinsights_sitenote_active":false,"_monsterinsights_sitenote_note":"","_monsterinsights_sitenote_category":0,"footnotes":""},"categories":[51,49],"tags":[],"class_list":["post-358475","post","type-post","status-publish","format-standard","has-post-thumbnail","hentry","category-evidenza-top","category-news-18","category-51","category-49","description-off"],"img_url":"https:\/\/www.radiopiu.net\/wordpress\/wp-content\/uploads\/2023\/10\/Senza-nome-76.png","_links":{"self":[{"href":"https:\/\/www.radiopiu.net\/wordpress\/wp-json\/wp\/v2\/posts\/358475","targetHints":{"allow":["GET"]}}],"collection":[{"href":"https:\/\/www.radiopiu.net\/wordpress\/wp-json\/wp\/v2\/posts"}],"about":[{"href":"https:\/\/www.radiopiu.net\/wordpress\/wp-json\/wp\/v2\/types\/post"}],"author":[{"embeddable":true,"href":"https:\/\/www.radiopiu.net\/wordpress\/wp-json\/wp\/v2\/users\/4"}],"replies":[{"embeddable":true,"href":"https:\/\/www.radiopiu.net\/wordpress\/wp-json\/wp\/v2\/comments?post=358475"}],"version-history":[{"count":0,"href":"https:\/\/www.radiopiu.net\/wordpress\/wp-json\/wp\/v2\/posts\/358475\/revisions"}],"wp:featuredmedia":[{"embeddable":true,"href":"https:\/\/www.radiopiu.net\/wordpress\/wp-json\/wp\/v2\/media\/358476"}],"wp:attachment":[{"href":"https:\/\/www.radiopiu.net\/wordpress\/wp-json\/wp\/v2\/media?parent=358475"}],"wp:term":[{"taxonomy":"category","embeddable":true,"href":"https:\/\/www.radiopiu.net\/wordpress\/wp-json\/wp\/v2\/categories?post=358475"},{"taxonomy":"post_tag","embeddable":true,"href":"https:\/\/www.radiopiu.net\/wordpress\/wp-json\/wp\/v2\/tags?post=358475"}],"curies":[{"name":"wp","href":"https:\/\/api.w.org\/{rel}","templated":true}]}}