{"id":358482,"date":"2023-10-25T16:27:41","date_gmt":"2023-10-25T14:27:41","guid":{"rendered":"https:\/\/www.radiopiu.net\/wordpress\/?p=358482"},"modified":"2023-10-25T16:27:41","modified_gmt":"2023-10-25T14:27:41","slug":"due-cori-in-ununica-grande-bellezza","status":"publish","type":"post","link":"https:\/\/www.radiopiu.net\/wordpress\/due-cori-in-ununica-grande-bellezza\/","title":{"rendered":"DUE CORI IN UN\u2019UNICA GRANDE BELLEZZA"},"content":{"rendered":"<p><span style=\"color: #222222;\"><span style=\"font-family: Arial, serif;\"><strong>RIVAMONTE<\/strong>\u00a0 Sabato alle 20, in chiesa, don Fabiano Del Favero,\u00a0 invita tutta la popolazione ad un momento \u2013 come scrive lo stesso Fabiano \u2013 <\/span><\/span><span style=\"color: #222222;\"><span style=\"font-family: Arial, serif;\"><i>di musica e quindi di bellezza con il semplice desiderio,\u00a0<\/i><\/span><\/span> <span style=\"color: #222222;\"><span style=\"font-family: Arial, serif;\"><i>di poter trascorrere una serata diversa insieme, affacciandosi sul bello che abita la nostra stessa umanit\u00e0&#8221;. <\/i><\/span><\/span><span style=\"color: #222222;\"><span style=\"font-family: Arial, serif;\">Tutto ci\u00f2 prender\u00e0 forma attraverso un concerto corale in cui si esibiranno il Coro Agordo, diretto dalla maestra Anna Devich, e il Coro Monte Dolada, dall&#8217;Alpago, diretto dal maestro Alessio Lavina.<\/span><\/span><span style=\"color: #222222;\"><span style=\"font-family: Arial, serif;\">\u00a0<\/span><\/span><\/p>\n\n\t\t\t<style type='text\/css'>\n\t\t\t\t#gallery-1 {\n\t\t\t\t\tmargin: auto;\n\t\t\t\t}\n\t\t\t\t#gallery-1 .gallery-item {\n\t\t\t\t\tfloat: left;\n\t\t\t\t\tmargin-top: 10px;\n\t\t\t\t\ttext-align: center;\n\t\t\t\t\twidth: 33%;\n\t\t\t\t}\n\t\t\t\t#gallery-1 img {\n\t\t\t\t\tborder: 2px solid #cfcfcf;\n\t\t\t\t}\n\t\t\t\t#gallery-1 .gallery-caption {\n\t\t\t\t\tmargin-left: 0;\n\t\t\t\t}\n\t\t\t\t\/* see gallery_shortcode() in wp-includes\/media.php *\/\n\t\t\t<\/style>\n\t\t<div id='gallery-1' class='dt-gallery-container gallery galleryid-358482 gallery-columns-3 gallery-size-thumbnail'><dl class='gallery-item'>\n\t\t\t\t<dt class='gallery-icon portrait'>\n\t\t\t\t\t<a class=\"rollover rollover-zoom dt-pswp-item\" title=\"ConcertoRivamonte28.10.2023\" data-dt-img-description=\"\" data-large_image_width=\"1670\" data-large_image_height=\"2362\"href='https:\/\/www.radiopiu.net\/wordpress\/wp-content\/uploads\/2023\/10\/ConcertoRivamonte28.10.2023.jpg'><img loading=\"lazy\" decoding=\"async\" width=\"150\" height=\"150\" src=\"https:\/\/www.radiopiu.net\/wordpress\/wp-content\/uploads\/2023\/10\/ConcertoRivamonte28.10.2023-150x150.jpg\" class=\"attachment-thumbnail size-thumbnail\" alt=\"\" \/><\/a>\n\t\t\t\t<\/dt><\/dl><dl class='gallery-item'>\n\t\t\t\t<dt class='gallery-icon landscape'>\n\t\t\t\t\t<a class=\"rollover rollover-zoom dt-pswp-item\" title=\"CoroMonteDolada\" data-dt-img-description=\"\" data-large_image_width=\"810\" data-large_image_height=\"598\"href='https:\/\/www.radiopiu.net\/wordpress\/wp-content\/uploads\/2023\/10\/CoroMonteDolada.jpg'><img loading=\"lazy\" decoding=\"async\" width=\"150\" height=\"150\" src=\"https:\/\/www.radiopiu.net\/wordpress\/wp-content\/uploads\/2023\/10\/CoroMonteDolada-150x150.jpg\" class=\"attachment-thumbnail size-thumbnail\" alt=\"\" \/><\/a>\n\t\t\t\t<\/dt><\/dl><dl class='gallery-item'>\n\t\t\t\t<dt class='gallery-icon landscape'>\n\t\t\t\t\t<a class=\"rollover rollover-zoom dt-pswp-item\" title=\"CoroAgordo\" data-dt-img-description=\"\" data-large_image_width=\"1920\" data-large_image_height=\"1288\"href='https:\/\/www.radiopiu.net\/wordpress\/wp-content\/uploads\/2023\/10\/CoroAgordo.jpg'><img loading=\"lazy\" decoding=\"async\" width=\"150\" height=\"150\" src=\"https:\/\/www.radiopiu.net\/wordpress\/wp-content\/uploads\/2023\/10\/CoroAgordo-150x150.jpg\" class=\"attachment-thumbnail size-thumbnail\" alt=\"\" \/><\/a>\n\t\t\t\t<\/dt><\/dl><br style=\"clear: both\" \/>\n\t\t\t<\/div>\n\n","protected":false},"excerpt":{"rendered":"<p>RIVAMONTE\u00a0 Sabato alle 20, in chiesa, don Fabiano Del Favero,\u00a0 invita tutta la popolazione ad un momento \u2013 come scrive lo stesso Fabiano \u2013 di musica e quindi di bellezza con il semplice desiderio,\u00a0 di poter trascorrere una serata diversa insieme, affacciandosi sul bello che abita la nostra stessa umanit\u00e0&#8221;. Tutto ci\u00f2 prender\u00e0 forma attraverso&hellip;<\/p>\n","protected":false},"author":4,"featured_media":358484,"comment_status":"closed","ping_status":"closed","sticky":false,"template":"","format":"standard","meta":{"_monsterinsights_skip_tracking":false,"_monsterinsights_sitenote_active":false,"_monsterinsights_sitenote_note":"","_monsterinsights_sitenote_category":0,"footnotes":""},"categories":[49],"tags":[],"class_list":["post-358482","post","type-post","status-publish","format-standard","has-post-thumbnail","hentry","category-news-18","category-49","description-off"],"img_url":"https:\/\/www.radiopiu.net\/wordpress\/wp-content\/uploads\/2023\/10\/CoroAgordo.jpg","_links":{"self":[{"href":"https:\/\/www.radiopiu.net\/wordpress\/wp-json\/wp\/v2\/posts\/358482","targetHints":{"allow":["GET"]}}],"collection":[{"href":"https:\/\/www.radiopiu.net\/wordpress\/wp-json\/wp\/v2\/posts"}],"about":[{"href":"https:\/\/www.radiopiu.net\/wordpress\/wp-json\/wp\/v2\/types\/post"}],"author":[{"embeddable":true,"href":"https:\/\/www.radiopiu.net\/wordpress\/wp-json\/wp\/v2\/users\/4"}],"replies":[{"embeddable":true,"href":"https:\/\/www.radiopiu.net\/wordpress\/wp-json\/wp\/v2\/comments?post=358482"}],"version-history":[{"count":0,"href":"https:\/\/www.radiopiu.net\/wordpress\/wp-json\/wp\/v2\/posts\/358482\/revisions"}],"wp:featuredmedia":[{"embeddable":true,"href":"https:\/\/www.radiopiu.net\/wordpress\/wp-json\/wp\/v2\/media\/358484"}],"wp:attachment":[{"href":"https:\/\/www.radiopiu.net\/wordpress\/wp-json\/wp\/v2\/media?parent=358482"}],"wp:term":[{"taxonomy":"category","embeddable":true,"href":"https:\/\/www.radiopiu.net\/wordpress\/wp-json\/wp\/v2\/categories?post=358482"},{"taxonomy":"post_tag","embeddable":true,"href":"https:\/\/www.radiopiu.net\/wordpress\/wp-json\/wp\/v2\/tags?post=358482"}],"curies":[{"name":"wp","href":"https:\/\/api.w.org\/{rel}","templated":true}]}}