{"id":358500,"date":"2023-10-26T05:41:07","date_gmt":"2023-10-26T03:41:07","guid":{"rendered":"https:\/\/www.radiopiu.net\/wordpress\/?p=358500"},"modified":"2023-10-26T05:58:38","modified_gmt":"2023-10-26T03:58:38","slug":"fare-impresa-in-territorio-montano-due-aziende-premiate-nello-sviluppo-sostenibile","status":"publish","type":"post","link":"https:\/\/www.radiopiu.net\/wordpress\/fare-impresa-in-territorio-montano-due-aziende-premiate-nello-sviluppo-sostenibile\/","title":{"rendered":"FARE IMPRESA IN TERRITORIO MONTANO, DUE AZIENDE PREMIATE NELLO SVILUPPO SOSTENIBILE"},"content":{"rendered":"<p>BELLUNO<\/p>\n<p><strong>ALESSIA DALL&#8217;O<\/strong><\/p>\n<audio class=\"wp-audio-shortcode\" id=\"audio-358500-1\" preload=\"none\" style=\"width: 100%;\" controls=\"controls\"><source type=\"audio\/mpeg\" src=\"https:\/\/www.radiopiu.net\/wordpress\/wp-content\/uploads\/2023\/10\/elisa-colle-E-GALVANO-ALESSIA.mp3?_=1\" \/><a href=\"https:\/\/www.radiopiu.net\/wordpress\/wp-content\/uploads\/2023\/10\/elisa-colle-E-GALVANO-ALESSIA.mp3\">https:\/\/www.radiopiu.net\/wordpress\/wp-content\/uploads\/2023\/10\/elisa-colle-E-GALVANO-ALESSIA.mp3<\/a><\/audio>\n<p>&nbsp;<\/p>\n\n\t\t\t<style type='text\/css'>\n\t\t\t\t#gallery-1 {\n\t\t\t\t\tmargin: auto;\n\t\t\t\t}\n\t\t\t\t#gallery-1 .gallery-item {\n\t\t\t\t\tfloat: left;\n\t\t\t\t\tmargin-top: 10px;\n\t\t\t\t\ttext-align: center;\n\t\t\t\t\twidth: 25%;\n\t\t\t\t}\n\t\t\t\t#gallery-1 img {\n\t\t\t\t\tborder: 2px solid #cfcfcf;\n\t\t\t\t}\n\t\t\t\t#gallery-1 .gallery-caption {\n\t\t\t\t\tmargin-left: 0;\n\t\t\t\t}\n\t\t\t\t\/* see gallery_shortcode() in wp-includes\/media.php *\/\n\t\t\t<\/style>\n\t\t<div id='gallery-1' class='dt-gallery-container gallery galleryid-358500 gallery-columns-4 gallery-size-thumbnail'><dl class='gallery-item'>\n\t\t\t\t<dt class='gallery-icon landscape'>\n\t\t\t\t\t<a class=\"rollover rollover-zoom dt-pswp-item\" title=\"Premiazione Elisa Colle presso Camera di commercio\" data-dt-img-description=\"\" data-large_image_width=\"2560\" data-large_image_height=\"1920\"href='https:\/\/www.radiopiu.net\/wordpress\/wp-content\/uploads\/2023\/10\/Premiazione-Elisa-Colle-presso-Camera-di-commercio-scaled.jpeg'><img loading=\"lazy\" decoding=\"async\" width=\"150\" height=\"150\" src=\"https:\/\/www.radiopiu.net\/wordpress\/wp-content\/uploads\/2023\/10\/Premiazione-Elisa-Colle-presso-Camera-di-commercio-150x150.jpeg\" class=\"attachment-thumbnail size-thumbnail\" alt=\"\" \/><\/a>\n\t\t\t\t<\/dt><\/dl><dl class='gallery-item'>\n\t\t\t\t<dt class='gallery-icon landscape'>\n\t\t\t\t\t<a class=\"rollover rollover-zoom dt-pswp-item\" title=\"ELISA COLLE CANAPA\" data-dt-img-description=\"\" data-large_image_width=\"1400\" data-large_image_height=\"1048\"href='https:\/\/www.radiopiu.net\/wordpress\/wp-content\/uploads\/2023\/10\/ELISA-COLLE-CANAPA.jpg'><img loading=\"lazy\" decoding=\"async\" width=\"150\" height=\"150\" src=\"https:\/\/www.radiopiu.net\/wordpress\/wp-content\/uploads\/2023\/10\/ELISA-COLLE-CANAPA-150x150.jpg\" class=\"attachment-thumbnail size-thumbnail\" alt=\"\" \/><\/a>\n\t\t\t\t<\/dt><\/dl><dl class='gallery-item'>\n\t\t\t\t<dt class='gallery-icon landscape'>\n\t\t\t\t\t<a class=\"rollover rollover-zoom dt-pswp-item\" title=\"La giovane realt\u00e0 di SAM, al centro nicola De Zoirdi, Founder e Project Manager\" data-dt-img-description=\"\" data-large_image_width=\"1140\" data-large_image_height=\"640\"href='https:\/\/www.radiopiu.net\/wordpress\/wp-content\/uploads\/2023\/10\/La-giovane-realta-di-SAM-al-centro-nicola-De-Zoirdi-Founder-e-Project-Manager.jpg'><img loading=\"lazy\" decoding=\"async\" width=\"150\" height=\"150\" src=\"https:\/\/www.radiopiu.net\/wordpress\/wp-content\/uploads\/2023\/10\/La-giovane-realta-di-SAM-al-centro-nicola-De-Zoirdi-Founder-e-Project-Manager-150x150.jpg\" class=\"attachment-thumbnail size-thumbnail\" alt=\"\" \/><\/a>\n\t\t\t\t<\/dt><\/dl><dl class='gallery-item'>\n\t\t\t\t<dt class='gallery-icon landscape'>\n\t\t\t\t\t<a class=\"rollover rollover-zoom dt-pswp-item\" title=\"SAM Societ\u00e0 Agricola Moldoi\" data-dt-img-description=\"\" data-large_image_width=\"1140\" data-large_image_height=\"640\"href='https:\/\/www.radiopiu.net\/wordpress\/wp-content\/uploads\/2023\/10\/SAM-Societa-Agricola-Moldoi.jpg'><img loading=\"lazy\" decoding=\"async\" width=\"150\" height=\"150\" src=\"https:\/\/www.radiopiu.net\/wordpress\/wp-content\/uploads\/2023\/10\/SAM-Societa-Agricola-Moldoi-150x150.jpg\" class=\"attachment-thumbnail size-thumbnail\" alt=\"\" \/><\/a>\n\t\t\t\t<\/dt><\/dl><br style=\"clear: both\" \/>\n\t\t\t<\/div>\n\n<p>&nbsp;<\/p>\n<p>&nbsp;<\/p>\n<hr \/>\n<p align=\"CENTER\"><span style=\"font-size: large;\"><b>Dolomiti Canapa e S.A.M. Societ\u00e0 Agricola Moldoi vincono il 4\u00b0 Premio Innovazione Sociale e Sviluppo Sostenibile della Camera di Commercio<\/b><\/span><b><\/b><\/p>\n<p><b>La cerimonia di premiazione della 4^ edizione \u201cPremio innovazione sociale e sviluppo sostenibile\u201d si \u00e8 svolta mercoled\u00ec 25 ottobre presso la Sala Conferenze della Camera di commercio Treviso \u2013 Belluno<\/b><\/p>\n<p><i>Testo a cura di Dall\u2019\u00d2 Alessia <\/i><\/p>\n<p align=\"JUSTIFY\"><i><a class=\"dt-pswp-item\" href=\"https:\/\/www.radiopiu.net\/wordpress\/wp-content\/uploads\/2023\/10\/ec13557a-4283-4a0b-ad11-a70c8a6ad47f.jpg\" data-dt-img-description=\"\" data-large_image_width=\"768\" data-large_image_height=\"1024\"><img loading=\"lazy\" decoding=\"async\" class=\"size-medium wp-image-358518 alignleft\" src=\"https:\/\/www.radiopiu.net\/wordpress\/wp-content\/uploads\/2023\/10\/ec13557a-4283-4a0b-ad11-a70c8a6ad47f-225x300.jpg\" alt=\"\" width=\"225\" height=\"300\" srcset=\"https:\/\/www.radiopiu.net\/wordpress\/wp-content\/uploads\/2023\/10\/ec13557a-4283-4a0b-ad11-a70c8a6ad47f-225x300.jpg 225w, https:\/\/www.radiopiu.net\/wordpress\/wp-content\/uploads\/2023\/10\/ec13557a-4283-4a0b-ad11-a70c8a6ad47f.jpg 768w\" sizes=\"auto, (max-width: 225px) 100vw, 225px\" \/><\/a>Treviso, 26 Ottobre 2023<\/i> &#8211; Al cospetto delle maestose Dolomiti, in quella valle ricca di verde e bellezza, un&#8217;incredibile storia di innovazione e sviluppo sostenibile sta prendendo vita. Una scelta difficile, quella di fare impresa in territorio montano, ma che reca grandi soddisfazioni in particolare a coloro i quali scelgono non solo di essere parte del tessuto economico, ma veri e propri custodi del territorio. Ne sono esempio le due aziende 100% bellunesi che hanno appena condiviso il palcoscenico del 4\u00b0 Premio Innovazione Sociale e Sviluppo Sostenibile.<br \/>\nL&#8217;Impresa Agricola Colle Elisa di Borgo Valbelluna e la Societ\u00e0 Agricola Moldoi S.r.L. di Sospirolo hanno vinto ex aequo il primo premio nella categoria Innovazione Economica stilato e riconosciuto dalla Camera di Commercio Treviso &#8211; Belluno. Quella presentata presso la sede trevigiana della Camera di Commercio mercoled\u00ec 25 Ottobre non \u00e8 solo una storia di premi e riconoscimenti ma anche di partnership e sforzi congiunti per portare avanti l&#8217;innovazione e lo sviluppo sostenibile nella regione di riferimento.<\/p>\n<p>Il Premio Innovazione Sociale e Sviluppo Sostenibile rappresenta un riconoscimento importante per l&#8217;impegno di queste aziende nel campo dell&#8217;innovazione e della sostenibilit\u00e0. La categoria Innovazione Economica \u00e8 particolarmente rilevante, poich\u00e9 mette in evidenza l&#8217;importanza dell&#8217;innovazione nel settore agricolo e industriale nel pieno rispetto dell\u2019ambiente.<\/p>\n<p align=\"JUSTIFY\">L&#8217;Impresa Agricola Colle Elisa, situata a Stabie di Borgo Valbelluna nella Provincia di Belluno, \u00e8 stata fondata con l&#8217;obiettivo di coltivare la canapa in modo sostenibile, promuovendo una filiera agricola eco-compatibile. \u201c<i>La canapa \u00e8 una coltura nota per le sue numerose applicazioni, che vanno dalle fibre tessili all&#8217;uso alimentare e all&#8217;industria cosmetica\u201d <\/i>sottolinea Colle<i>. <\/i><\/p>\n<p align=\"JUSTIFY\">Dal 2016 l&#8217;aspetto distintivo di Dolomiti Canapa<span style=\"font-family: Arial Unicode MS, serif;\"><span style=\"font-size: xx-small;\">\u24c7<\/span><\/span> \u00e8 la dedizione a pratiche agricole che rispettano l&#8217;ambiente e al mantenimento delle tradizioni agricole locali: <i>\u201cNel bellunese la canapa era molto utilizzata dai nostri nonni nel quotidiano proprio perch\u00e9 considerata un prodotto multiforme molto utile nella vita di tutti i giorni. Con l\u2019arrivo delle industrie le colture sono state abbandonate e un grande colpo lo ha dato anche la stigmatizzazione di questa pianta, la canapa sativa, che oggi invece sta conoscendo una nuova luce, in particolare per il tema sostenibilit\u00e0 dell\u2019ambiente. E\u2019 anche per questo motivo che abbiamo scelto di realizzare una filiera 100% bellunese a km 0 sia dal punto di vista dell\u2019offerta alimentare, sia per quel che concerne la cosmesi e beauty. Una grande garanzia per il consumatore finale, un valore aggiunto per la nostra realt\u00e0, ma anche per il territorio.\u201d<\/i><\/p>\n<p align=\"JUSTIFY\">Pari merito su questo podio che sottolinea innovazione e sostenibilit\u00e0, la Societ\u00e0 Agricola Moldoi S.r.L., con sede nell\u2019omonima frazione di Sospirolo, anch&#8217;essa nella Provincia di Belluno. Nicola De Zordi, founder, ricercatore e project manager non si dice sorpreso di questo risultato: \u201c<i>La nostra realt\u00e0 \u00e8 specializzata nella coltivazione e la trasformazione di piante benefiche della tipicit\u00e0 bellunese garantendo una filiera completa e a km zero. Conosciamo molto bene Elisa e la sua canapa \u00e8 parte delle nostre trasformazioni, che realizziamo anche per conto terzi garantendo sempre un controllo e una scelta di filiera. Ottenere questo premio insieme, \u00e8 sicuramente significativo. Fare rete, in particolare in territorio montano, conta e d\u00e0 dei risultati anche maggiori a quelli che possiamo ottenere singolarmente.<\/i>\u201d<br \/>\nSul progetto premiato: \u201c<i>Dolom\u00ec<\/i><span style=\"font-family: Arial Unicode MS, serif;\"><span style=\"font-size: xx-small;\"><i>\u24c7<\/i><\/span><\/span><i> non \u00e8 solo un nome che racconta il nostro territorio, ma \u00e8 un marchio che garantisce l\u2019utilizzo di piante di origine Dolomitica per la realizzazione di prodotti salutistici quali integratori alimentari e cosmetici<\/i>.\u201d<\/p>\n<p align=\"JUSTIFY\">Dopo la raccolta a mano secondo i tempi che Natura comanda, per l\u2019estrazione e la produzione in S.A.M. vengono utilizzate tecnologie a ridotto impatto ambientale, senza aggiunta di solventi organici inquinanti. \u201c<i>Collaboriamo strettamente con laboratori Universitari e la ricerca \u00e8 sempre attiva grazie anche al confronto con banche dati internazionali. Un valore sicuramente apprezzato dal nostro pubblico e che ci ha portato anche al riconoscimento del nostro operato da parte di riviste internazionali, che raccontano la nostra filosofia produttiva e ricerca in Europa e nel mondo.<\/i>\u201d conclude De Zordi.<\/p>\n<p align=\"JUSTIFY\">Nella coronazione di questo risultato \u201cbellunese\u201d, \u00e8 impossibile non notificare anche la partnership tra le due aziende dove Dolomiti Canapa<span style=\"font-family: Arial Unicode MS, serif;\"><span style=\"font-size: xx-small;\">\u24c7<\/span><\/span> fornisce la materia prima, mentre S.A.M. S.r.L. la trasforma in prodotti ad alto valore aggiunto per la salute ed il benessere. Un esempio di come la collaborazione possa dare vita a un cambiamento significativo e sostenibile in un&#8217;area montana come la Valbelluna-Dolomiti.<\/p>\n<p align=\"JUSTIFY\">Questa sinergia non solo promuove la crescita economica nella regione ma rispetta anche un principio di sostenibilit\u00e0 dei prodotti dato dalla filiera corta.<\/p>\n<p align=\"JUSTIFY\">Per quel che concerne in particolare la tipologia di prodotto, la canapa cos\u00ec come le erbe officinali dolomitiche, stanno vivendo una rinascita. Forte \u00e8 la riscoperta delle antiche usanze e delle ancestrali ricette che rimettono la Natura al centro delle scelte in materia di benessere e salute; tuttavia grande riconoscimento va a quelle realt\u00e0 che grazie a degli sforzi congiunti non solo si attivano costantemente per la valorizzazione delle stesse nel territorio di appartenenza, ma anche a livello nazionale ed europeo intraprendendo importanti azioni promozionali e strategie di marketing nei nuovi media.<\/p>\n<p>&nbsp;<\/p>\n<p>&nbsp;<\/p>\n<hr \/>\n","protected":false},"excerpt":{"rendered":"<p>BELLUNO ALESSIA DALL&#8217;O &nbsp; &nbsp; &nbsp; Dolomiti Canapa e S.A.M. Societ\u00e0 Agricola Moldoi vincono il 4\u00b0 Premio Innovazione Sociale e Sviluppo Sostenibile della Camera di Commercio La cerimonia di premiazione della 4^ edizione \u201cPremio innovazione sociale e sviluppo sostenibile\u201d si \u00e8 svolta mercoled\u00ec 25 ottobre presso la Sala Conferenze della Camera di commercio Treviso \u2013&hellip;<\/p>\n","protected":false},"author":4,"featured_media":358502,"comment_status":"closed","ping_status":"closed","sticky":false,"template":"","format":"standard","meta":{"_monsterinsights_skip_tracking":false,"_monsterinsights_sitenote_active":false,"_monsterinsights_sitenote_note":"","_monsterinsights_sitenote_category":0,"footnotes":""},"categories":[104,49],"tags":[],"class_list":["post-358500","post","type-post","status-publish","format-standard","has-post-thumbnail","hentry","category-evidenza_3","category-news-18","category-104","category-49","description-off"],"img_url":"https:\/\/www.radiopiu.net\/wordpress\/wp-content\/uploads\/2023\/10\/La-giovane-realta-di-SAM-al-centro-nicola-De-Zoirdi-Founder-e-Project-Manager.jpg","_links":{"self":[{"href":"https:\/\/www.radiopiu.net\/wordpress\/wp-json\/wp\/v2\/posts\/358500","targetHints":{"allow":["GET"]}}],"collection":[{"href":"https:\/\/www.radiopiu.net\/wordpress\/wp-json\/wp\/v2\/posts"}],"about":[{"href":"https:\/\/www.radiopiu.net\/wordpress\/wp-json\/wp\/v2\/types\/post"}],"author":[{"embeddable":true,"href":"https:\/\/www.radiopiu.net\/wordpress\/wp-json\/wp\/v2\/users\/4"}],"replies":[{"embeddable":true,"href":"https:\/\/www.radiopiu.net\/wordpress\/wp-json\/wp\/v2\/comments?post=358500"}],"version-history":[{"count":0,"href":"https:\/\/www.radiopiu.net\/wordpress\/wp-json\/wp\/v2\/posts\/358500\/revisions"}],"wp:featuredmedia":[{"embeddable":true,"href":"https:\/\/www.radiopiu.net\/wordpress\/wp-json\/wp\/v2\/media\/358502"}],"wp:attachment":[{"href":"https:\/\/www.radiopiu.net\/wordpress\/wp-json\/wp\/v2\/media?parent=358500"}],"wp:term":[{"taxonomy":"category","embeddable":true,"href":"https:\/\/www.radiopiu.net\/wordpress\/wp-json\/wp\/v2\/categories?post=358500"},{"taxonomy":"post_tag","embeddable":true,"href":"https:\/\/www.radiopiu.net\/wordpress\/wp-json\/wp\/v2\/tags?post=358500"}],"curies":[{"name":"wp","href":"https:\/\/api.w.org\/{rel}","templated":true}]}}