{"id":358508,"date":"2023-10-26T05:44:08","date_gmt":"2023-10-26T03:44:08","guid":{"rendered":"https:\/\/www.radiopiu.net\/wordpress\/?p=358508"},"modified":"2023-10-26T05:57:20","modified_gmt":"2023-10-26T03:57:20","slug":"una-serata-di-riflessione-e-cinema-proiezione-di-nata-per-te","status":"publish","type":"post","link":"https:\/\/www.radiopiu.net\/wordpress\/una-serata-di-riflessione-e-cinema-proiezione-di-nata-per-te\/","title":{"rendered":"Una serata di riflessione e cinema:  proiezione di &#8220;Nata Per Te&#8221;"},"content":{"rendered":"<p align=\"CENTER\"><span style=\"font-size: x-large;\"><b>\u00a0all\u2019 Officinema di Feltre con l\u2019intervento di operatori del \u201cCentro per l\u2019affido e la solidariet\u00e0 familiare\u201d dell&#8217; AULSS 1 &#8211; Dolomiti <\/b><\/span><\/p>\n<p align=\"CENTER\"><span style=\"font-size: large;\">Esplorando l&#8217;idea di famiglia nell&#8217;attualit\u00e0 e l\u2019affido familiare, una possibile risposta ai bisogni dei minori e delle loro famiglie<\/span><\/p>\n<p><i>Testo a cura di Dall\u2019\u00d2 Alessia <\/i><\/p>\n<p><i><strong><img loading=\"lazy\" decoding=\"async\" class=\"alignleft\" src=\"https:\/\/www.radiopiu.net\/wordpress\/wp-content\/uploads\/2019\/03\/famiglia-1.jpg\" width=\"385\" height=\"217\" \/>FELTRE<\/strong> <\/i> &#8211; In un&#8217;epoca in cui le definizioni di famiglia stanno evolvendo e trasformandosi, il dibattito sulle adozioni e l\u2019affido familiare sono pi\u00f9 rilevanti che mai. L&#8217;organizzazione congiunta di LIONS FELTRE HOST, LIONS CASTELLO DI ALBOINO e LEO CLUB FELTRE, con il patrocinio del Comune di Feltre e la collaborazione di AULSS1 Dolomiti, presenta un&#8217;opportunit\u00e0 unica per esplorare questa tematica in tutta la sua attualit\u00e0 con professionisti che sapranno sciogliere dubbi e dare spiegazioni sul tema dell\u2019affido familiare.Una serata gratuita al cinema, con la proiezione del film &#8220;Nata Per Te&#8221; di Fabio Mollo \u00e8 la base di partenza di un dialogo aperto e riflessivo. L\u2019evento \u00e8 in programma il prossimo mercoled\u00ec 25 ottobre alle ore 20:30 presso l\u2019Officinema di Feltre. Un appuntamento da non perdere per tutti coloro che desiderano unire alla visione di un film \u201cimpegnato\u201d una discussione per esplorare un tema cruciale, attuale ed importante per una maggiore coscienza sociale e civica. L&#8217;affido familiare, \u00e8 un&#8217;opzione <a class=\"dt-pswp-item\" href=\"https:\/\/www.radiopiu.net\/wordpress\/wp-content\/uploads\/2023\/10\/LOCANDINA-LEO-CLUB-ULSS1-NATA-PER-TE-.jpg\" data-dt-img-description=\"\" data-large_image_width=\"1448\" data-large_image_height=\"2048\"><img loading=\"lazy\" decoding=\"async\" class=\"size-medium wp-image-358511 alignright\" src=\"https:\/\/www.radiopiu.net\/wordpress\/wp-content\/uploads\/2023\/10\/LOCANDINA-LEO-CLUB-ULSS1-NATA-PER-TE--212x300.jpg\" alt=\"\" width=\"212\" height=\"300\" srcset=\"https:\/\/www.radiopiu.net\/wordpress\/wp-content\/uploads\/2023\/10\/LOCANDINA-LEO-CLUB-ULSS1-NATA-PER-TE--212x300.jpg 212w, https:\/\/www.radiopiu.net\/wordpress\/wp-content\/uploads\/2023\/10\/LOCANDINA-LEO-CLUB-ULSS1-NATA-PER-TE--724x1024.jpg 724w, https:\/\/www.radiopiu.net\/wordpress\/wp-content\/uploads\/2023\/10\/LOCANDINA-LEO-CLUB-ULSS1-NATA-PER-TE--768x1086.jpg 768w, https:\/\/www.radiopiu.net\/wordpress\/wp-content\/uploads\/2023\/10\/LOCANDINA-LEO-CLUB-ULSS1-NATA-PER-TE--1086x1536.jpg 1086w, https:\/\/www.radiopiu.net\/wordpress\/wp-content\/uploads\/2023\/10\/LOCANDINA-LEO-CLUB-ULSS1-NATA-PER-TE-.jpg 1448w\" sizes=\"auto, (max-width: 212px) 100vw, 212px\" \/><\/a>legale che consente a bambini e giovani che non possono pi\u00f9 vivere con i loro genitori biologici di essere accolti e cresciuti da una famiglia affidataria. Tanti sono ancora i pregiudizi e dubbi dal punto di vista comune su questa forma di assistenza che risulta invece essere una diffusa alternativa all&#8217;adozione e si verifica quando l&#8217;autorit\u00e0 competente decide che per motivi di sicurezza o benessere, un minore non pu\u00f2 pi\u00f9 vivere con i propri genitori biologici. Spesso sotto il cappello di \u201caffido familiare\u201d si intersecano molti modi di agire. Esso infatti pu\u00f2 essere temporaneo o a lungo termine, e sempre a seconda della situazione specifica, le famiglie affidatarie possono essere parenti biologici del minore o persone estranee alla famiglia, selezionate dopo un&#8217;attenta valutazione e supervisione dall\u2019autorit\u00e0 competente. L&#8217;obiettivo di questa manovra sociale \u00e8 comunque sempre volta al benessere del minore, con la messa in atto di azioni che gli forniscano un ambiente stabile, amorevole e sicuro per la sua crescita, senza escludere il ritorno del minore alla sua famiglia biologica, l&#8217;adozione o altre soluzioni.\u00a0 Per informazioni sull\u2019affido familiare e sul corso specifico \u00e8 possibile contattare i Centri per l\u2019Affido e la Solidariet\u00e0 Familiare (CASF &#8211; Aulss 1 Dolomiti) di Feltre o Belluno. CASF DI FELTRE Tel. 0439 883170 Email: <a href=\"mailto:centroaffido.fe@aulss1.veneto.it\"><span style=\"color: #1155cc;\"><u>centroaffido.fe@aulss1.veneto.it<\/u><\/span><\/a>\u00a0 CASF DI BELLUNO Tel. 0437 514975 Email:<a href=\"mailto:centroaffido.bl@aulss1.veneto.it\"><span style=\"color: #1155cc;\"><u>centroaffido.bl@aulss1.veneto.it<\/u><\/span><\/a><\/p>\n<hr \/>\n<p align=\"LEFT\">\n","protected":false},"excerpt":{"rendered":"<p>\u00a0all\u2019 Officinema di Feltre con l\u2019intervento di operatori del \u201cCentro per l\u2019affido e la solidariet\u00e0 familiare\u201d dell&#8217; AULSS 1 &#8211; Dolomiti Esplorando l&#8217;idea di famiglia nell&#8217;attualit\u00e0 e l\u2019affido familiare, una possibile risposta ai bisogni dei minori e delle loro famiglie Testo a cura di Dall\u2019\u00d2 Alessia FELTRE &#8211; In un&#8217;epoca in cui le definizioni di&hellip;<\/p>\n","protected":false},"author":4,"featured_media":80959,"comment_status":"closed","ping_status":"closed","sticky":false,"template":"","format":"standard","meta":{"_monsterinsights_skip_tracking":false,"_monsterinsights_sitenote_active":false,"_monsterinsights_sitenote_note":"","_monsterinsights_sitenote_category":0,"footnotes":""},"categories":[51,49],"tags":[],"class_list":["post-358508","post","type-post","status-publish","format-standard","has-post-thumbnail","hentry","category-evidenza-top","category-news-18","category-51","category-49","description-off"],"img_url":"https:\/\/www.radiopiu.net\/wordpress\/wp-content\/uploads\/2019\/03\/famiglia-1.jpg","_links":{"self":[{"href":"https:\/\/www.radiopiu.net\/wordpress\/wp-json\/wp\/v2\/posts\/358508","targetHints":{"allow":["GET"]}}],"collection":[{"href":"https:\/\/www.radiopiu.net\/wordpress\/wp-json\/wp\/v2\/posts"}],"about":[{"href":"https:\/\/www.radiopiu.net\/wordpress\/wp-json\/wp\/v2\/types\/post"}],"author":[{"embeddable":true,"href":"https:\/\/www.radiopiu.net\/wordpress\/wp-json\/wp\/v2\/users\/4"}],"replies":[{"embeddable":true,"href":"https:\/\/www.radiopiu.net\/wordpress\/wp-json\/wp\/v2\/comments?post=358508"}],"version-history":[{"count":0,"href":"https:\/\/www.radiopiu.net\/wordpress\/wp-json\/wp\/v2\/posts\/358508\/revisions"}],"wp:featuredmedia":[{"embeddable":true,"href":"https:\/\/www.radiopiu.net\/wordpress\/wp-json\/wp\/v2\/media\/80959"}],"wp:attachment":[{"href":"https:\/\/www.radiopiu.net\/wordpress\/wp-json\/wp\/v2\/media?parent=358508"}],"wp:term":[{"taxonomy":"category","embeddable":true,"href":"https:\/\/www.radiopiu.net\/wordpress\/wp-json\/wp\/v2\/categories?post=358508"},{"taxonomy":"post_tag","embeddable":true,"href":"https:\/\/www.radiopiu.net\/wordpress\/wp-json\/wp\/v2\/tags?post=358508"}],"curies":[{"name":"wp","href":"https:\/\/api.w.org\/{rel}","templated":true}]}}