{"id":358546,"date":"2023-10-26T05:49:04","date_gmt":"2023-10-26T03:49:04","guid":{"rendered":"https:\/\/www.radiopiu.net\/wordpress\/?p=358546"},"modified":"2023-10-26T05:56:06","modified_gmt":"2023-10-26T03:56:06","slug":"alla-vigilia-del-processo-soldi-alla-figlia-violentata","status":"publish","type":"post","link":"https:\/\/www.radiopiu.net\/wordpress\/alla-vigilia-del-processo-soldi-alla-figlia-violentata\/","title":{"rendered":"ALLA VIGILIA DEL PROCESSO, SOLDI ALLA FIGLIA &#8220;VIOLENTATA&#8221;"},"content":{"rendered":"<blockquote>\n<h3><a class=\"dt-pswp-item\" href=\"https:\/\/www.radiopiu.net\/wordpress\/wp-content\/uploads\/2022\/06\/TRIBUNALE-2.jpg\" data-dt-img-description=\"\" data-large_image_width=\"960\" data-large_image_height=\"720\"><img loading=\"lazy\" decoding=\"async\" class=\"wp-image-282908 alignleft\" src=\"https:\/\/www.radiopiu.net\/wordpress\/wp-content\/uploads\/2022\/06\/TRIBUNALE-2-300x225.jpg\" alt=\"\" width=\"136\" height=\"102\" srcset=\"https:\/\/www.radiopiu.net\/wordpress\/wp-content\/uploads\/2022\/06\/TRIBUNALE-2-300x225.jpg 300w, https:\/\/www.radiopiu.net\/wordpress\/wp-content\/uploads\/2022\/06\/TRIBUNALE-2-768x576.jpg 768w, https:\/\/www.radiopiu.net\/wordpress\/wp-content\/uploads\/2022\/06\/TRIBUNALE-2.jpg 960w\" sizes=\"auto, (max-width: 136px) 100vw, 136px\" \/><\/a>FERMATO PER TRE VOLTE&#8230; SENZA PATENTE<\/h3>\n<\/blockquote>\n<p><strong>BELLUNO<\/strong> \u00a0A.R. circolava liberamente in macchina ed \u00e8 stato controllato almeno quattro volte dalle forze di polizia, senza poter tirare fuori un documento valido. Ieri mattina era a processo per la terza infrazione e ha patteggiato di 30 giorni di arresto e 1.600 euro di ammenda. La pena detentiva \u00e8 stata convertita in quella pecuniaria di 1.500 euro, di conseguenza in tutto fanno 3.100.<\/p>\n<p>&nbsp;<\/p>\n<blockquote>\n<h3><a class=\"dt-pswp-item\" href=\"https:\/\/www.radiopiu.net\/wordpress\/wp-content\/uploads\/2021\/09\/tribunale-belluno.jpg\" data-dt-img-description=\"\" data-large_image_width=\"778\" data-large_image_height=\"518\"><img loading=\"lazy\" decoding=\"async\" class=\"wp-image-232453 alignleft\" src=\"https:\/\/www.radiopiu.net\/wordpress\/wp-content\/uploads\/2021\/09\/tribunale-belluno-300x200.jpg\" alt=\"\" width=\"159\" height=\"106\" srcset=\"https:\/\/www.radiopiu.net\/wordpress\/wp-content\/uploads\/2021\/09\/tribunale-belluno-300x200.jpg 300w, https:\/\/www.radiopiu.net\/wordpress\/wp-content\/uploads\/2021\/09\/tribunale-belluno-768x511.jpg 768w, https:\/\/www.radiopiu.net\/wordpress\/wp-content\/uploads\/2021\/09\/tribunale-belluno.jpg 778w\" sizes=\"auto, (max-width: 159px) 100vw, 159px\" \/><\/a>NONNISMO IN CASERMA, CONDANNATO<\/h3>\n<\/blockquote>\n<p><strong>BELLUNO\u00a0<\/strong> Il Sergente F.C. \u00e8 stato condannato a otto mesi e 10 giorni (pena sospesa), e non fa pi\u00f9 parte dell&#8217;esercito anticipando un eventuale congedo con disonore.\u00a0 Non hanno fatto la stessa mossa il caporal maggiore S. G. e il caporal maggiore F. S. che erano stati condannati alla stessa pena per violenza contro un inferiore.. Nei loro confronti, dovrebbero scattare dei provvedimenti da parte dello Stato maggiore. I tre erano stati, invece, assolti per la minaccia o l&#8217;ingiuria a un inferiore. In ogni caso, avevano dovuto versare 2 mila euro di risarcimento danni al caporal maggiore\u00a0 S.D.R.<\/p>\n<p>&nbsp;<\/p>\n<blockquote>\n<h3 class=\"articlePlainSubHead\"><a class=\"dt-pswp-item\" href=\"https:\/\/www.radiopiu.net\/wordpress\/wp-content\/uploads\/2018\/07\/TRIBUNALE-1.jpg\" data-dt-img-description=\"\" data-large_image_width=\"960\" data-large_image_height=\"720\"><img loading=\"lazy\" decoding=\"async\" class=\"wp-image-53164 alignleft\" src=\"https:\/\/www.radiopiu.net\/wordpress\/wp-content\/uploads\/2018\/07\/TRIBUNALE-1-300x225.jpg\" alt=\"\" width=\"173\" height=\"130\" srcset=\"https:\/\/www.radiopiu.net\/wordpress\/wp-content\/uploads\/2018\/07\/TRIBUNALE-1-300x225.jpg 300w, https:\/\/www.radiopiu.net\/wordpress\/wp-content\/uploads\/2018\/07\/TRIBUNALE-1-768x576.jpg 768w, https:\/\/www.radiopiu.net\/wordpress\/wp-content\/uploads\/2018\/07\/TRIBUNALE-1.jpg 960w\" sizes=\"auto, (max-width: 173px) 100vw, 173px\" \/><\/a>SOLDI ALLA FIGLIA VIOLENTATA PRIMA DEL PROCESSO<\/h3>\n<\/blockquote>\n<div class=\"articlePlainText\"><strong>CORTINA\u00a0<\/strong> \u00a0C&#8217;\u00e8 stata l&#8217;udienza preliminare per il padre di Cortina, che \u00e8 accusato di violenza sessuale consumata e tentata e atti sessuali con minore. L&#8217;imputato ha promesso al gup Elisabetta Scolozzi che presenter\u00e0 \u00abun&#8217;offerta equa\u00bb, ottenendo un rinvio fino al 12 dicembre. In questo modo, potr\u00e0 eliminare la costituzione di parte civile. Non c&#8217;\u00e8 ancora stato il rinvio a giudizio, quindi, ma \u00e8 solo questione di settimane. La giovane donna aveva 13 anni, quando avrebbe sofferto i primi assalti, senza potersi ribellare<\/div>\n<div><\/div>\n<blockquote>\n<h3><a class=\"dt-pswp-item\" href=\"https:\/\/www.radiopiu.net\/wordpress\/wp-content\/uploads\/2022\/05\/POLIZIA-3.jpg\" data-dt-img-description=\"\" data-large_image_width=\"1080\" data-large_image_height=\"1920\"><img loading=\"lazy\" decoding=\"async\" class=\"wp-image-278036 alignleft\" src=\"https:\/\/www.radiopiu.net\/wordpress\/wp-content\/uploads\/2022\/05\/POLIZIA-3-169x300.jpg\" alt=\"\" width=\"79\" height=\"140\" srcset=\"https:\/\/www.radiopiu.net\/wordpress\/wp-content\/uploads\/2022\/05\/POLIZIA-3-169x300.jpg 169w, https:\/\/www.radiopiu.net\/wordpress\/wp-content\/uploads\/2022\/05\/POLIZIA-3-576x1024.jpg 576w, https:\/\/www.radiopiu.net\/wordpress\/wp-content\/uploads\/2022\/05\/POLIZIA-3-768x1365.jpg 768w, https:\/\/www.radiopiu.net\/wordpress\/wp-content\/uploads\/2022\/05\/POLIZIA-3-864x1536.jpg 864w, https:\/\/www.radiopiu.net\/wordpress\/wp-content\/uploads\/2022\/05\/POLIZIA-3.jpg 1080w\" sizes=\"auto, (max-width: 79px) 100vw, 79px\" \/><\/a>PICCHIATO FUORI DAL BAR<\/h3>\n<\/blockquote>\n<div><strong>MACERATA<\/strong>\u00a0 Il cadorino Daniele Vecellio \u00e8 stato sentito come parte offesa dal Tribunale di Macerata, nel processo per tentato omicidio ai cittadini albanesi Orges Falli e Nazmir Jashari: \u00abPurtroppo di quella sera non ricordo nulla. Avevo bevuto diversi spritz, e quello che \u00e8 successo non sono in grado di ricostruirlo\u00bb. Il 38enne di Auronzo si \u00e8 costituito parte civile, ha raccontato di essere andato al bar quel pomeriggio del 16 gennaio di due anni fa e di aver bevuto diversi cocktail, per questo quando all&#8217;ospedale Torrette si era ripreso, dopo il pestaggio, non era mai stato in grado di raccontare cosa fosse successo, chi lo avesse picchiato e soprattutto perch\u00e9.<\/div>\n<div><\/div>\n<p><span style=\"color: #ff0000;\"><em>ULTERIORI APPROFONDIMENTI NELLE PAGINE DI GIUDIZIARIA DEL CORRIERE DELLE ALPI, AGGIORNAMENTO QUOTIDIANO DI GIGI SOSSO DAL TRIBUNALE DI BELLUNO\u00a0<\/em><\/span><\/p>\n","protected":false},"excerpt":{"rendered":"<p>FERMATO PER TRE VOLTE&#8230; SENZA PATENTE BELLUNO \u00a0A.R. circolava liberamente in macchina ed \u00e8 stato controllato almeno quattro volte dalle forze di polizia, senza poter tirare fuori un documento valido. Ieri mattina era a processo per la terza infrazione e ha patteggiato di 30 giorni di arresto e 1.600 euro di ammenda. La pena detentiva&hellip;<\/p>\n","protected":false},"author":4,"featured_media":232453,"comment_status":"closed","ping_status":"closed","sticky":false,"template":"","format":"standard","meta":{"_monsterinsights_skip_tracking":false,"_monsterinsights_sitenote_active":false,"_monsterinsights_sitenote_note":"","_monsterinsights_sitenote_category":0,"footnotes":""},"categories":[51,49],"tags":[],"class_list":["post-358546","post","type-post","status-publish","format-standard","has-post-thumbnail","hentry","category-evidenza-top","category-news-18","category-51","category-49","description-off"],"img_url":"https:\/\/www.radiopiu.net\/wordpress\/wp-content\/uploads\/2021\/09\/tribunale-belluno.jpg","_links":{"self":[{"href":"https:\/\/www.radiopiu.net\/wordpress\/wp-json\/wp\/v2\/posts\/358546","targetHints":{"allow":["GET"]}}],"collection":[{"href":"https:\/\/www.radiopiu.net\/wordpress\/wp-json\/wp\/v2\/posts"}],"about":[{"href":"https:\/\/www.radiopiu.net\/wordpress\/wp-json\/wp\/v2\/types\/post"}],"author":[{"embeddable":true,"href":"https:\/\/www.radiopiu.net\/wordpress\/wp-json\/wp\/v2\/users\/4"}],"replies":[{"embeddable":true,"href":"https:\/\/www.radiopiu.net\/wordpress\/wp-json\/wp\/v2\/comments?post=358546"}],"version-history":[{"count":0,"href":"https:\/\/www.radiopiu.net\/wordpress\/wp-json\/wp\/v2\/posts\/358546\/revisions"}],"wp:featuredmedia":[{"embeddable":true,"href":"https:\/\/www.radiopiu.net\/wordpress\/wp-json\/wp\/v2\/media\/232453"}],"wp:attachment":[{"href":"https:\/\/www.radiopiu.net\/wordpress\/wp-json\/wp\/v2\/media?parent=358546"}],"wp:term":[{"taxonomy":"category","embeddable":true,"href":"https:\/\/www.radiopiu.net\/wordpress\/wp-json\/wp\/v2\/categories?post=358546"},{"taxonomy":"post_tag","embeddable":true,"href":"https:\/\/www.radiopiu.net\/wordpress\/wp-json\/wp\/v2\/tags?post=358546"}],"curies":[{"name":"wp","href":"https:\/\/api.w.org\/{rel}","templated":true}]}}