{"id":358554,"date":"2023-10-26T05:46:52","date_gmt":"2023-10-26T03:46:52","guid":{"rendered":"https:\/\/www.radiopiu.net\/wordpress\/?p=358554"},"modified":"2023-10-26T05:47:12","modified_gmt":"2023-10-26T03:47:12","slug":"358554-2","status":"publish","type":"post","link":"https:\/\/www.radiopiu.net\/wordpress\/358554-2\/","title":{"rendered":"VOCI RIBELLI: CONVERSAZIONI SENZA FILTRI PER RAGAZZI AUDACI"},"content":{"rendered":"<p><a class=\"dt-pswp-item\" href=\"https:\/\/www.radiopiu.net\/wordpress\/wp-content\/uploads\/2023\/09\/ass.-dafne.png\" data-dt-img-description=\"\" data-large_image_width=\"225\" data-large_image_height=\"225\"><img loading=\"lazy\" decoding=\"async\" class=\" wp-image-352143 alignleft\" src=\"https:\/\/www.radiopiu.net\/wordpress\/wp-content\/uploads\/2023\/09\/ass.-dafne.png\" alt=\"\" width=\"137\" height=\"137\" srcset=\"https:\/\/www.radiopiu.net\/wordpress\/wp-content\/uploads\/2023\/09\/ass.-dafne.png 225w, https:\/\/www.radiopiu.net\/wordpress\/wp-content\/uploads\/2023\/09\/ass.-dafne-150x150.png 150w\" sizes=\"auto, (max-width: 137px) 100vw, 137px\" \/><\/a>Benvenuti a &#8220;VOCI RIBELLI: CONVERSAZIONI SENZA FILTRI PER RAGAZZI AUDACI,&#8221; il podcast che sfida gli stereotipi e apre la porta a conversazioni senza paura per i giovani coraggiosi. Questo podcast, prodotto dall&#8217;Associazione Dafne con la regia di Lorenzo Cassol, \u00e8 il luogo dove la voce dell&#8217;audacia incontra la sincerit\u00e0 pi\u00f9 profonda.<\/p>\n<p>&nbsp;<\/p>\n<p>PUNTATA 07<\/p>\n<audio class=\"wp-audio-shortcode\" id=\"audio-358554-1\" preload=\"none\" style=\"width: 100%;\" controls=\"controls\"><source type=\"audio\/mpeg\" src=\"https:\/\/www.radiopiu.net\/wordpress\/wp-content\/uploads\/2023\/09\/FATTO-Voci-ribelli_07.mp3?_=1\" \/><a href=\"https:\/\/www.radiopiu.net\/wordpress\/wp-content\/uploads\/2023\/09\/FATTO-Voci-ribelli_07.mp3\">https:\/\/www.radiopiu.net\/wordpress\/wp-content\/uploads\/2023\/09\/FATTO-Voci-ribelli_07.mp3<\/a><\/audio>\n<p>&nbsp;<\/p>\n<p>LA RACCOLTA COMPLETA <span style=\"color: #0000ff;\"><strong><a style=\"color: #0000ff;\" href=\"https:\/\/www.radiopiu.net\/wordpress\/voci-ribelli-conversazioni-senza-filtri-per-ragazzi-audaci\/\">CLICCA QUI<\/a><\/strong><\/span><\/p>\n<p>&nbsp;<\/p>\n<p>&nbsp;<\/p>\n<hr \/>\n<p>&nbsp;<\/p>\n","protected":false},"excerpt":{"rendered":"<p>Benvenuti a &#8220;VOCI RIBELLI: CONVERSAZIONI SENZA FILTRI PER RAGAZZI AUDACI,&#8221; il podcast che sfida gli stereotipi e apre la porta a conversazioni senza paura per i giovani coraggiosi. Questo podcast, prodotto dall&#8217;Associazione Dafne con la regia di Lorenzo Cassol, \u00e8 il luogo dove la voce dell&#8217;audacia incontra la sincerit\u00e0 pi\u00f9 profonda. &nbsp; PUNTATA 07 &nbsp;&hellip;<\/p>\n","protected":false},"author":4,"featured_media":352325,"comment_status":"closed","ping_status":"closed","sticky":false,"template":"","format":"standard","meta":{"_monsterinsights_skip_tracking":false,"_monsterinsights_sitenote_active":false,"_monsterinsights_sitenote_note":"","_monsterinsights_sitenote_category":0,"footnotes":""},"categories":[104,49],"tags":[],"class_list":["post-358554","post","type-post","status-publish","format-standard","has-post-thumbnail","hentry","category-evidenza_3","category-news-18","category-104","category-49","description-off"],"img_url":"https:\/\/www.radiopiu.net\/wordpress\/wp-content\/uploads\/2023\/09\/banner-voci-ribelli.jpg","_links":{"self":[{"href":"https:\/\/www.radiopiu.net\/wordpress\/wp-json\/wp\/v2\/posts\/358554","targetHints":{"allow":["GET"]}}],"collection":[{"href":"https:\/\/www.radiopiu.net\/wordpress\/wp-json\/wp\/v2\/posts"}],"about":[{"href":"https:\/\/www.radiopiu.net\/wordpress\/wp-json\/wp\/v2\/types\/post"}],"author":[{"embeddable":true,"href":"https:\/\/www.radiopiu.net\/wordpress\/wp-json\/wp\/v2\/users\/4"}],"replies":[{"embeddable":true,"href":"https:\/\/www.radiopiu.net\/wordpress\/wp-json\/wp\/v2\/comments?post=358554"}],"version-history":[{"count":0,"href":"https:\/\/www.radiopiu.net\/wordpress\/wp-json\/wp\/v2\/posts\/358554\/revisions"}],"wp:featuredmedia":[{"embeddable":true,"href":"https:\/\/www.radiopiu.net\/wordpress\/wp-json\/wp\/v2\/media\/352325"}],"wp:attachment":[{"href":"https:\/\/www.radiopiu.net\/wordpress\/wp-json\/wp\/v2\/media?parent=358554"}],"wp:term":[{"taxonomy":"category","embeddable":true,"href":"https:\/\/www.radiopiu.net\/wordpress\/wp-json\/wp\/v2\/categories?post=358554"},{"taxonomy":"post_tag","embeddable":true,"href":"https:\/\/www.radiopiu.net\/wordpress\/wp-json\/wp\/v2\/tags?post=358554"}],"curies":[{"name":"wp","href":"https:\/\/api.w.org\/{rel}","templated":true}]}}