{"id":358571,"date":"2023-10-27T05:47:42","date_gmt":"2023-10-27T03:47:42","guid":{"rendered":"https:\/\/www.radiopiu.net\/wordpress\/?p=358571"},"modified":"2023-10-27T08:05:19","modified_gmt":"2023-10-27T06:05:19","slug":"giornale-radiopiu-27-ottobre-2023-direttore-mirko-mezzacasada-40-anni-25-giugno-1983-25-giugno-2023","status":"publish","type":"post","link":"https:\/\/www.radiopiu.net\/wordpress\/giornale-radiopiu-27-ottobre-2023-direttore-mirko-mezzacasada-40-anni-25-giugno-1983-25-giugno-2023\/","title":{"rendered":"GIORNALE RADIOPIU 27 OTTOBRE 2023 DIRETTORE MIRKO MEZZACASA\u2026DA 40 ANNI 25 GIUGNO 1983-25 GIUGNO 2023"},"content":{"rendered":"<h1 class=\"entry-title photoswipe-wrapper\">40esimo di RADIOPIU\u2026. LA VOCE DELL\u2019EMOZIONE<\/h1>\n<h2><span style=\"color: #ff0000;\">ISCRIVITI AL NOSTRO CANALE\u00a0\u00a0YOUTUBE PER SEGUIRE IN DIRETTA I PRINCIPALI PROGRAMMI DI RADIO PIU\u2019 E LE FUTURE DIRETTE IN ESTERNA. PER ISCRIVERTI <a style=\"color: #ff0000;\" href=\"https:\/\/youtube.com\/@radiopiu1527\">CLICCA QUI\u00a0<\/a>E PREMI\u00a0 \u201cIscriviti\u201d\u00a0\u00a0<\/span><b>\u00a0<\/b><\/h2>\n<p>&nbsp;<\/p>\n<blockquote>\n<h1>INIZIATIVE ULSS1 DOLOMITI-BELLUNO<\/h1>\n\n\t\t\t<style type='text\/css'>\n\t\t\t\t#gallery-1 {\n\t\t\t\t\tmargin: auto;\n\t\t\t\t}\n\t\t\t\t#gallery-1 .gallery-item {\n\t\t\t\t\tfloat: left;\n\t\t\t\t\tmargin-top: 10px;\n\t\t\t\t\ttext-align: center;\n\t\t\t\t\twidth: 50%;\n\t\t\t\t}\n\t\t\t\t#gallery-1 img {\n\t\t\t\t\tborder: 2px solid #cfcfcf;\n\t\t\t\t}\n\t\t\t\t#gallery-1 .gallery-caption {\n\t\t\t\t\tmargin-left: 0;\n\t\t\t\t}\n\t\t\t\t\/* see gallery_shortcode() in wp-includes\/media.php *\/\n\t\t\t<\/style>\n\t\t<div id='gallery-1' class='dt-gallery-container gallery galleryid-358571 gallery-columns-2 gallery-size-medium'><dl class='gallery-item'>\n\t\t\t\t<dt class='gallery-icon portrait'>\n\t\t\t\t\t<a class=\"rollover rollover-zoom dt-pswp-item\" title=\"392878514_822842989540507_2672116902826523400_n\" data-dt-img-description=\"\" data-large_image_width=\"509\" data-large_image_height=\"720\"href='https:\/\/www.radiopiu.net\/wordpress\/wp-content\/uploads\/2023\/10\/392878514_822842989540507_2672116902826523400_n.jpg'><img loading=\"lazy\" decoding=\"async\" width=\"212\" height=\"300\" src=\"https:\/\/www.radiopiu.net\/wordpress\/wp-content\/uploads\/2023\/10\/392878514_822842989540507_2672116902826523400_n-212x300.jpg\" class=\"attachment-medium size-medium\" alt=\"\" srcset=\"https:\/\/www.radiopiu.net\/wordpress\/wp-content\/uploads\/2023\/10\/392878514_822842989540507_2672116902826523400_n-212x300.jpg 212w, https:\/\/www.radiopiu.net\/wordpress\/wp-content\/uploads\/2023\/10\/392878514_822842989540507_2672116902826523400_n.jpg 509w\" sizes=\"auto, (max-width: 212px) 100vw, 212px\" \/><\/a>\n\t\t\t\t<\/dt><\/dl><dl class='gallery-item'>\n\t\t\t\t<dt class='gallery-icon portrait'>\n\t\t\t\t\t<a class=\"rollover rollover-zoom dt-pswp-item\" title=\"392791123_823481889476617_215948379669211063_n\" data-dt-img-description=\"\" data-large_image_width=\"509\" data-large_image_height=\"720\"href='https:\/\/www.radiopiu.net\/wordpress\/wp-content\/uploads\/2023\/10\/392791123_823481889476617_215948379669211063_n.jpg'><img loading=\"lazy\" decoding=\"async\" width=\"212\" height=\"300\" src=\"https:\/\/www.radiopiu.net\/wordpress\/wp-content\/uploads\/2023\/10\/392791123_823481889476617_215948379669211063_n-212x300.jpg\" class=\"attachment-medium size-medium\" alt=\"\" srcset=\"https:\/\/www.radiopiu.net\/wordpress\/wp-content\/uploads\/2023\/10\/392791123_823481889476617_215948379669211063_n-212x300.jpg 212w, https:\/\/www.radiopiu.net\/wordpress\/wp-content\/uploads\/2023\/10\/392791123_823481889476617_215948379669211063_n.jpg 509w\" sizes=\"auto, (max-width: 212px) 100vw, 212px\" \/><\/a>\n\t\t\t\t<\/dt><\/dl><br style=\"clear: both\" \/>\n\t\t\t<\/div>\n<\/blockquote>\n<p>&nbsp;<\/p>\n<hr \/>\n<p>&nbsp;<\/p>\n<blockquote>\n<h3>ultim&#8217;ORA SASSI SULLA STRADA PER LA CORPASSA<\/h3>\n<\/blockquote>\n<p><strong>TAIBON Avviso sassi franati e fango all&#8217; incrocio sotto al ex campo da ghiaccio di listolade<\/strong><\/p>\n\n\t\t\t<style type='text\/css'>\n\t\t\t\t#gallery-2 {\n\t\t\t\t\tmargin: auto;\n\t\t\t\t}\n\t\t\t\t#gallery-2 .gallery-item {\n\t\t\t\t\tfloat: left;\n\t\t\t\t\tmargin-top: 10px;\n\t\t\t\t\ttext-align: center;\n\t\t\t\t\twidth: 50%;\n\t\t\t\t}\n\t\t\t\t#gallery-2 img {\n\t\t\t\t\tborder: 2px solid #cfcfcf;\n\t\t\t\t}\n\t\t\t\t#gallery-2 .gallery-caption {\n\t\t\t\t\tmargin-left: 0;\n\t\t\t\t}\n\t\t\t\t\/* see gallery_shortcode() in wp-includes\/media.php *\/\n\t\t\t<\/style>\n\t\t<div id='gallery-2' class='dt-gallery-container gallery galleryid-358571 gallery-columns-2 gallery-size-full'><dl class='gallery-item'>\n\t\t\t\t<dt class='gallery-icon portrait'>\n\t\t\t\t\t<a class=\"rollover rollover-zoom dt-pswp-item\" title=\"396035079_353748677218822_7367137669861214209_n\" data-dt-img-description=\"\" data-large_image_width=\"280\" data-large_image_height=\"373\"href='https:\/\/www.radiopiu.net\/wordpress\/wp-content\/uploads\/2023\/10\/396035079_353748677218822_7367137669861214209_n.jpg'><img loading=\"lazy\" decoding=\"async\" width=\"280\" height=\"373\" src=\"https:\/\/www.radiopiu.net\/wordpress\/wp-content\/uploads\/2023\/10\/396035079_353748677218822_7367137669861214209_n.jpg\" class=\"attachment-full size-full\" alt=\"\" srcset=\"https:\/\/www.radiopiu.net\/wordpress\/wp-content\/uploads\/2023\/10\/396035079_353748677218822_7367137669861214209_n.jpg 280w, https:\/\/www.radiopiu.net\/wordpress\/wp-content\/uploads\/2023\/10\/396035079_353748677218822_7367137669861214209_n-225x300.jpg 225w\" sizes=\"auto, (max-width: 280px) 100vw, 280px\" \/><\/a>\n\t\t\t\t<\/dt><\/dl><dl class='gallery-item'>\n\t\t\t\t<dt class='gallery-icon portrait'>\n\t\t\t\t\t<a class=\"rollover rollover-zoom dt-pswp-item\" title=\"395801780_837502137877360_7628963176292754120_n\" data-dt-img-description=\"\" data-large_image_width=\"280\" data-large_image_height=\"373\"href='https:\/\/www.radiopiu.net\/wordpress\/wp-content\/uploads\/2023\/10\/395801780_837502137877360_7628963176292754120_n-2.jpg'><img loading=\"lazy\" decoding=\"async\" width=\"280\" height=\"373\" src=\"https:\/\/www.radiopiu.net\/wordpress\/wp-content\/uploads\/2023\/10\/395801780_837502137877360_7628963176292754120_n-2.jpg\" class=\"attachment-full size-full\" alt=\"\" srcset=\"https:\/\/www.radiopiu.net\/wordpress\/wp-content\/uploads\/2023\/10\/395801780_837502137877360_7628963176292754120_n-2.jpg 280w, https:\/\/www.radiopiu.net\/wordpress\/wp-content\/uploads\/2023\/10\/395801780_837502137877360_7628963176292754120_n-2-225x300.jpg 225w\" sizes=\"auto, (max-width: 280px) 100vw, 280px\" \/><\/a>\n\t\t\t\t<\/dt><\/dl><br style=\"clear: both\" \/>\n\t\t\t<\/div>\n\n<p>&nbsp;<\/p>\n<p>&nbsp;<\/p>\n<hr \/>\n<p>&nbsp;<\/p>\n<blockquote>\n<h2>\u00a0SI SONO IMPOSSESSATI ANCHE DEL NUVOLAU<\/h2>\n<\/blockquote>\n<p><a class=\"dt-pswp-item\" href=\"https:\/\/www.radiopiu.net\/wordpress\/wp-content\/uploads\/2023\/10\/Senza-nome-83.png\" data-dt-img-description=\"\" data-large_image_width=\"219\" data-large_image_height=\"144\"><img loading=\"lazy\" decoding=\"async\" class=\"size-full wp-image-358694 alignleft\" src=\"https:\/\/www.radiopiu.net\/wordpress\/wp-content\/uploads\/2023\/10\/Senza-nome-83.png\" alt=\"\" width=\"219\" height=\"144\" \/><\/a><br \/>\nSudtirol: vorrei ma non posso, allora &#8220;rubiamo&#8221; l&#8217;immagine ai bellunesi, tanto stanno sempre zitti e per loro tutto va bene (segnalazione, Walter)<\/p>\n<p>&nbsp;<\/p>\n<p>clicca qui \u00a0<strong><a href=\"https:\/\/www.facebook.com\/reel\/773567707600157\">sudtiroldascoprire<\/a><\/strong><\/p>\n<p>&nbsp;<\/p>\n<p>&nbsp;<\/p>\n<p>&nbsp;<\/p>\n<hr \/>\n<p>&nbsp;<\/p>\n<p><img loading=\"lazy\" decoding=\"async\" class=\"alignleft\" src=\"https:\/\/www.radiopiu.net\/wordpress\/wp-content\/uploads\/2022\/05\/download-2.jpg\" width=\"84\" height=\"84\" \/><\/p>\n<p style=\"text-align: center;\"><strong>SERVIZIO IDRICO, ACQUA SEMPRE INQUINATA NELLE FRAZIONI ALTE DI AGORDO<\/strong><\/p>\n<p>Gestione Servizi Pubblici informa che ad <strong>AGORDO<\/strong> nelle localit\u00e0 <span style=\"color: #000000;\">PIASENT, COLVIGNAS, CAMPON, LE FOCHE <\/span>l&#8217;acqua erogata dall&#8217;acquedotto non \u00e8 potabile e pu\u00f2 essere usata per scopi alimentari SOLO PREVIA bollitura.<\/p>\n<p>&nbsp;<\/p>\n<p><strong>SP 347 DURAN-CEREDA<\/strong> localit\u00e0 Mota Bianca,<span style=\"color: #ff0000;\"> dal 30 ottobre al 30 novembre<\/span> &#8211; sabato e domenica esclusi &#8211; senso unico alternato regolato da movieri con interruzioni fino a 30 minuti per lavori di taglio piante affette da bostrico.<\/p>\n<p>&nbsp;<\/p>\n<p><strong>SP 563 SALESEI <\/strong><span style=\"color: #ff0000;\">\u00a0fino al 17 novembre<\/span> in localit\u00e0 Digonera di Rocca Pietore interdizione al traffico<\/p>\n<p>&nbsp;<\/p>\n<hr \/>\n<p>&nbsp;<\/p>\n<blockquote>\n<h3>PRIMA DI VAIA&#8230; LE FIAMME DALLE PALE DI SAN LUCANO<\/h3>\n<\/blockquote>\n<p><strong>TAIBON<\/strong> Il 27 ottobre 2018 il bosco sotto alle Pale di San Lucano bruciava ormai da 48 ore, complice il vento le fiamme hanno interessato un ampio bosco fino alla Valle di San Lucano. Una coltre di fumo aveva avvolto l&#8217;intera provincia e anche pi\u00f9 gi\u00f9. Non pioveva, si auspicava un temporale &#8220;coraggioso&#8221;&#8230; arriv\u00f2 Vaia.<\/p>\n<p>&nbsp;<\/p>\n\n\t\t\t<style type='text\/css'>\n\t\t\t\t#gallery-3 {\n\t\t\t\t\tmargin: auto;\n\t\t\t\t}\n\t\t\t\t#gallery-3 .gallery-item {\n\t\t\t\t\tfloat: left;\n\t\t\t\t\tmargin-top: 10px;\n\t\t\t\t\ttext-align: center;\n\t\t\t\t\twidth: 33%;\n\t\t\t\t}\n\t\t\t\t#gallery-3 img {\n\t\t\t\t\tborder: 2px solid #cfcfcf;\n\t\t\t\t}\n\t\t\t\t#gallery-3 .gallery-caption {\n\t\t\t\t\tmargin-left: 0;\n\t\t\t\t}\n\t\t\t\t\/* see gallery_shortcode() in wp-includes\/media.php *\/\n\t\t\t<\/style>\n\t\t<div id='gallery-3' class='dt-gallery-container gallery galleryid-358571 gallery-columns-3 gallery-size-thumbnail'><dl class='gallery-item'>\n\t\t\t\t<dt class='gallery-icon landscape'>\n\t\t\t\t\t<a class=\"rollover rollover-zoom dt-pswp-item\" title=\"Taibon_25-10-2018_Spegnimento incendio a S. Lucano 1\" data-dt-img-description=\"\" data-large_image_width=\"2560\" data-large_image_height=\"1920\"href='https:\/\/www.radiopiu.net\/wordpress\/wp-content\/uploads\/2023\/10\/Taibon_25-10-2018_Spegnimento-incendio-a-S.-Lucano-1-scaled.jpg'><img loading=\"lazy\" decoding=\"async\" width=\"150\" height=\"150\" src=\"https:\/\/www.radiopiu.net\/wordpress\/wp-content\/uploads\/2023\/10\/Taibon_25-10-2018_Spegnimento-incendio-a-S.-Lucano-1-150x150.jpg\" class=\"attachment-thumbnail size-thumbnail\" alt=\"\" \/><\/a>\n\t\t\t\t<\/dt><\/dl><dl class='gallery-item'>\n\t\t\t\t<dt class='gallery-icon landscape'>\n\t\t\t\t\t<a class=\"rollover rollover-zoom dt-pswp-item\" title=\"Taibon_25-10-2018_Spegnimento incendio a S. Lucano\" data-dt-img-description=\"\" data-large_image_width=\"2560\" data-large_image_height=\"1920\"href='https:\/\/www.radiopiu.net\/wordpress\/wp-content\/uploads\/2023\/10\/Taibon_25-10-2018_Spegnimento-incendio-a-S.-Lucano-scaled.jpg'><img loading=\"lazy\" decoding=\"async\" width=\"150\" height=\"150\" src=\"https:\/\/www.radiopiu.net\/wordpress\/wp-content\/uploads\/2023\/10\/Taibon_25-10-2018_Spegnimento-incendio-a-S.-Lucano-150x150.jpg\" class=\"attachment-thumbnail size-thumbnail\" alt=\"\" \/><\/a>\n\t\t\t\t<\/dt><\/dl><dl class='gallery-item'>\n\t\t\t\t<dt class='gallery-icon landscape'>\n\t\t\t\t\t<a class=\"rollover rollover-zoom dt-pswp-item\" title=\"Taibon_25-10-2018_Spegnimento incendio a S. Lucano 2\" data-dt-img-description=\"\" data-large_image_width=\"2560\" data-large_image_height=\"1920\"href='https:\/\/www.radiopiu.net\/wordpress\/wp-content\/uploads\/2023\/10\/Taibon_25-10-2018_Spegnimento-incendio-a-S.-Lucano-2-scaled.jpg'><img loading=\"lazy\" decoding=\"async\" width=\"150\" height=\"150\" src=\"https:\/\/www.radiopiu.net\/wordpress\/wp-content\/uploads\/2023\/10\/Taibon_25-10-2018_Spegnimento-incendio-a-S.-Lucano-2-150x150.jpg\" class=\"attachment-thumbnail size-thumbnail\" alt=\"\" \/><\/a>\n\t\t\t\t<\/dt><\/dl><br style=\"clear: both\" \/>\n\t\t\t<\/div>\n\n<p>&nbsp;<\/p>\n<p><iframe loading=\"lazy\" title=\"Taibon Agordino (BL) - incendio di bosco\" width=\"1200\" height=\"675\" src=\"https:\/\/www.youtube.com\/embed\/A0ytP1WGJbU?feature=oembed\" frameborder=\"0\" allow=\"accelerometer; autoplay; clipboard-write; encrypted-media; gyroscope; picture-in-picture; web-share\" allowfullscreen><\/iframe><\/p>\n<p>&nbsp;<\/p>\n<blockquote class=\"wp-embedded-content\" data-secret=\"mERlmxSpFC\"><p><a href=\"https:\/\/www.radiopiu.net\/wordpress\/giornale-radiopiu-05-novembre-2018-direttore-mirko-mezzacasa\/\">PER NON DIMENTICARE&#8230; A 5 ANNI DALLA TEMPESTA VAIA -archivio radiopiu &#8211;<\/a><\/p><\/blockquote>\n<p><iframe loading=\"lazy\" class=\"wp-embedded-content\" sandbox=\"allow-scripts\" security=\"restricted\" style=\"position: absolute; clip: rect(1px, 1px, 1px, 1px);\" title=\"&#8220;PER NON DIMENTICARE&#8230; A 5 ANNI DALLA TEMPESTA VAIA -archivio radiopiu &#8211;&#8221; &#8212; Radio Pi\u00f9\" src=\"https:\/\/www.radiopiu.net\/wordpress\/giornale-radiopiu-05-novembre-2018-direttore-mirko-mezzacasa\/embed\/#?secret=3K8FV4XQSM#?secret=mERlmxSpFC\" data-secret=\"mERlmxSpFC\" width=\"600\" height=\"338\" frameborder=\"0\" marginwidth=\"0\" marginheight=\"0\" scrolling=\"no\"><\/iframe><\/p>\n<hr \/>\n<p>&nbsp;<\/p>\n<p><a class=\"dt-pswp-item\" href=\"https:\/\/www.radiopiu.net\/wordpress\/wp-content\/uploads\/2023\/10\/34f4cfc6-e863-46e9-9695-8df44be63421.jpg\" data-dt-img-description=\"\" data-large_image_width=\"1200\" data-large_image_height=\"1200\"><img loading=\"lazy\" decoding=\"async\" class=\"wp-image-357393 alignleft\" src=\"https:\/\/www.radiopiu.net\/wordpress\/wp-content\/uploads\/2023\/10\/34f4cfc6-e863-46e9-9695-8df44be63421-300x300.jpg\" alt=\"\" width=\"81\" height=\"81\" srcset=\"https:\/\/www.radiopiu.net\/wordpress\/wp-content\/uploads\/2023\/10\/34f4cfc6-e863-46e9-9695-8df44be63421-300x300.jpg 300w, https:\/\/www.radiopiu.net\/wordpress\/wp-content\/uploads\/2023\/10\/34f4cfc6-e863-46e9-9695-8df44be63421-1024x1024.jpg 1024w, https:\/\/www.radiopiu.net\/wordpress\/wp-content\/uploads\/2023\/10\/34f4cfc6-e863-46e9-9695-8df44be63421-150x150.jpg 150w, https:\/\/www.radiopiu.net\/wordpress\/wp-content\/uploads\/2023\/10\/34f4cfc6-e863-46e9-9695-8df44be63421-768x768.jpg 768w, https:\/\/www.radiopiu.net\/wordpress\/wp-content\/uploads\/2023\/10\/34f4cfc6-e863-46e9-9695-8df44be63421.jpg 1200w\" sizes=\"auto, (max-width: 81px) 100vw, 81px\" \/><\/a>OGGI ALLA RADIO: <strong>ALLE 7<\/strong> LA RASSEGNA STAMPA LOCALE FLASH, PER CHI COME NOI ALLE SETTE DEL MATTINO VA DI FRETTA, TANTE NOTIZIE IN POCHE CHIACCHIERE. <strong>ALLE OTTO<\/strong> L&#8217;APPROFONDIMENTO NELLA STORICA RASSEGNA STAMPA LOCALE<\/p>\n<p>&nbsp;<\/p>\n<p><strong>ALLE 10.10 E 18.30<\/strong> MUSLA, LE NOVE IN LADIN <strong>ALLE 10.30 E 1900<\/strong> PATRIZIO DE VENTURA, PRESIDENTE DELLA PROLOCO DI CAVIOLA E DEL COMITATO DELLE PROLOCO DELL&#8217;AGORDINO. CON QUESTA INTERVISTA CHIUDIAMO UN CICLO IMPORTANTE DI EVENTI, PERSONE E VOLONTARI INIZIATO LA SCORSA PRIMAVERA.<br \/>\n<strong>ALLE 13,05 RENZO MINELLA<\/strong>, DAL COMPRENSORIO SCIISTICO SAN PELLEGRINO FALCADE, UNA STAGIONE IMPORTANTE CON EVENTI DA &#8220;VOLATA&#8221; <strong>ALLE 16.30<\/strong> IL CALENDARIO DI SIMONE PRA<\/p>\n<p>&nbsp;<\/p>\n<hr \/>\n<p>&nbsp;<\/p>\n<h3>ALLERTA GIALLA FINO ALLE 14<\/h3>\n<p><strong><img loading=\"lazy\" decoding=\"async\" class=\"alignleft\" src=\"https:\/\/www.radiopiu.net\/wordpress\/wp-content\/uploads\/2018\/08\/instabilita.jpg\" width=\"228\" height=\"137\" \/>VENEZIA<\/strong> Il Meteo regionale segnala una temporanea fase perturbata con precipitazioni diffuse, anche a carattere di rovescio o temporale tra prealpi e pianura dove non si escludono locali forti rovesci con quantitativi localmente consistenti e concentrati, specie tra pianura centro-nord e zone prealpine.Dichiarata la fase operativa di \u201cAttenzione\u201d (Gialla) fino alle 14<\/p>\n<p>&nbsp;<\/p>\n<p>&nbsp;<\/p>\n<p>&nbsp;<\/p>\n<hr \/>\n<p>&nbsp;<\/p>\n<blockquote>\n<h3>PARCHEGGI IN VALCOZZENA SENZA NAVETTA MULTE A RAFFICA. L&#8217;APPELLO PER SOLUZIONI<\/h3>\n<\/blockquote>\n<p><strong><a class=\"dt-pswp-item\" href=\"https:\/\/www.radiopiu.net\/wordpress\/wp-content\/uploads\/2023\/01\/f5c58041-2f77-4ccf-b15d-82d7064a18a9.jpg\" data-dt-img-description=\"\" data-large_image_width=\"2048\" data-large_image_height=\"1536\"><img loading=\"lazy\" decoding=\"async\" class=\" wp-image-319449 alignleft\" src=\"https:\/\/www.radiopiu.net\/wordpress\/wp-content\/uploads\/2023\/01\/f5c58041-2f77-4ccf-b15d-82d7064a18a9-300x225.jpg\" alt=\"\" width=\"250\" height=\"187\" srcset=\"https:\/\/www.radiopiu.net\/wordpress\/wp-content\/uploads\/2023\/01\/f5c58041-2f77-4ccf-b15d-82d7064a18a9-300x225.jpg 300w, https:\/\/www.radiopiu.net\/wordpress\/wp-content\/uploads\/2023\/01\/f5c58041-2f77-4ccf-b15d-82d7064a18a9-1024x768.jpg 1024w, https:\/\/www.radiopiu.net\/wordpress\/wp-content\/uploads\/2023\/01\/f5c58041-2f77-4ccf-b15d-82d7064a18a9-768x576.jpg 768w, https:\/\/www.radiopiu.net\/wordpress\/wp-content\/uploads\/2023\/01\/f5c58041-2f77-4ccf-b15d-82d7064a18a9-1536x1152.jpg 1536w, https:\/\/www.radiopiu.net\/wordpress\/wp-content\/uploads\/2023\/01\/f5c58041-2f77-4ccf-b15d-82d7064a18a9.jpg 2048w\" sizes=\"auto, (max-width: 250px) 100vw, 250px\" \/><\/a>AGORDO <\/strong>In Valcozzena, frazione di Agordo, la questione dei parcheggi sta diventando sempre pi\u00f9 urgente, specialmente dopo la soppressione delle navette che collegavano il parcheggio di Tamonich all&#8217;area industriale. Questo problema \u00e8 diventato pi\u00f9 evidente negli ultimi giorni a causa delle avverse condizioni meteorologiche che rendono difficile la lunga passeggiata dal centro di Agordo allo stabilimento EssilorLuxottica. Di conseguenza, i lavoratori sono costretti a cercare parcheggi alternativi, spesso in aree non autorizzate. Oltre all&#8217;uso del parcheggio destinato ai camper, le auto <a href=\"https:\/\/www.radiopiu.net\/wordpress\/wp-content\/uploads\/2023\/10\/police-6697492_640.webp\"><img loading=\"lazy\" decoding=\"async\" class=\"wp-image-358578 alignright\" src=\"https:\/\/www.radiopiu.net\/wordpress\/wp-content\/uploads\/2023\/10\/police-6697492_640-274x300.webp\" alt=\"\" width=\"201\" height=\"220\" srcset=\"https:\/\/www.radiopiu.net\/wordpress\/wp-content\/uploads\/2023\/10\/police-6697492_640-274x300.webp 274w, https:\/\/www.radiopiu.net\/wordpress\/wp-content\/uploads\/2023\/10\/police-6697492_640.webp 585w\" sizes=\"auto, (max-width: 201px) 100vw, 201px\" \/><\/a>vengono parcheggiate lungo le strade interne della frazione, portando inevitabilmente a multe emesse dalla Polizia Locale per violazioni di sosta. Sebbene le multe siano giustificate, dato che questi veicoli intralciano la circolazione, sorge la domanda su cosa abbia fatto l&#8217;azienda per affrontare questa situazione. Esistono soluzioni possibili che potrebbero alleviare il problema. Una di queste potrebbe essere l&#8217;utilizzo di servizi di noleggio di minibus con conducente, in mancanza del servizio navetta fornito da DolomitiBus. Altrimenti, un&#8217;azienda come EssilorLuxottica potrebbe considerare l&#8217;acquisto di minibus per il trasporto dei dipendenti dall&#8217;area di parcheggio a Tamonich all&#8217;area industriale. Il servizio navetta non era solo una comodit\u00e0 per i dipendenti, ma rappresentava anche una soluzione sostenibile per coloro che risiedono ad Agordo, poich\u00e9 riduceva la necessit\u00e0 di utilizzare l&#8217;auto per recarsi al lavoro. La questione dei parcheggi in Valcozzena richiede un&#8217;attenzione immediata e soluzioni concrete per garantire un accesso agevole all&#8217;area industriale, evitando sanzioni per violazioni di sosta e agevolando la mobilit\u00e0 dei lavoratori.<\/p>\n<p>&nbsp;<\/p>\n<hr \/>\n<p>&nbsp;<\/p>\n<blockquote>\n<h3>GESTO VERGOGNOSO, VANDALIZZATA LA TOMBA DI UNA BIMBA A CUSIGHE<\/h3>\n<\/blockquote>\n<div class=\"flex-1 overflow-hidden\">\n<div class=\"react-scroll-to-bottom--css-lljzc-79elbk h-full\">\n<div class=\"react-scroll-to-bottom--css-lljzc-1n7m0yu\">\n<div class=\"flex flex-col text-sm gizmo:pb-9 dark:bg-gray-800 gizmo:dark:bg-transparent\">\n<div class=\"group w-full text-token-text-primary border-b border-black\/10 gizmo:border-0 dark:border-gray-900\/50 gizmo:dark:border-0 bg-gray-50 gizmo:bg-transparent dark:bg-[#444654] gizmo:dark:bg-transparent\" data-testid=\"conversation-turn-3\">\n<div class=\"p-4 gizmo:py-2 justify-center text-base md:gap-6 md:py-6 m-auto\">\n<div class=\"flex flex-1 gap-4 text-base mx-auto md:gap-6 gizmo:gap-3 gizmo:md:px-5 gizmo:lg:px-1 gizmo:xl:px-5 md:max-w-2xl lg:max-w-[38rem] gizmo:md:max-w-3xl gizmo:lg:max-w-[40rem] gizmo:xl:max-w-[48rem] xl:max-w-3xl }\">\n<div class=\"relative flex w-[calc(100%-50px)] flex-col gizmo:w-full lg:w-[calc(100%-115px)] agent-turn\">\n<div class=\"flex-col gap-1 md:gap-3\">\n<div class=\"flex flex-grow flex-col gap-3 max-w-full\">\n<div class=\"min-h-[20px] flex flex-col items-start gap-3 whitespace-pre-wrap break-words overflow-x-auto\" data-message-author-role=\"assistant\" data-message-id=\"3e6cbd0c-22c0-486f-9f61-fffe011c6655\">\n<div class=\"markdown prose w-full break-words dark:prose-invert dark\">\n<p><strong>BELLUNO<\/strong> Nel cimitero di Cusighe, una tomba\u00a0 \u00e8 stata oggetto di vandalismo, suscitando l&#8217;indignazione e la tristezza della famiglia. Si tratta della tomba di una bambina, Dafne, scomparsa poche settimane dopo la nascita, che \u00e8 stata danneggiata. Una corona di fiori, che \u00e8 stata successivamente riposizionata, era stata lanciata lontano. \u00a0La tomba \u00e8 stata ripristinata grazie all&#8217;aiuto di un operaio del Comune, purtroppo episodi simili si sono verificati in passato<\/p>\n<\/div>\n<\/div>\n<\/div>\n<\/div>\n<\/div>\n<\/div>\n<\/div>\n<\/div>\n<\/div>\n<\/div>\n<\/div>\n<\/div>\n<p>&nbsp;<\/p>\n<hr \/>\n<p>&nbsp;<\/p>\n<blockquote>\n<h3>LA TRUFFA AI DANNI DELL&#8217;ANZIANO FINISCE IN TRIBUNALE<\/h3>\n<\/blockquote>\n<p><strong>BELLUNO <\/strong>Un cittadino anziano di Santa Giustina ha denunciato Mohammed Et Tahiri, un giovane ambulante marocchino, per una truffa aggravata di 24.450 euro. L&#8217;anziano ha raccontato di aver conosciuto Et Tahiri nel giugno 2019 e di avergli prestato denaro per vari motivi, tra cui il rinnovo del permesso di soggiorno e debiti con l&#8217;Agenzia delle Entrate. I prestiti sono stati documentati con ricevute, e il marocchino aveva offerto un terreno in Marocco come garanzia. Tuttavia, l&#8217;anziano ha scoperto successivamente che il suo capitale era scomparso e chieder\u00e0 un risarcimento.<\/p>\n<p>&nbsp;<\/p>\n<hr \/>\n<p>&nbsp;<\/p>\n<p>&nbsp;<\/p>\n<blockquote>\n<h3><a class=\"dt-pswp-item\" href=\"https:\/\/www.radiopiu.net\/wordpress\/wp-content\/uploads\/2023\/10\/th-22.jpg\" data-dt-img-description=\"\" data-large_image_width=\"344\" data-large_image_height=\"180\"><img loading=\"lazy\" decoding=\"async\" class=\"wp-image-358700 alignleft\" src=\"https:\/\/www.radiopiu.net\/wordpress\/wp-content\/uploads\/2023\/10\/th-22-300x157.jpg\" alt=\"\" width=\"162\" height=\"85\" srcset=\"https:\/\/www.radiopiu.net\/wordpress\/wp-content\/uploads\/2023\/10\/th-22-300x157.jpg 300w, https:\/\/www.radiopiu.net\/wordpress\/wp-content\/uploads\/2023\/10\/th-22.jpg 344w\" sizes=\"auto, (max-width: 162px) 100vw, 162px\" \/><\/a>I MIGRANTI MALATI DI SCABBIA, L&#8217;IRA DEL SINDACO<\/h3>\n<\/blockquote>\n<p><strong>REDAZIONE<\/strong> Addio al rapporto di fiducia STATO-COMUNI Il sindaco pontalpino Paolo Vendramini\u00a0 ha scoperto che il minore assegnatogli l&#8217;altro ieri ha la scabbia ma nessuno si era premurato di avvisarlo.\u00a0 Non \u00e8 l&#8217;unico,\u00a0 tre sono stati assegnati a Borgo Valbelluna e anche l&#8217;assessore Simone Deola\u00a0 alza la voce.\u00a0 Comunque la scabbia non crea problemi per la collettivit\u00e0: in un paio di sedute di terapia il problema \u00e8 eliminato\u00bb. \u2014<\/p>\n<p>&nbsp;<\/p>\n<hr \/>\n<p>&nbsp;<\/p>\n<p>&nbsp;<\/p>\n<blockquote>\n<h3>INVESTI&#8217; E UCCISE LA GELATAIA, CONDANNATO A 4 ANNI E 4 MESI<\/h3>\n<\/blockquote>\n<p><strong>BELLUNO<\/strong> Il 23 novembre 2018 F.D.Z. di Vittorio Veneto, invest\u00ec ed uccise Letizia Sperti, gelataia 69enne di Farra. Nell&#8217;incidente rimase ferita gravemente l&#8217;amica Raffaella Azzalini. L&#8217;automobilista risult\u00f2 poi positivo all&#8217;alcoltest con un tasso di 1,65 milligrammi di alcol per litro di sangue e per questo fu anche arrestato. Dopo due anni e mezzo di udienze la sentenza:\u00a0 condannato dal giudice Umberto Don\u00e0 a 4 anni e 4 mesi per omicidio stradale, lesioni colpose e guida in stato di ebbrezza, che costituiva un&#8217;aggravante.<\/p>\n<p>&nbsp;<\/p>\n<p><span style=\"color: #ff0000;\">archivio:<\/span><\/p>\n<blockquote>\n<h3>MUORE GELATAIA DI FARRA D&#8217;ALPAGO<\/h3>\n<h3><em> Letizia Sperti, una gelataia di 69 anni di Farra d\u2019Alpago (con attivit\u00e0 in Germania) che frequentava abitualmente la citt\u00e0 trevigiana<\/em><\/h3>\n<\/blockquote>\n<p><strong>VITTORIO VENETO.<\/strong>\u00a0 Incidente eri sera, poco prima delle 21, in via Rizzera a Vittorio Veneto: due donne, mentre attraversavano la strada, sono state centrate da un\u2019auto. Letizia Sperti, classe 1949 di Farra d\u2019Alpago, di professione gelataia, \u00e8 morta durante il trasporto in ospedale. L\u2019amica che l\u2019accompagnava ha riportato ferite di media entit\u00e0 ed \u00e8 stata accompagnata al pronto soccorso dell\u2019ospedale di Conegliano.<\/p>\n<p>&nbsp;<\/p>\n<p>&nbsp;<\/p>\n<hr \/>\n<p>&nbsp;<\/p>\n<blockquote>\n<h3><strong>RELAZIONE SEMESTRALE VENETO SVILUPPO<\/strong><\/h3>\n<\/blockquote>\n<p><strong><a class=\"dt-pswp-item\" href=\"https:\/\/www.radiopiu.net\/wordpress\/wp-content\/uploads\/2022\/11\/ZAIA.jpg\" data-dt-img-description=\"\" data-large_image_width=\"1024\" data-large_image_height=\"761\"><img loading=\"lazy\" decoding=\"async\" class=\" wp-image-306973 alignleft\" src=\"https:\/\/www.radiopiu.net\/wordpress\/wp-content\/uploads\/2022\/11\/ZAIA-300x223.jpg\" alt=\"\" width=\"149\" height=\"111\" srcset=\"https:\/\/www.radiopiu.net\/wordpress\/wp-content\/uploads\/2022\/11\/ZAIA-300x223.jpg 300w, https:\/\/www.radiopiu.net\/wordpress\/wp-content\/uploads\/2022\/11\/ZAIA-768x571.jpg 768w, https:\/\/www.radiopiu.net\/wordpress\/wp-content\/uploads\/2022\/11\/ZAIA.jpg 1024w\" sizes=\"auto, (max-width: 149px) 100vw, 149px\" \/><\/a>VENEZIA <\/strong>\u201cI risultati e le performance di bilancio di Veneto Sviluppo non fanno altro che confermare la bont\u00e0 dell\u2019operazione di acquisto di azioni proprie e aver creduto nel rafforzamento di questa societ\u00e0 con gli interventi legislativi di fine luglio. Con la scalata della Regione, che ha acquisito il 100 per cento della Societ\u00e0, e con l\u2019allargamento del gruppo societario accorpando Veneto Innovazione, questa nuova Holding, tutta a marchio regionale, \u00e8 pronta a sostenere lo sviluppo territoriale e ad affrontare le nuove sfide che consolideranno la presenza e lo standing finanziario del Veneto sul terreno nazionale e internazionale\u201d. Lo dice il Presidente della Regione del Veneto, Luca Zaia, in occasione dell\u2019approvazione della semestrale in Consiglio di amministrazione di Veneto Sviluppo con il forecast al 31 dicembre 2023, che stima un risultato atteso ante imposte pari ad un utile netto di 3,4 milioni di euro.<\/p>\n<p>&nbsp;<\/p>\n<p>&nbsp;<\/p>\n<hr \/>\n<p>&nbsp;<\/p>\n<blockquote>\n<h3>REFERENDUM FUSIONI IN VENETO<\/h3>\n<\/blockquote>\n<p><strong><a class=\"dt-pswp-item\" href=\"https:\/\/www.radiopiu.net\/wordpress\/wp-content\/uploads\/2021\/10\/risultati-elezioni-comunali-2021-amministrative-oggi-today-2.jpg\" data-dt-img-description=\"\" data-large_image_width=\"640\" data-large_image_height=\"360\"><img loading=\"lazy\" decoding=\"async\" class=\" wp-image-235320 alignleft\" src=\"https:\/\/www.radiopiu.net\/wordpress\/wp-content\/uploads\/2021\/10\/risultati-elezioni-comunali-2021-amministrative-oggi-today-2-300x169.jpg\" alt=\"\" width=\"183\" height=\"103\" srcset=\"https:\/\/www.radiopiu.net\/wordpress\/wp-content\/uploads\/2021\/10\/risultati-elezioni-comunali-2021-amministrative-oggi-today-2-300x169.jpg 300w, https:\/\/www.radiopiu.net\/wordpress\/wp-content\/uploads\/2021\/10\/risultati-elezioni-comunali-2021-amministrative-oggi-today-2.jpg 640w\" sizes=\"auto, (max-width: 183px) 100vw, 183px\" \/><\/a>VENEZIA<\/strong> Domenica 29 ottobre e luned\u00ec 30 ottobre 2023, si terranno referendum regionali consultivi in Veneto per la fusione dei seguenti comuni: Polesella-Guarda Veneta, Gambugliano-Sovizzo, Quero Vas-Alano di Piave, Carceri-Vighizzolo d\u2019Este. Circa 20.000 elettori sono chiamati a votare. Questi referendum fanno parte di una serie di fusioni di comuni in Veneto, regolate da una nuova legge regionale che ha ridotto il quorum di partecipazione dal 50% al 30% degli aventi diritto al voto, con ulteriori riduzioni in caso di alta iscrizione all&#8217;AIRE. La fusione di comuni pi\u00f9 piccoli in uno pi\u00f9 grande offre servizi migliorati, efficienza e vantaggi a lungo termine per le comunit\u00e0, inclusi incentivi statali e regionali. Dal 1994, in Veneto, sono state fuse 33 amministrazioni locali, creando 14 nuovi comuni. (FOTO: Today)<\/p>\n<p>&nbsp;<\/p>\n<hr \/>\n<p>&nbsp;<\/p>\n<blockquote>\n<h3>ANCHE LA PROVINCIA PREOCCUPATA PER I LAVORI AL CAVALCAVIA<\/h3>\n<p><em>Rinviare i lavori alla prossima estate e non si scarichino i disagi di un cantiere sugli utenti della viabilit\u00e0 e in particolare del trasporto pubblico locale<\/em><\/p><\/blockquote>\n<p><strong><a class=\"dt-pswp-item\" href=\"https:\/\/www.radiopiu.net\/wordpress\/wp-content\/uploads\/2023\/10\/14959380711158212408-1.jpg\" data-dt-img-description=\"\" data-large_image_width=\"500\" data-large_image_height=\"261\"><img loading=\"lazy\" decoding=\"async\" class=\"size-medium wp-image-358638 alignleft\" src=\"https:\/\/www.radiopiu.net\/wordpress\/wp-content\/uploads\/2023\/10\/14959380711158212408-1-300x157.jpg\" alt=\"\" width=\"300\" height=\"157\" srcset=\"https:\/\/www.radiopiu.net\/wordpress\/wp-content\/uploads\/2023\/10\/14959380711158212408-1-300x157.jpg 300w, https:\/\/www.radiopiu.net\/wordpress\/wp-content\/uploads\/2023\/10\/14959380711158212408-1.jpg 500w\" sizes=\"auto, (max-width: 300px) 100vw, 300px\" \/><\/a>SANTA GIUSTINA<\/strong>\u00a0 <em>\u00abNon possiamo rischiare la paralisi del traffico in Destra Piave: Anas deve trovare le contromisure\u00bb.<\/em> Esprime preoccupazione il consigliere provinciale delegato ai trasporti, Dario Scopel. E condivide l\u2019apprensione del sindaco di Santa Giustina. Da domenica prossima infatti sar\u00e0 riattivato il traffico ferroviario sulla tratta Belluno-Feltre. Contestualmente continuano i lavori di Anas sul cavalcavia e proseguir\u00e0 almeno fino a fine anno la deviazione del traffico sulla viabilit\u00e0 interna di Formegan, come avviene dall\u2019estate scorsa. Solo che il ripristino dei treni far\u00e0 abbassare ogni ora il passaggio a livello, per un tempo stimato di circa 10 minuti.<em> &#8220;Invitiamo Anas a trovare al pi\u00f9 presto una soluzione, che non siano i movieri&#8221; <\/em>ammonisce Dario Scopel&#8221;.<\/p>\n<p>IL CONSIGLIERE PROVINCIALE DARIO SCOPEL, ALLA RADIO<\/p>\n<audio class=\"wp-audio-shortcode\" id=\"audio-358571-1\" preload=\"none\" style=\"width: 100%;\" controls=\"controls\"><source type=\"audio\/mpeg\" src=\"https:\/\/www.radiopiu.net\/wordpress\/wp-content\/uploads\/2023\/10\/scopel-audio.mp3?_=1\" \/><a href=\"https:\/\/www.radiopiu.net\/wordpress\/wp-content\/uploads\/2023\/10\/scopel-audio.mp3\">https:\/\/www.radiopiu.net\/wordpress\/wp-content\/uploads\/2023\/10\/scopel-audio.mp3<\/a><\/audio>\n<p>&nbsp;<\/p>\n<p>&nbsp;<\/p>\n<hr \/>\n<p>&nbsp;<\/p>\n<blockquote>\n<h3>SAFILO, ADESIONE CORALE DEI LAVORATORI AD ACCORDI PER CESSIONE A THELIOS E INNOVATEK<\/h3>\n<\/blockquote>\n<p><img loading=\"lazy\" decoding=\"async\" class=\"alignleft\" src=\"https:\/\/www.radiopiu.net\/wordpress\/wp-content\/uploads\/2023\/01\/SAFILO.png\" width=\"299\" height=\"192\" \/><strong>VENEZIA\u00a0<\/strong> Si \u00e8 conclusa la sessione di incontri finalizzati alla firma dei verbali di conciliazione presso lo stabilimento Safilo di Longarone\u00a0 grazie alla sottoscrizione unanime di tutti i lavoratori. Questa unanimit\u00e0 deriva dal riconoscimento dell&#8217;accordo come vantaggioso per la salvaguardia dell&#8217;occupazione, degli investimenti e delle competenze. L&#8217;Assessore regionale al lavoro, Elena Donazzan, sottolinea che questo risultato \u00e8 il frutto di un lungo e costruttivo lavoro da parte di tutte le parti coinvolte con le aziende Safilo, Th\u00e9lios e Innovatek. L&#8217;accordo permette la cessione dei rami di azienda e la firma di ciascun lavoratore costituisce un via libera a questa cessione. In cambio delle maggiori tutele e vantaggi concesse ai lavoratori, le aziende richiedevano una tutela da eventuali future contestazioni.<\/p>\n<p>&nbsp;<\/p>\n<hr \/>\n<blockquote>\n<h2><\/h2>\n<h2>Safilo, s\u00ec unanime agli accordi di cessione a Th\u00e9lios e Innovatek. Soddisfazione della Femca Cisl<\/h2>\n<\/blockquote>\n<p><em><a class=\"dt-pswp-item\" href=\"https:\/\/www.radiopiu.net\/wordpress\/wp-content\/uploads\/2023\/04\/BOATO.jpg\" data-dt-img-description=\"\" data-large_image_width=\"492\" data-large_image_height=\"273\"><img loading=\"lazy\" decoding=\"async\" class=\"wp-image-330242 alignleft\" src=\"https:\/\/www.radiopiu.net\/wordpress\/wp-content\/uploads\/2023\/04\/BOATO-300x166.jpg\" alt=\"\" width=\"201\" height=\"111\" srcset=\"https:\/\/www.radiopiu.net\/wordpress\/wp-content\/uploads\/2023\/04\/BOATO-300x166.jpg 300w, https:\/\/www.radiopiu.net\/wordpress\/wp-content\/uploads\/2023\/04\/BOATO.jpg 492w\" sizes=\"auto, (max-width: 201px) 100vw, 201px\" \/><\/a>\u201cCi abbiamo creduto da subito e non possiamo che essere soddisfatti che tutti i lavoratori abbiano firmato i verbali di conciliazione necessari per l\u2019attuazione degli accordi per il passaggio a Th\u00e8lios e Innovatek\u201d.<\/em> Soddisfazione per Gianni Boato segretario generale della Femca Cisl Belluno Treviso<\/p>\n<p><strong>DI BARBARA PAOLAZZI<\/strong><\/p>\n<audio class=\"wp-audio-shortcode\" id=\"audio-358571-2\" preload=\"none\" style=\"width: 100%;\" controls=\"controls\"><source type=\"audio\/mpeg\" src=\"https:\/\/www.radiopiu.net\/wordpress\/wp-content\/uploads\/2023\/10\/safilo-barbara.mp3?_=2\" \/><a href=\"https:\/\/www.radiopiu.net\/wordpress\/wp-content\/uploads\/2023\/10\/safilo-barbara.mp3\">https:\/\/www.radiopiu.net\/wordpress\/wp-content\/uploads\/2023\/10\/safilo-barbara.mp3<\/a><\/audio>\n<p>&nbsp;<\/p>\n<p>&nbsp;<\/p>\n<hr \/>\n<p>&nbsp;<\/p>\n<blockquote>\n<h3>TAGLI CALDEROLI, SCOPEL &#8220;LA SCELTA SBAGLIATA&#8221;<\/h3>\n<\/blockquote>\n<p><em><a class=\"dt-pswp-item\" href=\"https:\/\/www.radiopiu.net\/wordpress\/wp-content\/uploads\/2023\/01\/DARIO-SCOPEL.png\" data-dt-img-description=\"\" data-large_image_width=\"1386\" data-large_image_height=\"832\"><img loading=\"lazy\" decoding=\"async\" class=\"wp-image-319131 alignleft\" src=\"https:\/\/www.radiopiu.net\/wordpress\/wp-content\/uploads\/2023\/01\/DARIO-SCOPEL-300x180.png\" alt=\"\" width=\"192\" height=\"115\" srcset=\"https:\/\/www.radiopiu.net\/wordpress\/wp-content\/uploads\/2023\/01\/DARIO-SCOPEL-300x180.png 300w, https:\/\/www.radiopiu.net\/wordpress\/wp-content\/uploads\/2023\/01\/DARIO-SCOPEL-1024x615.png 1024w, https:\/\/www.radiopiu.net\/wordpress\/wp-content\/uploads\/2023\/01\/DARIO-SCOPEL-768x461.png 768w, https:\/\/www.radiopiu.net\/wordpress\/wp-content\/uploads\/2023\/01\/DARIO-SCOPEL.png 1386w\" sizes=\"auto, (max-width: 192px) 100vw, 192px\" \/><\/a>&#8220;E&#8217; un gioco a cui eravamo tristemente abituati, ma che speravamo si fosse concluso. E invece, a due giorni dalla presentazione del Ddl \u201cMontagna\u201d del ministro Calderoli, che sembra aprire finalmente uno spiraglio di luce per le comunit\u00e0 locali, ecco l&#8217;ennesima doccia fredda, rappresentata dai tagli contenuti nello schema della legge di bilancio approntato dal governo\u201d.<\/em><br \/>\nNon usa mezze misure per descrivere la sua delusione, e quella dei suoi colleghi dell&#8217;A.N.P.C.I., l&#8217;Associazione Nazionale dei Piccoli Comuni d&#8217;Italia, <strong>Dario Scopel, primo cittadino di Seren del Grappa<\/strong><\/p>\n<audio class=\"wp-audio-shortcode\" id=\"audio-358571-3\" preload=\"none\" style=\"width: 100%;\" controls=\"controls\"><source type=\"audio\/mpeg\" src=\"https:\/\/www.radiopiu.net\/wordpress\/wp-content\/uploads\/2023\/10\/SCCOPEL-TAGLI.mp3?_=3\" \/><a href=\"https:\/\/www.radiopiu.net\/wordpress\/wp-content\/uploads\/2023\/10\/SCCOPEL-TAGLI.mp3\">https:\/\/www.radiopiu.net\/wordpress\/wp-content\/uploads\/2023\/10\/SCCOPEL-TAGLI.mp3<\/a><\/audio>\n<p>&nbsp;<\/p>\n<p>&nbsp;<\/p>\n<hr \/>\n<p>&nbsp;<\/p>\n<blockquote>\n<h2>SAN TOMASO, DOPO 15 ANNI SENZA MORENO DE VAL<\/h2>\n<\/blockquote>\n<p><strong><a class=\"dt-pswp-item\" href=\"https:\/\/www.radiopiu.net\/wordpress\/wp-content\/uploads\/2020\/12\/MORENO-DE-VAL.jpg\" data-dt-img-description=\"\" data-large_image_width=\"257\" data-large_image_height=\"244\"><img loading=\"lazy\" decoding=\"async\" class=\"wp-image-179073 alignleft\" src=\"https:\/\/www.radiopiu.net\/wordpress\/wp-content\/uploads\/2020\/12\/MORENO-DE-VAL.jpg\" alt=\"\" width=\"163\" height=\"155\" \/><\/a>SAN TOMASO<\/strong><\/p>\n<p><strong>DI GIANNI SANTOMASO<\/strong><\/p>\n<audio class=\"wp-audio-shortcode\" id=\"audio-358571-4\" preload=\"none\" style=\"width: 100%;\" controls=\"controls\"><source type=\"audio\/mpeg\" src=\"https:\/\/www.radiopiu.net\/wordpress\/wp-content\/uploads\/2023\/10\/san-tomaso-gianni.mp3?_=4\" \/><a href=\"https:\/\/www.radiopiu.net\/wordpress\/wp-content\/uploads\/2023\/10\/san-tomaso-gianni.mp3\">https:\/\/www.radiopiu.net\/wordpress\/wp-content\/uploads\/2023\/10\/san-tomaso-gianni.mp3<\/a><\/audio>\n<p>&nbsp;<\/p>\n<p>&nbsp;<\/p>\n<hr \/>\n<p>&nbsp;<\/p>\n<blockquote>\n<h3>ALLA PRIMARIA DI SOSPIROLO IL PROGETTO ORTO<\/h3>\n<\/blockquote>\n<p><strong>SOSPIROLO<\/strong> Nella scuola primaria di Sospirolo, insegnanti e alunni hanno realizzato un progetto d&#8217;orto che ha superato le aspettative. Questa iniziativa \u00e8 nata durante l&#8217;anno scolastico precedente e ha portato a risultati tangibili, come i prodotti dell&#8217;orto venduti in un mercatino. Inizialmente, non c&#8217;erano garanzie di successo, ma la volont\u00e0 di insegnanti e studenti di offrire un&#8217;esperienza educativa diversa ha prevalso. Gli insegnanti hanno coinvolto i nonni dei bambini, che hanno contribuito con attrezzi e conoscenze. L&#8217;orto, lungamente trascurato, \u00e8 stato ripulito e concimato, e nella primavera successiva sono state seminate le piantine. I bambini hanno imparato a prendersi cura dell&#8217;orto, offrendo costanti attenzioni e imparando l&#8217;importanza dell&#8217;impegno e della cura. Oltre ai prodotti fisici, l&#8217;esperienza ha insegnato a tutti che l&#8217;impegno porta i suoi frutti, o in questo caso, i suoi ortaggi.<\/p>\n\n\t\t\t<style type='text\/css'>\n\t\t\t\t#gallery-4 {\n\t\t\t\t\tmargin: auto;\n\t\t\t\t}\n\t\t\t\t#gallery-4 .gallery-item {\n\t\t\t\t\tfloat: left;\n\t\t\t\t\tmargin-top: 10px;\n\t\t\t\t\ttext-align: center;\n\t\t\t\t\twidth: 50%;\n\t\t\t\t}\n\t\t\t\t#gallery-4 img {\n\t\t\t\t\tborder: 2px solid #cfcfcf;\n\t\t\t\t}\n\t\t\t\t#gallery-4 .gallery-caption {\n\t\t\t\t\tmargin-left: 0;\n\t\t\t\t}\n\t\t\t\t\/* see gallery_shortcode() in wp-includes\/media.php *\/\n\t\t\t<\/style>\n\t\t<div id='gallery-4' class='dt-gallery-container gallery galleryid-358571 gallery-columns-2 gallery-size-thumbnail'><dl class='gallery-item'>\n\t\t\t\t<dt class='gallery-icon portrait'>\n\t\t\t\t\t<a class=\"rollover rollover-zoom dt-pswp-item\" title=\"Progetto orto alla primaria di Sospirolo1\" data-dt-img-description=\"\" data-large_image_width=\"768\" data-large_image_height=\"1024\"href='https:\/\/www.radiopiu.net\/wordpress\/wp-content\/uploads\/2023\/10\/Progetto-orto-alla-primaria-di-Sospirolo1.jpg'><img loading=\"lazy\" decoding=\"async\" width=\"150\" height=\"150\" src=\"https:\/\/www.radiopiu.net\/wordpress\/wp-content\/uploads\/2023\/10\/Progetto-orto-alla-primaria-di-Sospirolo1-150x150.jpg\" class=\"attachment-thumbnail size-thumbnail\" alt=\"\" \/><\/a>\n\t\t\t\t<\/dt><\/dl><dl class='gallery-item'>\n\t\t\t\t<dt class='gallery-icon landscape'>\n\t\t\t\t\t<a class=\"rollover rollover-zoom dt-pswp-item\" title=\"Progetto orto alla primaria di Sospirolo2\" data-dt-img-description=\"\" data-large_image_width=\"1024\" data-large_image_height=\"768\"href='https:\/\/www.radiopiu.net\/wordpress\/wp-content\/uploads\/2023\/10\/Progetto-orto-alla-primaria-di-Sospirolo2.jpg'><img loading=\"lazy\" decoding=\"async\" width=\"150\" height=\"150\" src=\"https:\/\/www.radiopiu.net\/wordpress\/wp-content\/uploads\/2023\/10\/Progetto-orto-alla-primaria-di-Sospirolo2-150x150.jpg\" class=\"attachment-thumbnail size-thumbnail\" alt=\"\" \/><\/a>\n\t\t\t\t<\/dt><\/dl><br style=\"clear: both\" \/>\n\t\t\t<\/div>\n\n<p>&nbsp;<\/p>\n<p>&nbsp;<\/p>\n<hr \/>\n<p>&nbsp;<\/p>\n<blockquote>\n<h3>CONCLUSE LE RIPRESE DELLA FICTION RAI IN CENTRO STORICO A FELTRE<\/h3>\n<\/blockquote>\n<p><strong><a class=\"dt-pswp-item\" href=\"https:\/\/www.radiopiu.net\/wordpress\/wp-content\/uploads\/2023\/10\/Incontro-staff-fiction-1.jpg\" data-dt-img-description=\"\" data-large_image_width=\"1920\" data-large_image_height=\"1080\"><img loading=\"lazy\" decoding=\"async\" class=\" wp-image-358589 alignleft\" src=\"https:\/\/www.radiopiu.net\/wordpress\/wp-content\/uploads\/2023\/10\/Incontro-staff-fiction-1-300x169.jpg\" alt=\"\" width=\"185\" height=\"104\" srcset=\"https:\/\/www.radiopiu.net\/wordpress\/wp-content\/uploads\/2023\/10\/Incontro-staff-fiction-1-300x169.jpg 300w, https:\/\/www.radiopiu.net\/wordpress\/wp-content\/uploads\/2023\/10\/Incontro-staff-fiction-1-1024x576.jpg 1024w, https:\/\/www.radiopiu.net\/wordpress\/wp-content\/uploads\/2023\/10\/Incontro-staff-fiction-1-768x432.jpg 768w, https:\/\/www.radiopiu.net\/wordpress\/wp-content\/uploads\/2023\/10\/Incontro-staff-fiction-1-1536x864.jpg 1536w, https:\/\/www.radiopiu.net\/wordpress\/wp-content\/uploads\/2023\/10\/Incontro-staff-fiction-1.jpg 1920w\" sizes=\"auto, (max-width: 185px) 100vw, 185px\" \/><\/a>FELTRE <\/strong>Si sono concluse in questi giorni le riprese della Fiction targata Rai1 che hanno interessato per oltre due settimane il centro storico di Feltre e alcune altre location del territorio comunale. Una rappresentanza della troupe, guidata dal regista Daniele Luchetti\u00a0 e dai referenti della casa di produzione Wildside ha incontrato in municipio il sindaco di Feltre Viviana Fusaro, il vicesindaco Claudio Dalla Palma\u00a0 e l&#8217;assessore al Turismo Maurizio Zatta e Michele Basso e Stefano Casagrande per la DMO \u201cDolomiti Bellunesi\u201d.<\/p>\n<p><strong>MAURIZIO ZATTA, ASSESSORE AL TURISMO DEL COMUNE DI FELTRE<\/strong><\/p>\n<audio class=\"wp-audio-shortcode\" id=\"audio-358571-5\" preload=\"none\" style=\"width: 100%;\" controls=\"controls\"><source type=\"audio\/mpeg\" src=\"https:\/\/www.radiopiu.net\/wordpress\/wp-content\/uploads\/2023\/10\/Audio-Ass.-Zatta.mp3?_=5\" \/><a href=\"https:\/\/www.radiopiu.net\/wordpress\/wp-content\/uploads\/2023\/10\/Audio-Ass.-Zatta.mp3\">https:\/\/www.radiopiu.net\/wordpress\/wp-content\/uploads\/2023\/10\/Audio-Ass.-Zatta.mp3<\/a><\/audio>\n<p>&nbsp;<\/p>\n<p>&nbsp;<\/p>\n<hr \/>\n<p>&nbsp;<\/p>\n<blockquote>\n<h3>IL LEGNO PROTAGONISTA DI ARREDAMONT<\/h3>\n<\/blockquote>\n<p><strong><a class=\"dt-pswp-item\" href=\"https:\/\/www.radiopiu.net\/wordpress\/wp-content\/uploads\/2023\/10\/Ad-arredamont-il-calore-del-legno-delle-case-di-montagna.jpg\" data-dt-img-description=\"\" data-large_image_width=\"2200\" data-large_image_height=\"2378\"><img loading=\"lazy\" decoding=\"async\" class=\" wp-image-358616 alignleft\" src=\"https:\/\/www.radiopiu.net\/wordpress\/wp-content\/uploads\/2023\/10\/Ad-arredamont-il-calore-del-legno-delle-case-di-montagna-278x300.jpg\" alt=\"\" width=\"137\" height=\"148\" srcset=\"https:\/\/www.radiopiu.net\/wordpress\/wp-content\/uploads\/2023\/10\/Ad-arredamont-il-calore-del-legno-delle-case-di-montagna-278x300.jpg 278w, https:\/\/www.radiopiu.net\/wordpress\/wp-content\/uploads\/2023\/10\/Ad-arredamont-il-calore-del-legno-delle-case-di-montagna-947x1024.jpg 947w, https:\/\/www.radiopiu.net\/wordpress\/wp-content\/uploads\/2023\/10\/Ad-arredamont-il-calore-del-legno-delle-case-di-montagna-768x830.jpg 768w, https:\/\/www.radiopiu.net\/wordpress\/wp-content\/uploads\/2023\/10\/Ad-arredamont-il-calore-del-legno-delle-case-di-montagna-1421x1536.jpg 1421w, https:\/\/www.radiopiu.net\/wordpress\/wp-content\/uploads\/2023\/10\/Ad-arredamont-il-calore-del-legno-delle-case-di-montagna-1895x2048.jpg 1895w\" sizes=\"auto, (max-width: 137px) 100vw, 137px\" \/><\/a>LONGARONE<\/strong> Ad Arredamont 2023, la mostra nazionale dell&#8217;arredare in montagna a Longarone Fiere Dolomiti, il legno sar\u00e0 il protagonista, dando calore e identit\u00e0 alle case alpine. Questa edizione vedr\u00e0 la partecipazione di numerose imprese del settore legno-arredo, che combinano l&#8217;arte e l&#8217;artigianato per creare mobili belli, funzionali ed utili. Oltre alla presentazione dei prodotti, molte di queste aziende offriranno servizi di consulenza per soluzioni d&#8217;arredo, consentendo ai visitatori di esplorare idee per valorizzare gli spazi interni delle loro case. Arredamont promuove quindi l&#8217;uso del legno come materiale essenziale nell&#8217;arredamento montano. Il programma completo e molte altre informazioni sono disponibili sul sito <a href=\"http:\/\/www.arredamont.it\/\">www.arredamont.it<\/a>.<\/p>\n<p>&nbsp;<\/p>\n<p>&nbsp;<\/p>\n<hr \/>\n<p>&nbsp;<\/p>\n<blockquote>\n<h3>I<b>NDUSTRIALI BELLUNESI IN ASSEMBLEA CON BONOMI, ZAIA E I GRANDI CAMPIONI OLIMPICI IL 6 NOVEMBRE AL TEATRO COMUNALE DI BELLUNO<\/b><\/h3>\n<\/blockquote>\n<p><strong><a class=\"dt-pswp-item\" href=\"https:\/\/www.radiopiu.net\/wordpress\/wp-content\/uploads\/2021\/05\/CONFINDUSTRIA.png\" data-dt-img-description=\"\" data-large_image_width=\"575\" data-large_image_height=\"575\"><img loading=\"lazy\" decoding=\"async\" class=\" wp-image-211858 alignleft\" src=\"https:\/\/www.radiopiu.net\/wordpress\/wp-content\/uploads\/2021\/05\/CONFINDUSTRIA-300x300.png\" alt=\"\" width=\"130\" height=\"130\" srcset=\"https:\/\/www.radiopiu.net\/wordpress\/wp-content\/uploads\/2021\/05\/CONFINDUSTRIA-300x300.png 300w, https:\/\/www.radiopiu.net\/wordpress\/wp-content\/uploads\/2021\/05\/CONFINDUSTRIA-150x150.png 150w, https:\/\/www.radiopiu.net\/wordpress\/wp-content\/uploads\/2021\/05\/CONFINDUSTRIA.png 575w\" sizes=\"auto, (max-width: 130px) 100vw, 130px\" \/><\/a>BELLUNO<\/strong> Il 6 novembre si terr\u00e0 l&#8217;Assemblea generale di Confindustria Belluno Dolomiti, con il titolo &#8220;L&#8217;impresa di sognare \u2013 Un patto olimpico per il nostro futuro&#8221;. L&#8217;evento avr\u00e0 luogo al Teatro comunale di Belluno e vedr\u00e0 la partecipazione di importanti figure, tra cui Carlo Bonomi, presidente di Confindustria, e Luca Zaia, presidente della Regione del Veneto, insieme a noti nomi dello sport olimpico. L&#8217;obiettivo \u00e8 discutere del futuro del territorio, con particolare attenzione alle opportunit\u00e0 legate alle Olimpiadi. L&#8217;Assemblea includer\u00e0 relazioni, interventi, tavole rotonde e interviste condotte da Sebastiano Barisoni, vicedirettore esecutivo di Radio 24.<\/p>\n<p>&nbsp;<\/p>\n<p>&nbsp;<\/p>\n<hr \/>\n<p>&nbsp;<\/p>\n<blockquote>\n<h3>INIZIA LA BONIFICA DEL CIMITERO DI CANALE D&#8217;AGORDO<\/h3>\n<\/blockquote>\n<p><strong>CANALE D&#8217;AGORDO<\/strong> Il comune di Canale D&#8217;Agordo informa che a breve inizier\u00e0 la bonifica del cimitero. I lavori interesseranno la parte del primo campo a destra entrando dal cancello principale. Chiunque desideri avere informazioni per la destinazione dei propri cari defunti potr\u00e0 contattare gli uffici comunali allo 0437 590323 o scrivendo a canale.agordo@agordino.bl.it entro il 27 novembre.<\/p>\n<p><strong>L&#8217;AVVISO COMUNALE E L&#8217;ELENCO DELLE ESUMAZIONI (2 PAGINE)<\/strong><\/p>\n<a href=\"https:\/\/www.radiopiu.net\/wordpress\/wp-content\/uploads\/2023\/10\/avviso-con-elenco-esumazione.pdf\" class=\"pdfemb-viewer\" style=\"\" data-width=\"max\" data-height=\"max\" data-toolbar=\"top\" data-toolbar-fixed=\"on\">avviso con elenco esumazione<\/a>\n<p>&nbsp;<\/p>\n<hr \/>\n<p>&nbsp;<\/p>\n<p>&nbsp;<\/p>\n<blockquote>\n<h3><a class=\"dt-pswp-item\" href=\"https:\/\/www.radiopiu.net\/wordpress\/wp-content\/uploads\/2023\/02\/taibon.jpg\" data-dt-img-description=\"\" data-large_image_width=\"959\" data-large_image_height=\"540\"><img loading=\"lazy\" decoding=\"async\" class=\"size-medium wp-image-324258 alignleft\" src=\"https:\/\/www.radiopiu.net\/wordpress\/wp-content\/uploads\/2023\/02\/taibon-300x169.jpg\" alt=\"\" width=\"300\" height=\"169\" srcset=\"https:\/\/www.radiopiu.net\/wordpress\/wp-content\/uploads\/2023\/02\/taibon-300x169.jpg 300w, https:\/\/www.radiopiu.net\/wordpress\/wp-content\/uploads\/2023\/02\/taibon-768x432.jpg 768w, https:\/\/www.radiopiu.net\/wordpress\/wp-content\/uploads\/2023\/02\/taibon.jpg 959w\" sizes=\"auto, (max-width: 300px) 100vw, 300px\" \/><\/a>CONVENZIONE PER IL SEGRETARIO COMUNALE A TAIBON<\/h3>\n<\/blockquote>\n<p><strong>TAIBON\u00a0<\/strong><br \/>\n<strong>DI GIANNI SANTOMASO<\/strong><\/p>\n<audio class=\"wp-audio-shortcode\" id=\"audio-358571-6\" preload=\"none\" style=\"width: 100%;\" controls=\"controls\"><source type=\"audio\/mpeg\" src=\"https:\/\/www.radiopiu.net\/wordpress\/wp-content\/uploads\/2023\/10\/CONSIGLIO-COMUNALE-TAIBON-GIANNI.mp3?_=6\" \/><a href=\"https:\/\/www.radiopiu.net\/wordpress\/wp-content\/uploads\/2023\/10\/CONSIGLIO-COMUNALE-TAIBON-GIANNI.mp3\">https:\/\/www.radiopiu.net\/wordpress\/wp-content\/uploads\/2023\/10\/CONSIGLIO-COMUNALE-TAIBON-GIANNI.mp3<\/a><\/audio>\n<p>&nbsp;<\/p>\n<p>&nbsp;<\/p>\n<hr \/>\n<p>&nbsp;<\/p>\n<p><strong><a class=\"dt-pswp-item\" href=\"https:\/\/www.radiopiu.net\/wordpress\/wp-content\/uploads\/2023\/10\/FALCADE.png\" data-dt-img-description=\"\" data-large_image_width=\"491\" data-large_image_height=\"195\"><img loading=\"lazy\" decoding=\"async\" class=\"size-medium wp-image-358629 aligncenter\" src=\"https:\/\/www.radiopiu.net\/wordpress\/wp-content\/uploads\/2023\/10\/FALCADE-300x119.png\" alt=\"\" width=\"300\" height=\"119\" srcset=\"https:\/\/www.radiopiu.net\/wordpress\/wp-content\/uploads\/2023\/10\/FALCADE-300x119.png 300w, https:\/\/www.radiopiu.net\/wordpress\/wp-content\/uploads\/2023\/10\/FALCADE.png 491w\" sizes=\"auto, (max-width: 300px) 100vw, 300px\" \/><\/a><\/strong><\/p>\n<blockquote>\n<h3>L&#8217;ANNIVERSARIO DELL&#8217;ALLUVIONE DEL 1966<\/h3>\n<\/blockquote>\n<p><strong>FALCADE<\/strong> Sabato 4 e domenica 5 novembre l&#8217;amministrazione comunale di Falcade ricorda l&#8217;Alluvione del 1966. Sabato alle 14 la santa messa nella frazione di Somor a ricordo dei concittadini che sono scomparsi a causa dell&#8217;evento. In caso di maltempo la celebrazione sar\u00e0 a Falcade Alto. Domenica alle 10:30 la Santa Messa nella chiesa di Falcade e la deposizione di una corona d&#8217;alloro al monumento ai caduti.<\/p>\n<p>&nbsp;<\/p>\n<hr \/>\n<div id=\"title\" class=\"style-scope ytd-watch-metadata\">\n<h1 class=\"style-scope ytd-watch-metadata\"><\/h1>\n<h1 class=\"style-scope ytd-watch-metadata\">Falcade &#8211; Piccola Grande Italia, raccontiamo il bel Paese.<\/h1>\n<blockquote><p><em>&#8220;Ho visto per la prima volta Falcade nel 1986. Mai dimenticher\u00f2 quel posto cos\u00ec bello in qualsiasi momento dell&#8217;anno&#8221;. Maurizio M.<\/em><\/p><\/blockquote>\n<\/div>\n<div id=\"top-row\" class=\"style-scope ytd-watch-metadata\">\n<div id=\"owner\" class=\"item style-scope ytd-watch-metadata\">\n<div id=\"upload-info\" class=\"style-scope ytd-video-owner-renderer\">\n<div id=\"container\" class=\"style-scope ytd-channel-name\">\n<div id=\"text-container\" class=\"style-scope ytd-channel-name\"><a class=\"yt-simple-endpoint style-scope yt-formatted-string\" dir=\"auto\" spellcheck=\"false\" href=\"https:\/\/www.youtube.com\/@PiccolaGrandeItaliaTv\">PiccolaGrandeItalia.Tv\u00a0<\/a><\/div>\n<div><\/div>\n<\/div>\n<\/div>\n<\/div>\n<\/div>\n<p><iframe loading=\"lazy\" title=\"Falcade - Piccola Grande Italia\" width=\"1200\" height=\"675\" src=\"https:\/\/www.youtube.com\/embed\/5-OvhBrmO-s?feature=oembed\" frameborder=\"0\" allow=\"accelerometer; autoplay; clipboard-write; encrypted-media; gyroscope; picture-in-picture; web-share\" allowfullscreen><\/iframe><\/p>\n<p>&nbsp;<\/p>\n<hr \/>\n<p>&nbsp;<\/p>\n<blockquote>\n<h3><a class=\"dt-pswp-item\" href=\"https:\/\/www.radiopiu.net\/wordpress\/wp-content\/uploads\/2023\/03\/FLAVIO-MURER.png\" data-dt-img-description=\"\" data-large_image_width=\"142\" data-large_image_height=\"169\"><img loading=\"lazy\" decoding=\"async\" class=\" wp-image-325574 alignleft\" src=\"https:\/\/www.radiopiu.net\/wordpress\/wp-content\/uploads\/2023\/03\/FLAVIO-MURER.png\" alt=\"\" width=\"87\" height=\"104\" \/><\/a>UNA STRADA SILVO-PASTORALE PER L&#8217;ACQUEDOTTO<\/h3>\n<\/blockquote>\n<p><strong>\u00a0FALCADE\u00a0<\/strong><br \/>\n<strong>DI GIANNI SANTOMASO<\/strong><\/p>\n<audio class=\"wp-audio-shortcode\" id=\"audio-358571-7\" preload=\"none\" style=\"width: 100%;\" controls=\"controls\"><source type=\"audio\/mpeg\" src=\"https:\/\/www.radiopiu.net\/wordpress\/wp-content\/uploads\/2023\/10\/gianni-falcade.mp3?_=7\" \/><a href=\"https:\/\/www.radiopiu.net\/wordpress\/wp-content\/uploads\/2023\/10\/gianni-falcade.mp3\">https:\/\/www.radiopiu.net\/wordpress\/wp-content\/uploads\/2023\/10\/gianni-falcade.mp3<\/a><\/audio>\n<p>&nbsp;<\/p>\n<hr \/>\n<p>&nbsp;<\/p>\n<blockquote>\n<h3><\/h3>\n<h3>A SELVA DI CADORE ED ALLEGHE\u00a0 IL CONSIGLIO COMUNALE<\/h3>\n<\/blockquote>\n<p><strong>SELVA DI CADORE <\/strong>Il sindaco di Selva di Cadore ha convocato il consiglio comunale per oggi alle 20:30. Saranno 6 i punti da discutere. Si parler\u00e0 di due variazioni a bilancio, del regolamento per la concessione di benefici economici alle famiglie con figli che frequentano la scuola secondaria, della convenzione con l&#8217;Unione Montana Agordina per il servizio associato di supporto nella stesura di negozi giuridici e dell&#8217;assemblea ordinaria della societ\u00e0 Val Fiorentina<\/p>\n<p><strong>ALLEGHE\u00a0<\/strong> Consiglio comunale convocato per martedi alle 20.30. All&#8217;ordine del giorno la settima variazione al bilancio di previsione 23-25 e modifica del piano di investimenti.<\/p>\n<p>&nbsp;<\/p>\n<hr \/>\n<p>&nbsp;<\/p>\n<blockquote>\n<h3>ANNUNCIO BANDO PER L\u2019ASSEGNAZIONE DI BORSE DI STUDIO COMUNALI<\/h3>\n<\/blockquote>\n<p><strong>ALLEGHE<\/strong>\u00a0 Il Comune di Alleghe ha \u00a0pubblicato il bando per l\u2019assegnazione di borse di studio comunali agli studenti, residenti, frequentanti le scuole superiori, che hanno conseguito il diploma di maturit\u00e0 nel 2023 o laureatesi entro il mese di ottobre 2023. Il modulo di domanda si pu\u00f2 reperire all\u2019albo pretorio online, nel sito del Comune di Alleghe o richiedere direttamente all\u2019Ufficio Servizi Demografici entro il 20 dicembre 2023<\/p>\n<p>&nbsp;<\/p>\n<p>&nbsp;<\/p>\n<hr \/>\n<p>&nbsp;<\/p>\n<p>&nbsp;<\/p>\n<blockquote>\n<h3><\/h3>\n<p><em><strong><a class=\"dt-pswp-item\" href=\"https:\/\/www.radiopiu.net\/wordpress\/wp-content\/uploads\/2023\/09\/Senza-nome-75.png\" data-dt-img-description=\"\" data-large_image_width=\"478\" data-large_image_height=\"179\"><img loading=\"lazy\" decoding=\"async\" class=\"size-medium wp-image-354485 alignleft\" src=\"https:\/\/www.radiopiu.net\/wordpress\/wp-content\/uploads\/2023\/09\/Senza-nome-75-300x112.png\" alt=\"\" width=\"300\" height=\"112\" srcset=\"https:\/\/www.radiopiu.net\/wordpress\/wp-content\/uploads\/2023\/09\/Senza-nome-75-300x112.png 300w, https:\/\/www.radiopiu.net\/wordpress\/wp-content\/uploads\/2023\/09\/Senza-nome-75.png 478w\" sizes=\"auto, (max-width: 300px) 100vw, 300px\" \/><\/a>SERE D&#8217;AUTUNNO, SERATE DI INCONTRI, DIBATTITI, IMMAGINI FILMATI E MULTIVISIONI. AD AGORDO TUTTI I VENERDI DI OTTOBRE, IN SALA DON TAMIS ALLE 20.45, INGRESSO LIBERO. PRESENTA GIANPAOLO SORATROI.\u00a0<\/strong><\/em><\/p><\/blockquote>\n<p><strong>OGGI ANGELIKA RAINER, SOGNI VERTICALI. arrampicando su fantasie divenute realt\u00e0<\/strong><\/p>\n<p>&nbsp;<\/p>\n\n\t\t\t<style type='text\/css'>\n\t\t\t\t#gallery-5 {\n\t\t\t\t\tmargin: auto;\n\t\t\t\t}\n\t\t\t\t#gallery-5 .gallery-item {\n\t\t\t\t\tfloat: left;\n\t\t\t\t\tmargin-top: 10px;\n\t\t\t\t\ttext-align: center;\n\t\t\t\t\twidth: 25%;\n\t\t\t\t}\n\t\t\t\t#gallery-5 img {\n\t\t\t\t\tborder: 2px solid #cfcfcf;\n\t\t\t\t}\n\t\t\t\t#gallery-5 .gallery-caption {\n\t\t\t\t\tmargin-left: 0;\n\t\t\t\t}\n\t\t\t\t\/* see gallery_shortcode() in wp-includes\/media.php *\/\n\t\t\t<\/style>\n\t\t<div id='gallery-5' class='dt-gallery-container gallery galleryid-358571 gallery-columns-4 gallery-size-thumbnail'><dl class='gallery-item'>\n\t\t\t\t<dt class='gallery-icon landscape'>\n\t\t\t\t\t<a class=\"rollover rollover-zoom dt-pswp-item\" title=\"a0ebae4a-1ff5-49c1-97c5-41308fb17fa2\" data-dt-img-description=\"\" data-large_image_width=\"1600\" data-large_image_height=\"900\"href='https:\/\/www.radiopiu.net\/wordpress\/wp-content\/uploads\/2023\/10\/a0ebae4a-1ff5-49c1-97c5-41308fb17fa2.jpg'><img loading=\"lazy\" decoding=\"async\" width=\"150\" height=\"150\" src=\"https:\/\/www.radiopiu.net\/wordpress\/wp-content\/uploads\/2023\/10\/a0ebae4a-1ff5-49c1-97c5-41308fb17fa2-150x150.jpg\" class=\"attachment-thumbnail size-thumbnail\" alt=\"\" \/><\/a>\n\t\t\t\t<\/dt><\/dl><dl class='gallery-item'>\n\t\t\t\t<dt class='gallery-icon landscape'>\n\t\t\t\t\t<a class=\"rollover rollover-zoom dt-pswp-item\" title=\"7db63321-bfa8-4ff7-84d0-2b19d427304d\" data-dt-img-description=\"\" data-large_image_width=\"1600\" data-large_image_height=\"900\"href='https:\/\/www.radiopiu.net\/wordpress\/wp-content\/uploads\/2023\/10\/7db63321-bfa8-4ff7-84d0-2b19d427304d.jpg'><img loading=\"lazy\" decoding=\"async\" width=\"150\" height=\"150\" src=\"https:\/\/www.radiopiu.net\/wordpress\/wp-content\/uploads\/2023\/10\/7db63321-bfa8-4ff7-84d0-2b19d427304d-150x150.jpg\" class=\"attachment-thumbnail size-thumbnail\" alt=\"\" \/><\/a>\n\t\t\t\t<\/dt><\/dl><dl class='gallery-item'>\n\t\t\t\t<dt class='gallery-icon landscape'>\n\t\t\t\t\t<a class=\"rollover rollover-zoom dt-pswp-item\" title=\"cdf89a7a-e6f6-4211-941f-d514b7ebb02f\" data-dt-img-description=\"\" data-large_image_width=\"1600\" data-large_image_height=\"900\"href='https:\/\/www.radiopiu.net\/wordpress\/wp-content\/uploads\/2023\/10\/cdf89a7a-e6f6-4211-941f-d514b7ebb02f.jpg'><img loading=\"lazy\" decoding=\"async\" width=\"150\" height=\"150\" src=\"https:\/\/www.radiopiu.net\/wordpress\/wp-content\/uploads\/2023\/10\/cdf89a7a-e6f6-4211-941f-d514b7ebb02f-150x150.jpg\" class=\"attachment-thumbnail size-thumbnail\" alt=\"\" \/><\/a>\n\t\t\t\t<\/dt><\/dl><dl class='gallery-item'>\n\t\t\t\t<dt class='gallery-icon landscape'>\n\t\t\t\t\t<a class=\"rollover rollover-zoom dt-pswp-item\" title=\"Senza nome\" data-dt-img-description=\"\" data-large_image_width=\"522\" data-large_image_height=\"261\"href='https:\/\/www.radiopiu.net\/wordpress\/wp-content\/uploads\/2023\/10\/Senza-nome-32.png'><img loading=\"lazy\" decoding=\"async\" width=\"150\" height=\"150\" src=\"https:\/\/www.radiopiu.net\/wordpress\/wp-content\/uploads\/2023\/10\/Senza-nome-32-150x150.png\" class=\"attachment-thumbnail size-thumbnail\" alt=\"\" \/><\/a>\n\t\t\t\t<\/dt><\/dl><br style=\"clear: both\" \/>\n\t\t\t<\/div>\n\n<p>&nbsp;<\/p>\n<p>&nbsp;<\/p>\n<hr \/>\n<p>&nbsp;<\/p>\n<blockquote>\n<h3>DOMENICA LA SANTA MESSA PER I CADUTI DELLA MONTAGNA<\/h3>\n<\/blockquote>\n<p><strong>DI GIANNI SANTOMASO<\/strong><\/p>\n<audio class=\"wp-audio-shortcode\" id=\"audio-358571-8\" preload=\"none\" style=\"width: 100%;\" controls=\"controls\"><source type=\"audio\/mpeg\" src=\"https:\/\/www.radiopiu.net\/wordpress\/wp-content\/uploads\/2023\/10\/MESSA-CADUTI-GIANNI.mp3?_=8\" \/><a href=\"https:\/\/www.radiopiu.net\/wordpress\/wp-content\/uploads\/2023\/10\/MESSA-CADUTI-GIANNI.mp3\">https:\/\/www.radiopiu.net\/wordpress\/wp-content\/uploads\/2023\/10\/MESSA-CADUTI-GIANNI.mp3<\/a><\/audio>\n<p>&nbsp;<\/p>\n<p><strong>AGORDO<\/strong> Domenica alle 18 nella Chiesa Arcidiaconale di Agordo torna l&#8217;appuntamento con la Santa Messa per i Caduti della Montagna. Il Coro Agordo ricorder\u00e0 quanti, a noi vicini, ora cantano assieme alle schiere celesti, sopra quelle cime, quelle valli, quei boschi che tanto hanno amato. Sar\u00e0 un momento di preghiera e di contemplazione che ci unir\u00e0, a loro, nel silenzio dell&#8217;anima e del cuore. Radio Pi\u00f9 trasmetter\u00e0 in diretta la Santa Messa. Tramite i canali social e il sito internet di Radio Pi\u00f9 la celebrazione sar\u00e0 trasmessa anche in diretta video.<\/p>\n\n\t\t\t<style type='text\/css'>\n\t\t\t\t#gallery-6 {\n\t\t\t\t\tmargin: auto;\n\t\t\t\t}\n\t\t\t\t#gallery-6 .gallery-item {\n\t\t\t\t\tfloat: left;\n\t\t\t\t\tmargin-top: 10px;\n\t\t\t\t\ttext-align: center;\n\t\t\t\t\twidth: 33%;\n\t\t\t\t}\n\t\t\t\t#gallery-6 img {\n\t\t\t\t\tborder: 2px solid #cfcfcf;\n\t\t\t\t}\n\t\t\t\t#gallery-6 .gallery-caption {\n\t\t\t\t\tmargin-left: 0;\n\t\t\t\t}\n\t\t\t\t\/* see gallery_shortcode() in wp-includes\/media.php *\/\n\t\t\t<\/style>\n\t\t<div id='gallery-6' class='dt-gallery-container gallery galleryid-358571 gallery-columns-3 gallery-size-thumbnail'><dl class='gallery-item'>\n\t\t\t\t<dt class='gallery-icon portrait'>\n\t\t\t\t\t<a class=\"rollover rollover-zoom dt-pswp-item\" title=\"MessaCadutiMontagna2023\" data-dt-img-description=\"\" data-large_image_width=\"1783\" data-large_image_height=\"2487\"href='https:\/\/www.radiopiu.net\/wordpress\/wp-content\/uploads\/2023\/10\/MessaCadutiMontagna2023.jpg'><img loading=\"lazy\" decoding=\"async\" width=\"150\" height=\"150\" src=\"https:\/\/www.radiopiu.net\/wordpress\/wp-content\/uploads\/2023\/10\/MessaCadutiMontagna2023-150x150.jpg\" class=\"attachment-thumbnail size-thumbnail\" alt=\"\" \/><\/a>\n\t\t\t\t<\/dt><\/dl><dl class='gallery-item'>\n\t\t\t\t<dt class='gallery-icon landscape'>\n\t\t\t\t\t<a class=\"rollover rollover-zoom dt-pswp-item\" title=\"CoroAgordo2\" data-dt-img-description=\"\" data-large_image_width=\"2048\" data-large_image_height=\"1152\"href='https:\/\/www.radiopiu.net\/wordpress\/wp-content\/uploads\/2023\/10\/CoroAgordo2.jpg'><img loading=\"lazy\" decoding=\"async\" width=\"150\" height=\"150\" src=\"https:\/\/www.radiopiu.net\/wordpress\/wp-content\/uploads\/2023\/10\/CoroAgordo2-150x150.jpg\" class=\"attachment-thumbnail size-thumbnail\" alt=\"\" \/><\/a>\n\t\t\t\t<\/dt><\/dl><dl class='gallery-item'>\n\t\t\t\t<dt class='gallery-icon landscape'>\n\t\t\t\t\t<a class=\"rollover rollover-zoom dt-pswp-item\" title=\"CoroAgordo1\" data-dt-img-description=\"\" data-large_image_width=\"2044\" data-large_image_height=\"1218\"href='https:\/\/www.radiopiu.net\/wordpress\/wp-content\/uploads\/2023\/10\/CoroAgordo1.jpg'><img loading=\"lazy\" decoding=\"async\" width=\"150\" height=\"150\" src=\"https:\/\/www.radiopiu.net\/wordpress\/wp-content\/uploads\/2023\/10\/CoroAgordo1-150x150.jpg\" class=\"attachment-thumbnail size-thumbnail\" alt=\"\" \/><\/a>\n\t\t\t\t<\/dt><\/dl><br style=\"clear: both\" \/>\n\t\t\t<\/div>\n\n<p>&nbsp;<\/p>\n<hr \/>\n<p>&nbsp;<\/p>\n<p>&nbsp;<\/p>\n<blockquote>\n<h3>GLI APPUNTAMENTI CON LA PRO LOCO CASTIONESE<\/h3>\n<\/blockquote>\n<p><strong><a class=\"dt-pswp-item\" href=\"https:\/\/www.radiopiu.net\/wordpress\/wp-content\/uploads\/2023\/10\/284074231_5113358608747672_1785300036858467121_n.jpg\" data-dt-img-description=\"\" data-large_image_width=\"960\" data-large_image_height=\"540\"><img loading=\"lazy\" decoding=\"async\" class=\" wp-image-358264 alignleft\" src=\"https:\/\/www.radiopiu.net\/wordpress\/wp-content\/uploads\/2023\/10\/284074231_5113358608747672_1785300036858467121_n-300x169.jpg\" alt=\"\" width=\"240\" height=\"135\" srcset=\"https:\/\/www.radiopiu.net\/wordpress\/wp-content\/uploads\/2023\/10\/284074231_5113358608747672_1785300036858467121_n-300x169.jpg 300w, https:\/\/www.radiopiu.net\/wordpress\/wp-content\/uploads\/2023\/10\/284074231_5113358608747672_1785300036858467121_n-768x432.jpg 768w, https:\/\/www.radiopiu.net\/wordpress\/wp-content\/uploads\/2023\/10\/284074231_5113358608747672_1785300036858467121_n.jpg 960w\" sizes=\"auto, (max-width: 240px) 100vw, 240px\" \/><\/a>DAL 28 OTTOBRE PER 5 APPUNTAMENTI &#8211; RASSEGNA TEATRALE CINQUE VIE\u00a0 &#8211; XIV EDIZIONE<\/strong><strong>, <\/strong><strong>TEATRO SAN GAETANO <\/strong>Cinque spettacoli, cinque percorsi emotivi, cinque vie diverse da attraversare e ad ogni via sentirsi pi\u00f9 \u201cricchi\u201d di prima. Alla XIV edizione &#8220;manteniamo la rotta&#8221; in direzione del teatro &#8220;scomodo&#8221;, per generare emozioni, confronti e riflessioni. 5 Vie tra i sogni di un grande alpinista, tra i pensieri nascosti e troppo spesso malati dei giovani, tra l&#8217;incantevole grazia di un mondo al femminile, tra la visione del male agli occhi di un&#8217;anima candida e tra le seducenti ma terribili azioni di una intramontabile Lady Macbeth.<\/p>\n<p><strong>AI MICROFONI DI RADIOPIU MAURIZIO FONTANELLE PRESIDENTE PROLOCO PIEVE CASTIONESE\u00a0<\/strong><\/p>\n<audio class=\"wp-audio-shortcode\" id=\"audio-358571-9\" preload=\"none\" style=\"width: 100%;\" controls=\"controls\"><source type=\"audio\/mpeg\" src=\"https:\/\/www.radiopiu.net\/wordpress\/wp-content\/uploads\/2023\/10\/MAURIIO-FONTANANELLA-NOTIZIARIO-ENTRO-IL-28-OTTOBRE.mp3?_=9\" \/><a href=\"https:\/\/www.radiopiu.net\/wordpress\/wp-content\/uploads\/2023\/10\/MAURIIO-FONTANANELLA-NOTIZIARIO-ENTRO-IL-28-OTTOBRE.mp3\">https:\/\/www.radiopiu.net\/wordpress\/wp-content\/uploads\/2023\/10\/MAURIIO-FONTANANELLA-NOTIZIARIO-ENTRO-IL-28-OTTOBRE.mp3<\/a><\/audio>\n<p>&nbsp;<\/p>\n<p>&nbsp;<\/p>\n<hr \/>\n<p>&nbsp;<\/p>\n<blockquote>\n<h3>VOCALI&#8230; DOMENICA 5 NOVEMBRE A BELUNO<\/h3>\n<\/blockquote>\n<p><strong><a class=\"dt-pswp-item\" href=\"https:\/\/www.radiopiu.net\/wordpress\/wp-content\/uploads\/2023\/10\/7270f9bd-47e1-476d-ad81-f4e106f4eb78.jpg\" data-dt-img-description=\"\" data-large_image_width=\"1080\" data-large_image_height=\"1080\"><img loading=\"lazy\" decoding=\"async\" class=\"wp-image-358676 alignleft\" src=\"https:\/\/www.radiopiu.net\/wordpress\/wp-content\/uploads\/2023\/10\/7270f9bd-47e1-476d-ad81-f4e106f4eb78-300x300.jpg\" alt=\"\" width=\"206\" height=\"206\" srcset=\"https:\/\/www.radiopiu.net\/wordpress\/wp-content\/uploads\/2023\/10\/7270f9bd-47e1-476d-ad81-f4e106f4eb78-300x300.jpg 300w, https:\/\/www.radiopiu.net\/wordpress\/wp-content\/uploads\/2023\/10\/7270f9bd-47e1-476d-ad81-f4e106f4eb78-1024x1024.jpg 1024w, https:\/\/www.radiopiu.net\/wordpress\/wp-content\/uploads\/2023\/10\/7270f9bd-47e1-476d-ad81-f4e106f4eb78-150x150.jpg 150w, https:\/\/www.radiopiu.net\/wordpress\/wp-content\/uploads\/2023\/10\/7270f9bd-47e1-476d-ad81-f4e106f4eb78-768x768.jpg 768w, https:\/\/www.radiopiu.net\/wordpress\/wp-content\/uploads\/2023\/10\/7270f9bd-47e1-476d-ad81-f4e106f4eb78.jpg 1080w\" sizes=\"auto, (max-width: 206px) 100vw, 206px\" \/><\/a>Le VocAli<\/strong> sono STRUMENTI SONORI che possono essere potenziati nelle nostre azioni quotidiane e nei nostri percorsi di ricerca interiore. Conoscerle e sperimentarle \u00e8 un buon modo per imparare ad usarle e per comprendere quanto sia potente la nostra Voce. Il seminario del 5 novembre a Belluno propone proprio questo: sperimentarne la potenza per portarle poi nel quotidiano. \u00a0Domenica 5 novembre a Belluno, \u00a0dettagli e prenotazioni\u00a0 340 051 5900<\/p>\n<p>&nbsp;<\/p>\n<p>&nbsp;<\/p>\n<p><strong>ALLA RADIO Con Elion,\u00a0 Elena pontini<\/strong><\/p>\n<audio class=\"wp-audio-shortcode\" id=\"audio-358571-10\" preload=\"none\" style=\"width: 100%;\" controls=\"controls\"><source type=\"audio\/mpeg\" src=\"https:\/\/www.radiopiu.net\/wordpress\/wp-content\/uploads\/2023\/10\/mondo-vocali.mp3?_=10\" \/><a href=\"https:\/\/www.radiopiu.net\/wordpress\/wp-content\/uploads\/2023\/10\/mondo-vocali.mp3\">https:\/\/www.radiopiu.net\/wordpress\/wp-content\/uploads\/2023\/10\/mondo-vocali.mp3<\/a><\/audio>\n<p>&nbsp;<\/p>\n<p>&nbsp;<\/p>\n<hr \/>\n<p>&nbsp;<\/p>\n<blockquote>\n<h3>L&#8217;ASSEMBLEA DEL GRUPPO ALPINI DI ALLEGHE<\/h3>\n<\/blockquote>\n<p><strong>ALLEGHE<\/strong> Domenica 5 novembre il Gruppo Alpini &#8220;Monte Civetta&#8221; di Alleghe si riunir\u00e0 in assemblea nella sede di Masar\u00e8. Si illustrer\u00e0 la relazione morale, l&#8217;approvazione del bilancio, il tesseramento, la previsione dei prossimi eventi e ci saranno le elezioni del consiglio direttivo. Prima dell&#8217;assemblea la Santa Messa.<\/p>\n<p>&nbsp;<\/p>\n<p>&nbsp;<\/p>\n<hr \/>\n<p>&nbsp;<\/p>\n<h2><span style=\"color: #ff6600;\">IERI ALLA RADIO<\/span><\/h2>\n<p><strong><a class=\"dt-pswp-item\" href=\"https:\/\/www.radiopiu.net\/wordpress\/wp-content\/uploads\/2021\/11\/ALLE-CODOLE.jpg\" data-dt-img-description=\"\" data-large_image_width=\"550\" data-large_image_height=\"412\"><img loading=\"lazy\" decoding=\"async\" class=\" wp-image-244701 alignleft\" src=\"https:\/\/www.radiopiu.net\/wordpress\/wp-content\/uploads\/2021\/11\/ALLE-CODOLE-300x225.jpg\" alt=\"\" width=\"159\" height=\"119\" srcset=\"https:\/\/www.radiopiu.net\/wordpress\/wp-content\/uploads\/2021\/11\/ALLE-CODOLE-300x225.jpg 300w, https:\/\/www.radiopiu.net\/wordpress\/wp-content\/uploads\/2021\/11\/ALLE-CODOLE.jpg 550w\" sizes=\"auto, (max-width: 159px) 100vw, 159px\" \/><\/a><\/strong><\/p>\n<h2><span style=\"color: #ff0000;\">I 50 ANNI DELL&#8217;ALBERGO RISTORANTE &#8220;ALLE CODOLE&#8221;. DOMENICA LA GRANDE FESTA<\/span><\/h2>\n<p><strong>DI MARCO GAZ<\/strong><\/p>\n<p>Ospite: Diego Tibolla<\/p>\n<audio class=\"wp-audio-shortcode\" id=\"audio-358571-11\" preload=\"none\" style=\"width: 100%;\" controls=\"controls\"><source type=\"audio\/mpeg\" src=\"https:\/\/www.radiopiu.net\/wordpress\/wp-content\/uploads\/2023\/10\/CODOLE-50-ANNI-DIEGO-TIBOLLA.mp3?_=11\" \/><a href=\"https:\/\/www.radiopiu.net\/wordpress\/wp-content\/uploads\/2023\/10\/CODOLE-50-ANNI-DIEGO-TIBOLLA.mp3\">https:\/\/www.radiopiu.net\/wordpress\/wp-content\/uploads\/2023\/10\/CODOLE-50-ANNI-DIEGO-TIBOLLA.mp3<\/a><\/audio>\n<p>&nbsp;<\/p>\n<p>&nbsp;<\/p>\n<h2><strong><a class=\"dt-pswp-item\" href=\"https:\/\/www.radiopiu.net\/wordpress\/wp-content\/uploads\/2023\/02\/APPIA-CNA.png\" data-dt-img-description=\"\" data-large_image_width=\"502\" data-large_image_height=\"168\"><img loading=\"lazy\" decoding=\"async\" class=\" wp-image-322702 alignleft\" src=\"https:\/\/www.radiopiu.net\/wordpress\/wp-content\/uploads\/2023\/02\/APPIA-CNA-300x100.png\" alt=\"\" width=\"222\" height=\"74\" srcset=\"https:\/\/www.radiopiu.net\/wordpress\/wp-content\/uploads\/2023\/02\/APPIA-CNA-300x100.png 300w, https:\/\/www.radiopiu.net\/wordpress\/wp-content\/uploads\/2023\/02\/APPIA-CNA.png 502w\" sizes=\"auto, (max-width: 222px) 100vw, 222px\" \/><\/a><span style=\"color: #3366ff;\">L&#8217;APPIA CNA PRESENTE AD ARREDAMONT<\/span><\/strong><\/h2>\n<p><strong>DI MIRKO MEZZACASA<\/strong><\/p>\n<p>OSPITE: Marta Poletti, responsabile delle categorie APPIA CNA<\/p>\n<audio class=\"wp-audio-shortcode\" id=\"audio-358571-12\" preload=\"none\" style=\"width: 100%;\" controls=\"controls\"><source type=\"audio\/mpeg\" src=\"https:\/\/www.radiopiu.net\/wordpress\/wp-content\/uploads\/2023\/10\/MARTA-APPIA-LONGARONE.mp3?_=12\" \/><a href=\"https:\/\/www.radiopiu.net\/wordpress\/wp-content\/uploads\/2023\/10\/MARTA-APPIA-LONGARONE.mp3\">https:\/\/www.radiopiu.net\/wordpress\/wp-content\/uploads\/2023\/10\/MARTA-APPIA-LONGARONE.mp3<\/a><\/audio>\n<p>&nbsp;<\/p>\n<p>&nbsp;<\/p>\n<hr \/>\n<p>&nbsp;<\/p>\n<blockquote>\n<h3>STRANE CREATURE AL MUSEO DI MEL<\/h3>\n<\/blockquote>\n<p><strong>BORGO VALBELLUNA<\/strong> Il Museo Civico Archeologico di Mel si prepara per una nuova iniziativa dedicata ai bambini dal titolo \u201cStrane creature al Museo\u201d. Un pomeriggio all\u2019insegna dell\u2019apprendimento ma soprattutto del divertimento, con giusto qualche brivido per l\u2019occasione. Parleremo di creature fantastiche, sfingi, fiere e mostri mitologici che popolavano l\u2019immaginario dei Veneti Antichi nell\u2019et\u00e0 del Ferro. L\u2019appuntamento \u00e8 per oggi dalle 16.30 alle 18.00. L\u2019attivit\u00e0 \u00e8 rivolta ai bambini dai 7 ai 10 anni ed \u00e8 richiesta la prenotazione tramite l\u2019indirizzo mail: <a href=\"mailto:info@museomel.it\">info@museomel.it<\/a>. Verr\u00e0 richiesto un contributo di \u20ac5.00 a partecipante. Per informazioni <a href=\"http:\/\/www.museomel.it\/\">www.museomel.it<\/a>.<\/p>\n<p>&nbsp;<\/p>\n<p>&nbsp;<\/p>\n<hr \/>\n<p>&nbsp;<\/p>\n<blockquote>\n<h3>UN CORSO DI CHITARRA CLASSICA A BORGO VALBELLUNA<\/h3>\n<\/blockquote>\n<p><strong>BORGO VALBELLUNA<\/strong> L&#8217;associazione culturale Arte Nuova diretta da Celeste Levis e la Casa della Musica Zumellese diretta da Manolo Da Rold, con il Patrocinio del Comune di Borgo Valbelluna con lo scopo di divulgare la cultura musicale, propongono un mini corso di chitarra classica che si svolger\u00e0 presso le sede di Borgo Pra Belluno e Zottier di Borgo Valbelluna. Il mini corso \u00e8 tenuto dalla Chitarrista Erica Da Val<\/p>\n\n\t\t\t<style type='text\/css'>\n\t\t\t\t#gallery-7 {\n\t\t\t\t\tmargin: auto;\n\t\t\t\t}\n\t\t\t\t#gallery-7 .gallery-item {\n\t\t\t\t\tfloat: left;\n\t\t\t\t\tmargin-top: 10px;\n\t\t\t\t\ttext-align: center;\n\t\t\t\t\twidth: 33%;\n\t\t\t\t}\n\t\t\t\t#gallery-7 img {\n\t\t\t\t\tborder: 2px solid #cfcfcf;\n\t\t\t\t}\n\t\t\t\t#gallery-7 .gallery-caption {\n\t\t\t\t\tmargin-left: 0;\n\t\t\t\t}\n\t\t\t\t\/* see gallery_shortcode() in wp-includes\/media.php *\/\n\t\t\t<\/style>\n\t\t<div id='gallery-7' class='dt-gallery-container gallery galleryid-358571 gallery-columns-3 gallery-size-thumbnail'><dl class='gallery-item'>\n\t\t\t\t<dt class='gallery-icon portrait'>\n\t\t\t\t\t<a class=\"rollover rollover-zoom dt-pswp-item\" title=\"LA CHITARRA CLASSICA\" data-dt-img-description=\"\" data-large_image_width=\"1587\" data-large_image_height=\"2245\"href='https:\/\/www.radiopiu.net\/wordpress\/wp-content\/uploads\/2023\/10\/LA-CHITARRA-CLASSICA.png'><img loading=\"lazy\" decoding=\"async\" width=\"150\" height=\"150\" src=\"https:\/\/www.radiopiu.net\/wordpress\/wp-content\/uploads\/2023\/10\/LA-CHITARRA-CLASSICA-150x150.png\" class=\"attachment-thumbnail size-thumbnail\" alt=\"\" \/><\/a>\n\t\t\t\t<\/dt><\/dl><dl class='gallery-item'>\n\t\t\t\t<dt class='gallery-icon landscape'>\n\t\t\t\t\t<a class=\"rollover rollover-zoom dt-pswp-item\" title=\"erica da val insta (1)\" data-dt-img-description=\"\" data-large_image_width=\"2560\" data-large_image_height=\"2560\"href='https:\/\/www.radiopiu.net\/wordpress\/wp-content\/uploads\/2023\/10\/erica-da-val-insta-1-scaled.jpg'><img loading=\"lazy\" decoding=\"async\" width=\"150\" height=\"150\" src=\"https:\/\/www.radiopiu.net\/wordpress\/wp-content\/uploads\/2023\/10\/erica-da-val-insta-1-150x150.jpg\" class=\"attachment-thumbnail size-thumbnail\" alt=\"\" srcset=\"https:\/\/www.radiopiu.net\/wordpress\/wp-content\/uploads\/2023\/10\/erica-da-val-insta-1-150x150.jpg 150w, https:\/\/www.radiopiu.net\/wordpress\/wp-content\/uploads\/2023\/10\/erica-da-val-insta-1-300x300.jpg 300w, https:\/\/www.radiopiu.net\/wordpress\/wp-content\/uploads\/2023\/10\/erica-da-val-insta-1-1024x1024.jpg 1024w, https:\/\/www.radiopiu.net\/wordpress\/wp-content\/uploads\/2023\/10\/erica-da-val-insta-1-768x768.jpg 768w, https:\/\/www.radiopiu.net\/wordpress\/wp-content\/uploads\/2023\/10\/erica-da-val-insta-1-1536x1536.jpg 1536w, https:\/\/www.radiopiu.net\/wordpress\/wp-content\/uploads\/2023\/10\/erica-da-val-insta-1-2048x2048.jpg 2048w\" sizes=\"auto, (max-width: 150px) 100vw, 150px\" \/><\/a>\n\t\t\t\t<\/dt><\/dl><dl class='gallery-item'>\n\t\t\t\t<dt class='gallery-icon landscape'>\n\t\t\t\t\t<a class=\"rollover rollover-zoom dt-pswp-item\" title=\"erica da val insta (2)\" data-dt-img-description=\"\" data-large_image_width=\"2560\" data-large_image_height=\"2560\"href='https:\/\/www.radiopiu.net\/wordpress\/wp-content\/uploads\/2023\/10\/erica-da-val-insta-2-scaled.jpg'><img loading=\"lazy\" decoding=\"async\" width=\"150\" height=\"150\" src=\"https:\/\/www.radiopiu.net\/wordpress\/wp-content\/uploads\/2023\/10\/erica-da-val-insta-2-150x150.jpg\" class=\"attachment-thumbnail size-thumbnail\" alt=\"\" srcset=\"https:\/\/www.radiopiu.net\/wordpress\/wp-content\/uploads\/2023\/10\/erica-da-val-insta-2-150x150.jpg 150w, https:\/\/www.radiopiu.net\/wordpress\/wp-content\/uploads\/2023\/10\/erica-da-val-insta-2-300x300.jpg 300w, https:\/\/www.radiopiu.net\/wordpress\/wp-content\/uploads\/2023\/10\/erica-da-val-insta-2-1024x1024.jpg 1024w, https:\/\/www.radiopiu.net\/wordpress\/wp-content\/uploads\/2023\/10\/erica-da-val-insta-2-768x768.jpg 768w, https:\/\/www.radiopiu.net\/wordpress\/wp-content\/uploads\/2023\/10\/erica-da-val-insta-2-1536x1536.jpg 1536w, https:\/\/www.radiopiu.net\/wordpress\/wp-content\/uploads\/2023\/10\/erica-da-val-insta-2-2048x2048.jpg 2048w\" sizes=\"auto, (max-width: 150px) 100vw, 150px\" \/><\/a>\n\t\t\t\t<\/dt><\/dl><br style=\"clear: both\" \/>\n\t\t\t<\/div>\n\n<p>&nbsp;<\/p>\n<p>&nbsp;<\/p>\n<hr \/>\n<p>&nbsp;<\/p>\n<blockquote>\n<h3>APERTURA STRAORDINARIA DELLA CHIESA DI SAN SIMON E LA SCHOLA DEI BATTUTI<\/h3>\n<\/blockquote>\n<p><strong>VALLADA <\/strong>Apertura straordinaria della Chiesa monumentale di San Simon e della <i>Schola<\/i> dei Battuti in occasione della festivit\u00e0 di San Simone Apostolo patrono di Vallada Agordina di domani. Gli orari di apertura saranno i seguenti: Mattina\u00a0 \u00a0 9.30 &#8211; 12.30, Pomeriggio\u00a0 15.30 &#8211; 18.30<\/p>\n<p>&nbsp;<\/p>\n<p>&nbsp;<\/p>\n<hr \/>\n<p>&nbsp;<\/p>\n<blockquote>\n<h2>&#8220;SEMPRE CONNESSI&#8221;, DUE PUNTATE SPECIALI CON LUISA MANFROI<\/h2>\n<\/blockquote>\n<p><strong>REDAZIONE<\/strong> L&#8217;inchiesta della giornalista e insegnante Luisa Manfroi sar\u00e0 messa in onda su Radio Pi\u00f9, frequenze FM lunedi alle 13.05 e martedi alla stessa ora con replica serale alle 20.30.<br \/>\nLA PRESENTAZIONE DI LUISA MANFROI<\/p>\n<p align=\"JUSTIFY\"><span style=\"font-family: Arial, serif;\"><b>Inchiesta: <\/b><\/span><\/p>\n<p align=\"JUSTIFY\">\u201c<span style=\"font-family: Arial, serif;\"><b>Quando la tecnologia rischia di non includere<\/b><\/span><span style=\"color: #374151;\"><span style=\"font-family: Arial, serif;\"><span style=\"font-size: medium;\"><b>\u201d<\/b><\/span><\/span><\/span><\/p>\n<p align=\"JUSTIFY\"><span style=\"font-family: Arial, serif;\"><img loading=\"lazy\" decoding=\"async\" class=\"alignleft\" src=\"https:\/\/www.radiopiu.net\/wordpress\/wp-content\/uploads\/2023\/10\/monitor-1307227_640.jpg\" width=\"264\" height=\"186\" \/>Questa inchiesta che ho condotto in queste settimane si concentra sull&#8217;incidenza della tecnologia, in particolare quella legata a Internet, nella vita quotidiana delle persone nella provincia di Belluno. <\/span><span style=\"font-family: Arial, serif;\">Esamina come la crescente digitalizzazione abbia comportato vantaggi in termini di semplificazioni in alcuni aspetti della vita ma abbia anche sollevato una serie di questioni e barriere, specialmente per la popolazione anziana e coloro che non sono digitalmente alfabetizzati. <\/span><span style=\"font-family: Arial, serif;\">La pandemia ha accelerato l&#8217;adozione della tecnologia in vari settori, ma ha anche evidenziato un divario generazionale. Mentre i &#8220;nativi digitali&#8221; e coloro che hanno ricevuto una formazione digitale sono a proprio agio nell&#8217;uso della tecnologia, molte persone pi\u00f9 anziane o meno esperte trovano difficile adattarsi. <\/span><span style=\"font-family: Arial, serif;\">L&#8217;inchiesta analizza inoltre i vari aspetti della vita quotidiana, tra cui la pubblica amministrazione, l&#8217;istruzione, la sanit\u00e0 e il lavoro. Nella pubblica amministrazione, la digitalizzazione delle procedure ha semplificato alcune operazioni ma ha anche creato ostacoli per coloro che preferiscono i metodi tradizionali. L&#8217;accesso ai servizi sanitari tramite Internet risulta essere problematico per molti anziani. Nell&#8217;istruzione, la tecnologia \u00e8 ampiamente utilizzata dagli studenti, ma alcuni genitori incontrano difficolt\u00e0 nell&#8217;uso di applicazioni digitali per comunicare con le scuole. <\/span><span style=\"font-family: Arial, serif;\">Nella vita quotidiana, l&#8217;uso della tecnologia \u00e8 ormai comune, ma anziani e meno esperti possono incontrare difficolt\u00e0 specialmente nell\u2019ambito della salute e del rapporto col sistema sanitario nazionale. L&#8217;accesso alle informazioni sui trasporti pubblici pu\u00f2 essere difficoltoso. <\/span><span style=\"font-family: Arial, serif;\">Nel contesto lavorativo, la tecnologia ha portato a miglioramenti in termini di efficienza necessitando l&#8217;importanza di una connessione Internet stabile e di qualit\u00e0. <\/span><span style=\"font-family: Arial, serif;\">In sintesi, sebbene la tecnologia dovrebbe essere un mezzo di inclusione ma potrebbe portare creare difficolt\u00e0. Questo &#8220;paradosso digitale&#8221; \u00e8 causato dalla complessit\u00e0 tecnologica che rende difficile la navigazione nell&#8217;ambiente digitale per molte persone anziane o meno esperte. <\/span><span style=\"font-family: Arial, serif;\">Un problema accentuato dal fatto che la provincia di Belluno ha un alto tasso di invecchiamento della popolazione il che rende ancora pi\u00f9 urgente affrontare questa questione e garantire che nessuno venga lasciato indietro nella crescente era digitale.\u00a0\u00a0<\/span><\/p>\n<hr \/>\n<p>&nbsp;<\/p>\n<h2><span style=\"color: #ff0000;\">GLI APPUNTAMENTI DELLA SETTIMANA\u00a0 \u00a0<\/span><\/h2>\n<blockquote>\n<h3>UN INCONTRO PER PARLARE DELLA BICILETTA<\/h3>\n<\/blockquote>\n<p><strong>BELLUNO<\/strong> All&#8217;UrbanHub di Belluno oggi alle 16 ci sar\u00e0 un incontro incentrato sulla bicicletta. Una conferenza per parlare del mezzo a due ruote come veicolo di sostenibilit\u00e0.<\/p>\n<p>&nbsp;<\/p>\n<blockquote>\n<h3>A CESIOMAGGIORE SI PARLA DI PIANTE, ANIMALI E UOMINI<\/h3>\n<\/blockquote>\n<p><strong>CESIOMAGGIORE<\/strong> La Biblioteca comunale di Cesiomaggiore organizza per oggi alle 20.30, presso la sala conferenze del Museo Etnografico Dolomiti, un incontro dal titolo \u201cPiante, animali e uomini: intelligenze a confronto\u201d. Saranno presenti Daniele Zovi e Jessica Peruzzo.\u00a0 Entrambi vicentini\u00a0 e accomunati dall\u2019amore nei confronti della natura.<\/p>\n<p>&nbsp;<\/p>\n<p>&nbsp;<\/p>\n<blockquote>\n<h3><a class=\"dt-pswp-item\" href=\"https:\/\/www.radiopiu.net\/wordpress\/wp-content\/uploads\/2023\/10\/locandina.jpg\" data-dt-img-description=\"\" data-large_image_width=\"1131\" data-large_image_height=\"1600\"><img loading=\"lazy\" decoding=\"async\" class=\"size-medium wp-image-358103 alignleft\" src=\"https:\/\/www.radiopiu.net\/wordpress\/wp-content\/uploads\/2023\/10\/locandina-212x300.jpg\" alt=\"\" width=\"212\" height=\"300\" srcset=\"https:\/\/www.radiopiu.net\/wordpress\/wp-content\/uploads\/2023\/10\/locandina-212x300.jpg 212w, https:\/\/www.radiopiu.net\/wordpress\/wp-content\/uploads\/2023\/10\/locandina-724x1024.jpg 724w, https:\/\/www.radiopiu.net\/wordpress\/wp-content\/uploads\/2023\/10\/locandina-768x1086.jpg 768w, https:\/\/www.radiopiu.net\/wordpress\/wp-content\/uploads\/2023\/10\/locandina-1086x1536.jpg 1086w, https:\/\/www.radiopiu.net\/wordpress\/wp-content\/uploads\/2023\/10\/locandina.jpg 1131w\" sizes=\"auto, (max-width: 212px) 100vw, 212px\" \/><\/a>CONCERTO 40\u00b0 DI FONDAZIONE<\/h3>\n<\/blockquote>\n<p>Domani alle 9:30 nella palestra delle scuole\u00a0 l\u2019Istituto Comprensivo di Mel ospita il giovane coro ungherese Cantemus Boys Choir. Chiuderanno la mattinata il coro dell\u2019Istituto Comprensivo e la classe seconda della secondaria di primo grado di Lentiai con lo spettacolo teatrale in lingua inglese \u201cSnow White and the Seven dwarfs\u201d. La sera, presso la Chiesa Arcipretale di Trichiana alle 20:30 il Coro Polifonico di Trichiana festegger\u00e0 con tutta la popolazione il quarantennale della sua fondazione con ospiti non solo il coro ungherese\u00a0 e i Giovani Archi Bellunesi della Scuola Miari di Belluno diretti da Svetlana Pletneva.<\/p>\n<p>&nbsp;<\/p>\n<p>&nbsp;<\/p>\n<p>&nbsp;<\/p>\n<p>&nbsp;<\/p>\n<blockquote>\n<h3>DUE CORI IN UN\u2019UNICA GRANDE BELLEZZA<\/h3>\n<\/blockquote>\n<p><strong>RIVAMONTE<\/strong>\u00a0 Domani alle 20, in chiesa, don Fabiano Del Favero,\u00a0 invita tutta la popolazione ad un momento \u2013 come scrive lo stesso Fabiano \u2013 di musica e quindi di bellezza con il semplice desiderio,\u00a0 di poter trascorrere una serata diversa insieme, affacciandosi sul bello che abita la nostra stessa umanit\u00e0&#8221;. Tutto ci\u00f2 prender\u00e0 forma attraverso un concerto corale in cui si esibiranno il Coro Agordo, diretto dalla maestra Anna Devich, e il Coro Monte Dolada, dall&#8217;Alpago, diretto dal maestro Alessio Lavina.<\/p>\n\n\t\t\t<style type='text\/css'>\n\t\t\t\t#gallery-8 {\n\t\t\t\t\tmargin: auto;\n\t\t\t\t}\n\t\t\t\t#gallery-8 .gallery-item {\n\t\t\t\t\tfloat: left;\n\t\t\t\t\tmargin-top: 10px;\n\t\t\t\t\ttext-align: center;\n\t\t\t\t\twidth: 33%;\n\t\t\t\t}\n\t\t\t\t#gallery-8 img {\n\t\t\t\t\tborder: 2px solid #cfcfcf;\n\t\t\t\t}\n\t\t\t\t#gallery-8 .gallery-caption {\n\t\t\t\t\tmargin-left: 0;\n\t\t\t\t}\n\t\t\t\t\/* see gallery_shortcode() in wp-includes\/media.php *\/\n\t\t\t<\/style>\n\t\t<div id='gallery-8' class='dt-gallery-container gallery galleryid-358571 gallery-columns-3 gallery-size-thumbnail'><dl class='gallery-item'>\n\t\t\t\t<dt class='gallery-icon portrait'>\n\t\t\t\t\t<a class=\"rollover rollover-zoom dt-pswp-item\" title=\"ConcertoRivamonte28.10.2023\" data-dt-img-description=\"\" data-large_image_width=\"1670\" data-large_image_height=\"2362\"href='https:\/\/www.radiopiu.net\/wordpress\/wp-content\/uploads\/2023\/10\/ConcertoRivamonte28.10.2023.jpg'><img loading=\"lazy\" decoding=\"async\" width=\"150\" height=\"150\" src=\"https:\/\/www.radiopiu.net\/wordpress\/wp-content\/uploads\/2023\/10\/ConcertoRivamonte28.10.2023-150x150.jpg\" class=\"attachment-thumbnail size-thumbnail\" alt=\"\" \/><\/a>\n\t\t\t\t<\/dt><\/dl><dl class='gallery-item'>\n\t\t\t\t<dt class='gallery-icon landscape'>\n\t\t\t\t\t<a class=\"rollover rollover-zoom dt-pswp-item\" title=\"CoroMonteDolada\" data-dt-img-description=\"\" data-large_image_width=\"810\" data-large_image_height=\"598\"href='https:\/\/www.radiopiu.net\/wordpress\/wp-content\/uploads\/2023\/10\/CoroMonteDolada.jpg'><img loading=\"lazy\" decoding=\"async\" width=\"150\" height=\"150\" src=\"https:\/\/www.radiopiu.net\/wordpress\/wp-content\/uploads\/2023\/10\/CoroMonteDolada-150x150.jpg\" class=\"attachment-thumbnail size-thumbnail\" alt=\"\" \/><\/a>\n\t\t\t\t<\/dt><\/dl><dl class='gallery-item'>\n\t\t\t\t<dt class='gallery-icon landscape'>\n\t\t\t\t\t<a class=\"rollover rollover-zoom dt-pswp-item\" title=\"CoroAgordo\" data-dt-img-description=\"\" data-large_image_width=\"1920\" data-large_image_height=\"1288\"href='https:\/\/www.radiopiu.net\/wordpress\/wp-content\/uploads\/2023\/10\/CoroAgordo.jpg'><img loading=\"lazy\" decoding=\"async\" width=\"150\" height=\"150\" src=\"https:\/\/www.radiopiu.net\/wordpress\/wp-content\/uploads\/2023\/10\/CoroAgordo-150x150.jpg\" class=\"attachment-thumbnail size-thumbnail\" alt=\"\" \/><\/a>\n\t\t\t\t<\/dt><\/dl><br style=\"clear: both\" \/>\n\t\t\t<\/div>\n\n<p>&nbsp;<\/p>\n<p>&nbsp;<\/p>\n<p>&nbsp;<\/p>\n<hr \/>\n<p>&nbsp;<\/p>\n<blockquote>\n<h3><a class=\"dt-pswp-item\" href=\"https:\/\/www.radiopiu.net\/wordpress\/wp-content\/uploads\/2023\/10\/Senza-nome-82.png\" data-dt-img-description=\"\" data-large_image_width=\"238\" data-large_image_height=\"113\"><img loading=\"lazy\" decoding=\"async\" class=\"size-full wp-image-358631 alignleft\" src=\"https:\/\/www.radiopiu.net\/wordpress\/wp-content\/uploads\/2023\/10\/Senza-nome-82.png\" alt=\"\" width=\"238\" height=\"113\" \/><\/a>LA PRESENTAZIONE DEL LIBRO DI FAUSTO DE POI<\/h3>\n<\/blockquote>\n<p><strong>ALLEGHE<\/strong>\u00a0 Domani\u00a0 alle 20:30 in Sala Stoppani delle Scuole Elementari di Alleghe viene presentato il nuovo libro di Fausto De Poi &#8220;Sembra Vero. Storie Di Viaggi In Nepal&#8221;. Una serata organizzata dalla sezione CAI Civetta-Marmolada.<\/p>\n<p>&nbsp;<\/p>\n<hr \/>\n<p>&nbsp;<\/p>\n<blockquote>\n<h2><strong>VILLA PILONI A CASTELDARDO \u2013 la villa, la storia e gli ameni dintorni<\/strong><\/h2>\n<\/blockquote>\n<p><strong>BELLUNO<\/strong> Domani rara occasione per visitare Villa Piloni (esterni) e gli scenografici accessi (\u201ccarpenade\u201d). L\u2019edificio \u00e8 il pi\u00f9 esteso tra quelli posseduti dalla nobile famiglia Piloni, che \u00e8 stata centrale nella storia di Belluno. Questa uscita fa parte di Cammi<strong>NATURA<\/strong>lmente, un programma molto partecipato della Biblioteca civica di Belluno, condotto da Anacleto Boranga, esperto divulgatore naturalistico ed ambientale. Ritrovo alle ore 8,00 davanti alla chiesa di Trichiana. Per le iscrizioni rivolgersi alla Biblioteca di Belluno \u00a0tel 0437 948093 o inviare una mail a <a href=\"mailto:biblioteca@comune.belluno.it\">biblioteca@comune.belluno.it<\/a> indicando nominativo e cellulare.<\/p>\n\n\t\t\t<style type='text\/css'>\n\t\t\t\t#gallery-9 {\n\t\t\t\t\tmargin: auto;\n\t\t\t\t}\n\t\t\t\t#gallery-9 .gallery-item {\n\t\t\t\t\tfloat: left;\n\t\t\t\t\tmargin-top: 10px;\n\t\t\t\t\ttext-align: center;\n\t\t\t\t\twidth: 25%;\n\t\t\t\t}\n\t\t\t\t#gallery-9 img {\n\t\t\t\t\tborder: 2px solid #cfcfcf;\n\t\t\t\t}\n\t\t\t\t#gallery-9 .gallery-caption {\n\t\t\t\t\tmargin-left: 0;\n\t\t\t\t}\n\t\t\t\t\/* see gallery_shortcode() in wp-includes\/media.php *\/\n\t\t\t<\/style>\n\t\t<div id='gallery-9' class='dt-gallery-container gallery galleryid-358571 gallery-columns-4 gallery-size-thumbnail'><dl class='gallery-item'>\n\t\t\t\t<dt class='gallery-icon landscape'>\n\t\t\t\t\t<a class=\"rollover rollover-zoom dt-pswp-item\" title=\"Villa Piloni\" data-dt-img-description=\"\" data-large_image_width=\"948\" data-large_image_height=\"711\"href='https:\/\/www.radiopiu.net\/wordpress\/wp-content\/uploads\/2023\/10\/P1240325.jpg'><img loading=\"lazy\" decoding=\"async\" width=\"150\" height=\"150\" src=\"https:\/\/www.radiopiu.net\/wordpress\/wp-content\/uploads\/2023\/10\/P1240325-150x150.jpg\" class=\"attachment-thumbnail size-thumbnail\" alt=\"\" \/><\/a>\n\t\t\t\t<\/dt><\/dl><dl class='gallery-item'>\n\t\t\t\t<dt class='gallery-icon landscape'>\n\t\t\t\t\t<a class=\"rollover rollover-zoom dt-pswp-item\" title=\"Villa Piloni\" data-dt-img-description=\"\" data-large_image_width=\"948\" data-large_image_height=\"711\"href='https:\/\/www.radiopiu.net\/wordpress\/wp-content\/uploads\/2023\/10\/P1240309.jpg'><img loading=\"lazy\" decoding=\"async\" width=\"150\" height=\"150\" src=\"https:\/\/www.radiopiu.net\/wordpress\/wp-content\/uploads\/2023\/10\/P1240309-150x150.jpg\" class=\"attachment-thumbnail size-thumbnail\" alt=\"\" \/><\/a>\n\t\t\t\t<\/dt><\/dl><dl class='gallery-item'>\n\t\t\t\t<dt class='gallery-icon landscape'>\n\t\t\t\t\t<a class=\"rollover rollover-zoom dt-pswp-item\" title=\"Villa Piloni\" data-dt-img-description=\"\" data-large_image_width=\"815\" data-large_image_height=\"611\"href='https:\/\/www.radiopiu.net\/wordpress\/wp-content\/uploads\/2023\/10\/P1200601.jpg'><img loading=\"lazy\" decoding=\"async\" width=\"150\" height=\"150\" src=\"https:\/\/www.radiopiu.net\/wordpress\/wp-content\/uploads\/2023\/10\/P1200601-150x150.jpg\" class=\"attachment-thumbnail size-thumbnail\" alt=\"\" \/><\/a>\n\t\t\t\t<\/dt><\/dl><dl class='gallery-item'>\n\t\t\t\t<dt class='gallery-icon landscape'>\n\t\t\t\t\t<a class=\"rollover rollover-zoom dt-pswp-item\" title=\"Villa Piloni\" data-dt-img-description=\"\" data-large_image_width=\"948\" data-large_image_height=\"711\"href='https:\/\/www.radiopiu.net\/wordpress\/wp-content\/uploads\/2023\/10\/P1200699.jpg'><img loading=\"lazy\" decoding=\"async\" width=\"150\" height=\"150\" src=\"https:\/\/www.radiopiu.net\/wordpress\/wp-content\/uploads\/2023\/10\/P1200699-150x150.jpg\" class=\"attachment-thumbnail size-thumbnail\" alt=\"\" \/><\/a>\n\t\t\t\t<\/dt><\/dl><br style=\"clear: both\" \/>\n\t\t\t<\/div>\n\n<p>&nbsp;<\/p>\n<blockquote>\n<h3>AUTUNNO A TEATRO IN COMELICO<\/h3>\n<\/blockquote>\n<p><strong>PIEVE DI CADORE<\/strong> Domenica alle 17 al Cinema Piave di S. Stefano di Cadore, il gruppo teatrale I Comelianti porter\u00e0 in scena lo spettacolo intitolato <em>\u201cSul filo dell&#8217;Acqua\u201d<\/em>, pi\u00e8ce realizzata in occasione del 600\u00b0 anniversario della dedizione del Cadore a Venezia in collaborazione con la Magnifica Comunit\u00e0 di Cadore<\/p>\n<p>&nbsp;<\/p>\n<h3><\/h3>\n<hr \/>\n<p>&nbsp;<\/p>\n<h2><span style=\"color: #ff0000;\">PROSSIMAMENTE&#8230;<\/span><\/h2>\n<p>&nbsp;<\/p>\n<blockquote>\n<h3>AD AGORDO UN INCONTRO PER PARLARE DELLA RIFORMA DELLO SPORT<\/h3>\n<\/blockquote>\n<p><strong>AGORDO<\/strong> L&#8217;AICS di Belluno in collaborazione con l&#8217;Unione Montana Agordina organizza un incontro in Sala Don Tamis per parlare della riforma dello sport. La serata si svolger\u00e0 venerd\u00ec 3 novembre alle 20:30. &#8220;Lavoratori Volontari Nello Sport&#8221; il titolo della serata a cura di Bianca Maria Stivanello, Avvocato cassazionista che si occupa di diritto e fiscalit\u00e0 dello sport e del terzo settore.<\/p>\n<a href=\"https:\/\/www.radiopiu.net\/wordpress\/wp-content\/uploads\/2023\/10\/manifesto-agordo.pdf\" class=\"pdfemb-viewer\" style=\"\" data-width=\"max\" data-height=\"max\" data-toolbar=\"top\" data-toolbar-fixed=\"on\">manifesto agordo<\/a>\n<p>&nbsp;<\/p>\n<blockquote>\n<h3>TRADIZIONE VENETA E MUSICHE POPOLARI DELL&#8217;EST EUROPEO<\/h3>\n<\/blockquote>\n<p><strong><a class=\"dt-pswp-item\" href=\"https:\/\/www.radiopiu.net\/wordpress\/wp-content\/uploads\/2023\/10\/Senza-nome-71.png\" data-dt-img-description=\"\" data-large_image_width=\"421\" data-large_image_height=\"204\"><img loading=\"lazy\" decoding=\"async\" class=\" wp-image-358460 alignleft\" src=\"https:\/\/www.radiopiu.net\/wordpress\/wp-content\/uploads\/2023\/10\/Senza-nome-71-300x145.png\" alt=\"\" width=\"288\" height=\"139\" srcset=\"https:\/\/www.radiopiu.net\/wordpress\/wp-content\/uploads\/2023\/10\/Senza-nome-71-300x145.png 300w, https:\/\/www.radiopiu.net\/wordpress\/wp-content\/uploads\/2023\/10\/Senza-nome-71.png 421w\" sizes=\"auto, (max-width: 288px) 100vw, 288px\" \/><\/a>AGORDO<\/strong> Sabato 4 NOVEMBRE\u00a0 alle 20,30 nella sala \u201cdon Tamis\u201d di Agordo, il Circolo Culturale Agordino e Agordo Musica presentano lo spettacolo di musica, parole e testimonianza dal titolo <a class=\"dt-pswp-item\" href=\"https:\/\/www.radiopiu.net\/wordpress\/wp-content\/uploads\/2023\/10\/Senza-nome-72.png\" data-dt-img-description=\"\" data-large_image_width=\"167\" data-large_image_height=\"118\"><img loading=\"lazy\" decoding=\"async\" class=\"size-full wp-image-358461 alignright\" src=\"https:\/\/www.radiopiu.net\/wordpress\/wp-content\/uploads\/2023\/10\/Senza-nome-72.png\" alt=\"\" width=\"167\" height=\"118\" \/><\/a>Holdomor, la carestia artificiale del 1932-1933. Il reading teatrale sar\u00e0 curato dallo storico gruppo musicale dei Barbapedana e da Tamara Senchuk, che legger\u00e0 alcuni brani del suo libro \u201cUna capra e due pagnotte\u201d. I racconti ripercorrono le vicende accadute in Ucraina della famiglia dell\u2019autrice negli anni 1932-1933 durante il cosidetto Holdomor, la carestia indotta da Stalin. Appuntamento tra storia memoria e musica etnica dei popoli dell\u2019Europa dell\u2019Est &#8211; oltre all\u2019intrattenimento \u2013 vogliono dare uno spunto di rifLessione sulla convivenza pacifica dei Popoli e sulla musica come mezzo di scambio e unione<\/p>\n<p>&nbsp;<\/p>\n<p>&nbsp;<\/p>\n<blockquote>\n<h3>LA CENA DELLA CLASSE 1968<\/h3>\n<\/blockquote>\n<p><strong>FALCADE<\/strong> La Classe 1968 Agordino organizza per sabato 4 novembre alle 20 all&#8217;Hotel Cristal di Falcade la mitica cena!!! Tutti i Coscritti dell&#8217;Agordino sono invitati!!! Musica con DJ e dalle ore 24 aperto a tutti!!! Per info e prenotazioni chiama l&#8217;Hotel Cristal allo 0437 507356 entro luned\u00ec 30 ottobre. \u2026.1968&#8230;. UN&#8217;ANNATA SPECIALE!!!!<\/p>\n<p>&nbsp;<\/p>\n<p>&nbsp;<\/p>\n<hr \/>\n<p>&nbsp;<\/p>\n<div class=\"message spoilers-container\" dir=\"auto\">\n<div class=\"column\">\n<div class=\"message spoilers-container\" dir=\"auto\">\n<div class=\"column\">\n<p><img loading=\"lazy\" decoding=\"async\" class=\"aligncenter wp-image-61954 size-full\" src=\"https:\/\/www.radiopiu.net\/wordpress\/wp-content\/uploads\/2018\/09\/viabilita.jpeg\" sizes=\"auto, (max-width: 800px) 100vw, 800px\" srcset=\"https:\/\/www.radiopiu.net\/wordpress\/wp-content\/uploads\/2018\/09\/viabilita.jpeg 800w, https:\/\/www.radiopiu.net\/wordpress\/wp-content\/uploads\/2018\/09\/viabilita-300x38.jpeg 300w, https:\/\/www.radiopiu.net\/wordpress\/wp-content\/uploads\/2018\/09\/viabilita-768x96.jpeg 768w\" alt=\"\" width=\"800\" height=\"100\" \/><\/p>\n<\/div>\n<\/div>\n<div class=\"message spoilers-container\" dir=\"auto\">\n<div class=\"column\">\n<p>&nbsp;<\/p>\n<\/div>\n<\/div>\n<\/div>\n<\/div>\n<blockquote class=\"wp-embedded-content\" data-secret=\"ONv1kOENzG\"><p><a href=\"https:\/\/www.radiopiu.net\/wordpress\/viabilita\/\">viabilita<\/a><\/p><\/blockquote>\n<p><iframe loading=\"lazy\" class=\"wp-embedded-content\" sandbox=\"allow-scripts\" security=\"restricted\" style=\"position: absolute; clip: rect(1px, 1px, 1px, 1px);\" title=\"&#8220;viabilita&#8221; &#8212; Radio Pi\u00f9\" src=\"https:\/\/www.radiopiu.net\/wordpress\/viabilita\/embed\/#?secret=amdjqdphNI#?secret=ONv1kOENzG\" data-secret=\"ONv1kOENzG\" width=\"600\" height=\"338\" frameborder=\"0\" marginwidth=\"0\" marginheight=\"0\" scrolling=\"no\"><\/iframe><\/p>\n<div class=\"message spoilers-container\" dir=\"auto\">\n<div class=\"column\">\n<div class=\"message spoilers-container\" dir=\"auto\">\n<div class=\"column\">\n<div>\n<div dir=\"ltr\">\n<div class=\"gmail_quote\">\n<div dir=\"ltr\">\n<div><\/div>\n<div><\/div>\n<\/div>\n<\/div>\n<\/div>\n<\/div>\n<hr \/>\n<p>&nbsp;<\/p>\n<p><a class=\"dt-pswp-item\" href=\"https:\/\/www.radiopiu.net\/wordpress\/wp-content\/uploads\/2018\/09\/WhatsApp-Image-2018-09-20-at-16.04.06.jpeg\" data-dt-img-description=\"\" data-large_image_width=\"800\" data-large_image_height=\"100\"><img loading=\"lazy\" decoding=\"async\" class=\"wp-image-61378 size-full aligncenter\" src=\"https:\/\/www.radiopiu.net\/wordpress\/wp-content\/uploads\/2018\/09\/WhatsApp-Image-2018-09-20-at-16.04.06.jpeg\" alt=\"\" width=\"800\" height=\"100\" srcset=\"https:\/\/www.radiopiu.net\/wordpress\/wp-content\/uploads\/2018\/09\/WhatsApp-Image-2018-09-20-at-16.04.06.jpeg 800w, https:\/\/www.radiopiu.net\/wordpress\/wp-content\/uploads\/2018\/09\/WhatsApp-Image-2018-09-20-at-16.04.06-300x38.jpeg 300w, https:\/\/www.radiopiu.net\/wordpress\/wp-content\/uploads\/2018\/09\/WhatsApp-Image-2018-09-20-at-16.04.06-768x96.jpeg 768w\" sizes=\"auto, (max-width: 800px) 100vw, 800px\" \/><\/a><\/p>\n<\/div>\n<\/div>\n<p>&nbsp;<\/p>\n<p style=\"text-align: center;\"><strong>OGGI<\/strong><\/p>\n<p>Nelle prime ore cielo molto nuvoloso o coperto con fenomeni diffusi; nel corso della mattinata attenuazione dei fenomeni con schiarite sempre pi\u00f9 ampie con tempo soleggiato e mite per il periodo; dopo il tramonto modesta intensificazione della nuvolosit\u00e0 dapprima per nubi per possibile formazione di nubi basse in alcune valli.<br \/>\n<strong>Precipitazioni.<\/strong> Nottetempo a in parte anche al mattino alta probabilit\u00e0 di precipitazioni diffuse; in tarda mattinata cessazione dei fenomeni, nel pomeriggio sera non sono del tutto escluse ulteriori e modeste precipitazioni locali<br \/>\n<strong>Temperature.<\/strong> Minime stazionarie o in lieve calo e misurate a fine giornata, massime in lieve o contenuto aumento e raggiunte in alta montagna nelle prime ore del giorno<\/p>\n<p style=\"text-align: center;\"><b>DOMANI<\/b><\/p>\n<p>Al mattino soleggiato specie in alta montagna con possibile presenza di nubi basse o di qualche foschia o banco di nebbia in alcune valli nelle ore fredde; nel pomeriggio cielo irregolarmente nuvoloso con alternanza di annuvolamenti e schiarite per nubi medio-alte con possibili nubi basse in alcune conche o fondovalle prealpini dopo il tramonto.<br \/>\n<strong>Precipitazioni.<\/strong> Generalmente assenti anche se non sar\u00e0 del tutto esclusa qualche breve e locale pioggia<br \/>\n<strong>Temperature.<\/strong> In calo specie le massime<\/p>\n<p style=\"text-align: center;\"><span style=\"font-size: 14px; font-weight: normal;\"><strong>DOMENICA<\/strong><\/span><\/p>\n<p><span style=\"font-size: 14px; font-weight: normal;\">Giornata con tempo variabile e caratterizzata da passaggi nuvolosi medio-alti alternati a qualche schiarita. Come sabato, non saranno del tutto esclusi brevi e locali precipitazioni. Temperature senza notevoli variazioni nelle valli, in lieve o contenuto aumento in alta montagna.\u00a0<\/span><\/p>\n<p style=\"text-align: center;\"><b>LUNEDI<\/b><\/p>\n<p>Tempo inizialmente variabile tendente a divenire perturbato. Al mattino nelle prime ore cielo irregolarmente nuvoloso con ulteriore aumento della nuvolosit\u00e0 gi\u00e0 in mattinata associata a precipitazioni diffuse anche a carattere di rovescio a partire dalle zone prealpine in estensione alle Dolomiti nella seconda parte della giornata. Temperature minime in aumento anche sensibile, massime senza notevoli variazioni o in lieve calo, specie nelle valli.<\/p>\n<p>&nbsp;<\/p>\n<\/div>\n<\/div>\n<p>&nbsp;<\/p>\n<div class=\"message spoilers-container\" dir=\"auto\">\n<hr \/>\n<p>&nbsp;<\/p>\n<p><img loading=\"lazy\" decoding=\"async\" class=\"wp-image-60761 size-full aligncenter\" src=\"https:\/\/www.radiopiu.net\/wordpress\/wp-content\/uploads\/2018\/09\/sport.jpg\" alt=\"\" width=\"800\" height=\"100\" srcset=\"https:\/\/www.radiopiu.net\/wordpress\/wp-content\/uploads\/2018\/09\/sport.jpg 800w, https:\/\/www.radiopiu.net\/wordpress\/wp-content\/uploads\/2018\/09\/sport-300x38.jpg 300w, https:\/\/www.radiopiu.net\/wordpress\/wp-content\/uploads\/2018\/09\/sport-768x96.jpg 768w\" sizes=\"auto, (max-width: 800px) 100vw, 800px\" \/><\/p>\n<p>&nbsp;<\/p>\n<p><span style=\"color: #0000ff;\"><strong>HOCKEY SU GHIACCIO<\/strong><\/span><\/p>\n<blockquote>\n<h3>E&#8217; DELL&#8217;ALLEGHE IL PRIMO DERBY BELLUNESE DELLA IHL. LE CIVETTE RIFILANO UNA MANITA AL FELTRE<\/h3>\n<\/blockquote>\n<p><strong>di Marco Gaz<\/strong><\/p>\n<p><span style=\"color: #ff0000;\"><strong>OTTAVA GIORNATA IHL<\/strong><\/span><\/p>\n<p><strong>FELTRE \u2013 ALLEGHE 1-5<\/strong><\/p>\n<p>PARZIALI: 0-0, 0-3, 1-2<\/p>\n<p>GOL: St. 3\u201935\u201d e 7\u201918\u201d Zherdev, 9\u201953\u201d Moroder. Tt. 4\u201955\u201d M. Dall\u2019Agnol, 5\u201955\u201d F. Soppelsa, 9\u201937\u201d G. Vinatzer<\/p>\n<p>In un PalaFeltre con il pubblico delle grandi occasioni l\u2019Alleghe si aggiudica il primo derby bellunese della stagione. Agordini che rifilano una manita ai feltrini in quella che \u00e8 la terza vittoria consecutiva per i biancorossi. Dopo un primo tempo a reti inviolate, le civette mettono al sicuro il risultato nel drittel centrale con una doppietta di Zherdev e Makela che si rende protagonista come uomo assist. Il Feltre si sveglia nella terza frazione ma gli agordini riescono a difendere il vantaggio. Tre punti fondamentali per la classifica e per il morale dei ragazzi allenati da Scapinello che sabato torneranno in campo per giocare il Valpellice al De Toni. \u00a0Primi minuti di gara senza tante emozioni. Le squadre si studiano a lungo lottando su ogni disco. Le civette si trovano con l\u2019uomo in meno ma la difesa alleghese si difende bene dalle incursioni feltrine. Anche i picchi si difendono bene alla prima inferiorit\u00e0 numerica. La squadra di Scapinello sembra ingranare la marcia giusta ma non riesce a rendersi pericolosa. Si gioca a viso aperto ma la sfida non vuole sbloccarsi e si va negli spogliatoi a reti inviolate. Partono bene i biancorossi nel drittel centrale avvicinandosi subito al gol. Al primo powerplay a favore l\u2019Alleghe passa in vantaggio. Loris De Val trova libero Zherdev che infila il disco alle spalle del golie feltrino. Il giocatore russo si ripete pochi minuti dopo quando Makela serve l\u2019assist vincente per la doppietta del numero 93 agordino. Il Feltre prova a reagire provando ad impensierire la difesa agordina ma senza riuscirci. Le civette continuano a colpire in contropiede trovando la terza marcatura di serata. Makela scappa in solitaria per poi servire Moroder che indisturbato batte il portiere avversario. Il Feltre rientra dalla seconda pausa con lo spirito giusto avvicinandosi al gol in pi\u00f9 occasioni. La formazione di Fontana prova ad accorciare le distanze e al primo powerpaly a favore arriva la rete feltrina con Matteo Dall\u2019Agnol. Lo stesso Dall\u2019Agnol viene punito con una doppia penalit\u00e0 poco dopo e le civette calano il poker con Francesco Soppelsa. A chiudere la sfida ci pensa Gabriel Vinatzer con un contropiede fulminante innescato da Zherdev. Un colpo duro per il Feltre che non riesce a reagire. Intanto i biancorossi, sicuri del risultato, si impegnano il minimo indispensabile per portare a casa i tre punti in palio.<\/p>\n<p>(foto: Matteo Floridia)<\/p>\n\n\t\t\t<style type='text\/css'>\n\t\t\t\t#gallery-10 {\n\t\t\t\t\tmargin: auto;\n\t\t\t\t}\n\t\t\t\t#gallery-10 .gallery-item {\n\t\t\t\t\tfloat: left;\n\t\t\t\t\tmargin-top: 10px;\n\t\t\t\t\ttext-align: center;\n\t\t\t\t\twidth: 33%;\n\t\t\t\t}\n\t\t\t\t#gallery-10 img {\n\t\t\t\t\tborder: 2px solid #cfcfcf;\n\t\t\t\t}\n\t\t\t\t#gallery-10 .gallery-caption {\n\t\t\t\t\tmargin-left: 0;\n\t\t\t\t}\n\t\t\t\t\/* see gallery_shortcode() in wp-includes\/media.php *\/\n\t\t\t<\/style>\n\t\t<div id='gallery-10' class='dt-gallery-container gallery galleryid-358571 gallery-columns-3 gallery-size-medium'><dl class='gallery-item'>\n\t\t\t\t<dt class='gallery-icon landscape'>\n\t\t\t\t\t<a class=\"rollover rollover-zoom dt-pswp-item\" title=\"27df7ef2-70f8-4fe4-be74-53d93c18cdc8\" data-dt-img-description=\"\" data-large_image_width=\"1600\" data-large_image_height=\"1061\"href='https:\/\/www.radiopiu.net\/wordpress\/wp-content\/uploads\/2023\/10\/27df7ef2-70f8-4fe4-be74-53d93c18cdc8.jpg'><img loading=\"lazy\" decoding=\"async\" width=\"300\" height=\"199\" src=\"https:\/\/www.radiopiu.net\/wordpress\/wp-content\/uploads\/2023\/10\/27df7ef2-70f8-4fe4-be74-53d93c18cdc8-300x199.jpg\" class=\"attachment-medium size-medium\" alt=\"\" srcset=\"https:\/\/www.radiopiu.net\/wordpress\/wp-content\/uploads\/2023\/10\/27df7ef2-70f8-4fe4-be74-53d93c18cdc8-300x199.jpg 300w, https:\/\/www.radiopiu.net\/wordpress\/wp-content\/uploads\/2023\/10\/27df7ef2-70f8-4fe4-be74-53d93c18cdc8-1024x679.jpg 1024w, https:\/\/www.radiopiu.net\/wordpress\/wp-content\/uploads\/2023\/10\/27df7ef2-70f8-4fe4-be74-53d93c18cdc8-768x509.jpg 768w, https:\/\/www.radiopiu.net\/wordpress\/wp-content\/uploads\/2023\/10\/27df7ef2-70f8-4fe4-be74-53d93c18cdc8-1536x1019.jpg 1536w, https:\/\/www.radiopiu.net\/wordpress\/wp-content\/uploads\/2023\/10\/27df7ef2-70f8-4fe4-be74-53d93c18cdc8.jpg 1600w\" sizes=\"auto, (max-width: 300px) 100vw, 300px\" \/><\/a>\n\t\t\t\t<\/dt><\/dl><dl class='gallery-item'>\n\t\t\t\t<dt class='gallery-icon landscape'>\n\t\t\t\t\t<a class=\"rollover rollover-zoom dt-pswp-item\" title=\"64b7a458-7a39-474d-96e3-10b553feba65\" data-dt-img-description=\"\" data-large_image_width=\"1600\" data-large_image_height=\"1068\"href='https:\/\/www.radiopiu.net\/wordpress\/wp-content\/uploads\/2023\/10\/64b7a458-7a39-474d-96e3-10b553feba65.jpg'><img loading=\"lazy\" decoding=\"async\" width=\"300\" height=\"200\" src=\"https:\/\/www.radiopiu.net\/wordpress\/wp-content\/uploads\/2023\/10\/64b7a458-7a39-474d-96e3-10b553feba65-300x200.jpg\" class=\"attachment-medium size-medium\" alt=\"\" srcset=\"https:\/\/www.radiopiu.net\/wordpress\/wp-content\/uploads\/2023\/10\/64b7a458-7a39-474d-96e3-10b553feba65-300x200.jpg 300w, https:\/\/www.radiopiu.net\/wordpress\/wp-content\/uploads\/2023\/10\/64b7a458-7a39-474d-96e3-10b553feba65-1024x684.jpg 1024w, https:\/\/www.radiopiu.net\/wordpress\/wp-content\/uploads\/2023\/10\/64b7a458-7a39-474d-96e3-10b553feba65-768x513.jpg 768w, https:\/\/www.radiopiu.net\/wordpress\/wp-content\/uploads\/2023\/10\/64b7a458-7a39-474d-96e3-10b553feba65-1536x1025.jpg 1536w, https:\/\/www.radiopiu.net\/wordpress\/wp-content\/uploads\/2023\/10\/64b7a458-7a39-474d-96e3-10b553feba65.jpg 1600w\" sizes=\"auto, (max-width: 300px) 100vw, 300px\" \/><\/a>\n\t\t\t\t<\/dt><\/dl><dl class='gallery-item'>\n\t\t\t\t<dt class='gallery-icon landscape'>\n\t\t\t\t\t<a class=\"rollover rollover-zoom dt-pswp-item\" title=\"4e5ca4a5-26d5-4162-aded-8aeaaaf08987\" data-dt-img-description=\"\" data-large_image_width=\"1600\" data-large_image_height=\"1133\"href='https:\/\/www.radiopiu.net\/wordpress\/wp-content\/uploads\/2023\/10\/4e5ca4a5-26d5-4162-aded-8aeaaaf08987.jpg'><img loading=\"lazy\" decoding=\"async\" width=\"300\" height=\"212\" src=\"https:\/\/www.radiopiu.net\/wordpress\/wp-content\/uploads\/2023\/10\/4e5ca4a5-26d5-4162-aded-8aeaaaf08987-300x212.jpg\" class=\"attachment-medium size-medium\" alt=\"\" srcset=\"https:\/\/www.radiopiu.net\/wordpress\/wp-content\/uploads\/2023\/10\/4e5ca4a5-26d5-4162-aded-8aeaaaf08987-300x212.jpg 300w, https:\/\/www.radiopiu.net\/wordpress\/wp-content\/uploads\/2023\/10\/4e5ca4a5-26d5-4162-aded-8aeaaaf08987-1024x725.jpg 1024w, https:\/\/www.radiopiu.net\/wordpress\/wp-content\/uploads\/2023\/10\/4e5ca4a5-26d5-4162-aded-8aeaaaf08987-768x544.jpg 768w, https:\/\/www.radiopiu.net\/wordpress\/wp-content\/uploads\/2023\/10\/4e5ca4a5-26d5-4162-aded-8aeaaaf08987-1536x1088.jpg 1536w, https:\/\/www.radiopiu.net\/wordpress\/wp-content\/uploads\/2023\/10\/4e5ca4a5-26d5-4162-aded-8aeaaaf08987.jpg 1600w\" sizes=\"auto, (max-width: 300px) 100vw, 300px\" \/><\/a>\n\t\t\t\t<\/dt><\/dl><br style=\"clear: both\" \/>\n\t\t\t<\/div>\n\n<p>&nbsp;<\/p>\n<blockquote>\n<h1>La \u201cstrada\u201d tricolore all\u2019ombra delle Dolomiti<\/h1>\n<p><span style=\"color: #ff0000;\">DI DANIELE DALVIT\u00a0<\/span><\/p><\/blockquote>\n<audio class=\"wp-audio-shortcode\" id=\"audio-358571-13\" preload=\"none\" style=\"width: 100%;\" controls=\"controls\"><source type=\"audio\/mpeg\" src=\"https:\/\/www.radiopiu.net\/wordpress\/wp-content\/uploads\/2023\/10\/Radio-Piu-Servizio-Presentazione-Campionato-CSI-Agordo.mp3?_=13\" \/><a href=\"https:\/\/www.radiopiu.net\/wordpress\/wp-content\/uploads\/2023\/10\/Radio-Piu-Servizio-Presentazione-Campionato-CSI-Agordo.mp3\">https:\/\/www.radiopiu.net\/wordpress\/wp-content\/uploads\/2023\/10\/Radio-Piu-Servizio-Presentazione-Campionato-CSI-Agordo.mp3<\/a><\/audio>\n<p>&nbsp;<\/p>\n<p>&nbsp;<\/p>\n<p class=\"western\" style=\"text-align: center;\" align=\"CENTER\"><em><a class=\"dt-pswp-item\" href=\"https:\/\/www.radiopiu.net\/wordpress\/wp-content\/uploads\/2023\/10\/CorsaSuStrada-162-1.jpg\" data-dt-img-description=\"Palmanova (Ud) '8\u00b0 Campionato Nazionale di Corsa su Strada\" data-large_image_width=\"1400\" data-large_image_height=\"907\"><img loading=\"lazy\" decoding=\"async\" class=\" wp-image-358624 alignleft\" src=\"https:\/\/www.radiopiu.net\/wordpress\/wp-content\/uploads\/2023\/10\/CorsaSuStrada-162-1-300x194.jpg\" alt=\"\" width=\"232\" height=\"150\" srcset=\"https:\/\/www.radiopiu.net\/wordpress\/wp-content\/uploads\/2023\/10\/CorsaSuStrada-162-1-300x194.jpg 300w, https:\/\/www.radiopiu.net\/wordpress\/wp-content\/uploads\/2023\/10\/CorsaSuStrada-162-1-1024x663.jpg 1024w, https:\/\/www.radiopiu.net\/wordpress\/wp-content\/uploads\/2023\/10\/CorsaSuStrada-162-1-768x498.jpg 768w, https:\/\/www.radiopiu.net\/wordpress\/wp-content\/uploads\/2023\/10\/CorsaSuStrada-162-1.jpg 1400w\" sizes=\"auto, (max-width: 232px) 100vw, 232px\" \/><\/a>Ad Agordo si corre il 29 ottobre il Campionato Nazionale CSI di specialit\u00e0\u00a0<\/em><\/p>\n<p>Oltre 620 atleti al via nell\u2019ultima prova in calendario dell\u2019atletica leggera arancioblu, di cui oltre la met\u00e0 under 15. Partenza ed arrivo in piazza della Libert\u00e0. Ognuna delle 20 categorie in gara avr\u00e0 il suo campione premiato sul podio. Grande attesa per conoscere la migliore societ\u00e0 di stradaioli. Trento, Vicenza e Belluno con oltre 100 atleti in gara<\/p>\n<p>&nbsp;<\/p>\n<p><strong>\u00a0<\/strong><strong>L&#8217;INTERVISTA ALLA RADIO\u00a0<\/strong><\/p>\n<blockquote>\n<h3>STELLE NAZIONALI AD AGORDO, DOMENICA 29 CON I CAMPIONATI DEL CSI<\/h3>\n<\/blockquote>\n<blockquote>\n<h1><a class=\"dt-pswp-item\" href=\"https:\/\/www.radiopiu.net\/wordpress\/wp-content\/uploads\/2023\/10\/Agordo_Partenza-gara-maschile-300x142-1.jpg\" data-dt-img-description=\"\" data-large_image_width=\"300\" data-large_image_height=\"142\"><img loading=\"lazy\" decoding=\"async\" class=\"size-medium wp-image-357336 alignleft\" src=\"https:\/\/www.radiopiu.net\/wordpress\/wp-content\/uploads\/2023\/10\/Agordo_Partenza-gara-maschile-300x142-1.jpg\" alt=\"\" width=\"300\" height=\"142\" \/><\/a>con: Fernando Soccol, Ivano Marcon, Gabriele Toffoli<\/h1>\n<h1>l&#8217;intervista.<\/h1>\n<p>di mirko mezzacasa<\/p><\/blockquote>\n<p>&nbsp;<\/p>\n<audio class=\"wp-audio-shortcode\" id=\"audio-358571-14\" preload=\"none\" style=\"width: 100%;\" controls=\"controls\"><source type=\"audio\/mpeg\" src=\"https:\/\/www.radiopiu.net\/wordpress\/wp-content\/uploads\/2023\/10\/ottobre-29-care-nazionali-csi-agordo.mp3?_=14\" \/><a href=\"https:\/\/www.radiopiu.net\/wordpress\/wp-content\/uploads\/2023\/10\/ottobre-29-care-nazionali-csi-agordo.mp3\">https:\/\/www.radiopiu.net\/wordpress\/wp-content\/uploads\/2023\/10\/ottobre-29-care-nazionali-csi-agordo.mp3<\/a><\/audio>\n<p>&nbsp;<\/p>\n<p><strong>AGORDO\u00a0<\/strong><\/p>\n<p><a class=\"dt-pswp-item\" href=\"https:\/\/www.radiopiu.net\/wordpress\/wp-content\/uploads\/2023\/10\/CorsaSuStrada-162-1.jpg\" data-dt-img-description=\"Palmanova (Ud) '8\u00b0 Campionato Nazionale di Corsa su Strada\" data-large_image_width=\"1400\" data-large_image_height=\"907\"><img loading=\"lazy\" decoding=\"async\" class=\"size-medium wp-image-358624 alignleft\" src=\"https:\/\/www.radiopiu.net\/wordpress\/wp-content\/uploads\/2023\/10\/CorsaSuStrada-162-1-300x194.jpg\" alt=\"\" width=\"300\" height=\"194\" srcset=\"https:\/\/www.radiopiu.net\/wordpress\/wp-content\/uploads\/2023\/10\/CorsaSuStrada-162-1-300x194.jpg 300w, https:\/\/www.radiopiu.net\/wordpress\/wp-content\/uploads\/2023\/10\/CorsaSuStrada-162-1-1024x663.jpg 1024w, https:\/\/www.radiopiu.net\/wordpress\/wp-content\/uploads\/2023\/10\/CorsaSuStrada-162-1-768x498.jpg 768w, https:\/\/www.radiopiu.net\/wordpress\/wp-content\/uploads\/2023\/10\/CorsaSuStrada-162-1.jpg 1400w\" sizes=\"auto, (max-width: 300px) 100vw, 300px\" \/><\/a>Dopo il cross e la pista c\u2019\u00e8 ancora \u201cstrada\u201d da fare per la corsa del CSI. Il calendario nazionale dell\u2019atletica leggera ha l\u00ec infatti sottolineato in arancio e blu, i colori associativi, la data del 29 ottobre 2023. Agordo, nel cuore delle Dolomiti, ospiter\u00e0 in quella mattinata l\u2019undicesima edizione del Campionato Nazionale CSI di Corsa su strada, che gode del patrocinio del Comune di Agordo, del Consorzio BIM Piave e dell\u2019Unione Montana Agordina. Al via 628 atleti, rappresentanti 7 regioni italiane, tra cui i migliori specialisti del CSI Trentino, Lombardia e Veneto. Solo le categorie giovanili (Esordienti, Ragazzi, Cadetti) hanno 328 pettorali al via. Oltre ai podi degli individualisti, grande attesa come sempre al traguardo \u00e8 per le tre classifiche societarie: Giovanile, Assoluta e Generale. Partenza ed arrivo nella centralissima Piazza della Libert\u00e0: per gli stradaioli ciessini un impegnativo circuito cittadino, con diversi metri da correre in base alla categoria di appartenenza. Giro corto da 820 m. per gli esordienti, i primi a partire; giro medio da 1100 m; giro lungo da 1650 m per Ragazzi e Ragazze. Si arriva ai 6600 m. da percorrere per Juniores, Seniores, Amatori A e Amatori B. Tra i 19 Comitati CSI con finalisti in gara, quelli di Trento (con 16 societ\u00e0), Vicenza e Belluno \u2013 entrambi con 11 societ\u00e0 sportive partecipanti \u2013 hanno iscritti tutti oltre cento atleti al via. Il primo start alle ore 10:30, dopo la cerimonia di apertura che sar\u00e0 impreziosita dal &#8220;Gruppo* sbandieratori Citt\u00e0 di Feltre. Premiazioni alle ore 14.<\/p>\n<p>&nbsp;<\/p>\n<blockquote>\n<h3 style=\"text-align: left;\">IERI SERA ALLA RADIO&#8230;. LA DIRETTA DELLA CONFERENZA STAMPA DI PRESENTAZIONE<\/h3>\n<p>&nbsp;<\/p>\n<p><iframe loading=\"lazy\" title=\"Agordo presentazione campionati nazionali corsa su strada\" width=\"1200\" height=\"675\" src=\"https:\/\/www.youtube.com\/embed\/nqXmHkjHLxo?feature=oembed\" frameborder=\"0\" allow=\"accelerometer; autoplay; clipboard-write; encrypted-media; gyroscope; picture-in-picture; web-share\" allowfullscreen><\/iframe><\/p>\n<p>&nbsp;<\/p>\n<p>&nbsp;<\/p>\n<p>&nbsp;<\/p>\n<p>&nbsp;<\/p><\/blockquote>\n<hr \/>\n<p>&nbsp;<\/p>\n<\/div>\n","protected":false},"excerpt":{"rendered":"<p>40esimo di RADIOPIU\u2026. LA VOCE DELL\u2019EMOZIONE ISCRIVITI AL NOSTRO CANALE\u00a0\u00a0YOUTUBE PER SEGUIRE IN DIRETTA I PRINCIPALI PROGRAMMI DI RADIO PIU\u2019 E LE FUTURE DIRETTE IN ESTERNA. PER ISCRIVERTI CLICCA QUI\u00a0E PREMI\u00a0 \u201cIscriviti\u201d\u00a0\u00a0\u00a0 &nbsp; INIZIATIVE ULSS1 DOLOMITI-BELLUNO &nbsp; &nbsp; ultim&#8217;ORA SASSI SULLA STRADA PER LA CORPASSA TAIBON Avviso sassi franati e fango all&#8217; incrocio sotto al&hellip;<\/p>\n","protected":false},"author":4,"featured_media":358688,"comment_status":"closed","ping_status":"closed","sticky":false,"template":"","format":"standard","meta":{"_monsterinsights_skip_tracking":false,"_monsterinsights_sitenote_active":false,"_monsterinsights_sitenote_note":"","_monsterinsights_sitenote_category":0,"footnotes":""},"categories":[51,86,49],"tags":[],"class_list":["post-358571","post","type-post","status-publish","format-standard","has-post-thumbnail","hentry","category-evidenza-top","category-gr","category-news-18","category-51","category-86","category-49","description-off"],"img_url":"https:\/\/www.radiopiu.net\/wordpress\/wp-content\/uploads\/2023\/10\/0e8c87ea-dd11-49c6-a522-09a926510a0c.jpg","_links":{"self":[{"href":"https:\/\/www.radiopiu.net\/wordpress\/wp-json\/wp\/v2\/posts\/358571","targetHints":{"allow":["GET"]}}],"collection":[{"href":"https:\/\/www.radiopiu.net\/wordpress\/wp-json\/wp\/v2\/posts"}],"about":[{"href":"https:\/\/www.radiopiu.net\/wordpress\/wp-json\/wp\/v2\/types\/post"}],"author":[{"embeddable":true,"href":"https:\/\/www.radiopiu.net\/wordpress\/wp-json\/wp\/v2\/users\/4"}],"replies":[{"embeddable":true,"href":"https:\/\/www.radiopiu.net\/wordpress\/wp-json\/wp\/v2\/comments?post=358571"}],"version-history":[{"count":0,"href":"https:\/\/www.radiopiu.net\/wordpress\/wp-json\/wp\/v2\/posts\/358571\/revisions"}],"wp:featuredmedia":[{"embeddable":true,"href":"https:\/\/www.radiopiu.net\/wordpress\/wp-json\/wp\/v2\/media\/358688"}],"wp:attachment":[{"href":"https:\/\/www.radiopiu.net\/wordpress\/wp-json\/wp\/v2\/media?parent=358571"}],"wp:term":[{"taxonomy":"category","embeddable":true,"href":"https:\/\/www.radiopiu.net\/wordpress\/wp-json\/wp\/v2\/categories?post=358571"},{"taxonomy":"post_tag","embeddable":true,"href":"https:\/\/www.radiopiu.net\/wordpress\/wp-json\/wp\/v2\/tags?post=358571"}],"curies":[{"name":"wp","href":"https:\/\/api.w.org\/{rel}","templated":true}]}}