{"id":358573,"date":"2023-10-27T05:39:14","date_gmt":"2023-10-27T03:39:14","guid":{"rendered":"https:\/\/www.radiopiu.net\/wordpress\/?p=358573"},"modified":"2023-10-27T06:05:21","modified_gmt":"2023-10-27T04:05:21","slug":"parcheggi-in-valcozzena-senza-navetta-multe","status":"publish","type":"post","link":"https:\/\/www.radiopiu.net\/wordpress\/parcheggi-in-valcozzena-senza-navetta-multe\/","title":{"rendered":"PARCHEGGI IN VALCOZZENA SENZA NAVETTA MULTE A RAFFICA. L&#8217;APPELLO PER SOLUZIONI"},"content":{"rendered":"<p><strong><a class=\"dt-pswp-item\" href=\"https:\/\/www.radiopiu.net\/wordpress\/wp-content\/uploads\/2023\/01\/f5c58041-2f77-4ccf-b15d-82d7064a18a9.jpg\" data-dt-img-description=\"\" data-large_image_width=\"2048\" data-large_image_height=\"1536\"><img loading=\"lazy\" decoding=\"async\" class=\" wp-image-319449 alignleft\" src=\"https:\/\/www.radiopiu.net\/wordpress\/wp-content\/uploads\/2023\/01\/f5c58041-2f77-4ccf-b15d-82d7064a18a9-300x225.jpg\" alt=\"\" width=\"250\" height=\"187\" srcset=\"https:\/\/www.radiopiu.net\/wordpress\/wp-content\/uploads\/2023\/01\/f5c58041-2f77-4ccf-b15d-82d7064a18a9-300x225.jpg 300w, https:\/\/www.radiopiu.net\/wordpress\/wp-content\/uploads\/2023\/01\/f5c58041-2f77-4ccf-b15d-82d7064a18a9-1024x768.jpg 1024w, https:\/\/www.radiopiu.net\/wordpress\/wp-content\/uploads\/2023\/01\/f5c58041-2f77-4ccf-b15d-82d7064a18a9-768x576.jpg 768w, https:\/\/www.radiopiu.net\/wordpress\/wp-content\/uploads\/2023\/01\/f5c58041-2f77-4ccf-b15d-82d7064a18a9-1536x1152.jpg 1536w, https:\/\/www.radiopiu.net\/wordpress\/wp-content\/uploads\/2023\/01\/f5c58041-2f77-4ccf-b15d-82d7064a18a9.jpg 2048w\" sizes=\"auto, (max-width: 250px) 100vw, 250px\" \/><\/a>AGORDO <\/strong>In Valcozzena, frazione di Agordo, la questione dei parcheggi sta diventando sempre pi\u00f9 urgente, specialmente dopo la soppressione delle navette che collegavano il parcheggio di Tamonich all&#8217;area industriale. Questo problema \u00e8 diventato pi\u00f9 evidente negli ultimi giorni a causa delle avverse condizioni meteorologiche che rendono difficile la lunga passeggiata dal centro di Agordo allo stabilimento EssilorLuxottica. Di conseguenza, i lavoratori sono costretti a cercare parcheggi alternativi, spesso in aree non autorizzate. Oltre all&#8217;uso del parcheggio destinato ai camper, le auto <a href=\"https:\/\/www.radiopiu.net\/wordpress\/wp-content\/uploads\/2023\/10\/police-6697492_640.webp\"><img loading=\"lazy\" decoding=\"async\" class=\"wp-image-358578 alignright\" src=\"https:\/\/www.radiopiu.net\/wordpress\/wp-content\/uploads\/2023\/10\/police-6697492_640-274x300.webp\" alt=\"\" width=\"201\" height=\"220\" srcset=\"https:\/\/www.radiopiu.net\/wordpress\/wp-content\/uploads\/2023\/10\/police-6697492_640-274x300.webp 274w, https:\/\/www.radiopiu.net\/wordpress\/wp-content\/uploads\/2023\/10\/police-6697492_640.webp 585w\" sizes=\"auto, (max-width: 201px) 100vw, 201px\" \/><\/a>vengono parcheggiate lungo le strade interne della frazione, portando inevitabilmente a multe emesse dalla Polizia Locale per violazioni di sosta. Sebbene le multe siano giustificate, dato che questi veicoli intralciano la circolazione, sorge la domanda su cosa abbia fatto l&#8217;azienda per affrontare questa situazione. Esistono soluzioni possibili che potrebbero alleviare il problema. Una di queste potrebbe essere l&#8217;utilizzo di servizi di noleggio di minibus con conducente, in mancanza del servizio navetta fornito da DolomitiBus. Altrimenti, un&#8217;azienda come EssilorLuxottica potrebbe considerare l&#8217;acquisto di minibus per il trasporto dei dipendenti dall&#8217;area di parcheggio a Tamonich all&#8217;area industriale. Il servizio navetta non era solo una comodit\u00e0 per i dipendenti, ma rappresentava anche una soluzione sostenibile per coloro che risiedono ad Agordo, poich\u00e9 riduceva la necessit\u00e0 di utilizzare l&#8217;auto per recarsi al lavoro. La questione dei parcheggi in Valcozzena richiede un&#8217;attenzione immediata e soluzioni concrete per garantire un accesso agevole all&#8217;area industriale, evitando sanzioni per violazioni di sosta e agevolando la mobilit\u00e0 dei lavoratori.<\/p>\n<div class=\"flex-1 overflow-hidden\">\n<div class=\"react-scroll-to-bottom--css-lursb-79elbk h-full dark:bg-gray-800\">\n<div class=\"react-scroll-to-bottom--css-lursb-1n7m0yu\">\n<div class=\"flex flex-col text-sm gizmo:pb-9 dark:bg-gray-800\">\n<div class=\"group final-completion w-full text-token-text-primary border-b border-black\/10 gizmo:border-0 dark:border-gray-900\/50 gizmo:dark:border-0 bg-gray-50 gizmo:bg-transparent dark:bg-[#444654] gizmo:dark:bg-transparent\" data-testid=\"conversation-turn-108\">\n<div class=\"p-4 gizmo:py-2 justify-center text-base md:gap-6 md:py-6 m-auto\">\n<div class=\"flex flex-1 gap-4 text-base mx-auto md:gap-6 gizmo:gap-3 gizmo:md:px-5 gizmo:lg:px-1 gizmo:xl:px-5 md:max-w-2xl lg:max-w-[38rem] gizmo:md:max-w-3xl gizmo:lg:max-w-[40rem] gizmo:xl:max-w-[48rem] xl:max-w-3xl }\">\n<div class=\"relative flex w-[calc(100%-50px)] flex-col gizmo:w-full lg:w-[calc(100%-115px)] agent-turn\">\n<div class=\"flex-col gap-1 md:gap-3\">\n<div class=\"flex gap-1 gizmo:gap-3\">\n<p>__<\/p>\n<\/div>\n<\/div>\n<\/div>\n<\/div>\n<\/div>\n<\/div>\n<p>&nbsp;<\/p>\n<\/div>\n<\/div>\n<\/div>\n<\/div>\n<div class=\"w-full pt-2 md:pt-0 border-t md:border-t-0 dark:border-white\/20 md:border-transparent md:dark:border-transparent md:pl-2 gizmo:pl-0 gizmo:md:pl-0 md:w-[calc(100%-.5rem)] absolute bottom-0 left-0 md:bg-vert-light-gradient bg-white dark:bg-gray-800 md:!bg-transparent dark:md:bg-vert-dark-gradient\">\n<form class=\"stretch mx-2 flex flex-row gap-3 last:mb-2 md:mx-4 md:last:mb-6 lg:mx-auto lg:max-w-2xl xl:max-w-3xl\">\n<div class=\"relative flex h-full flex-1 items-stretch md:flex-col\">\n<div>\n<div class=\"h-full flex ml-1 md:w-full md:m-auto md:mb-4 gap-0 md:gap-2 justify-center\">\n<div class=\"grow\"><\/div>\n<div class=\"flex items-center md:items-end\">\n<div data-projection-id=\"162\"><\/div>\n<\/div>\n<\/div>\n<\/div>\n<\/div>\n<\/form>\n<\/div>\n<p>&nbsp;<\/p>\n","protected":false},"excerpt":{"rendered":"<p>AGORDO In Valcozzena, frazione di Agordo, la questione dei parcheggi sta diventando sempre pi\u00f9 urgente, specialmente dopo la soppressione delle navette che collegavano il parcheggio di Tamonich all&#8217;area industriale. Questo problema \u00e8 diventato pi\u00f9 evidente negli ultimi giorni a causa delle avverse condizioni meteorologiche che rendono difficile la lunga passeggiata dal centro di Agordo allo&hellip;<\/p>\n","protected":false},"author":4,"featured_media":319449,"comment_status":"closed","ping_status":"closed","sticky":false,"template":"","format":"standard","meta":{"_monsterinsights_skip_tracking":false,"_monsterinsights_sitenote_active":false,"_monsterinsights_sitenote_note":"","_monsterinsights_sitenote_category":0,"footnotes":""},"categories":[104,49],"tags":[],"class_list":["post-358573","post","type-post","status-publish","format-standard","has-post-thumbnail","hentry","category-evidenza_3","category-news-18","category-104","category-49","description-off"],"img_url":"https:\/\/www.radiopiu.net\/wordpress\/wp-content\/uploads\/2023\/01\/f5c58041-2f77-4ccf-b15d-82d7064a18a9.jpg","_links":{"self":[{"href":"https:\/\/www.radiopiu.net\/wordpress\/wp-json\/wp\/v2\/posts\/358573","targetHints":{"allow":["GET"]}}],"collection":[{"href":"https:\/\/www.radiopiu.net\/wordpress\/wp-json\/wp\/v2\/posts"}],"about":[{"href":"https:\/\/www.radiopiu.net\/wordpress\/wp-json\/wp\/v2\/types\/post"}],"author":[{"embeddable":true,"href":"https:\/\/www.radiopiu.net\/wordpress\/wp-json\/wp\/v2\/users\/4"}],"replies":[{"embeddable":true,"href":"https:\/\/www.radiopiu.net\/wordpress\/wp-json\/wp\/v2\/comments?post=358573"}],"version-history":[{"count":0,"href":"https:\/\/www.radiopiu.net\/wordpress\/wp-json\/wp\/v2\/posts\/358573\/revisions"}],"wp:featuredmedia":[{"embeddable":true,"href":"https:\/\/www.radiopiu.net\/wordpress\/wp-json\/wp\/v2\/media\/319449"}],"wp:attachment":[{"href":"https:\/\/www.radiopiu.net\/wordpress\/wp-json\/wp\/v2\/media?parent=358573"}],"wp:term":[{"taxonomy":"category","embeddable":true,"href":"https:\/\/www.radiopiu.net\/wordpress\/wp-json\/wp\/v2\/categories?post=358573"},{"taxonomy":"post_tag","embeddable":true,"href":"https:\/\/www.radiopiu.net\/wordpress\/wp-json\/wp\/v2\/tags?post=358573"}],"curies":[{"name":"wp","href":"https:\/\/api.w.org\/{rel}","templated":true}]}}