{"id":358575,"date":"2023-10-27T04:00:03","date_gmt":"2023-10-27T02:00:03","guid":{"rendered":"https:\/\/www.radiopiu.net\/wordpress\/?p=358575"},"modified":"2023-10-27T06:05:55","modified_gmt":"2023-10-27T04:05:55","slug":"alla-primaria-di-sospirolo-il-progetto-orto","status":"publish","type":"post","link":"https:\/\/www.radiopiu.net\/wordpress\/alla-primaria-di-sospirolo-il-progetto-orto\/","title":{"rendered":"ALLA PRIMARIA DI SOSPIROLO IL PROGETTO ORTO"},"content":{"rendered":"<p><strong>SOSPIROLO<\/strong> Tra metafora e realt\u00e0 gli alunni e gli insegnanti della scuola primaria di Sospirolo hanno dimostrato che, ancora una volta, chi semina raccoglie. L\u2019idea di coltivare l\u2019orto, nata quasi per caso durante lo scorso anno scolastico, ha infatti dato frutti, in tutti i sensi. Quelli concreti hanno fatto bella mostra di s\u00e9 sui tavoli del mercatino allestito nei locali della scuola negli ultimi giorni di settembre. Eppure, come ben sa il contadino e come avevano messo in conto insegnanti e ragazzi, i risultati non erano affatto garantiti. \u201cI buoni propositi per\u00f2 non mancavano \u2013 spiegano Lisa Argenta e Francesca Dal Piva, le insegnanti dell\u2019Istituto comprensivo di Sedico-Sospirolo responsabili del progetto &#8211; e la voglia di mettersi in gioco e di far vivere ai bambini un\u2019esperienza \u201cdidatticamente\u201d alternativa hanno avuto la meglio sulle iniziali perplessit\u00e0. Inoltre, da parte di grandi e piccoli, c\u2019era il desiderio di evadere dai confini angusti di un\u2019aula per respirare l\u2019aria aperta e riscoprire il contatto primitivo con la natura e con la terra in particolare\u201d. A quel punto le insegnanti hanno chiesto la collaborazione dei nonni dei bambini che, carichi di attrezzi e di esperienza, hanno accolto volentieri l\u2019invito. Cos\u00ec, a pochi metri dalla scuola, in un punto ben esposto al sole, si \u00e8 riscoperta l\u2019area da coltivare. \u201cL\u2019orto \u2013 dicono Argenta e Dal Piva &#8211; reduce da anni di abbandono, reclamava il suo aspetto originario e cos\u00ec, anche con l\u2019intervento di moderni mezzi meccanici, \u00e8 stato dapprima ripulito dalle fastidiose erbe infestanti e poi debitamente concimato. Trascorso il lungo riposo invernale, l\u2019attivit\u00e0 \u00e8 ripresa in primavera con rinnovato vigore: dopo confronti, suggerimenti e proficue discussioni, \u00e8 finalmente iniziata la semina e la messa a dimora delle piantine\u201d. Un po\u2019 alla volta l\u2019orto si \u00e8 arricchito di alcune variet\u00e0 di verdure e del profumo delle piante aromatiche. \u201cCi\u00f2 che facevano, con relativa disinvoltura, le mani esperte dei nonni \u2013 prosegue Argenta &#8211; veniva imitato, a volte in modo maldestro, da quelle incerte dei bambini. Qualcuno guardava incuriosito, qualcuno faticava a nascondere lo stupore, qualcuno, superata l\u2019iniziale riluttanza, tentava di fare del proprio meglio\u201d. All\u2019orto i bambini hanno offerto attenzioni costanti, innaffiandolo, ripulendolo dall\u2019erba e da eventuali animali poco graditi. Hanno insomma fatto esperienza del \u201cprendersi cura\u201d. \u201cCi piace credere \u2013 concludono le insegnanti &#8211; che, al di l\u00e0 dei prodotti concreti che si sono ricavati da questa esperienza, tutti abbiano capito che ogni attivit\u00e0 eseguita con seriet\u00e0 ed impegno porta inevitabilmente con s\u00e9 i suoi frutti o meglio, in questo caso, i suoi ortaggi\u201d.<\/p>\n<p>&nbsp;<\/p>\n\n\t\t\t<style type='text\/css'>\n\t\t\t\t#gallery-1 {\n\t\t\t\t\tmargin: auto;\n\t\t\t\t}\n\t\t\t\t#gallery-1 .gallery-item {\n\t\t\t\t\tfloat: left;\n\t\t\t\t\tmargin-top: 10px;\n\t\t\t\t\ttext-align: center;\n\t\t\t\t\twidth: 50%;\n\t\t\t\t}\n\t\t\t\t#gallery-1 img {\n\t\t\t\t\tborder: 2px solid #cfcfcf;\n\t\t\t\t}\n\t\t\t\t#gallery-1 .gallery-caption {\n\t\t\t\t\tmargin-left: 0;\n\t\t\t\t}\n\t\t\t\t\/* see gallery_shortcode() in wp-includes\/media.php *\/\n\t\t\t<\/style>\n\t\t<div id='gallery-1' class='dt-gallery-container gallery galleryid-358575 gallery-columns-2 gallery-size-medium'><dl class='gallery-item'>\n\t\t\t\t<dt class='gallery-icon portrait'>\n\t\t\t\t\t<a class=\"rollover\" href='https:\/\/www.radiopiu.net\/wordpress\/alla-primaria-di-sospirolo-il-progetto-orto\/progetto-orto-alla-primaria-di-sospirolo1\/'><img loading=\"lazy\" decoding=\"async\" width=\"225\" height=\"300\" src=\"https:\/\/www.radiopiu.net\/wordpress\/wp-content\/uploads\/2023\/10\/Progetto-orto-alla-primaria-di-Sospirolo1-225x300.jpg\" class=\"attachment-medium size-medium\" alt=\"\" srcset=\"https:\/\/www.radiopiu.net\/wordpress\/wp-content\/uploads\/2023\/10\/Progetto-orto-alla-primaria-di-Sospirolo1-225x300.jpg 225w, https:\/\/www.radiopiu.net\/wordpress\/wp-content\/uploads\/2023\/10\/Progetto-orto-alla-primaria-di-Sospirolo1.jpg 768w\" sizes=\"auto, (max-width: 225px) 100vw, 225px\" \/><\/a>\n\t\t\t\t<\/dt><\/dl><dl class='gallery-item'>\n\t\t\t\t<dt class='gallery-icon landscape'>\n\t\t\t\t\t<a class=\"rollover\" href='https:\/\/www.radiopiu.net\/wordpress\/alla-primaria-di-sospirolo-il-progetto-orto\/progetto-orto-alla-primaria-di-sospirolo2\/'><img loading=\"lazy\" decoding=\"async\" width=\"300\" height=\"225\" src=\"https:\/\/www.radiopiu.net\/wordpress\/wp-content\/uploads\/2023\/10\/Progetto-orto-alla-primaria-di-Sospirolo2-300x225.jpg\" class=\"attachment-medium size-medium\" alt=\"\" srcset=\"https:\/\/www.radiopiu.net\/wordpress\/wp-content\/uploads\/2023\/10\/Progetto-orto-alla-primaria-di-Sospirolo2-300x225.jpg 300w, https:\/\/www.radiopiu.net\/wordpress\/wp-content\/uploads\/2023\/10\/Progetto-orto-alla-primaria-di-Sospirolo2-768x576.jpg 768w, https:\/\/www.radiopiu.net\/wordpress\/wp-content\/uploads\/2023\/10\/Progetto-orto-alla-primaria-di-Sospirolo2.jpg 1024w\" sizes=\"auto, (max-width: 300px) 100vw, 300px\" \/><\/a>\n\t\t\t\t<\/dt><\/dl><br style=\"clear: both\" \/>\n\t\t\t<\/div>\n\n<p>&nbsp;<\/p>\n<p>&nbsp;<\/p>\n<p>******<\/p>\n","protected":false},"excerpt":{"rendered":"<p>SOSPIROLO Tra metafora e realt\u00e0 gli alunni e gli insegnanti della scuola primaria di Sospirolo hanno dimostrato che, ancora una volta, chi semina raccoglie. L\u2019idea di coltivare l\u2019orto, nata quasi per caso durante lo scorso anno scolastico, ha infatti dato frutti, in tutti i sensi. Quelli concreti hanno fatto bella mostra di s\u00e9 sui tavoli&hellip;<\/p>\n","protected":false},"author":4,"featured_media":358577,"comment_status":"closed","ping_status":"closed","sticky":false,"template":"","format":"standard","meta":{"_monsterinsights_skip_tracking":false,"_monsterinsights_sitenote_active":false,"_monsterinsights_sitenote_note":"","_monsterinsights_sitenote_category":0,"footnotes":""},"categories":[104,49],"tags":[],"class_list":["post-358575","post","type-post","status-publish","format-standard","has-post-thumbnail","hentry","category-evidenza_3","category-news-18","category-104","category-49","description-off"],"img_url":"https:\/\/www.radiopiu.net\/wordpress\/wp-content\/uploads\/2023\/10\/Progetto-orto-alla-primaria-di-Sospirolo2.jpg","_links":{"self":[{"href":"https:\/\/www.radiopiu.net\/wordpress\/wp-json\/wp\/v2\/posts\/358575","targetHints":{"allow":["GET"]}}],"collection":[{"href":"https:\/\/www.radiopiu.net\/wordpress\/wp-json\/wp\/v2\/posts"}],"about":[{"href":"https:\/\/www.radiopiu.net\/wordpress\/wp-json\/wp\/v2\/types\/post"}],"author":[{"embeddable":true,"href":"https:\/\/www.radiopiu.net\/wordpress\/wp-json\/wp\/v2\/users\/4"}],"replies":[{"embeddable":true,"href":"https:\/\/www.radiopiu.net\/wordpress\/wp-json\/wp\/v2\/comments?post=358575"}],"version-history":[{"count":0,"href":"https:\/\/www.radiopiu.net\/wordpress\/wp-json\/wp\/v2\/posts\/358575\/revisions"}],"wp:featuredmedia":[{"embeddable":true,"href":"https:\/\/www.radiopiu.net\/wordpress\/wp-json\/wp\/v2\/media\/358577"}],"wp:attachment":[{"href":"https:\/\/www.radiopiu.net\/wordpress\/wp-json\/wp\/v2\/media?parent=358575"}],"wp:term":[{"taxonomy":"category","embeddable":true,"href":"https:\/\/www.radiopiu.net\/wordpress\/wp-json\/wp\/v2\/categories?post=358575"},{"taxonomy":"post_tag","embeddable":true,"href":"https:\/\/www.radiopiu.net\/wordpress\/wp-json\/wp\/v2\/tags?post=358575"}],"curies":[{"name":"wp","href":"https:\/\/api.w.org\/{rel}","templated":true}]}}