{"id":358622,"date":"2023-10-27T05:30:47","date_gmt":"2023-10-27T03:30:47","guid":{"rendered":"https:\/\/www.radiopiu.net\/wordpress\/?p=358622"},"modified":"2023-10-27T06:06:13","modified_gmt":"2023-10-27T04:06:13","slug":"la-strada-tricolore-allombra-delle-dolomiti","status":"publish","type":"post","link":"https:\/\/www.radiopiu.net\/wordpress\/la-strada-tricolore-allombra-delle-dolomiti\/","title":{"rendered":"La \u201cstrada\u201d tricolore all\u2019ombra delle Dolomiti"},"content":{"rendered":"<p class=\"western\" style=\"text-align: center;\" align=\"CENTER\"><em><a class=\"dt-pswp-item\" href=\"https:\/\/www.radiopiu.net\/wordpress\/wp-content\/uploads\/2023\/10\/CorsaSuStrada-162-1.jpg\" data-dt-img-description=\"Palmanova (Ud) '8\u00b0 Campionato Nazionale di Corsa su Strada\" data-large_image_width=\"1400\" data-large_image_height=\"907\"><img loading=\"lazy\" decoding=\"async\" class=\" wp-image-358624 alignleft\" src=\"https:\/\/www.radiopiu.net\/wordpress\/wp-content\/uploads\/2023\/10\/CorsaSuStrada-162-1-300x194.jpg\" alt=\"\" width=\"232\" height=\"150\" srcset=\"https:\/\/www.radiopiu.net\/wordpress\/wp-content\/uploads\/2023\/10\/CorsaSuStrada-162-1-300x194.jpg 300w, https:\/\/www.radiopiu.net\/wordpress\/wp-content\/uploads\/2023\/10\/CorsaSuStrada-162-1-1024x663.jpg 1024w, https:\/\/www.radiopiu.net\/wordpress\/wp-content\/uploads\/2023\/10\/CorsaSuStrada-162-1-768x498.jpg 768w, https:\/\/www.radiopiu.net\/wordpress\/wp-content\/uploads\/2023\/10\/CorsaSuStrada-162-1.jpg 1400w\" sizes=\"auto, (max-width: 232px) 100vw, 232px\" \/><\/a>Ad Agordo si corre il 29 ottobre il Campionato Nazionale CSI di specialit\u00e0\u00a0<\/em><\/p>\n<p>Oltre 620 atleti al via nell\u2019ultima prova in calendario dell\u2019atletica leggera arancioblu, di cui oltre la met\u00e0 under 15. Partenza ed arrivo in piazza della Libert\u00e0. Ognuna delle 20 categorie in gara avr\u00e0 il suo campione premiato sul podio. Grande attesa per conoscere la migliore societ\u00e0 di stradaioli. Trento, Vicenza e Belluno con oltre 100 atleti in gara<\/p>\n<p>&nbsp;<\/p>\n<p><strong>\u00a0<\/strong><\/p>\n<p><strong>L&#8217;INTERVISTA ALLA RADIO\u00a0<\/strong><\/p>\n<blockquote>\n<h3>STELLE NAZIONALI AD AGORDO, DOMENICA 29 CON I CAMPIONATI DEL CSI<\/h3>\n<\/blockquote>\n<blockquote>\n<h1><a class=\"dt-pswp-item\" href=\"https:\/\/www.radiopiu.net\/wordpress\/wp-content\/uploads\/2023\/10\/Agordo_Partenza-gara-maschile-300x142-1.jpg\" data-dt-img-description=\"\" data-large_image_width=\"300\" data-large_image_height=\"142\"><img loading=\"lazy\" decoding=\"async\" class=\"size-medium wp-image-357336 alignleft\" src=\"https:\/\/www.radiopiu.net\/wordpress\/wp-content\/uploads\/2023\/10\/Agordo_Partenza-gara-maschile-300x142-1.jpg\" alt=\"\" width=\"300\" height=\"142\" \/><\/a>con: Fernando Soccol, Ivano Marcon, Gabriele Toffoli<\/h1>\n<h1>l&#8217;intervista.<\/h1>\n<p>di mirko mezzacasa<\/p><\/blockquote>\n<p>&nbsp;<\/p>\n<audio class=\"wp-audio-shortcode\" id=\"audio-358622-1\" preload=\"none\" style=\"width: 100%;\" controls=\"controls\"><source type=\"audio\/mpeg\" src=\"https:\/\/www.radiopiu.net\/wordpress\/wp-content\/uploads\/2023\/10\/ottobre-29-care-nazionali-csi-agordo.mp3?_=1\" \/><a href=\"https:\/\/www.radiopiu.net\/wordpress\/wp-content\/uploads\/2023\/10\/ottobre-29-care-nazionali-csi-agordo.mp3\">https:\/\/www.radiopiu.net\/wordpress\/wp-content\/uploads\/2023\/10\/ottobre-29-care-nazionali-csi-agordo.mp3<\/a><\/audio>\n<p>&nbsp;<\/p>\n<p><strong>AGORDO\u00a0<\/strong><\/p>\n<p><a class=\"dt-pswp-item\" href=\"https:\/\/www.radiopiu.net\/wordpress\/wp-content\/uploads\/2023\/10\/CorsaSuStrada-162-1.jpg\" data-dt-img-description=\"Palmanova (Ud) '8\u00b0 Campionato Nazionale di Corsa su Strada\" data-large_image_width=\"1400\" data-large_image_height=\"907\"><img loading=\"lazy\" decoding=\"async\" class=\"size-medium wp-image-358624 alignleft\" src=\"https:\/\/www.radiopiu.net\/wordpress\/wp-content\/uploads\/2023\/10\/CorsaSuStrada-162-1-300x194.jpg\" alt=\"\" width=\"300\" height=\"194\" srcset=\"https:\/\/www.radiopiu.net\/wordpress\/wp-content\/uploads\/2023\/10\/CorsaSuStrada-162-1-300x194.jpg 300w, https:\/\/www.radiopiu.net\/wordpress\/wp-content\/uploads\/2023\/10\/CorsaSuStrada-162-1-1024x663.jpg 1024w, https:\/\/www.radiopiu.net\/wordpress\/wp-content\/uploads\/2023\/10\/CorsaSuStrada-162-1-768x498.jpg 768w, https:\/\/www.radiopiu.net\/wordpress\/wp-content\/uploads\/2023\/10\/CorsaSuStrada-162-1.jpg 1400w\" sizes=\"auto, (max-width: 300px) 100vw, 300px\" \/><\/a>Dopo il cross e la pista c\u2019\u00e8 ancora \u201cstrada\u201d da fare per la corsa del CSI. Il calendario nazionale dell\u2019atletica leggera ha l\u00ec infatti sottolineato in arancio e blu, i colori associativi, la data del 29 ottobre 2023. Agordo, nel cuore delle Dolomiti, ospiter\u00e0 in quella mattinata l\u2019undicesima edizione del Campionato Nazionale CSI di Corsa su strada, che gode del patrocinio del Comune di Agordo, del Consorzio BIM Piave e dell\u2019Unione Montana Agordina. Al via 628 atleti, rappresentanti 7 regioni italiane, tra cui i migliori specialisti del CSI Trentino, Lombardia e Veneto. Solo le categorie giovanili (Esordienti, Ragazzi, Cadetti) hanno 328 pettorali al via. Oltre ai podi degli individualisti, grande attesa come sempre al traguardo \u00e8 per le tre classifiche societarie: Giovanile, Assoluta e Generale. Partenza ed arrivo nella centralissima Piazza della Libert\u00e0: per gli stradaioli ciessini un impegnativo circuito cittadino, con diversi metri da correre in base alla categoria di appartenenza. Giro corto da 820 m. per gli esordienti, i primi a partire; giro medio da 1100 m; giro lungo da 1650 m per Ragazzi e Ragazze. Si arriva ai 6600 m. da percorrere per Juniores, Seniores, Amatori A e Amatori B. Tra i 19 Comitati CSI con finalisti in gara, quelli di Trento (con 16 societ\u00e0), Vicenza e Belluno \u2013 entrambi con 11 societ\u00e0 sportive partecipanti \u2013 hanno iscritti tutti oltre cento atleti al via. Il primo start alle ore 10:30, dopo la cerimonia di apertura che sar\u00e0 impreziosita dal &#8220;Gruppo* sbandieratori Citt\u00e0 di Feltre. Premiazioni alle ore 14.<\/p>\n<p>&nbsp;<\/p>\n<p>&nbsp;<\/p>\n<hr \/>\n<p>&nbsp;<\/p>\n","protected":false},"excerpt":{"rendered":"<p>Ad Agordo si corre il 29 ottobre il Campionato Nazionale CSI di specialit\u00e0\u00a0 Oltre 620 atleti al via nell\u2019ultima prova in calendario dell\u2019atletica leggera arancioblu, di cui oltre la met\u00e0 under 15. Partenza ed arrivo in piazza della Libert\u00e0. Ognuna delle 20 categorie in gara avr\u00e0 il suo campione premiato sul podio. Grande attesa per&hellip;<\/p>\n","protected":false},"author":4,"featured_media":358626,"comment_status":"closed","ping_status":"closed","sticky":false,"template":"","format":"standard","meta":{"_monsterinsights_skip_tracking":false,"_monsterinsights_sitenote_active":false,"_monsterinsights_sitenote_note":"","_monsterinsights_sitenote_category":0,"footnotes":""},"categories":[51,49],"tags":[],"class_list":["post-358622","post","type-post","status-publish","format-standard","has-post-thumbnail","hentry","category-evidenza-top","category-news-18","category-51","category-49","description-off"],"img_url":"https:\/\/www.radiopiu.net\/wordpress\/wp-content\/uploads\/2023\/10\/CorsaSuStrada-168-1.jpg","_links":{"self":[{"href":"https:\/\/www.radiopiu.net\/wordpress\/wp-json\/wp\/v2\/posts\/358622","targetHints":{"allow":["GET"]}}],"collection":[{"href":"https:\/\/www.radiopiu.net\/wordpress\/wp-json\/wp\/v2\/posts"}],"about":[{"href":"https:\/\/www.radiopiu.net\/wordpress\/wp-json\/wp\/v2\/types\/post"}],"author":[{"embeddable":true,"href":"https:\/\/www.radiopiu.net\/wordpress\/wp-json\/wp\/v2\/users\/4"}],"replies":[{"embeddable":true,"href":"https:\/\/www.radiopiu.net\/wordpress\/wp-json\/wp\/v2\/comments?post=358622"}],"version-history":[{"count":0,"href":"https:\/\/www.radiopiu.net\/wordpress\/wp-json\/wp\/v2\/posts\/358622\/revisions"}],"wp:featuredmedia":[{"embeddable":true,"href":"https:\/\/www.radiopiu.net\/wordpress\/wp-json\/wp\/v2\/media\/358626"}],"wp:attachment":[{"href":"https:\/\/www.radiopiu.net\/wordpress\/wp-json\/wp\/v2\/media?parent=358622"}],"wp:term":[{"taxonomy":"category","embeddable":true,"href":"https:\/\/www.radiopiu.net\/wordpress\/wp-json\/wp\/v2\/categories?post=358622"},{"taxonomy":"post_tag","embeddable":true,"href":"https:\/\/www.radiopiu.net\/wordpress\/wp-json\/wp\/v2\/tags?post=358622"}],"curies":[{"name":"wp","href":"https:\/\/api.w.org\/{rel}","templated":true}]}}