{"id":358634,"date":"2023-10-27T04:45:08","date_gmt":"2023-10-27T02:45:08","guid":{"rendered":"https:\/\/www.radiopiu.net\/wordpress\/?p=358634"},"modified":"2023-10-27T15:31:35","modified_gmt":"2023-10-27T13:31:35","slug":"sempre-connessi-due-puntate-speciali-con-luisa-manfroi","status":"publish","type":"post","link":"https:\/\/www.radiopiu.net\/wordpress\/sempre-connessi-due-puntate-speciali-con-luisa-manfroi\/","title":{"rendered":"&#8220;SEMPRE CONNESSI&#8221;, DUE PUNTATE SPECIALI CON LUISA MANFROI"},"content":{"rendered":"<p><strong>REDAZIONE<\/strong> L&#8217;inchiesta della giornalista e insegnante Luisa Manfroi sar\u00e0 messa in onda su Radio Pi\u00f9, frequenze FM lunedi alle 13.05 e martedi alla stessa ora con replica serale alle 20.30.<br \/>\nLA PRESENTAZIONE DI LUISA MANFROI<\/p>\n<p align=\"JUSTIFY\"><span style=\"font-family: Arial, serif;\"><b>Inchiesta: <\/b><\/span><\/p>\n<p align=\"JUSTIFY\">\u201c<span style=\"font-family: Arial, serif;\"><b>Quando la tecnologia rischia di non includere<\/b><\/span><span style=\"color: #374151;\"><span style=\"font-family: Arial, serif;\"><span style=\"font-size: medium;\"><b>\u201d<\/b><\/span><\/span><\/span><\/p>\n<p align=\"JUSTIFY\"><span style=\"font-family: Arial, serif;\"><img loading=\"lazy\" decoding=\"async\" class=\"alignleft\" src=\"https:\/\/www.radiopiu.net\/wordpress\/wp-content\/uploads\/2023\/10\/monitor-1307227_640.jpg\" width=\"264\" height=\"186\" \/>Questa inchiesta che ho condotto in queste settimane si concentra sull&#8217;incidenza della tecnologia, in particolare quella legata a Internet, nella vita quotidiana delle persone nella provincia di Belluno. <\/span><span style=\"font-family: Arial, serif;\">Esamina come la crescente digitalizzazione abbia comportato vantaggi in termini di semplificazioni in alcuni aspetti della vita ma abbia anche sollevato una serie di questioni e barriere, specialmente per la popolazione anziana e coloro che non sono digitalmente alfabetizzati. <\/span><span style=\"font-family: Arial, serif;\">La pandemia ha accelerato l&#8217;adozione della tecnologia in vari settori, ma ha anche evidenziato un divario generazionale. Mentre i &#8220;nativi digitali&#8221; e coloro che hanno ricevuto una formazione digitale sono a proprio agio nell&#8217;uso della tecnologia, molte persone pi\u00f9 anziane o meno esperte trovano difficile adattarsi. <\/span><span style=\"font-family: Arial, serif;\">L&#8217;inchiesta analizza inoltre i vari aspetti della vita quotidiana, tra cui la pubblica amministrazione, l&#8217;istruzione, la sanit\u00e0 e il lavoro. Nella pubblica amministrazione, la digitalizzazione delle procedure ha semplificato alcune operazioni ma ha anche creato ostacoli per coloro che preferiscono i metodi tradizionali. L&#8217;accesso ai servizi sanitari tramite Internet risulta essere problematico per molti anziani. Nell&#8217;istruzione, la tecnologia \u00e8 ampiamente utilizzata dagli studenti, ma alcuni genitori incontrano difficolt\u00e0 nell&#8217;uso di applicazioni digitali per comunicare con le scuole. <\/span><span style=\"font-family: Arial, serif;\">Nella vita quotidiana, l&#8217;uso della tecnologia \u00e8 ormai comune, ma anziani e meno esperti possono incontrare difficolt\u00e0 specialmente nell\u2019ambito della salute e del rapporto col sistema sanitario nazionale. L&#8217;accesso alle informazioni sui trasporti pubblici pu\u00f2 essere difficoltoso. <\/span><span style=\"font-family: Arial, serif;\">Nel contesto lavorativo, la tecnologia ha portato a miglioramenti in termini di efficienza necessitando l&#8217;importanza di una connessione Internet stabile e di qualit\u00e0. <\/span><span style=\"font-family: Arial, serif;\">In sintesi, sebbene la tecnologia dovrebbe essere un mezzo di inclusione ma potrebbe portare creare difficolt\u00e0. Questo &#8220;paradosso digitale&#8221; \u00e8 causato dalla complessit\u00e0 tecnologica che rende difficile la navigazione nell&#8217;ambiente digitale per molte persone anziane o meno esperte. <\/span><span style=\"font-family: Arial, serif;\">Un problema accentuato dal fatto che la provincia di Belluno ha un alto tasso di invecchiamento della popolazione il che rende ancora pi\u00f9 urgente affrontare questa questione e garantire che nessuno venga lasciato indietro nella crescente era digitale.\u00a0<\/span><\/p>\n<p align=\"JUSTIFY\">____<\/p>\n","protected":false},"excerpt":{"rendered":"<p>REDAZIONE L&#8217;inchiesta della giornalista e insegnante Luisa Manfroi sar\u00e0 messa in onda su Radio Pi\u00f9, frequenze FM lunedi alle 13.05 e martedi alla stessa ora con replica serale alle 20.30. LA PRESENTAZIONE DI LUISA MANFROI Inchiesta: \u201cQuando la tecnologia rischia di non includere\u201d Questa inchiesta che ho condotto in queste settimane si concentra sull&#8217;incidenza della&hellip;<\/p>\n","protected":false},"author":4,"featured_media":358635,"comment_status":"closed","ping_status":"closed","sticky":false,"template":"","format":"standard","meta":{"_monsterinsights_skip_tracking":false,"_monsterinsights_sitenote_active":false,"_monsterinsights_sitenote_note":"","_monsterinsights_sitenote_category":0,"footnotes":""},"categories":[51,49],"tags":[],"class_list":["post-358634","post","type-post","status-publish","format-standard","has-post-thumbnail","hentry","category-evidenza-top","category-news-18","category-51","category-49","description-off"],"img_url":"https:\/\/www.radiopiu.net\/wordpress\/wp-content\/uploads\/2023\/10\/monitor-1307227_640.jpg","_links":{"self":[{"href":"https:\/\/www.radiopiu.net\/wordpress\/wp-json\/wp\/v2\/posts\/358634","targetHints":{"allow":["GET"]}}],"collection":[{"href":"https:\/\/www.radiopiu.net\/wordpress\/wp-json\/wp\/v2\/posts"}],"about":[{"href":"https:\/\/www.radiopiu.net\/wordpress\/wp-json\/wp\/v2\/types\/post"}],"author":[{"embeddable":true,"href":"https:\/\/www.radiopiu.net\/wordpress\/wp-json\/wp\/v2\/users\/4"}],"replies":[{"embeddable":true,"href":"https:\/\/www.radiopiu.net\/wordpress\/wp-json\/wp\/v2\/comments?post=358634"}],"version-history":[{"count":0,"href":"https:\/\/www.radiopiu.net\/wordpress\/wp-json\/wp\/v2\/posts\/358634\/revisions"}],"wp:featuredmedia":[{"embeddable":true,"href":"https:\/\/www.radiopiu.net\/wordpress\/wp-json\/wp\/v2\/media\/358635"}],"wp:attachment":[{"href":"https:\/\/www.radiopiu.net\/wordpress\/wp-json\/wp\/v2\/media?parent=358634"}],"wp:term":[{"taxonomy":"category","embeddable":true,"href":"https:\/\/www.radiopiu.net\/wordpress\/wp-json\/wp\/v2\/categories?post=358634"},{"taxonomy":"post_tag","embeddable":true,"href":"https:\/\/www.radiopiu.net\/wordpress\/wp-json\/wp\/v2\/tags?post=358634"}],"curies":[{"name":"wp","href":"https:\/\/api.w.org\/{rel}","templated":true}]}}