{"id":358645,"date":"2023-10-26T05:44:47","date_gmt":"2023-10-26T03:44:47","guid":{"rendered":"https:\/\/www.radiopiu.net\/wordpress\/?p=358645"},"modified":"2023-10-27T06:03:59","modified_gmt":"2023-10-27T04:03:59","slug":"safilo-adesione-corale-dei-lavoratori-ad-accordi-per-cessione-a-thelios-e-innovatek","status":"publish","type":"post","link":"https:\/\/www.radiopiu.net\/wordpress\/safilo-adesione-corale-dei-lavoratori-ad-accordi-per-cessione-a-thelios-e-innovatek\/","title":{"rendered":"SAFILO,  ADESIONE CORALE DEI LAVORATORI AD ACCORDI PER CESSIONE A THELIOS E INNOVATEK"},"content":{"rendered":"<p><img loading=\"lazy\" decoding=\"async\" class=\"alignleft\" src=\"https:\/\/www.radiopiu.net\/wordpress\/wp-content\/uploads\/2023\/01\/SAFILO.png\" width=\"299\" height=\"192\" \/><strong>VENEZIA\u00a0<\/strong> Oggi si \u00e8 conclusa la sessione di incontri finalizzati alla firma dei verbali di conciliazione presso lo stabilimento Safilo di Longarone\u00a0 grazie alla sottoscrizione unanime di tutti i lavoratori. Questa unanimit\u00e0 deriva dal riconoscimento dell&#8217;accordo come vantaggioso per la salvaguardia dell&#8217;occupazione, degli investimenti e delle competenze. L&#8217;Assessore regionale al lavoro, Elena Donazzan, sottolinea che questo risultato \u00e8 il frutto di un lungo e costruttivo lavoro da parte di tutte le parti coinvolte, tra cui le organizzazioni sindacali, le aziende Safilo, Th\u00e9lios e Innovatek, la Confindustria di Belluno e la FILCTEM CGIL. L&#8217;accordo permette la cessione dei rami di azienda e la firma di ciascun lavoratore costituisce un via libera a questa cessione. In cambio delle maggiori tutele e vantaggi concesse ai lavoratori, le aziende richiedevano una tutela da eventuali future contestazioni. Si esprime soddisfazione per questo risultato e si pensa subito alla ripartenza delle attivit\u00e0 con i nuovi titolari, Th\u00e9lios e Innovatek. La prossima settimana si terr\u00e0 un incontro tra le aziende presso la sede regionale per attivare gli strumenti a supporto della riorganizzazione. La Regione del Veneto, con il supporto dell&#8217;Unit\u00e0 di Crisi aziendali, continuer\u00e0 a monitorare il processo di rilancio definito nei piani industriali insieme alle parti coinvolte. \u00c8 previsto anche un Comitato di Sorveglianza Socio-istituzionale che sar\u00e0 programmato nei prossimi giorni.<\/p>\n<blockquote>\n<h3>ZAIA, \u201cSODDISFAZIONE PER UN ACCORDO CHE, OLTRE A SALVAGUARDARE I POSTI, FARA\u2019 LA STORIA DELLE RELAZIONI INDUSTRIALI\u201d<\/h3>\n<\/blockquote>\n<p align=\"JUSTIFY\"><span style=\"color: #000000;\"><strong>VENEZIA<\/strong> <em>\u201c<\/em><span style=\"font-size: medium;\"><em>Voglio esprimere la grande soddisfazione per un accordo che garantisce la continuit\u00e0 occupazionale dei lavoratori di un\u2019azienda, Safilo, che ha fatto la storia dell\u2019occhialeria, oltre ad essere emblema della ricostruzione dopo il disastro del Vajont. Ora la continuit\u00e0 e il futuro sono in mano a due nuove imprese, Thelios e Innovatek, che, nello stesso settore strategico dell\u2019occhialeria, hanno scelto di investire sul territorio, ma soprattutto sui suoi lavoratori\u201d.<\/em> <\/span><\/span><span style=\"color: #222222;\"><span style=\"font-size: medium;\">Cos\u00ec il Presidente della Regione del Veneto Luca Zaia. <\/span><\/span><em><span style=\"color: #222222;\">\u201c<span style=\"font-size: medium;\">Questo \u00e8 un accordo che incider\u00e0 nella storia delle relazioni industriali, perch\u00e9 garant<\/span><\/span><a href=\"mailto:ufficiostampa@regione.veneto.it\"><span style=\"color: #222222;\"><span style=\"font-size: small;\">ufficiostampa@regione.veneto.it<\/span><\/span><\/a><span style=\"color: #222222;\"><span style=\"font-size: medium;\">isce che le condizioni dei lavoratori nel passaggio non subiscano alcun peggioramento nemmeno nella condizione retributiva \u2013 conclude Zaia -. Ed \u00e8 un risultato raggiunto grazie ad un lavoro corale per cui ringrazio tutte le parti l\u2019assessore Donazzan e la nostra Unit\u00e0 di Crisi regionale che, con responsabilit\u00e0 e senza lasciare nulla di intentato, hanno seguito l\u2019intero percorso, non certo scontato nel risultato, portando a buon fine il tutto\u201d.<\/span><\/span><\/em><\/p>\n<div class=\"flex-1 overflow-hidden\">\n<div class=\"react-scroll-to-bottom--css-ozhii-79elbk h-full dark:bg-gray-800\">\n<div class=\"react-scroll-to-bottom--css-ozhii-1n7m0yu\">\n<div class=\"flex flex-col text-sm gizmo:pb-9 dark:bg-gray-800\">\n<div class=\"group final-completion w-full text-token-text-primary border-b border-black\/10 gizmo:border-0 dark:border-gray-900\/50 gizmo:dark:border-0 bg-gray-50 gizmo:bg-transparent dark:bg-[#444654] gizmo:dark:bg-transparent\" data-testid=\"conversation-turn-3\">\n<div class=\"p-4 gizmo:py-2 justify-center text-base md:gap-6 md:py-6 m-auto\">\n<div class=\"flex flex-1 gap-4 text-base mx-auto md:gap-6 gizmo:gap-3 gizmo:md:px-5 gizmo:lg:px-1 gizmo:xl:px-5 md:max-w-2xl lg:max-w-[38rem] gizmo:md:max-w-3xl gizmo:lg:max-w-[40rem] gizmo:xl:max-w-[48rem] xl:max-w-3xl }\">\n<div class=\"relative flex w-[calc(100%-50px)] flex-col gizmo:w-full lg:w-[calc(100%-115px)] agent-turn\">\n<div class=\"flex-col gap-1 md:gap-3\"><\/div>\n<div>\n<blockquote>\n<h2>Safilo, s\u00ec unanime agli accordi di cessione a Th\u00e9lios e Innovatek. Soddisfazione della Femca Cisl<\/h2>\n<\/blockquote>\n<p><em>\u201cCi abbiamo creduto da subito e non possiamo che essere soddisfatti che tutti i lavoratori abbiano firmato i verbali di conciliazione necessari per l\u2019attuazione degli accordi per il passaggio a Th\u00e8lios e Innovatek\u201d.<\/em> Soddisfazione per Gianni Boato segretario generale della Femca Cisl Belluno Treviso<\/p>\n<p>DI BARBARA PAOLAZZI<\/p>\n<audio class=\"wp-audio-shortcode\" id=\"audio-358645-1\" preload=\"none\" style=\"width: 100%;\" controls=\"controls\"><source type=\"audio\/mpeg\" src=\"https:\/\/www.radiopiu.net\/wordpress\/wp-content\/uploads\/2023\/10\/safilo-barbara.mp3?_=1\" \/><a href=\"https:\/\/www.radiopiu.net\/wordpress\/wp-content\/uploads\/2023\/10\/safilo-barbara.mp3\">https:\/\/www.radiopiu.net\/wordpress\/wp-content\/uploads\/2023\/10\/safilo-barbara.mp3<\/a><\/audio>\n<p>&nbsp;<\/p>\n<hr \/>\n<\/div>\n<\/div>\n<div><\/div>\n<\/div>\n<\/div>\n<\/div>\n<\/div>\n<\/div>\n<\/div>\n<\/div>\n<div class=\"w-full pt-2 md:pt-0 border-t md:border-t-0 dark:border-white\/20 md:border-transparent md:dark:border-transparent md:pl-2 gizmo:pl-0 gizmo:md:pl-0 md:w-[calc(100%-.5rem)] absolute bottom-0 left-0 md:bg-vert-light-gradient bg-white dark:bg-gray-800 md:!bg-transparent dark:md:bg-vert-dark-gradient\">\n<form class=\"stretch mx-2 flex flex-row gap-3 last:mb-2 md:mx-4 md:last:mb-6 lg:mx-auto lg:max-w-2xl xl:max-w-3xl\">\n<div class=\"h-full flex ml-1 md:w-full md:m-auto md:mb-4 gap-0 md:gap-2 justify-center\">:___<\/div>\n<\/form>\n<\/div>\n","protected":false},"excerpt":{"rendered":"<p>VENEZIA\u00a0 Oggi si \u00e8 conclusa la sessione di incontri finalizzati alla firma dei verbali di conciliazione presso lo stabilimento Safilo di Longarone\u00a0 grazie alla sottoscrizione unanime di tutti i lavoratori. Questa unanimit\u00e0 deriva dal riconoscimento dell&#8217;accordo come vantaggioso per la salvaguardia dell&#8217;occupazione, degli investimenti e delle competenze. L&#8217;Assessore regionale al lavoro, Elena Donazzan, sottolinea che&hellip;<\/p>\n","protected":false},"author":4,"featured_media":318963,"comment_status":"closed","ping_status":"closed","sticky":false,"template":"","format":"standard","meta":{"_monsterinsights_skip_tracking":false,"_monsterinsights_sitenote_active":false,"_monsterinsights_sitenote_note":"","_monsterinsights_sitenote_category":0,"footnotes":""},"categories":[51,49],"tags":[],"class_list":["post-358645","post","type-post","status-publish","format-standard","has-post-thumbnail","hentry","category-evidenza-top","category-news-18","category-51","category-49","description-off"],"img_url":"https:\/\/www.radiopiu.net\/wordpress\/wp-content\/uploads\/2023\/01\/SAFILO.png","_links":{"self":[{"href":"https:\/\/www.radiopiu.net\/wordpress\/wp-json\/wp\/v2\/posts\/358645","targetHints":{"allow":["GET"]}}],"collection":[{"href":"https:\/\/www.radiopiu.net\/wordpress\/wp-json\/wp\/v2\/posts"}],"about":[{"href":"https:\/\/www.radiopiu.net\/wordpress\/wp-json\/wp\/v2\/types\/post"}],"author":[{"embeddable":true,"href":"https:\/\/www.radiopiu.net\/wordpress\/wp-json\/wp\/v2\/users\/4"}],"replies":[{"embeddable":true,"href":"https:\/\/www.radiopiu.net\/wordpress\/wp-json\/wp\/v2\/comments?post=358645"}],"version-history":[{"count":0,"href":"https:\/\/www.radiopiu.net\/wordpress\/wp-json\/wp\/v2\/posts\/358645\/revisions"}],"wp:featuredmedia":[{"embeddable":true,"href":"https:\/\/www.radiopiu.net\/wordpress\/wp-json\/wp\/v2\/media\/318963"}],"wp:attachment":[{"href":"https:\/\/www.radiopiu.net\/wordpress\/wp-json\/wp\/v2\/media?parent=358645"}],"wp:term":[{"taxonomy":"category","embeddable":true,"href":"https:\/\/www.radiopiu.net\/wordpress\/wp-json\/wp\/v2\/categories?post=358645"},{"taxonomy":"post_tag","embeddable":true,"href":"https:\/\/www.radiopiu.net\/wordpress\/wp-json\/wp\/v2\/tags?post=358645"}],"curies":[{"name":"wp","href":"https:\/\/api.w.org\/{rel}","templated":true}]}}