{"id":358847,"date":"2023-10-30T05:14:54","date_gmt":"2023-10-30T04:14:54","guid":{"rendered":"https:\/\/www.radiopiu.net\/wordpress\/?p=358847"},"modified":"2023-10-30T09:57:36","modified_gmt":"2023-10-30T08:57:36","slug":"giornale-radiopiu-30-ottobre-2023-direttore-mirko-mezzacasada-40-anni-25-giugno-1983-25-giugno-2023","status":"publish","type":"post","link":"https:\/\/www.radiopiu.net\/wordpress\/giornale-radiopiu-30-ottobre-2023-direttore-mirko-mezzacasada-40-anni-25-giugno-1983-25-giugno-2023\/","title":{"rendered":"GIORNALE RADIOPIU 30 OTTOBRE 2023 DIRETTORE MIRKO MEZZACASA\u2026DA 40 ANNI 25 GIUGNO 1983-25 GIUGNO 2023"},"content":{"rendered":"<h1 class=\"entry-title photoswipe-wrapper\">40esimo di RADIOPIU\u2026. LA VOCE DELL\u2019EMOZIONE<\/h1>\n<h2><span style=\"color: #ff0000;\">ISCRIVITI AL NOSTRO CANALE\u00a0\u00a0YOUTUBE PER SEGUIRE IN DIRETTA I PRINCIPALI PROGRAMMI DI RADIO PIU\u2019 E LE FUTURE DIRETTE IN ESTERNA. PER ISCRIVERTI <a style=\"color: #ff0000;\" href=\"https:\/\/youtube.com\/@radiopiu1527\">CLICCA QUI\u00a0<\/a>E PREMI\u00a0 \u201cIscriviti\u201d\u00a0\u00a0<\/span><b>\u00a0<\/b><\/h2>\n<p>&nbsp;<\/p>\n<blockquote>\n<h1>INIZIATIVE ULSS1 DOLOMITI-BELLUNO<\/h1>\n\n\t\t\t<style type='text\/css'>\n\t\t\t\t#gallery-1 {\n\t\t\t\t\tmargin: auto;\n\t\t\t\t}\n\t\t\t\t#gallery-1 .gallery-item {\n\t\t\t\t\tfloat: left;\n\t\t\t\t\tmargin-top: 10px;\n\t\t\t\t\ttext-align: center;\n\t\t\t\t\twidth: 100%;\n\t\t\t\t}\n\t\t\t\t#gallery-1 img {\n\t\t\t\t\tborder: 2px solid #cfcfcf;\n\t\t\t\t}\n\t\t\t\t#gallery-1 .gallery-caption {\n\t\t\t\t\tmargin-left: 0;\n\t\t\t\t}\n\t\t\t\t\/* see gallery_shortcode() in wp-includes\/media.php *\/\n\t\t\t<\/style>\n\t\t<div id='gallery-1' class='dt-gallery-container gallery galleryid-358847 gallery-columns-1 gallery-size-medium'><dl class='gallery-item'>\n\t\t\t\t<dt class='gallery-icon portrait'>\n\t\t\t\t\t<a class=\"rollover rollover-zoom dt-pswp-item\" title=\"392878514_822842989540507_2672116902826523400_n\" data-dt-img-description=\"\" data-large_image_width=\"509\" data-large_image_height=\"720\"href='https:\/\/www.radiopiu.net\/wordpress\/wp-content\/uploads\/2023\/10\/392878514_822842989540507_2672116902826523400_n.jpg'><img loading=\"lazy\" decoding=\"async\" width=\"212\" height=\"300\" src=\"https:\/\/www.radiopiu.net\/wordpress\/wp-content\/uploads\/2023\/10\/392878514_822842989540507_2672116902826523400_n-212x300.jpg\" class=\"attachment-medium size-medium\" alt=\"\" srcset=\"https:\/\/www.radiopiu.net\/wordpress\/wp-content\/uploads\/2023\/10\/392878514_822842989540507_2672116902826523400_n-212x300.jpg 212w, https:\/\/www.radiopiu.net\/wordpress\/wp-content\/uploads\/2023\/10\/392878514_822842989540507_2672116902826523400_n.jpg 509w\" sizes=\"auto, (max-width: 212px) 100vw, 212px\" \/><\/a>\n\t\t\t\t<\/dt><\/dl><br style=\"clear: both\" \/>\n\t\t\t<\/div>\n<\/blockquote>\n<p>&nbsp;<\/p>\n<hr \/>\n<p>&nbsp;<\/p>\n<p><strong>SP 347 DURAN-CEREDA<\/strong> localit\u00e0 Mota Bianca,<span style=\"color: #ff0000;\"> dal 30 ottobre al 30 novembre<\/span> &#8211; sabato e domenica esclusi &#8211; senso unico alternato regolato da movieri con interruzioni fino a 30 minuti per lavori di taglio piante affette da bostrico.<\/p>\n<p><strong>SP 563 SALESEI <\/strong><span style=\"color: #ff0000;\">\u00a0fino al 17 novembre<\/span> in localit\u00e0 Digonera di Rocca Pietore interdizione al traffico<\/p>\n<p>&nbsp;<\/p>\n<p>&nbsp;<\/p>\n<hr \/>\n<p>&nbsp;<\/p>\n<p><a class=\"dt-pswp-item\" href=\"https:\/\/www.radiopiu.net\/wordpress\/wp-content\/uploads\/2023\/10\/34f4cfc6-e863-46e9-9695-8df44be63421.jpg\" data-dt-img-description=\"\" data-large_image_width=\"1200\" data-large_image_height=\"1200\"><img loading=\"lazy\" decoding=\"async\" class=\"wp-image-357393 alignleft\" src=\"https:\/\/www.radiopiu.net\/wordpress\/wp-content\/uploads\/2023\/10\/34f4cfc6-e863-46e9-9695-8df44be63421-300x300.jpg\" alt=\"\" width=\"81\" height=\"81\" srcset=\"https:\/\/www.radiopiu.net\/wordpress\/wp-content\/uploads\/2023\/10\/34f4cfc6-e863-46e9-9695-8df44be63421-300x300.jpg 300w, https:\/\/www.radiopiu.net\/wordpress\/wp-content\/uploads\/2023\/10\/34f4cfc6-e863-46e9-9695-8df44be63421-1024x1024.jpg 1024w, https:\/\/www.radiopiu.net\/wordpress\/wp-content\/uploads\/2023\/10\/34f4cfc6-e863-46e9-9695-8df44be63421-150x150.jpg 150w, https:\/\/www.radiopiu.net\/wordpress\/wp-content\/uploads\/2023\/10\/34f4cfc6-e863-46e9-9695-8df44be63421-768x768.jpg 768w, https:\/\/www.radiopiu.net\/wordpress\/wp-content\/uploads\/2023\/10\/34f4cfc6-e863-46e9-9695-8df44be63421.jpg 1200w\" sizes=\"auto, (max-width: 81px) 100vw, 81px\" \/><\/a>OGGI ALLA RADIO: <strong>ALLE 7<\/strong> LA RASSEGNA STAMPA LOCALE FLASH, PER CHI COME NOI ALLE SETTE DEL MATTINO VA DI FRETTA, TANTE NOTIZIE IN POCHE CHIACCHIERE. <strong>ALLE OTTO<\/strong> L&#8217;APPROFONDIMENTO NELLA STORICA RASSEGNA STAMPA LOCALE<\/p>\n<p><strong>ALLE 10.15 E 19.30<\/strong> PERITI MINERARI, LO SPECIALE DEL LUNEDI CON L&#8217;APIM, associazione periti minerari di Agordo.<\/p>\n<p><strong>ALLE 9.30 E 18.30<\/strong> I RACCONTI PAOLO SOPPELSA<br \/>\n<strong>ALLE 10.30 E 1900<\/strong> FRANCESCO ZILLIO &#8230; EP CENTER ! SECONDA PUNTATA, CONTROLLI, MANUTENZIONE, CERTIFICATI&#8230;<br \/>\n<strong>ALLE 13.05 20.30<\/strong> LO SPECIALE DI LUISA MANFROI, SEMPRE CONNESSI DUE PUNTATE SPECIALI OGGI E DOMANI<\/p>\n<p><strong>ALLE 16.30<\/strong> LO SPORT, GIESSE CALCIO A 5 CANOTTIERI BELLUNO, SULLE 3 RADIO DA CORTINA A TRENTO: SECONDA PUNTATA<\/p>\n<p><span style=\"color: #ff0000;\">GIORNALE RADIO LOCALE:<\/span> 7.00 RASSEGNA STAMPA FLASH 8.00 RASSEGNA STAMPA LOCALE 10.05 GR FLASH 11.05 GR FLASH 12.30 GIORNALE RADIO EDIZIONE PRINCIPALE 14.30 VIABILITA&#8217; 15 METEO 1605 1630 LO SPORT GR FLASH 17 GR FLASH 18 GR FLASH 18.30 L&#8217;APPROFONDIMENTO 19 I TITOLI DAL TG DI ANTENNA 3, CANALE 10 DIGITALE TERRESTRE 20.15 METEO,20.30 APPROFONDIMENTO<\/p>\n<p>&nbsp;<\/p>\n<p>&nbsp;<\/p>\n<hr \/>\n<p>&nbsp;<\/p>\n<blockquote>\n<h3>DA OGGI ALLERTA ARANCIONE PER CRITICITA\u2019 IDROGEOLOGICA E IDRAULICA SU GRAN PARTE DEL VENETO<\/h3>\n<\/blockquote>\n<p><strong>VENEZIA <\/strong>Il Meteo regionale segnala tra oggi e la prima parte di domani fasi di tempo perturbato con precipitazioni diffuse, anche a carattere di rovescio o temporale e localmente consistenti specie sulle zone centrosettentrionali. Rinforzo dei venti dai quadranti meridionali in quota e lungo la costa. Considerati i fenomeni meteorologici previsti, il Centro Funzionale Decentrato della Protezione Civile regionale comunica che, per criticit\u00e0 idraulica, \u00e8 stata dichiarata la fase operativa di \u201cPreallarme\u201d (Arancione) dalle 16 di oggi alla mezzanotte del 1\u00b0 novembre su tutti i bacini idrografici del Veneto. \u00c8 stata inoltre dichiarata, per criticit\u00e0 idrogeologica, la fase operativa di \u201cPreallarme\u201d (Arancione) dalle 12 di oggi alle 14 di domani. \u00c8 dichiarata inoltre, per vento forte, la fase operativa di attenzione su costa e pianura limitrofa da riconfigurare, a livello locale, in fase operativa di pre-allarme o allarme a seconda dell\u2019intensit\u00e0 del vento dalle ore 12 di oggi alle 12 ddi domani.<\/p>\n<p><a class=\"dt-pswp-item\" href=\"https:\/\/www.radiopiu.net\/wordpress\/wp-content\/uploads\/2023\/10\/SCR-20231029-obxo.png\" data-dt-img-description=\"\" data-large_image_width=\"1300\" data-large_image_height=\"360\"><img loading=\"lazy\" decoding=\"async\" class=\"alignnone wp-image-359003 size-large\" src=\"https:\/\/www.radiopiu.net\/wordpress\/wp-content\/uploads\/2023\/10\/SCR-20231029-obxo-1024x284.png\" alt=\"\" width=\"1024\" height=\"284\" srcset=\"https:\/\/www.radiopiu.net\/wordpress\/wp-content\/uploads\/2023\/10\/SCR-20231029-obxo-1024x284.png 1024w, https:\/\/www.radiopiu.net\/wordpress\/wp-content\/uploads\/2023\/10\/SCR-20231029-obxo-300x83.png 300w, https:\/\/www.radiopiu.net\/wordpress\/wp-content\/uploads\/2023\/10\/SCR-20231029-obxo-768x213.png 768w, https:\/\/www.radiopiu.net\/wordpress\/wp-content\/uploads\/2023\/10\/SCR-20231029-obxo.png 1300w\" sizes=\"auto, (max-width: 1024px) 100vw, 1024px\" \/><\/a><\/p>\n<p>&nbsp;<\/p>\n<hr \/>\n<p>&nbsp;<\/p>\n<blockquote>\n<h3>LA MANIFESTAZIONE REGIONALE PER LA SANITA&#8217; PUBBLICA<\/h3>\n<\/blockquote>\n<p><strong>BELLUNO <\/strong>QUATTROMILA ALMENO, sfilando tra la stazione e piazza del Duomo. Su 61 sindaci, 7 erano presenti. Striscioni e cartelli, bandiere di associazioni, partiti e sindacati, per dire no alla privatizzazione della sanit\u00e0 e per chiedere il rispetto dell&#8217;articolo 32 della Costituzione: il diritto ad una sanit\u00e0 pubblica. L&#8217;appuntamento\u00a0 organizzato dal Coordinamento Veneto Sanit\u00e0 Pubblica (CoVeSaP) e dalla rete Gi\u00f9 le mani della sanit\u00e0 bellunese al motto &#8220;la salute non si vende, la salute si difende&#8221; e &#8220;Zero soldi agli arsenali, tutti i soldi agli ospedali&#8221;. Per far sentire alta la voce della protesta sono state distribuite ai manifestanti delle cartoline da inviare al presidente Luca Zaia e all&#8217;assessore Manuela Lanzarin con la richiesta di un &#8220;impegno reale a favore del diritto alla salute&#8221;.\u00a0\u2014<\/p>\n<p><strong>FOTO DI LUISA ALCHINI<\/strong><\/p>\n\n\t\t\t<style type='text\/css'>\n\t\t\t\t#gallery-2 {\n\t\t\t\t\tmargin: auto;\n\t\t\t\t}\n\t\t\t\t#gallery-2 .gallery-item {\n\t\t\t\t\tfloat: left;\n\t\t\t\t\tmargin-top: 10px;\n\t\t\t\t\ttext-align: center;\n\t\t\t\t\twidth: 14%;\n\t\t\t\t}\n\t\t\t\t#gallery-2 img {\n\t\t\t\t\tborder: 2px solid #cfcfcf;\n\t\t\t\t}\n\t\t\t\t#gallery-2 .gallery-caption {\n\t\t\t\t\tmargin-left: 0;\n\t\t\t\t}\n\t\t\t\t\/* see gallery_shortcode() in wp-includes\/media.php *\/\n\t\t\t<\/style>\n\t\t<div id='gallery-2' class='dt-gallery-container gallery galleryid-358847 gallery-columns-7 gallery-size-thumbnail'><dl class='gallery-item'>\n\t\t\t\t<dt class='gallery-icon portrait'>\n\t\t\t\t\t<a class=\"rollover rollover-zoom dt-pswp-item\" title=\"9d7df2c2-0dbd-43d1-9e6f-befcf38c8782\" data-dt-img-description=\"\" data-large_image_width=\"899\" data-large_image_height=\"1599\"href='https:\/\/www.radiopiu.net\/wordpress\/wp-content\/uploads\/2023\/10\/9d7df2c2-0dbd-43d1-9e6f-befcf38c8782.jpg'><img loading=\"lazy\" decoding=\"async\" width=\"150\" height=\"150\" src=\"https:\/\/www.radiopiu.net\/wordpress\/wp-content\/uploads\/2023\/10\/9d7df2c2-0dbd-43d1-9e6f-befcf38c8782-150x150.jpg\" class=\"attachment-thumbnail size-thumbnail\" alt=\"\" \/><\/a>\n\t\t\t\t<\/dt><\/dl><dl class='gallery-item'>\n\t\t\t\t<dt class='gallery-icon portrait'>\n\t\t\t\t\t<a class=\"rollover rollover-zoom dt-pswp-item\" title=\"9d7019fd-4d1e-4b5a-89a3-a0471c0a2b7a\" data-dt-img-description=\"\" data-large_image_width=\"899\" data-large_image_height=\"1599\"href='https:\/\/www.radiopiu.net\/wordpress\/wp-content\/uploads\/2023\/10\/9d7019fd-4d1e-4b5a-89a3-a0471c0a2b7a.jpg'><img loading=\"lazy\" decoding=\"async\" width=\"150\" height=\"150\" src=\"https:\/\/www.radiopiu.net\/wordpress\/wp-content\/uploads\/2023\/10\/9d7019fd-4d1e-4b5a-89a3-a0471c0a2b7a-150x150.jpg\" class=\"attachment-thumbnail size-thumbnail\" alt=\"\" \/><\/a>\n\t\t\t\t<\/dt><\/dl><dl class='gallery-item'>\n\t\t\t\t<dt class='gallery-icon portrait'>\n\t\t\t\t\t<a class=\"rollover rollover-zoom dt-pswp-item\" title=\"434ac34b-e3fb-456d-99ca-66fbc5eb0766\" data-dt-img-description=\"\" data-large_image_width=\"899\" data-large_image_height=\"1599\"href='https:\/\/www.radiopiu.net\/wordpress\/wp-content\/uploads\/2023\/10\/434ac34b-e3fb-456d-99ca-66fbc5eb0766.jpg'><img loading=\"lazy\" decoding=\"async\" width=\"150\" height=\"150\" src=\"https:\/\/www.radiopiu.net\/wordpress\/wp-content\/uploads\/2023\/10\/434ac34b-e3fb-456d-99ca-66fbc5eb0766-150x150.jpg\" class=\"attachment-thumbnail size-thumbnail\" alt=\"\" \/><\/a>\n\t\t\t\t<\/dt><\/dl><dl class='gallery-item'>\n\t\t\t\t<dt class='gallery-icon portrait'>\n\t\t\t\t\t<a class=\"rollover rollover-zoom dt-pswp-item\" title=\"1849bbef-25b6-4f2b-ac26-e9151fe3a836\" data-dt-img-description=\"\" data-large_image_width=\"899\" data-large_image_height=\"1599\"href='https:\/\/www.radiopiu.net\/wordpress\/wp-content\/uploads\/2023\/10\/1849bbef-25b6-4f2b-ac26-e9151fe3a836.jpg'><img loading=\"lazy\" decoding=\"async\" width=\"150\" height=\"150\" src=\"https:\/\/www.radiopiu.net\/wordpress\/wp-content\/uploads\/2023\/10\/1849bbef-25b6-4f2b-ac26-e9151fe3a836-150x150.jpg\" class=\"attachment-thumbnail size-thumbnail\" alt=\"\" \/><\/a>\n\t\t\t\t<\/dt><\/dl><dl class='gallery-item'>\n\t\t\t\t<dt class='gallery-icon portrait'>\n\t\t\t\t\t<a class=\"rollover rollover-zoom dt-pswp-item\" title=\"9347fefe-63a7-4954-a330-32ac0c0477d6\" data-dt-img-description=\"\" data-large_image_width=\"899\" data-large_image_height=\"1599\"href='https:\/\/www.radiopiu.net\/wordpress\/wp-content\/uploads\/2023\/10\/9347fefe-63a7-4954-a330-32ac0c0477d6.jpg'><img loading=\"lazy\" decoding=\"async\" width=\"150\" height=\"150\" src=\"https:\/\/www.radiopiu.net\/wordpress\/wp-content\/uploads\/2023\/10\/9347fefe-63a7-4954-a330-32ac0c0477d6-150x150.jpg\" class=\"attachment-thumbnail size-thumbnail\" alt=\"\" \/><\/a>\n\t\t\t\t<\/dt><\/dl><dl class='gallery-item'>\n\t\t\t\t<dt class='gallery-icon portrait'>\n\t\t\t\t\t<a class=\"rollover rollover-zoom dt-pswp-item\" title=\"365965e1-9bb3-4984-9d6e-db3d2607d9e0\" data-dt-img-description=\"\" data-large_image_width=\"899\" data-large_image_height=\"1599\"href='https:\/\/www.radiopiu.net\/wordpress\/wp-content\/uploads\/2023\/10\/365965e1-9bb3-4984-9d6e-db3d2607d9e0.jpg'><img loading=\"lazy\" decoding=\"async\" width=\"150\" height=\"150\" src=\"https:\/\/www.radiopiu.net\/wordpress\/wp-content\/uploads\/2023\/10\/365965e1-9bb3-4984-9d6e-db3d2607d9e0-150x150.jpg\" class=\"attachment-thumbnail size-thumbnail\" alt=\"\" \/><\/a>\n\t\t\t\t<\/dt><\/dl><dl class='gallery-item'>\n\t\t\t\t<dt class='gallery-icon portrait'>\n\t\t\t\t\t<a class=\"rollover rollover-zoom dt-pswp-item\" title=\"bbcdcacf-e7de-4de7-9821-32bc2939f5a4\" data-dt-img-description=\"\" data-large_image_width=\"899\" data-large_image_height=\"1599\"href='https:\/\/www.radiopiu.net\/wordpress\/wp-content\/uploads\/2023\/10\/bbcdcacf-e7de-4de7-9821-32bc2939f5a4.jpg'><img loading=\"lazy\" decoding=\"async\" width=\"150\" height=\"150\" src=\"https:\/\/www.radiopiu.net\/wordpress\/wp-content\/uploads\/2023\/10\/bbcdcacf-e7de-4de7-9821-32bc2939f5a4-150x150.jpg\" class=\"attachment-thumbnail size-thumbnail\" alt=\"\" \/><\/a>\n\t\t\t\t<\/dt><\/dl><br style=\"clear: both\" \/><dl class='gallery-item'>\n\t\t\t\t<dt class='gallery-icon portrait'>\n\t\t\t\t\t<a class=\"rollover rollover-zoom dt-pswp-item\" title=\"c9bab3c6-be45-4612-8630-ff070e9ee78e\" data-dt-img-description=\"\" data-large_image_width=\"899\" data-large_image_height=\"1599\"href='https:\/\/www.radiopiu.net\/wordpress\/wp-content\/uploads\/2023\/10\/c9bab3c6-be45-4612-8630-ff070e9ee78e.jpg'><img loading=\"lazy\" decoding=\"async\" width=\"150\" height=\"150\" src=\"https:\/\/www.radiopiu.net\/wordpress\/wp-content\/uploads\/2023\/10\/c9bab3c6-be45-4612-8630-ff070e9ee78e-150x150.jpg\" class=\"attachment-thumbnail size-thumbnail\" alt=\"\" \/><\/a>\n\t\t\t\t<\/dt><\/dl><dl class='gallery-item'>\n\t\t\t\t<dt class='gallery-icon portrait'>\n\t\t\t\t\t<a class=\"rollover rollover-zoom dt-pswp-item\" title=\"f64042bb-e906-4d3d-8556-718bf9e5d26e\" data-dt-img-description=\"\" data-large_image_width=\"899\" data-large_image_height=\"1599\"href='https:\/\/www.radiopiu.net\/wordpress\/wp-content\/uploads\/2023\/10\/f64042bb-e906-4d3d-8556-718bf9e5d26e.jpg'><img loading=\"lazy\" decoding=\"async\" width=\"150\" height=\"150\" src=\"https:\/\/www.radiopiu.net\/wordpress\/wp-content\/uploads\/2023\/10\/f64042bb-e906-4d3d-8556-718bf9e5d26e-150x150.jpg\" class=\"attachment-thumbnail size-thumbnail\" alt=\"\" \/><\/a>\n\t\t\t\t<\/dt><\/dl><dl class='gallery-item'>\n\t\t\t\t<dt class='gallery-icon portrait'>\n\t\t\t\t\t<a class=\"rollover rollover-zoom dt-pswp-item\" title=\"7c2001e8-e0ea-49d0-90d5-2ff7aa17fc3a\" data-dt-img-description=\"\" data-large_image_width=\"716\" data-large_image_height=\"1600\"href='https:\/\/www.radiopiu.net\/wordpress\/wp-content\/uploads\/2023\/10\/7c2001e8-e0ea-49d0-90d5-2ff7aa17fc3a.jpg'><img loading=\"lazy\" decoding=\"async\" width=\"150\" height=\"150\" src=\"https:\/\/www.radiopiu.net\/wordpress\/wp-content\/uploads\/2023\/10\/7c2001e8-e0ea-49d0-90d5-2ff7aa17fc3a-150x150.jpg\" class=\"attachment-thumbnail size-thumbnail\" alt=\"\" \/><\/a>\n\t\t\t\t<\/dt><\/dl><dl class='gallery-item'>\n\t\t\t\t<dt class='gallery-icon landscape'>\n\t\t\t\t\t<a class=\"rollover rollover-zoom dt-pswp-item\" title=\"80933404-bf80-4c38-a5c0-dd34e3834fcd\" data-dt-img-description=\"\" data-large_image_width=\"1600\" data-large_image_height=\"716\"href='https:\/\/www.radiopiu.net\/wordpress\/wp-content\/uploads\/2023\/10\/80933404-bf80-4c38-a5c0-dd34e3834fcd.jpg'><img loading=\"lazy\" decoding=\"async\" width=\"150\" height=\"150\" src=\"https:\/\/www.radiopiu.net\/wordpress\/wp-content\/uploads\/2023\/10\/80933404-bf80-4c38-a5c0-dd34e3834fcd-150x150.jpg\" class=\"attachment-thumbnail size-thumbnail\" alt=\"\" \/><\/a>\n\t\t\t\t<\/dt><\/dl><dl class='gallery-item'>\n\t\t\t\t<dt class='gallery-icon portrait'>\n\t\t\t\t\t<a class=\"rollover rollover-zoom dt-pswp-item\" title=\"c604a27f-0826-4c4f-a44d-69912f294101\" data-dt-img-description=\"\" data-large_image_width=\"716\" data-large_image_height=\"1600\"href='https:\/\/www.radiopiu.net\/wordpress\/wp-content\/uploads\/2023\/10\/c604a27f-0826-4c4f-a44d-69912f294101.jpg'><img loading=\"lazy\" decoding=\"async\" width=\"150\" height=\"150\" src=\"https:\/\/www.radiopiu.net\/wordpress\/wp-content\/uploads\/2023\/10\/c604a27f-0826-4c4f-a44d-69912f294101-150x150.jpg\" class=\"attachment-thumbnail size-thumbnail\" alt=\"\" \/><\/a>\n\t\t\t\t<\/dt><\/dl><dl class='gallery-item'>\n\t\t\t\t<dt class='gallery-icon landscape'>\n\t\t\t\t\t<a class=\"rollover rollover-zoom dt-pswp-item\" title=\"dfcbe02e-9679-40a0-8cdc-2af8334f43ce\" data-dt-img-description=\"\" data-large_image_width=\"1600\" data-large_image_height=\"716\"href='https:\/\/www.radiopiu.net\/wordpress\/wp-content\/uploads\/2023\/10\/dfcbe02e-9679-40a0-8cdc-2af8334f43ce.jpg'><img loading=\"lazy\" decoding=\"async\" width=\"150\" height=\"150\" src=\"https:\/\/www.radiopiu.net\/wordpress\/wp-content\/uploads\/2023\/10\/dfcbe02e-9679-40a0-8cdc-2af8334f43ce-150x150.jpg\" class=\"attachment-thumbnail size-thumbnail\" alt=\"\" \/><\/a>\n\t\t\t\t<\/dt><\/dl><dl class='gallery-item'>\n\t\t\t\t<dt class='gallery-icon portrait'>\n\t\t\t\t\t<a class=\"rollover rollover-zoom dt-pswp-item\" title=\"f0731a90-3c4a-4a24-a6c6-c830afebe358\" data-dt-img-description=\"\" data-large_image_width=\"716\" data-large_image_height=\"1600\"href='https:\/\/www.radiopiu.net\/wordpress\/wp-content\/uploads\/2023\/10\/f0731a90-3c4a-4a24-a6c6-c830afebe358.jpg'><img loading=\"lazy\" decoding=\"async\" width=\"150\" height=\"150\" src=\"https:\/\/www.radiopiu.net\/wordpress\/wp-content\/uploads\/2023\/10\/f0731a90-3c4a-4a24-a6c6-c830afebe358-150x150.jpg\" class=\"attachment-thumbnail size-thumbnail\" alt=\"\" \/><\/a>\n\t\t\t\t<\/dt><\/dl><br style=\"clear: both\" \/>\n\t\t\t<\/div>\n\n<p>&nbsp;<\/p>\n<hr \/>\n<p>&nbsp;<\/p>\n<blockquote>\n<h3>ALLA MANIFESTAZIONE REGIONALE PER LA SANITA&#8217; PRESENTI ANCHE I QUATTRO PRESIDI DI LIBERA DELLA PROVINCIA<\/h3>\n<\/blockquote>\n<p><strong>BELLUNO<\/strong> Alla manifestazione regionale per la sanit\u00e0 che si \u00e8 svolta sabato a Belluno erano presenti anche i quattro presidi Libera della provincia: Presidio &#8220;Barbara Rizzo&#8221; del Cadore, Presidio &#8220;Francesco Marcone&#8221; della Valbelluna, Presidio &#8220;Lia Pipitone&#8221; del Bellunese Orientale e Presidio &#8220;Lucia Precenzano e Salvatore Aversa&#8221; dell&#8217;Agordino.<\/p>\n\n\t\t\t<style type='text\/css'>\n\t\t\t\t#gallery-3 {\n\t\t\t\t\tmargin: auto;\n\t\t\t\t}\n\t\t\t\t#gallery-3 .gallery-item {\n\t\t\t\t\tfloat: left;\n\t\t\t\t\tmargin-top: 10px;\n\t\t\t\t\ttext-align: center;\n\t\t\t\t\twidth: 16%;\n\t\t\t\t}\n\t\t\t\t#gallery-3 img {\n\t\t\t\t\tborder: 2px solid #cfcfcf;\n\t\t\t\t}\n\t\t\t\t#gallery-3 .gallery-caption {\n\t\t\t\t\tmargin-left: 0;\n\t\t\t\t}\n\t\t\t\t\/* see gallery_shortcode() in wp-includes\/media.php *\/\n\t\t\t<\/style>\n\t\t<div id='gallery-3' class='dt-gallery-container gallery galleryid-358847 gallery-columns-6 gallery-size-thumbnail'><dl class='gallery-item'>\n\t\t\t\t<dt class='gallery-icon landscape'>\n\t\t\t\t\t<a class=\"rollover rollover-zoom dt-pswp-item\" title=\"863d5968-20b4-4462-b3e2-857f2be5b5b2\" data-dt-img-description=\"\" data-large_image_width=\"1600\" data-large_image_height=\"1200\"href='https:\/\/www.radiopiu.net\/wordpress\/wp-content\/uploads\/2023\/10\/863d5968-20b4-4462-b3e2-857f2be5b5b2.jpg'><img loading=\"lazy\" decoding=\"async\" width=\"150\" height=\"150\" src=\"https:\/\/www.radiopiu.net\/wordpress\/wp-content\/uploads\/2023\/10\/863d5968-20b4-4462-b3e2-857f2be5b5b2-150x150.jpg\" class=\"attachment-thumbnail size-thumbnail\" alt=\"\" \/><\/a>\n\t\t\t\t<\/dt><\/dl><dl class='gallery-item'>\n\t\t\t\t<dt class='gallery-icon landscape'>\n\t\t\t\t\t<a class=\"rollover rollover-zoom dt-pswp-item\" title=\"b79e3270-4410-42f7-a8fc-f4362784b19a\" data-dt-img-description=\"\" data-large_image_width=\"1600\" data-large_image_height=\"1200\"href='https:\/\/www.radiopiu.net\/wordpress\/wp-content\/uploads\/2023\/10\/b79e3270-4410-42f7-a8fc-f4362784b19a.jpg'><img loading=\"lazy\" decoding=\"async\" width=\"150\" height=\"150\" src=\"https:\/\/www.radiopiu.net\/wordpress\/wp-content\/uploads\/2023\/10\/b79e3270-4410-42f7-a8fc-f4362784b19a-150x150.jpg\" class=\"attachment-thumbnail size-thumbnail\" alt=\"\" \/><\/a>\n\t\t\t\t<\/dt><\/dl><dl class='gallery-item'>\n\t\t\t\t<dt class='gallery-icon landscape'>\n\t\t\t\t\t<a class=\"rollover rollover-zoom dt-pswp-item\" title=\"66df8baa-acb2-4a68-bb80-71d0155f1edc\" data-dt-img-description=\"\" data-large_image_width=\"1600\" data-large_image_height=\"1200\"href='https:\/\/www.radiopiu.net\/wordpress\/wp-content\/uploads\/2023\/10\/66df8baa-acb2-4a68-bb80-71d0155f1edc.jpg'><img loading=\"lazy\" decoding=\"async\" width=\"150\" height=\"150\" src=\"https:\/\/www.radiopiu.net\/wordpress\/wp-content\/uploads\/2023\/10\/66df8baa-acb2-4a68-bb80-71d0155f1edc-150x150.jpg\" class=\"attachment-thumbnail size-thumbnail\" alt=\"\" \/><\/a>\n\t\t\t\t<\/dt><\/dl><dl class='gallery-item'>\n\t\t\t\t<dt class='gallery-icon landscape'>\n\t\t\t\t\t<a class=\"rollover rollover-zoom dt-pswp-item\" title=\"9146dbe5-752d-4e48-8929-1dee46255ba1\" data-dt-img-description=\"\" data-large_image_width=\"1600\" data-large_image_height=\"1200\"href='https:\/\/www.radiopiu.net\/wordpress\/wp-content\/uploads\/2023\/10\/9146dbe5-752d-4e48-8929-1dee46255ba1.jpg'><img loading=\"lazy\" decoding=\"async\" width=\"150\" height=\"150\" src=\"https:\/\/www.radiopiu.net\/wordpress\/wp-content\/uploads\/2023\/10\/9146dbe5-752d-4e48-8929-1dee46255ba1-150x150.jpg\" class=\"attachment-thumbnail size-thumbnail\" alt=\"\" \/><\/a>\n\t\t\t\t<\/dt><\/dl><dl class='gallery-item'>\n\t\t\t\t<dt class='gallery-icon landscape'>\n\t\t\t\t\t<a class=\"rollover rollover-zoom dt-pswp-item\" title=\"c3d66d6a-40d6-4699-995a-316724a28e39\" data-dt-img-description=\"\" data-large_image_width=\"1600\" data-large_image_height=\"900\"href='https:\/\/www.radiopiu.net\/wordpress\/wp-content\/uploads\/2023\/10\/c3d66d6a-40d6-4699-995a-316724a28e39.jpg'><img loading=\"lazy\" decoding=\"async\" width=\"150\" height=\"150\" src=\"https:\/\/www.radiopiu.net\/wordpress\/wp-content\/uploads\/2023\/10\/c3d66d6a-40d6-4699-995a-316724a28e39-150x150.jpg\" class=\"attachment-thumbnail size-thumbnail\" alt=\"\" \/><\/a>\n\t\t\t\t<\/dt><\/dl><dl class='gallery-item'>\n\t\t\t\t<dt class='gallery-icon landscape'>\n\t\t\t\t\t<a class=\"rollover rollover-zoom dt-pswp-item\" title=\"3a993778-0644-4d99-a44d-84d63ee0da8a\" data-dt-img-description=\"\" data-large_image_width=\"1544\" data-large_image_height=\"1544\"href='https:\/\/www.radiopiu.net\/wordpress\/wp-content\/uploads\/2023\/10\/3a993778-0644-4d99-a44d-84d63ee0da8a.jpg'><img loading=\"lazy\" decoding=\"async\" width=\"150\" height=\"150\" src=\"https:\/\/www.radiopiu.net\/wordpress\/wp-content\/uploads\/2023\/10\/3a993778-0644-4d99-a44d-84d63ee0da8a-150x150.jpg\" class=\"attachment-thumbnail size-thumbnail\" alt=\"\" srcset=\"https:\/\/www.radiopiu.net\/wordpress\/wp-content\/uploads\/2023\/10\/3a993778-0644-4d99-a44d-84d63ee0da8a-150x150.jpg 150w, https:\/\/www.radiopiu.net\/wordpress\/wp-content\/uploads\/2023\/10\/3a993778-0644-4d99-a44d-84d63ee0da8a-300x300.jpg 300w, https:\/\/www.radiopiu.net\/wordpress\/wp-content\/uploads\/2023\/10\/3a993778-0644-4d99-a44d-84d63ee0da8a-1024x1024.jpg 1024w, https:\/\/www.radiopiu.net\/wordpress\/wp-content\/uploads\/2023\/10\/3a993778-0644-4d99-a44d-84d63ee0da8a-768x768.jpg 768w, https:\/\/www.radiopiu.net\/wordpress\/wp-content\/uploads\/2023\/10\/3a993778-0644-4d99-a44d-84d63ee0da8a-1536x1536.jpg 1536w, https:\/\/www.radiopiu.net\/wordpress\/wp-content\/uploads\/2023\/10\/3a993778-0644-4d99-a44d-84d63ee0da8a.jpg 1544w\" sizes=\"auto, (max-width: 150px) 100vw, 150px\" \/><\/a>\n\t\t\t\t<\/dt><\/dl><br style=\"clear: both\" \/>\n\t\t\t<\/div>\n\n<p>&nbsp;<\/p>\n<p><strong>L&#8217;INTERVENTO DI PIERMARIO FOP, COREFERENTE REGIONALE DI LIBERA<\/strong><\/p>\n<div style=\"width: 848px;\" class=\"wp-video\"><video class=\"wp-video-shortcode\" id=\"video-358847-1\" width=\"848\" height=\"480\" preload=\"metadata\" controls=\"controls\"><source type=\"video\/mp4\" src=\"https:\/\/www.radiopiu.net\/wordpress\/wp-content\/uploads\/2023\/10\/WhatsApp-Video-2023-10-29-at-17.21.44.mp4?_=1\" \/><a href=\"https:\/\/www.radiopiu.net\/wordpress\/wp-content\/uploads\/2023\/10\/WhatsApp-Video-2023-10-29-at-17.21.44.mp4\">https:\/\/www.radiopiu.net\/wordpress\/wp-content\/uploads\/2023\/10\/WhatsApp-Video-2023-10-29-at-17.21.44.mp4<\/a><\/video><\/div>\n<p>&nbsp;<\/p>\n<p>&nbsp;<\/p>\n<hr \/>\n<p>&nbsp;<\/p>\n<blockquote>\n<h3 class=\"entry-title\">ADDIO AD ANDREA DALL\u2019O AMATO MEDICO DI FAMIGLIA E AMMINISTRATORE DI \u201cRAZZA\u201d<\/h3>\n<\/blockquote>\n<p><a class=\"dt-pswp-item pspw-wrap-ready\" href=\"https:\/\/www.radiopiu.net\/wordpress\/wp-content\/uploads\/2023\/10\/Senza-nome-89.png\" data-dt-img-description=\"\" data-large_image_width=\"256\" data-large_image_height=\"297\"><img loading=\"lazy\" decoding=\"async\" class=\" wp-image-358950 alignleft\" src=\"https:\/\/www.radiopiu.net\/wordpress\/wp-content\/uploads\/2023\/10\/Senza-nome-89.png\" alt=\"\" width=\"131\" height=\"152\" \/><\/a><strong>BORGO VALBELLUNA<\/strong> Il noto medico di famiglia e figura di spicco della politica bellunese, Andrea Dall&#8217;O, \u00e8 scomparso all&#8217;et\u00e0 di 72 anni. Oltre ad essere un medico molto rispettato, \u00e8 stato attivo nella politica a livello provinciale e comunale, dedicando gran parte della sua vita alla comunit\u00e0. Nato a Belluno, ha guadagnato fama a Mel per la sua competenza e umanit\u00e0 come medico di base. La sua scomparsa ha colpito profondamente la comunit\u00e0 di Villa di Villa, dove ha prestato servizio per molti anni. Il sindaco Stefano Cesa ha elogiato il suo contributo come medico e amministratore pubblico, sottolineando le sue qualit\u00e0 umane. Dall&#8217;O ha avuto un coinvolgimento politico significativo, inizialmente con la Lega Nord, poi con la Liga Fronte Veneto e il Pab, un movimento autonomista. Tuttavia, ha mantenuto rapporti positivi con i leghisti bellunesi.<\/p>\n<p>&nbsp;<\/p>\n<p>&nbsp;<\/p>\n<hr \/>\n<p>&nbsp;<\/p>\n<blockquote>\n<h3>LENTIAI, FINISCE FUORI STRADA IN BILICO LUNGO LA SCARPATA CON IL FURGONE: ILLESO L\u2019AUTISTA<\/h3>\n<\/blockquote>\n<p><strong><a class=\"dt-pswp-item\" href=\"https:\/\/www.radiopiu.net\/wordpress\/wp-content\/uploads\/2023\/10\/996449a1-bc77-44ed-8e56-e03a999b8476.jpg\" data-dt-img-description=\"\" data-large_image_width=\"960\" data-large_image_height=\"1280\"><img loading=\"lazy\" decoding=\"async\" class=\" wp-image-358881 alignleft\" src=\"https:\/\/www.radiopiu.net\/wordpress\/wp-content\/uploads\/2023\/10\/996449a1-bc77-44ed-8e56-e03a999b8476-225x300.jpg\" alt=\"\" width=\"146\" height=\"195\" srcset=\"https:\/\/www.radiopiu.net\/wordpress\/wp-content\/uploads\/2023\/10\/996449a1-bc77-44ed-8e56-e03a999b8476-225x300.jpg 225w, https:\/\/www.radiopiu.net\/wordpress\/wp-content\/uploads\/2023\/10\/996449a1-bc77-44ed-8e56-e03a999b8476-768x1024.jpg 768w, https:\/\/www.radiopiu.net\/wordpress\/wp-content\/uploads\/2023\/10\/996449a1-bc77-44ed-8e56-e03a999b8476.jpg 960w\" sizes=\"auto, (max-width: 146px) 100vw, 146px\" \/><\/a> <\/strong><\/p>\n<p><strong>\u00a0<\/strong><\/p>\n<p><strong>BORGO VALBELLUNA<\/strong> All&#8217;1:30 di sabato, i Vigili del Fuoco sono intervenuti lungo la SP1 BIS al km 3 a Lentiai per la fuoriuscita autonoma di un furgone finito in bilico lungo la scarpata: nessuna persona \u00e8 rimasta ferita. I pompieri accorsi da Feltre e Belluno, anche con l\u2019autogr\u00f9, hanno messo in sicurezza il mezzo e proceduto al recupero dello stesso. Sul posto l\u2019ambulanza del Suem e i Carabinieri. Le operazioni di recupero del mezzo da parte dei Vigili del Fuoco sono terminate alle 4:30.<\/p>\n<p>&nbsp;<\/p>\n<p>&nbsp;<\/p>\n<p>&nbsp;<\/p>\n<hr \/>\n<p>&nbsp;<\/p>\n<blockquote>\n<h3>SMARRISCE IL SENTIERO SOPRA OSPITALE DI ZOLDO. RECUPERATO ESCURSIONISTA<\/h3>\n<\/blockquote>\n<p><strong><a class=\"dt-pswp-item\" href=\"https:\/\/www.radiopiu.net\/wordpress\/wp-content\/uploads\/2023\/10\/Watermark_20231028_181003_275.jpg\" data-dt-img-description=\"\" data-large_image_width=\"1832\" data-large_image_height=\"2290\"><img loading=\"lazy\" decoding=\"async\" class=\" wp-image-358928 alignleft\" src=\"https:\/\/www.radiopiu.net\/wordpress\/wp-content\/uploads\/2023\/10\/Watermark_20231028_181003_275-240x300.jpg\" alt=\"\" width=\"161\" height=\"202\" srcset=\"https:\/\/www.radiopiu.net\/wordpress\/wp-content\/uploads\/2023\/10\/Watermark_20231028_181003_275-240x300.jpg 240w, https:\/\/www.radiopiu.net\/wordpress\/wp-content\/uploads\/2023\/10\/Watermark_20231028_181003_275-819x1024.jpg 819w, https:\/\/www.radiopiu.net\/wordpress\/wp-content\/uploads\/2023\/10\/Watermark_20231028_181003_275-768x960.jpg 768w, https:\/\/www.radiopiu.net\/wordpress\/wp-content\/uploads\/2023\/10\/Watermark_20231028_181003_275-1229x1536.jpg 1229w, https:\/\/www.radiopiu.net\/wordpress\/wp-content\/uploads\/2023\/10\/Watermark_20231028_181003_275-1638x2048.jpg 1638w, https:\/\/www.radiopiu.net\/wordpress\/wp-content\/uploads\/2023\/10\/Watermark_20231028_181003_275.jpg 1832w\" sizes=\"auto, (max-width: 161px) 100vw, 161px\" \/><\/a>VAL DI ZOLDO<\/strong> Attorno alle 15 di sabato la Centrale del 118 \u00e8 stata attivata da quella di GeoResQ, a seguito della richiesta di aiuto di un escursionista, che aveva smarrito il sentiero sopra Ospitale di Zoldo. Non riuscendo a contattarlo direttamente, e soltanto tramite messaggi via GeoResQ, dalle prime informazioni si sapeva che l&#8217;uomo, che aveva seguito una traccia tra gli schianti, coperta poi da foglie e fango, si era perso ed era scivolato in un canale vicino a un corso d&#8217;acqua. Sul punto indicato dalle coordinate si \u00e8 quindi mossa una squadra del Soccorso alpino della Val di Zoldo. Ricevuto un ulteriore messaggio dal 47enne di Conegliano (TV) che non stava bene, l&#8217;elicottero del Suem di Pieve di Cadore ha effettuato una ricognizione, abbassandosi lungo il canale del Giaron della Serra, coperto da una fitta vegetazione, finch\u00e9 non \u00e8 riuscito a individuare l&#8217;escursionista, recuperato dal tecnico di elisoccorso con un verricello di 35 metri. L&#8217;uomo, con escoriazioni e un probabile trauma costale, \u00e8 stato trasportato all&#8217;ospedale di Belluno. La squadra che risaliva il sentiero non distante \u00e8 quindi rientrata.<\/p>\n<p>&nbsp;<\/p>\n<hr \/>\n<p>&nbsp;<\/p>\n<p>&nbsp;<\/p>\n<blockquote>\n<h3>FUGGE DAL LUPO, MA FINISCE SOTTO LE RUOTE DELLA TOYOTA.<\/h3>\n<\/blockquote>\n<p><strong>BELLUNO<\/strong> A Castion capriolo inseguito dal lupo, si butta in strada e finisce sotto le ruote dell&#8217;auto. Il capriolo rimane sulla strada agonizzante, poco dopo sar\u00e0 soppresso\u00a0 a bordo strada. Per l&#8217;auto qualche migliaio d&#8217;euro di danni a carico dell&#8217;assicurazione.<\/p>\n<p>&nbsp;<\/p>\n<p>&nbsp;<\/p>\n<hr \/>\n<p>&nbsp;<\/p>\n<blockquote>\n<h3>LA PROTEZIONE CIVILE SI PREPARA: INCONTRO CON I DELEGATI DELLE ASSOCIAZIONI PER L\u2019ESERCITAZIONE IN AGORDINO DEL 18 NOVEMBRE<\/h3>\n<\/blockquote>\n<p><strong><a class=\"dt-pswp-item\" href=\"https:\/\/www.radiopiu.net\/wordpress\/wp-content\/uploads\/2023\/10\/Protezione-Civile-incontro-delegati.jpg\" data-dt-img-description=\"\" data-large_image_width=\"2016\" data-large_image_height=\"1512\"><img loading=\"lazy\" decoding=\"async\" class=\" wp-image-358874 alignleft\" src=\"https:\/\/www.radiopiu.net\/wordpress\/wp-content\/uploads\/2023\/10\/Protezione-Civile-incontro-delegati-300x225.jpg\" alt=\"\" width=\"211\" height=\"158\" srcset=\"https:\/\/www.radiopiu.net\/wordpress\/wp-content\/uploads\/2023\/10\/Protezione-Civile-incontro-delegati-300x225.jpg 300w, https:\/\/www.radiopiu.net\/wordpress\/wp-content\/uploads\/2023\/10\/Protezione-Civile-incontro-delegati-1024x768.jpg 1024w, https:\/\/www.radiopiu.net\/wordpress\/wp-content\/uploads\/2023\/10\/Protezione-Civile-incontro-delegati-768x576.jpg 768w, https:\/\/www.radiopiu.net\/wordpress\/wp-content\/uploads\/2023\/10\/Protezione-Civile-incontro-delegati-1536x1152.jpg 1536w, https:\/\/www.radiopiu.net\/wordpress\/wp-content\/uploads\/2023\/10\/Protezione-Civile-incontro-delegati.jpg 2016w\" sizes=\"auto, (max-width: 211px) 100vw, 211px\" \/><\/a>BELLUNO<\/strong> Il 18 novembre, ad Agordo, si terr\u00e0 una giornata di esercitazione ad alto livello per le squadre di Protezione Civile del Basso Agordino. L&#8217;obiettivo \u00e8 testare la preparazione in caso di emergenza, con l&#8217;apertura dei Centri Operativi Comunali (COC) e il coordinamento tra le squadre che opereranno su diversi fronti. La Provincia ha convocato i delegati delle diverse associazioni per preparare al meglio questa esercitazione, che includer\u00e0 monitoraggio, verifiche dei punti critici per dissesti idrogeologici, campi di accoglienza, e l&#8217;uso di strumentazione come pompe e torri faro. Sar\u00e0 un test completo delle procedure, compresa la trasmissione radio tra i COC. L&#8217;esercitazione avr\u00e0 luogo in collaborazione con l&#8217;Unione Montana Agordina e coinvolger\u00e0 i nuclei di Protezione Civile di otto comuni della Conca Agordina. L&#8217;obiettivo \u00e8 garantire che i volontari di Protezione Civile siano ben preparati per affrontare situazioni di emergenza e assicurare la sicurezza della comunit\u00e0.<\/p>\n<p>&nbsp;<\/p>\n<p>&nbsp;<\/p>\n<hr \/>\n<p>&nbsp;<\/p>\n<blockquote>\n<h3>ESERCITAZIONE COMUNALE DI PROTEZIONE CIVILE, OLTRE 60 I VOLONTARI ALL\u2019OPERA<\/h3>\n<\/blockquote>\n<p><strong>FELTRE<\/strong> Si \u00e8 svolta la seconda giornata dell&#8217;esercitazione annuale di protezione civile comunale a Feltre. La fase operativa dell&#8217;esercitazione ha coinvolto l&#8217;apertura di cantieri per la pulizia del fossato lungo il rio Musil, la pulizia di un tratto dell&#8217;alveo del rio Uniera e la distribuzione di sacchi di sabbia antiallagamento alla popolazione. Questa esercitazione \u00e8 stata resa possibile grazie ai volontari delle squadre di Protezione Civile della sezione ANA di Feltre, con oltre sessanta volontari impegnati in diversi interventi. L&#8217;obiettivo principale di queste esercitazioni \u00e8 testare procedure di attivazione e mettere in atto azioni preventive e di monitoraggio dei punti critici del territorio comunale, che \u00e8 particolarmente vulnerabile dal punto di vista idrogeologico. L&#8217;obiettivo \u00e8 essere preparati per ridurre i rischi e le conseguenze di eventuali eventi avversi, meteorologici e non solo. Sono stati ringraziati i volontari e le imprese locali che hanno supportato l&#8217;esercitazione con mezzi e risorse umane per le operazioni di scavo e pulizia in alveo.<\/p>\n\n\t\t\t<style type='text\/css'>\n\t\t\t\t#gallery-4 {\n\t\t\t\t\tmargin: auto;\n\t\t\t\t}\n\t\t\t\t#gallery-4 .gallery-item {\n\t\t\t\t\tfloat: left;\n\t\t\t\t\tmargin-top: 10px;\n\t\t\t\t\ttext-align: center;\n\t\t\t\t\twidth: 25%;\n\t\t\t\t}\n\t\t\t\t#gallery-4 img {\n\t\t\t\t\tborder: 2px solid #cfcfcf;\n\t\t\t\t}\n\t\t\t\t#gallery-4 .gallery-caption {\n\t\t\t\t\tmargin-left: 0;\n\t\t\t\t}\n\t\t\t\t\/* see gallery_shortcode() in wp-includes\/media.php *\/\n\t\t\t<\/style>\n\t\t<div id='gallery-4' class='dt-gallery-container gallery galleryid-358847 gallery-columns-4 gallery-size-thumbnail'><dl class='gallery-item'>\n\t\t\t\t<dt class='gallery-icon landscape'>\n\t\t\t\t\t<a class=\"rollover rollover-zoom dt-pswp-item\" title=\"Eserc. PC Feltre (1)\" data-dt-img-description=\"\" data-large_image_width=\"1920\" data-large_image_height=\"1080\"href='https:\/\/www.radiopiu.net\/wordpress\/wp-content\/uploads\/2023\/10\/Eserc.-PC-Feltre-1.jpg'><img loading=\"lazy\" decoding=\"async\" width=\"150\" height=\"150\" src=\"https:\/\/www.radiopiu.net\/wordpress\/wp-content\/uploads\/2023\/10\/Eserc.-PC-Feltre-1-150x150.jpg\" class=\"attachment-thumbnail size-thumbnail\" alt=\"\" \/><\/a>\n\t\t\t\t<\/dt><\/dl><dl class='gallery-item'>\n\t\t\t\t<dt class='gallery-icon landscape'>\n\t\t\t\t\t<a class=\"rollover rollover-zoom dt-pswp-item\" title=\"Eserc. PC Feltre (2)\" data-dt-img-description=\"\" data-large_image_width=\"1920\" data-large_image_height=\"1080\"href='https:\/\/www.radiopiu.net\/wordpress\/wp-content\/uploads\/2023\/10\/Eserc.-PC-Feltre-2.jpg'><img loading=\"lazy\" decoding=\"async\" width=\"150\" height=\"150\" src=\"https:\/\/www.radiopiu.net\/wordpress\/wp-content\/uploads\/2023\/10\/Eserc.-PC-Feltre-2-150x150.jpg\" class=\"attachment-thumbnail size-thumbnail\" alt=\"\" \/><\/a>\n\t\t\t\t<\/dt><\/dl><dl class='gallery-item'>\n\t\t\t\t<dt class='gallery-icon landscape'>\n\t\t\t\t\t<a class=\"rollover rollover-zoom dt-pswp-item\" title=\"Eserc. PC Feltre (3)\" data-dt-img-description=\"\" data-large_image_width=\"1920\" data-large_image_height=\"1080\"href='https:\/\/www.radiopiu.net\/wordpress\/wp-content\/uploads\/2023\/10\/Eserc.-PC-Feltre-3.jpg'><img loading=\"lazy\" decoding=\"async\" width=\"150\" height=\"150\" src=\"https:\/\/www.radiopiu.net\/wordpress\/wp-content\/uploads\/2023\/10\/Eserc.-PC-Feltre-3-150x150.jpg\" class=\"attachment-thumbnail size-thumbnail\" alt=\"\" \/><\/a>\n\t\t\t\t<\/dt><\/dl><dl class='gallery-item'>\n\t\t\t\t<dt class='gallery-icon landscape'>\n\t\t\t\t\t<a class=\"rollover rollover-zoom dt-pswp-item\" title=\"Eserc. PC Feltre C.O.C.\" data-dt-img-description=\"\" data-large_image_width=\"1920\" data-large_image_height=\"1080\"href='https:\/\/www.radiopiu.net\/wordpress\/wp-content\/uploads\/2023\/10\/Eserc.-PC-Feltre-C.O.C.jpg'><img loading=\"lazy\" decoding=\"async\" width=\"150\" height=\"150\" src=\"https:\/\/www.radiopiu.net\/wordpress\/wp-content\/uploads\/2023\/10\/Eserc.-PC-Feltre-C.O.C-150x150.jpg\" class=\"attachment-thumbnail size-thumbnail\" alt=\"\" \/><\/a>\n\t\t\t\t<\/dt><\/dl><br style=\"clear: both\" \/>\n\t\t\t<\/div>\n\n<p>&nbsp;<\/p>\n<p>&nbsp;<\/p>\n<hr \/>\n<p>&nbsp;<\/p>\n<blockquote>\n<h3>SALA GREMITA PER IL SEMINARIO DEDICATO A VAIA A 5 ANNI DALL&#8217;EVENTO<\/h3>\n<\/blockquote>\n<p><strong>BELLUNO <\/strong>A Belluno si \u00e8 svolto un seminario dal titolo &#8220;Gestione di un&#8217;emergenza. 5 anni dopo: approfondimenti e confronti&#8221;, organizzato in collaborazione con gli Ordini professionali degli Ingegneri e dei Geologi. Diversi relatori, tra cui l&#8217;ingegnere Luca Luchetta, il geologo Giorgio Giacchetti, Loris Munaro della Direzione Interregionale dei Vigili del Fuoco, Luogi D&#8217;Angelo del Dipartimento nazionale della Protezione Civile, Vincenzo Artico della Regione e il professore Giuseppe Maschio, hanno affrontato la gestione dell&#8217;emergenza, in particolare focalizzandosi sulle conseguenze dell&#8217;evento calamitoso Vaia. L&#8217;assessore regionale all&#8217;Ambiente e Protezione Civile, Gianpaolo Bottacin, ha evidenziato che Vaia ha causato notevoli danni, superando il miliardo di euro, con un impatto significativo sulla viabilit\u00e0, linee elettriche, tralicci, frane, acquedotti e fognature. La priorit\u00e0 era garantire la sicurezza pubblica e ripristinare i servizi essenziali come l&#8217;energia, l&#8217;acqua e la viabilit\u00e0. La gestione dell&#8217;emergenza \u00e8 stata affrontata con un piano di Protezione Civile complesso, che ha coinvolto la evacuazione di edifici in caso di necessit\u00e0. La ricostruzione ha comportato 2527 cantieri e un investimento di oltre un miliardo di euro, gestito senza controversie. Questi sforzi di ricostruzione post-emergenza hanno reso il Veneto un esempio di gestione e ricostruzione dopo un evento calamitoso, grazie anche alle opere di difesa del suolo e alle misure di prevenzione precedentemente adottate.<\/p>\n\n\t\t\t<style type='text\/css'>\n\t\t\t\t#gallery-5 {\n\t\t\t\t\tmargin: auto;\n\t\t\t\t}\n\t\t\t\t#gallery-5 .gallery-item {\n\t\t\t\t\tfloat: left;\n\t\t\t\t\tmargin-top: 10px;\n\t\t\t\t\ttext-align: center;\n\t\t\t\t\twidth: 20%;\n\t\t\t\t}\n\t\t\t\t#gallery-5 img {\n\t\t\t\t\tborder: 2px solid #cfcfcf;\n\t\t\t\t}\n\t\t\t\t#gallery-5 .gallery-caption {\n\t\t\t\t\tmargin-left: 0;\n\t\t\t\t}\n\t\t\t\t\/* see gallery_shortcode() in wp-includes\/media.php *\/\n\t\t\t<\/style>\n\t\t<div id='gallery-5' class='dt-gallery-container gallery galleryid-358847 gallery-columns-5 gallery-size-thumbnail'><dl class='gallery-item'>\n\t\t\t\t<dt class='gallery-icon landscape'>\n\t\t\t\t\t<a class=\"rollover rollover-zoom dt-pswp-item\" title=\"9a0eb863-1753-47fe-87dc-2015fc16af77\" data-dt-img-description=\"\" data-large_image_width=\"2016\" data-large_image_height=\"1512\"href='https:\/\/www.radiopiu.net\/wordpress\/wp-content\/uploads\/2023\/10\/9a0eb863-1753-47fe-87dc-2015fc16af77.jpg'><img loading=\"lazy\" decoding=\"async\" width=\"150\" height=\"150\" src=\"https:\/\/www.radiopiu.net\/wordpress\/wp-content\/uploads\/2023\/10\/9a0eb863-1753-47fe-87dc-2015fc16af77-150x150.jpg\" class=\"attachment-thumbnail size-thumbnail\" alt=\"\" \/><\/a>\n\t\t\t\t<\/dt><\/dl><dl class='gallery-item'>\n\t\t\t\t<dt class='gallery-icon landscape'>\n\t\t\t\t\t<a class=\"rollover rollover-zoom dt-pswp-item\" title=\"18c438af-735c-4107-9654-5c4dd1fb06f3\" data-dt-img-description=\"\" data-large_image_width=\"2016\" data-large_image_height=\"1512\"href='https:\/\/www.radiopiu.net\/wordpress\/wp-content\/uploads\/2023\/10\/18c438af-735c-4107-9654-5c4dd1fb06f3.jpg'><img loading=\"lazy\" decoding=\"async\" width=\"150\" height=\"150\" src=\"https:\/\/www.radiopiu.net\/wordpress\/wp-content\/uploads\/2023\/10\/18c438af-735c-4107-9654-5c4dd1fb06f3-150x150.jpg\" class=\"attachment-thumbnail size-thumbnail\" alt=\"\" \/><\/a>\n\t\t\t\t<\/dt><\/dl><dl class='gallery-item'>\n\t\t\t\t<dt class='gallery-icon landscape'>\n\t\t\t\t\t<a class=\"rollover rollover-zoom dt-pswp-item\" title=\"60a334b3-bd60-409f-a40d-556efb0a1420\" data-dt-img-description=\"\" data-large_image_width=\"921\" data-large_image_height=\"605\"href='https:\/\/www.radiopiu.net\/wordpress\/wp-content\/uploads\/2023\/10\/60a334b3-bd60-409f-a40d-556efb0a1420.jpg'><img loading=\"lazy\" decoding=\"async\" width=\"150\" height=\"150\" src=\"https:\/\/www.radiopiu.net\/wordpress\/wp-content\/uploads\/2023\/10\/60a334b3-bd60-409f-a40d-556efb0a1420-150x150.jpg\" class=\"attachment-thumbnail size-thumbnail\" alt=\"\" \/><\/a>\n\t\t\t\t<\/dt><\/dl><dl class='gallery-item'>\n\t\t\t\t<dt class='gallery-icon landscape'>\n\t\t\t\t\t<a class=\"rollover rollover-zoom dt-pswp-item\" title=\"81e694e9-b5ac-42a9-94f4-91e0809a0d18\" data-dt-img-description=\"\" data-large_image_width=\"720\" data-large_image_height=\"519\"href='https:\/\/www.radiopiu.net\/wordpress\/wp-content\/uploads\/2023\/10\/81e694e9-b5ac-42a9-94f4-91e0809a0d18.jpg'><img loading=\"lazy\" decoding=\"async\" width=\"150\" height=\"150\" src=\"https:\/\/www.radiopiu.net\/wordpress\/wp-content\/uploads\/2023\/10\/81e694e9-b5ac-42a9-94f4-91e0809a0d18-150x150.jpg\" class=\"attachment-thumbnail size-thumbnail\" alt=\"\" \/><\/a>\n\t\t\t\t<\/dt><\/dl><dl class='gallery-item'>\n\t\t\t\t<dt class='gallery-icon landscape'>\n\t\t\t\t\t<a class=\"rollover rollover-zoom dt-pswp-item\" title=\"964c3da8-fa0d-419c-890f-d0f6d2ebbf1a\" data-dt-img-description=\"\" data-large_image_width=\"1600\" data-large_image_height=\"1196\"href='https:\/\/www.radiopiu.net\/wordpress\/wp-content\/uploads\/2023\/10\/964c3da8-fa0d-419c-890f-d0f6d2ebbf1a.jpg'><img loading=\"lazy\" decoding=\"async\" width=\"150\" height=\"150\" src=\"https:\/\/www.radiopiu.net\/wordpress\/wp-content\/uploads\/2023\/10\/964c3da8-fa0d-419c-890f-d0f6d2ebbf1a-150x150.jpg\" class=\"attachment-thumbnail size-thumbnail\" alt=\"\" \/><\/a>\n\t\t\t\t<\/dt><\/dl><br style=\"clear: both\" \/>\n\t\t\t<\/div>\n\n<p>&nbsp;<\/p>\n<hr \/>\n<p>&nbsp;<\/p>\n<blockquote>\n<h3>SIGLATO UN PROTOCOLLO D\u2019INTESA CON L\u2019ASSOCIAZIONE NAZIONALE ALPINI PER ATTIVITA&#8217; EDUCATIVE NELLE SCUOLE SUPERIORI REGIONALI<\/h3>\n<\/blockquote>\n<p><strong><a class=\"dt-pswp-item\" href=\"https:\/\/www.radiopiu.net\/wordpress\/wp-content\/uploads\/2022\/05\/alpini-647542_960_720.jpg\" data-dt-img-description=\"\" data-large_image_width=\"960\" data-large_image_height=\"640\"><img loading=\"lazy\" decoding=\"async\" class=\" wp-image-275532 alignleft\" src=\"https:\/\/www.radiopiu.net\/wordpress\/wp-content\/uploads\/2022\/05\/alpini-647542_960_720-300x200.jpg\" alt=\"\" width=\"159\" height=\"106\" srcset=\"https:\/\/www.radiopiu.net\/wordpress\/wp-content\/uploads\/2022\/05\/alpini-647542_960_720-300x200.jpg 300w, https:\/\/www.radiopiu.net\/wordpress\/wp-content\/uploads\/2022\/05\/alpini-647542_960_720-768x512.jpg 768w, https:\/\/www.radiopiu.net\/wordpress\/wp-content\/uploads\/2022\/05\/alpini-647542_960_720.jpg 960w\" sizes=\"auto, (max-width: 159px) 100vw, 159px\" \/><\/a>VENEZIA <\/strong>\u201cIl rapporto della Regione del Veneto con l\u2019Associazione Nazionale Alpini si rafforza ulteriormente grazie a un protocollo d\u2019intesa che vedr\u00e0 l\u2019A.N.A. protagonista di iniziative volte ad ampliare l\u2019offerta formativa a favore delle istituzioni scolastiche secondarie di secondo grado e delle scuole di formazione professionale del Veneto. L\u2019obiettivo \u00e8 quello di promuovere la conoscenza del territorio alpino e prealpino, con particolare riferimento agli aspetti legati alla tutela del territorio e alla divulgazione dell\u2019unicit\u00e0 dei territori montani\u201d. Esprime soddisfazione il presidente del Veneto Luca Zaia nel presentare la firma di un protocollo d\u2019intesa tra Regione Veneto, Associazione Nazionale Alpini e Ufficio Scolastico Regionale per il Veneto che fino a tutto il 2024 prevedr\u00e0 il coinvolgimento degli studenti delle Scuole superiori del Veneto in un ricco programma di iniziative nell\u2019ambito della protezione civile, del volontariato, della tutela del territorio. Il protocollo prevede un contributo regionale onnicomprensivo di 100 mila euro, diviso tra le due annualit\u00e0. Per promuovere l\u2019attuazione degli obiettivi sar\u00e0 costituito un Comitato tecnico composto da un rappresentante della Regione, uno dell\u2019U.S.R.V. e un altro dell\u2019A.N.A. e potr\u00e0 avvalersi di singoli esperti per la realizzazione dei progetti e delle iniziative.<\/p>\n<p>&nbsp;<\/p>\n<p>&nbsp;<\/p>\n<hr \/>\n<p>&nbsp;<\/p>\n<blockquote>\n<h3>APPALTO PULIZIE OSPEDALE DI FELTRE: SCIOPERO IL 24 NOVEMBRE<\/h3>\n<\/blockquote>\n<p><a class=\"dt-pswp-item\" href=\"https:\/\/www.radiopiu.net\/wordpress\/wp-content\/uploads\/2018\/01\/Feltre-Ulss-2-Santa-Maria-del-Prato-Foto-ANSA-Imc.jpg\" data-dt-img-description=\"Una veduta esterna dell'ospedale di Feltre dove sono stati ricoverati alcuni feriti dell'incidente che ha coinvolto un pullman ribaltatosi in zona Carpen, vicino Feltre, 29 maggio 2014. ANSA\/ ANDREA SOLERO\" data-large_image_width=\"1000\" data-large_image_height=\"666\"><img loading=\"lazy\" decoding=\"async\" class=\"wp-image-42393 alignleft\" src=\"https:\/\/www.radiopiu.net\/wordpress\/wp-content\/uploads\/2018\/01\/Feltre-Ulss-2-Santa-Maria-del-Prato-Foto-ANSA-Imc-300x200.jpg\" alt=\"\" width=\"162\" height=\"108\" srcset=\"https:\/\/www.radiopiu.net\/wordpress\/wp-content\/uploads\/2018\/01\/Feltre-Ulss-2-Santa-Maria-del-Prato-Foto-ANSA-Imc-300x200.jpg 300w, https:\/\/www.radiopiu.net\/wordpress\/wp-content\/uploads\/2018\/01\/Feltre-Ulss-2-Santa-Maria-del-Prato-Foto-ANSA-Imc-768x511.jpg 768w, https:\/\/www.radiopiu.net\/wordpress\/wp-content\/uploads\/2018\/01\/Feltre-Ulss-2-Santa-Maria-del-Prato-Foto-ANSA-Imc.jpg 1000w\" sizes=\"auto, (max-width: 162px) 100vw, 162px\" \/><\/a><strong>BELLUNO<\/strong> Il personale impiegato nell&#8217;appalto dei servizi di pulizia dell&#8217;ULSS 1 Dolomiti &#8211; Distretto 2 di Feltre ha confermato lo stato di agitazione e proclamato uno sciopero per il 24 novembre. Questa decisione \u00e8 stata presa dopo un incontro infruttuoso tra le organizzazioni sindacali Filcams CGIL Belluno e Fisascat CISL Belluno Treviso, la societ\u00e0 appaltatrice Euro &amp; Promos FM Spa e l&#8217;Azienda ULSS 1 Dolomiti davanti al Prefetto di Belluno. I 70 dipendenti dell&#8217;appalto hanno subito una riduzione del 20% delle ore lavorate e, di conseguenza, del salario al cambio dell&#8217;appalto. Inoltre, fino al 23 novembre, i dipendenti garantiranno l&#8217;orario contrattuale previsto ma potrebbero non effettuare prestazioni orarie supplementari. Lo stato di agitazione \u00e8 dovuto alla riduzione delle ore contrattuali, al mancato rispetto delle procedure previste per i cambi di appalto e alla mancata fornitura di abbigliamento e dispositivi di protezione adeguati, mettendo a rischio la salute e la sicurezza dei lavoratori.<\/p>\n<p>&nbsp;<\/p>\n<p>&nbsp;<\/p>\n<hr \/>\n<p>&nbsp;<\/p>\n<blockquote>\n<h3>OLIMPIADI 2026: PER DE PELLEGRIN IL TERRITORIO STA RISPONDENDO<\/h3>\n<\/blockquote>\n<p><strong><a class=\"dt-pswp-item\" href=\"https:\/\/www.radiopiu.net\/wordpress\/wp-content\/uploads\/2019\/07\/Oscar-De-Pellegrin.jpg\" data-dt-img-description=\"\" data-large_image_width=\"2449\" data-large_image_height=\"1633\"><img loading=\"lazy\" decoding=\"async\" class=\" wp-image-93050 alignleft\" src=\"https:\/\/www.radiopiu.net\/wordpress\/wp-content\/uploads\/2019\/07\/Oscar-De-Pellegrin-300x200.jpg\" alt=\"\" width=\"174\" height=\"116\" srcset=\"https:\/\/www.radiopiu.net\/wordpress\/wp-content\/uploads\/2019\/07\/Oscar-De-Pellegrin-300x200.jpg 300w, https:\/\/www.radiopiu.net\/wordpress\/wp-content\/uploads\/2019\/07\/Oscar-De-Pellegrin-768x512.jpg 768w, https:\/\/www.radiopiu.net\/wordpress\/wp-content\/uploads\/2019\/07\/Oscar-De-Pellegrin-1024x683.jpg 1024w\" sizes=\"auto, (max-width: 174px) 100vw, 174px\" \/><\/a>BELLUNO <\/strong>\u201cIl territorio sta rispondendo, lo spirito olimpico e paralimpico si stanno diffondendo, dobbiamo continuare cos\u00ec\u201d. Sono le parole del sindaco di Belluno, Oscar De Pellegrin, espresse venerd\u00ec sera nella serata \u201cMilano Cortina 2026 \u2013 Lo stato dell\u2019arte\u201d promossa e organizzata alla Birreria Pedavena dai Rotary Club di Feltre, Belluno, Cadore Cortina e Padova per aggiornare sul tema dei grandi appuntamenti sportivi del 2026 anche alla luce delle notizie diffuse in questi giorni. Il primo cittadino del capoluogo, seduto al tavolo dei relatori, ha sottolineato la\u00a0 forte diffusione capillare sul territorio, a tre anni dall\u2019evento, di convegni, seminari, tavole rotonde, occasioni di riflessione e approfondimento, compiacendosi dell\u2019impegno e dell\u2019entusiasmo che stanno dimostrando enti, associazioni e comunit\u00e0.<\/p>\n<p>&nbsp;<\/p>\n<p>&nbsp;<\/p>\n<hr \/>\n<p>&nbsp;<\/p>\n<blockquote>\n<h3>INAUGURATA ARREDAMONT 2023<\/h3>\n<\/blockquote>\n<p><strong><a class=\"dt-pswp-item\" href=\"https:\/\/www.radiopiu.net\/wordpress\/wp-content\/uploads\/2023\/10\/Arredamont-2023-Taglio-del-nastro-scaled.jpg\" data-dt-img-description=\"\" data-large_image_width=\"2560\" data-large_image_height=\"1707\"><img loading=\"lazy\" decoding=\"async\" class=\" wp-image-358909 alignleft\" src=\"https:\/\/www.radiopiu.net\/wordpress\/wp-content\/uploads\/2023\/10\/Arredamont-2023-Taglio-del-nastro-300x200.jpg\" alt=\"\" width=\"182\" height=\"121\" srcset=\"https:\/\/www.radiopiu.net\/wordpress\/wp-content\/uploads\/2023\/10\/Arredamont-2023-Taglio-del-nastro-300x200.jpg 300w, https:\/\/www.radiopiu.net\/wordpress\/wp-content\/uploads\/2023\/10\/Arredamont-2023-Taglio-del-nastro-1024x683.jpg 1024w, https:\/\/www.radiopiu.net\/wordpress\/wp-content\/uploads\/2023\/10\/Arredamont-2023-Taglio-del-nastro-768x512.jpg 768w, https:\/\/www.radiopiu.net\/wordpress\/wp-content\/uploads\/2023\/10\/Arredamont-2023-Taglio-del-nastro-1536x1024.jpg 1536w, https:\/\/www.radiopiu.net\/wordpress\/wp-content\/uploads\/2023\/10\/Arredamont-2023-Taglio-del-nastro-2048x1365.jpg 2048w\" sizes=\"auto, (max-width: 182px) 100vw, 182px\" \/><\/a>LONGARONE<\/strong> Sabato \u00e8 stata inaugurata la 45\u00aa edizione di Arredamont, la mostra dell&#8217;arredare in montagna, presso Longarone Fiere Dolomiti. La mostra presenta oltre 150 aziende espositrici, 200 marchi rappresentati, imprese provenienti da tutta Italia e da 8 Paesi esteri, esponendo il meglio dei prodotti di arredo e design fino al 5 novembre. Quest&#8217;anno, l&#8217;evento si concentra particolarmente sul tema del legno, un materiale tradizionalmente associato al territorio montano. Ci sono numerose aziende che lavorano il legno e maestri artigiani che esprimono la loro arte attraverso l&#8217;arredo e l&#8217;oggettistica.<\/p>\n<p>&nbsp;<\/p>\n<p>&nbsp;<\/p>\n<hr \/>\n<p>&nbsp;<\/p>\n<blockquote>\n<h3>PRESENTATO, IN OCCASIONE DI ARREDAMONT, IL MARCHIO \u201cVALBELLUNA\u201d<\/h3>\n<\/blockquote>\n<p><strong><a class=\"dt-pswp-item\" href=\"https:\/\/www.radiopiu.net\/wordpress\/wp-content\/uploads\/2023\/10\/MARCHIO-VALBELLUNA.png\" data-dt-img-description=\"\" data-large_image_width=\"606\" data-large_image_height=\"302\"><img loading=\"lazy\" decoding=\"async\" class=\" wp-image-358911 alignleft\" src=\"https:\/\/www.radiopiu.net\/wordpress\/wp-content\/uploads\/2023\/10\/MARCHIO-VALBELLUNA-300x150.png\" alt=\"\" width=\"194\" height=\"97\" srcset=\"https:\/\/www.radiopiu.net\/wordpress\/wp-content\/uploads\/2023\/10\/MARCHIO-VALBELLUNA-300x150.png 300w, https:\/\/www.radiopiu.net\/wordpress\/wp-content\/uploads\/2023\/10\/MARCHIO-VALBELLUNA.png 606w\" sizes=\"auto, (max-width: 194px) 100vw, 194px\" \/><\/a>LONGARONE <\/strong>L&#8217;Associazione culturale Veses APS ha presentato il nuovo marchio Valbelluna durante l&#8217;apertura dello stand ad Arredamont. Questo marchio \u00e8 stato progettato dall&#8217;Associazione stessa con l&#8217;obiettivo di valorizzare le eccellenze culturali e turistiche della Valbelluna, l&#8217;area geografica in cui si trova l&#8217;associazione. L&#8217;idea di creare un brand territoriale per promuovere la Valbelluna \u00e8 emersa nel 2016 quando si \u00e8 scoperto che un&#8217;azienda coreana aveva acquisito il dominio Valbelluna.com, presumibilmente in previsione di un aumento delle ricerche relative a questa regione. Gli iniziativi per riacquistare il dominio sono proseguiti fino a quando, nel 2022, \u00e8 stato effettivamente riacquistato. Nel frattempo, in collaborazione con lo studio di marketing INK LABS STUDIOS LTD con sede in Scozia, \u00e8 stato sviluppato il logo Valbelluna. Questo marchio mira a promuovere e sottolineare la bellezza e le risorse della Valbelluna, sia a livello locale che internazionale.<\/p>\n<p>&nbsp;<\/p>\n<p>&nbsp;<\/p>\n<hr \/>\n<p>&nbsp;<\/p>\n<blockquote>\n<h3>LA SANTA MESSA PER I CADUTI DELLA MONTAGNA<\/h3>\n<\/blockquote>\n<p><strong>AGORDO<\/strong> Nella Chiesa Arcidiaconale di Agordo la Santa Messa per i Caduti della Montagna. Il Coro Agordo ha ricordato quanti, a noi vicini, ora cantano assieme alle schiere celesti, sopra quelle cime, quelle valli, quei boschi che tanto hanno amato. Un momento di preghiera e di contemplazione.<\/p>\n<p><strong>LA DIRETTA RADIO PIU&#8217;<\/strong><\/p>\n<p><iframe loading=\"lazy\" title=\"LA SANTA MESSA PER I CADUTI DELLA MONTAGNA - 29 ottobre 2023\" width=\"1200\" height=\"675\" src=\"https:\/\/www.youtube.com\/embed\/kxaiTcjZQsw?feature=oembed\" frameborder=\"0\" allow=\"accelerometer; autoplay; clipboard-write; encrypted-media; gyroscope; picture-in-picture; web-share\" allowfullscreen><\/iframe><\/p>\n<p>&nbsp;<\/p>\n<hr \/>\n<p>&nbsp;<\/p>\n<blockquote>\n<h3>girovagando in ebike tra le Dolomiti<\/h3>\n<\/blockquote>\n<div style=\"width: 848px;\" class=\"wp-video\"><video class=\"wp-video-shortcode\" id=\"video-358847-2\" width=\"848\" height=\"480\" preload=\"metadata\" controls=\"controls\"><source type=\"video\/mp4\" src=\"https:\/\/www.radiopiu.net\/wordpress\/wp-content\/uploads\/2023\/10\/WhatsApp-Video-2023-10-29-at-17.19.06.mp4?_=2\" \/><a href=\"https:\/\/www.radiopiu.net\/wordpress\/wp-content\/uploads\/2023\/10\/WhatsApp-Video-2023-10-29-at-17.19.06.mp4\">https:\/\/www.radiopiu.net\/wordpress\/wp-content\/uploads\/2023\/10\/WhatsApp-Video-2023-10-29-at-17.19.06.mp4<\/a><\/video><\/div>\n<p>&nbsp;<\/p>\n<p>&nbsp;<\/p>\n<hr \/>\n<p>&nbsp;<\/p>\n<blockquote>\n<h3 class=\"entry-title\">BUSTE PAGA IN VENETO: A VICENZA LE PIU\u2019 PESANTI, A ROVIGO LE PIU\u2019 LEGGERE<\/h3>\n<\/blockquote>\n<p><strong>Al salario minimo per legge, la CGIA invita l\u2019applicazione della contrattazione di secondo livello, il taglio dell\u2019Irpef e il rinnovo dei contratti entro la scadenza<\/strong><\/p>\n<p class=\"photoswipe-wrapper\"><a class=\"dt-pswp-item pspw-wrap-ready\" href=\"https:\/\/www.radiopiu.net\/wordpress\/wp-content\/uploads\/2023\/10\/Immagine-2023-10-28-105113.png\" data-dt-img-description=\"\" data-large_image_width=\"557\" data-large_image_height=\"223\"><img loading=\"lazy\" decoding=\"async\" class=\"size-medium wp-image-358864 alignleft\" src=\"https:\/\/www.radiopiu.net\/wordpress\/wp-content\/uploads\/2023\/10\/Immagine-2023-10-28-105113-300x120.png\" sizes=\"auto, (max-width: 300px) 100vw, 300px\" srcset=\"https:\/\/www.radiopiu.net\/wordpress\/wp-content\/uploads\/2023\/10\/Immagine-2023-10-28-105113-300x120.png 300w, https:\/\/www.radiopiu.net\/wordpress\/wp-content\/uploads\/2023\/10\/Immagine-2023-10-28-105113.png 557w\" alt=\"\" width=\"300\" height=\"120\" \/><\/a>In Veneto le buste paga pi\u00f9 pesanti sono erogate ai lavoratori dipendenti del settore privato della provincia di Vicenza. Nel 2021 la loro retribuzione media annua era pari a 24.139 euro (+10,4 per cento rispetto alla media nazionale). Seguono i colleghi di Treviso con 23.836 euro (+9 per cento), di Padova con 23.788 (+8,8 per cento), di Verona con 22.726 euro (+3,9 per cento), di Belluno con 21.754 (-0,5 per cento rispetto alla media Italia), di Venezia con 20.454 euro (-6,5 per cento) e, infine, di Rovigo con 19.811 euro (-9,4 per cento) (vedi Tab. 1). Tra le maestranze occupate nella provincia berica e quelle alle dipendenze delle imprese polesane, le prime avevano una retribuzione annua lorda superiore alle seconde del 22 per cento.<\/p>\n<p>A livello regionale, nel 2021 il salario medio annuo in Veneto era pari a 22.852 euro; eravamo al quarto posto a livello nazionale dopo la Lombardia (27.285 euro), l\u2019Emilia Romagna (23.798 euro) e il Piemonte (23.661 euro). Il dato medio nazionale ammontava a 21.868 euro (vedi Tab. 2).<\/p>\n<p class=\"photoswipe-wrapper\"><a class=\"dt-pswp-item pspw-wrap-ready\" href=\"https:\/\/www.radiopiu.net\/wordpress\/wp-content\/uploads\/2023\/10\/Immagine-2023-10-28-105203.png\" data-dt-img-description=\"\" data-large_image_width=\"510\" data-large_image_height=\"525\"><img loading=\"lazy\" decoding=\"async\" class=\"size-medium wp-image-358863 alignleft\" src=\"https:\/\/www.radiopiu.net\/wordpress\/wp-content\/uploads\/2023\/10\/Immagine-2023-10-28-105203-291x300.png\" sizes=\"auto, (max-width: 291px) 100vw, 291px\" srcset=\"https:\/\/www.radiopiu.net\/wordpress\/wp-content\/uploads\/2023\/10\/Immagine-2023-10-28-105203-291x300.png 291w, https:\/\/www.radiopiu.net\/wordpress\/wp-content\/uploads\/2023\/10\/Immagine-2023-10-28-105203.png 510w\" alt=\"\" width=\"291\" height=\"300\" \/><\/a>Sono questi alcuni degli aspetti emersi dall\u2019elaborazione eseguita dall\u2019Ufficio studi della CGIA su dati INPS che ripropongono una vecchia questione: gli squilibri retributivi presenti tra le diverse aree del nostro Paese, come, ad esempio, tra Nord e Sud d\u2019Italia, ma anche tra le aree urbane e quelle rurali del nostro Veneto. Questione che le parti sociali hanno tentato di risolvere, dopo l\u2019abolizione delle cosiddette gabbie salariali avvenuta nei primi anni \u201970 del secolo scorso, attraverso l\u2019impiego del contratto collettivo nazionale del lavoro (CCNL). L\u2019applicazione, per\u00f2, ha prodotto solo in parte gli effetti sperati. Le disuguaglianze salariali tra le ripartizioni geografiche sono rimaste perch\u00e9 nel settore privato le multinazionali, le utilities, le imprese medio-grandi, le societ\u00e0 finanziarie\/assicurative\/bancarie che \u2013 tendenzialmente riconoscono ai propri dipendenti stipendi molto pi\u00f9 elevati della media \u2013 sono ubicate prevalentemente nelle aree metropolitane, soprattutto del Nord. Le tipologie di aziende appena richiamate, infatti, dispongono di una quota di personale con qualifiche professionali sul totale molto elevata (manager, dirigenti, quadri, tecnici, etc.), con livelli di istruzione alti a cui va corrisposto uno stipendio importante. Tuttavia, se invece di comparare il dato medio tra aree geografiche diverse lo facciamo tra lavoratori dello stesso settore, le differenze territoriali si riducono e mediamente sono addirittura pi\u00f9 contenute di quelle presenti in altri paesi europei.<br \/>\nPertanto, possiamo dire che in Italia le disuguaglianze salariali a livello geografico sono importanti, ma, grazie a un preponderante ricorso alla contrattazione centralizzata, abbiamo differenziali pi\u00f9 contenuti rispetto agli altri Paesi. Per contro, la scarsa diffusione in Italia della contrattazione decentrata \u2013 istituto, ad esempio, molto diffuso in Germania1 \u2013 non consente ai salari reali di rimanere agganciati all\u2019andamento dell\u2019inflazione, al costo delle abitazioni e ai livelli di produttivit\u00e0 locale, facendoci scontare anche dei gap retributivi medi con gli altri paesi molto importanti.<\/p>\n<p><strong class=\"photoswipe-wrapper\"><a class=\"dt-pswp-item pspw-wrap-ready\" href=\"https:\/\/www.radiopiu.net\/wordpress\/wp-content\/uploads\/2023\/10\/Immagine-2023-10-28-105235.png\" data-dt-img-description=\"\" data-large_image_width=\"362\" data-large_image_height=\"458\"><img loading=\"lazy\" decoding=\"async\" class=\"size-medium wp-image-358862 alignleft\" src=\"https:\/\/www.radiopiu.net\/wordpress\/wp-content\/uploads\/2023\/10\/Immagine-2023-10-28-105235-237x300.png\" sizes=\"auto, (max-width: 237px) 100vw, 237px\" srcset=\"https:\/\/www.radiopiu.net\/wordpress\/wp-content\/uploads\/2023\/10\/Immagine-2023-10-28-105235-237x300.png 237w, https:\/\/www.radiopiu.net\/wordpress\/wp-content\/uploads\/2023\/10\/Immagine-2023-10-28-105235.png 362w\" alt=\"\" width=\"237\" height=\"300\" \/><\/a>Meglio la contrattazione decentrata del salario minimo<\/strong><br \/>\nCome ha avuto modo di segnalare anche il CNEL2, il problema dei lavoratori poveri non parrebbe riconducibile ai minimi tabellari troppo bassi, ma al fatto che durante l\u2019anno queste persone lavorano un numero di giornate molto contenuto. Pertanto, pi\u00f9 che ad istituire un minimo salariale per legge andrebbe limitato il ricorso ad alcuni contratti a tempo determinato. Altres\u00ec, dall\u2019Ufficio studi della CGIA fanno sapere che per innalzare gli stipendi dei lavoratori dipendenti, in particolar modo di quelli con qualifiche professionali minori, bisognerebbe continuare nel taglio dell\u2019Irpef e diffondere maggiormente la contrattazione decentrata. Avendo una delle percentuali relative al numero di lavoratori coperto dalla contrattazione collettiva nazionale tra le pi\u00f9 alte a livello europeo (95 per cento del totale dei lavoratori dipendenti), dovremmo \u201cspingere\u201d per diffondere ulteriormente anche la contrattazione di secondo livello, premiando, in particolar modo, il raggiungimento di obbiettivi di produttivit\u00e0, anche ricorrendo ad accordi diretti tra gli imprenditori e i propri dipendenti. Cos\u00ec facendo, daremmo una risposta soprattutto alle maestranze del Nord e in particolar modo del nostro Veneto che, a seguito del boom dell\u2019inflazione, in questi ultimi due anni hanno subito, molto pi\u00f9 degli altri, una spaventosa perdita del potere d\u2019acquisto.<\/p>\n<p><strong>Contratti di lavoro di secondo livello: coinvolti solo 3,3 milioni di lavoratori (il 20% del totale)<\/strong><br \/>\nEntro il 15 giugno scorso erano presenti presso il Ministero del Lavoro 10.568 contratti attivi di secondo livello, di cui 9.532 di natura aziendale e 1.036 territoriali. Lombardia (3.218), Emilia Romagna (1.362) e Veneto (1.081) sono le regioni che presentano il numero pi\u00f9 elevato. Di questi 1.081 presenti nella nostra regione, 1.013 sono aziendali e 68 territoriali (vedi Tab. 3). I dati del Ministero del Lavoro, purtroppo, non ci consentono di misurare il numero di lavoratori coinvolti a livello regionale. Sappiamo, per\u00f2, che in Italia sono interessati solo 3,3 milioni di dipendenti (il 20 per cento circa del totale nazionale), di cui 2,1 da contratti aziendali e 1,1 da contratti territoriali3.<\/p>\n<p><strong>In Italia un dipendente privato su due ha il CCNL scaduto<\/strong><br \/>\nOltre ad estendere l\u2019applicazione della contrattazione decentrata, l\u2019Ufficio studi della CGIA ritiene che per appesantire le buste paga sarebbe necessario rispettare le scadenze entro le quali rinnovare i contratti di lavoro. Al netto del settore dell\u2019agricoltura, del lavoro domestico e di alcune questioni di natura tecnica4, al 1\u00b0 settembre scorso il 54 per cento dei lavoratori dipendenti del settore privato in Italia aveva il CCNL scaduto. Stiamo parlando di quasi 7,5 milioni di dipendenti su un totale che sfiora i 14 milioni. E\u2019 molto difficile individuare le cause che non consentono la sottoscrizione del rinnovo entro la scadenza prevista dal contratto, tuttavia \u00e8 verosimile ritenere che in molti casi ci\u00f2 sia riconducibile alla difficolt\u00e0 riscontrata dalle parti sociali a trovare un accordo sugli aumenti economici che vada bene sia al Nord che al Sud. Insomma, non essendo sviluppata sufficientemente la contrattazione di secondo livello \u2013 che per sua natura \u00e8 in grado di premiare la produttivit\u00e0 aziendale\/territoriale e definire le contromisure per contrastare l\u2019inflazione che, come sappiamo, ha tassi differenziati tra regioni e regioni e tra aree centrali e aree periferiche \u2013 \u00e8 sempre pi\u00f9 difficile raggiungere una intesa sugli aumenti retributivi di settore entro la scadenza prevista per un contratto che vada bene da Vicenza fino a Ragusa.<\/p>\n<p>&nbsp;<\/p>\n<p>&nbsp;<\/p>\n<hr \/>\n<p>&nbsp;<\/p>\n<blockquote>\n<h2>&#8220;SEMPRE CONNESSI&#8221;, DUE PUNTATE SPECIALI CON LUISA MANFROI<\/h2>\n<\/blockquote>\n<p><strong><span style=\"font-family: Arial, serif;\"><img loading=\"lazy\" decoding=\"async\" class=\"alignleft\" src=\"https:\/\/www.radiopiu.net\/wordpress\/wp-content\/uploads\/2023\/10\/monitor-1307227_640.jpg\" width=\"220\" height=\"155\" \/><\/span>REDAZIONE<\/strong> L&#8217;inchiesta della giornalista e insegnante Luisa Manfroi sar\u00e0 messa in onda su Radio Pi\u00f9, frequenze FM lunedi alle 13.05 e martedi alla stessa ora con replica serale alle 20.30.<br \/>\nLA PRESENTAZIONE DI LUISA MANFROI<\/p>\n<p align=\"JUSTIFY\"><span style=\"font-family: Arial, serif;\"><b>Inchiesta: <\/b><\/span><\/p>\n<p align=\"JUSTIFY\">\u201c<span style=\"font-family: Arial, serif;\"><b>Quando la tecnologia rischia di non includere<\/b><\/span><span style=\"color: #374151;\"><span style=\"font-family: Arial, serif;\"><span style=\"font-size: medium;\"><b>\u201d<br \/>\n<\/b><\/span><\/span><\/span><strong>audio<\/strong><\/p>\n<audio class=\"wp-audio-shortcode\" id=\"audio-358847-1\" preload=\"none\" style=\"width: 100%;\" controls=\"controls\"><source type=\"audio\/wav\" src=\"https:\/\/www.radiopiu.net\/wordpress\/wp-content\/uploads\/2023\/10\/promo-luisa.wav?_=1\" \/><a href=\"https:\/\/www.radiopiu.net\/wordpress\/wp-content\/uploads\/2023\/10\/promo-luisa.wav\">https:\/\/www.radiopiu.net\/wordpress\/wp-content\/uploads\/2023\/10\/promo-luisa.wav<\/a><\/audio>\n<p>&nbsp;<\/p>\n<hr \/>\n<p>&nbsp;<\/p>\n<blockquote>\n<h3>INIZIA LA BONIFICA DEL CIMITERO DI CANALE D&#8217;AGORDO<\/h3>\n<\/blockquote>\n<p><strong>CANALE D&#8217;AGORDO<\/strong> Il comune di Canale D&#8217;Agordo informa che a breve inizier\u00e0 la bonifica del cimitero. I lavori interesseranno la parte del primo campo a destra entrando dal cancello principale. Chiunque desideri avere informazioni per la destinazione dei propri cari defunti potr\u00e0 contattare gli uffici comunali allo 0437 590323 o scrivendo a canale.agordo@agordino.bl.it entro il 27 novembre.<\/p>\n<p><strong>L&#8217;AVVISO COMUNALE E L&#8217;ELENCO DELLE ESUMAZIONI (2 PAGINE)<\/strong><\/p>\n<a href=\"https:\/\/www.radiopiu.net\/wordpress\/wp-content\/uploads\/2023\/10\/avviso-con-elenco-esumazione.pdf\" class=\"pdfemb-viewer\" style=\"\" data-width=\"max\" data-height=\"max\" data-toolbar=\"top\" data-toolbar-fixed=\"on\">avviso con elenco esumazione<\/a>\n<p>&nbsp;<\/p>\n<hr \/>\n<p>&nbsp;<\/p>\n<p><strong><a class=\"dt-pswp-item\" href=\"https:\/\/www.radiopiu.net\/wordpress\/wp-content\/uploads\/2023\/10\/FALCADE.png\" data-dt-img-description=\"\" data-large_image_width=\"491\" data-large_image_height=\"195\"><img loading=\"lazy\" decoding=\"async\" class=\"size-medium wp-image-358629 aligncenter\" src=\"https:\/\/www.radiopiu.net\/wordpress\/wp-content\/uploads\/2023\/10\/FALCADE-300x119.png\" alt=\"\" width=\"300\" height=\"119\" srcset=\"https:\/\/www.radiopiu.net\/wordpress\/wp-content\/uploads\/2023\/10\/FALCADE-300x119.png 300w, https:\/\/www.radiopiu.net\/wordpress\/wp-content\/uploads\/2023\/10\/FALCADE.png 491w\" sizes=\"auto, (max-width: 300px) 100vw, 300px\" \/><\/a><\/strong><\/p>\n<blockquote>\n<h3>L&#8217;ANNIVERSARIO DELL&#8217;ALLUVIONE DEL 1966<\/h3>\n<\/blockquote>\n<p><strong>FALCADE<\/strong> Sabato 4 e domenica 5 novembre l&#8217;amministrazione comunale di Falcade ricorda l&#8217;Alluvione del 1966. Sabato alle 14 la santa messa nella frazione di Somor a ricordo dei concittadini che sono scomparsi a causa dell&#8217;evento. In caso di maltempo la celebrazione sar\u00e0 a Falcade Alto. Domenica alle 10:30 la Santa Messa nella chiesa di Falcade e la deposizione di una corona d&#8217;alloro al monumento ai caduti.<\/p>\n<p>&nbsp;<\/p>\n<p>&nbsp;<\/p>\n<hr \/>\n<p>&nbsp;<\/p>\n<blockquote>\n<h3>IL CONSIGLIO COMUNALE DI ALLEGHE E COLLE SANTA LUCIA<\/h3>\n<\/blockquote>\n<p><strong>ALLEGHE\u00a0<\/strong> Consiglio comunale convocato per domani alle 20.30. All&#8217;ordine del giorno la settima variazione al bilancio di previsione 23-25 e modifica del piano di investimenti.<\/p>\n<p><strong>COLLE SANTA LUCIA<\/strong> Il sindaco di Colle Santa Lucia Paolo Frena ha convocato il consiglio comunale per venerdi alle 18. Sette punti da discutere tra cui una variazione a bilancio, l&#8217;approvazione del piano delle allienazioni e valorizzazioni immobiliari e la conferma dell&#8217;aliquota irpef per l&#8217;anno 2024<\/p>\n<p>&nbsp;<\/p>\n<hr \/>\n<p>&nbsp;<\/p>\n<blockquote>\n<h3>ANNUNCIO BANDO PER L\u2019ASSEGNAZIONE DI BORSE DI STUDIO COMUNALI<\/h3>\n<\/blockquote>\n<p><strong>ALLEGHE<\/strong>\u00a0 Il Comune di Alleghe ha \u00a0pubblicato il bando per l\u2019assegnazione di borse di studio comunali agli studenti, residenti, frequentanti le scuole superiori, che hanno conseguito il diploma di maturit\u00e0 nel 2023 o laureatesi entro il mese di ottobre 2023. Il modulo di domanda si pu\u00f2 reperire all\u2019albo pretorio online, nel sito del Comune di Alleghe o richiedere direttamente all\u2019Ufficio Servizi Demografici entro il 20 dicembre 2023<\/p>\n<p>&nbsp;<\/p>\n<p>&nbsp;<\/p>\n<hr \/>\n<p>&nbsp;<\/p>\n<blockquote>\n<h3>L&#8217;ASSEMBLEA DEL GRUPPO ALPINI DI ALLEGHE<\/h3>\n<\/blockquote>\n<p><strong>ALLEGHE<\/strong> Domenica 5 novembre il Gruppo Alpini &#8220;Monte Civetta&#8221; di Alleghe si riunir\u00e0 in assemblea nella sede di Masar\u00e8. Si illustrer\u00e0 la relazione morale, l&#8217;approvazione del bilancio, il tesseramento, la previsione dei prossimi eventi e ci saranno le elezioni del consiglio direttivo. Prima dell&#8217;assemblea la Santa Messa.<\/p>\n<p>&nbsp;<\/p>\n<p>&nbsp;<\/p>\n<hr \/>\n<p>&nbsp;<\/p>\n<blockquote>\n<h3>QUARANT&#8217;ANNI DI AUTOCAR SAN LUCANO<\/h3>\n<\/blockquote>\n<p><strong>TAIBON<\/strong> Grande festa a Taibon. In questi giorni l&#8217;Autocar San Lucano festeggia i quarant&#8217;anni di attivit\u00e0.<\/p>\n<p><strong>LA DIRETTA RADIO PIU&#8217;<\/strong><\/p>\n<p><iframe loading=\"lazy\" title=\"40 anni Autocar San Lucano Taibon\" width=\"1200\" height=\"675\" src=\"https:\/\/www.youtube.com\/embed\/kz953qHtfgA?feature=oembed\" frameborder=\"0\" allow=\"accelerometer; autoplay; clipboard-write; encrypted-media; gyroscope; picture-in-picture; web-share\" allowfullscreen><\/iframe><\/p>\n<p>&nbsp;<\/p>\n<p><a class=\"dt-pswp-item\" href=\"https:\/\/www.radiopiu.net\/wordpress\/wp-content\/uploads\/2023\/10\/01c07eff-f258-42c6-b6d3-7f0866d97ace.jpg\" data-dt-img-description=\"\" data-large_image_width=\"2048\" data-large_image_height=\"1152\"><img loading=\"lazy\" decoding=\"async\" class=\"alignnone wp-image-358868 size-large\" src=\"https:\/\/www.radiopiu.net\/wordpress\/wp-content\/uploads\/2023\/10\/01c07eff-f258-42c6-b6d3-7f0866d97ace-1024x576.jpg\" alt=\"\" width=\"1024\" height=\"576\" srcset=\"https:\/\/www.radiopiu.net\/wordpress\/wp-content\/uploads\/2023\/10\/01c07eff-f258-42c6-b6d3-7f0866d97ace-1024x576.jpg 1024w, https:\/\/www.radiopiu.net\/wordpress\/wp-content\/uploads\/2023\/10\/01c07eff-f258-42c6-b6d3-7f0866d97ace-300x169.jpg 300w, https:\/\/www.radiopiu.net\/wordpress\/wp-content\/uploads\/2023\/10\/01c07eff-f258-42c6-b6d3-7f0866d97ace-768x432.jpg 768w, https:\/\/www.radiopiu.net\/wordpress\/wp-content\/uploads\/2023\/10\/01c07eff-f258-42c6-b6d3-7f0866d97ace-1536x864.jpg 1536w, https:\/\/www.radiopiu.net\/wordpress\/wp-content\/uploads\/2023\/10\/01c07eff-f258-42c6-b6d3-7f0866d97ace.jpg 2048w\" sizes=\"auto, (max-width: 1024px) 100vw, 1024px\" \/><\/a><\/p>\n<p>&nbsp;<\/p>\n<hr \/>\n<p>&nbsp;<\/p>\n<h2><span style=\"color: #ff6600;\">ALLA RADIO<\/span><\/h2>\n<h2><strong><a class=\"dt-pswp-item\" href=\"https:\/\/www.radiopiu.net\/wordpress\/wp-content\/uploads\/2020\/12\/DON-GIORGIO-LISE.jpg\" data-dt-img-description=\"\" data-large_image_width=\"1600\" data-large_image_height=\"901\"><img loading=\"lazy\" decoding=\"async\" class=\" wp-image-177420 alignleft\" src=\"https:\/\/www.radiopiu.net\/wordpress\/wp-content\/uploads\/2020\/12\/DON-GIORGIO-LISE-300x169.jpg\" alt=\"\" width=\"225\" height=\"127\" srcset=\"https:\/\/www.radiopiu.net\/wordpress\/wp-content\/uploads\/2020\/12\/DON-GIORGIO-LISE-300x169.jpg 300w, https:\/\/www.radiopiu.net\/wordpress\/wp-content\/uploads\/2020\/12\/DON-GIORGIO-LISE-1024x577.jpg 1024w, https:\/\/www.radiopiu.net\/wordpress\/wp-content\/uploads\/2020\/12\/DON-GIORGIO-LISE-768x432.jpg 768w, https:\/\/www.radiopiu.net\/wordpress\/wp-content\/uploads\/2020\/12\/DON-GIORGIO-LISE-1536x865.jpg 1536w, https:\/\/www.radiopiu.net\/wordpress\/wp-content\/uploads\/2020\/12\/DON-GIORGIO-LISE.jpg 1600w\" sizes=\"auto, (max-width: 225px) 100vw, 225px\" \/><\/a><\/strong><span style=\"color: #008000;\">DUE MINUTI PER TE<\/span><\/h2>\n<p><strong>APPUNTAMENTO DELLA DOMENICA CON IL PENSIERO DI MONSIGNOR GIORGIO LISE<\/strong><\/p>\n<audio class=\"wp-audio-shortcode\" id=\"audio-358847-2\" preload=\"none\" style=\"width: 100%;\" controls=\"controls\"><source type=\"audio\/mpeg\" src=\"https:\/\/www.radiopiu.net\/wordpress\/wp-content\/uploads\/2023\/10\/DON-GIORGIO-3.mp3?_=2\" \/><a href=\"https:\/\/www.radiopiu.net\/wordpress\/wp-content\/uploads\/2023\/10\/DON-GIORGIO-3.mp3\">https:\/\/www.radiopiu.net\/wordpress\/wp-content\/uploads\/2023\/10\/DON-GIORGIO-3.mp3<\/a><\/audio>\n<p>&nbsp;<\/p>\n<hr \/>\n<p>&nbsp;<\/p>\n<h2><span style=\"color: #ff0000;\">GLI APPUNTAMENTI DELLA SETTIMANA\u00a0 \u00a0<\/span><\/h2>\n<blockquote>\n<h3>AD AGORDO UN INCONTRO PER PARLARE DELLA RIFORMA DELLO SPORT<\/h3>\n<\/blockquote>\n<p><strong>AGORDO<\/strong> L&#8217;AICS di Belluno in collaborazione con l&#8217;Unione Montana Agordina organizza un incontro in Sala Don Tamis per parlare della riforma dello sport. La serata si svolger\u00e0 venerd\u00ec 3 novembre alle 20:30. &#8220;Lavoratori Volontari Nello Sport&#8221; il titolo della serata a cura di Bianca Maria Stivanello, Avvocato cassazionista che si occupa di diritto e fiscalit\u00e0 dello sport e del terzo settore.<\/p>\n<a href=\"https:\/\/www.radiopiu.net\/wordpress\/wp-content\/uploads\/2023\/10\/manifesto-agordo.pdf\" class=\"pdfemb-viewer\" style=\"\" data-width=\"max\" data-height=\"max\" data-toolbar=\"top\" data-toolbar-fixed=\"on\">manifesto agordo<\/a>\n<p>&nbsp;<\/p>\n<blockquote>\n<h3>TRADIZIONE VENETA E MUSICHE POPOLARI DELL&#8217;EST EUROPEO<\/h3>\n<\/blockquote>\n<p><strong><a class=\"dt-pswp-item\" href=\"https:\/\/www.radiopiu.net\/wordpress\/wp-content\/uploads\/2023\/10\/Senza-nome-71.png\" data-dt-img-description=\"\" data-large_image_width=\"421\" data-large_image_height=\"204\"><img loading=\"lazy\" decoding=\"async\" class=\" wp-image-358460 alignleft\" src=\"https:\/\/www.radiopiu.net\/wordpress\/wp-content\/uploads\/2023\/10\/Senza-nome-71-300x145.png\" alt=\"\" width=\"288\" height=\"139\" srcset=\"https:\/\/www.radiopiu.net\/wordpress\/wp-content\/uploads\/2023\/10\/Senza-nome-71-300x145.png 300w, https:\/\/www.radiopiu.net\/wordpress\/wp-content\/uploads\/2023\/10\/Senza-nome-71.png 421w\" sizes=\"auto, (max-width: 288px) 100vw, 288px\" \/><\/a>AGORDO<\/strong> Sabato 4 NOVEMBRE\u00a0 alle 20,30 nella sala \u201cdon Tamis\u201d di Agordo, il Circolo Culturale Agordino e Agordo Musica presentano lo spettacolo di musica, parole e testimonianza dal titolo <a class=\"dt-pswp-item\" href=\"https:\/\/www.radiopiu.net\/wordpress\/wp-content\/uploads\/2023\/10\/Senza-nome-72.png\" data-dt-img-description=\"\" data-large_image_width=\"167\" data-large_image_height=\"118\"><img loading=\"lazy\" decoding=\"async\" class=\"size-full wp-image-358461 alignright\" src=\"https:\/\/www.radiopiu.net\/wordpress\/wp-content\/uploads\/2023\/10\/Senza-nome-72.png\" alt=\"\" width=\"167\" height=\"118\" \/><\/a>Holdomor, la carestia artificiale del 1932-1933. Il reading teatrale sar\u00e0 curato dallo storico gruppo musicale dei Barbapedana e da Tamara Senchuk, che legger\u00e0 alcuni brani del suo libro \u201cUna capra e due pagnotte\u201d. I racconti ripercorrono le vicende accadute in Ucraina della famiglia dell\u2019autrice negli anni 1932-1933 durante il cosidetto Holdomor, la carestia indotta da Stalin. Appuntamento tra storia memoria e musica etnica dei popoli dell\u2019Europa dell\u2019Est &#8211; oltre all\u2019intrattenimento \u2013 vogliono dare uno spunto di rifLessione sulla convivenza pacifica dei Popoli e sulla musica come mezzo di scambio e unione<\/p>\n<p>&nbsp;<\/p>\n<p>&nbsp;<\/p>\n<blockquote>\n<h3>LA CENA DELLA CLASSE 1968<\/h3>\n<\/blockquote>\n<p><strong>FALCADE<\/strong> La Classe 1968 Agordino organizza per sabato 4 novembre alle 20 all&#8217;Hotel Cristal di Falcade la mitica cena!!! Tutti i Coscritti dell&#8217;Agordino sono invitati!!! Musica con DJ e dalle ore 24 aperto a tutti!!! Per info e prenotazioni chiama l&#8217;Hotel Cristal allo 0437 507356 entro luned\u00ec 30 ottobre. \u2026.1968&#8230;. UN&#8217;ANNATA SPECIALE!!!!<\/p>\n<p>&nbsp;<\/p>\n<blockquote>\n<h3>VOCALI&#8230; DOMENICA 5 NOVEMBRE A BELLUNO<\/h3>\n<\/blockquote>\n<p><strong><a class=\"dt-pswp-item\" href=\"https:\/\/www.radiopiu.net\/wordpress\/wp-content\/uploads\/2023\/10\/7270f9bd-47e1-476d-ad81-f4e106f4eb78.jpg\" data-dt-img-description=\"\" data-large_image_width=\"1080\" data-large_image_height=\"1080\"><img loading=\"lazy\" decoding=\"async\" class=\"wp-image-358676 alignleft\" src=\"https:\/\/www.radiopiu.net\/wordpress\/wp-content\/uploads\/2023\/10\/7270f9bd-47e1-476d-ad81-f4e106f4eb78-300x300.jpg\" alt=\"\" width=\"206\" height=\"206\" srcset=\"https:\/\/www.radiopiu.net\/wordpress\/wp-content\/uploads\/2023\/10\/7270f9bd-47e1-476d-ad81-f4e106f4eb78-300x300.jpg 300w, https:\/\/www.radiopiu.net\/wordpress\/wp-content\/uploads\/2023\/10\/7270f9bd-47e1-476d-ad81-f4e106f4eb78-1024x1024.jpg 1024w, https:\/\/www.radiopiu.net\/wordpress\/wp-content\/uploads\/2023\/10\/7270f9bd-47e1-476d-ad81-f4e106f4eb78-150x150.jpg 150w, https:\/\/www.radiopiu.net\/wordpress\/wp-content\/uploads\/2023\/10\/7270f9bd-47e1-476d-ad81-f4e106f4eb78-768x768.jpg 768w, https:\/\/www.radiopiu.net\/wordpress\/wp-content\/uploads\/2023\/10\/7270f9bd-47e1-476d-ad81-f4e106f4eb78.jpg 1080w\" sizes=\"auto, (max-width: 206px) 100vw, 206px\" \/><\/a>Le VocAli<\/strong> sono STRUMENTI SONORI che possono essere potenziati nelle nostre azioni quotidiane e nei nostri percorsi di ricerca interiore. Conoscerle e sperimentarle \u00e8 un buon modo per imparare ad usarle e per comprendere quanto sia potente la nostra Voce. Il seminario del 5 novembre a Belluno propone proprio questo: sperimentarne la potenza per portarle poi nel quotidiano. \u00a0Domenica 5 novembre a Belluno, \u00a0dettagli e prenotazioni\u00a0 340 051 5900<\/p>\n<p>&nbsp;<\/p>\n<p>&nbsp;<\/p>\n<p><strong>ALLA RADIO Con Elion,\u00a0 Elena pontini<\/strong><\/p>\n<audio class=\"wp-audio-shortcode\" id=\"audio-358847-3\" preload=\"none\" style=\"width: 100%;\" controls=\"controls\"><source type=\"audio\/mpeg\" src=\"https:\/\/www.radiopiu.net\/wordpress\/wp-content\/uploads\/2023\/10\/mondo-vocali.mp3?_=3\" \/><a href=\"https:\/\/www.radiopiu.net\/wordpress\/wp-content\/uploads\/2023\/10\/mondo-vocali.mp3\">https:\/\/www.radiopiu.net\/wordpress\/wp-content\/uploads\/2023\/10\/mondo-vocali.mp3<\/a><\/audio>\n<p>&nbsp;<\/p>\n<hr \/>\n<p>&nbsp;<\/p>\n<blockquote>\n<h3>L&#8217;ECLISSE LUNARE DI MARIO DE MARCO<\/h3>\n<\/blockquote>\n<p><strong>VOLTAGO<\/strong> Sabato sera l&#8217;eclisse lunare parziale di luna. Alle 22.14 massima eclisse visibile quando il disco lunare \u00e8 stato oscurato per il 6% dall&#8217;ombra della terra. La foto e il video di Mario De Marco<\/p>\n<p><a class=\"dt-pswp-item\" href=\"https:\/\/www.radiopiu.net\/wordpress\/wp-content\/uploads\/2023\/10\/f1e82627-6362-42c1-9c68-23e24e81f968.jpg\" data-dt-img-description=\"\" data-large_image_width=\"1600\" data-large_image_height=\"1256\"><img loading=\"lazy\" decoding=\"async\" class=\"alignnone wp-image-358960 size-large\" src=\"https:\/\/www.radiopiu.net\/wordpress\/wp-content\/uploads\/2023\/10\/f1e82627-6362-42c1-9c68-23e24e81f968-1024x804.jpg\" alt=\"\" width=\"1024\" height=\"804\" srcset=\"https:\/\/www.radiopiu.net\/wordpress\/wp-content\/uploads\/2023\/10\/f1e82627-6362-42c1-9c68-23e24e81f968-1024x804.jpg 1024w, https:\/\/www.radiopiu.net\/wordpress\/wp-content\/uploads\/2023\/10\/f1e82627-6362-42c1-9c68-23e24e81f968-300x236.jpg 300w, https:\/\/www.radiopiu.net\/wordpress\/wp-content\/uploads\/2023\/10\/f1e82627-6362-42c1-9c68-23e24e81f968-768x603.jpg 768w, https:\/\/www.radiopiu.net\/wordpress\/wp-content\/uploads\/2023\/10\/f1e82627-6362-42c1-9c68-23e24e81f968-1536x1206.jpg 1536w, https:\/\/www.radiopiu.net\/wordpress\/wp-content\/uploads\/2023\/10\/f1e82627-6362-42c1-9c68-23e24e81f968.jpg 1600w\" sizes=\"auto, (max-width: 1024px) 100vw, 1024px\" \/><\/a><\/p>\n<p>&nbsp;<\/p>\n<p><strong>IL VIDEO<\/strong><\/p>\n<div style=\"width: 848px;\" class=\"wp-video\"><video class=\"wp-video-shortcode\" id=\"video-358847-3\" width=\"848\" height=\"480\" preload=\"metadata\" controls=\"controls\"><source type=\"video\/mp4\" src=\"https:\/\/www.radiopiu.net\/wordpress\/wp-content\/uploads\/2023\/10\/WhatsApp-Video-2023-10-28-at-23.12.17.mp4?_=3\" \/><a href=\"https:\/\/www.radiopiu.net\/wordpress\/wp-content\/uploads\/2023\/10\/WhatsApp-Video-2023-10-28-at-23.12.17.mp4\">https:\/\/www.radiopiu.net\/wordpress\/wp-content\/uploads\/2023\/10\/WhatsApp-Video-2023-10-28-at-23.12.17.mp4<\/a><\/video><\/div>\n<p>&nbsp;<\/p>\n<hr \/>\n<p>&nbsp;<\/p>\n<blockquote>\n<h3>INCANTO AUTUNNALE IN VALLE IMPERINA<\/h3>\n<\/blockquote>\n<p><strong>FOTO DI MANUEL CONEDERA<\/strong><\/p>\n\n\t\t\t<style type='text\/css'>\n\t\t\t\t#gallery-6 {\n\t\t\t\t\tmargin: auto;\n\t\t\t\t}\n\t\t\t\t#gallery-6 .gallery-item {\n\t\t\t\t\tfloat: left;\n\t\t\t\t\tmargin-top: 10px;\n\t\t\t\t\ttext-align: center;\n\t\t\t\t\twidth: 50%;\n\t\t\t\t}\n\t\t\t\t#gallery-6 img {\n\t\t\t\t\tborder: 2px solid #cfcfcf;\n\t\t\t\t}\n\t\t\t\t#gallery-6 .gallery-caption {\n\t\t\t\t\tmargin-left: 0;\n\t\t\t\t}\n\t\t\t\t\/* see gallery_shortcode() in wp-includes\/media.php *\/\n\t\t\t<\/style>\n\t\t<div id='gallery-6' class='dt-gallery-container gallery galleryid-358847 gallery-columns-2 gallery-size-medium'><dl class='gallery-item'>\n\t\t\t\t<dt class='gallery-icon landscape'>\n\t\t\t\t\t<a class=\"rollover rollover-zoom dt-pswp-item\" title=\"4c7d6a9d-5078-40a6-ad47-236cc9625752\" data-dt-img-description=\"\" data-large_image_width=\"1599\" data-large_image_height=\"1068\"href='https:\/\/www.radiopiu.net\/wordpress\/wp-content\/uploads\/2023\/10\/4c7d6a9d-5078-40a6-ad47-236cc9625752.jpg'><img loading=\"lazy\" decoding=\"async\" width=\"300\" height=\"200\" src=\"https:\/\/www.radiopiu.net\/wordpress\/wp-content\/uploads\/2023\/10\/4c7d6a9d-5078-40a6-ad47-236cc9625752-300x200.jpg\" class=\"attachment-medium size-medium\" alt=\"\" srcset=\"https:\/\/www.radiopiu.net\/wordpress\/wp-content\/uploads\/2023\/10\/4c7d6a9d-5078-40a6-ad47-236cc9625752-300x200.jpg 300w, https:\/\/www.radiopiu.net\/wordpress\/wp-content\/uploads\/2023\/10\/4c7d6a9d-5078-40a6-ad47-236cc9625752-1024x684.jpg 1024w, https:\/\/www.radiopiu.net\/wordpress\/wp-content\/uploads\/2023\/10\/4c7d6a9d-5078-40a6-ad47-236cc9625752-768x513.jpg 768w, https:\/\/www.radiopiu.net\/wordpress\/wp-content\/uploads\/2023\/10\/4c7d6a9d-5078-40a6-ad47-236cc9625752-1536x1026.jpg 1536w, https:\/\/www.radiopiu.net\/wordpress\/wp-content\/uploads\/2023\/10\/4c7d6a9d-5078-40a6-ad47-236cc9625752.jpg 1599w\" sizes=\"auto, (max-width: 300px) 100vw, 300px\" \/><\/a>\n\t\t\t\t<\/dt><\/dl><dl class='gallery-item'>\n\t\t\t\t<dt class='gallery-icon landscape'>\n\t\t\t\t\t<a class=\"rollover rollover-zoom dt-pswp-item\" title=\"690dc100-e4ec-437a-95c3-4bf7df799112\" data-dt-img-description=\"\" data-large_image_width=\"1384\" data-large_image_height=\"924\"href='https:\/\/www.radiopiu.net\/wordpress\/wp-content\/uploads\/2023\/10\/690dc100-e4ec-437a-95c3-4bf7df799112.jpg'><img loading=\"lazy\" decoding=\"async\" width=\"300\" height=\"200\" src=\"https:\/\/www.radiopiu.net\/wordpress\/wp-content\/uploads\/2023\/10\/690dc100-e4ec-437a-95c3-4bf7df799112-300x200.jpg\" class=\"attachment-medium size-medium\" alt=\"\" srcset=\"https:\/\/www.radiopiu.net\/wordpress\/wp-content\/uploads\/2023\/10\/690dc100-e4ec-437a-95c3-4bf7df799112-300x200.jpg 300w, https:\/\/www.radiopiu.net\/wordpress\/wp-content\/uploads\/2023\/10\/690dc100-e4ec-437a-95c3-4bf7df799112-1024x684.jpg 1024w, https:\/\/www.radiopiu.net\/wordpress\/wp-content\/uploads\/2023\/10\/690dc100-e4ec-437a-95c3-4bf7df799112-768x513.jpg 768w, https:\/\/www.radiopiu.net\/wordpress\/wp-content\/uploads\/2023\/10\/690dc100-e4ec-437a-95c3-4bf7df799112.jpg 1384w\" sizes=\"auto, (max-width: 300px) 100vw, 300px\" \/><\/a>\n\t\t\t\t<\/dt><\/dl><br style=\"clear: both\" \/><dl class='gallery-item'>\n\t\t\t\t<dt class='gallery-icon landscape'>\n\t\t\t\t\t<a class=\"rollover rollover-zoom dt-pswp-item\" title=\"da11328e-adc1-47d8-b123-9e53c9256a2e\" data-dt-img-description=\"\" data-large_image_width=\"1599\" data-large_image_height=\"1068\"href='https:\/\/www.radiopiu.net\/wordpress\/wp-content\/uploads\/2023\/10\/da11328e-adc1-47d8-b123-9e53c9256a2e.jpg'><img loading=\"lazy\" decoding=\"async\" width=\"300\" height=\"200\" src=\"https:\/\/www.radiopiu.net\/wordpress\/wp-content\/uploads\/2023\/10\/da11328e-adc1-47d8-b123-9e53c9256a2e-300x200.jpg\" class=\"attachment-medium size-medium\" alt=\"\" srcset=\"https:\/\/www.radiopiu.net\/wordpress\/wp-content\/uploads\/2023\/10\/da11328e-adc1-47d8-b123-9e53c9256a2e-300x200.jpg 300w, https:\/\/www.radiopiu.net\/wordpress\/wp-content\/uploads\/2023\/10\/da11328e-adc1-47d8-b123-9e53c9256a2e-1024x684.jpg 1024w, https:\/\/www.radiopiu.net\/wordpress\/wp-content\/uploads\/2023\/10\/da11328e-adc1-47d8-b123-9e53c9256a2e-768x513.jpg 768w, https:\/\/www.radiopiu.net\/wordpress\/wp-content\/uploads\/2023\/10\/da11328e-adc1-47d8-b123-9e53c9256a2e-1536x1026.jpg 1536w, https:\/\/www.radiopiu.net\/wordpress\/wp-content\/uploads\/2023\/10\/da11328e-adc1-47d8-b123-9e53c9256a2e.jpg 1599w\" sizes=\"auto, (max-width: 300px) 100vw, 300px\" \/><\/a>\n\t\t\t\t<\/dt><\/dl><dl class='gallery-item'>\n\t\t\t\t<dt class='gallery-icon portrait'>\n\t\t\t\t\t<a class=\"rollover rollover-zoom dt-pswp-item\" title=\"e8db37d6-7e3a-4a9c-ae70-5a6d893ef1ae\" data-dt-img-description=\"\" data-large_image_width=\"1068\" data-large_image_height=\"1600\"href='https:\/\/www.radiopiu.net\/wordpress\/wp-content\/uploads\/2023\/10\/e8db37d6-7e3a-4a9c-ae70-5a6d893ef1ae.jpg'><img loading=\"lazy\" decoding=\"async\" width=\"200\" height=\"300\" src=\"https:\/\/www.radiopiu.net\/wordpress\/wp-content\/uploads\/2023\/10\/e8db37d6-7e3a-4a9c-ae70-5a6d893ef1ae-200x300.jpg\" class=\"attachment-medium size-medium\" alt=\"\" srcset=\"https:\/\/www.radiopiu.net\/wordpress\/wp-content\/uploads\/2023\/10\/e8db37d6-7e3a-4a9c-ae70-5a6d893ef1ae-200x300.jpg 200w, https:\/\/www.radiopiu.net\/wordpress\/wp-content\/uploads\/2023\/10\/e8db37d6-7e3a-4a9c-ae70-5a6d893ef1ae-684x1024.jpg 684w, https:\/\/www.radiopiu.net\/wordpress\/wp-content\/uploads\/2023\/10\/e8db37d6-7e3a-4a9c-ae70-5a6d893ef1ae-768x1151.jpg 768w, https:\/\/www.radiopiu.net\/wordpress\/wp-content\/uploads\/2023\/10\/e8db37d6-7e3a-4a9c-ae70-5a6d893ef1ae-1025x1536.jpg 1025w, https:\/\/www.radiopiu.net\/wordpress\/wp-content\/uploads\/2023\/10\/e8db37d6-7e3a-4a9c-ae70-5a6d893ef1ae.jpg 1068w\" sizes=\"auto, (max-width: 200px) 100vw, 200px\" \/><\/a>\n\t\t\t\t<\/dt><\/dl><br style=\"clear: both\" \/>\n\t\t\t<\/div>\n\n<p>&nbsp;<\/p>\n<hr \/>\n<p>&nbsp;<\/p>\n<p>&nbsp;<\/p>\n<div class=\"message spoilers-container\" dir=\"auto\">\n<div class=\"column\">\n<div class=\"message spoilers-container\" dir=\"auto\">\n<div class=\"column\">\n<p><img loading=\"lazy\" decoding=\"async\" class=\"aligncenter wp-image-61954 size-full\" src=\"https:\/\/www.radiopiu.net\/wordpress\/wp-content\/uploads\/2018\/09\/viabilita.jpeg\" sizes=\"auto, (max-width: 800px) 100vw, 800px\" srcset=\"https:\/\/www.radiopiu.net\/wordpress\/wp-content\/uploads\/2018\/09\/viabilita.jpeg 800w, https:\/\/www.radiopiu.net\/wordpress\/wp-content\/uploads\/2018\/09\/viabilita-300x38.jpeg 300w, https:\/\/www.radiopiu.net\/wordpress\/wp-content\/uploads\/2018\/09\/viabilita-768x96.jpeg 768w\" alt=\"\" width=\"800\" height=\"100\" \/><\/p>\n<\/div>\n<\/div>\n<div class=\"message spoilers-container\" dir=\"auto\">\n<div class=\"column\">\n<p>&nbsp;<\/p>\n<\/div>\n<\/div>\n<\/div>\n<\/div>\n<blockquote class=\"wp-embedded-content\" data-secret=\"fdIbH8in38\"><p><a href=\"https:\/\/www.radiopiu.net\/wordpress\/viabilita\/\">viabilita<\/a><\/p><\/blockquote>\n<p><iframe loading=\"lazy\" class=\"wp-embedded-content\" sandbox=\"allow-scripts\" security=\"restricted\" style=\"position: absolute; clip: rect(1px, 1px, 1px, 1px);\" title=\"&#8220;viabilita&#8221; &#8212; Radio Pi\u00f9\" src=\"https:\/\/www.radiopiu.net\/wordpress\/viabilita\/embed\/#?secret=iNtCUSeyWQ#?secret=fdIbH8in38\" data-secret=\"fdIbH8in38\" width=\"600\" height=\"338\" frameborder=\"0\" marginwidth=\"0\" marginheight=\"0\" scrolling=\"no\"><\/iframe><\/p>\n<div class=\"message spoilers-container\" dir=\"auto\">\n<div class=\"column\">\n<div class=\"message spoilers-container\" dir=\"auto\">\n<div class=\"column\">\n<div>\n<div dir=\"ltr\">\n<div class=\"gmail_quote\">\n<div dir=\"ltr\">\n<div><\/div>\n<div><\/div>\n<\/div>\n<\/div>\n<\/div>\n<\/div>\n<hr \/>\n<p>&nbsp;<\/p>\n<p><a class=\"dt-pswp-item\" href=\"https:\/\/www.radiopiu.net\/wordpress\/wp-content\/uploads\/2018\/09\/WhatsApp-Image-2018-09-20-at-16.04.06.jpeg\" data-dt-img-description=\"\" data-large_image_width=\"800\" data-large_image_height=\"100\"><img loading=\"lazy\" decoding=\"async\" class=\"wp-image-61378 size-full aligncenter\" src=\"https:\/\/www.radiopiu.net\/wordpress\/wp-content\/uploads\/2018\/09\/WhatsApp-Image-2018-09-20-at-16.04.06.jpeg\" alt=\"\" width=\"800\" height=\"100\" srcset=\"https:\/\/www.radiopiu.net\/wordpress\/wp-content\/uploads\/2018\/09\/WhatsApp-Image-2018-09-20-at-16.04.06.jpeg 800w, https:\/\/www.radiopiu.net\/wordpress\/wp-content\/uploads\/2018\/09\/WhatsApp-Image-2018-09-20-at-16.04.06-300x38.jpeg 300w, https:\/\/www.radiopiu.net\/wordpress\/wp-content\/uploads\/2018\/09\/WhatsApp-Image-2018-09-20-at-16.04.06-768x96.jpeg 768w\" sizes=\"auto, (max-width: 800px) 100vw, 800px\" \/><\/a><\/p>\n<\/div>\n<\/div>\n<p>&nbsp;<\/p>\n<p><center><b>OGGI<\/b><\/center>Cielo molto nuvoloso o coperto ovunque, a parte qualche irregolare e breve schiarita al mattino su Dolomiti settentrionali.<br \/>\n<b>Precipitazioni: <\/b>Alta probabilit\u00e0 di precipitazioni (80-100%) dal mattino a partire da Prealpi in estensione a Dolomiti dove risulteranno per lo pi\u00f9 deboli ed intermittenti. In intensificazione ovunque dal pomeriggio su Prealpi ed in serata su Dolomiti, fino a moderate o a tratti forti specie su Prealpi e Dolomiti meridionali anche sottoforma di rovescio o locale temporale su Prealpi.<br \/>\n<b>Temperature: <\/b>Temperature minime in aumento, massime senza notevoli variazioni o in lieve calo, specie nelle valli<\/p>\n<hr \/>\n<p><center><b>DOMANI<\/b><\/center>Nuvoloso o molto nuvoloso fino al mattino, poi schiarite via via pi\u00f9 ampie a partire da Prealpi occidentali in estensione nel pomeriggio a Dolomiti. In serata sereno o poco nuvoloso ovunque.<br \/>\n<b>Precipitazioni: <\/b>Precipitazioni diffuse deboli\/moderate fino al mattino, in attenuazione ed esaurimento a partire da prealpi ovest. Durante le ore centrali possibile qualche rovescio su Dolomiti Generale esaurimento dei fenomeni ovunque entro sera.<br \/>\n<b>Temperature: <\/b>In calo in quota a partire da met\u00e0 giornata, con minime raggiunte in serata.<\/p>\n<hr \/>\n<p><center><b>MERCOLEDI<\/b><\/center>Al mattino sereno o poco nuvoloso con qualche nube bassa nei fondovalle. Nel pomeriggio comparsa di sottili velature dapprima su Prealpi, pi\u00f9 tardi anche su Dolomiti. Su Prealpi, dalle ore centrali qualche addensamento e verso sera formazione di nubi basse. Temperature in generale calo, specie le minime a fondovalle.<\/p>\n<hr \/>\n<p><center><b>GIOVEDI<\/b><\/center>Aumento delle nubi fino a molto nuvoloso o coperto con precipitazioni in estensione da Prealpi a Dolomiti, diffuse e moderate dal pomeriggio ed in serata. Temperature in contenuto aumento.<\/p>\n<\/div>\n<\/div>\n<p>&nbsp;<\/p>\n<div class=\"message spoilers-container\" dir=\"auto\">\n<hr \/>\n<p>&nbsp;<\/p>\n<p><img loading=\"lazy\" decoding=\"async\" class=\"wp-image-60761 size-full aligncenter\" src=\"https:\/\/www.radiopiu.net\/wordpress\/wp-content\/uploads\/2018\/09\/sport.jpg\" alt=\"\" width=\"800\" height=\"100\" srcset=\"https:\/\/www.radiopiu.net\/wordpress\/wp-content\/uploads\/2018\/09\/sport.jpg 800w, https:\/\/www.radiopiu.net\/wordpress\/wp-content\/uploads\/2018\/09\/sport-300x38.jpg 300w, https:\/\/www.radiopiu.net\/wordpress\/wp-content\/uploads\/2018\/09\/sport-768x96.jpg 768w\" sizes=\"auto, (max-width: 800px) 100vw, 800px\" \/><\/p>\n<p>&nbsp;<\/p>\n<p>&nbsp;<\/p>\n<p>&nbsp;<\/p>\n<p>&nbsp;<\/p>\n<p>&nbsp;<\/p>\n<p><span style=\"color: #0000ff;\"><strong>CALCIO<\/strong><\/span><\/p>\n<blockquote>\n<h3>AGORDINA E PIAVE PERDONO IN TERZA CATEGORIA. ALTI E BASSI PER LE GIOVANILI DELL&#8217;AGORDINA<\/h3>\n<\/blockquote>\n<p><strong><a class=\"dt-pswp-item\" href=\"https:\/\/www.radiopiu.net\/wordpress\/wp-content\/uploads\/2022\/11\/CALCIO-2022.jpg\" data-dt-img-description=\"\" data-large_image_width=\"1920\" data-large_image_height=\"1280\"><img loading=\"lazy\" decoding=\"async\" class=\" wp-image-305390 alignleft\" src=\"https:\/\/www.radiopiu.net\/wordpress\/wp-content\/uploads\/2022\/11\/CALCIO-2022-300x200.jpg\" alt=\"\" width=\"194\" height=\"129\" srcset=\"https:\/\/www.radiopiu.net\/wordpress\/wp-content\/uploads\/2022\/11\/CALCIO-2022-300x200.jpg 300w, https:\/\/www.radiopiu.net\/wordpress\/wp-content\/uploads\/2022\/11\/CALCIO-2022-1024x683.jpg 1024w, https:\/\/www.radiopiu.net\/wordpress\/wp-content\/uploads\/2022\/11\/CALCIO-2022-768x512.jpg 768w, https:\/\/www.radiopiu.net\/wordpress\/wp-content\/uploads\/2022\/11\/CALCIO-2022-1536x1024.jpg 1536w, https:\/\/www.radiopiu.net\/wordpress\/wp-content\/uploads\/2022\/11\/CALCIO-2022.jpg 1920w\" sizes=\"auto, (max-width: 194px) 100vw, 194px\" \/><\/a>di Marco Gaz<\/strong><\/p>\n<p><span style=\"color: #ff0000;\"><strong>TERZA CATEGORIA<\/strong><\/span><\/p>\n<p><strong>AGORDINA \u2013 FORTOGNA 2-3<\/strong><\/p>\n<p>GOL AGORDINA: Dal Don, Mezzacasa<\/p>\n<p>Il Fortogna espugna l\u2019Ivano Dorigo di Agordo vincendo di misura con l\u2019Agordina. La squadra di Chiea si trova subito sotto, pareggia con Dal Don poi subisce due gol nella ripresa. Ospiti che incamerano i 3 punti e raggiungono la squadra di Agordo in classifica a quota 11 punti. Agordini che non hanno demeritato creando tanto ma di fronte hanno trovato un portiere para tutto. Fortogna che ha la prima occasione della gara ma Palla para. Al 9\u2019 si sblocca la partita. Sono gli ospiti che trovano il gol con un giocatore che scappa alla difesa e salta anche il portiere prima di calciare a rete. L\u2019Agordina prova a reagire. Morazio spreca la palla del pareggio e subito dopo Selle, ben servito da Dal Don, si fa parare una conclusione invitante. Pareggio nell\u2019aria tanto che al 44\u2019 un diagonale velenoso di dal Don termina alle spalle del portiere. Nella ripresa l\u2019Agordina continua a spingere ma ad avere la meglio \u00e8 ancora il Fortogna che approfitta di una disattenzione per riportarsi in vantaggio. La squadra di Belluno mette al sicuro il risultato al 61\u2019 con un pallonetto da 35 metri in cui Palla non arriva. Agordina agguerrita che vuole ribaltare il risultato ma a dire di no \u00e8 il portiere avversario sulle conclusioni di Dal Don e Salzillo. Seconda marcatura agordina che arriva a 3\u2019 dallo scadere con Mezzacasa. Nel recupero c\u2019\u00e8 spazio per un\u2019altra occasione dei padroni di casa, ma il tiro di Pellegrini termina tra le braccia dell\u2019estremo difensore.<\/p>\n<p><strong>PIAVE \u2013 SAN VITTORE 2-3<\/strong><\/p>\n<p><strong>IL SERVIZIO DI ANDREA BALDASSI, PORTAVOCE DEL PIAVE CALCIO<\/strong><\/p>\n<audio class=\"wp-audio-shortcode\" id=\"audio-358847-4\" preload=\"none\" style=\"width: 100%;\" controls=\"controls\"><source type=\"audio\/mpeg\" src=\"https:\/\/www.radiopiu.net\/wordpress\/wp-content\/uploads\/2023\/10\/BALDA.mp3?_=4\" \/><a href=\"https:\/\/www.radiopiu.net\/wordpress\/wp-content\/uploads\/2023\/10\/BALDA.mp3\">https:\/\/www.radiopiu.net\/wordpress\/wp-content\/uploads\/2023\/10\/BALDA.mp3<\/a><\/audio>\n<p>&nbsp;<\/p>\n<p>&nbsp;<\/p>\n<p><span style=\"color: #008000;\"><strong>GIOVANILI AGORDINA<\/strong><\/span><\/p>\n<p><span style=\"color: #ff0000;\"><strong>JUNIORES<\/strong><\/span><\/p>\n<p><strong>AGORDINA \u2013 PIAVE 6-2<\/strong><\/p>\n<p>GOL AGORDINA: 2 Carlin, 3 V. Marcon, Fontanive<\/p>\n<p>Punteggio tennistico all\u2019Ivano Dorigo di Agordo per la Juniores di De Zaiacomo che incamera altri tre punti importanti contro il Piave. Primo tempo sottotono per i ragazzi di Agordo che nonostante tutto vanno negli spogliatoi in vantaggio per 2 a 1 grazie alla doppietta di Carlin. Il Piave pareggia i conti e l\u2019Agordina ingrana la marcia giusta mettendo al sicuro il risultato con una tripletta di Valentino Marcon e il gol di Fontanive.<\/p>\n<p><span style=\"color: #ff0000;\"><strong>ALLIEVI <\/strong><\/span><\/p>\n<p><strong>LONGARONE ALPINA \u2013 AGORDINA 1-3<\/strong><\/p>\n<p>GOL AGORDINA: 2 Ganz, Andrich<\/p>\n<p>Un altro risultato utile per l\u2019Agordina Allievi di Orzetti che torna dalla trasferta in Valbelluna con tre punti in pi\u00f9. Bella prestazione dei giovani agordini che passano subito in vantaggio con Ganz. Longarone Alpina che pareggia i conti ma prima della pausa Ganz mette la firma alla doppietta personale. Nel secondo tempo c\u2019\u00e8 spazio per la rete di Andrich che consegna alla compagine di Agordo l\u2019ennesima vittoria in campionato.<\/p>\n<p><span style=\"color: #ff0000;\"><strong>GIOVANISSIMI<\/strong><\/span><\/p>\n<p><strong>AGORDINA sq. A \u2013 JUVENTINA MUGNAI 1-2<\/strong><\/p>\n<p>GOL AGORDINA: Groppa<\/p>\n<p>Prima sconfitta stagionale per la prima squadra dell\u2019Agordina Giovanissimi che sul campo di Canale D\u2019Agordo non riesce a pareggiare i conti con la Juventina Mugnai. Succede tutto nel primo tempo con i Feltrini che vanno al riposo in vantaggio per 2 a 1: Groppa a segno per gli agordini. Padroni di casa che le provano tutte nella ripresa ma il pareggio non arriva<\/p>\n<p><strong>SCHIARA \u2013 AGORDINA sq. B 2-1<\/strong><\/p>\n<p>GOL AGORDINA: Da Zanche<\/p>\n<p>Quarta sconfitta stagionale per la squadra B dell\u2019Agordina che torna dalla trasferta in Valbelluna a mani vuote. Gli agordini lottano per tutta la partita senza trovare la rete del pareggio. A segno Da Zanche per gli agordini.<\/p>\n<p>&nbsp;<\/p>\n<p><span style=\"color: #0000ff;\"><strong>HOCKEY SU GHIACCIO<\/strong><\/span><\/p>\n<blockquote>\n<h3>QUARTA VITTORIA CONSECUTIVA DELLE CIVETTE CHE ATTERRANO IL VALPELLICE. IL FELTRE SUPERA AI RIGORI IL DOBBIACO<\/h3>\n<\/blockquote>\n<p><strong>di Marco Gaz<\/strong><\/p>\n<p><span style=\"color: #ff0000;\"><strong>NONA GIORNATA IHL<\/strong><\/span><\/p>\n<p><strong>ALLEGHE \u2013 VALPELLICE 5-0<\/strong><\/p>\n<p>PARZIALI: 1-0, 1-0, 3-0<\/p>\n<p>GOL: Pt. 12\u201951\u201d Zherdev. St. 1\u201924\u201d Ganz. Tt. 4\u201925\u201d e 9\u201900\u201d Zherdev, 16\u201922\u201d Moroder<\/p>\n<p>Con una prova superlativa l\u2019Alleghe incamera altri tre punti e lo fa all\u2019Alvise De Toni contro un Valpellice che nonostante il punteggio non ha demeritato. Una sfida carica di emozioni di fronte ad un folto pubblico. La compagine di Scapinello mette a segno la quarta vittoria consecutiva e si lancia nella parte alta della classifica della IHL. Serata da incorniciare per Zherdev che chiude con una tripletta personale. Agordini che torneranno in campo mercoled\u00ec per il turno infrasettimanale. Si gioca al de Toni dove arriver\u00e0 il Bressanone. Primi minuti di gara a reti inviolate. Gioco veloce con entrambe le formazioni che si avvicinano al gol. Alleghe che prova a sbloccare il punteggio ma le conclusioni non sono precise. I piemontesi rispondono in powerplay ma Scola sventa ogni minaccia. La sfida si sblocca subito dopo quando Zherdev viene servito da Francesco Soppelsa e a tu per tu con il golie avversario il russo riesce a spedire il disco in fondo al sacco. Valpellice che si sveglia e prova a farsi pericoloso ma senza risultati. Nel periodo centrale gli ospiti si trovano con due giocatori in panca puniti dopo pochi secondi. Le civette ne approfittano e con capitan Ganz trovano la seconda marcatura della serata. Si continua a giocare a ritmi alti e la sfida \u00e8 molto vivace con tanti capovolgimenti di fronte. Valpe che ci prova con l\u2019uomo in pi\u00f9 ma Scola e compagni non lasciano passare un disco. Biancorossi che colpiscono il palo con Makela. Finale di secondo drittel con gli agordini in difficolt\u00e0 ma Scola \u00e8 una saracinesca. Piemontesi pericolosi anche nella terza frazione ma le civette rispondono colpo su colpo. Dopo una serie di tentavi andati a vuoto, gli alleghesi trovano la terza marcatura della serata. Bella triangolazione con disco che arriva a Zherdev che mette la firma alla doppietta personale. Il russo va di nuovo a segno poco dopo su assist di Makela. A chiudere definitivamente il match ci pensa Moroder, ancora una volta su assist di Makela.<\/p>\n<p>(foto: Erol Badole)<\/p>\n\n\t\t\t<style type='text\/css'>\n\t\t\t\t#gallery-7 {\n\t\t\t\t\tmargin: auto;\n\t\t\t\t}\n\t\t\t\t#gallery-7 .gallery-item {\n\t\t\t\t\tfloat: left;\n\t\t\t\t\tmargin-top: 10px;\n\t\t\t\t\ttext-align: center;\n\t\t\t\t\twidth: 20%;\n\t\t\t\t}\n\t\t\t\t#gallery-7 img {\n\t\t\t\t\tborder: 2px solid #cfcfcf;\n\t\t\t\t}\n\t\t\t\t#gallery-7 .gallery-caption {\n\t\t\t\t\tmargin-left: 0;\n\t\t\t\t}\n\t\t\t\t\/* see gallery_shortcode() in wp-includes\/media.php *\/\n\t\t\t<\/style>\n\t\t<div id='gallery-7' class='dt-gallery-container gallery galleryid-358847 gallery-columns-5 gallery-size-thumbnail'><dl class='gallery-item'>\n\t\t\t\t<dt class='gallery-icon landscape'>\n\t\t\t\t\t<a class=\"rollover rollover-zoom dt-pswp-item\" title=\"2c47e0ab-99e0-4c0e-8094-bda8f958f53c\" data-dt-img-description=\"\" data-large_image_width=\"1600\" data-large_image_height=\"1200\"href='https:\/\/www.radiopiu.net\/wordpress\/wp-content\/uploads\/2023\/10\/2c47e0ab-99e0-4c0e-8094-bda8f958f53c.jpg'><img loading=\"lazy\" decoding=\"async\" width=\"150\" height=\"150\" src=\"https:\/\/www.radiopiu.net\/wordpress\/wp-content\/uploads\/2023\/10\/2c47e0ab-99e0-4c0e-8094-bda8f958f53c-150x150.jpg\" class=\"attachment-thumbnail size-thumbnail\" alt=\"\" \/><\/a>\n\t\t\t\t<\/dt><\/dl><dl class='gallery-item'>\n\t\t\t\t<dt class='gallery-icon landscape'>\n\t\t\t\t\t<a class=\"rollover rollover-zoom dt-pswp-item\" title=\"0c6347d0-e501-40a1-8f57-f6953eb16f55\" data-dt-img-description=\"\" data-large_image_width=\"1600\" data-large_image_height=\"1200\"href='https:\/\/www.radiopiu.net\/wordpress\/wp-content\/uploads\/2023\/10\/0c6347d0-e501-40a1-8f57-f6953eb16f55.jpg'><img loading=\"lazy\" decoding=\"async\" width=\"150\" height=\"150\" src=\"https:\/\/www.radiopiu.net\/wordpress\/wp-content\/uploads\/2023\/10\/0c6347d0-e501-40a1-8f57-f6953eb16f55-150x150.jpg\" class=\"attachment-thumbnail size-thumbnail\" alt=\"\" \/><\/a>\n\t\t\t\t<\/dt><\/dl><dl class='gallery-item'>\n\t\t\t\t<dt class='gallery-icon landscape'>\n\t\t\t\t\t<a class=\"rollover rollover-zoom dt-pswp-item\" title=\"7700b01d-96bc-4076-9a19-26582d9d88d3\" data-dt-img-description=\"\" data-large_image_width=\"1600\" data-large_image_height=\"1200\"href='https:\/\/www.radiopiu.net\/wordpress\/wp-content\/uploads\/2023\/10\/7700b01d-96bc-4076-9a19-26582d9d88d3.jpg'><img loading=\"lazy\" decoding=\"async\" width=\"150\" height=\"150\" src=\"https:\/\/www.radiopiu.net\/wordpress\/wp-content\/uploads\/2023\/10\/7700b01d-96bc-4076-9a19-26582d9d88d3-150x150.jpg\" class=\"attachment-thumbnail size-thumbnail\" alt=\"\" \/><\/a>\n\t\t\t\t<\/dt><\/dl><dl class='gallery-item'>\n\t\t\t\t<dt class='gallery-icon landscape'>\n\t\t\t\t\t<a class=\"rollover rollover-zoom dt-pswp-item\" title=\"9154a093-0730-4fbc-9019-3c1672bb35c7\" data-dt-img-description=\"\" data-large_image_width=\"1600\" data-large_image_height=\"1200\"href='https:\/\/www.radiopiu.net\/wordpress\/wp-content\/uploads\/2023\/10\/9154a093-0730-4fbc-9019-3c1672bb35c7.jpg'><img loading=\"lazy\" decoding=\"async\" width=\"150\" height=\"150\" src=\"https:\/\/www.radiopiu.net\/wordpress\/wp-content\/uploads\/2023\/10\/9154a093-0730-4fbc-9019-3c1672bb35c7-150x150.jpg\" class=\"attachment-thumbnail size-thumbnail\" alt=\"\" \/><\/a>\n\t\t\t\t<\/dt><\/dl><dl class='gallery-item'>\n\t\t\t\t<dt class='gallery-icon landscape'>\n\t\t\t\t\t<a class=\"rollover rollover-zoom dt-pswp-item\" title=\"94f469fa-8c98-4681-884a-ed039eaafce5\" data-dt-img-description=\"\" data-large_image_width=\"1600\" data-large_image_height=\"1200\"href='https:\/\/www.radiopiu.net\/wordpress\/wp-content\/uploads\/2023\/10\/94f469fa-8c98-4681-884a-ed039eaafce5.jpg'><img loading=\"lazy\" decoding=\"async\" width=\"150\" height=\"150\" src=\"https:\/\/www.radiopiu.net\/wordpress\/wp-content\/uploads\/2023\/10\/94f469fa-8c98-4681-884a-ed039eaafce5-150x150.jpg\" class=\"attachment-thumbnail size-thumbnail\" alt=\"\" \/><\/a>\n\t\t\t\t<\/dt><\/dl><br style=\"clear: both\" \/><dl class='gallery-item'>\n\t\t\t\t<dt class='gallery-icon landscape'>\n\t\t\t\t\t<a class=\"rollover rollover-zoom dt-pswp-item\" title=\"36016e3a-ea50-464b-835c-8ae25681a59d\" data-dt-img-description=\"\" data-large_image_width=\"1600\" data-large_image_height=\"1200\"href='https:\/\/www.radiopiu.net\/wordpress\/wp-content\/uploads\/2023\/10\/36016e3a-ea50-464b-835c-8ae25681a59d.jpg'><img loading=\"lazy\" decoding=\"async\" width=\"150\" height=\"150\" src=\"https:\/\/www.radiopiu.net\/wordpress\/wp-content\/uploads\/2023\/10\/36016e3a-ea50-464b-835c-8ae25681a59d-150x150.jpg\" class=\"attachment-thumbnail size-thumbnail\" alt=\"\" \/><\/a>\n\t\t\t\t<\/dt><\/dl><dl class='gallery-item'>\n\t\t\t\t<dt class='gallery-icon landscape'>\n\t\t\t\t\t<a class=\"rollover rollover-zoom dt-pswp-item\" title=\"55acea69-8d01-4aa2-ac89-40852fd0b680\" data-dt-img-description=\"\" data-large_image_width=\"1600\" data-large_image_height=\"1200\"href='https:\/\/www.radiopiu.net\/wordpress\/wp-content\/uploads\/2023\/10\/55acea69-8d01-4aa2-ac89-40852fd0b680.jpg'><img loading=\"lazy\" decoding=\"async\" width=\"150\" height=\"150\" src=\"https:\/\/www.radiopiu.net\/wordpress\/wp-content\/uploads\/2023\/10\/55acea69-8d01-4aa2-ac89-40852fd0b680-150x150.jpg\" class=\"attachment-thumbnail size-thumbnail\" alt=\"\" \/><\/a>\n\t\t\t\t<\/dt><\/dl><dl class='gallery-item'>\n\t\t\t\t<dt class='gallery-icon landscape'>\n\t\t\t\t\t<a class=\"rollover rollover-zoom dt-pswp-item\" title=\"3a388463-34fb-4ba5-a0cf-24aee0fd7bd0\" data-dt-img-description=\"\" data-large_image_width=\"1600\" data-large_image_height=\"1200\"href='https:\/\/www.radiopiu.net\/wordpress\/wp-content\/uploads\/2023\/10\/3a388463-34fb-4ba5-a0cf-24aee0fd7bd0.jpg'><img loading=\"lazy\" decoding=\"async\" width=\"150\" height=\"150\" src=\"https:\/\/www.radiopiu.net\/wordpress\/wp-content\/uploads\/2023\/10\/3a388463-34fb-4ba5-a0cf-24aee0fd7bd0-150x150.jpg\" class=\"attachment-thumbnail size-thumbnail\" alt=\"\" \/><\/a>\n\t\t\t\t<\/dt><\/dl><dl class='gallery-item'>\n\t\t\t\t<dt class='gallery-icon landscape'>\n\t\t\t\t\t<a class=\"rollover rollover-zoom dt-pswp-item\" title=\"52d92966-4223-41cb-a3f4-f243f8c277de\" data-dt-img-description=\"\" data-large_image_width=\"1600\" data-large_image_height=\"1200\"href='https:\/\/www.radiopiu.net\/wordpress\/wp-content\/uploads\/2023\/10\/52d92966-4223-41cb-a3f4-f243f8c277de.jpg'><img loading=\"lazy\" decoding=\"async\" width=\"150\" height=\"150\" src=\"https:\/\/www.radiopiu.net\/wordpress\/wp-content\/uploads\/2023\/10\/52d92966-4223-41cb-a3f4-f243f8c277de-150x150.jpg\" class=\"attachment-thumbnail size-thumbnail\" alt=\"\" \/><\/a>\n\t\t\t\t<\/dt><\/dl><dl class='gallery-item'>\n\t\t\t\t<dt class='gallery-icon landscape'>\n\t\t\t\t\t<a class=\"rollover rollover-zoom dt-pswp-item\" title=\"6a57dff4-3434-4988-b666-96fd1920988c\" data-dt-img-description=\"\" data-large_image_width=\"1600\" data-large_image_height=\"1200\"href='https:\/\/www.radiopiu.net\/wordpress\/wp-content\/uploads\/2023\/10\/6a57dff4-3434-4988-b666-96fd1920988c.jpg'><img loading=\"lazy\" decoding=\"async\" width=\"150\" height=\"150\" src=\"https:\/\/www.radiopiu.net\/wordpress\/wp-content\/uploads\/2023\/10\/6a57dff4-3434-4988-b666-96fd1920988c-150x150.jpg\" class=\"attachment-thumbnail size-thumbnail\" alt=\"\" \/><\/a>\n\t\t\t\t<\/dt><\/dl><br style=\"clear: both\" \/>\n\t\t\t<\/div>\n\n<p>&nbsp;<\/p>\n<p><strong>DOBBIACO \u2013 FELTRE 5-6 dtr<\/strong><\/p>\n<p>PARZIALI: 0-0, 3-2, 2-3, 0-0, 1-2<\/p>\n<p>GOL: St. 1\u201949\u201d Eruzione, 9\u201956\u201d Sniezhnievskyi, 13\u201945\u201d Majul, 16\u201945\u201d Purdeller, 17\u201948\u201d Tauber. Tt. 3\u201951\u201d Lysenko, 6\u201913\u201d M. Dall\u2019Agnol, 9\u201913\u201d e 14\u201935\u201d Malaj, 19\u201906\u201d Blaha. Rig. Blaha, Monthaler, Nimenko<\/p>\n<p>Ci sono voluti i tiri di rigore per decidere la vincitrice della sfida altoatesina tra Dobbiaco e Feltre. A spuntarla sono stati i feltrini dopo una sfida al cardiopalma che si \u00e8 innescata nella seconda frazione. Poi un botta e risposta tra le due compagini fino all\u2019epilogo finale decretato dai rigori. Due punti per la squadra di Fontana che torna a vincere dopo il passo falso nel derby con l\u2019Alleghe.\u00a0 Nella prima frazione di gioco le occasioni non mancano ma le squadre non riescono a sbloccare il risultato tanto che si va alla prima pausa a reti inviolate. Nel secondo drittel i feltrini passano subito in vantaggio con Eruzione. Il raddoppio al giro di boa della partita. Il Dobbiaco risponde con Majul subito dopo accorciando le distanze. Altoatesini che prendono coraggiio e in 3\u2019 riescono a ribaltare il risultato. Gli uomini di Fontana entrano in campo decisi nella terza frazione e in pochi minuti si riportano in vantaggio con due gol in rapida successione ma gli altoatesini pareggiano i conti. Si gioca a viso aperto ma il Dobbiaco trova la quinta marcatura. Allo scadere il pareggio feltrino che porta la sfida all\u2019overtime ma sono i tiri di rigore che consegnano il punto aggiuntivo al Feltre.<\/p>\n<p>&nbsp;<\/p>\n<blockquote>\n<h3>TRE SU TRE PER LE GIOVANILI DELL&#8217;ALLEGHE HOCKEY<\/h3>\n<\/blockquote>\n<p><strong><a class=\"dt-pswp-item\" href=\"https:\/\/www.radiopiu.net\/wordpress\/wp-content\/uploads\/2023\/10\/hockey.jpg\" data-dt-img-description=\"\" data-large_image_width=\"1280\" data-large_image_height=\"961\"><img loading=\"lazy\" decoding=\"async\" class=\" wp-image-359038 alignleft\" src=\"https:\/\/www.radiopiu.net\/wordpress\/wp-content\/uploads\/2023\/10\/hockey-300x225.jpg\" alt=\"\" width=\"193\" height=\"145\" srcset=\"https:\/\/www.radiopiu.net\/wordpress\/wp-content\/uploads\/2023\/10\/hockey-300x225.jpg 300w, https:\/\/www.radiopiu.net\/wordpress\/wp-content\/uploads\/2023\/10\/hockey-1024x769.jpg 1024w, https:\/\/www.radiopiu.net\/wordpress\/wp-content\/uploads\/2023\/10\/hockey-768x577.jpg 768w, https:\/\/www.radiopiu.net\/wordpress\/wp-content\/uploads\/2023\/10\/hockey.jpg 1280w\" sizes=\"auto, (max-width: 193px) 100vw, 193px\" \/><\/a>di Marco Gaz<\/strong><\/p>\n<p><span style=\"color: #ff0000;\"><strong>UNDER 19<\/strong><\/span><\/p>\n<p><strong>FIEMME \u2013 CORTINA\/ALLEGHE 1-3<\/strong><\/p>\n<p>GOL CORTINA\/ALLEGHE: Talamini, Fontanive, Esposito<\/p>\n<p>Dopo una sfida infuocata, il Cortina\/Alleghe Under 19 porta a casa ancora un risultato utile, il terzo consecutivo. La squadra mista bellunese, dopo una partita giocata alla pari con il Fassa, torna da Alba di Canazei con 3 punti in saccoccia. Ospiti che passano in vantaggio a met\u00e0 primo tempo con Talamini. Seconda frazione a reti inviolate ma con le squadre che lottano su ogni disco. Nel terzo tempo il Cortina\/Alleghe chiude la sfida andando a segno con Fontanive ed Esposito. Nel finale la rete della bandiera per il Fassa.<\/p>\n<p><span style=\"color: #ff0000;\"><strong>UNDER 16<\/strong><\/span><\/p>\n<p><strong>CORTINA\/ALLEGHE \u2013 AOSTA 4-0<\/strong><\/p>\n<p>GOL CORTINA\/ALLEGHE: Alver\u00e0, Venturi, 2 Talamini<\/p>\n<p>Dopo il passo falso della scorsa settimana, il Cortina\/Alleghe under 16 torna a vincere e lo fa allo stadio Olimpico di Cortina contro l\u2019Aosta. I bellunesi conquistano i 3 punti calando il poker contro i valdostani. Il match si sblocca a fine primo tempo con Alver\u00e0. Nel drittel centrale i padroni di casa chiudono il match mettendo a segno altre tre marcature: a segno venturi e doppietta di Talamini. Secondo posto in classifica per la squadra mista bellunese dopo 6 partite giocate.<\/p>\n<p><span style=\"color: #ff0000;\"><strong>UNDER 14 <\/strong><\/span><\/p>\n<p><strong>LAIVES \u2013 ALLEGHE\/CORTINA 1-8<\/strong><\/p>\n<p>Match a senso unico in terra altoatesina dove i ragazzi dell\u2019Alleghe\/Cortina atterrano il Laives, fanalino di coda del torneo, con un netto 8 a 1. Cinque partite e cinque vittorie per le giovani civette under 14 che restano in testa alla classifica del girone Est 2 nel campionato giovanile. Un inizio di stagione da incorniciare e che fa ben sperare per il futuro.<\/p>\n<p>&nbsp;<\/p>\n<blockquote>\n<h3>ZOLDO FEMMINILE BATTUTO DALL&#8217;ALTO ADIGE<\/h3>\n<\/blockquote>\n<div class=\"articlePlainText\"><strong>PIEVE DI CADORE<\/strong> Per lo Zoldo\u00a0 seconda sconfitta stagionale. Non riesce il bis\u00a0 alle ragazze venete che vengono messe ko con un netto 6-1, in cui l&#8217;unico guizzo \u00e8 quello fatto registrare dalla Mellar\u00e8. Le ragazze di coach Meneghetti non riescono a trovare il modo per colpire le Eagles Alto Adige fino ad inizio del secondo tempo, quando un power play porta alla marcatura di Mellar\u00e8. Lo Zoldo Hockey femminile rimane fermo in classifica a quota tre punti dopo tre gare giocate. Domenica prossima lo Zoldo Hockey fa visita al Dobbiaco.<\/div>\n<div><\/div>\n<p>&nbsp;<\/p>\n<p><span style=\"color: #0000ff;\"><strong>CORSA SU STRADA<\/strong><\/span><\/p>\n<blockquote>\n<h3>OLTRE 600 CONCORRENTI AI CAMPIONATI NAZIONALI DI CORSA SU STRADA CSI AD AGORDO<\/h3>\n<p>Senior femminile Francesca De Col\u00f2 6^ posto Alessandra Da Ronch 14^ posto<\/p>\n<p>Senior maschile Matteo Costa 11^ posto<\/p>\n<p>Amatori A maschile Valentino Costa 2 Hassan Loufti\u00a0 3<\/p>\n<p>Amatori A femminile Manuela Bulf\u00a0 1\u00a0 Arianna Deola 10^ posto<\/p>\n<p>Amatori B maschile Daniele De Col\u00f2\u00a0 1Gabriele Toffoli 16^ posto<br \/>\nAntonio Chiarolla 19^ posto<\/p>\n<p>Veterani A maschile Ivano Marcon 7^ posto<\/p>\n<p>Veterani B maschile Paolo Cancel 3<\/p><\/blockquote>\n<p><strong>AGORDO <\/strong>Sono stati 630 i concorrenti che ad Agordo hanno dato vita all\u201911.ma edizione del Campionato nazionale di corsa su strada del Centro sportivo italiano. Organizzazione a cura dell\u2019Atletica Agordina che, in una giornata di pioggia intermittente e temperature rigide, ha proposto un evento dagli elevati contenuti. Sette le regioni italiane rappresentate, con 19 comitati territoriali al via e una settantina di societ\u00e0. A fare la parte del leone sono state Trentino e Lombardia: il Trentino ha vinto la graduatoria generale per societ\u00e0 e quella delle categorie assolute per societ\u00e0, portandosi a casa anche dieci successi individuali mentre la Lombardia ha conquistato la vittoria nella graduatoria giovanile per societ\u00e0 e cinque ori a livello individuale. Ottimi risultati per le societ\u00e0 del comitato Csi di Belluno che ha messo in bacheca tre ori, 5 argenti e quattro bronzi individuali, pi\u00f9 un bronzo per societ\u00e0. Il bronzo per societ\u00e0 porta la firma dei padroni di casa dell\u2019Atletica Agordina, terzi nella classifica per societ\u00e0 riservata alle categorie assolute. Con gli allori di Csi Feltre (rappresentato dall\u2019Atletica Lamon), il medagliere \u00e8 di 4 ori, 6 argenti e 6 bronzi. Per quanto riguarda le gare assolute individuali, applausi per Osvaldo Zanella e Mihail Sirbu, preceduti solo dal trentino Francesco Ropelato, e a Manuela Bulf. (foto: Echi di Alessandro Sogne)<\/p>\n<p><strong>LE CLASSIFICHE <a href=\"https:\/\/www.timingproject.it\/campionato-nazionale-corsa-strada?rq=eyJjYWxzIjoiWTJGdGNHbHZibUYwYnkxdVlYcHBiMjVoYkdVdFkyOXljMkV0YzNSeVlXUmgiLCJjdGFzayI6IjEiLCJjZWlkIjoiMjAyMzAxMyJ9\">CLICCA QUI<\/a><\/strong><\/p>\n\n\t\t\t<style type='text\/css'>\n\t\t\t\t#gallery-8 {\n\t\t\t\t\tmargin: auto;\n\t\t\t\t}\n\t\t\t\t#gallery-8 .gallery-item {\n\t\t\t\t\tfloat: left;\n\t\t\t\t\tmargin-top: 10px;\n\t\t\t\t\ttext-align: center;\n\t\t\t\t\twidth: 33%;\n\t\t\t\t}\n\t\t\t\t#gallery-8 img {\n\t\t\t\t\tborder: 2px solid #cfcfcf;\n\t\t\t\t}\n\t\t\t\t#gallery-8 .gallery-caption {\n\t\t\t\t\tmargin-left: 0;\n\t\t\t\t}\n\t\t\t\t\/* see gallery_shortcode() in wp-includes\/media.php *\/\n\t\t\t<\/style>\n\t\t<div id='gallery-8' class='dt-gallery-container gallery galleryid-358847 gallery-columns-3 gallery-size-medium'><dl class='gallery-item'>\n\t\t\t\t<dt class='gallery-icon landscape'>\n\t\t\t\t\t<a class=\"rollover rollover-zoom dt-pswp-item\" title=\"3\u00a9EchidiAlessandroSogne_camp_naz_agordo_2023_1\" data-dt-img-description=\"\" data-large_image_width=\"1200\" data-large_image_height=\"800\"href='https:\/\/www.radiopiu.net\/wordpress\/wp-content\/uploads\/2023\/10\/3\u00a9EchidiAlessandroSogne_camp_naz_agordo_2023_1.jpg'><img loading=\"lazy\" decoding=\"async\" width=\"300\" height=\"200\" src=\"https:\/\/www.radiopiu.net\/wordpress\/wp-content\/uploads\/2023\/10\/3\u00a9EchidiAlessandroSogne_camp_naz_agordo_2023_1-300x200.jpg\" class=\"attachment-medium size-medium\" alt=\"\" srcset=\"https:\/\/www.radiopiu.net\/wordpress\/wp-content\/uploads\/2023\/10\/3\u00a9EchidiAlessandroSogne_camp_naz_agordo_2023_1-300x200.jpg 300w, https:\/\/www.radiopiu.net\/wordpress\/wp-content\/uploads\/2023\/10\/3\u00a9EchidiAlessandroSogne_camp_naz_agordo_2023_1-1024x683.jpg 1024w, https:\/\/www.radiopiu.net\/wordpress\/wp-content\/uploads\/2023\/10\/3\u00a9EchidiAlessandroSogne_camp_naz_agordo_2023_1-768x512.jpg 768w, https:\/\/www.radiopiu.net\/wordpress\/wp-content\/uploads\/2023\/10\/3\u00a9EchidiAlessandroSogne_camp_naz_agordo_2023_1.jpg 1200w\" sizes=\"auto, (max-width: 300px) 100vw, 300px\" \/><\/a>\n\t\t\t\t<\/dt><\/dl><dl class='gallery-item'>\n\t\t\t\t<dt class='gallery-icon landscape'>\n\t\t\t\t\t<a class=\"rollover rollover-zoom dt-pswp-item\" title=\"\u00a9EchidiAlessandroSogne_camp_naz_agordo_2023_2\" data-dt-img-description=\"\" data-large_image_width=\"1200\" data-large_image_height=\"800\"href='https:\/\/www.radiopiu.net\/wordpress\/wp-content\/uploads\/2023\/10\/\u00a9EchidiAlessandroSogne_camp_naz_agordo_2023_2.jpg'><img loading=\"lazy\" decoding=\"async\" width=\"300\" height=\"200\" src=\"https:\/\/www.radiopiu.net\/wordpress\/wp-content\/uploads\/2023\/10\/\u00a9EchidiAlessandroSogne_camp_naz_agordo_2023_2-300x200.jpg\" class=\"attachment-medium size-medium\" alt=\"\" srcset=\"https:\/\/www.radiopiu.net\/wordpress\/wp-content\/uploads\/2023\/10\/\u00a9EchidiAlessandroSogne_camp_naz_agordo_2023_2-300x200.jpg 300w, https:\/\/www.radiopiu.net\/wordpress\/wp-content\/uploads\/2023\/10\/\u00a9EchidiAlessandroSogne_camp_naz_agordo_2023_2-1024x683.jpg 1024w, https:\/\/www.radiopiu.net\/wordpress\/wp-content\/uploads\/2023\/10\/\u00a9EchidiAlessandroSogne_camp_naz_agordo_2023_2-768x512.jpg 768w, https:\/\/www.radiopiu.net\/wordpress\/wp-content\/uploads\/2023\/10\/\u00a9EchidiAlessandroSogne_camp_naz_agordo_2023_2.jpg 1200w\" sizes=\"auto, (max-width: 300px) 100vw, 300px\" \/><\/a>\n\t\t\t\t<\/dt><\/dl><dl class='gallery-item'>\n\t\t\t\t<dt class='gallery-icon landscape'>\n\t\t\t\t\t<a class=\"rollover rollover-zoom dt-pswp-item\" title=\"\u00a9EchidiAlessandroSogne_camp_naz_agordo_2023_3\" data-dt-img-description=\"\" data-large_image_width=\"1200\" data-large_image_height=\"800\"href='https:\/\/www.radiopiu.net\/wordpress\/wp-content\/uploads\/2023\/10\/\u00a9EchidiAlessandroSogne_camp_naz_agordo_2023_3.jpg'><img loading=\"lazy\" decoding=\"async\" width=\"300\" height=\"200\" src=\"https:\/\/www.radiopiu.net\/wordpress\/wp-content\/uploads\/2023\/10\/\u00a9EchidiAlessandroSogne_camp_naz_agordo_2023_3-300x200.jpg\" class=\"attachment-medium size-medium\" alt=\"\" srcset=\"https:\/\/www.radiopiu.net\/wordpress\/wp-content\/uploads\/2023\/10\/\u00a9EchidiAlessandroSogne_camp_naz_agordo_2023_3-300x200.jpg 300w, https:\/\/www.radiopiu.net\/wordpress\/wp-content\/uploads\/2023\/10\/\u00a9EchidiAlessandroSogne_camp_naz_agordo_2023_3-1024x683.jpg 1024w, https:\/\/www.radiopiu.net\/wordpress\/wp-content\/uploads\/2023\/10\/\u00a9EchidiAlessandroSogne_camp_naz_agordo_2023_3-768x512.jpg 768w, https:\/\/www.radiopiu.net\/wordpress\/wp-content\/uploads\/2023\/10\/\u00a9EchidiAlessandroSogne_camp_naz_agordo_2023_3.jpg 1200w\" sizes=\"auto, (max-width: 300px) 100vw, 300px\" \/><\/a>\n\t\t\t\t<\/dt><\/dl><br style=\"clear: both\" \/>\n\t\t\t<\/div>\n\n<p><strong>FOTO RADIO PIU&#8217;<\/strong><\/p>\n\n\t\t\t<style type='text\/css'>\n\t\t\t\t#gallery-9 {\n\t\t\t\t\tmargin: auto;\n\t\t\t\t}\n\t\t\t\t#gallery-9 .gallery-item {\n\t\t\t\t\tfloat: left;\n\t\t\t\t\tmargin-top: 10px;\n\t\t\t\t\ttext-align: center;\n\t\t\t\t\twidth: 20%;\n\t\t\t\t}\n\t\t\t\t#gallery-9 img {\n\t\t\t\t\tborder: 2px solid #cfcfcf;\n\t\t\t\t}\n\t\t\t\t#gallery-9 .gallery-caption {\n\t\t\t\t\tmargin-left: 0;\n\t\t\t\t}\n\t\t\t\t\/* see gallery_shortcode() in wp-includes\/media.php *\/\n\t\t\t<\/style>\n\t\t<div id='gallery-9' class='dt-gallery-container gallery galleryid-358847 gallery-columns-5 gallery-size-thumbnail'><dl class='gallery-item'>\n\t\t\t\t<dt class='gallery-icon landscape'>\n\t\t\t\t\t<a class=\"rollover rollover-zoom dt-pswp-item\" title=\"fc1713b7-b18c-4586-a026-e1b15d46e31a\" data-dt-img-description=\"\" data-large_image_width=\"2048\" data-large_image_height=\"1152\"href='https:\/\/www.radiopiu.net\/wordpress\/wp-content\/uploads\/2023\/10\/fc1713b7-b18c-4586-a026-e1b15d46e31a.jpg'><img loading=\"lazy\" decoding=\"async\" width=\"150\" height=\"150\" src=\"https:\/\/www.radiopiu.net\/wordpress\/wp-content\/uploads\/2023\/10\/fc1713b7-b18c-4586-a026-e1b15d46e31a-150x150.jpg\" class=\"attachment-thumbnail size-thumbnail\" alt=\"\" \/><\/a>\n\t\t\t\t<\/dt><\/dl><dl class='gallery-item'>\n\t\t\t\t<dt class='gallery-icon landscape'>\n\t\t\t\t\t<a class=\"rollover rollover-zoom dt-pswp-item\" title=\"da64ac92-3ea4-4f42-aff5-d49de64f76bf\" data-dt-img-description=\"\" data-large_image_width=\"2048\" data-large_image_height=\"1152\"href='https:\/\/www.radiopiu.net\/wordpress\/wp-content\/uploads\/2023\/10\/da64ac92-3ea4-4f42-aff5-d49de64f76bf.jpg'><img loading=\"lazy\" decoding=\"async\" width=\"150\" height=\"150\" src=\"https:\/\/www.radiopiu.net\/wordpress\/wp-content\/uploads\/2023\/10\/da64ac92-3ea4-4f42-aff5-d49de64f76bf-150x150.jpg\" class=\"attachment-thumbnail size-thumbnail\" alt=\"\" \/><\/a>\n\t\t\t\t<\/dt><\/dl><dl class='gallery-item'>\n\t\t\t\t<dt class='gallery-icon landscape'>\n\t\t\t\t\t<a class=\"rollover rollover-zoom dt-pswp-item\" title=\"c80bab8d-63aa-4491-aa57-376575dd8d87\" data-dt-img-description=\"\" data-large_image_width=\"2048\" data-large_image_height=\"1152\"href='https:\/\/www.radiopiu.net\/wordpress\/wp-content\/uploads\/2023\/10\/c80bab8d-63aa-4491-aa57-376575dd8d87.jpg'><img loading=\"lazy\" decoding=\"async\" width=\"150\" height=\"150\" src=\"https:\/\/www.radiopiu.net\/wordpress\/wp-content\/uploads\/2023\/10\/c80bab8d-63aa-4491-aa57-376575dd8d87-150x150.jpg\" class=\"attachment-thumbnail size-thumbnail\" alt=\"\" \/><\/a>\n\t\t\t\t<\/dt><\/dl><dl class='gallery-item'>\n\t\t\t\t<dt class='gallery-icon landscape'>\n\t\t\t\t\t<a class=\"rollover rollover-zoom dt-pswp-item\" title=\"648e8257-3e06-4df1-b696-611043b8911e\" data-dt-img-description=\"\" data-large_image_width=\"2048\" data-large_image_height=\"1152\"href='https:\/\/www.radiopiu.net\/wordpress\/wp-content\/uploads\/2023\/10\/648e8257-3e06-4df1-b696-611043b8911e.jpg'><img loading=\"lazy\" decoding=\"async\" width=\"150\" height=\"150\" src=\"https:\/\/www.radiopiu.net\/wordpress\/wp-content\/uploads\/2023\/10\/648e8257-3e06-4df1-b696-611043b8911e-150x150.jpg\" class=\"attachment-thumbnail size-thumbnail\" alt=\"\" \/><\/a>\n\t\t\t\t<\/dt><\/dl><dl class='gallery-item'>\n\t\t\t\t<dt class='gallery-icon landscape'>\n\t\t\t\t\t<a class=\"rollover rollover-zoom dt-pswp-item\" title=\"586fa34c-452f-4f57-aa65-7dd099c98f93\" data-dt-img-description=\"\" data-large_image_width=\"2048\" data-large_image_height=\"1152\"href='https:\/\/www.radiopiu.net\/wordpress\/wp-content\/uploads\/2023\/10\/586fa34c-452f-4f57-aa65-7dd099c98f93.jpg'><img loading=\"lazy\" decoding=\"async\" width=\"150\" height=\"150\" src=\"https:\/\/www.radiopiu.net\/wordpress\/wp-content\/uploads\/2023\/10\/586fa34c-452f-4f57-aa65-7dd099c98f93-150x150.jpg\" class=\"attachment-thumbnail size-thumbnail\" alt=\"\" \/><\/a>\n\t\t\t\t<\/dt><\/dl><br style=\"clear: both\" \/><dl class='gallery-item'>\n\t\t\t\t<dt class='gallery-icon landscape'>\n\t\t\t\t\t<a class=\"rollover rollover-zoom dt-pswp-item\" title=\"467fa00d-d5c2-4ce1-9278-2ba2c702c791\" data-dt-img-description=\"\" data-large_image_width=\"2048\" data-large_image_height=\"1152\"href='https:\/\/www.radiopiu.net\/wordpress\/wp-content\/uploads\/2023\/10\/467fa00d-d5c2-4ce1-9278-2ba2c702c791.jpg'><img loading=\"lazy\" decoding=\"async\" width=\"150\" height=\"150\" src=\"https:\/\/www.radiopiu.net\/wordpress\/wp-content\/uploads\/2023\/10\/467fa00d-d5c2-4ce1-9278-2ba2c702c791-150x150.jpg\" class=\"attachment-thumbnail size-thumbnail\" alt=\"\" \/><\/a>\n\t\t\t\t<\/dt><\/dl><dl class='gallery-item'>\n\t\t\t\t<dt class='gallery-icon landscape'>\n\t\t\t\t\t<a class=\"rollover rollover-zoom dt-pswp-item\" title=\"5d2161f0-ebd0-4677-8c0c-226e2f78dfad\" data-dt-img-description=\"\" data-large_image_width=\"2048\" data-large_image_height=\"1152\"href='https:\/\/www.radiopiu.net\/wordpress\/wp-content\/uploads\/2023\/10\/5d2161f0-ebd0-4677-8c0c-226e2f78dfad.jpg'><img loading=\"lazy\" decoding=\"async\" width=\"150\" height=\"150\" src=\"https:\/\/www.radiopiu.net\/wordpress\/wp-content\/uploads\/2023\/10\/5d2161f0-ebd0-4677-8c0c-226e2f78dfad-150x150.jpg\" class=\"attachment-thumbnail size-thumbnail\" alt=\"\" \/><\/a>\n\t\t\t\t<\/dt><\/dl><dl class='gallery-item'>\n\t\t\t\t<dt class='gallery-icon landscape'>\n\t\t\t\t\t<a class=\"rollover rollover-zoom dt-pswp-item\" title=\"5a56b282-5b45-4ba6-809d-b27a8c196327\" data-dt-img-description=\"\" data-large_image_width=\"2048\" data-large_image_height=\"1152\"href='https:\/\/www.radiopiu.net\/wordpress\/wp-content\/uploads\/2023\/10\/5a56b282-5b45-4ba6-809d-b27a8c196327.jpg'><img loading=\"lazy\" decoding=\"async\" width=\"150\" height=\"150\" src=\"https:\/\/www.radiopiu.net\/wordpress\/wp-content\/uploads\/2023\/10\/5a56b282-5b45-4ba6-809d-b27a8c196327-150x150.jpg\" class=\"attachment-thumbnail size-thumbnail\" alt=\"\" \/><\/a>\n\t\t\t\t<\/dt><\/dl><dl class='gallery-item'>\n\t\t\t\t<dt class='gallery-icon landscape'>\n\t\t\t\t\t<a class=\"rollover rollover-zoom dt-pswp-item\" title=\"4c672ddd-1f0d-4aa3-a602-cdbee7f99d48\" data-dt-img-description=\"\" data-large_image_width=\"2048\" data-large_image_height=\"1152\"href='https:\/\/www.radiopiu.net\/wordpress\/wp-content\/uploads\/2023\/10\/4c672ddd-1f0d-4aa3-a602-cdbee7f99d48.jpg'><img loading=\"lazy\" decoding=\"async\" width=\"150\" height=\"150\" src=\"https:\/\/www.radiopiu.net\/wordpress\/wp-content\/uploads\/2023\/10\/4c672ddd-1f0d-4aa3-a602-cdbee7f99d48-150x150.jpg\" class=\"attachment-thumbnail size-thumbnail\" alt=\"\" \/><\/a>\n\t\t\t\t<\/dt><\/dl><dl class='gallery-item'>\n\t\t\t\t<dt class='gallery-icon landscape'>\n\t\t\t\t\t<a class=\"rollover rollover-zoom dt-pswp-item\" title=\"01f5deb4-84be-47f8-9748-62a31a747f4d\" data-dt-img-description=\"\" data-large_image_width=\"2048\" data-large_image_height=\"1152\"href='https:\/\/www.radiopiu.net\/wordpress\/wp-content\/uploads\/2023\/10\/01f5deb4-84be-47f8-9748-62a31a747f4d.jpg'><img loading=\"lazy\" decoding=\"async\" width=\"150\" height=\"150\" src=\"https:\/\/www.radiopiu.net\/wordpress\/wp-content\/uploads\/2023\/10\/01f5deb4-84be-47f8-9748-62a31a747f4d-150x150.jpg\" class=\"attachment-thumbnail size-thumbnail\" alt=\"\" \/><\/a>\n\t\t\t\t<\/dt><\/dl><br style=\"clear: both\" \/>\n\t\t\t<\/div>\n\n<p><span style=\"color: #0000ff;\"><strong>\u00a0 <\/strong><\/span><\/p>\n<p>&nbsp;<\/p>\n<p><strong>LA DIRETTA RADIO PIU&#8217;<\/strong><\/p>\n<p><iframe loading=\"lazy\" title=\"IL CAMPIONATO NAZIONALE DI CORSA SU STRADA CSI AD AGORDO\" width=\"1200\" height=\"675\" src=\"https:\/\/www.youtube.com\/embed\/o_4mJZ1lssQ?feature=oembed\" frameborder=\"0\" allow=\"accelerometer; autoplay; clipboard-write; encrypted-media; gyroscope; picture-in-picture; web-share\" allowfullscreen><\/iframe><\/p>\n<p>&nbsp;<\/p>\n<p><span style=\"color: #0000ff;\"><strong>\u00a0<\/strong><\/span><\/p>\n<p><span style=\"color: #0000ff;\"><strong>AUTOMOBILISMO<\/strong><\/span><\/p>\n<blockquote>\n<h3>PORSCHE CARRERA CUP,\u00a0 15\u00b0 ANDREA FONTANA<\/h3>\n<\/blockquote>\n<p><a class=\"dt-pswp-item\" href=\"https:\/\/www.radiopiu.net\/wordpress\/wp-content\/uploads\/2022\/09\/ANDREA-FONTANA.png\" data-dt-img-description=\"\" data-large_image_width=\"1594\" data-large_image_height=\"984\"><img loading=\"lazy\" decoding=\"async\" class=\"size-medium wp-image-297686 alignleft\" src=\"https:\/\/www.radiopiu.net\/wordpress\/wp-content\/uploads\/2022\/09\/ANDREA-FONTANA-300x185.png\" alt=\"\" width=\"300\" height=\"185\" srcset=\"https:\/\/www.radiopiu.net\/wordpress\/wp-content\/uploads\/2022\/09\/ANDREA-FONTANA-300x185.png 300w, https:\/\/www.radiopiu.net\/wordpress\/wp-content\/uploads\/2022\/09\/ANDREA-FONTANA-1024x632.png 1024w, https:\/\/www.radiopiu.net\/wordpress\/wp-content\/uploads\/2022\/09\/ANDREA-FONTANA-768x474.png 768w, https:\/\/www.radiopiu.net\/wordpress\/wp-content\/uploads\/2022\/09\/ANDREA-FONTANA-1536x948.png 1536w, https:\/\/www.radiopiu.net\/wordpress\/wp-content\/uploads\/2022\/09\/ANDREA-FONTANA.png 1594w\" sizes=\"auto, (max-width: 300px) 100vw, 300px\" \/><\/a>La Porsche Carrera Cup Italia 2023 si \u00e8 conclusa con la tappa di Imola nel weekend. Il pilota pontalpino Andrea Fontana ha avuto una stagione altalenante e ha chiuso con un 17\u00b0 posto in gara 1 e un 15\u00b0 in gara 2, posizionandosi al 15\u00b0 posto nella classifica generale. Durante le qualifiche, Fontana ha avuto problemi tecnici che hanno compromesso la prestazione della sua Porsche. In gara 1, \u00e8 arrivato al 17\u00b0 posto senza ottenere punti.<\/p>\n<p>In gara 2, Simone Iaquinta ha vinto, superando l&#8217;olandese Larry Ten Voorde, mentre Marvin Klein si \u00e8 aggiudicato la classifica generale con un terzo posto. Alberto De Amicis ha vinto la Michelin Cup in gara 1, essendo il compagno di squadra di Fontana. La stagione \u00e8 stata caratterizzata da molte emozioni, con 37 piloti al via e molti campioni che hanno gareggiato in una stagione combattuta. Il prossimo appuntamento sar\u00e0 il test pre-stagione 2024 a Imola il 11 aprile.<\/p>\n<p>&nbsp;<\/p>\n<p>&nbsp;<\/p>\n<p>&nbsp;<\/p>\n<p><strong>LA DIRETTA RADIO PIU&#8217;<\/strong><\/p>\n<p>&nbsp;<\/p>\n<p><span style=\"color: #0000ff;\"><strong>PALLAVOLO\u00a0<\/strong><\/span><\/p>\n<blockquote>\n<h3><b>BELLUNO VOLLEY-STADIUM MIRANDOLA 3-0<\/b><\/h3>\n<\/blockquote>\n<p><b><a class=\"dt-pswp-item\" href=\"https:\/\/www.radiopiu.net\/wordpress\/wp-content\/uploads\/2023\/10\/Abbraccio_collettivo.jpg\" data-dt-img-description=\"\" data-large_image_width=\"1280\" data-large_image_height=\"853\"><img loading=\"lazy\" decoding=\"async\" class=\"size-medium wp-image-359055 alignleft\" src=\"https:\/\/www.radiopiu.net\/wordpress\/wp-content\/uploads\/2023\/10\/Abbraccio_collettivo-300x200.jpg\" alt=\"\" width=\"300\" height=\"200\" srcset=\"https:\/\/www.radiopiu.net\/wordpress\/wp-content\/uploads\/2023\/10\/Abbraccio_collettivo-300x200.jpg 300w, https:\/\/www.radiopiu.net\/wordpress\/wp-content\/uploads\/2023\/10\/Abbraccio_collettivo-1024x682.jpg 1024w, https:\/\/www.radiopiu.net\/wordpress\/wp-content\/uploads\/2023\/10\/Abbraccio_collettivo-768x512.jpg 768w, https:\/\/www.radiopiu.net\/wordpress\/wp-content\/uploads\/2023\/10\/Abbraccio_collettivo.jpg 1280w\" sizes=\"auto, (max-width: 300px) 100vw, 300px\" \/><\/a>PARZIALI: <\/b>25-23, 25-23, 25-15.<span class=\"gmail-Apple-converted-space\"> \u00a0<\/span><b>BELLUNO VOLLEY: <\/b>Maccabruni 4, Bisi 7, Schiro 13, Bucko 9, Mozzato 6, Antonaci 11; Orto (L), G. Martinez 1, I. Martinez 1, Guolla. N.e. Stufano, Fraccaro (L). Allenatore: G. Colussi.<\/p>\n<p>Seconda gara casalinga e secondo successo: netto, inequivocabile, meritato. Il <b>Belluno Volley <\/b>difende il fortino e cancella con un colpo di spugna il passivo di Pavia. Al cospetto di una formazione quadrata, come <b>Mirandola<\/b>, i rinoceronti danno vita a una prova di grande solidit\u00e0. <b>L\u2019ANALISI &#8211;<\/b> <em>\u00abUna bella prestazione, solida, matura e concreta &#8211; afferma coach Gian Luca Colussi -. Siamo contenti. Abbiamo avuto un ottimo cambio palla e tutti hanno ricevuto al meglio, mentre \u201cMacca\u201d ha distribuito bene il gioco. Forse non siamo stati brillantissimi in fase break: potevamo concretizzare di pi\u00f9, ma va bene cos\u00ec. Il gioco al centro? \u00c8 sempre stato un valore aggiunto: sia per le caratteristiche dei centrali, sia del palleggiatore.<\/em><\/p>\n<p>&nbsp;<\/p>\n<p>&nbsp;<\/p>\n<p>&nbsp;<\/p>\n<p>&nbsp;<\/p>\n<blockquote>\n<h3>PALLAVOLO BELLUNO FEMMINILE: BENE LA SERIE C, MENO LA SERIE D<\/h3>\n<\/blockquote>\n<p><span style=\"color: #ff0000;\"><strong><a class=\"dt-pswp-item\" href=\"https:\/\/www.radiopiu.net\/wordpress\/wp-content\/uploads\/2023\/10\/Seconda_vittoria_in_campionato.jpg\" data-dt-img-description=\"\" data-large_image_width=\"1280\" data-large_image_height=\"853\"><img loading=\"lazy\" decoding=\"async\" class=\" wp-image-359001 alignleft\" src=\"https:\/\/www.radiopiu.net\/wordpress\/wp-content\/uploads\/2023\/10\/Seconda_vittoria_in_campionato-300x200.jpg\" alt=\"\" width=\"176\" height=\"117\" srcset=\"https:\/\/www.radiopiu.net\/wordpress\/wp-content\/uploads\/2023\/10\/Seconda_vittoria_in_campionato-300x200.jpg 300w, https:\/\/www.radiopiu.net\/wordpress\/wp-content\/uploads\/2023\/10\/Seconda_vittoria_in_campionato-1024x682.jpg 1024w, https:\/\/www.radiopiu.net\/wordpress\/wp-content\/uploads\/2023\/10\/Seconda_vittoria_in_campionato-768x512.jpg 768w, https:\/\/www.radiopiu.net\/wordpress\/wp-content\/uploads\/2023\/10\/Seconda_vittoria_in_campionato.jpg 1280w\" sizes=\"auto, (max-width: 176px) 100vw, 176px\" \/><\/a>SERIE C<\/strong><\/span><\/p>\n<p><b>HOMECLICK SB VOLLEY-ORMESANI ANNIA 3-0 (<\/b><strong>25-19, 25-17, 25-18)<\/strong><\/p>\n<p>La\u00a0Pallavolo Belluno Femminile di serie C concede il bis. Dopo aver sbancato il parquet di Solesino, nel debutto del campionato di C, le ragazze guidate da Josh De Salvador non danno scampo nemmeno all\u2019Ormesani Annia. E festeggiano pure tra le mura amiche del De Mas, spinte dall\u2019entusiasmo dei tifosi, dal ritmo dei tamburi e perfino dal suono della tromba. Buona anche la seconda, quindi. E ancora una volta a brillare \u00e8 l\u2019intero collettivo<\/p>\n<p><span style=\"color: #ff0000;\"><strong>SERIE D<\/strong><\/span><\/p>\n<p><b>ROLLMAC TRISSINO-HOMECLICK SB VOLLEY 3-1 (<\/b><strong>25-18, 25-23, 22-25, 25-23)<\/strong><\/p>\n<p>Succede di tutto nella trasferta di Trissino. Davvero di tutto. La gara, infatti, viene interrotta alla fine del secondo parziale (sul punteggio di 2-0 per la formazione di casa) a causa delle perdite d\u2019acqua dal soffitto del \u201cPala Angelo Sinico\u201d. Cosa si fa? Semplice, si preparano i \u201cbagagli\u201d e ci si trasferisce in un\u2019altra struttura, a 500 metri di distanza. Proprio cos\u00ec: la sfida inizia in un impianto. E, al termine di una pausa di 45 minuti, finisce in un altro. Sembra una pagina di sport d\u2019altri tempi, mentre in realt\u00e0 \u00e8 l\u2019incredibile sviluppo della seconda giornata del campionato femminile di serie D.Alla fine, la spuntano le padrone di casa del Rollmac, ma la Pallavolo Belluno Femminile di serie D sfiora la clamorosa rimonta.<\/p>\n<p>&nbsp;<\/p>\n<blockquote>\n<h3>UN FINE SETTIMANA NEGATIVO PER IL VOLLEY CLUB AGORDINO<\/h3>\n<\/blockquote>\n<p><strong><a class=\"dt-pswp-item\" href=\"https:\/\/www.radiopiu.net\/wordpress\/wp-content\/uploads\/2022\/04\/VOLLEY-CLUB-AGORDINO.jpg\" data-dt-img-description=\"\" data-large_image_width=\"500\" data-large_image_height=\"512\"><img loading=\"lazy\" decoding=\"async\" class=\" wp-image-268787 alignleft\" src=\"https:\/\/www.radiopiu.net\/wordpress\/wp-content\/uploads\/2022\/04\/VOLLEY-CLUB-AGORDINO-293x300.jpg\" alt=\"\" width=\"196\" height=\"201\" srcset=\"https:\/\/www.radiopiu.net\/wordpress\/wp-content\/uploads\/2022\/04\/VOLLEY-CLUB-AGORDINO-293x300.jpg 293w, https:\/\/www.radiopiu.net\/wordpress\/wp-content\/uploads\/2022\/04\/VOLLEY-CLUB-AGORDINO.jpg 500w\" sizes=\"auto, (max-width: 196px) 100vw, 196px\" \/><\/a>di Marco Gaz<\/strong><\/p>\n<p><span style=\"color: #ff0000;\"><strong>COPPA PRIMA DIVISIONE<\/strong><\/span><\/p>\n<p><strong>VOLLEY CLUB AGORDINO \u2013 SANTA GIUSTINA 2-3 (23-25, 25-23, 23-25, 25-23, 11-15)<\/strong><\/p>\n<p>Prima sconfitta stagionale in Coppa per le ragazze di De Nardin che non riescono a superare il Santa Giustina dopo una partita al cardiopalma decisa dal tiebreak. Al PalaRova di Agordo \u00e8 andata in scena una sfida equilibrata dove alcuni errori hanno deciso l\u2019andamento del match. Botta e risposta tra le due formazioni con la partita che al quarto set ha visto le squadre in parit\u00e0 dopo quattro parziali in fotocopia. Tiebreak decisivo con il Santa Giustina che approfitta di qualche errore agordino per portare a casa il punto aggiuntivo.<\/p>\n<p><span style=\"color: #ff0000;\"><strong>UNDER 16 <\/strong><\/span><\/p>\n<p><strong>CONEGLIANO \u2013 VOLLEY CLUB AGORDINO 3-0 (25-23, 25-19, 25-23)<\/strong><\/p>\n<p>Terza sconfitta stagionale per il Volley Club Agordino Under 16. Nonostante una bella prestazione la squadra di Agordo torna a casa con una sconfitta in tre set contro un Conegliano che ha saputo mettere in difficolt\u00e0 le agordine. Nella prima frazione si gioca punto a punto, cala il ritmo della compagine di Agordo nel secondo set ma nel terzo periodo il Volley Club Agordino torna ad essere agguerrito senza per\u00f2 trovare la via per prolungare la partita.<\/p>\n<p><span style=\"color: #ff0000;\"><strong>UNDER 14 <\/strong><\/span><\/p>\n<p><strong>VOLLEY CLUB AGORDINO \u2013 PIAVE 0-3 (11-25, 9-25, 13-25)<\/strong><\/p>\n<p>Dopo la bella vittoria all\u2019esordio, la squadra pi\u00f9 giovane del Volley Club Agordino crolla in casa con il Piave. Vittoria con il minimo sforzo per le bellunesi che chiudono la contesa in tre set. Agordine che non riescono a tenere il ritmo delle avversarie consegnando facilmente la vittoria al Piave.<\/p>\n<p>&nbsp;<\/p>\n<p>&nbsp;<\/p>\n<p><span class=\"gmail-Apple-converted-space\">\u00a0<\/span><\/p>\n<p>&nbsp;<\/p>\n<\/div>\n<p>&nbsp;<\/p>\n","protected":false},"excerpt":{"rendered":"<p>40esimo di RADIOPIU\u2026. LA VOCE DELL\u2019EMOZIONE ISCRIVITI AL NOSTRO CANALE\u00a0\u00a0YOUTUBE PER SEGUIRE IN DIRETTA I PRINCIPALI PROGRAMMI DI RADIO PIU\u2019 E LE FUTURE DIRETTE IN ESTERNA. PER ISCRIVERTI CLICCA QUI\u00a0E PREMI\u00a0 \u201cIscriviti\u201d\u00a0\u00a0\u00a0 &nbsp; INIZIATIVE ULSS1 DOLOMITI-BELLUNO &nbsp; &nbsp; SP 347 DURAN-CEREDA localit\u00e0 Mota Bianca, dal 30 ottobre al 30 novembre &#8211; sabato e domenica esclusi&hellip;<\/p>\n","protected":false},"author":4,"featured_media":359014,"comment_status":"closed","ping_status":"closed","sticky":false,"template":"","format":"standard","meta":{"_monsterinsights_skip_tracking":false,"_monsterinsights_sitenote_active":false,"_monsterinsights_sitenote_note":"","_monsterinsights_sitenote_category":0,"footnotes":""},"categories":[51,86,49],"tags":[],"class_list":["post-358847","post","type-post","status-publish","format-standard","has-post-thumbnail","hentry","category-evidenza-top","category-gr","category-news-18","category-51","category-86","category-49","description-off"],"img_url":"https:\/\/www.radiopiu.net\/wordpress\/wp-content\/uploads\/2023\/10\/9146dbe5-752d-4e48-8929-1dee46255ba1.jpg","_links":{"self":[{"href":"https:\/\/www.radiopiu.net\/wordpress\/wp-json\/wp\/v2\/posts\/358847","targetHints":{"allow":["GET"]}}],"collection":[{"href":"https:\/\/www.radiopiu.net\/wordpress\/wp-json\/wp\/v2\/posts"}],"about":[{"href":"https:\/\/www.radiopiu.net\/wordpress\/wp-json\/wp\/v2\/types\/post"}],"author":[{"embeddable":true,"href":"https:\/\/www.radiopiu.net\/wordpress\/wp-json\/wp\/v2\/users\/4"}],"replies":[{"embeddable":true,"href":"https:\/\/www.radiopiu.net\/wordpress\/wp-json\/wp\/v2\/comments?post=358847"}],"version-history":[{"count":0,"href":"https:\/\/www.radiopiu.net\/wordpress\/wp-json\/wp\/v2\/posts\/358847\/revisions"}],"wp:featuredmedia":[{"embeddable":true,"href":"https:\/\/www.radiopiu.net\/wordpress\/wp-json\/wp\/v2\/media\/359014"}],"wp:attachment":[{"href":"https:\/\/www.radiopiu.net\/wordpress\/wp-json\/wp\/v2\/media?parent=358847"}],"wp:term":[{"taxonomy":"category","embeddable":true,"href":"https:\/\/www.radiopiu.net\/wordpress\/wp-json\/wp\/v2\/categories?post=358847"},{"taxonomy":"post_tag","embeddable":true,"href":"https:\/\/www.radiopiu.net\/wordpress\/wp-json\/wp\/v2\/tags?post=358847"}],"curies":[{"name":"wp","href":"https:\/\/api.w.org\/{rel}","templated":true}]}}