{"id":358861,"date":"2023-10-28T10:53:58","date_gmt":"2023-10-28T08:53:58","guid":{"rendered":"https:\/\/www.radiopiu.net\/wordpress\/?p=358861"},"modified":"2023-10-28T10:53:58","modified_gmt":"2023-10-28T08:53:58","slug":"buste-paga-in-veneto-a-vicenza-le-piu-pesanti-a-rovigo-le-piu-leggere","status":"publish","type":"post","link":"https:\/\/www.radiopiu.net\/wordpress\/buste-paga-in-veneto-a-vicenza-le-piu-pesanti-a-rovigo-le-piu-leggere\/","title":{"rendered":"BUSTE PAGA IN VENETO: A VICENZA LE PIU\u2019 PESANTI, A ROVIGO LE PIU\u2019 LEGGERE"},"content":{"rendered":"<p><strong>Al salario minimo per legge, la CGIA invita l\u2019applicazione della contrattazione di secondo livello, il taglio dell\u2019Irpef e il rinnovo dei contratti entro la scadenza<\/strong><\/p>\n<p><a class=\"dt-pswp-item\" href=\"https:\/\/www.radiopiu.net\/wordpress\/wp-content\/uploads\/2023\/10\/Immagine-2023-10-28-105113.png\" data-dt-img-description=\"\" data-large_image_width=\"557\" data-large_image_height=\"223\"><img loading=\"lazy\" decoding=\"async\" class=\"size-medium wp-image-358864 alignleft\" src=\"https:\/\/www.radiopiu.net\/wordpress\/wp-content\/uploads\/2023\/10\/Immagine-2023-10-28-105113-300x120.png\" alt=\"\" width=\"300\" height=\"120\" srcset=\"https:\/\/www.radiopiu.net\/wordpress\/wp-content\/uploads\/2023\/10\/Immagine-2023-10-28-105113-300x120.png 300w, https:\/\/www.radiopiu.net\/wordpress\/wp-content\/uploads\/2023\/10\/Immagine-2023-10-28-105113.png 557w\" sizes=\"auto, (max-width: 300px) 100vw, 300px\" \/><\/a>In Veneto le buste paga pi\u00f9 pesanti sono erogate ai lavoratori dipendenti del settore privato della provincia di Vicenza. Nel 2021 la loro retribuzione media annua era pari a 24.139 euro (+10,4 per cento rispetto alla media nazionale). Seguono i colleghi di Treviso con 23.836 euro (+9 per cento), di Padova con 23.788 (+8,8 per cento), di Verona con 22.726 euro (+3,9 per cento), di Belluno con 21.754 (-0,5 per cento rispetto alla media Italia), di Venezia con 20.454 euro (-6,5 per cento) e, infine, di Rovigo con 19.811 euro (-9,4 per cento) (vedi Tab. 1). Tra le maestranze occupate nella provincia berica e quelle alle dipendenze delle imprese polesane, le prime avevano una retribuzione annua lorda superiore alle seconde del 22 per cento.<\/p>\n<p>A livello regionale, nel 2021 il salario medio annuo in Veneto era pari a 22.852 euro; eravamo al quarto posto a livello nazionale dopo la Lombardia (27.285 euro), l\u2019Emilia Romagna (23.798 euro) e il Piemonte (23.661 euro). Il dato medio nazionale ammontava a 21.868 euro (vedi Tab. 2).<\/p>\n<p><a class=\"dt-pswp-item\" href=\"https:\/\/www.radiopiu.net\/wordpress\/wp-content\/uploads\/2023\/10\/Immagine-2023-10-28-105203.png\" data-dt-img-description=\"\" data-large_image_width=\"510\" data-large_image_height=\"525\"><img loading=\"lazy\" decoding=\"async\" class=\"size-medium wp-image-358863 alignleft\" src=\"https:\/\/www.radiopiu.net\/wordpress\/wp-content\/uploads\/2023\/10\/Immagine-2023-10-28-105203-291x300.png\" alt=\"\" width=\"291\" height=\"300\" srcset=\"https:\/\/www.radiopiu.net\/wordpress\/wp-content\/uploads\/2023\/10\/Immagine-2023-10-28-105203-291x300.png 291w, https:\/\/www.radiopiu.net\/wordpress\/wp-content\/uploads\/2023\/10\/Immagine-2023-10-28-105203.png 510w\" sizes=\"auto, (max-width: 291px) 100vw, 291px\" \/><\/a>Sono questi alcuni degli aspetti emersi dall\u2019elaborazione eseguita dall\u2019Ufficio studi della CGIA su dati INPS che ripropongono una vecchia questione: gli squilibri retributivi presenti tra le diverse aree del nostro Paese, come, ad esempio, tra Nord e Sud d\u2019Italia, ma anche tra le aree urbane e quelle rurali del nostro Veneto. Questione che le parti sociali hanno tentato di risolvere, dopo l\u2019abolizione delle cosiddette gabbie salariali avvenuta nei primi anni \u201970 del secolo scorso, attraverso l\u2019impiego del contratto collettivo nazionale del lavoro (CCNL). L\u2019applicazione, per\u00f2, ha prodotto solo in parte gli effetti sperati. Le disuguaglianze salariali tra le ripartizioni geografiche sono rimaste perch\u00e9 nel settore privato le multinazionali, le utilities, le imprese medio-grandi, le societ\u00e0 finanziarie\/assicurative\/bancarie che &#8211; tendenzialmente riconoscono ai propri dipendenti stipendi molto pi\u00f9 elevati della media &#8211; sono ubicate prevalentemente nelle aree metropolitane, soprattutto del Nord. Le tipologie di aziende appena richiamate, infatti, dispongono di una quota di personale con qualifiche professionali sul totale molto elevata (manager, dirigenti, quadri, tecnici, etc.), con livelli di istruzione alti a cui va corrisposto uno stipendio importante. Tuttavia, se invece di comparare il dato medio tra aree geografiche diverse lo facciamo tra lavoratori dello stesso settore, le differenze territoriali si riducono e mediamente sono addirittura pi\u00f9 contenute di quelle presenti in altri paesi europei.<br \/>\nPertanto, possiamo dire che in Italia le disuguaglianze salariali a livello geografico sono importanti, ma, grazie a un preponderante ricorso alla contrattazione centralizzata, abbiamo differenziali pi\u00f9 contenuti rispetto agli altri Paesi. Per contro, la scarsa diffusione in Italia della contrattazione decentrata &#8211; istituto, ad esempio, molto diffuso in Germania1 &#8211; non consente ai salari reali di rimanere agganciati all\u2019andamento dell\u2019inflazione, al costo delle abitazioni e ai livelli di produttivit\u00e0 locale, facendoci scontare anche dei gap retributivi medi con gli altri paesi molto importanti.<\/p>\n<p><strong><a class=\"dt-pswp-item\" href=\"https:\/\/www.radiopiu.net\/wordpress\/wp-content\/uploads\/2023\/10\/Immagine-2023-10-28-105235.png\" data-dt-img-description=\"\" data-large_image_width=\"362\" data-large_image_height=\"458\"><img loading=\"lazy\" decoding=\"async\" class=\"size-medium wp-image-358862 alignleft\" src=\"https:\/\/www.radiopiu.net\/wordpress\/wp-content\/uploads\/2023\/10\/Immagine-2023-10-28-105235-237x300.png\" alt=\"\" width=\"237\" height=\"300\" srcset=\"https:\/\/www.radiopiu.net\/wordpress\/wp-content\/uploads\/2023\/10\/Immagine-2023-10-28-105235-237x300.png 237w, https:\/\/www.radiopiu.net\/wordpress\/wp-content\/uploads\/2023\/10\/Immagine-2023-10-28-105235.png 362w\" sizes=\"auto, (max-width: 237px) 100vw, 237px\" \/><\/a>Meglio la contrattazione decentrata del salario minimo<\/strong><br \/>\nCome ha avuto modo di segnalare anche il CNEL2, il problema dei lavoratori poveri non parrebbe riconducibile ai minimi tabellari troppo bassi, ma al fatto che durante l\u2019anno queste persone lavorano un numero di giornate molto contenuto. Pertanto, pi\u00f9 che ad istituire un minimo salariale per legge andrebbe limitato il ricorso ad alcuni contratti a tempo determinato. Altres\u00ec, dall\u2019Ufficio studi della CGIA fanno sapere che per innalzare gli stipendi dei lavoratori dipendenti, in particolar modo di quelli con qualifiche professionali minori, bisognerebbe continuare nel taglio dell\u2019Irpef e diffondere maggiormente la contrattazione decentrata. Avendo una delle percentuali relative al numero di lavoratori coperto dalla contrattazione collettiva nazionale tra le pi\u00f9 alte a livello europeo (95 per cento del totale dei lavoratori dipendenti), dovremmo \u201cspingere\u201d per diffondere ulteriormente anche la contrattazione di secondo livello, premiando, in particolar modo, il raggiungimento di obbiettivi di produttivit\u00e0, anche ricorrendo ad accordi diretti tra gli imprenditori e i propri dipendenti. Cos\u00ec facendo, daremmo una risposta soprattutto alle maestranze del Nord e in particolar modo del nostro Veneto che, a seguito del boom dell\u2019inflazione, in questi ultimi due anni hanno subito, molto pi\u00f9 degli altri, una spaventosa perdita del potere d\u2019acquisto.<\/p>\n<p><strong>Contratti di lavoro di secondo livello: coinvolti solo 3,3 milioni di lavoratori (il 20% del totale)<\/strong><br \/>\nEntro il 15 giugno scorso erano presenti presso il Ministero del Lavoro 10.568 contratti attivi di secondo livello, di cui 9.532 di natura aziendale e 1.036 territoriali. Lombardia (3.218), Emilia Romagna (1.362) e Veneto (1.081) sono le regioni che presentano il numero pi\u00f9 elevato. Di questi 1.081 presenti nella nostra regione, 1.013 sono aziendali e 68 territoriali (vedi Tab. 3). I dati del Ministero del Lavoro, purtroppo, non ci consentono di misurare il numero di lavoratori coinvolti a livello regionale. Sappiamo, per\u00f2, che in Italia sono interessati solo 3,3 milioni di dipendenti (il 20 per cento circa del totale nazionale), di cui 2,1 da contratti aziendali e 1,1 da contratti territoriali3.<\/p>\n<p><strong>In Italia un dipendente privato su due ha il CCNL scaduto<\/strong><br \/>\nOltre ad estendere l\u2019applicazione della contrattazione decentrata, l\u2019Ufficio studi della CGIA ritiene che per appesantire le buste paga sarebbe necessario rispettare le scadenze entro le quali rinnovare i contratti di lavoro. Al netto del settore dell\u2019agricoltura, del lavoro domestico e di alcune questioni di natura tecnica4, al 1\u00b0 settembre scorso il 54 per cento dei lavoratori dipendenti del settore privato in Italia aveva il CCNL scaduto. Stiamo parlando di quasi 7,5 milioni di dipendenti su un totale che sfiora i 14 milioni. E\u2019 molto difficile individuare le cause che non consentono la sottoscrizione del rinnovo entro la scadenza prevista dal contratto, tuttavia \u00e8 verosimile ritenere che in molti casi ci\u00f2 sia riconducibile alla difficolt\u00e0 riscontrata dalle parti sociali a trovare un accordo sugli aumenti economici che vada bene sia al Nord che al Sud. Insomma, non essendo sviluppata sufficientemente la contrattazione di secondo livello &#8211; che per sua natura \u00e8 in grado di premiare la produttivit\u00e0 aziendale\/territoriale e definire le contromisure per contrastare l\u2019inflazione che, come sappiamo, ha tassi differenziati tra regioni e regioni e tra aree centrali e aree periferiche &#8211; \u00e8 sempre pi\u00f9 difficile raggiungere una intesa sugli aumenti retributivi di settore entro la scadenza prevista per un contratto che vada bene da Vicenza fino a Ragusa.<\/p>\n","protected":false},"excerpt":{"rendered":"<p>Al salario minimo per legge, la CGIA invita l\u2019applicazione della contrattazione di secondo livello, il taglio dell\u2019Irpef e il rinnovo dei contratti entro la scadenza In Veneto le buste paga pi\u00f9 pesanti sono erogate ai lavoratori dipendenti del settore privato della provincia di Vicenza. Nel 2021 la loro retribuzione media annua era pari a 24.139&hellip;<\/p>\n","protected":false},"author":2,"featured_media":115054,"comment_status":"closed","ping_status":"closed","sticky":false,"template":"","format":"standard","meta":{"_monsterinsights_skip_tracking":false,"_monsterinsights_sitenote_active":false,"_monsterinsights_sitenote_note":"","_monsterinsights_sitenote_category":0,"footnotes":""},"categories":[49],"tags":[],"class_list":["post-358861","post","type-post","status-publish","format-standard","has-post-thumbnail","hentry","category-news-18","category-49","description-off"],"img_url":"https:\/\/www.radiopiu.net\/wordpress\/wp-content\/uploads\/2020\/01\/uomo-disteso-che-conta-soldi-con-il-calcolatore_23-2148230056.jpg","_links":{"self":[{"href":"https:\/\/www.radiopiu.net\/wordpress\/wp-json\/wp\/v2\/posts\/358861","targetHints":{"allow":["GET"]}}],"collection":[{"href":"https:\/\/www.radiopiu.net\/wordpress\/wp-json\/wp\/v2\/posts"}],"about":[{"href":"https:\/\/www.radiopiu.net\/wordpress\/wp-json\/wp\/v2\/types\/post"}],"author":[{"embeddable":true,"href":"https:\/\/www.radiopiu.net\/wordpress\/wp-json\/wp\/v2\/users\/2"}],"replies":[{"embeddable":true,"href":"https:\/\/www.radiopiu.net\/wordpress\/wp-json\/wp\/v2\/comments?post=358861"}],"version-history":[{"count":0,"href":"https:\/\/www.radiopiu.net\/wordpress\/wp-json\/wp\/v2\/posts\/358861\/revisions"}],"wp:featuredmedia":[{"embeddable":true,"href":"https:\/\/www.radiopiu.net\/wordpress\/wp-json\/wp\/v2\/media\/115054"}],"wp:attachment":[{"href":"https:\/\/www.radiopiu.net\/wordpress\/wp-json\/wp\/v2\/media?parent=358861"}],"wp:term":[{"taxonomy":"category","embeddable":true,"href":"https:\/\/www.radiopiu.net\/wordpress\/wp-json\/wp\/v2\/categories?post=358861"},{"taxonomy":"post_tag","embeddable":true,"href":"https:\/\/www.radiopiu.net\/wordpress\/wp-json\/wp\/v2\/tags?post=358861"}],"curies":[{"name":"wp","href":"https:\/\/api.w.org\/{rel}","templated":true}]}}