{"id":358920,"date":"2023-10-30T05:06:11","date_gmt":"2023-10-30T04:06:11","guid":{"rendered":"https:\/\/www.radiopiu.net\/wordpress\/?p=358920"},"modified":"2023-10-30T05:24:16","modified_gmt":"2023-10-30T04:24:16","slug":"sala-gremita-per-il-seminario-dedicato-a-vaia-a-5-anni-dallevento","status":"publish","type":"post","link":"https:\/\/www.radiopiu.net\/wordpress\/sala-gremita-per-il-seminario-dedicato-a-vaia-a-5-anni-dallevento\/","title":{"rendered":"SALA GREMITA PER IL SEMINARIO DEDICATO A VAIA A 5 ANNI DALL&#8217;EVENTO"},"content":{"rendered":"<p><strong>BELLUNO<\/strong> S\u00ec \u00e8 svolto a Belluno un interessante seminario dal titolo &#8220;Gestione di un&#8217;emergenza. 5 anni dopo: approfondimenti e confronti&#8221; organizzato dall&#8217;Assessorato regionale alla Protezione Civile, in collaborazione con gli Ordini professionali degli Ingegneri di Belluno e dei Geologi del Veneto. Dopo gli interventi di saluto del sindaco di Belluno e della Provincia, del viceprefetto Sallusto, del questore Zerilli, degli ordini di geologi e ingegneri e del rappresentante del volontariato di Protezione Civile Cadorin, moderati da un preciso e in qualche caso pungente Michele Carbogno, si sono poi succeduti negli interventi l&#8217;ingegner Luca Luchetta, il geologo Giorgio Giacchetti, il direttore della Direzione Interregionale dei Vigili del Fuoco del Veneto e del Trentino Alto Adige, Loris Munaro, il direttore Operativo del Coordinamento Emergenze del Dipartimento nazionale della Protezione Civile, Luogi D&#8217;Angelo, il direttore della Direzione Difesa del Suolo della Regione Vincenzo Artico e il professore dell&#8217;Universit\u00e0 di Padova nonch\u00e9 refererente della Commissione Nazionale Grandi Rischi, Giuseppe Maschio. Centrale, ovviamente, l&#8217;intervento dell&#8217;assessore regionale all&#8217;Ambiente e Protezione Civile Gianpaolo Bottacin, che quell&#8217;emergenza la segu\u00ec per tutto il tempo sia guidando l&#8217;Unit\u00e0 di Crisi da Marghera, sia direttamente dal campo per verificare in tempo reale i danni al territorio, sia successivamente monitorando i lavori di ricostruzione: ben 2517 cantieri. E su questo Bottacin ha voluto fare anche alcune precisazioni: &#8220;Vaia ha interessato oltre duecento comuni veneti, provocando oltre un miliardo di euro di danni. L&#8217;immagine tuttavia che spesso accompagna l&#8217;evento \u00e8 quella degli alberi abbattuti, ma come dico sempre, quello degli alberi \u00e8 stato il minore dei problemi. Non esisteva pi\u00f9 la viabilit\u00e0, n\u00e9 le linee elettriche e non perch\u00e9 si fosse semplicemente interrotta una linea, ma in quanto non esistevano neppure i tralicci. C&#8217;erano centinaia di nuove frane innescate, erano saltati acquedotti e fognature. Si erano creati oltre cento nuovi siti a rischio valanga&#8221;. Le opere di difesa del suolo, argini e briglie avevano fatto il loro mestiere salvaguardando vite, tanto \u00e8 vero che rispetto all&#8217;alluvione del 1966 le perdite umane sono state enormemente minori; ma in quel momento la priorit\u00e0 era ripristinarle nel pi\u00f9 breve tempo possibile. &#8220;Se infatti poi ci fosse stato un fenomeno anche molto meno impattante di Vaia &#8211; ha proseguito Bottacin &#8211; avrebbe creato danni incommensurabili. Le briglie perci\u00f2 andavano svuotate e ripristinate. Allo stesso modo gli argini. Bisognava assicurare l&#8217;ncolumit\u00e0 pubblica e inoltre c&#8217;erano tutti i servizi da sistemare nel pi\u00f9 breve tempo possibile: luce, acqua, gas, viabilit\u00e0&#8221;. &#8220;Penso si possa dunque ben comprendere che gli alberi abbattuti &#8211; ha ribadito &#8211; erano il minore dei problemi, visto che tutto il resto impattava sulla vita delle persone&#8221;. E ancora : &#8220;bisognava fare presto, cosa che con le norme complesse di questo Paese non \u00e8 sempre facile. Inoltre andava gestito il rischio fino al ripristino delle opere di difesa del suolo. Tutte cose che abbiamo fatto con un colossale piano di Protezione Civile, di cui poco si parla, che prevedeva anche l&#8217;eventuale evacuazione di centinaia di edifici in caso di emergenza&#8217;. Il tutto si \u00e8 poi tradotto in 2527 cantieri appaltati in tre anni per oltre un miliardo di euro, gestiti senza contenziosi. Di questi il 70% circa gi\u00e0 concluso. Sono numeri che non hanno eguali a livello nazionale, tant&#8217;\u00e8 che il Veneto viene oggi citato come esempio di ricostruzione post alluvione, esattamente come il Friuli per quanto riguarda la ricostruzione post sisma. &#8220;La macchina dell&#8217;emergenza, che ho coordinato personalmente &#8211; ha concluso Bottacin &#8211; ha funzionato bene, ma voglio ricordare anche l&#8217;importanza della prevenzione, visto che le opere che avevamo realizzato negli anni precedenti sono state decisive per ridurre i danni&#8221;.<\/p>\n\n\t\t\t<style type='text\/css'>\n\t\t\t\t#gallery-1 {\n\t\t\t\t\tmargin: auto;\n\t\t\t\t}\n\t\t\t\t#gallery-1 .gallery-item {\n\t\t\t\t\tfloat: left;\n\t\t\t\t\tmargin-top: 10px;\n\t\t\t\t\ttext-align: center;\n\t\t\t\t\twidth: 20%;\n\t\t\t\t}\n\t\t\t\t#gallery-1 img {\n\t\t\t\t\tborder: 2px solid #cfcfcf;\n\t\t\t\t}\n\t\t\t\t#gallery-1 .gallery-caption {\n\t\t\t\t\tmargin-left: 0;\n\t\t\t\t}\n\t\t\t\t\/* see gallery_shortcode() in wp-includes\/media.php *\/\n\t\t\t<\/style>\n\t\t<div id='gallery-1' class='dt-gallery-container gallery galleryid-358920 gallery-columns-5 gallery-size-thumbnail'><dl class='gallery-item'>\n\t\t\t\t<dt class='gallery-icon landscape'>\n\t\t\t\t\t<a class=\"rollover rollover-zoom dt-pswp-item\" title=\"9a0eb863-1753-47fe-87dc-2015fc16af77\" data-dt-img-description=\"\" data-large_image_width=\"2016\" data-large_image_height=\"1512\"href='https:\/\/www.radiopiu.net\/wordpress\/wp-content\/uploads\/2023\/10\/9a0eb863-1753-47fe-87dc-2015fc16af77.jpg'><img loading=\"lazy\" decoding=\"async\" width=\"150\" height=\"150\" src=\"https:\/\/www.radiopiu.net\/wordpress\/wp-content\/uploads\/2023\/10\/9a0eb863-1753-47fe-87dc-2015fc16af77-150x150.jpg\" class=\"attachment-thumbnail size-thumbnail\" alt=\"\" \/><\/a>\n\t\t\t\t<\/dt><\/dl><dl class='gallery-item'>\n\t\t\t\t<dt class='gallery-icon landscape'>\n\t\t\t\t\t<a class=\"rollover rollover-zoom dt-pswp-item\" title=\"18c438af-735c-4107-9654-5c4dd1fb06f3\" data-dt-img-description=\"\" data-large_image_width=\"2016\" data-large_image_height=\"1512\"href='https:\/\/www.radiopiu.net\/wordpress\/wp-content\/uploads\/2023\/10\/18c438af-735c-4107-9654-5c4dd1fb06f3.jpg'><img loading=\"lazy\" decoding=\"async\" width=\"150\" height=\"150\" src=\"https:\/\/www.radiopiu.net\/wordpress\/wp-content\/uploads\/2023\/10\/18c438af-735c-4107-9654-5c4dd1fb06f3-150x150.jpg\" class=\"attachment-thumbnail size-thumbnail\" alt=\"\" \/><\/a>\n\t\t\t\t<\/dt><\/dl><dl class='gallery-item'>\n\t\t\t\t<dt class='gallery-icon landscape'>\n\t\t\t\t\t<a class=\"rollover rollover-zoom dt-pswp-item\" title=\"60a334b3-bd60-409f-a40d-556efb0a1420\" data-dt-img-description=\"\" data-large_image_width=\"921\" data-large_image_height=\"605\"href='https:\/\/www.radiopiu.net\/wordpress\/wp-content\/uploads\/2023\/10\/60a334b3-bd60-409f-a40d-556efb0a1420.jpg'><img loading=\"lazy\" decoding=\"async\" width=\"150\" height=\"150\" src=\"https:\/\/www.radiopiu.net\/wordpress\/wp-content\/uploads\/2023\/10\/60a334b3-bd60-409f-a40d-556efb0a1420-150x150.jpg\" class=\"attachment-thumbnail size-thumbnail\" alt=\"\" \/><\/a>\n\t\t\t\t<\/dt><\/dl><dl class='gallery-item'>\n\t\t\t\t<dt class='gallery-icon landscape'>\n\t\t\t\t\t<a class=\"rollover rollover-zoom dt-pswp-item\" title=\"81e694e9-b5ac-42a9-94f4-91e0809a0d18\" data-dt-img-description=\"\" data-large_image_width=\"720\" data-large_image_height=\"519\"href='https:\/\/www.radiopiu.net\/wordpress\/wp-content\/uploads\/2023\/10\/81e694e9-b5ac-42a9-94f4-91e0809a0d18.jpg'><img loading=\"lazy\" decoding=\"async\" width=\"150\" height=\"150\" src=\"https:\/\/www.radiopiu.net\/wordpress\/wp-content\/uploads\/2023\/10\/81e694e9-b5ac-42a9-94f4-91e0809a0d18-150x150.jpg\" class=\"attachment-thumbnail size-thumbnail\" alt=\"\" \/><\/a>\n\t\t\t\t<\/dt><\/dl><dl class='gallery-item'>\n\t\t\t\t<dt class='gallery-icon landscape'>\n\t\t\t\t\t<a class=\"rollover rollover-zoom dt-pswp-item\" title=\"964c3da8-fa0d-419c-890f-d0f6d2ebbf1a\" data-dt-img-description=\"\" data-large_image_width=\"1600\" data-large_image_height=\"1196\"href='https:\/\/www.radiopiu.net\/wordpress\/wp-content\/uploads\/2023\/10\/964c3da8-fa0d-419c-890f-d0f6d2ebbf1a.jpg'><img loading=\"lazy\" decoding=\"async\" width=\"150\" height=\"150\" src=\"https:\/\/www.radiopiu.net\/wordpress\/wp-content\/uploads\/2023\/10\/964c3da8-fa0d-419c-890f-d0f6d2ebbf1a-150x150.jpg\" class=\"attachment-thumbnail size-thumbnail\" alt=\"\" \/><\/a>\n\t\t\t\t<\/dt><\/dl><br style=\"clear: both\" \/>\n\t\t\t<\/div>\n\n<p>&nbsp;<\/p>\n<p>&nbsp;<\/p>\n<p>******<\/p>\n<p>&nbsp;<\/p>\n","protected":false},"excerpt":{"rendered":"<p>BELLUNO S\u00ec \u00e8 svolto a Belluno un interessante seminario dal titolo &#8220;Gestione di un&#8217;emergenza. 5 anni dopo: approfondimenti e confronti&#8221; organizzato dall&#8217;Assessorato regionale alla Protezione Civile, in collaborazione con gli Ordini professionali degli Ingegneri di Belluno e dei Geologi del Veneto. Dopo gli interventi di saluto del sindaco di Belluno e della Provincia, del viceprefetto&hellip;<\/p>\n","protected":false},"author":4,"featured_media":358922,"comment_status":"closed","ping_status":"closed","sticky":false,"template":"","format":"standard","meta":{"_monsterinsights_skip_tracking":false,"_monsterinsights_sitenote_active":false,"_monsterinsights_sitenote_note":"","_monsterinsights_sitenote_category":0,"footnotes":""},"categories":[51,49],"tags":[],"class_list":["post-358920","post","type-post","status-publish","format-standard","has-post-thumbnail","hentry","category-evidenza-top","category-news-18","category-51","category-49","description-off"],"img_url":"https:\/\/www.radiopiu.net\/wordpress\/wp-content\/uploads\/2023\/10\/18c438af-735c-4107-9654-5c4dd1fb06f3.jpg","_links":{"self":[{"href":"https:\/\/www.radiopiu.net\/wordpress\/wp-json\/wp\/v2\/posts\/358920","targetHints":{"allow":["GET"]}}],"collection":[{"href":"https:\/\/www.radiopiu.net\/wordpress\/wp-json\/wp\/v2\/posts"}],"about":[{"href":"https:\/\/www.radiopiu.net\/wordpress\/wp-json\/wp\/v2\/types\/post"}],"author":[{"embeddable":true,"href":"https:\/\/www.radiopiu.net\/wordpress\/wp-json\/wp\/v2\/users\/4"}],"replies":[{"embeddable":true,"href":"https:\/\/www.radiopiu.net\/wordpress\/wp-json\/wp\/v2\/comments?post=358920"}],"version-history":[{"count":0,"href":"https:\/\/www.radiopiu.net\/wordpress\/wp-json\/wp\/v2\/posts\/358920\/revisions"}],"wp:featuredmedia":[{"embeddable":true,"href":"https:\/\/www.radiopiu.net\/wordpress\/wp-json\/wp\/v2\/media\/358922"}],"wp:attachment":[{"href":"https:\/\/www.radiopiu.net\/wordpress\/wp-json\/wp\/v2\/media?parent=358920"}],"wp:term":[{"taxonomy":"category","embeddable":true,"href":"https:\/\/www.radiopiu.net\/wordpress\/wp-json\/wp\/v2\/categories?post=358920"},{"taxonomy":"post_tag","embeddable":true,"href":"https:\/\/www.radiopiu.net\/wordpress\/wp-json\/wp\/v2\/tags?post=358920"}],"curies":[{"name":"wp","href":"https:\/\/api.w.org\/{rel}","templated":true}]}}