{"id":358945,"date":"2023-10-30T05:10:13","date_gmt":"2023-10-30T04:10:13","guid":{"rendered":"https:\/\/www.radiopiu.net\/wordpress\/?p=358945"},"modified":"2023-10-30T05:29:44","modified_gmt":"2023-10-30T04:29:44","slug":"addio-ad-andrea-dallo-amato-medico-di-famiglia-e-amministratore-di-razza","status":"publish","type":"post","link":"https:\/\/www.radiopiu.net\/wordpress\/addio-ad-andrea-dallo-amato-medico-di-famiglia-e-amministratore-di-razza\/","title":{"rendered":"ADDIO AD ANDREA DALL&#8217;O AMATO MEDICO DI FAMIGLIA E AMMINISTRATORE DI &#8220;RAZZA&#8221;"},"content":{"rendered":"<div class=\"flex-1 overflow-hidden\">\n<div class=\"react-scroll-to-bottom--css-tdaak-79elbk h-full\">\n<div class=\"react-scroll-to-bottom--css-tdaak-1n7m0yu\">\n<div class=\"flex flex-col text-sm gizmo:pb-9 dark:bg-gray-800 gizmo:dark:bg-transparent\">\n<div class=\"group w-full text-token-text-primary border-b border-black\/10 gizmo:border-0 dark:border-gray-900\/50 gizmo:dark:border-0 bg-gray-50 gizmo:bg-transparent dark:bg-[#444654] gizmo:dark:bg-transparent\" data-testid=\"conversation-turn-3\">\n<div class=\"p-4 gizmo:py-2 justify-center text-base md:gap-6 md:py-6 m-auto\">\n<div class=\"flex flex-1 gap-4 text-base mx-auto md:gap-6 gizmo:gap-3 gizmo:md:px-5 gizmo:lg:px-1 gizmo:xl:px-5 md:max-w-2xl lg:max-w-[38rem] gizmo:md:max-w-3xl gizmo:lg:max-w-[40rem] gizmo:xl:max-w-[48rem] xl:max-w-3xl }\">\n<div class=\"relative flex w-[calc(100%-50px)] flex-col gizmo:w-full lg:w-[calc(100%-115px)] agent-turn\">\n<div class=\"flex-col gap-1 md:gap-3\">\n<div class=\"flex flex-grow flex-col gap-3 max-w-full\">\n<div class=\"min-h-[20px] flex flex-col items-start gap-3 whitespace-pre-wrap break-words overflow-x-auto\" data-message-author-role=\"assistant\" data-message-id=\"251b93ec-6260-4ebf-9730-c873eed33213\">\n<div class=\"markdown prose w-full break-words dark:prose-invert dark\">\n<p><a class=\"dt-pswp-item\" href=\"https:\/\/www.radiopiu.net\/wordpress\/wp-content\/uploads\/2023\/10\/Senza-nome-89.png\" data-dt-img-description=\"\" data-large_image_width=\"256\" data-large_image_height=\"297\"><img loading=\"lazy\" decoding=\"async\" class=\"size-full wp-image-358950 alignleft\" src=\"https:\/\/www.radiopiu.net\/wordpress\/wp-content\/uploads\/2023\/10\/Senza-nome-89.png\" alt=\"\" width=\"256\" height=\"297\" \/><\/a><strong>BORGO VALBELLUNA<\/strong> Il noto medico di famiglia e figura di spicco della politica bellunese, Andrea Dall&#8217;O, \u00e8 scomparso all&#8217;et\u00e0 di 72 anni. Dall&#8217;O \u00e8 stato un medico molto stimato e rispettato, oltre a essere coinvolto attivamente nella politica a livello provinciale e comunale. Ha dedicato gran parte della sua vita alla comunit\u00e0, con un forte impegno sia nella medicina che nell&#8217;amministrazione pubblica. Nato e cresciuto a Belluno, Dall&#8217;O si \u00e8 trasferito a Mel negli anni Ottanta, dove ha guadagnato fama per la sua competenza, professionalit\u00e0, umanit\u00e0 e disponibilit\u00e0 come medico di base. La notizia della sua scomparsa \u00e8 stata inattesa e ha lasciato la comunit\u00e0 di Villa di Villa, dove ha servito per molti anni, profondamente colpita. Il sindaco Stefano Cesa, amico di lunga data di Dall&#8217;O, ha elogiato il suo contributo come medico e amministratore pubblico, sottolineando le sue qualit\u00e0 umane e il suo impegno per la salute della comunit\u00e0. Dall&#8217;O \u00e8 stato una figura importante per la comunit\u00e0 e ha unito la sua passione politica alla missione di promuovere la sanit\u00e0 pubblica. Dall&#8217;O ha avuto un coinvolgimento politico significativo, essendo stato consigliere comunale a Mel, candidato alla presidenza della Provincia in due occasioni, candidato sindaco a Belluno e al Senato nel 2008. Ha iniziato la sua carriera politica nella Lega Nord, ma successivamente ha aderito alla Liga Fronte Veneto e al Pab, un movimento autonomista. Tuttavia, i suoi rapporti con i leghisti bellunesi sono rimasti sempre positivi.<\/p>\n<\/div>\n<\/div>\n<p>___<\/p>\n<\/div>\n<\/div>\n<\/div>\n<\/div>\n<\/div>\n<\/div>\n<p>&nbsp;<\/p>\n<\/div>\n<\/div>\n<\/div>\n<\/div>\n<div class=\"w-full pt-2 md:pt-0 border-t md:border-t-0 dark:border-white\/20 md:border-transparent md:dark:border-transparent md:pl-2 gizmo:pl-0 gizmo:md:pl-0 md:w-[calc(100%-.5rem)] absolute bottom-0 left-0 md:bg-vert-light-gradient bg-white dark:bg-gray-800 md:!bg-transparent dark:md:bg-vert-dark-gradient\">\n<form class=\"stretch mx-2 flex flex-row gap-3 last:mb-2 md:mx-4 md:last:mb-6 lg:mx-auto lg:max-w-2xl xl:max-w-3xl\">\n<div class=\"relative flex h-full flex-1 items-stretch md:flex-col\">\n<div>\n<div class=\"h-full flex ml-1 md:w-full md:m-auto md:mb-4 gap-0 md:gap-2 justify-center\"><\/div>\n<\/div>\n<\/div>\n<\/form>\n<\/div>\n","protected":false},"excerpt":{"rendered":"<p>BORGO VALBELLUNA Il noto medico di famiglia e figura di spicco della politica bellunese, Andrea Dall&#8217;O, \u00e8 scomparso all&#8217;et\u00e0 di 72 anni. Dall&#8217;O \u00e8 stato un medico molto stimato e rispettato, oltre a essere coinvolto attivamente nella politica a livello provinciale e comunale. Ha dedicato gran parte della sua vita alla comunit\u00e0, con un forte&hellip;<\/p>\n","protected":false},"author":4,"featured_media":358946,"comment_status":"closed","ping_status":"closed","sticky":false,"template":"","format":"standard","meta":{"_monsterinsights_skip_tracking":false,"_monsterinsights_sitenote_active":false,"_monsterinsights_sitenote_note":"","_monsterinsights_sitenote_category":0,"footnotes":""},"categories":[51,49],"tags":[],"class_list":["post-358945","post","type-post","status-publish","format-standard","has-post-thumbnail","hentry","category-evidenza-top","category-news-18","category-51","category-49","description-off"],"img_url":"https:\/\/www.radiopiu.net\/wordpress\/wp-content\/uploads\/2023\/10\/172630759-c74b4797-d2e5-4c0a-b843-b6268a5ffe8e.webp","_links":{"self":[{"href":"https:\/\/www.radiopiu.net\/wordpress\/wp-json\/wp\/v2\/posts\/358945","targetHints":{"allow":["GET"]}}],"collection":[{"href":"https:\/\/www.radiopiu.net\/wordpress\/wp-json\/wp\/v2\/posts"}],"about":[{"href":"https:\/\/www.radiopiu.net\/wordpress\/wp-json\/wp\/v2\/types\/post"}],"author":[{"embeddable":true,"href":"https:\/\/www.radiopiu.net\/wordpress\/wp-json\/wp\/v2\/users\/4"}],"replies":[{"embeddable":true,"href":"https:\/\/www.radiopiu.net\/wordpress\/wp-json\/wp\/v2\/comments?post=358945"}],"version-history":[{"count":0,"href":"https:\/\/www.radiopiu.net\/wordpress\/wp-json\/wp\/v2\/posts\/358945\/revisions"}],"wp:featuredmedia":[{"embeddable":true,"href":"https:\/\/www.radiopiu.net\/wordpress\/wp-json\/wp\/v2\/media\/358946"}],"wp:attachment":[{"href":"https:\/\/www.radiopiu.net\/wordpress\/wp-json\/wp\/v2\/media?parent=358945"}],"wp:term":[{"taxonomy":"category","embeddable":true,"href":"https:\/\/www.radiopiu.net\/wordpress\/wp-json\/wp\/v2\/categories?post=358945"},{"taxonomy":"post_tag","embeddable":true,"href":"https:\/\/www.radiopiu.net\/wordpress\/wp-json\/wp\/v2\/tags?post=358945"}],"curies":[{"name":"wp","href":"https:\/\/api.w.org\/{rel}","templated":true}]}}