{"id":359026,"date":"2023-10-29T19:20:40","date_gmt":"2023-10-29T18:20:40","guid":{"rendered":"https:\/\/www.radiopiu.net\/wordpress\/?p=359026"},"modified":"2023-10-30T09:24:38","modified_gmt":"2023-10-30T08:24:38","slug":"oltre-600-concorrenti-ai-campionati-nazionali-di-corsa-su-strada-csi-ad-agordo","status":"publish","type":"post","link":"https:\/\/www.radiopiu.net\/wordpress\/oltre-600-concorrenti-ai-campionati-nazionali-di-corsa-su-strada-csi-ad-agordo\/","title":{"rendered":"OLTRE 600 CONCORRENTI AI CAMPIONATI NAZIONALI DI CORSA SU STRADA CSI AD AGORDO"},"content":{"rendered":"<p>Senior femminile Francesca De Col\u00f2 6^ posto Alessandra Da Ronch 14^ posto<\/p>\n<p>Senior maschile Matteo Costa 11^ posto<\/p>\n<p>Amatori A maschile Valentino Costa 2 Hassan Loufti\u00a0 3<\/p>\n<p>Amatori A femminile Manuela Bulf\u00a0 1\u00a0 Arianna Deola 10^ posto<\/p>\n<p>Amatori B maschile Daniele De Col\u00f2\u00a0 1Gabriele Toffoli 16^ posto<br \/>\nAntonio Chiarolla 19^ posto<\/p>\n<p>Veterani A maschile Ivano Marcon 7^ posto<\/p>\n<p>Veterani B maschile Paolo Cancel 3<\/p>\n<p>&nbsp;<\/p>\n<p>&nbsp;<\/p>\n<p><strong>AGORDO <\/strong>Sono stati 630 i concorrenti che ad Agordo hanno dato vita all\u201911.ma edizione del Campionato nazionale di corsa su strada del Centro sportivo italiano. Organizzazione a cura dell\u2019Atletica Agordina che, in una giornata di pioggia intermittente e temperature rigide, ha proposto un evento dagli elevati contenuti. Sette le regioni italiane rappresentate, con 19 comitati territoriali al via e una settantina di societ\u00e0. A fare la parte del leone sono state Trentino e Lombardia: il Trentino ha vinto la graduatoria generale per societ\u00e0 e quella delle categorie assolute per societ\u00e0, portandosi a casa anche dieci successi individuali mentre la Lombardia ha conquistato la vittoria nella graduatoria giovanile per societ\u00e0 e cinque ori a livello individuale. Ottimi risultati per le societ\u00e0 del comitato Csi di Belluno che ha messo in bacheca tre ori, 5 argenti e quattro bronzi individuali, pi\u00f9 un bronzo per societ\u00e0. Il bronzo per societ\u00e0 porta la firma dei padroni di casa dell\u2019Atletica Agordina, terzi nella classifica per societ\u00e0 riservata alle categorie assolute. Con gli allori di Csi Feltre (rappresentato dall\u2019Atletica Lamon), il medagliere \u00e8 di 4 ori, 6 argenti e 6 bronzi. Per quanto riguarda le gare assolute individuali, applausi per Osvaldo Zanella e Mihail Sirbu, preceduti solo dal trentino Francesco Ropelato, e a Manuela Bulf (foto: Echi di Alessandro Sogne)<\/p>\n<p><strong>LE CLASSIFICHE <a href=\"https:\/\/www.timingproject.it\/campionato-nazionale-corsa-strada?rq=eyJjYWxzIjoiWTJGdGNHbHZibUYwYnkxdVlYcHBiMjVoYkdVdFkyOXljMkV0YzNSeVlXUmgiLCJjdGFzayI6IjEiLCJjZWlkIjoiMjAyMzAxMyJ9\">CLICCA QUI<\/a><\/strong><\/p>\n\n\t\t\t<style type='text\/css'>\n\t\t\t\t#gallery-1 {\n\t\t\t\t\tmargin: auto;\n\t\t\t\t}\n\t\t\t\t#gallery-1 .gallery-item {\n\t\t\t\t\tfloat: left;\n\t\t\t\t\tmargin-top: 10px;\n\t\t\t\t\ttext-align: center;\n\t\t\t\t\twidth: 33%;\n\t\t\t\t}\n\t\t\t\t#gallery-1 img {\n\t\t\t\t\tborder: 2px solid #cfcfcf;\n\t\t\t\t}\n\t\t\t\t#gallery-1 .gallery-caption {\n\t\t\t\t\tmargin-left: 0;\n\t\t\t\t}\n\t\t\t\t\/* see gallery_shortcode() in wp-includes\/media.php *\/\n\t\t\t<\/style>\n\t\t<div id='gallery-1' class='dt-gallery-container gallery galleryid-359026 gallery-columns-3 gallery-size-medium'><dl class='gallery-item'>\n\t\t\t\t<dt class='gallery-icon landscape'>\n\t\t\t\t\t<a class=\"rollover rollover-zoom dt-pswp-item\" title=\"3\u00a9EchidiAlessandroSogne_camp_naz_agordo_2023_1\" data-dt-img-description=\"\" data-large_image_width=\"1200\" data-large_image_height=\"800\"href='https:\/\/www.radiopiu.net\/wordpress\/wp-content\/uploads\/2023\/10\/3\u00a9EchidiAlessandroSogne_camp_naz_agordo_2023_1.jpg'><img loading=\"lazy\" decoding=\"async\" width=\"300\" height=\"200\" src=\"https:\/\/www.radiopiu.net\/wordpress\/wp-content\/uploads\/2023\/10\/3\u00a9EchidiAlessandroSogne_camp_naz_agordo_2023_1-300x200.jpg\" class=\"attachment-medium size-medium\" alt=\"\" srcset=\"https:\/\/www.radiopiu.net\/wordpress\/wp-content\/uploads\/2023\/10\/3\u00a9EchidiAlessandroSogne_camp_naz_agordo_2023_1-300x200.jpg 300w, https:\/\/www.radiopiu.net\/wordpress\/wp-content\/uploads\/2023\/10\/3\u00a9EchidiAlessandroSogne_camp_naz_agordo_2023_1-1024x683.jpg 1024w, https:\/\/www.radiopiu.net\/wordpress\/wp-content\/uploads\/2023\/10\/3\u00a9EchidiAlessandroSogne_camp_naz_agordo_2023_1-768x512.jpg 768w, https:\/\/www.radiopiu.net\/wordpress\/wp-content\/uploads\/2023\/10\/3\u00a9EchidiAlessandroSogne_camp_naz_agordo_2023_1.jpg 1200w\" sizes=\"auto, (max-width: 300px) 100vw, 300px\" \/><\/a>\n\t\t\t\t<\/dt><\/dl><dl class='gallery-item'>\n\t\t\t\t<dt class='gallery-icon landscape'>\n\t\t\t\t\t<a class=\"rollover rollover-zoom dt-pswp-item\" title=\"\u00a9EchidiAlessandroSogne_camp_naz_agordo_2023_2\" data-dt-img-description=\"\" data-large_image_width=\"1200\" data-large_image_height=\"800\"href='https:\/\/www.radiopiu.net\/wordpress\/wp-content\/uploads\/2023\/10\/\u00a9EchidiAlessandroSogne_camp_naz_agordo_2023_2.jpg'><img loading=\"lazy\" decoding=\"async\" width=\"300\" height=\"200\" src=\"https:\/\/www.radiopiu.net\/wordpress\/wp-content\/uploads\/2023\/10\/\u00a9EchidiAlessandroSogne_camp_naz_agordo_2023_2-300x200.jpg\" class=\"attachment-medium size-medium\" alt=\"\" srcset=\"https:\/\/www.radiopiu.net\/wordpress\/wp-content\/uploads\/2023\/10\/\u00a9EchidiAlessandroSogne_camp_naz_agordo_2023_2-300x200.jpg 300w, https:\/\/www.radiopiu.net\/wordpress\/wp-content\/uploads\/2023\/10\/\u00a9EchidiAlessandroSogne_camp_naz_agordo_2023_2-1024x683.jpg 1024w, https:\/\/www.radiopiu.net\/wordpress\/wp-content\/uploads\/2023\/10\/\u00a9EchidiAlessandroSogne_camp_naz_agordo_2023_2-768x512.jpg 768w, https:\/\/www.radiopiu.net\/wordpress\/wp-content\/uploads\/2023\/10\/\u00a9EchidiAlessandroSogne_camp_naz_agordo_2023_2.jpg 1200w\" sizes=\"auto, (max-width: 300px) 100vw, 300px\" \/><\/a>\n\t\t\t\t<\/dt><\/dl><dl class='gallery-item'>\n\t\t\t\t<dt class='gallery-icon landscape'>\n\t\t\t\t\t<a class=\"rollover rollover-zoom dt-pswp-item\" title=\"\u00a9EchidiAlessandroSogne_camp_naz_agordo_2023_3\" data-dt-img-description=\"\" data-large_image_width=\"1200\" data-large_image_height=\"800\"href='https:\/\/www.radiopiu.net\/wordpress\/wp-content\/uploads\/2023\/10\/\u00a9EchidiAlessandroSogne_camp_naz_agordo_2023_3.jpg'><img loading=\"lazy\" decoding=\"async\" width=\"300\" height=\"200\" src=\"https:\/\/www.radiopiu.net\/wordpress\/wp-content\/uploads\/2023\/10\/\u00a9EchidiAlessandroSogne_camp_naz_agordo_2023_3-300x200.jpg\" class=\"attachment-medium size-medium\" alt=\"\" srcset=\"https:\/\/www.radiopiu.net\/wordpress\/wp-content\/uploads\/2023\/10\/\u00a9EchidiAlessandroSogne_camp_naz_agordo_2023_3-300x200.jpg 300w, https:\/\/www.radiopiu.net\/wordpress\/wp-content\/uploads\/2023\/10\/\u00a9EchidiAlessandroSogne_camp_naz_agordo_2023_3-1024x683.jpg 1024w, https:\/\/www.radiopiu.net\/wordpress\/wp-content\/uploads\/2023\/10\/\u00a9EchidiAlessandroSogne_camp_naz_agordo_2023_3-768x512.jpg 768w, https:\/\/www.radiopiu.net\/wordpress\/wp-content\/uploads\/2023\/10\/\u00a9EchidiAlessandroSogne_camp_naz_agordo_2023_3.jpg 1200w\" sizes=\"auto, (max-width: 300px) 100vw, 300px\" \/><\/a>\n\t\t\t\t<\/dt><\/dl><br style=\"clear: both\" \/>\n\t\t\t<\/div>\n\n<p>&nbsp;<\/p>\n<p>&nbsp;<\/p>\n<p>*******<\/p>\n","protected":false},"excerpt":{"rendered":"<p>Senior femminile Francesca De Col\u00f2 6^ posto Alessandra Da Ronch 14^ posto Senior maschile Matteo Costa 11^ posto Amatori A maschile Valentino Costa 2 Hassan Loufti\u00a0 3 Amatori A femminile Manuela Bulf\u00a0 1\u00a0 Arianna Deola 10^ posto Amatori B maschile Daniele De Col\u00f2\u00a0 1Gabriele Toffoli 16^ posto Antonio Chiarolla 19^ posto Veterani A maschile Ivano&hellip;<\/p>\n","protected":false},"author":4,"featured_media":359029,"comment_status":"closed","ping_status":"closed","sticky":false,"template":"","format":"standard","meta":{"_monsterinsights_skip_tracking":false,"_monsterinsights_sitenote_active":false,"_monsterinsights_sitenote_note":"","_monsterinsights_sitenote_category":0,"footnotes":""},"categories":[104,49],"tags":[],"class_list":["post-359026","post","type-post","status-publish","format-standard","has-post-thumbnail","hentry","category-evidenza_3","category-news-18","category-104","category-49","description-off"],"img_url":"https:\/\/www.radiopiu.net\/wordpress\/wp-content\/uploads\/2023\/10\/\u00a9EchidiAlessandroSogne_camp_naz_agordo_2023_3.jpg","_links":{"self":[{"href":"https:\/\/www.radiopiu.net\/wordpress\/wp-json\/wp\/v2\/posts\/359026","targetHints":{"allow":["GET"]}}],"collection":[{"href":"https:\/\/www.radiopiu.net\/wordpress\/wp-json\/wp\/v2\/posts"}],"about":[{"href":"https:\/\/www.radiopiu.net\/wordpress\/wp-json\/wp\/v2\/types\/post"}],"author":[{"embeddable":true,"href":"https:\/\/www.radiopiu.net\/wordpress\/wp-json\/wp\/v2\/users\/4"}],"replies":[{"embeddable":true,"href":"https:\/\/www.radiopiu.net\/wordpress\/wp-json\/wp\/v2\/comments?post=359026"}],"version-history":[{"count":0,"href":"https:\/\/www.radiopiu.net\/wordpress\/wp-json\/wp\/v2\/posts\/359026\/revisions"}],"wp:featuredmedia":[{"embeddable":true,"href":"https:\/\/www.radiopiu.net\/wordpress\/wp-json\/wp\/v2\/media\/359029"}],"wp:attachment":[{"href":"https:\/\/www.radiopiu.net\/wordpress\/wp-json\/wp\/v2\/media?parent=359026"}],"wp:term":[{"taxonomy":"category","embeddable":true,"href":"https:\/\/www.radiopiu.net\/wordpress\/wp-json\/wp\/v2\/categories?post=359026"},{"taxonomy":"post_tag","embeddable":true,"href":"https:\/\/www.radiopiu.net\/wordpress\/wp-json\/wp\/v2\/tags?post=359026"}],"curies":[{"name":"wp","href":"https:\/\/api.w.org\/{rel}","templated":true}]}}