{"id":359042,"date":"2023-10-31T05:59:11","date_gmt":"2023-10-31T04:59:11","guid":{"rendered":"https:\/\/www.radiopiu.net\/wordpress\/?p=359042"},"modified":"2023-10-31T09:17:25","modified_gmt":"2023-10-31T08:17:25","slug":"giornale-radiopiu-31-ottobre-2023-direttore-mirko-mezzacasada-40-anni-25-giugno-1983-25-giugno-2023","status":"publish","type":"post","link":"https:\/\/www.radiopiu.net\/wordpress\/giornale-radiopiu-31-ottobre-2023-direttore-mirko-mezzacasada-40-anni-25-giugno-1983-25-giugno-2023\/","title":{"rendered":"GIORNALE RADIOPIU 31 OTTOBRE 2023 DIRETTORE MIRKO MEZZACASA\u2026DA 40 ANNI 25 GIUGNO 1983-25 GIUGNO 2023"},"content":{"rendered":"<h1 class=\"entry-title photoswipe-wrapper\">40esimo di RADIOPIU\u2026. LA VOCE DELL\u2019EMOZIONE<\/h1>\n<h2><span style=\"color: #ff0000;\">ISCRIVITI AL NOSTRO CANALE\u00a0\u00a0YOUTUBE PER SEGUIRE IN DIRETTA I PRINCIPALI PROGRAMMI DI RADIO PIU\u2019 E LE FUTURE DIRETTE IN ESTERNA. PER ISCRIVERTI <a style=\"color: #ff0000;\" href=\"https:\/\/youtube.com\/@radiopiu1527\">CLICCA QUI\u00a0<\/a>E PREMI\u00a0 \u201cIscriviti\u201d\u00a0\u00a0<\/span><b> \u00a0<\/b><\/h2>\n<p><strong>A COL MARGHERITA&#8230;. NEVICA<\/strong><\/p>\n<p><iframe loading=\"lazy\" title=\"Passo San Pallegrino - Col Margherita LIVE\" width=\"1200\" height=\"675\" src=\"https:\/\/www.youtube.com\/embed\/6TBwCJK_RLE?feature=oembed\" frameborder=\"0\" allow=\"accelerometer; autoplay; clipboard-write; encrypted-media; gyroscope; picture-in-picture; web-share\" allowfullscreen><\/iframe><\/p>\n<p>&nbsp;<\/p>\n<p>&nbsp;<\/p>\n<blockquote>\n<h1>Impalcatura in pericolo sotto il ponte di Masare in arrivo i pompieri per valutare<\/h1>\n<\/blockquote>\n<p>&nbsp;<\/p>\n<p><strong>ORE 8.30<\/strong><\/p>\n<p>ROCCA PIETORE&#8230; LAVORI FATTI BENE.<\/p>\n<p><strong>VIDEO<\/strong><\/p>\n<div style=\"width: 848px;\" class=\"wp-video\"><video class=\"wp-video-shortcode\" id=\"video-359042-1\" width=\"848\" height=\"480\" preload=\"metadata\" controls=\"controls\"><source type=\"video\/mp4\" src=\"https:\/\/www.radiopiu.net\/wordpress\/wp-content\/uploads\/2023\/10\/WhatsApp-Video-2023-10-31-at-09.12.09.mp4?_=1\" \/><a href=\"https:\/\/www.radiopiu.net\/wordpress\/wp-content\/uploads\/2023\/10\/WhatsApp-Video-2023-10-31-at-09.12.09.mp4\">https:\/\/www.radiopiu.net\/wordpress\/wp-content\/uploads\/2023\/10\/WhatsApp-Video-2023-10-31-at-09.12.09.mp4<\/a><\/video><\/div>\n<p>&nbsp;<\/p>\n<p>&nbsp;<\/p>\n<p>&nbsp;<\/p>\n<p>&nbsp;<\/p>\n<p>&nbsp;<\/p>\n<blockquote>\n<h1>INIZIATIVE ULSS1 DOLOMITI-BELLUNO<\/h1>\n\n\t\t\t<style type='text\/css'>\n\t\t\t\t#gallery-1 {\n\t\t\t\t\tmargin: auto;\n\t\t\t\t}\n\t\t\t\t#gallery-1 .gallery-item {\n\t\t\t\t\tfloat: left;\n\t\t\t\t\tmargin-top: 10px;\n\t\t\t\t\ttext-align: center;\n\t\t\t\t\twidth: 100%;\n\t\t\t\t}\n\t\t\t\t#gallery-1 img {\n\t\t\t\t\tborder: 2px solid #cfcfcf;\n\t\t\t\t}\n\t\t\t\t#gallery-1 .gallery-caption {\n\t\t\t\t\tmargin-left: 0;\n\t\t\t\t}\n\t\t\t\t\/* see gallery_shortcode() in wp-includes\/media.php *\/\n\t\t\t<\/style>\n\t\t<div id='gallery-1' class='dt-gallery-container gallery galleryid-359042 gallery-columns-1 gallery-size-medium'><dl class='gallery-item'>\n\t\t\t\t<dt class='gallery-icon portrait'>\n\t\t\t\t\t<a class=\"rollover rollover-zoom dt-pswp-item\" title=\"392878514_822842989540507_2672116902826523400_n\" data-dt-img-description=\"\" data-large_image_width=\"509\" data-large_image_height=\"720\"href='https:\/\/www.radiopiu.net\/wordpress\/wp-content\/uploads\/2023\/10\/392878514_822842989540507_2672116902826523400_n.jpg'><img loading=\"lazy\" decoding=\"async\" width=\"212\" height=\"300\" src=\"https:\/\/www.radiopiu.net\/wordpress\/wp-content\/uploads\/2023\/10\/392878514_822842989540507_2672116902826523400_n-212x300.jpg\" class=\"attachment-medium size-medium\" alt=\"\" srcset=\"https:\/\/www.radiopiu.net\/wordpress\/wp-content\/uploads\/2023\/10\/392878514_822842989540507_2672116902826523400_n-212x300.jpg 212w, https:\/\/www.radiopiu.net\/wordpress\/wp-content\/uploads\/2023\/10\/392878514_822842989540507_2672116902826523400_n.jpg 509w\" sizes=\"auto, (max-width: 212px) 100vw, 212px\" \/><\/a>\n\t\t\t\t<\/dt><\/dl><br style=\"clear: both\" \/>\n\t\t\t<\/div>\n<\/blockquote>\n<p>&nbsp;<\/p>\n<hr \/>\n<p>&nbsp;<\/p>\n<p><strong>SP 563 SALESEI <\/strong><span style=\"color: #ff0000;\">\u00a0fino al 17 novembre<\/span> in localit\u00e0 Digonera di Rocca Pietore interdizione al traffico<\/p>\n<p>&nbsp;<\/p>\n<hr \/>\n<p>&nbsp;<\/p>\n<blockquote>\n<h3>LAVORI IN NOTTURNA A BELLUNO PER GSP<\/h3>\n<\/blockquote>\n<p><strong>BELLUNO <\/strong>Gestione Servizi Pubblici informa che, per lavori alla rete idrica comunale, oggi\u00a0dalle ore 20:00 fino alle ore 6:00 del mattino successivo verr\u00e0 sospesa l\u2019erogazione dell\u2019acqua in Comune di Belluno nelle seguenti zone: Borgo Pr\u00e0, Borgo Piave e vie San Biagio, Gabelli, Rugo e Lungardo.<\/p>\n<p>&nbsp;<\/p>\n<p>&nbsp;<\/p>\n<hr \/>\n<p>&nbsp;<\/p>\n<p><a class=\"dt-pswp-item\" href=\"https:\/\/www.radiopiu.net\/wordpress\/wp-content\/uploads\/2023\/10\/34f4cfc6-e863-46e9-9695-8df44be63421.jpg\" data-dt-img-description=\"\" data-large_image_width=\"1200\" data-large_image_height=\"1200\"><img loading=\"lazy\" decoding=\"async\" class=\"wp-image-357393 alignleft\" src=\"https:\/\/www.radiopiu.net\/wordpress\/wp-content\/uploads\/2023\/10\/34f4cfc6-e863-46e9-9695-8df44be63421-300x300.jpg\" alt=\"\" width=\"81\" height=\"81\" srcset=\"https:\/\/www.radiopiu.net\/wordpress\/wp-content\/uploads\/2023\/10\/34f4cfc6-e863-46e9-9695-8df44be63421-300x300.jpg 300w, https:\/\/www.radiopiu.net\/wordpress\/wp-content\/uploads\/2023\/10\/34f4cfc6-e863-46e9-9695-8df44be63421-1024x1024.jpg 1024w, https:\/\/www.radiopiu.net\/wordpress\/wp-content\/uploads\/2023\/10\/34f4cfc6-e863-46e9-9695-8df44be63421-150x150.jpg 150w, https:\/\/www.radiopiu.net\/wordpress\/wp-content\/uploads\/2023\/10\/34f4cfc6-e863-46e9-9695-8df44be63421-768x768.jpg 768w, https:\/\/www.radiopiu.net\/wordpress\/wp-content\/uploads\/2023\/10\/34f4cfc6-e863-46e9-9695-8df44be63421.jpg 1200w\" sizes=\"auto, (max-width: 81px) 100vw, 81px\" \/><\/a>OGGI ALLA RADIO: <strong>ALLE 7<\/strong> LA RASSEGNA STAMPA LOCALE FLASH, PER CHI COME NOI ALLE SETTE DEL MATTINO VA DI FRETTA, TANTE NOTIZIE IN POCHE CHIACCHIERE. <strong>ALLE OTTO<\/strong> L&#8217;APPROFONDIMENTO NELLA STORICA RASSEGNA STAMPA LOCALE<\/p>\n<p><strong>ALLE 10-15 E 18-30<\/strong> MUSLA, LE NOVE IN LADIN<\/p>\n<p><strong>ALLE 10.30 E 19.30<\/strong> VOCI RIBELLI, CON LA VOCE NARRANTE DI ALESSIA DALL&#8217;O<\/p>\n<p><strong>ALLE 13.05 20.30<\/strong> LO SPECIALE DI LUISA MANFROI, SEMPRE CONNESSI SECONDA PUNTATA<\/p>\n<p><span style=\"color: #ff0000;\">ALLE 13.20 SPECIALE GIESSE CALCIO 5<\/span><\/p>\n<p><strong>ALLE 16.30<\/strong> LO SPORT,\u00a0 IL CALCIO<\/p>\n<p><span style=\"color: #ff0000;\">GIORNALE RADIO LOCALE:<\/span> 7.00 RASSEGNA STAMPA FLASH 8.00 RASSEGNA STAMPA LOCALE 10.05 GR FLASH 11.05 GR FLASH 12.30 GIORNALE RADIO EDIZIONE PRINCIPALE 14.30 VIABILITA&#8217; 15 METEO 1605 1630 LO SPORT GR FLASH 17 GR FLASH 18 GR FLASH 18.30 L&#8217;APPROFONDIMENTO 19 I TITOLI DAL TG DI ANTENNA 3, CANALE 10 DIGITALE TERRESTRE 20.15 METEO,20.30 APPROFONDIMENTO<\/p>\n<p>&nbsp;<\/p>\n<blockquote>\n<h1>MALTEMPO IN VENETO, 80 INTERVENTI DEI VIGILI DEL FUOCO NELLA NOTTE<\/h1>\n<\/blockquote>\n<p>&nbsp;<\/p>\n<p>Dalle 20 di ieri sera sono stati 80 gli interventi dei vigili del fuoco effettuati per il maltempo che ha interessato le regione, in particolare le province di Belluno, Venezia, Treviso. A Belluno i vigili del fuoco con il supporto dei volontari hanno effettuato 30 interventi per alberi abbattuti, smottamenti e danni d\u2019acqua:<br \/>\nchiuse per smottamenti la via Feltrina al km 45.800 in localit\u00e0 Carpen e la SP251 in localit\u00e0 Soffranco.<br \/>\nIn provincia di Treviso svolti 21 interventi per la rimozione di alberi e rami pericolanti nella zona di Treviso, Silea e Roncade. Da segnalare nel comune di Carbonera il distacco totale della copertura di un capannone agricolo di 300 metri quadrati adibito a ricovero per mezzi agricoli. In corso le verifiche per la messa in sicurezza e le verifiche sui tetti di alcune abitazioni. Sono 17, invece, gli interventi legati al maltempo effettuati nel veneziano per alberi pericolanti e danni d\u2019acqua.<\/p>\n\n\t\t\t<style type='text\/css'>\n\t\t\t\t#gallery-2 {\n\t\t\t\t\tmargin: auto;\n\t\t\t\t}\n\t\t\t\t#gallery-2 .gallery-item {\n\t\t\t\t\tfloat: left;\n\t\t\t\t\tmargin-top: 10px;\n\t\t\t\t\ttext-align: center;\n\t\t\t\t\twidth: 33%;\n\t\t\t\t}\n\t\t\t\t#gallery-2 img {\n\t\t\t\t\tborder: 2px solid #cfcfcf;\n\t\t\t\t}\n\t\t\t\t#gallery-2 .gallery-caption {\n\t\t\t\t\tmargin-left: 0;\n\t\t\t\t}\n\t\t\t\t\/* see gallery_shortcode() in wp-includes\/media.php *\/\n\t\t\t<\/style>\n\t\t<div id='gallery-2' class='dt-gallery-container gallery galleryid-359042 gallery-columns-3 gallery-size-thumbnail'><dl class='gallery-item'>\n\t\t\t\t<dt class='gallery-icon landscape'>\n\t\t\t\t\t<a class=\"rollover rollover-zoom dt-pswp-item\" title=\"2bca70f2-8c2c-4ae9-91be-12317d428508\" data-dt-img-description=\"\" data-large_image_width=\"1600\" data-large_image_height=\"1063\"href='https:\/\/www.radiopiu.net\/wordpress\/wp-content\/uploads\/2023\/10\/2bca70f2-8c2c-4ae9-91be-12317d428508.jpg'><img loading=\"lazy\" decoding=\"async\" width=\"150\" height=\"150\" src=\"https:\/\/www.radiopiu.net\/wordpress\/wp-content\/uploads\/2023\/10\/2bca70f2-8c2c-4ae9-91be-12317d428508-150x150.jpg\" class=\"attachment-thumbnail size-thumbnail\" alt=\"\" \/><\/a>\n\t\t\t\t<\/dt><\/dl><dl class='gallery-item'>\n\t\t\t\t<dt class='gallery-icon portrait'>\n\t\t\t\t\t<a class=\"rollover rollover-zoom dt-pswp-item\" title=\"f8f75b8a-1ef3-4eb0-981f-d324c66ad7e6\" data-dt-img-description=\"\" data-large_image_width=\"576\" data-large_image_height=\"949\"href='https:\/\/www.radiopiu.net\/wordpress\/wp-content\/uploads\/2023\/10\/f8f75b8a-1ef3-4eb0-981f-d324c66ad7e6.jpg'><img loading=\"lazy\" decoding=\"async\" width=\"150\" height=\"150\" src=\"https:\/\/www.radiopiu.net\/wordpress\/wp-content\/uploads\/2023\/10\/f8f75b8a-1ef3-4eb0-981f-d324c66ad7e6-150x150.jpg\" class=\"attachment-thumbnail size-thumbnail\" alt=\"\" \/><\/a>\n\t\t\t\t<\/dt><\/dl><dl class='gallery-item'>\n\t\t\t\t<dt class='gallery-icon portrait'>\n\t\t\t\t\t<a class=\"rollover rollover-zoom dt-pswp-item\" title=\"396722277_736932575130515_986432835339420896_n\" data-dt-img-description=\"\" data-large_image_width=\"900\" data-large_image_height=\"1482\"href='https:\/\/www.radiopiu.net\/wordpress\/wp-content\/uploads\/2023\/10\/396722277_736932575130515_986432835339420896_n-1.jpg'><img loading=\"lazy\" decoding=\"async\" width=\"150\" height=\"150\" src=\"https:\/\/www.radiopiu.net\/wordpress\/wp-content\/uploads\/2023\/10\/396722277_736932575130515_986432835339420896_n-1-150x150.jpg\" class=\"attachment-thumbnail size-thumbnail\" alt=\"\" \/><\/a>\n\t\t\t\t<\/dt><\/dl><br style=\"clear: both\" \/><dl class='gallery-item'>\n\t\t\t\t<dt class='gallery-icon landscape'>\n\t\t\t\t\t<a class=\"rollover rollover-zoom dt-pswp-item\" title=\"383988a4-afb5-42b5-9084-447467850f04\" data-dt-img-description=\"\" data-large_image_width=\"1280\" data-large_image_height=\"576\"href='https:\/\/www.radiopiu.net\/wordpress\/wp-content\/uploads\/2023\/10\/383988a4-afb5-42b5-9084-447467850f04.jpg'><img loading=\"lazy\" decoding=\"async\" width=\"150\" height=\"150\" src=\"https:\/\/www.radiopiu.net\/wordpress\/wp-content\/uploads\/2023\/10\/383988a4-afb5-42b5-9084-447467850f04-150x150.jpg\" class=\"attachment-thumbnail size-thumbnail\" alt=\"\" \/><\/a>\n\t\t\t\t<\/dt><\/dl><dl class='gallery-item'>\n\t\t\t\t<dt class='gallery-icon portrait'>\n\t\t\t\t\t<a class=\"rollover rollover-zoom dt-pswp-item\" title=\"d7938afa-175e-4161-aac4-3d52274887e6\" data-dt-img-description=\"\" data-large_image_width=\"720\" data-large_image_height=\"1125\"href='https:\/\/www.radiopiu.net\/wordpress\/wp-content\/uploads\/2023\/10\/d7938afa-175e-4161-aac4-3d52274887e6.jpg'><img loading=\"lazy\" decoding=\"async\" width=\"150\" height=\"150\" src=\"https:\/\/www.radiopiu.net\/wordpress\/wp-content\/uploads\/2023\/10\/d7938afa-175e-4161-aac4-3d52274887e6-150x150.jpg\" class=\"attachment-thumbnail size-thumbnail\" alt=\"\" \/><\/a>\n\t\t\t\t<\/dt><\/dl>\n\t\t\t\t<br style='clear: both' \/>\n\t\t\t<\/div>\n\n<p>&nbsp;<\/p>\n<p>&nbsp;<\/p>\n<p>&nbsp;<\/p>\n<hr \/>\n<p>&nbsp;<\/p>\n<blockquote>\n<h3 class=\"entry-title\">AVVISO DI CRITICITA\u2019 IDROGEOLOGICA E IDRAULICA<\/h3>\n<\/blockquote>\n<p><img loading=\"lazy\" decoding=\"async\" class=\" wp-image-359153 alignleft\" src=\"https:\/\/www.radiopiu.net\/wordpress\/wp-content\/uploads\/2023\/10\/d5908d55-08e3-456a-be88-8b58bac59c42-300x159.jpg\" alt=\"\" width=\"208\" height=\"110\" srcset=\"https:\/\/www.radiopiu.net\/wordpress\/wp-content\/uploads\/2023\/10\/d5908d55-08e3-456a-be88-8b58bac59c42-300x159.jpg 300w, https:\/\/www.radiopiu.net\/wordpress\/wp-content\/uploads\/2023\/10\/d5908d55-08e3-456a-be88-8b58bac59c42-1024x542.jpg 1024w, https:\/\/www.radiopiu.net\/wordpress\/wp-content\/uploads\/2023\/10\/d5908d55-08e3-456a-be88-8b58bac59c42-768x407.jpg 768w, https:\/\/www.radiopiu.net\/wordpress\/wp-content\/uploads\/2023\/10\/d5908d55-08e3-456a-be88-8b58bac59c42.jpg 1080w\" sizes=\"auto, (max-width: 208px) 100vw, 208px\" \/><strong>VENEZIA<\/strong> Il Meteo regionale segnala il passaggio di una significativa perturbazione, associata ad un intenso flusso umido meridionale, che interesser\u00e0 il Veneto fino alla prima parte di oggi. La fase pi\u00f9 intensa sar\u00e0 fino le prime ore di oggi, con precipitazioni diffuse e persistenti specie sulle zone centro settentrionali, anche a carattere di forte rovescio o temporale. Sono previste precipitazioni abbondanti sulle zone centro settentrionali e, localmente, anche molto abbondanti su zone montane e pedemontane. I venti subiranno un rinforzo dai quadranti meridionali fino a risultare a tratti forti in quota, sulla costa (specie centro settentrionale) e la pianura limitrofa. Nelle ore centrali di oggi ruoteranno da quelli occidentali, ancora con qualche rinforzo.<\/p>\n<p><strong>SCUOLE CHIUSE IN VAL DI ZOLDO <\/strong>ordinanza emessa dal sindaco Camillo De Pellegrin. Nessun&#8217;altra decisione \u00e8 stata presa in questo senso, anche se le giunte di Belluno e Feltre si sono riunite per valutare la situazione.<\/p>\n<div id=\"articleContent\" class=\"mercuryWrapper\">\n<div class=\"mercuryScroller\">\n<div class=\"mercuryElement\">\n<div class=\"mercuryBox\">\n<div id=\"articlePlain\">\n<div class=\"articlePlainText\"><strong>IERI SERA<\/strong> nel territorio di Gosaldo sono caduti dei rami di albero in strada, che hanno mobilitato l&#8217;intervento dei vigili. Stessa situazioni tra Agordo e Belluno lungo la regionale 203 agordina In serata chiuso il sottopasso da Caupo ad aArten chiuso perch\u00e9 allagato.<\/div>\n<div><\/div>\n<\/div>\n<div class=\"articlePlainText\"><strong>RIAPRONO I COC<\/strong> Alcuni comuni hanno deciso di aprire il centro operativo comunale per monitorare la situazione. Da ieri sera Coc aperti a Borgo Valbelluna, Taibon, Agordo, Longarone, Soverzene, Alpago, Voltago, Ponte delle Alpi, Auronzo, Feltre, Lamon e Valle di Cadore.<\/div>\n<\/div>\n<\/div>\n<\/div>\n<div><\/div>\n<div><strong>AD AURONZO\u00a0<\/strong>sotto osservazione\u00a0 la strada delle Tre Cime, dove fino a ieri sera non si erano verificate emergenze. La sua chiusura, per\u00f2, sar\u00e0 valutata giorno per giorno in base alle condizioni meteo e all&#8217;evoluzione del maltempo<\/div>\n<\/div>\n<div><strong>\u00a0<\/strong><\/div>\n<div><strong>PAURA DEI SASSI\u00a0<\/strong> Attenzionata la Provinciale tra Longarone e la val di Zoldo, per il timore di caduta sassi.<\/div>\n<div id=\"articleContent\" class=\"mercuryWrapper\">\n<div class=\"mercuryScroller\">\n<div class=\"mercuryElement\">\n<div class=\"mercuryBox\">\n<div id=\"articlePlain\">\n<div class=\"articlePlainText\"><\/div>\n<\/div>\n<\/div>\n<\/div>\n<\/div>\n<\/div>\n<p><strong>LONGARONE<\/strong> Frana verso Soffrano della Val di Zoldo. Si passa a una corsa.<\/p>\n<p>&nbsp;<\/p>\n\n\t\t\t<style type='text\/css'>\n\t\t\t\t#gallery-3 {\n\t\t\t\t\tmargin: auto;\n\t\t\t\t}\n\t\t\t\t#gallery-3 .gallery-item {\n\t\t\t\t\tfloat: left;\n\t\t\t\t\tmargin-top: 10px;\n\t\t\t\t\ttext-align: center;\n\t\t\t\t\twidth: 100%;\n\t\t\t\t}\n\t\t\t\t#gallery-3 img {\n\t\t\t\t\tborder: 2px solid #cfcfcf;\n\t\t\t\t}\n\t\t\t\t#gallery-3 .gallery-caption {\n\t\t\t\t\tmargin-left: 0;\n\t\t\t\t}\n\t\t\t\t\/* see gallery_shortcode() in wp-includes\/media.php *\/\n\t\t\t<\/style>\n\t\t<div id='gallery-3' class='dt-gallery-container gallery galleryid-359042 gallery-columns-1 gallery-size-thumbnail'><dl class='gallery-item'>\n\t\t\t\t<dt class='gallery-icon portrait'>\n\t\t\t\t\t<a class=\"rollover rollover-zoom dt-pswp-item\" title=\"396722277_736932575130515_986432835339420896_n\" data-dt-img-description=\"\" data-large_image_width=\"900\" data-large_image_height=\"1482\"href='https:\/\/www.radiopiu.net\/wordpress\/wp-content\/uploads\/2023\/10\/396722277_736932575130515_986432835339420896_n.jpg'><img loading=\"lazy\" decoding=\"async\" width=\"150\" height=\"150\" src=\"https:\/\/www.radiopiu.net\/wordpress\/wp-content\/uploads\/2023\/10\/396722277_736932575130515_986432835339420896_n-150x150.jpg\" class=\"attachment-thumbnail size-thumbnail\" alt=\"\" \/><\/a>\n\t\t\t\t<\/dt><\/dl><br style=\"clear: both\" \/>\n\t\t\t<\/div>\n\n<p>&nbsp;<\/p>\n<p>&nbsp;<\/p>\n<p>&nbsp;<\/p>\n<p>&nbsp;<\/p>\n<p><strong>FELTRE<\/strong> Crolla i muro sulla panoramica, chiusa. \u00c8 chiuso il tratto di &#x1f449;VIA PANORAMICA, tra l&#8217;immissione da via Trevigiana e l&#8217;incrocio con via Cavour, a seguito del cedimento del muro di contenimento a monte della carreggiata.<\/p>\n\n\t\t\t<style type='text\/css'>\n\t\t\t\t#gallery-4 {\n\t\t\t\t\tmargin: auto;\n\t\t\t\t}\n\t\t\t\t#gallery-4 .gallery-item {\n\t\t\t\t\tfloat: left;\n\t\t\t\t\tmargin-top: 10px;\n\t\t\t\t\ttext-align: center;\n\t\t\t\t\twidth: 100%;\n\t\t\t\t}\n\t\t\t\t#gallery-4 img {\n\t\t\t\t\tborder: 2px solid #cfcfcf;\n\t\t\t\t}\n\t\t\t\t#gallery-4 .gallery-caption {\n\t\t\t\t\tmargin-left: 0;\n\t\t\t\t}\n\t\t\t\t\/* see gallery_shortcode() in wp-includes\/media.php *\/\n\t\t\t<\/style>\n\t\t<div id='gallery-4' class='dt-gallery-container gallery galleryid-359042 gallery-columns-1 gallery-size-thumbnail'><dl class='gallery-item'>\n\t\t\t\t<dt class='gallery-icon portrait'>\n\t\t\t\t\t<a class=\"rollover rollover-zoom dt-pswp-item\" title=\"790cc4ed-c001-4470-986f-208b88b39e56\" data-dt-img-description=\"\" data-large_image_width=\"871\" data-large_image_height=\"1268\"href='https:\/\/www.radiopiu.net\/wordpress\/wp-content\/uploads\/2023\/10\/790cc4ed-c001-4470-986f-208b88b39e56.jpg'><img loading=\"lazy\" decoding=\"async\" width=\"150\" height=\"150\" src=\"https:\/\/www.radiopiu.net\/wordpress\/wp-content\/uploads\/2023\/10\/790cc4ed-c001-4470-986f-208b88b39e56-150x150.jpg\" class=\"attachment-thumbnail size-thumbnail\" alt=\"\" \/><\/a>\n\t\t\t\t<\/dt><\/dl><br style=\"clear: both\" \/>\n\t\t\t<\/div>\n\n<p>&nbsp;<\/p>\n<hr \/>\n<p>&nbsp;<\/p>\n<blockquote>\n<h3>ALLERTA ROSSA IN TRE BACINI DEL VENETO. ZAIA: \u201cPROTEZIONE CIVILE ATTIVATA, HO RICHIESTO LA MASSIMA ATTENZIONE PER LE PROSSIME ORE\u201d<\/h3>\n<\/blockquote>\n<p><strong><a class=\"dt-pswp-item\" href=\"https:\/\/www.radiopiu.net\/wordpress\/wp-content\/uploads\/2020\/06\/FULMINE-METEO-MALTEMPO.jpg\" data-dt-img-description=\"\" data-large_image_width=\"1920\" data-large_image_height=\"1271\"><img loading=\"lazy\" decoding=\"async\" class=\" wp-image-142852 alignleft\" src=\"https:\/\/www.radiopiu.net\/wordpress\/wp-content\/uploads\/2020\/06\/FULMINE-METEO-MALTEMPO-300x199.jpg\" alt=\"\" width=\"160\" height=\"106\" srcset=\"https:\/\/www.radiopiu.net\/wordpress\/wp-content\/uploads\/2020\/06\/FULMINE-METEO-MALTEMPO-300x199.jpg 300w, https:\/\/www.radiopiu.net\/wordpress\/wp-content\/uploads\/2020\/06\/FULMINE-METEO-MALTEMPO-1024x678.jpg 1024w, https:\/\/www.radiopiu.net\/wordpress\/wp-content\/uploads\/2020\/06\/FULMINE-METEO-MALTEMPO-768x508.jpg 768w, https:\/\/www.radiopiu.net\/wordpress\/wp-content\/uploads\/2020\/06\/FULMINE-METEO-MALTEMPO-1536x1017.jpg 1536w, https:\/\/www.radiopiu.net\/wordpress\/wp-content\/uploads\/2020\/06\/FULMINE-METEO-MALTEMPO.jpg 1920w\" sizes=\"auto, (max-width: 160px) 100vw, 160px\" \/><\/a>VENEZIA <\/strong><em>\u201cNel tardo pomeriggio di ieri, analizzati gli ultimi bollettini meteo e gli avvisi di criticit\u00e0 idrogeologica e idraulica, abbiamo fatto il punto con le strutture della Protezione Civile regionale e l\u2019assessore Gianpaolo Bottacin, che sta seguendo direttamente l\u2019evolversi del maltempo. Ci aspettano ore dove sono previsti dagli esperti fenomeni che tenderanno a divenire pi\u00f9 persistenti, specie sulle zone centrosettentrionali della nostra regione. Avremo con ogni probabilit\u00e0 forti rovesci e locali temporali&#8221;.<\/em><\/p>\n<p>Sono le parole del Presidente della Regione Veneto Luca Zaia, commentando l\u2019avvicinarsi di fenomeni intensi di maltempo per i quali \u00e8 stata dichiarata l\u2019allerta meteo rossa, valevole fino alla mezzanotte<\/p>\n<p>&nbsp;<\/p>\n<hr \/>\n<p>&nbsp;<\/p>\n<p>&nbsp;<\/p>\n<blockquote>\n<h3>ULTIM&#8217;ORA: CHIUSA LA 348 FELTRINA<\/h3>\n<\/blockquote>\n<p><img decoding=\"async\" class=\"alignleft\" src=\"https:\/\/www.radiopiu.net\/wordpress\/wp-content\/uploads\/2023\/10\/Senza-nome-93.png\" \/> <strong>Situazione strade provinciali e regionali in Provincia di Belluno in gestione a<\/strong><br \/>\nVeneto Strade S.p.A. nel Bellunese.<\/p>\n<p><strong>Aggiornamento del 31\/10\/2023 ore 5:00.<\/strong><\/p>\n<p>chiusura del seguente tratto stradale per smottamento: &#8211; S.R. 348 \u201cFeltrina\u201d al km 45+300 (loc. Carpen<\/p>\n<p>&nbsp;<\/p>\n<p>&nbsp;<\/p>\n<p>&nbsp;<\/p>\n<hr \/>\n<p>&nbsp;<\/p>\n<p><strong>203 AGORDINA TRA ALLEGHE E SANTA MARIA DELLE GRAZIE&#8230; PRUDENZA MATERIALE IN STRADA, GIA&#8217; RIPULITA\u00a0<\/strong><\/p>\n<p><strong>Attenzione Mas di Vallada Agordina direzione Cencenighe prima della galleria delle anime detriti in strada dovuti alla cascata di acqua<\/strong><\/p>\n<p><a class=\"dt-pswp-item\" href=\"https:\/\/www.radiopiu.net\/wordpress\/wp-content\/uploads\/2023\/10\/ALLEGHE.png\" data-dt-img-description=\"\" data-large_image_width=\"402\" data-large_image_height=\"267\"><img loading=\"lazy\" decoding=\"async\" class=\"size-medium wp-image-359273 aligncenter\" src=\"https:\/\/www.radiopiu.net\/wordpress\/wp-content\/uploads\/2023\/10\/ALLEGHE-300x199.png\" alt=\"\" width=\"300\" height=\"199\" srcset=\"https:\/\/www.radiopiu.net\/wordpress\/wp-content\/uploads\/2023\/10\/ALLEGHE-300x199.png 300w, https:\/\/www.radiopiu.net\/wordpress\/wp-content\/uploads\/2023\/10\/ALLEGHE.png 402w\" sizes=\"auto, (max-width: 300px) 100vw, 300px\" \/><\/a><\/p>\n<p>&nbsp;<\/p>\n<p>&nbsp;<\/p>\n<p>&nbsp;<\/p>\n<hr \/>\n<p>&nbsp;<\/p>\n<div class=\"page-title-head hgroup\">\n<blockquote>\n<h3 class=\"entry-title\">TEMPORANEAMENTE CHIUSA AL TRAFFICO LA STATALE 51 \u201cDI ALEMAGNA\u201d A FADALTO<\/h3>\n<\/blockquote>\n<\/div>\n<div class=\"page-title-breadcrumbs\"><img loading=\"lazy\" decoding=\"async\" class=\"alignleft\" src=\"https:\/\/www.radiopiu.net\/wordpress\/wp-content\/uploads\/2021\/06\/anas.png\" width=\"154\" height=\"87\" \/><\/div>\n<p><strong>VENEZIA <\/strong>A causa delle intense precipitazioni che stanno interessando il territorio regionale, la statale 51 \u201cdi Alemagna\u201d \u00e8 provvisoriamente chiusa a Fadalto, nel Comune di Vittorio Veneto, in provincia di Treviso. La chiusura si \u00e8 resa necessaria in via precauzionale in considerazione dell\u2019attivazione del sistema di monitoraggio installato sul versante che ha registrato il superamento della soglia pluviometrica. Il personale Anas \u00e8 sul posto per le verifiche e il monitoraggio del fronte della frana storica a monte della statale. La chiusura rester\u00e0 in vigore fino a cessata esigenza.<\/p>\n<p>&nbsp;<\/p>\n<p>&nbsp;<\/p>\n<hr \/>\n<blockquote>\n<h3><\/h3>\n<h3>CHIUSA LA STRADA PER LA VAL CORPASSA E A COL DI PRA<\/h3>\n<\/blockquote>\n<p><img loading=\"lazy\" decoding=\"async\" class=\"alignleft\" src=\"https:\/\/www.radiopiu.net\/wordpress\/wp-content\/uploads\/2023\/10\/396035079_353748677218822_7367137669861214209_n.jpg\" width=\"132\" height=\"176\" \/><strong>TAIBON<\/strong> In seguito all&#8217; avviso di condizioni meteo avverse per precipitazioni diffuse, da consistenti a localmente molto abbondanti a titolo precauzionale e per ragioni di sicurezza ed incolumit\u00e0 pubblica, si rende necessaria la chiusura della viabilit\u00e0 nelle seguenti localit\u00e0: &#8211; Starda Comunale di Col di Pr\u00e0 nel tratto compreso tra Localit\u00e0 \u201cPrombianch\u201d e la frazione di Col di Pr\u00e0; &#8211; Strada Comunale Val Corpassa nel tratto compreso dal bivio nord (ex campo di ghiaccio) in prossimit\u00e0 dell&#8217;abitato di Listolade fino a Capanna Trieste.<\/p>\n<p>Ieri sera alle 18.30 , \u00e8 stata disposta l\u2019attivazione del Centro Operativo Comunale (C.O.C.), presso la Sede Municipale \u2013 Sala Giunta &#8211; Criticit\u00e0: avverse condizioni meteorologiche, per far fronte alle esigenze necessarie a garantire un\u2019adeguata assistenza e informazione alla popolazione e presso il quale il personale<br \/>\nche dovessero intervenire, potesse stazionare e coordinare gli interventi da effettuare.<\/p>\n<p>&nbsp;<\/p>\n<p>&nbsp;<\/p>\n<hr \/>\n<p>&nbsp;<\/p>\n<blockquote>\n<h3>URTATA DA MULETTO, DONNA IN OSPEDALE<\/h3>\n<\/blockquote>\n<p>&nbsp;<\/p>\n<p><img loading=\"lazy\" decoding=\"async\" class=\"alignleft\" src=\"https:\/\/www.radiopiu.net\/wordpress\/wp-content\/uploads\/2019\/02\/ospedale-di-feltre.jpeg\" width=\"124\" height=\"88\" \/><strong>PEDAVENA<\/strong> Fortunatamente le sue condizioni non sono gravi, la donna, 26 anni \u00e8 stata portata in ospedale al Santa Maria del Prato di Feltre con ferite leggere. L&#8217;incidente ieri mattina, la donna \u00e8 stata urtata da un muletto. Sul posto il personale del Pronto Soccorso dell&#8217;Ospedale di Feltre.<\/p>\n<p>&nbsp;<\/p>\n<blockquote>\n<h3>FURGONE FUORI STRADA<\/h3>\n<\/blockquote>\n<p><strong>LIMANA<\/strong>\u00a0 Ieri sera nerso le 21.30, a causa della strada resa pericolosa della pioggia, un furgone \u00e8 uscito di strada a La Cal di Limana, fortunatamente senza conseguenze per l&#8217;autista. \u2014<\/p>\n<p>&nbsp;<\/p>\n<hr \/>\n<p>&nbsp;<\/p>\n<blockquote>\n<h3>VIOLENZA E STALKING ALLA MOGLIE, I CARABINIERI FANNO SCATTARE LE MANETTE<\/h3>\n<\/blockquote>\n<div class=\"flex flex-grow flex-col gap-3 max-w-full\">\n<div class=\"min-h-[20px] flex flex-col items-start gap-3 whitespace-pre-wrap break-words overflow-x-auto\" data-message-author-role=\"assistant\" data-message-id=\"c37d0eeb-25d8-4676-a07e-0d553dcfedef\">\n<div class=\"markdown prose w-full break-words dark:prose-invert dark\">\n<div class=\"flex flex-grow flex-col gap-3 max-w-full\">\n<div class=\"min-h-[20px] flex flex-col items-start gap-3 whitespace-pre-wrap break-words overflow-x-auto\" data-message-author-role=\"assistant\" data-message-id=\"c37d0eeb-25d8-4676-a07e-0d553dcfedef\">\n<div class=\"markdown prose w-full break-words dark:prose-invert dark\">\n<blockquote><p><em>La denuncia della donna ha portato all&#8217;arresto dell&#8217;ex marito da parte dei carabinieri della Compagnia di Feltre nel fine settimana precedente.<\/em><\/p><\/blockquote>\n<\/div>\n<\/div>\n<\/div>\n<div class=\"flex justify-between empty:hidden gizmo:justify-start gizmo:gap-3 lg:block gizmo:lg:flex\">\n<div class=\"text-gray-400 flex self-end lg:self-center justify-center gizmo:lg:justify-start mt-2 gizmo:mt-0 visible lg:gap-1 lg:absolute lg:top-0 lg:translate-x-full lg:right-0 lg:mt-0 lg:pl-2 gap-2 md:gap-3\"><\/div>\n<\/div>\n<p><strong><img loading=\"lazy\" decoding=\"async\" class=\"alignleft\" src=\"https:\/\/www.radiopiu.net\/wordpress\/wp-content\/uploads\/2018\/08\/violenza-donne.jpg\" width=\"247\" height=\"148\" \/>BELLUNO<\/strong> L&#8217;articolo di Gigi Sosso, oggi\u00a0 sul Corriere delle Alpi,\u00a0 riporta una denuncia presentata da una donna nei confronti del suo ex-marito, che \u00e8 stato arrestato dai carabinieri residente a Feltre e portato nel carcere di Baldenich. La donna ha accusato l&#8217;ex marito di maltrattamenti, stalking, violenza sessuale e tentata estorsione, quest&#8217;ultima in collaborazione con la sua nuova fidanzata. L&#8217;indagato, assistito dall&#8217;avvocato Paolo Serrangeli, ha fornito una versione completamente diversa dei fatti durante l&#8217;interrogatorio di garanzia condotto dal giudice Enrica Marson e dal pm Roberta Gallego. L&#8217;avvocato Serrangeli sta considerando la possibilit\u00e0 di richiedere una misura alternativa alla detenzione, come gli arresti domiciliari presso la sorella dell&#8217;indagato, a condizione che la donna sia d&#8217;accordo. Al momento, l&#8217;indagato rimane in custodia, poich\u00e9 le accuse sono molto gravi e coprono un periodo che va da ottobre 2022 fino ad agosto dell&#8217;anno in corso. I maltrattamenti contestati sarebbero avvenuti durante il periodo in cui i due erano conviventi. L&#8217;uomo avrebbe insultato e maltrattato la donna, facendola sbattere contro i termosifoni e minacciandola con una pistola non regolarmente detenuta. Diverse accuse di violenza sessuale sono state presentate, tra cui rapporti sessuali forzati contro la sua volont\u00e0. Infine, \u00e8 stata contestata una tentata estorsione, in cui l&#8217;ex-marito e la sua nuova compagna avrebbero minacciato la vittima e cercato di strapparle il cellulare.<\/p>\n<\/div>\n<\/div>\n<\/div>\n<div class=\"flex justify-between empty:hidden gizmo:justify-start gizmo:gap-3 lg:block gizmo:lg:flex\">\n<div class=\"text-gray-400 flex self-end lg:self-center justify-center gizmo:lg:justify-start mt-2 gizmo:mt-0 visible lg:gap-1 lg:absolute lg:top-0 lg:translate-x-full lg:right-0 lg:mt-0 lg:pl-2 gap-2 md:gap-3\"><\/div>\n<div><\/div>\n<div>\n<hr \/>\n<\/div>\n<blockquote>\n<h3 style=\"text-align: left;\">CITTADINI INVIPERITI, SCRIVONO AL PREFETTO, MA RIMANGONO IN CODA.<\/h3>\n<div><em>La popolazione \u00e8 preoccupata per la mancanza di informazioni sulla sicurezza dei cittadini e sulla viabilit\u00e0 interna al paese.<\/em><\/div>\n<\/blockquote>\n<div><strong><a class=\"dt-pswp-item\" href=\"https:\/\/www.radiopiu.net\/wordpress\/wp-content\/uploads\/2023\/10\/395550048_24216384881310544_8963558618760906238_n.jpg\" data-dt-img-description=\"\" data-large_image_width=\"504\" data-large_image_height=\"600\"><img loading=\"lazy\" decoding=\"async\" class=\"size-medium wp-image-359258 alignleft\" src=\"https:\/\/www.radiopiu.net\/wordpress\/wp-content\/uploads\/2023\/10\/395550048_24216384881310544_8963558618760906238_n-252x300.jpg\" alt=\"\" width=\"252\" height=\"300\" srcset=\"https:\/\/www.radiopiu.net\/wordpress\/wp-content\/uploads\/2023\/10\/395550048_24216384881310544_8963558618760906238_n-252x300.jpg 252w, https:\/\/www.radiopiu.net\/wordpress\/wp-content\/uploads\/2023\/10\/395550048_24216384881310544_8963558618760906238_n.jpg 504w\" sizes=\"auto, (max-width: 252px) 100vw, 252px\" \/><\/a>SANTA GIUSTINA\u00a0 <\/strong>I cittadini scrivono alla Prefettura per denunciare il caos del traffico nella citt\u00e0. Lunghe code si sono formate sulla statale 50 e in via Nazionale ogni volta che il passaggio a livello di Formegan \u00e8 chiuso, e la situazione \u00e8 destinata a peggiorare finch\u00e9 i lavori al cavalcavia non saranno completati. Tuttavia, da giorni non si vedono operai al lavoro sul cantiere e i suggerimenti di Anas sembrano insufficienti a risolvere i problemi derivanti dalla chiusura delle barriere ferroviarie. I commercianti locali segnalano una diminuzione dei clienti.<\/div>\n<div>\n<div class=\"flex-1 overflow-hidden\">\n<div class=\"react-scroll-to-bottom--css-btfrr-79elbk h-full\">\n<div class=\"react-scroll-to-bottom--css-btfrr-1n7m0yu\">\n<div class=\"flex flex-col text-sm gizmo:pb-9 dark:bg-gray-800 gizmo:dark:bg-transparent\">\n<div class=\"relative\">\n<div class=\"absolute left-1\/2 top-0 mt-2 flex w-10\/12 -translate-x-1\/2 items-start justify-center sm:mt-[6px]\">\n<div data-projection-id=\"47\">\n<div class=\"flex items-center justify-center gap-4 text-sm text-gray-500\">\n<div class=\"flex items-center gap-1\"><\/div>\n<\/div>\n<\/div>\n<\/div>\n<\/div>\n<\/div>\n<\/div>\n<\/div>\n<\/div>\n<div class=\"w-full pt-2 md:pt-0 border-t md:border-t-0 dark:border-white\/20 md:border-transparent md:dark:border-transparent md:pl-2 gizmo:pl-0 gizmo:md:pl-0 md:w-[calc(100%-.5rem)] absolute bottom-0 left-0 md:bg-vert-light-gradient bg-white dark:bg-gray-800 md:!bg-transparent dark:md:bg-vert-dark-gradient\">\n<form class=\"stretch mx-2 flex flex-row gap-3 last:mb-2 md:mx-4 md:last:mb-6 lg:mx-auto lg:max-w-2xl xl:max-w-3xl\">\n<div class=\"relative flex h-full flex-1 items-stretch md:flex-col\">\n<div>\n<div class=\"h-full flex ml-1 md:w-full md:m-auto md:mb-4 gap-0 md:gap-2 justify-center\"><\/div>\n<\/div>\n<\/div>\n<\/form>\n<\/div>\n<\/div>\n<div>\n<div class=\"x11i5rnm xat24cr x1mh8g0r x1vvkbs xtlvy1s x126k92a\">\n<div dir=\"auto\"><\/div>\n<div dir=\"auto\"><\/div>\n<div dir=\"auto\"><strong>LA LETTERA<\/strong><\/div>\n<div dir=\"auto\">Scrivo a nome degli abitanti di Formegan per la situazione creatasi negli ultimi giorni nel nostro paese con il preannunciato avvio della tratta ferroviaria Belluno Feltre e la chiusura del cavalcavia oramai da qualche settimana. Mi permetto di portare il malumore generale dopo , che la ditta incaricata all esecuzione dei lavori sul cavalcavia ha abbandonato il cantiere e la conseguente incertezza sul termine dei lavori di messa in sicurezza del sovrapasso ferroviario. In considerazione della situazione creatasi credo opportuno che la popolazione sia messa al corrente di cosa succeder\u00e0 da qui in avanti non essendoci informazioni tali da garantire la sicurezza dei cittadini , a tutti o livelli , oltre alla corretta viabilit\u00e0 interna al paese gi\u00e0 provata in queste settimane.<\/div>\n<\/div>\n<div class=\"x11i5rnm xat24cr x1mh8g0r x1vvkbs xtlvy1s x126k92a\">\n<div dir=\"auto\">Chiedo , a nome dei cittadini quindi un confronto a BREVE con le pi\u00f9 altre cariche istituzionali della Provincia ( Il Prefetto ) il Sindaco di Santa Giustina e ANAS per illustrare tempistiche e accorgimenti per rendere partecipe la popolazione della situazione creatasi.<\/div>\n<div dir=\"auto\"><\/div>\n<\/div>\n<div class=\"x11i5rnm xat24cr x1mh8g0r x1vvkbs xtlvy1s x126k92a\">\n<div dir=\"auto\">Orazio Zanin<\/div>\n<div dir=\"auto\">Cittadino di Santa Giustina e abitante a Formegan<\/div>\n<\/div>\n<\/div>\n<div><\/div>\n<div><\/div>\n<div><\/div>\n<div>\n<hr \/>\n<\/div>\n<div><\/div>\n<div>\n<blockquote>\n<h3>TELEDIALISI: LA TECNOLOGIA ABBATTE LE DISTANZE<\/h3>\n<\/blockquote>\n<p><strong>BELLUNO <\/strong>In Ulss Dolomiti sono stati attivati due sistemi per monitorare a distanza i pazienti in dialisi, riducendo le distanze e i tempi. Nei centri dialisi di Agordo e Pieve di Cadore sono stati installati dei sistemi video ad alta definizione e audio attraverso i quali il medico, da Belluno, pu\u00f2 interagire con i pazienti e gli infermieri come fosse in presenza. Un sistema di telemonitoraggio, inoltre, rileva e trasmette i parametri vitali necessari. Un gruppo di pazienti in dialisi peritoneale domiciliare, inoltre, \u00e8 stato dotato di dispositivi di auto rilevazione (bilancia, saturimetro, termometro, misuratore di pressione etc) dei parametri vitali che vengono automaticamente inseriti in una APP e trasmessi al medico in modo che possa monitorare in tempo reale i dati ed eventualmente tarare la terapia. In ulss Dolomiti i pazienti in dialisi sono circa 100, a questi si aggiungono i pazienti che usufruiscono dei centri dialisi delle dolomiti duranti le vacanze.<\/p>\n\n\t\t\t<style type='text\/css'>\n\t\t\t\t#gallery-5 {\n\t\t\t\t\tmargin: auto;\n\t\t\t\t}\n\t\t\t\t#gallery-5 .gallery-item {\n\t\t\t\t\tfloat: left;\n\t\t\t\t\tmargin-top: 10px;\n\t\t\t\t\ttext-align: center;\n\t\t\t\t\twidth: 50%;\n\t\t\t\t}\n\t\t\t\t#gallery-5 img {\n\t\t\t\t\tborder: 2px solid #cfcfcf;\n\t\t\t\t}\n\t\t\t\t#gallery-5 .gallery-caption {\n\t\t\t\t\tmargin-left: 0;\n\t\t\t\t}\n\t\t\t\t\/* see gallery_shortcode() in wp-includes\/media.php *\/\n\t\t\t<\/style>\n\t\t<div id='gallery-5' class='dt-gallery-container gallery galleryid-359042 gallery-columns-2 gallery-size-medium'><dl class='gallery-item'>\n\t\t\t\t<dt class='gallery-icon landscape'>\n\t\t\t\t\t<a class=\"rollover rollover-zoom dt-pswp-item\" title=\"WhatsApp Image 2023-10-30 at 18.32.17\" data-dt-img-description=\"\" data-large_image_width=\"2040\" data-large_image_height=\"1530\"href='https:\/\/www.radiopiu.net\/wordpress\/wp-content\/uploads\/2023\/10\/WhatsApp-Image-2023-10-30-at-18.32.17.jpeg'><img loading=\"lazy\" decoding=\"async\" width=\"300\" height=\"225\" src=\"https:\/\/www.radiopiu.net\/wordpress\/wp-content\/uploads\/2023\/10\/WhatsApp-Image-2023-10-30-at-18.32.17-300x225.jpeg\" class=\"attachment-medium size-medium\" alt=\"\" srcset=\"https:\/\/www.radiopiu.net\/wordpress\/wp-content\/uploads\/2023\/10\/WhatsApp-Image-2023-10-30-at-18.32.17-300x225.jpeg 300w, https:\/\/www.radiopiu.net\/wordpress\/wp-content\/uploads\/2023\/10\/WhatsApp-Image-2023-10-30-at-18.32.17-1024x768.jpeg 1024w, https:\/\/www.radiopiu.net\/wordpress\/wp-content\/uploads\/2023\/10\/WhatsApp-Image-2023-10-30-at-18.32.17-768x576.jpeg 768w, https:\/\/www.radiopiu.net\/wordpress\/wp-content\/uploads\/2023\/10\/WhatsApp-Image-2023-10-30-at-18.32.17-1536x1152.jpeg 1536w, https:\/\/www.radiopiu.net\/wordpress\/wp-content\/uploads\/2023\/10\/WhatsApp-Image-2023-10-30-at-18.32.17.jpeg 2040w\" sizes=\"auto, (max-width: 300px) 100vw, 300px\" \/><\/a>\n\t\t\t\t<\/dt><\/dl><dl class='gallery-item'>\n\t\t\t\t<dt class='gallery-icon landscape'>\n\t\t\t\t\t<a class=\"rollover rollover-zoom dt-pswp-item\" title=\"teledialisi\" data-dt-img-description=\"\" data-large_image_width=\"1670\" data-large_image_height=\"673\"href='https:\/\/www.radiopiu.net\/wordpress\/wp-content\/uploads\/2023\/10\/teledialisi.png'><img loading=\"lazy\" decoding=\"async\" width=\"300\" height=\"121\" src=\"https:\/\/www.radiopiu.net\/wordpress\/wp-content\/uploads\/2023\/10\/teledialisi-300x121.png\" class=\"attachment-medium size-medium\" alt=\"\" srcset=\"https:\/\/www.radiopiu.net\/wordpress\/wp-content\/uploads\/2023\/10\/teledialisi-300x121.png 300w, https:\/\/www.radiopiu.net\/wordpress\/wp-content\/uploads\/2023\/10\/teledialisi-1024x413.png 1024w, https:\/\/www.radiopiu.net\/wordpress\/wp-content\/uploads\/2023\/10\/teledialisi-768x309.png 768w, https:\/\/www.radiopiu.net\/wordpress\/wp-content\/uploads\/2023\/10\/teledialisi-1536x619.png 1536w, https:\/\/www.radiopiu.net\/wordpress\/wp-content\/uploads\/2023\/10\/teledialisi.png 1670w\" sizes=\"auto, (max-width: 300px) 100vw, 300px\" \/><\/a>\n\t\t\t\t<\/dt><\/dl><br style=\"clear: both\" \/>\n\t\t\t<\/div>\n\n<p><strong>IERI SERA, TG DI ANTENNA 3, DI TIZIANA BOLOGNANI, OGNI SERA ALLE 19-05 LE ANTICIPAZIONI ALLA RADIO PIU&#8217;, ANTENNA3: CANALE 10 DIGITALE TERRESTRE, IL TG DEI BELLUNESI E LE DIRETTE DAL TERRITORIO<\/strong><\/p>\n<p><iframe loading=\"lazy\" title=\"LA TELEMEDICINA A SERVIZIO DEI DIALIZZATI: \u00abSAN MARTINO APRIPISTA IN VENETO\u00bb | 30\/10\/2023\" width=\"1200\" height=\"675\" src=\"https:\/\/www.youtube.com\/embed\/fHvWtr6U6A0?start=51&#038;feature=oembed\" frameborder=\"0\" allow=\"accelerometer; autoplay; clipboard-write; encrypted-media; gyroscope; picture-in-picture; web-share\" allowfullscreen><\/iframe><\/p>\n<p>&nbsp;<\/p>\n<p>&nbsp;<\/p>\n<\/div>\n<div><\/div>\n<div><\/div>\n<div>\n<hr \/>\n<\/div>\n<blockquote>\n<h3>POSTE, L&#8217;Accentramento delle Lavorazioni a Belluno Solleva Preoccupazioni per Dipendenti e Cittadini<\/h3>\n<p><span style=\"color: #ff0000;\">ARCHIVIO RADIOPIU, PRIMA PUBBLICAZIONE 26 OTTOBRE, GIORNALE RADIOPIU<\/span><\/p><\/blockquote>\n<div>\n<p><strong><a class=\"dt-pswp-item\" href=\"https:\/\/www.radiopiu.net\/wordpress\/wp-content\/uploads\/2023\/09\/Poste-Italiane-Seren-del-Grappa-settembre-2023-d.jpeg\" data-dt-img-description=\"\" data-large_image_width=\"1200\" data-large_image_height=\"1600\"><img loading=\"lazy\" decoding=\"async\" class=\"size-medium wp-image-352067 alignleft\" src=\"https:\/\/www.radiopiu.net\/wordpress\/wp-content\/uploads\/2023\/09\/Poste-Italiane-Seren-del-Grappa-settembre-2023-d-225x300.jpeg\" alt=\"\" width=\"225\" height=\"300\" srcset=\"https:\/\/www.radiopiu.net\/wordpress\/wp-content\/uploads\/2023\/09\/Poste-Italiane-Seren-del-Grappa-settembre-2023-d-225x300.jpeg 225w, https:\/\/www.radiopiu.net\/wordpress\/wp-content\/uploads\/2023\/09\/Poste-Italiane-Seren-del-Grappa-settembre-2023-d-768x1024.jpeg 768w, https:\/\/www.radiopiu.net\/wordpress\/wp-content\/uploads\/2023\/09\/Poste-Italiane-Seren-del-Grappa-settembre-2023-d-1152x1536.jpeg 1152w, https:\/\/www.radiopiu.net\/wordpress\/wp-content\/uploads\/2023\/09\/Poste-Italiane-Seren-del-Grappa-settembre-2023-d.jpeg 1200w\" sizes=\"auto, (max-width: 225px) 100vw, 225px\" \/> <\/a>BELLUNO<\/strong> Nell&#8217;incontro odierno riguardo all&#8217;accentramento delle lavorazioni interne nella provincia di Belluno, l&#8217;azienda Poste Italiane ha presentato dati che sembravano dipingere una situazione rosea. Tuttavia, le reazioni dei partecipanti sono state diametralmente opposte. Molti si sono chiesti come fosse possibile essere soddisfatti di una riorganizzazione che \u00e8 iniziata senza personale. &#8220;<em>Si \u00e8 evidenziato\u00a0 &#8211; dicono i sindacalisti della Cgil Adriano Musolino e Luca Bof &#8211; che il problema \u00e8 strutturale e che da tre mesi dall&#8217;avvio del progetto, l&#8217;azienda ha fatto affidamento sulla &#8220;disponibilit\u00e0&#8221; dei colleghi in servizio, sulla necessit\u00e0 dei lavoratori part-time di continuare a lavorare durante il periodo di pausa contrattuale e sul richiamo dei lavoratori a tempo determinato, con scarsi risultati&#8221;. <\/em>Il disagio non riguarda solo i dipendenti ma si riflette anche sui cittadini, con ritardi segnalati in varie aree della provincia di Belluno. I problemi sono gi\u00e0 noti e documentati prima dell&#8217;inizio del progetto. Questa situazione ha portato a riflettere se la provincia di Belluno sia considerata un&#8217;area di &#8220;serie B&#8221;. <em>&#8220;Vi \u00e8 la convinzione &#8211; concludono Musolino e Bof- che una soluzione possa essere trovata trasformando il personale part-time in lavoratori full-time, sfruttando il loro notevole capitale umano e competenze. Inoltre, potenziare la rete degli uffici postali come centri di servizi per i cittadini potrebbe essere un&#8217;alternativa valida. <\/em><em>In assenza di tali soluzioni, c&#8217;\u00e8 il timore che Poste Italiane possa decidere di non investire ulteriormente nella provincia di Belluno&#8221;.<\/em><\/p>\n<p>___<\/p>\n<\/div>\n<\/div>\n<div><\/div>\n<div class=\"flex justify-between empty:hidden gizmo:justify-start gizmo:gap-3 lg:block gizmo:lg:flex\">\n<div><\/div>\n<div><\/div>\n<\/div>\n<hr \/>\n<p>&nbsp;<\/p>\n<blockquote>\n<h3>SI ALLA FUSIONE DI QUERO VAS ED ALANO DI PIAVE. NASCE IL COMUNE DI SETTEVILLE<\/h3>\n<\/blockquote>\n<p><strong><a class=\"dt-pswp-item\" href=\"https:\/\/www.radiopiu.net\/wordpress\/wp-content\/uploads\/2019\/05\/ELEZIONI-COMUNALI.jpg\" data-dt-img-description=\"\" data-large_image_width=\"751\" data-large_image_height=\"488\"><img loading=\"lazy\" decoding=\"async\" class=\" wp-image-86550 alignleft\" src=\"https:\/\/www.radiopiu.net\/wordpress\/wp-content\/uploads\/2019\/05\/ELEZIONI-COMUNALI-300x195.jpg\" alt=\"\" width=\"180\" height=\"117\" srcset=\"https:\/\/www.radiopiu.net\/wordpress\/wp-content\/uploads\/2019\/05\/ELEZIONI-COMUNALI-300x195.jpg 300w, https:\/\/www.radiopiu.net\/wordpress\/wp-content\/uploads\/2019\/05\/ELEZIONI-COMUNALI.jpg 751w\" sizes=\"auto, (max-width: 180px) 100vw, 180px\" \/><\/a>QUERO VAS\/ALANO DI PIAVE<\/strong> Nasce il nuovo Comune di Setteville: il referendum per la fusione che tra domenica e luned\u00ec ha interessato i cittadini dei comuni di Quero Vas e di Alano di Piave ha infatti ottenuto il doppio quorum richiesto dalla legge.<\/p>\n<p><strong>DI DANIELE DALVIT<\/strong><\/p>\n<audio class=\"wp-audio-shortcode\" id=\"audio-359042-1\" preload=\"none\" style=\"width: 100%;\" controls=\"controls\"><source type=\"audio\/mpeg\" src=\"https:\/\/www.radiopiu.net\/wordpress\/wp-content\/uploads\/2023\/10\/Radio-Piu-Servizio-Ok-fusione-Quero-Vas-Alano.mp3?_=1\" \/><a href=\"https:\/\/www.radiopiu.net\/wordpress\/wp-content\/uploads\/2023\/10\/Radio-Piu-Servizio-Ok-fusione-Quero-Vas-Alano.mp3\">https:\/\/www.radiopiu.net\/wordpress\/wp-content\/uploads\/2023\/10\/Radio-Piu-Servizio-Ok-fusione-Quero-Vas-Alano.mp3<\/a><\/audio>\n<p>&nbsp;<\/p>\n<hr \/>\n<p>&nbsp;<\/p>\n<blockquote>\n<h3>LO SCIOPERO NAZIONALE DELL&#8217;ISPETTORATO NAZIONALE DEL LAVORO<\/h3>\n<\/blockquote>\n<p><strong><a class=\"dt-pswp-item\" href=\"https:\/\/www.radiopiu.net\/wordpress\/wp-content\/uploads\/2023\/10\/Senza-nome-91.png\" data-dt-img-description=\"\" data-large_image_width=\"331\" data-large_image_height=\"289\"><img loading=\"lazy\" decoding=\"async\" class=\" wp-image-359135 alignleft\" src=\"https:\/\/www.radiopiu.net\/wordpress\/wp-content\/uploads\/2023\/10\/Senza-nome-91-300x262.png\" alt=\"\" width=\"147\" height=\"128\" srcset=\"https:\/\/www.radiopiu.net\/wordpress\/wp-content\/uploads\/2023\/10\/Senza-nome-91-300x262.png 300w, https:\/\/www.radiopiu.net\/wordpress\/wp-content\/uploads\/2023\/10\/Senza-nome-91.png 331w\" sizes=\"auto, (max-width: 147px) 100vw, 147px\" \/><\/a>BELLUNO<\/strong>\u00a0 Il 30 ottobre l&#8217;Ispettorato Nazionale del Lavoro ha tenuto il suo terzo sciopero in pochi mesi, continuando una vertenza a tutti i livelli. Le principali questioni affrontate includono organici notevolmente ridotti, che rendono difficile l&#8217;attivit\u00e0 ispettiva, l&#8217;irrisolta questione dell&#8217;Indennit\u00e0 di amministrazione, richieste di maggiore autonomia per le sedi periferiche, l&#8217;uso di proventi di sanzioni per migliorare le attivit\u00e0 e la necessit\u00e0 di una piena informatizzazione degli uffici. Nell&#8217;Ispettorato di Belluno, nove dei quindici dipendenti in servizio hanno scioperato, dimostrando un&#8217;importante percentuale di adesione. La vertenza include anche azioni legali per quanto riguarda l&#8217;indennit\u00e0 di amministrazione. Sia Fp-CGIL che CISL-Fp esprimono soddisfazione per il segnale lanciato dai lavoratori. Andrea Fiocco (fp Cgil) e Angelo Costanza (fp Cisl) concludono<em> &#8221; il personale che, ad oggi, ancora non \u00e8 stato compensato per quanto riguarda la indennit\u00e0 di amministrazione, \u00e8 in vertenza anche per via legale, seguito in questo dai <\/em><em>legali delle strutture centrali dei sindacati&#8221;\u00a0<\/em><\/p>\n<p><strong>ANDREA FIOCCO FUNZIONE PUBBLICA CGIL\u00a0<\/strong><\/p>\n<audio class=\"wp-audio-shortcode\" id=\"audio-359042-2\" preload=\"none\" style=\"width: 100%;\" controls=\"controls\"><source type=\"audio\/mpeg\" src=\"https:\/\/www.radiopiu.net\/wordpress\/wp-content\/uploads\/2023\/10\/FIOCCO.mp3?_=2\" \/><a href=\"https:\/\/www.radiopiu.net\/wordpress\/wp-content\/uploads\/2023\/10\/FIOCCO.mp3\">https:\/\/www.radiopiu.net\/wordpress\/wp-content\/uploads\/2023\/10\/FIOCCO.mp3<\/a><\/audio>\n<p>&nbsp;<\/p>\n<hr \/>\n<blockquote>\n<h3>NUOVA MANOVRA DA 437 MILIONI SUGLI OSPEDALI<\/h3>\n<\/blockquote>\n<p><a class=\"dt-pswp-item\" href=\"https:\/\/www.radiopiu.net\/wordpress\/wp-content\/uploads\/2023\/10\/zaia-lanzarin-scaled.jpg\" data-dt-img-description=\"\" data-large_image_width=\"2560\" data-large_image_height=\"1708\"><img loading=\"lazy\" decoding=\"async\" class=\" wp-image-359163 alignleft\" src=\"https:\/\/www.radiopiu.net\/wordpress\/wp-content\/uploads\/2023\/10\/zaia-lanzarin-300x200.jpg\" alt=\"\" width=\"249\" height=\"166\" srcset=\"https:\/\/www.radiopiu.net\/wordpress\/wp-content\/uploads\/2023\/10\/zaia-lanzarin-300x200.jpg 300w, https:\/\/www.radiopiu.net\/wordpress\/wp-content\/uploads\/2023\/10\/zaia-lanzarin-1024x683.jpg 1024w, https:\/\/www.radiopiu.net\/wordpress\/wp-content\/uploads\/2023\/10\/zaia-lanzarin-768x512.jpg 768w, https:\/\/www.radiopiu.net\/wordpress\/wp-content\/uploads\/2023\/10\/zaia-lanzarin-1536x1025.jpg 1536w, https:\/\/www.radiopiu.net\/wordpress\/wp-content\/uploads\/2023\/10\/zaia-lanzarin-2048x1366.jpg 2048w\" sizes=\"auto, (max-width: 249px) 100vw, 249px\" \/><\/a><strong>VENEZIA<\/strong> La Giunta regionale del Veneto ha annunciato un massiccio piano di investimenti di 437 milioni e 348 mila euro destinati a 17 strutture sanitarie nella regione. Questa iniziativa \u00e8 stata presentata dal Presidente Luca Zaia insieme all&#8217;Assessore alla Sanit\u00e0 Manuela Lanzarin. Il finanziamento riguarda adeguamenti sismici, messa a norma, miglioramenti logistici e nuove strutture, tra cui un nuovo ospedale a Legnago. Questo piano si aggiunge ai 371 milioni programmati l&#8217;anno precedente, dimostrando l&#8217;impegno verso l&#8217;ampliamento, l&#8217;aggiornamento tecnologico e il miglioramento delle strutture ospedaliere. Gli ospedali coinvolti includono Feltre, Oderzo, Treviso, Mestre, Mirano, San Don\u00e0 di Piave, Portogruaro, Jesolo, Rovigo, Camposampiero, Piove di Sacco, Bassano del Grappa, Vicenza, Legnago, Borgo Trento e Borgo Roma a Verona, e Castelfranco Veneto. <em>&#8220;Vorrei ricordare &#8211; dichiara Zaia &#8211;\u00a0 che da quando esiste questa Giunta regionale, nessun ospedale \u00e8 stato chiuso e tutti, hub &amp; spoke, hanno avuto nel tempo gli investimenti necessari\u201d.<\/em><\/p>\n<p>&nbsp;<\/p>\n<p>&nbsp;<\/p>\n<p>&nbsp;<\/p>\n<hr \/>\n<blockquote>\n<h3>LINEA FERROVIARIA BELLUNO-VENEZIA, L&#8217;INTERROGAZIONE IN REGIONE<\/h3>\n<\/blockquote>\n<p><strong> <em><a class=\"dt-pswp-item\" href=\"https:\/\/www.radiopiu.net\/wordpress\/wp-content\/uploads\/2023\/10\/th-23.jpg\" data-dt-img-description=\"\" data-large_image_width=\"284\" data-large_image_height=\"180\"><img loading=\"lazy\" decoding=\"async\" class=\" wp-image-359159 alignleft\" src=\"https:\/\/www.radiopiu.net\/wordpress\/wp-content\/uploads\/2023\/10\/th-23.jpg\" alt=\"\" width=\"241\" height=\"153\" \/><\/a><\/em>VENEZIA\u00a0<\/strong><em>&#8220;Mi sono giunte varie segnalazioni da parte di utenti testimoni del caos che si \u00e8 verificato ieri mattina alla stazione di Treviso. Poco dopo le 7 il treno della linea Belluno-Venezia \u00e8 infatti arrivato gi\u00e0 stracolmo. E non \u00e8 la prima volta che accade: ieri mattina in particolare il convoglio era dotato di un numero di vagoni pari a met\u00e0 circa del normale. Si tratta di disagi inammissibili\u201d. <\/em>La denuncia \u00e8 del consigliere regionale del PD Veneto, Andrea Zanoni, che presenter\u00e0 un\u2019interrogazione sulla vicenda chiedendo all\u2019assessore regionale ai Trasporti <em>\u201cse intenda intervenire con la massima urgenza presso i referenti di Trenitalia, a tutela dei diritti, della sicurezza e del benessere degli utenti della linea ferroviaria Belluno-Venezia, in modo da rendere i loro viaggi ben pi\u00f9 agevoli e confortevoli\u201d.<\/em><\/p>\n<p>&nbsp;<\/p>\n<p>&nbsp;<\/p>\n<hr \/>\n<p>&nbsp;<\/p>\n<blockquote>\n<h3>Arredamont fa il pieno di visitatori: il primo weekend chiude a quota 9mila<\/h3>\n<\/blockquote>\n<p><strong>LONGARONE\u00a0<\/strong> Arredamont si conferma appuntamento gradito ai visitatori di Longarone Fiere Dolomiti. Nel primo fine settimana di apertura, la mostra nazionale dell\u2019arredare in montagna segna quota 9mila passaggi. Nella prima giornata di sabato aveva staccato circa 3.000 biglietti d\u2019ingresso, oltre il 40% in pi\u00f9 rispetto a un anno fa. <em>\u00ab\u00c8 evidente che c\u2019\u00e8 voglia di fiera e c\u2019\u00e8 apprezzamento per una Arredamont che si presenta al meglio, con grandi espositori, con un connubio tra arte e artigianato in grado di valorizzare i prodotti in mostra, e anche con un\u2019offerta di alto respiro per quanto riguarda il legno, materia nobile, che abbiamo voluto rendere protagonista di questa edizione\u00bb<\/em> spiega il presidente di Longarone Fiere Dolomiti, Michele Dal Farra. Arredamont proseguir\u00e0 fino a domenica prossima. Il programma completo e molte altre informazioni sono disponibili sul sito <a href=\"http:\/\/www.arredamont.it\">www.arredamont.it<\/a>.<\/p>\n\n\t\t\t<style type='text\/css'>\n\t\t\t\t#gallery-6 {\n\t\t\t\t\tmargin: auto;\n\t\t\t\t}\n\t\t\t\t#gallery-6 .gallery-item {\n\t\t\t\t\tfloat: left;\n\t\t\t\t\tmargin-top: 10px;\n\t\t\t\t\ttext-align: center;\n\t\t\t\t\twidth: 25%;\n\t\t\t\t}\n\t\t\t\t#gallery-6 img {\n\t\t\t\t\tborder: 2px solid #cfcfcf;\n\t\t\t\t}\n\t\t\t\t#gallery-6 .gallery-caption {\n\t\t\t\t\tmargin-left: 0;\n\t\t\t\t}\n\t\t\t\t\/* see gallery_shortcode() in wp-includes\/media.php *\/\n\t\t\t<\/style>\n\t\t<div id='gallery-6' class='dt-gallery-container gallery galleryid-359042 gallery-columns-4 gallery-size-thumbnail'><dl class='gallery-item'>\n\t\t\t\t<dt class='gallery-icon landscape'>\n\t\t\t\t\t<a class=\"rollover rollover-zoom dt-pswp-item\" title=\"DSC_2347\" data-dt-img-description=\"\" data-large_image_width=\"1833\" data-large_image_height=\"1181\"href='https:\/\/www.radiopiu.net\/wordpress\/wp-content\/uploads\/2023\/10\/DSC_2347.jpg'><img loading=\"lazy\" decoding=\"async\" width=\"150\" height=\"150\" src=\"https:\/\/www.radiopiu.net\/wordpress\/wp-content\/uploads\/2023\/10\/DSC_2347-150x150.jpg\" class=\"attachment-thumbnail size-thumbnail\" alt=\"\" \/><\/a>\n\t\t\t\t<\/dt><\/dl><dl class='gallery-item'>\n\t\t\t\t<dt class='gallery-icon landscape'>\n\t\t\t\t\t<a class=\"rollover rollover-zoom dt-pswp-item\" title=\"DSC_2815\" data-dt-img-description=\"\" data-large_image_width=\"1705\" data-large_image_height=\"1181\"href='https:\/\/www.radiopiu.net\/wordpress\/wp-content\/uploads\/2023\/10\/DSC_2815.jpg'><img loading=\"lazy\" decoding=\"async\" width=\"150\" height=\"150\" src=\"https:\/\/www.radiopiu.net\/wordpress\/wp-content\/uploads\/2023\/10\/DSC_2815-150x150.jpg\" class=\"attachment-thumbnail size-thumbnail\" alt=\"\" \/><\/a>\n\t\t\t\t<\/dt><\/dl><dl class='gallery-item'>\n\t\t\t\t<dt class='gallery-icon landscape'>\n\t\t\t\t\t<a class=\"rollover rollover-zoom dt-pswp-item\" title=\"DSC_2977\" data-dt-img-description=\"\" data-large_image_width=\"1775\" data-large_image_height=\"1181\"href='https:\/\/www.radiopiu.net\/wordpress\/wp-content\/uploads\/2023\/10\/DSC_2977.jpg'><img loading=\"lazy\" decoding=\"async\" width=\"150\" height=\"150\" src=\"https:\/\/www.radiopiu.net\/wordpress\/wp-content\/uploads\/2023\/10\/DSC_2977-150x150.jpg\" class=\"attachment-thumbnail size-thumbnail\" alt=\"\" \/><\/a>\n\t\t\t\t<\/dt><\/dl><dl class='gallery-item'>\n\t\t\t\t<dt class='gallery-icon landscape'>\n\t\t\t\t\t<a class=\"rollover rollover-zoom dt-pswp-item\" title=\"DSC_2735\" data-dt-img-description=\"\" data-large_image_width=\"1775\" data-large_image_height=\"1181\"href='https:\/\/www.radiopiu.net\/wordpress\/wp-content\/uploads\/2023\/10\/DSC_2735.jpg'><img loading=\"lazy\" decoding=\"async\" width=\"150\" height=\"150\" src=\"https:\/\/www.radiopiu.net\/wordpress\/wp-content\/uploads\/2023\/10\/DSC_2735-150x150.jpg\" class=\"attachment-thumbnail size-thumbnail\" alt=\"\" \/><\/a>\n\t\t\t\t<\/dt><\/dl><br style=\"clear: both\" \/>\n\t\t\t<\/div>\n\n<p>&nbsp;<\/p>\n<blockquote>\n<h3>ANCHE DANIELA SANTACHE&#8217; AD ARREDAMONT<\/h3>\n<\/blockquote>\n<p><strong>LONGARONE <\/strong>Il primo weekend di Arredamont \u00e8 andato in archivio con ottimi numeri. Tra i 9mila visitatori del fine settimana, anche Daniela Santanch\u00e8. La ministra del turismo ha fatto visita alla 45. mostra dell\u2019arredare in montagna in forma privata. \u00c8 passata tra gli stand e ha percorso il Viale dell\u2019Arte, che quest\u2019anno porta a Longarone Fiere Dolomiti interessanti opere d\u2019arte e di design in dialogo con le esposizioni dedicate all\u2019arredo e al comparto casa. Curiosit\u00e0 tra gli standisti e i visitatori che hanno riconosciuto la ministra e l\u2019hanno vista osservare con attenzione la vasta offerta di Arredamont in particolare sul fronte del legno e dei complementi d\u2019arredo.<\/p>\n<p>&nbsp;<\/p>\n<hr \/>\n<p>&nbsp;<\/p>\n<blockquote>\n<h3>UN QUESTIONARIO PER MIGLIORARE, INIZIATIVA DEL MUSLA<\/h3>\n<\/blockquote>\n<p>&nbsp;<\/p>\n<p><a class=\"dt-pswp-item\" href=\"https:\/\/www.radiopiu.net\/wordpress\/wp-content\/uploads\/2023\/10\/Senza-nome-92.png\" data-dt-img-description=\"\" data-large_image_width=\"634\" data-large_image_height=\"161\"><img loading=\"lazy\" decoding=\"async\" class=\"size-medium wp-image-359252 aligncenter\" src=\"https:\/\/www.radiopiu.net\/wordpress\/wp-content\/uploads\/2023\/10\/Senza-nome-92-300x76.png\" alt=\"\" width=\"300\" height=\"76\" srcset=\"https:\/\/www.radiopiu.net\/wordpress\/wp-content\/uploads\/2023\/10\/Senza-nome-92-300x76.png 300w, https:\/\/www.radiopiu.net\/wordpress\/wp-content\/uploads\/2023\/10\/Senza-nome-92.png 634w\" sizes=\"auto, (max-width: 300px) 100vw, 300px\" \/><\/a><\/p>\n<p>AUDIO<\/p>\n<p><strong>BEATRICE COLCUC AUDIO\u00a0\u00a0<\/strong><\/p>\n<audio class=\"wp-audio-shortcode\" id=\"audio-359042-3\" preload=\"none\" style=\"width: 100%;\" controls=\"controls\"><source type=\"audio\/mpeg\" src=\"https:\/\/www.radiopiu.net\/wordpress\/wp-content\/uploads\/2023\/10\/BEA.mp3?_=3\" \/><a href=\"https:\/\/www.radiopiu.net\/wordpress\/wp-content\/uploads\/2023\/10\/BEA.mp3\">https:\/\/www.radiopiu.net\/wordpress\/wp-content\/uploads\/2023\/10\/BEA.mp3<\/a><\/audio>\n<p>&nbsp;<\/p>\n<p>https:\/\/docs.google.com\/forms\/d\/e\/1FAIpQLSfASTDpqjHfgvCewNdenDLMfnG5_qOAzVNeZuQD0p0fBPkRiQ\/viewform<\/p>\n<p>&nbsp;<\/p>\n<p>&nbsp;<\/p>\n<hr \/>\n<p>&nbsp;<\/p>\n<blockquote>\n<h3>DILLO A RADIO PIU&#8217;&#8230;ANZI A DOLOMITIBUS<\/h3>\n<\/blockquote>\n<p><img loading=\"lazy\" decoding=\"async\" class=\"alignleft\" src=\"https:\/\/www.radiopiu.net\/wordpress\/wp-content\/uploads\/2021\/10\/9396bbfc-2818-4225-b55d-9a56c39206f1.jpg\" width=\"203\" height=\"114\" \/>Riceviamo una seconda lettera da V. Scarpa, dopo la segnalazione dello scorso settembre nulla \u00e8 cambiato. Anzi.<\/p>\n<p class=\"default-style\"><em>Volevo dire ora che, dopo quasi due mesi, non riesco pi\u00f9 a recarmi nella mia casa di Cencenighe agordino (lavoro durante la settimana). La linea per l&#8217;Agordino (Falcade o Alleghe) non scolastica semplicemente non esiste. Cosa devo fare ? Saremo costretti a vendere la casa? Aspetto una risposta, soprattutto dalla dolomitibus.<\/em><\/p>\n<p>&nbsp;<\/p>\n<p>&nbsp;<\/p>\n<hr \/>\n<p>&nbsp;<\/p>\n<blockquote>\n<h3>MIGLIORIA FORESTALE PER IL COMUNE DI VOLTAGO<\/h3>\n<\/blockquote>\n<p><strong><a class=\"dt-pswp-item\" href=\"https:\/\/www.radiopiu.net\/wordpress\/wp-content\/uploads\/2023\/07\/MUNICIPIO-VOLTAGO.jpeg\" data-dt-img-description=\"\" data-large_image_width=\"1504\" data-large_image_height=\"1116\"><img loading=\"lazy\" decoding=\"async\" class=\" wp-image-344319 alignleft\" src=\"https:\/\/www.radiopiu.net\/wordpress\/wp-content\/uploads\/2023\/07\/MUNICIPIO-VOLTAGO-300x223.jpeg\" alt=\"\" width=\"192\" height=\"143\" srcset=\"https:\/\/www.radiopiu.net\/wordpress\/wp-content\/uploads\/2023\/07\/MUNICIPIO-VOLTAGO-300x223.jpeg 300w, https:\/\/www.radiopiu.net\/wordpress\/wp-content\/uploads\/2023\/07\/MUNICIPIO-VOLTAGO-1024x760.jpeg 1024w, https:\/\/www.radiopiu.net\/wordpress\/wp-content\/uploads\/2023\/07\/MUNICIPIO-VOLTAGO-768x570.jpeg 768w, https:\/\/www.radiopiu.net\/wordpress\/wp-content\/uploads\/2023\/07\/MUNICIPIO-VOLTAGO.jpeg 1504w\" sizes=\"auto, (max-width: 192px) 100vw, 192px\" \/><\/a>VOLTAGO<\/strong><\/p>\n<p>DI GIANNI SANTOMASO<\/p>\n<audio class=\"wp-audio-shortcode\" id=\"audio-359042-4\" preload=\"none\" style=\"width: 100%;\" controls=\"controls\"><source type=\"audio\/mpeg\" src=\"https:\/\/www.radiopiu.net\/wordpress\/wp-content\/uploads\/2023\/10\/GIANNI-MIGLIORIA-FORESTALE-PER-IL-COMUNE-DI-VOLTAGO.mp3?_=4\" \/><a href=\"https:\/\/www.radiopiu.net\/wordpress\/wp-content\/uploads\/2023\/10\/GIANNI-MIGLIORIA-FORESTALE-PER-IL-COMUNE-DI-VOLTAGO.mp3\">https:\/\/www.radiopiu.net\/wordpress\/wp-content\/uploads\/2023\/10\/GIANNI-MIGLIORIA-FORESTALE-PER-IL-COMUNE-DI-VOLTAGO.mp3<\/a><\/audio>\n<p>&nbsp;<\/p>\n<hr \/>\n<p>&nbsp;<\/p>\n<blockquote>\n<h3>ESERCITAZIONE DEI POMPIERI VOLONTARI DI CAPRILE TRA SCALON E TOS DI ALLEGHE<\/h3>\n<\/blockquote>\n<p><strong>ALLEGHE<\/strong> Domenica, i Vigili del Fuoco volontari di Caprile hanno condotto un addestramento impegnativo tra gli abitati di Scalon e Tos nel comune di Alleghe. L&#8217;esercitazione ha simulato l&#8217;incendio di una casa a Tos, in una zona dove l&#8217;acquedotto non pu\u00f2 fornire abbastanza acqua per spegnere un incendio di grandi dimensioni. Di conseguenza, \u00e8 stata istituita una lunga condotta di manichette che collegava il torrente Cordevole sottostante all&#8217;area dell&#8217;incendio, coprendo un dislivello di circa 120 metri. Per alimentare questa condotta e creare la pressione necessaria sono state utilizzate 2 motopompe da incendio e l&#8217;Autopompa Serbatoio (A.P.S.). Il dispositivo di attacco comprendeva 39 manichette da 70 mm lunghe 25 metri ciascuna, 4 divisori a 3 vie da 70 mm, 3 manichette da 45 mm, 2 lance e un serbatoio d&#8217;acqua autoportante da 800 litri. Per la messa in opera della condotta, sono stati impiegati 3 veicoli pick-up e 13 pompieri. Questo addestramento permette ai vigili del fuoco di acquisire familiarit\u00e0 con l&#8217;attrezzatura, posizionandola con precisione in caso di incendio, consentendo una risposta rapida per contenere i danni. (FOTO: Facebook &#8211; Pompieri Volontari Caprile)<\/p>\n\n\t\t\t<style type='text\/css'>\n\t\t\t\t#gallery-7 {\n\t\t\t\t\tmargin: auto;\n\t\t\t\t}\n\t\t\t\t#gallery-7 .gallery-item {\n\t\t\t\t\tfloat: left;\n\t\t\t\t\tmargin-top: 10px;\n\t\t\t\t\ttext-align: center;\n\t\t\t\t\twidth: 16%;\n\t\t\t\t}\n\t\t\t\t#gallery-7 img {\n\t\t\t\t\tborder: 2px solid #cfcfcf;\n\t\t\t\t}\n\t\t\t\t#gallery-7 .gallery-caption {\n\t\t\t\t\tmargin-left: 0;\n\t\t\t\t}\n\t\t\t\t\/* see gallery_shortcode() in wp-includes\/media.php *\/\n\t\t\t<\/style>\n\t\t<div id='gallery-7' class='dt-gallery-container gallery galleryid-359042 gallery-columns-6 gallery-size-thumbnail'><dl class='gallery-item'>\n\t\t\t\t<dt class='gallery-icon portrait'>\n\t\t\t\t\t<a class=\"rollover rollover-zoom dt-pswp-item\" title=\"396342208_726309896205663_2006595207702666464_n\" data-dt-img-description=\"\" data-large_image_width=\"450\" data-large_image_height=\"600\"href='https:\/\/www.radiopiu.net\/wordpress\/wp-content\/uploads\/2023\/10\/396342208_726309896205663_2006595207702666464_n.jpg'><img loading=\"lazy\" decoding=\"async\" width=\"150\" height=\"150\" src=\"https:\/\/www.radiopiu.net\/wordpress\/wp-content\/uploads\/2023\/10\/396342208_726309896205663_2006595207702666464_n-150x150.jpg\" class=\"attachment-thumbnail size-thumbnail\" alt=\"\" \/><\/a>\n\t\t\t\t<\/dt><\/dl><dl class='gallery-item'>\n\t\t\t\t<dt class='gallery-icon landscape'>\n\t\t\t\t\t<a class=\"rollover rollover-zoom dt-pswp-item\" title=\"395627424_726309939538992_8638472987392643528_n\" data-dt-img-description=\"\" data-large_image_width=\"600\" data-large_image_height=\"270\"href='https:\/\/www.radiopiu.net\/wordpress\/wp-content\/uploads\/2023\/10\/395627424_726309939538992_8638472987392643528_n.jpg'><img loading=\"lazy\" decoding=\"async\" width=\"150\" height=\"150\" src=\"https:\/\/www.radiopiu.net\/wordpress\/wp-content\/uploads\/2023\/10\/395627424_726309939538992_8638472987392643528_n-150x150.jpg\" class=\"attachment-thumbnail size-thumbnail\" alt=\"\" \/><\/a>\n\t\t\t\t<\/dt><\/dl><dl class='gallery-item'>\n\t\t\t\t<dt class='gallery-icon landscape'>\n\t\t\t\t\t<a class=\"rollover rollover-zoom dt-pswp-item\" title=\"396716220_726310199538966_9028815659040701076_n\" data-dt-img-description=\"\" data-large_image_width=\"600\" data-large_image_height=\"270\"href='https:\/\/www.radiopiu.net\/wordpress\/wp-content\/uploads\/2023\/10\/396716220_726310199538966_9028815659040701076_n.jpg'><img loading=\"lazy\" decoding=\"async\" width=\"150\" height=\"150\" src=\"https:\/\/www.radiopiu.net\/wordpress\/wp-content\/uploads\/2023\/10\/396716220_726310199538966_9028815659040701076_n-150x150.jpg\" class=\"attachment-thumbnail size-thumbnail\" alt=\"\" \/><\/a>\n\t\t\t\t<\/dt><\/dl><dl class='gallery-item'>\n\t\t\t\t<dt class='gallery-icon portrait'>\n\t\t\t\t\t<a class=\"rollover rollover-zoom dt-pswp-item\" title=\"396259626_726310262872293_3541216731430659056_n\" data-dt-img-description=\"\" data-large_image_width=\"270\" data-large_image_height=\"600\"href='https:\/\/www.radiopiu.net\/wordpress\/wp-content\/uploads\/2023\/10\/396259626_726310262872293_3541216731430659056_n.jpg'><img loading=\"lazy\" decoding=\"async\" width=\"150\" height=\"150\" src=\"https:\/\/www.radiopiu.net\/wordpress\/wp-content\/uploads\/2023\/10\/396259626_726310262872293_3541216731430659056_n-150x150.jpg\" class=\"attachment-thumbnail size-thumbnail\" alt=\"\" \/><\/a>\n\t\t\t\t<\/dt><\/dl><dl class='gallery-item'>\n\t\t\t\t<dt class='gallery-icon portrait'>\n\t\t\t\t\t<a class=\"rollover rollover-zoom dt-pswp-item\" title=\"396466134_726310332872286_8247079370473464527_n\" data-dt-img-description=\"\" data-large_image_width=\"1153\" data-large_image_height=\"2048\"href='https:\/\/www.radiopiu.net\/wordpress\/wp-content\/uploads\/2023\/10\/396466134_726310332872286_8247079370473464527_n.jpg'><img loading=\"lazy\" decoding=\"async\" width=\"150\" height=\"150\" src=\"https:\/\/www.radiopiu.net\/wordpress\/wp-content\/uploads\/2023\/10\/396466134_726310332872286_8247079370473464527_n-150x150.jpg\" class=\"attachment-thumbnail size-thumbnail\" alt=\"\" \/><\/a>\n\t\t\t\t<\/dt><\/dl><dl class='gallery-item'>\n\t\t\t\t<dt class='gallery-icon landscape'>\n\t\t\t\t\t<a class=\"rollover rollover-zoom dt-pswp-item\" title=\"396285088_726310559538930_578413014773411467_n\" data-dt-img-description=\"\" data-large_image_width=\"2048\" data-large_image_height=\"1153\"href='https:\/\/www.radiopiu.net\/wordpress\/wp-content\/uploads\/2023\/10\/396285088_726310559538930_578413014773411467_n.jpg'><img loading=\"lazy\" decoding=\"async\" width=\"150\" height=\"150\" src=\"https:\/\/www.radiopiu.net\/wordpress\/wp-content\/uploads\/2023\/10\/396285088_726310559538930_578413014773411467_n-150x150.jpg\" class=\"attachment-thumbnail size-thumbnail\" alt=\"\" \/><\/a>\n\t\t\t\t<\/dt><\/dl><br style=\"clear: both\" \/>\n\t\t\t<\/div>\n\n<p>&nbsp;<\/p>\n<hr \/>\n<p>&nbsp;<\/p>\n<blockquote>\n<h3>Raccolta Indumenti pi\u00f9 Facile a Sedico e Comuni dell&#8217;Unione Montana Agordina<\/h3>\n<\/blockquote>\n<p><strong>DI GIANNI SANTOMASO<\/strong><\/p>\n<audio class=\"wp-audio-shortcode\" id=\"audio-359042-5\" preload=\"none\" style=\"width: 100%;\" controls=\"controls\"><source type=\"audio\/mpeg\" src=\"https:\/\/www.radiopiu.net\/wordpress\/wp-content\/uploads\/2023\/10\/GIANNI-LA-RACCOLTA-INDUMENTI.mp3?_=5\" \/><a href=\"https:\/\/www.radiopiu.net\/wordpress\/wp-content\/uploads\/2023\/10\/GIANNI-LA-RACCOLTA-INDUMENTI.mp3\">https:\/\/www.radiopiu.net\/wordpress\/wp-content\/uploads\/2023\/10\/GIANNI-LA-RACCOLTA-INDUMENTI.mp3<\/a><\/audio>\n<p>&nbsp;<\/p>\n<p><strong><a class=\"dt-pswp-item\" href=\"https:\/\/www.radiopiu.net\/wordpress\/wp-content\/uploads\/2023\/10\/campana-Valpe-4.jpg\" data-dt-img-description=\"\" data-large_image_width=\"768\" data-large_image_height=\"1024\"><img loading=\"lazy\" decoding=\"async\" class=\" wp-image-359141 alignleft\" src=\"https:\/\/www.radiopiu.net\/wordpress\/wp-content\/uploads\/2023\/10\/campana-Valpe-4-225x300.jpg\" alt=\"\" width=\"118\" height=\"157\" srcset=\"https:\/\/www.radiopiu.net\/wordpress\/wp-content\/uploads\/2023\/10\/campana-Valpe-4-225x300.jpg 225w, https:\/\/www.radiopiu.net\/wordpress\/wp-content\/uploads\/2023\/10\/campana-Valpe-4.jpg 768w\" sizes=\"auto, (max-width: 118px) 100vw, 118px\" \/><\/a>REDAZIONE <\/strong>Da ora in poi, la raccolta di abbigliamento, coperte, biancheria per la casa, borse, scarpe e cinture nei comuni di Sedico e nell&#8217;Unione Montana Agordina \u00e8 pi\u00f9 semplice e organizzata. La gestione della raccolta \u00e8 stata affidata a Valpe Ambiente, e gli abitanti di questi comuni possono consegnare i loro indumenti nei contenitori gialli contrassegnati con il logo di Valpe Ambiente. Questi contenitori gialli sono gli unici autorizzati per la raccolta degli indumenti in questi territori. La raccolta accetta sia abiti in buono stato che indumenti logori, purch\u00e9 siano chiusi in sacchi non troppo voluminosi. Per prevenire il problema degli abbandoni di rifiuti vicino ai contenitori e per preservare l&#8217;aspetto del territorio, i contenitori sono stati collocati all&#8217;interno di EcoCentri e in altri punti strategici dove possono essere meglio controllati.<\/p>\n<p>&nbsp;<\/p>\n<p>&nbsp;<\/p>\n<p>&nbsp;<\/p>\n<hr \/>\n<p>&nbsp;<\/p>\n<p>&nbsp;<\/p>\n<p><strong><a class=\"dt-pswp-item\" href=\"https:\/\/www.radiopiu.net\/wordpress\/wp-content\/uploads\/2021\/09\/contenitori_1-scaled.jpg\" data-dt-img-description=\"\" data-large_image_width=\"2560\" data-large_image_height=\"1920\"><img loading=\"lazy\" decoding=\"async\" class=\"wp-image-233388 alignleft\" src=\"https:\/\/www.radiopiu.net\/wordpress\/wp-content\/uploads\/2021\/09\/contenitori_1-300x225.jpg\" alt=\"\" width=\"175\" height=\"131\" srcset=\"https:\/\/www.radiopiu.net\/wordpress\/wp-content\/uploads\/2021\/09\/contenitori_1-300x225.jpg 300w, https:\/\/www.radiopiu.net\/wordpress\/wp-content\/uploads\/2021\/09\/contenitori_1-1024x768.jpg 1024w, https:\/\/www.radiopiu.net\/wordpress\/wp-content\/uploads\/2021\/09\/contenitori_1-768x576.jpg 768w, https:\/\/www.radiopiu.net\/wordpress\/wp-content\/uploads\/2021\/09\/contenitori_1-1536x1152.jpg 1536w, https:\/\/www.radiopiu.net\/wordpress\/wp-content\/uploads\/2021\/09\/contenitori_1-2048x1536.jpg 2048w\" sizes=\"auto, (max-width: 175px) 100vw, 175px\" \/><\/a>QUANDO VALPE NON RISPONDE E FA SPALLUCCE, GIA&#8217; DUE CASI<\/strong><\/p>\n<p><strong>CIBIANA<\/strong> Valpe contestata per una serie di disservizi (la scorsa settimana era successo a San Tomaso Agordino, ma alle proteste degli utenti non \u00e8 seguita alcuna risposta di Valpe, potrebbe non averla vista, ma anche no. La denuncia a Cibiana dell&#8217;ex consigliere Comunale Alberto Ghelli che contesta il servizio della differenziata, ha sollecitato un incontro con il Comune e l&#8217;azienda, ma nessuno ha voluto ascoltarlo intanto spiega Ghelli i conti aumentano del 20per cento e spaventa il conguaglio di fine anno.<\/p>\n<p>&nbsp;<\/p>\n<p>&nbsp;<\/p>\n<p>&nbsp;<\/p>\n<hr \/>\n<p>&nbsp;<\/p>\n<p><strong><a class=\"dt-pswp-item\" href=\"https:\/\/www.radiopiu.net\/wordpress\/wp-content\/uploads\/2023\/10\/FALCADE.png\" data-dt-img-description=\"\" data-large_image_width=\"491\" data-large_image_height=\"195\"><img loading=\"lazy\" decoding=\"async\" class=\"size-medium wp-image-358629 aligncenter\" src=\"https:\/\/www.radiopiu.net\/wordpress\/wp-content\/uploads\/2023\/10\/FALCADE-300x119.png\" alt=\"\" width=\"300\" height=\"119\" srcset=\"https:\/\/www.radiopiu.net\/wordpress\/wp-content\/uploads\/2023\/10\/FALCADE-300x119.png 300w, https:\/\/www.radiopiu.net\/wordpress\/wp-content\/uploads\/2023\/10\/FALCADE.png 491w\" sizes=\"auto, (max-width: 300px) 100vw, 300px\" \/><\/a><\/strong><\/p>\n<blockquote>\n<h3>L&#8217;ANNIVERSARIO DELL&#8217;ALLUVIONE DEL 1966<\/h3>\n<\/blockquote>\n<p><strong>FALCADE<\/strong> Sabato 4 e domenica 5 novembre l&#8217;amministrazione comunale di Falcade ricorda l&#8217;Alluvione del 1966. Sabato alle 14 la santa messa nella frazione di Somor a ricordo dei concittadini che sono scomparsi a causa dell&#8217;evento. In caso di maltempo la celebrazione sar\u00e0 a Falcade Alto. Domenica alle 10:30 la Santa Messa nella chiesa di Falcade e la deposizione di una corona d&#8217;alloro al monumento ai caduti.<\/p>\n<p>&nbsp;<\/p>\n<p>&nbsp;<\/p>\n<hr \/>\n<p>&nbsp;<\/p>\n<blockquote>\n<h3>IL CONSIGLIO COMUNALE DI ALLEGHE E COLLE SANTA LUCIA<\/h3>\n<\/blockquote>\n<p><strong>ALLEGHE\u00a0<\/strong> Consiglio comunale convocato per oggi alle 20.30. All&#8217;ordine del giorno la settima variazione al bilancio di previsione 23-25 e modifica del piano di investimenti.<\/p>\n<p><strong>COLLE SANTA LUCIA<\/strong> Il sindaco di Colle Santa Lucia Paolo Frena ha convocato il consiglio comunale per venerdi alle 18. Sette punti da discutere tra cui una variazione a bilancio, l&#8217;approvazione del piano delle allienazioni e valorizzazioni immobiliari e la conferma dell&#8217;aliquota irpef per l&#8217;anno 2024<\/p>\n<p>&nbsp;<\/p>\n<blockquote>\n<h3>MARTEDI IL CONSIGLIO COMUNALE DI VOLTAGO<\/h3>\n<\/blockquote>\n<p><strong>DI GIANNI SANTOMASO<\/strong><\/p>\n<audio class=\"wp-audio-shortcode\" id=\"audio-359042-6\" preload=\"none\" style=\"width: 100%;\" controls=\"controls\"><source type=\"audio\/mpeg\" src=\"https:\/\/www.radiopiu.net\/wordpress\/wp-content\/uploads\/2023\/10\/GIANNI-MARTEDI-IL-CONSIGLIO-COMUNALE-DI-VOLTAGO.mp3?_=6\" \/><a href=\"https:\/\/www.radiopiu.net\/wordpress\/wp-content\/uploads\/2023\/10\/GIANNI-MARTEDI-IL-CONSIGLIO-COMUNALE-DI-VOLTAGO.mp3\">https:\/\/www.radiopiu.net\/wordpress\/wp-content\/uploads\/2023\/10\/GIANNI-MARTEDI-IL-CONSIGLIO-COMUNALE-DI-VOLTAGO.mp3<\/a><\/audio>\n<p>&nbsp;<\/p>\n<hr \/>\n<p>&nbsp;<\/p>\n<blockquote>\n<h3>BUONA LA PRIMA PER \u201cTRACCE DI FOLIAGE\u201d<\/h3>\n<\/blockquote>\n<p><strong>BELLUNO<\/strong> E\u2019 pi\u00f9 che positivo il bilancio della prima edizione di \u201cTracce di foliage \u2013 I colori di Belluno\u201d, la nuova rassegna promossa dall\u2019assessorato al turismo per valorizzare passeggiate, scorci, panorami del capoluogo in quel periodo ricco di colori che \u00e8 l\u2019autunno. I cinque appuntamenti in programma hanno registrato il tutto esaurito e la partecipazione di famiglie provenienti da fuori provincia, a dimostrazione di come l\u2019iniziativa abbia saputo attirare l\u2019attenzione di un pubblico non solo locale, favorendo l\u2019arrivo in citt\u00e0 di turisti.<br \/>\n<strong>L&#8217;ASSESSORE AL TURISMO PAOLO LUCIANI<\/strong><\/p>\n<p><iframe loading=\"lazy\" title=\"IMG 3324\" width=\"1200\" height=\"675\" src=\"https:\/\/www.youtube.com\/embed\/GaztnuNuQf0?feature=oembed\" frameborder=\"0\" allow=\"accelerometer; autoplay; clipboard-write; encrypted-media; gyroscope; picture-in-picture; web-share\" allowfullscreen><\/iframe><\/p>\n<p>&nbsp;<\/p>\n<hr \/>\n<p>&nbsp;<\/p>\n<blockquote>\n<h3>CARRIERA 360 GRADI, DA STUDENTE A PROFESSIONISTA. L&#8217;INIZIATIVA DEL CONSIGLIO GIOVANILE DI BELLUNO<\/h3>\n<\/blockquote>\n<p><strong><a class=\"dt-pswp-item\" href=\"https:\/\/www.radiopiu.net\/wordpress\/wp-content\/uploads\/2023\/10\/1c95c067-e907-47ad-b7f9-3d43bee58e36.jpg\" data-dt-img-description=\"\" data-large_image_width=\"1024\" data-large_image_height=\"768\"><img loading=\"lazy\" decoding=\"async\" class=\" wp-image-359183 alignleft\" src=\"https:\/\/www.radiopiu.net\/wordpress\/wp-content\/uploads\/2023\/10\/1c95c067-e907-47ad-b7f9-3d43bee58e36-300x225.jpg\" alt=\"\" width=\"177\" height=\"133\" srcset=\"https:\/\/www.radiopiu.net\/wordpress\/wp-content\/uploads\/2023\/10\/1c95c067-e907-47ad-b7f9-3d43bee58e36-300x225.jpg 300w, https:\/\/www.radiopiu.net\/wordpress\/wp-content\/uploads\/2023\/10\/1c95c067-e907-47ad-b7f9-3d43bee58e36-768x576.jpg 768w, https:\/\/www.radiopiu.net\/wordpress\/wp-content\/uploads\/2023\/10\/1c95c067-e907-47ad-b7f9-3d43bee58e36.jpg 1024w\" sizes=\"auto, (max-width: 177px) 100vw, 177px\" \/><\/a>BELLUNO<\/strong> Si chiama \u201cCarriera 360\u00b0: da studente a professionista\u201d ed \u00e8 l&#8217;evento organizzato dal neonato Consiglio giovanile di Belluno che ha portato oltre 300 studenti delle scuole superiori del capoluogo ad avere i primi contatti con il mondo del lavoro.<\/p>\n<p><strong>DI DANIELE DALVIT<\/strong><\/p>\n<audio class=\"wp-audio-shortcode\" id=\"audio-359042-7\" preload=\"none\" style=\"width: 100%;\" controls=\"controls\"><source type=\"audio\/mpeg\" src=\"https:\/\/www.radiopiu.net\/wordpress\/wp-content\/uploads\/2023\/10\/Radio-Piu-Servizio-Consiglio-giovanile-e-lavoro.mp3?_=7\" \/><a href=\"https:\/\/www.radiopiu.net\/wordpress\/wp-content\/uploads\/2023\/10\/Radio-Piu-Servizio-Consiglio-giovanile-e-lavoro.mp3\">https:\/\/www.radiopiu.net\/wordpress\/wp-content\/uploads\/2023\/10\/Radio-Piu-Servizio-Consiglio-giovanile-e-lavoro.mp3<\/a><\/audio>\n<p>&nbsp;<\/p>\n<hr \/>\n<p>&nbsp;<\/p>\n<p>&nbsp;<\/p>\n<hr \/>\n<p>&nbsp;<\/p>\n<blockquote>\n<h3>ULSS 1 DOLOMITI: L&#8217;OTORINO ITINERANTE PARTE DA ALANO<\/h3>\n<\/blockquote>\n<p><strong><a class=\"dt-pswp-item\" href=\"https:\/\/www.radiopiu.net\/wordpress\/wp-content\/uploads\/2023\/10\/WhatsApp-Image-2023-10-26-at-14.03.56.jpeg\" data-dt-img-description=\"\" data-large_image_width=\"1023\" data-large_image_height=\"652\"><img loading=\"lazy\" decoding=\"async\" class=\" wp-image-359231 alignleft\" src=\"https:\/\/www.radiopiu.net\/wordpress\/wp-content\/uploads\/2023\/10\/WhatsApp-Image-2023-10-26-at-14.03.56-300x191.jpeg\" alt=\"\" width=\"210\" height=\"134\" srcset=\"https:\/\/www.radiopiu.net\/wordpress\/wp-content\/uploads\/2023\/10\/WhatsApp-Image-2023-10-26-at-14.03.56-300x191.jpeg 300w, https:\/\/www.radiopiu.net\/wordpress\/wp-content\/uploads\/2023\/10\/WhatsApp-Image-2023-10-26-at-14.03.56-768x489.jpeg 768w, https:\/\/www.radiopiu.net\/wordpress\/wp-content\/uploads\/2023\/10\/WhatsApp-Image-2023-10-26-at-14.03.56.jpeg 1023w\" sizes=\"auto, (max-width: 210px) 100vw, 210px\" \/><\/a>BELLUNO <\/strong>Gli specialisti di Otorinolaringoiatria si avvicinano ai pazienti pi\u00f9 fragili, grazie alla collaborazione dei medici di famiglia, raggiungendo i distretti per attivit\u00e0 di ambulatorio. Nei giorni scorsi il Commissario Dal Ben ha presentato la nuova attivit\u00e0 promossa dal direttore dell&#8217;Otorino di Feltre, Giuseppe Pagano, che mira ad assicurare alcune prestazioni nei distretti o nelle medicine di gruppo grazie anche all&#8217;utilizzo di strumentazione flessibile come i fibroscopi monouso. I primi ambulatori sono stati effettuati ad Alano, con grande soddisfazioni dei pazienti. Avvicinarsi alle persone pi\u00f9 fragili, che hanno difficolt\u00e0 a raggiungere l&#8217;ospedale, \u00e8 anche un modo per umanizzare i servizi.<\/p>\n<p>&nbsp;<\/p>\n<p>&nbsp;<\/p>\n<hr \/>\n<p>&nbsp;<\/p>\n<blockquote>\n<h3>CAMBIO AI VERTICI DELLO SPI DEL VENETO, LA RODIGINA NICOLETTA BIANCARDI NUOVA SEGRETARIA GENERALE<\/h3>\n<\/blockquote>\n<p><strong><a class=\"dt-pswp-item\" href=\"https:\/\/www.radiopiu.net\/wordpress\/wp-content\/uploads\/2023\/10\/di-gregorio_biancardi_basso.jpg\" data-dt-img-description=\"\" data-large_image_width=\"1920\" data-large_image_height=\"2319\"><img loading=\"lazy\" decoding=\"async\" class=\" wp-image-359172 alignleft\" src=\"https:\/\/www.radiopiu.net\/wordpress\/wp-content\/uploads\/2023\/10\/di-gregorio_biancardi_basso-248x300.jpg\" alt=\"\" width=\"120\" height=\"145\" srcset=\"https:\/\/www.radiopiu.net\/wordpress\/wp-content\/uploads\/2023\/10\/di-gregorio_biancardi_basso-248x300.jpg 248w, https:\/\/www.radiopiu.net\/wordpress\/wp-content\/uploads\/2023\/10\/di-gregorio_biancardi_basso-848x1024.jpg 848w, https:\/\/www.radiopiu.net\/wordpress\/wp-content\/uploads\/2023\/10\/di-gregorio_biancardi_basso-768x928.jpg 768w, https:\/\/www.radiopiu.net\/wordpress\/wp-content\/uploads\/2023\/10\/di-gregorio_biancardi_basso-1272x1536.jpg 1272w, https:\/\/www.radiopiu.net\/wordpress\/wp-content\/uploads\/2023\/10\/di-gregorio_biancardi_basso-1696x2048.jpg 1696w, https:\/\/www.radiopiu.net\/wordpress\/wp-content\/uploads\/2023\/10\/di-gregorio_biancardi_basso.jpg 1920w\" sizes=\"auto, (max-width: 120px) 100vw, 120px\" \/><\/a>VENEZIA <\/strong>Nicoletta Biancardi, 54 anni, \u00e8 stata eletta a larghissima maggioranza come nuova segretaria generale del sindacato dei pensionati del Veneto, in sostituzione di Elena Di Gregorio. Biancardi ha una lunga esperienza sindacale e una forte sensibilit\u00e0 verso i bisogni dei pi\u00f9 deboli. Ha iniziato la sua carriera sindacale come operatrice Inca nel 1990 e ha ricoperto ruoli crescenti di responsabilit\u00e0, diventando segretaria generale dello Spi Cgil di Rovigo dal 2018. \u00c8 conosciuta per essere un punto di riferimento per gli anziani del territorio, soprattutto grazie all&#8217;assistenza offerta tramite uno sportello sociale. La sua sfida principale in un Veneto sempre pi\u00f9 anziano \u00e8 quella di affrontare le sfide legate all&#8217;invecchiamento della popolazione.<\/p>\n<p>&nbsp;<\/p>\n<p>&nbsp;<\/p>\n<hr \/>\n<p>&nbsp;<\/p>\n<blockquote>\n<h3>LA VALBELLUNA VINCE LE FAGIOLIADI 2023 CON IL FAGIOLO GIALET PRESIDIO SLOW FOOD<\/h3>\n<\/blockquote>\n<p><strong>di Alessia Dall\u2019\u00d2<\/strong><\/p>\n<p><b>FELTRE <\/b>Grandi soddisfazioni per il bellunese, che si \u00e8 aggiudicato il primo premio alle Fagioliadi 2023 con il piatto a base di Fagiolo Gial\u00e9t della Valbelluna, uno dei prodotti Presidio Slow Food del nostro territorio. Il piatto \u00e8 stato preparato e presentato dallo Chef dell&#8217;ENAIP SFP di Feltre, Rodolfo Bof, in collaborazione con il neo diplomato chef Andrea Solagna. La competizione, che si tiene annualmente e vede sfidarsi i coltivatori-custodi della rete di Slow Beans, ha visto il pubblico come giuria, valutando i piatti in base a creativit\u00e0, delicatezza e carattere. Le Fagioliadi 2023, organizzate quest&#8217;anno a Capannori, provincia di Lucca, Toscana, hanno visto la partecipazione di rappresentanti di decine di legumi tradizionali provenienti da tutta Europa, tra cui il rinomato Fagiolo Gial\u00e9t della Valbelluna. Quest\u2019ultimo \u00e8 stato valorizzato in questa occasione grazie alla presenza in loco di Diego De Paoli, Presidente dell\u2019 Associazione Tutela del Fagiolo Gial\u00e9t della Valbelluna Presidio Slow Food\u00a0 e Roberto Dalle Mule, socio Slow Food Condotta di Belluno e Feltre. &#8220;<em>Questa vittoria \u00e8 stata una grande soddisfazione per tutti noi e devo ringraziare la scuola ENAIP per il grande supporto e impegno. Come \u00e8 consueto, l\u2019evento ha aperto nuove opportunit\u00e0 per condividere iniziative a favore della transizione proteica, della valorizzazione della biodiversit\u00e0 e dell&#8217;agricoltura su piccola scala. Ogni edizione non smette di stupirci: il forte interesse del pubblico per questi temi e sapori \u00e8 stato evidente ed \u00e8 sicuramente veicolo di mantenimento e scoperta delle tradizioni, ma anche di conoscenza e consapevolezza dei territori in un\u2019 ottica pi\u00f9 turistica. Questa vittoria \u00e8 un ulteriore motivo di orgoglio per noi e rappresenta un&#8217;occasione per promuovere l&#8217;uso dei prodotti a chilometro zero anche nel nostro territorio. Non tutti sanno che la maggior parte del venduto del nostro prodotto viene collocato fuori Provincia: speriamo che l\u2019apprezzamento da un pubblico nazionale come quello delle Fagioliadi 2023 favorisca un incremento di curiosit\u00e0 e credibilit\u00e0 del prodotto anche nei dintorni.<\/em>&#8221; commenta De Paoli. Il piatto vincente, una deliziosa crema di Gial\u00e8t con trota cotta a bassa temperatura e riduzione di melograno, non solo ha colpito per il suo sapore, ma \u00e8 stato anche apprezzato per la sua presentazione scenografica. La collaborazione ed il fare rete per valorizzare il territorio ed i suoi prodotti sono stati fondamentali per il successo di questo evento. La Responsabile Unit\u00e0 Operativa di Feltre ENAIP C\u00e9line Masset commenta: &#8220;<em>Nella nostra scuola, ci dedichiamo con passione alla formazione dei nostri studenti sulla filiera corta agroalimentare e alla cultura zero waste in cucina. Ad esempio, nella proposta di questo piatto, nulla va sprecato, nemmeno la pelle della trota, che \u00e8 stata trasformata in croccanti e gustose chips ad arricchimento dello stesso. La collaborazione scuola e Slow Food Belluno-Feltre \u00e8 stata coronata gi\u00e0 lo scorso anno, iniziando con l&#8217;evento JUST BEANS da cui \u00e8 stato editato l\u2019omonimo ricettario. Questa vittoria \u00e8 solo uno dei frutti di questa partnership in corso\u201d<\/em> spiega Masset. \u201c<em>Per i nostri alunni, per i quali la formazione pratica rappresenta una parte consistente del percorso, uscire e stare sul campo anche in eventi internazionali \u00e8 sempre un\u2019occasione di mettersi alla prova e di arricchire il proprio curriculum. Dal punto di vista promozionale \u00e8 anche un momento di importante valorizzazione del nostro istituto professionale che proprio a dicembre festegger\u00e0 il suo Cinquantesimo anno nel Feltrino.<\/em>&#8221;<\/p>\n\n\t\t\t<style type='text\/css'>\n\t\t\t\t#gallery-8 {\n\t\t\t\t\tmargin: auto;\n\t\t\t\t}\n\t\t\t\t#gallery-8 .gallery-item {\n\t\t\t\t\tfloat: left;\n\t\t\t\t\tmargin-top: 10px;\n\t\t\t\t\ttext-align: center;\n\t\t\t\t\twidth: 25%;\n\t\t\t\t}\n\t\t\t\t#gallery-8 img {\n\t\t\t\t\tborder: 2px solid #cfcfcf;\n\t\t\t\t}\n\t\t\t\t#gallery-8 .gallery-caption {\n\t\t\t\t\tmargin-left: 0;\n\t\t\t\t}\n\t\t\t\t\/* see gallery_shortcode() in wp-includes\/media.php *\/\n\t\t\t<\/style>\n\t\t<div id='gallery-8' class='dt-gallery-container gallery galleryid-359042 gallery-columns-4 gallery-size-thumbnail'><dl class='gallery-item'>\n\t\t\t\t<dt class='gallery-icon portrait'>\n\t\t\t\t\t<a class=\"rollover rollover-zoom dt-pswp-item\" title=\"piatto Trota cotta a bassa temperatura su crema di gialet e melegorano\" data-dt-img-description=\"\" data-large_image_width=\"720\" data-large_image_height=\"1600\"href='https:\/\/www.radiopiu.net\/wordpress\/wp-content\/uploads\/2023\/10\/piatto-Trota-cotta-a-bassa-temperatura-su-crema-di-gialet-e-melegorano.jpg'><img loading=\"lazy\" decoding=\"async\" width=\"150\" height=\"150\" src=\"https:\/\/www.radiopiu.net\/wordpress\/wp-content\/uploads\/2023\/10\/piatto-Trota-cotta-a-bassa-temperatura-su-crema-di-gialet-e-melegorano-150x150.jpg\" class=\"attachment-thumbnail size-thumbnail\" alt=\"\" \/><\/a>\n\t\t\t\t<\/dt><\/dl><dl class='gallery-item'>\n\t\t\t\t<dt class='gallery-icon landscape'>\n\t\t\t\t\t<a class=\"rollover rollover-zoom dt-pswp-item\" title=\"FAGIOLIADI 2023 - Diego de Paoli e Roberto Dalle Mule premiati alle Fagiol...i 2023\" data-dt-img-description=\"\" data-large_image_width=\"2048\" data-large_image_height=\"1537\"href='https:\/\/www.radiopiu.net\/wordpress\/wp-content\/uploads\/2023\/10\/FAGIOLIADI-2023-Diego-de-Paoli-e-Roberto-Dalle-Mule-premiati-alle-Fagiol.i-2023.jpg'><img loading=\"lazy\" decoding=\"async\" width=\"150\" height=\"150\" src=\"https:\/\/www.radiopiu.net\/wordpress\/wp-content\/uploads\/2023\/10\/FAGIOLIADI-2023-Diego-de-Paoli-e-Roberto-Dalle-Mule-premiati-alle-Fagiol.i-2023-150x150.jpg\" class=\"attachment-thumbnail size-thumbnail\" alt=\"\" \/><\/a>\n\t\t\t\t<\/dt><\/dl><dl class='gallery-item'>\n\t\t\t\t<dt class='gallery-icon landscape'>\n\t\t\t\t\t<a class=\"rollover rollover-zoom dt-pswp-item\" title=\"Premiazione di Diego de Paoli e Roberto Dalle Mule alle Fagioliadi 2023\" data-dt-img-description=\"\" data-large_image_width=\"2048\" data-large_image_height=\"1537\"href='https:\/\/www.radiopiu.net\/wordpress\/wp-content\/uploads\/2023\/10\/Premiazione-di-Diego-de-Paoli-e-Roberto-Dalle-Mule-alle-Fagioliadi-2023.jpg'><img loading=\"lazy\" decoding=\"async\" width=\"150\" height=\"150\" src=\"https:\/\/www.radiopiu.net\/wordpress\/wp-content\/uploads\/2023\/10\/Premiazione-di-Diego-de-Paoli-e-Roberto-Dalle-Mule-alle-Fagioliadi-2023-150x150.jpg\" class=\"attachment-thumbnail size-thumbnail\" alt=\"\" \/><\/a>\n\t\t\t\t<\/dt><\/dl><dl class='gallery-item'>\n\t\t\t\t<dt class='gallery-icon landscape'>\n\t\t\t\t\t<a class=\"rollover rollover-zoom dt-pswp-item\" title=\"Il Piatto vincente con Diego de Paoli, Roberto Dalle Mule, Rodolfo Bof e A...olagna\" data-dt-img-description=\"\" data-large_image_width=\"1600\" data-large_image_height=\"1201\"href='https:\/\/www.radiopiu.net\/wordpress\/wp-content\/uploads\/2023\/10\/Il-Piatto-vincente-con-Diego-de-Paoli-Roberto-Dalle-Mule-Rodolfo-Bof-e-A.olagna.jpg'><img loading=\"lazy\" decoding=\"async\" width=\"150\" height=\"150\" src=\"https:\/\/www.radiopiu.net\/wordpress\/wp-content\/uploads\/2023\/10\/Il-Piatto-vincente-con-Diego-de-Paoli-Roberto-Dalle-Mule-Rodolfo-Bof-e-A.olagna-150x150.jpg\" class=\"attachment-thumbnail size-thumbnail\" alt=\"\" \/><\/a>\n\t\t\t\t<\/dt><\/dl><br style=\"clear: both\" \/>\n\t\t\t<\/div>\n\n<p>&nbsp;<\/p>\n<hr \/>\n<p>&nbsp;<\/p>\n<blockquote>\n<h3><b>A MIG 2023 CONSIGLI PER IL SUCCESSO IN GELATERIA<\/b><\/h3>\n<\/blockquote>\n<p><em><a class=\"dt-pswp-item\" href=\"https:\/\/www.radiopiu.net\/wordpress\/wp-content\/uploads\/2023\/10\/Premio-green-innovazione-2022.jpg\" data-dt-img-description=\"\" data-large_image_width=\"1848\" data-large_image_height=\"1080\"><img loading=\"lazy\" decoding=\"async\" class=\" wp-image-359125 alignleft\" src=\"https:\/\/www.radiopiu.net\/wordpress\/wp-content\/uploads\/2023\/10\/Premio-green-innovazione-2022-300x175.jpg\" alt=\"\" width=\"228\" height=\"133\" srcset=\"https:\/\/www.radiopiu.net\/wordpress\/wp-content\/uploads\/2023\/10\/Premio-green-innovazione-2022-300x175.jpg 300w, https:\/\/www.radiopiu.net\/wordpress\/wp-content\/uploads\/2023\/10\/Premio-green-innovazione-2022-1024x598.jpg 1024w, https:\/\/www.radiopiu.net\/wordpress\/wp-content\/uploads\/2023\/10\/Premio-green-innovazione-2022-768x449.jpg 768w, https:\/\/www.radiopiu.net\/wordpress\/wp-content\/uploads\/2023\/10\/Premio-green-innovazione-2022-1536x898.jpg 1536w, https:\/\/www.radiopiu.net\/wordpress\/wp-content\/uploads\/2023\/10\/Premio-green-innovazione-2022.jpg 1848w\" sizes=\"auto, (max-width: 228px) 100vw, 228px\" \/><\/a>La fiera che offre opportunit\u00e0 per le aziende e promuove l&#8217;interazione tra professionisti del settore.<\/em><\/p>\n<div class=\"flex-1 overflow-hidden\">\n<div class=\"react-scroll-to-bottom--css-dfxcn-79elbk h-full\">\n<div class=\"react-scroll-to-bottom--css-dfxcn-1n7m0yu\">\n<div class=\"flex flex-col text-sm gizmo:pb-9 dark:bg-gray-800 gizmo:dark:bg-transparent\">\n<div class=\"group w-full text-token-text-primary border-b border-black\/10 gizmo:border-0 dark:border-gray-900\/50 gizmo:dark:border-0 bg-gray-50 gizmo:bg-transparent dark:bg-[#444654] gizmo:dark:bg-transparent\" data-testid=\"conversation-turn-13\">\n<div class=\"p-4 gizmo:py-2 justify-center text-base md:gap-6 md:py-6 m-auto\">\n<div class=\"flex flex-1 gap-4 text-base mx-auto md:gap-6 gizmo:gap-3 gizmo:md:px-5 gizmo:lg:px-1 gizmo:xl:px-5 md:max-w-2xl lg:max-w-[38rem] gizmo:md:max-w-3xl gizmo:lg:max-w-[40rem] gizmo:xl:max-w-[48rem] xl:max-w-3xl }\">\n<div class=\"relative flex w-[calc(100%-50px)] flex-col gizmo:w-full lg:w-[calc(100%-115px)] agent-turn\">\n<div class=\"flex-col gap-1 md:gap-3\">\n<div class=\"flex flex-grow flex-col gap-3 max-w-full\">\n<div class=\"min-h-[20px] flex flex-col items-start gap-3 whitespace-pre-wrap break-words overflow-x-auto\" data-message-author-role=\"assistant\" data-message-id=\"5b7204a2-4c48-4445-868b-3e9bb5f3d60b\">\n<div class=\"markdown prose w-full break-words dark:prose-invert dark\">\n<p><strong>LONGARONE<\/strong> La 63\u00aa edizione di MIG &#8211; Mostra Internazionale del Gelato Artigianale, che si terr\u00e0 a Longarone dal 26 al 29 novembre 2023, offrir\u00e0 opportunit\u00e0 di formazione gratuite per i gelatieri. Gli incontri includono la definizione del listino prezzi e l&#8217;espansione delle gelaterie con prodotti di cioccolateria per allungare la stagione di apertura. L&#8217;evento affronter\u00e0 anche temi legati alla sostenibilit\u00e0 e presenter\u00e0 storie di successo di gelatieri noti. L&#8217;inserimento della cioccolateria in gelateria \u00e8 una tendenza in crescita, consentendo una produzione di cioccolato di qualit\u00e0 a costi relativamente bassi. Per ulteriori dettagli sull&#8217;evento <a href=\"http:\/\/www.mostradelgelato.com\/\" target=\"_new\" rel=\"noopener\">www.mostradelgelato.com<\/a>.<\/p>\n<\/div>\n<\/div>\n<\/div>\n<div class=\"flex justify-between empty:hidden gizmo:justify-start gizmo:gap-3 lg:block gizmo:lg:flex\"><\/div>\n<\/div>\n<\/div>\n<\/div>\n<\/div>\n<\/div>\n<\/div>\n<\/div>\n<\/div>\n<\/div>\n<div class=\"w-full pt-2 md:pt-0 border-t md:border-t-0 dark:border-white\/20 md:border-transparent md:dark:border-transparent md:pl-2 gizmo:pl-0 gizmo:md:pl-0 md:w-[calc(100%-.5rem)] absolute bottom-0 left-0 md:bg-vert-light-gradient bg-white dark:bg-gray-800 md:!bg-transparent dark:md:bg-vert-dark-gradient\">\n<form class=\"stretch mx-2 flex flex-row gap-3 last:mb-2 md:mx-4 md:last:mb-6 lg:mx-auto lg:max-w-2xl xl:max-w-3xl\">\n<div class=\"relative flex h-full flex-1 items-stretch md:flex-col\">\n<div>\n<div class=\"h-full flex ml-1 md:w-full md:m-auto md:mb-4 gap-0 md:gap-2 justify-center\"><strong>foto\u00a0<\/strong> IceTeam 1927<i> premio \u201cMIG Green per la migliore innovazione sostenibile\u201d grazie alla Vario Icona Hybrid, una macchina combinata che sfrutta il brevetto per la condensazione ibrida.<\/i><\/div>\n<\/div>\n<\/div>\n<\/form>\n<\/div>\n<p>&nbsp;<\/p>\n<p>&nbsp;<\/p>\n<hr \/>\n<p>&nbsp;<\/p>\n<blockquote>\n<h3 style=\"text-align: left;\" align=\"CENTER\"><span style=\"color: #000000;\"><span style=\"font-family: Times New Roman, serif;\"><span style=\"font-size: large;\"><b>\u00a0I RICAVI DI DUE TORNEI DI\u00a0 <\/b><\/span><\/span><\/span><span style=\"color: #000000;\">\u201c<span style=\"font-family: Times New Roman, serif;\"><span style=\"font-size: large;\"><b>PALLINETTO\u201d\u00a0 AL COMITATO D&#8217;INTESA\u00a0<\/b><\/span><\/span><\/span><\/h3>\n<\/blockquote>\n<p><strong>BELLUNO<\/strong> La societ\u00e0 bocciofila Quadrifoglio Salce ha organizzato due gare di &#8220;pallinetto&#8221; solidale che hanno raccolto una donazione di 1.740 euro per il Comitato d&#8217;Intesa di Belluno. Questi fondi supporteranno le attivit\u00e0 della comunit\u00e0 locale e le iniziative di volontariato. I proventi sono stati ottenuti dalle finali delle due gare, con ulteriori contributi dalle partite giocate in precedenza. Le famiglie Gava e Trevisson, in memoria di Dino e Renato, hanno partecipato alla premiazione, insieme a rappresentanti del comitato e altri ospiti. Il presidente e il vice della Bocciofila Quadrifoglio Salce hanno ringraziato i partecipanti e i volontari per il successo dell&#8217;evento.<\/p>\n<p align=\"JUSTIFY\"><span style=\"color: #000000;\"><span style=\"font-family: Times New Roman, serif;\"><span style=\"font-size: medium;\">Questi i vincitori: <\/span><\/span><\/span><span style=\"color: #000000;\"><span style=\"font-family: Times New Roman, serif;\"><span style=\"font-size: medium;\">\u00a0Trofeo Dino Gava: cat. A 1\u00b0 Dino Savaris (Castionese).\u00a0 cat. B 1\u00b0 Walter Serbati (Castionese). cat. C 1\u00b0 Daniele Bianchi (Castionese).\u00a0 <\/span><\/span><\/span><span style=\"color: #000000;\"><span style=\"font-family: Times New Roman, serif;\"><span style=\"font-size: medium;\">&#8211; Trofeo Renato Trevisson: cat. A 1\u00b0 Aldo Barel (Salce), cat. B 1\u00b0 Angelo Robazza (Treviso) &#8211; cat. C 1\u00b0 Aldo Marsora (Treviso).\u00a0<\/span><\/span><\/span><\/p>\n\n\t\t\t<style type='text\/css'>\n\t\t\t\t#gallery-9 {\n\t\t\t\t\tmargin: auto;\n\t\t\t\t}\n\t\t\t\t#gallery-9 .gallery-item {\n\t\t\t\t\tfloat: left;\n\t\t\t\t\tmargin-top: 10px;\n\t\t\t\t\ttext-align: center;\n\t\t\t\t\twidth: 50%;\n\t\t\t\t}\n\t\t\t\t#gallery-9 img {\n\t\t\t\t\tborder: 2px solid #cfcfcf;\n\t\t\t\t}\n\t\t\t\t#gallery-9 .gallery-caption {\n\t\t\t\t\tmargin-left: 0;\n\t\t\t\t}\n\t\t\t\t\/* see gallery_shortcode() in wp-includes\/media.php *\/\n\t\t\t<\/style>\n\t\t<div id='gallery-9' class='dt-gallery-container gallery galleryid-359042 gallery-columns-2 gallery-size-medium'><dl class='gallery-item'>\n\t\t\t\t<dt class='gallery-icon landscape'>\n\t\t\t\t\t<a class=\"rollover rollover-zoom dt-pswp-item\" title=\"Trofeo Dino Gava\" data-dt-img-description=\"\" data-large_image_width=\"2048\" data-large_image_height=\"1153\"href='https:\/\/www.radiopiu.net\/wordpress\/wp-content\/uploads\/2023\/10\/Trofeo-Dino-Gava.jpg'><img loading=\"lazy\" decoding=\"async\" width=\"300\" height=\"169\" src=\"https:\/\/www.radiopiu.net\/wordpress\/wp-content\/uploads\/2023\/10\/Trofeo-Dino-Gava-300x169.jpg\" class=\"attachment-medium size-medium\" alt=\"\" srcset=\"https:\/\/www.radiopiu.net\/wordpress\/wp-content\/uploads\/2023\/10\/Trofeo-Dino-Gava-300x169.jpg 300w, https:\/\/www.radiopiu.net\/wordpress\/wp-content\/uploads\/2023\/10\/Trofeo-Dino-Gava-1024x577.jpg 1024w, https:\/\/www.radiopiu.net\/wordpress\/wp-content\/uploads\/2023\/10\/Trofeo-Dino-Gava-768x432.jpg 768w, https:\/\/www.radiopiu.net\/wordpress\/wp-content\/uploads\/2023\/10\/Trofeo-Dino-Gava-1536x865.jpg 1536w, https:\/\/www.radiopiu.net\/wordpress\/wp-content\/uploads\/2023\/10\/Trofeo-Dino-Gava.jpg 2048w\" sizes=\"auto, (max-width: 300px) 100vw, 300px\" \/><\/a>\n\t\t\t\t<\/dt><\/dl><dl class='gallery-item'>\n\t\t\t\t<dt class='gallery-icon landscape'>\n\t\t\t\t\t<a class=\"rollover rollover-zoom dt-pswp-item\" title=\"Trofeo Renato Trevisson\" data-dt-img-description=\"\" data-large_image_width=\"2048\" data-large_image_height=\"1153\"href='https:\/\/www.radiopiu.net\/wordpress\/wp-content\/uploads\/2023\/10\/Trofeo-Renato-Trevisson.jpg'><img loading=\"lazy\" decoding=\"async\" width=\"300\" height=\"169\" src=\"https:\/\/www.radiopiu.net\/wordpress\/wp-content\/uploads\/2023\/10\/Trofeo-Renato-Trevisson-300x169.jpg\" class=\"attachment-medium size-medium\" alt=\"\" srcset=\"https:\/\/www.radiopiu.net\/wordpress\/wp-content\/uploads\/2023\/10\/Trofeo-Renato-Trevisson-300x169.jpg 300w, https:\/\/www.radiopiu.net\/wordpress\/wp-content\/uploads\/2023\/10\/Trofeo-Renato-Trevisson-1024x577.jpg 1024w, https:\/\/www.radiopiu.net\/wordpress\/wp-content\/uploads\/2023\/10\/Trofeo-Renato-Trevisson-768x432.jpg 768w, https:\/\/www.radiopiu.net\/wordpress\/wp-content\/uploads\/2023\/10\/Trofeo-Renato-Trevisson-1536x865.jpg 1536w, https:\/\/www.radiopiu.net\/wordpress\/wp-content\/uploads\/2023\/10\/Trofeo-Renato-Trevisson.jpg 2048w\" sizes=\"auto, (max-width: 300px) 100vw, 300px\" \/><\/a>\n\t\t\t\t<\/dt><\/dl><br style=\"clear: both\" \/>\n\t\t\t<\/div>\n\n<p>&nbsp;<\/p>\n<hr \/>\n<p>&nbsp;<\/p>\n<blockquote>\n<h3>PRESENTAZIONE DEL LIBRO \u201cIL SACRARIO MILITARE ITALIANO DI FELTRE E I SUOI CADUTI\u201d DI ITALO RIERA<\/h3>\n<\/blockquote>\n<p><strong><a class=\"dt-pswp-item\" href=\"https:\/\/www.radiopiu.net\/wordpress\/wp-content\/uploads\/2023\/03\/ALPINI.png\" data-dt-img-description=\"\" data-large_image_width=\"245\" data-large_image_height=\"208\"><img loading=\"lazy\" decoding=\"async\" class=\" wp-image-326487 alignleft\" src=\"https:\/\/www.radiopiu.net\/wordpress\/wp-content\/uploads\/2023\/03\/ALPINI.png\" alt=\"\" width=\"134\" height=\"114\" \/><\/a>FELTRE\u00a0<\/strong>L&#8217;Associazione Nazionale Alpini svolge un ruolo di preservazione della memoria storica, e il 4 novembre alle 17, nell&#8217;Aula Magna dell&#8217;Istituto &#8216;Colotti&#8217; a Feltre, presenter\u00e0 un volume dedicato ai Caduti italiani della Grande Guerra tumulati nel cimitero di Feltre. Il libro, intitolato &#8220;Il Sacrario Militare Italiano di Feltre e i suoi Caduti,&#8221; \u00e8 frutto di un accurato lavoro condotto dallo storico prof. Italo Riera durato otto anni. Questo lavoro restituisce una storia ai nomi incisi nelle lapidi del Sacrario, riconducendo alla storia personale, familiare e della comunit\u00e0 dei Caduti, fornendo una ricerca appassionata e dettagliata correzione anagrafica. In questo modo si rende un omaggio doveroso ai pi\u00f9 di 1.400 soldati, tra alpini e altri, sepolti nel Sacrario Militare di Feltre. La pubblicazione, patrocinata dalla Regione Veneto e Onor caduti, sar\u00e0 presentata durante un incontro organizzato dalla locale Sezione dell&#8217;A.N.A. in collaborazione con il Comune di Feltre, in occasione della Festa delle Forze Armate e dell&#8217;Unit\u00e0 Nazionale del 4 novembre, alla presenza dell&#8217;autore prof. Italo Riera e dello storico dott. Marco Balbi della Societ\u00e0 Storica per la Guerra Bianca.<\/p>\n<p>&nbsp;<\/p>\n<p>&nbsp;<\/p>\n<hr \/>\n<p>&nbsp;<\/p>\n<blockquote>\n<h3>UN BANDO PER 23 ATLETI DA ASSEGNARE ALLE FIAMME ORO<\/h3>\n<\/blockquote>\n<p><strong>BELLUNO <\/strong>Sul Portale Unico del reclutamento, disponibile all\u2019indirizzo <a href=\"http:\/\/www.inpa.gov.it\">www.inpa.gov.it<\/a> nonch\u00e9 sul sito <a href=\"http:\/\/www.poliziadistato.it\">www.poliziadistato.it<\/a>, in data 27 ottobre 2023, \u00e8 stato pubblicato il bando di concorso pubblico, per titoli per l\u2019assunzione di 23 atleti da assegnare ai gruppi sportivi \u201cPolizia di Stato \u2013 Fiamme Oro\u201d, che saranno inquadrati nel ruolo degli genti e assistenti della Polizia di Stato, con la qualifica di agente. La domanda di partecipazione al concorso deve essere presentata entro il termine di trenta giorni, \u00a0decorrenti dal giorno successivo alla data di pubblicazione del bando sul\u00a0 Portale unico di reclutamento (<a href=\"http:\/\/www.inpa.gov.it\">www.inpa.gov.it<\/a>) o mediante la procedura informatica disponibile all\u2019indirizzo <a href=\"https:\/\/concorsionline.poliziadistato.it\">https:\/\/concorsionline.poliziadistato.it<\/a>.<\/p>\n<p>&nbsp;<\/p>\n<p>&nbsp;<\/p>\n<hr \/>\n<p>&nbsp;<\/p>\n<p><span style=\"color: #ff0000;\"><strong>SALUTE E SOCIETA&#8217;<\/strong><\/span><\/p>\n<blockquote><p><strong><a class=\"dt-pswp-item\" href=\"https:\/\/www.radiopiu.net\/wordpress\/wp-content\/uploads\/2023\/10\/f19ff7b4-4d8a-4704-9d8c-9e49d81d1c17.jpg\" data-dt-img-description=\"\" data-large_image_width=\"800\" data-large_image_height=\"445\"><img loading=\"lazy\" decoding=\"async\" class=\"wp-image-359138 alignleft\" src=\"https:\/\/www.radiopiu.net\/wordpress\/wp-content\/uploads\/2023\/10\/f19ff7b4-4d8a-4704-9d8c-9e49d81d1c17-300x167.jpg\" alt=\"\" width=\"165\" height=\"92\" srcset=\"https:\/\/www.radiopiu.net\/wordpress\/wp-content\/uploads\/2023\/10\/f19ff7b4-4d8a-4704-9d8c-9e49d81d1c17-300x167.jpg 300w, https:\/\/www.radiopiu.net\/wordpress\/wp-content\/uploads\/2023\/10\/f19ff7b4-4d8a-4704-9d8c-9e49d81d1c17-768x427.jpg 768w, https:\/\/www.radiopiu.net\/wordpress\/wp-content\/uploads\/2023\/10\/f19ff7b4-4d8a-4704-9d8c-9e49d81d1c17.jpg 800w\" sizes=\"auto, (max-width: 165px) 100vw, 165px\" \/><\/a>Dermatite atopica<\/strong><\/p><\/blockquote>\n<p>Dermatite atopica, quali sono i dati nel lungo periodo su efficacia e sicurezza di tralokinumab presentati al congresso europeo di dermatologia? Emilia Vaccaro ne ha parlato Simona Tavecchio, del Policlinico di Milano.<\/p>\n<blockquote><p><strong>Solidariet\u00e0 intergenerazionale<\/strong><\/p><\/blockquote>\n<p>Un nuovo rapporto sulla solidariet\u00e0 intergenerazionale rivela il ruolo centrale degli over 65 nella societ\u00e0 italiana.<\/p>\n<p><strong>AUDIO\u00a0<\/strong><\/p>\n<audio class=\"wp-audio-shortcode\" id=\"audio-359042-8\" preload=\"none\" style=\"width: 100%;\" controls=\"controls\"><source type=\"audio\/mpeg\" src=\"https:\/\/www.radiopiu.net\/wordpress\/wp-content\/uploads\/2023\/10\/SALUTE-4.mp3?_=8\" \/><a href=\"https:\/\/www.radiopiu.net\/wordpress\/wp-content\/uploads\/2023\/10\/SALUTE-4.mp3\">https:\/\/www.radiopiu.net\/wordpress\/wp-content\/uploads\/2023\/10\/SALUTE-4.mp3<\/a><\/audio>\n<p>&nbsp;<\/p>\n<p>&nbsp;<\/p>\n<hr \/>\n<p>&nbsp;<\/p>\n<p><iframe loading=\"lazy\" title=\"EPCENTER CON FRANCESCO ZILLIO\" width=\"1200\" height=\"675\" src=\"https:\/\/www.youtube.com\/embed\/rUeGr5ey2vA?feature=oembed\" frameborder=\"0\" allow=\"accelerometer; autoplay; clipboard-write; encrypted-media; gyroscope; picture-in-picture; web-share\" allowfullscreen><\/iframe><\/p>\n<p>&nbsp;<\/p>\n<p>&nbsp;<\/p>\n<hr \/>\n<p>&nbsp;<\/p>\n<blockquote>\n<h3><strong><span style=\"font-family: Arial, serif;\"><img loading=\"lazy\" decoding=\"async\" class=\"alignleft\" src=\"https:\/\/www.radiopiu.net\/wordpress\/wp-content\/uploads\/2023\/10\/monitor-1307227_640.jpg\" width=\"220\" height=\"155\" \/><\/span><\/strong>&#8220;SEMPRE CONNESSI&#8221;, DUE PUNTATE SPECIALI CON LUISA MANFROI<\/h3>\n<\/blockquote>\n<p><strong>REDAZIONE<\/strong> L&#8217;inchiesta della giornalista e insegnante Luisa Manfroi sar\u00e0 messa in onda su Radio Pi\u00f9, frequenze FM lunedi alle 13.05 e martedi alla stessa ora con replica serale alle 20.30.<\/p>\n<h2>PUNTATA 01\u00a0 lunedi 30 10 2023<\/h2>\n<audio class=\"wp-audio-shortcode\" id=\"audio-359042-9\" preload=\"none\" style=\"width: 100%;\" controls=\"controls\"><source type=\"audio\/mpeg\" src=\"https:\/\/www.radiopiu.net\/wordpress\/wp-content\/uploads\/2023\/10\/LUISA-1-IN-ONDA-LUNEDI.mp3?_=9\" \/><a href=\"https:\/\/www.radiopiu.net\/wordpress\/wp-content\/uploads\/2023\/10\/LUISA-1-IN-ONDA-LUNEDI.mp3\">https:\/\/www.radiopiu.net\/wordpress\/wp-content\/uploads\/2023\/10\/LUISA-1-IN-ONDA-LUNEDI.mp3<\/a><\/audio>\n<p>&nbsp;<\/p>\n<h2><span style=\"color: #ff0000;\">PUNTATA 02 martedi 31 10 2023 la seconda puntata in onda oggi alle 13.10 e 20.30<\/span><\/h2>\n<p>&nbsp;<\/p>\n<p>&nbsp;<\/p>\n<hr \/>\n<p>&nbsp;<\/p>\n<blockquote>\n<h3>IERI COME OGGI&#8230; CON SILVIA BALDO<\/h3>\n<\/blockquote>\n<p><img loading=\"lazy\" decoding=\"async\" class=\"alignleft\" src=\"https:\/\/www.radiopiu.net\/wordpress\/wp-content\/uploads\/2023\/09\/309000774_10222572118595513_7956305457803922499_n.jpg\" width=\"89\" height=\"89\" \/><\/p>\n<p><strong>la puntata di ieri, 30 ottobre 2023<\/strong><\/p>\n<audio class=\"wp-audio-shortcode\" id=\"audio-359042-10\" preload=\"none\" style=\"width: 100%;\" controls=\"controls\"><source type=\"audio\/mpeg\" src=\"https:\/\/www.radiopiu.net\/wordpress\/wp-content\/uploads\/2023\/10\/SIBI-2.mp3?_=10\" \/><a href=\"https:\/\/www.radiopiu.net\/wordpress\/wp-content\/uploads\/2023\/10\/SIBI-2.mp3\">https:\/\/www.radiopiu.net\/wordpress\/wp-content\/uploads\/2023\/10\/SIBI-2.mp3<\/a><\/audio>\n<p>LA RACCOLTA COMPLETA <span style=\"color: #0000ff;\"><strong><a style=\"color: #0000ff;\" href=\"https:\/\/www.radiopiu.net\/wordpress\/alle-nove-oggi-come-ieri-di-e-con-silvia-baldo\/\">CLICCA QUI<\/a><\/strong><\/span><\/p>\n<p>&nbsp;<\/p>\n<p>&nbsp;<\/p>\n<hr \/>\n<p>&nbsp;<\/p>\n<h2><span style=\"color: #99cc00;\">EP CENTER CON FRANCESCO ZILIO<\/span><\/h2>\n<p>Si parla di documentazione tecnica a corredo degli impianti a manutenzione<\/p>\n<p><iframe loading=\"lazy\" title=\"EPCENTER CON FRANCESCO ZILLIO\" width=\"1200\" height=\"675\" src=\"https:\/\/www.youtube.com\/embed\/rUeGr5ey2vA?feature=oembed\" frameborder=\"0\" allow=\"accelerometer; autoplay; clipboard-write; encrypted-media; gyroscope; picture-in-picture; web-share\" allowfullscreen><\/iframe><\/p>\n<p>&nbsp;<\/p>\n<hr \/>\n<p>&nbsp;<\/p>\n<h2><span style=\"color: #ff6600;\">IERI ALLA RADIO<\/span><\/h2>\n<h2><span style=\"color: #808000;\">PERITI MINERARI DALL\u2019AGORDINO AL MONDO<\/span><\/h2>\n<p><strong>REDAZIONE<\/strong> Continua la serie di racconti con i periti minerari agordini. Ieri la terza ed ultima parte una lunga intervista suddivisa in tre parti a Ivan Gaz. I racconti dei periti minerari agordini che hanno lavorato nel mondo, ogni luned\u00ec alle 10:30 e alle 19 su Radio Pi\u00f9.<\/p>\n<p><iframe loading=\"lazy\" title=\"IVAN GAZ\" width=\"1200\" height=\"675\" src=\"https:\/\/www.youtube.com\/embed\/8ZGNWmLjne0?feature=oembed\" frameborder=\"0\" allow=\"accelerometer; autoplay; clipboard-write; encrypted-media; gyroscope; picture-in-picture; web-share\" allowfullscreen><\/iframe><\/p>\n<p>&nbsp;<\/p>\n<p><strong>LA RACCOLTA COMPLETA <a href=\"https:\/\/www.radiopiu.net\/wordpress\/periti-minerari-dallagordino-al-mondo\/\">clicca qui<\/a><\/strong><\/p>\n<p>&nbsp;<\/p>\n<h2><span style=\"color: #00ccff;\">I RACCONTI DI PAOLO SOPPLESA &#8211; LA 200ESIMA PUNTATA<\/span><\/h2>\n<p><strong>DOPO LA TEMPESTA<\/strong><\/p>\n<p><strong>AUDIO<\/strong><\/p>\n<audio class=\"wp-audio-shortcode\" id=\"audio-359042-11\" preload=\"none\" style=\"width: 100%;\" controls=\"controls\"><source type=\"audio\/mpeg\" src=\"https:\/\/www.radiopiu.net\/wordpress\/wp-content\/uploads\/2023\/10\/PAOLOS-1.mp3?_=11\" \/><a href=\"https:\/\/www.radiopiu.net\/wordpress\/wp-content\/uploads\/2023\/10\/PAOLOS-1.mp3\">https:\/\/www.radiopiu.net\/wordpress\/wp-content\/uploads\/2023\/10\/PAOLOS-1.mp3<\/a><\/audio>\n<p>&nbsp;<\/p>\n<p><a class=\"dt-pswp-item\" href=\"https:\/\/www.radiopiu.net\/wordpress\/wp-content\/uploads\/2023\/10\/316d75be-02d8-4dc0-8f75-bcc67c09caae.jpg\" data-dt-img-description=\"\" data-large_image_width=\"1200\" data-large_image_height=\"1600\"><img loading=\"lazy\" decoding=\"async\" class=\" wp-image-358897 alignleft\" src=\"https:\/\/www.radiopiu.net\/wordpress\/wp-content\/uploads\/2023\/10\/316d75be-02d8-4dc0-8f75-bcc67c09caae-225x300.jpg\" alt=\"\" width=\"161\" height=\"215\" srcset=\"https:\/\/www.radiopiu.net\/wordpress\/wp-content\/uploads\/2023\/10\/316d75be-02d8-4dc0-8f75-bcc67c09caae-225x300.jpg 225w, https:\/\/www.radiopiu.net\/wordpress\/wp-content\/uploads\/2023\/10\/316d75be-02d8-4dc0-8f75-bcc67c09caae-768x1024.jpg 768w, https:\/\/www.radiopiu.net\/wordpress\/wp-content\/uploads\/2023\/10\/316d75be-02d8-4dc0-8f75-bcc67c09caae-1152x1536.jpg 1152w, https:\/\/www.radiopiu.net\/wordpress\/wp-content\/uploads\/2023\/10\/316d75be-02d8-4dc0-8f75-bcc67c09caae.jpg 1200w\" sizes=\"auto, (max-width: 161px) 100vw, 161px\" \/><\/a>Quando fuoco pioggia e vento si erano placati era gi\u00e0 novembre. La tempesta era passata con tutta la sua ferocia togliendo l&#8217;autunno dai rami e portando l&#8217;inverno nell&#8217;anima degli uomini e delle montagne. Dopo la met\u00e0 del mese triste sulle valli era calato un possente silenzio, l&#8217;acqua dei torrenti era ritornata a scorrere negli alvei sconvolti, il rombo potente dei gruppi elettrogeni era ormai svanito ed io, nel pomeriggio di una umida domenica, mi ero recato nuovamente nel bosco ferito. L&#8217;avevo gi\u00e0 visitato nei giorni appena successivi al disastro, i giorni degli elicotteri che volavano in direzione dell&#8217;Alto Agordino e dei pensieri che si accavallavano di fronte ai grovigli di alberi schiantati. Avevo vissuto il tempo delle colonne dei camion dei soccorsi in fila lungo l&#8217;Agordina e dell&#8217;acqua ancora tumultuosa e marrone del Cordevole, ora invece stavo vivendo il tempo della classica quiete dopo la tempesta. L&#8217;autunno era solamente nel cielo plumbeo di quella domenica, nel bosco e nel cuore invece era stagione dei silenzi. Piovigginava a tratti in quel grigio primo pomeriggio e dall&#8217;orlo del monte ammiravo un paesaggio stanco. Laggi\u00f9 in basso il lago del Ghirlo non c&#8217;era pi\u00f9, solo ghiaia e fango al posto delle acque dove fino a qualche settimana prima si specchiava il Pelsa. Nel bosco, invece, la tristezza era indotta dalla visione dei due grandi abeti distesi malinconicamente a terra. Erano i patriarchi del bosco, probabilmente i pi\u00f9 anziani; uno era quello &#8220;de confin&#8221;, cresciuto imponente su di un piccolo pendio, era uno dei simboli di questo bosco, riconoscibile, oltre che dalla sua mole, anche dal vistoso segno rosso del confine disegnato sul tronco. L&#8217;altro, situato ad una cinquantina di metri, svettava su di un piccolo colle dalla sommit\u00e0 del quale sorvegliava quel pianoro che un tempo era prato. I due grandi abeti erano i veterani del bosco, guardiani silenziosi del monte, depositari di tante storie. Chiss\u00e0 quante volte i nonni avevano riposato sotto alle loro fronde mentre falciavano il grande prato. Avevano resistito alle imponenti nevicate di tanti inverni passati e pure all&#8217;alluvione del &#8217;66 che aveva provocato danni anche in questi luoghi. Questa volta, invece, la tempesta li aveva stesi senza piet\u00e0 durante quella triste sera del 29 ottobre. Li osservavo e li immaginavo guardarsi increduli mentre quel terribile vento li piegava. Chiss\u00e0 se avevano capito a quale destino stavano andando incontro. L&#8217;abete del &#8220;confin&#8221;, imponente, con i rami della parte bassa grossi quanto un braccio, aveva lottato senza spezzarsi ed era caduto sollevando le radici. Il suo dirimpettaio invece si era brutalmente spezzato, lasciando una &#8220;zoca&#8221; sventrata che faceva intuire la violenza che aveva dovuto subire. Il cielo grigio di novembre e quella pioggia che scendeva sottile regalavano un&#8217;immagine funerea al monte. In quei momenti pensavo che forse non sarei nemmeno dovuto salire lass\u00f9, forse il bosco in quei giorni voleva starsene da solo a guarire le sue ferite. Mi sentivo quasi di troppo nel silenzio di pietra che avvolgeva la montagna, sentivo di aver ferito la sua anima spenta. Seduto su una &#8220;zoca&#8221; osservavo i rami spogli dei faggi e pensavo che la montagna, in fondo, non \u00e8 solo splendidi colori pace e tranquillit\u00e0. No, \u00e8 anche un ambiente che talvolta pu\u00f2 diventare severo e silenzioso. Nuvole cariche di altra pioggia risalivano i costoni coperti di larici ormai addormentati, mentre nel bosco gli alberi schiantati crepitavano emettendo schiocchi improvvisi e severi. &#8220;&#8230;grazie Paolo per essere venuto a farci visita, ma ora vai, lasciaci soli a guarire la nostra anima ferita\u2026&#8221;. Cos\u00ec parlarono gli alberi mentre il pomeriggio iniziava a tramutarsi in sera. Era tempo di andare, di lasciare quella quiete dolorosa del dopo tempesta; quando sarei tornato, forse, avrei trovato la neve e nuovi silenzi d&#8217;inizio inverno.<\/p>\n<p>&nbsp;<\/p>\n<hr \/>\n<p>&nbsp;<\/p>\n<blockquote>\n<h3>LA MESSA PER I CADUTI DELLA MONTAGNA<\/h3>\n<\/blockquote>\n<p><strong>AGORDO<\/strong> Nella Chiesa Arcidiaconale di Agordo la Santa Messa per i Caduti della Montagna. Il Coro Agordo ha ricordato quanti, a noi vicini, ora cantano assieme alle schiere celesti, sopra quelle cime, quelle valli, quei boschi che tanto hanno amato. Un momento di preghiera e di contemplazione.<\/p>\n<p><strong>LA DIRETTA RADIO PIU&#8217;<\/strong><\/p>\n<p><iframe loading=\"lazy\" title=\"LA SANTA MESSA PER I CADUTI DELLA MONTAGNA - 29 ottobre 2023\" width=\"1200\" height=\"675\" src=\"https:\/\/www.youtube.com\/embed\/kxaiTcjZQsw?feature=oembed\" frameborder=\"0\" allow=\"accelerometer; autoplay; clipboard-write; encrypted-media; gyroscope; picture-in-picture; web-share\" allowfullscreen><\/iframe><\/p>\n<p>&nbsp;<\/p>\n<blockquote>\n<h3>girovagando in ebike tra le Dolomiti<\/h3>\n<\/blockquote>\n<div style=\"width: 848px;\" class=\"wp-video\"><video class=\"wp-video-shortcode\" id=\"video-359042-2\" width=\"848\" height=\"480\" preload=\"metadata\" controls=\"controls\"><source type=\"video\/mp4\" src=\"https:\/\/www.radiopiu.net\/wordpress\/wp-content\/uploads\/2023\/10\/WhatsApp-Video-2023-10-29-at-17.19.06.mp4?_=2\" \/><a href=\"https:\/\/www.radiopiu.net\/wordpress\/wp-content\/uploads\/2023\/10\/WhatsApp-Video-2023-10-29-at-17.19.06.mp4\">https:\/\/www.radiopiu.net\/wordpress\/wp-content\/uploads\/2023\/10\/WhatsApp-Video-2023-10-29-at-17.19.06.mp4<\/a><\/video><\/div>\n<p>&nbsp;<\/p>\n<hr \/>\n<blockquote>\n<h2><\/h2>\n<h2>QUARANT&#8217;ANNI DI AUTOCAR SAN LUCANO<\/h2>\n<\/blockquote>\n<p><strong>TAIBON<\/strong> Grande festa a Taibon. In questi giorni l&#8217;Autocar San Lucano festeggia i quarant&#8217;anni di attivit\u00e0.<\/p>\n<p><strong>LA DIRETTA RADIO PIU&#8217;<\/strong><\/p>\n<p><iframe loading=\"lazy\" title=\"40 anni Autocar San Lucano Taibon\" width=\"1200\" height=\"675\" src=\"https:\/\/www.youtube.com\/embed\/kz953qHtfgA?feature=oembed\" frameborder=\"0\" allow=\"accelerometer; autoplay; clipboard-write; encrypted-media; gyroscope; picture-in-picture; web-share\" allowfullscreen><\/iframe><\/p>\n<p>&nbsp;<\/p>\n<p>&nbsp;<\/p>\n<hr \/>\n<p>&nbsp;<\/p>\n<h2><span style=\"color: #ff0000;\">GLI APPUNTAMENTI DELLA SETTIMANA\u00a0 \u00a0\u00a0<\/span><\/h2>\n<p>&nbsp;<\/p>\n<div class=\"gmail_attr\">\n<blockquote>\n<h3><a class=\"dt-pswp-item\" href=\"https:\/\/www.radiopiu.net\/wordpress\/wp-content\/uploads\/2023\/10\/Le-fornaci-in-localita-Fant.jpg\" data-dt-img-description=\"\" data-large_image_width=\"508\" data-large_image_height=\"631\"><img loading=\"lazy\" decoding=\"async\" class=\"wp-image-359127 alignleft\" src=\"https:\/\/www.radiopiu.net\/wordpress\/wp-content\/uploads\/2023\/10\/Le-fornaci-in-localita-Fant-242x300.jpg\" alt=\"\" width=\"166\" height=\"206\" srcset=\"https:\/\/www.radiopiu.net\/wordpress\/wp-content\/uploads\/2023\/10\/Le-fornaci-in-localita-Fant-242x300.jpg 242w, https:\/\/www.radiopiu.net\/wordpress\/wp-content\/uploads\/2023\/10\/Le-fornaci-in-localita-Fant.jpg 508w\" sizes=\"auto, (max-width: 166px) 100vw, 166px\" \/><\/a>PASSEGGIATA ANIMATA IN NOTTURNA<\/h3>\n<\/blockquote>\n<p><strong>SOSPIROLO<\/strong>\u00a0 Nell&#8217;ambito di \u201cVeneto, spettacoli di mistero\u201d proposto dalla Pro loco \u201cMonti del Sole\u201d\u00a0 venerd\u00ec\u00a0 passeggiata in notturna \u201cIl mistero del testamento scomparso (tra le fiamme?)\u201d. Guidati da lanterne, i partecipanti si avventureranno tra le Masiere e si imbatteranno nelle leggende di Cornia. Ritrovo\u00a0 alle 20.30 in localit\u00e0 Sass Muss. Informazioni\u00a0 320 334 2082.<\/p>\n<\/div>\n<p>Nella foto le fornaci in localit\u00e0 Fant che si vedranno nel percorso.<\/p>\n<p>&nbsp;<\/p>\n<hr \/>\n<blockquote>\n<h3><\/h3>\n<h3>AD AGORDO UN INCONTRO PER PARLARE DELLA RIFORMA DELLO SPORT<\/h3>\n<\/blockquote>\n<p><strong>AGORDO<\/strong> L&#8217;AICS di Belluno in collaborazione con l&#8217;Unione Montana Agordina organizza un incontro in Sala Don Tamis per parlare della riforma dello sport. La serata si svolger\u00e0 venerd\u00ec 3 novembre alle 20:30. &#8220;Lavoratori Volontari Nello Sport&#8221; il titolo della serata a cura di Bianca Maria Stivanello, Avvocato cassazionista che si occupa di diritto e fiscalit\u00e0 dello sport e del terzo settore.<\/p>\n<p>&nbsp;<\/p>\n<hr \/>\n<p>&nbsp;<\/p>\n<blockquote>\n<h3>LA MONTAGNA \u201cTERMOMETRO\u201d DEI CAMBIAMENTI CLIMATICI<\/h3>\n<\/blockquote>\n<p><strong>BORGO VALBELLUNA <\/strong>Sar\u00e0 Luca Mercalli (in videoconferenza) il protagonista della serata organizzata per venerd\u00ec 3 novembre all&#8217;Auditorium di San Pietro a Mel di Borgo Valbelluna da ArtDolomites, Comune di Borgo Valbelluna e Gruppo Natura Lentiai all&#8217;interno del progetto \u201cRiflessioni d&#8217;acqua\u201d. Venerd\u00ec alle 20:30<\/p>\n<p>&nbsp;<\/p>\n<hr \/>\n<p>&nbsp;<\/p>\n<blockquote>\n<h3>TRADIZIONE VENETA E MUSICHE POPOLARI DELL&#8217;EST EUROPEO<\/h3>\n<\/blockquote>\n<p><strong><a class=\"dt-pswp-item\" href=\"https:\/\/www.radiopiu.net\/wordpress\/wp-content\/uploads\/2023\/10\/Senza-nome-71.png\" data-dt-img-description=\"\" data-large_image_width=\"421\" data-large_image_height=\"204\"><img loading=\"lazy\" decoding=\"async\" class=\" wp-image-358460 alignleft\" src=\"https:\/\/www.radiopiu.net\/wordpress\/wp-content\/uploads\/2023\/10\/Senza-nome-71-300x145.png\" alt=\"\" width=\"288\" height=\"139\" srcset=\"https:\/\/www.radiopiu.net\/wordpress\/wp-content\/uploads\/2023\/10\/Senza-nome-71-300x145.png 300w, https:\/\/www.radiopiu.net\/wordpress\/wp-content\/uploads\/2023\/10\/Senza-nome-71.png 421w\" sizes=\"auto, (max-width: 288px) 100vw, 288px\" \/><\/a>AGORDO<\/strong> Sabato 4 NOVEMBRE\u00a0 alle 20,30 nella sala \u201cdon Tamis\u201d di Agordo, il Circolo Culturale Agordino e Agordo Musica presentano lo spettacolo di musica, parole e testimonianza dal titolo\u00a0 Holdomor, la carestia artificiale del 1932-1933.<\/p>\n<p>&nbsp;<\/p>\n<hr \/>\n<blockquote>\n<h3><\/h3>\n<h3>LA CENA DELLA CLASSE 1968<\/h3>\n<\/blockquote>\n<p><strong>FALCADE<\/strong> La Classe 1968 Agordino organizza per sabato 4 novembre alle 20 all&#8217;Hotel Cristal di Falcade la mitica cena!!! Tutti i Coscritti dell&#8217;Agordino sono invitati!!! Musica con DJ e dalle ore 24 aperto a tutti!!! Per info e prenotazioni chiama l&#8217;Hotel Cristal allo 0437 507356 entro luned\u00ec 30 ottobre. \u2026.1968&#8230;. UN&#8217;ANNATA SPECIALE!!!!<\/p>\n<p>&nbsp;<\/p>\n<hr \/>\n<blockquote>\n<h3><\/h3>\n<h3>VOCALI&#8230; DOMENICA 5 NOVEMBRE A BELLUNO<\/h3>\n<\/blockquote>\n<p><strong><a class=\"dt-pswp-item\" href=\"https:\/\/www.radiopiu.net\/wordpress\/wp-content\/uploads\/2023\/10\/7270f9bd-47e1-476d-ad81-f4e106f4eb78.jpg\" data-dt-img-description=\"\" data-large_image_width=\"1080\" data-large_image_height=\"1080\"><img loading=\"lazy\" decoding=\"async\" class=\"wp-image-358676 alignleft\" src=\"https:\/\/www.radiopiu.net\/wordpress\/wp-content\/uploads\/2023\/10\/7270f9bd-47e1-476d-ad81-f4e106f4eb78-300x300.jpg\" alt=\"\" width=\"206\" height=\"206\" srcset=\"https:\/\/www.radiopiu.net\/wordpress\/wp-content\/uploads\/2023\/10\/7270f9bd-47e1-476d-ad81-f4e106f4eb78-300x300.jpg 300w, https:\/\/www.radiopiu.net\/wordpress\/wp-content\/uploads\/2023\/10\/7270f9bd-47e1-476d-ad81-f4e106f4eb78-1024x1024.jpg 1024w, https:\/\/www.radiopiu.net\/wordpress\/wp-content\/uploads\/2023\/10\/7270f9bd-47e1-476d-ad81-f4e106f4eb78-150x150.jpg 150w, https:\/\/www.radiopiu.net\/wordpress\/wp-content\/uploads\/2023\/10\/7270f9bd-47e1-476d-ad81-f4e106f4eb78-768x768.jpg 768w, https:\/\/www.radiopiu.net\/wordpress\/wp-content\/uploads\/2023\/10\/7270f9bd-47e1-476d-ad81-f4e106f4eb78.jpg 1080w\" sizes=\"auto, (max-width: 206px) 100vw, 206px\" \/><\/a>Le VocAli<\/strong> sono STRUMENTI SONORI che possono essere potenziati nelle nostre azioni quotidiane e nei nostri percorsi di ricerca interiore. Conoscerle e sperimentarle \u00e8 un buon modo per imparare ad usarle e per comprendere quanto sia potente la nostra Voce. Il seminario del 5 novembre a Belluno propone proprio questo: sperimentarne la potenza per portarle poi nel quotidiano. \u00a0Domenica 5 novembre a Belluno, \u00a0dettagli e prenotazioni\u00a0 340 051 5900<\/p>\n<p><strong>ALLA RADIO Con Elion,\u00a0 Elena pontini<\/strong><\/p>\n<audio class=\"wp-audio-shortcode\" id=\"audio-359042-12\" preload=\"none\" style=\"width: 100%;\" controls=\"controls\"><source type=\"audio\/mpeg\" src=\"https:\/\/www.radiopiu.net\/wordpress\/wp-content\/uploads\/2023\/10\/mondo-vocali.mp3?_=12\" \/><a href=\"https:\/\/www.radiopiu.net\/wordpress\/wp-content\/uploads\/2023\/10\/mondo-vocali.mp3\">https:\/\/www.radiopiu.net\/wordpress\/wp-content\/uploads\/2023\/10\/mondo-vocali.mp3<\/a><\/audio>\n<p>&nbsp;<\/p>\n<blockquote>\n<h3>MAGICOLERIA CON LA PRO LOCO PIEVE CASTIONESE<\/h3>\n<\/blockquote>\n<p><strong>BELLUNO <\/strong>Dopo la timida ripresa dell\u2019anno scorso, ritorna alla grande &#8220;MAGICOLERIA&#8221;, rassegna di teatro e spettacoli per famiglie giunta alla terza edizione, organizzata dalla Pro Loco Pieve Castionese . Con la consulenza di un maestro del teatro di strada come Paolo Rech, un cartellone magico, ricco di sorprese e poesia. Alberto De Bastiani ci far\u00e0 rivivere le avventure di Pinocchio tra il teatro del racconto e il teatro di burattini. Paolo Rech ci riporter\u00e0 alle origini della maschera pi\u00f9 famosa al mondo, quella di Arlecchino. Giulia Rossi e Paolo Piludu tra clownery, improvvisazione e trucchi di magia ci lasceranno a bocca aperta.<\/p>\n<p><strong>05 NOVEMBRE &#8211; DOMENICA ALLE 18:00 &#8211; LA STORIA DI PINOCCHIO <\/strong>Con pochi oggetti, tutti di legno, un piccolo teatro dei burattini e qualche pupazzo, un solo attore racconta e d\u00e0 voce a questa storia.<\/p>\n<p><strong>19 NOVEMBRE &#8211; DOMENICA ALLE 18:00 &#8211; QUEL DIAVOLO DI ARLECCHINO <\/strong>Spettacolo di maschere e burattini di e con Paolo Rech. Alichino, Harlequin, Hellequin, Herlaking, tanti nomi per un unico personaggio dalle origini diaboliche: Arlecchino. Il simpatico eroe della Commedia dell&#8217;Arte, prima di essere quel servitore bonaccione e un po&#8217; sciocco che tutti conosciamo, ha avuto un passato glorioso tra le schiere infernali<\/p>\n<p><strong>03 DICEMBRE &#8211; DOMENICA ALLE 18:00 &#8211; FARABUTTI E FARABULONI <\/strong>Con \u201ci 4 elementi\u201d di\u00a0Giulia Rossi e Paolo Piludu. Spettacolo di Clown e magia comica.<\/p>\n<p>Tutti gli spettacoli si terranno presso il teatro San Gaetano di Castion (BL). Ingresso 6\u20ac.<\/p>\n\n\t\t\t<style type='text\/css'>\n\t\t\t\t#gallery-10 {\n\t\t\t\t\tmargin: auto;\n\t\t\t\t}\n\t\t\t\t#gallery-10 .gallery-item {\n\t\t\t\t\tfloat: left;\n\t\t\t\t\tmargin-top: 10px;\n\t\t\t\t\ttext-align: center;\n\t\t\t\t\twidth: 25%;\n\t\t\t\t}\n\t\t\t\t#gallery-10 img {\n\t\t\t\t\tborder: 2px solid #cfcfcf;\n\t\t\t\t}\n\t\t\t\t#gallery-10 .gallery-caption {\n\t\t\t\t\tmargin-left: 0;\n\t\t\t\t}\n\t\t\t\t\/* see gallery_shortcode() in wp-includes\/media.php *\/\n\t\t\t<\/style>\n\t\t<div id='gallery-10' class='dt-gallery-container gallery galleryid-359042 gallery-columns-4 gallery-size-thumbnail'><dl class='gallery-item'>\n\t\t\t\t<dt class='gallery-icon portrait'>\n\t\t\t\t\t<a class=\"rollover rollover-zoom dt-pswp-item\" title=\"MAGICOLERIA 2023-A3 CORRETTO\" data-dt-img-description=\"\" data-large_image_width=\"1754\" data-large_image_height=\"2480\"href='https:\/\/www.radiopiu.net\/wordpress\/wp-content\/uploads\/2023\/10\/MAGICOLERIA-2023-A3-CORRETTO.jpg'><img loading=\"lazy\" decoding=\"async\" width=\"150\" height=\"150\" src=\"https:\/\/www.radiopiu.net\/wordpress\/wp-content\/uploads\/2023\/10\/MAGICOLERIA-2023-A3-CORRETTO-150x150.jpg\" class=\"attachment-thumbnail size-thumbnail\" alt=\"\" \/><\/a>\n\t\t\t\t<\/dt><\/dl><dl class='gallery-item'>\n\t\t\t\t<dt class='gallery-icon landscape'>\n\t\t\t\t\t<a class=\"rollover rollover-zoom dt-pswp-item\" title=\"buona-pinocchio\" data-dt-img-description=\"\" data-large_image_width=\"2048\" data-large_image_height=\"1356\"href='https:\/\/www.radiopiu.net\/wordpress\/wp-content\/uploads\/2023\/10\/buona-pinocchio.jpeg'><img loading=\"lazy\" decoding=\"async\" width=\"150\" height=\"150\" src=\"https:\/\/www.radiopiu.net\/wordpress\/wp-content\/uploads\/2023\/10\/buona-pinocchio-150x150.jpeg\" class=\"attachment-thumbnail size-thumbnail\" alt=\"\" \/><\/a>\n\t\t\t\t<\/dt><\/dl><dl class='gallery-item'>\n\t\t\t\t<dt class='gallery-icon portrait'>\n\t\t\t\t\t<a class=\"rollover rollover-zoom dt-pswp-item\" title=\"Quel diavolo di Arlecchino\" data-dt-img-description=\"\" data-large_image_width=\"2333\" data-large_image_height=\"2560\"href='https:\/\/www.radiopiu.net\/wordpress\/wp-content\/uploads\/2023\/10\/Quel-diavolo-di-Arlecchino-scaled.jpeg'><img loading=\"lazy\" decoding=\"async\" width=\"150\" height=\"150\" src=\"https:\/\/www.radiopiu.net\/wordpress\/wp-content\/uploads\/2023\/10\/Quel-diavolo-di-Arlecchino-150x150.jpeg\" class=\"attachment-thumbnail size-thumbnail\" alt=\"\" \/><\/a>\n\t\t\t\t<\/dt><\/dl><dl class='gallery-item'>\n\t\t\t\t<dt class='gallery-icon portrait'>\n\t\t\t\t\t<a class=\"rollover rollover-zoom dt-pswp-item\" title=\"i-4-elementi-farabutti-faraboloni-9\" data-dt-img-description=\"\" data-large_image_width=\"1636\" data-large_image_height=\"2489\"href='https:\/\/www.radiopiu.net\/wordpress\/wp-content\/uploads\/2023\/10\/i-4-elementi-farabutti-faraboloni-9.jpeg'><img loading=\"lazy\" decoding=\"async\" width=\"150\" height=\"150\" src=\"https:\/\/www.radiopiu.net\/wordpress\/wp-content\/uploads\/2023\/10\/i-4-elementi-farabutti-faraboloni-9-150x150.jpeg\" class=\"attachment-thumbnail size-thumbnail\" alt=\"\" \/><\/a>\n\t\t\t\t<\/dt><\/dl><br style=\"clear: both\" \/>\n\t\t\t<\/div>\n\n<p>&nbsp;<\/p>\n<p>&nbsp;<\/p>\n<hr \/>\n<p>&nbsp;<\/p>\n<div class=\"message spoilers-container\" dir=\"auto\">\n<div class=\"column\">\n<div class=\"message spoilers-container\" dir=\"auto\">\n<div class=\"column\">\n<p><img loading=\"lazy\" decoding=\"async\" class=\"aligncenter wp-image-61954 size-full\" src=\"https:\/\/www.radiopiu.net\/wordpress\/wp-content\/uploads\/2018\/09\/viabilita.jpeg\" sizes=\"auto, (max-width: 800px) 100vw, 800px\" srcset=\"https:\/\/www.radiopiu.net\/wordpress\/wp-content\/uploads\/2018\/09\/viabilita.jpeg 800w, https:\/\/www.radiopiu.net\/wordpress\/wp-content\/uploads\/2018\/09\/viabilita-300x38.jpeg 300w, https:\/\/www.radiopiu.net\/wordpress\/wp-content\/uploads\/2018\/09\/viabilita-768x96.jpeg 768w\" alt=\"\" width=\"800\" height=\"100\" \/><\/p>\n<\/div>\n<\/div>\n<div class=\"message spoilers-container\" dir=\"auto\">\n<div class=\"column\">\n<p>&nbsp;<\/p>\n<\/div>\n<\/div>\n<\/div>\n<\/div>\n<blockquote class=\"wp-embedded-content\" data-secret=\"0FLJYoILRX\"><p><a href=\"https:\/\/www.radiopiu.net\/wordpress\/viabilita\/\">viabilita<\/a><\/p><\/blockquote>\n<p><iframe loading=\"lazy\" class=\"wp-embedded-content\" sandbox=\"allow-scripts\" security=\"restricted\" style=\"position: absolute; clip: rect(1px, 1px, 1px, 1px);\" title=\"&#8220;viabilita&#8221; &#8212; Radio Pi\u00f9\" src=\"https:\/\/www.radiopiu.net\/wordpress\/viabilita\/embed\/#?secret=SUVGGlIXKI#?secret=0FLJYoILRX\" data-secret=\"0FLJYoILRX\" width=\"600\" height=\"338\" frameborder=\"0\" marginwidth=\"0\" marginheight=\"0\" scrolling=\"no\"><\/iframe><\/p>\n<div class=\"message spoilers-container\" dir=\"auto\">\n<div class=\"column\">\n<div class=\"message spoilers-container\" dir=\"auto\">\n<div class=\"column\">\n<div>\n<div dir=\"ltr\">\n<div class=\"gmail_quote\">\n<div dir=\"ltr\">\n<div><\/div>\n<div><\/div>\n<\/div>\n<\/div>\n<\/div>\n<\/div>\n<hr \/>\n<p>&nbsp;<\/p>\n<p><a class=\"dt-pswp-item\" href=\"https:\/\/www.radiopiu.net\/wordpress\/wp-content\/uploads\/2018\/09\/WhatsApp-Image-2018-09-20-at-16.04.06.jpeg\" data-dt-img-description=\"\" data-large_image_width=\"800\" data-large_image_height=\"100\"><img loading=\"lazy\" decoding=\"async\" class=\"wp-image-61378 size-full aligncenter\" src=\"https:\/\/www.radiopiu.net\/wordpress\/wp-content\/uploads\/2018\/09\/WhatsApp-Image-2018-09-20-at-16.04.06.jpeg\" alt=\"\" width=\"800\" height=\"100\" srcset=\"https:\/\/www.radiopiu.net\/wordpress\/wp-content\/uploads\/2018\/09\/WhatsApp-Image-2018-09-20-at-16.04.06.jpeg 800w, https:\/\/www.radiopiu.net\/wordpress\/wp-content\/uploads\/2018\/09\/WhatsApp-Image-2018-09-20-at-16.04.06-300x38.jpeg 300w, https:\/\/www.radiopiu.net\/wordpress\/wp-content\/uploads\/2018\/09\/WhatsApp-Image-2018-09-20-at-16.04.06-768x96.jpeg 768w\" sizes=\"auto, (max-width: 800px) 100vw, 800px\" \/><\/a><\/p>\n<\/div>\n<\/div>\n<p>&nbsp;<\/p>\n<p><b>OGGI: <\/b>Nuvoloso o molto nuvoloso fino al mattino, poi schiarite via via pi\u00f9 ampie a partire da Prealpi occidentali in estensione nel pomeriggio a Dolomiti. In serata sereno o poco nuvoloso ovunque.<br \/>\n<b>Precipitazioni: <\/b>Fino alle prime ore della notte precipitazioni forti diffuse, poi possibile pausa seguita da una ripresa di rovesci sparsi al mattino, in attenuazione ed esaurimento a partire da prealpi ovest. Generale esaurimento dei fenomeni ovunque entro sera.<br \/>\n<b>Temperature: <\/b>In calo in quota a partire da met\u00e0 giornata, con minime raggiunte in serata<\/p>\n<p><b>DOMANI: <\/b>Al mattino sereno o poco nuvoloso con qualche nube bassa nei fondovalle e prime sottili velature su Prealpi. Dalle ore centrali nubi in aumento a partire da Prealpi con cielo nuvoloso dal pomeriggio, e verso sera anche su Dolomiti. <b>Precipitazioni: <\/b>Dalle ore centrali probabilit\u00e0 in aumento su Prealpi veronesi e vicentine per pioviggine o debole pioggia in estensione al bellunese verso sera; generalmente assenti su Dolomiti settentrionali o al pi\u00f9 qualche pioviggine in tarda serata.\u00a0 Temperature in generale calo le minime a fondovalle, massime pressoch\u00e8 stazionarie.<\/p>\n<p><strong>GIOVEDI<\/strong> Aumento delle nubi fino a molto nuvoloso o coperto con precipitazioni in estensione da Prealpi a Dolomiti, diffuse e moderate dal pomeriggio, fino a localmente forti dalla sera. Temperature in contenuto aumento.<\/p>\n<\/div>\n<\/div>\n<p><strong>VENERDI<\/strong> Variabile con nuvolosit\u00e0 estesa fino al primo mattino, poi qualche irregolare schiarita seguita da un nuovo aumento delle nubi a met\u00e0 giornata con cielo per lo pi\u00f9 nuvoloso. Possibili deboli precipitazioni fino al mattino in esaurimento dal pomeriggio. Temperature in generale calo.<\/p>\n<p>&nbsp;<\/p>\n<div class=\"message spoilers-container\" dir=\"auto\">\n<hr \/>\n<p>&nbsp;<\/p>\n<p><img loading=\"lazy\" decoding=\"async\" class=\"wp-image-60761 size-full aligncenter\" src=\"https:\/\/www.radiopiu.net\/wordpress\/wp-content\/uploads\/2018\/09\/sport.jpg\" alt=\"\" width=\"800\" height=\"100\" srcset=\"https:\/\/www.radiopiu.net\/wordpress\/wp-content\/uploads\/2018\/09\/sport.jpg 800w, https:\/\/www.radiopiu.net\/wordpress\/wp-content\/uploads\/2018\/09\/sport-300x38.jpg 300w, https:\/\/www.radiopiu.net\/wordpress\/wp-content\/uploads\/2018\/09\/sport-768x96.jpg 768w\" sizes=\"auto, (max-width: 800px) 100vw, 800px\" \/><\/p>\n<p>&nbsp;<\/p>\n<p><span style=\"color: #0000ff;\"><strong>CORSA SU STRADA<\/strong><\/span><\/p>\n<blockquote>\n<h3>CAMPIONATI NAZIONALI DI CORSA SU STRADA CSI: LA SODDISFAZIONE DI FERNANDO SOCCOL<\/h3>\n<\/blockquote>\n<p><strong><a class=\"dt-pswp-item\" href=\"https:\/\/www.radiopiu.net\/wordpress\/wp-content\/uploads\/2023\/10\/3\u00a9EchidiAlessandroSogne_camp_naz_agordo_2023_1.jpg\" data-dt-img-description=\"\" data-large_image_width=\"1200\" data-large_image_height=\"800\"><img loading=\"lazy\" decoding=\"async\" class=\" wp-image-359027 alignleft\" src=\"https:\/\/www.radiopiu.net\/wordpress\/wp-content\/uploads\/2023\/10\/3\u00a9EchidiAlessandroSogne_camp_naz_agordo_2023_1-300x200.jpg\" alt=\"\" width=\"185\" height=\"123\" srcset=\"https:\/\/www.radiopiu.net\/wordpress\/wp-content\/uploads\/2023\/10\/3\u00a9EchidiAlessandroSogne_camp_naz_agordo_2023_1-300x200.jpg 300w, https:\/\/www.radiopiu.net\/wordpress\/wp-content\/uploads\/2023\/10\/3\u00a9EchidiAlessandroSogne_camp_naz_agordo_2023_1-1024x683.jpg 1024w, https:\/\/www.radiopiu.net\/wordpress\/wp-content\/uploads\/2023\/10\/3\u00a9EchidiAlessandroSogne_camp_naz_agordo_2023_1-768x512.jpg 768w, https:\/\/www.radiopiu.net\/wordpress\/wp-content\/uploads\/2023\/10\/3\u00a9EchidiAlessandroSogne_camp_naz_agordo_2023_1.jpg 1200w\" sizes=\"auto, (max-width: 185px) 100vw, 185px\" \/><\/a>DI MARCO GAZ<\/strong><\/p>\n<p>OSPITE: Fernando Soccol<\/p>\n<audio class=\"wp-audio-shortcode\" id=\"audio-359042-13\" preload=\"none\" style=\"width: 100%;\" controls=\"controls\"><source type=\"audio\/mpeg\" src=\"https:\/\/www.radiopiu.net\/wordpress\/wp-content\/uploads\/2023\/10\/FERNANDO-SOCCOL-CAMPIONATI-NAZIONALI-CORSA-SU-STRADA-CSI.mp3?_=13\" \/><a href=\"https:\/\/www.radiopiu.net\/wordpress\/wp-content\/uploads\/2023\/10\/FERNANDO-SOCCOL-CAMPIONATI-NAZIONALI-CORSA-SU-STRADA-CSI.mp3\">https:\/\/www.radiopiu.net\/wordpress\/wp-content\/uploads\/2023\/10\/FERNANDO-SOCCOL-CAMPIONATI-NAZIONALI-CORSA-SU-STRADA-CSI.mp3<\/a><\/audio>\n<p>&nbsp;<\/p>\n<p>&nbsp;<\/p>\n<p><span style=\"color: #0000ff;\"><strong>CALCIO 5<\/strong><\/span><\/p>\n<h2><span style=\"color: #99cc00;\">GIESSE PER LO SPORT&#8230;CON LA CANOTTIERI BELLUNO CALCIO A 5<\/span><\/h2>\n<p><strong><a class=\"dt-pswp-item\" href=\"https:\/\/www.radiopiu.net\/wordpress\/wp-content\/uploads\/2023\/10\/CANOTTIERI.jpeg\" data-dt-img-description=\"\" data-large_image_width=\"1860\" data-large_image_height=\"1262\"><img loading=\"lazy\" decoding=\"async\" class=\" wp-image-359046 alignleft\" src=\"https:\/\/www.radiopiu.net\/wordpress\/wp-content\/uploads\/2023\/10\/CANOTTIERI-300x204.jpeg\" alt=\"\" width=\"165\" height=\"112\" srcset=\"https:\/\/www.radiopiu.net\/wordpress\/wp-content\/uploads\/2023\/10\/CANOTTIERI-300x204.jpeg 300w, https:\/\/www.radiopiu.net\/wordpress\/wp-content\/uploads\/2023\/10\/CANOTTIERI-1024x695.jpeg 1024w, https:\/\/www.radiopiu.net\/wordpress\/wp-content\/uploads\/2023\/10\/CANOTTIERI-768x521.jpeg 768w, https:\/\/www.radiopiu.net\/wordpress\/wp-content\/uploads\/2023\/10\/CANOTTIERI-1536x1042.jpeg 1536w, https:\/\/www.radiopiu.net\/wordpress\/wp-content\/uploads\/2023\/10\/CANOTTIERI.jpeg 1860w\" sizes=\"auto, (max-width: 165px) 100vw, 165px\" \/><\/a>PUNTATA 02 &#8211; 30 OTTOBRE 2023<\/strong><\/p>\n<p><span style=\"color: #0000ff;\"><strong>TERZA GIORNATA SERIE A2 &#8211; GIRONE A<\/strong><\/span><\/p>\n<p><strong>CANOTTIERI BELLUNO \u2013 OLYMPIA ROVERETO 2-1<\/strong><\/p>\n<p>Reti: st 3.56 Dos Santos, 15.03 Thyago, 17.47 Dall\u2019\u00d2<\/p>\n<p><strong>AUDIO<\/strong><\/p>\n<audio class=\"wp-audio-shortcode\" id=\"audio-359042-14\" preload=\"none\" style=\"width: 100%;\" controls=\"controls\"><source type=\"audio\/mpeg\" src=\"https:\/\/www.radiopiu.net\/wordpress\/wp-content\/uploads\/2023\/10\/GIESSECALCIO-1.mp3?_=14\" \/><a href=\"https:\/\/www.radiopiu.net\/wordpress\/wp-content\/uploads\/2023\/10\/GIESSECALCIO-1.mp3\">https:\/\/www.radiopiu.net\/wordpress\/wp-content\/uploads\/2023\/10\/GIESSECALCIO-1.mp3<\/a><\/audio>\n<p><strong>LA RACCOLTA COMPLETA <a href=\"https:\/\/www.radiopiu.net\/wordpress\/giesse-per-lo-sport-con-la-canottieri-belluno-calcio-a-5\/\">CLICCA QUI<\/a><\/strong><\/p>\n<p>&nbsp;<\/p>\n<hr \/>\n<p>&nbsp;<\/p>\n<\/div>\n","protected":false},"excerpt":{"rendered":"<p>40esimo di RADIOPIU\u2026. LA VOCE DELL\u2019EMOZIONE ISCRIVITI AL NOSTRO CANALE\u00a0\u00a0YOUTUBE PER SEGUIRE IN DIRETTA I PRINCIPALI PROGRAMMI DI RADIO PIU\u2019 E LE FUTURE DIRETTE IN ESTERNA. PER ISCRIVERTI CLICCA QUI\u00a0E PREMI\u00a0 \u201cIscriviti\u201d\u00a0\u00a0 \u00a0 A COL MARGHERITA&#8230;. NEVICA &nbsp; &nbsp; Impalcatura in pericolo sotto il ponte di Masare in arrivo i pompieri per valutare &nbsp; ORE&hellip;<\/p>\n","protected":false},"author":4,"featured_media":359191,"comment_status":"closed","ping_status":"closed","sticky":false,"template":"","format":"standard","meta":{"_monsterinsights_skip_tracking":false,"_monsterinsights_sitenote_active":false,"_monsterinsights_sitenote_note":"","_monsterinsights_sitenote_category":0,"footnotes":""},"categories":[104,86,49],"tags":[],"class_list":["post-359042","post","type-post","status-publish","format-standard","has-post-thumbnail","hentry","category-evidenza_3","category-gr","category-news-18","category-104","category-86","category-49","description-off"],"img_url":"https:\/\/www.radiopiu.net\/wordpress\/wp-content\/uploads\/2023\/10\/396716220_726310199538966_9028815659040701076_n.jpg","_links":{"self":[{"href":"https:\/\/www.radiopiu.net\/wordpress\/wp-json\/wp\/v2\/posts\/359042","targetHints":{"allow":["GET"]}}],"collection":[{"href":"https:\/\/www.radiopiu.net\/wordpress\/wp-json\/wp\/v2\/posts"}],"about":[{"href":"https:\/\/www.radiopiu.net\/wordpress\/wp-json\/wp\/v2\/types\/post"}],"author":[{"embeddable":true,"href":"https:\/\/www.radiopiu.net\/wordpress\/wp-json\/wp\/v2\/users\/4"}],"replies":[{"embeddable":true,"href":"https:\/\/www.radiopiu.net\/wordpress\/wp-json\/wp\/v2\/comments?post=359042"}],"version-history":[{"count":0,"href":"https:\/\/www.radiopiu.net\/wordpress\/wp-json\/wp\/v2\/posts\/359042\/revisions"}],"wp:featuredmedia":[{"embeddable":true,"href":"https:\/\/www.radiopiu.net\/wordpress\/wp-json\/wp\/v2\/media\/359191"}],"wp:attachment":[{"href":"https:\/\/www.radiopiu.net\/wordpress\/wp-json\/wp\/v2\/media?parent=359042"}],"wp:term":[{"taxonomy":"category","embeddable":true,"href":"https:\/\/www.radiopiu.net\/wordpress\/wp-json\/wp\/v2\/categories?post=359042"},{"taxonomy":"post_tag","embeddable":true,"href":"https:\/\/www.radiopiu.net\/wordpress\/wp-json\/wp\/v2\/tags?post=359042"}],"curies":[{"name":"wp","href":"https:\/\/api.w.org\/{rel}","templated":true}]}}