{"id":359134,"date":"2023-10-31T05:25:55","date_gmt":"2023-10-31T04:25:55","guid":{"rendered":"https:\/\/www.radiopiu.net\/wordpress\/?p=359134"},"modified":"2023-10-31T06:24:08","modified_gmt":"2023-10-31T05:24:08","slug":"lo-sciopero-nazionale-dellispettorato-nazionale-del-lavoro","status":"publish","type":"post","link":"https:\/\/www.radiopiu.net\/wordpress\/lo-sciopero-nazionale-dellispettorato-nazionale-del-lavoro\/","title":{"rendered":"LO SCIOPERO NAZIONALE DELL&#8217;ISPETTORATO NAZIONALE DEL LAVORO"},"content":{"rendered":"<p><strong><a class=\"dt-pswp-item\" href=\"https:\/\/www.radiopiu.net\/wordpress\/wp-content\/uploads\/2023\/10\/Senza-nome-91.png\" data-dt-img-description=\"\" data-large_image_width=\"331\" data-large_image_height=\"289\"><img loading=\"lazy\" decoding=\"async\" class=\" wp-image-359135 alignleft\" src=\"https:\/\/www.radiopiu.net\/wordpress\/wp-content\/uploads\/2023\/10\/Senza-nome-91-300x262.png\" alt=\"\" width=\"147\" height=\"128\" srcset=\"https:\/\/www.radiopiu.net\/wordpress\/wp-content\/uploads\/2023\/10\/Senza-nome-91-300x262.png 300w, https:\/\/www.radiopiu.net\/wordpress\/wp-content\/uploads\/2023\/10\/Senza-nome-91.png 331w\" sizes=\"auto, (max-width: 147px) 100vw, 147px\" \/><\/a>BELLUNO<\/strong>\u00a0 Il 30 ottobre l&#8217;Ispettorato Nazionale del Lavoro ha tenuto il suo terzo sciopero in pochi mesi, continuando una vertenza a tutti i livelli. Le principali questioni affrontate includono organici notevolmente ridotti, che rendono difficile l&#8217;attivit\u00e0 ispettiva, l&#8217;irrisolta questione dell&#8217;Indennit\u00e0 di amministrazione, richieste di maggiore autonomia per le sedi periferiche, l&#8217;uso di proventi di sanzioni per migliorare le attivit\u00e0 e la necessit\u00e0 di una piena informatizzazione degli uffici. Nell&#8217;Ispettorato di Belluno, nove dei quindici dipendenti in servizio hanno scioperato, dimostrando un&#8217;importante percentuale di adesione. La vertenza include anche azioni legali per quanto riguarda l&#8217;indennit\u00e0 di amministrazione. Sia Fp-CGIL che CISL-Fp esprimono soddisfazione per il segnale lanciato dai lavoratori. Andrea Fiocco (fp Cgil) e Angelo Costanza (fp Cisl) concludono<em> &#8221; il personale che, ad oggi, ancora non \u00e8 stato compensato per quanto riguarda la indennit\u00e0 di amministrazione, \u00e8 in vertenza anche per via legale, seguito in questo dai <\/em><em>legali delle strutture centrali dei sindacati&#8221;<\/em><\/p>\n<p><strong>ANDREA FIOCCO FUNZIONE PUBBLICA CGIL\u00a0<\/strong><\/p>\n<audio class=\"wp-audio-shortcode\" id=\"audio-359134-1\" preload=\"none\" style=\"width: 100%;\" controls=\"controls\"><source type=\"audio\/mpeg\" src=\"https:\/\/www.radiopiu.net\/wordpress\/wp-content\/uploads\/2023\/10\/FIOCCO.mp3?_=1\" \/><a href=\"https:\/\/www.radiopiu.net\/wordpress\/wp-content\/uploads\/2023\/10\/FIOCCO.mp3\">https:\/\/www.radiopiu.net\/wordpress\/wp-content\/uploads\/2023\/10\/FIOCCO.mp3<\/a><\/audio>\n<p>&nbsp;<\/p>\n<p>&nbsp;<\/p>\n<hr \/>\n<p>&nbsp;<\/p>\n","protected":false},"excerpt":{"rendered":"<p>BELLUNO\u00a0 Il 30 ottobre l&#8217;Ispettorato Nazionale del Lavoro ha tenuto il suo terzo sciopero in pochi mesi, continuando una vertenza a tutti i livelli. Le principali questioni affrontate includono organici notevolmente ridotti, che rendono difficile l&#8217;attivit\u00e0 ispettiva, l&#8217;irrisolta questione dell&#8217;Indennit\u00e0 di amministrazione, richieste di maggiore autonomia per le sedi periferiche, l&#8217;uso di proventi di sanzioni&hellip;<\/p>\n","protected":false},"author":4,"featured_media":359135,"comment_status":"closed","ping_status":"closed","sticky":false,"template":"","format":"standard","meta":{"_monsterinsights_skip_tracking":false,"_monsterinsights_sitenote_active":false,"_monsterinsights_sitenote_note":"","_monsterinsights_sitenote_category":0,"footnotes":""},"categories":[104,49],"tags":[],"class_list":["post-359134","post","type-post","status-publish","format-standard","has-post-thumbnail","hentry","category-evidenza_3","category-news-18","category-104","category-49","description-off"],"img_url":"https:\/\/www.radiopiu.net\/wordpress\/wp-content\/uploads\/2023\/10\/Senza-nome-91.png","_links":{"self":[{"href":"https:\/\/www.radiopiu.net\/wordpress\/wp-json\/wp\/v2\/posts\/359134","targetHints":{"allow":["GET"]}}],"collection":[{"href":"https:\/\/www.radiopiu.net\/wordpress\/wp-json\/wp\/v2\/posts"}],"about":[{"href":"https:\/\/www.radiopiu.net\/wordpress\/wp-json\/wp\/v2\/types\/post"}],"author":[{"embeddable":true,"href":"https:\/\/www.radiopiu.net\/wordpress\/wp-json\/wp\/v2\/users\/4"}],"replies":[{"embeddable":true,"href":"https:\/\/www.radiopiu.net\/wordpress\/wp-json\/wp\/v2\/comments?post=359134"}],"version-history":[{"count":0,"href":"https:\/\/www.radiopiu.net\/wordpress\/wp-json\/wp\/v2\/posts\/359134\/revisions"}],"wp:featuredmedia":[{"embeddable":true,"href":"https:\/\/www.radiopiu.net\/wordpress\/wp-json\/wp\/v2\/media\/359135"}],"wp:attachment":[{"href":"https:\/\/www.radiopiu.net\/wordpress\/wp-json\/wp\/v2\/media?parent=359134"}],"wp:term":[{"taxonomy":"category","embeddable":true,"href":"https:\/\/www.radiopiu.net\/wordpress\/wp-json\/wp\/v2\/categories?post=359134"},{"taxonomy":"post_tag","embeddable":true,"href":"https:\/\/www.radiopiu.net\/wordpress\/wp-json\/wp\/v2\/tags?post=359134"}],"curies":[{"name":"wp","href":"https:\/\/api.w.org\/{rel}","templated":true}]}}